{"id":14483,"date":"2026-01-30T18:17:22","date_gmt":"2026-01-30T17:17:22","guid":{"rendered":"https:\/\/www.tablaosflamencos.com\/?p=14483"},"modified":"2026-09-04T18:41:12","modified_gmt":"2026-09-04T16:41:12","slug":"centro-flamenco-sevilla-treffpunkt-flamenco","status":"publish","type":"post","link":"https:\/\/www.tablaosflamencos.com\/de\/centro-flamenco-sevilla-treffpunkt-flamenco.html","title":{"rendered":"Als das Centro Flamenco de Sevilla ein Treffpunkt der Flamenco-Szene der Stadt war"},"content":{"rendered":"<section class=\"l-section wpb_row height_huge\"><div class=\"l-section-h i-cf\"><div class=\"g-cols vc_row via_flex valign_top type_default stacking_default\"><div class=\"vc_col-sm-6 wpb_column vc_column_container\"><div class=\"vc_column-inner\"><div class=\"wpb_wrapper\"><div class=\"wpb_text_column\"><div class=\"wpb_wrapper\"><h2>Als das Centro Flamenco de Sevilla ein Treffpunkt der Flamenco-Szene der Stadt war<\/h2>\n<p>Etwas mehr als zwei Jahre lang gab es in der Calle Francos 33, nur wenige Minuten von der Kathedrale und der Giralda entfernt, einen kleinen Saal, der einen ganz besonderen Platz im Flamenco-\u00d6kosystem Sevillas einnahm. Das <strong>Centro Flamenco de Sevilla<\/strong> er\u00f6ffnete 2022 als intimer Ort, an dem man Gesang, Tanz und Gitarre aus n\u00e4chster N\u00e4he erleben konnte. Mit der Zeit wurde es jedoch zu etwas, das sich schwerer messen l\u00e4sst: <strong>zu einem Treffpunkt f\u00fcr K\u00fcnstler, Branchenprofis, Aficionados und Besucher, die durch dieselbe Leidenschaft und denselben Austausch rund um den Flamenco verbunden waren<\/strong>.<\/p>\n<p>Seine geringe Gr\u00f6\u00dfe war eines seiner pr\u00e4gendsten Merkmale. In den st\u00e4dtischen Tourismusunterlagen wurde es mit <strong>32 Pl\u00e4tzen<\/strong> und t\u00e4glichen Vorstellungen um 18:00 und 20:00 Uhr gef\u00fchrt. Im Inneren setzte das k\u00fcnstlerische Konzept auf einen anderen Ma\u00dfstab: echte N\u00e4he, akustische Darbietung und eine unmittelbare Beziehung zwischen B\u00fchne und Publikum.<\/p>\n<p>Diese N\u00e4he sorgte daf\u00fcr, dass sich viele Vorstellungen nicht wie eine aus der Distanz beobachtete Auff\u00fchrung anf\u00fchlten, sondern wie ein gemeinsames Erlebnis. Und wenn die letzte Vorstellung endete, begann h\u00e4ufig ein anderer Teil des Lebens im Centro: jener, der in keinem Programm stand.<\/p>\n<\/div><\/div><\/div><\/div><\/div><div class=\"vc_col-sm-6 wpb_column vc_column_container\"><div class=\"vc_column-inner\"><div class=\"wpb_wrapper\"><div class=\"w-image us_custom_8ec565b2 has_aspect_ratio align_center\"><div class=\"w-image-h\"><img fetchpriority=\"high\" decoding=\"async\" width=\"1024\" height=\"665\" src=\"https:\/\/www.tablaosflamencos.com\/wp-content\/uploads\/centro-flamenco-de-sevilla-01-21-1024x665.webp\" class=\"attachment-large size-large\" alt=\"Centro Flamenco de Sevilla\" loading=\"eager\" srcset=\"https:\/\/www.tablaosflamencos.com\/wp-content\/uploads\/centro-flamenco-de-sevilla-01-21-1024x665.webp 1024w, https:\/\/www.tablaosflamencos.com\/wp-content\/uploads\/centro-flamenco-de-sevilla-01-21-300x195.webp 300w, https:\/\/www.tablaosflamencos.com\/wp-content\/uploads\/centro-flamenco-de-sevilla-01-21-1536x997.webp 1536w, https:\/\/www.tablaosflamencos.com\/wp-content\/uploads\/centro-flamenco-de-sevilla-01-21-600x389.webp 600w, https:\/\/www.tablaosflamencos.com\/wp-content\/uploads\/centro-flamenco-de-sevilla-01-21-150x97.webp 150w, https:\/\/www.tablaosflamencos.com\/wp-content\/uploads\/centro-flamenco-de-sevilla-01-21.webp 1920w\" sizes=\"auto, (max-width: 1024px) 100vw, 1024px\" \/><\/div><\/div><\/div><\/div><\/div><\/div><\/div><\/section><section class=\"l-section wpb_row height_huge\"><div class=\"l-section-h i-cf\"><div class=\"g-cols vc_row via_flex valign_top type_default stacking_default\"><div class=\"vc_col-sm-6 wpb_column vc_column_container\"><div class=\"vc_column-inner\"><div class=\"wpb_wrapper\"><div class=\"w-image us_custom_89826a5b has_aspect_ratio align_center\"><div class=\"w-image-h\"><img decoding=\"async\" width=\"1024\" height=\"683\" src=\"https:\/\/www.tablaosflamencos.com\/wp-content\/uploads\/centro-flamenco-de-sevilla-01-42-1024x683.webp\" class=\"attachment-large size-large\" alt=\"Centro Flamenco de Sevilla\" loading=\"eager\" srcset=\"https:\/\/www.tablaosflamencos.com\/wp-content\/uploads\/centro-flamenco-de-sevilla-01-42-1024x683.webp 1024w, https:\/\/www.tablaosflamencos.com\/wp-content\/uploads\/centro-flamenco-de-sevilla-01-42-300x200.webp 300w, https:\/\/www.tablaosflamencos.com\/wp-content\/uploads\/centro-flamenco-de-sevilla-01-42-1536x1024.webp 1536w, https:\/\/www.tablaosflamencos.com\/wp-content\/uploads\/centro-flamenco-de-sevilla-01-42-600x400.webp 600w, https:\/\/www.tablaosflamencos.com\/wp-content\/uploads\/centro-flamenco-de-sevilla-01-42-150x100.webp 150w, https:\/\/www.tablaosflamencos.com\/wp-content\/uploads\/centro-flamenco-de-sevilla-01-42.webp 1920w\" sizes=\"auto, (max-width: 1024px) 100vw, 1024px\" \/><\/div><\/div><\/div><\/div><\/div><div class=\"vc_col-sm-6 wpb_column vc_column_container\"><div class=\"vc_column-inner\"><div class=\"wpb_wrapper\"><div class=\"wpb_text_column\"><div class=\"wpb_wrapper\"><h3>Ein kleiner Saal mit viel Leben drumherum<\/h3>\n<ul>\n<li><strong>Gr\u00fcndung:<\/strong> 2022.<\/li>\n<li><strong>Lage:<\/strong> C\/ Francos 33, mitten im historischen Zentrum.<\/li>\n<li><strong>Kapazit\u00e4t:<\/strong> 32 Personen laut den Tourismusunterlagen von Sevilla.<\/li>\n<li><strong>Format:<\/strong> intimer, akustischer Saal, ohne dass eine Verst\u00e4rkung n\u00f6tig war, um das Erlebnis zu tragen.<\/li>\n<li><strong>Leitung:<\/strong> gegr\u00fcndet und geleitet von Miguel Ortiz, verantwortlich f\u00fcr die allgemeine und k\u00fcnstlerische Leitung.<\/li>\n<li><strong>Zeitraum:<\/strong> etwas mehr als zwei Jahre T\u00e4tigkeit bis zur Schlie\u00dfung aufgrund st\u00e4dtebaulicher Fragen, die die R\u00e4umlichkeiten betrafen.<\/li>\n<li><strong>Identit\u00e4t:<\/strong> das Miteinander etablierter K\u00fcnstler und junger, vielversprechender Interpreten.<\/li>\n<\/ul>\n<p><strong>Mehr als ein Tablao:<\/strong> Der Wert des Ortes lag nicht nur in dem, was w\u00e4hrend der einst\u00fcndigen Vorstellung geschah, sondern auch in den beruflichen und menschlichen Beziehungen, die sich vor und nach jedem Auftritt entwickelten.<\/p>\n<\/div><\/div><\/div><\/div><\/div><\/div><\/div><\/section><section class=\"l-section wpb_row height_huge\"><div class=\"l-section-h i-cf\"><div class=\"g-cols vc_row via_flex valign_top type_default stacking_default\"><div class=\"vc_col-sm-12 wpb_column vc_column_container\"><div class=\"vc_column-inner\"><div class=\"wpb_wrapper\"><div class=\"w-grid us_post_list type_grid layout_gallery_default cols_5 preload_style_spinner items_have_ratio\" id=\"us_post_list_v794\" style=\"--columns:5;--gap:0.5rem;--img-aspect-ratio:1\/1;--item-aspect-ratio:1\/1;\"><style>@media (max-width:1024px){#us_post_list_v794{--columns:2!important}}@media (max-width:600px){#us_post_list_v794{--columns:1!important}}.layout_gallery_default .w-grid-item-h{}<\/style><div class=\"w-grid-list\">\t<article class=\"w-grid-item size_1x1 post-14446 attachment type-attachment status-inherit hentry\" data-id=\"14446\">\r\n\t\t<div class=\"w-grid-item-h\">\r\n\t\t\t\t\t\t\t<a ref=\"magnificPopupList\" data-alt=\"Centro Flamenco de Sevilla\" href=\"https:\/\/www.tablaosflamencos.com\/wp-content\/uploads\/centro-flamenco-de-sevilla-01-39.webp\" class=\"w-grid-item-anchor\" aria-label=\"Centro Flamenco de Sevilla\"><\/a>\r\n\t\t\t\t\t\t<div class=\"w-post-elm post_image usg_post_image_1 stretched\"><img decoding=\"async\" width=\"600\" height=\"400\" src=\"https:\/\/www.tablaosflamencos.com\/wp-content\/uploads\/centro-flamenco-de-sevilla-01-39-600x400.webp\" class=\"attachment-us_600_600 size-us_600_600\" alt=\"Centro Flamenco de Sevilla\" srcset=\"https:\/\/www.tablaosflamencos.com\/wp-content\/uploads\/centro-flamenco-de-sevilla-01-39-600x400.webp 600w, https:\/\/www.tablaosflamencos.com\/wp-content\/uploads\/centro-flamenco-de-sevilla-01-39-300x200.webp 300w, https:\/\/www.tablaosflamencos.com\/wp-content\/uploads\/centro-flamenco-de-sevilla-01-39-1024x683.webp 1024w, https:\/\/www.tablaosflamencos.com\/wp-content\/uploads\/centro-flamenco-de-sevilla-01-39-1536x1024.webp 1536w, https:\/\/www.tablaosflamencos.com\/wp-content\/uploads\/centro-flamenco-de-sevilla-01-39-150x100.webp 150w, https:\/\/www.tablaosflamencos.com\/wp-content\/uploads\/centro-flamenco-de-sevilla-01-39.webp 1920w\" sizes=\"(max-width: 600px) 100vw, 600px\" loading=\"eager\" \/><\/div>\t\t<\/div>\r\n\t\t\t<\/article>\r\n\t<article class=\"w-grid-item size_1x1 post-14457 attachment type-attachment status-inherit hentry\" data-id=\"14457\">\r\n\t\t<div class=\"w-grid-item-h\">\r\n\t\t\t\t\t\t\t<a ref=\"magnificPopupList\" data-alt=\"Centro Flamenco de Sevilla\" href=\"https:\/\/www.tablaosflamencos.com\/wp-content\/uploads\/centro-flamenco-de-sevilla-01-50.webp\" class=\"w-grid-item-anchor\" aria-label=\"Centro Flamenco de Sevilla\"><\/a>\r\n\t\t\t\t\t\t<div class=\"w-post-elm post_image usg_post_image_1 stretched\"><img decoding=\"async\" width=\"400\" height=\"600\" src=\"https:\/\/www.tablaosflamencos.com\/wp-content\/uploads\/centro-flamenco-de-sevilla-01-50-400x600.webp\" class=\"attachment-us_600_600 size-us_600_600\" alt=\"Centro Flamenco de Sevilla\" srcset=\"https:\/\/www.tablaosflamencos.com\/wp-content\/uploads\/centro-flamenco-de-sevilla-01-50-400x600.webp 400w, https:\/\/www.tablaosflamencos.com\/wp-content\/uploads\/centro-flamenco-de-sevilla-01-50-200x300.webp 200w, https:\/\/www.tablaosflamencos.com\/wp-content\/uploads\/centro-flamenco-de-sevilla-01-50-683x1024.webp 683w, https:\/\/www.tablaosflamencos.com\/wp-content\/uploads\/centro-flamenco-de-sevilla-01-50-1025x1536.webp 1025w, https:\/\/www.tablaosflamencos.com\/wp-content\/uploads\/centro-flamenco-de-sevilla-01-50-100x150.webp 100w, https:\/\/www.tablaosflamencos.com\/wp-content\/uploads\/centro-flamenco-de-sevilla-01-50.webp 1281w\" sizes=\"(max-width: 400px) 100vw, 400px\" loading=\"eager\" \/><\/div>\t\t<\/div>\r\n\t\t\t<\/article>\r\n\t<article class=\"w-grid-item size_1x1 post-14466 attachment type-attachment status-inherit hentry\" data-id=\"14466\">\r\n\t\t<div class=\"w-grid-item-h\">\r\n\t\t\t\t\t\t\t<a ref=\"magnificPopupList\" data-alt=\"Centro Flamenco de Sevilla\" href=\"https:\/\/www.tablaosflamencos.com\/wp-content\/uploads\/centro-flamenco-de-sevilla-01-59.webp\" class=\"w-grid-item-anchor\" aria-label=\"Centro Flamenco de Sevilla\"><\/a>\r\n\t\t\t\t\t\t<div class=\"w-post-elm post_image usg_post_image_1 stretched\"><img decoding=\"async\" width=\"600\" height=\"400\" src=\"https:\/\/www.tablaosflamencos.com\/wp-content\/uploads\/centro-flamenco-de-sevilla-01-59-600x400.webp\" class=\"attachment-us_600_600 size-us_600_600\" alt=\"Centro Flamenco de Sevilla\" srcset=\"https:\/\/www.tablaosflamencos.com\/wp-content\/uploads\/centro-flamenco-de-sevilla-01-59-600x400.webp 600w, https:\/\/www.tablaosflamencos.com\/wp-content\/uploads\/centro-flamenco-de-sevilla-01-59-300x200.webp 300w, https:\/\/www.tablaosflamencos.com\/wp-content\/uploads\/centro-flamenco-de-sevilla-01-59-1024x683.webp 1024w, https:\/\/www.tablaosflamencos.com\/wp-content\/uploads\/centro-flamenco-de-sevilla-01-59-1536x1024.webp 1536w, https:\/\/www.tablaosflamencos.com\/wp-content\/uploads\/centro-flamenco-de-sevilla-01-59-150x100.webp 150w, https:\/\/www.tablaosflamencos.com\/wp-content\/uploads\/centro-flamenco-de-sevilla-01-59.webp 1920w\" sizes=\"(max-width: 600px) 100vw, 600px\" loading=\"eager\" \/><\/div>\t\t<\/div>\r\n\t\t\t<\/article>\r\n\t<article class=\"w-grid-item size_1x1 post-14408 attachment type-attachment status-inherit hentry\" data-id=\"14408\">\r\n\t\t<div class=\"w-grid-item-h\">\r\n\t\t\t\t\t\t\t<a ref=\"magnificPopupList\" data-alt=\"Centro Flamenco de Sevilla\" href=\"https:\/\/www.tablaosflamencos.com\/wp-content\/uploads\/centro-flamenco-de-sevilla-01-1.webp\" class=\"w-grid-item-anchor\" aria-label=\"Centro Flamenco de Sevilla\"><\/a>\r\n\t\t\t\t\t\t<div class=\"w-post-elm post_image usg_post_image_1 stretched\"><img decoding=\"async\" width=\"600\" height=\"400\" src=\"https:\/\/www.tablaosflamencos.com\/wp-content\/uploads\/centro-flamenco-de-sevilla-01-1-600x400.webp\" class=\"attachment-us_600_600 size-us_600_600\" alt=\"Centro Flamenco de Sevilla\" srcset=\"https:\/\/www.tablaosflamencos.com\/wp-content\/uploads\/centro-flamenco-de-sevilla-01-1-600x400.webp 600w, https:\/\/www.tablaosflamencos.com\/wp-content\/uploads\/centro-flamenco-de-sevilla-01-1-300x200.webp 300w, https:\/\/www.tablaosflamencos.com\/wp-content\/uploads\/centro-flamenco-de-sevilla-01-1-1024x683.webp 1024w, https:\/\/www.tablaosflamencos.com\/wp-content\/uploads\/centro-flamenco-de-sevilla-01-1-1536x1024.webp 1536w, https:\/\/www.tablaosflamencos.com\/wp-content\/uploads\/centro-flamenco-de-sevilla-01-1-150x100.webp 150w, https:\/\/www.tablaosflamencos.com\/wp-content\/uploads\/centro-flamenco-de-sevilla-01-1.webp 1920w\" sizes=\"(max-width: 600px) 100vw, 600px\" loading=\"eager\" \/><\/div>\t\t<\/div>\r\n\t\t\t<\/article>\r\n\t<article class=\"w-grid-item size_1x1 post-14437 attachment type-attachment status-inherit hentry\" data-id=\"14437\">\r\n\t\t<div class=\"w-grid-item-h\">\r\n\t\t\t\t\t\t\t<a ref=\"magnificPopupList\" data-alt=\"Centro Flamenco de Sevilla\" href=\"https:\/\/www.tablaosflamencos.com\/wp-content\/uploads\/centro-flamenco-de-sevilla-01-30.webp\" class=\"w-grid-item-anchor\" aria-label=\"Centro Flamenco de Sevilla\"><\/a>\r\n\t\t\t\t\t\t<div class=\"w-post-elm post_image usg_post_image_1 stretched\"><img decoding=\"async\" width=\"400\" height=\"600\" src=\"https:\/\/www.tablaosflamencos.com\/wp-content\/uploads\/centro-flamenco-de-sevilla-01-30-400x600.webp\" class=\"attachment-us_600_600 size-us_600_600\" alt=\"Centro Flamenco de Sevilla\" srcset=\"https:\/\/www.tablaosflamencos.com\/wp-content\/uploads\/centro-flamenco-de-sevilla-01-30-400x600.webp 400w, https:\/\/www.tablaosflamencos.com\/wp-content\/uploads\/centro-flamenco-de-sevilla-01-30-200x300.webp 200w, https:\/\/www.tablaosflamencos.com\/wp-content\/uploads\/centro-flamenco-de-sevilla-01-30-683x1024.webp 683w, https:\/\/www.tablaosflamencos.com\/wp-content\/uploads\/centro-flamenco-de-sevilla-01-30-1024x1536.webp 1024w, https:\/\/www.tablaosflamencos.com\/wp-content\/uploads\/centro-flamenco-de-sevilla-01-30-100x150.webp 100w, https:\/\/www.tablaosflamencos.com\/wp-content\/uploads\/centro-flamenco-de-sevilla-01-30.webp 1280w\" sizes=\"(max-width: 400px) 100vw, 400px\" loading=\"eager\" \/><\/div>\t\t<\/div>\r\n\t\t\t<\/article>\r\n\t<article class=\"w-grid-item size_1x1 post-14450 attachment type-attachment status-inherit hentry\" data-id=\"14450\">\r\n\t\t<div class=\"w-grid-item-h\">\r\n\t\t\t\t\t\t\t<a ref=\"magnificPopupList\" data-alt=\"Centro Flamenco de Sevilla\" href=\"https:\/\/www.tablaosflamencos.com\/wp-content\/uploads\/centro-flamenco-de-sevilla-01-43.webp\" class=\"w-grid-item-anchor\" aria-label=\"Centro Flamenco de Sevilla\"><\/a>\r\n\t\t\t\t\t\t<div class=\"w-post-elm post_image usg_post_image_1 stretched\"><img decoding=\"async\" width=\"600\" height=\"400\" src=\"https:\/\/www.tablaosflamencos.com\/wp-content\/uploads\/centro-flamenco-de-sevilla-01-43-600x400.webp\" class=\"attachment-us_600_600 size-us_600_600\" alt=\"Centro Flamenco de Sevilla\" srcset=\"https:\/\/www.tablaosflamencos.com\/wp-content\/uploads\/centro-flamenco-de-sevilla-01-43-600x400.webp 600w, https:\/\/www.tablaosflamencos.com\/wp-content\/uploads\/centro-flamenco-de-sevilla-01-43-300x200.webp 300w, https:\/\/www.tablaosflamencos.com\/wp-content\/uploads\/centro-flamenco-de-sevilla-01-43-1024x683.webp 1024w, https:\/\/www.tablaosflamencos.com\/wp-content\/uploads\/centro-flamenco-de-sevilla-01-43-1536x1024.webp 1536w, https:\/\/www.tablaosflamencos.com\/wp-content\/uploads\/centro-flamenco-de-sevilla-01-43-150x100.webp 150w, https:\/\/www.tablaosflamencos.com\/wp-content\/uploads\/centro-flamenco-de-sevilla-01-43.webp 1920w\" sizes=\"(max-width: 600px) 100vw, 600px\" loading=\"eager\" \/><\/div>\t\t<\/div>\r\n\t\t\t<\/article>\r\n\t<article class=\"w-grid-item size_1x1 post-14455 attachment type-attachment status-inherit hentry\" data-id=\"14455\">\r\n\t\t<div class=\"w-grid-item-h\">\r\n\t\t\t\t\t\t\t<a ref=\"magnificPopupList\" data-alt=\"Centro Flamenco de Sevilla\" href=\"https:\/\/www.tablaosflamencos.com\/wp-content\/uploads\/centro-flamenco-de-sevilla-01-48.webp\" class=\"w-grid-item-anchor\" aria-label=\"Centro Flamenco de Sevilla\"><\/a>\r\n\t\t\t\t\t\t<div class=\"w-post-elm post_image usg_post_image_1 stretched\"><img decoding=\"async\" width=\"400\" height=\"600\" src=\"https:\/\/www.tablaosflamencos.com\/wp-content\/uploads\/centro-flamenco-de-sevilla-01-48-400x600.webp\" class=\"attachment-us_600_600 size-us_600_600\" alt=\"Centro Flamenco de Sevilla\" srcset=\"https:\/\/www.tablaosflamencos.com\/wp-content\/uploads\/centro-flamenco-de-sevilla-01-48-400x600.webp 400w, https:\/\/www.tablaosflamencos.com\/wp-content\/uploads\/centro-flamenco-de-sevilla-01-48-200x300.webp 200w, https:\/\/www.tablaosflamencos.com\/wp-content\/uploads\/centro-flamenco-de-sevilla-01-48-683x1024.webp 683w, https:\/\/www.tablaosflamencos.com\/wp-content\/uploads\/centro-flamenco-de-sevilla-01-48-1025x1536.webp 1025w, https:\/\/www.tablaosflamencos.com\/wp-content\/uploads\/centro-flamenco-de-sevilla-01-48-100x150.webp 100w, https:\/\/www.tablaosflamencos.com\/wp-content\/uploads\/centro-flamenco-de-sevilla-01-48.webp 1281w\" sizes=\"(max-width: 400px) 100vw, 400px\" loading=\"eager\" \/><\/div>\t\t<\/div>\r\n\t\t\t<\/article>\r\n\t<article class=\"w-grid-item size_1x1 post-14410 attachment type-attachment status-inherit hentry\" data-id=\"14410\">\r\n\t\t<div class=\"w-grid-item-h\">\r\n\t\t\t\t\t\t\t<a ref=\"magnificPopupList\" data-alt=\"Centro Flamenco de Sevilla\" href=\"https:\/\/www.tablaosflamencos.com\/wp-content\/uploads\/centro-flamenco-de-sevilla-01-3.webp\" class=\"w-grid-item-anchor\" aria-label=\"Centro Flamenco de Sevilla\"><\/a>\r\n\t\t\t\t\t\t<div class=\"w-post-elm post_image usg_post_image_1 stretched\"><img decoding=\"async\" width=\"600\" height=\"400\" src=\"https:\/\/www.tablaosflamencos.com\/wp-content\/uploads\/centro-flamenco-de-sevilla-01-3-600x400.webp\" class=\"attachment-us_600_600 size-us_600_600\" alt=\"Centro Flamenco de Sevilla\" srcset=\"https:\/\/www.tablaosflamencos.com\/wp-content\/uploads\/centro-flamenco-de-sevilla-01-3-600x400.webp 600w, https:\/\/www.tablaosflamencos.com\/wp-content\/uploads\/centro-flamenco-de-sevilla-01-3-300x200.webp 300w, https:\/\/www.tablaosflamencos.com\/wp-content\/uploads\/centro-flamenco-de-sevilla-01-3-1024x683.webp 1024w, https:\/\/www.tablaosflamencos.com\/wp-content\/uploads\/centro-flamenco-de-sevilla-01-3-1536x1024.webp 1536w, https:\/\/www.tablaosflamencos.com\/wp-content\/uploads\/centro-flamenco-de-sevilla-01-3-150x100.webp 150w, https:\/\/www.tablaosflamencos.com\/wp-content\/uploads\/centro-flamenco-de-sevilla-01-3.webp 1920w\" sizes=\"(max-width: 600px) 100vw, 600px\" loading=\"eager\" \/><\/div>\t\t<\/div>\r\n\t\t\t<\/article>\r\n\t<article class=\"w-grid-item size_1x1 post-14432 attachment type-attachment status-inherit hentry\" data-id=\"14432\">\r\n\t\t<div class=\"w-grid-item-h\">\r\n\t\t\t\t\t\t\t<a ref=\"magnificPopupList\" data-alt=\"Centro Flamenco de Sevilla\" href=\"https:\/\/www.tablaosflamencos.com\/wp-content\/uploads\/centro-flamenco-de-sevilla-01-25.webp\" class=\"w-grid-item-anchor\" aria-label=\"Centro Flamenco de Sevilla\"><\/a>\r\n\t\t\t\t\t\t<div class=\"w-post-elm post_image usg_post_image_1 stretched\"><img decoding=\"async\" width=\"600\" height=\"400\" src=\"https:\/\/www.tablaosflamencos.com\/wp-content\/uploads\/centro-flamenco-de-sevilla-01-25-600x400.webp\" class=\"attachment-us_600_600 size-us_600_600\" alt=\"Centro Flamenco de Sevilla\" srcset=\"https:\/\/www.tablaosflamencos.com\/wp-content\/uploads\/centro-flamenco-de-sevilla-01-25-600x400.webp 600w, https:\/\/www.tablaosflamencos.com\/wp-content\/uploads\/centro-flamenco-de-sevilla-01-25-300x200.webp 300w, https:\/\/www.tablaosflamencos.com\/wp-content\/uploads\/centro-flamenco-de-sevilla-01-25-1024x683.webp 1024w, https:\/\/www.tablaosflamencos.com\/wp-content\/uploads\/centro-flamenco-de-sevilla-01-25-1536x1024.webp 1536w, https:\/\/www.tablaosflamencos.com\/wp-content\/uploads\/centro-flamenco-de-sevilla-01-25-150x100.webp 150w, https:\/\/www.tablaosflamencos.com\/wp-content\/uploads\/centro-flamenco-de-sevilla-01-25.webp 1920w\" sizes=\"(max-width: 600px) 100vw, 600px\" loading=\"eager\" \/><\/div>\t\t<\/div>\r\n\t\t\t<\/article>\r\n\t<article class=\"w-grid-item size_1x1 post-14461 attachment type-attachment status-inherit hentry\" data-id=\"14461\">\r\n\t\t<div class=\"w-grid-item-h\">\r\n\t\t\t\t\t\t\t<a ref=\"magnificPopupList\" data-alt=\"Centro Flamenco de Sevilla\" href=\"https:\/\/www.tablaosflamencos.com\/wp-content\/uploads\/centro-flamenco-de-sevilla-01-54.webp\" class=\"w-grid-item-anchor\" aria-label=\"Centro Flamenco de Sevilla\"><\/a>\r\n\t\t\t\t\t\t<div class=\"w-post-elm post_image usg_post_image_1 stretched\"><img decoding=\"async\" width=\"400\" height=\"600\" src=\"https:\/\/www.tablaosflamencos.com\/wp-content\/uploads\/centro-flamenco-de-sevilla-01-54-400x600.webp\" class=\"attachment-us_600_600 size-us_600_600\" alt=\"Centro Flamenco de Sevilla\" srcset=\"https:\/\/www.tablaosflamencos.com\/wp-content\/uploads\/centro-flamenco-de-sevilla-01-54-400x600.webp 400w, https:\/\/www.tablaosflamencos.com\/wp-content\/uploads\/centro-flamenco-de-sevilla-01-54-200x300.webp 200w, https:\/\/www.tablaosflamencos.com\/wp-content\/uploads\/centro-flamenco-de-sevilla-01-54-683x1024.webp 683w, https:\/\/www.tablaosflamencos.com\/wp-content\/uploads\/centro-flamenco-de-sevilla-01-54-1025x1536.webp 1025w, https:\/\/www.tablaosflamencos.com\/wp-content\/uploads\/centro-flamenco-de-sevilla-01-54-100x150.webp 100w, https:\/\/www.tablaosflamencos.com\/wp-content\/uploads\/centro-flamenco-de-sevilla-01-54.webp 1281w\" sizes=\"(max-width: 400px) 100vw, 400px\" loading=\"eager\" \/><\/div>\t\t<\/div>\r\n\t\t\t<\/article>\r\n<\/div><div class=\"g-preloader type_1\"><div><\/div><\/div><div class=\"w-grid-list-json hidden\" onclick='return {&quot;max_num_pages&quot;:0,&quot;paginationBase&quot;:&quot;page&quot;,&quot;pagination&quot;:&quot;none&quot;,&quot;paged&quot;:1,&quot;ajaxData&quot;:{&quot;action&quot;:&quot;us_ajax_post_list&quot;,&quot;meta_type&quot;:&quot;post&quot;,&quot;object_id&quot;:0,&quot;template_vars&quot;:{&quot;shortcode_base&quot;:&quot;us_post_list&quot;,&quot;paged&quot;:1,&quot;max_num_pages&quot;:0,&quot;no_results&quot;:false,&quot;us_post_content_design_css&quot;:[],&quot;found_posts&quot;:0,&quot;per_page&quot;:10,&quot;items_count&quot;:10,&quot;orderby_random_seed&quot;:421816301,&quot;source&quot;:&quot;media&quot;,&quot;custom_field_name&quot;:&quot;&quot;,&quot;ids&quot;:&quot;&quot;,&quot;post_type&quot;:&quot;post&quot;,&quot;attachment_ids&quot;:&quot;14473,14472,14471,14470,14469,14468,14467,14466,14465,14464,14463,14462,14461,14460,14459,14458,14457,14456,14455,14454,14453,14452,14451,14450,14449,14448,14447,14446,14445,14444,14443,14442,14441,14440,14439,14438,14437,14436,14435,14434,14433,14432,14431,14430,14429,14428,14427,14426,14425,14424,14423,14422,14421,14420,14419,14418,14417,14416,14415,14414,14413,14412,14411,14410,14409,14408,14407&quot;,&quot;include_post_thumbnail&quot;:0,&quot;post_author&quot;:&quot;any&quot;,&quot;post_author_ids&quot;:&quot;&quot;,&quot;apply_url_params&quot;:0,&quot;ignore_sticky_posts&quot;:1,&quot;exclude_children&quot;:0,&quot;exclude_current_post&quot;:1,&quot;exclude_prev_posts&quot;:0,&quot;exclude_past_events&quot;:0,&quot;enable_items_offset&quot;:0,&quot;items_offset&quot;:&quot;1&quot;,&quot;tax_query_relation&quot;:&quot;none&quot;,&quot;tax_query&quot;:[{&quot;operator&quot;:&quot;IN&quot;,&quot;taxonomy&quot;:&quot;category&quot;,&quot;terms&quot;:&quot;&quot;,&quot;include_children&quot;:0}],&quot;meta_query_relation&quot;:&quot;none&quot;,&quot;meta_query&quot;:[{&quot;key&quot;:&quot;custom_field_name&quot;,&quot;compare&quot;:&quot;=&quot;,&quot;value&quot;:&quot;&quot;}],&quot;orderby&quot;:&quot;rand&quot;,&quot;orderby_custom_field&quot;:&quot;&quot;,&quot;orderby_custom_type&quot;:0,&quot;order_invert&quot;:0,&quot;show_all&quot;:0,&quot;quantity&quot;:&quot;10&quot;,&quot;posts_per_archive_page&quot;:0,&quot;no_items_action&quot;:&quot;message&quot;,&quot;no_items_message&quot;:&quot;Es wurden keine Ergebnisse gefunden.&quot;,&quot;no_items_page_block&quot;:&quot;&quot;,&quot;pagination&quot;:&quot;none&quot;,&quot;pagination_style&quot;:&quot;&quot;,&quot;pagination_btn_text&quot;:&quot;Mehr laden&quot;,&quot;pagination_btn_size&quot;:&quot;&quot;,&quot;pagination_btn_style&quot;:&quot;1&quot;,&quot;pagination_btn_fullwidth&quot;:0,&quot;items_layout&quot;:&quot;gallery_default&quot;,&quot;type&quot;:&quot;grid&quot;,&quot;items_valign&quot;:0,&quot;ignore_items_size&quot;:0,&quot;columns&quot;:&quot;5&quot;,&quot;items_gap&quot;:&quot;0.5rem&quot;,&quot;load_animation&quot;:&quot;none&quot;,&quot;items_preload_style&quot;:&quot;spinner&quot;,&quot;img_size&quot;:&quot;us_600_600&quot;,&quot;img_aspect_ratio&quot;:&quot;1\\\/1&quot;,&quot;title_size&quot;:&quot;&quot;,&quot;item_aspect_ratio&quot;:&quot;1\\\/1&quot;,&quot;overriding_link&quot;:&quot;%7B%22type%22%3A%22popup_image%22%7D&quot;,&quot;popup_page_template&quot;:&quot;0&quot;,&quot;popup_width&quot;:&quot;&quot;,&quot;popup_arrows&quot;:1,&quot;breakpoint_1_width&quot;:&quot;1381px&quot;,&quot;breakpoint_1_cols&quot;:&quot;default&quot;,&quot;breakpoint_1_quantity&quot;:&quot;&quot;,&quot;breakpoint_1_gap&quot;:&quot;&quot;,&quot;breakpoint_2_width&quot;:&quot;1025px&quot;,&quot;breakpoint_2_cols&quot;:&quot;2&quot;,&quot;breakpoint_2_quantity&quot;:&quot;&quot;,&quot;breakpoint_2_gap&quot;:&quot;&quot;,&quot;breakpoint_3_width&quot;:&quot;601px&quot;,&quot;breakpoint_3_cols&quot;:&quot;1&quot;,&quot;breakpoint_3_quantity&quot;:&quot;&quot;,&quot;breakpoint_3_gap&quot;:&quot;&quot;,&quot;conditions_operator&quot;:&quot;always&quot;,&quot;conditions&quot;:[],&quot;css&quot;:null,&quot;el_class&quot;:&quot;&quot;,&quot;el_id&quot;:&quot;&quot;,&quot;enable_custom_html_atts&quot;:0,&quot;custom_html_atts&quot;:null,&quot;hide_on_states&quot;:&quot;&quot;,&quot;hide_for_sticky&quot;:0,&quot;hide_for_not_sticky&quot;:0,&quot;hide_below&quot;:&quot;0px&quot;,&quot;hide_above&quot;:&quot;0px&quot;,&quot;items_ratio&quot;:&quot;&quot;,&quot;items_ratio_width&quot;:&quot;&quot;,&quot;items_ratio_height&quot;:&quot;&quot;,&quot;classes&quot;:&quot;&quot;},&quot;found_posts&quot;:0,&quot;per_page&quot;:10,&quot;orderby_random_seed&quot;:421816301},&quot;facetedFilter&quot;:[]}'><\/div><\/div><\/div><\/div><\/div><\/div><\/div><\/section><section class=\"l-section wpb_row height_huge color_alternate with_shape\"><div class=\"l-section-shape type_zigzag pos_top\" style=\"height:3vmin;\"><svg xmlns=\"http:\/\/www.w3.org\/2000\/svg\" viewBox=\"0 0 64 8\" preserveAspectRatio=\"none\" width=\"100%\" height=\"100%\">\r\n\t<path fill=\"currentColor\" d=\"M64 8 L0 8 L0 0 L20 7.9 L40 3 L48 5 L64 0 Z\"\/>\r\n<\/svg><\/div><div class=\"l-section-shape type_zigzag pos_bottom\" style=\"height:3vmin;\"><svg xmlns=\"http:\/\/www.w3.org\/2000\/svg\" viewBox=\"0 0 64 8\" preserveAspectRatio=\"none\" width=\"100%\" height=\"100%\">\r\n\t<path fill=\"currentColor\" d=\"M64 8 L0 8 L0 0 L20 7.9 L40 3 L48 5 L64 0 Z\"\/>\r\n<\/svg><\/div><div class=\"l-section-h i-cf\"><div class=\"g-cols vc_row via_flex valign_top type_default stacking_default\"><div class=\"vc_col-sm-6 wpb_column vc_column_container\"><div class=\"vc_column-inner\"><div class=\"wpb_wrapper\"><div class=\"wpb_text_column\"><div class=\"wpb_wrapper\"><blockquote>\n<p><strong>Kurzantwort:<\/strong> Zwischen 2022 und 2024 war das Centro Flamenco de Sevilla ein kleines Tablao in der C\/ Francos 33, das intime Vorstellungen mit einem intensiven beruflichen Leben rund um den Saal verband. Die geringe Kapazit\u00e4t, der akustische Charakter der Auftritte, das Miteinander verschiedener Generationen auf der B\u00fchne und die Gespr\u00e4che nach den Vorstellungen machten den Ort auch zu einem Treffpunkt f\u00fcr K\u00fcnstler und Flamenco-Profis.<\/p>\n<\/blockquote>\n<\/div><\/div><\/div><\/div><\/div><div class=\"vc_col-sm-6 wpb_column vc_column_container\"><div class=\"vc_column-inner\"><div class=\"wpb_wrapper\"><div class=\"wpb_text_column\"><div class=\"wpb_wrapper\"><h3>Was man vom Zuschauerplatz aus nicht sah<\/h3>\n<p>Das Publikum sah einen Saal mit 32 Pl\u00e4tzen und eine B\u00fchne in unmittelbarer N\u00e4he. Wer in der Branche arbeitete, kannte noch eine andere Dimension: K\u00fcnstler, die vor ihrem Auftritt ankamen, Kollegen aus anderen Tablaos, die auf einen Gru\u00df vorbeischauten, Musiker und T\u00e4nzer, die danach blieben, und Gespr\u00e4che \u00fcber Repertoires, kurzfristige Vertretungen, Tourneen, neue Projekte und Arbeitsm\u00f6glichkeiten.<\/p>\n<p>In einer Stadt mit einem so gro\u00dfen Flamenco-Angebot wurde dieser informelle Raum zu einem wesentlichen Bestandteil der Identit\u00e4t des Centro.<\/p>\n<\/div><\/div><\/div><\/div><\/div><\/div><\/div><\/section><section class=\"l-section wpb_row height_huge\"><div class=\"l-section-h i-cf\"><div class=\"g-cols vc_row via_flex valign_top type_default stacking_default\"><div class=\"vc_col-sm-6 wpb_column vc_column_container\"><div class=\"vc_column-inner\"><div class=\"wpb_wrapper\"><div class=\"wpb_text_column\"><div class=\"wpb_wrapper\"><h2>Inhalt dieser Geschichte<\/h2>\n<ul>\n<li><a href=\"#sala-intima\">Ein intimer Saal mitten im Zentrum<\/a><\/li>\n<li><a href=\"#escenario-generaciones\">Erfahrene und junge K\u00fcnstler gemeinsam auf der B\u00fchne<\/a><\/li>\n<li><a href=\"#despues-pase\">Wenn die Vorstellung endete, begann die Gespr\u00e4chsrunde<\/a><\/li>\n<li><a href=\"#punto-encuentro\">Ein Treffpunkt f\u00fcr die Branche<\/a><\/li>\n<li><a href=\"#gestion-digital\">Die unsichtbare Seite: Management und Digitalisierung<\/a><\/li>\n<li><a href=\"#cronologia-centro\">Chronologie des Centro Flamenco de Sevilla<\/a><\/li>\n<li><a href=\"#legado-centro\">Was nach der Schlie\u00dfung blieb<\/a><\/li>\n<li><a href=\"#faq-centro\">H\u00e4ufig gestellte Fragen<\/a><\/li>\n<\/ul>\n<\/div><\/div><\/div><\/div><\/div><div class=\"vc_col-sm-6 wpb_column vc_column_container\"><div class=\"vc_column-inner\"><div class=\"wpb_wrapper\"><div class=\"w-image us_custom_83db15f5 has_aspect_ratio align_center\"><div class=\"w-image-h\"><img decoding=\"async\" width=\"1024\" height=\"683\" src=\"https:\/\/www.tablaosflamencos.com\/wp-content\/uploads\/centro-flamenco-de-sevilla-01-4-1024x683.webp\" class=\"attachment-large size-large\" alt=\"Centro Flamenco de Sevilla\" loading=\"eager\" srcset=\"https:\/\/www.tablaosflamencos.com\/wp-content\/uploads\/centro-flamenco-de-sevilla-01-4-1024x683.webp 1024w, https:\/\/www.tablaosflamencos.com\/wp-content\/uploads\/centro-flamenco-de-sevilla-01-4-300x200.webp 300w, https:\/\/www.tablaosflamencos.com\/wp-content\/uploads\/centro-flamenco-de-sevilla-01-4-1536x1024.webp 1536w, https:\/\/www.tablaosflamencos.com\/wp-content\/uploads\/centro-flamenco-de-sevilla-01-4-600x400.webp 600w, https:\/\/www.tablaosflamencos.com\/wp-content\/uploads\/centro-flamenco-de-sevilla-01-4-150x100.webp 150w, https:\/\/www.tablaosflamencos.com\/wp-content\/uploads\/centro-flamenco-de-sevilla-01-4.webp 1920w\" sizes=\"auto, (max-width: 1024px) 100vw, 1024px\" \/><\/div><\/div><\/div><\/div><\/div><\/div><\/div><\/section><section class=\"l-section wpb_row height_huge\"><div class=\"l-section-h i-cf\"><div class=\"g-cols vc_row via_flex valign_top type_default stacking_default\"><div class=\"vc_col-sm-6 wpb_column vc_column_container\"><div class=\"vc_column-inner\"><div class=\"wpb_wrapper\"><div class=\"w-image us_custom_09d4d40b has_aspect_ratio align_center\"><div class=\"w-image-h\"><img decoding=\"async\" width=\"1024\" height=\"683\" src=\"https:\/\/www.tablaosflamencos.com\/wp-content\/uploads\/centro-flamenco-de-sevilla-01-61-1024x683.webp\" class=\"attachment-large size-large\" alt=\"Centro Flamenco de Sevilla\" loading=\"eager\" srcset=\"https:\/\/www.tablaosflamencos.com\/wp-content\/uploads\/centro-flamenco-de-sevilla-01-61-1024x683.webp 1024w, https:\/\/www.tablaosflamencos.com\/wp-content\/uploads\/centro-flamenco-de-sevilla-01-61-300x200.webp 300w, https:\/\/www.tablaosflamencos.com\/wp-content\/uploads\/centro-flamenco-de-sevilla-01-61-1536x1024.webp 1536w, https:\/\/www.tablaosflamencos.com\/wp-content\/uploads\/centro-flamenco-de-sevilla-01-61-600x400.webp 600w, https:\/\/www.tablaosflamencos.com\/wp-content\/uploads\/centro-flamenco-de-sevilla-01-61-150x100.webp 150w, https:\/\/www.tablaosflamencos.com\/wp-content\/uploads\/centro-flamenco-de-sevilla-01-61.webp 1920w\" sizes=\"auto, (max-width: 1024px) 100vw, 1024px\" \/><\/div><\/div><\/div><\/div><\/div><div class=\"vc_col-sm-6 wpb_column vc_column_container\"><div class=\"vc_column-inner\"><div class=\"wpb_wrapper\"><div class=\"wpb_text_column\"><div class=\"wpb_wrapper\"><h3>Ein Blick der Erinnerung, nicht der Nostalgie<\/h3>\n<p>Sich an das Centro Flamenco de Sevilla zu erinnern bedeutet nicht, einen Ort zu idealisieren, der heute nicht mehr so funktioniert wie damals. Interessant ist vielmehr zu betrachten, <strong>welche Bedingungen es erm\u00f6glichten, dass ein so kleiner Saal so viel Leben um sich herum erzeugte<\/strong>: N\u00e4he, k\u00fcnstlerische Kontinuit\u00e4t, das Miteinander verschiedener Generationen, eine pr\u00e4sente Leitung, Beziehungen zwischen Kollegen und ein Ma\u00dfstab, auf dem sich schlie\u00dflich fast alle kannten.<\/p>\n<p>Dieser Beitrag geh\u00f6rt zur j\u00fcngeren Erinnerung an den Flamenco in Sevilla und st\u00fctzt sich sowohl auf \u00f6ffentliche Dokumentation als auch auf die unmittelbare Erfahrung der Menschen, die an dem Projekt beteiligt waren.<\/p>\n<\/div><\/div><\/div><\/div><\/div><\/div><\/div><\/section><section class=\"l-section wpb_row height_huge color_alternate with_shape\"><div class=\"l-section-shape type_zigzag pos_top hor_flip\" style=\"height:3vmin;\"><svg xmlns=\"http:\/\/www.w3.org\/2000\/svg\" viewBox=\"0 0 64 8\" preserveAspectRatio=\"none\" width=\"100%\" height=\"100%\">\r\n\t<path fill=\"currentColor\" d=\"M64 8 L0 8 L0 0 L20 7.9 L40 3 L48 5 L64 0 Z\"\/>\r\n<\/svg><\/div><div class=\"l-section-shape type_zigzag pos_bottom\" style=\"height:3vmin;\"><svg xmlns=\"http:\/\/www.w3.org\/2000\/svg\" viewBox=\"0 0 64 8\" preserveAspectRatio=\"none\" width=\"100%\" height=\"100%\">\r\n\t<path fill=\"currentColor\" d=\"M64 8 L0 8 L0 0 L20 7.9 L40 3 L48 5 L64 0 Z\"\/>\r\n<\/svg><\/div><div class=\"l-section-h i-cf\"><div class=\"g-cols vc_row via_flex valign_top type_default stacking_default\"><div class=\"vc_col-sm-6 wpb_column vc_column_container\"><div class=\"vc_column-inner\"><div class=\"wpb_wrapper\"><div class=\"wpb_text_column\"><div class=\"wpb_wrapper\"><h2 id=\"sala-intima\">Ein intimer Saal mitten im Zentrum von Sevilla<\/h2>\n<p>Die Calle Francos ist eine jener Stra\u00dfen im historischen Zentrum, durch die t\u00e4glich Anwohner, Besucher und Besch\u00e4ftigte auf dem Weg zur Kathedrale, zur Alfalfa oder zur Plaza del Salvador gehen. Dort, in Nummer 33, befand sich das Centro Flamenco de Sevilla in einem kleinen Raum, der dazu zwang, die Vorstellung aus der N\u00e4he heraus zu denken.<\/p>\n<p>Mit nur 32 Pl\u00e4tzen gab es nicht genug Abstand, um etwas zu verbergen. Das Publikum konnte den Atem des S\u00e4ngers, den Anschlag der Gitarre, den nat\u00fcrlichen Klang der F\u00fc\u00dfe und die kleinen Gesten wahrnehmen, die in einem gro\u00dfen Theater leicht verloren gehen. Das Fehlen einer starken physischen Barriere zwischen K\u00fcnstlern und Zuschauern verst\u00e4rkte das Gef\u00fchl, mitten im Flamenco-Geschehen zu sein und nicht nur davor zu sitzen.<\/p>\n<p>Dieses Format kn\u00fcpfte an eine der historischen Qualit\u00e4ten vieler Flamenco-Orte an: <strong>die Intensit\u00e4t, die durch N\u00e4he entsteht<\/strong>. Mehr dazu finden Sie in unserem Artikel \u00fcber die <a href=\"https:\/\/www.tablaosflamencos.com\/cafes-cantantes-sevilla.html\"><strong>Caf\u00e9s Cantantes in Sevilla<\/strong><\/a>.<\/p>\n<\/div><\/div><\/div><\/div><\/div><div class=\"vc_col-sm-6 wpb_column vc_column_container\"><div class=\"vc_column-inner\"><div class=\"wpb_wrapper\"><div class=\"wpb_text_column\"><div class=\"wpb_wrapper\"><h3>Auch die Stille war Teil der Vorstellung<\/h3>\n<p>Ein kleiner Saal verlangt Aufmerksamkeit. Die Gitarre muss nicht gegen einen gro\u00dfen Raum anspielen, der Gesang kann mit Nuancen arbeiten und der Tanz wird nicht nur als Bild, sondern auch als Klang und k\u00f6rperliche Pr\u00e4senz wahrgenommen.<\/p>\n<p>Das akustische Konzept f\u00f6rderte dieses Zuh\u00f6ren. Statt die Vorstellung in eine distanzierte Produktion zu verwandeln, sollte jeder Auftritt die Spannung einer nahen Begegnung bewahren. Das ver\u00e4nderte auch das Verhalten des Publikums: Je n\u00e4her der K\u00fcnstler war, desto deutlicher wurde, dass Stille, Zuh\u00f6ren und die Reaktion des Saals Teil der Auff\u00fchrung waren.<\/p>\n<p>Die geringe Gr\u00f6\u00dfe war keine Einschr\u00e4nkung, die man verbergen musste. <strong>Sie war genau der Mechanismus, der das Erlebnis definierte.<\/strong><\/p>\n<\/div><\/div><\/div><\/div><\/div><\/div><\/div><\/section><section class=\"l-section wpb_row height_huge\"><div class=\"l-section-h i-cf\"><div class=\"g-cols vc_row via_flex valign_top type_default stacking_default\"><div class=\"vc_col-sm-6 wpb_column vc_column_container\"><div class=\"vc_column-inner\"><div class=\"wpb_wrapper\"><div class=\"wpb_text_column\"><div class=\"wpb_wrapper\"><h2 id=\"escenario-generaciones\">Erfahrene und junge K\u00fcnstler gemeinsam auf der B\u00fchne<\/h2>\n<p>Eine der Linien, die die k\u00fcnstlerische Leitung des Centro Flamenco de Sevilla pr\u00e4gten, war das Miteinander von Interpreten mit gefestigter Laufbahn und jungen K\u00fcnstlern, die begannen, sich professionell einen Platz zu erarbeiten.<\/p>\n<p>Jugend wurde nicht als paralleles oder minderwertiges Programm behandelt. Nachwuchsk\u00fcnstler konnten B\u00fchne, Garderobe und Arbeitsalltag mit erfahreneren K\u00fcnstlern teilen. Dieses Miteinander hatte einen Wert, der \u00fcber das Plakat hinausging: Man konnte Timing, Codes, B\u00fchnenerfahrung und Formen des Zusammenspiels von Gesang, Gitarre und Tanz beobachten, die sich kaum allein im Unterricht lernen lassen.<\/p>\n<p>F\u00fcr manche junge K\u00fcnstler bedeutete die regelm\u00e4\u00dfige Arbeit in einem professionellen Saal auch echte Verantwortung: vorbereitet erscheinen, sich an verschiedene Kollegen anpassen, jeden Tag das k\u00fcnstlerische Niveau halten und verstehen, dass ein Tablao aus der Verbindung von Spontaneit\u00e4t und Disziplin lebt.<\/p>\n<\/div><\/div><\/div><\/div><\/div><div class=\"vc_col-sm-6 wpb_column vc_column_container\"><div class=\"vc_column-inner\"><div class=\"wpb_wrapper\"><div class=\"wpb_text_column\"><div class=\"wpb_wrapper\"><h3>Das Tablao als Ort der Weitergabe<\/h3>\n<p>Flamenco wird auf viele Arten weitergegeben. Es gibt formalen Unterricht, Akademien, Konservatorien, Familien, Pe\u00f1as und Festivals. Doch das Tablao bewahrt eine andere Form des Lernens: <strong>die praktische Weitergabe unter Kollegen<\/strong>.<\/p>\n<p>Ein S\u00e4nger lernt, den K\u00f6rper des T\u00e4nzers zu lesen. Der Gitarrist versteht, wann er st\u00fctzen und wann er Raum \u00f6ffnen muss. Der T\u00e4nzer lernt zuzuh\u00f6ren, bevor er einsetzt. Und junge K\u00fcnstler entdecken, dass jeder Kollege eine andere Reaktion verlangt.<\/p>\n<p>Im Centro Flamenco de Sevilla war diese Weitergabe besonders sichtbar, weil die geringe Gr\u00f6\u00dfe des Saals daf\u00fcr sorgte, dass alles sehr nah beieinander lag: B\u00fchne, Garderobe, Warten und Gespr\u00e4ch geh\u00f6rten zum selben Umfeld.<\/p>\n<\/div><\/div><\/div><\/div><\/div><\/div><\/div><\/section><section class=\"l-section wpb_row height_huge color_alternate with_shape\"><div class=\"l-section-shape type_zigzag pos_top\" style=\"height:3vmin;\"><svg xmlns=\"http:\/\/www.w3.org\/2000\/svg\" viewBox=\"0 0 64 8\" preserveAspectRatio=\"none\" width=\"100%\" height=\"100%\">\r\n\t<path fill=\"currentColor\" d=\"M64 8 L0 8 L0 0 L20 7.9 L40 3 L48 5 L64 0 Z\"\/>\r\n<\/svg><\/div><div class=\"l-section-shape type_zigzag pos_bottom\" style=\"height:3vmin;\"><svg xmlns=\"http:\/\/www.w3.org\/2000\/svg\" viewBox=\"0 0 64 8\" preserveAspectRatio=\"none\" width=\"100%\" height=\"100%\">\r\n\t<path fill=\"currentColor\" d=\"M64 8 L0 8 L0 0 L20 7.9 L40 3 L48 5 L64 0 Z\"\/>\r\n<\/svg><\/div><div class=\"l-section-h i-cf\"><div class=\"g-cols vc_row via_flex valign_top type_default stacking_default\"><div class=\"vc_col-sm-6 wpb_column vc_column_container\"><div class=\"vc_column-inner\"><div class=\"wpb_wrapper\"><div class=\"wpb_text_column\"><div class=\"wpb_wrapper\"><h2 id=\"despues-pase\">Wenn die Vorstellung endete, begann ein anderer Teil der Nacht<\/h2>\n<p>Das Bild, das am besten erkl\u00e4rt, warum das Centro zum Treffpunkt wurde, stammt nicht unbedingt aus einer Auff\u00fchrung. Sehr oft zeigt es sich <strong>nach der letzten Vorstellung<\/strong>.<\/p>\n<p>Wenn das Publikum gegangen und der kommerzielle Betrieb beendet war, war es nicht ungew\u00f6hnlich, dass K\u00fcnstler aus dem eigenen Ensemble, Kollegen aus anderen Tablaos, Freunde und Branchenprofis blieben und miteinander sprachen. Diese Gespr\u00e4che konnten bis weit in die Nacht dauern.<\/p>\n<p>F\u00fcr diese Stunden gab es kein Programm. Es war weder eine Veranstaltung noch eine angek\u00fcndigte Aktivit\u00e4t. Gerade deshalb hatte es seinen Wert: Es war eine organische Beziehung zwischen Menschen, die Beruf, Sorgen und ein Leben rund um den Flamenco teilten.<\/p>\n<\/div><\/div><\/div><\/div><\/div><div class=\"vc_col-sm-6 wpb_column vc_column_container\"><div class=\"vc_column-inner\"><div class=\"wpb_wrapper\"><div class=\"wpb_text_column\"><div class=\"wpb_wrapper\"><h3>Die Gespr\u00e4chsrunden, die in keinem Programm standen<\/h3>\n<blockquote>\n<p>Ein Tablao kann seine T\u00fcren f\u00fcr das Publikum schlie\u00dfen und trotzdem voller Flamenco bleiben. Manchmal begann der wichtigste Teil der Nacht erst, wenn keine Tickets mehr zu verkaufen waren.<\/p>\n<\/blockquote>\n<p>In diesen Gespr\u00e4chen ging es um K\u00fcnstler, Repertoires, wer wo arbeitete, Tourneen, neue S\u00e4le, Projekte, die noch gar nicht existierten, und die allt\u00e4glichen Probleme des Berufs. Manchmal ging es auch einfach nur darum, Zeit miteinander zu verbringen.<\/p>\n<p>Diese menschliche Komponente erkl\u00e4rt besser als jede Zahl, warum ein Saal mit 32 Pl\u00e4tzen einen Einfluss auf Beziehungen haben konnte, der weit \u00fcber seine Kapazit\u00e4t hinausging.<\/p>\n<\/div><\/div><\/div><\/div><\/div><\/div><\/div><\/section><section class=\"l-section wpb_row height_huge\"><div class=\"l-section-h i-cf\"><div class=\"g-cols vc_row via_flex valign_top type_default stacking_default\"><div class=\"vc_col-sm-6 wpb_column vc_column_container\"><div class=\"vc_column-inner\"><div class=\"wpb_wrapper\"><div class=\"wpb_text_column\"><div class=\"wpb_wrapper\"><h2 id=\"punto-encuentro\">Ein Treffpunkt f\u00fcr K\u00fcnstler und Flamenco-Profis<\/h2>\n<p>Sevilla verf\u00fcgt \u00fcber zahlreiche R\u00e4ume, Schulen, Pe\u00f1as, Tablaos, Theater und Festivals. Doch nicht alle erzeugen dieselbe Art von Beziehung zwischen den Menschen, die dort arbeiten.<\/p>\n<p>Das Centro Flamenco de Sevilla empfing schlie\u00dflich nicht nur seine eigenen K\u00fcnstler und sein Publikum. Auch Kollegen aus anderen Tablaos kamen vorbei, ebenso Fachleute aus Produktion und Vertrieb, gastierende K\u00fcnstler und Menschen, die rund um die Flamenco-Aktivit\u00e4ten der Stadt arbeiteten.<\/p>\n<p>Die zentrale Lage half. Entscheidend war jedoch, wie einfach es war, hereinzukommen, eine Weile zu bleiben, Kollegen zu treffen und schlie\u00dflich Teil eines Gespr\u00e4chs zu werden, das nie geplant gewesen war.<\/p>\n<\/div><\/div><\/div><\/div><\/div><div class=\"vc_col-sm-6 wpb_column vc_column_container\"><div class=\"vc_column-inner\"><div class=\"wpb_wrapper\"><div class=\"wpb_text_column\"><div class=\"wpb_wrapper\"><h3>Ein professionelles Netzwerk im kleinen Ma\u00dfstab<\/h3>\n<p>Auch Kulturbereiche funktionieren \u00fcber informelle Netzwerke. Eine kurzfristige Vertretung, eine Empfehlung, eine Zusammenarbeit oder eine Chance kann aus einem scheinbar beil\u00e4ufigen Gespr\u00e4ch entstehen.<\/p>\n<p>W\u00e4hrend seiner aktiven Zeit funktionierte das Centro Flamenco de Sevilla als einer dieser Knotenpunkte: <strong>ein Raum, in dem sich k\u00fcnstlerische und berufliche Beziehungen st\u00e4ndig \u00fcberschnitten<\/strong>.<\/p>\n<p>Um zu verstehen, wie das heutige Flamenco-Angebot der Stadt aufgebaut ist, l\u00e4sst sich dieser historische Blick mit unserem Leitfaden dar\u00fcber verbinden, <a href=\"https:\/\/www.tablaosflamencos.com\/donde-ver-flamenco-autentico-sevilla.html\"><strong>wie man eine authentische Flamenco-Show in Sevilla ausw\u00e4hlt<\/strong><\/a>.<\/p>\n<\/div><\/div><\/div><\/div><\/div><\/div><\/div><\/section><section class=\"l-section wpb_row height_huge\"><div class=\"l-section-h i-cf\"><div class=\"g-cols vc_row via_flex valign_top type_default stacking_default\"><div class=\"vc_col-sm-12 wpb_column vc_column_container\"><div class=\"vc_column-inner\"><div class=\"wpb_wrapper\"><div class=\"w-grid us_post_list type_grid layout_gallery_default cols_5 preload_style_spinner items_have_ratio\" id=\"us_post_list_bd7f\" style=\"--columns:5;--gap:0.5rem;--img-aspect-ratio:1\/1;--item-aspect-ratio:1\/1;\"><style>@media (max-width:1024px){#us_post_list_bd7f{--columns:2!important}}@media (max-width:600px){#us_post_list_bd7f{--columns:1!important}}<\/style><div class=\"w-grid-list\">\t<article class=\"w-grid-item size_1x1 post-14444 attachment type-attachment status-inherit hentry\" data-id=\"14444\">\r\n\t\t<div class=\"w-grid-item-h\">\r\n\t\t\t\t\t\t\t<a ref=\"magnificPopupList\" data-alt=\"Centro Flamenco de Sevilla\" href=\"https:\/\/www.tablaosflamencos.com\/wp-content\/uploads\/centro-flamenco-de-sevilla-01-37.webp\" class=\"w-grid-item-anchor\" aria-label=\"Centro Flamenco de Sevilla\"><\/a>\r\n\t\t\t\t\t\t<div class=\"w-post-elm post_image usg_post_image_1 stretched\"><img decoding=\"async\" width=\"600\" height=\"400\" src=\"https:\/\/www.tablaosflamencos.com\/wp-content\/uploads\/centro-flamenco-de-sevilla-01-37-600x400.webp\" class=\"attachment-us_600_600 size-us_600_600\" alt=\"Centro Flamenco de Sevilla\" srcset=\"https:\/\/www.tablaosflamencos.com\/wp-content\/uploads\/centro-flamenco-de-sevilla-01-37-600x400.webp 600w, https:\/\/www.tablaosflamencos.com\/wp-content\/uploads\/centro-flamenco-de-sevilla-01-37-300x200.webp 300w, https:\/\/www.tablaosflamencos.com\/wp-content\/uploads\/centro-flamenco-de-sevilla-01-37-1024x683.webp 1024w, https:\/\/www.tablaosflamencos.com\/wp-content\/uploads\/centro-flamenco-de-sevilla-01-37-1536x1024.webp 1536w, https:\/\/www.tablaosflamencos.com\/wp-content\/uploads\/centro-flamenco-de-sevilla-01-37-150x100.webp 150w, https:\/\/www.tablaosflamencos.com\/wp-content\/uploads\/centro-flamenco-de-sevilla-01-37.webp 1920w\" sizes=\"(max-width: 600px) 100vw, 600px\" loading=\"eager\" \/><\/div>\t\t<\/div>\r\n\t\t\t<\/article>\r\n\t<article class=\"w-grid-item size_1x1 post-14430 attachment type-attachment status-inherit hentry\" data-id=\"14430\">\r\n\t\t<div class=\"w-grid-item-h\">\r\n\t\t\t\t\t\t\t<a ref=\"magnificPopupList\" data-alt=\"Centro Flamenco de Sevilla\" href=\"https:\/\/www.tablaosflamencos.com\/wp-content\/uploads\/centro-flamenco-de-sevilla-01-23.webp\" class=\"w-grid-item-anchor\" aria-label=\"Centro Flamenco de Sevilla\"><\/a>\r\n\t\t\t\t\t\t<div class=\"w-post-elm post_image usg_post_image_1 stretched\"><img decoding=\"async\" width=\"600\" height=\"400\" src=\"https:\/\/www.tablaosflamencos.com\/wp-content\/uploads\/centro-flamenco-de-sevilla-01-23-600x400.webp\" class=\"attachment-us_600_600 size-us_600_600\" alt=\"Centro Flamenco de Sevilla\" srcset=\"https:\/\/www.tablaosflamencos.com\/wp-content\/uploads\/centro-flamenco-de-sevilla-01-23-600x400.webp 600w, https:\/\/www.tablaosflamencos.com\/wp-content\/uploads\/centro-flamenco-de-sevilla-01-23-300x200.webp 300w, https:\/\/www.tablaosflamencos.com\/wp-content\/uploads\/centro-flamenco-de-sevilla-01-23-1024x683.webp 1024w, https:\/\/www.tablaosflamencos.com\/wp-content\/uploads\/centro-flamenco-de-sevilla-01-23-1536x1024.webp 1536w, https:\/\/www.tablaosflamencos.com\/wp-content\/uploads\/centro-flamenco-de-sevilla-01-23-150x100.webp 150w, https:\/\/www.tablaosflamencos.com\/wp-content\/uploads\/centro-flamenco-de-sevilla-01-23.webp 1920w\" sizes=\"(max-width: 600px) 100vw, 600px\" loading=\"eager\" \/><\/div>\t\t<\/div>\r\n\t\t\t<\/article>\r\n\t<article class=\"w-grid-item size_1x1 post-14424 attachment type-attachment status-inherit hentry\" data-id=\"14424\">\r\n\t\t<div class=\"w-grid-item-h\">\r\n\t\t\t\t\t\t\t<a ref=\"magnificPopupList\" data-alt=\"Centro Flamenco de Sevilla\" href=\"https:\/\/www.tablaosflamencos.com\/wp-content\/uploads\/centro-flamenco-de-sevilla-01-17.webp\" class=\"w-grid-item-anchor\" aria-label=\"Centro Flamenco de Sevilla\"><\/a>\r\n\t\t\t\t\t\t<div class=\"w-post-elm post_image usg_post_image_1 stretched\"><img decoding=\"async\" width=\"600\" height=\"400\" src=\"https:\/\/www.tablaosflamencos.com\/wp-content\/uploads\/centro-flamenco-de-sevilla-01-17-600x400.webp\" class=\"attachment-us_600_600 size-us_600_600\" alt=\"Centro Flamenco de Sevilla\" srcset=\"https:\/\/www.tablaosflamencos.com\/wp-content\/uploads\/centro-flamenco-de-sevilla-01-17-600x400.webp 600w, https:\/\/www.tablaosflamencos.com\/wp-content\/uploads\/centro-flamenco-de-sevilla-01-17-300x200.webp 300w, https:\/\/www.tablaosflamencos.com\/wp-content\/uploads\/centro-flamenco-de-sevilla-01-17-1024x683.webp 1024w, https:\/\/www.tablaosflamencos.com\/wp-content\/uploads\/centro-flamenco-de-sevilla-01-17-1536x1024.webp 1536w, https:\/\/www.tablaosflamencos.com\/wp-content\/uploads\/centro-flamenco-de-sevilla-01-17-150x100.webp 150w, https:\/\/www.tablaosflamencos.com\/wp-content\/uploads\/centro-flamenco-de-sevilla-01-17.webp 1920w\" sizes=\"(max-width: 600px) 100vw, 600px\" loading=\"eager\" \/><\/div>\t\t<\/div>\r\n\t\t\t<\/article>\r\n\t<article class=\"w-grid-item size_1x1 post-14453 attachment type-attachment status-inherit hentry\" data-id=\"14453\">\r\n\t\t<div class=\"w-grid-item-h\">\r\n\t\t\t\t\t\t\t<a ref=\"magnificPopupList\" data-alt=\"Centro Flamenco de Sevilla\" href=\"https:\/\/www.tablaosflamencos.com\/wp-content\/uploads\/centro-flamenco-de-sevilla-01-46.webp\" class=\"w-grid-item-anchor\" aria-label=\"Centro Flamenco de Sevilla\"><\/a>\r\n\t\t\t\t\t\t<div class=\"w-post-elm post_image usg_post_image_1 stretched\"><img decoding=\"async\" width=\"600\" height=\"400\" src=\"https:\/\/www.tablaosflamencos.com\/wp-content\/uploads\/centro-flamenco-de-sevilla-01-46-600x400.webp\" class=\"attachment-us_600_600 size-us_600_600\" alt=\"Centro Flamenco de Sevilla\" srcset=\"https:\/\/www.tablaosflamencos.com\/wp-content\/uploads\/centro-flamenco-de-sevilla-01-46-600x400.webp 600w, https:\/\/www.tablaosflamencos.com\/wp-content\/uploads\/centro-flamenco-de-sevilla-01-46-300x200.webp 300w, https:\/\/www.tablaosflamencos.com\/wp-content\/uploads\/centro-flamenco-de-sevilla-01-46-1024x683.webp 1024w, https:\/\/www.tablaosflamencos.com\/wp-content\/uploads\/centro-flamenco-de-sevilla-01-46-1536x1024.webp 1536w, https:\/\/www.tablaosflamencos.com\/wp-content\/uploads\/centro-flamenco-de-sevilla-01-46-150x100.webp 150w, https:\/\/www.tablaosflamencos.com\/wp-content\/uploads\/centro-flamenco-de-sevilla-01-46.webp 1920w\" sizes=\"(max-width: 600px) 100vw, 600px\" loading=\"eager\" \/><\/div>\t\t<\/div>\r\n\t\t\t<\/article>\r\n\t<article class=\"w-grid-item size_1x1 post-14463 attachment type-attachment status-inherit hentry\" data-id=\"14463\">\r\n\t\t<div class=\"w-grid-item-h\">\r\n\t\t\t\t\t\t\t<a ref=\"magnificPopupList\" data-alt=\"Centro Flamenco de Sevilla\" href=\"https:\/\/www.tablaosflamencos.com\/wp-content\/uploads\/centro-flamenco-de-sevilla-01-56.webp\" class=\"w-grid-item-anchor\" aria-label=\"Centro Flamenco de Sevilla\"><\/a>\r\n\t\t\t\t\t\t<div class=\"w-post-elm post_image usg_post_image_1 stretched\"><img decoding=\"async\" width=\"400\" height=\"600\" src=\"https:\/\/www.tablaosflamencos.com\/wp-content\/uploads\/centro-flamenco-de-sevilla-01-56-400x600.webp\" class=\"attachment-us_600_600 size-us_600_600\" alt=\"Centro Flamenco de Sevilla\" srcset=\"https:\/\/www.tablaosflamencos.com\/wp-content\/uploads\/centro-flamenco-de-sevilla-01-56-400x600.webp 400w, https:\/\/www.tablaosflamencos.com\/wp-content\/uploads\/centro-flamenco-de-sevilla-01-56-200x300.webp 200w, https:\/\/www.tablaosflamencos.com\/wp-content\/uploads\/centro-flamenco-de-sevilla-01-56-683x1024.webp 683w, https:\/\/www.tablaosflamencos.com\/wp-content\/uploads\/centro-flamenco-de-sevilla-01-56-1025x1536.webp 1025w, https:\/\/www.tablaosflamencos.com\/wp-content\/uploads\/centro-flamenco-de-sevilla-01-56-100x150.webp 100w, https:\/\/www.tablaosflamencos.com\/wp-content\/uploads\/centro-flamenco-de-sevilla-01-56.webp 1281w\" sizes=\"(max-width: 400px) 100vw, 400px\" loading=\"eager\" \/><\/div>\t\t<\/div>\r\n\t\t\t<\/article>\r\n\t<article class=\"w-grid-item size_1x1 post-14438 attachment type-attachment status-inherit hentry\" data-id=\"14438\">\r\n\t\t<div class=\"w-grid-item-h\">\r\n\t\t\t\t\t\t\t<a ref=\"magnificPopupList\" data-alt=\"Centro Flamenco de Sevilla\" href=\"https:\/\/www.tablaosflamencos.com\/wp-content\/uploads\/centro-flamenco-de-sevilla-01-31.webp\" class=\"w-grid-item-anchor\" aria-label=\"Centro Flamenco de Sevilla\"><\/a>\r\n\t\t\t\t\t\t<div class=\"w-post-elm post_image usg_post_image_1 stretched\"><img decoding=\"async\" width=\"600\" height=\"400\" src=\"https:\/\/www.tablaosflamencos.com\/wp-content\/uploads\/centro-flamenco-de-sevilla-01-31-600x400.webp\" class=\"attachment-us_600_600 size-us_600_600\" alt=\"Centro Flamenco de Sevilla\" srcset=\"https:\/\/www.tablaosflamencos.com\/wp-content\/uploads\/centro-flamenco-de-sevilla-01-31-600x400.webp 600w, https:\/\/www.tablaosflamencos.com\/wp-content\/uploads\/centro-flamenco-de-sevilla-01-31-300x200.webp 300w, https:\/\/www.tablaosflamencos.com\/wp-content\/uploads\/centro-flamenco-de-sevilla-01-31-1024x683.webp 1024w, https:\/\/www.tablaosflamencos.com\/wp-content\/uploads\/centro-flamenco-de-sevilla-01-31-1536x1024.webp 1536w, https:\/\/www.tablaosflamencos.com\/wp-content\/uploads\/centro-flamenco-de-sevilla-01-31-150x100.webp 150w, https:\/\/www.tablaosflamencos.com\/wp-content\/uploads\/centro-flamenco-de-sevilla-01-31.webp 1920w\" sizes=\"(max-width: 600px) 100vw, 600px\" loading=\"eager\" \/><\/div>\t\t<\/div>\r\n\t\t\t<\/article>\r\n\t<article class=\"w-grid-item size_1x1 post-14441 attachment type-attachment status-inherit hentry\" data-id=\"14441\">\r\n\t\t<div class=\"w-grid-item-h\">\r\n\t\t\t\t\t\t\t<a ref=\"magnificPopupList\" data-alt=\"Centro Flamenco de Sevilla\" href=\"https:\/\/www.tablaosflamencos.com\/wp-content\/uploads\/centro-flamenco-de-sevilla-01-34.webp\" class=\"w-grid-item-anchor\" aria-label=\"Centro Flamenco de Sevilla\"><\/a>\r\n\t\t\t\t\t\t<div class=\"w-post-elm post_image usg_post_image_1 stretched\"><img decoding=\"async\" width=\"600\" height=\"400\" src=\"https:\/\/www.tablaosflamencos.com\/wp-content\/uploads\/centro-flamenco-de-sevilla-01-34-600x400.webp\" class=\"attachment-us_600_600 size-us_600_600\" alt=\"Centro Flamenco de Sevilla\" srcset=\"https:\/\/www.tablaosflamencos.com\/wp-content\/uploads\/centro-flamenco-de-sevilla-01-34-600x400.webp 600w, https:\/\/www.tablaosflamencos.com\/wp-content\/uploads\/centro-flamenco-de-sevilla-01-34-300x200.webp 300w, https:\/\/www.tablaosflamencos.com\/wp-content\/uploads\/centro-flamenco-de-sevilla-01-34-1024x683.webp 1024w, https:\/\/www.tablaosflamencos.com\/wp-content\/uploads\/centro-flamenco-de-sevilla-01-34-1536x1024.webp 1536w, https:\/\/www.tablaosflamencos.com\/wp-content\/uploads\/centro-flamenco-de-sevilla-01-34-150x100.webp 150w, https:\/\/www.tablaosflamencos.com\/wp-content\/uploads\/centro-flamenco-de-sevilla-01-34.webp 1920w\" sizes=\"(max-width: 600px) 100vw, 600px\" loading=\"eager\" \/><\/div>\t\t<\/div>\r\n\t\t\t<\/article>\r\n\t<article class=\"w-grid-item size_1x1 post-14439 attachment type-attachment status-inherit hentry\" data-id=\"14439\">\r\n\t\t<div class=\"w-grid-item-h\">\r\n\t\t\t\t\t\t\t<a ref=\"magnificPopupList\" data-alt=\"Centro Flamenco de Sevilla\" href=\"https:\/\/www.tablaosflamencos.com\/wp-content\/uploads\/centro-flamenco-de-sevilla-01-32.webp\" class=\"w-grid-item-anchor\" aria-label=\"Centro Flamenco de Sevilla\"><\/a>\r\n\t\t\t\t\t\t<div class=\"w-post-elm post_image usg_post_image_1 stretched\"><img decoding=\"async\" width=\"600\" height=\"400\" src=\"https:\/\/www.tablaosflamencos.com\/wp-content\/uploads\/centro-flamenco-de-sevilla-01-32-600x400.webp\" class=\"attachment-us_600_600 size-us_600_600\" alt=\"Centro Flamenco de Sevilla\" srcset=\"https:\/\/www.tablaosflamencos.com\/wp-content\/uploads\/centro-flamenco-de-sevilla-01-32-600x400.webp 600w, https:\/\/www.tablaosflamencos.com\/wp-content\/uploads\/centro-flamenco-de-sevilla-01-32-300x200.webp 300w, https:\/\/www.tablaosflamencos.com\/wp-content\/uploads\/centro-flamenco-de-sevilla-01-32-1024x683.webp 1024w, https:\/\/www.tablaosflamencos.com\/wp-content\/uploads\/centro-flamenco-de-sevilla-01-32-1536x1024.webp 1536w, https:\/\/www.tablaosflamencos.com\/wp-content\/uploads\/centro-flamenco-de-sevilla-01-32-150x100.webp 150w, https:\/\/www.tablaosflamencos.com\/wp-content\/uploads\/centro-flamenco-de-sevilla-01-32.webp 1920w\" sizes=\"(max-width: 600px) 100vw, 600px\" loading=\"eager\" \/><\/div>\t\t<\/div>\r\n\t\t\t<\/article>\r\n\t<article class=\"w-grid-item size_1x1 post-14409 attachment type-attachment status-inherit hentry\" data-id=\"14409\">\r\n\t\t<div class=\"w-grid-item-h\">\r\n\t\t\t\t\t\t\t<a ref=\"magnificPopupList\" data-alt=\"Centro Flamenco de Sevilla\" href=\"https:\/\/www.tablaosflamencos.com\/wp-content\/uploads\/centro-flamenco-de-sevilla-01-2.webp\" class=\"w-grid-item-anchor\" aria-label=\"Centro Flamenco de Sevilla\"><\/a>\r\n\t\t\t\t\t\t<div class=\"w-post-elm post_image usg_post_image_1 stretched\"><img decoding=\"async\" width=\"600\" height=\"400\" src=\"https:\/\/www.tablaosflamencos.com\/wp-content\/uploads\/centro-flamenco-de-sevilla-01-2-600x400.webp\" class=\"attachment-us_600_600 size-us_600_600\" alt=\"Centro Flamenco de Sevilla\" srcset=\"https:\/\/www.tablaosflamencos.com\/wp-content\/uploads\/centro-flamenco-de-sevilla-01-2-600x400.webp 600w, https:\/\/www.tablaosflamencos.com\/wp-content\/uploads\/centro-flamenco-de-sevilla-01-2-300x200.webp 300w, https:\/\/www.tablaosflamencos.com\/wp-content\/uploads\/centro-flamenco-de-sevilla-01-2-1024x683.webp 1024w, https:\/\/www.tablaosflamencos.com\/wp-content\/uploads\/centro-flamenco-de-sevilla-01-2-1536x1024.webp 1536w, https:\/\/www.tablaosflamencos.com\/wp-content\/uploads\/centro-flamenco-de-sevilla-01-2-150x100.webp 150w, https:\/\/www.tablaosflamencos.com\/wp-content\/uploads\/centro-flamenco-de-sevilla-01-2.webp 1920w\" sizes=\"(max-width: 600px) 100vw, 600px\" loading=\"eager\" \/><\/div>\t\t<\/div>\r\n\t\t\t<\/article>\r\n\t<article class=\"w-grid-item size_1x1 post-14467 attachment type-attachment status-inherit hentry\" data-id=\"14467\">\r\n\t\t<div class=\"w-grid-item-h\">\r\n\t\t\t\t\t\t\t<a ref=\"magnificPopupList\" data-alt=\"Centro Flamenco de Sevilla\" href=\"https:\/\/www.tablaosflamencos.com\/wp-content\/uploads\/centro-flamenco-de-sevilla-01-60.webp\" class=\"w-grid-item-anchor\" aria-label=\"Centro Flamenco de Sevilla\"><\/a>\r\n\t\t\t\t\t\t<div class=\"w-post-elm post_image usg_post_image_1 stretched\"><img decoding=\"async\" width=\"600\" height=\"400\" src=\"https:\/\/www.tablaosflamencos.com\/wp-content\/uploads\/centro-flamenco-de-sevilla-01-60-600x400.webp\" class=\"attachment-us_600_600 size-us_600_600\" alt=\"Centro Flamenco de Sevilla\" srcset=\"https:\/\/www.tablaosflamencos.com\/wp-content\/uploads\/centro-flamenco-de-sevilla-01-60-600x400.webp 600w, https:\/\/www.tablaosflamencos.com\/wp-content\/uploads\/centro-flamenco-de-sevilla-01-60-300x200.webp 300w, https:\/\/www.tablaosflamencos.com\/wp-content\/uploads\/centro-flamenco-de-sevilla-01-60-1024x683.webp 1024w, https:\/\/www.tablaosflamencos.com\/wp-content\/uploads\/centro-flamenco-de-sevilla-01-60-1536x1024.webp 1536w, https:\/\/www.tablaosflamencos.com\/wp-content\/uploads\/centro-flamenco-de-sevilla-01-60-150x100.webp 150w, https:\/\/www.tablaosflamencos.com\/wp-content\/uploads\/centro-flamenco-de-sevilla-01-60.webp 1920w\" sizes=\"(max-width: 600px) 100vw, 600px\" loading=\"eager\" \/><\/div>\t\t<\/div>\r\n\t\t\t<\/article>\r\n<\/div><div class=\"g-preloader type_1\"><div><\/div><\/div><div class=\"w-grid-list-json hidden\" onclick='return {&quot;max_num_pages&quot;:0,&quot;paginationBase&quot;:&quot;page&quot;,&quot;pagination&quot;:&quot;none&quot;,&quot;paged&quot;:1,&quot;ajaxData&quot;:{&quot;action&quot;:&quot;us_ajax_post_list&quot;,&quot;meta_type&quot;:&quot;post&quot;,&quot;object_id&quot;:0,&quot;template_vars&quot;:{&quot;shortcode_base&quot;:&quot;us_post_list&quot;,&quot;paged&quot;:1,&quot;max_num_pages&quot;:0,&quot;no_results&quot;:false,&quot;us_post_content_design_css&quot;:[],&quot;found_posts&quot;:0,&quot;per_page&quot;:10,&quot;items_count&quot;:10,&quot;orderby_random_seed&quot;:763551142,&quot;source&quot;:&quot;media&quot;,&quot;custom_field_name&quot;:&quot;&quot;,&quot;ids&quot;:&quot;&quot;,&quot;post_type&quot;:&quot;post&quot;,&quot;attachment_ids&quot;:&quot;14473,14472,14471,14470,14469,14468,14467,14466,14465,14464,14463,14462,14461,14460,14459,14458,14457,14456,14455,14454,14453,14452,14451,14450,14449,14448,14447,14446,14445,14444,14443,14442,14441,14440,14439,14438,14437,14436,14435,14434,14433,14432,14431,14430,14429,14428,14427,14426,14425,14424,14423,14422,14421,14420,14419,14418,14417,14416,14415,14414,14413,14412,14411,14410,14409,14408,14407&quot;,&quot;include_post_thumbnail&quot;:0,&quot;post_author&quot;:&quot;any&quot;,&quot;post_author_ids&quot;:&quot;&quot;,&quot;apply_url_params&quot;:0,&quot;ignore_sticky_posts&quot;:1,&quot;exclude_children&quot;:0,&quot;exclude_current_post&quot;:1,&quot;exclude_prev_posts&quot;:0,&quot;exclude_past_events&quot;:0,&quot;enable_items_offset&quot;:0,&quot;items_offset&quot;:&quot;1&quot;,&quot;tax_query_relation&quot;:&quot;none&quot;,&quot;tax_query&quot;:[{&quot;operator&quot;:&quot;IN&quot;,&quot;taxonomy&quot;:&quot;category&quot;,&quot;terms&quot;:&quot;&quot;,&quot;include_children&quot;:0}],&quot;meta_query_relation&quot;:&quot;none&quot;,&quot;meta_query&quot;:[{&quot;key&quot;:&quot;custom_field_name&quot;,&quot;compare&quot;:&quot;=&quot;,&quot;value&quot;:&quot;&quot;}],&quot;orderby&quot;:&quot;rand&quot;,&quot;orderby_custom_field&quot;:&quot;&quot;,&quot;orderby_custom_type&quot;:0,&quot;order_invert&quot;:0,&quot;show_all&quot;:0,&quot;quantity&quot;:&quot;10&quot;,&quot;posts_per_archive_page&quot;:0,&quot;no_items_action&quot;:&quot;message&quot;,&quot;no_items_message&quot;:&quot;Es wurden keine Ergebnisse gefunden.&quot;,&quot;no_items_page_block&quot;:&quot;&quot;,&quot;pagination&quot;:&quot;none&quot;,&quot;pagination_style&quot;:&quot;&quot;,&quot;pagination_btn_text&quot;:&quot;Mehr laden&quot;,&quot;pagination_btn_size&quot;:&quot;&quot;,&quot;pagination_btn_style&quot;:&quot;1&quot;,&quot;pagination_btn_fullwidth&quot;:0,&quot;items_layout&quot;:&quot;gallery_default&quot;,&quot;type&quot;:&quot;grid&quot;,&quot;items_valign&quot;:0,&quot;ignore_items_size&quot;:0,&quot;columns&quot;:&quot;5&quot;,&quot;items_gap&quot;:&quot;0.5rem&quot;,&quot;load_animation&quot;:&quot;none&quot;,&quot;items_preload_style&quot;:&quot;spinner&quot;,&quot;img_size&quot;:&quot;us_600_600&quot;,&quot;img_aspect_ratio&quot;:&quot;1\\\/1&quot;,&quot;title_size&quot;:&quot;&quot;,&quot;item_aspect_ratio&quot;:&quot;1\\\/1&quot;,&quot;overriding_link&quot;:&quot;%7B%22type%22%3A%22popup_image%22%7D&quot;,&quot;popup_page_template&quot;:&quot;0&quot;,&quot;popup_width&quot;:&quot;&quot;,&quot;popup_arrows&quot;:1,&quot;breakpoint_1_width&quot;:&quot;1381px&quot;,&quot;breakpoint_1_cols&quot;:&quot;default&quot;,&quot;breakpoint_1_quantity&quot;:&quot;&quot;,&quot;breakpoint_1_gap&quot;:&quot;&quot;,&quot;breakpoint_2_width&quot;:&quot;1025px&quot;,&quot;breakpoint_2_cols&quot;:&quot;2&quot;,&quot;breakpoint_2_quantity&quot;:&quot;&quot;,&quot;breakpoint_2_gap&quot;:&quot;&quot;,&quot;breakpoint_3_width&quot;:&quot;601px&quot;,&quot;breakpoint_3_cols&quot;:&quot;1&quot;,&quot;breakpoint_3_quantity&quot;:&quot;&quot;,&quot;breakpoint_3_gap&quot;:&quot;&quot;,&quot;conditions_operator&quot;:&quot;always&quot;,&quot;conditions&quot;:[],&quot;css&quot;:null,&quot;el_class&quot;:&quot;&quot;,&quot;el_id&quot;:&quot;&quot;,&quot;enable_custom_html_atts&quot;:0,&quot;custom_html_atts&quot;:null,&quot;hide_on_states&quot;:&quot;&quot;,&quot;hide_for_sticky&quot;:0,&quot;hide_for_not_sticky&quot;:0,&quot;hide_below&quot;:&quot;0px&quot;,&quot;hide_above&quot;:&quot;0px&quot;,&quot;items_ratio&quot;:&quot;&quot;,&quot;items_ratio_width&quot;:&quot;&quot;,&quot;items_ratio_height&quot;:&quot;&quot;,&quot;classes&quot;:&quot;&quot;},&quot;found_posts&quot;:0,&quot;per_page&quot;:10,&quot;orderby_random_seed&quot;:763551142},&quot;facetedFilter&quot;:[]}'><\/div><\/div><\/div><\/div><\/div><\/div><\/div><\/section><section class=\"l-section wpb_row height_huge color_alternate with_shape\"><div class=\"l-section-shape type_zigzag pos_top hor_flip\" style=\"height:3vmin;\"><svg xmlns=\"http:\/\/www.w3.org\/2000\/svg\" viewBox=\"0 0 64 8\" preserveAspectRatio=\"none\" width=\"100%\" height=\"100%\">\r\n\t<path fill=\"currentColor\" d=\"M64 8 L0 8 L0 0 L20 7.9 L40 3 L48 5 L64 0 Z\"\/>\r\n<\/svg><\/div><div class=\"l-section-shape type_zigzag pos_bottom\" style=\"height:3vmin;\"><svg xmlns=\"http:\/\/www.w3.org\/2000\/svg\" viewBox=\"0 0 64 8\" preserveAspectRatio=\"none\" width=\"100%\" height=\"100%\">\r\n\t<path fill=\"currentColor\" d=\"M64 8 L0 8 L0 0 L20 7.9 L40 3 L48 5 L64 0 Z\"\/>\r\n<\/svg><\/div><div class=\"l-section-h i-cf\"><div class=\"g-cols vc_row via_flex valign_top type_default stacking_default\"><div class=\"vc_col-sm-6 wpb_column vc_column_container\"><div class=\"vc_column-inner\"><div class=\"wpb_wrapper\"><div class=\"wpb_text_column\"><div class=\"wpb_wrapper\"><h2 id=\"gestion-digital\">Die unsichtbare Seite: Management, Reservierungen und Digitalisierung<\/h2>\n<p>Das k\u00fcnstlerische Leben des Centro ging mit einem f\u00fcr das Publikum weniger sichtbaren Bereich einher: einem stark digitalisierten Management. Die Leitung arbeitete mit Online-Verkaufs- und Reservierungssystemen, Kanalsteuerung und der Koordination von Direkt- und Partnervertrieb.<\/p>\n<p>Ziel war, dass ein kleiner Saal mit einer kommerziellen Struktur arbeiten konnte, die fortschrittlicher war, als seine Gr\u00f6\u00dfe vermuten lie\u00df. Direktverkauf, Partner, Verf\u00fcgbarkeit und Verwaltung mussten miteinander kommunizieren, um \u00dcberbuchungen zu vermeiden und manuelle Arbeit zu reduzieren.<\/p>\n<p>Dieser Ansatz ersetzte die k\u00fcnstlerische Leitung nicht. Im Gegenteil: Er sollte operative Zeit freisetzen, damit mehr Aufmerksamkeit dem Ensemble, der Qualit\u00e4t der Vorstellungen und der Beziehung zum Publikum gewidmet werden konnte.<\/p>\n<\/div><\/div><\/div><\/div><\/div><div class=\"vc_col-sm-6 wpb_column vc_column_container\"><div class=\"vc_column-inner\"><div class=\"wpb_wrapper\"><div class=\"wpb_text_column\"><div class=\"wpb_wrapper\"><h3>Ein Modell, das \u00fcber den Saal hinaus weiterwirkte<\/h3>\n<p>Ein Teil dieser Digitalisierungs- und Organisationspraktiken wurde sp\u00e4ter auf andere Flamenco-Projekte in Sevilla \u00fcbertragen. Der Saal stellte seine T\u00e4tigkeit ein, doch einige der in diesen Jahren entwickelten Methoden wurden weitergef\u00fchrt.<\/p>\n<p>Dieses Erbe ist weniger sichtbar als ein Foto der B\u00fchne, hilft aber zu verstehen, warum das Centro Flamenco de Sevilla auch ein kleines Managementlabor war: <strong>k\u00fcnstlerische Tradition auf der B\u00fchne und operative Modernisierung dahinter<\/strong>.<\/p>\n<p>Die Geschichte des Flamenco entsteht nicht nur durch Stile, K\u00fcnstler und Auff\u00fchrungen. Sie ver\u00e4ndert sich auch dadurch, wie S\u00e4le sich organisieren, verkaufen, kommunizieren und Bedingungen schaffen, unter denen K\u00fcnstler arbeiten k\u00f6nnen.<\/p>\n<\/div><\/div><\/div><\/div><\/div><\/div><\/div><\/section><section class=\"l-section wpb_row height_huge\"><div class=\"l-section-h i-cf\"><div class=\"g-cols vc_row via_flex valign_top type_default stacking_default\"><div class=\"vc_col-sm-12 wpb_column vc_column_container\"><div class=\"vc_column-inner\"><div class=\"wpb_wrapper\"><div class=\"wpb_text_column\"><div class=\"wpb_wrapper\"><h2 id=\"cronologia-centro\">Chronologie des Centro Flamenco de Sevilla<\/h2>\n<div style=\"overflow-x: auto;\">\n<table>\n<thead>\n<tr>\n<th>Zeitraum<\/th>\n<th>Was geschah<\/th>\n<th>Warum es wichtig ist<\/th>\n<\/tr>\n<\/thead>\n<tbody>\n<tr>\n<td><strong>2022<\/strong><\/td>\n<td>Er\u00f6ffnung des Centro Flamenco de Sevilla in der C\/ Francos 33.<\/td>\n<td>Mitten im historischen Zentrum entsteht ein kleines Tablao.<\/td>\n<\/tr>\n<tr>\n<td><strong>2022\u20132023<\/strong><\/td>\n<td>Ein t\u00e4gliches Programm aus Gesang, Tanz und Gitarre mit K\u00fcnstlern verschiedener Generationen etabliert sich.<\/td>\n<td>Der Saal entwickelt seine akustische, intime und unmittelbare Identit\u00e4t.<\/td>\n<\/tr>\n<tr>\n<td><strong>2023<\/strong><\/td>\n<td>Die regelm\u00e4\u00dfige Anwesenheit von K\u00fcnstlern, Besuchern und Fachleuten macht den Ort zu einem gewohnten Treffpunkt.<\/td>\n<td>Das Geschehen rund um die B\u00fchne wird ebenso wichtig wie die Vorstellung selbst.<\/td>\n<\/tr>\n<tr>\n<td><strong>2023\u20132024<\/strong><\/td>\n<td>Das digitale Management von Reservierungen, Direktverk\u00e4ufen und Partnerkan\u00e4len wird gefestigt.<\/td>\n<td>Das Centro verbindet ein kleines k\u00fcnstlerisches Format mit fortschrittlichem kommerziellem Management.<\/td>\n<\/tr>\n<tr>\n<td><strong>2024<\/strong><\/td>\n<td>Die Phase des Projekts in der C\/ Francos endet aufgrund st\u00e4dtebaulicher Fragen im Zusammenhang mit den R\u00e4umlichkeiten.<\/td>\n<td>Die Schlie\u00dfung beendet die T\u00e4tigkeit im Saal, nicht jedoch die dort entstandenen Beziehungen und Methoden.<\/td>\n<\/tr>\n<tr>\n<td><strong>Danach<\/strong><\/td>\n<td>Ein Teil der k\u00fcnstlerischen, kommerziellen und digitalen Erfahrung wird auf andere Projekte der Branche \u00fcbertragen.<\/td>\n<td>Das Erbe wirkt au\u00dferhalb der W\u00e4nde des Saals weiter.<\/td>\n<\/tr>\n<\/tbody>\n<\/table>\n<\/div>\n<\/div><\/div><\/div><\/div><\/div><\/div><\/div><\/section><section class=\"l-section wpb_row height_huge color_alternate with_shape\"><div class=\"l-section-shape type_zigzag pos_top\" style=\"height:3vmin;\"><svg xmlns=\"http:\/\/www.w3.org\/2000\/svg\" viewBox=\"0 0 64 8\" preserveAspectRatio=\"none\" width=\"100%\" height=\"100%\">\r\n\t<path fill=\"currentColor\" d=\"M64 8 L0 8 L0 0 L20 7.9 L40 3 L48 5 L64 0 Z\"\/>\r\n<\/svg><\/div><div class=\"l-section-shape type_zigzag pos_bottom\" style=\"height:3vmin;\"><svg xmlns=\"http:\/\/www.w3.org\/2000\/svg\" viewBox=\"0 0 64 8\" preserveAspectRatio=\"none\" width=\"100%\" height=\"100%\">\r\n\t<path fill=\"currentColor\" d=\"M64 8 L0 8 L0 0 L20 7.9 L40 3 L48 5 L64 0 Z\"\/>\r\n<\/svg><\/div><div class=\"l-section-h i-cf\"><div class=\"g-cols vc_row via_flex valign_top type_default stacking_default\"><div class=\"vc_col-sm-6 wpb_column vc_column_container\"><div class=\"vc_column-inner\"><div class=\"wpb_wrapper\"><div class=\"wpb_text_column\"><div class=\"wpb_wrapper\"><h2 id=\"legado-centro\">Was es f\u00fcr den Flamenco in Sevilla bedeutete<\/h2>\n<p>Es w\u00e4re unzureichend, den Wert eines Kulturortes nur an seiner Gr\u00f6\u00dfe oder der Dauer seiner T\u00e4tigkeit zu messen. Beim Centro Flamenco de Sevilla liegt der Schl\u00fcssel gerade im Missverh\u00e4ltnis zwischen beidem: <strong>ein sehr kleiner Saal mit einem betr\u00e4chtlichen menschlichen Netzwerk rundherum<\/strong>.<\/p>\n<p>Es war professionelle B\u00fchne, Ort des praktischen Lernens, Anlaufstelle f\u00fcr Kollegen und Raum des Zusammenseins. Etwas mehr als zwei Jahre lang brachte es Menschen zusammen, die normalerweise auf verschiedene Tablaos, Theater, Schulen und Projekte verteilt waren.<\/p>\n<p>Solche Orte erf\u00fcllen eine Funktion, die sich statistisch nur schwer erfassen l\u00e4sst. Sie schaffen Vertrauen, erm\u00f6glichen Begegnungen und erzeugen gemeinsame Erinnerung.<\/p>\n<\/div><\/div><\/div><\/div><\/div><div class=\"vc_col-sm-6 wpb_column vc_column_container\"><div class=\"vc_column-inner\"><div class=\"wpb_wrapper\"><div class=\"wpb_text_column\"><div class=\"wpb_wrapper\"><h3>Was nach der Schlie\u00dfung blieb<\/h3>\n<p>Die Schlie\u00dfung aus st\u00e4dtebaulichen Gr\u00fcnden beendete die physische Phase des Centro, l\u00f6schte aber die entstandenen Beziehungen nicht aus. Viele der Menschen, die sich dort begegnet waren, trafen sich weiterhin auf anderen B\u00fchnen und in anderen Projekten. Auch die Erfahrungen in k\u00fcnstlerischer Leitung, Vertrieb und Management wurden au\u00dferhalb des Saals weiter genutzt.<\/p>\n<p>Vor allem aber blieb eine einfache Idee: <strong>Ein Tablao kann weit mehr sein als der Ort, an dem eine Vorstellung stattfindet<\/strong>. Wenn Kontinuit\u00e4t, N\u00e4he und eine professionelle Gemeinschaft vorhanden sind, kann es zu einem kleinen Gravitationszentrum f\u00fcr einen Teil des Flamenco-Lebens einer Stadt werden.<\/p>\n<p>Um diese Geschichte in einen gr\u00f6\u00dferen Zusammenhang einzuordnen, lesen Sie auch <a href=\"https:\/\/www.tablaosflamencos.com\/que-es-el-flamenco.html\"><strong>was Flamenco ist und welche grundlegenden Elemente ihn ausmachen<\/strong><\/a>.<\/p>\n<\/div><\/div><\/div><\/div><\/div><\/div><\/div><\/section><section class=\"l-section wpb_row height_huge\"><div class=\"l-section-h i-cf\"><div class=\"g-cols vc_row via_flex valign_top type_default stacking_default\"><div class=\"vc_col-sm-1\/5 wpb_column vc_column_container\"><div class=\"vc_column-inner\"><div class=\"wpb_wrapper\"><\/div><\/div><\/div><div class=\"vc_col-sm-3\/5 wpb_column vc_column_container\"><div class=\"vc_column-inner\"><div class=\"wpb_wrapper\"><div class=\"wpb_text_column\"><div class=\"wpb_wrapper\"><h2 id=\"faq-centro\">H\u00e4ufig gestellte Fragen zum Centro Flamenco de Sevilla<\/h2>\n<p>Eine Zusammenfassung der wichtigsten Daten dieser Phase des Tablao und seiner Rolle in der Flamenco-Szene Sevillas.<\/p>\n<\/div><\/div><div class=\"w-separator size_medium\"><\/div><div class=\"w-tabs accordion toggle_style_1 has_scrolling\" style=\"--sections-title-size:inherit;--sections-gap:0.5rem;\"><div class=\"w-tabs-sections titles-align_none icon_plus cpos_left\"><div class=\"w-tabs-section\" id=\"q642\" itemscope itemprop=\"mainEntity\" itemtype=\"https:\/\/schema.org\/Question\"><button type=\"button\" class=\"w-tabs-section-header\" aria-controls=\"content-q642\" aria-expanded=\"false\"><h3 class=\"w-tabs-section-title\" itemprop=\"name\">Wann wurde das Centro Flamenco de Sevilla er\u00f6ffnet?<\/h3><div class=\"w-tabs-section-control\"><\/div><\/button><div  class=\"w-tabs-section-content\" id=\"content-q642\" itemscope itemprop=\"acceptedAnswer\" itemtype=\"https:\/\/schema.org\/Answer\"><div class=\"w-tabs-section-content-h i-cf\" itemprop=\"text\"><div class=\"wpb_text_column\"><div class=\"wpb_wrapper\"><p>Das Centro Flamenco de Sevilla nahm seinen Betrieb im Jahr <strong>2022<\/strong> in der C\/ Francos 33 im historischen Zentrum von Sevilla auf.<\/p>\n<\/div><\/div><\/div><\/div><\/div><div class=\"w-tabs-section\" id=\"y73e\" itemscope itemprop=\"mainEntity\" itemtype=\"https:\/\/schema.org\/Question\"><button type=\"button\" class=\"w-tabs-section-header\" aria-controls=\"content-y73e\" aria-expanded=\"false\"><h3 class=\"w-tabs-section-title\" itemprop=\"name\">Wie viele Personen fanden im Saal Platz?<\/h3><div class=\"w-tabs-section-control\"><\/div><\/button><div  class=\"w-tabs-section-content\" id=\"content-y73e\" itemscope itemprop=\"acceptedAnswer\" itemtype=\"https:\/\/schema.org\/Answer\"><div class=\"w-tabs-section-content-h i-cf\" itemprop=\"text\"><div class=\"wpb_text_column\"><div class=\"wpb_wrapper\"><p>Die offiziellen Tourismusunterlagen von Sevilla nannten eine <strong>Kapazit\u00e4t von 32 Personen<\/strong>, eine Gr\u00f6\u00dfe, die den intimen Charakter des Erlebnisses pr\u00e4gte.<\/p>\n<\/div><\/div><\/div><\/div><\/div><div class=\"w-tabs-section\" id=\"p830\" itemscope itemprop=\"mainEntity\" itemtype=\"https:\/\/schema.org\/Question\"><button type=\"button\" class=\"w-tabs-section-header\" aria-controls=\"content-p830\" aria-expanded=\"false\"><h3 class=\"w-tabs-section-title\" itemprop=\"name\">Wer gr\u00fcndete und leitete das Centro Flamenco de Sevilla?<\/h3><div class=\"w-tabs-section-control\"><\/div><\/button><div  class=\"w-tabs-section-content\" id=\"content-p830\" itemscope itemprop=\"acceptedAnswer\" itemtype=\"https:\/\/schema.org\/Answer\"><div class=\"w-tabs-section-content-h i-cf\" itemprop=\"text\"><div class=\"wpb_text_column\"><div class=\"wpb_wrapper\"><p>Das Projekt wurde gegr\u00fcndet und geleitet von <strong>Miguel Ortiz<\/strong>, der w\u00e4hrend der aktiven Zeit f\u00fcr die allgemeine und k\u00fcnstlerische Leitung verantwortlich war.<\/p>\n<\/div><\/div><\/div><\/div><\/div><div class=\"w-tabs-section\" id=\"p90b\" itemscope itemprop=\"mainEntity\" itemtype=\"https:\/\/schema.org\/Question\"><button type=\"button\" class=\"w-tabs-section-header\" aria-controls=\"content-p90b\" aria-expanded=\"false\"><h3 class=\"w-tabs-section-title\" itemprop=\"name\">Wie waren die Vorstellungen aufgebaut?<\/h3><div class=\"w-tabs-section-control\"><\/div><\/button><div  class=\"w-tabs-section-content\" id=\"content-p90b\" itemscope itemprop=\"acceptedAnswer\" itemtype=\"https:\/\/schema.org\/Answer\"><div class=\"w-tabs-section-content-h i-cf\" itemprop=\"text\"><div class=\"wpb_text_column\"><div class=\"wpb_wrapper\"><p>Das Format basierte auf <strong>Flamenco-Gesang, Tanz und Gitarre<\/strong> in einem Saal mit geringer Kapazit\u00e4t, mit Darbietungen sehr nah am Publikum und einem akustischen Ansatz, der nat\u00fcrliches Zuh\u00f6ren f\u00f6rderte.<\/p>\n<\/div><\/div><\/div><\/div><\/div><div class=\"w-tabs-section\" id=\"m9e4\" itemscope itemprop=\"mainEntity\" itemtype=\"https:\/\/schema.org\/Question\"><button type=\"button\" class=\"w-tabs-section-header\" aria-controls=\"content-m9e4\" aria-expanded=\"false\"><h3 class=\"w-tabs-section-title\" itemprop=\"name\">Warum wurde es zu einem Treffpunkt?<\/h3><div class=\"w-tabs-section-control\"><\/div><\/button><div  class=\"w-tabs-section-content\" id=\"content-m9e4\" itemscope itemprop=\"acceptedAnswer\" itemtype=\"https:\/\/schema.org\/Answer\"><div class=\"w-tabs-section-content-h i-cf\" itemprop=\"text\"><div class=\"wpb_text_column\"><div class=\"wpb_wrapper\"><p>Neben den eigenen K\u00fcnstlern kamen regelm\u00e4\u00dfig Kollegen aus anderen Tablaos und Fachleute aus der Branche vorbei. Nach der letzten Vorstellung waren <strong>Gespr\u00e4chsrunden und informelle Treffen<\/strong> \u00fcblich, die bis in die fr\u00fchen Morgenstunden dauern konnten.<\/p>\n<\/div><\/div><\/div><\/div><\/div><\/div><\/div><div class=\"w-separator size_medium\"><\/div><div class=\"wpb_text_column\"><div class=\"wpb_wrapper\"><h3>Warum konnte ein so kleiner Saal so viel Leben haben?<\/h3>\n<ul>\n<li>K\u00fcnstler und Publikum waren sich k\u00f6rperlich sehr nah.<\/li>\n<li>Es gab eine t\u00e4gliche Kontinuit\u00e4t der Aktivit\u00e4t.<\/li>\n<li>Interpreten verschiedener Generationen teilten die B\u00fchne.<\/li>\n<li>Die Leitung war sowohl k\u00fcnstlerisch als auch in das t\u00e4gliche Management eingebunden.<\/li>\n<li>Fachleute aus anderen Spielst\u00e4tten kamen h\u00e4ufig im Centro vorbei.<\/li>\n<li>Das Ende der Vorstellung bedeutete nicht zwangsl\u00e4ufig das Ende der Begegnung.<\/li>\n<\/ul>\n<p>&nbsp;<\/p>\n<blockquote>\n<p><strong>Die zentrale Idee:<\/strong> Das Centro Flamenco de Sevilla war gemessen an seiner Kapazit\u00e4t klein, besa\u00df w\u00e4hrend seiner aktiven Zeit aber ein k\u00fcnstlerisches und berufliches Leben, das weit \u00fcber seine 32 Pl\u00e4tze hinausging.<\/p>\n<\/blockquote>\n<\/div><\/div><\/div><\/div><\/div><div class=\"vc_col-sm-1\/5 wpb_column vc_column_container\"><div class=\"vc_column-inner\"><div class=\"wpb_wrapper\"><\/div><\/div><\/div><\/div><\/div><\/section><section class=\"l-section wpb_row height_huge color_alternate with_shape\"><div class=\"l-section-shape type_zigzag pos_top hor_flip\" style=\"height:3vmin;\"><svg xmlns=\"http:\/\/www.w3.org\/2000\/svg\" viewBox=\"0 0 64 8\" preserveAspectRatio=\"none\" width=\"100%\" height=\"100%\">\r\n\t<path fill=\"currentColor\" d=\"M64 8 L0 8 L0 0 L20 7.9 L40 3 L48 5 L64 0 Z\"\/>\r\n<\/svg><\/div><div class=\"l-section-shape type_zigzag pos_bottom\" style=\"height:3vmin;\"><svg xmlns=\"http:\/\/www.w3.org\/2000\/svg\" viewBox=\"0 0 64 8\" preserveAspectRatio=\"none\" width=\"100%\" height=\"100%\">\r\n\t<path fill=\"currentColor\" d=\"M64 8 L0 8 L0 0 L20 7.9 L40 3 L48 5 L64 0 Z\"\/>\r\n<\/svg><\/div><div class=\"l-section-h i-cf\"><div class=\"g-cols vc_row via_flex valign_top type_default stacking_default\"><div class=\"vc_col-sm-6 wpb_column vc_column_container\"><div class=\"vc_column-inner\"><div class=\"wpb_wrapper\"><div class=\"wpb_text_column\"><div class=\"wpb_wrapper\"><h2>Eine j\u00fcngere Erinnerung an den Flamenco in Sevilla<\/h2>\n<p>Das Centro Flamenco de Sevilla geh\u00f6rt zu einer j\u00fcngeren Phase, war aber intensiv genug, um sehr konkrete Erinnerungen zu hinterlassen: die B\u00fchne nur wenige Meter von der ersten Reihe entfernt, K\u00fcnstler, die auf ihren Einsatz warteten, Gespr\u00e4che nach der Vorstellung, Kollegen, die nach ihrer Arbeit in anderen S\u00e4len hereinkamen, und N\u00e4chte, die weit \u00fcber die Verkaufszeiten hinausgingen.<\/p>\n<p>Nicht jeder Ort, der Flamenco programmiert, wird zu einem Treffpunkt. Daf\u00fcr braucht es Zeit, Vertrauen, Kontinuit\u00e4t und eine Gemeinschaft, die den Ort als ihren eigenen empfindet.<\/p>\n<p>Etwas mehr als zwei Jahre lang geschah genau das in der C\/ Francos 33.<\/p>\n<\/div><\/div><\/div><\/div><\/div><div class=\"vc_col-sm-6 wpb_column vc_column_container\"><div class=\"vc_column-inner\"><div class=\"wpb_wrapper\"><div class=\"wpb_text_column\"><div class=\"wpb_wrapper\"><h3>Quellen und Erinnerung an das Projekt<\/h3>\n<p>Existenz, Lage, Zeiten und Kapazit\u00e4t des Centro Flamenco de Sevilla sind in offiziellen Tourismusmaterialien von Sevilla dokumentiert, die w\u00e4hrend seiner aktiven Zeit ver\u00f6ffentlicht wurden. Einsehbar ist die <a href=\"https:\/\/visitasevilla.es\/wp-content\/uploads\/2024\/04\/Folleto-Flamenco-ESP.pptx-1_compressed.pdf\" target=\"_blank\" rel=\"noopener\"><strong>offizielle Brosch\u00fcre Flamenco in Sevilla<\/strong><\/a>.<\/p>\n<p>Die Rekonstruktion des internen Lebens des Ortes, seiner akustischen Arbeitsweise, der Gespr\u00e4che nach den Vorstellungen, des Miteinanders der Generationen und des Projektmanagements st\u00fctzt sich au\u00dferdem auf <strong>interne Dokumentation und die unmittelbare Erinnerung der Leitung<\/strong>.<\/p>\n<p><strong>Letzte Aktualisierung: 4. September 2026.<\/strong><\/p>\n<\/div><\/div><\/div><\/div><\/div><\/div><\/div><\/section>\n","protected":false},"excerpt":{"rendered":"<p>Die Geschichte des Centro Flamenco de Sevilla in der C\/ Francos 33: ein intimer Ort, der zwischen 2022 und 2024 K\u00fcnstler, Fachleute und Flamenco-Fans zusammenbrachte.<\/p>\n","protected":false},"author":1,"featured_media":14456,"comment_status":"closed","ping_status":"closed","sticky":false,"template":"","format":"standard","meta":{"_acf_changed":false,"wpai_generated_summary":"","_ayudawp_aiss_exclude":false,"_ayudawp_aiss_exclude_summary":false,"_ayudawp_aiss_summary":"","_ayudawp_aiss_summary_provider":"","_ayudawp_aiss_summary_hash":"","footnotes":""},"categories":[350],"tags":[1996,1166,1415,405,476,1248],"class_list":["post-14483","post","type-post","status-publish","format-standard","has-post-thumbnail","hentry","category-tablaos-und-flamenco-shows","tag-centro-flamenco-de-sevilla-de","tag-flamenco-en-sevilla","tag-geschichte-des-flamenco-tag","tag-sevilla","tag-tablao-flamenco-sevilla","tag-tablaos-de-sevilla"],"acf":[],"yoast_head":"<!-- This site is optimized with the Yoast SEO Premium plugin v28.4 (Yoast SEO v28.4) - https:\/\/yoast.com\/product\/yoast-seo-premium-wordpress\/ -->\n<title>Centro Flamenco de Sevilla: Geschichte eines Flamenco-Treffpunkts<\/title>\n<meta name=\"description\" content=\"Die Geschichte des Centro Flamenco de Sevilla in der C\/ Francos 33: ein intimer Ort, der zwischen 2022 und 2024 K\u00fcnstler, Fachleute und Flamenco-Fans zusammenbrachte.\" \/>\n<meta name=\"robots\" content=\"index, follow, max-snippet:-1, max-image-preview:large, max-video-preview:-1\" \/>\n<link rel=\"canonical\" href=\"https:\/\/www.tablaosflamencos.com\/de\/centro-flamenco-sevilla-treffpunkt-flamenco.html\" \/>\n<meta property=\"og:locale\" content=\"de_DE\" \/>\n<meta property=\"og:type\" content=\"article\" \/>\n<meta property=\"og:title\" content=\"Als das Centro Flamenco de Sevilla ein Treffpunkt der Flamenco-Szene der Stadt war\" \/>\n<meta property=\"og:description\" content=\"Die Geschichte des Centro Flamenco de Sevilla in der C\/ Francos 33: ein intimer Ort, der zwischen 2022 und 2024 K\u00fcnstler, Fachleute und Flamenco-Fans zusammenbrachte.\" \/>\n<meta property=\"og:url\" content=\"https:\/\/www.tablaosflamencos.com\/de\/centro-flamenco-sevilla-treffpunkt-flamenco.html\" \/>\n<meta property=\"og:site_name\" content=\"Tablaos Flamencos\" \/>\n<meta property=\"article:publisher\" content=\"https:\/\/www.facebook.com\/tablaosflamencos\" \/>\n<meta property=\"article:published_time\" content=\"2026-01-30T17:17:22+00:00\" \/>\n<meta property=\"article:modified_time\" content=\"2026-09-04T16:41:12+00:00\" \/>\n<meta property=\"og:image\" content=\"https:\/\/www.tablaosflamencos.com\/wp-content\/uploads\/centro-flamenco-de-sevilla-01-49.webp\" \/>\n\t<meta property=\"og:image:width\" content=\"1920\" \/>\n\t<meta property=\"og:image:height\" content=\"1280\" \/>\n\t<meta property=\"og:image:type\" content=\"image\/webp\" \/>\n<meta name=\"author\" content=\"Miguel Ortiz\" \/>\n<meta name=\"twitter:card\" content=\"summary_large_image\" \/>\n<meta name=\"twitter:creator\" content=\"@tablaosflamenco\" \/>\n<meta name=\"twitter:site\" content=\"@tablaosflamenco\" \/>\n<meta name=\"twitter:label1\" content=\"Verfasst von\" \/>\n\t<meta name=\"twitter:data1\" content=\"Miguel Ortiz\" \/>\n\t<meta name=\"twitter:label2\" content=\"Gesch\u00e4tzte Lesezeit\" \/>\n\t<meta name=\"twitter:data2\" content=\"18\u00a0Minuten\" \/>\n<script type=\"application\/ld+json\" class=\"yoast-schema-graph\">{\"@context\":\"https:\\\/\\\/schema.org\",\"@graph\":[{\"@type\":\"Article\",\"@id\":\"https:\\\/\\\/www.tablaosflamencos.com\\\/de\\\/centro-flamenco-sevilla-treffpunkt-flamenco.html#article\",\"isPartOf\":{\"@id\":\"https:\\\/\\\/www.tablaosflamencos.com\\\/de\\\/centro-flamenco-sevilla-treffpunkt-flamenco.html\"},\"author\":{\"name\":\"Miguel Ortiz\",\"@id\":\"https:\\\/\\\/www.tablaosflamencos.com\\\/de#\\\/schema\\\/person\\\/e7a9ebe14eb75a52ceabfbffb3c54f5d\"},\"headline\":\"Als das Centro Flamenco de Sevilla ein Treffpunkt der Flamenco-Szene der Stadt war\",\"datePublished\":\"2026-01-30T17:17:22+00:00\",\"dateModified\":\"2026-09-04T16:41:12+00:00\",\"mainEntityOfPage\":{\"@id\":\"https:\\\/\\\/www.tablaosflamencos.com\\\/de\\\/centro-flamenco-sevilla-treffpunkt-flamenco.html\"},\"wordCount\":3652,\"publisher\":{\"@id\":\"https:\\\/\\\/www.tablaosflamencos.com\\\/de#organization\"},\"image\":{\"@id\":\"https:\\\/\\\/www.tablaosflamencos.com\\\/de\\\/centro-flamenco-sevilla-treffpunkt-flamenco.html#primaryimage\"},\"thumbnailUrl\":\"https:\\\/\\\/www.tablaosflamencos.com\\\/wp-content\\\/uploads\\\/centro-flamenco-de-sevilla-01-49.webp\",\"keywords\":[\"Centro Flamenco de Sevilla\",\"flamenco en Sevilla\",\"Geschichte des Flamenco\",\"sevilla\",\"tablao flamenco Sevilla\",\"tablaos de Sevilla\"],\"articleSection\":[\"Tablaos und Flamenco-Shows\"],\"inLanguage\":\"de\"},{\"@type\":\"WebPage\",\"@id\":\"https:\\\/\\\/www.tablaosflamencos.com\\\/de\\\/centro-flamenco-sevilla-treffpunkt-flamenco.html\",\"url\":\"https:\\\/\\\/www.tablaosflamencos.com\\\/de\\\/centro-flamenco-sevilla-treffpunkt-flamenco.html\",\"name\":\"Centro Flamenco de Sevilla: Geschichte eines Flamenco-Treffpunkts\",\"isPartOf\":{\"@id\":\"https:\\\/\\\/www.tablaosflamencos.com\\\/de#website\"},\"primaryImageOfPage\":{\"@id\":\"https:\\\/\\\/www.tablaosflamencos.com\\\/de\\\/centro-flamenco-sevilla-treffpunkt-flamenco.html#primaryimage\"},\"image\":{\"@id\":\"https:\\\/\\\/www.tablaosflamencos.com\\\/de\\\/centro-flamenco-sevilla-treffpunkt-flamenco.html#primaryimage\"},\"thumbnailUrl\":\"https:\\\/\\\/www.tablaosflamencos.com\\\/wp-content\\\/uploads\\\/centro-flamenco-de-sevilla-01-49.webp\",\"datePublished\":\"2026-01-30T17:17:22+00:00\",\"dateModified\":\"2026-09-04T16:41:12+00:00\",\"description\":\"Die Geschichte des Centro Flamenco de Sevilla in der C\\\/ Francos 33: ein intimer Ort, der zwischen 2022 und 2024 K\u00fcnstler, Fachleute und Flamenco-Fans zusammenbrachte.\",\"breadcrumb\":{\"@id\":\"https:\\\/\\\/www.tablaosflamencos.com\\\/de\\\/centro-flamenco-sevilla-treffpunkt-flamenco.html#breadcrumb\"},\"inLanguage\":\"de\",\"potentialAction\":[{\"@type\":\"ReadAction\",\"target\":[\"https:\\\/\\\/www.tablaosflamencos.com\\\/de\\\/centro-flamenco-sevilla-treffpunkt-flamenco.html\"]}]},{\"@type\":\"ImageObject\",\"inLanguage\":\"de\",\"@id\":\"https:\\\/\\\/www.tablaosflamencos.com\\\/de\\\/centro-flamenco-sevilla-treffpunkt-flamenco.html#primaryimage\",\"url\":\"https:\\\/\\\/www.tablaosflamencos.com\\\/wp-content\\\/uploads\\\/centro-flamenco-de-sevilla-01-49.webp\",\"contentUrl\":\"https:\\\/\\\/www.tablaosflamencos.com\\\/wp-content\\\/uploads\\\/centro-flamenco-de-sevilla-01-49.webp\",\"width\":1920,\"height\":1280,\"caption\":\"Centro Flamenco de Sevilla\"},{\"@type\":\"BreadcrumbList\",\"@id\":\"https:\\\/\\\/www.tablaosflamencos.com\\\/de\\\/centro-flamenco-sevilla-treffpunkt-flamenco.html#breadcrumb\",\"itemListElement\":[{\"@type\":\"ListItem\",\"position\":1,\"name\":\"Home\",\"item\":\"https:\\\/\\\/www.tablaosflamencos.com\\\/de\"},{\"@type\":\"ListItem\",\"position\":2,\"name\":\"Als das Centro Flamenco de Sevilla ein Treffpunkt der Flamenco-Szene der Stadt war\"}]},{\"@type\":\"WebSite\",\"@id\":\"https:\\\/\\\/www.tablaosflamencos.com\\\/de#website\",\"url\":\"https:\\\/\\\/www.tablaosflamencos.com\\\/de\",\"name\":\"Tablaos Flamencos\",\"description\":\"Entradas para tablaos flamencos de Espa\u00f1a\",\"publisher\":{\"@id\":\"https:\\\/\\\/www.tablaosflamencos.com\\\/de#organization\"},\"alternateName\":\"Tablaos Flamencos\",\"potentialAction\":[{\"@type\":\"SearchAction\",\"target\":{\"@type\":\"EntryPoint\",\"urlTemplate\":\"https:\\\/\\\/www.tablaosflamencos.com\\\/de?s={search_term_string}\"},\"query-input\":{\"@type\":\"PropertyValueSpecification\",\"valueRequired\":true,\"valueName\":\"search_term_string\"}}],\"inLanguage\":\"de\"},{\"@type\":[\"Organization\",\"Place\",\"EntertainmentBusiness\"],\"@id\":\"https:\\\/\\\/www.tablaosflamencos.com\\\/de#organization\",\"name\":\"Tablaos Flamencos\",\"alternateName\":\"Tablaos Flamencos\",\"url\":\"https:\\\/\\\/www.tablaosflamencos.com\\\/de\",\"logo\":{\"@id\":\"https:\\\/\\\/www.tablaosflamencos.com\\\/de\\\/centro-flamenco-sevilla-treffpunkt-flamenco.html#local-main-organization-logo\"},\"image\":{\"@id\":\"https:\\\/\\\/www.tablaosflamencos.com\\\/de\\\/centro-flamenco-sevilla-treffpunkt-flamenco.html#local-main-organization-logo\"},\"sameAs\":[\"https:\\\/\\\/www.facebook.com\\\/tablaosflamencos\",\"https:\\\/\\\/x.com\\\/tablaosflamenco\",\"https:\\\/\\\/mastodon.social\\\/@tablaosflamencos\",\"https:\\\/\\\/www.instagram.com\\\/tablaosflamencos\",\"https:\\\/\\\/tiktok.com\\\/@tablaosflamencos\",\"https:\\\/\\\/www.linkedin.com\\\/company\\\/109408238\\\/\"],\"description\":\"Venta de entradas para espect\u00e1culos flamencos\",\"legalName\":\"Tablaos Flamencos\",\"foundingDate\":\"2015-01-01\",\"numberOfEmployees\":{\"@type\":\"QuantitativeValue\",\"minValue\":\"1\",\"maxValue\":\"10\"},\"address\":{\"@id\":\"https:\\\/\\\/www.tablaosflamencos.com\\\/de\\\/centro-flamenco-sevilla-treffpunkt-flamenco.html#local-main-place-address\"},\"geo\":{\"@type\":\"GeoCoordinates\",\"latitude\":\"37.3868072\",\"longitude\":\"-5.993280299999999\"},\"telephone\":[\"+34623787787\"],\"contactPoint\":{\"@type\":\"ContactPoint\",\"telephone\":\"+34623787787\",\"email\":\"info@tablaosflamencos.com\"},\"openingHoursSpecification\":{\"@type\":\"OpeningHoursSpecification\",\"dayOfWeek\":[\"Monday\",\"Tuesday\",\"Wednesday\",\"Thursday\",\"Friday\",\"Saturday\",\"Sunday\"],\"opens\":\"00:00\",\"closes\":\"23:59\"},\"email\":\"info@tablaosflamencos.com\",\"priceRange\":\"$$$\",\"currenciesAccepted\":\"\u20ac\"},{\"@type\":\"Person\",\"@id\":\"https:\\\/\\\/www.tablaosflamencos.com\\\/de#\\\/schema\\\/person\\\/e7a9ebe14eb75a52ceabfbffb3c54f5d\",\"name\":\"Miguel Ortiz\",\"description\":\"Miguel Ortiz es un empresario flamenco, con una s\u00f3lida trayectoria dentro del sector. Ha presidido entidades culturales vinculadas al flamenco y, cuenta con un amplio recorrido profesional en la gesti\u00f3n y promoci\u00f3n de espect\u00e1culos y tablaos flamencos. Su pasi\u00f3n por la historia y el arte flamenco se refleja en cada art\u00edculo, donde combina experiencia, criterio y un profundo respeto por la tradici\u00f3n.\",\"sameAs\":[\"https:\\\/\\\/www.tablaosflamencos.com\",\"https:\\\/\\\/www.instagra.com\\\/miguelortizfe\",\"https:\\\/\\\/www.linkedin.com\\\/in\\\/miguelortizf\\\/\"],\"birthDate\":\"1984-11-22\",\"gender\":\"hombre\",\"knowsLanguage\":[\"espa\u00f1ol\",\"ingl\u00e9s\"],\"jobTitle\":\"Empresario flamenco\"},{\"@type\":\"PostalAddress\",\"@id\":\"https:\\\/\\\/www.tablaosflamencos.com\\\/de\\\/centro-flamenco-sevilla-treffpunkt-flamenco.html#local-main-place-address\",\"streetAddress\":\"C\\\/ Alemanes, 19\",\"addressLocality\":\"Sevilla\",\"postalCode\":\"41004\",\"addressRegion\":\"Sevilla\",\"addressCountry\":\"ES\"},{\"@type\":\"ImageObject\",\"inLanguage\":\"de\",\"@id\":\"https:\\\/\\\/www.tablaosflamencos.com\\\/de\\\/centro-flamenco-sevilla-treffpunkt-flamenco.html#local-main-organization-logo\",\"url\":\"https:\\\/\\\/www.tablaosflamencos.com\\\/wp-content\\\/uploads\\\/tablaos-flamencos-06-3.webp\",\"contentUrl\":\"https:\\\/\\\/www.tablaosflamencos.com\\\/wp-content\\\/uploads\\\/tablaos-flamencos-06-3.webp\",\"width\":600,\"height\":620,\"caption\":\"Tablaos Flamencos\"}]}<\/script>\n<meta name=\"geo.placename\" content=\"Sevilla\" \/>\n<meta name=\"geo.position\" content=\"37.3868072;-5.993280299999999\" \/>\n<meta name=\"geo.region\" content=\"Spanien\" \/>\n<!-- \/ Yoast SEO Premium plugin. -->","yoast_head_json":{"title":"Centro Flamenco de Sevilla: Geschichte eines Flamenco-Treffpunkts","description":"Die Geschichte des Centro Flamenco de Sevilla in der C\/ Francos 33: ein intimer Ort, der zwischen 2022 und 2024 K\u00fcnstler, Fachleute und Flamenco-Fans zusammenbrachte.","robots":{"index":"index","follow":"follow","max-snippet":"max-snippet:-1","max-image-preview":"max-image-preview:large","max-video-preview":"max-video-preview:-1"},"canonical":"https:\/\/www.tablaosflamencos.com\/de\/centro-flamenco-sevilla-treffpunkt-flamenco.html","og_locale":"de_DE","og_type":"article","og_title":"Als das Centro Flamenco de Sevilla ein Treffpunkt der Flamenco-Szene der Stadt war","og_description":"Die Geschichte des Centro Flamenco de Sevilla in der C\/ Francos 33: ein intimer Ort, der zwischen 2022 und 2024 K\u00fcnstler, Fachleute und Flamenco-Fans zusammenbrachte.","og_url":"https:\/\/www.tablaosflamencos.com\/de\/centro-flamenco-sevilla-treffpunkt-flamenco.html","og_site_name":"Tablaos Flamencos","article_publisher":"https:\/\/www.facebook.com\/tablaosflamencos","article_published_time":"2026-01-30T17:17:22+00:00","article_modified_time":"2026-09-04T16:41:12+00:00","og_image":[{"width":1920,"height":1280,"url":"https:\/\/www.tablaosflamencos.com\/wp-content\/uploads\/centro-flamenco-de-sevilla-01-49.webp","type":"image\/webp"}],"author":"Miguel Ortiz","twitter_card":"summary_large_image","twitter_creator":"@tablaosflamenco","twitter_site":"@tablaosflamenco","twitter_misc":{"Verfasst von":"Miguel Ortiz","Gesch\u00e4tzte Lesezeit":"18\u00a0Minuten"},"schema":{"@context":"https:\/\/schema.org","@graph":[{"@type":"Article","@id":"https:\/\/www.tablaosflamencos.com\/de\/centro-flamenco-sevilla-treffpunkt-flamenco.html#article","isPartOf":{"@id":"https:\/\/www.tablaosflamencos.com\/de\/centro-flamenco-sevilla-treffpunkt-flamenco.html"},"author":{"name":"Miguel Ortiz","@id":"https:\/\/www.tablaosflamencos.com\/de#\/schema\/person\/e7a9ebe14eb75a52ceabfbffb3c54f5d"},"headline":"Als das Centro Flamenco de Sevilla ein Treffpunkt der Flamenco-Szene der Stadt war","datePublished":"2026-01-30T17:17:22+00:00","dateModified":"2026-09-04T16:41:12+00:00","mainEntityOfPage":{"@id":"https:\/\/www.tablaosflamencos.com\/de\/centro-flamenco-sevilla-treffpunkt-flamenco.html"},"wordCount":3652,"publisher":{"@id":"https:\/\/www.tablaosflamencos.com\/de#organization"},"image":{"@id":"https:\/\/www.tablaosflamencos.com\/de\/centro-flamenco-sevilla-treffpunkt-flamenco.html#primaryimage"},"thumbnailUrl":"https:\/\/www.tablaosflamencos.com\/wp-content\/uploads\/centro-flamenco-de-sevilla-01-49.webp","keywords":["Centro Flamenco de Sevilla","flamenco en Sevilla","Geschichte des Flamenco","sevilla","tablao flamenco Sevilla","tablaos de Sevilla"],"articleSection":["Tablaos und Flamenco-Shows"],"inLanguage":"de"},{"@type":"WebPage","@id":"https:\/\/www.tablaosflamencos.com\/de\/centro-flamenco-sevilla-treffpunkt-flamenco.html","url":"https:\/\/www.tablaosflamencos.com\/de\/centro-flamenco-sevilla-treffpunkt-flamenco.html","name":"Centro Flamenco de Sevilla: Geschichte eines Flamenco-Treffpunkts","isPartOf":{"@id":"https:\/\/www.tablaosflamencos.com\/de#website"},"primaryImageOfPage":{"@id":"https:\/\/www.tablaosflamencos.com\/de\/centro-flamenco-sevilla-treffpunkt-flamenco.html#primaryimage"},"image":{"@id":"https:\/\/www.tablaosflamencos.com\/de\/centro-flamenco-sevilla-treffpunkt-flamenco.html#primaryimage"},"thumbnailUrl":"https:\/\/www.tablaosflamencos.com\/wp-content\/uploads\/centro-flamenco-de-sevilla-01-49.webp","datePublished":"2026-01-30T17:17:22+00:00","dateModified":"2026-09-04T16:41:12+00:00","description":"Die Geschichte des Centro Flamenco de Sevilla in der C\/ Francos 33: ein intimer Ort, der zwischen 2022 und 2024 K\u00fcnstler, Fachleute und Flamenco-Fans zusammenbrachte.","breadcrumb":{"@id":"https:\/\/www.tablaosflamencos.com\/de\/centro-flamenco-sevilla-treffpunkt-flamenco.html#breadcrumb"},"inLanguage":"de","potentialAction":[{"@type":"ReadAction","target":["https:\/\/www.tablaosflamencos.com\/de\/centro-flamenco-sevilla-treffpunkt-flamenco.html"]}]},{"@type":"ImageObject","inLanguage":"de","@id":"https:\/\/www.tablaosflamencos.com\/de\/centro-flamenco-sevilla-treffpunkt-flamenco.html#primaryimage","url":"https:\/\/www.tablaosflamencos.com\/wp-content\/uploads\/centro-flamenco-de-sevilla-01-49.webp","contentUrl":"https:\/\/www.tablaosflamencos.com\/wp-content\/uploads\/centro-flamenco-de-sevilla-01-49.webp","width":1920,"height":1280,"caption":"Centro Flamenco de Sevilla"},{"@type":"BreadcrumbList","@id":"https:\/\/www.tablaosflamencos.com\/de\/centro-flamenco-sevilla-treffpunkt-flamenco.html#breadcrumb","itemListElement":[{"@type":"ListItem","position":1,"name":"Home","item":"https:\/\/www.tablaosflamencos.com\/de"},{"@type":"ListItem","position":2,"name":"Als das Centro Flamenco de Sevilla ein Treffpunkt der Flamenco-Szene der Stadt war"}]},{"@type":"WebSite","@id":"https:\/\/www.tablaosflamencos.com\/de#website","url":"https:\/\/www.tablaosflamencos.com\/de","name":"Tablaos Flamencos","description":"Entradas para tablaos flamencos de Espa\u00f1a","publisher":{"@id":"https:\/\/www.tablaosflamencos.com\/de#organization"},"alternateName":"Tablaos Flamencos","potentialAction":[{"@type":"SearchAction","target":{"@type":"EntryPoint","urlTemplate":"https:\/\/www.tablaosflamencos.com\/de?s={search_term_string}"},"query-input":{"@type":"PropertyValueSpecification","valueRequired":true,"valueName":"search_term_string"}}],"inLanguage":"de"},{"@type":["Organization","Place","EntertainmentBusiness"],"@id":"https:\/\/www.tablaosflamencos.com\/de#organization","name":"Tablaos Flamencos","alternateName":"Tablaos Flamencos","url":"https:\/\/www.tablaosflamencos.com\/de","logo":{"@id":"https:\/\/www.tablaosflamencos.com\/de\/centro-flamenco-sevilla-treffpunkt-flamenco.html#local-main-organization-logo"},"image":{"@id":"https:\/\/www.tablaosflamencos.com\/de\/centro-flamenco-sevilla-treffpunkt-flamenco.html#local-main-organization-logo"},"sameAs":["https:\/\/www.facebook.com\/tablaosflamencos","https:\/\/x.com\/tablaosflamenco","https:\/\/mastodon.social\/@tablaosflamencos","https:\/\/www.instagram.com\/tablaosflamencos","https:\/\/tiktok.com\/@tablaosflamencos","https:\/\/www.linkedin.com\/company\/109408238\/"],"description":"Venta de entradas para espect\u00e1culos flamencos","legalName":"Tablaos Flamencos","foundingDate":"2015-01-01","numberOfEmployees":{"@type":"QuantitativeValue","minValue":"1","maxValue":"10"},"address":{"@id":"https:\/\/www.tablaosflamencos.com\/de\/centro-flamenco-sevilla-treffpunkt-flamenco.html#local-main-place-address"},"geo":{"@type":"GeoCoordinates","latitude":"37.3868072","longitude":"-5.993280299999999"},"telephone":["+34623787787"],"contactPoint":{"@type":"ContactPoint","telephone":"+34623787787","email":"info@tablaosflamencos.com"},"openingHoursSpecification":{"@type":"OpeningHoursSpecification","dayOfWeek":["Monday","Tuesday","Wednesday","Thursday","Friday","Saturday","Sunday"],"opens":"00:00","closes":"23:59"},"email":"info@tablaosflamencos.com","priceRange":"$$$","currenciesAccepted":"\u20ac"},{"@type":"Person","@id":"https:\/\/www.tablaosflamencos.com\/de#\/schema\/person\/e7a9ebe14eb75a52ceabfbffb3c54f5d","name":"Miguel Ortiz","description":"Miguel Ortiz es un empresario flamenco, con una s\u00f3lida trayectoria dentro del sector. Ha presidido entidades culturales vinculadas al flamenco y, cuenta con un amplio recorrido profesional en la gesti\u00f3n y promoci\u00f3n de espect\u00e1culos y tablaos flamencos. Su pasi\u00f3n por la historia y el arte flamenco se refleja en cada art\u00edculo, donde combina experiencia, criterio y un profundo respeto por la tradici\u00f3n.","sameAs":["https:\/\/www.tablaosflamencos.com","https:\/\/www.instagra.com\/miguelortizfe","https:\/\/www.linkedin.com\/in\/miguelortizf\/"],"birthDate":"1984-11-22","gender":"hombre","knowsLanguage":["espa\u00f1ol","ingl\u00e9s"],"jobTitle":"Empresario flamenco"},{"@type":"PostalAddress","@id":"https:\/\/www.tablaosflamencos.com\/de\/centro-flamenco-sevilla-treffpunkt-flamenco.html#local-main-place-address","streetAddress":"C\/ Alemanes, 19","addressLocality":"Sevilla","postalCode":"41004","addressRegion":"Sevilla","addressCountry":"ES"},{"@type":"ImageObject","inLanguage":"de","@id":"https:\/\/www.tablaosflamencos.com\/de\/centro-flamenco-sevilla-treffpunkt-flamenco.html#local-main-organization-logo","url":"https:\/\/www.tablaosflamencos.com\/wp-content\/uploads\/tablaos-flamencos-06-3.webp","contentUrl":"https:\/\/www.tablaosflamencos.com\/wp-content\/uploads\/tablaos-flamencos-06-3.webp","width":600,"height":620,"caption":"Tablaos Flamencos"}]},"geo.placename":"Sevilla","geo.position":{"lat":"37.3868072","long":"-5.993280299999999"},"geo.region":"Spanien"},"_links":{"self":[{"href":"https:\/\/www.tablaosflamencos.com\/de\/wp-json\/wp\/v2\/posts\/14483","targetHints":{"allow":["GET"]}}],"collection":[{"href":"https:\/\/www.tablaosflamencos.com\/de\/wp-json\/wp\/v2\/posts"}],"about":[{"href":"https:\/\/www.tablaosflamencos.com\/de\/wp-json\/wp\/v2\/types\/post"}],"author":[{"embeddable":true,"href":"https:\/\/www.tablaosflamencos.com\/de\/wp-json\/wp\/v2\/users\/1"}],"replies":[{"embeddable":true,"href":"https:\/\/www.tablaosflamencos.com\/de\/wp-json\/wp\/v2\/comments?post=14483"}],"version-history":[{"count":2,"href":"https:\/\/www.tablaosflamencos.com\/de\/wp-json\/wp\/v2\/posts\/14483\/revisions"}],"predecessor-version":[{"id":14493,"href":"https:\/\/www.tablaosflamencos.com\/de\/wp-json\/wp\/v2\/posts\/14483\/revisions\/14493"}],"wp:featuredmedia":[{"embeddable":true,"href":"https:\/\/www.tablaosflamencos.com\/de\/wp-json\/wp\/v2\/media\/14456"}],"wp:attachment":[{"href":"https:\/\/www.tablaosflamencos.com\/de\/wp-json\/wp\/v2\/media?parent=14483"}],"wp:term":[{"taxonomy":"category","embeddable":true,"href":"https:\/\/www.tablaosflamencos.com\/de\/wp-json\/wp\/v2\/categories?post=14483"},{"taxonomy":"post_tag","embeddable":true,"href":"https:\/\/www.tablaosflamencos.com\/de\/wp-json\/wp\/v2\/tags?post=14483"}],"curies":[{"name":"wp","href":"https:\/\/api.w.org\/{rel}","templated":true}]}}