{"id":14395,"date":"2026-09-04T17:00:57","date_gmt":"2026-09-04T15:00:57","guid":{"rendered":"https:\/\/www.tablaosflamencos.com\/?p=14395"},"modified":"2026-09-04T17:31:40","modified_gmt":"2026-09-04T15:31:40","slug":"festival-cante-jondo-antonio-mairena-2026-ab-sevilla","status":"publish","type":"post","link":"https:\/\/www.tablaosflamencos.com\/de\/festival-cante-jondo-antonio-mairena-2026-ab-sevilla.html","title":{"rendered":"Festival de Cante Jondo Antonio Mairena 2026: Programm, Tickets und Anreise ab Sevilla"},"content":{"rendered":"<section class=\"l-section wpb_row height_huge\"><div class=\"l-section-h i-cf\"><div class=\"g-cols vc_row via_flex valign_middle type_default stacking_default\"><div class=\"vc_col-sm-6 wpb_column vc_column_container\"><div class=\"vc_column-inner\"><div class=\"wpb_wrapper\"><div class=\"wpb_text_column\"><div class=\"wpb_wrapper\"><h2>Eines der gro\u00dfen Cante-jondo-Ereignisse weniger als eine Stunde von Sevilla entfernt<\/h2>\n<p>Das <strong>Festival de Cante Jondo Antonio Mairena 2026<\/strong> feiert seine 65. Ausgabe vom <strong>1. bis 5. September 2026<\/strong> in Mairena del Alcor. Als Fest von touristischem Interesse Andalusiens ausgezeichnet, bietet es f\u00fcnf Tage lang Cante, Tanz, Gitarre, Vortr\u00e4ge und Bildungsangebote an mehreren Veranstaltungsorten der Gemeinde in der Provinz Sevilla.<\/p>\n<p>Die Ausgabe 2026 ist dem Cantaor <strong>Diego Clavel<\/strong> gewidmet und endet am Samstag, dem 5. September, mit einer gro\u00dfen Gala im Auditorio Municipal Manuel Mairena. Auf dem Programm stehen Jos\u00e9 Merc\u00e9, La Macanita, Juan de Mairena, Roc\u00edo Luna und Farruquito sowie erstklassige Gitarristen und Begleitk\u00fcnstler.<\/p>\n<p>In diesem Guide finden Sie das vollst\u00e4ndige Programm, die offiziellen Ticketpreise und Verkaufsstellen, die Veranstaltungsorte des Festivals und die praktischsten M\u00f6glichkeiten, Mairena del Alcor von Sevilla aus zu erreichen.<\/p>\n<\/div><\/div><\/div><\/div><\/div><div class=\"vc_col-sm-6 wpb_column vc_column_container\"><div class=\"vc_column-inner\"><div class=\"wpb_wrapper\"><div class=\"wpb_text_column\"><div class=\"wpb_wrapper\"><blockquote>\n<p style=\"margin: 0;\"><strong>Kurzantwort:<\/strong> Das Festival de Cante Jondo Antonio Mairena 2026 findet vom 1. bis 5. September in Mairena del Alcor statt. Die gro\u00dfe Gala ist am Samstag, dem 5., um 22:00 Uhr im Auditorio Municipal Manuel Mairena mit Jos\u00e9 Merc\u00e9, La Macanita, Juan de Mairena, Roc\u00edo Luna und Farruquito. Tickets kosten ab 10 Euro und werden \u00fcber die offiziellen Kan\u00e4le der Stadtverwaltung und Giglon verkauft.<\/p>\n<\/blockquote>\n<\/div><\/div><\/div><\/div><\/div><\/div><\/div><\/section><section class=\"l-section wpb_row height_huge\"><div class=\"l-section-h i-cf\"><div class=\"g-cols vc_row via_flex valign_top type_default stacking_default\"><div class=\"vc_col-sm-3 wpb_column vc_column_container\"><div class=\"vc_column-inner\"><div class=\"wpb_wrapper\"><\/div><\/div><\/div><div class=\"vc_col-sm-6 wpb_column vc_column_container\"><div class=\"vc_column-inner\"><div class=\"wpb_wrapper\"><div class=\"wpb_text_column\"><div class=\"wpb_wrapper\"><h2>Inhalt dieses Guides<\/h2>\n<ul>\n<li><a href=\"#datos-clave\">Die wichtigsten Daten zum Festival Antonio Mairena 2026<\/a><\/li>\n<li><a href=\"#programacion\">Vollst\u00e4ndiges Programm vom 1. bis 5. September<\/a><\/li>\n<li><a href=\"#gala\">Die gro\u00dfe Gala am Samstag, dem 5.<\/a><\/li>\n<li><a href=\"#concurso\">Der Nationale Wettbewerb wird zum Festival<\/a><\/li>\n<li><a href=\"#entradas\">Tickets, Preise und Verkaufsstellen<\/a><\/li>\n<li><a href=\"#espacios\">Wo das Festival stattfindet<\/a><\/li>\n<li><a href=\"#desde-sevilla\">Anreise ab Sevilla<\/a><\/li>\n<li><a href=\"#consejos\">Praktische Tipps<\/a><\/li>\n<li><a href=\"#faq\">H\u00e4ufig gestellte Fragen<\/a><\/li>\n<\/ul>\n<\/div><\/div><\/div><\/div><\/div><div class=\"vc_col-sm-3 wpb_column vc_column_container\"><div class=\"vc_column-inner\"><div class=\"wpb_wrapper\"><\/div><\/div><\/div><\/div><\/div><\/section><section class=\"l-section wpb_row height_huge color_alternate with_shape\"><div class=\"l-section-shape type_zigzag pos_top hor_flip\" style=\"height:3vmin;\"><svg xmlns=\"http:\/\/www.w3.org\/2000\/svg\" viewBox=\"0 0 64 8\" preserveAspectRatio=\"none\" width=\"100%\" height=\"100%\">\r\n\t<path fill=\"currentColor\" d=\"M64 8 L0 8 L0 0 L20 7.9 L40 3 L48 5 L64 0 Z\"\/>\r\n<\/svg><\/div><div class=\"l-section-shape type_zigzag pos_bottom\" style=\"height:3vmin;\"><svg xmlns=\"http:\/\/www.w3.org\/2000\/svg\" viewBox=\"0 0 64 8\" preserveAspectRatio=\"none\" width=\"100%\" height=\"100%\">\r\n\t<path fill=\"currentColor\" d=\"M64 8 L0 8 L0 0 L20 7.9 L40 3 L48 5 L64 0 Z\"\/>\r\n<\/svg><\/div><div class=\"l-section-h i-cf\"><div class=\"g-cols vc_row via_flex valign_top type_default stacking_default\"><div class=\"vc_col-sm-12 wpb_column vc_column_container\"><div class=\"vc_column-inner\"><div class=\"wpb_wrapper\"><div class=\"wpb_text_column\"><div class=\"wpb_wrapper\"><h2 id=\"datos-clave\">Festival de Cante Jondo Antonio Mairena 2026: die wichtigsten Daten<\/h2>\n<table>\n<tbody>\n<tr>\n<td><strong>Ausgabe<\/strong><\/td>\n<td>LXV, 65. Ausgabe<\/td>\n<\/tr>\n<tr>\n<td><strong>Termine<\/strong><\/td>\n<td>1.\u20135. September 2026<\/td>\n<\/tr>\n<tr>\n<td><strong>Ort<\/strong><\/td>\n<td>Mairena del Alcor, Sevilla<\/td>\n<\/tr>\n<tr>\n<td><strong>Geehrter K\u00fcnstler<\/strong><\/td>\n<td>Diego Clavel<\/td>\n<\/tr>\n<tr>\n<td><strong>Hauptgala<\/strong><\/td>\n<td>Samstag, 5. September, 22:00 Uhr<\/td>\n<\/tr>\n<tr>\n<td><strong>Veranstaltungsort der Gala<\/strong><\/td>\n<td>Auditorio Municipal Manuel Mairena<\/td>\n<\/tr>\n<tr>\n<td><strong>Preis<\/strong><\/td>\n<td>Ab 10 \u20ac; Gala ab 15 \u20ac<\/td>\n<\/tr>\n<tr>\n<td><strong>Verkauf<\/strong><\/td>\n<td>Stadtverwaltung Mairena del Alcor, Giglon und Vor-Ort-Verkauf<\/td>\n<\/tr>\n<\/tbody>\n<\/table>\n<p>Das Festival wurde 1962 gegr\u00fcndet und hat sich zu einem der historischen H\u00f6hepunkte des andalusischen Flamenco-Kalenders entwickelt. Die Verbindung zu Antonio Mairena und zur Cante-Tradition von Los Alcores verleiht ihm eine besonders stark mit dem Gesang verbundene Identit\u00e4t, auch wenn das heutige Programm ebenfalls Raum f\u00fcr Tanz, Gitarre, Ausbildung und Vermittlung schafft.<\/p>\n<\/div><\/div><\/div><\/div><\/div><\/div><\/div><\/section><section class=\"l-section wpb_row height_huge\"><div class=\"l-section-h i-cf\"><div class=\"g-cols vc_row via_flex valign_top type_default stacking_default\"><div class=\"vc_col-sm-12 wpb_column vc_column_container\"><div class=\"vc_column-inner\"><div class=\"wpb_wrapper\"><div class=\"wpb_text_column\"><div class=\"wpb_wrapper\"><h2 id=\"programacion\">Vollst\u00e4ndiges Programm des Festival Antonio Mairena 2026<\/h2>\n<h3>Dienstag, 1. September: Er\u00f6ffnung und Hommage an Diego Clavel<\/h3>\n<p><strong>Casa Palacio de los Duques de Arcos.<\/strong><\/p>\n<ul>\n<li><strong>21:00 Uhr:<\/strong> offizielle Er\u00f6ffnung des LXV Festival de Cante Jondo Antonio Mairena.<\/li>\n<li><strong>21:15 Uhr:<\/strong> Vortrag \u201eDiego Clavel, Ethik und \u00c4sthetik\u201c von Pedro Lopeh.<\/li>\n<li><strong>22:30 Uhr:<\/strong> Recital von Rubito de Par\u00e1, begleitet von Antonio Carri\u00f3n an der Gitarre.<\/li>\n<\/ul>\n<p>Der erste Abend r\u00fcckt den geehrten K\u00fcnstler in den Mittelpunkt der Ausgabe und verbindet Reflexion mit Cante. Diego Clavel hat eine lange Geschichte mit dem Wettbewerb: 1970 gewann er den Concurso de Cante Jondo Antonio Mairena.<\/p>\n<h3>Mittwoch, 2. September: Ballet Flamenco de Andaluc\u00eda<\/h3>\n<p><strong>Teatro Municipal Calixto S\u00e1nchez, 21:30 Uhr.<\/strong> Das Ballet Flamenco de Andaluc\u00eda pr\u00e4sentiert <em>Flamenco Patrimonio<\/em>, eine Produktion \u00fcber die Wurzeln, Weitergabe und Entwicklung des Flamenco.<\/p>\n<h3>Donnerstag, 3. September: Ausbildung, Erinnerung und Gitarre<\/h3>\n<p>Der Tag verteilt sich auf das Teatro Municipal Calixto S\u00e1nchez und die Casa Palacio de los Duques de Arcos.<\/p>\n<ul>\n<li><strong>11:00 Uhr:<\/strong> kostenlose Tanz-Masterclass mit Alejandro Rodr\u00edguez, mit begrenzter Teilnehmerzahl.<\/li>\n<li><strong>21:00 Uhr:<\/strong> Begegnung \u201eRomerito de Jerez, fast ein Jahrhundert Flamenco-Zeitzeugenschaft\u201c mit Romerito de Jerez und Juan Garrido.<\/li>\n<li><strong>22:30 Uhr:<\/strong> Gitarrenrecital von Diego del Morao.<\/li>\n<\/ul>\n<p>Das Recital von Diego del Morao ist besonders f\u00fcr Gitarrenliebhaber interessant: Er geh\u00f6rt zu einer der gro\u00dfen Gitarrendynastien von Jerez, und seine Sprache verbindet Tradition, Pers\u00f6nlichkeit und einen entschieden zeitgen\u00f6ssischen Klang.<\/p>\n<h3 id=\"concurso\">Freitag, 4. September: LXIV Nationaler Cante-Jondo-Wettbewerb<\/h3>\n<p>2026 wird der eigentliche Wettbewerb ausnahmsweise verwandelt in <strong>\u201eDer Wettbewerb wird zum Festival\u201c<\/strong>, ein Treffen fr\u00fcherer Gewinner zu Ehren von Aurora Vargas.<\/p>\n<p>Ab 22:00 Uhr treten Remedios Reyes mit Julio Romero, Ana La Yiya mit Antonio Garc\u00eda, Caracolillo de C\u00e1diz mit Nono Reyes, Manuel C\u00e1stulo mit Manolo Herrera und Rubio de Pruna mit Marcos de Silva auf. Der Abend umfasst au\u00dferdem Tanz von Mar\u00eda T\u00e1vora und ihrer Gruppe, Palmas von Cepa N\u00fa\u00f1ez und Manuel Vinaza sowie die Moderation von Juan Garrido.<\/p>\n<\/div><\/div><\/div><\/div><\/div><\/div><\/div><\/section><section class=\"l-section wpb_row height_huge color_alternate with_shape\"><div class=\"l-section-shape type_zigzag pos_top hor_flip\" style=\"height:3vmin;\"><svg xmlns=\"http:\/\/www.w3.org\/2000\/svg\" viewBox=\"0 0 64 8\" preserveAspectRatio=\"none\" width=\"100%\" height=\"100%\">\r\n\t<path fill=\"currentColor\" d=\"M64 8 L0 8 L0 0 L20 7.9 L40 3 L48 5 L64 0 Z\"\/>\r\n<\/svg><\/div><div class=\"l-section-shape type_zigzag pos_bottom\" style=\"height:3vmin;\"><svg xmlns=\"http:\/\/www.w3.org\/2000\/svg\" viewBox=\"0 0 64 8\" preserveAspectRatio=\"none\" width=\"100%\" height=\"100%\">\r\n\t<path fill=\"currentColor\" d=\"M64 8 L0 8 L0 0 L20 7.9 L40 3 L48 5 L64 0 Z\"\/>\r\n<\/svg><\/div><div class=\"l-section-h i-cf\"><div class=\"g-cols vc_row via_flex valign_top type_default stacking_default\"><div class=\"vc_col-sm-12 wpb_column vc_column_container\"><div class=\"vc_column-inner\"><div class=\"wpb_wrapper\"><div class=\"wpb_text_column\"><div class=\"wpb_wrapper\"><h2 id=\"gala\">Samstag, 5. September: die gro\u00dfe Gala des Festivals<\/h2>\n<p><strong>Auditorio Municipal Manuel Mairena, 22:00 Uhr.<\/strong><\/p>\n<p>Der gro\u00dfe Abend der LXV Ausgabe vereint ein Programm, das unterschiedliche Generationen und Ausdrucksformen des Flamenco zusammenf\u00fchrt.<\/p>\n<ul>\n<li><strong>Cante:<\/strong> Jos\u00e9 Merc\u00e9, La Macanita, Juan de Mairena und Roc\u00edo Luna.<\/li>\n<li><strong>Gitarre:<\/strong> Antonio Higuero, Manuel Valencia und Francis G\u00f3mez.<\/li>\n<li><strong>Tanz:<\/strong> Juan Manuel Fern\u00e1ndez Montoya \u201eFarruquito\u201c.<\/li>\n<\/ul>\n<p>Farruquito wird von Ismael de la Rosa \u201eBola\u201c, Manuel de la Nina und Mari Viz\u00e1rraga im Cante, Manuel Valencia an der Gitarre und Paco Vega am Schlagwerk begleitet.<\/p>\n<p>F\u00fcr Besucher, die eigens aus Sevilla zu diesem Termin anreisen, ist die Gala das zentrale Ereignis des Festivals. Jos\u00e9 Merc\u00e9 und La Macanita stehen f\u00fcr zwei unverzichtbare Arten, den heutigen Cante zu verstehen, w\u00e4hrend Roc\u00edo Luna die Stimme einer j\u00fcngeren Generation einbringt. Farruquitos Tanz verleiht dem Abend eine starke B\u00fchnenwirkung, sodass er trotz des historischen Namens des Festivals nicht auf das traditionelle Recital von Cante und Gitarre beschr\u00e4nkt bleibt.<\/p>\n<\/div><\/div><\/div><\/div><\/div><\/div><\/div><\/section><section class=\"l-section wpb_row height_huge\"><div class=\"l-section-h i-cf\"><div class=\"g-cols vc_row via_flex valign_top type_default stacking_default\"><div class=\"vc_col-sm-12 wpb_column vc_column_container\"><div class=\"vc_column-inner\"><div class=\"wpb_wrapper\"><div class=\"wpb_text_column\"><div class=\"wpb_wrapper\"><h2 id=\"entradas\">Tickets f\u00fcr das Festival Antonio Mairena 2026: Preise und offizieller Verkauf<\/h2>\n<p>Der offizielle Verkauf erfolgt \u00fcber die von den Veranstaltern genannten Kan\u00e4le: die Website der Stadtverwaltung von Mairena del Alcor, die Plattform Giglon und der Vor-Ort-Verkauf in der Villa del Conocimiento y las Artes.<\/p>\n<table>\n<tbody>\n<tr>\n<td><strong>Flamenkada<\/strong><\/td>\n<td>10 \u20ac<\/td>\n<\/tr>\n<tr>\n<td><strong>Flamenkada + Festival<\/strong><\/td>\n<td>20 \u20ac<\/td>\n<\/tr>\n<tr>\n<td><strong>Flamenco Patrimonio<\/strong><\/td>\n<td>10 \u20ac<\/td>\n<\/tr>\n<tr>\n<td><strong>Festival-Gala, freie Platzwahl<\/strong><\/td>\n<td>15 \u20ac<\/td>\n<\/tr>\n<tr>\n<td><strong>Festival-Gala, nummerierter Platz<\/strong><\/td>\n<td>20 \u20ac<\/td>\n<\/tr>\n<tr>\n<td><strong>Flamenkada + Flamenco Patrimonio + Gala<\/strong><\/td>\n<td>25 \u20ac<\/td>\n<\/tr>\n<\/tbody>\n<\/table>\n<p>Der Vor-Ort-Verkauf wird im Geb\u00e4ude <strong>Villa del Conocimiento y las Artes<\/strong>von 9:00 bis 14:00 Uhr angeboten. Wie bei jedem Festival mit begrenzter Kapazit\u00e4t empfehlen wir, vor der Anreise die Verf\u00fcgbarkeit \u00fcber den offiziellen Kanal zu pr\u00fcfen, insbesondere f\u00fcr die Gala am Samstag.<\/p>\n<p>Wir empfehlen nicht, Tickets \u00fcber Vermittler zu kaufen, die von den Veranstaltern nicht genannt werden. Wenn eine Vorstellung auf der offiziellen Ticketplattform ausverkauft erscheint, lohnt sich auch ein Blick auf die aktuellen Informationen der Stadtverwaltung, falls R\u00fcckgaben, erneut freigegebene Kontingente oder besondere Hinweise der Abendkasse ver\u00f6ffentlicht werden.<\/p>\n<\/div><\/div><div class=\"w-separator size_medium\"><\/div><div class=\"w-hwrapper valign_top align_center\" style=\"--hwrapper-gap:1.2rem\"><div class=\"w-btn-wrapper align_center\"><a class=\"w-btn us-btn-style_1 icon_atleft\" href=\"https:\/\/www.giglon.com\"><i class=\"fas fa-ticket-alt\"><\/i><span class=\"w-btn-label\">Tickets bei Giglon kaufen<\/span><\/a><\/div><\/div><\/div><\/div><\/div><\/div><\/div><\/section><section class=\"l-section wpb_row height_huge color_alternate with_shape\"><div class=\"l-section-shape type_zigzag pos_top hor_flip\" style=\"height:3vmin;\"><svg xmlns=\"http:\/\/www.w3.org\/2000\/svg\" viewBox=\"0 0 64 8\" preserveAspectRatio=\"none\" width=\"100%\" height=\"100%\">\r\n\t<path fill=\"currentColor\" d=\"M64 8 L0 8 L0 0 L20 7.9 L40 3 L48 5 L64 0 Z\"\/>\r\n<\/svg><\/div><div class=\"l-section-shape type_zigzag pos_bottom\" style=\"height:3vmin;\"><svg xmlns=\"http:\/\/www.w3.org\/2000\/svg\" viewBox=\"0 0 64 8\" preserveAspectRatio=\"none\" width=\"100%\" height=\"100%\">\r\n\t<path fill=\"currentColor\" d=\"M64 8 L0 8 L0 0 L20 7.9 L40 3 L48 5 L64 0 Z\"\/>\r\n<\/svg><\/div><div class=\"l-section-h i-cf\"><div class=\"g-cols vc_row via_flex valign_top type_default stacking_default\"><div class=\"vc_col-sm-12 wpb_column vc_column_container\"><div class=\"vc_column-inner\"><div class=\"wpb_wrapper\"><div class=\"wpb_text_column\"><div class=\"wpb_wrapper\"><h2 id=\"espacios\">Wo das Festival stattfindet<\/h2>\n<p>Das Festival Antonio Mairena findet nicht an nur einem Ort statt. Das Programm nutzt mehrere Kulturst\u00e4tten in Mairena del Alcor:<\/p>\n<h3>Casa Palacio de los Duques de Arcos<\/h3>\n<p>Sie ist einer der historischen Schaupl\u00e4tze der Woche und beherbergt Vortr\u00e4ge, Begegnungen und Recitals. Die Atmosph\u00e4re des Innenhofs schafft einen intimeren Rahmen, der sich besonders f\u00fcr Cante und Gitarre eignet.<\/p>\n<h3>Teatro Municipal Calixto S\u00e1nchez<\/h3>\n<p>Hier finden Produktionen im Theaterformat wie die Auff\u00fchrung des Ballet Flamenco de Andaluc\u00eda sowie Bildungsangebote statt.<\/p>\n<h3>Auditorio Municipal Manuel Mairena<\/h3>\n<p>Es ist der gr\u00f6\u00dfte Veranstaltungsort und Schauplatz der gro\u00dfen Gala am Samstag, dem 5. September. Es liegt im Bereich Camino de Alconchel in Mairena del Alcor.<\/p>\n<p>Vor der Abfahrt sollte der genaue Veranstaltungsort jeder Aktivit\u00e4t gepr\u00fcft werden: Nicht alle Festivaltage finden im Auditorio Manuel Mairena statt.<\/p>\n<\/div><\/div><\/div><\/div><\/div><\/div><\/div><\/section><section class=\"l-section wpb_row height_huge\"><div class=\"l-section-h i-cf\"><div class=\"g-cols vc_row via_flex valign_top type_default stacking_default\"><div class=\"vc_col-sm-12 wpb_column vc_column_container\"><div class=\"vc_column-inner\"><div class=\"wpb_wrapper\"><div class=\"wpb_text_column\"><div class=\"wpb_wrapper\"><h2 id=\"desde-sevilla\">Anreise zum Festival Antonio Mairena ab Sevilla<\/h2>\n<p>Mairena del Alcor liegt \u00f6stlich von Sevilla in der Region Los Alcores. Besucher, die in der Stadt \u00fcbernachten, haben zwei Hauptm\u00f6glichkeiten: Auto und \u00dcberlandbus.<\/p>\n<h3>Mit dem Auto ab Sevilla<\/h3>\n<p>Dies ist die flexibelste Option, besonders f\u00fcr die Abendgala. Die Strecke betr\u00e4gt je nach Ausgangspunkt etwa 25\u201330 Kilometer und dauert unter normalen Bedingungen ungef\u00e4hr eine halbe Stunde \u00fcber die Zufahrten in Richtung Alcal\u00e1 de Guada\u00edra und Mairena del Alcor.<\/p>\n<p>Wenn Sie die Gala um 22:00 Uhr besuchen, empfehlen wir, gen\u00fcgend Zeit f\u00fcr die Parkplatzsuche und den Weg zum Veranstaltungsort einzuplanen. Bei einer Veranstaltung dieser Gr\u00f6\u00dfe kann sich der Verkehr auf den Zufahrten zum Auditorium verdichten.<\/p>\n<h3>Mit dem Bus ab Sevilla<\/h3>\n<p>Mairena del Alcor ist in das Metropolnetz des Consorcio de Transportes del \u00c1rea de Sevilla eingebunden. Zwischen Sevilla und der Gemeinde verkehren \u00dcberlandbusse, deren Fahrpl\u00e4ne je nach Werktag, Wochenende und Saison variieren.<\/p>\n<p>Bei einer Abendveranstaltung ist nicht nur die Hinfahrt entscheidend, sondern auch die <strong>letzte R\u00fcckfahrt nach Sevilla<\/strong>. Die Gala beginnt um 22:00 Uhr und kann l\u00e4nger dauern. Wenn Sie auf \u00f6ffentliche Verkehrsmittel angewiesen sind, sollten Sie daher unbedingt vor dem Ticketkauf den aktuell g\u00fcltigen Fahrplan pr\u00fcfen.<\/p>\n<p>Gibt es keine passende R\u00fcckfahrt, bleiben das eigene Fahrzeug, Taxi oder VTC. F\u00fcr Gruppen von zwei bis vier Personen kann eine gemeinsame Fahrt besonders praktisch sein.<\/p>\n<\/div><\/div><\/div><\/div><\/div><\/div><\/div><\/section><section class=\"l-section wpb_row height_huge color_alternate with_shape\"><div class=\"l-section-shape type_zigzag pos_top hor_flip\" style=\"height:3vmin;\"><svg xmlns=\"http:\/\/www.w3.org\/2000\/svg\" viewBox=\"0 0 64 8\" preserveAspectRatio=\"none\" width=\"100%\" height=\"100%\">\r\n\t<path fill=\"currentColor\" d=\"M64 8 L0 8 L0 0 L20 7.9 L40 3 L48 5 L64 0 Z\"\/>\r\n<\/svg><\/div><div class=\"l-section-shape type_zigzag pos_bottom\" style=\"height:3vmin;\"><svg xmlns=\"http:\/\/www.w3.org\/2000\/svg\" viewBox=\"0 0 64 8\" preserveAspectRatio=\"none\" width=\"100%\" height=\"100%\">\r\n\t<path fill=\"currentColor\" d=\"M64 8 L0 8 L0 0 L20 7.9 L40 3 L48 5 L64 0 Z\"\/>\r\n<\/svg><\/div><div class=\"l-section-h i-cf\"><div class=\"g-cols vc_row via_flex valign_top type_default stacking_default\"><div class=\"vc_col-sm-12 wpb_column vc_column_container\"><div class=\"vc_column-inner\"><div class=\"wpb_wrapper\"><div class=\"wpb_text_column\"><div class=\"wpb_wrapper\"><h2 id=\"consejos\">Tipps f\u00fcr die Planung Ihres Besuchs<\/h2>\n<ul>\n<li><strong>Pr\u00fcfen Sie Ihr Ticket vor der Abfahrt.<\/strong> Die Gala d\u00fcrfte die gr\u00f6\u00dfte Nachfrage haben.<\/li>\n<li><strong>Pr\u00fcfen Sie den genauen Veranstaltungsort.<\/strong> Das Festival nutzt drei verschiedene Veranstaltungsorte.<\/li>\n<li><strong>Kommen Sie fr\u00fchzeitig.<\/strong> Besonders bei Tickets mit freier Platzwahl.<\/li>\n<li><strong>Planen Sie die R\u00fcckfahrt nach Sevilla.<\/strong> Wenn Sie den Bus nutzen, pr\u00fcfen Sie die letzte Verbindung.<\/li>\n<li><strong>Beschr\u00e4nken Sie Ihren Besuch nicht auf die Gala.<\/strong> Der besondere Wettbewerb, die Recitals und Begegnungen zeigen eine weitere Seite des Festivals.<\/li>\n<li><strong>Nutzen Sie die Gelegenheit, Mairena del Alcor kennenzulernen.<\/strong> Das Festival ist eng mit der lokalen Identit\u00e4t und dem Andenken an Antonio Mairena verbunden.<\/li>\n<\/ul>\n<p>Wenn Sie mehrere Tage in Sevilla bleiben, k\u00f6nnen Sie diesen Ausflug mit dem regul\u00e4ren Angebot der <a href=\"https:\/\/www.tablaosflamencos.com\/flamenco-en-sevilla\"><strong>Flamenco-Tablaos in Sevilla<\/strong><\/a>verbinden. Die Erfahrung ist eine andere: Das Festival Antonio Mairena ist ein j\u00e4hrliches, in der Region und der Cante-Tradition verwurzeltes Ereignis, w\u00e4hrend Tablaos das ganze Jahr \u00fcber buchbare Vorstellungen bieten.<\/p>\n<\/div><\/div><\/div><\/div><\/div><\/div><\/div><\/section><section class=\"l-section wpb_row height_huge\"><div class=\"l-section-h i-cf\"><div class=\"g-cols vc_row via_flex valign_top type_default stacking_default\"><div class=\"vc_col-sm-12 wpb_column vc_column_container\"><div class=\"vc_column-inner\"><div class=\"wpb_wrapper\"><div class=\"wpb_text_column\"><div class=\"wpb_wrapper\"><h2>Warum das Festival Antonio Mairena weiterhin eine Referenz ist<\/h2>\n<p>Die Bedeutung des Festivals beruht nicht nur auf seinem Alter. Mairena del Alcor nimmt in der Geschichte des Flamenco aufgrund der Pers\u00f6nlichkeit Antonio Mairenas, der Rolle der lokalen Aficionados und eines Verst\u00e4ndnisses des Cante, das Forschung, Interpretation und Bewertung bestimmter Stile \u00fcber Jahrzehnte beeinflusste, eine besondere Stellung ein.<\/p>\n<p>Im Laufe der Zeit hat das Festival seine Ausdrucksformen erweitert, ohne diese Wurzeln zu verlieren. 2026 stehen ein Vortrag \u00fcber Diego Clavel, das Ballet Flamenco de Andaluc\u00eda, eine Masterclass, eine Begegnung mit Romerito de Jerez, die Gitarre von Diego del Morao, ein Abend mit ehemaligen Wettbewerbssiegern und eine Gala mit bedeutenden Pers\u00f6nlichkeiten aus Cante und Tanz nebeneinander.<\/p>\n<p>Diese Mischung erkl\u00e4rt die Anziehungskraft f\u00fcr unterschiedliche Zielgruppen. Aficionados finden K\u00fcnstler und Formate mit tiefer Verbindung zur Tradition; Einsteiger in den Flamenco erleben ein vielseitiges Programm; und Besucher in Sevilla erreichen in kurzer Entfernung ein Ereignis mit einer ganz anderen Identit\u00e4t als die gro\u00dfen Theater der Hauptstadt.<\/p>\n<\/div><\/div><\/div><\/div><\/div><\/div><\/div><\/section><section class=\"l-section wpb_row height_huge\"><div class=\"l-section-h i-cf\"><div class=\"g-cols vc_row via_flex valign_top type_default stacking_default\"><div class=\"vc_col-sm-1\/5 wpb_column vc_column_container\"><div class=\"vc_column-inner\"><div class=\"wpb_wrapper\"><\/div><\/div><\/div><div class=\"vc_col-sm-3\/5 wpb_column vc_column_container\"><div class=\"vc_column-inner\"><div class=\"wpb_wrapper\"><div class=\"wpb_text_column\"><div class=\"wpb_wrapper\"><h2 id=\"faq\">H\u00e4ufig gestellte Fragen zum Festival Antonio Mairena 2026<\/h2>\n<\/div><\/div><div class=\"w-separator size_medium\"><\/div><div class=\"w-tabs accordion toggle_style_1 has_scrolling\" style=\"--sections-title-size:inherit;--sections-gap:0.5rem;\"><div class=\"w-tabs-sections titles-align_none icon_chevron cpos_right\"><div class=\"w-tabs-section\" id=\"t8e9\"><button type=\"button\" class=\"w-tabs-section-header\" aria-controls=\"content-t8e9\" aria-expanded=\"false\"><div class=\"w-tabs-section-title\">Wann findet das Festival de Cante Jondo Antonio Mairena 2026 statt?<\/div><div class=\"w-tabs-section-control\"><\/div><\/button><div  class=\"w-tabs-section-content\" id=\"content-t8e9\"><div class=\"w-tabs-section-content-h i-cf\"><div class=\"wpb_text_column\"><div class=\"wpb_wrapper\"><p>Die LXV Ausgabe findet <strong>vom 1. bis 5. September 2026<\/strong> in Mairena del Alcor in der Provinz Sevilla statt.<\/p>\n<\/div><\/div><\/div><\/div><\/div><div class=\"w-tabs-section\" id=\"la79\"><button type=\"button\" class=\"w-tabs-section-header\" aria-controls=\"content-la79\" aria-expanded=\"false\"><div class=\"w-tabs-section-title\">Wann ist die gro\u00dfe Gala des Festivals?<\/div><div class=\"w-tabs-section-control\"><\/div><\/button><div  class=\"w-tabs-section-content\" id=\"content-la79\"><div class=\"w-tabs-section-content-h i-cf\"><div class=\"wpb_text_column\"><div class=\"wpb_wrapper\"><p>Die Hauptgala findet am <strong>Samstag, dem 5. September, um 22:00 Uhr<\/strong> im Auditorio Municipal Manuel Mairena statt.<\/p>\n<\/div><\/div><\/div><\/div><\/div><div class=\"w-tabs-section\" id=\"kb9f\"><button type=\"button\" class=\"w-tabs-section-header\" aria-controls=\"content-kb9f\" aria-expanded=\"false\"><div class=\"w-tabs-section-title\">Wer tritt bei der Gala 2026 auf?<\/div><div class=\"w-tabs-section-control\"><\/div><\/button><div  class=\"w-tabs-section-content\" id=\"content-kb9f\"><div class=\"w-tabs-section-content-h i-cf\"><div class=\"wpb_text_column\"><div class=\"wpb_wrapper\"><p>Das Programm umfasst Jos\u00e9 Merc\u00e9, La Macanita, Juan de Mairena und Roc\u00edo Luna im Cante sowie Farruquito im Tanz, zusammen mit den jeweiligen Gitarristen und Begleitk\u00fcnstlern.<\/p>\n<\/div><\/div><\/div><\/div><\/div><div class=\"w-tabs-section\" id=\"mcae\"><button type=\"button\" class=\"w-tabs-section-header\" aria-controls=\"content-mcae\" aria-expanded=\"false\"><div class=\"w-tabs-section-title\">Wie viel kosten die Tickets?<\/div><div class=\"w-tabs-section-control\"><\/div><\/button><div  class=\"w-tabs-section-content\" id=\"content-mcae\"><div class=\"w-tabs-section-content-h i-cf\"><div class=\"wpb_text_column\"><div class=\"wpb_wrapper\"><p>Die Preise beginnen bei <strong>10 Euro<\/strong>. Die Festival-Gala kostet laut den ver\u00f6ffentlichten offiziellen Angaben 15 Euro bei freier Platzwahl und 20 Euro f\u00fcr einen nummerierten Platz.<\/p>\n<\/div><\/div><\/div><\/div><\/div><div class=\"w-tabs-section\" id=\"ada5\"><button type=\"button\" class=\"w-tabs-section-header\" aria-controls=\"content-ada5\" aria-expanded=\"false\"><div class=\"w-tabs-section-title\">Wo kann man offizielle Tickets kaufen?<\/div><div class=\"w-tabs-section-control\"><\/div><\/button><div  class=\"w-tabs-section-content\" id=\"content-ada5\"><div class=\"w-tabs-section-content-h i-cf\"><div class=\"wpb_text_column\"><div class=\"wpb_wrapper\"><p>Die Veranstalter nennen den Verkauf \u00fcber die Stadtverwaltung von Mairena del Alcor, die Plattform Giglon und den Vor-Ort-Verkauf in der Villa del Conocimiento y las Artes.<\/p>\n<\/div><\/div><\/div><\/div><\/div><div class=\"w-tabs-section\" id=\"aed9\"><button type=\"button\" class=\"w-tabs-section-header\" aria-controls=\"content-aed9\" aria-expanded=\"false\"><div class=\"w-tabs-section-title\">Wem ist die Ausgabe 2026 gewidmet?<\/div><div class=\"w-tabs-section-control\"><\/div><\/button><div  class=\"w-tabs-section-content\" id=\"content-aed9\"><div class=\"w-tabs-section-content-h i-cf\"><div class=\"wpb_text_column\"><div class=\"wpb_wrapper\"><p>Die 65. Ausgabe ist dem Cantaor <strong>Diego Clavel<\/strong>gewidmet, dem Gewinner des Concurso Antonio Mairena 1970.<\/p>\n<\/div><\/div><\/div><\/div><\/div><div class=\"w-tabs-section\" id=\"qfba\"><button type=\"button\" class=\"w-tabs-section-header\" aria-controls=\"content-qfba\" aria-expanded=\"false\"><div class=\"w-tabs-section-title\">Kann man von Sevilla mit dem Bus anreisen?<\/div><div class=\"w-tabs-section-control\"><\/div><\/button><div  class=\"w-tabs-section-content\" id=\"content-qfba\"><div class=\"w-tabs-section-content-h i-cf\"><div class=\"wpb_text_column\"><div class=\"wpb_wrapper\"><p>Ja. Zwischen Sevilla und Mairena del Alcor bestehen Verbindungen des metropolitanen Verkehrsnetzes. Bei Abendveranstaltungen sollte vor der Reise unbedingt die letzte R\u00fcckfahrt gepr\u00fcft werden.<\/p>\n<\/div><\/div><\/div><\/div><\/div><div class=\"w-tabs-section\" id=\"f0ac\"><button type=\"button\" class=\"w-tabs-section-header\" aria-controls=\"content-f0ac\" aria-expanded=\"false\"><div class=\"w-tabs-section-title\">Ist Mairena del Alcor weit von Sevilla entfernt?<\/div><div class=\"w-tabs-section-control\"><\/div><\/button><div  class=\"w-tabs-section-content\" id=\"content-f0ac\"><div class=\"w-tabs-section-content-h i-cf\"><div class=\"wpb_text_column\"><div class=\"wpb_wrapper\"><p>Nein. Der Ort liegt etwa 25\u201330 Kilometer von Sevilla entfernt, und die Fahrt mit dem Auto dauert unter normalen Bedingungen meist ungef\u00e4hr eine halbe Stunde.<\/p>\n<\/div><\/div><\/div><\/div><\/div><\/div><\/div><\/div><\/div><\/div><div class=\"vc_col-sm-1\/5 wpb_column vc_column_container\"><div class=\"vc_column-inner\"><div class=\"wpb_wrapper\"><\/div><\/div><\/div><\/div><\/div><\/section>\n","protected":false},"excerpt":{"rendered":"<p>Guide zum Festival de Cante Jondo Antonio Mairena 2026: vollst\u00e4ndiges Programm, K\u00fcnstler, Tickets, Preise, Spielorte und Anreise ab Sevilla.<\/p>\n","protected":false},"author":1,"featured_media":14378,"comment_status":"closed","ping_status":"closed","sticky":false,"template":"","format":"standard","meta":{"_acf_changed":false,"wpai_generated_summary":"","_ayudawp_aiss_exclude":false,"_ayudawp_aiss_exclude_summary":false,"_ayudawp_aiss_summary":"","_ayudawp_aiss_summary_provider":"","_ayudawp_aiss_summary_hash":"","footnotes":""},"categories":[1669],"tags":[1992,1986,1247,1412],"class_list":["post-14395","post","type-post","status-publish","format-standard","has-post-thumbnail","hentry","category-flamenco-festivals","tag-antonio-mairena-de","tag-antonio-mairena-cante-jondo-festival-de","tag-festivales-flamencos","tag-flamenco-gesang"],"acf":[],"yoast_head":"<!-- This site is optimized with the Yoast SEO Premium plugin v28.4 (Yoast SEO v28.4) - https:\/\/yoast.com\/product\/yoast-seo-premium-wordpress\/ -->\n<title>Antonio-Mairena-Festival 2026: Programm und Tickets<\/title>\n<meta name=\"description\" content=\"Festival de Cante Jondo Antonio Mairena 2026: vollst\u00e4ndiges Programm, K\u00fcnstler, Tickets, Preise, Spielorte und Anreise ab Sevilla.\" \/>\n<meta name=\"robots\" content=\"index, follow, max-snippet:-1, max-image-preview:large, max-video-preview:-1\" \/>\n<link rel=\"canonical\" href=\"https:\/\/www.tablaosflamencos.com\/de\/festival-cante-jondo-antonio-mairena-2026.html\" \/>\n<meta property=\"og:locale\" content=\"de_DE\" \/>\n<meta property=\"og:type\" content=\"article\" \/>\n<meta property=\"og:title\" content=\"Festival de Cante Jondo Antonio Mairena 2026: Programm, Tickets und Anreise ab Sevilla\" \/>\n<meta property=\"og:description\" content=\"Festival de Cante Jondo Antonio Mairena 2026: vollst\u00e4ndiges Programm, K\u00fcnstler, Tickets, Preise, Spielorte und Anreise ab Sevilla.\" \/>\n<meta property=\"og:url\" content=\"https:\/\/www.tablaosflamencos.com\/de\/festival-cante-jondo-antonio-mairena-2026.html\" \/>\n<meta property=\"og:site_name\" content=\"Tablaos Flamencos\" \/>\n<meta property=\"article:publisher\" content=\"https:\/\/www.facebook.com\/tablaosflamencos\" \/>\n<meta property=\"article:published_time\" content=\"2026-09-04T15:00:57+00:00\" \/>\n<meta property=\"article:modified_time\" content=\"2026-09-04T15:31:40+00:00\" \/>\n<meta property=\"og:image\" content=\"https:\/\/www.tablaosflamencos.com\/wp-content\/uploads\/festival-de-cante-jondo-antonio-mairena-2026-programacion-entradas-y-como-llegar-desde-sevilla-01.webp\" \/>\n\t<meta property=\"og:image:width\" content=\"1491\" \/>\n\t<meta property=\"og:image:height\" content=\"1055\" \/>\n\t<meta property=\"og:image:type\" content=\"image\/webp\" \/>\n<meta name=\"author\" content=\"Miguel Ortiz\" \/>\n<meta name=\"twitter:card\" content=\"summary_large_image\" \/>\n<meta name=\"twitter:creator\" content=\"@tablaosflamenco\" \/>\n<meta name=\"twitter:site\" content=\"@tablaosflamenco\" \/>\n<meta name=\"twitter:label1\" content=\"Verfasst von\" \/>\n\t<meta name=\"twitter:data1\" content=\"Miguel Ortiz\" \/>\n\t<meta name=\"twitter:label2\" content=\"Gesch\u00e4tzte Lesezeit\" \/>\n\t<meta name=\"twitter:data2\" content=\"12\u00a0Minuten\" \/>\n<script type=\"application\/ld+json\" class=\"yoast-schema-graph\">{\"@context\":\"https:\\\/\\\/schema.org\",\"@graph\":[{\"@type\":\"Article\",\"@id\":\"https:\\\/\\\/www.tablaosflamencos.com\\\/de\\\/festival-cante-jondo-antonio-mairena-2026.html#article\",\"isPartOf\":{\"@id\":\"https:\\\/\\\/www.tablaosflamencos.com\\\/de\\\/festival-cante-jondo-antonio-mairena-2026-ab-sevilla.html\"},\"author\":{\"name\":\"Miguel Ortiz\",\"@id\":\"https:\\\/\\\/www.tablaosflamencos.com\\\/de#\\\/schema\\\/person\\\/e7a9ebe14eb75a52ceabfbffb3c54f5d\"},\"headline\":\"Festival de Cante Jondo Antonio Mairena 2026: Programm, Tickets und Anreise ab Sevilla\",\"datePublished\":\"2026-09-04T15:00:57+00:00\",\"dateModified\":\"2026-09-04T15:31:40+00:00\",\"mainEntityOfPage\":{\"@id\":\"https:\\\/\\\/www.tablaosflamencos.com\\\/de\\\/festival-cante-jondo-antonio-mairena-2026-ab-sevilla.html\"},\"wordCount\":2442,\"publisher\":{\"@id\":\"https:\\\/\\\/www.tablaosflamencos.com\\\/de#organization\"},\"image\":{\"@id\":\"https:\\\/\\\/www.tablaosflamencos.com\\\/de\\\/festival-cante-jondo-antonio-mairena-2026.html#primaryimage\"},\"thumbnailUrl\":\"https:\\\/\\\/www.tablaosflamencos.com\\\/wp-content\\\/uploads\\\/festival-de-cante-jondo-antonio-mairena-2026-programacion-entradas-y-como-llegar-desde-sevilla-01.webp\",\"keywords\":[\"Antonio Mairena\",\"Antonio-Mairena-Cante-Jondo-Festival\",\"festivales flamencos\",\"Flamenco-Gesang\"],\"articleSection\":[\"Flamenco-Festivals\"],\"inLanguage\":\"de\"},{\"@type\":\"WebPage\",\"@id\":\"https:\\\/\\\/www.tablaosflamencos.com\\\/de\\\/festival-cante-jondo-antonio-mairena-2026-ab-sevilla.html\",\"url\":\"https:\\\/\\\/www.tablaosflamencos.com\\\/de\\\/festival-cante-jondo-antonio-mairena-2026.html\",\"name\":\"Antonio-Mairena-Festival 2026: Programm und Tickets\",\"isPartOf\":{\"@id\":\"https:\\\/\\\/www.tablaosflamencos.com\\\/de#website\"},\"primaryImageOfPage\":{\"@id\":\"https:\\\/\\\/www.tablaosflamencos.com\\\/de\\\/festival-cante-jondo-antonio-mairena-2026.html#primaryimage\"},\"image\":{\"@id\":\"https:\\\/\\\/www.tablaosflamencos.com\\\/de\\\/festival-cante-jondo-antonio-mairena-2026.html#primaryimage\"},\"thumbnailUrl\":\"https:\\\/\\\/www.tablaosflamencos.com\\\/wp-content\\\/uploads\\\/festival-de-cante-jondo-antonio-mairena-2026-programacion-entradas-y-como-llegar-desde-sevilla-01.webp\",\"datePublished\":\"2026-09-04T15:00:57+00:00\",\"dateModified\":\"2026-09-04T15:31:40+00:00\",\"description\":\"Festival de Cante Jondo Antonio Mairena 2026: vollst\u00e4ndiges Programm, K\u00fcnstler, Tickets, Preise, Spielorte und Anreise ab Sevilla.\",\"breadcrumb\":{\"@id\":\"https:\\\/\\\/www.tablaosflamencos.com\\\/de\\\/festival-cante-jondo-antonio-mairena-2026.html#breadcrumb\"},\"inLanguage\":\"de\",\"potentialAction\":[{\"@type\":\"ReadAction\",\"target\":[\"https:\\\/\\\/www.tablaosflamencos.com\\\/de\\\/festival-cante-jondo-antonio-mairena-2026.html\"]}]},{\"@type\":\"ImageObject\",\"inLanguage\":\"de\",\"@id\":\"https:\\\/\\\/www.tablaosflamencos.com\\\/de\\\/festival-cante-jondo-antonio-mairena-2026.html#primaryimage\",\"url\":\"https:\\\/\\\/www.tablaosflamencos.com\\\/wp-content\\\/uploads\\\/festival-de-cante-jondo-antonio-mairena-2026-programacion-entradas-y-como-llegar-desde-sevilla-01.webp\",\"contentUrl\":\"https:\\\/\\\/www.tablaosflamencos.com\\\/wp-content\\\/uploads\\\/festival-de-cante-jondo-antonio-mairena-2026-programacion-entradas-y-como-llegar-desde-sevilla-01.webp\",\"width\":1491,\"height\":1055,\"caption\":\"Festival de Cante Jondo Antonio Mairena 2026: programaci\u00f3n, entradas y c\u00f3mo llegar desde Sevilla\"},{\"@type\":\"BreadcrumbList\",\"@id\":\"https:\\\/\\\/www.tablaosflamencos.com\\\/de\\\/festival-cante-jondo-antonio-mairena-2026.html#breadcrumb\",\"itemListElement\":[{\"@type\":\"ListItem\",\"position\":1,\"name\":\"Home\",\"item\":\"https:\\\/\\\/www.tablaosflamencos.com\\\/de\"},{\"@type\":\"ListItem\",\"position\":2,\"name\":\"Festival de Cante Jondo Antonio Mairena 2026: Programm, Tickets und Anreise ab Sevilla\"}]},{\"@type\":\"WebSite\",\"@id\":\"https:\\\/\\\/www.tablaosflamencos.com\\\/de#website\",\"url\":\"https:\\\/\\\/www.tablaosflamencos.com\\\/de\",\"name\":\"Tablaos Flamencos\",\"description\":\"Entradas para tablaos flamencos de Espa\u00f1a\",\"publisher\":{\"@id\":\"https:\\\/\\\/www.tablaosflamencos.com\\\/de#organization\"},\"alternateName\":\"Tablaos Flamencos\",\"potentialAction\":[{\"@type\":\"SearchAction\",\"target\":{\"@type\":\"EntryPoint\",\"urlTemplate\":\"https:\\\/\\\/www.tablaosflamencos.com\\\/de?s={search_term_string}\"},\"query-input\":{\"@type\":\"PropertyValueSpecification\",\"valueRequired\":true,\"valueName\":\"search_term_string\"}}],\"inLanguage\":\"de\"},{\"@type\":[\"Organization\",\"Place\",\"EntertainmentBusiness\"],\"@id\":\"https:\\\/\\\/www.tablaosflamencos.com\\\/de#organization\",\"name\":\"Tablaos Flamencos\",\"alternateName\":\"Tablaos Flamencos\",\"url\":\"https:\\\/\\\/www.tablaosflamencos.com\\\/de\",\"logo\":{\"@id\":\"https:\\\/\\\/www.tablaosflamencos.com\\\/de\\\/festival-cante-jondo-antonio-mairena-2026.html#local-main-organization-logo\"},\"image\":{\"@id\":\"https:\\\/\\\/www.tablaosflamencos.com\\\/de\\\/festival-cante-jondo-antonio-mairena-2026.html#local-main-organization-logo\"},\"sameAs\":[\"https:\\\/\\\/www.facebook.com\\\/tablaosflamencos\",\"https:\\\/\\\/x.com\\\/tablaosflamenco\",\"https:\\\/\\\/mastodon.social\\\/@tablaosflamencos\",\"https:\\\/\\\/www.instagram.com\\\/tablaosflamencos\",\"https:\\\/\\\/tiktok.com\\\/@tablaosflamencos\",\"https:\\\/\\\/www.linkedin.com\\\/company\\\/109408238\\\/\"],\"description\":\"Venta de entradas para espect\u00e1culos flamencos\",\"legalName\":\"Tablaos Flamencos\",\"foundingDate\":\"2015-01-01\",\"numberOfEmployees\":{\"@type\":\"QuantitativeValue\",\"minValue\":\"1\",\"maxValue\":\"10\"},\"address\":{\"@id\":\"https:\\\/\\\/www.tablaosflamencos.com\\\/de\\\/festival-cante-jondo-antonio-mairena-2026.html#local-main-place-address\"},\"geo\":{\"@type\":\"GeoCoordinates\",\"latitude\":\"37.3868072\",\"longitude\":\"-5.993280299999999\"},\"telephone\":[\"+34623787787\"],\"contactPoint\":{\"@type\":\"ContactPoint\",\"telephone\":\"+34623787787\",\"email\":\"info@tablaosflamencos.com\"},\"openingHoursSpecification\":{\"@type\":\"OpeningHoursSpecification\",\"dayOfWeek\":[\"Monday\",\"Tuesday\",\"Wednesday\",\"Thursday\",\"Friday\",\"Saturday\",\"Sunday\"],\"opens\":\"00:00\",\"closes\":\"23:59\"},\"email\":\"info@tablaosflamencos.com\",\"priceRange\":\"$$$\",\"currenciesAccepted\":\"\u20ac\"},{\"@type\":\"Person\",\"@id\":\"https:\\\/\\\/www.tablaosflamencos.com\\\/de#\\\/schema\\\/person\\\/e7a9ebe14eb75a52ceabfbffb3c54f5d\",\"name\":\"Miguel Ortiz\",\"description\":\"Miguel Ortiz es un empresario flamenco, con una s\u00f3lida trayectoria dentro del sector. Ha presidido entidades culturales vinculadas al flamenco y, cuenta con un amplio recorrido profesional en la gesti\u00f3n y promoci\u00f3n de espect\u00e1culos y tablaos flamencos. Su pasi\u00f3n por la historia y el arte flamenco se refleja en cada art\u00edculo, donde combina experiencia, criterio y un profundo respeto por la tradici\u00f3n.\",\"sameAs\":[\"https:\\\/\\\/www.tablaosflamencos.com\",\"https:\\\/\\\/www.instagra.com\\\/miguelortizfe\",\"https:\\\/\\\/www.linkedin.com\\\/in\\\/miguelortizf\\\/\"],\"birthDate\":\"1984-11-22\",\"gender\":\"hombre\",\"knowsLanguage\":[\"espa\u00f1ol\",\"ingl\u00e9s\"],\"jobTitle\":\"Empresario flamenco\"},{\"@type\":\"PostalAddress\",\"@id\":\"https:\\\/\\\/www.tablaosflamencos.com\\\/de\\\/festival-cante-jondo-antonio-mairena-2026.html#local-main-place-address\",\"streetAddress\":\"C\\\/ Alemanes, 19\",\"addressLocality\":\"Sevilla\",\"postalCode\":\"41004\",\"addressRegion\":\"Sevilla\",\"addressCountry\":\"ES\"},{\"@type\":\"ImageObject\",\"inLanguage\":\"de\",\"@id\":\"https:\\\/\\\/www.tablaosflamencos.com\\\/de\\\/festival-cante-jondo-antonio-mairena-2026.html#local-main-organization-logo\",\"url\":\"https:\\\/\\\/www.tablaosflamencos.com\\\/wp-content\\\/uploads\\\/tablaos-flamencos-06-3.webp\",\"contentUrl\":\"https:\\\/\\\/www.tablaosflamencos.com\\\/wp-content\\\/uploads\\\/tablaos-flamencos-06-3.webp\",\"width\":600,\"height\":620,\"caption\":\"Tablaos Flamencos\"}]}<\/script>\n<meta name=\"geo.placename\" content=\"Sevilla\" \/>\n<meta name=\"geo.position\" content=\"37.3868072;-5.993280299999999\" \/>\n<meta name=\"geo.region\" content=\"Spanien\" \/>\n<!-- \/ Yoast SEO Premium plugin. -->","yoast_head_json":{"title":"Antonio-Mairena-Festival 2026: Programm und Tickets","description":"Festival de Cante Jondo Antonio Mairena 2026: vollst\u00e4ndiges Programm, K\u00fcnstler, Tickets, Preise, Spielorte und Anreise ab Sevilla.","robots":{"index":"index","follow":"follow","max-snippet":"max-snippet:-1","max-image-preview":"max-image-preview:large","max-video-preview":"max-video-preview:-1"},"canonical":"https:\/\/www.tablaosflamencos.com\/de\/festival-cante-jondo-antonio-mairena-2026.html","og_locale":"de_DE","og_type":"article","og_title":"Festival de Cante Jondo Antonio Mairena 2026: Programm, Tickets und Anreise ab Sevilla","og_description":"Festival de Cante Jondo Antonio Mairena 2026: vollst\u00e4ndiges Programm, K\u00fcnstler, Tickets, Preise, Spielorte und Anreise ab Sevilla.","og_url":"https:\/\/www.tablaosflamencos.com\/de\/festival-cante-jondo-antonio-mairena-2026.html","og_site_name":"Tablaos Flamencos","article_publisher":"https:\/\/www.facebook.com\/tablaosflamencos","article_published_time":"2026-09-04T15:00:57+00:00","article_modified_time":"2026-09-04T15:31:40+00:00","og_image":[{"width":1491,"height":1055,"url":"https:\/\/www.tablaosflamencos.com\/wp-content\/uploads\/festival-de-cante-jondo-antonio-mairena-2026-programacion-entradas-y-como-llegar-desde-sevilla-01.webp","type":"image\/webp"}],"author":"Miguel Ortiz","twitter_card":"summary_large_image","twitter_creator":"@tablaosflamenco","twitter_site":"@tablaosflamenco","twitter_misc":{"Verfasst von":"Miguel Ortiz","Gesch\u00e4tzte Lesezeit":"12\u00a0Minuten"},"schema":{"@context":"https:\/\/schema.org","@graph":[{"@type":"Article","@id":"https:\/\/www.tablaosflamencos.com\/de\/festival-cante-jondo-antonio-mairena-2026.html#article","isPartOf":{"@id":"https:\/\/www.tablaosflamencos.com\/de\/festival-cante-jondo-antonio-mairena-2026-ab-sevilla.html"},"author":{"name":"Miguel Ortiz","@id":"https:\/\/www.tablaosflamencos.com\/de#\/schema\/person\/e7a9ebe14eb75a52ceabfbffb3c54f5d"},"headline":"Festival de Cante Jondo Antonio Mairena 2026: Programm, Tickets und Anreise ab Sevilla","datePublished":"2026-09-04T15:00:57+00:00","dateModified":"2026-09-04T15:31:40+00:00","mainEntityOfPage":{"@id":"https:\/\/www.tablaosflamencos.com\/de\/festival-cante-jondo-antonio-mairena-2026-ab-sevilla.html"},"wordCount":2442,"publisher":{"@id":"https:\/\/www.tablaosflamencos.com\/de#organization"},"image":{"@id":"https:\/\/www.tablaosflamencos.com\/de\/festival-cante-jondo-antonio-mairena-2026.html#primaryimage"},"thumbnailUrl":"https:\/\/www.tablaosflamencos.com\/wp-content\/uploads\/festival-de-cante-jondo-antonio-mairena-2026-programacion-entradas-y-como-llegar-desde-sevilla-01.webp","keywords":["Antonio Mairena","Antonio-Mairena-Cante-Jondo-Festival","festivales flamencos","Flamenco-Gesang"],"articleSection":["Flamenco-Festivals"],"inLanguage":"de"},{"@type":"WebPage","@id":"https:\/\/www.tablaosflamencos.com\/de\/festival-cante-jondo-antonio-mairena-2026-ab-sevilla.html","url":"https:\/\/www.tablaosflamencos.com\/de\/festival-cante-jondo-antonio-mairena-2026.html","name":"Antonio-Mairena-Festival 2026: Programm und Tickets","isPartOf":{"@id":"https:\/\/www.tablaosflamencos.com\/de#website"},"primaryImageOfPage":{"@id":"https:\/\/www.tablaosflamencos.com\/de\/festival-cante-jondo-antonio-mairena-2026.html#primaryimage"},"image":{"@id":"https:\/\/www.tablaosflamencos.com\/de\/festival-cante-jondo-antonio-mairena-2026.html#primaryimage"},"thumbnailUrl":"https:\/\/www.tablaosflamencos.com\/wp-content\/uploads\/festival-de-cante-jondo-antonio-mairena-2026-programacion-entradas-y-como-llegar-desde-sevilla-01.webp","datePublished":"2026-09-04T15:00:57+00:00","dateModified":"2026-09-04T15:31:40+00:00","description":"Festival de Cante Jondo Antonio Mairena 2026: vollst\u00e4ndiges Programm, K\u00fcnstler, Tickets, Preise, Spielorte und Anreise ab Sevilla.","breadcrumb":{"@id":"https:\/\/www.tablaosflamencos.com\/de\/festival-cante-jondo-antonio-mairena-2026.html#breadcrumb"},"inLanguage":"de","potentialAction":[{"@type":"ReadAction","target":["https:\/\/www.tablaosflamencos.com\/de\/festival-cante-jondo-antonio-mairena-2026.html"]}]},{"@type":"ImageObject","inLanguage":"de","@id":"https:\/\/www.tablaosflamencos.com\/de\/festival-cante-jondo-antonio-mairena-2026.html#primaryimage","url":"https:\/\/www.tablaosflamencos.com\/wp-content\/uploads\/festival-de-cante-jondo-antonio-mairena-2026-programacion-entradas-y-como-llegar-desde-sevilla-01.webp","contentUrl":"https:\/\/www.tablaosflamencos.com\/wp-content\/uploads\/festival-de-cante-jondo-antonio-mairena-2026-programacion-entradas-y-como-llegar-desde-sevilla-01.webp","width":1491,"height":1055,"caption":"Festival de Cante Jondo Antonio Mairena 2026: programaci\u00f3n, entradas y c\u00f3mo llegar desde Sevilla"},{"@type":"BreadcrumbList","@id":"https:\/\/www.tablaosflamencos.com\/de\/festival-cante-jondo-antonio-mairena-2026.html#breadcrumb","itemListElement":[{"@type":"ListItem","position":1,"name":"Home","item":"https:\/\/www.tablaosflamencos.com\/de"},{"@type":"ListItem","position":2,"name":"Festival de Cante Jondo Antonio Mairena 2026: Programm, Tickets und Anreise ab Sevilla"}]},{"@type":"WebSite","@id":"https:\/\/www.tablaosflamencos.com\/de#website","url":"https:\/\/www.tablaosflamencos.com\/de","name":"Tablaos Flamencos","description":"Entradas para tablaos flamencos de Espa\u00f1a","publisher":{"@id":"https:\/\/www.tablaosflamencos.com\/de#organization"},"alternateName":"Tablaos Flamencos","potentialAction":[{"@type":"SearchAction","target":{"@type":"EntryPoint","urlTemplate":"https:\/\/www.tablaosflamencos.com\/de?s={search_term_string}"},"query-input":{"@type":"PropertyValueSpecification","valueRequired":true,"valueName":"search_term_string"}}],"inLanguage":"de"},{"@type":["Organization","Place","EntertainmentBusiness"],"@id":"https:\/\/www.tablaosflamencos.com\/de#organization","name":"Tablaos Flamencos","alternateName":"Tablaos Flamencos","url":"https:\/\/www.tablaosflamencos.com\/de","logo":{"@id":"https:\/\/www.tablaosflamencos.com\/de\/festival-cante-jondo-antonio-mairena-2026.html#local-main-organization-logo"},"image":{"@id":"https:\/\/www.tablaosflamencos.com\/de\/festival-cante-jondo-antonio-mairena-2026.html#local-main-organization-logo"},"sameAs":["https:\/\/www.facebook.com\/tablaosflamencos","https:\/\/x.com\/tablaosflamenco","https:\/\/mastodon.social\/@tablaosflamencos","https:\/\/www.instagram.com\/tablaosflamencos","https:\/\/tiktok.com\/@tablaosflamencos","https:\/\/www.linkedin.com\/company\/109408238\/"],"description":"Venta de entradas para espect\u00e1culos flamencos","legalName":"Tablaos Flamencos","foundingDate":"2015-01-01","numberOfEmployees":{"@type":"QuantitativeValue","minValue":"1","maxValue":"10"},"address":{"@id":"https:\/\/www.tablaosflamencos.com\/de\/festival-cante-jondo-antonio-mairena-2026.html#local-main-place-address"},"geo":{"@type":"GeoCoordinates","latitude":"37.3868072","longitude":"-5.993280299999999"},"telephone":["+34623787787"],"contactPoint":{"@type":"ContactPoint","telephone":"+34623787787","email":"info@tablaosflamencos.com"},"openingHoursSpecification":{"@type":"OpeningHoursSpecification","dayOfWeek":["Monday","Tuesday","Wednesday","Thursday","Friday","Saturday","Sunday"],"opens":"00:00","closes":"23:59"},"email":"info@tablaosflamencos.com","priceRange":"$$$","currenciesAccepted":"\u20ac"},{"@type":"Person","@id":"https:\/\/www.tablaosflamencos.com\/de#\/schema\/person\/e7a9ebe14eb75a52ceabfbffb3c54f5d","name":"Miguel Ortiz","description":"Miguel Ortiz es un empresario flamenco, con una s\u00f3lida trayectoria dentro del sector. Ha presidido entidades culturales vinculadas al flamenco y, cuenta con un amplio recorrido profesional en la gesti\u00f3n y promoci\u00f3n de espect\u00e1culos y tablaos flamencos. Su pasi\u00f3n por la historia y el arte flamenco se refleja en cada art\u00edculo, donde combina experiencia, criterio y un profundo respeto por la tradici\u00f3n.","sameAs":["https:\/\/www.tablaosflamencos.com","https:\/\/www.instagra.com\/miguelortizfe","https:\/\/www.linkedin.com\/in\/miguelortizf\/"],"birthDate":"1984-11-22","gender":"hombre","knowsLanguage":["espa\u00f1ol","ingl\u00e9s"],"jobTitle":"Empresario flamenco"},{"@type":"PostalAddress","@id":"https:\/\/www.tablaosflamencos.com\/de\/festival-cante-jondo-antonio-mairena-2026.html#local-main-place-address","streetAddress":"C\/ Alemanes, 19","addressLocality":"Sevilla","postalCode":"41004","addressRegion":"Sevilla","addressCountry":"ES"},{"@type":"ImageObject","inLanguage":"de","@id":"https:\/\/www.tablaosflamencos.com\/de\/festival-cante-jondo-antonio-mairena-2026.html#local-main-organization-logo","url":"https:\/\/www.tablaosflamencos.com\/wp-content\/uploads\/tablaos-flamencos-06-3.webp","contentUrl":"https:\/\/www.tablaosflamencos.com\/wp-content\/uploads\/tablaos-flamencos-06-3.webp","width":600,"height":620,"caption":"Tablaos Flamencos"}]},"geo.placename":"Sevilla","geo.position":{"lat":"37.3868072","long":"-5.993280299999999"},"geo.region":"Spanien"},"_links":{"self":[{"href":"https:\/\/www.tablaosflamencos.com\/de\/wp-json\/wp\/v2\/posts\/14395","targetHints":{"allow":["GET"]}}],"collection":[{"href":"https:\/\/www.tablaosflamencos.com\/de\/wp-json\/wp\/v2\/posts"}],"about":[{"href":"https:\/\/www.tablaosflamencos.com\/de\/wp-json\/wp\/v2\/types\/post"}],"author":[{"embeddable":true,"href":"https:\/\/www.tablaosflamencos.com\/de\/wp-json\/wp\/v2\/users\/1"}],"replies":[{"embeddable":true,"href":"https:\/\/www.tablaosflamencos.com\/de\/wp-json\/wp\/v2\/comments?post=14395"}],"version-history":[{"count":0,"href":"https:\/\/www.tablaosflamencos.com\/de\/wp-json\/wp\/v2\/posts\/14395\/revisions"}],"wp:featuredmedia":[{"embeddable":true,"href":"https:\/\/www.tablaosflamencos.com\/de\/wp-json\/wp\/v2\/media\/14378"}],"wp:attachment":[{"href":"https:\/\/www.tablaosflamencos.com\/de\/wp-json\/wp\/v2\/media?parent=14395"}],"wp:term":[{"taxonomy":"category","embeddable":true,"href":"https:\/\/www.tablaosflamencos.com\/de\/wp-json\/wp\/v2\/categories?post=14395"},{"taxonomy":"post_tag","embeddable":true,"href":"https:\/\/www.tablaosflamencos.com\/de\/wp-json\/wp\/v2\/tags?post=14395"}],"curies":[{"name":"wp","href":"https:\/\/api.w.org\/{rel}","templated":true}]}}