{"id":14331,"date":"2026-09-03T23:19:59","date_gmt":"2026-09-03T21:19:59","guid":{"rendered":"https:\/\/www.tablaosflamencos.com\/?p=14331"},"modified":"2026-09-04T00:07:40","modified_gmt":"2026-09-03T22:07:40","slug":"andalusische-pena-reihe-2026-kostenlose-flamenco-recitals","status":"publish","type":"post","link":"https:\/\/www.tablaosflamencos.com\/de\/andalusische-pena-reihe-2026-kostenlose-flamenco-recitals.html","title":{"rendered":"Andalusische Pe\u00f1a-Reihe 2026: 225 kostenlose Flamenco-Recitals"},"content":{"rendered":"<section class=\"l-section wpb_row height_huge\"><div class=\"l-section-h i-cf\"><div class=\"g-cols vc_row via_flex valign_middle type_default stacking_default\"><div class=\"vc_col-sm-6 wpb_column vc_column_container\"><div class=\"vc_column-inner\"><div class=\"wpb_wrapper\"><div class=\"wpb_text_column\"><div class=\"wpb_wrapper\"><h2>225 kostenlose Recitals f\u00fcr eine Reise durch das Flamenco-Andalusien<\/h2>\n<p>Die <strong>Andalusische Pe\u00f1a-Reihe 2026<\/strong> bringt den Flamenco mit einem offiziellen Programm von <strong>225 Auftritten mit Gesang, Tanz und Gitarre<\/strong>in alle acht Provinzen. Mindestens 470 K\u00fcnstlerinnen und K\u00fcnstler treten in einem Netz von Pe\u00f1as auf, das von den Provinzhauptst\u00e4dten bis zu Orten reicht, in denen das professionelle Kulturangebot meist deutlich begrenzter ist.<\/p>\n<p>Die meisten Termine finden zwischen September und November statt. Sevilla und Ja\u00e9n starteten ihre Reihen jedoch bereits im Juni, Almer\u00eda im August und Granada Mitte desselben Monats. Der <strong>Eintritt ist frei, solange Pl\u00e4tze verf\u00fcgbar sind<\/strong>. Damit ist die Reihe eine der umfangreichsten Gelegenheiten des Jahres, Flamenco live zu erleben, ohne eine Eintrittskarte kaufen zu m\u00fcssen.<\/p>\n<p>Dieser Leitfaden b\u00fcndelt die angek\u00fcndigten Zahlen, Termine, Ehrungen und Veranstaltungsorte, erkl\u00e4rt, wie Sie das Programm jeder Provinz finden, und gibt praktische Tipps f\u00fcr den Besuch der Recitals.<\/p>\n<\/div><\/div><\/div><\/div><\/div><div class=\"vc_col-sm-6 wpb_column vc_column_container\"><div class=\"vc_column-inner\"><div class=\"wpb_wrapper\"><div class=\"w-image us_custom_c9d916e8 has_aspect_ratio align_center\"><div class=\"w-image-h\"><img fetchpriority=\"high\" decoding=\"async\" width=\"1024\" height=\"683\" src=\"https:\/\/www.tablaosflamencos.com\/wp-content\/uploads\/circuito-andaluz-de-penas-2026-225-recitales-de-flamenco-gratis-por-toda-andalucia-01-1-1024x683.webp\" class=\"attachment-large size-large\" alt=\"\" loading=\"eager\" srcset=\"https:\/\/www.tablaosflamencos.com\/wp-content\/uploads\/circuito-andaluz-de-penas-2026-225-recitales-de-flamenco-gratis-por-toda-andalucia-01-1-1024x683.webp 1024w, https:\/\/www.tablaosflamencos.com\/wp-content\/uploads\/circuito-andaluz-de-penas-2026-225-recitales-de-flamenco-gratis-por-toda-andalucia-01-1-300x200.webp 300w, https:\/\/www.tablaosflamencos.com\/wp-content\/uploads\/circuito-andaluz-de-penas-2026-225-recitales-de-flamenco-gratis-por-toda-andalucia-01-1-600x400.webp 600w, https:\/\/www.tablaosflamencos.com\/wp-content\/uploads\/circuito-andaluz-de-penas-2026-225-recitales-de-flamenco-gratis-por-toda-andalucia-01-1-150x100.webp 150w, https:\/\/www.tablaosflamencos.com\/wp-content\/uploads\/circuito-andaluz-de-penas-2026-225-recitales-de-flamenco-gratis-por-toda-andalucia-01-1.webp 1536w\" sizes=\"auto, (max-width: 1024px) 100vw, 1024px\" \/><\/div><\/div><\/div><\/div><\/div><\/div><\/div><\/section><section class=\"l-section wpb_row height_huge color_alternate with_shape\"><div class=\"l-section-shape type_zigzag pos_top hor_flip\" style=\"height:3vmin;\"><svg xmlns=\"http:\/\/www.w3.org\/2000\/svg\" viewBox=\"0 0 64 8\" preserveAspectRatio=\"none\" width=\"100%\" height=\"100%\">\r\n\t<path fill=\"currentColor\" d=\"M64 8 L0 8 L0 0 L20 7.9 L40 3 L48 5 L64 0 Z\"\/>\r\n<\/svg><\/div><div class=\"l-section-shape type_zigzag pos_bottom\" style=\"height:3vmin;\"><svg xmlns=\"http:\/\/www.w3.org\/2000\/svg\" viewBox=\"0 0 64 8\" preserveAspectRatio=\"none\" width=\"100%\" height=\"100%\">\r\n\t<path fill=\"currentColor\" d=\"M64 8 L0 8 L0 0 L20 7.9 L40 3 L48 5 L64 0 Z\"\/>\r\n<\/svg><\/div><div class=\"l-section-h i-cf\"><div class=\"g-cols vc_row via_flex valign_top type_default stacking_default\"><div class=\"vc_col-sm-12 wpb_column vc_column_container\"><div class=\"vc_column-inner\"><div class=\"wpb_wrapper\"><div class=\"wpb_text_column\"><div class=\"wpb_wrapper\"><blockquote>\n<p style=\"margin: 0;\"><strong>Kurzantwort:<\/strong> Die Andalusische Pe\u00f1a-Reihe 2026 umfasst 225 kostenlose Recitals in allen acht Provinzen Andalusiens mit mindestens 470 K\u00fcnstlerinnen und K\u00fcnstlern. Das Programm bietet 181 Gesangs-, 31 Tanz- und 13 Gitarrenauftritte. Die Provinzreihen laufen vom 6. Juni bis zum 28. November, wobei die meisten Termine zwischen September und November stattfinden. Der Eintritt ist frei, solange Pl\u00e4tze verf\u00fcgbar sind. Die Uhrzeiten sollten in der Kulturagenda Andalusiens oder direkt bei der veranstaltenden Pe\u00f1a gepr\u00fcft werden.<\/p>\n<\/blockquote>\n<\/div><\/div><\/div><\/div><\/div><\/div><\/div><\/section><section class=\"l-section wpb_row height_huge\"><div class=\"l-section-h i-cf\"><div class=\"g-cols vc_row via_flex valign_middle type_default stacking_default\"><div class=\"vc_col-sm-3 wpb_column vc_column_container\"><div class=\"vc_column-inner\"><div class=\"wpb_wrapper\"><\/div><\/div><\/div><div class=\"vc_col-sm-6 wpb_column vc_column_container\"><div class=\"vc_column-inner\"><div class=\"wpb_wrapper\"><div class=\"wpb_text_column\"><div class=\"wpb_wrapper\"><h2>Inhalt dieses Leitfadens<\/h2>\n<ul>\n<li><a href=\"#datos-clave\">Wichtige Daten zur Andalusischen Pe\u00f1a-Reihe 2026<\/a><\/li>\n<li><a href=\"#que-es\">Was ist die Andalusische Pe\u00f1a-Reihe?<\/a><\/li>\n<li><a href=\"#provincias\">Termine und Auftritte nach Provinz<\/a><\/li>\n<li><a href=\"#modalidades\">Gesang, Tanz und Gitarre: So verteilt sich das Programm<\/a><\/li>\n<li><a href=\"#gratis\">So funktioniert der kostenlose Eintritt<\/a><\/li>\n<li><a href=\"#programa\">Wo Sie K\u00fcnstler, Pe\u00f1as und Uhrzeiten finden<\/a><\/li>\n<li><a href=\"#homenajes\">Die Ehrungen der Ausgabe 2026<\/a><\/li>\n<li><a href=\"#papel-penas\">Warum Pe\u00f1as f\u00fcr den Flamenco unverzichtbar sind<\/a><\/li>\n<li><a href=\"#organizar\">So planen Sie eine Flamenco-Route durch Andalusien<\/a><\/li>\n<li><a href=\"#faq\">H\u00e4ufig gestellte Fragen<\/a><\/li>\n<\/ul>\n<\/div><\/div><\/div><\/div><\/div><div class=\"vc_col-sm-3 wpb_column vc_column_container\"><div class=\"vc_column-inner\"><div class=\"wpb_wrapper\"><\/div><\/div><\/div><\/div><\/div><\/section><section class=\"l-section wpb_row height_huge color_alternate with_shape\"><div class=\"l-section-shape type_zigzag pos_top hor_flip\" style=\"height:3vmin;\"><svg xmlns=\"http:\/\/www.w3.org\/2000\/svg\" viewBox=\"0 0 64 8\" preserveAspectRatio=\"none\" width=\"100%\" height=\"100%\">\r\n\t<path fill=\"currentColor\" d=\"M64 8 L0 8 L0 0 L20 7.9 L40 3 L48 5 L64 0 Z\"\/>\r\n<\/svg><\/div><div class=\"l-section-shape type_zigzag pos_bottom\" style=\"height:3vmin;\"><svg xmlns=\"http:\/\/www.w3.org\/2000\/svg\" viewBox=\"0 0 64 8\" preserveAspectRatio=\"none\" width=\"100%\" height=\"100%\">\r\n\t<path fill=\"currentColor\" d=\"M64 8 L0 8 L0 0 L20 7.9 L40 3 L48 5 L64 0 Z\"\/>\r\n<\/svg><\/div><div class=\"l-section-h i-cf\"><div class=\"g-cols vc_row via_flex valign_top type_default stacking_default\"><div class=\"vc_col-sm-12 wpb_column vc_column_container\"><div class=\"vc_column-inner\"><div class=\"wpb_wrapper\"><div class=\"wpb_text_column\"><div class=\"wpb_wrapper\"><h2 id=\"datos-clave\">Andalusische Pe\u00f1a-Reihe 2026: die wichtigsten Daten<\/h2>\n<table>\n<thead>\n<tr>\n<th>Angabe<\/th>\n<th>Zahl oder offizielle Information<\/th>\n<\/tr>\n<\/thead>\n<tbody>\n<tr>\n<td><strong>Gesamtzahl der Auftritte<\/strong><\/td>\n<td>225 Recitals<\/td>\n<\/tr>\n<tr>\n<td><strong>Teilnehmende K\u00fcnstler<\/strong><\/td>\n<td>Mindestens 470<\/td>\n<\/tr>\n<tr>\n<td><strong>Gesangsrecitals<\/strong><\/td>\n<td>181<\/td>\n<\/tr>\n<tr>\n<td><strong>Tanzauftritte<\/strong><\/td>\n<td>31<\/td>\n<\/tr>\n<tr>\n<td><strong>Gitarrenrecitals<\/strong><\/td>\n<td>13<\/td>\n<\/tr>\n<tr>\n<td><strong>Provinzen<\/strong><\/td>\n<td>Almer\u00eda, C\u00e1diz, C\u00f3rdoba, Granada, Huelva, Ja\u00e9n, M\u00e1laga und Sevilla<\/td>\n<\/tr>\n<tr>\n<td><strong>Gesamtzeitraum<\/strong><\/td>\n<td>Vom 6. Juni bis 28. November 2026, je nach Provinz<\/td>\n<\/tr>\n<tr>\n<td><strong>Preis<\/strong><\/td>\n<td>Freier Eintritt, solange Pl\u00e4tze verf\u00fcgbar sind<\/td>\n<\/tr>\n<tr>\n<td><strong>Im Verband organisierte Pe\u00f1as in Andalusien<\/strong><\/td>\n<td>329<\/td>\n<\/tr>\n<tr>\n<td><strong>Eigene Investition in die Veranstaltungsreihe<\/strong><\/td>\n<td>250.000 Euro<\/td>\n<\/tr>\n<\/tbody>\n<\/table>\n<p>Die Zahlen zeigen deutlich die Gr\u00f6\u00dfenordnung des Programms. Es handelt sich weder um ein Festival in einer einzigen Stadt noch um eine Folge gro\u00dfer Theaterproduktionen, sondern um ein Netz pers\u00f6nlicher Recitals, bei denen die R\u00e4ume der Pe\u00f1as zu Orten f\u00fcr Auftritte, konzentriertes Zuh\u00f6ren und Gemeinschaft werden.<\/p>\n<p>Der Gesang nimmt den gr\u00f6\u00dften Teil des Programms ein, doch auch Tanz und Gitarre sind eigenst\u00e4ndig vertreten. So reicht das Angebot von Recitals, die ganz auf die Stimme ausgerichtet sind, bis zu Auftritten, bei denen der K\u00f6rper, der Comp\u00e1s oder das Instrument im Mittelpunkt steht.<\/p>\n<\/div><\/div><\/div><\/div><\/div><\/div><\/div><\/section><section class=\"l-section wpb_row height_huge\"><div class=\"l-section-h i-cf\"><div class=\"g-cols vc_row via_flex valign_top type_default stacking_default\"><div class=\"vc_col-sm-12 wpb_column vc_column_container\"><div class=\"vc_column-inner\"><div class=\"wpb_wrapper\"><div class=\"wpb_text_column\"><div class=\"wpb_wrapper\"><h2 id=\"que-es\">Was ist die Andalusische Reihe der Flamenco-Pe\u00f1as?<\/h2>\n<p>Die Andalusische Pe\u00f1a-Reihe ist ein Programm der <strong>Andalusischen Agentur f\u00fcr Kultureinrichtungen und des Andalusischen Flamenco-Instituts<\/strong>in Zusammenarbeit mit den Provinzverb\u00e4nden der Pe\u00f1as. Ziel ist es, professionelle Auftritte mit Gesang, Tanz und Gitarre in Flamenco-Vereinen in ganz Andalusien zu veranstalten.<\/p>\n<p>Das Modell hat zwei Seiten. Dem Publikum bietet es einen umfangreichen Kalender mit kostenlosem Flamenco in seiner N\u00e4he. Den K\u00fcnstlern er\u00f6ffnet es eine professionelle Tournee durch sehr unterschiedliche Gemeinden und den Kontakt zu Aficionados, die es gewohnt sind, dem Flamenco aufmerksam zuzuh\u00f6ren.<\/p>\n<p>Das Programm entsteht nicht durch eine informelle Auswahl. Im Jahr 2026 gab es eine <strong>\u00f6ffentliche Ausschreibung f\u00fcr K\u00fcnstler<\/strong> , auf die fast 300 Vorschl\u00e4ge eingingen. Dieser Katalog diente den Provinzverb\u00e4nden als Grundlage f\u00fcr ihre Programme, in denen etablierte Pers\u00f6nlichkeiten mit jungen Talenten kombiniert werden, die ihre Laufbahn zunehmend festigen.<\/p>\n<p>Die Reihe ist au\u00dferdem Teil des Flamenco-Gesetzes und des strategischen Plans, den die andalusische Regionalregierung im Mai 2026 verabschiedete. Dieser Rahmen erkennt die Pe\u00f1as als zentrale Akteure f\u00fcr Bewahrung, Verbreitung und Weitergabe des Flamenco-Erbes an.<\/p>\n<p>Wenn Sie sich vor einem Besuch n\u00e4her mit dem k\u00fcnstlerischen Hintergrund besch\u00e4ftigen m\u00f6chten, erkl\u00e4rt unser Leitfaden dar\u00fcber, <a href=\"https:\/\/www.tablaosflamencos.com\/que-es-el-flamenco.html\"><strong>was Flamenco ist, woher er kommt und aus welchen Grundelementen er besteht<\/strong><\/a> wie Gesang, Gitarre, Tanz und Comp\u00e1s zusammenwirken.<\/p>\n<\/div><\/div><\/div><\/div><\/div><\/div><\/div><\/section><section class=\"l-section wpb_row height_huge color_alternate with_shape\"><div class=\"l-section-shape type_zigzag pos_top hor_flip\" style=\"height:3vmin;\"><svg xmlns=\"http:\/\/www.w3.org\/2000\/svg\" viewBox=\"0 0 64 8\" preserveAspectRatio=\"none\" width=\"100%\" height=\"100%\">\r\n\t<path fill=\"currentColor\" d=\"M64 8 L0 8 L0 0 L20 7.9 L40 3 L48 5 L64 0 Z\"\/>\r\n<\/svg><\/div><div class=\"l-section-shape type_zigzag pos_bottom\" style=\"height:3vmin;\"><svg xmlns=\"http:\/\/www.w3.org\/2000\/svg\" viewBox=\"0 0 64 8\" preserveAspectRatio=\"none\" width=\"100%\" height=\"100%\">\r\n\t<path fill=\"currentColor\" d=\"M64 8 L0 8 L0 0 L20 7.9 L40 3 L48 5 L64 0 Z\"\/>\r\n<\/svg><\/div><div class=\"l-section-h i-cf\"><div class=\"g-cols vc_row via_flex valign_top type_default stacking_default\"><div class=\"vc_col-sm-12 wpb_column vc_column_container\"><div class=\"vc_column-inner\"><div class=\"wpb_wrapper\"><div class=\"wpb_text_column\"><div class=\"wpb_wrapper\"><h2 id=\"provincias\">Programm nach Provinz: Termine, Recitals und Sparten<\/h2>\n<p>Jeder Provinzverband organisiert innerhalb des gemeinsamen Programms seinen eigenen Kalender. Daher gibt es weder einen einheitlichen Starttermin noch einen allgemeinen Zeitplan. Die folgende Tabelle fasst die offiziell ver\u00f6ffentlichten Informationen f\u00fcr jedes Gebiet zusammen.<\/p>\n<table>\n<thead>\n<tr>\n<th>Provinz<\/th>\n<th>Termine der Reihe<\/th>\n<th>Angek\u00fcndigte Auftritte<\/th>\n<th>Aufteilung<\/th>\n<\/tr>\n<\/thead>\n<tbody>\n<tr>\n<td><strong>Sevilla<\/strong><\/td>\n<td>6. Juni\u201330. Oktober<\/td>\n<td>56<\/td>\n<td>53 Gesang, 2 Tanz und 1 Gitarre<\/td>\n<\/tr>\n<tr>\n<td><strong>M\u00e1laga<\/strong><\/td>\n<td>5. September\u201328. November<\/td>\n<td>35<\/td>\n<td>21 Gesang, 8 Tanz und 6 Gitarre oder andere Instrumente<\/td>\n<\/tr>\n<tr>\n<td><strong>C\u00e1diz<\/strong><\/td>\n<td>5. September\u201321. November<\/td>\n<td>33<\/td>\n<td>22 Gesang und 11 Tanz<\/td>\n<\/tr>\n<tr>\n<td><strong>Ja\u00e9n<\/strong><\/td>\n<td>6. Juni\u201311. Juli und 12. September\u201328. November<\/td>\n<td>30<\/td>\n<td>27 Gesang, 1 Tanz und 2 Gitarre<\/td>\n<\/tr>\n<tr>\n<td><strong>C\u00f3rdoba<\/strong><\/td>\n<td>6.\u201328. November<\/td>\n<td>30<\/td>\n<td>26 Gesang, 1 Tanz und 3 Gitarre<\/td>\n<\/tr>\n<tr>\n<td><strong>Granada<\/strong><\/td>\n<td>15. August\u201321. November<\/td>\n<td>15<\/td>\n<td>9 Gesang und 6 Tanz<\/td>\n<\/tr>\n<tr>\n<td><strong>Huelva<\/strong><\/td>\n<td>5. September\u201321. November<\/td>\n<td>14<\/td>\n<td>12 Gesang, 1 Tanz und 1 Gitarre<\/td>\n<\/tr>\n<tr>\n<td><strong>Almer\u00eda<\/strong><\/td>\n<td>1. August\u201315. November<\/td>\n<td>11<\/td>\n<td>11 Gesang<\/td>\n<\/tr>\n<\/tbody>\n<\/table>\n<p><strong>Hinweis zu den Zahlen:<\/strong> Die Veranstalter nennen insgesamt 225 Auftritte. Auch die Aufteilung nach Sparten \u2013 181 Gesang, 31 Tanz und 13 Gitarre \u2013 ergibt 225. Die in der Pr\u00e4sentation ver\u00f6ffentlichten Provinzsummen ergeben jedoch 224. Offenbar fehlt in einer Aufstellung noch ein Auftritt oder einer der Werte wurde noch nicht aktualisiert. Wir verwenden die offizielle Gesamtzahl von 225 und empfehlen, vor der Reise den aktuellen Provinzkalender zu pr\u00fcfen.<\/p>\n<\/div><\/div><\/div><\/div><\/div><\/div><\/div><\/section><section class=\"l-section wpb_row height_huge\"><div class=\"l-section-h i-cf\"><div class=\"g-cols vc_row via_flex valign_top type_default stacking_default\"><div class=\"vc_col-sm-12 wpb_column vc_column_container\"><div class=\"vc_column-inner\"><div class=\"wpb_wrapper\"><div class=\"wpb_text_column\"><div class=\"wpb_wrapper\"><h2>Sevilla: 56 Auftritte und eine Hommage an El Lebrijano<\/h2>\n<p>Sevilla hat das umfangreichste Provinzprogramm: <strong>56 Auftritte in 41 Orten<\/strong>. Die Reihe begann am 6. Juni und l\u00e4uft bis zum 30. Oktober. Zw\u00f6lf Recitals fanden im Juni statt; im September und Oktober wurde das Programm mit besonderer Intensit\u00e4t fortgesetzt.<\/p>\n<p>Die Ausgabe in Sevilla erinnert an <strong>50 Jahre seit der Ver\u00f6ffentlichung von <em>Persecuci\u00f3n<\/em><\/strong>, dem wegweisenden Album von Juan Pe\u00f1a \u201eEl Lebrijano\u201c. Das Programm erreicht die Provinzhauptstadt und Orte wie Lebrija, Alcal\u00e1 de Guada\u00edra, Mairena del Alcor, Mor\u00f3n de la Frontera, \u00c9cija, Dos Hermanas, Coria del R\u00edo, Tomares, Arahal, Paradas, San Jos\u00e9 de la Rinconada oder Las Cabezas de San Juan und viele weitere.<\/p>\n<p>Wer eines dieser Recitals mit einem regul\u00e4ren Programm verbinden m\u00f6chte, findet in unserer Auswahl <a href=\"https:\/\/www.tablaosflamencos.com\/flamenco-en-sevilla\"><strong>Flamenco-Shows in Sevilla<\/strong><\/a>. Es sind unterschiedliche Erlebnisse: Eine Pe\u00f1a bietet einen einmaligen Termin innerhalb der Reihe, w\u00e4hrend sich in einem Tablao eine Vorstellung f\u00fcr ein bestimmtes Datum buchen l\u00e4sst.<\/p>\n<h2>M\u00e1laga: 35 Auftritte in 30 Orten<\/h2>\n<p>Die Provinz M\u00e1laga veranstaltet ihre Reihe vom 5. September bis zum 28. November mit <strong>35 Auftritten<\/strong>: 21 Gesang, acht Tanz und sechs Gitarre oder andere Instrumente. Die Recitals erreichen 30 Orte, darunter M\u00e1laga, Antequera, Marbella, Mijas, Nerja, V\u00e9lez-M\u00e1laga, \u00c1lora, Co\u00edn, C\u00e1rtama, Benalm\u00e1dena, Manilva sowie mehrere Gemeinden im Raum Antequera.<\/p>\n<p>Die Reihe ehrt den Flamenco-Forscher und Sammler <strong>Luis Soler<\/strong>, dessen Forschungs-, Archivierungs- und Vermittlungsarbeit dazu beigetragen hat, einen wesentlichen Teil des diskografischen und dokumentarischen Flamenco-Ged\u00e4chtnisses zu bewahren.<\/p>\n<p>Wer seinen Aufenthalt in der Hauptstadt oder an der Costa del Sol erg\u00e4nzen m\u00f6chte, kann au\u00dferdem nachlesen, wo <a href=\"https:\/\/www.tablaosflamencos.com\/flamenco-en-malaga\"><strong>Flamenco in M\u00e1laga<\/strong><\/a> an den \u00fcbrigen Wochentagen zu sehen ist.<\/p>\n<\/div><\/div><\/div><\/div><\/div><\/div><\/div><\/section><section class=\"l-section wpb_row height_huge color_alternate with_shape\"><div class=\"l-section-shape type_zigzag pos_top hor_flip\" style=\"height:3vmin;\"><svg xmlns=\"http:\/\/www.w3.org\/2000\/svg\" viewBox=\"0 0 64 8\" preserveAspectRatio=\"none\" width=\"100%\" height=\"100%\">\r\n\t<path fill=\"currentColor\" d=\"M64 8 L0 8 L0 0 L20 7.9 L40 3 L48 5 L64 0 Z\"\/>\r\n<\/svg><\/div><div class=\"l-section-shape type_zigzag pos_bottom\" style=\"height:3vmin;\"><svg xmlns=\"http:\/\/www.w3.org\/2000\/svg\" viewBox=\"0 0 64 8\" preserveAspectRatio=\"none\" width=\"100%\" height=\"100%\">\r\n\t<path fill=\"currentColor\" d=\"M64 8 L0 8 L0 0 L20 7.9 L40 3 L48 5 L64 0 Z\"\/>\r\n<\/svg><\/div><div class=\"l-section-h i-cf\"><div class=\"g-cols vc_row via_flex valign_top type_default stacking_default\"><div class=\"vc_col-sm-12 wpb_column vc_column_container\"><div class=\"vc_column-inner\"><div class=\"wpb_wrapper\"><div class=\"wpb_text_column\"><div class=\"wpb_wrapper\"><h2>C\u00e1diz: 33 Recitals zu Ehren von Mar\u00eda Vargas<\/h2>\n<p>C\u00e1diz bietet <strong>33 Auftritte zwischen dem 5. September und dem 21. November<\/strong>: 22 Gesang und 11 Tanz. Die Reihe ist der S\u00e4ngerin aus Sanl\u00facar <strong>Mar\u00eda Vargas Fern\u00e1ndez<\/strong> gewidmet und f\u00fchrt durch 22 Orte, darunter C\u00e1diz, Jerez, Sanl\u00facar de Barrameda, Chiclana, Chipiona, San Fernando, El Puerto de Santa Mar\u00eda, Arcos, Conil, Barbate, Ubrique, Algeciras, La L\u00ednea, Los Barrios und Puerto Real sowie Ceuta.<\/p>\n<p>Mit elf Tanzauftritten hat C\u00e1diz in dieser Sparte ein besonderes Gewicht. Jerez ist eines der interessanten Ziele der Route und l\u00e4sst sich mit dem regul\u00e4ren Angebot f\u00fcr <a href=\"https:\/\/www.tablaosflamencos.com\/flamenco-en-jerez\"><strong>Flamenco in Jerez<\/strong><\/a>.<\/p>\n<h2>Ja\u00e9n: zwei Phasen und die Reihe A la Verde Oliva<\/h2>\n<p>Ja\u00e9n geh\u00f6rte zu den Provinzen mit einem fr\u00fchen Beginn. Die erste Phase, die traditionsreiche Reihe <strong>A la Verde Oliva<\/strong>, lief vom 6. Juni bis zum 11. Juli. Die zweite beginnt am 12. September und endet am 28. November.<\/p>\n<p>Insgesamt sind <strong>30 Auftritte in 28 Orten<\/strong>angek\u00fcndigt: 27 Gesang, ein Tanz und zwei Gitarre. Das Programm f\u00fchrt nach Ja\u00e9n, Linares, \u00dabeda, Baeza, And\u00fajar, Martos, Bail\u00e9n, J\u00f3dar, Porcuna, Torredonjimeno, Mancha Real, Torreperogil und in zahlreiche weitere Gemeinden der Provinz.<\/p>\n<p>Wenn Sie die Hauptstadt besuchen, bietet unsere Seite \u00fcber <a href=\"https:\/\/www.tablaosflamencos.com\/flamenco-en-jaen\"><strong>Flamenco in Ja\u00e9n<\/strong><\/a> weitere M\u00f6glichkeiten f\u00fcr Ihre Reise.<\/p>\n<\/div><\/div><\/div><\/div><\/div><\/div><\/div><\/section><section class=\"l-section wpb_row height_huge\"><div class=\"l-section-h i-cf\"><div class=\"g-cols vc_row via_flex valign_top type_default stacking_default\"><div class=\"vc_col-sm-12 wpb_column vc_column_container\"><div class=\"vc_column-inner\"><div class=\"wpb_wrapper\"><div class=\"wpb_text_column\"><div class=\"wpb_wrapper\"><h2>C\u00f3rdoba: 30 Auftritte geb\u00fcndelt im November<\/h2>\n<p>C\u00f3rdoba konzentriert sein Programm auf einen kurzen Zeitraum, <strong>vom 6. bis 28. November<\/strong>. Geplant sind 30 Auftritte \u2013 26 Gesang, ein Tanz und drei Gitarre \u2013 in 28 Orten, von der Provinzhauptstadt bis Montilla, Lucena, Cabra, Baena, Priego de C\u00f3rdoba, Palma del R\u00edo, Pozoblanco, Pe\u00f1arroya, Montoro oder Aguilar de la Frontera.<\/p>\n<p>Die Ausgabe ist <strong>Antonio Gonz\u00e1lez del Moral<\/strong>gewidmet, der f\u00fcr seine Laufbahn und seinen Beitrag zum Flamenco durch Fotografie und Vermittlung in Fachmedien anerkannt wird.<\/p>\n<p>Wer mehrere Tage in der Provinz verbringt, kann die Reihe mit dem verf\u00fcgbaren Angebot f\u00fcr <a href=\"https:\/\/www.tablaosflamencos.com\/flamenco-en-cordoba\"><strong>Flamenco in C\u00f3rdoba<\/strong><\/a>.<\/p>\n<h2>Granada: 15 Termine zwischen August und November<\/h2>\n<p>Die Reihe in Granada begann am 15. August und endet am 21. November. Sie umfasst <strong>15 Auftritte<\/strong>, neun Gesang und sechs Tanz, in ebenso vielen Orten: Granada, Motril, Loja, Montefr\u00edo, Hu\u00e9tor Vega, Hu\u00e9tor T\u00e1jar, Peligros, \u00cdllora, Salobre\u00f1a, Maracena, Og\u00edjares und weiteren Gemeinden.<\/p>\n<p>Das Programm ehrt <strong>Antonio Campos Mu\u00f1oz<\/strong>. Das Verh\u00e4ltnis zwischen Gesang und Tanz ist ausgewogener als in anderen Provinzen und bietet eine gute Gelegenheit, choreografische Arbeiten in der pers\u00f6nlichen Atmosph\u00e4re einer Pe\u00f1a kennenzulernen.<\/p>\n<p>Unser Leitfaden zu <a href=\"https:\/\/www.tablaosflamencos.com\/flamenco-en-granada\"><strong>Flamenco in Granada<\/strong><\/a> hilft dabei, diesen punktuellen Kalender mit den regelm\u00e4\u00dfig stattfindenden Shows zu vergleichen.<\/p>\n<\/div><\/div><\/div><\/div><\/div><\/div><\/div><\/section><section class=\"l-section wpb_row height_huge color_alternate with_shape\"><div class=\"l-section-shape type_zigzag pos_top hor_flip\" style=\"height:3vmin;\"><svg xmlns=\"http:\/\/www.w3.org\/2000\/svg\" viewBox=\"0 0 64 8\" preserveAspectRatio=\"none\" width=\"100%\" height=\"100%\">\r\n\t<path fill=\"currentColor\" d=\"M64 8 L0 8 L0 0 L20 7.9 L40 3 L48 5 L64 0 Z\"\/>\r\n<\/svg><\/div><div class=\"l-section-shape type_zigzag pos_bottom\" style=\"height:3vmin;\"><svg xmlns=\"http:\/\/www.w3.org\/2000\/svg\" viewBox=\"0 0 64 8\" preserveAspectRatio=\"none\" width=\"100%\" height=\"100%\">\r\n\t<path fill=\"currentColor\" d=\"M64 8 L0 8 L0 0 L20 7.9 L40 3 L48 5 L64 0 Z\"\/>\r\n<\/svg><\/div><div class=\"l-section-h i-cf\"><div class=\"g-cols vc_row via_flex valign_top type_default stacking_default\"><div class=\"vc_col-sm-12 wpb_column vc_column_container\"><div class=\"vc_column-inner\"><div class=\"wpb_wrapper\"><div class=\"wpb_text_column\"><div class=\"wpb_wrapper\"><h2>Huelva: 14 Recitals in 12 Orten<\/h2>\n<p>Huelva veranstaltet sein Programm vom 5. September bis zum 21. November. Es umfasst <strong>14 Auftritte<\/strong>: zw\u00f6lf Gesang, einen Tanz und einen Gitarrenauftritt. Die Recitals finden in Almonte, Cala\u00f1as, El Campillo, Huelva, Lepe, Moguer, Paterna del Campo, Paymogo, Punta Umbr\u00eda, Santa B\u00e1rbara de las Casas, Valverde del Camino und Villanueva de las Cruces statt.<\/p>\n<p>Das Programm vereint Stimmen verschiedener Generationen und ein Gitarrenrecital. Es zeigt, wie ein relativ kompaktes Netzwerk die Hauptstadt, die K\u00fcste, den And\u00e9valo und das Bergbaurevier verbinden kann.<\/p>\n<p>F\u00fcr andere Termine k\u00f6nnen Sie au\u00dferdem das Angebot f\u00fcr <a href=\"https:\/\/www.tablaosflamencos.com\/flamenco-en-huelva\"><strong>Flamenco in Huelva<\/strong><\/a> pr\u00fcfen.<\/p>\n<h2>Almer\u00eda: elf Gesangsrecitals<\/h2>\n<p>Almer\u00eda begann die Reihe am 1. August und beendet sie am 15. November. Die Provinz veranstaltet <strong>elf Auftritte, ausschlie\u00dflich Gesang<\/strong>, in Pe\u00f1as in Carboneras, Tabernas, Adra, Pechina, El Ejido, Hu\u00e9rcal de Almer\u00eda, Almer\u00eda und Viator.<\/p>\n<p>Die Ausgabe in Almer\u00eda ehrt den Gitarristen <strong>Pepe Habichuela<\/strong>, eine Schl\u00fcsselfigur f\u00fcr das Verst\u00e4ndnis der Entwicklung der Begleitung und der zeitgen\u00f6ssischen Flamenco-Gitarre. Obwohl das Provinzprogramm aus Gesangsrecitals besteht, unterstreicht die Widmung den untrennbaren Dialog zwischen Stimme und Gitarre.<\/p>\n<\/div><\/div><\/div><\/div><\/div><\/div><\/div><\/section><section class=\"l-section wpb_row height_huge\"><div class=\"l-section-h i-cf\"><div class=\"g-cols vc_row via_flex valign_top type_default stacking_default\"><div class=\"vc_col-sm-12 wpb_column vc_column_container\"><div class=\"vc_column-inner\"><div class=\"wpb_wrapper\"><div class=\"wpb_text_column\"><div class=\"wpb_wrapper\"><h2 id=\"modalidades\">Gesang, Tanz und Gitarre: So verteilt sich die Reihe<\/h2>\n<p>Die angek\u00fcndigte Gesamtzahl gliedert sich in <strong>181 Gesangs-, 31 Tanz- und 13 Gitarrenauftritte<\/strong>. Gesang macht etwa vier von f\u00fcnf Terminen aus. Das entspricht der Geschichte vieler Pe\u00f1as, in denen Recitals f\u00fcr Stimme und Gitarre traditionell einen zentralen Platz einnehmen.<\/p>\n<p>Das bedeutet nicht, dass alle Konzerte gleich aufgebaut sind. Ein Gesangsrecital kann eine S\u00e4ngerin oder einen S\u00e4nger mit Gitarre und je nach Format mit Palmas oder anderer Begleitung zusammenbringen. Die Auswahl der Palos, Texte und Stile variiert von K\u00fcnstler zu K\u00fcnstler, sodass zwei scheinbar \u00e4hnliche Abende sehr unterschiedliche Erlebnisse bieten k\u00f6nnen.<\/p>\n<p>Die 31 Tanzauftritte zeigen Produktionen, die an intimere R\u00e4ume als ein gro\u00dfes Theater angepasst sind. In einer Pe\u00f1a l\u00e4sst die N\u00e4he Fu\u00dfarbeit, Atmung, Stille und die Kommunikation mit Gesang und Gitarre besonders unmittelbar erleben.<\/p>\n<p>Bei dreizehn Terminen steht die Gitarre im Mittelpunkt. Diese Recitals sind besonders interessant, um das Instrument au\u00dferhalb seiner Begleitfunktion zu h\u00f6ren, den Aufbau der Falsetas wahrzunehmen und Interpretinnen und Interpreten zu entdecken, die sowohl mit der Tradition als auch mit zeitgen\u00f6ssischen Ausdrucksformen arbeiten.<\/p>\n<p>Das Zusammenspiel der Disziplinen zeigt, warum Flamenco nicht auf Tanz reduziert werden darf. Gesang, Gitarre, Comp\u00e1s und Bewegung bilden eine gemeinsame Sprache, auch wenn jedes Recital einen anderen Teil davon hervorhebt.<\/p>\n<\/div><\/div><\/div><\/div><\/div><\/div><\/div><\/section><section class=\"l-section wpb_row height_huge color_alternate with_shape\"><div class=\"l-section-shape type_zigzag pos_top hor_flip\" style=\"height:3vmin;\"><svg xmlns=\"http:\/\/www.w3.org\/2000\/svg\" viewBox=\"0 0 64 8\" preserveAspectRatio=\"none\" width=\"100%\" height=\"100%\">\r\n\t<path fill=\"currentColor\" d=\"M64 8 L0 8 L0 0 L20 7.9 L40 3 L48 5 L64 0 Z\"\/>\r\n<\/svg><\/div><div class=\"l-section-shape type_zigzag pos_bottom\" style=\"height:3vmin;\"><svg xmlns=\"http:\/\/www.w3.org\/2000\/svg\" viewBox=\"0 0 64 8\" preserveAspectRatio=\"none\" width=\"100%\" height=\"100%\">\r\n\t<path fill=\"currentColor\" d=\"M64 8 L0 8 L0 0 L20 7.9 L40 3 L48 5 L64 0 Z\"\/>\r\n<\/svg><\/div><div class=\"l-section-h i-cf\"><div class=\"g-cols vc_row via_flex valign_top type_default stacking_default\"><div class=\"vc_col-sm-12 wpb_column vc_column_container\"><div class=\"vc_column-inner\"><div class=\"wpb_wrapper\"><div class=\"wpb_text_column\"><div class=\"wpb_wrapper\"><h2 id=\"gratis\">Sind alle Recitals kostenlos? So funktioniert der Eintritt<\/h2>\n<p>Nach den offiziellen Informationen zur Reihe ist <strong>der Eintritt zu den Recitals frei, solange Pl\u00e4tze verf\u00fcgbar sind<\/strong>. Es muss kein Ticket gekauft werden, aber kostenloser Eintritt garantiert keinen Platz.<\/p>\n<p>Pe\u00f1as haben meist eine begrenzte Kapazit\u00e4t, und manche Auftritte k\u00f6nnen eine deutlich gr\u00f6\u00dfere Nachfrage ausl\u00f6sen, als der Raum aufnehmen kann. Die praktische Organisation \u2013 \u00d6ffnungszeit, Ausgabe von Einladungen, Reihenfolge beim Einlass oder erforderliche Anmeldung \u2013 kann unterschiedlich sein. Deshalb empfehlen wir, den offiziellen Eintrag zu pr\u00fcfen und die Pe\u00f1a zu kontaktieren, wenn das Verfahren nicht genau beschrieben ist.<\/p>\n<p>So vermeiden Sie Probleme:<\/p>\n<ul>\n<li><strong>Pr\u00fcfen Sie Datum und Uhrzeit noch einmal am Tag des Recitals.<\/strong> Das Programm kann sich \u00e4ndern.<\/li>\n<li><strong>Kommen Sie fr\u00fchzeitig.<\/strong> \u201eSolange Pl\u00e4tze verf\u00fcgbar sind\u201c bedeutet, dass der Einlass endet, sobald die zul\u00e4ssige Kapazit\u00e4t erreicht ist.<\/li>\n<li><strong>Pr\u00fcfen Sie, ob eine Reservierung oder Einladung erforderlich ist.<\/strong> Der Eintritt bleibt kostenlos, auch wenn die Organisation die Pl\u00e4tze vorab vergibt.<\/li>\n<li><strong>Best\u00e4tigen Sie die genaue Adresse.<\/strong> Einige Pe\u00f1as haben \u00e4hnliche Namen oder veranstalten Aktivit\u00e4ten au\u00dferhalb ihres \u00fcblichen Sitzes.<\/li>\n<li><strong>Respektieren Sie den Vereinscharakter des Ortes.<\/strong> Eine Pe\u00f1a funktioniert nicht genau wie ein kommerzielles Theater: Sie ist ein Kulturverein, der von Mitgliedern und Aficionados getragen wird.<\/li>\n<\/ul>\n<p>Wenn Sie an denselben Tagen weitere kostenlose Angebote suchen, lesen Sie auch unseren Leitfaden zu den <a href=\"https:\/\/www.tablaosflamencos.com\/bienal-flamenco-sevilla-2026-gratis.html\"><strong>kostenlosen Veranstaltungen der Flamenco-Biennale Sevilla 2026<\/strong><\/a>.<\/p>\n<\/div><\/div><\/div><\/div><\/div><\/div><\/div><\/section><section class=\"l-section wpb_row height_huge\"><div class=\"l-section-h i-cf\"><div class=\"g-cols vc_row via_flex valign_top type_default stacking_default\"><div class=\"vc_col-sm-12 wpb_column vc_column_container\"><div class=\"vc_column-inner\"><div class=\"wpb_wrapper\"><div class=\"wpb_text_column\"><div class=\"wpb_wrapper\"><h2 id=\"programa\">Wo Sie das vollst\u00e4ndige Programm, die K\u00fcnstler und Uhrzeiten finden<\/h2>\n<p>Die wichtigste Quelle ist die <strong>Kulturagenda Andalusiens<\/strong>. Dort ver\u00f6ffentlicht die Regionalregierung f\u00fcr jede Provinz eigene Seiten mit Terminen, Pe\u00f1as, Orten und K\u00fcnstlern. Die Ank\u00fcndigung zur Vorstellung der Reihe verlinkt auf die offizielle Suche f\u00fcr die Provinzprogramme.<\/p>\n<p>Der Kalender ist sehr umfangreich und kann korrigiert werden. Daher fasst dieser Leitfaden die allgemeine Struktur zusammen, statt alle 225 Eintr\u00e4ge als unver\u00e4nderlich wiederzugeben. Gehen Sie f\u00fcr ein bestimmtes Datum so vor:<\/p>\n<ol>\n<li>\u00d6ffnen Sie das offizielle Programm nach Provinzen.<\/li>\n<li>W\u00e4hlen Sie die Provinz und suchen Sie den Ort.<\/li>\n<li>Pr\u00fcfen Sie K\u00fcnstler, Pe\u00f1a, Datum und Uhrzeit.<\/li>\n<li>Sehen Sie nach, ob der Eintrag Hinweise zum Einlass enth\u00e4lt.<\/li>\n<li>Fehlen Angaben, pr\u00fcfen Sie die Kan\u00e4le der Pe\u00f1a oder des Provinzverbandes.<\/li>\n<\/ol>\n<p>Die Kulturagenda weist selbst darauf hin, dass das Programm <strong>\u00c4nderungen unterliegen kann<\/strong>. Eine erneute Pr\u00fcfung kurz vor der Abfahrt ist besonders wichtig, wenn Sie zwischen mehreren Orten reisen.<\/p>\n<\/div><\/div><div class=\"w-separator size_medium\"><\/div><div class=\"w-hwrapper valign_top align_center\" style=\"--hwrapper-gap:1.2rem\"><div class=\"w-btn-wrapper align_center\"><a class=\"w-btn us-btn-style_1 icon_atleft\" href=\"https:\/\/www.juntadeandalucia.es\/organismos\/aaic\/servicios\/actualidad\/noticias\/detalle\/681667.html\"><i class=\"fas fa-calendar-alt\"><\/i><span class=\"w-btn-label\">Offizielles Programm ansehen<\/span><\/a><\/div><\/div><\/div><\/div><\/div><\/div><\/div><\/section><section class=\"l-section wpb_row height_huge color_alternate with_shape\"><div class=\"l-section-shape type_zigzag pos_top hor_flip\" style=\"height:3vmin;\"><svg xmlns=\"http:\/\/www.w3.org\/2000\/svg\" viewBox=\"0 0 64 8\" preserveAspectRatio=\"none\" width=\"100%\" height=\"100%\">\r\n\t<path fill=\"currentColor\" d=\"M64 8 L0 8 L0 0 L20 7.9 L40 3 L48 5 L64 0 Z\"\/>\r\n<\/svg><\/div><div class=\"l-section-shape type_zigzag pos_bottom\" style=\"height:3vmin;\"><svg xmlns=\"http:\/\/www.w3.org\/2000\/svg\" viewBox=\"0 0 64 8\" preserveAspectRatio=\"none\" width=\"100%\" height=\"100%\">\r\n\t<path fill=\"currentColor\" d=\"M64 8 L0 8 L0 0 L20 7.9 L40 3 L48 5 L64 0 Z\"\/>\r\n<\/svg><\/div><div class=\"l-section-h i-cf\"><div class=\"g-cols vc_row via_flex valign_top type_default stacking_default\"><div class=\"vc_col-sm-12 wpb_column vc_column_container\"><div class=\"vc_column-inner\"><div class=\"wpb_wrapper\"><div class=\"wpb_text_column\"><div class=\"wpb_wrapper\"><h2 id=\"homenajes\">Die Ehrungen, die die Ausgabe 2026 pr\u00e4gen<\/h2>\n<p>Neben der Verteilung der Auftritte haben mehrere Verb\u00e4nde ihr Programm Pers\u00f6nlichkeiten oder Jubil\u00e4en gewidmet, die mit dem Ged\u00e4chtnis des Flamenco verbunden sind:<\/p>\n<ul>\n<li><strong>Sevilla:<\/strong> 50 Jahre <em>Persecuci\u00f3n<\/em>, das Album von Juan Pe\u00f1a \u201eEl Lebrijano\u201c.<\/li>\n<li><strong>Almer\u00eda:<\/strong> Hommage an den Gitarrenmeister Pepe Habichuela.<\/li>\n<li><strong>C\u00e1diz:<\/strong> gewidmet der S\u00e4ngerin Mar\u00eda Vargas Fern\u00e1ndez aus Sanl\u00facar.<\/li>\n<li><strong>Granada:<\/strong> Programm zu Ehren von Antonio Campos Mu\u00f1oz.<\/li>\n<li><strong>M\u00e1laga:<\/strong> Anerkennung f\u00fcr den Flamenco-Forscher und Sammler Luis Soler.<\/li>\n<li><strong>C\u00f3rdoba:<\/strong> Hommage an Antonio Gonz\u00e1lez del Moral f\u00fcr seine Arbeit in der Fotografie und der Vermittlung des Flamenco.<\/li>\n<\/ul>\n<p>Diese Widmungen erweitern die Bedeutung der Reihe. Sie programmiert nicht nur den Flamenco der Gegenwart, sondern verweist auch auf Menschen, die Werke, Dokumente, Bilder, Forschungen oder Interpretationsweisen hinterlassen haben, die zum Verst\u00e4ndnis der Gegenwart beitragen.<\/p>\n<p>Die Wahl von <em>Persecuci\u00f3n<\/em> ist besonders bedeutsam. Das 1976 mit Texten von F\u00e9lix Grande ver\u00f6ffentlichte Album von El Lebrijano machte die historische Erinnerung der Roma zu einem konzeptionellen Werk von gro\u00dfer Wirkung. Ein halbes Jahrhundert sp\u00e4ter verbindet die Ehrung den Recital-Kalender mit einer der grundlegenden Aufnahmen des zeitgen\u00f6ssischen Flamenco.<\/p>\n<\/div><\/div><\/div><\/div><\/div><\/div><\/div><\/section><section class=\"l-section wpb_row height_huge\"><div class=\"l-section-h i-cf\"><div class=\"g-cols vc_row via_flex valign_top type_default stacking_default\"><div class=\"vc_col-sm-12 wpb_column vc_column_container\"><div class=\"vc_column-inner\"><div class=\"wpb_wrapper\"><div class=\"wpb_text_column\"><div class=\"wpb_wrapper\"><h2 id=\"papel-penas\">Warum Pe\u00f1as f\u00fcr den Flamenco unverzichtbar sind<\/h2>\n<p>Andalusien z\u00e4hlt derzeit <strong>329 im Verband organisierte Pe\u00f1as<\/strong>: 14 in Almer\u00eda, 50 in C\u00e1diz, 42 in C\u00f3rdoba, 25 in Granada, 21 in Huelva, 45 in Ja\u00e9n, 52 in M\u00e1laga und 80 in Sevilla. Dieses Netz erkl\u00e4rt, wie ein \u00f6ffentliches Programm Dutzende Gemeinden erreichen kann, ohne ausschlie\u00dflich auf Theater oder Gro\u00dffestivals angewiesen zu sein.<\/p>\n<p>Eine Flamenco-Pe\u00f1a ist ein Verein, der aus der gemeinsamen Begeisterung f\u00fcr Flamenco entstanden ist. Zu den Aktivit\u00e4ten geh\u00f6ren Recitals, Vortr\u00e4ge, Wettbewerbe, Ehrungen, Ausstellungen, Kurse, Mitgliedertreffen und Initiativen zur Weitergabe an neue Generationen. Jede Organisation hat ihre eigene Geschichte und Pers\u00f6nlichkeit; einige bieten seit Jahrzehnten ein regelm\u00e4\u00dfiges Programm, andere arbeiten in kleinen Gemeinden, in denen sie zu den wichtigsten kulturellen Zentren geh\u00f6ren.<\/p>\n<p>Der Wert der Reihe liegt darin, diese soziale Infrastruktur zu aktivieren. Der K\u00fcnstler kommt nicht in einen gleichg\u00fcltigen Raum, sondern vor ein Publikum, das die Sprache des Flamenco kennt, konzentriert zuh\u00f6rt und dauerhaft mit der Organisation verbunden ist. F\u00fcr junge Interpretinnen und Interpreten kann ein Auftritt vor diesen Aficionados eine pr\u00e4gende Erfahrung und ein Weg zur Anerkennung innerhalb der Szene sein.<\/p>\n<p>Das Programm f\u00f6rdert au\u00dferdem den <strong>Generationswechsel<\/strong>. Neben der allgemeinen Reihe veranstalteten die Pe\u00f1as Provinzrunden der Andalusischen Reihe junger Flamenco-K\u00fcnstler. Sie wurde mit den Verb\u00e4nden und dem Andalusischen Jugendinstitut entwickelt, um Chancen zu schaffen und neue Zielgruppen zu erreichen.<\/p>\n<\/div><\/div><\/div><\/div><\/div><\/div><\/div><\/section><section class=\"l-section wpb_row height_huge color_alternate with_shape\"><div class=\"l-section-shape type_zigzag pos_top hor_flip\" style=\"height:3vmin;\"><svg xmlns=\"http:\/\/www.w3.org\/2000\/svg\" viewBox=\"0 0 64 8\" preserveAspectRatio=\"none\" width=\"100%\" height=\"100%\">\r\n\t<path fill=\"currentColor\" d=\"M64 8 L0 8 L0 0 L20 7.9 L40 3 L48 5 L64 0 Z\"\/>\r\n<\/svg><\/div><div class=\"l-section-shape type_zigzag pos_bottom\" style=\"height:3vmin;\"><svg xmlns=\"http:\/\/www.w3.org\/2000\/svg\" viewBox=\"0 0 64 8\" preserveAspectRatio=\"none\" width=\"100%\" height=\"100%\">\r\n\t<path fill=\"currentColor\" d=\"M64 8 L0 8 L0 0 L20 7.9 L40 3 L48 5 L64 0 Z\"\/>\r\n<\/svg><\/div><div class=\"l-section-h i-cf\"><div class=\"g-cols vc_row via_flex valign_top type_default stacking_default\"><div class=\"vc_col-sm-12 wpb_column vc_column_container\"><div class=\"vc_column-inner\"><div class=\"wpb_wrapper\"><div class=\"wpb_text_column\"><div class=\"wpb_wrapper\"><h2>\u00d6ffentliche Investitionen und Auswahl der K\u00fcnstler<\/h2>\n<p>Die eigens bereitgestellte Gesamtinvestition f\u00fcr die Andalusische Pe\u00f1a-Reihe 2026 betr\u00e4gt <strong>250.000 Euro<\/strong>, 20 % mehr als 2019 f\u00fcr dieses Programm bereitgestellt wurden. Rechnet man die Andalusische Reihe junger Flamenco-K\u00fcnstler und die F\u00f6rderausschreibung f\u00fcr Vereine hinzu, erreicht die angek\u00fcndigte Unterst\u00fctzung f\u00fcr die Pe\u00f1as 330.000 Euro.<\/p>\n<p>Um teilzunehmen, mussten K\u00fcnstler oder ihre Vertretungen einen Vorschlag im Rahmen einer \u00f6ffentlichen Ausschreibung einreichen. Ein Beratungsgremium bewertete Kriterien wie k\u00fcnstlerische Qualit\u00e4t, Laufbahn, Relevanz, Zukunftspotenzial und Eignung f\u00fcr das Format der Reihe. Die Auswahl bot den Verb\u00e4nden einen Pool von fast 300 Vorschl\u00e4gen.<\/p>\n<p>Dieses Verfahren erkl\u00e4rt die Mischung aus etablierten Namen und aufstrebenden K\u00fcnstlern. Die Reihe dient nicht nur als B\u00fchne f\u00fcr bekannte Pers\u00f6nlichkeiten, sondern bietet auch bezahlte Auftritte und professionelle Sichtbarkeit f\u00fcr Interpretinnen und Interpreten, die ihre Karriere aufbauen.<\/p>\n<\/div><\/div><\/div><\/div><\/div><\/div><\/div><\/section><section class=\"l-section wpb_row height_huge\"><div class=\"l-section-h i-cf\"><div class=\"g-cols vc_row via_flex valign_top type_default stacking_default\"><div class=\"vc_col-sm-12 wpb_column vc_column_container\"><div class=\"vc_column-inner\"><div class=\"wpb_wrapper\"><div class=\"wpb_text_column\"><div class=\"wpb_wrapper\"><h2 id=\"organizar\">So planen Sie eine Route zu kostenlosem Flamenco in Andalusien<\/h2>\n<p>Die Ausdehnung der Reihe erm\u00f6glicht es, einen Kurzurlaub rund um ein oder mehrere Recitals zu planen. Die beste Strategie besteht nicht darin, das ganze Programm abzudecken, sondern drei Faktoren zu verbinden: Provinz, verf\u00fcgbare Termine und Entfernung zwischen den Orten.<\/p>\n<h3>Wenn Sie m\u00f6glichst viel Abwechslung suchen<\/h3>\n<p>Sevilla, M\u00e1laga und C\u00e1diz haben die meisten Termine. Dort lassen sich mehrere Auftritte innerhalb einer Woche finden und mit Kultur, Gastronomie und weiteren Veranstaltungen verbinden.<\/p>\n<h3>Wenn Sie sich besonders f\u00fcr Gesang interessieren<\/h3>\n<p>Alle Provinzen bieten Gesang, doch in Sevilla, Ja\u00e9n, C\u00f3rdoba und Almer\u00eda hat er ein besonders gro\u00dfes Gewicht. Almer\u00eda widmet alle elf Auftritte der Vokalkunst.<\/p>\n<h3>Wenn Sie Tanz bevorzugen<\/h3>\n<p>C\u00e1diz k\u00fcndigt elf Tanzauftritte an, M\u00e1laga acht und Granada sechs bei insgesamt f\u00fcnfzehn Terminen. In diesen drei Provinzen ist der Anteil des Tanzes in der ver\u00f6ffentlichten Aufstellung am h\u00f6chsten.<\/p>\n<h3>Wenn Sie Gitarre h\u00f6ren m\u00f6chten<\/h3>\n<p>M\u00e1laga bietet sechs Gitarren- oder andere Instrumentalauftritte, C\u00f3rdoba drei, Ja\u00e9n zwei, Sevilla einen und Huelva einen. Pr\u00fcfen Sie den Eintrag des K\u00fcnstlers, denn das Format kann ein Solorecital, ein Instrumentalprojekt oder ein gr\u00f6\u00dferes Ensemble sein.<\/p>\n<h3>Wenn Sie nur an einem bestimmten Datum Zeit haben<\/h3>\n<p>Nutzen Sie die offizielle Agenda als Ausgangspunkt und erweitern Sie die Suche auf nahe gelegene Orte. Ein Auftritt in drei\u00dfig oder vierzig Minuten Entfernung passt wom\u00f6glich besser, als auf einen Termin in der Provinzhauptstadt zu warten.<\/p>\n<p>F\u00e4llt die Reihe nicht in Ihren Reisezeitraum, lesen Sie unseren Leitfaden zu <a href=\"https:\/\/www.tablaosflamencos.com\/ciudades\"><strong>Flamenco nach St\u00e4dten<\/strong><\/a>. Dort finden Sie regelm\u00e4\u00dfig stattfindende Shows mit Vorausbuchung in verschiedenen spanischen Reisezielen.<\/p>\n<\/div><\/div><div class=\"w-separator size_medium\"><\/div><div class=\"w-hwrapper valign_top align_center\" style=\"--hwrapper-gap:1.2rem\"><div class=\"w-btn-wrapper align_center\"><a class=\"w-btn us-btn-style_1 icon_atleft\" href=\"https:\/\/www.tablaosflamencos.com\/de\/staedte\"><i class=\"fas fa-map-marker-alt\"><\/i><span class=\"w-btn-label\">Flamenco nach St\u00e4dten ansehen<\/span><\/a><\/div><\/div><\/div><\/div><\/div><\/div><\/div><\/section><section class=\"l-section wpb_row height_huge color_alternate with_shape\"><div class=\"l-section-shape type_zigzag pos_top hor_flip\" style=\"height:3vmin;\"><svg xmlns=\"http:\/\/www.w3.org\/2000\/svg\" viewBox=\"0 0 64 8\" preserveAspectRatio=\"none\" width=\"100%\" height=\"100%\">\r\n\t<path fill=\"currentColor\" d=\"M64 8 L0 8 L0 0 L20 7.9 L40 3 L48 5 L64 0 Z\"\/>\r\n<\/svg><\/div><div class=\"l-section-shape type_zigzag pos_bottom\" style=\"height:3vmin;\"><svg xmlns=\"http:\/\/www.w3.org\/2000\/svg\" viewBox=\"0 0 64 8\" preserveAspectRatio=\"none\" width=\"100%\" height=\"100%\">\r\n\t<path fill=\"currentColor\" d=\"M64 8 L0 8 L0 0 L20 7.9 L40 3 L48 5 L64 0 Z\"\/>\r\n<\/svg><\/div><div class=\"l-section-h i-cf\"><div class=\"g-cols vc_row via_flex valign_top type_default stacking_default\"><div class=\"vc_col-sm-12 wpb_column vc_column_container\"><div class=\"vc_column-inner\"><div class=\"wpb_wrapper\"><div class=\"wpb_text_column\"><div class=\"wpb_wrapper\"><h2>Flamenco 2026 auf eine andere Art erleben<\/h2>\n<p>Die Andalusische Pe\u00f1a-Reihe bietet etwas, das nicht immer auf den gro\u00dfen Spielpl\u00e4nen zu finden ist: professionellen Flamenco innerhalb eines kulturellen Netzes zu h\u00f6ren, das von Aficionados aufgebaut wurde. Die N\u00e4he, die Gr\u00f6\u00dfe der R\u00e4ume und die Vielfalt der Orte ver\u00e4ndern das Verh\u00e4ltnis zwischen B\u00fchne und Publikum.<\/p>\n<p>Wer Flamenco bereits kennt, kann bestimmten Interpretinnen und Interpreten folgen, neue Stimmen entdecken und die Atmosph\u00e4re verschiedener Provinzen vergleichen. F\u00fcr Neulinge kann die Reihe ein kostenloser Einstieg sein, sofern sie verstehen, dass eine Pe\u00f1a eigene Regeln hat und Stille, P\u00fcnktlichkeit und Respekt vor dem Auftritt zum Erlebnis geh\u00f6ren.<\/p>\n<p>Mit den angek\u00fcndigten 225 Auftritten wird die Ausgabe 2026 zu einer breiten Landkarte des heutigen andalusischen Flamenco: \u00fcberwiegend vom Gesang gepr\u00e4gt, aber offen f\u00fcr Tanz und Gitarre; aufmerksam f\u00fcr neue Generationen und zugleich mit pr\u00e4genden Namen seiner Geschichte verbunden.<\/p>\n<\/div><\/div><\/div><\/div><\/div><\/div><\/div><\/section><section class=\"l-section wpb_row height_huge\"><div class=\"l-section-h i-cf\"><div class=\"g-cols vc_row via_flex valign_middle type_default stacking_default\"><div class=\"vc_col-sm-1\/5 wpb_column vc_column_container\"><div class=\"vc_column-inner\"><div class=\"wpb_wrapper\"><\/div><\/div><\/div><div class=\"vc_col-sm-3\/5 wpb_column vc_column_container\"><div class=\"vc_column-inner\"><div class=\"wpb_wrapper\"><div class=\"wpb_text_column\"><div class=\"wpb_wrapper\"><h2 id=\"faq\">H\u00e4ufig gestellte Fragen zur Andalusischen Pe\u00f1a-Reihe 2026<\/h2>\n<\/div><\/div><div class=\"w-separator size_medium\"><\/div><div class=\"w-tabs accordion toggle_style_1 has_scrolling\" style=\"--sections-title-size:inherit;--sections-gap:0.5rem;\"><div class=\"w-tabs-sections titles-align_none icon_chevron cpos_right\"><div class=\"w-tabs-section\" id=\"me36\"><button type=\"button\" class=\"w-tabs-section-header\" aria-controls=\"content-me36\" aria-expanded=\"false\"><div class=\"w-tabs-section-title\">Wie viele Recitals umfasst die Andalusische Pe\u00f1a-Reihe 2026?<\/div><div class=\"w-tabs-section-control\"><\/div><\/button><div  class=\"w-tabs-section-content\" id=\"content-me36\"><div class=\"w-tabs-section-content-h i-cf\"><div class=\"wpb_text_column\"><div class=\"wpb_wrapper\"><p>Die offiziell angek\u00fcndigte Gesamtzahl betr\u00e4gt <strong>225 Auftritte<\/strong> mit Gesang, Tanz und Gitarre in den acht andalusischen Provinzen.<\/p>\n<\/div><\/div><\/div><\/div><\/div><div class=\"w-tabs-section\" id=\"vf3c\"><button type=\"button\" class=\"w-tabs-section-header\" aria-controls=\"content-vf3c\" aria-expanded=\"false\"><div class=\"w-tabs-section-title\">Sind die Auftritte der Reihe kostenlos?<\/div><div class=\"w-tabs-section-control\"><\/div><\/button><div  class=\"w-tabs-section-content\" id=\"content-vf3c\"><div class=\"w-tabs-section-content-h i-cf\"><div class=\"wpb_text_column\"><div class=\"wpb_wrapper\"><p>Ja. Das offizielle Programm gibt an, dass der <strong>Eintritt frei ist, solange Pl\u00e4tze verf\u00fcgbar sind<\/strong>. Einige Pe\u00f1as k\u00f6nnen Einladungen ausgeben oder Anmeldungen verlangen. Pr\u00fcfen Sie daher den jeweiligen Eintrag.<\/p>\n<\/div><\/div><\/div><\/div><\/div><div class=\"w-tabs-section\" id=\"d019\"><button type=\"button\" class=\"w-tabs-section-header\" aria-controls=\"content-d019\" aria-expanded=\"false\"><div class=\"w-tabs-section-title\">Wann findet die Andalusische Pe\u00f1a-Reihe 2026 statt?<\/div><div class=\"w-tabs-section-control\"><\/div><\/button><div  class=\"w-tabs-section-content\" id=\"content-d019\"><div class=\"w-tabs-section-content-h i-cf\"><div class=\"wpb_text_column\"><div class=\"wpb_wrapper\"><p>Der gesamte Kalender l\u00e4uft vom 6. Juni bis zum 28. November 2026, wobei die Termine je nach Provinz variieren. Die meisten Recitals finden zwischen September und November statt.<\/p>\n<\/div><\/div><\/div><\/div><\/div><div class=\"w-tabs-section\" id=\"h10b\"><button type=\"button\" class=\"w-tabs-section-header\" aria-controls=\"content-h10b\" aria-expanded=\"false\"><div class=\"w-tabs-section-title\">In welchen Provinzen gibt es Auftritte?<\/div><div class=\"w-tabs-section-control\"><\/div><\/button><div  class=\"w-tabs-section-content\" id=\"content-h10b\"><div class=\"w-tabs-section-content-h i-cf\"><div class=\"wpb_text_column\"><div class=\"wpb_wrapper\"><p>Die Reihe erreicht <strong>Almer\u00eda, C\u00e1diz, C\u00f3rdoba, Granada, Huelva, Ja\u00e9n, M\u00e1laga und Sevilla<\/strong>, mit Recitals in den Hauptst\u00e4dten und zahlreichen weiteren Orten.<\/p>\n<\/div><\/div><\/div><\/div><\/div><div class=\"w-tabs-section\" id=\"j1e5\"><button type=\"button\" class=\"w-tabs-section-header\" aria-controls=\"content-j1e5\" aria-expanded=\"false\"><div class=\"w-tabs-section-title\">Welche Flamenco-Sparten sind vertreten?<\/div><div class=\"w-tabs-section-control\"><\/div><\/button><div  class=\"w-tabs-section-content\" id=\"content-j1e5\"><div class=\"w-tabs-section-content-h i-cf\"><div class=\"wpb_text_column\"><div class=\"wpb_wrapper\"><p>Die Veranstalter k\u00fcndigen 181 Gesangs-, 31 Tanz- und 13 Gitarrenauftritte an. Insgesamt nehmen mindestens 470 K\u00fcnstlerinnen und K\u00fcnstler teil.<\/p>\n<\/div><\/div><\/div><\/div><\/div><div class=\"w-tabs-section\" id=\"w2b6\"><button type=\"button\" class=\"w-tabs-section-header\" aria-controls=\"content-w2b6\" aria-expanded=\"false\"><div class=\"w-tabs-section-title\">Wo finde ich K\u00fcnstler und Uhrzeiten?<\/div><div class=\"w-tabs-section-control\"><\/div><\/button><div  class=\"w-tabs-section-content\" id=\"content-w2b6\"><div class=\"w-tabs-section-content-h i-cf\"><div class=\"wpb_text_column\"><div class=\"wpb_wrapper\"><p>Die wichtigste Quelle ist die <strong>Kulturagenda Andalusiens<\/strong>. Die offizielle Pr\u00e4sentationsseite verlinkt das Programm jeder Provinz. Empfehlenswert ist auch ein Blick in die Kan\u00e4le der gastgebenden Pe\u00f1a.<\/p>\n<\/div><\/div><\/div><\/div><\/div><div class=\"w-tabs-section\" id=\"a391\"><button type=\"button\" class=\"w-tabs-section-header\" aria-controls=\"content-a391\" aria-expanded=\"false\"><div class=\"w-tabs-section-title\">Muss ich Mitglied einer Pe\u00f1a sein, um teilzunehmen?<\/div><div class=\"w-tabs-section-control\"><\/div><\/button><div  class=\"w-tabs-section-content\" id=\"content-a391\"><div class=\"w-tabs-section-content-h i-cf\"><div class=\"wpb_text_column\"><div class=\"wpb_wrapper\"><p>Die Recitals der Reihe werden als kostenlos angek\u00fcndigt, solange Pl\u00e4tze verf\u00fcgbar sind. Pr\u00fcfen Sie dennoch die Einlassbedingungen des konkreten Termins, da die Platzvergabe je nach Organisation und Veranstaltungsort unterschiedlich sein kann.<\/p>\n<\/div><\/div><\/div><\/div><\/div><div class=\"w-tabs-section\" id=\"f456\"><button type=\"button\" class=\"w-tabs-section-header\" aria-controls=\"content-f456\" aria-expanded=\"false\"><div class=\"w-tabs-section-title\">Kann sich das Programm \u00e4ndern?<\/div><div class=\"w-tabs-section-control\"><\/div><\/button><div  class=\"w-tabs-section-content\" id=\"content-f456\"><div class=\"w-tabs-section-content-h i-cf\"><div class=\"wpb_text_column\"><div class=\"wpb_wrapper\"><p>Ja. Die Provinzkalender weisen darauf hin, dass Termine, Uhrzeiten oder K\u00fcnstler ge\u00e4ndert werden k\u00f6nnen. Best\u00e4tigen Sie die Angaben immer kurz vor Ihrer Anreise.<\/p>\n<\/div><\/div><\/div><\/div><\/div><div class=\"w-tabs-section\" id=\"s538\"><button type=\"button\" class=\"w-tabs-section-header\" aria-controls=\"content-s538\" aria-expanded=\"false\"><div class=\"w-tabs-section-title\">Welche Provinz hat die meisten Recitals?<\/div><div class=\"w-tabs-section-control\"><\/div><\/button><div  class=\"w-tabs-section-content\" id=\"content-s538\"><div class=\"w-tabs-section-content-h i-cf\"><div class=\"wpb_text_column\"><div class=\"wpb_wrapper\"><p>Sevilla f\u00fchrt die Aufstellung mit 56 Auftritten an, gefolgt von M\u00e1laga mit 35, C\u00e1diz mit 33 sowie Ja\u00e9n und C\u00f3rdoba mit jeweils 30.<\/p>\n<\/div><\/div><\/div><\/div><\/div><div class=\"w-tabs-section\" id=\"d603\"><button type=\"button\" class=\"w-tabs-section-header\" aria-controls=\"content-d603\" aria-expanded=\"false\"><div class=\"w-tabs-section-title\">Warum ergeben die Provinzsummen nicht 225?<\/div><div class=\"w-tabs-section-control\"><\/div><\/button><div  class=\"w-tabs-section-content\" id=\"content-d603\"><div class=\"w-tabs-section-content-h i-cf\"><div class=\"wpb_text_column\"><div class=\"wpb_wrapper\"><p>Die von den Veranstaltern ver\u00f6ffentlichte Gesamtzahl und die Aufteilung nach Sparten ergeben 225. Die bei der Pr\u00e4sentation genannten Provinzsummen erreichen jedoch nur 224. Vermutlich gibt es bei einer Aufstellung eine Abweichung durch eine Aktualisierung. Als Referenz f\u00fcr das aktuelle Programm sollte die Kulturagenda Andalusiens dienen.<\/p>\n<\/div><\/div><\/div><\/div><\/div><\/div><\/div><\/div><\/div><\/div><div class=\"vc_col-sm-1\/5 wpb_column vc_column_container\"><div class=\"vc_column-inner\"><div class=\"wpb_wrapper\"><\/div><\/div><\/div><\/div><\/div><\/section>\n","protected":false},"excerpt":{"rendered":"<p>Die Andalusische Pe\u00f1a-Reihe 2026 bietet 225 kostenlose Gesangs-, Tanz- und Gitarrenrecitals in acht Provinzen. Entdecken Sie Termine, Eintritt und Programm.<\/p>\n","protected":false},"author":1,"featured_media":14272,"comment_status":"closed","ping_status":"closed","sticky":false,"template":"","format":"standard","meta":{"_acf_changed":false,"wpai_generated_summary":"","_ayudawp_aiss_exclude":false,"_ayudawp_aiss_exclude_summary":false,"_ayudawp_aiss_summary":"","_ayudawp_aiss_summary_provider":"","_ayudawp_aiss_summary_hash":"","footnotes":""},"categories":[1904],"tags":[1933,1930,1247,1412,1940,1416,1945],"class_list":["post-14331","post","type-post","status-publish","format-standard","has-post-thumbnail","hentry","category-flamenco-penas","tag-andalusische-pena-reihe","tag-andalusischer-flamenco","tag-festivales-flamencos","tag-flamenco-gesang","tag-flamenco-penas-de","tag-flamenco-tanz","tag-kostenloser-flamenco"],"acf":[],"yoast_head":"<!-- This site is optimized with the Yoast SEO Premium plugin v28.4 (Yoast SEO v28.4) - https:\/\/yoast.com\/product\/yoast-seo-premium-wordpress\/ -->\n<title>Andalusische Pe\u00f1a-Reihe 2026: 225 kostenlose Recitals<\/title>\n<meta name=\"description\" content=\"Die Andalusische Pe\u00f1a-Reihe 2026: 225 kostenlose Recitals, Termine nach Provinz, K\u00fcnstler, Veranstaltungsorte, Uhrzeiten und Einlass.\" \/>\n<meta name=\"robots\" content=\"index, follow, max-snippet:-1, max-image-preview:large, max-video-preview:-1\" \/>\n<link rel=\"canonical\" href=\"https:\/\/www.tablaosflamencos.com\/de\/andalusische-pena-reihe-2026-kostenlose-flamenco-recitals.html\" \/>\n<meta property=\"og:locale\" content=\"de_DE\" \/>\n<meta property=\"og:type\" content=\"article\" \/>\n<meta property=\"og:title\" content=\"Andalusische Pe\u00f1a-Reihe 2026: 225 kostenlose Flamenco-Recitals\" \/>\n<meta property=\"og:description\" content=\"Die Andalusische Pe\u00f1a-Reihe 2026: 225 kostenlose Recitals, Termine nach Provinz, K\u00fcnstler, Veranstaltungsorte, Uhrzeiten und Einlass.\" \/>\n<meta property=\"og:url\" content=\"https:\/\/www.tablaosflamencos.com\/de\/andalusische-pena-reihe-2026-kostenlose-flamenco-recitals.html\" \/>\n<meta property=\"og:site_name\" content=\"Tablaos Flamencos\" \/>\n<meta property=\"article:publisher\" content=\"https:\/\/www.facebook.com\/tablaosflamencos\" \/>\n<meta property=\"article:published_time\" content=\"2026-09-03T21:19:59+00:00\" \/>\n<meta property=\"article:modified_time\" content=\"2026-09-03T22:07:40+00:00\" \/>\n<meta property=\"og:image\" content=\"https:\/\/www.tablaosflamencos.com\/wp-content\/uploads\/circuito-andaluz-de-penas-2026-225-recitales-de-flamenco-gratis-por-toda-andalucia-01.webp\" \/>\n\t<meta property=\"og:image:width\" content=\"1672\" \/>\n\t<meta property=\"og:image:height\" content=\"941\" \/>\n\t<meta property=\"og:image:type\" content=\"image\/webp\" \/>\n<meta name=\"author\" content=\"Miguel Ortiz\" \/>\n<meta name=\"twitter:card\" content=\"summary_large_image\" \/>\n<meta name=\"twitter:creator\" content=\"@tablaosflamenco\" \/>\n<meta name=\"twitter:site\" content=\"@tablaosflamenco\" \/>\n<meta name=\"twitter:label1\" content=\"Verfasst von\" \/>\n\t<meta name=\"twitter:data1\" content=\"Miguel Ortiz\" \/>\n\t<meta name=\"twitter:label2\" content=\"Gesch\u00e4tzte Lesezeit\" \/>\n\t<meta name=\"twitter:data2\" content=\"23\u00a0Minuten\" \/>\n<script type=\"application\/ld+json\" class=\"yoast-schema-graph\">{\"@context\":\"https:\\\/\\\/schema.org\",\"@graph\":[{\"@type\":\"Article\",\"@id\":\"https:\\\/\\\/www.tablaosflamencos.com\\\/de\\\/andalusische-pena-reihe-2026-kostenlose-flamenco-recitals.html#article\",\"isPartOf\":{\"@id\":\"https:\\\/\\\/www.tablaosflamencos.com\\\/de\\\/andalusische-pena-reihe-2026-kostenlose-flamenco-recitals.html\"},\"author\":{\"name\":\"Miguel Ortiz\",\"@id\":\"https:\\\/\\\/www.tablaosflamencos.com\\\/de#\\\/schema\\\/person\\\/e7a9ebe14eb75a52ceabfbffb3c54f5d\"},\"headline\":\"Andalusische Pe\u00f1a-Reihe 2026: 225 kostenlose Flamenco-Recitals\",\"datePublished\":\"2026-09-03T21:19:59+00:00\",\"dateModified\":\"2026-09-03T22:07:40+00:00\",\"mainEntityOfPage\":{\"@id\":\"https:\\\/\\\/www.tablaosflamencos.com\\\/de\\\/andalusische-pena-reihe-2026-kostenlose-flamenco-recitals.html\"},\"wordCount\":4684,\"publisher\":{\"@id\":\"https:\\\/\\\/www.tablaosflamencos.com\\\/de#organization\"},\"image\":{\"@id\":\"https:\\\/\\\/www.tablaosflamencos.com\\\/de\\\/andalusische-pena-reihe-2026-kostenlose-flamenco-recitals.html#primaryimage\"},\"thumbnailUrl\":\"https:\\\/\\\/www.tablaosflamencos.com\\\/wp-content\\\/uploads\\\/circuito-andaluz-de-penas-2026-225-recitales-de-flamenco-gratis-por-toda-andalucia-01.webp\",\"keywords\":[\"Andalusische Pe\u00f1a-Reihe\",\"andalusischer Flamenco\",\"festivales flamencos\",\"Flamenco-Gesang\",\"Flamenco-Pe\u00f1as\",\"Flamenco-Tanz\",\"kostenloser Flamenco\"],\"articleSection\":[\"Flamenco-Pe\u00f1as\"],\"inLanguage\":\"de\"},{\"@type\":\"WebPage\",\"@id\":\"https:\\\/\\\/www.tablaosflamencos.com\\\/de\\\/andalusische-pena-reihe-2026-kostenlose-flamenco-recitals.html\",\"url\":\"https:\\\/\\\/www.tablaosflamencos.com\\\/de\\\/andalusische-pena-reihe-2026-kostenlose-flamenco-recitals.html\",\"name\":\"Andalusische Pe\u00f1a-Reihe 2026: 225 kostenlose Recitals\",\"isPartOf\":{\"@id\":\"https:\\\/\\\/www.tablaosflamencos.com\\\/de#website\"},\"primaryImageOfPage\":{\"@id\":\"https:\\\/\\\/www.tablaosflamencos.com\\\/de\\\/andalusische-pena-reihe-2026-kostenlose-flamenco-recitals.html#primaryimage\"},\"image\":{\"@id\":\"https:\\\/\\\/www.tablaosflamencos.com\\\/de\\\/andalusische-pena-reihe-2026-kostenlose-flamenco-recitals.html#primaryimage\"},\"thumbnailUrl\":\"https:\\\/\\\/www.tablaosflamencos.com\\\/wp-content\\\/uploads\\\/circuito-andaluz-de-penas-2026-225-recitales-de-flamenco-gratis-por-toda-andalucia-01.webp\",\"datePublished\":\"2026-09-03T21:19:59+00:00\",\"dateModified\":\"2026-09-03T22:07:40+00:00\",\"description\":\"Die Andalusische Pe\u00f1a-Reihe 2026: 225 kostenlose Recitals, Termine nach Provinz, K\u00fcnstler, Veranstaltungsorte, Uhrzeiten und Einlass.\",\"breadcrumb\":{\"@id\":\"https:\\\/\\\/www.tablaosflamencos.com\\\/de\\\/andalusische-pena-reihe-2026-kostenlose-flamenco-recitals.html#breadcrumb\"},\"inLanguage\":\"de\",\"potentialAction\":[{\"@type\":\"ReadAction\",\"target\":[\"https:\\\/\\\/www.tablaosflamencos.com\\\/de\\\/andalusische-pena-reihe-2026-kostenlose-flamenco-recitals.html\"]}]},{\"@type\":\"ImageObject\",\"inLanguage\":\"de\",\"@id\":\"https:\\\/\\\/www.tablaosflamencos.com\\\/de\\\/andalusische-pena-reihe-2026-kostenlose-flamenco-recitals.html#primaryimage\",\"url\":\"https:\\\/\\\/www.tablaosflamencos.com\\\/wp-content\\\/uploads\\\/circuito-andaluz-de-penas-2026-225-recitales-de-flamenco-gratis-por-toda-andalucia-01.webp\",\"contentUrl\":\"https:\\\/\\\/www.tablaosflamencos.com\\\/wp-content\\\/uploads\\\/circuito-andaluz-de-penas-2026-225-recitales-de-flamenco-gratis-por-toda-andalucia-01.webp\",\"width\":1672,\"height\":941,\"caption\":\"Circuito Andaluz de Pe\u00f1as 2026: 225 recitales de flamenco gratis por toda Andaluc\u00eda\"},{\"@type\":\"BreadcrumbList\",\"@id\":\"https:\\\/\\\/www.tablaosflamencos.com\\\/de\\\/andalusische-pena-reihe-2026-kostenlose-flamenco-recitals.html#breadcrumb\",\"itemListElement\":[{\"@type\":\"ListItem\",\"position\":1,\"name\":\"Home\",\"item\":\"https:\\\/\\\/www.tablaosflamencos.com\\\/de\"},{\"@type\":\"ListItem\",\"position\":2,\"name\":\"Andalusische Pe\u00f1a-Reihe 2026: 225 kostenlose Flamenco-Recitals\"}]},{\"@type\":\"WebSite\",\"@id\":\"https:\\\/\\\/www.tablaosflamencos.com\\\/de#website\",\"url\":\"https:\\\/\\\/www.tablaosflamencos.com\\\/de\",\"name\":\"Tablaos Flamencos\",\"description\":\"Entradas para tablaos flamencos de Espa\u00f1a\",\"publisher\":{\"@id\":\"https:\\\/\\\/www.tablaosflamencos.com\\\/de#organization\"},\"alternateName\":\"Tablaos Flamencos\",\"potentialAction\":[{\"@type\":\"SearchAction\",\"target\":{\"@type\":\"EntryPoint\",\"urlTemplate\":\"https:\\\/\\\/www.tablaosflamencos.com\\\/de?s={search_term_string}\"},\"query-input\":{\"@type\":\"PropertyValueSpecification\",\"valueRequired\":true,\"valueName\":\"search_term_string\"}}],\"inLanguage\":\"de\"},{\"@type\":[\"Organization\",\"Place\",\"EntertainmentBusiness\"],\"@id\":\"https:\\\/\\\/www.tablaosflamencos.com\\\/de#organization\",\"name\":\"Tablaos Flamencos\",\"alternateName\":\"Tablaos Flamencos\",\"url\":\"https:\\\/\\\/www.tablaosflamencos.com\\\/de\",\"logo\":{\"@id\":\"https:\\\/\\\/www.tablaosflamencos.com\\\/de\\\/andalusische-pena-reihe-2026-kostenlose-flamenco-recitals.html#local-main-organization-logo\"},\"image\":{\"@id\":\"https:\\\/\\\/www.tablaosflamencos.com\\\/de\\\/andalusische-pena-reihe-2026-kostenlose-flamenco-recitals.html#local-main-organization-logo\"},\"sameAs\":[\"https:\\\/\\\/www.facebook.com\\\/tablaosflamencos\",\"https:\\\/\\\/x.com\\\/tablaosflamenco\",\"https:\\\/\\\/mastodon.social\\\/@tablaosflamencos\",\"https:\\\/\\\/www.instagram.com\\\/tablaosflamencos\",\"https:\\\/\\\/tiktok.com\\\/@tablaosflamencos\",\"https:\\\/\\\/www.linkedin.com\\\/company\\\/109408238\\\/\"],\"description\":\"Venta de entradas para espect\u00e1culos flamencos\",\"legalName\":\"Tablaos Flamencos\",\"foundingDate\":\"2015-01-01\",\"numberOfEmployees\":{\"@type\":\"QuantitativeValue\",\"minValue\":\"1\",\"maxValue\":\"10\"},\"address\":{\"@id\":\"https:\\\/\\\/www.tablaosflamencos.com\\\/de\\\/andalusische-pena-reihe-2026-kostenlose-flamenco-recitals.html#local-main-place-address\"},\"geo\":{\"@type\":\"GeoCoordinates\",\"latitude\":\"37.3868072\",\"longitude\":\"-5.993280299999999\"},\"telephone\":[\"+34623787787\"],\"contactPoint\":{\"@type\":\"ContactPoint\",\"telephone\":\"+34623787787\",\"email\":\"info@tablaosflamencos.com\"},\"openingHoursSpecification\":{\"@type\":\"OpeningHoursSpecification\",\"dayOfWeek\":[\"Monday\",\"Tuesday\",\"Wednesday\",\"Thursday\",\"Friday\",\"Saturday\",\"Sunday\"],\"opens\":\"00:00\",\"closes\":\"23:59\"},\"email\":\"info@tablaosflamencos.com\",\"priceRange\":\"$$$\",\"currenciesAccepted\":\"\u20ac\"},{\"@type\":\"Person\",\"@id\":\"https:\\\/\\\/www.tablaosflamencos.com\\\/de#\\\/schema\\\/person\\\/e7a9ebe14eb75a52ceabfbffb3c54f5d\",\"name\":\"Miguel Ortiz\",\"description\":\"Miguel Ortiz es un empresario flamenco, con una s\u00f3lida trayectoria dentro del sector. Ha presidido entidades culturales vinculadas al flamenco y, cuenta con un amplio recorrido profesional en la gesti\u00f3n y promoci\u00f3n de espect\u00e1culos y tablaos flamencos. Su pasi\u00f3n por la historia y el arte flamenco se refleja en cada art\u00edculo, donde combina experiencia, criterio y un profundo respeto por la tradici\u00f3n.\",\"sameAs\":[\"https:\\\/\\\/www.tablaosflamencos.com\",\"https:\\\/\\\/www.instagra.com\\\/miguelortizfe\",\"https:\\\/\\\/www.linkedin.com\\\/in\\\/miguelortizf\\\/\"],\"birthDate\":\"1984-11-22\",\"gender\":\"hombre\",\"knowsLanguage\":[\"espa\u00f1ol\",\"ingl\u00e9s\"],\"jobTitle\":\"Empresario flamenco\"},{\"@type\":\"PostalAddress\",\"@id\":\"https:\\\/\\\/www.tablaosflamencos.com\\\/de\\\/andalusische-pena-reihe-2026-kostenlose-flamenco-recitals.html#local-main-place-address\",\"streetAddress\":\"C\\\/ Alemanes, 19\",\"addressLocality\":\"Sevilla\",\"postalCode\":\"41004\",\"addressRegion\":\"Sevilla\",\"addressCountry\":\"ES\"},{\"@type\":\"ImageObject\",\"inLanguage\":\"de\",\"@id\":\"https:\\\/\\\/www.tablaosflamencos.com\\\/de\\\/andalusische-pena-reihe-2026-kostenlose-flamenco-recitals.html#local-main-organization-logo\",\"url\":\"https:\\\/\\\/www.tablaosflamencos.com\\\/wp-content\\\/uploads\\\/tablaos-flamencos-06-3.webp\",\"contentUrl\":\"https:\\\/\\\/www.tablaosflamencos.com\\\/wp-content\\\/uploads\\\/tablaos-flamencos-06-3.webp\",\"width\":600,\"height\":620,\"caption\":\"Tablaos Flamencos\"}]}<\/script>\n<meta name=\"geo.placename\" content=\"Sevilla\" \/>\n<meta name=\"geo.position\" content=\"37.3868072;-5.993280299999999\" \/>\n<meta name=\"geo.region\" content=\"Spanien\" \/>\n<!-- \/ Yoast SEO Premium plugin. -->","yoast_head_json":{"title":"Andalusische Pe\u00f1a-Reihe 2026: 225 kostenlose Recitals","description":"Die Andalusische Pe\u00f1a-Reihe 2026: 225 kostenlose Recitals, Termine nach Provinz, K\u00fcnstler, Veranstaltungsorte, Uhrzeiten und Einlass.","robots":{"index":"index","follow":"follow","max-snippet":"max-snippet:-1","max-image-preview":"max-image-preview:large","max-video-preview":"max-video-preview:-1"},"canonical":"https:\/\/www.tablaosflamencos.com\/de\/andalusische-pena-reihe-2026-kostenlose-flamenco-recitals.html","og_locale":"de_DE","og_type":"article","og_title":"Andalusische Pe\u00f1a-Reihe 2026: 225 kostenlose Flamenco-Recitals","og_description":"Die Andalusische Pe\u00f1a-Reihe 2026: 225 kostenlose Recitals, Termine nach Provinz, K\u00fcnstler, Veranstaltungsorte, Uhrzeiten und Einlass.","og_url":"https:\/\/www.tablaosflamencos.com\/de\/andalusische-pena-reihe-2026-kostenlose-flamenco-recitals.html","og_site_name":"Tablaos Flamencos","article_publisher":"https:\/\/www.facebook.com\/tablaosflamencos","article_published_time":"2026-09-03T21:19:59+00:00","article_modified_time":"2026-09-03T22:07:40+00:00","og_image":[{"width":1672,"height":941,"url":"https:\/\/www.tablaosflamencos.com\/wp-content\/uploads\/circuito-andaluz-de-penas-2026-225-recitales-de-flamenco-gratis-por-toda-andalucia-01.webp","type":"image\/webp"}],"author":"Miguel Ortiz","twitter_card":"summary_large_image","twitter_creator":"@tablaosflamenco","twitter_site":"@tablaosflamenco","twitter_misc":{"Verfasst von":"Miguel Ortiz","Gesch\u00e4tzte Lesezeit":"23\u00a0Minuten"},"schema":{"@context":"https:\/\/schema.org","@graph":[{"@type":"Article","@id":"https:\/\/www.tablaosflamencos.com\/de\/andalusische-pena-reihe-2026-kostenlose-flamenco-recitals.html#article","isPartOf":{"@id":"https:\/\/www.tablaosflamencos.com\/de\/andalusische-pena-reihe-2026-kostenlose-flamenco-recitals.html"},"author":{"name":"Miguel Ortiz","@id":"https:\/\/www.tablaosflamencos.com\/de#\/schema\/person\/e7a9ebe14eb75a52ceabfbffb3c54f5d"},"headline":"Andalusische Pe\u00f1a-Reihe 2026: 225 kostenlose Flamenco-Recitals","datePublished":"2026-09-03T21:19:59+00:00","dateModified":"2026-09-03T22:07:40+00:00","mainEntityOfPage":{"@id":"https:\/\/www.tablaosflamencos.com\/de\/andalusische-pena-reihe-2026-kostenlose-flamenco-recitals.html"},"wordCount":4684,"publisher":{"@id":"https:\/\/www.tablaosflamencos.com\/de#organization"},"image":{"@id":"https:\/\/www.tablaosflamencos.com\/de\/andalusische-pena-reihe-2026-kostenlose-flamenco-recitals.html#primaryimage"},"thumbnailUrl":"https:\/\/www.tablaosflamencos.com\/wp-content\/uploads\/circuito-andaluz-de-penas-2026-225-recitales-de-flamenco-gratis-por-toda-andalucia-01.webp","keywords":["Andalusische Pe\u00f1a-Reihe","andalusischer Flamenco","festivales flamencos","Flamenco-Gesang","Flamenco-Pe\u00f1as","Flamenco-Tanz","kostenloser Flamenco"],"articleSection":["Flamenco-Pe\u00f1as"],"inLanguage":"de"},{"@type":"WebPage","@id":"https:\/\/www.tablaosflamencos.com\/de\/andalusische-pena-reihe-2026-kostenlose-flamenco-recitals.html","url":"https:\/\/www.tablaosflamencos.com\/de\/andalusische-pena-reihe-2026-kostenlose-flamenco-recitals.html","name":"Andalusische Pe\u00f1a-Reihe 2026: 225 kostenlose Recitals","isPartOf":{"@id":"https:\/\/www.tablaosflamencos.com\/de#website"},"primaryImageOfPage":{"@id":"https:\/\/www.tablaosflamencos.com\/de\/andalusische-pena-reihe-2026-kostenlose-flamenco-recitals.html#primaryimage"},"image":{"@id":"https:\/\/www.tablaosflamencos.com\/de\/andalusische-pena-reihe-2026-kostenlose-flamenco-recitals.html#primaryimage"},"thumbnailUrl":"https:\/\/www.tablaosflamencos.com\/wp-content\/uploads\/circuito-andaluz-de-penas-2026-225-recitales-de-flamenco-gratis-por-toda-andalucia-01.webp","datePublished":"2026-09-03T21:19:59+00:00","dateModified":"2026-09-03T22:07:40+00:00","description":"Die Andalusische Pe\u00f1a-Reihe 2026: 225 kostenlose Recitals, Termine nach Provinz, K\u00fcnstler, Veranstaltungsorte, Uhrzeiten und Einlass.","breadcrumb":{"@id":"https:\/\/www.tablaosflamencos.com\/de\/andalusische-pena-reihe-2026-kostenlose-flamenco-recitals.html#breadcrumb"},"inLanguage":"de","potentialAction":[{"@type":"ReadAction","target":["https:\/\/www.tablaosflamencos.com\/de\/andalusische-pena-reihe-2026-kostenlose-flamenco-recitals.html"]}]},{"@type":"ImageObject","inLanguage":"de","@id":"https:\/\/www.tablaosflamencos.com\/de\/andalusische-pena-reihe-2026-kostenlose-flamenco-recitals.html#primaryimage","url":"https:\/\/www.tablaosflamencos.com\/wp-content\/uploads\/circuito-andaluz-de-penas-2026-225-recitales-de-flamenco-gratis-por-toda-andalucia-01.webp","contentUrl":"https:\/\/www.tablaosflamencos.com\/wp-content\/uploads\/circuito-andaluz-de-penas-2026-225-recitales-de-flamenco-gratis-por-toda-andalucia-01.webp","width":1672,"height":941,"caption":"Circuito Andaluz de Pe\u00f1as 2026: 225 recitales de flamenco gratis por toda Andaluc\u00eda"},{"@type":"BreadcrumbList","@id":"https:\/\/www.tablaosflamencos.com\/de\/andalusische-pena-reihe-2026-kostenlose-flamenco-recitals.html#breadcrumb","itemListElement":[{"@type":"ListItem","position":1,"name":"Home","item":"https:\/\/www.tablaosflamencos.com\/de"},{"@type":"ListItem","position":2,"name":"Andalusische Pe\u00f1a-Reihe 2026: 225 kostenlose Flamenco-Recitals"}]},{"@type":"WebSite","@id":"https:\/\/www.tablaosflamencos.com\/de#website","url":"https:\/\/www.tablaosflamencos.com\/de","name":"Tablaos Flamencos","description":"Entradas para tablaos flamencos de Espa\u00f1a","publisher":{"@id":"https:\/\/www.tablaosflamencos.com\/de#organization"},"alternateName":"Tablaos Flamencos","potentialAction":[{"@type":"SearchAction","target":{"@type":"EntryPoint","urlTemplate":"https:\/\/www.tablaosflamencos.com\/de?s={search_term_string}"},"query-input":{"@type":"PropertyValueSpecification","valueRequired":true,"valueName":"search_term_string"}}],"inLanguage":"de"},{"@type":["Organization","Place","EntertainmentBusiness"],"@id":"https:\/\/www.tablaosflamencos.com\/de#organization","name":"Tablaos Flamencos","alternateName":"Tablaos Flamencos","url":"https:\/\/www.tablaosflamencos.com\/de","logo":{"@id":"https:\/\/www.tablaosflamencos.com\/de\/andalusische-pena-reihe-2026-kostenlose-flamenco-recitals.html#local-main-organization-logo"},"image":{"@id":"https:\/\/www.tablaosflamencos.com\/de\/andalusische-pena-reihe-2026-kostenlose-flamenco-recitals.html#local-main-organization-logo"},"sameAs":["https:\/\/www.facebook.com\/tablaosflamencos","https:\/\/x.com\/tablaosflamenco","https:\/\/mastodon.social\/@tablaosflamencos","https:\/\/www.instagram.com\/tablaosflamencos","https:\/\/tiktok.com\/@tablaosflamencos","https:\/\/www.linkedin.com\/company\/109408238\/"],"description":"Venta de entradas para espect\u00e1culos flamencos","legalName":"Tablaos Flamencos","foundingDate":"2015-01-01","numberOfEmployees":{"@type":"QuantitativeValue","minValue":"1","maxValue":"10"},"address":{"@id":"https:\/\/www.tablaosflamencos.com\/de\/andalusische-pena-reihe-2026-kostenlose-flamenco-recitals.html#local-main-place-address"},"geo":{"@type":"GeoCoordinates","latitude":"37.3868072","longitude":"-5.993280299999999"},"telephone":["+34623787787"],"contactPoint":{"@type":"ContactPoint","telephone":"+34623787787","email":"info@tablaosflamencos.com"},"openingHoursSpecification":{"@type":"OpeningHoursSpecification","dayOfWeek":["Monday","Tuesday","Wednesday","Thursday","Friday","Saturday","Sunday"],"opens":"00:00","closes":"23:59"},"email":"info@tablaosflamencos.com","priceRange":"$$$","currenciesAccepted":"\u20ac"},{"@type":"Person","@id":"https:\/\/www.tablaosflamencos.com\/de#\/schema\/person\/e7a9ebe14eb75a52ceabfbffb3c54f5d","name":"Miguel Ortiz","description":"Miguel Ortiz es un empresario flamenco, con una s\u00f3lida trayectoria dentro del sector. Ha presidido entidades culturales vinculadas al flamenco y, cuenta con un amplio recorrido profesional en la gesti\u00f3n y promoci\u00f3n de espect\u00e1culos y tablaos flamencos. Su pasi\u00f3n por la historia y el arte flamenco se refleja en cada art\u00edculo, donde combina experiencia, criterio y un profundo respeto por la tradici\u00f3n.","sameAs":["https:\/\/www.tablaosflamencos.com","https:\/\/www.instagra.com\/miguelortizfe","https:\/\/www.linkedin.com\/in\/miguelortizf\/"],"birthDate":"1984-11-22","gender":"hombre","knowsLanguage":["espa\u00f1ol","ingl\u00e9s"],"jobTitle":"Empresario flamenco"},{"@type":"PostalAddress","@id":"https:\/\/www.tablaosflamencos.com\/de\/andalusische-pena-reihe-2026-kostenlose-flamenco-recitals.html#local-main-place-address","streetAddress":"C\/ Alemanes, 19","addressLocality":"Sevilla","postalCode":"41004","addressRegion":"Sevilla","addressCountry":"ES"},{"@type":"ImageObject","inLanguage":"de","@id":"https:\/\/www.tablaosflamencos.com\/de\/andalusische-pena-reihe-2026-kostenlose-flamenco-recitals.html#local-main-organization-logo","url":"https:\/\/www.tablaosflamencos.com\/wp-content\/uploads\/tablaos-flamencos-06-3.webp","contentUrl":"https:\/\/www.tablaosflamencos.com\/wp-content\/uploads\/tablaos-flamencos-06-3.webp","width":600,"height":620,"caption":"Tablaos Flamencos"}]},"geo.placename":"Sevilla","geo.position":{"lat":"37.3868072","long":"-5.993280299999999"},"geo.region":"Spanien"},"_links":{"self":[{"href":"https:\/\/www.tablaosflamencos.com\/de\/wp-json\/wp\/v2\/posts\/14331","targetHints":{"allow":["GET"]}}],"collection":[{"href":"https:\/\/www.tablaosflamencos.com\/de\/wp-json\/wp\/v2\/posts"}],"about":[{"href":"https:\/\/www.tablaosflamencos.com\/de\/wp-json\/wp\/v2\/types\/post"}],"author":[{"embeddable":true,"href":"https:\/\/www.tablaosflamencos.com\/de\/wp-json\/wp\/v2\/users\/1"}],"replies":[{"embeddable":true,"href":"https:\/\/www.tablaosflamencos.com\/de\/wp-json\/wp\/v2\/comments?post=14331"}],"version-history":[{"count":1,"href":"https:\/\/www.tablaosflamencos.com\/de\/wp-json\/wp\/v2\/posts\/14331\/revisions"}],"predecessor-version":[{"id":14358,"href":"https:\/\/www.tablaosflamencos.com\/de\/wp-json\/wp\/v2\/posts\/14331\/revisions\/14358"}],"wp:featuredmedia":[{"embeddable":true,"href":"https:\/\/www.tablaosflamencos.com\/de\/wp-json\/wp\/v2\/media\/14272"}],"wp:attachment":[{"href":"https:\/\/www.tablaosflamencos.com\/de\/wp-json\/wp\/v2\/media?parent=14331"}],"wp:term":[{"taxonomy":"category","embeddable":true,"href":"https:\/\/www.tablaosflamencos.com\/de\/wp-json\/wp\/v2\/categories?post=14331"},{"taxonomy":"post_tag","embeddable":true,"href":"https:\/\/www.tablaosflamencos.com\/de\/wp-json\/wp\/v2\/tags?post=14331"}],"curies":[{"name":"wp","href":"https:\/\/api.w.org\/{rel}","templated":true}]}}