{"id":14309,"date":"2026-09-03T23:26:41","date_gmt":"2026-09-03T21:26:41","guid":{"rendered":"https:\/\/www.tablaosflamencos.com\/?p=14309"},"modified":"2026-09-03T23:57:04","modified_gmt":"2026-09-03T21:57:04","slug":"flamenco-nach-biennale-wo-sevilla","status":"publish","type":"post","link":"https:\/\/www.tablaosflamencos.com\/de\/flamenco-nach-biennale-wo-sevilla.html","title":{"rendered":"Flamenco nach der Biennale: Wo Sie in Sevilla weiter Flamenco erleben k\u00f6nnen"},"content":{"rendered":"<section class=\"l-section wpb_row height_huge\"><div class=\"l-section-h i-cf\"><div class=\"g-cols vc_row via_flex valign_top type_default stacking_default\"><div class=\"vc_col-sm-6 wpb_column vc_column_container\"><div class=\"vc_column-inner\"><div class=\"wpb_wrapper\"><div class=\"wpb_text_column\"><div class=\"wpb_wrapper\"><h2>Flamenco nach der Biennale: Wo Sie in Sevilla weiter Flamenco erleben k\u00f6nnen<\/h2>\n<p>Die <strong>Flamenco-Biennale Sevilla 2026<\/strong> endet am 3. Oktober, doch das bedeutet nicht, dass die Stadt keinen Live-Flamenco mehr bietet. \u00dcber mehrere Wochen b\u00fcndelt die Biennale Premieren, gro\u00dfe Produktionen, einmalige Begegnungen und K\u00fcnstler aus ganz Spanien; wenn dieses au\u00dfergew\u00f6hnliche Programm endet, kehrt Sevilla zu seinem normalen Flamenco-Rhythmus zur\u00fcck, der auch im restlichen Jahr sehr lebendig bleibt.<\/p>\n<p>Es ist nicht das Ende der Flamenco-Saison, sondern die R\u00fcckkehr zum festen Netz an Spielst\u00e4tten, das das ganze Jahr \u00fcber funktioniert.<\/p>\n<\/div><\/div><\/div><\/div><\/div><div class=\"vc_col-sm-6 wpb_column vc_column_container\"><div class=\"vc_column-inner\"><div class=\"wpb_wrapper\"><div class=\"wpb_text_column\"><div class=\"wpb_wrapper\"><h2>Was Sie ab dem 4. Oktober finden<\/h2>\n<p>F\u00fcr alle, die die Stadt besuchen <strong>ab dem 4. Oktober<\/strong>, besteht die wichtigste Ver\u00e4nderung nicht darin, dass der Flamenco verschwindet, sondern in der Art des Angebots. Die gro\u00dfen Theater fungieren nicht mehr als tempor\u00e4res Netz von Festivalspielst\u00e4tten, und im Mittelpunkt stehen wieder <strong>Tablaos, Kulturorte, Flamenco-Theater und feste Angebote<\/strong> mit regelm\u00e4\u00dfigen Vorstellungen.<\/p>\n<p>In vielen F\u00e4llen treten dort auch K\u00fcnstler auf, die an Festivals, Biennalen und professionellen Tournee- und Veranstaltungsreihen teilnehmen.<\/p>\n<p>Dieser Guide richtet sich an alle, die nach der Biennale nach Sevilla kommen und sich fragen, <strong>wo sie weiterhin guten Flamenco sehen k\u00f6nnen, welche Art von Show sie w\u00e4hlen sollten und wie sich ein Flamenco-Abend ohne gro\u00dfes Festival planen l\u00e4sst<\/strong>.<\/p>\n<\/div><\/div><\/div><\/div><\/div><\/div><\/div><\/section><section class=\"l-section wpb_row height_huge color_alternate with_shape\"><div class=\"l-section-shape type_zigzag pos_top hor_flip\" style=\"height:3vmin;\"><svg xmlns=\"http:\/\/www.w3.org\/2000\/svg\" viewBox=\"0 0 64 8\" preserveAspectRatio=\"none\" width=\"100%\" height=\"100%\">\r\n\t<path fill=\"currentColor\" d=\"M64 8 L0 8 L0 0 L20 7.9 L40 3 L48 5 L64 0 Z\"\/>\r\n<\/svg><\/div><div class=\"l-section-shape type_zigzag pos_bottom\" style=\"height:3vmin;\"><svg xmlns=\"http:\/\/www.w3.org\/2000\/svg\" viewBox=\"0 0 64 8\" preserveAspectRatio=\"none\" width=\"100%\" height=\"100%\">\r\n\t<path fill=\"currentColor\" d=\"M64 8 L0 8 L0 0 L20 7.9 L40 3 L48 5 L64 0 Z\"\/>\r\n<\/svg><\/div><div class=\"l-section-h i-cf\"><div class=\"g-cols vc_row via_flex valign_top type_default stacking_default\"><div class=\"vc_col-sm-12 wpb_column vc_column_container\"><div class=\"vc_column-inner\"><div class=\"wpb_wrapper\"><div class=\"wpb_text_column\"><div class=\"wpb_wrapper\"><blockquote>\n<p><strong>Kurzantwort:<\/strong> Nach der Flamenco-Biennale 2026 k\u00f6nnen Sie in Sevilla das ganze Jahr \u00fcber weiter Flamenco erleben. F\u00fcr Besucher ist die einfachste M\u00f6glichkeit, eine regelm\u00e4\u00dfige Vorstellung in einem Tablao oder Flamenco-Theater zu buchen. Zu den Angeboten, die Sie direkt \u00fcber Tablaos Flamencos buchen k\u00f6nnen, geh\u00f6ren <a href=\"https:\/\/www.tablaosflamencos.com\/de\/tablao\/tablao-flamenco-las-setas\"><strong>Tablao Flamenco Las Setas<\/strong><\/a>, <a href=\"https:\/\/www.tablaosflamencos.com\/de\/tablao\/tablao-flamenco-la-cantaora\"><strong>Tablao Flamenco La Cantaora<\/strong><\/a>, <a href=\"https:\/\/www.tablaosflamencos.com\/de\/tablao\/casa-duende-tablao\"><strong>Casa Duende Tablao<\/strong><\/a>, <a href=\"https:\/\/www.tablaosflamencos.com\/de\/tablao\/tablao-flamenco-las-duenas\"><strong>Tablao Flamenco Las Due\u00f1as<\/strong><\/a>, <a href=\"https:\/\/www.tablaosflamencos.com\/de\/tablao\/tablao-flamenco-casa-inquieta\"><strong>Casa Inquieta<\/strong><\/a>, <a href=\"https:\/\/www.tablaosflamencos.com\/de\/tablao\/casa-flamenco-azahar\"><strong>Casa Flamenco Azahar<\/strong><\/a> und <a href=\"https:\/\/www.tablaosflamencos.com\/de\/tablao\/tablao-flamenco-el-jardin-de-murillo\"><strong>El Jard\u00edn de Murillo<\/strong><\/a>; in Triana k\u00f6nnen Sie <a href=\"https:\/\/www.tablaosflamencos.com\/de\/tablao\/baraka-sala-flamenca\"><strong>Baraka Sala Flamenca<\/strong><\/a> und <a href=\"https:\/\/www.tablaosflamencos.com\/de\/tablao\/tablao-flamenco-triana\"><strong>Tablao Flamenco Triana<\/strong><\/a>buchen. Zeiten, Besetzungen und Preise k\u00f6nnen sich \u00e4ndern, daher empfiehlt es sich, fr\u00fchzeitig zu reservieren und die verf\u00fcgbare Vorstellung f\u00fcr Ihr konkretes Datum zu pr\u00fcfen.<\/p>\n<\/blockquote>\n<p><strong>Letzte Aktualisierung: 3. September 2026.<\/strong><\/p>\n<p>Lesen Sie auch unseren <a href=\"https:\/\/www.tablaosflamencos.com\/de\/flamenco-in-sevilla\"><strong>vollst\u00e4ndigen Guide f\u00fcr Flamenco in Sevilla<\/strong><\/a> sowie unseren <a href=\"https:\/\/www.tablaosflamencos.com\/de\/flamenco-biennale-sevilla-2026.html\"><strong>Guide zur Flamenco-Biennale Sevilla 2026<\/strong><\/a>.<\/p>\n<\/div><\/div><div class=\"w-separator size_medium\"><\/div><div class=\"w-hwrapper valign_top wrap align_center\" style=\"--hwrapper-gap:1.2rem\"><div class=\"w-btn-wrapper align_none\"><a class=\"w-btn us-btn-style_1\" href=\"https:\/\/www.tablaosflamencos.com\/de\/flamenco-in-sevilla\"><span class=\"w-btn-label\">Flamenco in Sevilla ansehen<\/span><\/a><\/div><div class=\"w-btn-wrapper align_none\"><a class=\"w-btn us-btn-style_11\" href=\"https:\/\/www.tablaosflamencos.com\/de\/flamenco-buchen\"><span class=\"w-btn-label\">So buchen Sie<\/span><\/a><\/div><\/div><\/div><\/div><\/div><\/div><\/div><\/section><section class=\"l-section wpb_row height_huge\"><div class=\"l-section-h i-cf\"><div class=\"g-cols vc_row via_flex valign_top type_default stacking_default\"><div class=\"vc_col-sm-3 wpb_column vc_column_container\"><div class=\"vc_column-inner\"><div class=\"wpb_wrapper\"><\/div><\/div><\/div><div class=\"vc_col-sm-6 wpb_column vc_column_container\"><div class=\"vc_column-inner\"><div class=\"wpb_wrapper\"><div class=\"wpb_text_column\"><div class=\"wpb_wrapper\"><h2>Inhalt dieses Guides<\/h2>\n<ul>\n<li><a href=\"#que-cambia\">Was sich nach dem Ende der Biennale \u00e4ndert<\/a><\/li>\n<li><a href=\"#tablaos\">Tablaos: die verl\u00e4sslichste Option<\/a><\/li>\n<li><a href=\"#donde-ver\">Wo Sie in Sevilla weiter Flamenco sehen k\u00f6nnen<\/a><\/li>\n<li><a href=\"#triana\">Flamenco in Triana weiter erleben<\/a><\/li>\n<li><a href=\"#intimo\">Intime Spielst\u00e4tten und unmittelbare Formate<\/a><\/li>\n<li><a href=\"#gran-formato\">Angebote im gr\u00f6\u00dferen Format<\/a><\/li>\n<li><a href=\"#elegir\">So w\u00e4hlen Sie eine gute Show<\/a><\/li>\n<li><a href=\"#plan\">Ein praktischer Plan f\u00fcr einen Flamenco-Abend<\/a><\/li>\n<li><a href=\"#mas-alla\">Mehr als Tablaos<\/a><\/li>\n<li><a href=\"#faq\">H\u00e4ufig gestellte Fragen<\/a><\/li>\n<\/ul>\n<\/div><\/div><\/div><\/div><\/div><div class=\"vc_col-sm-3 wpb_column vc_column_container\"><div class=\"vc_column-inner\"><div class=\"wpb_wrapper\"><\/div><\/div><\/div><\/div><\/div><\/section><section class=\"l-section wpb_row height_huge color_alternate with_shape\"><div class=\"l-section-shape type_zigzag pos_top\" style=\"height:3vmin;\"><svg xmlns=\"http:\/\/www.w3.org\/2000\/svg\" viewBox=\"0 0 64 8\" preserveAspectRatio=\"none\" width=\"100%\" height=\"100%\">\r\n\t<path fill=\"currentColor\" d=\"M64 8 L0 8 L0 0 L20 7.9 L40 3 L48 5 L64 0 Z\"\/>\r\n<\/svg><\/div><div class=\"l-section-shape type_zigzag pos_bottom\" style=\"height:3vmin;\"><svg xmlns=\"http:\/\/www.w3.org\/2000\/svg\" viewBox=\"0 0 64 8\" preserveAspectRatio=\"none\" width=\"100%\" height=\"100%\">\r\n\t<path fill=\"currentColor\" d=\"M64 8 L0 8 L0 0 L20 7.9 L40 3 L48 5 L64 0 Z\"\/>\r\n<\/svg><\/div><div class=\"l-section-h i-cf\"><div class=\"g-cols vc_row via_flex valign_top type_default stacking_default\"><div class=\"vc_col-sm-6 wpb_column vc_column_container\"><div class=\"vc_column-inner\"><div class=\"wpb_wrapper\"><div class=\"wpb_text_column\"><div class=\"wpb_wrapper\"><h2 id=\"que-cambia\">Was sich in Sevilla \u00e4ndert, wenn die Biennale endet<\/h2>\n<p>W\u00e4hrend der Biennale k\u00f6nnen Besucher Flamenco an Orten erleben, die normalerweise nicht Teil eines t\u00e4glichen Veranstaltungsbetriebs sind: gro\u00dfe Theater, Denkm\u00e4ler, historische Innenh\u00f6fe, ehemalige Fabriken, entweihte Kirchen oder Spielst\u00e4tten, die eigens f\u00fcr eine Festivalausgabe genutzt werden. Diese Einzigartigkeit geh\u00f6rt zu den gro\u00dfen St\u00e4rken der Biennale, kann aber auch einen falschen Eindruck erwecken: dass das Flamenco-Angebot au\u00dferhalb dieser Zeit deutlich geringer sei.<\/p>\n<p>Tats\u00e4chlich handelt es sich um zwei unterschiedliche Modelle. <strong>Die Biennale ist ein au\u00dfergew\u00f6hnliches Ereignis; Tablaos und Flamenco-Spielst\u00e4tten bilden die dauerhafte Infrastruktur der Stadt.<\/strong><\/p>\n<p>Nach dem 3. Oktober m\u00fcssen Sie Ihren Besuch nicht mehr nach dem offiziellen Festivalprogramm ausrichten. Daf\u00fcr l\u00e4sst sich ein Flamenco-Abend viel freier planen: Viertel, Vorstellung, Art der Spielst\u00e4tte, N\u00e4he zur B\u00fchne und Showformat k\u00f6nnen an den restlichen Reiseplan angepasst werden.<\/p>\n<p>Au\u00dferdem sollten Besucher bedenken, dass die Besetzungen eines Tablaos meist nicht wie die feste Besetzung einer Theaterproduktion funktionieren. K\u00fcnstlerische Ensembles k\u00f6nnen wechseln, und diese Rotation geh\u00f6rt zum professionellen Charakter dieser Spielst\u00e4tten.<\/p>\n<p>Darum ist es nach der Biennale sinnvoller, weniger einem einzelnen Namen nachzujagen und stattdessen <strong>eine Spielst\u00e4tte, ein Erlebnis und ein Format zu w\u00e4hlen, die zu Ihren Vorstellungen passen<\/strong>.<\/p>\n<\/div><\/div><\/div><\/div><\/div><div class=\"vc_col-sm-6 wpb_column vc_column_container\"><div class=\"vc_column-inner\"><div class=\"wpb_wrapper\"><div class=\"wpb_text_column\"><div class=\"wpb_wrapper\"><h2 id=\"tablaos\">Tablaos: die einfachste Art, weiterhin Flamenco zu sehen<\/h2>\n<p>F\u00fcr Besucher, die sich nach der Biennale einen Flamenco-Abend sichern m\u00f6chten, ist ein Tablao meist die praktischste Option. Sein gr\u00f6\u00dfter Vorteil ist die <strong>Regelm\u00e4\u00dfigkeit<\/strong>: W\u00e4hrend ein Theaterrecital, eine Pe\u00f1a oder ein Festival an ein bestimmtes Datum gebunden ist, bieten Tablaos \u00fcber weite Teile des Jahres feste oder sehr h\u00e4ufige Vorstellungen.<\/p>\n<p>Das bedeutet nicht, dass alle Tablaos gleich sind. Sevilla bietet historische H\u00e4user mit jahrzehntelanger Tradition ebenso wie moderne R\u00e4ume, kleine Kulturorte und speziell dem Flamenco gewidmete Theater.<\/p>\n<p>Ein gutes Flamenco-Ensemble l\u00e4sst die drei grundlegenden S\u00e4ulen einer Live-Show erleben: <strong>Gesang, Tanz und Gitarre<\/strong>. Je nach Spielst\u00e4tte k\u00f6nnen Palmas, Percussion oder andere Elemente hinzukommen; entscheidend ist jedoch, dass das Erlebnis auf echten K\u00fcnstlern und ihrer Interaktion beruht.<\/p>\n<p>Wenn es Ihr erster Flamenco-Abend ist, sollten Sie die Show eher nach Qualit\u00e4t und Art der Spielst\u00e4tte als nach Zusatzleistungen ausw\u00e4hlen. Ein Abendessen kann in manchen H\u00e4usern bequem sein, ist f\u00fcr den Flamenco-Genuss aber nicht notwendig. Wenn die B\u00fchne im Mittelpunkt stehen soll, ist eine gute Strategie, <strong>die Show zu buchen und Tapas oder Abendessen davor oder danach einzuplanen<\/strong>.<\/p>\n<p>Die aktuelle Auswahl der Stadt finden Sie auf unserer Seite <a href=\"https:\/\/www.tablaosflamencos.com\/de\/flamenco-in-sevilla\"><strong>Flamenco in Sevilla<\/strong><\/a> und den Buchungsablauf erkl\u00e4ren wir unter <a href=\"https:\/\/www.tablaosflamencos.com\/de\/flamenco-buchen\"><strong>So buchen Sie<\/strong><\/a>.<\/p>\n<\/div><\/div><\/div><\/div><\/div><\/div><\/div><\/section><section class=\"l-section wpb_row height_huge\"><div class=\"l-section-h i-cf\"><div class=\"g-cols vc_row via_flex valign_top type_default stacking_default\"><div class=\"vc_col-sm-12 wpb_column vc_column_container\"><div class=\"vc_column-inner\"><div class=\"wpb_wrapper\"><div class=\"wpb_text_column\"><div class=\"wpb_wrapper\"><h2 id=\"donde-ver\">Wo Sie nach der Biennale in Sevilla weiter Flamenco sehen k\u00f6nnen<\/h2>\n<p>Es gibt nicht das eine \u201ebeste Tablao\u201c f\u00fcr alle. Die Wahl h\u00e4ngt davon ab, ob Sie Tradition, N\u00e4he, eine aufwendigere visuelle Produktion, eine bestimmte Lage oder ein Erlebnis in Kombination mit anderen Pl\u00e4nen suchen. Diese Spielst\u00e4tten geh\u00f6ren zum regelm\u00e4\u00dfigen Flamenco-Angebot Sevillas und k\u00f6nnen Ihnen bei der Planung als Orientierung dienen:<\/p>\n<div style=\"overflow-x: auto;\">\n<table>\n<thead>\n<tr>\n<th>Spielst\u00e4tte<\/th>\n<th>Viertel<\/th>\n<th>Interessant, wenn Sie suchen&#8230;<\/th>\n<\/tr>\n<\/thead>\n<tbody>\n<tr>\n<td><a href=\"https:\/\/www.tablaosflamencos.com\/de\/tablao\/tablao-flamenco-las-setas\"><strong>Tablao Flamenco Las Setas<\/strong><\/a><\/td>\n<td>Las Setas \/ Encarnaci\u00f3n<\/td>\n<td>Zentrale Lage, ein sorgf\u00e4ltig gestaltetes Format und die M\u00f6glichkeit, die Show in einen Rundgang durch das Zentrum einzubauen.<\/td>\n<\/tr>\n<tr>\n<td><a href=\"https:\/\/www.tablaosflamencos.com\/de\/tablao\/tablao-flamenco-la-cantaora\"><strong>Tablao Flamenco La Cantaora<\/strong><\/a><\/td>\n<td>Plaza Nueva \/ Zentrum<\/td>\n<td>Flamenco und Gastronomie in einer einzigen Buchung kombinieren.<\/td>\n<\/tr>\n<tr>\n<td><a href=\"https:\/\/www.tablaosflamencos.com\/de\/tablao\/casa-duende-tablao\"><strong>Casa Duende Tablao<\/strong><\/a><\/td>\n<td>Zentrum<\/td>\n<td>Eine kleine Spielst\u00e4tte mit gro\u00dfer N\u00e4he zu den K\u00fcnstlern.<\/td>\n<\/tr>\n<tr>\n<td><a href=\"https:\/\/www.tablaosflamencos.com\/de\/tablao\/tablao-flamenco-las-duenas\"><strong>Tablao Flamenco Las Due\u00f1as<\/strong><\/a><\/td>\n<td>Santa Catalina \/ Due\u00f1as<\/td>\n<td>Ein intimes Format gegen\u00fcber dem Palacio de las Due\u00f1as.<\/td>\n<\/tr>\n<tr>\n<td><a href=\"https:\/\/www.tablaosflamencos.com\/de\/tablao\/tablao-flamenco-casa-inquieta\"><strong>Tablao Flamenco Casa Inquieta<\/strong><\/a><\/td>\n<td>Calle Zaragoza \/ Zentrum<\/td>\n<td>Ein Stadtpalais aus dem 19. Jahrhundert mit einem Flamenco-Ensemble im nahen Format.<\/td>\n<\/tr>\n<tr>\n<td><a href=\"https:\/\/www.tablaosflamencos.com\/de\/tablao\/casa-flamenco-azahar\"><strong>Casa Flamenco Azahar<\/strong><\/a><\/td>\n<td>Santa Cruz<\/td>\n<td>Ein besonders intimes Erlebnis mit sehr kleiner Kapazit\u00e4t und ohne Verst\u00e4rkung.<\/td>\n<\/tr>\n<tr>\n<td><a href=\"https:\/\/www.tablaosflamencos.com\/de\/tablao\/tablao-flamenco-el-jardin-de-murillo\"><strong>Tablao Flamenco El Jard\u00edn de Murillo<\/strong><\/a><\/td>\n<td>Santa Cruz \/ Jardines de Murillo<\/td>\n<td>Flamenco nach dem Besuch von Alc\u00e1zar, Kathedrale und Santa Cruz einplanen.<\/td>\n<\/tr>\n<tr>\n<td><a href=\"https:\/\/www.tablaosflamencos.com\/de\/tablao\/baraka-sala-flamenca\"><strong>Baraka Sala Flamenca<\/strong><\/a><\/td>\n<td>Triana<\/td>\n<td>Traditioneller Flamenco in Triana mit K\u00fcnstlern ganz nah am Publikum.<\/td>\n<\/tr>\n<tr>\n<td><a href=\"https:\/\/www.tablaosflamencos.com\/de\/tablao\/tablao-flamenco-triana\"><strong>Tablao Flamenco Triana<\/strong><\/a><\/td>\n<td>Triana<\/td>\n<td>Einen Abend im Viertel mit Gesang, Gitarre und Tanz nahe dem Guadalquivir abrunden.<\/td>\n<\/tr>\n<\/tbody>\n<\/table>\n<\/div>\n<p>Diese Liste erhebt keinen Anspruch auf Vollst\u00e4ndigkeit. Sevilla hat weitere Tablaos, S\u00e4le und Kulturorte, und die Verf\u00fcgbarkeit \u00e4ndert sich je nach Datum. Ziel ist zu zeigen, dass nach dem Ende der Biennale <strong>weiterhin sehr unterschiedliche M\u00f6glichkeiten bestehen<\/strong>.<\/p>\n<p>Am zuverl\u00e4ssigsten w\u00e4hlen Sie, indem Sie die verf\u00fcgbaren Vorstellungen f\u00fcr Ihr konkretes Datum pr\u00fcfen und Lage, ungef\u00e4hre Dauer, Raumgr\u00f6\u00dfe und Art des Erlebnisses vor der Buchung vergleichen.<\/p>\n<\/div><\/div><\/div><\/div><\/div><\/div><\/div><\/section><section class=\"l-section wpb_row height_huge color_alternate with_shape\"><div class=\"l-section-shape type_zigzag pos_top hor_flip\" style=\"height:3vmin;\"><svg xmlns=\"http:\/\/www.w3.org\/2000\/svg\" viewBox=\"0 0 64 8\" preserveAspectRatio=\"none\" width=\"100%\" height=\"100%\">\r\n\t<path fill=\"currentColor\" d=\"M64 8 L0 8 L0 0 L20 7.9 L40 3 L48 5 L64 0 Z\"\/>\r\n<\/svg><\/div><div class=\"l-section-shape type_zigzag pos_bottom\" style=\"height:3vmin;\"><svg xmlns=\"http:\/\/www.w3.org\/2000\/svg\" viewBox=\"0 0 64 8\" preserveAspectRatio=\"none\" width=\"100%\" height=\"100%\">\r\n\t<path fill=\"currentColor\" d=\"M64 8 L0 8 L0 0 L20 7.9 L40 3 L48 5 L64 0 Z\"\/>\r\n<\/svg><\/div><div class=\"l-section-h i-cf\"><div class=\"g-cols vc_row via_flex valign_top type_default stacking_default\"><div class=\"vc_col-sm-6 wpb_column vc_column_container\"><div class=\"vc_column-inner\"><div class=\"wpb_wrapper\"><div class=\"wpb_text_column\"><div class=\"wpb_wrapper\"><h2 id=\"triana\">Triana nach der Biennale: \u00fcber den Fluss zum n\u00e4chsten Flamenco-Abend<\/h2>\n<p>Triana nimmt in Sevillas Flamenco-Geschichte und -Vorstellungswelt einen besonderen Platz ein. W\u00e4hrend der Biennale kann das Viertel mit au\u00dfergew\u00f6hnlichen Spielst\u00e4tten und speziellen Projekten verbunden sein; au\u00dferhalb des Festivals bleibt es einer der interessantesten Orte, um Flamenco in einen Abend in Sevilla einzubauen.<\/p>\n<p>Der Vorteil von Triana liegt nicht nur in der Show. Das Viertel eignet sich f\u00fcr einen kompletten Spaziergang: \u00fcber die Isabel-II.-Br\u00fccke, entlang der Calle Betis, durch San Jacinto oder Pureza und schlie\u00dflich zu einer Flamenco-Spielst\u00e4tte.<\/p>\n<p>\u00dcber unser Portal k\u00f6nnen Sie zwei feste Angebote im Viertel direkt buchen: <a href=\"https:\/\/www.tablaosflamencos.com\/de\/tablao\/baraka-sala-flamenca\"><strong>Baraka Sala Flamenca<\/strong><\/a>, in der Calle Pureza, und <a href=\"https:\/\/www.tablaosflamencos.com\/de\/tablao\/tablao-flamenco-triana\"><strong>Tablao Flamenco Triana<\/strong><\/a>. Beide erm\u00f6glichen es, einen Abend in Triana mit einer best\u00e4tigten Vorstellung zu planen und davor oder danach durch das Viertel zu spazieren.<\/p>\n<p>Wer sicher buchen m\u00f6chte, sollte unterscheiden zwischen <strong>einer Show mit best\u00e4tigter Vorstellung<\/strong> und der offeneren M\u00f6glichkeit, spontan auf Flamenco-Aktivit\u00e4ten zu sto\u00dfen. Bei einer kurzen Reise ist es meist praktischer, zuerst zu buchen und das Unerwartete als Erg\u00e4nzung zu betrachten.<\/p>\n<p>Weitere Ideen finden Sie in unserem speziellen Guide zu <a href=\"https:\/\/www.tablaosflamencos.com\/de\/flamenco-in-triana\"><strong>Flamenco in Triana<\/strong><\/a> .<\/p>\n<\/div><\/div><\/div><\/div><\/div><div class=\"vc_col-sm-6 wpb_column vc_column_container\"><div class=\"vc_column-inner\"><div class=\"wpb_wrapper\"><div class=\"wpb_text_column\"><div class=\"wpb_wrapper\"><h2 id=\"intimo\">Wenn Sie ein intimes Format suchen: weniger Abstand, mehr Details<\/h2>\n<p>Eine der \u00fcberraschendsten Erfahrungen f\u00fcr Besucher, die von den gro\u00dfen Biennale-Theatern kommen, ist der Wechsel in einen kleinen Saal. Die andere Gr\u00f6\u00dfenordnung ver\u00e4ndert die Wahrnehmung v\u00f6llig: Man h\u00f6rt Atem, Zurufe zwischen den K\u00fcnstlern, den Auftritt des Fu\u00dfes auf dem Boden und die Reaktionen des Ensembles in einer N\u00e4he, die eine gro\u00dfe B\u00fchne so nicht bieten kann.<\/p>\n<p>Zu den Angeboten unseres Portals, die besonders gut dazu passen, geh\u00f6ren <a href=\"https:\/\/www.tablaosflamencos.com\/de\/tablao\/casa-flamenco-azahar\"><strong>Casa Flamenco Azahar<\/strong><\/a>, mit sehr kleiner Maximalkapazit\u00e4t und ohne Mikrofone, sowie <a href=\"https:\/\/www.tablaosflamencos.com\/de\/tablao\/casa-duende-tablao\"><strong>Casa Duende Tablao<\/strong><\/a>, das ebenfalls auf gro\u00dfe N\u00e4he ausgerichtet ist. F\u00fcr Besucher, die sich f\u00fcr Gesang, Gitarre oder die Entstehung des Tanzes aus n\u00e4chster N\u00e4he interessieren, kann dieses Format besonders reizvoll sein.<\/p>\n<p>Intimit\u00e4t sollte jedoch nicht mit touristischer Improvisation verwechselt werden. Auch ein kleiner Saal kann eine hochprofessionelle Show bieten. Entscheidend sind ein klares Programm, eine geeignete B\u00fchne und ein angek\u00fcndigtes K\u00fcnstlerensemble.<\/p>\n<p>Daraus ergibt sich auch eine praktische Konsequenz: <strong>Je kleiner die Kapazit\u00e4t, desto wichtiger ist eine Reservierung<\/strong>. Im Herbst k\u00f6nnen Feiertage, Wochenenden sowie Kongresse oder Gro\u00dfveranstaltungen in Sevilla eine hohe Nachfrage erzeugen, auch wenn die Biennale bereits vorbei ist.<\/p>\n<\/div><\/div><\/div><\/div><\/div><\/div><\/div><\/section><section class=\"l-section wpb_row height_huge\"><div class=\"l-section-h i-cf\"><div class=\"g-cols vc_row via_flex valign_top type_default stacking_default\"><div class=\"vc_col-sm-6 wpb_column vc_column_container\"><div class=\"vc_column-inner\"><div class=\"wpb_wrapper\"><div class=\"wpb_text_column\"><div class=\"wpb_wrapper\"><h2 id=\"gran-formato\">Wenn Ihnen das gro\u00dfe Format der Biennale fehlt<\/h2>\n<p>Wer w\u00e4hrend der Biennale eine gro\u00dfe Produktion im Maestranza, Lope de Vega oder Teatro Central gesehen hat, sollte bedenken, dass das \u00fcbliche Tablao-Format anders funktioniert. Ein Tablao versucht nicht, eine Festival-Theaterproduktion nachzubilden: Seine St\u00e4rke liegt in der N\u00e4he, wechselnden K\u00fcnstlern und der direkten Beziehung zwischen Gesang, Gitarre und Tanz.<\/p>\n<p>Dennoch bietet unser eigener Katalog auch Formate mit strukturierterer Inszenierung oder einem umfassenderen Erlebnis. <a href=\"https:\/\/www.tablaosflamencos.com\/de\/tablao\/tablao-flamenco-las-setas\"><strong>Tablao Flamenco Las Setas<\/strong><\/a> verbindet ein modernes Umfeld mit einer sorgf\u00e4ltig produzierten Show; und <a href=\"https:\/\/www.tablaosflamencos.com\/de\/tablao\/tablao-flamenco-la-cantaora\"><strong>Tablao Flamenco La Cantaora<\/strong><\/a> bietet Varianten, die Show und Gastronomie kombinieren.<\/p>\n<p>Wenn Sie m\u00f6chten, dass die Architektur Teil des Plans ist, <a href=\"https:\/\/www.tablaosflamencos.com\/de\/tablao\/tablao-flamenco-casa-inquieta\"><strong>Casa Inquieta<\/strong><\/a> pr\u00e4sentiert seine Show in einem Stadtpalais aus dem 19. Jahrhundert und macht damit das Geb\u00e4ude selbst zum Teil des Flamenco-Erlebnisses.<\/p>\n<p>Zwischen gro\u00dfen und kleinen S\u00e4len gibt es keine automatische Rangordnung. Es sind unterschiedliche Erfahrungen. Die entscheidende Frage lautet: <strong>M\u00f6chten Sie Flamenco nur wenige Meter entfernt erleben oder bevorzugen Sie eine gr\u00f6\u00dfere, theatralischere Produktion?<\/strong><\/p>\n<\/div><\/div><\/div><\/div><\/div><div class=\"vc_col-sm-6 wpb_column vc_column_container\"><div class=\"vc_column-inner\"><div class=\"wpb_wrapper\"><div class=\"wpb_text_column\"><div class=\"wpb_wrapper\"><h2 id=\"elegir\">So w\u00e4hlen Sie nach der Biennale eine gute Show<\/h2>\n<p>Die enorme Qualit\u00e4t und Vielfalt einer Biennale kann die Erwartungen stark erh\u00f6hen. Um nach dem Festival gut zu w\u00e4hlen, sollte man den Vergleichsma\u00dfstab \u00e4ndern: nicht nach einer Kopie einer au\u00dfergew\u00f6hnlichen Produktion suchen, sondern nach einem guten Live-Flamenco-Erlebnis.<\/p>\n<p><strong>1. Pr\u00fcfen Sie, ob die Show Gesang, Tanz und Gitarre umfasst.<\/strong> F\u00fcr einen ersten Zugang hilft ein vollst\u00e4ndiges Ensemble dabei, das Zusammenspiel der drei Ausdrucksformen zu verstehen.<\/p>\n<p><strong>2. W\u00e4hlen Sie die Raumgr\u00f6\u00dfe, die Sie bevorzugen.<\/strong> Ein kleiner Raum bietet mehr N\u00e4he; ein gr\u00f6\u00dferer Saal kann eine spektakul\u00e4rere Inszenierung bieten.<\/p>\n<p><strong>3. Stellen Sie die Show vor das Abendessen, wenn Flamenco Ihr Hauptgrund f\u00fcr den Besuch ist.<\/strong> Sie k\u00f6nnen vorher oder nachher essen oder Tapas nehmen und sich w\u00e4hrend der Vorstellung ganz auf Zuschauen und Zuh\u00f6ren konzentrieren.<\/p>\n<p><strong>4. Treffen Sie die Entscheidung nicht nur wegen eines einzelnen K\u00fcnstlers.<\/strong> Besetzungen k\u00f6nnen wechseln. In einem professionellen Tablao liegt ein Teil des Reizes gerade darin, unterschiedliche Kombinationen von K\u00fcnstlern zu entdecken.<\/p>\n<p><strong>5. Beachten Sie die Lage innerhalb Ihres Reiseplans.<\/strong> Santa Cruz, Arenal, Encarnaci\u00f3n, das Zentrum und Triana bieten vor und nach der Show sehr unterschiedliche Erlebnisse.<\/p>\n<p><strong>6. Buchen Sie online.<\/strong> Mit dem Ende des Festivals verschwindet die Nachfrage nicht. Sevilla hat den ganzen Herbst \u00fcber viele Besucher, und bestimmte Vorstellungen k\u00f6nnen ausverkauft sein.<\/p>\n<p><strong>7. Wenn Sie mit Kindern reisen, pr\u00fcfen Sie die Bedingungen der Spielst\u00e4tte.<\/strong> Viele Shows sind familienfreundlich, aber Mindestalter und Bedingungen k\u00f6nnen von Ort zu Ort variieren.<\/p>\n<p>Wenn Sie Fragen zum Ablauf haben, lesen Sie <a href=\"https:\/\/www.tablaosflamencos.com\/de\/flamenco-buchen\"><strong>So buchen Sie<\/strong><\/a> und unsere <a href=\"https:\/\/www.tablaosflamencos.com\/de\/verkaufs-und-stornierungsbedingungen\"><strong>Verkaufsbedingungen<\/strong><\/a> vor der Best\u00e4tigung.<\/p>\n<\/div><\/div><\/div><\/div><\/div><\/div><\/div><\/section><section class=\"l-section wpb_row height_huge color_alternate with_shape\"><div class=\"l-section-shape type_zigzag pos_top hor_flip\" style=\"height:3vmin;\"><svg xmlns=\"http:\/\/www.w3.org\/2000\/svg\" viewBox=\"0 0 64 8\" preserveAspectRatio=\"none\" width=\"100%\" height=\"100%\">\r\n\t<path fill=\"currentColor\" d=\"M64 8 L0 8 L0 0 L20 7.9 L40 3 L48 5 L64 0 Z\"\/>\r\n<\/svg><\/div><div class=\"l-section-shape type_zigzag pos_bottom\" style=\"height:3vmin;\"><svg xmlns=\"http:\/\/www.w3.org\/2000\/svg\" viewBox=\"0 0 64 8\" preserveAspectRatio=\"none\" width=\"100%\" height=\"100%\">\r\n\t<path fill=\"currentColor\" d=\"M64 8 L0 8 L0 0 L20 7.9 L40 3 L48 5 L64 0 Z\"\/>\r\n<\/svg><\/div><div class=\"l-section-h i-cf\"><div class=\"g-cols vc_row via_flex valign_top type_default stacking_default\"><div class=\"vc_col-sm-6 wpb_column vc_column_container\"><div class=\"vc_column-inner\"><div class=\"wpb_wrapper\"><div class=\"wpb_text_column\"><div class=\"wpb_wrapper\"><h2 id=\"plan\">Ein einfacher Plan f\u00fcr einen Flamenco-Abend in Sevilla nach dem 3. Oktober<\/h2>\n<p>Wenn Sie nur einen Abend haben, m\u00fcssen Sie den Ablauf nicht unn\u00f6tig komplizieren. Eine gute Methode ist, zuerst die Show auszuw\u00e4hlen und den Rest darum herum zu planen.<\/p>\n<p><strong>Option historisches Zentrum:<\/strong> Spaziergang an Kathedrale, Santa Cruz oder Rathaus; Tapas vor der Vorstellung; Show in einem Tablao im Zentrum; anschlie\u00dfend ein Spaziergang durch die Altstadt.<\/p>\n<p><strong>Option Arenal:<\/strong> Spaziergang am Guadalquivir und an der Torre del Oro; Abendessen oder Tapas in der Gegend; Flamenco-Show; anschlie\u00dfend zu Fu\u00df Richtung Puerta Jerez oder Zentrum.<\/p>\n<p><strong>Option Encarnaci\u00f3n:<\/strong> Besuch rund um Las Setas; fr\u00fches Abendessen im Zentrum; Show; danach weiter durch die Stra\u00dfen der Altstadt.<\/p>\n<p><strong>Option Triana:<\/strong> bei Sonnenuntergang die Isabel-II.-Br\u00fccke \u00fcberqueren; durch das Viertel spazieren; eine Flamenco-Show besuchen; mit einem Drink oder sp\u00e4ten Abendessen in Triana abschlie\u00dfen.<\/p>\n<p>Dieser Ansatz hat einen Vorteil: Sie sind nicht darauf angewiesen, spontan Flamenco zu finden. Zuerst sichern Sie sich die Vorstellung und lassen danach Raum f\u00fcr unerwartete Entdeckungen.<\/p>\n<\/div><\/div><\/div><\/div><\/div><div class=\"vc_col-sm-6 wpb_column vc_column_container\"><div class=\"vc_column-inner\"><div class=\"wpb_wrapper\"><div class=\"wpb_text_column\"><div class=\"wpb_wrapper\"><h2 id=\"mas-alla\">Mehr als Tablaos: Pe\u00f1as, Theater und punktuelle Programme<\/h2>\n<p>Auch nach der Biennale gibt es Flamenco au\u00dferhalb der t\u00e4glich bespielten Orte. Sevilla und die Provinz verf\u00fcgen \u00fcber <strong>Flamenco-Pe\u00f1as, Kulturreihen, Theater und Festivals<\/strong> mit Recitals und Aktivit\u00e4ten im Laufe des Jahres.<\/p>\n<p>F\u00fcr Kenner k\u00f6nnen solche Termine au\u00dfergew\u00f6hnlich sein. Sie funktionieren jedoch nicht wie ein Tablao. Manche finden einmal im Monat statt, konzentrieren sich auf bestimmte Wochenenden oder haben besondere Zugangsbedingungen. Sie sind daher eine hervorragende zweite Ebene f\u00fcr alle, die Zeit haben, das Programm zu recherchieren, aber nicht immer die sicherste Option f\u00fcr Besucher, die an einem bestimmten Abend Flamenco sehen m\u00f6chten.<\/p>\n<p>Auch die Programme der sevillanischen Theater sind einen Blick wert. Das Ende der Biennale bedeutet nicht, dass Maestranza, Lope de Vega, Central oder Alameda keinen Flamenco mehr zeigen; sie kehren lediglich zu ihren regul\u00e4ren Spielzeiten zur\u00fcck, in denen Flamenco sich die B\u00fchne mit Musik, Tanz und Theater teilt.<\/p>\n<p>Der wesentliche Unterschied ist die Verf\u00fcgbarkeit: <strong>Tablaos bieten Kontinuit\u00e4t; Kulturprogramme bieten einzelne Termine<\/strong>. Beide Formen lassen sich problemlos in einer Reise kombinieren.<\/p>\n<\/div><\/div><\/div><\/div><\/div><\/div><\/div><\/section><section class=\"l-section wpb_row height_huge\"><div class=\"l-section-h i-cf\"><div class=\"g-cols vc_row via_flex valign_top type_default stacking_default\"><div class=\"vc_col-sm-12 wpb_column vc_column_container\"><div class=\"vc_column-inner\"><div class=\"wpb_wrapper\"><div class=\"wpb_text_column\"><div class=\"wpb_wrapper\"><h2>Kommen Sie direkt nach der Biennale?<\/h2>\n<p>Die ersten Oktobertage k\u00f6nnen besonders interessant sein. Sevilla bewahrt noch die Atmosph\u00e4re der vorherigen Wochen, ein Teil des Fachpublikums bleibt in der Stadt und die touristische Herbstsaison sorgt weiterhin f\u00fcr viel Leben im Zentrum.<\/p>\n<p>Wenn Ihre Reise beginnt, nachdem die Biennale bereits vorbei ist, m\u00fcssen Sie Ihre Daten nicht \u00e4ndern, nur weil Sie glauben, den Flamenco verpasst zu haben. Das Erlebnis wird anders sein, doch Sie k\u00f6nnen weiterhin professionelle Shows sehen und Flamenco gleichzeitig viel freier mit Sehensw\u00fcrdigkeiten, Gastronomie und Sevillas Vierteln verbinden.<\/p>\n<p>Falls Sie w\u00e4hrend der Biennale wegen fehlender Tickets nach Alternativen gesucht haben, lesen Sie auch unseren Guide <a href=\"https:\/\/www.tablaosflamencos.com\/de\/flamenco-biennale-ausverkauft-flamenco-heute-sevilla.html\"><strong>Biennale ausverkauft: Wo Sie heute in Sevilla Flamenco sehen k\u00f6nnen<\/strong><\/a>. Viele der Ideen bleiben auch nach dem Festival n\u00fctzlich, weil sie gerade auf dem dauerhaften Flamenco-Angebot der Stadt beruhen.<\/p>\n<\/div><\/div><div class=\"w-separator size_medium\"><\/div><div class=\"w-hwrapper valign_top wrap align_center\" style=\"--hwrapper-gap:1.2rem\"><div class=\"w-btn-wrapper align_none\"><a class=\"w-btn us-btn-style_1\" href=\"https:\/\/www.tablaosflamencos.com\/de\/flamenco-in-sevilla\"><span class=\"w-btn-label\">Flamenco in Sevilla vergleichen<\/span><\/a><\/div><div class=\"w-btn-wrapper align_none\"><a class=\"w-btn us-btn-style_11\" href=\"https:\/\/www.tablaosflamencos.com\/de\/flamenco-in-triana\"><span class=\"w-btn-label\">Flamenco in Triana<\/span><\/a><\/div><\/div><\/div><\/div><\/div><\/div><\/div><\/section><section class=\"l-section wpb_row height_huge color_alternate with_shape\"><div class=\"l-section-shape type_zigzag pos_top hor_flip\" style=\"height:3vmin;\"><svg xmlns=\"http:\/\/www.w3.org\/2000\/svg\" viewBox=\"0 0 64 8\" preserveAspectRatio=\"none\" width=\"100%\" height=\"100%\">\r\n\t<path fill=\"currentColor\" d=\"M64 8 L0 8 L0 0 L20 7.9 L40 3 L48 5 L64 0 Z\"\/>\r\n<\/svg><\/div><div class=\"l-section-shape type_zigzag pos_bottom\" style=\"height:3vmin;\"><svg xmlns=\"http:\/\/www.w3.org\/2000\/svg\" viewBox=\"0 0 64 8\" preserveAspectRatio=\"none\" width=\"100%\" height=\"100%\">\r\n\t<path fill=\"currentColor\" d=\"M64 8 L0 8 L0 0 L20 7.9 L40 3 L48 5 L64 0 Z\"\/>\r\n<\/svg><\/div><div class=\"l-section-h i-cf\"><div class=\"g-cols vc_row via_flex valign_top type_default stacking_default\"><div class=\"vc_col-sm-1\/5 wpb_column vc_column_container\"><div class=\"vc_column-inner\"><div class=\"wpb_wrapper\"><\/div><\/div><\/div><div class=\"vc_col-sm-3\/5 wpb_column vc_column_container\"><div class=\"vc_column-inner\"><div class=\"wpb_wrapper\"><div class=\"wpb_text_column\"><div class=\"wpb_wrapper\"><h2 id=\"faq\">H\u00e4ufig gestellte Fragen: Wo kann man nach der Biennale Flamenco sehen?<\/h2>\n<\/div><\/div><div class=\"w-separator size_medium\"><\/div><div class=\"w-tabs accordion toggle_style_1 has_scrolling\" style=\"--sections-title-size:inherit;--sections-gap:0.5rem;\"><div class=\"w-tabs-sections titles-align_none icon_plus cpos_left\"><div class=\"w-tabs-section\" id=\"zb41\" itemscope itemprop=\"mainEntity\" itemtype=\"https:\/\/schema.org\/Question\"><button type=\"button\" class=\"w-tabs-section-header\" aria-controls=\"content-zb41\" aria-expanded=\"false\"><h3 class=\"w-tabs-section-title\" itemprop=\"name\">Kann man in Sevilla nach dem Ende der Biennale weiterhin Flamenco sehen?<\/h3><div class=\"w-tabs-section-control\"><\/div><\/button><div  class=\"w-tabs-section-content\" id=\"content-zb41\" itemscope itemprop=\"acceptedAnswer\" itemtype=\"https:\/\/schema.org\/Answer\"><div class=\"w-tabs-section-content-h i-cf\" itemprop=\"text\"><div class=\"wpb_text_column\"><div class=\"wpb_wrapper\"><p>Ja. Die Biennale endet am 3. Oktober 2026, doch Sevilla bietet im restlichen Jahr weiterhin zahlreiche Tablaos, Flamenco-Theater und Kulturorte mit regelm\u00e4\u00dfigen Vorstellungen. Es endet das au\u00dfergew\u00f6hnliche Festivalprogramm, nicht die Flamenco-Aktivit\u00e4t der Stadt.<\/p>\n<\/div><\/div><\/div><\/div><\/div><div class=\"w-tabs-section\" id=\"vc75\" itemscope itemprop=\"mainEntity\" itemtype=\"https:\/\/schema.org\/Question\"><button type=\"button\" class=\"w-tabs-section-header\" aria-controls=\"content-vc75\" aria-expanded=\"false\"><h3 class=\"w-tabs-section-title\" itemprop=\"name\">Wo kann ich in Sevilla ab dem 4. Oktober 2026 Flamenco sehen?<\/h3><div class=\"w-tabs-section-control\"><\/div><\/button><div  class=\"w-tabs-section-content\" id=\"content-vc75\" itemscope itemprop=\"acceptedAnswer\" itemtype=\"https:\/\/schema.org\/Answer\"><div class=\"w-tabs-section-content-h i-cf\" itemprop=\"text\"><div class=\"wpb_text_column\"><div class=\"wpb_wrapper\"><p>Direkt \u00fcber unser Portal k\u00f6nnen Sie zum Beispiel buchen: <a href=\"https:\/\/www.tablaosflamencos.com\/de\/tablao\/tablao-flamenco-las-setas\">Tablao Flamenco Las Setas<\/a>, <a href=\"https:\/\/www.tablaosflamencos.com\/de\/tablao\/tablao-flamenco-la-cantaora\">La Cantaora<\/a>, <a href=\"https:\/\/www.tablaosflamencos.com\/de\/tablao\/casa-duende-tablao\">Casa Duende<\/a>, <a href=\"https:\/\/www.tablaosflamencos.com\/de\/tablao\/tablao-flamenco-las-duenas\">Las Due\u00f1as<\/a>, <a href=\"https:\/\/www.tablaosflamencos.com\/de\/tablao\/tablao-flamenco-casa-inquieta\">Casa Inquieta<\/a>, <a href=\"https:\/\/www.tablaosflamencos.com\/de\/tablao\/casa-flamenco-azahar\">Casa Flamenco Azahar<\/a>, <a href=\"https:\/\/www.tablaosflamencos.com\/de\/tablao\/tablao-flamenco-el-jardin-de-murillo\">El Jard\u00edn de Murillo<\/a>, <a href=\"https:\/\/www.tablaosflamencos.com\/de\/tablao\/baraka-sala-flamenca\">Baraka Sala Flamenca<\/a> oder <a href=\"https:\/\/www.tablaosflamencos.com\/de\/tablao\/tablao-flamenco-triana\">Tablao Flamenco Triana<\/a>. Pr\u00fcfen Sie immer die Verf\u00fcgbarkeit f\u00fcr Ihr konkretes Datum.<\/p>\n<\/div><\/div><\/div><\/div><\/div><div class=\"w-tabs-section\" id=\"ed56\" itemscope itemprop=\"mainEntity\" itemtype=\"https:\/\/schema.org\/Question\"><button type=\"button\" class=\"w-tabs-section-header\" aria-controls=\"content-ed56\" aria-expanded=\"false\"><h3 class=\"w-tabs-section-title\" itemprop=\"name\">Treten K\u00fcnstler der Biennale auch in Tablaos auf?<\/h3><div class=\"w-tabs-section-control\"><\/div><\/button><div  class=\"w-tabs-section-content\" id=\"content-ed56\" itemscope itemprop=\"acceptedAnswer\" itemtype=\"https:\/\/schema.org\/Answer\"><div class=\"w-tabs-section-content-h i-cf\" itemprop=\"text\"><div class=\"wpb_text_column\"><div class=\"wpb_wrapper\"><p>Viele professionelle K\u00fcnstler wechseln im Laufe ihrer Karriere zwischen Tablaos, Compagnien, Festivals, Tourneen und Theatern. Die Besetzungen \u00e4ndern sich jedoch, und man sollte nicht davon ausgehen, dass ein bestimmter Biennale-K\u00fcnstler an einem bestimmten Datum in einem Tablao auftritt. Am besten pr\u00fcfen Sie das aktuelle Programm.<\/p>\n<\/div><\/div><\/div><\/div><\/div><div class=\"w-tabs-section\" id=\"ee23\" itemscope itemprop=\"mainEntity\" itemtype=\"https:\/\/schema.org\/Question\"><button type=\"button\" class=\"w-tabs-section-header\" aria-controls=\"content-ee23\" aria-expanded=\"false\"><h3 class=\"w-tabs-section-title\" itemprop=\"name\">Ist ein kleines Tablao besser als ein gro\u00dfes?<\/h3><div class=\"w-tabs-section-control\"><\/div><\/button><div  class=\"w-tabs-section-content\" id=\"content-ee23\" itemscope itemprop=\"acceptedAnswer\" itemtype=\"https:\/\/schema.org\/Answer\"><div class=\"w-tabs-section-content-h i-cf\" itemprop=\"text\"><div class=\"wpb_text_column\"><div class=\"wpb_wrapper\"><p>Das h\u00e4ngt von der gew\u00fcnschten Erfahrung ab. Ein kleiner Raum bietet mehr N\u00e4he zu Gesang, Gitarre und Tanz. Ein gr\u00f6\u00dferer Saal kann eine umfassendere Inszenierung bieten. Keine Gr\u00f6\u00dfe ist automatisch f\u00fcr alle besser.<\/p>\n<\/div><\/div><\/div><\/div><\/div><div class=\"w-tabs-section\" id=\"if13\" itemscope itemprop=\"mainEntity\" itemtype=\"https:\/\/schema.org\/Question\"><button type=\"button\" class=\"w-tabs-section-header\" aria-controls=\"content-if13\" aria-expanded=\"false\"><h3 class=\"w-tabs-section-title\" itemprop=\"name\">Lohnt sich Flamenco in Triana nach der Biennale?<\/h3><div class=\"w-tabs-section-control\"><\/div><\/button><div  class=\"w-tabs-section-content\" id=\"content-if13\" itemscope itemprop=\"acceptedAnswer\" itemtype=\"https:\/\/schema.org\/Answer\"><div class=\"w-tabs-section-content-h i-cf\" itemprop=\"text\"><div class=\"wpb_text_column\"><div class=\"wpb_wrapper\"><p>Ja. Triana geh\u00f6rt zu den Vierteln, die besonders eng mit der Flamenco-Geschichte Sevillas verbunden sind, und verf\u00fcgt \u00fcber ein regelm\u00e4\u00dfiges B\u00fchnenangebot sowie punktuelle Kulturprogramme. F\u00fcr Besucher empfiehlt es sich, zuerst eine best\u00e4tigte Show zu buchen und den Abend anschlie\u00dfend mit einem Spaziergang durch das Viertel zu erg\u00e4nzen.<\/p>\n<\/div><\/div><\/div><\/div><\/div><div class=\"w-tabs-section\" id=\"rfe9\" itemscope itemprop=\"mainEntity\" itemtype=\"https:\/\/schema.org\/Question\"><button type=\"button\" class=\"w-tabs-section-header\" aria-controls=\"content-rfe9\" aria-expanded=\"false\"><h3 class=\"w-tabs-section-title\" itemprop=\"name\">Muss ich Flamenco im Oktober im Voraus buchen?<\/h3><div class=\"w-tabs-section-control\"><\/div><\/button><div  class=\"w-tabs-section-content\" id=\"content-rfe9\" itemscope itemprop=\"acceptedAnswer\" itemtype=\"https:\/\/schema.org\/Answer\"><div class=\"w-tabs-section-content-h i-cf\" itemprop=\"text\"><div class=\"wpb_text_column\"><div class=\"wpb_wrapper\"><p>Das ist empfehlenswert. Auch nach dem Ende der Biennale bleibt die touristische Nachfrage in Sevilla im Herbst hoch, und kleinere Spielst\u00e4tten k\u00f6nnen bestimmte Vorstellungen ausverkaufen, besonders an Wochenenden, Feiertagen und bei Gro\u00dfveranstaltungen.<\/p>\n<\/div><\/div><\/div><\/div><\/div><div class=\"w-tabs-section\" id=\"t0b1\" itemscope itemprop=\"mainEntity\" itemtype=\"https:\/\/schema.org\/Question\"><button type=\"button\" class=\"w-tabs-section-header\" aria-controls=\"content-t0b1\" aria-expanded=\"false\"><h3 class=\"w-tabs-section-title\" itemprop=\"name\">Muss ich ein Abendessen zusammen mit der Show buchen?<\/h3><div class=\"w-tabs-section-control\"><\/div><\/button><div  class=\"w-tabs-section-content\" id=\"content-t0b1\" itemscope itemprop=\"acceptedAnswer\" itemtype=\"https:\/\/schema.org\/Answer\"><div class=\"w-tabs-section-content-h i-cf\" itemprop=\"text\"><div class=\"wpb_text_column\"><div class=\"wpb_wrapper\"><p>Nein. Wenn Flamenco Ihre Priorit\u00e4t ist, k\u00f6nnen Sie nur die Show buchen, sofern die Spielst\u00e4tte diese Option anbietet, und Abendessen oder Tapas davor oder danach einplanen. Dinner plus Show ist eine Frage von Komfort und Vorlieben, keine Voraussetzung f\u00fcr eine gute Vorstellung.<\/p>\n<\/div><\/div><\/div><\/div><\/div><div class=\"w-tabs-section\" id=\"x172\" itemscope itemprop=\"mainEntity\" itemtype=\"https:\/\/schema.org\/Question\"><button type=\"button\" class=\"w-tabs-section-header\" aria-controls=\"content-x172\" aria-expanded=\"false\"><h3 class=\"w-tabs-section-title\" itemprop=\"name\">Gibt es nach der Biennale Flamenco au\u00dferhalb der Tablaos?<\/h3><div class=\"w-tabs-section-control\"><\/div><\/button><div  class=\"w-tabs-section-content\" id=\"content-x172\" itemscope itemprop=\"acceptedAnswer\" itemtype=\"https:\/\/schema.org\/Answer\"><div class=\"w-tabs-section-content-h i-cf\" itemprop=\"text\"><div class=\"wpb_text_column\"><div class=\"wpb_wrapper\"><p>Ja. Es kann Recitals in Theatern, Pe\u00f1as, Kulturzentren, Festivals und einzelnen Veranstaltungsreihen geben. Der Unterschied ist, dass diese Angebote nicht immer t\u00e4glich stattfinden; deshalb lohnt sich ein Blick in den Kalender im Voraus.<\/p>\n<\/div><\/div><\/div><\/div><\/div><div class=\"w-tabs-section\" id=\"q24e\" itemscope itemprop=\"mainEntity\" itemtype=\"https:\/\/schema.org\/Question\"><button type=\"button\" class=\"w-tabs-section-header\" aria-controls=\"content-q24e\" aria-expanded=\"false\"><h3 class=\"w-tabs-section-title\" itemprop=\"name\">Kann ich Kinder zu einer Flamenco-Show mitnehmen?<\/h3><div class=\"w-tabs-section-control\"><\/div><\/button><div  class=\"w-tabs-section-content\" id=\"content-q24e\" itemscope itemprop=\"acceptedAnswer\" itemtype=\"https:\/\/schema.org\/Answer\"><div class=\"w-tabs-section-content-h i-cf\" itemprop=\"text\"><div class=\"wpb_text_column\"><div class=\"wpb_wrapper\"><p>Viele Spielst\u00e4tten sind familienfreundlich, aber Bedingungen und Mindestalter unterscheiden sich. Pr\u00fcfen Sie vor der Buchung die konkreten Regeln der gew\u00e4hlten Show.<\/p>\n<\/div><\/div><\/div><\/div><\/div><div class=\"w-tabs-section\" id=\"t325\" itemscope itemprop=\"mainEntity\" itemtype=\"https:\/\/schema.org\/Question\"><button type=\"button\" class=\"w-tabs-section-header\" aria-controls=\"content-t325\" aria-expanded=\"false\"><h3 class=\"w-tabs-section-title\" itemprop=\"name\">Wo kann ich Flamenco-Angebote in Sevilla vergleichen?<\/h3><div class=\"w-tabs-section-control\"><\/div><\/button><div  class=\"w-tabs-section-content\" id=\"content-t325\" itemscope itemprop=\"acceptedAnswer\" itemtype=\"https:\/\/schema.org\/Answer\"><div class=\"w-tabs-section-content-h i-cf\" itemprop=\"text\"><div class=\"wpb_text_column\"><div class=\"wpb_wrapper\"><p>Besuchen Sie unsere Seite <a href=\"https:\/\/www.tablaosflamencos.com\/de\/flamenco-in-sevilla\"><strong>Flamenco in Sevilla<\/strong><\/a>, auf der wir Optionen zum Vergleichen und Buchen nach Ihrem Reisedatum zusammenstellen.<\/p>\n<\/div><\/div><\/div><\/div><\/div><\/div><\/div><\/div><\/div><\/div><div class=\"vc_col-sm-1\/5 wpb_column vc_column_container\"><div class=\"vc_column-inner\"><div class=\"wpb_wrapper\"><\/div><\/div><\/div><\/div><\/div><\/section><section class=\"l-section wpb_row height_huge\"><div class=\"l-section-h i-cf\"><div class=\"g-cols vc_row via_flex valign_top type_default stacking_default\"><div class=\"vc_col-sm-12 wpb_column vc_column_container\"><div class=\"vc_column-inner\"><div class=\"wpb_wrapper\"><div class=\"wpb_text_column\"><div class=\"wpb_wrapper\"><h2 style=\"text-align: center;\">Die Biennale endet; Sevillas Flamenco geht weiter<\/h2>\n<p style=\"text-align: center;\">Die Flamenco-Biennale ist einer der intensivsten Momente im Kulturkalender Sevillas, aber nicht die einzige Zeit, in der man Flamenco in der Stadt erleben kann. Ihr Ende markiert den Abschluss einer au\u00dfergew\u00f6hnlichen Ausgabe, nicht das Ende der Flamenco-Saison.<\/p>\n<p style=\"text-align: center;\">Nach dem 3. Oktober zeigt Sevilla wieder eine seiner gro\u00dfen St\u00e4rken: ein <strong>stabiles Netz aus Tablaos und B\u00fchnenorten<\/strong> das Besuchern in jeder Woche des Jahres Flamenco bietet. Das Erlebnis ver\u00e4ndert Ma\u00dfstab, Format und Rhythmus, doch Sie k\u00f6nnen Gesang h\u00f6ren, Tanz sehen und die Gitarre aus n\u00e4chster N\u00e4he sp\u00fcren.<\/p>\n<p style=\"text-align: center;\">Wenn Sie nach der Biennale reisen, ist die einfachste Strategie, die gew\u00fcnschte Art von Erlebnis auszuw\u00e4hlen, <a href=\"https:\/\/www.tablaosflamencos.com\/de\/flamenco-in-sevilla\"><strong>die verf\u00fcgbaren Flamenco-Shows in Sevilla zu vergleichen<\/strong><\/a> und vor der Anreise zu buchen. Das Festival hat sich bis zur n\u00e4chsten Ausgabe verabschiedet; der Flamenco nicht.<\/p>\n<\/div><\/div><\/div><\/div><\/div><\/div><\/div><\/section>\n","protected":false},"excerpt":{"rendered":"<p>Die Biennale endet, doch der Flamenco in Sevilla geht weiter. Guide zu Tablaos, Triana und regelm\u00e4\u00dfigen Shows nach dem 3. Oktober 2026.<\/p>\n","protected":false},"author":1,"featured_media":14271,"comment_status":"closed","ping_status":"closed","sticky":false,"template":"","format":"standard","meta":{"_acf_changed":false,"wpai_generated_summary":"","_ayudawp_aiss_exclude":false,"_ayudawp_aiss_exclude_summary":false,"_ayudawp_aiss_summary":"","_ayudawp_aiss_summary_provider":"","_ayudawp_aiss_summary_hash":"","footnotes":""},"categories":[1431],"tags":[1244,1245,1246,1247,1166,405],"class_list":["post-14309","post","type-post","status-publish","format-standard","has-post-thumbnail","hentry","category-flamenco-biennale","tag-agenda-flamenca","tag-bienal-2026","tag-bienal-de-flamenco","tag-festivales-flamencos","tag-flamenco-en-sevilla","tag-sevilla"],"acf":[],"yoast_head":"<!-- This site is optimized with the Yoast SEO Premium plugin v28.4 (Yoast SEO v28.4) - https:\/\/yoast.com\/product\/yoast-seo-premium-wordpress\/ -->\n<title>Flamenco in Sevilla nach der Biennale 2026<\/title>\n<meta name=\"description\" content=\"Die Biennale endet am 3. Oktober, doch Flamenco in Sevilla geht weiter. Guide zu Tablaos, Triana, Shows und Buchung nach dem Festival.\" \/>\n<meta name=\"robots\" content=\"index, follow, max-snippet:-1, max-image-preview:large, max-video-preview:-1\" \/>\n<link rel=\"canonical\" href=\"https:\/\/www.tablaosflamencos.com\/de\/flamenco-nach-biennale-wo-sevilla.html\" \/>\n<meta property=\"og:locale\" content=\"de_DE\" \/>\n<meta property=\"og:type\" content=\"article\" \/>\n<meta property=\"og:title\" content=\"Flamenco nach der Biennale: Wo Sie in Sevilla weiter Flamenco erleben k\u00f6nnen\" \/>\n<meta property=\"og:description\" content=\"Die Biennale endet am 3. Oktober, doch Flamenco in Sevilla geht weiter. Guide zu Tablaos, Triana, Shows und Buchung nach dem Festival.\" \/>\n<meta property=\"og:url\" content=\"https:\/\/www.tablaosflamencos.com\/de\/flamenco-nach-biennale-wo-sevilla.html\" \/>\n<meta property=\"og:site_name\" content=\"Tablaos Flamencos\" \/>\n<meta property=\"article:publisher\" content=\"https:\/\/www.facebook.com\/tablaosflamencos\" \/>\n<meta property=\"article:published_time\" content=\"2026-09-03T21:26:41+00:00\" \/>\n<meta property=\"article:modified_time\" content=\"2026-09-03T21:57:04+00:00\" \/>\n<meta property=\"og:image\" content=\"https:\/\/www.tablaosflamencos.com\/wp-content\/uploads\/flamenco-despues-de-la-bienal-donde-seguir-viendo-flamenco-en-sevilla-01.webp\" \/>\n\t<meta property=\"og:image:width\" content=\"1672\" \/>\n\t<meta property=\"og:image:height\" content=\"941\" \/>\n\t<meta property=\"og:image:type\" content=\"image\/webp\" \/>\n<meta name=\"author\" content=\"Miguel Ortiz\" \/>\n<meta name=\"twitter:card\" content=\"summary_large_image\" \/>\n<meta name=\"twitter:creator\" content=\"@tablaosflamenco\" \/>\n<meta name=\"twitter:site\" content=\"@tablaosflamenco\" \/>\n<meta name=\"twitter:label1\" content=\"Verfasst von\" \/>\n\t<meta name=\"twitter:data1\" content=\"Miguel Ortiz\" \/>\n\t<meta name=\"twitter:label2\" content=\"Gesch\u00e4tzte Lesezeit\" \/>\n\t<meta name=\"twitter:data2\" content=\"19\u00a0Minuten\" \/>\n<script type=\"application\/ld+json\" class=\"yoast-schema-graph\">{\"@context\":\"https:\\\/\\\/schema.org\",\"@graph\":[{\"@type\":\"Article\",\"@id\":\"https:\\\/\\\/www.tablaosflamencos.com\\\/de\\\/flamenco-nach-biennale-wo-sevilla.html#article\",\"isPartOf\":{\"@id\":\"https:\\\/\\\/www.tablaosflamencos.com\\\/de\\\/flamenco-nach-biennale-wo-sevilla.html\"},\"author\":{\"name\":\"Miguel Ortiz\",\"@id\":\"https:\\\/\\\/www.tablaosflamencos.com\\\/de#\\\/schema\\\/person\\\/e7a9ebe14eb75a52ceabfbffb3c54f5d\"},\"headline\":\"Flamenco nach der Biennale: Wo Sie in Sevilla weiter Flamenco erleben k\u00f6nnen\",\"datePublished\":\"2026-09-03T21:26:41+00:00\",\"dateModified\":\"2026-09-03T21:57:04+00:00\",\"mainEntityOfPage\":{\"@id\":\"https:\\\/\\\/www.tablaosflamencos.com\\\/de\\\/flamenco-nach-biennale-wo-sevilla.html\"},\"wordCount\":3887,\"publisher\":{\"@id\":\"https:\\\/\\\/www.tablaosflamencos.com\\\/de#organization\"},\"image\":{\"@id\":\"https:\\\/\\\/www.tablaosflamencos.com\\\/de\\\/flamenco-nach-biennale-wo-sevilla.html#primaryimage\"},\"thumbnailUrl\":\"https:\\\/\\\/www.tablaosflamencos.com\\\/wp-content\\\/uploads\\\/flamenco-despues-de-la-bienal-donde-seguir-viendo-flamenco-en-sevilla-01.webp\",\"keywords\":[\"agenda flamenca\",\"Bienal 2026\",\"Bienal de Flamenco\",\"festivales flamencos\",\"flamenco en Sevilla\",\"sevilla\"],\"articleSection\":[\"Flamenco-Biennale\"],\"inLanguage\":\"de\"},{\"@type\":\"WebPage\",\"@id\":\"https:\\\/\\\/www.tablaosflamencos.com\\\/de\\\/flamenco-nach-biennale-wo-sevilla.html\",\"url\":\"https:\\\/\\\/www.tablaosflamencos.com\\\/de\\\/flamenco-nach-biennale-wo-sevilla.html\",\"name\":\"Flamenco in Sevilla nach der Biennale 2026\",\"isPartOf\":{\"@id\":\"https:\\\/\\\/www.tablaosflamencos.com\\\/de#website\"},\"primaryImageOfPage\":{\"@id\":\"https:\\\/\\\/www.tablaosflamencos.com\\\/de\\\/flamenco-nach-biennale-wo-sevilla.html#primaryimage\"},\"image\":{\"@id\":\"https:\\\/\\\/www.tablaosflamencos.com\\\/de\\\/flamenco-nach-biennale-wo-sevilla.html#primaryimage\"},\"thumbnailUrl\":\"https:\\\/\\\/www.tablaosflamencos.com\\\/wp-content\\\/uploads\\\/flamenco-despues-de-la-bienal-donde-seguir-viendo-flamenco-en-sevilla-01.webp\",\"datePublished\":\"2026-09-03T21:26:41+00:00\",\"dateModified\":\"2026-09-03T21:57:04+00:00\",\"description\":\"Die Biennale endet am 3. Oktober, doch Flamenco in Sevilla geht weiter. Guide zu Tablaos, Triana, Shows und Buchung nach dem Festival.\",\"breadcrumb\":{\"@id\":\"https:\\\/\\\/www.tablaosflamencos.com\\\/de\\\/flamenco-nach-biennale-wo-sevilla.html#breadcrumb\"},\"inLanguage\":\"de\",\"potentialAction\":[{\"@type\":\"ReadAction\",\"target\":[\"https:\\\/\\\/www.tablaosflamencos.com\\\/de\\\/flamenco-nach-biennale-wo-sevilla.html\"]}]},{\"@type\":\"ImageObject\",\"inLanguage\":\"de\",\"@id\":\"https:\\\/\\\/www.tablaosflamencos.com\\\/de\\\/flamenco-nach-biennale-wo-sevilla.html#primaryimage\",\"url\":\"https:\\\/\\\/www.tablaosflamencos.com\\\/wp-content\\\/uploads\\\/flamenco-despues-de-la-bienal-donde-seguir-viendo-flamenco-en-sevilla-01.webp\",\"contentUrl\":\"https:\\\/\\\/www.tablaosflamencos.com\\\/wp-content\\\/uploads\\\/flamenco-despues-de-la-bienal-donde-seguir-viendo-flamenco-en-sevilla-01.webp\",\"width\":1672,\"height\":941,\"caption\":\"Flamenco despu\u00e9s de la Bienal: d\u00f3nde seguir viendo flamenco en Sevilla\"},{\"@type\":\"BreadcrumbList\",\"@id\":\"https:\\\/\\\/www.tablaosflamencos.com\\\/de\\\/flamenco-nach-biennale-wo-sevilla.html#breadcrumb\",\"itemListElement\":[{\"@type\":\"ListItem\",\"position\":1,\"name\":\"Home\",\"item\":\"https:\\\/\\\/www.tablaosflamencos.com\\\/de\"},{\"@type\":\"ListItem\",\"position\":2,\"name\":\"Flamenco nach der Biennale: Wo Sie in Sevilla weiter Flamenco erleben k\u00f6nnen\"}]},{\"@type\":\"WebSite\",\"@id\":\"https:\\\/\\\/www.tablaosflamencos.com\\\/de#website\",\"url\":\"https:\\\/\\\/www.tablaosflamencos.com\\\/de\",\"name\":\"Tablaos Flamencos\",\"description\":\"Entradas para tablaos flamencos de Espa\u00f1a\",\"publisher\":{\"@id\":\"https:\\\/\\\/www.tablaosflamencos.com\\\/de#organization\"},\"alternateName\":\"Tablaos Flamencos\",\"potentialAction\":[{\"@type\":\"SearchAction\",\"target\":{\"@type\":\"EntryPoint\",\"urlTemplate\":\"https:\\\/\\\/www.tablaosflamencos.com\\\/de?s={search_term_string}\"},\"query-input\":{\"@type\":\"PropertyValueSpecification\",\"valueRequired\":true,\"valueName\":\"search_term_string\"}}],\"inLanguage\":\"de\"},{\"@type\":[\"Organization\",\"Place\",\"EntertainmentBusiness\"],\"@id\":\"https:\\\/\\\/www.tablaosflamencos.com\\\/de#organization\",\"name\":\"Tablaos Flamencos\",\"alternateName\":\"Tablaos Flamencos\",\"url\":\"https:\\\/\\\/www.tablaosflamencos.com\\\/de\",\"logo\":{\"@id\":\"https:\\\/\\\/www.tablaosflamencos.com\\\/de\\\/flamenco-nach-biennale-wo-sevilla.html#local-main-organization-logo\"},\"image\":{\"@id\":\"https:\\\/\\\/www.tablaosflamencos.com\\\/de\\\/flamenco-nach-biennale-wo-sevilla.html#local-main-organization-logo\"},\"sameAs\":[\"https:\\\/\\\/www.facebook.com\\\/tablaosflamencos\",\"https:\\\/\\\/x.com\\\/tablaosflamenco\",\"https:\\\/\\\/mastodon.social\\\/@tablaosflamencos\",\"https:\\\/\\\/www.instagram.com\\\/tablaosflamencos\",\"https:\\\/\\\/tiktok.com\\\/@tablaosflamencos\",\"https:\\\/\\\/www.linkedin.com\\\/company\\\/109408238\\\/\"],\"description\":\"Venta de entradas para espect\u00e1culos flamencos\",\"legalName\":\"Tablaos Flamencos\",\"foundingDate\":\"2015-01-01\",\"numberOfEmployees\":{\"@type\":\"QuantitativeValue\",\"minValue\":\"1\",\"maxValue\":\"10\"},\"address\":{\"@id\":\"https:\\\/\\\/www.tablaosflamencos.com\\\/de\\\/flamenco-nach-biennale-wo-sevilla.html#local-main-place-address\"},\"geo\":{\"@type\":\"GeoCoordinates\",\"latitude\":\"37.3868072\",\"longitude\":\"-5.993280299999999\"},\"telephone\":[\"+34623787787\"],\"contactPoint\":{\"@type\":\"ContactPoint\",\"telephone\":\"+34623787787\",\"email\":\"info@tablaosflamencos.com\"},\"openingHoursSpecification\":{\"@type\":\"OpeningHoursSpecification\",\"dayOfWeek\":[\"Monday\",\"Tuesday\",\"Wednesday\",\"Thursday\",\"Friday\",\"Saturday\",\"Sunday\"],\"opens\":\"00:00\",\"closes\":\"23:59\"},\"email\":\"info@tablaosflamencos.com\",\"priceRange\":\"$$$\",\"currenciesAccepted\":\"\u20ac\"},{\"@type\":\"Person\",\"@id\":\"https:\\\/\\\/www.tablaosflamencos.com\\\/de#\\\/schema\\\/person\\\/e7a9ebe14eb75a52ceabfbffb3c54f5d\",\"name\":\"Miguel Ortiz\",\"description\":\"Miguel Ortiz es un empresario flamenco, con una s\u00f3lida trayectoria dentro del sector. Ha presidido entidades culturales vinculadas al flamenco y, cuenta con un amplio recorrido profesional en la gesti\u00f3n y promoci\u00f3n de espect\u00e1culos y tablaos flamencos. Su pasi\u00f3n por la historia y el arte flamenco se refleja en cada art\u00edculo, donde combina experiencia, criterio y un profundo respeto por la tradici\u00f3n.\",\"sameAs\":[\"https:\\\/\\\/www.tablaosflamencos.com\",\"https:\\\/\\\/www.instagra.com\\\/miguelortizfe\",\"https:\\\/\\\/www.linkedin.com\\\/in\\\/miguelortizf\\\/\"],\"birthDate\":\"1984-11-22\",\"gender\":\"hombre\",\"knowsLanguage\":[\"espa\u00f1ol\",\"ingl\u00e9s\"],\"jobTitle\":\"Empresario flamenco\"},{\"@type\":\"PostalAddress\",\"@id\":\"https:\\\/\\\/www.tablaosflamencos.com\\\/de\\\/flamenco-nach-biennale-wo-sevilla.html#local-main-place-address\",\"streetAddress\":\"C\\\/ Alemanes, 19\",\"addressLocality\":\"Sevilla\",\"postalCode\":\"41004\",\"addressRegion\":\"Sevilla\",\"addressCountry\":\"ES\"},{\"@type\":\"ImageObject\",\"inLanguage\":\"de\",\"@id\":\"https:\\\/\\\/www.tablaosflamencos.com\\\/de\\\/flamenco-nach-biennale-wo-sevilla.html#local-main-organization-logo\",\"url\":\"https:\\\/\\\/www.tablaosflamencos.com\\\/wp-content\\\/uploads\\\/tablaos-flamencos-06-3.webp\",\"contentUrl\":\"https:\\\/\\\/www.tablaosflamencos.com\\\/wp-content\\\/uploads\\\/tablaos-flamencos-06-3.webp\",\"width\":600,\"height\":620,\"caption\":\"Tablaos Flamencos\"}]}<\/script>\n<meta name=\"geo.placename\" content=\"Sevilla\" \/>\n<meta name=\"geo.position\" content=\"37.3868072;-5.993280299999999\" \/>\n<meta name=\"geo.region\" content=\"Spanien\" \/>\n<!-- \/ Yoast SEO Premium plugin. -->","yoast_head_json":{"title":"Flamenco in Sevilla nach der Biennale 2026","description":"Die Biennale endet am 3. Oktober, doch Flamenco in Sevilla geht weiter. Guide zu Tablaos, Triana, Shows und Buchung nach dem Festival.","robots":{"index":"index","follow":"follow","max-snippet":"max-snippet:-1","max-image-preview":"max-image-preview:large","max-video-preview":"max-video-preview:-1"},"canonical":"https:\/\/www.tablaosflamencos.com\/de\/flamenco-nach-biennale-wo-sevilla.html","og_locale":"de_DE","og_type":"article","og_title":"Flamenco nach der Biennale: Wo Sie in Sevilla weiter Flamenco erleben k\u00f6nnen","og_description":"Die Biennale endet am 3. Oktober, doch Flamenco in Sevilla geht weiter. Guide zu Tablaos, Triana, Shows und Buchung nach dem Festival.","og_url":"https:\/\/www.tablaosflamencos.com\/de\/flamenco-nach-biennale-wo-sevilla.html","og_site_name":"Tablaos Flamencos","article_publisher":"https:\/\/www.facebook.com\/tablaosflamencos","article_published_time":"2026-09-03T21:26:41+00:00","article_modified_time":"2026-09-03T21:57:04+00:00","og_image":[{"width":1672,"height":941,"url":"https:\/\/www.tablaosflamencos.com\/wp-content\/uploads\/flamenco-despues-de-la-bienal-donde-seguir-viendo-flamenco-en-sevilla-01.webp","type":"image\/webp"}],"author":"Miguel Ortiz","twitter_card":"summary_large_image","twitter_creator":"@tablaosflamenco","twitter_site":"@tablaosflamenco","twitter_misc":{"Verfasst von":"Miguel Ortiz","Gesch\u00e4tzte Lesezeit":"19\u00a0Minuten"},"schema":{"@context":"https:\/\/schema.org","@graph":[{"@type":"Article","@id":"https:\/\/www.tablaosflamencos.com\/de\/flamenco-nach-biennale-wo-sevilla.html#article","isPartOf":{"@id":"https:\/\/www.tablaosflamencos.com\/de\/flamenco-nach-biennale-wo-sevilla.html"},"author":{"name":"Miguel Ortiz","@id":"https:\/\/www.tablaosflamencos.com\/de#\/schema\/person\/e7a9ebe14eb75a52ceabfbffb3c54f5d"},"headline":"Flamenco nach der Biennale: Wo Sie in Sevilla weiter Flamenco erleben k\u00f6nnen","datePublished":"2026-09-03T21:26:41+00:00","dateModified":"2026-09-03T21:57:04+00:00","mainEntityOfPage":{"@id":"https:\/\/www.tablaosflamencos.com\/de\/flamenco-nach-biennale-wo-sevilla.html"},"wordCount":3887,"publisher":{"@id":"https:\/\/www.tablaosflamencos.com\/de#organization"},"image":{"@id":"https:\/\/www.tablaosflamencos.com\/de\/flamenco-nach-biennale-wo-sevilla.html#primaryimage"},"thumbnailUrl":"https:\/\/www.tablaosflamencos.com\/wp-content\/uploads\/flamenco-despues-de-la-bienal-donde-seguir-viendo-flamenco-en-sevilla-01.webp","keywords":["agenda flamenca","Bienal 2026","Bienal de Flamenco","festivales flamencos","flamenco en Sevilla","sevilla"],"articleSection":["Flamenco-Biennale"],"inLanguage":"de"},{"@type":"WebPage","@id":"https:\/\/www.tablaosflamencos.com\/de\/flamenco-nach-biennale-wo-sevilla.html","url":"https:\/\/www.tablaosflamencos.com\/de\/flamenco-nach-biennale-wo-sevilla.html","name":"Flamenco in Sevilla nach der Biennale 2026","isPartOf":{"@id":"https:\/\/www.tablaosflamencos.com\/de#website"},"primaryImageOfPage":{"@id":"https:\/\/www.tablaosflamencos.com\/de\/flamenco-nach-biennale-wo-sevilla.html#primaryimage"},"image":{"@id":"https:\/\/www.tablaosflamencos.com\/de\/flamenco-nach-biennale-wo-sevilla.html#primaryimage"},"thumbnailUrl":"https:\/\/www.tablaosflamencos.com\/wp-content\/uploads\/flamenco-despues-de-la-bienal-donde-seguir-viendo-flamenco-en-sevilla-01.webp","datePublished":"2026-09-03T21:26:41+00:00","dateModified":"2026-09-03T21:57:04+00:00","description":"Die Biennale endet am 3. Oktober, doch Flamenco in Sevilla geht weiter. Guide zu Tablaos, Triana, Shows und Buchung nach dem Festival.","breadcrumb":{"@id":"https:\/\/www.tablaosflamencos.com\/de\/flamenco-nach-biennale-wo-sevilla.html#breadcrumb"},"inLanguage":"de","potentialAction":[{"@type":"ReadAction","target":["https:\/\/www.tablaosflamencos.com\/de\/flamenco-nach-biennale-wo-sevilla.html"]}]},{"@type":"ImageObject","inLanguage":"de","@id":"https:\/\/www.tablaosflamencos.com\/de\/flamenco-nach-biennale-wo-sevilla.html#primaryimage","url":"https:\/\/www.tablaosflamencos.com\/wp-content\/uploads\/flamenco-despues-de-la-bienal-donde-seguir-viendo-flamenco-en-sevilla-01.webp","contentUrl":"https:\/\/www.tablaosflamencos.com\/wp-content\/uploads\/flamenco-despues-de-la-bienal-donde-seguir-viendo-flamenco-en-sevilla-01.webp","width":1672,"height":941,"caption":"Flamenco despu\u00e9s de la Bienal: d\u00f3nde seguir viendo flamenco en Sevilla"},{"@type":"BreadcrumbList","@id":"https:\/\/www.tablaosflamencos.com\/de\/flamenco-nach-biennale-wo-sevilla.html#breadcrumb","itemListElement":[{"@type":"ListItem","position":1,"name":"Home","item":"https:\/\/www.tablaosflamencos.com\/de"},{"@type":"ListItem","position":2,"name":"Flamenco nach der Biennale: Wo Sie in Sevilla weiter Flamenco erleben k\u00f6nnen"}]},{"@type":"WebSite","@id":"https:\/\/www.tablaosflamencos.com\/de#website","url":"https:\/\/www.tablaosflamencos.com\/de","name":"Tablaos Flamencos","description":"Entradas para tablaos flamencos de Espa\u00f1a","publisher":{"@id":"https:\/\/www.tablaosflamencos.com\/de#organization"},"alternateName":"Tablaos Flamencos","potentialAction":[{"@type":"SearchAction","target":{"@type":"EntryPoint","urlTemplate":"https:\/\/www.tablaosflamencos.com\/de?s={search_term_string}"},"query-input":{"@type":"PropertyValueSpecification","valueRequired":true,"valueName":"search_term_string"}}],"inLanguage":"de"},{"@type":["Organization","Place","EntertainmentBusiness"],"@id":"https:\/\/www.tablaosflamencos.com\/de#organization","name":"Tablaos Flamencos","alternateName":"Tablaos Flamencos","url":"https:\/\/www.tablaosflamencos.com\/de","logo":{"@id":"https:\/\/www.tablaosflamencos.com\/de\/flamenco-nach-biennale-wo-sevilla.html#local-main-organization-logo"},"image":{"@id":"https:\/\/www.tablaosflamencos.com\/de\/flamenco-nach-biennale-wo-sevilla.html#local-main-organization-logo"},"sameAs":["https:\/\/www.facebook.com\/tablaosflamencos","https:\/\/x.com\/tablaosflamenco","https:\/\/mastodon.social\/@tablaosflamencos","https:\/\/www.instagram.com\/tablaosflamencos","https:\/\/tiktok.com\/@tablaosflamencos","https:\/\/www.linkedin.com\/company\/109408238\/"],"description":"Venta de entradas para espect\u00e1culos flamencos","legalName":"Tablaos Flamencos","foundingDate":"2015-01-01","numberOfEmployees":{"@type":"QuantitativeValue","minValue":"1","maxValue":"10"},"address":{"@id":"https:\/\/www.tablaosflamencos.com\/de\/flamenco-nach-biennale-wo-sevilla.html#local-main-place-address"},"geo":{"@type":"GeoCoordinates","latitude":"37.3868072","longitude":"-5.993280299999999"},"telephone":["+34623787787"],"contactPoint":{"@type":"ContactPoint","telephone":"+34623787787","email":"info@tablaosflamencos.com"},"openingHoursSpecification":{"@type":"OpeningHoursSpecification","dayOfWeek":["Monday","Tuesday","Wednesday","Thursday","Friday","Saturday","Sunday"],"opens":"00:00","closes":"23:59"},"email":"info@tablaosflamencos.com","priceRange":"$$$","currenciesAccepted":"\u20ac"},{"@type":"Person","@id":"https:\/\/www.tablaosflamencos.com\/de#\/schema\/person\/e7a9ebe14eb75a52ceabfbffb3c54f5d","name":"Miguel Ortiz","description":"Miguel Ortiz es un empresario flamenco, con una s\u00f3lida trayectoria dentro del sector. Ha presidido entidades culturales vinculadas al flamenco y, cuenta con un amplio recorrido profesional en la gesti\u00f3n y promoci\u00f3n de espect\u00e1culos y tablaos flamencos. Su pasi\u00f3n por la historia y el arte flamenco se refleja en cada art\u00edculo, donde combina experiencia, criterio y un profundo respeto por la tradici\u00f3n.","sameAs":["https:\/\/www.tablaosflamencos.com","https:\/\/www.instagra.com\/miguelortizfe","https:\/\/www.linkedin.com\/in\/miguelortizf\/"],"birthDate":"1984-11-22","gender":"hombre","knowsLanguage":["espa\u00f1ol","ingl\u00e9s"],"jobTitle":"Empresario flamenco"},{"@type":"PostalAddress","@id":"https:\/\/www.tablaosflamencos.com\/de\/flamenco-nach-biennale-wo-sevilla.html#local-main-place-address","streetAddress":"C\/ Alemanes, 19","addressLocality":"Sevilla","postalCode":"41004","addressRegion":"Sevilla","addressCountry":"ES"},{"@type":"ImageObject","inLanguage":"de","@id":"https:\/\/www.tablaosflamencos.com\/de\/flamenco-nach-biennale-wo-sevilla.html#local-main-organization-logo","url":"https:\/\/www.tablaosflamencos.com\/wp-content\/uploads\/tablaos-flamencos-06-3.webp","contentUrl":"https:\/\/www.tablaosflamencos.com\/wp-content\/uploads\/tablaos-flamencos-06-3.webp","width":600,"height":620,"caption":"Tablaos Flamencos"}]},"geo.placename":"Sevilla","geo.position":{"lat":"37.3868072","long":"-5.993280299999999"},"geo.region":"Spanien"},"_links":{"self":[{"href":"https:\/\/www.tablaosflamencos.com\/de\/wp-json\/wp\/v2\/posts\/14309","targetHints":{"allow":["GET"]}}],"collection":[{"href":"https:\/\/www.tablaosflamencos.com\/de\/wp-json\/wp\/v2\/posts"}],"about":[{"href":"https:\/\/www.tablaosflamencos.com\/de\/wp-json\/wp\/v2\/types\/post"}],"author":[{"embeddable":true,"href":"https:\/\/www.tablaosflamencos.com\/de\/wp-json\/wp\/v2\/users\/1"}],"replies":[{"embeddable":true,"href":"https:\/\/www.tablaosflamencos.com\/de\/wp-json\/wp\/v2\/comments?post=14309"}],"version-history":[{"count":3,"href":"https:\/\/www.tablaosflamencos.com\/de\/wp-json\/wp\/v2\/posts\/14309\/revisions"}],"predecessor-version":[{"id":14346,"href":"https:\/\/www.tablaosflamencos.com\/de\/wp-json\/wp\/v2\/posts\/14309\/revisions\/14346"}],"wp:featuredmedia":[{"embeddable":true,"href":"https:\/\/www.tablaosflamencos.com\/de\/wp-json\/wp\/v2\/media\/14271"}],"wp:attachment":[{"href":"https:\/\/www.tablaosflamencos.com\/de\/wp-json\/wp\/v2\/media?parent=14309"}],"wp:term":[{"taxonomy":"category","embeddable":true,"href":"https:\/\/www.tablaosflamencos.com\/de\/wp-json\/wp\/v2\/categories?post=14309"},{"taxonomy":"post_tag","embeddable":true,"href":"https:\/\/www.tablaosflamencos.com\/de\/wp-json\/wp\/v2\/tags?post=14309"}],"curies":[{"name":"wp","href":"https:\/\/api.w.org\/{rel}","templated":true}]}}