{"id":14284,"date":"2026-09-03T22:54:58","date_gmt":"2026-09-03T20:54:58","guid":{"rendered":"https:\/\/www.tablaosflamencos.com\/?p=14284"},"modified":"2026-09-03T23:46:54","modified_gmt":"2026-09-03T21:46:54","slug":"flamenco-sevilla-biennale-2026-shows-ausserhalb-offizielles-programm","status":"publish","type":"post","link":"https:\/\/www.tablaosflamencos.com\/de\/flamenco-sevilla-biennale-2026-shows-ausserhalb-offizielles-programm.html","title":{"rendered":"Flamenco in Sevilla w\u00e4hrend der Biennale: Shows au\u00dferhalb des offiziellen Programms"},"content":{"rendered":"<section class=\"l-section wpb_row height_huge\"><div class=\"l-section-h i-cf\"><div class=\"g-cols vc_row via_flex valign_top type_default stacking_default\"><div class=\"vc_col-sm-6 wpb_column vc_column_container\"><div class=\"vc_column-inner\"><div class=\"wpb_wrapper\"><div class=\"wpb_text_column\"><div class=\"wpb_wrapper\"><h2>Die Biennale ist nicht der einzige Ort, an dem man in Sevilla Flamenco sehen kann<\/h2>\n<p>W\u00e4hrend der <strong>Flamenco-Biennale Sevilla 2026<\/strong>, erlebt die Stadt fast vier Wochen intensiver Aktivit\u00e4t: gro\u00dfe Produktionen, Premieren, Recitals, Tanzshows, Gitarrenkonzerte und Veranstaltungen in Theatern und historischen Spielst\u00e4tten. Doch Flamenco in Sevilla beginnt und endet nicht mit dem offiziellen Programm.<\/p>\n<p>W\u00e4hrend die Biennale zwischen dem <strong>9. September und dem 3. Oktober 2026<\/strong> stattfindet, setzen die Tablaos der Stadt ihren normalen Betrieb fort. Das er\u00f6ffnet f\u00fcr Reisende in diesem Zeitraum eine besonders interessante M\u00f6glichkeit: eine offizielle Vorstellung mit einem Tablao-Abend zu kombinieren und zwei sehr unterschiedliche \u2014 und sich erg\u00e4nzende \u2014 Arten kennenzulernen, Flamenco zu erleben.<\/p>\n<\/div><\/div><\/div><\/div><\/div><div class=\"vc_col-sm-6 wpb_column vc_column_container\"><div class=\"vc_column-inner\"><div class=\"wpb_wrapper\"><div class=\"wpb_text_column\"><div class=\"wpb_wrapper\"><h2>Zwei sich erg\u00e4nzende Arten, Flamenco zu erleben<\/h2>\n<p>Die Biennale bietet gro\u00dfe Inszenierungen, Urauff\u00fchrungen und Begegnungen, die f\u00fcr einen besonderen Anlass konzipiert wurden. Der Tablao bietet eine andere Gr\u00f6\u00dfenordnung: K\u00fcnstler nur wenige Meter entfernt, Cante, Tanz und Gitarre in direkter Beziehung zum Publikum, Formate von ungef\u00e4hr einer Stunde und ein Programm, das sich viel leichter in einen Nachmittag oder Abend mit Besichtigungen in der Stadt integrieren l\u00e4sst.<\/p>\n<p><strong>In diesem Guide geht es nicht darum, zwischen Biennale und Tablao zu w\u00e4hlen, sondern beide Formate w\u00e4hrend eines Aufenthalts in Sevilla sinnvoll zu kombinieren.<\/strong><\/p>\n<\/div><\/div><\/div><\/div><\/div><\/div><\/div><\/section><section class=\"l-section wpb_row height_huge color_alternate with_shape\"><div class=\"l-section-shape type_zigzag pos_top hor_flip\" style=\"height:3vmin;\"><svg xmlns=\"http:\/\/www.w3.org\/2000\/svg\" viewBox=\"0 0 64 8\" preserveAspectRatio=\"none\" width=\"100%\" height=\"100%\">\r\n\t<path fill=\"currentColor\" d=\"M64 8 L0 8 L0 0 L20 7.9 L40 3 L48 5 L64 0 Z\"\/>\r\n<\/svg><\/div><div class=\"l-section-shape type_zigzag pos_bottom\" style=\"height:3vmin;\"><svg xmlns=\"http:\/\/www.w3.org\/2000\/svg\" viewBox=\"0 0 64 8\" preserveAspectRatio=\"none\" width=\"100%\" height=\"100%\">\r\n\t<path fill=\"currentColor\" d=\"M64 8 L0 8 L0 0 L20 7.9 L40 3 L48 5 L64 0 Z\"\/>\r\n<\/svg><\/div><div class=\"l-section-h i-cf\"><div class=\"g-cols vc_row via_flex valign_top type_default stacking_default\"><div class=\"vc_col-sm-12 wpb_column vc_column_container\"><div class=\"vc_column-inner\"><div class=\"wpb_wrapper\"><div class=\"wpb_text_column\"><div class=\"wpb_wrapper\"><blockquote>\n<p><strong>Kurzantwort:<\/strong> W\u00e4hrend der Flamenco-Biennale 2026 k\u00f6nnen Sie auch au\u00dferhalb des offiziellen Programms in zahlreichen Tablaos in Sevilla Flamenco erleben. Im Zentrum gibt es besonders rund um Las Setas, Plaza Nueva, Santa Cruz, Calle Zaragoza und Corral del Rey interessante Optionen; auch in Triana finden am Guadalquivir regelm\u00e4\u00dfig Shows statt. Wenn Sie mehrere Tage bleiben, ist eine der besten M\u00f6glichkeiten, den Flamenco Sevillas zu verstehen, mindestens eine gro\u00dfe Biennale-Vorstellung mit einem Tablao-Abend zu kombinieren.<\/p>\n<\/blockquote>\n<p><strong>Letzte Aktualisierung: 3. September 2026.<\/strong> Zeiten, Preise und Verf\u00fcgbarkeit der Tablaos k\u00f6nnen je nach Datum variieren. Pr\u00fcfen Sie vor der Abendplanung immer die tats\u00e4chlich verf\u00fcgbaren Pl\u00e4tze.<\/p>\n<\/div><\/div><div class=\"w-separator size_medium\"><\/div><div class=\"w-hwrapper valign_top wrap stack_on_mobiles align_center\" style=\"--hwrapper-gap:1.2rem\"><div class=\"w-btn-wrapper align_none\"><a class=\"w-btn us-btn-style_1\" href=\"https:\/\/www.tablaosflamencos.com\/de\/flamenco-in-sevilla\"><span class=\"w-btn-label\">Verf\u00fcgbaren Flamenco in Sevilla ansehen<\/span><\/a><\/div><div class=\"w-btn-wrapper align_none\"><a class=\"w-btn us-btn-style_1\" href=\"https:\/\/www.tablaosflamencos.com\/de\/flamenco-biennale-sevilla-2026.html\"><span class=\"w-btn-label\">Kompletter Guide zur Biennale 2026<\/span><\/a><\/div><\/div><\/div><\/div><\/div><\/div><\/div><\/section><section class=\"l-section wpb_row height_huge\"><div class=\"l-section-h i-cf\"><div class=\"g-cols vc_row via_flex valign_top type_default stacking_default\"><div class=\"vc_col-sm-3 wpb_column vc_column_container\"><div class=\"vc_column-inner\"><div class=\"wpb_wrapper\"><\/div><\/div><\/div><div class=\"vc_col-sm-6 wpb_column vc_column_container\"><div class=\"vc_column-inner\"><div class=\"wpb_wrapper\"><div class=\"wpb_text_column\"><div class=\"wpb_wrapper\"><h2>Inhalt dieses Guides<\/h2>\n<ul>\n<li><a href=\"#dos-formatos\">Biennale und Tablao: zwei Formate, die sich erg\u00e4nzen<\/a><\/li>\n<li><a href=\"#donde-ver\">Wo man au\u00dferhalb der Biennale Flamenco in Sevilla sehen kann<\/a><\/li>\n<li><a href=\"#las-setas\">Las Setas und n\u00f6rdliches Stadtzentrum<\/a><\/li>\n<li><a href=\"#santa-cruz\">Santa Cruz und Umgebung des Alc\u00e1zar<\/a><\/li>\n<li><a href=\"#centro\">Historisches Zentrum, Plaza Nueva und Arenal<\/a><\/li>\n<li><a href=\"#triana\">Triana: \u00fcber den Fluss f\u00fcr eine zus\u00e4tzliche Perspektive<\/a><\/li>\n<li><a href=\"#comparativa\">Vergleichstabelle<\/a><\/li>\n<li><a href=\"#combinar\">Wie man Biennale und Tablao auf derselben Reise kombiniert<\/a><\/li>\n<li><a href=\"#elegir\">Welcher Tablao zu welcher Art von Erlebnis passt<\/a><\/li>\n<li><a href=\"#reservar\">Warum man w\u00e4hrend der Biennale reservieren sollte<\/a><\/li>\n<li><a href=\"#faq\">H\u00e4ufig gestellte Fragen<\/a><\/li>\n<\/ul>\n<\/div><\/div><\/div><\/div><\/div><div class=\"vc_col-sm-3 wpb_column vc_column_container\"><div class=\"vc_column-inner\"><div class=\"wpb_wrapper\"><\/div><\/div><\/div><\/div><\/div><\/section><section class=\"l-section wpb_row height_huge color_alternate with_shape\"><div class=\"l-section-shape type_zigzag pos_top\" style=\"height:3vmin;\"><svg xmlns=\"http:\/\/www.w3.org\/2000\/svg\" viewBox=\"0 0 64 8\" preserveAspectRatio=\"none\" width=\"100%\" height=\"100%\">\r\n\t<path fill=\"currentColor\" d=\"M64 8 L0 8 L0 0 L20 7.9 L40 3 L48 5 L64 0 Z\"\/>\r\n<\/svg><\/div><div class=\"l-section-shape type_zigzag pos_bottom\" style=\"height:3vmin;\"><svg xmlns=\"http:\/\/www.w3.org\/2000\/svg\" viewBox=\"0 0 64 8\" preserveAspectRatio=\"none\" width=\"100%\" height=\"100%\">\r\n\t<path fill=\"currentColor\" d=\"M64 8 L0 8 L0 0 L20 7.9 L40 3 L48 5 L64 0 Z\"\/>\r\n<\/svg><\/div><div class=\"l-section-h i-cf\"><div class=\"g-cols vc_row via_flex valign_top type_default stacking_default\"><div class=\"vc_col-sm-6 wpb_column vc_column_container\"><div class=\"vc_column-inner\"><div class=\"wpb_wrapper\"><div class=\"wpb_text_column\"><div class=\"wpb_wrapper\"><h2 id=\"dos-formatos\">Die Biennale: gro\u00dfes Format, Kreation und au\u00dfergew\u00f6hnliche Ereignisse<\/h2>\n<p>Eine der n\u00fctzlichsten Ideen f\u00fcr die Planung einer Flamenco-Reise nach Sevilla ist, Biennale und Tablaos nicht l\u00e4nger als sich ausschlie\u00dfende Alternativen zu betrachten. Tats\u00e4chlich zeigen sie zwei verschiedene Dimensionen derselben Kunst.<\/p>\n<p>Die <strong>Biennale<\/strong> b\u00fcndelt Kreationen f\u00fcr Theater, gro\u00dfe Formate, Premieren, besondere Begegnungen und Shows, die oft nie wieder genau auf dieselbe Weise gezeigt werden. Das Erlebnis h\u00e4ngt ebenso vom K\u00fcnstler wie vom B\u00fchnenprojekt, dem Spielort, der Beleuchtung, der Dramaturgie und dem au\u00dfergew\u00f6hnlichen Charakter des jeweiligen Termins ab.<\/p>\n<\/div><\/div><\/div><\/div><\/div><div class=\"vc_col-sm-6 wpb_column vc_column_container\"><div class=\"vc_column-inner\"><div class=\"wpb_wrapper\"><div class=\"wpb_text_column\"><div class=\"wpb_wrapper\"><h2>Der Tablao: N\u00e4he, Live-Erlebnis und Dialog zwischen K\u00fcnstlern<\/h2>\n<p>Der <strong>Tablao<\/strong> funktioniert anders. Im Mittelpunkt steht das Live-Erlebnis: eine Gruppe von K\u00fcnstlern, ein kleinerer Rahmen, nur wenig Abstand zwischen B\u00fchne und Publikum und eine Struktur, die Raum f\u00fcr den Dialog zwischen Cante, Gitarre und Tanz l\u00e4sst. Auch wenn es eine definierte k\u00fcnstlerische Grundlage gibt, besitzt jeder Abend einen unmittelbaren Charakter, der sich mit den Interpreten und ihrem Zusammenspiel ver\u00e4ndert.<\/p>\n<p>Wer ausschlie\u00dflich Produktionen der Biennale sieht, erlebt einen au\u00dfergew\u00f6hnlichen Teil des zeitgen\u00f6ssischen Flamenco; wer zus\u00e4tzlich einen Tablao besucht, kann auch beobachten, wie diese Kunst aus n\u00e4chster N\u00e4he funktioniert \u2014 ohne die Vermittlung einer gro\u00dfen Theaterb\u00fchne.<\/p>\n<\/div><\/div><\/div><\/div><\/div><\/div><\/div><\/section><section class=\"l-section wpb_row height_huge\"><div class=\"l-section-h i-cf\"><div class=\"g-cols vc_row via_flex valign_top type_default stacking_default\"><div class=\"vc_col-sm-12 wpb_column vc_column_container\"><div class=\"vc_column-inner\"><div class=\"wpb_wrapper\"><div class=\"wpb_text_column\"><div class=\"wpb_wrapper\"><h2 id=\"donde-ver\" style=\"text-align: center;\">Wo man w\u00e4hrend der Biennale in Sevilla Flamenco au\u00dferhalb des offiziellen Programms sehen kann<\/h2>\n<p style=\"text-align: center;\">Sevilla verf\u00fcgt das ganze Jahr \u00fcber ein stabiles Angebot an Tablaos. W\u00e4hrend der Biennale l\u00e4uft dieses Netzwerk weiter und ist besonders n\u00fctzlich sowohl f\u00fcr Besucher, die ihre Reise erweitern m\u00f6chten, als auch f\u00fcr diejenigen, die manche Abende ohne offizielle Vorstellung lassen wollen.<\/p>\n<p style=\"text-align: center;\">Die folgende Auswahl ist kein Ranking. Welcher Tablao am besten passt, h\u00e4ngt von Ihrem Standort, der ben\u00f6tigten Uhrzeit, der gew\u00fcnschten Saalgr\u00f6\u00dfe, m\u00f6glichen gastronomischen Angeboten und vor allem von der <strong>tats\u00e4chlichen Verf\u00fcgbarkeit an Ihrem Datum<\/strong>.<\/p>\n<\/div><\/div><\/div><\/div><\/div><\/div><\/div><\/section><section class=\"l-section wpb_row height_huge color_alternate with_shape\"><div class=\"l-section-shape type_zigzag pos_top hor_flip\" style=\"height:3vmin;\"><svg xmlns=\"http:\/\/www.w3.org\/2000\/svg\" viewBox=\"0 0 64 8\" preserveAspectRatio=\"none\" width=\"100%\" height=\"100%\">\r\n\t<path fill=\"currentColor\" d=\"M64 8 L0 8 L0 0 L20 7.9 L40 3 L48 5 L64 0 Z\"\/>\r\n<\/svg><\/div><div class=\"l-section-shape type_zigzag pos_bottom\" style=\"height:3vmin;\"><svg xmlns=\"http:\/\/www.w3.org\/2000\/svg\" viewBox=\"0 0 64 8\" preserveAspectRatio=\"none\" width=\"100%\" height=\"100%\">\r\n\t<path fill=\"currentColor\" d=\"M64 8 L0 8 L0 0 L20 7.9 L40 3 L48 5 L64 0 Z\"\/>\r\n<\/svg><\/div><div class=\"l-section-h i-cf\"><div class=\"g-cols vc_row via_flex valign_top type_default stacking_default\"><div class=\"vc_col-sm-6 wpb_column vc_column_container\"><div class=\"vc_column-inner\"><div class=\"wpb_wrapper\"><div class=\"wpb_text_column\"><div class=\"wpb_wrapper\"><h2 id=\"las-setas\">Las Setas: flexible Zeiten im n\u00f6rdlichen Zentrum<\/h2>\n<p>Die Umgebung der Plaza de la Encarnaci\u00f3n ist besonders praktisch, wenn Sie das n\u00f6rdliche Zentrum, Alameda, Regina, Feria oder Santa Catalina erkunden. Hier befindet sich <strong>Tablao Flamenco Las Setas<\/strong>, eine der zeitlich flexibelsten Optionen der Stadt.<\/p>\n<p>Das regelm\u00e4\u00dfige Angebot an Vorstellungen erleichtert etwas, das w\u00e4hrend der Biennale entscheidend sein kann: eine Show zu finden, ohne den ganzen Tag neu organisieren zu m\u00fcssen. Das Format dauert ungef\u00e4hr eine Stunde und verbindet Cante, Gitarre und Tanz in einem eigens f\u00fcr Live-Flamenco konzipierten Raum.<\/p>\n<p><strong>Das k\u00f6nnte zu Ihnen passen, wenn:<\/strong><\/p>\n<ul>\n<li>Sie im n\u00f6rdlichen Zentrum oder in der N\u00e4he von Las Setas wohnen;<\/li>\n<li>Sie mehrere m\u00f6gliche Uhrzeiten m\u00f6chten;<\/li>\n<li>Sie eine Show von ungef\u00e4hr einer Stunde suchen;<\/li>\n<li>Sie Flamenco in einen Besichtigungstag im historischen Zentrum integrieren m\u00f6chten.<\/li>\n<\/ul>\n<\/div><\/div><\/div><\/div><\/div><div class=\"vc_col-sm-6 wpb_column vc_column_container\"><div class=\"vc_column-inner\"><div class=\"wpb_wrapper\"><div class=\"wpb_text_column\"><div class=\"wpb_wrapper\"><h2 id=\"santa-cruz\">Santa Cruz und Umgebung des Alc\u00e1zar<\/h2>\n<p>Wenn sich Ihr Tag um den Real Alc\u00e1zar, die Kathedrale, die Giralda oder das Viertel Santa Cruz dreht, m\u00fcssen Sie nicht ans andere Ende Sevillas fahren, um den Tag mit Flamenco zu beenden.<\/p>\n<p><strong>Tablao Flamenco El Jard\u00edn de Murillo<\/strong>, direkt am Paseo de Catalina de Ribera, bietet ein etwa einst\u00fcndiges Format mit Cante, Gitarre und Tanz. Seine Lage ist w\u00e4hrend der Biennale ein gro\u00dfer strategischer Vorteil: Von einem Nachmittag mit Sehensw\u00fcrdigkeiten geht es ohne gro\u00dfe Wege direkt zu einer Flamenco-Show.<\/p>\n<p>Je nach gew\u00e4hlter Option k\u00f6nnen auch ein Getr\u00e4nk oder einfache gastronomische Angebote enthalten sein. Das eignet sich sowohl f\u00fcr Besucher, die sich nur auf die Show konzentrieren m\u00f6chten, als auch f\u00fcr diejenigen, die den Abend abrunden wollen.<\/p>\n<\/div><\/div><div class=\"w-separator size_medium\"><\/div><div class=\"w-hwrapper valign_top wrap stack_on_mobiles align_center\" style=\"--hwrapper-gap:1.2rem\"><div class=\"w-btn-wrapper align_none\"><a class=\"w-btn us-btn-style_1\" href=\"https:\/\/www.tablaosflamencos.com\/de\/tablao\/tablao-flamenco-el-jardin-de-murillo\"><span class=\"w-btn-label\">El Jard\u00edn de Murillo ansehen<\/span><\/a><\/div><\/div><\/div><\/div><\/div><\/div><\/div><\/section><section class=\"l-section wpb_row height_huge\"><div class=\"l-section-h i-cf\"><div class=\"g-cols vc_row via_flex valign_top type_default stacking_default\"><div class=\"vc_col-sm-12 wpb_column vc_column_container\"><div class=\"vc_column-inner\"><div class=\"wpb_wrapper\"><div class=\"wpb_text_column\"><div class=\"wpb_wrapper\"><h2 id=\"centro\" style=\"text-align: center;\">Historisches Zentrum, Plaza Nueva und Arenal: drei unterschiedliche Arten, einen Tablao zu erleben<\/h2>\n<\/div><\/div><div class=\"g-cols wpb_row via_flex valign_top type_default stacking_default\"><div class=\"vc_col-sm-6 wpb_column vc_column_container\"><div class=\"vc_column-inner\"><div class=\"wpb_wrapper\"><div class=\"wpb_text_column\"><div class=\"wpb_wrapper\"><h3>Casa Duende Tablao: klein und besonders nah<\/h3>\n<p><strong>Casa Duende Tablao<\/strong>, am Corral del Rey, arbeitet mit einem kleinen Saal und einer etwa 50\u201360-min\u00fctigen Show. Das Konzept verbindet Soli und Ensemble-Momente bis hin zum Fin de Fiesta; je nach Variante k\u00f6nnen Verkostung oder Tischservice hinzukommen.<\/p>\n<p>Besonders interessant ist diese Option f\u00fcr alle, die einen intimen Rahmen suchen und das Gef\u00fchl m\u00f6chten, dass die B\u00fchne tats\u00e4chlich nur wenige Schritte entfernt ist.<\/p>\n<\/div><\/div><div class=\"w-separator size_medium\"><\/div><div class=\"w-hwrapper valign_top wrap stack_on_mobiles align_center\" style=\"--hwrapper-gap:1.2rem\"><div class=\"w-btn-wrapper align_none\"><a class=\"w-btn us-btn-style_1\" href=\"https:\/\/www.tablaosflamencos.com\/de\/tablao\/casa-duende-tablao\"><span class=\"w-btn-label\">Casa Duende Tablao ansehen<\/span><\/a><\/div><\/div><\/div><\/div><\/div><div class=\"vc_col-sm-6 wpb_column vc_column_container\"><div class=\"vc_column-inner\"><div class=\"wpb_wrapper\"><div class=\"wpb_text_column\"><div class=\"wpb_wrapper\"><h3>Casa Inquieta: Flamenco in einem Stadtpalais aus dem 19. Jahrhundert<\/h3>\n<p>In der Calle Zaragoza <strong>Tablao Flamenco Casa Inquieta<\/strong> macht den historischen Raum selbst zu einem Teil des Erlebnisses. Die Show findet in einem Stadtpalais aus dem 19. Jahrhundert statt und bringt f\u00fcnf K\u00fcnstler f\u00fcr ungef\u00e4hr eine Stunde zusammen.<\/p>\n<p>Das passt gut f\u00fcr Besucher, die mitten im Zentrum bleiben, sich im Arenal oder rund um Plaza Nueva bewegen und ein Erlebnis suchen, bei dem Architektur, Atmosph\u00e4re und N\u00e4he zum Programm geh\u00f6ren.<\/p>\n<\/div><\/div><div class=\"w-separator size_medium\"><\/div><div class=\"w-hwrapper valign_top wrap stack_on_mobiles align_center\" style=\"--hwrapper-gap:1.2rem\"><div class=\"w-btn-wrapper align_none\"><a class=\"w-btn us-btn-style_1\" href=\"https:\/\/www.tablaosflamencos.com\/de\/tablao\/tablao-flamenco-casa-inquieta\"><span class=\"w-btn-label\">Casa Inquieta ansehen<\/span><\/a><\/div><\/div><\/div><\/div><\/div><\/div><\/div><\/div><\/div><\/div><\/div><\/section><section class=\"l-section wpb_row height_huge color_alternate with_shape\"><div class=\"l-section-shape type_zigzag pos_top\" style=\"height:3vmin;\"><svg xmlns=\"http:\/\/www.w3.org\/2000\/svg\" viewBox=\"0 0 64 8\" preserveAspectRatio=\"none\" width=\"100%\" height=\"100%\">\r\n\t<path fill=\"currentColor\" d=\"M64 8 L0 8 L0 0 L20 7.9 L40 3 L48 5 L64 0 Z\"\/>\r\n<\/svg><\/div><div class=\"l-section-shape type_zigzag pos_bottom\" style=\"height:3vmin;\"><svg xmlns=\"http:\/\/www.w3.org\/2000\/svg\" viewBox=\"0 0 64 8\" preserveAspectRatio=\"none\" width=\"100%\" height=\"100%\">\r\n\t<path fill=\"currentColor\" d=\"M64 8 L0 8 L0 0 L20 7.9 L40 3 L48 5 L64 0 Z\"\/>\r\n<\/svg><\/div><div class=\"l-section-h i-cf\"><div class=\"g-cols vc_row via_flex valign_top type_default stacking_default\"><div class=\"vc_col-sm-6 wpb_column vc_column_container\"><div class=\"vc_column-inner\"><div class=\"wpb_wrapper\"><div class=\"wpb_text_column\"><div class=\"wpb_wrapper\"><h2>La Cantaora: Flamenco und Gastronomie am selben Abend<\/h2>\n<p>In der N\u00e4he der Plaza Nueva <strong>Tablao Flamenco La Cantaora<\/strong> ist besonders praktisch f\u00fcr alle, die Abendessen und Show in einem einzigen Plan verbinden m\u00f6chten. Der Raum orientiert sich an der Atmosph\u00e4re der historischen Caf\u00e9s Cantantes und bietet Varianten vom Showbesuch mit Cocktail bis zu Tapas- oder Dinner-Optionen.<\/p>\n<p>Bei einem Aufenthalt mit Schwerpunkt Biennale kann dies eine gute Wahl f\u00fcr einen Abend ohne offizielle Vorstellung sein, weil sich der gesamte Abend mit einer Reservierung organisieren l\u00e4sst, ohne das historische Zentrum zu verlassen.<\/p>\n<\/div><\/div><div class=\"w-separator size_medium\"><\/div><div class=\"w-hwrapper valign_top wrap stack_on_mobiles align_center\" style=\"--hwrapper-gap:1.2rem\"><div class=\"w-btn-wrapper align_none\"><a class=\"w-btn us-btn-style_1\" href=\"https:\/\/www.tablaosflamencos.com\/de\/tablao\/tablao-flamenco-la-cantaora\"><span class=\"w-btn-label\">Tablao La Cantaora ansehen<\/span><\/a><\/div><\/div><\/div><\/div><\/div><div class=\"vc_col-sm-6 wpb_column vc_column_container\"><div class=\"vc_column-inner\"><div class=\"wpb_wrapper\"><div class=\"wpb_text_column\"><div class=\"wpb_wrapper\"><h2 id=\"triana\">Triana: \u00fcber den Fluss f\u00fcr eine zus\u00e4tzliche Perspektive<\/h2>\n<p>Ein Flamenco-Aufenthalt in Sevilla bekommt einen anderen Charakter, sobald man den Guadalquivir \u00fcberquert. Triana ist Teil der historischen Erinnerung des Flamenco und bleibt eines der Viertel, in denen viele Besucher bewusst eine andere Erfahrung als im monumentalen Stadtzentrum suchen.<\/p>\n<p><strong>Tablao Flamenco Triana<\/strong>, in der Calle Pureza, bietet ein traditionelles Format mit vier K\u00fcnstlern \u2014 Cante, Gitarre, T\u00e4nzer und T\u00e4nzerin \u2014 in einem kleinen Raum. Das Erlebnis dauert ungef\u00e4hr eine Stunde und l\u00e4sst sich gut mit einem vorherigen Spaziergang \u00fcber den Altozano, die Calle Betis oder am Flussufer kombinieren.<\/p>\n<p>Triana muss nicht als \u201eauthentischere\u201c Alternative zum Zentrum dargestellt werden. Es ist einfach ein anderer Kontext. Wer bereits eine gro\u00dfe Biennale-Produktion im Maestranza, Lope de Vega oder Teatro Central gesehen hat, erlebt an einem anderen Abend in einem kleinen Raum in Triana Flamenco aus einer v\u00f6llig anderen Perspektive.<\/p>\n<\/div><\/div><div class=\"w-separator size_medium\"><\/div><div class=\"w-hwrapper valign_top wrap stack_on_mobiles align_center\" style=\"--hwrapper-gap:1.2rem\"><div class=\"w-btn-wrapper align_none\"><a class=\"w-btn us-btn-style_1\" href=\"https:\/\/www.tablaosflamencos.com\/de\/tablao\/tablao-flamenco-triana\"><span class=\"w-btn-label\">Tablao Flamenco Triana ansehen<\/span><\/a><\/div><div class=\"w-btn-wrapper align_none\"><a class=\"w-btn us-btn-style_1\" href=\"https:\/\/www.tablaosflamencos.com\/de\/flamenco-in-triana\"><span class=\"w-btn-label\">Mehr Flamenco in Triana ansehen<\/span><\/a><\/div><\/div><\/div><\/div><\/div><\/div><\/div><\/section><section class=\"l-section wpb_row height_huge\"><div class=\"l-section-h i-cf\"><div class=\"g-cols vc_row via_flex valign_top type_default stacking_default\"><div class=\"vc_col-sm-12 wpb_column vc_column_container\"><div class=\"vc_column-inner\"><div class=\"wpb_wrapper\"><div class=\"wpb_text_column\"><div class=\"wpb_wrapper\"><h2 id=\"comparativa\">Flamenco-Optionen au\u00dferhalb der Biennale auf einen Blick<\/h2>\n<div style=\"overflow-x: auto;\">\n<table>\n<thead>\n<tr>\n<th>Gebiet<\/th>\n<th>Option<\/th>\n<th>Ungef\u00e4hres Format<\/th>\n<th>Passt zu Ihnen, wenn&#8230;<\/th>\n<\/tr>\n<\/thead>\n<tbody>\n<tr>\n<td>Las Setas<\/td>\n<td><strong>Tablao Flamenco Las Setas<\/strong><\/td>\n<td>\u2248 60 Min. \u00b7 mehrere Vorstellungen<\/td>\n<td>Sie flexible Uhrzeiten und eine zentrale Lage suchen<\/td>\n<\/tr>\n<tr>\n<td>Santa Cruz<\/td>\n<td><strong>El Jard\u00edn de Murillo<\/strong><\/td>\n<td>\u2248 60 Min. \u00b7 Cante, Gitarre und Tanz<\/td>\n<td>Sie vom Alc\u00e1zar, der Kathedrale oder Santa Cruz kommen<\/td>\n<\/tr>\n<tr>\n<td>Zentrum<\/td>\n<td><strong>Casa Duende Tablao<\/strong><\/td>\n<td>\u2248 50\u201360 Min. \u00b7 kleiner Saal<\/td>\n<td>Sie maximale N\u00e4he und einen intimen Rahmen w\u00fcnschen<\/td>\n<\/tr>\n<tr>\n<td>Arenal \/ Zaragoza<\/td>\n<td><strong>Casa Inquieta<\/strong><\/td>\n<td>\u2248 60 Min. \u00b7 f\u00fcnf K\u00fcnstler<\/td>\n<td>Sie historische R\u00e4ume besonders ansprechen<\/td>\n<\/tr>\n<tr>\n<td>Plaza Nueva<\/td>\n<td><strong>La Cantaora<\/strong><\/td>\n<td>\u2248 60 Min. \u00b7 gastronomische Optionen<\/td>\n<td>Sie Abendessen und Show verbinden m\u00f6chten<\/td>\n<\/tr>\n<tr>\n<td>Triana<\/td>\n<td><strong>Tablao Flamenco Triana<\/strong><\/td>\n<td>\u2248 60 Min. \u00b7 vier K\u00fcnstler<\/td>\n<td>Sie einen Abend auf der anderen Flussseite erg\u00e4nzen m\u00f6chten<\/td>\n<\/tr>\n<\/tbody>\n<\/table>\n<\/div>\n<\/div><\/div><\/div><\/div><\/div><\/div><\/div><\/section><section class=\"l-section wpb_row height_huge color_alternate with_shape\"><div class=\"l-section-shape type_zigzag pos_top hor_flip\" style=\"height:3vmin;\"><svg xmlns=\"http:\/\/www.w3.org\/2000\/svg\" viewBox=\"0 0 64 8\" preserveAspectRatio=\"none\" width=\"100%\" height=\"100%\">\r\n\t<path fill=\"currentColor\" d=\"M64 8 L0 8 L0 0 L20 7.9 L40 3 L48 5 L64 0 Z\"\/>\r\n<\/svg><\/div><div class=\"l-section-shape type_zigzag pos_bottom\" style=\"height:3vmin;\"><svg xmlns=\"http:\/\/www.w3.org\/2000\/svg\" viewBox=\"0 0 64 8\" preserveAspectRatio=\"none\" width=\"100%\" height=\"100%\">\r\n\t<path fill=\"currentColor\" d=\"M64 8 L0 8 L0 0 L20 7.9 L40 3 L48 5 L64 0 Z\"\/>\r\n<\/svg><\/div><div class=\"l-section-h i-cf\"><div class=\"g-cols vc_row via_flex valign_top type_default stacking_default\"><div class=\"vc_col-sm-12 wpb_column vc_column_container\"><div class=\"vc_column-inner\"><div class=\"wpb_wrapper\"><div class=\"g-cols wpb_row via_flex valign_top type_default stacking_default\"><div class=\"vc_col-sm-6 wpb_column vc_column_container\"><div class=\"vc_column-inner\"><div class=\"wpb_wrapper\"><div class=\"wpb_text_column\"><div class=\"wpb_wrapper\"><h2 id=\"combinar\">Biennale und Tablao kombinieren, ohne die Reise zum Wettlauf zu machen<\/h2>\n<h3>Option 1: ein Biennale-Abend und ein anderer Abend im Tablao<\/h3>\n<p>Das ist die einfachste und wahrscheinlich empfehlenswerteste Variante. W\u00e4hlen Sie ein oder zwei offizielle Produktionen, die Sie wirklich interessieren, und reservieren Sie einen anderen Abend f\u00fcr einen Tablao. So k\u00f6nnen Sie in Ruhe das gro\u00dfe B\u00fchnenformat mit der N\u00e4he des Live-Erlebnisses vergleichen.<\/p>\n<h3>Option 2: Einzigartige Matinee + Tablao am Nachmittag oder Abend<\/h3>\n<p>Die Einzigartigen Matineen in San Luis de los Franceses beginnen mittags. An diesen Tagen k\u00f6nnen Sie den Rest des Tages frei lassen, in Ruhe essen, die Stadt erkunden und sp\u00e4ter einen Tablao besuchen, ohne dass sich die Erlebnisse \u00fcberschneiden.<\/p>\n<\/div><\/div><\/div><\/div><\/div><div class=\"vc_col-sm-6 wpb_column vc_column_container\"><div class=\"vc_column-inner\"><div class=\"wpb_wrapper\"><div class=\"wpb_text_column\"><div class=\"wpb_wrapper\"><h2>Weitere m\u00f6gliche Kombinationen<\/h2>\n<h3>Option 3: kostenlose Tagesaktivit\u00e4t + Tablao<\/h3>\n<p>Das Rahmenprogramm umfasst kostenlose oder reservierungspflichtige Aktivit\u00e4ten. Eine Ausstellung, ein Workshop oder eine Tagesaktivit\u00e4t zusammen mit einem Tablao am Abend kann einen kompletten Flamenco-Tag ergeben, ohne von einer gro\u00dfen offiziellen Produktion abh\u00e4ngig zu sein.<\/p>\n<h3>Option 4: wenn Ihre offizielle Vorstellung ausverkauft ist<\/h3>\n<p>Wenn es f\u00fcr die gew\u00fcnschte Show keine Tickets mehr gibt, ist der Tablao nicht mehr nur eine Erg\u00e4nzung und kann zur Hauptoption des Abends werden. Dann sollte die tats\u00e4chliche Verf\u00fcgbarkeit Priorit\u00e4t haben: Pr\u00fcfen Sie zuerst, welche R\u00e4ume noch Pl\u00e4tze haben, und vergleichen Sie danach Lage und Format.<\/p>\n<\/div><\/div><\/div><\/div><\/div><\/div><div class=\"w-separator size_medium\"><\/div><div class=\"w-hwrapper valign_top wrap stack_on_mobiles align_center\" style=\"--hwrapper-gap:1.2rem\"><div class=\"w-btn-wrapper align_none\"><a class=\"w-btn us-btn-style_1\" href=\"https:\/\/www.tablaosflamencos.com\/de\/flamenco-biennale-ausverkauft-flamenco-heute-sevilla.html\"><span class=\"w-btn-label\">Was tun, wenn die Biennale ausverkauft ist?<\/span><\/a><\/div><div class=\"w-btn-wrapper align_none\"><a class=\"w-btn us-btn-style_1\" href=\"https:\/\/www.tablaosflamencos.com\/de\/flamenco-biennale-sevilla-2026-kostenlos.html\"><span class=\"w-btn-label\">Kostenlose Aktivit\u00e4ten ansehen<\/span><\/a><\/div><\/div><\/div><\/div><\/div><\/div><\/div><\/section><section class=\"l-section wpb_row height_huge\"><div class=\"l-section-h i-cf\"><div class=\"g-cols vc_row via_flex valign_top type_default stacking_default\"><div class=\"vc_col-sm-6 wpb_column vc_column_container\"><div class=\"vc_column-inner\"><div class=\"wpb_wrapper\"><div class=\"wpb_text_column\"><div class=\"wpb_wrapper\"><h2 id=\"elegir\">Was je nach gew\u00fcnschtem Erlebnis w\u00e4hlen?<\/h2>\n<ul>\n<li><strong>Flexible Uhrzeiten:<\/strong> Pr\u00fcfen Sie zuerst die Optionen mit mehreren t\u00e4glichen Vorstellungen im Zentrum.<\/li>\n<li><strong>Ein besonders kleiner Raum:<\/strong> Casa Duende arbeitet in einem sehr intimen Rahmen.<\/li>\n<li><strong>Architektur und historisches Ambiente:<\/strong> Casa Inquieta bietet den Rahmen eines Stadtpalais aus dem 19. Jahrhundert.<\/li>\n<li><strong>Flamenco + Gastronomie:<\/strong> La Cantaora verbindet die Show mit verschiedenen Essens- oder Dinner-Optionen.<\/li>\n<li><strong>Ein Plan nach Alc\u00e1zar und Santa Cruz:<\/strong> El Jard\u00edn de Murillo reduziert Wege und h\u00e4lt den ganzen Tag im historischen Zentrum.<\/li>\n<li><strong>Ein Abend in Triana:<\/strong> Tablao Flamenco Triana verbindet einen Spaziergang durch das Viertel und eine Show in derselben Gegend.<\/li>\n<\/ul>\n<p>Die Wahl sollte nicht nur davon abh\u00e4ngen, welcher Ort \u201eam besten\u201c wirkt. W\u00e4hrend der Biennale ist die Nachfrage hoch, sodass eine realistische Kombination aus <strong>Verf\u00fcgbarkeit + Gegend + Uhrzeit + Art des Erlebnisses<\/strong> meist zu einem wesentlich zufriedenstellenderen Plan f\u00fchrt als die Fixierung auf einen einzigen Namen.<\/p>\n<\/div><\/div><\/div><\/div><\/div><div class=\"vc_col-sm-6 wpb_column vc_column_container\"><div class=\"vc_column-inner\"><div class=\"wpb_wrapper\"><div class=\"wpb_text_column\"><div class=\"wpb_wrapper\"><h2 id=\"reservar\">W\u00e4hrend der Biennale sollte man auch Tablaos reservieren<\/h2>\n<p>Die hohe Zahl von Aficionados, Fachleuten und Besuchern im September sorgt in Sevilla f\u00fcr eine deutlich h\u00f6here Flamenco-Nachfrage als gew\u00f6hnlich. Nicht nur offizielle Vorstellungen sind ausverkauft: Auch bekannte Tablaos k\u00f6nnen einzelne Vorstellungen f\u00fcllen, besonders an Wochenenden und zu den wichtigsten Abendzeiten.<\/p>\n<p>Wenn Sie bereits wissen, welchen Tag Sie f\u00fcr einen Tablao freihalten m\u00f6chten, m\u00fcssen Sie nicht warten, bis Sie in Sevilla sind. Pr\u00fcfen Sie die Verf\u00fcgbarkeit, w\u00e4hlen Sie die Uhrzeit und reservieren Sie. In kleinen R\u00e4umen ist das noch wichtiger.<\/p>\n<p>Planen Sie au\u00dferdem etwas Puffer zwischen Ihren Aktivit\u00e4ten ein. Wenn Sie von einer Biennale-Vorstellung kommen, ber\u00fccksichtigen Sie Fahrtzeit, das Verlassen des Spielorts und eine entspannte Ankunft im Tablao. 15\u201320 Minuten vor Beginn einzutreffen ist in diesen H\u00e4usern eine \u00fcbliche Empfehlung.<\/p>\n<p>Wenn Sie noch nicht wissen, welchen Tablao Sie w\u00e4hlen sollen, beginnen Sie am besten auf der Seite <strong>Flamenco in Sevilla<\/strong>, grenzen Sie die Auswahl nach Gegend ein und \u00f6ffnen Sie nur die Optionen, die an Ihrem Datum verf\u00fcgbar sind.<\/p>\n<\/div><\/div><div class=\"w-separator size_medium\"><\/div><div class=\"w-hwrapper valign_top wrap stack_on_mobiles align_center\" style=\"--hwrapper-gap:1.2rem\"><div class=\"w-btn-wrapper align_none\"><a class=\"w-btn us-btn-style_1\" href=\"https:\/\/www.tablaosflamencos.com\/de\/flamenco-in-sevilla\"><span class=\"w-btn-label\">Tablaos in Sevilla vergleichen<\/span><\/a><\/div><div class=\"w-btn-wrapper align_none\"><a class=\"w-btn us-btn-style_1\" href=\"https:\/\/www.tablaosflamencos.com\/de\/flamenco-biennale-sevilla-2026-tickets-preise-rabatte.html\"><span class=\"w-btn-label\">Biennale 2026: Tickets, Preise und Rabatte<\/span><\/a><\/div><\/div><\/div><\/div><\/div><\/div><\/div><\/section><section class=\"l-section wpb_row height_huge color_alternate with_shape\"><div class=\"l-section-shape type_zigzag pos_top\" style=\"height:3vmin;\"><svg xmlns=\"http:\/\/www.w3.org\/2000\/svg\" viewBox=\"0 0 64 8\" preserveAspectRatio=\"none\" width=\"100%\" height=\"100%\">\r\n\t<path fill=\"currentColor\" d=\"M64 8 L0 8 L0 0 L20 7.9 L40 3 L48 5 L64 0 Z\"\/>\r\n<\/svg><\/div><div class=\"l-section-shape type_zigzag pos_bottom\" style=\"height:3vmin;\"><svg xmlns=\"http:\/\/www.w3.org\/2000\/svg\" viewBox=\"0 0 64 8\" preserveAspectRatio=\"none\" width=\"100%\" height=\"100%\">\r\n\t<path fill=\"currentColor\" d=\"M64 8 L0 8 L0 0 L20 7.9 L40 3 L48 5 L64 0 Z\"\/>\r\n<\/svg><\/div><div class=\"l-section-h i-cf\"><div class=\"g-cols vc_row via_flex valign_top type_default stacking_default\"><div class=\"vc_col-sm-12 wpb_column vc_column_container\"><div class=\"vc_column-inner\"><div class=\"wpb_wrapper\"><div class=\"wpb_text_column\"><div class=\"wpb_wrapper\"><h2 style=\"text-align: center;\">Der beste Flamenco-Besuch in Sevilla muss sich nicht auf das offizielle Programm beschr\u00e4nken<\/h2>\n<p style=\"text-align: center;\">Die Flamenco-Biennale ist gerade deshalb au\u00dfergew\u00f6hnlich, weil sie innerhalb weniger Wochen eine Menge an Kreation b\u00fcndelt, die zu kaum einem anderen Zeitpunkt zu finden ist. Gleichzeitig h\u00e4lt Sevilla sein Netzwerk aus Tablaos, S\u00e4len und regelm\u00e4\u00dfigen Shows aufrecht.<\/p>\n<p style=\"text-align: center;\">Die Kombination beider Formate hilft, die Stadt besser zu verstehen: An einem Tag sehen Sie eine gro\u00dfe Produktion, die f\u00fcr Maestranza, Lope de Vega oder einen historischen Spielort entwickelt wurde; an einem anderen Abend sitzen Sie nur wenige Meter von einem S\u00e4nger, einer Gitarre und einem Tanz entfernt, ganz ohne gro\u00dfe B\u00fchneninszenierung.<\/p>\n<p style=\"text-align: center;\"><strong>Es geht nicht darum, zwischen Biennale und Tablao zu w\u00e4hlen. Im September 2026 kann gerade das Erleben beider Formate am interessantesten sein.<\/strong><\/p>\n<\/div><\/div><\/div><\/div><\/div><\/div><\/div><\/section><section class=\"l-section wpb_row height_huge with_shape\"><div class=\"l-section-shape type_zigzag pos_bottom\" style=\"height:3vmin;\"><svg xmlns=\"http:\/\/www.w3.org\/2000\/svg\" viewBox=\"0 0 64 8\" preserveAspectRatio=\"none\" width=\"100%\" height=\"100%\">\r\n\t<path fill=\"currentColor\" d=\"M64 8 L0 8 L0 0 L20 7.9 L40 3 L48 5 L64 0 Z\"\/>\r\n<\/svg><\/div><div class=\"l-section-h i-cf\"><div class=\"g-cols vc_row via_flex valign_top type_default stacking_default\"><div class=\"vc_col-sm-1\/5 wpb_column vc_column_container\"><div class=\"vc_column-inner\"><div class=\"wpb_wrapper\"><\/div><\/div><\/div><div class=\"vc_col-sm-3\/5 wpb_column vc_column_container\"><div class=\"vc_column-inner\"><div class=\"wpb_wrapper\"><div class=\"wpb_text_column\"><div class=\"wpb_wrapper\"><h2 id=\"faq\" style=\"text-align: center;\">H\u00e4ufige Fragen dazu, wo man w\u00e4hrend der Biennale Flamenco in Sevilla sehen kann<\/h2>\n<\/div><\/div><div class=\"w-separator size_medium\"><\/div><div class=\"w-tabs accordion toggle_style_1 has_scrolling\" style=\"--sections-title-size:inherit;--sections-gap:0.5rem;\"><div class=\"w-tabs-sections titles-align_none icon_chevron cpos_right\"><div class=\"w-tabs-section\" id=\"z340\"><button type=\"button\" class=\"w-tabs-section-header\" aria-controls=\"content-z340\" aria-expanded=\"false\"><div class=\"w-tabs-section-title\">Kann man in Sevilla auch au\u00dferhalb des offiziellen Biennale-Programms Flamenco sehen?<\/div><div class=\"w-tabs-section-control\"><\/div><\/button><div  class=\"w-tabs-section-content\" id=\"content-z340\"><div class=\"w-tabs-section-content-h i-cf\"><div class=\"wpb_text_column\"><div class=\"wpb_wrapper\"><p>Ja. Die Flamenco-Tablaos in Sevilla behalten w\u00e4hrend der Biennale ihre regul\u00e4ren Programme bei. Im Zentrum, in Santa Cruz, Arenal, Plaza Nueva, Triana und weiteren Stadtteilen k\u00f6nnen Shows mit Cante, Gitarre und Tanz reserviert werden.<\/p>\n<\/div><\/div><\/div><\/div><\/div><div class=\"w-tabs-section\" id=\"g447\"><button type=\"button\" class=\"w-tabs-section-header\" aria-controls=\"content-g447\" aria-expanded=\"false\"><div class=\"w-tabs-section-title\">Ist die Biennale oder ein Tablao besser?<\/div><div class=\"w-tabs-section-control\"><\/div><\/button><div  class=\"w-tabs-section-content\" id=\"content-g447\"><div class=\"w-tabs-section-content-h i-cf\"><div class=\"wpb_text_column\"><div class=\"wpb_wrapper\"><p>Es sind unterschiedliche Erlebnisse. Die Biennale steht f\u00fcr gro\u00dfe Produktionen, Premieren und Projekte f\u00fcr bestimmte Spielorte; der Tablao bietet N\u00e4he, ein kleineres Format und eine direktere Beziehung zwischen K\u00fcnstlern und Publikum. Wenn es die Reise erlaubt, ist die Kombination beider am vollst\u00e4ndigsten.<\/p>\n<\/div><\/div><\/div><\/div><\/div><div class=\"w-tabs-section\" id=\"k524\"><button type=\"button\" class=\"w-tabs-section-header\" aria-controls=\"content-k524\" aria-expanded=\"false\"><div class=\"w-tabs-section-title\">Welcher Tablao liegt g\u00fcnstig, wenn ich Santa Cruz und den Alc\u00e1zar besuche?<\/div><div class=\"w-tabs-section-control\"><\/div><\/button><div  class=\"w-tabs-section-content\" id=\"content-k524\"><div class=\"w-tabs-section-content-h i-cf\"><div class=\"wpb_text_column\"><div class=\"wpb_wrapper\"><p>El Jard\u00edn de Murillo liegt am Paseo de Catalina de Ribera und sehr nah am Viertel Santa Cruz, am Alc\u00e1zar, der Kathedrale und der Giralda. Dadurch l\u00e4sst sich der ganze Tag besonders bequem im historischen Zentrum verbringen.<\/p>\n<\/div><\/div><\/div><\/div><\/div><div class=\"w-tabs-section\" id=\"f5fb\"><button type=\"button\" class=\"w-tabs-section-header\" aria-controls=\"content-f5fb\" aria-expanded=\"false\"><div class=\"w-tabs-section-title\">Wo kann ich w\u00e4hrend der Biennale in Triana Flamenco sehen?<\/div><div class=\"w-tabs-section-control\"><\/div><\/button><div  class=\"w-tabs-section-content\" id=\"content-f5fb\"><div class=\"w-tabs-section-content-h i-cf\"><div class=\"wpb_text_column\"><div class=\"wpb_wrapper\"><p>Triana verf\u00fcgt \u00fcber ein stabiles Flamenco-Angebot. Tablao Flamenco Triana in der Calle Pureza ist eine der Optionen; auf unserer Seite Flamenco in Triana finden Sie weitere M\u00f6glichkeiten zum Vergleich nach Datum.<\/p>\n<\/div><\/div><\/div><\/div><\/div><div class=\"w-tabs-section\" id=\"p6dd\"><button type=\"button\" class=\"w-tabs-section-header\" aria-controls=\"content-p6dd\" aria-expanded=\"false\"><div class=\"w-tabs-section-title\">Gibt es w\u00e4hrend der Biennale Tablaos mit Abendessen?<\/div><div class=\"w-tabs-section-control\"><\/div><\/button><div  class=\"w-tabs-section-content\" id=\"content-p6dd\"><div class=\"w-tabs-section-content-h i-cf\"><div class=\"wpb_text_column\"><div class=\"wpb_wrapper\"><p>Ja. Einige Angebote enthalten Tapas, Verkostungen, Getr\u00e4nke oder ein komplettes Abendessen. La Cantaora bietet zum Beispiel Varianten, die Show und Gastronomie in einer Reservierung verbinden.<\/p>\n<\/div><\/div><\/div><\/div><\/div><div class=\"w-tabs-section\" id=\"u7c1\"><button type=\"button\" class=\"w-tabs-section-header\" aria-controls=\"content-u7c1\" aria-expanded=\"false\"><div class=\"w-tabs-section-title\">Wie lange dauert eine Tablao-Show in Sevilla normalerweise?<\/div><div class=\"w-tabs-section-control\"><\/div><\/button><div  class=\"w-tabs-section-content\" id=\"content-u7c1\"><div class=\"w-tabs-section-content-h i-cf\"><div class=\"wpb_text_column\"><div class=\"wpb_wrapper\"><p>Viele der in diesem Guide genannten Shows dauern ungef\u00e4hr 50 bis 60 Minuten. Die genaue Dauer h\u00e4ngt vom Tablao und der gebuchten Variante ab; pr\u00fcfen Sie daher vor dem Kauf immer die jeweilige Beschreibung.<\/p>\n<\/div><\/div><\/div><\/div><\/div><div class=\"w-tabs-section\" id=\"l8ad\"><button type=\"button\" class=\"w-tabs-section-header\" aria-controls=\"content-l8ad\" aria-expanded=\"false\"><div class=\"w-tabs-section-title\">Kann ich in einen Tablao gehen, wenn meine Biennale-Vorstellung ausverkauft ist?<\/div><div class=\"w-tabs-section-control\"><\/div><\/button><div  class=\"w-tabs-section-content\" id=\"content-l8ad\"><div class=\"w-tabs-section-content-h i-cf\"><div class=\"wpb_text_column\"><div class=\"wpb_wrapper\"><p>Ja. Pr\u00fcfen Sie zun\u00e4chst, ob es eine andere offizielle Vorstellung mit verf\u00fcgbaren Pl\u00e4tzen gibt. Wenn keine passt, ist ein Tablao mit Verf\u00fcgbarkeit an diesem Abend eine unmittelbare Alternative und vor allem eine andere Art, Flamenco zu erleben \u2014 keine verkleinerte Kopie der verpassten Show.<\/p>\n<\/div><\/div><\/div><\/div><\/div><div class=\"w-tabs-section\" id=\"f97c\"><button type=\"button\" class=\"w-tabs-section-header\" aria-controls=\"content-f97c\" aria-expanded=\"false\"><div class=\"w-tabs-section-title\">Sollte ich den Tablao w\u00e4hrend der Biennale im Voraus reservieren?<\/div><div class=\"w-tabs-section-control\"><\/div><\/button><div  class=\"w-tabs-section-content\" id=\"content-f97c\"><div class=\"w-tabs-section-content-h i-cf\"><div class=\"wpb_text_column\"><div class=\"wpb_wrapper\"><p>Ja. Im September ist die Flamenco-Nachfrage in Sevilla au\u00dfergew\u00f6hnlich hoch, und kleinere S\u00e4le k\u00f6nnen bei bestimmten Vorstellungen voll werden. Wenn Sie das Datum bereits kennen, empfiehlt es sich, Verf\u00fcgbarkeit zu pr\u00fcfen und zu reservieren.<\/p>\n<\/div><\/div><\/div><\/div><\/div><div class=\"w-tabs-section\" id=\"ba5c\"><button type=\"button\" class=\"w-tabs-section-header\" aria-controls=\"content-ba5c\" aria-expanded=\"false\"><div class=\"w-tabs-section-title\">Kann man am selben Tag eine Einzigartige Matinee und einen Tablao kombinieren?<\/div><div class=\"w-tabs-section-control\"><\/div><\/button><div  class=\"w-tabs-section-content\" id=\"content-ba5c\"><div class=\"w-tabs-section-content-h i-cf\"><div class=\"wpb_text_column\"><div class=\"wpb_wrapper\"><p>Ja. Die Einzigartigen Matineen finden mittags statt, sodass danach Zeit zum Essen, Erkunden der Stadt und f\u00fcr einen sp\u00e4teren Tablao-Besuch bleibt. Das ist eine der bequemsten Kombinationen f\u00fcr einen ganzen Flamenco-Tag, ohne zwei Abendvorstellungen direkt aneinanderzureihen.<\/p>\n<\/div><\/div><\/div><\/div><\/div><div class=\"w-tabs-section\" id=\"hb7c\"><button type=\"button\" class=\"w-tabs-section-header\" aria-controls=\"content-hb7c\" aria-expanded=\"false\"><div class=\"w-tabs-section-title\">Wo kann ich Tablaos und Verf\u00fcgbarkeit in Sevilla vergleichen?<\/div><div class=\"w-tabs-section-control\"><\/div><\/button><div  class=\"w-tabs-section-content\" id=\"content-hb7c\"><div class=\"w-tabs-section-content-h i-cf\"><div class=\"wpb_text_column\"><div class=\"wpb_wrapper\"><p>Auf der Seite Flamenco in Sevilla von Tablaos Flamencos k\u00f6nnen Sie die verf\u00fcgbaren Optionen der Stadt ansehen, die einzelnen Eintr\u00e4ge \u00f6ffnen und Format, Lage und Verf\u00fcgbarkeit vor der Reservierung vergleichen.<\/p>\n<\/div><\/div><\/div><\/div><\/div><\/div><\/div><\/div><\/div><\/div><div class=\"vc_col-sm-1\/5 wpb_column vc_column_container\"><div class=\"vc_column-inner\"><div class=\"wpb_wrapper\"><\/div><\/div><\/div><\/div><\/div><\/section>\n","protected":false},"excerpt":{"rendered":"<p>Guide f\u00fcr Flamenco in Sevilla w\u00e4hrend der Biennale 2026 au\u00dferhalb des offiziellen Programms: Tablaos, Viertel, Formate und wie sich beide Erlebnisse kombinieren lassen.<\/p>\n","protected":false},"author":1,"featured_media":14269,"comment_status":"closed","ping_status":"closed","sticky":false,"template":"","format":"standard","meta":{"_acf_changed":false,"wpai_generated_summary":"","_ayudawp_aiss_exclude":false,"_ayudawp_aiss_exclude_summary":false,"_ayudawp_aiss_summary":"","_ayudawp_aiss_summary_provider":"","_ayudawp_aiss_summary_hash":"","footnotes":""},"categories":[1431],"tags":[1244,1245,1246,1247,1166,405,1248],"class_list":["post-14284","post","type-post","status-publish","format-standard","has-post-thumbnail","hentry","category-flamenco-biennale","tag-agenda-flamenca","tag-bienal-2026","tag-bienal-de-flamenco","tag-festivales-flamencos","tag-flamenco-en-sevilla","tag-sevilla","tag-tablaos-de-sevilla"],"acf":[],"yoast_head":"<!-- This site is optimized with the Yoast SEO Premium plugin v28.4 (Yoast SEO v28.4) - https:\/\/yoast.com\/product\/yoast-seo-premium-wordpress\/ -->\n<title>Flamenco in Sevilla w\u00e4hrend der Biennale 2026: wo sehen<\/title>\n<meta name=\"description\" content=\"Wo Sie w\u00e4hrend der Flamenco-Biennale Sevilla 2026 au\u00dferhalb des offiziellen Programms Flamenco sehen: Tablaos, Viertel, Formate und Kombinationen.\" \/>\n<meta name=\"robots\" content=\"index, follow, max-snippet:-1, max-image-preview:large, max-video-preview:-1\" \/>\n<link rel=\"canonical\" href=\"https:\/\/www.tablaosflamencos.com\/de\/flamenco-sevilla-biennale-2026-shows-ausserhalb-offizielles-programm.html\" \/>\n<meta property=\"og:locale\" content=\"de_DE\" \/>\n<meta property=\"og:type\" content=\"article\" \/>\n<meta property=\"og:title\" content=\"Flamenco in Sevilla w\u00e4hrend der Biennale: Shows au\u00dferhalb des offiziellen Programms\" \/>\n<meta property=\"og:description\" content=\"Wo Sie w\u00e4hrend der Flamenco-Biennale Sevilla 2026 au\u00dferhalb des offiziellen Programms Flamenco sehen: Tablaos, Viertel, Formate und Kombinationen.\" \/>\n<meta property=\"og:url\" content=\"https:\/\/www.tablaosflamencos.com\/de\/flamenco-sevilla-biennale-2026-shows-ausserhalb-offizielles-programm.html\" \/>\n<meta property=\"og:site_name\" content=\"Tablaos Flamencos\" \/>\n<meta property=\"article:publisher\" content=\"https:\/\/www.facebook.com\/tablaosflamencos\" \/>\n<meta property=\"article:published_time\" content=\"2026-09-03T20:54:58+00:00\" \/>\n<meta property=\"article:modified_time\" content=\"2026-09-03T21:46:54+00:00\" \/>\n<meta property=\"og:image\" content=\"https:\/\/www.tablaosflamencos.com\/wp-content\/uploads\/flamenco-en-sevilla-durante-la-bienal-donde-ver-espectaculos-ademas-de-la-programacion-oficial-01.webp\" \/>\n\t<meta property=\"og:image:width\" content=\"1672\" \/>\n\t<meta property=\"og:image:height\" content=\"941\" \/>\n\t<meta property=\"og:image:type\" content=\"image\/webp\" \/>\n<meta name=\"author\" content=\"Miguel Ortiz\" \/>\n<meta name=\"twitter:card\" content=\"summary_large_image\" \/>\n<meta name=\"twitter:creator\" content=\"@tablaosflamenco\" \/>\n<meta name=\"twitter:site\" content=\"@tablaosflamenco\" \/>\n<meta name=\"twitter:label1\" content=\"Verfasst von\" \/>\n\t<meta name=\"twitter:data1\" content=\"Miguel Ortiz\" \/>\n\t<meta name=\"twitter:label2\" content=\"Gesch\u00e4tzte Lesezeit\" \/>\n\t<meta name=\"twitter:data2\" content=\"19\u00a0Minuten\" \/>\n<script type=\"application\/ld+json\" class=\"yoast-schema-graph\">{\"@context\":\"https:\\\/\\\/schema.org\",\"@graph\":[{\"@type\":\"Article\",\"@id\":\"https:\\\/\\\/www.tablaosflamencos.com\\\/de\\\/flamenco-sevilla-biennale-2026-shows-ausserhalb-offizielles-programm.html#article\",\"isPartOf\":{\"@id\":\"https:\\\/\\\/www.tablaosflamencos.com\\\/de\\\/flamenco-sevilla-biennale-2026-shows-ausserhalb-offizielles-programm.html\"},\"author\":{\"name\":\"Miguel Ortiz\",\"@id\":\"https:\\\/\\\/www.tablaosflamencos.com\\\/de#\\\/schema\\\/person\\\/e7a9ebe14eb75a52ceabfbffb3c54f5d\"},\"headline\":\"Flamenco in Sevilla w\u00e4hrend der Biennale: Shows au\u00dferhalb des offiziellen Programms\",\"datePublished\":\"2026-09-03T20:54:58+00:00\",\"dateModified\":\"2026-09-03T21:46:54+00:00\",\"mainEntityOfPage\":{\"@id\":\"https:\\\/\\\/www.tablaosflamencos.com\\\/de\\\/flamenco-sevilla-biennale-2026-shows-ausserhalb-offizielles-programm.html\"},\"wordCount\":3816,\"publisher\":{\"@id\":\"https:\\\/\\\/www.tablaosflamencos.com\\\/de#organization\"},\"image\":{\"@id\":\"https:\\\/\\\/www.tablaosflamencos.com\\\/de\\\/flamenco-sevilla-biennale-2026-shows-ausserhalb-offizielles-programm.html#primaryimage\"},\"thumbnailUrl\":\"https:\\\/\\\/www.tablaosflamencos.com\\\/wp-content\\\/uploads\\\/flamenco-en-sevilla-durante-la-bienal-donde-ver-espectaculos-ademas-de-la-programacion-oficial-01.webp\",\"keywords\":[\"agenda flamenca\",\"Bienal 2026\",\"Bienal de Flamenco\",\"festivales flamencos\",\"flamenco en Sevilla\",\"sevilla\",\"tablaos de Sevilla\"],\"articleSection\":[\"Flamenco-Biennale\"],\"inLanguage\":\"de\"},{\"@type\":\"WebPage\",\"@id\":\"https:\\\/\\\/www.tablaosflamencos.com\\\/de\\\/flamenco-sevilla-biennale-2026-shows-ausserhalb-offizielles-programm.html\",\"url\":\"https:\\\/\\\/www.tablaosflamencos.com\\\/de\\\/flamenco-sevilla-biennale-2026-shows-ausserhalb-offizielles-programm.html\",\"name\":\"Flamenco in Sevilla w\u00e4hrend der Biennale 2026: wo sehen\",\"isPartOf\":{\"@id\":\"https:\\\/\\\/www.tablaosflamencos.com\\\/de#website\"},\"primaryImageOfPage\":{\"@id\":\"https:\\\/\\\/www.tablaosflamencos.com\\\/de\\\/flamenco-sevilla-biennale-2026-shows-ausserhalb-offizielles-programm.html#primaryimage\"},\"image\":{\"@id\":\"https:\\\/\\\/www.tablaosflamencos.com\\\/de\\\/flamenco-sevilla-biennale-2026-shows-ausserhalb-offizielles-programm.html#primaryimage\"},\"thumbnailUrl\":\"https:\\\/\\\/www.tablaosflamencos.com\\\/wp-content\\\/uploads\\\/flamenco-en-sevilla-durante-la-bienal-donde-ver-espectaculos-ademas-de-la-programacion-oficial-01.webp\",\"datePublished\":\"2026-09-03T20:54:58+00:00\",\"dateModified\":\"2026-09-03T21:46:54+00:00\",\"description\":\"Wo Sie w\u00e4hrend der Flamenco-Biennale Sevilla 2026 au\u00dferhalb des offiziellen Programms Flamenco sehen: Tablaos, Viertel, Formate und Kombinationen.\",\"breadcrumb\":{\"@id\":\"https:\\\/\\\/www.tablaosflamencos.com\\\/de\\\/flamenco-sevilla-biennale-2026-shows-ausserhalb-offizielles-programm.html#breadcrumb\"},\"inLanguage\":\"de\",\"potentialAction\":[{\"@type\":\"ReadAction\",\"target\":[\"https:\\\/\\\/www.tablaosflamencos.com\\\/de\\\/flamenco-sevilla-biennale-2026-shows-ausserhalb-offizielles-programm.html\"]}]},{\"@type\":\"ImageObject\",\"inLanguage\":\"de\",\"@id\":\"https:\\\/\\\/www.tablaosflamencos.com\\\/de\\\/flamenco-sevilla-biennale-2026-shows-ausserhalb-offizielles-programm.html#primaryimage\",\"url\":\"https:\\\/\\\/www.tablaosflamencos.com\\\/wp-content\\\/uploads\\\/flamenco-en-sevilla-durante-la-bienal-donde-ver-espectaculos-ademas-de-la-programacion-oficial-01.webp\",\"contentUrl\":\"https:\\\/\\\/www.tablaosflamencos.com\\\/wp-content\\\/uploads\\\/flamenco-en-sevilla-durante-la-bienal-donde-ver-espectaculos-ademas-de-la-programacion-oficial-01.webp\",\"width\":1672,\"height\":941,\"caption\":\"Flamenco en Sevilla durante la Bienal: d\u00f3nde ver espect\u00e1culos adem\u00e1s de la programaci\u00f3n oficial\"},{\"@type\":\"BreadcrumbList\",\"@id\":\"https:\\\/\\\/www.tablaosflamencos.com\\\/de\\\/flamenco-sevilla-biennale-2026-shows-ausserhalb-offizielles-programm.html#breadcrumb\",\"itemListElement\":[{\"@type\":\"ListItem\",\"position\":1,\"name\":\"Home\",\"item\":\"https:\\\/\\\/www.tablaosflamencos.com\\\/de\"},{\"@type\":\"ListItem\",\"position\":2,\"name\":\"Flamenco in Sevilla w\u00e4hrend der Biennale: Shows au\u00dferhalb des offiziellen Programms\"}]},{\"@type\":\"WebSite\",\"@id\":\"https:\\\/\\\/www.tablaosflamencos.com\\\/de#website\",\"url\":\"https:\\\/\\\/www.tablaosflamencos.com\\\/de\",\"name\":\"Tablaos Flamencos\",\"description\":\"Entradas para tablaos flamencos de Espa\u00f1a\",\"publisher\":{\"@id\":\"https:\\\/\\\/www.tablaosflamencos.com\\\/de#organization\"},\"alternateName\":\"Tablaos Flamencos\",\"potentialAction\":[{\"@type\":\"SearchAction\",\"target\":{\"@type\":\"EntryPoint\",\"urlTemplate\":\"https:\\\/\\\/www.tablaosflamencos.com\\\/de?s={search_term_string}\"},\"query-input\":{\"@type\":\"PropertyValueSpecification\",\"valueRequired\":true,\"valueName\":\"search_term_string\"}}],\"inLanguage\":\"de\"},{\"@type\":[\"Organization\",\"Place\",\"EntertainmentBusiness\"],\"@id\":\"https:\\\/\\\/www.tablaosflamencos.com\\\/de#organization\",\"name\":\"Tablaos Flamencos\",\"alternateName\":\"Tablaos Flamencos\",\"url\":\"https:\\\/\\\/www.tablaosflamencos.com\\\/de\",\"logo\":{\"@id\":\"https:\\\/\\\/www.tablaosflamencos.com\\\/de\\\/flamenco-sevilla-biennale-2026-shows-ausserhalb-offizielles-programm.html#local-main-organization-logo\"},\"image\":{\"@id\":\"https:\\\/\\\/www.tablaosflamencos.com\\\/de\\\/flamenco-sevilla-biennale-2026-shows-ausserhalb-offizielles-programm.html#local-main-organization-logo\"},\"sameAs\":[\"https:\\\/\\\/www.facebook.com\\\/tablaosflamencos\",\"https:\\\/\\\/x.com\\\/tablaosflamenco\",\"https:\\\/\\\/mastodon.social\\\/@tablaosflamencos\",\"https:\\\/\\\/www.instagram.com\\\/tablaosflamencos\",\"https:\\\/\\\/tiktok.com\\\/@tablaosflamencos\",\"https:\\\/\\\/www.linkedin.com\\\/company\\\/109408238\\\/\"],\"description\":\"Venta de entradas para espect\u00e1culos flamencos\",\"legalName\":\"Tablaos Flamencos\",\"foundingDate\":\"2015-01-01\",\"numberOfEmployees\":{\"@type\":\"QuantitativeValue\",\"minValue\":\"1\",\"maxValue\":\"10\"},\"address\":{\"@id\":\"https:\\\/\\\/www.tablaosflamencos.com\\\/de\\\/flamenco-sevilla-biennale-2026-shows-ausserhalb-offizielles-programm.html#local-main-place-address\"},\"geo\":{\"@type\":\"GeoCoordinates\",\"latitude\":\"37.3868072\",\"longitude\":\"-5.993280299999999\"},\"telephone\":[\"+34623787787\"],\"contactPoint\":{\"@type\":\"ContactPoint\",\"telephone\":\"+34623787787\",\"email\":\"info@tablaosflamencos.com\"},\"openingHoursSpecification\":{\"@type\":\"OpeningHoursSpecification\",\"dayOfWeek\":[\"Monday\",\"Tuesday\",\"Wednesday\",\"Thursday\",\"Friday\",\"Saturday\",\"Sunday\"],\"opens\":\"00:00\",\"closes\":\"23:59\"},\"email\":\"info@tablaosflamencos.com\",\"priceRange\":\"$$$\",\"currenciesAccepted\":\"\u20ac\"},{\"@type\":\"Person\",\"@id\":\"https:\\\/\\\/www.tablaosflamencos.com\\\/de#\\\/schema\\\/person\\\/e7a9ebe14eb75a52ceabfbffb3c54f5d\",\"name\":\"Miguel Ortiz\",\"description\":\"Miguel Ortiz es un empresario flamenco, con una s\u00f3lida trayectoria dentro del sector. Ha presidido entidades culturales vinculadas al flamenco y, cuenta con un amplio recorrido profesional en la gesti\u00f3n y promoci\u00f3n de espect\u00e1culos y tablaos flamencos. Su pasi\u00f3n por la historia y el arte flamenco se refleja en cada art\u00edculo, donde combina experiencia, criterio y un profundo respeto por la tradici\u00f3n.\",\"sameAs\":[\"https:\\\/\\\/www.tablaosflamencos.com\",\"https:\\\/\\\/www.instagra.com\\\/miguelortizfe\",\"https:\\\/\\\/www.linkedin.com\\\/in\\\/miguelortizf\\\/\"],\"birthDate\":\"1984-11-22\",\"gender\":\"hombre\",\"knowsLanguage\":[\"espa\u00f1ol\",\"ingl\u00e9s\"],\"jobTitle\":\"Empresario flamenco\"},{\"@type\":\"PostalAddress\",\"@id\":\"https:\\\/\\\/www.tablaosflamencos.com\\\/de\\\/flamenco-sevilla-biennale-2026-shows-ausserhalb-offizielles-programm.html#local-main-place-address\",\"streetAddress\":\"C\\\/ Alemanes, 19\",\"addressLocality\":\"Sevilla\",\"postalCode\":\"41004\",\"addressRegion\":\"Sevilla\",\"addressCountry\":\"ES\"},{\"@type\":\"ImageObject\",\"inLanguage\":\"de\",\"@id\":\"https:\\\/\\\/www.tablaosflamencos.com\\\/de\\\/flamenco-sevilla-biennale-2026-shows-ausserhalb-offizielles-programm.html#local-main-organization-logo\",\"url\":\"https:\\\/\\\/www.tablaosflamencos.com\\\/wp-content\\\/uploads\\\/tablaos-flamencos-06-3.webp\",\"contentUrl\":\"https:\\\/\\\/www.tablaosflamencos.com\\\/wp-content\\\/uploads\\\/tablaos-flamencos-06-3.webp\",\"width\":600,\"height\":620,\"caption\":\"Tablaos Flamencos\"}]}<\/script>\n<meta name=\"geo.placename\" content=\"Sevilla\" \/>\n<meta name=\"geo.position\" content=\"37.3868072;-5.993280299999999\" \/>\n<meta name=\"geo.region\" content=\"Spanien\" \/>\n<!-- \/ Yoast SEO Premium plugin. -->","yoast_head_json":{"title":"Flamenco in Sevilla w\u00e4hrend der Biennale 2026: wo sehen","description":"Wo Sie w\u00e4hrend der Flamenco-Biennale Sevilla 2026 au\u00dferhalb des offiziellen Programms Flamenco sehen: Tablaos, Viertel, Formate und Kombinationen.","robots":{"index":"index","follow":"follow","max-snippet":"max-snippet:-1","max-image-preview":"max-image-preview:large","max-video-preview":"max-video-preview:-1"},"canonical":"https:\/\/www.tablaosflamencos.com\/de\/flamenco-sevilla-biennale-2026-shows-ausserhalb-offizielles-programm.html","og_locale":"de_DE","og_type":"article","og_title":"Flamenco in Sevilla w\u00e4hrend der Biennale: Shows au\u00dferhalb des offiziellen Programms","og_description":"Wo Sie w\u00e4hrend der Flamenco-Biennale Sevilla 2026 au\u00dferhalb des offiziellen Programms Flamenco sehen: Tablaos, Viertel, Formate und Kombinationen.","og_url":"https:\/\/www.tablaosflamencos.com\/de\/flamenco-sevilla-biennale-2026-shows-ausserhalb-offizielles-programm.html","og_site_name":"Tablaos Flamencos","article_publisher":"https:\/\/www.facebook.com\/tablaosflamencos","article_published_time":"2026-09-03T20:54:58+00:00","article_modified_time":"2026-09-03T21:46:54+00:00","og_image":[{"width":1672,"height":941,"url":"https:\/\/www.tablaosflamencos.com\/wp-content\/uploads\/flamenco-en-sevilla-durante-la-bienal-donde-ver-espectaculos-ademas-de-la-programacion-oficial-01.webp","type":"image\/webp"}],"author":"Miguel Ortiz","twitter_card":"summary_large_image","twitter_creator":"@tablaosflamenco","twitter_site":"@tablaosflamenco","twitter_misc":{"Verfasst von":"Miguel Ortiz","Gesch\u00e4tzte Lesezeit":"19\u00a0Minuten"},"schema":{"@context":"https:\/\/schema.org","@graph":[{"@type":"Article","@id":"https:\/\/www.tablaosflamencos.com\/de\/flamenco-sevilla-biennale-2026-shows-ausserhalb-offizielles-programm.html#article","isPartOf":{"@id":"https:\/\/www.tablaosflamencos.com\/de\/flamenco-sevilla-biennale-2026-shows-ausserhalb-offizielles-programm.html"},"author":{"name":"Miguel Ortiz","@id":"https:\/\/www.tablaosflamencos.com\/de#\/schema\/person\/e7a9ebe14eb75a52ceabfbffb3c54f5d"},"headline":"Flamenco in Sevilla w\u00e4hrend der Biennale: Shows au\u00dferhalb des offiziellen Programms","datePublished":"2026-09-03T20:54:58+00:00","dateModified":"2026-09-03T21:46:54+00:00","mainEntityOfPage":{"@id":"https:\/\/www.tablaosflamencos.com\/de\/flamenco-sevilla-biennale-2026-shows-ausserhalb-offizielles-programm.html"},"wordCount":3816,"publisher":{"@id":"https:\/\/www.tablaosflamencos.com\/de#organization"},"image":{"@id":"https:\/\/www.tablaosflamencos.com\/de\/flamenco-sevilla-biennale-2026-shows-ausserhalb-offizielles-programm.html#primaryimage"},"thumbnailUrl":"https:\/\/www.tablaosflamencos.com\/wp-content\/uploads\/flamenco-en-sevilla-durante-la-bienal-donde-ver-espectaculos-ademas-de-la-programacion-oficial-01.webp","keywords":["agenda flamenca","Bienal 2026","Bienal de Flamenco","festivales flamencos","flamenco en Sevilla","sevilla","tablaos de Sevilla"],"articleSection":["Flamenco-Biennale"],"inLanguage":"de"},{"@type":"WebPage","@id":"https:\/\/www.tablaosflamencos.com\/de\/flamenco-sevilla-biennale-2026-shows-ausserhalb-offizielles-programm.html","url":"https:\/\/www.tablaosflamencos.com\/de\/flamenco-sevilla-biennale-2026-shows-ausserhalb-offizielles-programm.html","name":"Flamenco in Sevilla w\u00e4hrend der Biennale 2026: wo sehen","isPartOf":{"@id":"https:\/\/www.tablaosflamencos.com\/de#website"},"primaryImageOfPage":{"@id":"https:\/\/www.tablaosflamencos.com\/de\/flamenco-sevilla-biennale-2026-shows-ausserhalb-offizielles-programm.html#primaryimage"},"image":{"@id":"https:\/\/www.tablaosflamencos.com\/de\/flamenco-sevilla-biennale-2026-shows-ausserhalb-offizielles-programm.html#primaryimage"},"thumbnailUrl":"https:\/\/www.tablaosflamencos.com\/wp-content\/uploads\/flamenco-en-sevilla-durante-la-bienal-donde-ver-espectaculos-ademas-de-la-programacion-oficial-01.webp","datePublished":"2026-09-03T20:54:58+00:00","dateModified":"2026-09-03T21:46:54+00:00","description":"Wo Sie w\u00e4hrend der Flamenco-Biennale Sevilla 2026 au\u00dferhalb des offiziellen Programms Flamenco sehen: Tablaos, Viertel, Formate und Kombinationen.","breadcrumb":{"@id":"https:\/\/www.tablaosflamencos.com\/de\/flamenco-sevilla-biennale-2026-shows-ausserhalb-offizielles-programm.html#breadcrumb"},"inLanguage":"de","potentialAction":[{"@type":"ReadAction","target":["https:\/\/www.tablaosflamencos.com\/de\/flamenco-sevilla-biennale-2026-shows-ausserhalb-offizielles-programm.html"]}]},{"@type":"ImageObject","inLanguage":"de","@id":"https:\/\/www.tablaosflamencos.com\/de\/flamenco-sevilla-biennale-2026-shows-ausserhalb-offizielles-programm.html#primaryimage","url":"https:\/\/www.tablaosflamencos.com\/wp-content\/uploads\/flamenco-en-sevilla-durante-la-bienal-donde-ver-espectaculos-ademas-de-la-programacion-oficial-01.webp","contentUrl":"https:\/\/www.tablaosflamencos.com\/wp-content\/uploads\/flamenco-en-sevilla-durante-la-bienal-donde-ver-espectaculos-ademas-de-la-programacion-oficial-01.webp","width":1672,"height":941,"caption":"Flamenco en Sevilla durante la Bienal: d\u00f3nde ver espect\u00e1culos adem\u00e1s de la programaci\u00f3n oficial"},{"@type":"BreadcrumbList","@id":"https:\/\/www.tablaosflamencos.com\/de\/flamenco-sevilla-biennale-2026-shows-ausserhalb-offizielles-programm.html#breadcrumb","itemListElement":[{"@type":"ListItem","position":1,"name":"Home","item":"https:\/\/www.tablaosflamencos.com\/de"},{"@type":"ListItem","position":2,"name":"Flamenco in Sevilla w\u00e4hrend der Biennale: Shows au\u00dferhalb des offiziellen Programms"}]},{"@type":"WebSite","@id":"https:\/\/www.tablaosflamencos.com\/de#website","url":"https:\/\/www.tablaosflamencos.com\/de","name":"Tablaos Flamencos","description":"Entradas para tablaos flamencos de Espa\u00f1a","publisher":{"@id":"https:\/\/www.tablaosflamencos.com\/de#organization"},"alternateName":"Tablaos Flamencos","potentialAction":[{"@type":"SearchAction","target":{"@type":"EntryPoint","urlTemplate":"https:\/\/www.tablaosflamencos.com\/de?s={search_term_string}"},"query-input":{"@type":"PropertyValueSpecification","valueRequired":true,"valueName":"search_term_string"}}],"inLanguage":"de"},{"@type":["Organization","Place","EntertainmentBusiness"],"@id":"https:\/\/www.tablaosflamencos.com\/de#organization","name":"Tablaos Flamencos","alternateName":"Tablaos Flamencos","url":"https:\/\/www.tablaosflamencos.com\/de","logo":{"@id":"https:\/\/www.tablaosflamencos.com\/de\/flamenco-sevilla-biennale-2026-shows-ausserhalb-offizielles-programm.html#local-main-organization-logo"},"image":{"@id":"https:\/\/www.tablaosflamencos.com\/de\/flamenco-sevilla-biennale-2026-shows-ausserhalb-offizielles-programm.html#local-main-organization-logo"},"sameAs":["https:\/\/www.facebook.com\/tablaosflamencos","https:\/\/x.com\/tablaosflamenco","https:\/\/mastodon.social\/@tablaosflamencos","https:\/\/www.instagram.com\/tablaosflamencos","https:\/\/tiktok.com\/@tablaosflamencos","https:\/\/www.linkedin.com\/company\/109408238\/"],"description":"Venta de entradas para espect\u00e1culos flamencos","legalName":"Tablaos Flamencos","foundingDate":"2015-01-01","numberOfEmployees":{"@type":"QuantitativeValue","minValue":"1","maxValue":"10"},"address":{"@id":"https:\/\/www.tablaosflamencos.com\/de\/flamenco-sevilla-biennale-2026-shows-ausserhalb-offizielles-programm.html#local-main-place-address"},"geo":{"@type":"GeoCoordinates","latitude":"37.3868072","longitude":"-5.993280299999999"},"telephone":["+34623787787"],"contactPoint":{"@type":"ContactPoint","telephone":"+34623787787","email":"info@tablaosflamencos.com"},"openingHoursSpecification":{"@type":"OpeningHoursSpecification","dayOfWeek":["Monday","Tuesday","Wednesday","Thursday","Friday","Saturday","Sunday"],"opens":"00:00","closes":"23:59"},"email":"info@tablaosflamencos.com","priceRange":"$$$","currenciesAccepted":"\u20ac"},{"@type":"Person","@id":"https:\/\/www.tablaosflamencos.com\/de#\/schema\/person\/e7a9ebe14eb75a52ceabfbffb3c54f5d","name":"Miguel Ortiz","description":"Miguel Ortiz es un empresario flamenco, con una s\u00f3lida trayectoria dentro del sector. Ha presidido entidades culturales vinculadas al flamenco y, cuenta con un amplio recorrido profesional en la gesti\u00f3n y promoci\u00f3n de espect\u00e1culos y tablaos flamencos. Su pasi\u00f3n por la historia y el arte flamenco se refleja en cada art\u00edculo, donde combina experiencia, criterio y un profundo respeto por la tradici\u00f3n.","sameAs":["https:\/\/www.tablaosflamencos.com","https:\/\/www.instagra.com\/miguelortizfe","https:\/\/www.linkedin.com\/in\/miguelortizf\/"],"birthDate":"1984-11-22","gender":"hombre","knowsLanguage":["espa\u00f1ol","ingl\u00e9s"],"jobTitle":"Empresario flamenco"},{"@type":"PostalAddress","@id":"https:\/\/www.tablaosflamencos.com\/de\/flamenco-sevilla-biennale-2026-shows-ausserhalb-offizielles-programm.html#local-main-place-address","streetAddress":"C\/ Alemanes, 19","addressLocality":"Sevilla","postalCode":"41004","addressRegion":"Sevilla","addressCountry":"ES"},{"@type":"ImageObject","inLanguage":"de","@id":"https:\/\/www.tablaosflamencos.com\/de\/flamenco-sevilla-biennale-2026-shows-ausserhalb-offizielles-programm.html#local-main-organization-logo","url":"https:\/\/www.tablaosflamencos.com\/wp-content\/uploads\/tablaos-flamencos-06-3.webp","contentUrl":"https:\/\/www.tablaosflamencos.com\/wp-content\/uploads\/tablaos-flamencos-06-3.webp","width":600,"height":620,"caption":"Tablaos Flamencos"}]},"geo.placename":"Sevilla","geo.position":{"lat":"37.3868072","long":"-5.993280299999999"},"geo.region":"Spanien"},"_links":{"self":[{"href":"https:\/\/www.tablaosflamencos.com\/de\/wp-json\/wp\/v2\/posts\/14284","targetHints":{"allow":["GET"]}}],"collection":[{"href":"https:\/\/www.tablaosflamencos.com\/de\/wp-json\/wp\/v2\/posts"}],"about":[{"href":"https:\/\/www.tablaosflamencos.com\/de\/wp-json\/wp\/v2\/types\/post"}],"author":[{"embeddable":true,"href":"https:\/\/www.tablaosflamencos.com\/de\/wp-json\/wp\/v2\/users\/1"}],"replies":[{"embeddable":true,"href":"https:\/\/www.tablaosflamencos.com\/de\/wp-json\/wp\/v2\/comments?post=14284"}],"version-history":[{"count":2,"href":"https:\/\/www.tablaosflamencos.com\/de\/wp-json\/wp\/v2\/posts\/14284\/revisions"}],"predecessor-version":[{"id":14307,"href":"https:\/\/www.tablaosflamencos.com\/de\/wp-json\/wp\/v2\/posts\/14284\/revisions\/14307"}],"wp:featuredmedia":[{"embeddable":true,"href":"https:\/\/www.tablaosflamencos.com\/de\/wp-json\/wp\/v2\/media\/14269"}],"wp:attachment":[{"href":"https:\/\/www.tablaosflamencos.com\/de\/wp-json\/wp\/v2\/media?parent=14284"}],"wp:term":[{"taxonomy":"category","embeddable":true,"href":"https:\/\/www.tablaosflamencos.com\/de\/wp-json\/wp\/v2\/categories?post=14284"},{"taxonomy":"post_tag","embeddable":true,"href":"https:\/\/www.tablaosflamencos.com\/de\/wp-json\/wp\/v2\/tags?post=14284"}],"curies":[{"name":"wp","href":"https:\/\/api.w.org\/{rel}","templated":true}]}}