{"id":14278,"date":"2026-09-03T23:17:01","date_gmt":"2026-09-03T21:17:01","guid":{"rendered":"https:\/\/www.tablaosflamencos.com\/?p=14278"},"modified":"2026-09-03T23:56:56","modified_gmt":"2026-09-03T21:56:56","slug":"flamenco-tanz-biennale-sevilla-2026","status":"publish","type":"post","link":"https:\/\/www.tablaosflamencos.com\/de\/flamenco-tanz-biennale-sevilla-2026.html","title":{"rendered":"Der Tanz bei der Flamenco-Biennale 2026: von den gro\u00dfen Namen zur neuen Generation"},"content":{"rendered":"<section class=\"l-section wpb_row height_huge\"><div class=\"l-section-h i-cf\"><div class=\"g-cols vc_row via_flex valign_top type_default stacking_default\"><div class=\"vc_col-sm-6 wpb_column vc_column_container\"><div class=\"vc_column-inner\"><div class=\"wpb_wrapper\"><div class=\"wpb_text_column\"><div class=\"wpb_wrapper\"><h2>Der Tanz bei der Flamenco-Biennale 2026: von den gro\u00dfen Namen zur neuen Generation<\/h2>\n<p>Die <strong>XXIV. Flamenco-Biennale von Sevilla<\/strong> macht den Tanz zu einem der gro\u00dfen roten F\u00e4den ihres Programms. Zwischen dem <strong>9. September und dem 3. Oktober 2026<\/strong>versammelt die Stadt mehr als hundert T\u00e4nzerinnen und T\u00e4nzer in einer Ausgabe, die nahezu die gesamte aktuelle Landkarte des Flamenco-Tanzes abbildet: gro\u00dfe Compagnien, Tanzrezitale, eigenst\u00e4ndige Autorinnen und Autoren, Forschungsprojekte, Hommagen, Ensembles und junge K\u00fcnstlerinnen und K\u00fcnstler, die zunehmend ins Zentrum der B\u00fchne r\u00fccken.<\/p>\n<p>Die Besetzung ist besonders umfangreich. <strong>Sara Baras, Israel Galv\u00e1n, Manuel Li\u00f1\u00e1n, Farruquito, Andr\u00e9s Mar\u00edn, Olga Pericet, Ana Morales, Pastora Galv\u00e1n, David Coria, Alfonso Losa, Isabel Bay\u00f3n, Patricia Guerrero, Rafaela Carrasco und Mar\u00eda Moreno<\/strong> stehen neben Namen wie <strong>Juan Tom\u00e1s de la Mol\u00eda, \u00c1gueda Saavedra und Sara Jim\u00e9nez<\/strong>, drei klare Beispiele f\u00fcr eine Generation, die nicht mehr nur begleitet, sondern ihre eigenen Kreationen anf\u00fchrt.<\/p>\n<p>Dieser Guide ordnet das Programm, um zu verstehen, <strong>welche gro\u00dfen Figuren die Ausgabe pr\u00e4gen, wo neue Sprachen entstehen und welche Termine die kommende Generation entdecken lassen<\/strong>.<\/p>\n<\/div><\/div><\/div><\/div><\/div><div class=\"vc_col-sm-6 wpb_column vc_column_container\"><div class=\"vc_column-inner\"><div class=\"wpb_wrapper\"><div class=\"wpb_text_column\"><div class=\"wpb_wrapper\"><h3>Eine Ausgabe, die vom Bewegungsgedanken durchzogen ist<\/h3>\n<ul>\n<li><strong>Mehr als 100 Flamenco-T\u00e4nzerinnen und -T\u00e4nzer<\/strong> im gesamten Programm.<\/li>\n<li>Gro\u00dfe Namen und Tr\u00e4ger des Nationalen Tanzpreises.<\/li>\n<li>Urauff\u00fchrungen im Tanz und in der B\u00fchnenkreation.<\/li>\n<li>Traditionelle Rezitale neben zeitgen\u00f6ssischen Sprachen.<\/li>\n<li>Compagnien, Solistinnen und Solisten sowie Tanzensembles.<\/li>\n<li>Deb\u00fcts und eigene Projekte einer neuen Generation.<\/li>\n<\/ul>\n<p><strong>Kernaussage:<\/strong> Die Biennale 2026 bietet keine einzige Definition des Flamenco-Tanzes. Sie zeigt ihn als Sprache, die eine Schule bewahren, ihre eigene Geschichte neu lesen und sich zugleich neuen B\u00fchnenformen \u00f6ffnen kann.<\/p>\n<\/div><\/div><\/div><\/div><\/div><\/div><\/div><\/section><section class=\"l-section wpb_row height_huge color_alternate with_shape\"><div class=\"l-section-shape type_zigzag pos_top\" style=\"height:3vmin;\"><svg xmlns=\"http:\/\/www.w3.org\/2000\/svg\" viewBox=\"0 0 64 8\" preserveAspectRatio=\"none\" width=\"100%\" height=\"100%\">\r\n\t<path fill=\"currentColor\" d=\"M64 8 L0 8 L0 0 L20 7.9 L40 3 L48 5 L64 0 Z\"\/>\r\n<\/svg><\/div><div class=\"l-section-shape type_zigzag pos_bottom\" style=\"height:3vmin;\"><svg xmlns=\"http:\/\/www.w3.org\/2000\/svg\" viewBox=\"0 0 64 8\" preserveAspectRatio=\"none\" width=\"100%\" height=\"100%\">\r\n\t<path fill=\"currentColor\" d=\"M64 8 L0 8 L0 0 L20 7.9 L40 3 L48 5 L64 0 Z\"\/>\r\n<\/svg><\/div><div class=\"l-section-h i-cf\"><div class=\"g-cols vc_row via_flex valign_top type_default stacking_default\"><div class=\"vc_col-sm-6 wpb_column vc_column_container\"><div class=\"vc_column-inner\"><div class=\"wpb_wrapper\"><div class=\"wpb_text_column\"><div class=\"wpb_wrapper\"><blockquote>\n<p><strong>Kurzantwort:<\/strong> Wenn du den Tanz bei der Flamenco-Biennale Sevilla 2026 verfolgen m\u00f6chtest, geh\u00f6ren zu den wichtigsten Terminen Sara Baras mit <em>Infinita<\/em>, Manuel Li\u00f1\u00e1n mit <em>Bailaor@<\/em>, Olga Pericet mit <em>Perspectivas sobre un baile sonoro<\/em>, Andr\u00e9s Mar\u00edn mit <em>Desierto<\/em>, Israel Galv\u00e1n mit <em>Bolero de blanco y negro<\/em>, Pastora Galv\u00e1n mit <em>TRIBUsssh!<\/em>, Farruquito mit <em>Ser\u00e1s Farruquito: el musical<\/em>, David Coria mit <em>Babel. Torre viva<\/em> und Alfonso Losa mit <em>Gesto m\u00ednimo<\/em>.<\/p>\n<\/blockquote>\n<\/div><\/div><\/div><\/div><\/div><div class=\"vc_col-sm-6 wpb_column vc_column_container\"><div class=\"vc_column-inner\"><div class=\"wpb_wrapper\"><div class=\"wpb_text_column\"><div class=\"wpb_wrapper\"><h3>Auch die neue Generation r\u00fcckt ins Zentrum<\/h3>\n<p>Die Ausgabe gibt eigenen Raum f\u00fcr <strong>Juan Tom\u00e1s de la Mol\u00eda und \u00c1gueda Saavedra<\/strong> mit <em>Te atrevo<\/em>, sowie f\u00fcr <strong>Sara Jim\u00e9nez<\/strong> mit <em>La compa\u00f1\u00eda<\/em>. Der Generationswechsel erscheint nicht als Anhang des Programms, sondern als eine seiner zentralen Lesarten.<\/p>\n<p><strong>Letzte Aktualisierung: 3. September 2026.<\/strong> Programm, Uhrzeiten und Ticketverf\u00fcgbarkeit k\u00f6nnen sich \u00e4ndern. Pr\u00fcfe vor deiner Planung immer die offizielle Veranstaltungsseite.<\/p>\n<p><a href=\"https:\/\/www.tablaosflamencos.com\/bienal-flamenco-sevilla-2026.html\"><strong>Kompletter Guide zur Biennale 2026<\/strong><\/a> \u00b7 <a href=\"https:\/\/www.tablaosflamencos.com\/grandes-estrenos-bienal-flamenco-sevilla-2026.html\"><strong>Gro\u00dfe Premieren<\/strong><\/a> \u00b7 <a href=\"https:\/\/www.labienal.com\/programa-general\" target=\"_blank\" rel=\"noopener\"><strong>Offizielles Programm<\/strong><\/a><\/p>\n<\/div><\/div><\/div><\/div><\/div><\/div><\/div><\/section><section class=\"l-section wpb_row height_huge\"><div class=\"l-section-h i-cf\"><div class=\"g-cols vc_row via_flex valign_top type_default stacking_default\"><div class=\"vc_col-sm-6 wpb_column vc_column_container\"><div class=\"vc_column-inner\"><div class=\"wpb_wrapper\"><div class=\"wpb_text_column\"><div class=\"wpb_wrapper\"><h2>Inhalt dieses Guides<\/h2>\n<ul>\n<li><a href=\"#baile-mapa\">Eine Landkarte des heutigen Flamenco-Tanzes<\/a><\/li>\n<li><a href=\"#grandes-figuras\">Die gro\u00dfen Figuren<\/a><\/li>\n<li><a href=\"#otras-miradas\">Weitere etablierte Perspektiven<\/a><\/li>\n<li><a href=\"#nueva-generacion\">Die neue Generation<\/a><\/li>\n<li><a href=\"#estrenos-baile\">Die Tanzpremieren<\/a><\/li>\n<li><a href=\"#fechas-baile\">Wichtige Termine<\/a><\/li>\n<li><a href=\"#espacios-baile\">Wo man den besten Tanz sehen kann<\/a><\/li>\n<li><a href=\"#elegir-baile\">Was zu deinem Profil passt<\/a><\/li>\n<li><a href=\"#faq-baile\">H\u00e4ufig gestellte Fragen<\/a><\/li>\n<\/ul>\n<\/div><\/div><\/div><\/div><\/div><div class=\"vc_col-sm-6 wpb_column vc_column_container\"><div class=\"vc_column-inner\"><div class=\"wpb_wrapper\"><div class=\"wpb_text_column\"><div class=\"wpb_wrapper\"><h3>So liest man das Programm<\/h3>\n<p>Es w\u00e4re zu einfach, den Tanz 2026 nur in \u201eTradition\u201c und \u201eAvantgarde\u201c zu teilen. Die Biennale mischt Schulen, Formate und Generationen. In derselben Woche kann man von einer gro\u00dfen Compagnie zu einem fast nackten Rezital, von einer Gruppen-Choreografie zu einer Forschungsarbeit oder von der Hommage an eine Meisterin zu einem Solo-Deb\u00fct wechseln.<\/p>\n<p>Deshalb gruppiert dieser Guide die Auff\u00fchrungen nach <strong>k\u00fcnstlerischer Position<\/strong> und nicht nur nach Datum: gro\u00dfe Figuren, etablierte Autorinnen und Autoren, neue Kreative, Premieren und Spielst\u00e4tten.<\/p>\n<\/div><\/div><\/div><\/div><\/div><\/div><\/div><\/section><section class=\"l-section wpb_row height_huge color_alternate with_shape\"><div class=\"l-section-shape type_zigzag pos_top\" style=\"height:3vmin;\"><svg xmlns=\"http:\/\/www.w3.org\/2000\/svg\" viewBox=\"0 0 64 8\" preserveAspectRatio=\"none\" width=\"100%\" height=\"100%\">\r\n\t<path fill=\"currentColor\" d=\"M64 8 L0 8 L0 0 L20 7.9 L40 3 L48 5 L64 0 Z\"\/>\r\n<\/svg><\/div><div class=\"l-section-shape type_zigzag pos_bottom\" style=\"height:3vmin;\"><svg xmlns=\"http:\/\/www.w3.org\/2000\/svg\" viewBox=\"0 0 64 8\" preserveAspectRatio=\"none\" width=\"100%\" height=\"100%\">\r\n\t<path fill=\"currentColor\" d=\"M64 8 L0 8 L0 0 L20 7.9 L40 3 L48 5 L64 0 Z\"\/>\r\n<\/svg><\/div><div class=\"l-section-h i-cf\"><div class=\"g-cols vc_row via_flex valign_top type_default stacking_default\"><div class=\"vc_col-sm-6 wpb_column vc_column_container\"><div class=\"vc_column-inner\"><div class=\"wpb_wrapper\"><div class=\"wpb_text_column\"><div class=\"wpb_wrapper\"><h2 id=\"baile-mapa\">Die Biennale 2026 als Landkarte des aktuellen Flamenco-Tanzes<\/h2>\n<p>Eine der besten M\u00f6glichkeiten, das Programm 2026 zu verstehen, ist es als Landkarte k\u00fcnstlerischer Positionen zu lesen. Die Biennale selbst beschreibt einen Weg, der f\u00fchrt <strong>vom essenziellen, reduzierten Tanz bis zu gro\u00dfen Tanzensembles<\/strong>, von der Bata de Cola zu neuen B\u00fchnencodes und von der Schultradition zur zeitgen\u00f6ssischen Kreation.<\/p>\n<p>Dieser Ansatz verhindert eine einfache Teilung in \u201etraditionell\u201c und \u201eavantgardistisch\u201c. Tats\u00e4chlich verbinden viele Arbeiten beide Welten.<\/p>\n<\/div><\/div><\/div><\/div><\/div><div class=\"vc_col-sm-6 wpb_column vc_column_container\"><div class=\"vc_column-inner\"><div class=\"wpb_wrapper\"><div class=\"wpb_text_column\"><div class=\"wpb_wrapper\"><h3>Tradition, Autorschaft und Experiment<\/h3>\n<p>Manuel Li\u00f1\u00e1n kehrt zum Rezitalformat zur\u00fcck, um \u00fcber Identit\u00e4t zu sprechen; Olga Pericet betrachtet das Rezital aus zeitgen\u00f6ssischer Perspektive neu; Israel Galv\u00e1n tritt in Dialog mit Ravel; Farruquito verwandelt seine eigene Biografie und sein Familienerbe in ein Musical; Ana Morales nutzt den K\u00f6rper, um ein imagin\u00e4res unterirdisches Sevilla zu erkunden; und Alfonso Losa entwirft ein St\u00fcck, dessen Titel selbst, <em>Gesto m\u00ednimo<\/em>, auf Reduktion verweist.<\/p>\n<p>Die zentrale Frage lautet <strong>wie sich der Tanz weiterentwickeln kann, ohne aufzuh\u00f6ren, als Flamenco erkennbar zu sein<\/strong>. Jede K\u00fcnstlerin und jeder K\u00fcnstler antwortet aus einer anderen Position.<\/p>\n<\/div><\/div><\/div><\/div><\/div><\/div><\/div><\/section><section class=\"l-section wpb_row height_huge\"><div class=\"l-section-h i-cf\"><div class=\"g-cols vc_row via_flex valign_top type_default stacking_default\"><div class=\"vc_col-sm-6 wpb_column vc_column_container\"><div class=\"vc_column-inner\"><div class=\"wpb_wrapper\"><div class=\"wpb_text_column\"><div class=\"wpb_wrapper\"><h2 id=\"grandes-figuras\">Die gro\u00dfen Figuren: von Sara Baras bis Farruquito<\/h2>\n<h3>Sara Baras: die gro\u00dfe R\u00fcckkehr<\/h3>\n<p><strong>Sara Baras<\/strong> kehrt nach vierzehn Jahren mit der Urauff\u00fchrung von <em>Infinita<\/em>zur Biennale zur\u00fcck, angesetzt f\u00fcr den <strong>11., 12. und 13. September<\/strong> im Teatro de la Maestranza. Das Werk basiert auf acht weiblichen Perspektiven und einer Vorstellung andalusischer Identit\u00e4t, die durch den Tanz vermittelt wird.<\/p>\n<p>Es steht f\u00fcr das gro\u00dfe Compagnie-Format und eine gefestigte internationale Laufbahn, kommt zugleich aber mit einem neuen Werk, das f\u00fcr diese Ausgabe geschaffen wurde. Mehr dazu findest du in unserem Guide zu <a href=\"https:\/\/www.tablaosflamencos.com\/sara-baras-sevilla-2026-infinita-bienal.html\"><strong>Sara Baras in Sevilla 2026<\/strong><\/a>.<\/p>\n<h3>Manuel Li\u00f1\u00e1n: Rezital und Identit\u00e4t<\/h3>\n<p>Am <strong>22. September<\/strong>pr\u00e4sentiert Manuel Li\u00f1\u00e1n im Teatro de la Maestranza <em>Bailaor@. Recital de baile<\/em>. Die Arbeit kehrt zu etwas scheinbar Einfachem zur\u00fcck: tanzen. Doch in dieser Einfachheit steckt eine klare Aussage \u00fcber Identit\u00e4t, Geschlecht und k\u00fcnstlerische Konstruktion.<\/p>\n<\/div><\/div><\/div><\/div><\/div><div class=\"vc_col-sm-6 wpb_column vc_column_container\"><div class=\"vc_column-inner\"><div class=\"wpb_wrapper\"><div class=\"wpb_text_column\"><div class=\"wpb_wrapper\"><h3>Israel Galv\u00e1n: Ravel durch den Flamenco-K\u00f6rper<\/h3>\n<p>Am <strong>26. September<\/strong>bringt Israel Galv\u00e1n im Teatro de la Maestranza die Urauff\u00fchrung von <em>Bolero de blanco y negro<\/em>. Ausgangspunkt ist Maurice Ravel, erg\u00e4nzt durch zwei Klaviere, Flamenco-Gesang, Perkussion und Stimme. Interessant ist, wie Galv\u00e1n das Material zerlegt, seine rhythmische Mechanik sucht und daraus eigenes choreografisches Terrain macht.<\/p>\n<h3>Farruquito: Erbe, Biografie und gro\u00dfes Format<\/h3>\n<p>Am <strong>28. September<\/strong>premiert Farruquito <em>Ser\u00e1s Farruquito: el musical<\/em> im Teatro de la Maestranza. Die Produktion durchl\u00e4uft sein Leben in f\u00fcnf Akten \u2013 Blut, Lernen, Welt, Schatten und Verm\u00e4chtnis \u2013 und verwandelt seine Biografie in B\u00fchnenmaterial.<\/p>\n<p>Die Inszenierung nutzt ein Tanzensemble und eine breite Erz\u00e4hlung, beh\u00e4lt aber als Kern die <strong>famili\u00e4re Weitergabe<\/strong>: eine geerbte Schule, die zur pers\u00f6nlichen Sprache wird und in die Zukunft weist.<\/p>\n<\/div><\/div><\/div><\/div><\/div><\/div><\/div><\/section><section class=\"l-section wpb_row height_huge color_alternate with_shape\"><div class=\"l-section-shape type_zigzag pos_top hor_flip\" style=\"height:3vmin;\"><svg xmlns=\"http:\/\/www.w3.org\/2000\/svg\" viewBox=\"0 0 64 8\" preserveAspectRatio=\"none\" width=\"100%\" height=\"100%\">\r\n\t<path fill=\"currentColor\" d=\"M64 8 L0 8 L0 0 L20 7.9 L40 3 L48 5 L64 0 Z\"\/>\r\n<\/svg><\/div><div class=\"l-section-shape type_zigzag pos_bottom\" style=\"height:3vmin;\"><svg xmlns=\"http:\/\/www.w3.org\/2000\/svg\" viewBox=\"0 0 64 8\" preserveAspectRatio=\"none\" width=\"100%\" height=\"100%\">\r\n\t<path fill=\"currentColor\" d=\"M64 8 L0 8 L0 0 L20 7.9 L40 3 L48 5 L64 0 Z\"\/>\r\n<\/svg><\/div><div class=\"l-section-h i-cf\"><div class=\"g-cols vc_row via_flex valign_top type_default stacking_default\"><div class=\"vc_col-sm-6 wpb_column vc_column_container\"><div class=\"vc_column-inner\"><div class=\"wpb_wrapper\"><div class=\"wpb_text_column\"><div class=\"wpb_wrapper\"><h2 id=\"otras-miradas\">Weitere etablierte Perspektiven<\/h2>\n<h3>Ana Morales<\/h3>\n<p>Tr\u00e4gerin des Nationalen Tanzpreises 2022, zeigt am <strong>13. und 14. September<\/strong> in der Real F\u00e1brica de Artiller\u00eda die Urauff\u00fchrung von <em>Rapsodia. Fantas\u00eda subterr\u00e1nea<\/em>. Das Werk imaginiert einen Abstieg in ein unterirdisches Sevilla und nutzt den K\u00f6rper, um das Erdverbundene, das Jondo und den kreativen Prozess zu erforschen.<\/p>\n<h3>Olga Pericet<\/h3>\n<p>Tr\u00e4gerin des Nationalen Tanzpreises 2018, premieren am <strong>21. September<\/strong> im Teatro Central <em>Perspectivas sobre un baile sonoro<\/em>. Nach f\u00fcnfunddrei\u00dfig Jahren Karriere betrachtet sie das Rezitalformat aus der Erinnerung des K\u00f6rpers und seiner kreativen Gegenwart neu.<\/p>\n<h3>Andr\u00e9s Mar\u00edn<\/h3>\n<p>Premiert <em>Desierto<\/em> am <strong>25. September<\/strong> im Teatro Central. Er n\u00e4hert sich der Erinnerung an die Alameda de H\u00e9rcules aus einer poetischen Wahrheit heraus und reflektiert \u00fcber Einsamkeit, Spuren und das, was bleibt.<\/p>\n<\/div><\/div><\/div><\/div><\/div><div class=\"vc_col-sm-6 wpb_column vc_column_container\"><div class=\"vc_column-inner\"><div class=\"wpb_wrapper\"><div class=\"wpb_text_column\"><div class=\"wpb_wrapper\"><h3>Pastora Galv\u00e1n<\/h3>\n<p>Am <strong>26. September<\/strong> pr\u00e4sentiert sie im Teatro Alameda die Urauff\u00fchrung von <em>TRIBUsssh!<\/em>, mit k\u00fcnstlerischer Leitung und Kuratierung von Israel Galv\u00e1n. Das St\u00fcck verbindet ihren Tanz mit zwei Schlagzeugen und anderen Kl\u00e4ngen, ohne den Flamenco-Puls zu verlieren.<\/p>\n<h3>David Coria<\/h3>\n<p>Am <strong>29. September<\/strong> bringt er ins Teatro Lope de Vega <em>Babel. Torre viva<\/em>, die spanische Premiere eines Werks \u00fcber Unterschied, Macht, Fragmentierung und die M\u00f6glichkeit, etwas Gemeinsames zu schaffen. Der kollektive K\u00f6rper wird zur B\u00fchnenarchitektur.<\/p>\n<h3>Isabel Bay\u00f3n, Mar\u00eda Moreno und Alfonso Losa<\/h3>\n<p>Zu dieser Landkarte geh\u00f6ren au\u00dferdem <strong>Isabel Bay\u00f3n<\/strong>, die am 15. September geehrt wird; <strong>Mar\u00eda Moreno<\/strong>, Hauptfigur in <em>Trilog\u00eda. Al baile<\/em> am 23. September in der Real F\u00e1brica de Artiller\u00eda; und <strong>Alfonso Losa<\/strong>, der <em>Gesto m\u00ednimo<\/em> am 2. Oktober im Teatro Lope de Vega urauff\u00fchrt.<\/p>\n<\/div><\/div><\/div><\/div><\/div><\/div><\/div><\/section><section class=\"l-section wpb_row height_huge\"><div class=\"l-section-h i-cf\"><div class=\"g-cols vc_row via_flex valign_top type_default stacking_default\"><div class=\"vc_col-sm-6 wpb_column vc_column_container\"><div class=\"vc_column-inner\"><div class=\"wpb_wrapper\"><div class=\"wpb_text_column\"><div class=\"wpb_wrapper\"><h2 id=\"nueva-generacion\">Die neue Generation ist keine blo\u00dfe Verhei\u00dfung mehr<\/h2>\n<p>Eine der wichtigsten Entwicklungen dieser Biennale ist, dass mehrere junge K\u00fcnstlerinnen und K\u00fcnstler bereits <strong>an der Spitze eigener Projekte<\/strong>stehen. Sie sind nicht nur Mitglieder eines Ensembles oder Gastk\u00fcnstler: Sie tragen Titel, \u00fcbernehmen Regie und besetzen eigene R\u00e4ume der Kreation.<\/p>\n<h3>Juan Tom\u00e1s de la Mol\u00eda und \u00c1gueda Saavedra: <em>Te atrevo<\/em><\/h3>\n<p>Am <strong>23. September<\/strong>findet im Teatro Central die Urauff\u00fchrung von <em>Te atrevo<\/em>von <strong>Juan Tom\u00e1s de la Mol\u00eda und \u00c1gueda Saavedra<\/strong>unter der Leitung von Manuel Li\u00f1\u00e1n statt.<\/p>\n<p>Die Verbindung ist bezeichnend: Zwei aufstrebende Interpretinnen und Interpreten arbeiten unter dem Blick eines Sch\u00f6pfers, der die Grenzen des zeitgen\u00f6ssischen Flamenco-Tanzes seit Jahren erweitert. Die Biennale pr\u00e4sentiert sie als Beispiel einer Generation mit Technik, Pers\u00f6nlichkeit und der F\u00e4higkeit, ein eigenes Werk zu tragen.<\/p>\n<\/div><\/div><\/div><\/div><\/div><div class=\"vc_col-sm-6 wpb_column vc_column_container\"><div class=\"vc_column-inner\"><div class=\"wpb_wrapper\"><div class=\"wpb_text_column\"><div class=\"wpb_wrapper\"><h3>Sara Jim\u00e9nez: Compagnie, Kreation und Autorschaft<\/h3>\n<p>Am <strong>29. September<\/strong>, ebenfalls im Teatro Central, <strong>Sara Jim\u00e9nez<\/strong> premiert <em>La compa\u00f1\u00eda<\/em>. Sie zeichnet f\u00fcr Idee, Regie und Choreografie verantwortlich und steht mit Julio Ruiz und Mariana Collado auf der B\u00fchne.<\/p>\n<p>Die neue Generation definiert sich nicht nur \u00fcber das Alter, sondern \u00fcber die F\u00e4higkeit, <strong>Autorschaft, Diskurs, Regie und B\u00fchnenverantwortung<\/strong>.<\/p>\n<h3>\u00c1gueda Saavedra, auch mit Alfonso Losa<\/h3>\n<p>\u00c1gueda Saavedra ist erneut am <strong>2. Oktober<\/strong> in <em>Gesto m\u00ednimo<\/em> von Alfonso Losa zu sehen, gemeinsam mit Karen Lugo und Yoel Vargas. Diese doppelte Pr\u00e4senz zeigt, wie junge K\u00fcnstlerinnen und K\u00fcnstler zwischen eigenen Projekten und der Arbeit mit etablierten Sch\u00f6pfern wechseln.<\/p>\n<p><strong>Die neue Generation ersetzt die fr\u00fcheren Figuren nicht: Sie lebt mit ihnen auf derselben B\u00fchne.<\/strong> Diese \u00dcberschneidung ist einer der Schl\u00fcssel von 2026.<\/p>\n<\/div><\/div><\/div><\/div><\/div><\/div><\/div><\/section><section class=\"l-section wpb_row height_huge color_alternate with_shape\"><div class=\"l-section-shape type_zigzag pos_top\" style=\"height:3vmin;\"><svg xmlns=\"http:\/\/www.w3.org\/2000\/svg\" viewBox=\"0 0 64 8\" preserveAspectRatio=\"none\" width=\"100%\" height=\"100%\">\r\n\t<path fill=\"currentColor\" d=\"M64 8 L0 8 L0 0 L20 7.9 L40 3 L48 5 L64 0 Z\"\/>\r\n<\/svg><\/div><div class=\"l-section-shape type_zigzag pos_bottom\" style=\"height:3vmin;\"><svg xmlns=\"http:\/\/www.w3.org\/2000\/svg\" viewBox=\"0 0 64 8\" preserveAspectRatio=\"none\" width=\"100%\" height=\"100%\">\r\n\t<path fill=\"currentColor\" d=\"M64 8 L0 8 L0 0 L20 7.9 L40 3 L48 5 L64 0 Z\"\/>\r\n<\/svg><\/div><div class=\"l-section-h i-cf\"><div class=\"g-cols vc_row via_flex valign_top type_default stacking_default\"><div class=\"vc_col-sm-6 wpb_column vc_column_container\"><div class=\"vc_column-inner\"><div class=\"wpb_wrapper\"><div class=\"wpb_text_column\"><div class=\"wpb_wrapper\"><h2 id=\"estrenos-baile\">Premieren machen den Tanz zu einem der kreativen Motoren von 2026<\/h2>\n<p>Das Gewicht des Tanzes zeigt sich besonders in den Premieren. Sara Baras, Ana Morales, Olga Pericet, Andr\u00e9s Mar\u00edn, Israel Galv\u00e1n, Pastora Galv\u00e1n, Farruquito, Sara Jim\u00e9nez und Alfonso Losa pr\u00e4sentieren neue Arbeiten oder eigens f\u00fcr diese Ausgabe geschaffene Versionen. Juan Tom\u00e1s de la Mol\u00eda und \u00c1gueda Saavedra deb\u00fctieren gemeinsam mit <em>Te atrevo<\/em> und Mar\u00eda Moreno wirkt bei der Premiere von <em>Trilog\u00eda. Al baile<\/em>mit.<\/p>\n<p>Viele dieser St\u00fccke <strong>werden in Sevilla entstehen<\/strong> und sp\u00e4ter durch andere Theater und Festivals touren. Eine Premiere zu sehen bedeutet, ein Werk zu erleben, bevor Kritik, Tourneen und Zeit seine Lesart endg\u00fcltig pr\u00e4gen.<\/p>\n<\/div><\/div><\/div><\/div><\/div><div class=\"vc_col-sm-6 wpb_column vc_column_container\"><div class=\"vc_column-inner\"><div class=\"wpb_wrapper\"><div class=\"wpb_text_column\"><div class=\"wpb_wrapper\"><h3>Besonders bemerkenswerte Premieren<\/h3>\n<ul>\n<li>Sara Baras \u00b7 <em>Infinita<\/em><\/li>\n<li>Ana Morales \u00b7 <em>Rapsodia. Fantas\u00eda subterr\u00e1nea<\/em><\/li>\n<li>Olga Pericet \u00b7 <em>Perspectivas sobre un baile sonoro<\/em><\/li>\n<li>Juan Tom\u00e1s de la Mol\u00eda und \u00c1gueda Saavedra \u00b7 <em>Te atrevo<\/em><\/li>\n<li>Andr\u00e9s Mar\u00edn \u00b7 <em>Desierto<\/em><\/li>\n<li>Israel Galv\u00e1n \u00b7 <em>Bolero de blanco y negro<\/em><\/li>\n<li>Pastora Galv\u00e1n \u00b7 <em>TRIBUsssh!<\/em><\/li>\n<li>Farruquito \u00b7 <em>Ser\u00e1s Farruquito: el musical<\/em><\/li>\n<li>Sara Jim\u00e9nez \u00b7 <em>La compa\u00f1\u00eda<\/em><\/li>\n<li>Alfonso Losa \u00b7 <em>Gesto m\u00ednimo<\/em><\/li>\n<\/ul>\n<p>Mehr dazu findest du in <a href=\"https:\/\/www.tablaosflamencos.com\/grandes-estrenos-bienal-flamenco-sevilla-2026.html\"><strong>den gro\u00dfen Premieren der Biennale 2026<\/strong><\/a>.<\/p>\n<\/div><\/div><\/div><\/div><\/div><\/div><\/div><\/section><section class=\"l-section wpb_row height_huge\"><div class=\"l-section-h i-cf\"><div class=\"g-cols vc_row via_flex valign_top type_default stacking_default\"><div class=\"vc_col-sm-12 wpb_column vc_column_container\"><div class=\"vc_column-inner\"><div class=\"wpb_wrapper\"><div class=\"wpb_text_column\"><div class=\"wpb_wrapper\"><h2 id=\"fechas-baile\">Wichtige Tanztermine der Biennale 2026<\/h2>\n<div style=\"overflow-x: auto;\">\n<table>\n<thead>\n<tr>\n<th>Datum<\/th>\n<th>K\u00fcnstler \/ Auff\u00fchrung<\/th>\n<th>Spielst\u00e4tte<\/th>\n<th>Schwerpunkt<\/th>\n<\/tr>\n<\/thead>\n<tbody>\n<tr>\n<td><strong>10. September<\/strong><\/td>\n<td>Ballet Flamenco de Andaluc\u00eda mit Patricia Guerrero \u00b7 <em>El mundo por montera<\/em><\/td>\n<td>Real Maestranza<\/td>\n<td>Gala und gro\u00dfes Format<\/td>\n<\/tr>\n<tr>\n<td><strong>11.\u201313. September<\/strong><\/td>\n<td>Sara Baras \u00b7 <em>Infinita<\/em><\/td>\n<td>Teatro de la Maestranza<\/td>\n<td>Urauff\u00fchrung<\/td>\n<\/tr>\n<tr>\n<td><strong>13.\u201314. September<\/strong><\/td>\n<td>Ana Morales \u00b7 <em>Rapsodia. Fantas\u00eda subterr\u00e1nea<\/em><\/td>\n<td>Real F\u00e1brica de Artiller\u00eda<\/td>\n<td>Urauff\u00fchrung<\/td>\n<\/tr>\n<tr>\n<td><strong>15. September<\/strong><\/td>\n<td>Hommage an Isabel Bay\u00f3n \u00b7 <em>Ep\u00edlogo de un cante que se hizo baile<\/em><\/td>\n<td>Teatro Central<\/td>\n<td>Erinnerung und Laufbahn<\/td>\n<\/tr>\n<tr>\n<td><strong>21. September<\/strong><\/td>\n<td>Olga Pericet \u00b7 <em>Perspectivas sobre un baile sonoro<\/em><\/td>\n<td>Teatro Central<\/td>\n<td>Urauff\u00fchrung<\/td>\n<\/tr>\n<tr>\n<td><strong>22. September<\/strong><\/td>\n<td>Manuel Li\u00f1\u00e1n \u00b7 <em>Bailaor@<\/em><\/td>\n<td>Teatro de la Maestranza<\/td>\n<td>Einmalige Nacht<\/td>\n<\/tr>\n<tr>\n<td><strong>23. September<\/strong><\/td>\n<td>Juan Tom\u00e1s de la Mol\u00eda &amp; \u00c1gueda Saavedra \u00b7 <em>Te atrevo<\/em><\/td>\n<td>Teatro Central<\/td>\n<td>Neue Generation<\/td>\n<\/tr>\n<tr>\n<td><strong>23. September<\/strong><\/td>\n<td>Mar\u00eda Moreno \u00b7 <em>Trilog\u00eda. Al baile<\/em><\/td>\n<td>Real F\u00e1brica de Artiller\u00eda<\/td>\n<td>Urauff\u00fchrung<\/td>\n<\/tr>\n<tr>\n<td><strong>25. September<\/strong><\/td>\n<td>Andr\u00e9s Mar\u00edn \u00b7 <em>Desierto<\/em><\/td>\n<td>Teatro Central<\/td>\n<td>Urauff\u00fchrung<\/td>\n<\/tr>\n<tr>\n<td><strong>26. September<\/strong><\/td>\n<td>Israel Galv\u00e1n \u00b7 <em>Bolero de blanco y negro<\/em><\/td>\n<td>Teatro de la Maestranza<\/td>\n<td>Urauff\u00fchrung<\/td>\n<\/tr>\n<tr>\n<td><strong>26. September<\/strong><\/td>\n<td>Pastora Galv\u00e1n \u00b7 <em>TRIBUsssh!<\/em><\/td>\n<td>Teatro Alameda<\/td>\n<td>Urauff\u00fchrung<\/td>\n<\/tr>\n<tr>\n<td><strong>28. September<\/strong><\/td>\n<td>Farruquito \u00b7 <em>Ser\u00e1s Farruquito: el musical<\/em><\/td>\n<td>Teatro de la Maestranza<\/td>\n<td>Urauff\u00fchrung<\/td>\n<\/tr>\n<tr>\n<td><strong>29. September<\/strong><\/td>\n<td>David Coria \u00b7 <em>Babel. Torre viva<\/em><\/td>\n<td>Teatro Lope de Vega<\/td>\n<td>Spanische Premiere<\/td>\n<\/tr>\n<tr>\n<td><strong>29. September<\/strong><\/td>\n<td>Sara Jim\u00e9nez \u00b7 <em>La compa\u00f1\u00eda<\/em><\/td>\n<td>Teatro Central<\/td>\n<td>Neue Generation<\/td>\n<\/tr>\n<tr>\n<td><strong>2. Oktober<\/strong><\/td>\n<td>Alfonso Losa \u00b7 <em>Gesto m\u00ednimo<\/em><\/td>\n<td>Teatro Lope de Vega<\/td>\n<td>Urauff\u00fchrung<\/td>\n<\/tr>\n<tr>\n<td><strong>3. Oktober<\/strong><\/td>\n<td>Rafaela Carrasco in <em>Perlas a millares<\/em><\/td>\n<td>Teatro de la Maestranza<\/td>\n<td>Abschluss<\/td>\n<\/tr>\n<\/tbody>\n<\/table>\n<\/div>\n<p><small>Orientierende Auswahl besonders relevanter Termine f\u00fcr Tanzfans. Weitere Biennale-Produktionen integrieren Tanz ebenfalls in Galas, Begegnungen und gemischten Formaten.<\/small><\/p>\n<\/div><\/div><\/div><\/div><\/div><\/div><\/div><\/section><section class=\"l-section wpb_row height_huge color_alternate with_shape\"><div class=\"l-section-shape type_zigzag pos_top hor_flip\" style=\"height:3vmin;\"><svg xmlns=\"http:\/\/www.w3.org\/2000\/svg\" viewBox=\"0 0 64 8\" preserveAspectRatio=\"none\" width=\"100%\" height=\"100%\">\r\n\t<path fill=\"currentColor\" d=\"M64 8 L0 8 L0 0 L20 7.9 L40 3 L48 5 L64 0 Z\"\/>\r\n<\/svg><\/div><div class=\"l-section-shape type_zigzag pos_bottom\" style=\"height:3vmin;\"><svg xmlns=\"http:\/\/www.w3.org\/2000\/svg\" viewBox=\"0 0 64 8\" preserveAspectRatio=\"none\" width=\"100%\" height=\"100%\">\r\n\t<path fill=\"currentColor\" d=\"M64 8 L0 8 L0 0 L20 7.9 L40 3 L48 5 L64 0 Z\"\/>\r\n<\/svg><\/div><div class=\"l-section-h i-cf\"><div class=\"g-cols vc_row via_flex valign_top type_default stacking_default\"><div class=\"vc_col-sm-6 wpb_column vc_column_container\"><div class=\"vc_column-inner\"><div class=\"wpb_wrapper\"><div class=\"wpb_text_column\"><div class=\"wpb_wrapper\"><h2 id=\"espacios-baile\">Die Spielst\u00e4tten ver\u00e4ndern den Blick auf den Tanz<\/h2>\n<p>Der Tanz ist wahrscheinlich die Disziplin der Biennale, in der die Beziehung zwischen K\u00f6rper und Raum am st\u00e4rksten sp\u00fcrbar wird. Eine gro\u00dfe Compagnie im Teatro de la Maestranza ist nicht dieselbe Erfahrung wie eine Forschungsarbeit im Teatro Central oder ein St\u00fcck in der Industriearchitektur der Real F\u00e1brica de Artiller\u00eda.<\/p>\n<p>Das <strong>Teatro de la Maestranza<\/strong> b\u00fcndelt mehrere gro\u00dfe Formate: Sara Baras, Manuel Li\u00f1\u00e1n, Israel Galv\u00e1n und Farruquito.<\/p>\n<\/div><\/div><\/div><\/div><\/div><div class=\"vc_col-sm-6 wpb_column vc_column_container\"><div class=\"vc_column-inner\"><div class=\"wpb_wrapper\"><div class=\"wpb_text_column\"><div class=\"wpb_wrapper\"><h3>Eine Route durch vier Spielst\u00e4tten<\/h3>\n<p>Das <strong>Teatro Central<\/strong> fungiert als Labor f\u00fcr Olga Pericet, Juan Tom\u00e1s de la Mol\u00eda und \u00c1gueda Saavedra, Andr\u00e9s Mar\u00edn und Sara Jim\u00e9nez. Die <strong>Real F\u00e1brica de Artiller\u00eda<\/strong> bietet einen besonderen Rahmen f\u00fcr Ana Morales und Mar\u00eda Moreno, w\u00e4hrend das <strong>Teatro Lope de Vega<\/strong> David Coria und Alfonso Losa empf\u00e4ngt.<\/p>\n<p>Diese Verteilung erm\u00f6glicht eine Tanzroute, die nicht immer dieselbe B\u00fchnenerfahrung wiederholt. Vergleiche die Orte in unserem Guide zu <a href=\"https:\/\/www.tablaosflamencos.com\/espacios-espectaculares-bienal-flamenco-sevilla-2026.html\"><strong>den spektakul\u00e4rsten Spielst\u00e4tten der Biennale 2026<\/strong><\/a>.<\/p>\n<\/div><\/div><\/div><\/div><\/div><\/div><\/div><\/section><section class=\"l-section wpb_row height_huge\"><div class=\"l-section-h i-cf\"><div class=\"g-cols vc_row via_flex valign_top type_default stacking_default\"><div class=\"vc_col-sm-6 wpb_column vc_column_container\"><div class=\"vc_column-inner\"><div class=\"wpb_wrapper\"><div class=\"wpb_text_column\"><div class=\"wpb_wrapper\"><h2 id=\"elegir-baile\">Welche Auff\u00fchrung passt zu der Art von Tanz, die du suchst?<\/h2>\n<h3>Wenn du eine gro\u00dfe Produktion m\u00f6chtest<\/h3>\n<p>Beginne mit <strong>Sara Baras<\/strong> oder <strong>Farruquito<\/strong>. Beide arbeiten mit gro\u00dfen Formaten, Dramaturgie, B\u00fchnenbild und einer Sprache f\u00fcr gro\u00dfe Theater. Auch das Ballet Flamenco de Andaluc\u00eda in <em>El mundo por montera<\/em> erm\u00f6glicht den Blick auf ein institutionelles Tanzensemble in einer au\u00dfergew\u00f6hnlichen Produktion.<\/p>\n<h3>Wenn du Autorentanz suchst<\/h3>\n<p><strong>Israel Galv\u00e1n, Andr\u00e9s Mar\u00edn, Ana Morales, Olga Pericet und David Coria<\/strong> zeigen f\u00fcnf sehr unterschiedliche Wege, wie Flamenco mit anderer Musik, Dramaturgie, Konzepten und k\u00f6rperlichen Sprachen in Dialog tritt.<\/p>\n<\/div><\/div><\/div><\/div><\/div><div class=\"vc_col-sm-6 wpb_column vc_column_container\"><div class=\"vc_column-inner\"><div class=\"wpb_wrapper\"><div class=\"wpb_text_column\"><div class=\"wpb_wrapper\"><h3>Wenn du Rezital und eine direkte Beziehung zum Flamenco bevorzugst<\/h3>\n<p><strong>Manuel Li\u00f1\u00e1n<\/strong> macht das Rezital selbst zum Zentrum seiner Arbeit. <strong>Alfonso Losa<\/strong> kann ebenfalls besonders interessant sein, wenn du choreografische Reduktion und Aufmerksamkeit f\u00fcr die Geste suchst.<\/p>\n<h3>Wenn du die neue Generation entdecken m\u00f6chtest<\/h3>\n<p>Plane Zeit ein f\u00fcr <strong>Juan Tom\u00e1s de la Mol\u00eda und \u00c1gueda Saavedra<\/strong> sowie f\u00fcr <strong>Sara Jim\u00e9nez<\/strong>.<\/p>\n<h3>Wenn du eine ausgewogene Biennale m\u00f6chtest<\/h3>\n<p>Kombiniere mindestens drei Profile: eine gro\u00dfe Figur, einen Autorensch\u00f6pfer und ein junges Projekt. Zum Beispiel: Sara Baras oder Farruquito; Israel Galv\u00e1n, Ana Morales oder Olga Pericet; und <em>Te atrevo<\/em> oder <em>La compa\u00f1\u00eda<\/em>.<\/p>\n<p><a href=\"https:\/\/www.tablaosflamencos.com\/bienal-flamenco-2026-entradas-precios-descuentos.html\"><strong>Tickets, Preise und Erm\u00e4\u00dfigungen<\/strong><\/a> \u00b7 <a href=\"https:\/\/www.tablaosflamencos.com\/cante-bienal-flamenco-sevilla-2026.html\"><strong>Der Gesang bei der Biennale 2026<\/strong><\/a> \u00b7 <a href=\"https:\/\/www.tablaosflamencos.com\/guitarra-bienal-flamenco-2026-espectaculos-imprescindibles.html\"><strong>Die Gitarre bei der Biennale 2026<\/strong><\/a><\/p>\n<\/div><\/div><\/div><\/div><\/div><\/div><\/div><\/section><section class=\"l-section wpb_row height_huge color_alternate with_shape\"><div class=\"l-section-shape type_zigzag pos_top\" style=\"height:3vmin;\"><svg xmlns=\"http:\/\/www.w3.org\/2000\/svg\" viewBox=\"0 0 64 8\" preserveAspectRatio=\"none\" width=\"100%\" height=\"100%\">\r\n\t<path fill=\"currentColor\" d=\"M64 8 L0 8 L0 0 L20 7.9 L40 3 L48 5 L64 0 Z\"\/>\r\n<\/svg><\/div><div class=\"l-section-shape type_zigzag pos_bottom\" style=\"height:3vmin;\"><svg xmlns=\"http:\/\/www.w3.org\/2000\/svg\" viewBox=\"0 0 64 8\" preserveAspectRatio=\"none\" width=\"100%\" height=\"100%\">\r\n\t<path fill=\"currentColor\" d=\"M64 8 L0 8 L0 0 L20 7.9 L40 3 L48 5 L64 0 Z\"\/>\r\n<\/svg><\/div><div class=\"l-section-h i-cf\"><div class=\"g-cols vc_row via_flex valign_top type_default stacking_default\"><div class=\"vc_col-sm-1\/5 wpb_column vc_column_container\"><div class=\"vc_column-inner\"><div class=\"wpb_wrapper\"><\/div><\/div><\/div><div class=\"vc_col-sm-3\/5 wpb_column vc_column_container\"><div class=\"vc_column-inner\"><div class=\"wpb_wrapper\"><div class=\"wpb_text_column\"><div class=\"wpb_wrapper\"><h2 id=\"faq-baile\">H\u00e4ufige Fragen zum Tanz bei der Biennale 2026<\/h2>\n<\/div><\/div><div class=\"w-separator size_medium\"><\/div><div class=\"w-tabs accordion toggle_style_1 has_scrolling\" style=\"--sections-title-size:inherit;--sections-gap:0.5rem;\"><div class=\"w-tabs-sections titles-align_none icon_plus cpos_left\"><div class=\"w-tabs-section\" id=\"c638\" itemscope itemprop=\"mainEntity\" itemtype=\"https:\/\/schema.org\/Question\"><button type=\"button\" class=\"w-tabs-section-header\" aria-controls=\"content-c638\" aria-expanded=\"false\"><h3 class=\"w-tabs-section-title\" itemprop=\"name\">Wie viele T\u00e4nzerinnen und T\u00e4nzer nehmen an der Biennale 2026 teil?<\/h3><div class=\"w-tabs-section-control\"><\/div><\/button><div  class=\"w-tabs-section-content\" id=\"content-c638\" itemscope itemprop=\"acceptedAnswer\" itemtype=\"https:\/\/schema.org\/Answer\"><div class=\"w-tabs-section-content-h i-cf\" itemprop=\"text\"><div class=\"wpb_text_column\"><div class=\"wpb_wrapper\"><p>Die Organisation spricht von <strong>mehr als hundert T\u00e4nzerinnen und T\u00e4nzern<\/strong> im Verlauf der Ausgabe. Dazu geh\u00f6ren Solistinnen und Solisten, Compagnien, Ensembles und K\u00fcnstler, die in Galas und gemischten Formaten auftreten.<\/p>\n<\/div><\/div><\/div><\/div><\/div><div class=\"w-tabs-section\" id=\"m752\" itemscope itemprop=\"mainEntity\" itemtype=\"https:\/\/schema.org\/Question\"><button type=\"button\" class=\"w-tabs-section-header\" aria-controls=\"content-m752\" aria-expanded=\"false\"><h3 class=\"w-tabs-section-title\" itemprop=\"name\">Wer sind die gro\u00dfen Tanzfiguren der Biennale 2026?<\/h3><div class=\"w-tabs-section-control\"><\/div><\/button><div  class=\"w-tabs-section-content\" id=\"content-m752\" itemscope itemprop=\"acceptedAnswer\" itemtype=\"https:\/\/schema.org\/Answer\"><div class=\"w-tabs-section-content-h i-cf\" itemprop=\"text\"><div class=\"wpb_text_column\"><div class=\"wpb_wrapper\"><p>Zu den wichtigsten Namen geh\u00f6ren Sara Baras, Israel Galv\u00e1n, Manuel Li\u00f1\u00e1n, Farruquito, Andr\u00e9s Mar\u00edn, Olga Pericet, Ana Morales, Pastora Galv\u00e1n, David Coria, Alfonso Losa, Isabel Bay\u00f3n, Patricia Guerrero, Rafaela Carrasco und Mar\u00eda Moreno.<\/p>\n<\/div><\/div><\/div><\/div><\/div><div class=\"w-tabs-section\" id=\"v891\" itemscope itemprop=\"mainEntity\" itemtype=\"https:\/\/schema.org\/Question\"><button type=\"button\" class=\"w-tabs-section-header\" aria-controls=\"content-v891\" aria-expanded=\"false\"><h3 class=\"w-tabs-section-title\" itemprop=\"name\">Welche jungen T\u00e4nzerinnen und T\u00e4nzer fallen 2026 besonders auf?<\/h3><div class=\"w-tabs-section-control\"><\/div><\/button><div  class=\"w-tabs-section-content\" id=\"content-v891\" itemscope itemprop=\"acceptedAnswer\" itemtype=\"https:\/\/schema.org\/Answer\"><div class=\"w-tabs-section-content-h i-cf\" itemprop=\"text\"><div class=\"wpb_text_column\"><div class=\"wpb_wrapper\"><p>Die Biennale hebt besonders Juan Tom\u00e1s de la Mol\u00eda, \u00c1gueda Saavedra und Sara Jim\u00e9nez hervor, die im Programm eigene Hauptrollen \u00fcbernehmen. Junge Interpretinnen und Interpreten sind au\u00dferdem in Compagnien und Projekten etablierter K\u00fcnstler vertreten.<\/p>\n<\/div><\/div><\/div><\/div><\/div><div class=\"w-tabs-section\" id=\"z9d1\" itemscope itemprop=\"mainEntity\" itemtype=\"https:\/\/schema.org\/Question\"><button type=\"button\" class=\"w-tabs-section-header\" aria-controls=\"content-z9d1\" aria-expanded=\"false\"><h3 class=\"w-tabs-section-title\" itemprop=\"name\">Wann tritt Sara Baras auf?<\/h3><div class=\"w-tabs-section-control\"><\/div><\/button><div  class=\"w-tabs-section-content\" id=\"content-z9d1\" itemscope itemprop=\"acceptedAnswer\" itemtype=\"https:\/\/schema.org\/Answer\"><div class=\"w-tabs-section-content-h i-cf\" itemprop=\"text\"><div class=\"wpb_text_column\"><div class=\"wpb_wrapper\"><p>Sara Baras pr\u00e4sentiert <em>Infinita<\/em> am 11., 12. und 13. September 2026 im Teatro de la Maestranza. Es ist eine Urauff\u00fchrung und ihre R\u00fcckkehr zur Biennale nach vierzehn Jahren.<\/p>\n<\/div><\/div><\/div><\/div><\/div><div class=\"w-tabs-section\" id=\"oaf6\" itemscope itemprop=\"mainEntity\" itemtype=\"https:\/\/schema.org\/Question\"><button type=\"button\" class=\"w-tabs-section-header\" aria-controls=\"content-oaf6\" aria-expanded=\"false\"><h3 class=\"w-tabs-section-title\" itemprop=\"name\">Welche Produktion zeigt Israel Galv\u00e1n?<\/h3><div class=\"w-tabs-section-control\"><\/div><\/button><div  class=\"w-tabs-section-content\" id=\"content-oaf6\" itemscope itemprop=\"acceptedAnswer\" itemtype=\"https:\/\/schema.org\/Answer\"><div class=\"w-tabs-section-content-h i-cf\" itemprop=\"text\"><div class=\"wpb_text_column\"><div class=\"wpb_wrapper\"><p>Israel Galv\u00e1n premieren <em>Bolero de blanco y negro<\/em> am 26. September im Teatro de la Maestranza. Das Werk tritt mit Maurice Ravels Musik und anderen Boleros aus seiner choreografischen Sprache heraus in Dialog.<\/p>\n<\/div><\/div><\/div><\/div><\/div><div class=\"w-tabs-section\" id=\"tc06\" itemscope itemprop=\"mainEntity\" itemtype=\"https:\/\/schema.org\/Question\"><button type=\"button\" class=\"w-tabs-section-header\" aria-controls=\"content-tc06\" aria-expanded=\"false\"><h3 class=\"w-tabs-section-title\" itemprop=\"name\">Wo konzentriert sich der experimentellste Tanz?<\/h3><div class=\"w-tabs-section-control\"><\/div><\/button><div  class=\"w-tabs-section-content\" id=\"content-tc06\" itemscope itemprop=\"acceptedAnswer\" itemtype=\"https:\/\/schema.org\/Answer\"><div class=\"w-tabs-section-content-h i-cf\" itemprop=\"text\"><div class=\"wpb_text_column\"><div class=\"wpb_wrapper\"><p>Das Teatro Central b\u00fcndelt mehrere Arbeiten, die besonders auf Forschung und zeitgen\u00f6ssische Kreation ausgerichtet sind, unter anderem mit Olga Pericet, Juan Tom\u00e1s de la Mol\u00eda und \u00c1gueda Saavedra, Andr\u00e9s Mar\u00edn und Sara Jim\u00e9nez.<\/p>\n<\/div><\/div><\/div><\/div><\/div><div class=\"w-tabs-section\" id=\"yd65\" itemscope itemprop=\"mainEntity\" itemtype=\"https:\/\/schema.org\/Question\"><button type=\"button\" class=\"w-tabs-section-header\" aria-controls=\"content-yd65\" aria-expanded=\"false\"><h3 class=\"w-tabs-section-title\" itemprop=\"name\">Gibt es Tanzauff\u00fchrungen in der Real F\u00e1brica de Artiller\u00eda?<\/h3><div class=\"w-tabs-section-control\"><\/div><\/button><div  class=\"w-tabs-section-content\" id=\"content-yd65\" itemscope itemprop=\"acceptedAnswer\" itemtype=\"https:\/\/schema.org\/Answer\"><div class=\"w-tabs-section-content-h i-cf\" itemprop=\"text\"><div class=\"wpb_text_column\"><div class=\"wpb_wrapper\"><p>Ja. Ana Morales premieren dort <em>Rapsodia. Fantas\u00eda subterr\u00e1nea<\/em> am 13. und 14. September, und Mar\u00eda Moreno wirkt am 23. September in <em>Trilog\u00eda. Al baile<\/em> mit Pablo Mart\u00edn Caminero mit.<\/p>\n<\/div><\/div><\/div><\/div><\/div><div class=\"w-tabs-section\" id=\"beaa\" itemscope itemprop=\"mainEntity\" itemtype=\"https:\/\/schema.org\/Question\"><button type=\"button\" class=\"w-tabs-section-header\" aria-controls=\"content-beaa\" aria-expanded=\"false\"><h3 class=\"w-tabs-section-title\" itemprop=\"name\">Was ist eine gute Wahl, um die neue Generation zu entdecken?<\/h3><div class=\"w-tabs-section-control\"><\/div><\/button><div  class=\"w-tabs-section-content\" id=\"content-beaa\" itemscope itemprop=\"acceptedAnswer\" itemtype=\"https:\/\/schema.org\/Answer\"><div class=\"w-tabs-section-content-h i-cf\" itemprop=\"text\"><div class=\"wpb_text_column\"><div class=\"wpb_wrapper\"><p><em>Te atrevo<\/em>von Juan Tom\u00e1s de la Mol\u00eda und \u00c1gueda Saavedra am 23. September sowie <em>La compa\u00f1\u00eda<\/em>von Sara Jim\u00e9nez am 29. September sind zwei der klarsten Termine, um neue Sch\u00f6pfer zu verfolgen.<\/p>\n<\/div><\/div><\/div><\/div><\/div><div class=\"w-tabs-section\" id=\"qff2\" itemscope itemprop=\"mainEntity\" itemtype=\"https:\/\/schema.org\/Question\"><button type=\"button\" class=\"w-tabs-section-header\" aria-controls=\"content-qff2\" aria-expanded=\"false\"><h3 class=\"w-tabs-section-title\" itemprop=\"name\">Wo kann ich Preise sehen und Tickets kaufen?<\/h3><div class=\"w-tabs-section-control\"><\/div><\/button><div  class=\"w-tabs-section-content\" id=\"content-qff2\" itemscope itemprop=\"acceptedAnswer\" itemtype=\"https:\/\/schema.org\/Answer\"><div class=\"w-tabs-section-content-h i-cf\" itemprop=\"text\"><div class=\"wpb_text_column\"><div class=\"wpb_wrapper\"><p>Der Verkauf erfolgt \u00fcber die offiziellen Kan\u00e4le, die in jeder Biennale-Veranstaltungsseite angegeben sind. Au\u00dferdem kannst du unseren <a href=\"https:\/\/www.tablaosflamencos.com\/bienal-flamenco-2026-entradas-precios-descuentos.html\"><strong>Guide zu Tickets, Preisen und Erm\u00e4\u00dfigungen der Biennale 2026<\/strong><\/a>.<\/p>\n<\/div><\/div><\/div><\/div><\/div><\/div><\/div><\/div><\/div><\/div><div class=\"vc_col-sm-1\/5 wpb_column vc_column_container\"><div class=\"vc_column-inner\"><div class=\"wpb_wrapper\"><\/div><\/div><\/div><\/div><\/div><\/section><section class=\"l-section wpb_row height_huge\"><div class=\"l-section-h i-cf\"><div class=\"g-cols vc_row via_flex valign_top type_default stacking_default\"><div class=\"vc_col-sm-6 wpb_column vc_column_container\"><div class=\"vc_column-inner\"><div class=\"wpb_wrapper\"><div class=\"wpb_text_column\"><div class=\"wpb_wrapper\"><h2>Vom Erbe zur Zukunft: eine Biennale, die sich tanzend erkl\u00e4rt<\/h2>\n<p>Der Tanz der Biennale 2026 funktioniert nicht als unabh\u00e4ngiger Block innerhalb des Festivals. Er ist mit Gesang, Gitarre, Erinnerung, Spielst\u00e4tten und der Entwicklung des Flamenco als B\u00fchnenkunst verbunden.<\/p>\n<p>Die gro\u00dfen Figuren zeigen, wohin eine reife Laufbahn f\u00fchren kann. Etablierte Sch\u00f6pfer beweisen, dass es viele Arten der Forschung gibt, ohne die Wurzeln zu verlassen. Und die junge Generation beginnt einen Raum einzunehmen, in dem gutes Ausf\u00fchren nicht mehr gen\u00fcgt: <strong>man muss vorschlagen, f\u00fchren, signieren und einen eigenen Blick entwickeln<\/strong>.<\/p>\n<\/div><\/div><\/div><\/div><\/div><div class=\"vc_col-sm-6 wpb_column vc_column_container\"><div class=\"vc_column-inner\"><div class=\"wpb_wrapper\"><div class=\"wpb_text_column\"><div class=\"wpb_wrapper\"><h3>Eine k\u00f6rperliche Lesart des Generationswechsels<\/h3>\n<p>Dieser Dialog zwischen Autorit\u00e4t und Erneuerung macht den Tanz zu einem der besten Zug\u00e4nge, um die XXIV. Flamenco-Biennale von Sevilla zu verstehen.<\/p>\n<p>Wenn der Gesang die Weitergabe h\u00f6rbar macht und die Gitarre zeigt, wie sich das Spiel ver\u00e4ndert, macht der Tanz sie k\u00f6rperlich sichtbar: <strong>Vergangenheit, Gegenwart und Zukunft auf derselben B\u00fchne<\/strong>.<\/p>\n<\/div><\/div><\/div><\/div><\/div><\/div><\/div><\/section><section class=\"l-section wpb_row height_huge color_alternate with_shape\"><div class=\"l-section-shape type_zigzag pos_top\" style=\"height:3vmin;\"><svg xmlns=\"http:\/\/www.w3.org\/2000\/svg\" viewBox=\"0 0 64 8\" preserveAspectRatio=\"none\" width=\"100%\" height=\"100%\">\r\n\t<path fill=\"currentColor\" d=\"M64 8 L0 8 L0 0 L20 7.9 L40 3 L48 5 L64 0 Z\"\/>\r\n<\/svg><\/div><div class=\"l-section-shape type_zigzag pos_bottom\" style=\"height:3vmin;\"><svg xmlns=\"http:\/\/www.w3.org\/2000\/svg\" viewBox=\"0 0 64 8\" preserveAspectRatio=\"none\" width=\"100%\" height=\"100%\">\r\n\t<path fill=\"currentColor\" d=\"M64 8 L0 8 L0 0 L20 7.9 L40 3 L48 5 L64 0 Z\"\/>\r\n<\/svg><\/div><div class=\"l-section-h i-cf\"><div class=\"g-cols vc_row via_flex valign_top type_default stacking_default\"><div class=\"vc_col-sm-12 wpb_column vc_column_container\"><div class=\"vc_column-inner\"><div class=\"wpb_wrapper\"><div class=\"wpb_text_column\"><div class=\"wpb_wrapper\"><h2>Quellen und Aktualisierung<\/h2>\n<p>Informationen abgeglichen mit dem <a href=\"https:\/\/www.labienal.com\/programa-general\" target=\"_blank\" rel=\"noopener\"><strong>offiziellen Programm der XXIV. Flamenco-Biennale von Sevilla<\/strong><\/a>, den einzelnen Veranstaltungsseiten und den offiziellen Informationen der Biennale zu Tanz und choreografischer Kreation 2026.<\/p>\n<p>Daten gepr\u00fcft am <strong>3. September 2026<\/strong>. Die Organisation kann Uhrzeiten, Verf\u00fcgbarkeit, Besetzungen oder Produktionsdetails \u00e4ndern.<\/p>\n<\/div><\/div><\/div><\/div><\/div><\/div><\/div><\/section>\n","protected":false},"excerpt":{"rendered":"<p>Guide zum Tanz bei der Flamenco-Biennale Sevilla 2026: gro\u00dfe Namen, neue Talente, Premieren, Spielst\u00e4tten und wichtige Termine f\u00fcr Tanzfans.<\/p>\n","protected":false},"author":1,"featured_media":14270,"comment_status":"closed","ping_status":"closed","sticky":false,"template":"","format":"standard","meta":{"_acf_changed":false,"wpai_generated_summary":"","_ayudawp_aiss_exclude":false,"_ayudawp_aiss_exclude_summary":false,"_ayudawp_aiss_summary":"","_ayudawp_aiss_summary_provider":"","_ayudawp_aiss_summary_hash":"","footnotes":""},"categories":[1431],"tags":[1244,1863,1245,1246,1247,1166,1416,1869,405],"class_list":["post-14278","post","type-post","status-publish","format-standard","has-post-thumbnail","hentry","category-flamenco-biennale","tag-agenda-flamenca","tag-aktivitaeten-in-sevilla","tag-bienal-2026","tag-bienal-de-flamenco","tag-festivales-flamencos","tag-flamenco-en-sevilla","tag-flamenco-tanz","tag-sehenswuerdigkeiten-in-sevilla","tag-sevilla"],"acf":[],"yoast_head":"<!-- This site is optimized with the Yoast SEO Premium plugin v28.4 (Yoast SEO v28.4) - https:\/\/yoast.com\/product\/yoast-seo-premium-wordpress\/ -->\n<title>Tanz bei der Flamenco-Biennale Sevilla 2026: Stars und neue Generation<\/title>\n<meta name=\"description\" content=\"Guide zum Tanz bei der Flamenco-Biennale Sevilla 2026: Sara Baras, Israel Galv\u00e1n, Manuel Li\u00f1\u00e1n, Farruquito, neue Talente, Premieren und wichtige Termine.\" \/>\n<meta name=\"robots\" content=\"index, follow, max-snippet:-1, max-image-preview:large, max-video-preview:-1\" \/>\n<link rel=\"canonical\" href=\"https:\/\/www.tablaosflamencos.com\/de\/flamenco-tanz-biennale-sevilla-2026.html\" \/>\n<meta property=\"og:locale\" content=\"de_DE\" \/>\n<meta property=\"og:type\" content=\"article\" \/>\n<meta property=\"og:title\" content=\"Der Tanz bei der Flamenco-Biennale 2026: von den gro\u00dfen Namen zur neuen Generation\" \/>\n<meta property=\"og:description\" content=\"Guide zum Tanz bei der Flamenco-Biennale Sevilla 2026: Sara Baras, Israel Galv\u00e1n, Manuel Li\u00f1\u00e1n, Farruquito, neue Talente, Premieren und wichtige Termine.\" \/>\n<meta property=\"og:url\" content=\"https:\/\/www.tablaosflamencos.com\/de\/flamenco-tanz-biennale-sevilla-2026.html\" \/>\n<meta property=\"og:site_name\" content=\"Tablaos Flamencos\" \/>\n<meta property=\"article:publisher\" content=\"https:\/\/www.facebook.com\/tablaosflamencos\" \/>\n<meta property=\"article:published_time\" content=\"2026-09-03T21:17:01+00:00\" \/>\n<meta property=\"article:modified_time\" content=\"2026-09-03T21:56:56+00:00\" \/>\n<meta property=\"og:image\" content=\"https:\/\/www.tablaosflamencos.com\/wp-content\/uploads\/el-baile-en-la-bienal-2026-de-las-grandes-figuras-a-la-nueva-generacion-01.webp\" \/>\n\t<meta property=\"og:image:width\" content=\"1672\" \/>\n\t<meta property=\"og:image:height\" content=\"941\" \/>\n\t<meta property=\"og:image:type\" content=\"image\/webp\" \/>\n<meta name=\"author\" content=\"Miguel Ortiz\" \/>\n<meta name=\"twitter:card\" content=\"summary_large_image\" \/>\n<meta name=\"twitter:creator\" content=\"@tablaosflamenco\" \/>\n<meta name=\"twitter:site\" content=\"@tablaosflamenco\" \/>\n<meta name=\"twitter:label1\" content=\"Verfasst von\" \/>\n\t<meta name=\"twitter:data1\" content=\"Miguel Ortiz\" \/>\n\t<meta name=\"twitter:label2\" content=\"Gesch\u00e4tzte Lesezeit\" \/>\n\t<meta name=\"twitter:data2\" content=\"19\u00a0Minuten\" \/>\n<script type=\"application\/ld+json\" class=\"yoast-schema-graph\">{\"@context\":\"https:\\\/\\\/schema.org\",\"@graph\":[{\"@type\":\"Article\",\"@id\":\"https:\\\/\\\/www.tablaosflamencos.com\\\/de\\\/flamenco-tanz-biennale-sevilla-2026.html#article\",\"isPartOf\":{\"@id\":\"https:\\\/\\\/www.tablaosflamencos.com\\\/de\\\/flamenco-tanz-biennale-sevilla-2026.html\"},\"author\":{\"name\":\"Miguel Ortiz\",\"@id\":\"https:\\\/\\\/www.tablaosflamencos.com\\\/de#\\\/schema\\\/person\\\/e7a9ebe14eb75a52ceabfbffb3c54f5d\"},\"headline\":\"Der Tanz bei der Flamenco-Biennale 2026: von den gro\u00dfen Namen zur neuen Generation\",\"datePublished\":\"2026-09-03T21:17:01+00:00\",\"dateModified\":\"2026-09-03T21:56:56+00:00\",\"mainEntityOfPage\":{\"@id\":\"https:\\\/\\\/www.tablaosflamencos.com\\\/de\\\/flamenco-tanz-biennale-sevilla-2026.html\"},\"wordCount\":3772,\"publisher\":{\"@id\":\"https:\\\/\\\/www.tablaosflamencos.com\\\/de#organization\"},\"image\":{\"@id\":\"https:\\\/\\\/www.tablaosflamencos.com\\\/de\\\/flamenco-tanz-biennale-sevilla-2026.html#primaryimage\"},\"thumbnailUrl\":\"https:\\\/\\\/www.tablaosflamencos.com\\\/wp-content\\\/uploads\\\/el-baile-en-la-bienal-2026-de-las-grandes-figuras-a-la-nueva-generacion-01.webp\",\"keywords\":[\"agenda flamenca\",\"Aktivit\u00e4ten in Sevilla\",\"Bienal 2026\",\"Bienal de Flamenco\",\"festivales flamencos\",\"flamenco en Sevilla\",\"Flamenco-Tanz\",\"Sehensw\u00fcrdigkeiten in Sevilla\",\"sevilla\"],\"articleSection\":[\"Flamenco-Biennale\"],\"inLanguage\":\"de\"},{\"@type\":\"WebPage\",\"@id\":\"https:\\\/\\\/www.tablaosflamencos.com\\\/de\\\/flamenco-tanz-biennale-sevilla-2026.html\",\"url\":\"https:\\\/\\\/www.tablaosflamencos.com\\\/de\\\/flamenco-tanz-biennale-sevilla-2026.html\",\"name\":\"Tanz bei der Flamenco-Biennale Sevilla 2026: Stars und neue Generation\",\"isPartOf\":{\"@id\":\"https:\\\/\\\/www.tablaosflamencos.com\\\/de#website\"},\"primaryImageOfPage\":{\"@id\":\"https:\\\/\\\/www.tablaosflamencos.com\\\/de\\\/flamenco-tanz-biennale-sevilla-2026.html#primaryimage\"},\"image\":{\"@id\":\"https:\\\/\\\/www.tablaosflamencos.com\\\/de\\\/flamenco-tanz-biennale-sevilla-2026.html#primaryimage\"},\"thumbnailUrl\":\"https:\\\/\\\/www.tablaosflamencos.com\\\/wp-content\\\/uploads\\\/el-baile-en-la-bienal-2026-de-las-grandes-figuras-a-la-nueva-generacion-01.webp\",\"datePublished\":\"2026-09-03T21:17:01+00:00\",\"dateModified\":\"2026-09-03T21:56:56+00:00\",\"description\":\"Guide zum Tanz bei der Flamenco-Biennale Sevilla 2026: Sara Baras, Israel Galv\u00e1n, Manuel Li\u00f1\u00e1n, Farruquito, neue Talente, Premieren und wichtige Termine.\",\"breadcrumb\":{\"@id\":\"https:\\\/\\\/www.tablaosflamencos.com\\\/de\\\/flamenco-tanz-biennale-sevilla-2026.html#breadcrumb\"},\"inLanguage\":\"de\",\"potentialAction\":[{\"@type\":\"ReadAction\",\"target\":[\"https:\\\/\\\/www.tablaosflamencos.com\\\/de\\\/flamenco-tanz-biennale-sevilla-2026.html\"]}]},{\"@type\":\"ImageObject\",\"inLanguage\":\"de\",\"@id\":\"https:\\\/\\\/www.tablaosflamencos.com\\\/de\\\/flamenco-tanz-biennale-sevilla-2026.html#primaryimage\",\"url\":\"https:\\\/\\\/www.tablaosflamencos.com\\\/wp-content\\\/uploads\\\/el-baile-en-la-bienal-2026-de-las-grandes-figuras-a-la-nueva-generacion-01.webp\",\"contentUrl\":\"https:\\\/\\\/www.tablaosflamencos.com\\\/wp-content\\\/uploads\\\/el-baile-en-la-bienal-2026-de-las-grandes-figuras-a-la-nueva-generacion-01.webp\",\"width\":1672,\"height\":941,\"caption\":\"El baile en la Bienal 2026: de las grandes figuras a la nueva generaci\u00f3n\"},{\"@type\":\"BreadcrumbList\",\"@id\":\"https:\\\/\\\/www.tablaosflamencos.com\\\/de\\\/flamenco-tanz-biennale-sevilla-2026.html#breadcrumb\",\"itemListElement\":[{\"@type\":\"ListItem\",\"position\":1,\"name\":\"Home\",\"item\":\"https:\\\/\\\/www.tablaosflamencos.com\\\/de\"},{\"@type\":\"ListItem\",\"position\":2,\"name\":\"Der Tanz bei der Flamenco-Biennale 2026: von den gro\u00dfen Namen zur neuen Generation\"}]},{\"@type\":\"WebSite\",\"@id\":\"https:\\\/\\\/www.tablaosflamencos.com\\\/de#website\",\"url\":\"https:\\\/\\\/www.tablaosflamencos.com\\\/de\",\"name\":\"Tablaos Flamencos\",\"description\":\"Entradas para tablaos flamencos de Espa\u00f1a\",\"publisher\":{\"@id\":\"https:\\\/\\\/www.tablaosflamencos.com\\\/de#organization\"},\"alternateName\":\"Tablaos Flamencos\",\"potentialAction\":[{\"@type\":\"SearchAction\",\"target\":{\"@type\":\"EntryPoint\",\"urlTemplate\":\"https:\\\/\\\/www.tablaosflamencos.com\\\/de?s={search_term_string}\"},\"query-input\":{\"@type\":\"PropertyValueSpecification\",\"valueRequired\":true,\"valueName\":\"search_term_string\"}}],\"inLanguage\":\"de\"},{\"@type\":[\"Organization\",\"Place\",\"EntertainmentBusiness\"],\"@id\":\"https:\\\/\\\/www.tablaosflamencos.com\\\/de#organization\",\"name\":\"Tablaos Flamencos\",\"alternateName\":\"Tablaos Flamencos\",\"url\":\"https:\\\/\\\/www.tablaosflamencos.com\\\/de\",\"logo\":{\"@id\":\"https:\\\/\\\/www.tablaosflamencos.com\\\/de\\\/flamenco-tanz-biennale-sevilla-2026.html#local-main-organization-logo\"},\"image\":{\"@id\":\"https:\\\/\\\/www.tablaosflamencos.com\\\/de\\\/flamenco-tanz-biennale-sevilla-2026.html#local-main-organization-logo\"},\"sameAs\":[\"https:\\\/\\\/www.facebook.com\\\/tablaosflamencos\",\"https:\\\/\\\/x.com\\\/tablaosflamenco\",\"https:\\\/\\\/mastodon.social\\\/@tablaosflamencos\",\"https:\\\/\\\/www.instagram.com\\\/tablaosflamencos\",\"https:\\\/\\\/tiktok.com\\\/@tablaosflamencos\",\"https:\\\/\\\/www.linkedin.com\\\/company\\\/109408238\\\/\"],\"description\":\"Venta de entradas para espect\u00e1culos flamencos\",\"legalName\":\"Tablaos Flamencos\",\"foundingDate\":\"2015-01-01\",\"numberOfEmployees\":{\"@type\":\"QuantitativeValue\",\"minValue\":\"1\",\"maxValue\":\"10\"},\"address\":{\"@id\":\"https:\\\/\\\/www.tablaosflamencos.com\\\/de\\\/flamenco-tanz-biennale-sevilla-2026.html#local-main-place-address\"},\"geo\":{\"@type\":\"GeoCoordinates\",\"latitude\":\"37.3868072\",\"longitude\":\"-5.993280299999999\"},\"telephone\":[\"+34623787787\"],\"contactPoint\":{\"@type\":\"ContactPoint\",\"telephone\":\"+34623787787\",\"email\":\"info@tablaosflamencos.com\"},\"openingHoursSpecification\":{\"@type\":\"OpeningHoursSpecification\",\"dayOfWeek\":[\"Monday\",\"Tuesday\",\"Wednesday\",\"Thursday\",\"Friday\",\"Saturday\",\"Sunday\"],\"opens\":\"00:00\",\"closes\":\"23:59\"},\"email\":\"info@tablaosflamencos.com\",\"priceRange\":\"$$$\",\"currenciesAccepted\":\"\u20ac\"},{\"@type\":\"Person\",\"@id\":\"https:\\\/\\\/www.tablaosflamencos.com\\\/de#\\\/schema\\\/person\\\/e7a9ebe14eb75a52ceabfbffb3c54f5d\",\"name\":\"Miguel Ortiz\",\"description\":\"Miguel Ortiz es un empresario flamenco, con una s\u00f3lida trayectoria dentro del sector. Ha presidido entidades culturales vinculadas al flamenco y, cuenta con un amplio recorrido profesional en la gesti\u00f3n y promoci\u00f3n de espect\u00e1culos y tablaos flamencos. Su pasi\u00f3n por la historia y el arte flamenco se refleja en cada art\u00edculo, donde combina experiencia, criterio y un profundo respeto por la tradici\u00f3n.\",\"sameAs\":[\"https:\\\/\\\/www.tablaosflamencos.com\",\"https:\\\/\\\/www.instagra.com\\\/miguelortizfe\",\"https:\\\/\\\/www.linkedin.com\\\/in\\\/miguelortizf\\\/\"],\"birthDate\":\"1984-11-22\",\"gender\":\"hombre\",\"knowsLanguage\":[\"espa\u00f1ol\",\"ingl\u00e9s\"],\"jobTitle\":\"Empresario flamenco\"},{\"@type\":\"PostalAddress\",\"@id\":\"https:\\\/\\\/www.tablaosflamencos.com\\\/de\\\/flamenco-tanz-biennale-sevilla-2026.html#local-main-place-address\",\"streetAddress\":\"C\\\/ Alemanes, 19\",\"addressLocality\":\"Sevilla\",\"postalCode\":\"41004\",\"addressRegion\":\"Sevilla\",\"addressCountry\":\"ES\"},{\"@type\":\"ImageObject\",\"inLanguage\":\"de\",\"@id\":\"https:\\\/\\\/www.tablaosflamencos.com\\\/de\\\/flamenco-tanz-biennale-sevilla-2026.html#local-main-organization-logo\",\"url\":\"https:\\\/\\\/www.tablaosflamencos.com\\\/wp-content\\\/uploads\\\/tablaos-flamencos-06-3.webp\",\"contentUrl\":\"https:\\\/\\\/www.tablaosflamencos.com\\\/wp-content\\\/uploads\\\/tablaos-flamencos-06-3.webp\",\"width\":600,\"height\":620,\"caption\":\"Tablaos Flamencos\"}]}<\/script>\n<meta name=\"geo.placename\" content=\"Sevilla\" \/>\n<meta name=\"geo.position\" content=\"37.3868072;-5.993280299999999\" \/>\n<meta name=\"geo.region\" content=\"Spanien\" \/>\n<!-- \/ Yoast SEO Premium plugin. -->","yoast_head_json":{"title":"Tanz bei der Flamenco-Biennale Sevilla 2026: Stars und neue Generation","description":"Guide zum Tanz bei der Flamenco-Biennale Sevilla 2026: Sara Baras, Israel Galv\u00e1n, Manuel Li\u00f1\u00e1n, Farruquito, neue Talente, Premieren und wichtige Termine.","robots":{"index":"index","follow":"follow","max-snippet":"max-snippet:-1","max-image-preview":"max-image-preview:large","max-video-preview":"max-video-preview:-1"},"canonical":"https:\/\/www.tablaosflamencos.com\/de\/flamenco-tanz-biennale-sevilla-2026.html","og_locale":"de_DE","og_type":"article","og_title":"Der Tanz bei der Flamenco-Biennale 2026: von den gro\u00dfen Namen zur neuen Generation","og_description":"Guide zum Tanz bei der Flamenco-Biennale Sevilla 2026: Sara Baras, Israel Galv\u00e1n, Manuel Li\u00f1\u00e1n, Farruquito, neue Talente, Premieren und wichtige Termine.","og_url":"https:\/\/www.tablaosflamencos.com\/de\/flamenco-tanz-biennale-sevilla-2026.html","og_site_name":"Tablaos Flamencos","article_publisher":"https:\/\/www.facebook.com\/tablaosflamencos","article_published_time":"2026-09-03T21:17:01+00:00","article_modified_time":"2026-09-03T21:56:56+00:00","og_image":[{"width":1672,"height":941,"url":"https:\/\/www.tablaosflamencos.com\/wp-content\/uploads\/el-baile-en-la-bienal-2026-de-las-grandes-figuras-a-la-nueva-generacion-01.webp","type":"image\/webp"}],"author":"Miguel Ortiz","twitter_card":"summary_large_image","twitter_creator":"@tablaosflamenco","twitter_site":"@tablaosflamenco","twitter_misc":{"Verfasst von":"Miguel Ortiz","Gesch\u00e4tzte Lesezeit":"19\u00a0Minuten"},"schema":{"@context":"https:\/\/schema.org","@graph":[{"@type":"Article","@id":"https:\/\/www.tablaosflamencos.com\/de\/flamenco-tanz-biennale-sevilla-2026.html#article","isPartOf":{"@id":"https:\/\/www.tablaosflamencos.com\/de\/flamenco-tanz-biennale-sevilla-2026.html"},"author":{"name":"Miguel Ortiz","@id":"https:\/\/www.tablaosflamencos.com\/de#\/schema\/person\/e7a9ebe14eb75a52ceabfbffb3c54f5d"},"headline":"Der Tanz bei der Flamenco-Biennale 2026: von den gro\u00dfen Namen zur neuen Generation","datePublished":"2026-09-03T21:17:01+00:00","dateModified":"2026-09-03T21:56:56+00:00","mainEntityOfPage":{"@id":"https:\/\/www.tablaosflamencos.com\/de\/flamenco-tanz-biennale-sevilla-2026.html"},"wordCount":3772,"publisher":{"@id":"https:\/\/www.tablaosflamencos.com\/de#organization"},"image":{"@id":"https:\/\/www.tablaosflamencos.com\/de\/flamenco-tanz-biennale-sevilla-2026.html#primaryimage"},"thumbnailUrl":"https:\/\/www.tablaosflamencos.com\/wp-content\/uploads\/el-baile-en-la-bienal-2026-de-las-grandes-figuras-a-la-nueva-generacion-01.webp","keywords":["agenda flamenca","Aktivit\u00e4ten in Sevilla","Bienal 2026","Bienal de Flamenco","festivales flamencos","flamenco en Sevilla","Flamenco-Tanz","Sehensw\u00fcrdigkeiten in Sevilla","sevilla"],"articleSection":["Flamenco-Biennale"],"inLanguage":"de"},{"@type":"WebPage","@id":"https:\/\/www.tablaosflamencos.com\/de\/flamenco-tanz-biennale-sevilla-2026.html","url":"https:\/\/www.tablaosflamencos.com\/de\/flamenco-tanz-biennale-sevilla-2026.html","name":"Tanz bei der Flamenco-Biennale Sevilla 2026: Stars und neue Generation","isPartOf":{"@id":"https:\/\/www.tablaosflamencos.com\/de#website"},"primaryImageOfPage":{"@id":"https:\/\/www.tablaosflamencos.com\/de\/flamenco-tanz-biennale-sevilla-2026.html#primaryimage"},"image":{"@id":"https:\/\/www.tablaosflamencos.com\/de\/flamenco-tanz-biennale-sevilla-2026.html#primaryimage"},"thumbnailUrl":"https:\/\/www.tablaosflamencos.com\/wp-content\/uploads\/el-baile-en-la-bienal-2026-de-las-grandes-figuras-a-la-nueva-generacion-01.webp","datePublished":"2026-09-03T21:17:01+00:00","dateModified":"2026-09-03T21:56:56+00:00","description":"Guide zum Tanz bei der Flamenco-Biennale Sevilla 2026: Sara Baras, Israel Galv\u00e1n, Manuel Li\u00f1\u00e1n, Farruquito, neue Talente, Premieren und wichtige Termine.","breadcrumb":{"@id":"https:\/\/www.tablaosflamencos.com\/de\/flamenco-tanz-biennale-sevilla-2026.html#breadcrumb"},"inLanguage":"de","potentialAction":[{"@type":"ReadAction","target":["https:\/\/www.tablaosflamencos.com\/de\/flamenco-tanz-biennale-sevilla-2026.html"]}]},{"@type":"ImageObject","inLanguage":"de","@id":"https:\/\/www.tablaosflamencos.com\/de\/flamenco-tanz-biennale-sevilla-2026.html#primaryimage","url":"https:\/\/www.tablaosflamencos.com\/wp-content\/uploads\/el-baile-en-la-bienal-2026-de-las-grandes-figuras-a-la-nueva-generacion-01.webp","contentUrl":"https:\/\/www.tablaosflamencos.com\/wp-content\/uploads\/el-baile-en-la-bienal-2026-de-las-grandes-figuras-a-la-nueva-generacion-01.webp","width":1672,"height":941,"caption":"El baile en la Bienal 2026: de las grandes figuras a la nueva generaci\u00f3n"},{"@type":"BreadcrumbList","@id":"https:\/\/www.tablaosflamencos.com\/de\/flamenco-tanz-biennale-sevilla-2026.html#breadcrumb","itemListElement":[{"@type":"ListItem","position":1,"name":"Home","item":"https:\/\/www.tablaosflamencos.com\/de"},{"@type":"ListItem","position":2,"name":"Der Tanz bei der Flamenco-Biennale 2026: von den gro\u00dfen Namen zur neuen Generation"}]},{"@type":"WebSite","@id":"https:\/\/www.tablaosflamencos.com\/de#website","url":"https:\/\/www.tablaosflamencos.com\/de","name":"Tablaos Flamencos","description":"Entradas para tablaos flamencos de Espa\u00f1a","publisher":{"@id":"https:\/\/www.tablaosflamencos.com\/de#organization"},"alternateName":"Tablaos Flamencos","potentialAction":[{"@type":"SearchAction","target":{"@type":"EntryPoint","urlTemplate":"https:\/\/www.tablaosflamencos.com\/de?s={search_term_string}"},"query-input":{"@type":"PropertyValueSpecification","valueRequired":true,"valueName":"search_term_string"}}],"inLanguage":"de"},{"@type":["Organization","Place","EntertainmentBusiness"],"@id":"https:\/\/www.tablaosflamencos.com\/de#organization","name":"Tablaos Flamencos","alternateName":"Tablaos Flamencos","url":"https:\/\/www.tablaosflamencos.com\/de","logo":{"@id":"https:\/\/www.tablaosflamencos.com\/de\/flamenco-tanz-biennale-sevilla-2026.html#local-main-organization-logo"},"image":{"@id":"https:\/\/www.tablaosflamencos.com\/de\/flamenco-tanz-biennale-sevilla-2026.html#local-main-organization-logo"},"sameAs":["https:\/\/www.facebook.com\/tablaosflamencos","https:\/\/x.com\/tablaosflamenco","https:\/\/mastodon.social\/@tablaosflamencos","https:\/\/www.instagram.com\/tablaosflamencos","https:\/\/tiktok.com\/@tablaosflamencos","https:\/\/www.linkedin.com\/company\/109408238\/"],"description":"Venta de entradas para espect\u00e1culos flamencos","legalName":"Tablaos Flamencos","foundingDate":"2015-01-01","numberOfEmployees":{"@type":"QuantitativeValue","minValue":"1","maxValue":"10"},"address":{"@id":"https:\/\/www.tablaosflamencos.com\/de\/flamenco-tanz-biennale-sevilla-2026.html#local-main-place-address"},"geo":{"@type":"GeoCoordinates","latitude":"37.3868072","longitude":"-5.993280299999999"},"telephone":["+34623787787"],"contactPoint":{"@type":"ContactPoint","telephone":"+34623787787","email":"info@tablaosflamencos.com"},"openingHoursSpecification":{"@type":"OpeningHoursSpecification","dayOfWeek":["Monday","Tuesday","Wednesday","Thursday","Friday","Saturday","Sunday"],"opens":"00:00","closes":"23:59"},"email":"info@tablaosflamencos.com","priceRange":"$$$","currenciesAccepted":"\u20ac"},{"@type":"Person","@id":"https:\/\/www.tablaosflamencos.com\/de#\/schema\/person\/e7a9ebe14eb75a52ceabfbffb3c54f5d","name":"Miguel Ortiz","description":"Miguel Ortiz es un empresario flamenco, con una s\u00f3lida trayectoria dentro del sector. Ha presidido entidades culturales vinculadas al flamenco y, cuenta con un amplio recorrido profesional en la gesti\u00f3n y promoci\u00f3n de espect\u00e1culos y tablaos flamencos. Su pasi\u00f3n por la historia y el arte flamenco se refleja en cada art\u00edculo, donde combina experiencia, criterio y un profundo respeto por la tradici\u00f3n.","sameAs":["https:\/\/www.tablaosflamencos.com","https:\/\/www.instagra.com\/miguelortizfe","https:\/\/www.linkedin.com\/in\/miguelortizf\/"],"birthDate":"1984-11-22","gender":"hombre","knowsLanguage":["espa\u00f1ol","ingl\u00e9s"],"jobTitle":"Empresario flamenco"},{"@type":"PostalAddress","@id":"https:\/\/www.tablaosflamencos.com\/de\/flamenco-tanz-biennale-sevilla-2026.html#local-main-place-address","streetAddress":"C\/ Alemanes, 19","addressLocality":"Sevilla","postalCode":"41004","addressRegion":"Sevilla","addressCountry":"ES"},{"@type":"ImageObject","inLanguage":"de","@id":"https:\/\/www.tablaosflamencos.com\/de\/flamenco-tanz-biennale-sevilla-2026.html#local-main-organization-logo","url":"https:\/\/www.tablaosflamencos.com\/wp-content\/uploads\/tablaos-flamencos-06-3.webp","contentUrl":"https:\/\/www.tablaosflamencos.com\/wp-content\/uploads\/tablaos-flamencos-06-3.webp","width":600,"height":620,"caption":"Tablaos Flamencos"}]},"geo.placename":"Sevilla","geo.position":{"lat":"37.3868072","long":"-5.993280299999999"},"geo.region":"Spanien"},"_links":{"self":[{"href":"https:\/\/www.tablaosflamencos.com\/de\/wp-json\/wp\/v2\/posts\/14278","targetHints":{"allow":["GET"]}}],"collection":[{"href":"https:\/\/www.tablaosflamencos.com\/de\/wp-json\/wp\/v2\/posts"}],"about":[{"href":"https:\/\/www.tablaosflamencos.com\/de\/wp-json\/wp\/v2\/types\/post"}],"author":[{"embeddable":true,"href":"https:\/\/www.tablaosflamencos.com\/de\/wp-json\/wp\/v2\/users\/1"}],"replies":[{"embeddable":true,"href":"https:\/\/www.tablaosflamencos.com\/de\/wp-json\/wp\/v2\/comments?post=14278"}],"version-history":[{"count":2,"href":"https:\/\/www.tablaosflamencos.com\/de\/wp-json\/wp\/v2\/posts\/14278\/revisions"}],"predecessor-version":[{"id":14305,"href":"https:\/\/www.tablaosflamencos.com\/de\/wp-json\/wp\/v2\/posts\/14278\/revisions\/14305"}],"wp:featuredmedia":[{"embeddable":true,"href":"https:\/\/www.tablaosflamencos.com\/de\/wp-json\/wp\/v2\/media\/14270"}],"wp:attachment":[{"href":"https:\/\/www.tablaosflamencos.com\/de\/wp-json\/wp\/v2\/media?parent=14278"}],"wp:term":[{"taxonomy":"category","embeddable":true,"href":"https:\/\/www.tablaosflamencos.com\/de\/wp-json\/wp\/v2\/categories?post=14278"},{"taxonomy":"post_tag","embeddable":true,"href":"https:\/\/www.tablaosflamencos.com\/de\/wp-json\/wp\/v2\/tags?post=14278"}],"curies":[{"name":"wp","href":"https:\/\/api.w.org\/{rel}","templated":true}]}}