{"id":14180,"date":"2026-09-03T01:21:11","date_gmt":"2026-09-02T23:21:11","guid":{"rendered":"https:\/\/www.tablaosflamencos.com\/?p=14180"},"modified":"2026-09-03T01:39:04","modified_gmt":"2026-09-02T23:39:04","slug":"hotel-triana-flamenco-biennale-sevilla-2026","status":"publish","type":"post","link":"https:\/\/www.tablaosflamencos.com\/de\/hotel-triana-flamenco-biennale-sevilla-2026.html","title":{"rendered":"Die Biennale kehrt ins Hotel Triana zur\u00fcck: drei Flamenco-N\u00e4chte in einem historischen Wohnhof"},"content":{"rendered":"<section class=\"l-section wpb_row height_huge\"><div class=\"l-section-h i-cf\"><div class=\"g-cols vc_row via_flex valign_middle type_default stacking_default\"><div class=\"vc_col-sm-6 wpb_column vc_column_container\"><div class=\"vc_column-inner\"><div class=\"wpb_wrapper\"><div class=\"wpb_text_column\"><div class=\"wpb_wrapper\"><p>Die <a href=\"https:\/\/www.tablaosflamencos.com\/bienal-flamenco-sevilla-2026.html\"><strong>Flamenco-Biennale von Sevilla 2026<\/strong><\/a> holt einen der Orte zur\u00fcck, die besonders eng mit ihrer j\u00fcngeren Geschichte verbunden sind. Nach vier Jahren ohne Programmpunkt im Hotel Triana \u00f6ffnet dessen Innenhof an drei aufeinanderfolgenden Abenden wieder seine T\u00fcren f\u00fcr den Flamenco, am <strong>17., 18. und 19. September 2026<\/strong>, jeweils um <strong>23:00 Uhr<\/strong>.<\/p>\n<p>Es ist weder ein herk\u00f6mmliches Theater noch ein Hotel in Betrieb. Das historische Geb\u00e4ude wurde f\u00fcr die Iberoamerikanische Ausstellung von 1929 errichtet und sp\u00e4ter in einen Corral de Vecinos, ein gemeinschaftliches Wohnhaus um einen Innenhof, umgewandelt. Seine Galerien, der U-f\u00f6rmige Grundriss und die N\u00e4he zwischen K\u00fcnstlern und Publikum machen jede Auff\u00fchrung zu einem Erlebnis, das sich an keinem anderen Spielort der Biennale leicht wiederholen l\u00e4sst.<\/p>\n<\/div><\/div><\/div><\/div><\/div><div class=\"vc_col-sm-6 wpb_column vc_column_container\"><div class=\"vc_column-inner\"><div class=\"wpb_wrapper\"><div class=\"w-image us_custom_83db15f5 has_aspect_ratio align_center\"><div class=\"w-image-h\"><img fetchpriority=\"high\" decoding=\"async\" width=\"1024\" height=\"683\" src=\"https:\/\/www.tablaosflamencos.com\/wp-content\/uploads\/hotel-triana-bienal-flamenco-sevilla-2026-patio-1024x683.webp\" class=\"attachment-large size-large\" alt=\"La Bienal vuelve al Hotel Triana: tres noches de flamenco en un antiguo corral de vecinos\" loading=\"eager\" srcset=\"https:\/\/www.tablaosflamencos.com\/wp-content\/uploads\/hotel-triana-bienal-flamenco-sevilla-2026-patio-1024x683.webp 1024w, https:\/\/www.tablaosflamencos.com\/wp-content\/uploads\/hotel-triana-bienal-flamenco-sevilla-2026-patio-300x200.webp 300w, https:\/\/www.tablaosflamencos.com\/wp-content\/uploads\/hotel-triana-bienal-flamenco-sevilla-2026-patio-600x400.webp 600w, https:\/\/www.tablaosflamencos.com\/wp-content\/uploads\/hotel-triana-bienal-flamenco-sevilla-2026-patio-150x100.webp 150w, https:\/\/www.tablaosflamencos.com\/wp-content\/uploads\/hotel-triana-bienal-flamenco-sevilla-2026-patio.webp 1536w\" sizes=\"auto, (max-width: 1024px) 100vw, 1024px\" \/><\/div><\/div><\/div><\/div><\/div><\/div><\/div><\/section><section class=\"l-section wpb_row height_huge color_alternate with_shape\"><div class=\"l-section-shape type_zigzag pos_top hor_flip\" style=\"height:3vmin;\"><svg xmlns=\"http:\/\/www.w3.org\/2000\/svg\" viewBox=\"0 0 64 8\" preserveAspectRatio=\"none\" width=\"100%\" height=\"100%\">\r\n\t<path fill=\"currentColor\" d=\"M64 8 L0 8 L0 0 L20 7.9 L40 3 L48 5 L64 0 Z\"\/>\r\n<\/svg><\/div><div class=\"l-section-shape type_zigzag pos_bottom\" style=\"height:3vmin;\"><svg xmlns=\"http:\/\/www.w3.org\/2000\/svg\" viewBox=\"0 0 64 8\" preserveAspectRatio=\"none\" width=\"100%\" height=\"100%\">\r\n\t<path fill=\"currentColor\" d=\"M64 8 L0 8 L0 0 L20 7.9 L40 3 L48 5 L64 0 Z\"\/>\r\n<\/svg><\/div><div class=\"l-section-h i-cf\"><div class=\"g-cols vc_row via_flex valign_top type_default stacking_default\"><div class=\"vc_col-sm-12 wpb_column vc_column_container\"><div class=\"vc_column-inner\"><div class=\"wpb_wrapper\"><div class=\"wpb_text_column\"><div class=\"wpb_wrapper\"><blockquote>\n<p><strong>Kurzantwort:<\/strong> Das Hotel Triana beherbergt drei Einmalige N\u00e4chte der Biennale 2026: <em>Mujeres gitanas<\/em>, am 17. September; <em>Uvitas negras<\/em>, am 18.; und <em>Andaluc\u00eda en el tiempo<\/em>, am 19. Alle drei Abende beginnen um 23:00 Uhr und sind jeweils den Gitano-Frauen, dem Flamenco aus Los Palacios und der Erinnerung an die Cantes der acht andalusischen Provinzen gewidmet.<\/p>\n<\/blockquote>\n<\/div><\/div><\/div><\/div><\/div><\/div><\/div><\/section><section class=\"l-section wpb_row height_huge\"><div class=\"l-section-h i-cf\"><div class=\"g-cols vc_row via_flex valign_top type_default stacking_default\"><div class=\"vc_col-sm-12 wpb_column vc_column_container\"><div class=\"vc_column-inner\"><div class=\"wpb_wrapper\"><div class=\"wpb_text_column\"><div class=\"wpb_wrapper\"><h2>Programm des Hotel Triana bei der Biennale 2026<\/h2>\n<div style=\"overflow-x: auto;\">\n<table>\n<thead>\n<tr>\n<th>Datum<\/th>\n<th>Uhrzeit<\/th>\n<th>Show<\/th>\n<th>Mitwirkende<\/th>\n<\/tr>\n<\/thead>\n<tbody>\n<tr>\n<td>17. September<\/td>\n<td>23:00 Uhr<\/td>\n<td><strong>Mujeres gitanas<\/strong><\/td>\n<td>Remedios Amaya, Montse Cort\u00e9s, La Fabi und Josemi Carmona<\/td>\n<\/tr>\n<tr>\n<td>18. September<\/td>\n<td>23:00 Uhr<\/td>\n<td><strong>Uvitas negras<\/strong><\/td>\n<td>75-j\u00e4hriges Bestehen der Pe\u00f1a El Pozo de las Penas aus Los Palacios<\/td>\n<\/tr>\n<tr>\n<td>19. September<\/td>\n<td>23:00 Uhr<\/td>\n<td><strong>Andaluc\u00eda en el tiempo<\/strong><\/td>\n<td>K\u00fcnstler aus den acht andalusischen Provinzen unter der Leitung von Manuel Curao<\/td>\n<\/tr>\n<\/tbody>\n<\/table>\n<\/div>\n<p>&nbsp;<\/p>\n<p>Alle drei Produktionen sind als <strong>Einmalige N\u00e4chte<\/strong>eingestuft: Begegnungen, die eigens f\u00fcr diese Ausgabe geschaffen wurden und mit derselben Besetzung im selben Rahmen kaum noch einmal zu erleben sein werden. Wie sie sich in die \u00fcbrige Reihe einf\u00fcgen, erfahren Sie in unserem Leitfaden zu den <a href=\"https:\/\/www.tablaosflamencos.com\/noches-unicas-bienal-flamenco-sevilla-2026.html\"><strong>Einmaligen N\u00e4chten der Biennale 2026<\/strong><\/a>.<\/p>\n<\/div><\/div><div class=\"w-separator size_medium\"><\/div><div class=\"w-hwrapper valign_top wrap align_center\" style=\"--hwrapper-gap:1.2rem\"><div class=\"w-btn-wrapper align_none\"><a class=\"w-btn us-btn-style_1\" href=\"https:\/\/www.tablaosflamencos.com\/bienal-flamenco-sevilla-2026.html\"><span class=\"w-btn-label\">Kompletter Leitfaden zur Biennale 2026<\/span><\/a><\/div><div class=\"w-btn-wrapper align_none\"><a class=\"w-btn us-btn-style_11\" href=\"https:\/\/www.tablaosflamencos.com\/noches-unicas-bienal-flamenco-sevilla-2026.html\"><span class=\"w-btn-label\">Kalender der Einmaligen N\u00e4chte<\/span><\/a><\/div><\/div><\/div><\/div><\/div><\/div><\/div><\/section><section class=\"l-section wpb_row height_huge color_alternate with_shape\"><div class=\"l-section-shape type_zigzag pos_top hor_flip\" style=\"height:3vmin;\"><svg xmlns=\"http:\/\/www.w3.org\/2000\/svg\" viewBox=\"0 0 64 8\" preserveAspectRatio=\"none\" width=\"100%\" height=\"100%\">\r\n\t<path fill=\"currentColor\" d=\"M64 8 L0 8 L0 0 L20 7.9 L40 3 L48 5 L64 0 Z\"\/>\r\n<\/svg><\/div><div class=\"l-section-shape type_tilt pos_bottom\" style=\"height:3vmin;\"><svg xmlns=\"http:\/\/www.w3.org\/2000\/svg\" viewBox=\"0 0 64 8\" preserveAspectRatio=\"none\" width=\"100%\" height=\"100%\">\r\n\t<path fill=\"currentColor\" d=\"M64 7.9 L64 10 L0 10 L0 0 Z\"\/>\r\n<\/svg><\/div><div class=\"l-section-h i-cf\"><div class=\"g-cols vc_row via_flex valign_top type_default stacking_default\"><div class=\"vc_col-sm-6 wpb_column vc_column_container\"><div class=\"vc_column-inner\"><div class=\"wpb_wrapper\"><div class=\"wpb_text_column\"><div class=\"wpb_wrapper\"><h2>Warum die R\u00fcckkehr des Hotel Triana zu den wichtigsten Nachrichten der Biennale geh\u00f6rt<\/h2>\n<p>Das Hotel Triana kehrt nicht nur als malerischer Veranstaltungsort ins Programm zur\u00fcck. Die Biennale hat diesen Innenhof traditionell genutzt, um eine Art des Flamenco-Erlebens wiederzubeleben, die mit Stadtvierteln, Familien, Pe\u00f1as und bis tief in die Nacht dauernden Zusammenk\u00fcnften verbunden ist. Zuletzt war der Ort 2022 Teil der Biennale; seine R\u00fcckkehr im Jahr 2026 erfolgt somit <strong>vier Jahre sp\u00e4ter<\/strong>.<\/p>\n<p>Biennale-Direktor Luis Ybarra versteht diese Abende als Fest des Authentischen, als Treffpunkt f\u00fcr den sp\u00e4ten Flamenco und als \u00dcbung in Erinnerung. Diese Idee durchzieht das gesamte Programm: zun\u00e4chst drei Gitano-Frauen mit sehr unterschiedlichen Laufbahnen, danach drei Generationen des Flamenco aus Los Palacios und zum Abschluss Interpreten, die mit verschiedenen Gebieten Andalusiens verbundene Stile und Repertoires bewahren.<\/p>\n<p>Die R\u00fcckkehr des Hotel Triana steht zudem im Dialog mit einer weiteren wichtigen Wiederbelebung im Jahr 2026: der Wiederer\u00f6ffnung des Teatro Lope de Vega. Beide Orte erf\u00fcllen jedoch gegens\u00e4tzliche und zugleich erg\u00e4nzende Funktionen. Das Lope bietet die Feierlichkeit eines historischen Theaters; das Hotel Triana gibt dem Festival die intime Atmosph\u00e4re eines bewohnten Innenhofs zur\u00fcck, mit dem Publikum ringsum und der volkst\u00fcmlichen Architektur als Teil der B\u00fchne.<\/p>\n<p>In einer Ausgabe mit gro\u00dfen Produktionen, Premieren und experimentellen Inszenierungen setzen diese drei N\u00e4chte auf m\u00fcndliche \u00dcberlieferung, Cante, Herkunft und Erinnerung. Darin liegt ihre Besonderheit.<\/p>\n<\/div><\/div><\/div><\/div><\/div><div class=\"vc_col-sm-6 wpb_column vc_column_container\"><div class=\"vc_column-inner\"><div class=\"wpb_wrapper\"><div class=\"wpb_text_column\"><div class=\"wpb_wrapper\"><h2>Ein ehemaliges Hotel von 1929, das zum Corral de Vecinos wurde<\/h2>\n<p>Das Geb\u00e4ude befindet sich in der <strong>Calle Clara de Jes\u00fas Montero 28<\/strong>, zwischen dieser Stra\u00dfe und der Calle Manuel Arellano. Es wurde zwischen 1927 und 1929 errichtet, um Besucher der Iberoamerikanischen Ausstellung unterzubringen, nahm den urspr\u00fcnglich vorgesehenen Hotelbetrieb jedoch nie auf. Mit der Zeit wurde es zu einem gemeinschaftlichen Wohnhaus und Teil der Tradition der Corrales de Vecinos von Triana.<\/p>\n<p>Es besitzt drei Stockwerke, Innengalerien und eine U-f\u00f6rmige Anlage um den Hof. In den 1980er-Jahren wurde es saniert, damit alteingesessene Familien des Viertels dort wohnen bleiben konnten. Das Geb\u00e4ude geh\u00f6rt der Stadt Sevilla und wird weiterhin als Wohnhaus genutzt. Deshalb ist wichtig zu wissen: <strong>Das Hotel Triana ist weder eine Touristenunterkunft noch ein dauerhaft ge\u00f6ffneter Kulturort<\/strong>.<\/p>\n<p>Gerade deshalb haben Auff\u00fchrungen in seinem Innenhof Ausnahmecharakter. Die Architektur ist keine Kulisse, die nachbarschaftliches Leben nachahmen soll; es ist die echte Architektur des Corrals mit Balkonen, Galerieg\u00e4ngen und wohnlichen Proportionen. Das Publikum h\u00f6rt nicht nur den Cante: F\u00fcr einige Stunden betritt es einen Ort, der einen Teil der Sozialgeschichte Trianas bewahrt.<\/p>\n<p>Wenn Sie weitere besondere Spielorte dieser Ausgabe kennenlernen m\u00f6chten, finden Sie eine Auswahl in unserem Beitrag \u00fcber <a href=\"https:\/\/www.tablaosflamencos.com\/espacios-espectaculares-bienal-flamenco-sevilla-2026.html\"><strong>die spektakul\u00e4rsten Spielorte der Flamenco-Biennale von Sevilla 2026<\/strong><\/a>.<\/p>\n<\/div><\/div><\/div><\/div><\/div><\/div><\/div><\/section><section class=\"l-section wpb_row height_huge\"><div class=\"l-section-h i-cf\"><div class=\"g-cols vc_row via_flex valign_top type_default stacking_default\"><div class=\"vc_col-sm-12 wpb_column vc_column_container\"><div class=\"vc_column-inner\"><div class=\"wpb_wrapper\"><div class=\"wpb_text_column\"><div class=\"wpb_wrapper\"><h2>17. September: Mujeres gitanas<\/h2>\n<p>Am ersten Abend treten auf: <strong>Remedios Amaya, Montse Cort\u00e9s und La Fabi<\/strong>, begleitet an der Gitarre von <strong>Josemi Carmona<\/strong>. Die Begegnung geht auf eine Idee im Zusammenhang mit dem Flamenco-Musical <em>La verdad duele<\/em> zur\u00fcck und m\u00f6chte eine direkte, organische Ausdrucksform ohne unn\u00f6tige Elemente wiedergewinnen, mit der Gitano-Frau im Mittelpunkt der Erz\u00e4hlung.<\/p>\n<p>Die drei S\u00e4ngerinnen stehen f\u00fcr sehr unterschiedliche Erfahrungen. Remedios Amaya ist eng mit Triana verbunden und nimmt unter den gro\u00dfen Flamenco-Stimmen der vergangenen Jahrzehnte einen eigenen Platz ein. Ihr Cante kann von tiefer Ernsthaftigkeit zu einer rhythmischen Energie wechseln, die schon in den ersten Takten erkennbar ist.<\/p>\n<p>Montse Cort\u00e9s bringt eine interpretatorische Tiefe ein, die sie an der Seite von Pers\u00f6nlichkeiten wie Paco de Luc\u00eda, Sara Baras und Farruquito entwickelt hat. La Fabi verf\u00fcgt \u00fcber langj\u00e4hrige Erfahrung im Gesang f\u00fcr den Tanz und eine Beherrschung des Comp\u00e1s, die sie zu einer der gefragtesten Stimmen gro\u00dfer T\u00e4nzer und Ensembles gemacht hat.<\/p>\n<p>Josemi Carmona schl\u00e4gt die musikalische Br\u00fccke zwischen Tradition und Gegenwart. In der offiziellen Besetzung stehen au\u00dferdem Jos\u00e9 Serrano, Israel Guti\u00e9rrez \u201ePira\u00f1a\u201c, \u00c1lvaro Llanos und Los Cherokee. Der Abend ist mehr als eine Folge einzelner Recitals: Er ist als Begegnung zwischen Stimmen, Familienerinnerung und unterschiedlichen Auffassungen des Cante konzipiert.<\/p>\n<p>Dieses Konzept passt besonders gut zum Hotel Triana. In einem ehemaligen gemeinschaftlichen Wohnhof erh\u00e4lt das Gespr\u00e4ch \u00fcber m\u00fcndliche \u00dcberlieferung und durch Zusammenleben erlernten Flamenco eine andere Bedeutung.<\/p>\n<h2>18. September: Uvitas negras und der Flamenco aus Los Palacios<\/h2>\n<p>Der zweite Abend feiert das <strong>75-j\u00e4hrige Bestehen der Pe\u00f1a Flamenca El Pozo de las Penas<\/strong>, einer zentralen Institution im Kulturleben von Los Palacios y Villafranca. Zum ersten Mal wird der Ort als Gastgebiet Teil der Biennale sein.<\/p>\n<p>Der Titel <em>Uvitas negras<\/em> verweist auf den bekannten Marktruf, den Manolo Caracol der Traube aus Los Palacios widmete. Davon ausgehend erinnert die Show an die Flamenco-Zusammenk\u00fcnfte der Pe\u00f1a und vereint mehrere Generationen von K\u00fcnstlern, die mit der Gemeinde verbunden sind.<\/p>\n<p>Zur Besetzung geh\u00f6ren <strong>Itoly de Los Palacios, Juan \u201eEl Distinguido\u201c, Nene Escalera, Manuel Orta, Miguel Ortega, Jos\u00e9 \u00c1ngel Carmona, Anabel de Vico und Juanelo<\/strong>. Einer der am meisten erwarteten Momente des Abends wird die R\u00fcckkehr von <strong>Juan Manuel \u201eEl Mistela\u201c<\/strong> als T\u00e4nzer auf die B\u00fchnen Sevillas sein.<\/p>\n<p>An den Gitarren spielen Ni\u00f1o Fraile sowie als G\u00e4ste Salvador Guti\u00e9rrez und Juan Requena. Die k\u00fcnstlerische Leitung \u00fcbernimmt <strong>Manuel Curao<\/strong>. Ziel ist kein starres Bild der Vergangenheit, sondern die Kontinuit\u00e4t zwischen historischen K\u00fcnstlern, Interpreten auf dem H\u00f6hepunkt ihrer Reife und Vertretern j\u00fcngerer Generationen zu zeigen.<\/p>\n<p>Los Palacios besitzt eine eigene Flamenco-Identit\u00e4t und ein au\u00dferordentlich wichtiges Netz von Pe\u00f1as. <em>Uvitas negras<\/em> macht h\u00f6rbar, wie diese Identit\u00e4t \u00fcber siebeneinhalb Jahrzehnte weitergegeben, ver\u00e4ndert und lebendig gehalten wurde.<\/p>\n<h2>19. September: Andaluc\u00eda en el tiempo<\/h2>\n<p>Am letzten Abend weitet sich der Blick von einer einzelnen Gemeinde auf ganz Andalusien. <em>Andaluc\u00eda en el tiempo<\/em> bringt S\u00e4ngerinnen und S\u00e4nger aus den verschiedenen Provinzen zusammen, von denen viele heute nicht mehr in den \u00fcblichen Veranstaltungsreihen auftreten oder sich von der B\u00fchne zur\u00fcckgezogen haben.<\/p>\n<p>Angek\u00fcndigt sind <strong>El Pecas<\/strong>, aus Huelva; <strong>Diego \u201eEl Boquer\u00f3n\u201c<\/strong>, aus Sevilla; <strong>Carmen de la Jara<\/strong>, aus C\u00e1diz; <strong>Curro Lucena<\/strong>, aus C\u00f3rdoba; <strong>Joselete de Linares<\/strong>, aus Ja\u00e9n; <strong>Jaime \u201eEl Parr\u00f3n\u201c<\/strong>, aus Granada; <strong>Paqui Corpas<\/strong>, aus M\u00e1laga; und <strong>Jos\u00e9 Sorroche<\/strong>, aus Almer\u00eda. Hinzu kommt <strong>Romerito de Jerez<\/strong>, dessen Mitwirkung aufgrund seines Alters, seines Erinnerungswissens und seiner Laufbahn besonders wertvoll ist.<\/p>\n<p>Die Gitarren von <strong>Antonio Carri\u00f3n und Eduardo Rebollar<\/strong> begleiten eine Reise durch Sole\u00e1s, Siguiriyas, Tangos, Fandangos, Malague\u00f1as, Abandolaos, Cantes Mineros, Canti\u00f1as und Buler\u00edas. Manuel Curao \u00fcbernimmt erneut die k\u00fcnstlerische Leitung.<\/p>\n<p>Es geht nicht darum, einen starren Katalog zu erstellen, in dem jede Provinz auf einen einzigen Palo reduziert wird. Gezeigt werden soll die Vielfalt der Akzente, Schulen, lokalen Varianten und Ausdrucksweisen, aus denen sich die andalusische Flamenco-Geografie zusammensetzt. Diese K\u00fcnstler in einem Hof zu vereinen, macht den Abend zu einer seltenen Gelegenheit, Repertoires und Stimmen zu h\u00f6ren, die bei heutigen Festivals kaum gemeinsam auftreten.<\/p>\n<\/div><\/div><\/div><\/div><\/div><\/div><\/div><\/section><section class=\"l-section wpb_row height_huge color_alternate with_shape\"><div class=\"l-section-shape type_zigzag pos_top\" style=\"height:3vmin;\"><svg xmlns=\"http:\/\/www.w3.org\/2000\/svg\" viewBox=\"0 0 64 8\" preserveAspectRatio=\"none\" width=\"100%\" height=\"100%\">\r\n\t<path fill=\"currentColor\" d=\"M64 8 L0 8 L0 0 L20 7.9 L40 3 L48 5 L64 0 Z\"\/>\r\n<\/svg><\/div><div class=\"l-section-shape type_zigzag pos_bottom\" style=\"height:3vmin;\"><svg xmlns=\"http:\/\/www.w3.org\/2000\/svg\" viewBox=\"0 0 64 8\" preserveAspectRatio=\"none\" width=\"100%\" height=\"100%\">\r\n\t<path fill=\"currentColor\" d=\"M64 8 L0 8 L0 0 L20 7.9 L40 3 L48 5 L64 0 Z\"\/>\r\n<\/svg><\/div><div class=\"l-section-h i-cf\"><div class=\"g-cols vc_row via_flex valign_top type_default stacking_default\"><div class=\"vc_col-sm-12 wpb_column vc_column_container\"><div class=\"vc_column-inner\"><div class=\"wpb_wrapper\"><div class=\"wpb_text_column\"><div class=\"wpb_wrapper\"><h2>So werden die sp\u00e4ten Abende im Hotel Triana<\/h2>\n<p>Alle drei Auff\u00fchrungen beginnen um <strong>23:00 Uhr<\/strong>. Die Uhrzeit ist bewusst gew\u00e4hlt: Das Hotel Triana beschlie\u00dft die Programmtage am 17., 18. und 19. in einer anderen Atmosph\u00e4re als die fr\u00fcheren Vorstellungen. Das Konzept des sp\u00e4ten Abends l\u00e4dt dazu ein, das Flamenco-Gespr\u00e4ch des Tages zu verl\u00e4ngern und an einem Ort zu beenden, an dem N\u00e4he wichtiger ist als eine gro\u00df angelegte B\u00fchnenproduktion.<\/p>\n<p>Der Hof und die Galerien schaffen eine unmittelbare Beziehung zum Klang. Aufgrund des menschlichen Ma\u00dfstabs kann das Erlebnis an eine Zusammenkunft oder eine fr\u00fchere Flamenco-Convivencia erinnern, bleibt jedoch eine geplante und organisierte Auff\u00fchrung im Rahmen der Biennale.<\/p>\n<p>Einige Abende lassen sich au\u00dferdem mit anderen Vorstellungen kombinieren. Am 17. September tritt Arc\u00e1ngel um 20:00 Uhr im Lope de Vega auf, vor <em>Mujeres gitanas<\/em>. Am 18. pr\u00e4sentiert Antonio Reyes <em>Seis cuerdas, seis<\/em> um 20:00 Uhr, ebenfalls im Lope, vor <em>Uvitas negras<\/em>. Am 19. beginnen Ca\u00f1izares und das K\u00f6nigliche Symphonieorchester Sevilla um 20:00 Uhr im Teatro de la Maestranza, drei Stunden vor <em>Andaluc\u00eda en el tiempo<\/em>.<\/p>\n<p>F\u00fcr diese Kombinationen m\u00fcssen Wege und die Zeit zum Verlassen der einzelnen Spielorte eingeplant werden. Planen Sie keine Aktivit\u00e4ten zu knapp und rechnen Sie nicht damit, dass jede Vorstellung exakt zu einer bestimmten Uhrzeit endet.<\/p>\n<h2>Praktische Informationen: Ort, Tickets und Empfehlungen<\/h2>\n<ul>\n<li><strong>Ort:<\/strong> Hotel Triana, Calle Clara de Jes\u00fas Montero 28, Sevilla.<\/li>\n<li><strong>Termine:<\/strong> 17., 18. und 19. September 2026.<\/li>\n<li><strong>Uhrzeit:<\/strong> 23:00 Uhr an allen drei Abenden.<\/li>\n<li><strong>Art des Programms:<\/strong> Einmalige N\u00e4chte der 24. Flamenco-Biennale.<\/li>\n<li><strong>Tickets:<\/strong> Verkauf und Verf\u00fcgbarkeit \u00fcber die offiziellen Kan\u00e4le der Biennale.<\/li>\n<\/ul>\n<p>Da es sich um drei einmalige Besetzungen und einen au\u00dfergew\u00f6hnlichen Ort handelt, empfiehlt es sich, die Verf\u00fcgbarkeit fr\u00fchzeitig zu pr\u00fcfen. Unser Leitfaden zu <a href=\"https:\/\/www.tablaosflamencos.com\/bienal-flamenco-2026-entradas-precios-descuentos.html\"><strong>Tickets, Preisen und Erm\u00e4\u00dfigungen der Biennale 2026<\/strong><\/a> erl\u00e4utert die Verkaufswege, angek\u00fcndigte Erm\u00e4\u00dfigungen und Empfehlungen, um Weiterverkauf oder inoffizielle Links zu vermeiden.<\/p>\n<p>Kommen Sie rechtzeitig, pr\u00fcfen Sie die auf dem Ticket genannten Zugangsbedingungen und wenden Sie sich an die Organisation, wenn Sie konkrete Informationen zu Mobilit\u00e4t oder Barrierefreiheit ben\u00f6tigen. Da es sich um ein bewohntes Geb\u00e4ude handelt, das ausnahmsweise f\u00fcr eine Kulturveranstaltung ge\u00f6ffnet wird, m\u00fcssen die Hinweise des Personals und der Alltag der Bewohner jederzeit respektiert werden.<\/p>\n<p>Programm und Verf\u00fcgbarkeit k\u00f6nnen sich \u00e4ndern. Pr\u00fcfen Sie vor der Anreise stets die <a href=\"https:\/\/www.labienal.com\/programa-general\/hotel-triana\" target=\"_blank\" rel=\"noopener\"><strong>offizielle Seite des Hotel Triana auf der Website der Biennale<\/strong><\/a>.<\/p>\n<\/div><\/div><div class=\"w-separator size_medium\"><\/div><div class=\"w-hwrapper valign_top wrap align_center\" style=\"--hwrapper-gap:1.2rem\"><div class=\"w-btn-wrapper align_none\"><a class=\"w-btn us-btn-style_1\" href=\"https:\/\/www.tablaosflamencos.com\/bienal-flamenco-2026-entradas-precios-descuentos.html\"><span class=\"w-btn-label\">Tickets, Preise und Erm\u00e4\u00dfigungen<\/span><\/a><\/div><div class=\"w-btn-wrapper align_none\"><a class=\"w-btn us-btn-style_11\" href=\"https:\/\/www.labienal.com\/programa-general\/hotel-triana\"><span class=\"w-btn-label\">Offizielles Programm des Hotel Triana<\/span><\/a><\/div><\/div><\/div><\/div><\/div><\/div><\/div><\/section><section class=\"l-section wpb_row height_huge\"><div class=\"l-section-h i-cf\"><div class=\"g-cols vc_row via_flex valign_top type_default stacking_default\"><div class=\"vc_col-sm-1\/5 wpb_column vc_column_container\"><div class=\"vc_column-inner\"><div class=\"wpb_wrapper\"><\/div><\/div><\/div><div class=\"vc_col-sm-3\/5 wpb_column vc_column_container\"><div class=\"vc_column-inner\"><div class=\"wpb_wrapper\"><div class=\"wpb_text_column\"><div class=\"wpb_wrapper\"><h2>H\u00e4ufige Fragen zum Hotel Triana bei der Biennale 2026<\/h2>\n<\/div><\/div><div class=\"w-separator size_medium\"><\/div><div class=\"w-tabs accordion toggle_style_1 has_scrolling\" style=\"--sections-title-size:inherit;--sections-gap:0.5rem;\"><div class=\"w-tabs-sections titles-align_none icon_chevron cpos_right\"><div class=\"w-tabs-section\" id=\"g925\" itemscope itemprop=\"mainEntity\" itemtype=\"https:\/\/schema.org\/Question\"><button type=\"button\" class=\"w-tabs-section-header\" aria-controls=\"content-g925\" aria-expanded=\"false\"><div class=\"w-tabs-section-title\" itemprop=\"name\">An welchen Tagen gibt es w\u00e4hrend der Biennale 2026 Flamenco im Hotel Triana?<\/div><div class=\"w-tabs-section-control\"><\/div><\/button><div  class=\"w-tabs-section-content\" id=\"content-g925\" itemscope itemprop=\"acceptedAnswer\" itemtype=\"https:\/\/schema.org\/Answer\"><div class=\"w-tabs-section-content-h i-cf\" itemprop=\"text\"><div class=\"wpb_text_column\"><div class=\"wpb_wrapper\"><p>Im Hotel Triana finden am 17., 18. und 19. September 2026 Auff\u00fchrungen statt. Alle drei beginnen um 23:00 Uhr.<\/p>\n<\/div><\/div><\/div><\/div><\/div><div class=\"w-tabs-section\" id=\"qa91\" itemscope itemprop=\"mainEntity\" itemtype=\"https:\/\/schema.org\/Question\"><button type=\"button\" class=\"w-tabs-section-header\" aria-controls=\"content-qa91\" aria-expanded=\"false\"><div class=\"w-tabs-section-title\" itemprop=\"name\">Welche Shows finden im Hotel Triana statt?<\/div><div class=\"w-tabs-section-control\"><\/div><\/button><div  class=\"w-tabs-section-content\" id=\"content-qa91\" itemscope itemprop=\"acceptedAnswer\" itemtype=\"https:\/\/schema.org\/Answer\"><div class=\"w-tabs-section-content-h i-cf\" itemprop=\"text\"><div class=\"wpb_text_column\"><div class=\"wpb_wrapper\"><p>Am 17. September steht <em>Mujeres gitanas<\/em>auf dem Programm, am 18. <em>Uvitas negras<\/em>und am 19. <em>Andaluc\u00eda en el tiempo<\/em>. Alle drei Produktionen sind Einmalige N\u00e4chte, die f\u00fcr die Biennale geschaffen wurden.<\/p>\n<\/div><\/div><\/div><\/div><\/div><div class=\"w-tabs-section\" id=\"bbd7\" itemscope itemprop=\"mainEntity\" itemtype=\"https:\/\/schema.org\/Question\"><button type=\"button\" class=\"w-tabs-section-header\" aria-controls=\"content-bbd7\" aria-expanded=\"false\"><div class=\"w-tabs-section-title\" itemprop=\"name\">Ist das Hotel Triana ein Hotel, in dem man ein Zimmer buchen kann?<\/div><div class=\"w-tabs-section-control\"><\/div><\/button><div  class=\"w-tabs-section-content\" id=\"content-bbd7\" itemscope itemprop=\"acceptedAnswer\" itemtype=\"https:\/\/schema.org\/Answer\"><div class=\"w-tabs-section-content-h i-cf\" itemprop=\"text\"><div class=\"wpb_text_column\"><div class=\"wpb_wrapper\"><p>Nein. Obwohl es als Hotel f\u00fcr die Iberoamerikanische Ausstellung von 1929 gebaut wurde, wurde es schlie\u00dflich zu einem Corral de Vecinos. Heute ist es ein st\u00e4dtisches Wohngeb\u00e4ude und \u00f6ffnet seinen Innenhof nur f\u00fcr ausgew\u00e4hlte Kulturveranstaltungen.<\/p>\n<\/div><\/div><\/div><\/div><\/div><div class=\"w-tabs-section\" id=\"ud24\" itemscope itemprop=\"mainEntity\" itemtype=\"https:\/\/schema.org\/Question\"><button type=\"button\" class=\"w-tabs-section-header\" aria-controls=\"content-ud24\" aria-expanded=\"false\"><div class=\"w-tabs-section-title\" itemprop=\"name\">Wo befindet sich das Hotel Triana?<\/div><div class=\"w-tabs-section-control\"><\/div><\/button><div  class=\"w-tabs-section-content\" id=\"content-ud24\" itemscope itemprop=\"acceptedAnswer\" itemtype=\"https:\/\/schema.org\/Answer\"><div class=\"w-tabs-section-content-h i-cf\" itemprop=\"text\"><div class=\"wpb_text_column\"><div class=\"wpb_wrapper\"><p>Es liegt in der Calle Clara de Jes\u00fas Montero 28 im Stadtteil Triana, zwischen dieser Stra\u00dfe und der Calle Manuel Arellano.<\/p>\n<\/div><\/div><\/div><\/div><\/div><div class=\"w-tabs-section\" id=\"be15\" itemscope itemprop=\"mainEntity\" itemtype=\"https:\/\/schema.org\/Question\"><button type=\"button\" class=\"w-tabs-section-header\" aria-controls=\"content-be15\" aria-expanded=\"false\"><div class=\"w-tabs-section-title\" itemprop=\"name\">Wo kann man Tickets kaufen?<\/div><div class=\"w-tabs-section-control\"><\/div><\/button><div  class=\"w-tabs-section-content\" id=\"content-be15\" itemscope itemprop=\"acceptedAnswer\" itemtype=\"https:\/\/schema.org\/Answer\"><div class=\"w-tabs-section-content-h i-cf\" itemprop=\"text\"><div class=\"wpb_text_column\"><div class=\"wpb_wrapper\"><p>Tickets m\u00fcssen \u00fcber die offiziellen Kan\u00e4le erworben werden, die auf der Website der Flamenco-Biennale verlinkt sind. Dort sollten sowohl die Verf\u00fcgbarkeit als auch m\u00f6gliche kurzfristige \u00c4nderungen gepr\u00fcft werden.<\/p>\n<\/div><\/div><\/div><\/div><\/div><div class=\"w-tabs-section\" id=\"vf5f\" itemscope itemprop=\"mainEntity\" itemtype=\"https:\/\/schema.org\/Question\"><button type=\"button\" class=\"w-tabs-section-header\" aria-controls=\"content-vf5f\" aria-expanded=\"false\"><div class=\"w-tabs-section-title\" itemprop=\"name\">Sind die Auff\u00fchrungen im Hotel Triana Urauff\u00fchrungen?<\/div><div class=\"w-tabs-section-control\"><\/div><\/button><div  class=\"w-tabs-section-content\" id=\"content-vf5f\" itemscope itemprop=\"acceptedAnswer\" itemtype=\"https:\/\/schema.org\/Answer\"><div class=\"w-tabs-section-content-h i-cf\" itemprop=\"text\"><div class=\"wpb_text_column\"><div class=\"wpb_wrapper\"><p>Das Programm bezeichnet sie als Einmalige N\u00e4chte, nicht als Urauff\u00fchrungen. Die Begegnungen wurden eigens f\u00fcr diese Ausgabe konzipiert; ihre Besetzungen und Inhalte sind nicht Teil einer regul\u00e4ren Tournee.<\/p>\n<\/div><\/div><\/div><\/div><\/div><div class=\"w-tabs-section\" id=\"u0ca\" itemscope itemprop=\"mainEntity\" itemtype=\"https:\/\/schema.org\/Question\"><button type=\"button\" class=\"w-tabs-section-header\" aria-controls=\"content-u0ca\" aria-expanded=\"false\"><div class=\"w-tabs-section-title\" itemprop=\"name\">L\u00e4sst sich das Hotel Triana am selben Tag mit einer anderen Show kombinieren?<\/div><div class=\"w-tabs-section-control\"><\/div><\/button><div  class=\"w-tabs-section-content\" id=\"content-u0ca\" itemscope itemprop=\"acceptedAnswer\" itemtype=\"https:\/\/schema.org\/Answer\"><div class=\"w-tabs-section-content-h i-cf\" itemprop=\"text\"><div class=\"wpb_text_column\"><div class=\"wpb_wrapper\"><p>Ja. Am 17., 18. und 19. finden zuvor Vorstellungen an anderen Spielorten der Biennale statt. Da das Programm im Hotel Triana um 23:00 Uhr beginnt, sind einige Kombinationen m\u00f6glich. F\u00fcr Ende, Auslass und Wege sollte jedoch ausreichend Zeit eingeplant werden.<\/p>\n<\/div><\/div><\/div><\/div><\/div><\/div><\/div><\/div><\/div><\/div><div class=\"vc_col-sm-1\/5 wpb_column vc_column_container\"><div class=\"vc_column-inner\"><div class=\"wpb_wrapper\"><\/div><\/div><\/div><\/div><\/div><\/section><section class=\"l-section wpb_row height_huge color_alternate with_shape\"><div class=\"l-section-shape type_zigzag pos_top hor_flip\" style=\"height:3vmin;\"><svg xmlns=\"http:\/\/www.w3.org\/2000\/svg\" viewBox=\"0 0 64 8\" preserveAspectRatio=\"none\" width=\"100%\" height=\"100%\">\r\n\t<path fill=\"currentColor\" d=\"M64 8 L0 8 L0 0 L20 7.9 L40 3 L48 5 L64 0 Z\"\/>\r\n<\/svg><\/div><div class=\"l-section-shape type_zigzag pos_bottom\" style=\"height:3vmin;\"><svg xmlns=\"http:\/\/www.w3.org\/2000\/svg\" viewBox=\"0 0 64 8\" preserveAspectRatio=\"none\" width=\"100%\" height=\"100%\">\r\n\t<path fill=\"currentColor\" d=\"M64 8 L0 8 L0 0 L20 7.9 L40 3 L48 5 L64 0 Z\"\/>\r\n<\/svg><\/div><div class=\"l-section-h i-cf\"><div class=\"g-cols vc_row via_flex valign_top type_default stacking_default\"><div class=\"vc_col-sm-12 wpb_column vc_column_container\"><div class=\"vc_column-inner\"><div class=\"wpb_wrapper\"><div class=\"wpb_text_column\"><div class=\"wpb_wrapper\"><h2>Drei N\u00e4chte, um das lebendige Ged\u00e4chtnis des Flamenco zu h\u00f6ren<\/h2>\n<p>Die R\u00fcckkehr des Hotel Triana bringt einen wesentlichen Teil der Biennale 2026 auf den Punkt. Nicht alles findet in den gro\u00dfen Theatern statt, und nicht alles muss als Gro\u00dfproduktion pr\u00e4sentiert werden. Flamenco lebt auch in Familien, Pe\u00f1as, lokalen Repertoires, K\u00fcnstlern, die aus den \u00fcblichen Veranstaltungsreihen verschwunden sind, und an Orten, an denen gemeinsames Leben Teil des Lernens war.<\/p>\n<p><em>Mujeres gitanas<\/em>, <em>Uvitas negras<\/em> und <em>Andaluc\u00eda en el tiempo<\/em> zeigen drei Ebenen dieser Erinnerung: die Weitergabe in der Familie, die Identit\u00e4t einer Gemeinde und die Vielfalt einer ganzen autonomen Gemeinschaft. Der alte Corral de Vecinos bietet daf\u00fcr den passenden Rahmen.<\/p>\n<p>Wer einen dieser Abende besuchen kann, erlebt mehr als nur ein Konzert. Er betritt einen der Orte, an denen die Biennale einen Teil ihrer eigenen Identit\u00e4t aufgebaut hat und an dem die Grenzen zwischen Kulturerbe, Stadtviertel und Flamenco nahezu verschwinden.<\/p>\n<p>Wenn die Tickets ausverkauft sind oder die Termine nicht zu Ihrer Reise passen, bietet Sevilla dennoch jeden Abend eine gro\u00dfe Auswahl an Flamenco-Shows. Unser Leitfaden zur <a href=\"https:\/\/www.tablaosflamencos.com\/bienal-flamenco-2026-entradas-agotadas-que-ver.html\"><strong>Biennale 2026 bei ausverkauften Tickets<\/strong><\/a> stellt Alternativen vor, um w\u00e4hrend des Festivals weiterhin Flamenco zu erleben.<\/p>\n<\/div><\/div><div class=\"w-separator size_medium\"><\/div><div class=\"w-hwrapper valign_top wrap align_center\" style=\"--hwrapper-gap:1.2rem\"><div class=\"w-btn-wrapper align_none\"><a class=\"w-btn us-btn-style_1\" href=\"https:\/\/www.tablaosflamencos.com\/bienal-flamenco-2026-entradas-agotadas-que-ver.html\"><span class=\"w-btn-label\">Was Sie sehen k\u00f6nnen, wenn Tickets ausverkauft sind<\/span><\/a><\/div><div class=\"w-btn-wrapper align_none\"><a class=\"w-btn us-btn-style_11\" href=\"https:\/\/www.tablaosflamencos.com\/espacios-espectaculares-bienal-flamenco-sevilla-2026.html\"><span class=\"w-btn-label\">Weitere spektakul\u00e4re Spielorte<\/span><\/a><\/div><\/div><\/div><\/div><\/div><\/div><\/div><\/section>\n","protected":false},"excerpt":{"rendered":"<p>Das Hotel Triana kehrt mit drei Einmaligen N\u00e4chten zur Flamenco-Biennale 2026 zur\u00fcck: Mujeres gitanas, Uvitas negras und Andaluc\u00eda en el tiempo. Termine, K\u00fcnstler, Geschichte und Tickets.<\/p>\n","protected":false},"author":1,"featured_media":14087,"comment_status":"closed","ping_status":"closed","sticky":false,"template":"","format":"standard","meta":{"_acf_changed":false,"wpai_generated_summary":"","_ayudawp_aiss_exclude":false,"_ayudawp_aiss_exclude_summary":false,"_ayudawp_aiss_summary":"","_ayudawp_aiss_summary_provider":"","_ayudawp_aiss_summary_hash":"","footnotes":""},"categories":[1431],"tags":[1244,1245,1246,1247,1166,1167,405],"class_list":["post-14180","post","type-post","status-publish","format-standard","has-post-thumbnail","hentry","category-flamenco-biennale","tag-agenda-flamenca","tag-bienal-2026","tag-bienal-de-flamenco","tag-festivales-flamencos","tag-flamenco-en-sevilla","tag-flamenco-en-triana","tag-sevilla"],"acf":[],"yoast_head":"<!-- This site is optimized with the Yoast SEO Premium plugin v28.4 (Yoast SEO v28.4) - https:\/\/yoast.com\/product\/yoast-seo-premium-wordpress\/ -->\n<title>Hotel Triana bei der Biennale 2026: Programm und drei N\u00e4chte<\/title>\n<meta name=\"description\" content=\"Das Hotel Triana kehrt zur Biennale 2026 zur\u00fcck: Mujeres gitanas, Uvitas negras und Andaluc\u00eda en el tiempo. Termine, K\u00fcnstler, Uhrzeiten und Tickets.\" \/>\n<meta name=\"robots\" content=\"index, follow, max-snippet:-1, max-image-preview:large, max-video-preview:-1\" \/>\n<link rel=\"canonical\" href=\"https:\/\/www.tablaosflamencos.com\/de\/hotel-triana-flamenco-biennale-sevilla-2026.html\" \/>\n<meta property=\"og:locale\" content=\"de_DE\" \/>\n<meta property=\"og:type\" content=\"article\" \/>\n<meta property=\"og:title\" content=\"Die Biennale kehrt ins Hotel Triana zur\u00fcck: drei Flamenco-N\u00e4chte in einem historischen Wohnhof\" \/>\n<meta property=\"og:description\" content=\"Das Hotel Triana kehrt zur Biennale 2026 zur\u00fcck: Mujeres gitanas, Uvitas negras und Andaluc\u00eda en el tiempo. Termine, K\u00fcnstler, Uhrzeiten und Tickets.\" \/>\n<meta property=\"og:url\" content=\"https:\/\/www.tablaosflamencos.com\/de\/hotel-triana-flamenco-biennale-sevilla-2026.html\" \/>\n<meta property=\"og:site_name\" content=\"Tablaos Flamencos\" \/>\n<meta property=\"article:publisher\" content=\"https:\/\/www.facebook.com\/tablaosflamencos\" \/>\n<meta property=\"article:published_time\" content=\"2026-09-02T23:21:11+00:00\" \/>\n<meta property=\"article:modified_time\" content=\"2026-09-02T23:39:04+00:00\" \/>\n<meta property=\"og:image\" content=\"https:\/\/www.tablaosflamencos.com\/wp-content\/uploads\/hotel-triana-bienal-2026-flamenco.webp\" \/>\n\t<meta property=\"og:image:width\" content=\"1536\" \/>\n\t<meta property=\"og:image:height\" content=\"1024\" \/>\n\t<meta property=\"og:image:type\" content=\"image\/webp\" \/>\n<meta name=\"author\" content=\"Miguel Ortiz\" \/>\n<meta name=\"twitter:card\" content=\"summary_large_image\" \/>\n<meta name=\"twitter:creator\" content=\"@tablaosflamenco\" \/>\n<meta name=\"twitter:site\" content=\"@tablaosflamenco\" \/>\n<meta name=\"twitter:label1\" content=\"Verfasst von\" \/>\n\t<meta name=\"twitter:data1\" content=\"Miguel Ortiz\" \/>\n\t<meta name=\"twitter:label2\" content=\"Gesch\u00e4tzte Lesezeit\" \/>\n\t<meta name=\"twitter:data2\" content=\"14\u00a0Minuten\" \/>\n<script type=\"application\/ld+json\" class=\"yoast-schema-graph\">{\"@context\":\"https:\\\/\\\/schema.org\",\"@graph\":[{\"@type\":\"Article\",\"@id\":\"https:\\\/\\\/www.tablaosflamencos.com\\\/de\\\/hotel-triana-flamenco-biennale-sevilla-2026.html#article\",\"isPartOf\":{\"@id\":\"https:\\\/\\\/www.tablaosflamencos.com\\\/de\\\/hotel-triana-flamenco-biennale-sevilla-2026.html\"},\"author\":{\"name\":\"Miguel Ortiz\",\"@id\":\"https:\\\/\\\/www.tablaosflamencos.com\\\/de#\\\/schema\\\/person\\\/e7a9ebe14eb75a52ceabfbffb3c54f5d\"},\"headline\":\"Die Biennale kehrt ins Hotel Triana zur\u00fcck: drei Flamenco-N\u00e4chte in einem historischen Wohnhof\",\"datePublished\":\"2026-09-02T23:21:11+00:00\",\"dateModified\":\"2026-09-02T23:39:04+00:00\",\"mainEntityOfPage\":{\"@id\":\"https:\\\/\\\/www.tablaosflamencos.com\\\/de\\\/hotel-triana-flamenco-biennale-sevilla-2026.html\"},\"wordCount\":2889,\"publisher\":{\"@id\":\"https:\\\/\\\/www.tablaosflamencos.com\\\/de#organization\"},\"image\":{\"@id\":\"https:\\\/\\\/www.tablaosflamencos.com\\\/de\\\/hotel-triana-flamenco-biennale-sevilla-2026.html#primaryimage\"},\"thumbnailUrl\":\"https:\\\/\\\/www.tablaosflamencos.com\\\/wp-content\\\/uploads\\\/hotel-triana-bienal-2026-flamenco.webp\",\"keywords\":[\"agenda flamenca\",\"Bienal 2026\",\"Bienal de Flamenco\",\"festivales flamencos\",\"flamenco en Sevilla\",\"flamenco en Triana\",\"sevilla\"],\"articleSection\":[\"Flamenco-Biennale\"],\"inLanguage\":\"de\"},{\"@type\":\"WebPage\",\"@id\":\"https:\\\/\\\/www.tablaosflamencos.com\\\/de\\\/hotel-triana-flamenco-biennale-sevilla-2026.html\",\"url\":\"https:\\\/\\\/www.tablaosflamencos.com\\\/de\\\/hotel-triana-flamenco-biennale-sevilla-2026.html\",\"name\":\"Hotel Triana bei der Biennale 2026: Programm und drei N\u00e4chte\",\"isPartOf\":{\"@id\":\"https:\\\/\\\/www.tablaosflamencos.com\\\/de#website\"},\"primaryImageOfPage\":{\"@id\":\"https:\\\/\\\/www.tablaosflamencos.com\\\/de\\\/hotel-triana-flamenco-biennale-sevilla-2026.html#primaryimage\"},\"image\":{\"@id\":\"https:\\\/\\\/www.tablaosflamencos.com\\\/de\\\/hotel-triana-flamenco-biennale-sevilla-2026.html#primaryimage\"},\"thumbnailUrl\":\"https:\\\/\\\/www.tablaosflamencos.com\\\/wp-content\\\/uploads\\\/hotel-triana-bienal-2026-flamenco.webp\",\"datePublished\":\"2026-09-02T23:21:11+00:00\",\"dateModified\":\"2026-09-02T23:39:04+00:00\",\"description\":\"Das Hotel Triana kehrt zur Biennale 2026 zur\u00fcck: Mujeres gitanas, Uvitas negras und Andaluc\u00eda en el tiempo. Termine, K\u00fcnstler, Uhrzeiten und Tickets.\",\"breadcrumb\":{\"@id\":\"https:\\\/\\\/www.tablaosflamencos.com\\\/de\\\/hotel-triana-flamenco-biennale-sevilla-2026.html#breadcrumb\"},\"inLanguage\":\"de\",\"potentialAction\":[{\"@type\":\"ReadAction\",\"target\":[\"https:\\\/\\\/www.tablaosflamencos.com\\\/de\\\/hotel-triana-flamenco-biennale-sevilla-2026.html\"]}]},{\"@type\":\"ImageObject\",\"inLanguage\":\"de\",\"@id\":\"https:\\\/\\\/www.tablaosflamencos.com\\\/de\\\/hotel-triana-flamenco-biennale-sevilla-2026.html#primaryimage\",\"url\":\"https:\\\/\\\/www.tablaosflamencos.com\\\/wp-content\\\/uploads\\\/hotel-triana-bienal-2026-flamenco.webp\",\"contentUrl\":\"https:\\\/\\\/www.tablaosflamencos.com\\\/wp-content\\\/uploads\\\/hotel-triana-bienal-2026-flamenco.webp\",\"width\":1536,\"height\":1024,\"caption\":\"La Bienal vuelve al Hotel Triana: tres noches de flamenco en un antiguo corral de vecinos\"},{\"@type\":\"BreadcrumbList\",\"@id\":\"https:\\\/\\\/www.tablaosflamencos.com\\\/de\\\/hotel-triana-flamenco-biennale-sevilla-2026.html#breadcrumb\",\"itemListElement\":[{\"@type\":\"ListItem\",\"position\":1,\"name\":\"Home\",\"item\":\"https:\\\/\\\/www.tablaosflamencos.com\\\/de\"},{\"@type\":\"ListItem\",\"position\":2,\"name\":\"Die Biennale kehrt ins Hotel Triana zur\u00fcck: drei Flamenco-N\u00e4chte in einem historischen Wohnhof\"}]},{\"@type\":\"WebSite\",\"@id\":\"https:\\\/\\\/www.tablaosflamencos.com\\\/de#website\",\"url\":\"https:\\\/\\\/www.tablaosflamencos.com\\\/de\",\"name\":\"Tablaos Flamencos\",\"description\":\"Entradas para tablaos flamencos de Espa\u00f1a\",\"publisher\":{\"@id\":\"https:\\\/\\\/www.tablaosflamencos.com\\\/de#organization\"},\"alternateName\":\"Tablaos Flamencos\",\"potentialAction\":[{\"@type\":\"SearchAction\",\"target\":{\"@type\":\"EntryPoint\",\"urlTemplate\":\"https:\\\/\\\/www.tablaosflamencos.com\\\/de?s={search_term_string}\"},\"query-input\":{\"@type\":\"PropertyValueSpecification\",\"valueRequired\":true,\"valueName\":\"search_term_string\"}}],\"inLanguage\":\"de\"},{\"@type\":[\"Organization\",\"Place\",\"EntertainmentBusiness\"],\"@id\":\"https:\\\/\\\/www.tablaosflamencos.com\\\/de#organization\",\"name\":\"Tablaos Flamencos\",\"alternateName\":\"Tablaos Flamencos\",\"url\":\"https:\\\/\\\/www.tablaosflamencos.com\\\/de\",\"logo\":{\"@id\":\"https:\\\/\\\/www.tablaosflamencos.com\\\/de\\\/hotel-triana-flamenco-biennale-sevilla-2026.html#local-main-organization-logo\"},\"image\":{\"@id\":\"https:\\\/\\\/www.tablaosflamencos.com\\\/de\\\/hotel-triana-flamenco-biennale-sevilla-2026.html#local-main-organization-logo\"},\"sameAs\":[\"https:\\\/\\\/www.facebook.com\\\/tablaosflamencos\",\"https:\\\/\\\/x.com\\\/tablaosflamenco\",\"https:\\\/\\\/mastodon.social\\\/@tablaosflamencos\",\"https:\\\/\\\/www.instagram.com\\\/tablaosflamencos\",\"https:\\\/\\\/tiktok.com\\\/@tablaosflamencos\",\"https:\\\/\\\/www.linkedin.com\\\/company\\\/109408238\\\/\"],\"description\":\"Venta de entradas para espect\u00e1culos flamencos\",\"legalName\":\"Tablaos Flamencos\",\"foundingDate\":\"2015-01-01\",\"numberOfEmployees\":{\"@type\":\"QuantitativeValue\",\"minValue\":\"1\",\"maxValue\":\"10\"},\"address\":{\"@id\":\"https:\\\/\\\/www.tablaosflamencos.com\\\/de\\\/hotel-triana-flamenco-biennale-sevilla-2026.html#local-main-place-address\"},\"geo\":{\"@type\":\"GeoCoordinates\",\"latitude\":\"37.3868072\",\"longitude\":\"-5.993280299999999\"},\"telephone\":[\"+34623787787\"],\"contactPoint\":{\"@type\":\"ContactPoint\",\"telephone\":\"+34623787787\",\"email\":\"info@tablaosflamencos.com\"},\"openingHoursSpecification\":{\"@type\":\"OpeningHoursSpecification\",\"dayOfWeek\":[\"Monday\",\"Tuesday\",\"Wednesday\",\"Thursday\",\"Friday\",\"Saturday\",\"Sunday\"],\"opens\":\"00:00\",\"closes\":\"23:59\"},\"email\":\"info@tablaosflamencos.com\",\"priceRange\":\"$$$\",\"currenciesAccepted\":\"\u20ac\"},{\"@type\":\"Person\",\"@id\":\"https:\\\/\\\/www.tablaosflamencos.com\\\/de#\\\/schema\\\/person\\\/e7a9ebe14eb75a52ceabfbffb3c54f5d\",\"name\":\"Miguel Ortiz\",\"description\":\"Miguel Ortiz es un empresario flamenco, con una s\u00f3lida trayectoria dentro del sector. Ha presidido entidades culturales vinculadas al flamenco y, cuenta con un amplio recorrido profesional en la gesti\u00f3n y promoci\u00f3n de espect\u00e1culos y tablaos flamencos. Su pasi\u00f3n por la historia y el arte flamenco se refleja en cada art\u00edculo, donde combina experiencia, criterio y un profundo respeto por la tradici\u00f3n.\",\"sameAs\":[\"https:\\\/\\\/www.tablaosflamencos.com\",\"https:\\\/\\\/www.instagra.com\\\/miguelortizfe\",\"https:\\\/\\\/www.linkedin.com\\\/in\\\/miguelortizf\\\/\"],\"birthDate\":\"1984-11-22\",\"gender\":\"hombre\",\"knowsLanguage\":[\"espa\u00f1ol\",\"ingl\u00e9s\"],\"jobTitle\":\"Empresario flamenco\"},{\"@type\":\"PostalAddress\",\"@id\":\"https:\\\/\\\/www.tablaosflamencos.com\\\/de\\\/hotel-triana-flamenco-biennale-sevilla-2026.html#local-main-place-address\",\"streetAddress\":\"C\\\/ Alemanes, 19\",\"addressLocality\":\"Sevilla\",\"postalCode\":\"41004\",\"addressRegion\":\"Sevilla\",\"addressCountry\":\"ES\"},{\"@type\":\"ImageObject\",\"inLanguage\":\"de\",\"@id\":\"https:\\\/\\\/www.tablaosflamencos.com\\\/de\\\/hotel-triana-flamenco-biennale-sevilla-2026.html#local-main-organization-logo\",\"url\":\"https:\\\/\\\/www.tablaosflamencos.com\\\/wp-content\\\/uploads\\\/tablaos-flamencos-06-3.webp\",\"contentUrl\":\"https:\\\/\\\/www.tablaosflamencos.com\\\/wp-content\\\/uploads\\\/tablaos-flamencos-06-3.webp\",\"width\":600,\"height\":620,\"caption\":\"Tablaos Flamencos\"}]}<\/script>\n<meta name=\"geo.placename\" content=\"Sevilla\" \/>\n<meta name=\"geo.position\" content=\"37.3868072;-5.993280299999999\" \/>\n<meta name=\"geo.region\" content=\"Spanien\" \/>\n<!-- \/ Yoast SEO Premium plugin. -->","yoast_head_json":{"title":"Hotel Triana bei der Biennale 2026: Programm und drei N\u00e4chte","description":"Das Hotel Triana kehrt zur Biennale 2026 zur\u00fcck: Mujeres gitanas, Uvitas negras und Andaluc\u00eda en el tiempo. Termine, K\u00fcnstler, Uhrzeiten und Tickets.","robots":{"index":"index","follow":"follow","max-snippet":"max-snippet:-1","max-image-preview":"max-image-preview:large","max-video-preview":"max-video-preview:-1"},"canonical":"https:\/\/www.tablaosflamencos.com\/de\/hotel-triana-flamenco-biennale-sevilla-2026.html","og_locale":"de_DE","og_type":"article","og_title":"Die Biennale kehrt ins Hotel Triana zur\u00fcck: drei Flamenco-N\u00e4chte in einem historischen Wohnhof","og_description":"Das Hotel Triana kehrt zur Biennale 2026 zur\u00fcck: Mujeres gitanas, Uvitas negras und Andaluc\u00eda en el tiempo. Termine, K\u00fcnstler, Uhrzeiten und Tickets.","og_url":"https:\/\/www.tablaosflamencos.com\/de\/hotel-triana-flamenco-biennale-sevilla-2026.html","og_site_name":"Tablaos Flamencos","article_publisher":"https:\/\/www.facebook.com\/tablaosflamencos","article_published_time":"2026-09-02T23:21:11+00:00","article_modified_time":"2026-09-02T23:39:04+00:00","og_image":[{"width":1536,"height":1024,"url":"https:\/\/www.tablaosflamencos.com\/wp-content\/uploads\/hotel-triana-bienal-2026-flamenco.webp","type":"image\/webp"}],"author":"Miguel Ortiz","twitter_card":"summary_large_image","twitter_creator":"@tablaosflamenco","twitter_site":"@tablaosflamenco","twitter_misc":{"Verfasst von":"Miguel Ortiz","Gesch\u00e4tzte Lesezeit":"14\u00a0Minuten"},"schema":{"@context":"https:\/\/schema.org","@graph":[{"@type":"Article","@id":"https:\/\/www.tablaosflamencos.com\/de\/hotel-triana-flamenco-biennale-sevilla-2026.html#article","isPartOf":{"@id":"https:\/\/www.tablaosflamencos.com\/de\/hotel-triana-flamenco-biennale-sevilla-2026.html"},"author":{"name":"Miguel Ortiz","@id":"https:\/\/www.tablaosflamencos.com\/de#\/schema\/person\/e7a9ebe14eb75a52ceabfbffb3c54f5d"},"headline":"Die Biennale kehrt ins Hotel Triana zur\u00fcck: drei Flamenco-N\u00e4chte in einem historischen Wohnhof","datePublished":"2026-09-02T23:21:11+00:00","dateModified":"2026-09-02T23:39:04+00:00","mainEntityOfPage":{"@id":"https:\/\/www.tablaosflamencos.com\/de\/hotel-triana-flamenco-biennale-sevilla-2026.html"},"wordCount":2889,"publisher":{"@id":"https:\/\/www.tablaosflamencos.com\/de#organization"},"image":{"@id":"https:\/\/www.tablaosflamencos.com\/de\/hotel-triana-flamenco-biennale-sevilla-2026.html#primaryimage"},"thumbnailUrl":"https:\/\/www.tablaosflamencos.com\/wp-content\/uploads\/hotel-triana-bienal-2026-flamenco.webp","keywords":["agenda flamenca","Bienal 2026","Bienal de Flamenco","festivales flamencos","flamenco en Sevilla","flamenco en Triana","sevilla"],"articleSection":["Flamenco-Biennale"],"inLanguage":"de"},{"@type":"WebPage","@id":"https:\/\/www.tablaosflamencos.com\/de\/hotel-triana-flamenco-biennale-sevilla-2026.html","url":"https:\/\/www.tablaosflamencos.com\/de\/hotel-triana-flamenco-biennale-sevilla-2026.html","name":"Hotel Triana bei der Biennale 2026: Programm und drei N\u00e4chte","isPartOf":{"@id":"https:\/\/www.tablaosflamencos.com\/de#website"},"primaryImageOfPage":{"@id":"https:\/\/www.tablaosflamencos.com\/de\/hotel-triana-flamenco-biennale-sevilla-2026.html#primaryimage"},"image":{"@id":"https:\/\/www.tablaosflamencos.com\/de\/hotel-triana-flamenco-biennale-sevilla-2026.html#primaryimage"},"thumbnailUrl":"https:\/\/www.tablaosflamencos.com\/wp-content\/uploads\/hotel-triana-bienal-2026-flamenco.webp","datePublished":"2026-09-02T23:21:11+00:00","dateModified":"2026-09-02T23:39:04+00:00","description":"Das Hotel Triana kehrt zur Biennale 2026 zur\u00fcck: Mujeres gitanas, Uvitas negras und Andaluc\u00eda en el tiempo. Termine, K\u00fcnstler, Uhrzeiten und Tickets.","breadcrumb":{"@id":"https:\/\/www.tablaosflamencos.com\/de\/hotel-triana-flamenco-biennale-sevilla-2026.html#breadcrumb"},"inLanguage":"de","potentialAction":[{"@type":"ReadAction","target":["https:\/\/www.tablaosflamencos.com\/de\/hotel-triana-flamenco-biennale-sevilla-2026.html"]}]},{"@type":"ImageObject","inLanguage":"de","@id":"https:\/\/www.tablaosflamencos.com\/de\/hotel-triana-flamenco-biennale-sevilla-2026.html#primaryimage","url":"https:\/\/www.tablaosflamencos.com\/wp-content\/uploads\/hotel-triana-bienal-2026-flamenco.webp","contentUrl":"https:\/\/www.tablaosflamencos.com\/wp-content\/uploads\/hotel-triana-bienal-2026-flamenco.webp","width":1536,"height":1024,"caption":"La Bienal vuelve al Hotel Triana: tres noches de flamenco en un antiguo corral de vecinos"},{"@type":"BreadcrumbList","@id":"https:\/\/www.tablaosflamencos.com\/de\/hotel-triana-flamenco-biennale-sevilla-2026.html#breadcrumb","itemListElement":[{"@type":"ListItem","position":1,"name":"Home","item":"https:\/\/www.tablaosflamencos.com\/de"},{"@type":"ListItem","position":2,"name":"Die Biennale kehrt ins Hotel Triana zur\u00fcck: drei Flamenco-N\u00e4chte in einem historischen Wohnhof"}]},{"@type":"WebSite","@id":"https:\/\/www.tablaosflamencos.com\/de#website","url":"https:\/\/www.tablaosflamencos.com\/de","name":"Tablaos Flamencos","description":"Entradas para tablaos flamencos de Espa\u00f1a","publisher":{"@id":"https:\/\/www.tablaosflamencos.com\/de#organization"},"alternateName":"Tablaos Flamencos","potentialAction":[{"@type":"SearchAction","target":{"@type":"EntryPoint","urlTemplate":"https:\/\/www.tablaosflamencos.com\/de?s={search_term_string}"},"query-input":{"@type":"PropertyValueSpecification","valueRequired":true,"valueName":"search_term_string"}}],"inLanguage":"de"},{"@type":["Organization","Place","EntertainmentBusiness"],"@id":"https:\/\/www.tablaosflamencos.com\/de#organization","name":"Tablaos Flamencos","alternateName":"Tablaos Flamencos","url":"https:\/\/www.tablaosflamencos.com\/de","logo":{"@id":"https:\/\/www.tablaosflamencos.com\/de\/hotel-triana-flamenco-biennale-sevilla-2026.html#local-main-organization-logo"},"image":{"@id":"https:\/\/www.tablaosflamencos.com\/de\/hotel-triana-flamenco-biennale-sevilla-2026.html#local-main-organization-logo"},"sameAs":["https:\/\/www.facebook.com\/tablaosflamencos","https:\/\/x.com\/tablaosflamenco","https:\/\/mastodon.social\/@tablaosflamencos","https:\/\/www.instagram.com\/tablaosflamencos","https:\/\/tiktok.com\/@tablaosflamencos","https:\/\/www.linkedin.com\/company\/109408238\/"],"description":"Venta de entradas para espect\u00e1culos flamencos","legalName":"Tablaos Flamencos","foundingDate":"2015-01-01","numberOfEmployees":{"@type":"QuantitativeValue","minValue":"1","maxValue":"10"},"address":{"@id":"https:\/\/www.tablaosflamencos.com\/de\/hotel-triana-flamenco-biennale-sevilla-2026.html#local-main-place-address"},"geo":{"@type":"GeoCoordinates","latitude":"37.3868072","longitude":"-5.993280299999999"},"telephone":["+34623787787"],"contactPoint":{"@type":"ContactPoint","telephone":"+34623787787","email":"info@tablaosflamencos.com"},"openingHoursSpecification":{"@type":"OpeningHoursSpecification","dayOfWeek":["Monday","Tuesday","Wednesday","Thursday","Friday","Saturday","Sunday"],"opens":"00:00","closes":"23:59"},"email":"info@tablaosflamencos.com","priceRange":"$$$","currenciesAccepted":"\u20ac"},{"@type":"Person","@id":"https:\/\/www.tablaosflamencos.com\/de#\/schema\/person\/e7a9ebe14eb75a52ceabfbffb3c54f5d","name":"Miguel Ortiz","description":"Miguel Ortiz es un empresario flamenco, con una s\u00f3lida trayectoria dentro del sector. Ha presidido entidades culturales vinculadas al flamenco y, cuenta con un amplio recorrido profesional en la gesti\u00f3n y promoci\u00f3n de espect\u00e1culos y tablaos flamencos. Su pasi\u00f3n por la historia y el arte flamenco se refleja en cada art\u00edculo, donde combina experiencia, criterio y un profundo respeto por la tradici\u00f3n.","sameAs":["https:\/\/www.tablaosflamencos.com","https:\/\/www.instagra.com\/miguelortizfe","https:\/\/www.linkedin.com\/in\/miguelortizf\/"],"birthDate":"1984-11-22","gender":"hombre","knowsLanguage":["espa\u00f1ol","ingl\u00e9s"],"jobTitle":"Empresario flamenco"},{"@type":"PostalAddress","@id":"https:\/\/www.tablaosflamencos.com\/de\/hotel-triana-flamenco-biennale-sevilla-2026.html#local-main-place-address","streetAddress":"C\/ Alemanes, 19","addressLocality":"Sevilla","postalCode":"41004","addressRegion":"Sevilla","addressCountry":"ES"},{"@type":"ImageObject","inLanguage":"de","@id":"https:\/\/www.tablaosflamencos.com\/de\/hotel-triana-flamenco-biennale-sevilla-2026.html#local-main-organization-logo","url":"https:\/\/www.tablaosflamencos.com\/wp-content\/uploads\/tablaos-flamencos-06-3.webp","contentUrl":"https:\/\/www.tablaosflamencos.com\/wp-content\/uploads\/tablaos-flamencos-06-3.webp","width":600,"height":620,"caption":"Tablaos Flamencos"}]},"geo.placename":"Sevilla","geo.position":{"lat":"37.3868072","long":"-5.993280299999999"},"geo.region":"Spanien"},"_links":{"self":[{"href":"https:\/\/www.tablaosflamencos.com\/de\/wp-json\/wp\/v2\/posts\/14180","targetHints":{"allow":["GET"]}}],"collection":[{"href":"https:\/\/www.tablaosflamencos.com\/de\/wp-json\/wp\/v2\/posts"}],"about":[{"href":"https:\/\/www.tablaosflamencos.com\/de\/wp-json\/wp\/v2\/types\/post"}],"author":[{"embeddable":true,"href":"https:\/\/www.tablaosflamencos.com\/de\/wp-json\/wp\/v2\/users\/1"}],"replies":[{"embeddable":true,"href":"https:\/\/www.tablaosflamencos.com\/de\/wp-json\/wp\/v2\/comments?post=14180"}],"version-history":[{"count":1,"href":"https:\/\/www.tablaosflamencos.com\/de\/wp-json\/wp\/v2\/posts\/14180\/revisions"}],"predecessor-version":[{"id":14200,"href":"https:\/\/www.tablaosflamencos.com\/de\/wp-json\/wp\/v2\/posts\/14180\/revisions\/14200"}],"wp:featuredmedia":[{"embeddable":true,"href":"https:\/\/www.tablaosflamencos.com\/de\/wp-json\/wp\/v2\/media\/14087"}],"wp:attachment":[{"href":"https:\/\/www.tablaosflamencos.com\/de\/wp-json\/wp\/v2\/media?parent=14180"}],"wp:term":[{"taxonomy":"category","embeddable":true,"href":"https:\/\/www.tablaosflamencos.com\/de\/wp-json\/wp\/v2\/categories?post=14180"},{"taxonomy":"post_tag","embeddable":true,"href":"https:\/\/www.tablaosflamencos.com\/de\/wp-json\/wp\/v2\/tags?post=14180"}],"curies":[{"name":"wp","href":"https:\/\/api.w.org\/{rel}","templated":true}]}}