{"id":14149,"date":"2026-09-03T01:18:36","date_gmt":"2026-09-02T23:18:36","guid":{"rendered":"https:\/\/www.tablaosflamencos.com\/?p=14149"},"modified":"2026-09-03T01:40:31","modified_gmt":"2026-09-02T23:40:31","slug":"cante-flamenco-biennale-sevilla-2026","status":"publish","type":"post","link":"https:\/\/www.tablaosflamencos.com\/de\/cante-flamenco-biennale-sevilla-2026.html","title":{"rendered":"Der Cante bei der Biennale 2026: Generationen, K\u00fcnstler und gro\u00dfe Stimmen"},"content":{"rendered":"<section class=\"l-section wpb_row height_huge\"><div class=\"l-section-h i-cf\"><div class=\"g-cols vc_row via_flex valign_top type_default stacking_default\"><div class=\"vc_col-sm-6 wpb_column vc_column_container\"><div class=\"vc_column-inner\"><div class=\"wpb_wrapper\"><div class=\"wpb_text_column\"><div class=\"wpb_wrapper\"><h2>Der Cante bei der Biennale 2026: Generationen, K\u00fcnstler und gro\u00dfe Stimmen<\/h2>\n<p>Die <strong>XXIV. Flamenco-Biennale von Sevilla<\/strong> stellt den Cante in eines der Zentren ihres Programms. Zwischen dem <strong>9. September und dem 3. Oktober 2026<\/strong> bringt Sevilla Stimmen verschiedener Generationen, Schulen und Regionen zusammen \u2013 in einer Ausgabe, die die Organisation selbst mit einer besonders aussagekr\u00e4ftigen Zahl zusammenfasst: <strong>rund drei\u00dfig Cante-bezogene Programmpunkte und mehr als hundert Stimmen<\/strong> im Verlauf des Festivals.<\/p>\n<p>Es gibt daher nicht nur eine einzige Art, den Cante bei dieser Biennale zu verfolgen. Das Programm reicht von historischen Pers\u00f6nlichkeiten wie <strong>Jos\u00e9 Merc\u00e9, Carmen Linares oder Jos\u00e9 de la Tomasa<\/strong> \u00fcber etablierte K\u00fcnstler wie <strong>Arc\u00e1ngel, Mayte Mart\u00edn, Marina Heredia, Israel Fern\u00e1ndez, Antonio Reyes oder La Tremendita<\/strong> bis hin zu einer j\u00fcngeren Generation mit Namen wie <strong>\u00c1ngeles Toledano, Mar\u00eda Terremoto, Roc\u00edo Luna, El Perrete oder Manuel de la Tomasa<\/strong>.<\/p>\n<p>Dieser Guide ordnet diese Landkarte, damit Sie verstehen k\u00f6nnen, <strong>welche Generationen nebeneinander bestehen, welche K\u00fcnstler besonders interessant sind und welche Termine zu den wichtigsten geh\u00f6ren, wenn Sie den Cante zum roten Faden Ihrer Biennale 2026 machen m\u00f6chten<\/strong>.<\/p>\n<\/div><\/div><\/div><\/div><\/div><div class=\"vc_col-sm-6 wpb_column vc_column_container\"><div class=\"vc_column-inner\"><div class=\"wpb_wrapper\"><div class=\"w-image us_custom_8ec565b2 has_aspect_ratio align_center\"><div class=\"w-image-h\"><img fetchpriority=\"high\" decoding=\"async\" width=\"1024\" height=\"768\" src=\"https:\/\/www.tablaosflamencos.com\/wp-content\/uploads\/el-cante-en-la-bienal-2026-generaciones-artistas-y-grandes-voces-01-1-1024x768.webp\" class=\"attachment-large size-large\" alt=\"El cante en la Bienal 2026: generaciones, artistas y grandes voces\" loading=\"eager\" srcset=\"https:\/\/www.tablaosflamencos.com\/wp-content\/uploads\/el-cante-en-la-bienal-2026-generaciones-artistas-y-grandes-voces-01-1-1024x768.webp 1024w, https:\/\/www.tablaosflamencos.com\/wp-content\/uploads\/el-cante-en-la-bienal-2026-generaciones-artistas-y-grandes-voces-01-1-300x225.webp 300w, https:\/\/www.tablaosflamencos.com\/wp-content\/uploads\/el-cante-en-la-bienal-2026-generaciones-artistas-y-grandes-voces-01-1-600x450.webp 600w, https:\/\/www.tablaosflamencos.com\/wp-content\/uploads\/el-cante-en-la-bienal-2026-generaciones-artistas-y-grandes-voces-01-1-150x113.webp 150w, https:\/\/www.tablaosflamencos.com\/wp-content\/uploads\/el-cante-en-la-bienal-2026-generaciones-artistas-y-grandes-voces-01-1.webp 1448w\" sizes=\"auto, (max-width: 1024px) 100vw, 1024px\" \/><\/div><\/div><\/div><\/div><\/div><\/div><\/div><\/section><section class=\"l-section wpb_row height_huge color_alternate with_shape\"><div class=\"l-section-shape type_zigzag pos_top hor_flip\" style=\"height:3vmin;\"><svg xmlns=\"http:\/\/www.w3.org\/2000\/svg\" viewBox=\"0 0 64 8\" preserveAspectRatio=\"none\" width=\"100%\" height=\"100%\">\r\n\t<path fill=\"currentColor\" d=\"M64 8 L0 8 L0 0 L20 7.9 L40 3 L48 5 L64 0 Z\"\/>\r\n<\/svg><\/div><div class=\"l-section-shape type_zigzag pos_bottom\" style=\"height:3vmin;\"><svg xmlns=\"http:\/\/www.w3.org\/2000\/svg\" viewBox=\"0 0 64 8\" preserveAspectRatio=\"none\" width=\"100%\" height=\"100%\">\r\n\t<path fill=\"currentColor\" d=\"M64 8 L0 8 L0 0 L20 7.9 L40 3 L48 5 L64 0 Z\"\/>\r\n<\/svg><\/div><div class=\"l-section-h i-cf\"><div class=\"g-cols vc_row via_flex valign_top type_default stacking_default\"><div class=\"vc_col-sm-12 wpb_column vc_column_container\"><div class=\"vc_column-inner\"><div class=\"wpb_wrapper\"><div class=\"wpb_text_column\"><div class=\"wpb_wrapper\"><blockquote>\n<p><strong>Kurzantwort:<\/strong> Die Flamenco-Biennale Sevilla 2026 bietet eines ihrer breitesten und generationell vielf\u00e4ltigsten Cante-Programme. Zu den H\u00f6hepunkten geh\u00f6ren die Gala <em>El mundo por montera<\/em>, \u00c1ngeles Toledano, Israel Fern\u00e1ndez, Rancapino Chico, Arc\u00e1ngel, Antonio Reyes, Jos\u00e9 Merc\u00e9, Mayte Mart\u00edn, Marina Heredia sowie der Abschluss mit Carmen Linares, Marina Heredia, Mar\u00eda Terremoto und Roc\u00edo Luna. Interessant ist nicht nur die Liste gro\u00dfer Namen, sondern auch die Art, wie das Programm Tradition und Gegenwart gegen\u00fcberstellt, Flamenco-Linien zusammenf\u00fchrt und Dialoge zwischen Generationen schafft.<\/p>\n<\/blockquote>\n<p><strong>Letzte Aktualisierung: 2. September 2026.<\/strong> Programm und Ticketverf\u00fcgbarkeit k\u00f6nnen sich \u00e4ndern. Pr\u00fcfen Sie vor der Planung Ihres Besuchs immer die offizielle Seite der jeweiligen Vorstellung.<\/p>\n<p><a href=\"https:\/\/www.tablaosflamencos.com\/de\/flamenco-biennale-sevilla-2026.html\"><strong>Kompletter Guide zur Biennale 2026<\/strong><\/a> \u00b7 <a href=\"https:\/\/www.tablaosflamencos.com\/de\/einzigartige-naechte-flamenco-biennale-sevilla-2026.html\"><strong>Einmalige N\u00e4chte<\/strong><\/a> \u00b7 <a href=\"https:\/\/www.labienal.com\/programa-general\" target=\"_blank\" rel=\"noopener\"><strong>Offizielles Programm<\/strong><\/a><\/p>\n<\/div><\/div><\/div><\/div><\/div><\/div><\/div><\/section><section class=\"l-section wpb_row height_huge\"><div class=\"l-section-h i-cf\"><div class=\"g-cols vc_row via_flex valign_top type_default stacking_default\"><div class=\"vc_col-sm-1\/5 wpb_column vc_column_container\"><div class=\"vc_column-inner\"><div class=\"wpb_wrapper\"><\/div><\/div><\/div><div class=\"vc_col-sm-3\/5 wpb_column vc_column_container\"><div class=\"vc_column-inner\"><div class=\"wpb_wrapper\"><div class=\"wpb_text_column\"><div class=\"wpb_wrapper\"><h2>Inhalt dieses Guides<\/h2>\n<ul>\n<li><a href=\"#cante-corazon\">Warum der Cante eine zentrale Rolle spielt<\/a><\/li>\n<li><a href=\"#maestros\">Meister und gro\u00dfe Referenzen<\/a><\/li>\n<li><a href=\"#consolidados\">Die etablierte Generation<\/a><\/li>\n<li><a href=\"#jovenes\">Die neuen Stimmen<\/a><\/li>\n<li><a href=\"#sagas\">Flamenco-Familien, Regionen und Erinnerung<\/a><\/li>\n<li><a href=\"#mujeres\">Die weiblichen Stimmen<\/a><\/li>\n<li><a href=\"#fechas-clave\">Wichtige Termine<\/a><\/li>\n<li><a href=\"#elegir\">Was Sie je nach Interesse w\u00e4hlen sollten<\/a><\/li>\n<li><a href=\"#faq-cante\">H\u00e4ufig gestellte Fragen<\/a><\/li>\n<\/ul>\n<\/div><\/div><\/div><\/div><\/div><div class=\"vc_col-sm-1\/5 wpb_column vc_column_container\"><div class=\"vc_column-inner\"><div class=\"wpb_wrapper\"><\/div><\/div><\/div><\/div><\/div><\/section><section class=\"l-section wpb_row height_huge color_alternate with_shape\"><div class=\"l-section-shape type_zigzag pos_top\" style=\"height:3vmin;\"><svg xmlns=\"http:\/\/www.w3.org\/2000\/svg\" viewBox=\"0 0 64 8\" preserveAspectRatio=\"none\" width=\"100%\" height=\"100%\">\r\n\t<path fill=\"currentColor\" d=\"M64 8 L0 8 L0 0 L20 7.9 L40 3 L48 5 L64 0 Z\"\/>\r\n<\/svg><\/div><div class=\"l-section-shape type_zigzag pos_bottom\" style=\"height:3vmin;\"><svg xmlns=\"http:\/\/www.w3.org\/2000\/svg\" viewBox=\"0 0 64 8\" preserveAspectRatio=\"none\" width=\"100%\" height=\"100%\">\r\n\t<path fill=\"currentColor\" d=\"M64 8 L0 8 L0 0 L20 7.9 L40 3 L48 5 L64 0 Z\"\/>\r\n<\/svg><\/div><div class=\"l-section-h i-cf\"><div class=\"g-cols vc_row via_flex valign_top type_default stacking_default\"><div class=\"vc_col-sm-12 wpb_column vc_column_container\"><div class=\"vc_column-inner\"><div class=\"wpb_wrapper\"><div class=\"wpb_text_column\"><div class=\"wpb_wrapper\"><h2 id=\"cante-corazon\">Der Cante im Herzen der XXIV. Biennale<\/h2>\n<p>Mehr als hundert Stimmen bedeuten nicht, dass die Biennale einen isolierten Block ausschlie\u00dflich f\u00fcr den Cante geschaffen hat. Im Gegenteil: <strong>Die Stimme zieht sich durch die gesamte Ausgabe<\/strong>. Sie ist in klassischen Recitals, Urauff\u00fchrungen, gro\u00dfen Produktionen im Teatro de la Maestranza, Treffen von Flamenco-Familien, Tanzproduktionen mit strukturell wichtigem Cante und in speziell f\u00fcr Sevilla konzipierten Einmaligen N\u00e4chten pr\u00e4sent.<\/p>\n<p>Das offizielle Programm spricht von Generationen, Regionen, Schulen und Sensibilit\u00e4ten. Diese Idee hilft, die Ausgabe 2026 besser zu verstehen: Es geht nicht darum, eine einzige \u00c4sthetik des Cante zu verteidigen, sondern zu zeigen, wie unterschiedliche Beziehungen zur Tradition nebeneinander bestehen.<\/p>\n<p>Innerhalb desselben Festivals lassen sich radikal unterschiedliche Ans\u00e4tze erleben: Mayte Mart\u00edns R\u00fcckkehr zu alten Repertoires, die Erinnerung an Schellackplatten bei Rancapino Chico, Israel Fern\u00e1ndez\u2019 zeitgen\u00f6ssische musikalische Pers\u00f6nlichkeit, \u00c1ngeles Toledanos eigene Schreibweise und Bildwelt oder eine gro\u00dfformatige symphonische Produktion von Marina Heredia.<\/p>\n<p>Eine der gro\u00dfen St\u00e4rken von 2026 liegt darin, dass das Publikum vergleichen kann, wie verschiedene Generationen zentrale Fragen des Flamenco verstehen: <strong>was es bedeutet, Tradition zu respektieren, wie weit ein Repertoire ver\u00e4ndert werden kann, wie ein Cante weitergegeben wird und wo pers\u00f6nliche Sch\u00f6pfung beginnt<\/strong>.<\/p>\n<\/div><\/div><\/div><\/div><\/div><\/div><\/div><\/section><section class=\"l-section wpb_row height_huge\"><div class=\"l-section-h i-cf\"><div class=\"g-cols vc_row via_flex valign_top type_default stacking_default\"><div class=\"vc_col-sm-12 wpb_column vc_column_container\"><div class=\"vc_column-inner\"><div class=\"wpb_wrapper\"><div class=\"wpb_text_column\"><div class=\"wpb_wrapper\"><h2 id=\"maestros\">Die Meister: Erinnerung, Autorit\u00e4t und Weitergabe<\/h2>\n<p>Unter den erfahrensten Stimmen <strong>Jos\u00e9 Merc\u00e9<\/strong> nimmt einen zentralen Platz ein. Am 20. September kehrt er mit <em>Toquen a rebato<\/em> ins Teatro de la Maestranza zur\u00fcck, einer Einmaligen Nacht, die eine bereits 2016 erfolgreiche Idee aufgreift: seine Stimme drei Gitarren gegen\u00fcberzustellen. Diesmal entsteht der Dialog mit einer j\u00fcngeren Gitarristengeneration \u2014David de Arahal, Jos\u00e9 del Tomate und Manuel Cerpa\u2014 und macht die Idee der Weitergabe besonders deutlich.<\/p>\n<p>Eine weitere zentrale Rolle spielt <strong>Carmen Linares<\/strong>, die einen der gro\u00dfen Abschlusstermine gestaltet. Am 3. Oktober <em>Perlas a millares<\/em> feiert das 30-j\u00e4hrige Jubil\u00e4um ihrer <em>Antolog\u00eda de la Mujer en el Cante<\/em> und bringt Marina Heredia, Mar\u00eda Terremoto und Roc\u00edo Luna sowie Rafaela Carrasco im Tanz zusammen. Die Produktion ist nicht nur ein Tribut: Sie verwandelt die Erinnerung an weiblichen Cante in einen Dialog zwischen Generationen.<\/p>\n<p>Zu diesen Referenzen kommen Namen wie <strong>Jos\u00e9 de la Tomasa<\/strong>, der bei der gro\u00dfen Er\u00f6ffnungsgala auftritt, oder \u00e4u\u00dferst charaktervolle Stimmen wie <strong>Aurora Vargas<\/strong>, die an einer Ausgabe teilnehmen, die Erinnerung und direkt weitergegebene Repertoires besonders stark ber\u00fccksichtigt.<\/p>\n<h3>Mayte Mart\u00edn: zur\u00fcckblicken, um die Gegenwart zu behaupten<\/h3>\n<p>Am 30. September empf\u00e4ngt das Teatro Lope de Vega <strong>Mayte Mart\u00edn<\/strong> mit <em>Arqueolog\u00eda de lo puro<\/em>. Die Produktion beginnt mit einer klaren \u00e4sthetischen Entscheidung: gro\u00dfe Werke des alten Flamenco zur\u00fcckzugewinnen, darunter auch vernachl\u00e4ssigte St\u00fccke, und sie zu vertreten, ohne sie zeitgen\u00f6ssischen Trends zu unterwerfen.<\/p>\n<p>Es geht nicht um Nostalgie. Der Blick zur\u00fcck dient dazu, eine heutige k\u00fcnstlerische Position zu formulieren. Damit wird Mayte Mart\u00edn zu einer der wichtigsten Referenzen f\u00fcr die Debatte, die sich durch die gesamte Biennale zieht: <strong>wie man bewahrt, ohne zu erstarren, und wie man schafft, ohne die Erinnerung zu verlieren<\/strong>.<\/p>\n<\/div><\/div><\/div><\/div><\/div><\/div><\/div><\/section><section class=\"l-section wpb_row height_huge color_alternate with_shape\"><div class=\"l-section-shape type_zigzag pos_top\" style=\"height:3vmin;\"><svg xmlns=\"http:\/\/www.w3.org\/2000\/svg\" viewBox=\"0 0 64 8\" preserveAspectRatio=\"none\" width=\"100%\" height=\"100%\">\r\n\t<path fill=\"currentColor\" d=\"M64 8 L0 8 L0 0 L20 7.9 L40 3 L48 5 L64 0 Z\"\/>\r\n<\/svg><\/div><div class=\"l-section-shape type_zigzag pos_bottom\" style=\"height:3vmin;\"><svg xmlns=\"http:\/\/www.w3.org\/2000\/svg\" viewBox=\"0 0 64 8\" preserveAspectRatio=\"none\" width=\"100%\" height=\"100%\">\r\n\t<path fill=\"currentColor\" d=\"M64 8 L0 8 L0 0 L20 7.9 L40 3 L48 5 L64 0 Z\"\/>\r\n<\/svg><\/div><div class=\"l-section-h i-cf\"><div class=\"g-cols vc_row via_flex valign_top type_default stacking_default\"><div class=\"vc_col-sm-12 wpb_column vc_column_container\"><div class=\"vc_column-inner\"><div class=\"wpb_wrapper\"><div class=\"wpb_text_column\"><div class=\"wpb_wrapper\"><h2 id=\"consolidados\">Die etablierte Generation: Arc\u00e1ngel, Marina Heredia, Israel Fern\u00e1ndez und Antonio Reyes<\/h2>\n<p>Zwischen den historischen Meistern und den j\u00fcngsten Stimmen steht eine Generation, die den zeitgen\u00f6ssischen Cante seit Jahren pr\u00e4gt. Die Biennale 2026 gibt ihr einen sehr sichtbaren Platz.<\/p>\n<p><strong>Arc\u00e1ngel<\/strong> pr\u00e4sentiert am 17. September im Teatro Lope de Vega <em>La copla del cante<\/em>, eine Einmalige Nacht, die die Beziehung zwischen Flamenco und Copla anhand der Erinnerung an K\u00fcnstler wie Marchena, Caracol, Pepe Pinto, Canalejas oder La Paquera de Jerez neu betrachtet.<\/p>\n<p>Am folgenden Tag <strong>Antonio Reyes<\/strong> pr\u00e4sentiert <em>Seis cuerdas, seis<\/em>, ebenfalls im Lope de Vega, als Dialog zwischen seinem Cante und sechs Gitarristen: Rafael Riqueni, Manolo Franco, Diego del Morao, Joni Jim\u00e9nez, Jos\u00e9 del Tomate und Nono Reyes.<\/p>\n<p>Unterdessen <strong>Israel Fern\u00e1ndez<\/strong> bringt <em>De oro y marfil<\/em> am 14. September in den Patio de la Monter\u00eda des Real Alc\u00e1zar, begleitet von Diego del Morao und einem erweiterten musikalischen Ensemble. Die Produktion steht beispielhaft daf\u00fcr, wie Flamenco-Wurzeln mit einer vollkommen zeitgen\u00f6ssischen Klangsprache verbunden werden k\u00f6nnen.<\/p>\n<h3>Marina Heredia: Cante im gro\u00dfen Format<\/h3>\n<p>Am 1. Oktober <strong>Marina Heredia<\/strong> tritt im Teatro de la Maestranza gemeinsam mit dem K\u00f6niglichen Symphonieorchester von Sevilla in <em>\u00a1En libertad! El camino de los gitanos<\/em> auf. Die Produktion verbindet historische Erinnerung, Roma-Identit\u00e4t und gro\u00dfformatige musikalische Sch\u00f6pfung.<\/p>\n<p>Ihre Pr\u00e4senz zeigt eine weitere Dimension des Cante: Die Flamenco-Stimme erscheint nicht nur im Format S\u00e4nger und Gitarre. Sie kann mit einem Orchester, einer umfangreichen Dramaturgie und historischer Forschung koexistieren und dennoch das expressive Zentrum der Produktion bleiben.<\/p>\n<\/div><\/div><\/div><\/div><\/div><\/div><\/div><\/section><section class=\"l-section wpb_row height_huge\"><div class=\"l-section-h i-cf\"><div class=\"g-cols vc_row via_flex valign_top type_default stacking_default\"><div class=\"vc_col-sm-12 wpb_column vc_column_container\"><div class=\"vc_column-inner\"><div class=\"wpb_wrapper\"><div class=\"wpb_text_column\"><div class=\"wpb_wrapper\"><h2 id=\"jovenes\">Die neuen Stimmen: eine Generation, die bereits ihre eigene Sprache entwickelt<\/h2>\n<p>Eine der interessantesten Entwicklungen der Biennale 2026 ist die Einbindung junger K\u00fcnstler, die nicht nur als G\u00e4ste kommen, sondern mit <strong>eigenen Projekten und pers\u00f6nlichen k\u00fcnstlerischen Aussagen<\/strong>.<\/p>\n<p>Das deutlichste Beispiel ist <strong>\u00c1ngeles Toledano<\/strong>. Am 12. September pr\u00e4sentiert sie im Teatro Alameda die Urauff\u00fchrung von <em>La misma sangre del cuerpo<\/em>, ihrer ersten eigenen Produktion bei der Biennale. Das Projekt erweitert die Welt ihres Albums <em>Sangre Sucia<\/em> und stellt eine klassisch ausgebildete Cantaora in den Mittelpunkt einer sehr pers\u00f6nlichen Schreibweise, \u00c4sthetik und B\u00fchnensprache.<\/p>\n<p>Ihre Position ist besonders bemerkenswert: Sie ist auch Teil von <em>El mundo por montera<\/em>, der gro\u00dfen Gala am 10. September, gemeinsam mit K\u00fcnstlern wie Jos\u00e9 Merc\u00e9, Jos\u00e9 de la Tomasa, Arc\u00e1ngel und La Tremendita. Innerhalb von nur zwei Tagen platziert die Biennale sie zun\u00e4chst in einer kollektiven Genealogie und anschlie\u00dfend an der Spitze ihrer eigenen Sch\u00f6pfung.<\/p>\n<p><strong>Mar\u00eda Terremoto<\/strong> steht f\u00fcr eine sehr direkte Kontinuit\u00e4t mit den gro\u00dfen S\u00e4ngerfamilien von Jerez, w\u00e4hrend <strong>Roc\u00edo Luna<\/strong> am gro\u00dfen Abschlussabend mit Carmen Linares und Marina Heredia als eine der jungen Stimmen in eine historische Erz\u00e4hlung \u00fcber weiblichen Cante eingebunden wird.<\/p>\n<p><strong>El Perrete<\/strong> und <strong>Manuel de la Tomasa<\/strong> nehmen an der Gala <em>El mundo por montera<\/em> teil. Hinzu kommt die <strong>Gala des andalusischen Kreises junger Flamenco-K\u00fcnstler<\/strong>, die f\u00fcr den 20. September im Teatro Alameda geplant ist.<\/p>\n<\/div><\/div><\/div><\/div><\/div><\/div><\/div><\/section><section class=\"l-section wpb_row height_huge color_alternate with_shape\"><div class=\"l-section-shape type_zigzag pos_top hor_flip\" style=\"height:3vmin;\"><svg xmlns=\"http:\/\/www.w3.org\/2000\/svg\" viewBox=\"0 0 64 8\" preserveAspectRatio=\"none\" width=\"100%\" height=\"100%\">\r\n\t<path fill=\"currentColor\" d=\"M64 8 L0 8 L0 0 L20 7.9 L40 3 L48 5 L64 0 Z\"\/>\r\n<\/svg><\/div><div class=\"l-section-shape type_zigzag pos_bottom\" style=\"height:3vmin;\"><svg xmlns=\"http:\/\/www.w3.org\/2000\/svg\" viewBox=\"0 0 64 8\" preserveAspectRatio=\"none\" width=\"100%\" height=\"100%\">\r\n\t<path fill=\"currentColor\" d=\"M64 8 L0 8 L0 0 L20 7.9 L40 3 L48 5 L64 0 Z\"\/>\r\n<\/svg><\/div><div class=\"l-section-h i-cf\"><div class=\"g-cols vc_row via_flex valign_top type_default stacking_default\"><div class=\"vc_col-sm-12 wpb_column vc_column_container\"><div class=\"vc_column-inner\"><div class=\"wpb_wrapper\"><div class=\"wpb_text_column\"><div class=\"wpb_wrapper\"><h2 id=\"sagas\">Flamenco-Familien, Regionen und Formen der Weitergabe des Cante<\/h2>\n<p>Die Biennale ordnet ihre Stimmen nicht nur nach Alter. Sie verbindet sie auch durch <strong>Region, Familie und Interpretationstradition<\/strong>.<\/p>\n<p>Der Real Alc\u00e1zar bietet ein besonders klares Beispiel. Nach Israel Fern\u00e1ndez pr\u00e4sentiert am 15. September <strong>Rancapino Chico<\/strong> die Urauff\u00fchrung von <em>Pizarra<\/em>, einem Projekt, das von alten 78-U\/min-Aufnahmen und den gro\u00dfen Meistern des Cante inspiriert ist. Am folgenden Tag <em>Xerezan\u00edas<\/em> bringt Luis El Zambo, Dolores Agujetas, Antonio de la Malena, Manuel Valencia und Las Tatas de Jerez zusammen.<\/p>\n<p>In drei aufeinanderfolgenden N\u00e4chten f\u00fchrt der Patio de la Monter\u00eda damit von einer gro\u00dfen zeitgen\u00f6ssischen Stimme \u00fcber eine Reflexion auf die Erinnerung der Schallplatte bis zu einem Treffen von Flamenco-Familien aus Jerez. F\u00fcr alle, die verstehen m\u00f6chten, wie Cante weitergegeben wird, ist dies einer der geschlossensten Programmbl\u00f6cke der gesamten Ausgabe.<\/p>\n<p><a href=\"https:\/\/www.tablaosflamencos.com\/de\/flamenco-real-alcazar-flamenco-biennale-sevilla-2026.html\"><strong>Unseren Guide zu Flamenco im Real Alc\u00e1zar w\u00e4hrend der Biennale 2026 ansehen<\/strong><\/a>.<\/p>\n<h3>Eine vokale Landkarte Andalusiens<\/h3>\n<p>Jerez ist stark vertreten durch Merc\u00e9, die Familien von <em>Xerezan\u00edas<\/em>, Mar\u00eda Terremoto, Capullo de Jerez oder Jos\u00e9 de los Camarones. C\u00e1diz ist in Rancapino Chicos Verst\u00e4ndnis des Cante und in K\u00fcnstlern wie Encarna Anillo pr\u00e4sent. Huelva besitzt mit Arc\u00e1ngel eine grundlegende Stimme, Granada mit Marina Heredia, und Sevilla bringt eigene Pers\u00f6nlichkeiten und Linien sowie speziell f\u00fcr die Stadt geschaffene Begegnungen ein.<\/p>\n<\/div><\/div><\/div><\/div><\/div><\/div><\/div><\/section><section class=\"l-section wpb_row height_huge\"><div class=\"l-section-h i-cf\"><div class=\"g-cols vc_row via_flex valign_top type_default stacking_default\"><div class=\"vc_col-sm-12 wpb_column vc_column_container\"><div class=\"vc_column-inner\"><div class=\"wpb_wrapper\"><div class=\"wpb_text_column\"><div class=\"wpb_wrapper\"><h2 id=\"mujeres\">Die weiblichen Stimmen: von Carmen Linares bis \u00c1ngeles Toledano und Roc\u00edo Luna<\/h2>\n<p>Weiblicher Cante hat in der Ausgabe 2026 strukturelles Gewicht \u2013 nicht nur wegen der Zahl der K\u00fcnstlerinnen, sondern wegen der Art, wie das Programm einen historischen Dialog aufbaut.<\/p>\n<p>Carmen Linares schlie\u00dft die Biennale mit einer Neuinterpretation ihrer <em>Antolog\u00eda de la Mujer en el Cante<\/em>, einem entscheidenden Werk zur Wiederentdeckung und Hervorhebung von Repertoires gro\u00dfer Cantaoras der Vergangenheit. Das Programm von <em>Perlas a millares<\/em> erinnert an Namen wie Ni\u00f1a de los Peines, La Mejorana, La Trini, La Serneta oder La Repompa und erg\u00e4nzt sie durch heutige Stimmen verschiedener Generationen.<\/p>\n<p>Marina Heredia, Mar\u00eda Terremoto und Roc\u00edo Luna machen aus diesem Tribut eine lebendige Linie und keinen musealen Blick. An anderer Stelle des Programms pr\u00e4sentiert \u00c1ngeles Toledano eine Urauff\u00fchrung aus ihrem eigenen kreativen Universum und <strong>La Tremendita<\/strong> pr\u00e4sentiert <em>Menos es m\u00e1s<\/em>, eine Urauff\u00fchrung am 11. September im Teatro Central.<\/p>\n<p>Eine der interessantesten Lesarten des weiblichen Programms ist gerade das Nebeneinander zweier scheinbar gegens\u00e4tzlicher Bewegungen: <strong>Repertoires wiederzugewinnen und eine eigene Stimme zu schreiben<\/strong>.<\/p>\n<\/div><\/div><\/div><\/div><\/div><\/div><\/div><\/section><section class=\"l-section wpb_row height_huge color_alternate with_shape\"><div class=\"l-section-shape type_zigzag pos_top hor_flip\" style=\"height:3vmin;\"><svg xmlns=\"http:\/\/www.w3.org\/2000\/svg\" viewBox=\"0 0 64 8\" preserveAspectRatio=\"none\" width=\"100%\" height=\"100%\">\r\n\t<path fill=\"currentColor\" d=\"M64 8 L0 8 L0 0 L20 7.9 L40 3 L48 5 L64 0 Z\"\/>\r\n<\/svg><\/div><div class=\"l-section-shape type_zigzag pos_bottom\" style=\"height:3vmin;\"><svg xmlns=\"http:\/\/www.w3.org\/2000\/svg\" viewBox=\"0 0 64 8\" preserveAspectRatio=\"none\" width=\"100%\" height=\"100%\">\r\n\t<path fill=\"currentColor\" d=\"M64 8 L0 8 L0 0 L20 7.9 L40 3 L48 5 L64 0 Z\"\/>\r\n<\/svg><\/div><div class=\"l-section-h i-cf\"><div class=\"g-cols vc_row via_flex valign_top type_default stacking_default\"><div class=\"vc_col-sm-12 wpb_column vc_column_container\"><div class=\"vc_column-inner\"><div class=\"wpb_wrapper\"><div class=\"wpb_text_column\"><div class=\"wpb_wrapper\"><h2 id=\"fechas-clave\">Wichtige Cante-Termine bei der Biennale 2026<\/h2>\n<div style=\"overflow-x: auto;\">\n<table>\n<thead>\n<tr>\n<th>Datum<\/th>\n<th>K\u00fcnstler \/ Produktion<\/th>\n<th>Spielst\u00e4tte<\/th>\n<th>Schwerpunkt<\/th>\n<\/tr>\n<\/thead>\n<tbody>\n<tr>\n<td><strong>10. September<\/strong><\/td>\n<td><em>El mundo por montera<\/em><\/td>\n<td>Real Maestranza<\/td>\n<td>Generationen\u00fcbergreifende Gala<\/td>\n<\/tr>\n<tr>\n<td><strong>11. September<\/strong><\/td>\n<td>La Tremendita \u00b7 <em>Menos es m\u00e1s<\/em><\/td>\n<td>Teatro Central<\/td>\n<td>Urauff\u00fchrung<\/td>\n<\/tr>\n<tr>\n<td><strong>12. September<\/strong><\/td>\n<td>\u00c1ngeles Toledano \u00b7 <em>La misma sangre del cuerpo<\/em><\/td>\n<td>Teatro Alameda<\/td>\n<td>Urauff\u00fchrung<\/td>\n<\/tr>\n<tr>\n<td><strong>14. September<\/strong><\/td>\n<td>Israel Fern\u00e1ndez \u00b7 <em>De oro y marfil<\/em><\/td>\n<td>Real Alc\u00e1zar<\/td>\n<td>Zeitgen\u00f6ssischer Cante<\/td>\n<\/tr>\n<tr>\n<td><strong>15. September<\/strong><\/td>\n<td>Rancapino Chico \u00b7 <em>Pizarra<\/em><\/td>\n<td>Real Alc\u00e1zar<\/td>\n<td>Urauff\u00fchrung<\/td>\n<\/tr>\n<tr>\n<td><strong>16. September<\/strong><\/td>\n<td><em>Xerezan\u00edas<\/em><\/td>\n<td>Real Alc\u00e1zar<\/td>\n<td>Flamenco-Familien aus Jerez<\/td>\n<\/tr>\n<tr>\n<td><strong>17. September<\/strong><\/td>\n<td>Arc\u00e1ngel \u00b7 <em>La copla del cante<\/em><\/td>\n<td>Lope de Vega<\/td>\n<td>Einmalige Nacht<\/td>\n<\/tr>\n<tr>\n<td><strong>18. September<\/strong><\/td>\n<td>Antonio Reyes \u00b7 <em>Seis cuerdas, seis<\/em><\/td>\n<td>Lope de Vega<\/td>\n<td>Cante und sechs Gitarren<\/td>\n<\/tr>\n<tr>\n<td><strong>20. September<\/strong><\/td>\n<td>Jos\u00e9 Merc\u00e9 \u00b7 <em>Toquen a rebato<\/em><\/td>\n<td>Maestranza<\/td>\n<td>Einmalige Nacht<\/td>\n<\/tr>\n<tr>\n<td><strong>30. September<\/strong><\/td>\n<td>Mayte Mart\u00edn \u00b7 <em>Arqueolog\u00eda de lo puro<\/em><\/td>\n<td>Lope de Vega<\/td>\n<td>Altes Repertoire<\/td>\n<\/tr>\n<tr>\n<td><strong>1. Oktober<\/strong><\/td>\n<td>Marina Heredia + ROSS<\/td>\n<td>Maestranza<\/td>\n<td>Gro\u00dfformatige symphonische Produktion<\/td>\n<\/tr>\n<tr>\n<td><strong>3. Oktober<\/strong><\/td>\n<td>Carmen Linares + G\u00e4ste \u00b7 <em>Perlas a millares<\/em><\/td>\n<td>Maestranza<\/td>\n<td>Generationen\u00fcbergreifender Abschluss<\/td>\n<\/tr>\n<\/tbody>\n<\/table>\n<\/div>\n<p><small>Ausgew\u00e4hlte Orientierung zu besonders wichtigen Terminen f\u00fcr Cante-Fans. Die Biennale umfasst viele weitere Vorstellungen, in denen die Flamenco-Stimme eine zentrale Rolle spielt.<\/small><\/p>\n<\/div><\/div><\/div><\/div><\/div><\/div><\/div><\/section><section class=\"l-section wpb_row height_huge\"><div class=\"l-section-h i-cf\"><div class=\"g-cols vc_row via_flex valign_top type_default stacking_default\"><div class=\"vc_col-sm-12 wpb_column vc_column_container\"><div class=\"vc_column-inner\"><div class=\"wpb_wrapper\"><div class=\"wpb_text_column\"><div class=\"wpb_wrapper\"><h2 id=\"elegir\">Was Sie je nach gew\u00fcnschter Art von Cante sehen sollten<\/h2>\n<h3>Wenn Sie traditionellen Cante suchen<\/h3>\n<p>Wenn Sie klassische Formen und eine sehr direkte Beziehung zwischen Stimme, Repertoire und Gitarre h\u00f6ren m\u00f6chten, achten Sie besonders auf <strong>Mayte Mart\u00edn, Rancapino Chico, Jos\u00e9 Merc\u00e9, Antonio Reyes<\/strong> und mehrere Treffen von Flamenco-Familien. Ebenfalls besonders interessant kann <em>A canela y clavo<\/em> sein, mit Esperanza Fern\u00e1ndez, Duquende, Jos\u00e9 Valencia, Pepe Torres und Nazaret Reyes.<\/p>\n<h3>Wenn Sie den zeitgen\u00f6ssischsten Cante suchen<\/h3>\n<p>F\u00fcr einen offeneren Blick auf heutige Sch\u00f6pfung bieten <strong>\u00c1ngeles Toledano, La Tremendita, Israel Fern\u00e1ndez und Marina Heredia<\/strong> vier sehr unterschiedliche Wege. Es gibt nicht nur eine einzige \u201eAvantgarde des Cante\u201c: Die Biennale zeigt mehrere M\u00f6glichkeiten, sich weiterzuentwickeln.<\/p>\n<h3>Wenn Sie die Generationen verstehen m\u00f6chten<\/h3>\n<p>Die beste Strategie ist, nicht zu \u00e4hnliche K\u00fcnstler auszuw\u00e4hlen. Stellen Sie einen kleinen Generationen-Parcours zusammen: eine historische Referenz, eine etablierte Stimme und einen jungen Ansatz. Zum Beispiel Jos\u00e9 Merc\u00e9 oder Mayte Mart\u00edn; Israel Fern\u00e1ndez, Arc\u00e1ngel oder Marina Heredia; und \u00c1ngeles Toledano oder eine der j\u00fcngeren Produktionen.<\/p>\n<p><a href=\"https:\/\/www.tablaosflamencos.com\/de\/flamenco-biennale-sevilla-2026-tickets-preise-rabatte.html\"><strong>Tickets, Preise und Erm\u00e4\u00dfigungen<\/strong><\/a> \u00b7 <a href=\"https:\/\/www.tablaosflamencos.com\/de\/grosse-premieren-flamenco-biennale-sevilla-2026.html\"><strong>Gro\u00dfe Premieren<\/strong><\/a> \u00b7 <a href=\"https:\/\/www.tablaosflamencos.com\/de\/flamenco-biennale-sevilla-2026-ausverkauft-alternativen.html\"><strong>Was sehen, wenn keine Tickets mehr verf\u00fcgbar sind<\/strong><\/a><\/p>\n<\/div><\/div><\/div><\/div><\/div><\/div><\/div><\/section><section class=\"l-section wpb_row height_huge color_alternate with_shape\"><div class=\"l-section-shape type_zigzag pos_top hor_flip\" style=\"height:3vmin;\"><svg xmlns=\"http:\/\/www.w3.org\/2000\/svg\" viewBox=\"0 0 64 8\" preserveAspectRatio=\"none\" width=\"100%\" height=\"100%\">\r\n\t<path fill=\"currentColor\" d=\"M64 8 L0 8 L0 0 L20 7.9 L40 3 L48 5 L64 0 Z\"\/>\r\n<\/svg><\/div><div class=\"l-section-shape type_zigzag pos_bottom\" style=\"height:3vmin;\"><svg xmlns=\"http:\/\/www.w3.org\/2000\/svg\" viewBox=\"0 0 64 8\" preserveAspectRatio=\"none\" width=\"100%\" height=\"100%\">\r\n\t<path fill=\"currentColor\" d=\"M64 8 L0 8 L0 0 L20 7.9 L40 3 L48 5 L64 0 Z\"\/>\r\n<\/svg><\/div><div class=\"l-section-h i-cf\"><div class=\"g-cols vc_row via_flex valign_top type_default stacking_default\"><div class=\"vc_col-sm-1\/5 wpb_column vc_column_container\"><div class=\"vc_column-inner\"><div class=\"wpb_wrapper\"><\/div><\/div><\/div><div class=\"vc_col-sm-3\/5 wpb_column vc_column_container\"><div class=\"vc_column-inner\"><div class=\"wpb_wrapper\"><div class=\"wpb_text_column\"><div class=\"wpb_wrapper\"><h2 id=\"faq-cante\">H\u00e4ufig gestellte Fragen zum Cante bei der Biennale 2026<\/h2>\n<\/div><\/div><div class=\"w-separator size_medium\"><\/div><div class=\"w-tabs accordion toggle_style_1 has_scrolling\" style=\"--sections-title-size:inherit;--sections-gap:0.5rem;\"><div class=\"w-tabs-sections titles-align_none icon_plus cpos_left\"><div class=\"w-tabs-section\" id=\"u745\" itemscope itemprop=\"mainEntity\" itemtype=\"https:\/\/schema.org\/Question\"><button type=\"button\" class=\"w-tabs-section-header\" aria-controls=\"content-u745\" aria-expanded=\"false\"><h3 class=\"w-tabs-section-title\" itemprop=\"name\">Wie viele Stimmen nehmen an der Flamenco-Biennale 2026 teil?<\/h3><div class=\"w-tabs-section-control\"><\/div><\/button><div  class=\"w-tabs-section-content\" id=\"content-u745\" itemscope itemprop=\"acceptedAnswer\" itemtype=\"https:\/\/schema.org\/Answer\"><div class=\"w-tabs-section-content-h i-cf\" itemprop=\"text\"><div class=\"wpb_text_column\"><div class=\"wpb_wrapper\"><p>Die Organisation spricht von <strong>mehr als hundert Stimmen<\/strong> in rund drei\u00dfig Cante-bezogenen Programmpunkten. Nicht alle sind reine Recitals: Viele sind Teil von Galas, Begegnungen, Tanzshows oder gro\u00dfformatigen Produktionen.<\/p>\n<\/div><\/div><\/div><\/div><\/div><div class=\"w-tabs-section\" id=\"j84a\" itemscope itemprop=\"mainEntity\" itemtype=\"https:\/\/schema.org\/Question\"><button type=\"button\" class=\"w-tabs-section-header\" aria-controls=\"content-j84a\" aria-expanded=\"false\"><h3 class=\"w-tabs-section-title\" itemprop=\"name\">Wer sind einige der gro\u00dfen Cantaores der Biennale 2026?<\/h3><div class=\"w-tabs-section-control\"><\/div><\/button><div  class=\"w-tabs-section-content\" id=\"content-j84a\" itemscope itemprop=\"acceptedAnswer\" itemtype=\"https:\/\/schema.org\/Answer\"><div class=\"w-tabs-section-content-h i-cf\" itemprop=\"text\"><div class=\"wpb_text_column\"><div class=\"wpb_wrapper\"><p>Zu den prominentesten Namen geh\u00f6ren Jos\u00e9 Merc\u00e9, Carmen Linares, Jos\u00e9 de la Tomasa, Mayte Mart\u00edn, Arc\u00e1ngel, Marina Heredia, Israel Fern\u00e1ndez, Antonio Reyes, La Tremendita, Rancapino Chico, \u00c1ngeles Toledano, Mar\u00eda Terremoto und Roc\u00edo Luna sowie viele weitere.<\/p>\n<\/div><\/div><\/div><\/div><\/div><div class=\"w-tabs-section\" id=\"b922\" itemscope itemprop=\"mainEntity\" itemtype=\"https:\/\/schema.org\/Question\"><button type=\"button\" class=\"w-tabs-section-header\" aria-controls=\"content-b922\" aria-expanded=\"false\"><h3 class=\"w-tabs-section-title\" itemprop=\"name\">Gibt es junge Cante-K\u00fcnstler bei der Biennale 2026?<\/h3><div class=\"w-tabs-section-control\"><\/div><\/button><div  class=\"w-tabs-section-content\" id=\"content-b922\" itemscope itemprop=\"acceptedAnswer\" itemtype=\"https:\/\/schema.org\/Answer\"><div class=\"w-tabs-section-content-h i-cf\" itemprop=\"text\"><div class=\"wpb_text_column\"><div class=\"wpb_wrapper\"><p>Ja. \u00c1ngeles Toledano pr\u00e4sentiert erstmals eine eigene Produktion bei der Biennale, und auch Stimmen wie Roc\u00edo Luna, Mar\u00eda Terremoto, El Perrete und Manuel de la Tomasa sind vertreten, ebenso die Gala des andalusischen Kreises junger Flamenco-K\u00fcnstler.<\/p>\n<\/div><\/div><\/div><\/div><\/div><div class=\"w-tabs-section\" id=\"ga00\" itemscope itemprop=\"mainEntity\" itemtype=\"https:\/\/schema.org\/Question\"><button type=\"button\" class=\"w-tabs-section-header\" aria-controls=\"content-ga00\" aria-expanded=\"false\"><h3 class=\"w-tabs-section-title\" itemprop=\"name\">Welcher Termin eignet sich besonders, um mehrere Generationen gemeinsam zu h\u00f6ren?<\/h3><div class=\"w-tabs-section-control\"><\/div><\/button><div  class=\"w-tabs-section-content\" id=\"content-ga00\" itemscope itemprop=\"acceptedAnswer\" itemtype=\"https:\/\/schema.org\/Answer\"><div class=\"w-tabs-section-content-h i-cf\" itemprop=\"text\"><div class=\"wpb_text_column\"><div class=\"wpb_wrapper\"><p>Die Gala <em>El mundo por montera<\/em> am 10. September in der Real Maestranza bringt Jos\u00e9 Merc\u00e9, Jos\u00e9 de la Tomasa, Arc\u00e1ngel, La Tremendita, \u00c1ngeles Toledano, El Perrete und Manuel de la Tomasa sowie weitere K\u00fcnstler zusammen.<\/p>\n<\/div><\/div><\/div><\/div><\/div><div class=\"w-tabs-section\" id=\"dae4\" itemscope itemprop=\"mainEntity\" itemtype=\"https:\/\/schema.org\/Question\"><button type=\"button\" class=\"w-tabs-section-header\" aria-controls=\"content-dae4\" aria-expanded=\"false\"><h3 class=\"w-tabs-section-title\" itemprop=\"name\">Welche Produktion ist dem weiblichen Cante gewidmet?<\/h3><div class=\"w-tabs-section-control\"><\/div><\/button><div  class=\"w-tabs-section-content\" id=\"content-dae4\" itemscope itemprop=\"acceptedAnswer\" itemtype=\"https:\/\/schema.org\/Answer\"><div class=\"w-tabs-section-content-h i-cf\" itemprop=\"text\"><div class=\"wpb_text_column\"><div class=\"wpb_wrapper\"><p><em>Perlas a millares<\/em> am 3. Oktober im Teatro de la Maestranza feiert das 30-j\u00e4hrige Jubil\u00e4um der <em>Antolog\u00eda de la Mujer en el Cante<\/em>  von Carmen Linares. Marina Heredia, Mar\u00eda Terremoto und Roc\u00edo Luna wirken ebenfalls mit.<\/p>\n<\/div><\/div><\/div><\/div><\/div><div class=\"w-tabs-section\" id=\"qbba\" itemscope itemprop=\"mainEntity\" itemtype=\"https:\/\/schema.org\/Question\"><button type=\"button\" class=\"w-tabs-section-header\" aria-controls=\"content-qbba\" aria-expanded=\"false\"><h3 class=\"w-tabs-section-title\" itemprop=\"name\">Welches Recital eignet sich, wenn ich \u00e4lteren Flamenco suche?<\/h3><div class=\"w-tabs-section-control\"><\/div><\/button><div  class=\"w-tabs-section-content\" id=\"content-qbba\" itemscope itemprop=\"acceptedAnswer\" itemtype=\"https:\/\/schema.org\/Answer\"><div class=\"w-tabs-section-content-h i-cf\" itemprop=\"text\"><div class=\"wpb_text_column\"><div class=\"wpb_wrapper\"><p>Eine der klarsten Empfehlungen ist <em>Arqueolog\u00eda de lo puro<\/em> von Mayte Mart\u00edn am 30. September im Teatro Lope de Vega. Auch <em>Pizarra<\/em> von Rancapino Chico ist von alten 78-U\/min-Aufnahmen inspiriert.<\/p>\n<\/div><\/div><\/div><\/div><\/div><div class=\"w-tabs-section\" id=\"dca2\" itemscope itemprop=\"mainEntity\" itemtype=\"https:\/\/schema.org\/Question\"><button type=\"button\" class=\"w-tabs-section-header\" aria-controls=\"content-dca2\" aria-expanded=\"false\"><h3 class=\"w-tabs-section-title\" itemprop=\"name\">Wo konzentriert sich der Cante aus Jerez?<\/h3><div class=\"w-tabs-section-control\"><\/div><\/button><div  class=\"w-tabs-section-content\" id=\"content-dca2\" itemscope itemprop=\"acceptedAnswer\" itemtype=\"https:\/\/schema.org\/Answer\"><div class=\"w-tabs-section-content-h i-cf\" itemprop=\"text\"><div class=\"wpb_text_column\"><div class=\"wpb_wrapper\"><p>Jerez taucht an vielen Stellen des Programms auf. Besonders wichtig sind Jos\u00e9 Merc\u00e9, Mar\u00eda Terremoto und vor allem <em>Xerezan\u00edas<\/em> am 16. September im Real Alc\u00e1zar mit Luis El Zambo, Dolores Agujetas, Antonio de la Malena, Manuel Valencia und Las Tatas de Jerez.<\/p>\n<\/div><\/div><\/div><\/div><\/div><div class=\"w-tabs-section\" id=\"rd6d\" itemscope itemprop=\"mainEntity\" itemtype=\"https:\/\/schema.org\/Question\"><button type=\"button\" class=\"w-tabs-section-header\" aria-controls=\"content-rd6d\" aria-expanded=\"false\"><h3 class=\"w-tabs-section-title\" itemprop=\"name\">Gibt es Urauff\u00fchrungen mit besonderem Cante-Bezug?<\/h3><div class=\"w-tabs-section-control\"><\/div><\/button><div  class=\"w-tabs-section-content\" id=\"content-rd6d\" itemscope itemprop=\"acceptedAnswer\" itemtype=\"https:\/\/schema.org\/Answer\"><div class=\"w-tabs-section-content-h i-cf\" itemprop=\"text\"><div class=\"wpb_text_column\"><div class=\"wpb_wrapper\"><p>Ja. Dazu geh\u00f6ren <em>Menos es m\u00e1s<\/em> von La Tremendita, <em>La misma sangre del cuerpo<\/em> von \u00c1ngeles Toledano und <em>Pizarra<\/em> von Rancapino Chico.<\/p>\n<\/div><\/div><\/div><\/div><\/div><div class=\"w-tabs-section\" id=\"ze4e\" itemscope itemprop=\"mainEntity\" itemtype=\"https:\/\/schema.org\/Question\"><button type=\"button\" class=\"w-tabs-section-header\" aria-controls=\"content-ze4e\" aria-expanded=\"false\"><h3 class=\"w-tabs-section-title\" itemprop=\"name\">Wo kann ich Termine pr\u00fcfen und Tickets kaufen?<\/h3><div class=\"w-tabs-section-control\"><\/div><\/button><div  class=\"w-tabs-section-content\" id=\"content-ze4e\" itemscope itemprop=\"acceptedAnswer\" itemtype=\"https:\/\/schema.org\/Answer\"><div class=\"w-tabs-section-content-h i-cf\" itemprop=\"text\"><div class=\"wpb_text_column\"><div class=\"wpb_wrapper\"><p>Das vollst\u00e4ndige Programm und die Verkaufslinks finden Sie auf der offiziellen Website der Biennale. Lesen Sie auch unseren <a href=\"https:\/\/www.tablaosflamencos.com\/de\/flamenco-biennale-sevilla-2026-tickets-preise-rabatte.html\"><strong>Guide zu Tickets, Preisen und Erm\u00e4\u00dfigungen<\/strong><\/a>.<\/p>\n<\/div><\/div><\/div><\/div><\/div><div class=\"w-tabs-section\" id=\"df2a\" itemscope itemprop=\"mainEntity\" itemtype=\"https:\/\/schema.org\/Question\"><button type=\"button\" class=\"w-tabs-section-header\" aria-controls=\"content-df2a\" aria-expanded=\"false\"><h3 class=\"w-tabs-section-title\" itemprop=\"name\">Was kann ich tun, wenn meine gew\u00fcnschte Vorstellung ausverkauft ist?<\/h3><div class=\"w-tabs-section-control\"><\/div><\/button><div  class=\"w-tabs-section-content\" id=\"content-df2a\" itemscope itemprop=\"acceptedAnswer\" itemtype=\"https:\/\/schema.org\/Answer\"><div class=\"w-tabs-section-content-h i-cf\" itemprop=\"text\"><div class=\"wpb_text_column\"><div class=\"wpb_wrapper\"><p>Pr\u00fcfen Sie zun\u00e4chst die offiziellen Kan\u00e4le, falls neue Pl\u00e4tze freigegeben werden. Wenn nichts verf\u00fcgbar ist, lesen Sie unseren Guide dazu, <a href=\"https:\/\/www.tablaosflamencos.com\/de\/flamenco-biennale-sevilla-2026-ausverkauft-alternativen.html\"><strong>was Sie sehen k\u00f6nnen, wenn die Tickets der Biennale ausverkauft sind<\/strong><\/a>.<\/p>\n<\/div><\/div><\/div><\/div><\/div><\/div><\/div><\/div><\/div><\/div><div class=\"vc_col-sm-1\/5 wpb_column vc_column_container\"><div class=\"vc_column-inner\"><div class=\"wpb_wrapper\"><\/div><\/div><\/div><\/div><\/div><\/section><section class=\"l-section wpb_row height_huge\"><div class=\"l-section-h i-cf\"><div class=\"g-cols vc_row via_flex valign_top type_default stacking_default\"><div class=\"vc_col-sm-12 wpb_column vc_column_container\"><div class=\"vc_column-inner\"><div class=\"wpb_wrapper\"><div class=\"wpb_text_column\"><div class=\"wpb_wrapper\"><h2>Eine Biennale, um zu h\u00f6ren, woher der Cante kommt und wohin er gehen kann<\/h2>\n<p>Das Programm 2026 zeigt den Cante nicht als starres Bild der Vergangenheit. Es zeigt ihn als bewegte Kette der Weitergabe: Meister, die Referenzen bleiben, etablierte K\u00fcnstler mit eigenen Sprachen und junge Stimmen, die zunehmend gr\u00f6\u00dfere kreative Verantwortung \u00fcbernehmen.<\/p>\n<p>Gerade dieses Zusammentreffen der Generationen ist wahrscheinlich einer der besten Gr\u00fcnde, den Cante als roten Faden durch die XXIV. Flamenco-Biennale von Sevilla zu verfolgen.<\/p>\n<\/div><\/div><\/div><\/div><\/div><\/div><\/div><\/section>\n","protected":false},"excerpt":{"rendered":"<p>Guide zum Cante bei der Flamenco-Biennale Sevilla 2026: gro\u00dfe Meister, etablierte Stimmen, neue Talente, Flamenco-Familien, Shows und wichtige Termine.<\/p>\n","protected":false},"author":1,"featured_media":14112,"comment_status":"closed","ping_status":"closed","sticky":false,"template":"","format":"standard","meta":{"_acf_changed":false,"wpai_generated_summary":"","_ayudawp_aiss_exclude":false,"_ayudawp_aiss_exclude_summary":false,"_ayudawp_aiss_summary":"","_ayudawp_aiss_summary_provider":"","_ayudawp_aiss_summary_hash":"","footnotes":""},"categories":[1431],"tags":[1244,1245,1246,1247,1166,405],"class_list":["post-14149","post","type-post","status-publish","format-standard","has-post-thumbnail","hentry","category-flamenco-biennale","tag-agenda-flamenca","tag-bienal-2026","tag-bienal-de-flamenco","tag-festivales-flamencos","tag-flamenco-en-sevilla","tag-sevilla"],"acf":[],"yoast_head":"<!-- This site is optimized with the Yoast SEO Premium plugin v28.4 (Yoast SEO v28.4) - https:\/\/yoast.com\/product\/yoast-seo-premium-wordpress\/ -->\n<title>Cante bei der Flamenco-Biennale 2026: gro\u00dfe Stimmen<\/title>\n<meta name=\"description\" content=\"Guide zum Cante bei der Flamenco-Biennale 2026: Jos\u00e9 Merc\u00e9, Carmen Linares, Mayte Mart\u00edn, Israel Fern\u00e1ndez, junge Stimmen und wichtige Termine.\" \/>\n<meta name=\"robots\" content=\"index, follow, max-snippet:-1, max-image-preview:large, max-video-preview:-1\" \/>\n<link rel=\"canonical\" href=\"https:\/\/www.tablaosflamencos.com\/de\/cante-flamenco-biennale-sevilla-2026.html\" \/>\n<meta property=\"og:locale\" content=\"de_DE\" \/>\n<meta property=\"og:type\" content=\"article\" \/>\n<meta property=\"og:title\" content=\"Der Cante bei der Biennale 2026: Generationen, K\u00fcnstler und gro\u00dfe Stimmen\" \/>\n<meta property=\"og:description\" content=\"Guide zum Cante bei der Flamenco-Biennale 2026: Jos\u00e9 Merc\u00e9, Carmen Linares, Mayte Mart\u00edn, Israel Fern\u00e1ndez, junge Stimmen und wichtige Termine.\" \/>\n<meta property=\"og:url\" content=\"https:\/\/www.tablaosflamencos.com\/de\/cante-flamenco-biennale-sevilla-2026.html\" \/>\n<meta property=\"og:site_name\" content=\"Tablaos Flamencos\" \/>\n<meta property=\"article:publisher\" content=\"https:\/\/www.facebook.com\/tablaosflamencos\" \/>\n<meta property=\"article:published_time\" content=\"2026-09-02T23:18:36+00:00\" \/>\n<meta property=\"article:modified_time\" content=\"2026-09-02T23:40:31+00:00\" \/>\n<meta property=\"og:image\" content=\"https:\/\/www.tablaosflamencos.com\/wp-content\/uploads\/el-cante-en-la-bienal-2026-generaciones-artistas-y-grandes-voces-01.webp\" \/>\n\t<meta property=\"og:image:width\" content=\"1672\" \/>\n\t<meta property=\"og:image:height\" content=\"941\" \/>\n\t<meta property=\"og:image:type\" content=\"image\/webp\" \/>\n<meta name=\"author\" content=\"Miguel Ortiz\" \/>\n<meta name=\"twitter:card\" content=\"summary_large_image\" \/>\n<meta name=\"twitter:creator\" content=\"@tablaosflamenco\" \/>\n<meta name=\"twitter:site\" content=\"@tablaosflamenco\" \/>\n<meta name=\"twitter:label1\" content=\"Verfasst von\" \/>\n\t<meta name=\"twitter:data1\" content=\"Miguel Ortiz\" \/>\n\t<meta name=\"twitter:label2\" content=\"Gesch\u00e4tzte Lesezeit\" \/>\n\t<meta name=\"twitter:data2\" content=\"16\u00a0Minuten\" \/>\n<script type=\"application\/ld+json\" class=\"yoast-schema-graph\">{\"@context\":\"https:\\\/\\\/schema.org\",\"@graph\":[{\"@type\":\"Article\",\"@id\":\"https:\\\/\\\/www.tablaosflamencos.com\\\/de\\\/cante-flamenco-biennale-sevilla-2026.html#article\",\"isPartOf\":{\"@id\":\"https:\\\/\\\/www.tablaosflamencos.com\\\/de\\\/cante-flamenco-biennale-sevilla-2026.html\"},\"author\":{\"name\":\"Miguel Ortiz\",\"@id\":\"https:\\\/\\\/www.tablaosflamencos.com\\\/de#\\\/schema\\\/person\\\/e7a9ebe14eb75a52ceabfbffb3c54f5d\"},\"headline\":\"Der Cante bei der Biennale 2026: Generationen, K\u00fcnstler und gro\u00dfe Stimmen\",\"datePublished\":\"2026-09-02T23:18:36+00:00\",\"dateModified\":\"2026-09-02T23:40:31+00:00\",\"mainEntityOfPage\":{\"@id\":\"https:\\\/\\\/www.tablaosflamencos.com\\\/de\\\/cante-flamenco-biennale-sevilla-2026.html\"},\"wordCount\":3285,\"publisher\":{\"@id\":\"https:\\\/\\\/www.tablaosflamencos.com\\\/de#organization\"},\"image\":{\"@id\":\"https:\\\/\\\/www.tablaosflamencos.com\\\/de\\\/cante-flamenco-biennale-sevilla-2026.html#primaryimage\"},\"thumbnailUrl\":\"https:\\\/\\\/www.tablaosflamencos.com\\\/wp-content\\\/uploads\\\/el-cante-en-la-bienal-2026-generaciones-artistas-y-grandes-voces-01.webp\",\"keywords\":[\"agenda flamenca\",\"Bienal 2026\",\"Bienal de Flamenco\",\"festivales flamencos\",\"flamenco en Sevilla\",\"sevilla\"],\"articleSection\":[\"Flamenco-Biennale\"],\"inLanguage\":\"de\"},{\"@type\":\"WebPage\",\"@id\":\"https:\\\/\\\/www.tablaosflamencos.com\\\/de\\\/cante-flamenco-biennale-sevilla-2026.html\",\"url\":\"https:\\\/\\\/www.tablaosflamencos.com\\\/de\\\/cante-flamenco-biennale-sevilla-2026.html\",\"name\":\"Cante bei der Flamenco-Biennale 2026: gro\u00dfe Stimmen\",\"isPartOf\":{\"@id\":\"https:\\\/\\\/www.tablaosflamencos.com\\\/de#website\"},\"primaryImageOfPage\":{\"@id\":\"https:\\\/\\\/www.tablaosflamencos.com\\\/de\\\/cante-flamenco-biennale-sevilla-2026.html#primaryimage\"},\"image\":{\"@id\":\"https:\\\/\\\/www.tablaosflamencos.com\\\/de\\\/cante-flamenco-biennale-sevilla-2026.html#primaryimage\"},\"thumbnailUrl\":\"https:\\\/\\\/www.tablaosflamencos.com\\\/wp-content\\\/uploads\\\/el-cante-en-la-bienal-2026-generaciones-artistas-y-grandes-voces-01.webp\",\"datePublished\":\"2026-09-02T23:18:36+00:00\",\"dateModified\":\"2026-09-02T23:40:31+00:00\",\"description\":\"Guide zum Cante bei der Flamenco-Biennale 2026: Jos\u00e9 Merc\u00e9, Carmen Linares, Mayte Mart\u00edn, Israel Fern\u00e1ndez, junge Stimmen und wichtige Termine.\",\"breadcrumb\":{\"@id\":\"https:\\\/\\\/www.tablaosflamencos.com\\\/de\\\/cante-flamenco-biennale-sevilla-2026.html#breadcrumb\"},\"inLanguage\":\"de\",\"potentialAction\":[{\"@type\":\"ReadAction\",\"target\":[\"https:\\\/\\\/www.tablaosflamencos.com\\\/de\\\/cante-flamenco-biennale-sevilla-2026.html\"]}]},{\"@type\":\"ImageObject\",\"inLanguage\":\"de\",\"@id\":\"https:\\\/\\\/www.tablaosflamencos.com\\\/de\\\/cante-flamenco-biennale-sevilla-2026.html#primaryimage\",\"url\":\"https:\\\/\\\/www.tablaosflamencos.com\\\/wp-content\\\/uploads\\\/el-cante-en-la-bienal-2026-generaciones-artistas-y-grandes-voces-01.webp\",\"contentUrl\":\"https:\\\/\\\/www.tablaosflamencos.com\\\/wp-content\\\/uploads\\\/el-cante-en-la-bienal-2026-generaciones-artistas-y-grandes-voces-01.webp\",\"width\":1672,\"height\":941,\"caption\":\"El cante en la Bienal 2026: generaciones, artistas y grandes voces\"},{\"@type\":\"BreadcrumbList\",\"@id\":\"https:\\\/\\\/www.tablaosflamencos.com\\\/de\\\/cante-flamenco-biennale-sevilla-2026.html#breadcrumb\",\"itemListElement\":[{\"@type\":\"ListItem\",\"position\":1,\"name\":\"Home\",\"item\":\"https:\\\/\\\/www.tablaosflamencos.com\\\/de\"},{\"@type\":\"ListItem\",\"position\":2,\"name\":\"Der Cante bei der Biennale 2026: Generationen, K\u00fcnstler und gro\u00dfe Stimmen\"}]},{\"@type\":\"WebSite\",\"@id\":\"https:\\\/\\\/www.tablaosflamencos.com\\\/de#website\",\"url\":\"https:\\\/\\\/www.tablaosflamencos.com\\\/de\",\"name\":\"Tablaos Flamencos\",\"description\":\"Entradas para tablaos flamencos de Espa\u00f1a\",\"publisher\":{\"@id\":\"https:\\\/\\\/www.tablaosflamencos.com\\\/de#organization\"},\"alternateName\":\"Tablaos Flamencos\",\"potentialAction\":[{\"@type\":\"SearchAction\",\"target\":{\"@type\":\"EntryPoint\",\"urlTemplate\":\"https:\\\/\\\/www.tablaosflamencos.com\\\/de?s={search_term_string}\"},\"query-input\":{\"@type\":\"PropertyValueSpecification\",\"valueRequired\":true,\"valueName\":\"search_term_string\"}}],\"inLanguage\":\"de\"},{\"@type\":[\"Organization\",\"Place\",\"EntertainmentBusiness\"],\"@id\":\"https:\\\/\\\/www.tablaosflamencos.com\\\/de#organization\",\"name\":\"Tablaos Flamencos\",\"alternateName\":\"Tablaos Flamencos\",\"url\":\"https:\\\/\\\/www.tablaosflamencos.com\\\/de\",\"logo\":{\"@id\":\"https:\\\/\\\/www.tablaosflamencos.com\\\/de\\\/cante-flamenco-biennale-sevilla-2026.html#local-main-organization-logo\"},\"image\":{\"@id\":\"https:\\\/\\\/www.tablaosflamencos.com\\\/de\\\/cante-flamenco-biennale-sevilla-2026.html#local-main-organization-logo\"},\"sameAs\":[\"https:\\\/\\\/www.facebook.com\\\/tablaosflamencos\",\"https:\\\/\\\/x.com\\\/tablaosflamenco\",\"https:\\\/\\\/mastodon.social\\\/@tablaosflamencos\",\"https:\\\/\\\/www.instagram.com\\\/tablaosflamencos\",\"https:\\\/\\\/tiktok.com\\\/@tablaosflamencos\",\"https:\\\/\\\/www.linkedin.com\\\/company\\\/109408238\\\/\"],\"description\":\"Venta de entradas para espect\u00e1culos flamencos\",\"legalName\":\"Tablaos Flamencos\",\"foundingDate\":\"2015-01-01\",\"numberOfEmployees\":{\"@type\":\"QuantitativeValue\",\"minValue\":\"1\",\"maxValue\":\"10\"},\"address\":{\"@id\":\"https:\\\/\\\/www.tablaosflamencos.com\\\/de\\\/cante-flamenco-biennale-sevilla-2026.html#local-main-place-address\"},\"geo\":{\"@type\":\"GeoCoordinates\",\"latitude\":\"37.3868072\",\"longitude\":\"-5.993280299999999\"},\"telephone\":[\"+34623787787\"],\"contactPoint\":{\"@type\":\"ContactPoint\",\"telephone\":\"+34623787787\",\"email\":\"info@tablaosflamencos.com\"},\"openingHoursSpecification\":{\"@type\":\"OpeningHoursSpecification\",\"dayOfWeek\":[\"Monday\",\"Tuesday\",\"Wednesday\",\"Thursday\",\"Friday\",\"Saturday\",\"Sunday\"],\"opens\":\"00:00\",\"closes\":\"23:59\"},\"email\":\"info@tablaosflamencos.com\",\"priceRange\":\"$$$\",\"currenciesAccepted\":\"\u20ac\"},{\"@type\":\"Person\",\"@id\":\"https:\\\/\\\/www.tablaosflamencos.com\\\/de#\\\/schema\\\/person\\\/e7a9ebe14eb75a52ceabfbffb3c54f5d\",\"name\":\"Miguel Ortiz\",\"description\":\"Miguel Ortiz es un empresario flamenco, con una s\u00f3lida trayectoria dentro del sector. Ha presidido entidades culturales vinculadas al flamenco y, cuenta con un amplio recorrido profesional en la gesti\u00f3n y promoci\u00f3n de espect\u00e1culos y tablaos flamencos. Su pasi\u00f3n por la historia y el arte flamenco se refleja en cada art\u00edculo, donde combina experiencia, criterio y un profundo respeto por la tradici\u00f3n.\",\"sameAs\":[\"https:\\\/\\\/www.tablaosflamencos.com\",\"https:\\\/\\\/www.instagra.com\\\/miguelortizfe\",\"https:\\\/\\\/www.linkedin.com\\\/in\\\/miguelortizf\\\/\"],\"birthDate\":\"1984-11-22\",\"gender\":\"hombre\",\"knowsLanguage\":[\"espa\u00f1ol\",\"ingl\u00e9s\"],\"jobTitle\":\"Empresario flamenco\"},{\"@type\":\"PostalAddress\",\"@id\":\"https:\\\/\\\/www.tablaosflamencos.com\\\/de\\\/cante-flamenco-biennale-sevilla-2026.html#local-main-place-address\",\"streetAddress\":\"C\\\/ Alemanes, 19\",\"addressLocality\":\"Sevilla\",\"postalCode\":\"41004\",\"addressRegion\":\"Sevilla\",\"addressCountry\":\"ES\"},{\"@type\":\"ImageObject\",\"inLanguage\":\"de\",\"@id\":\"https:\\\/\\\/www.tablaosflamencos.com\\\/de\\\/cante-flamenco-biennale-sevilla-2026.html#local-main-organization-logo\",\"url\":\"https:\\\/\\\/www.tablaosflamencos.com\\\/wp-content\\\/uploads\\\/tablaos-flamencos-06-3.webp\",\"contentUrl\":\"https:\\\/\\\/www.tablaosflamencos.com\\\/wp-content\\\/uploads\\\/tablaos-flamencos-06-3.webp\",\"width\":600,\"height\":620,\"caption\":\"Tablaos Flamencos\"}]}<\/script>\n<meta name=\"geo.placename\" content=\"Sevilla\" \/>\n<meta name=\"geo.position\" content=\"37.3868072;-5.993280299999999\" \/>\n<meta name=\"geo.region\" content=\"Spanien\" \/>\n<!-- \/ Yoast SEO Premium plugin. -->","yoast_head_json":{"title":"Cante bei der Flamenco-Biennale 2026: gro\u00dfe Stimmen","description":"Guide zum Cante bei der Flamenco-Biennale 2026: Jos\u00e9 Merc\u00e9, Carmen Linares, Mayte Mart\u00edn, Israel Fern\u00e1ndez, junge Stimmen und wichtige Termine.","robots":{"index":"index","follow":"follow","max-snippet":"max-snippet:-1","max-image-preview":"max-image-preview:large","max-video-preview":"max-video-preview:-1"},"canonical":"https:\/\/www.tablaosflamencos.com\/de\/cante-flamenco-biennale-sevilla-2026.html","og_locale":"de_DE","og_type":"article","og_title":"Der Cante bei der Biennale 2026: Generationen, K\u00fcnstler und gro\u00dfe Stimmen","og_description":"Guide zum Cante bei der Flamenco-Biennale 2026: Jos\u00e9 Merc\u00e9, Carmen Linares, Mayte Mart\u00edn, Israel Fern\u00e1ndez, junge Stimmen und wichtige Termine.","og_url":"https:\/\/www.tablaosflamencos.com\/de\/cante-flamenco-biennale-sevilla-2026.html","og_site_name":"Tablaos Flamencos","article_publisher":"https:\/\/www.facebook.com\/tablaosflamencos","article_published_time":"2026-09-02T23:18:36+00:00","article_modified_time":"2026-09-02T23:40:31+00:00","og_image":[{"width":1672,"height":941,"url":"https:\/\/www.tablaosflamencos.com\/wp-content\/uploads\/el-cante-en-la-bienal-2026-generaciones-artistas-y-grandes-voces-01.webp","type":"image\/webp"}],"author":"Miguel Ortiz","twitter_card":"summary_large_image","twitter_creator":"@tablaosflamenco","twitter_site":"@tablaosflamenco","twitter_misc":{"Verfasst von":"Miguel Ortiz","Gesch\u00e4tzte Lesezeit":"16\u00a0Minuten"},"schema":{"@context":"https:\/\/schema.org","@graph":[{"@type":"Article","@id":"https:\/\/www.tablaosflamencos.com\/de\/cante-flamenco-biennale-sevilla-2026.html#article","isPartOf":{"@id":"https:\/\/www.tablaosflamencos.com\/de\/cante-flamenco-biennale-sevilla-2026.html"},"author":{"name":"Miguel Ortiz","@id":"https:\/\/www.tablaosflamencos.com\/de#\/schema\/person\/e7a9ebe14eb75a52ceabfbffb3c54f5d"},"headline":"Der Cante bei der Biennale 2026: Generationen, K\u00fcnstler und gro\u00dfe Stimmen","datePublished":"2026-09-02T23:18:36+00:00","dateModified":"2026-09-02T23:40:31+00:00","mainEntityOfPage":{"@id":"https:\/\/www.tablaosflamencos.com\/de\/cante-flamenco-biennale-sevilla-2026.html"},"wordCount":3285,"publisher":{"@id":"https:\/\/www.tablaosflamencos.com\/de#organization"},"image":{"@id":"https:\/\/www.tablaosflamencos.com\/de\/cante-flamenco-biennale-sevilla-2026.html#primaryimage"},"thumbnailUrl":"https:\/\/www.tablaosflamencos.com\/wp-content\/uploads\/el-cante-en-la-bienal-2026-generaciones-artistas-y-grandes-voces-01.webp","keywords":["agenda flamenca","Bienal 2026","Bienal de Flamenco","festivales flamencos","flamenco en Sevilla","sevilla"],"articleSection":["Flamenco-Biennale"],"inLanguage":"de"},{"@type":"WebPage","@id":"https:\/\/www.tablaosflamencos.com\/de\/cante-flamenco-biennale-sevilla-2026.html","url":"https:\/\/www.tablaosflamencos.com\/de\/cante-flamenco-biennale-sevilla-2026.html","name":"Cante bei der Flamenco-Biennale 2026: gro\u00dfe Stimmen","isPartOf":{"@id":"https:\/\/www.tablaosflamencos.com\/de#website"},"primaryImageOfPage":{"@id":"https:\/\/www.tablaosflamencos.com\/de\/cante-flamenco-biennale-sevilla-2026.html#primaryimage"},"image":{"@id":"https:\/\/www.tablaosflamencos.com\/de\/cante-flamenco-biennale-sevilla-2026.html#primaryimage"},"thumbnailUrl":"https:\/\/www.tablaosflamencos.com\/wp-content\/uploads\/el-cante-en-la-bienal-2026-generaciones-artistas-y-grandes-voces-01.webp","datePublished":"2026-09-02T23:18:36+00:00","dateModified":"2026-09-02T23:40:31+00:00","description":"Guide zum Cante bei der Flamenco-Biennale 2026: Jos\u00e9 Merc\u00e9, Carmen Linares, Mayte Mart\u00edn, Israel Fern\u00e1ndez, junge Stimmen und wichtige Termine.","breadcrumb":{"@id":"https:\/\/www.tablaosflamencos.com\/de\/cante-flamenco-biennale-sevilla-2026.html#breadcrumb"},"inLanguage":"de","potentialAction":[{"@type":"ReadAction","target":["https:\/\/www.tablaosflamencos.com\/de\/cante-flamenco-biennale-sevilla-2026.html"]}]},{"@type":"ImageObject","inLanguage":"de","@id":"https:\/\/www.tablaosflamencos.com\/de\/cante-flamenco-biennale-sevilla-2026.html#primaryimage","url":"https:\/\/www.tablaosflamencos.com\/wp-content\/uploads\/el-cante-en-la-bienal-2026-generaciones-artistas-y-grandes-voces-01.webp","contentUrl":"https:\/\/www.tablaosflamencos.com\/wp-content\/uploads\/el-cante-en-la-bienal-2026-generaciones-artistas-y-grandes-voces-01.webp","width":1672,"height":941,"caption":"El cante en la Bienal 2026: generaciones, artistas y grandes voces"},{"@type":"BreadcrumbList","@id":"https:\/\/www.tablaosflamencos.com\/de\/cante-flamenco-biennale-sevilla-2026.html#breadcrumb","itemListElement":[{"@type":"ListItem","position":1,"name":"Home","item":"https:\/\/www.tablaosflamencos.com\/de"},{"@type":"ListItem","position":2,"name":"Der Cante bei der Biennale 2026: Generationen, K\u00fcnstler und gro\u00dfe Stimmen"}]},{"@type":"WebSite","@id":"https:\/\/www.tablaosflamencos.com\/de#website","url":"https:\/\/www.tablaosflamencos.com\/de","name":"Tablaos Flamencos","description":"Entradas para tablaos flamencos de Espa\u00f1a","publisher":{"@id":"https:\/\/www.tablaosflamencos.com\/de#organization"},"alternateName":"Tablaos Flamencos","potentialAction":[{"@type":"SearchAction","target":{"@type":"EntryPoint","urlTemplate":"https:\/\/www.tablaosflamencos.com\/de?s={search_term_string}"},"query-input":{"@type":"PropertyValueSpecification","valueRequired":true,"valueName":"search_term_string"}}],"inLanguage":"de"},{"@type":["Organization","Place","EntertainmentBusiness"],"@id":"https:\/\/www.tablaosflamencos.com\/de#organization","name":"Tablaos Flamencos","alternateName":"Tablaos Flamencos","url":"https:\/\/www.tablaosflamencos.com\/de","logo":{"@id":"https:\/\/www.tablaosflamencos.com\/de\/cante-flamenco-biennale-sevilla-2026.html#local-main-organization-logo"},"image":{"@id":"https:\/\/www.tablaosflamencos.com\/de\/cante-flamenco-biennale-sevilla-2026.html#local-main-organization-logo"},"sameAs":["https:\/\/www.facebook.com\/tablaosflamencos","https:\/\/x.com\/tablaosflamenco","https:\/\/mastodon.social\/@tablaosflamencos","https:\/\/www.instagram.com\/tablaosflamencos","https:\/\/tiktok.com\/@tablaosflamencos","https:\/\/www.linkedin.com\/company\/109408238\/"],"description":"Venta de entradas para espect\u00e1culos flamencos","legalName":"Tablaos Flamencos","foundingDate":"2015-01-01","numberOfEmployees":{"@type":"QuantitativeValue","minValue":"1","maxValue":"10"},"address":{"@id":"https:\/\/www.tablaosflamencos.com\/de\/cante-flamenco-biennale-sevilla-2026.html#local-main-place-address"},"geo":{"@type":"GeoCoordinates","latitude":"37.3868072","longitude":"-5.993280299999999"},"telephone":["+34623787787"],"contactPoint":{"@type":"ContactPoint","telephone":"+34623787787","email":"info@tablaosflamencos.com"},"openingHoursSpecification":{"@type":"OpeningHoursSpecification","dayOfWeek":["Monday","Tuesday","Wednesday","Thursday","Friday","Saturday","Sunday"],"opens":"00:00","closes":"23:59"},"email":"info@tablaosflamencos.com","priceRange":"$$$","currenciesAccepted":"\u20ac"},{"@type":"Person","@id":"https:\/\/www.tablaosflamencos.com\/de#\/schema\/person\/e7a9ebe14eb75a52ceabfbffb3c54f5d","name":"Miguel Ortiz","description":"Miguel Ortiz es un empresario flamenco, con una s\u00f3lida trayectoria dentro del sector. Ha presidido entidades culturales vinculadas al flamenco y, cuenta con un amplio recorrido profesional en la gesti\u00f3n y promoci\u00f3n de espect\u00e1culos y tablaos flamencos. Su pasi\u00f3n por la historia y el arte flamenco se refleja en cada art\u00edculo, donde combina experiencia, criterio y un profundo respeto por la tradici\u00f3n.","sameAs":["https:\/\/www.tablaosflamencos.com","https:\/\/www.instagra.com\/miguelortizfe","https:\/\/www.linkedin.com\/in\/miguelortizf\/"],"birthDate":"1984-11-22","gender":"hombre","knowsLanguage":["espa\u00f1ol","ingl\u00e9s"],"jobTitle":"Empresario flamenco"},{"@type":"PostalAddress","@id":"https:\/\/www.tablaosflamencos.com\/de\/cante-flamenco-biennale-sevilla-2026.html#local-main-place-address","streetAddress":"C\/ Alemanes, 19","addressLocality":"Sevilla","postalCode":"41004","addressRegion":"Sevilla","addressCountry":"ES"},{"@type":"ImageObject","inLanguage":"de","@id":"https:\/\/www.tablaosflamencos.com\/de\/cante-flamenco-biennale-sevilla-2026.html#local-main-organization-logo","url":"https:\/\/www.tablaosflamencos.com\/wp-content\/uploads\/tablaos-flamencos-06-3.webp","contentUrl":"https:\/\/www.tablaosflamencos.com\/wp-content\/uploads\/tablaos-flamencos-06-3.webp","width":600,"height":620,"caption":"Tablaos Flamencos"}]},"geo.placename":"Sevilla","geo.position":{"lat":"37.3868072","long":"-5.993280299999999"},"geo.region":"Spanien"},"_links":{"self":[{"href":"https:\/\/www.tablaosflamencos.com\/de\/wp-json\/wp\/v2\/posts\/14149","targetHints":{"allow":["GET"]}}],"collection":[{"href":"https:\/\/www.tablaosflamencos.com\/de\/wp-json\/wp\/v2\/posts"}],"about":[{"href":"https:\/\/www.tablaosflamencos.com\/de\/wp-json\/wp\/v2\/types\/post"}],"author":[{"embeddable":true,"href":"https:\/\/www.tablaosflamencos.com\/de\/wp-json\/wp\/v2\/users\/1"}],"replies":[{"embeddable":true,"href":"https:\/\/www.tablaosflamencos.com\/de\/wp-json\/wp\/v2\/comments?post=14149"}],"version-history":[{"count":2,"href":"https:\/\/www.tablaosflamencos.com\/de\/wp-json\/wp\/v2\/posts\/14149\/revisions"}],"predecessor-version":[{"id":14208,"href":"https:\/\/www.tablaosflamencos.com\/de\/wp-json\/wp\/v2\/posts\/14149\/revisions\/14208"}],"wp:featuredmedia":[{"embeddable":true,"href":"https:\/\/www.tablaosflamencos.com\/de\/wp-json\/wp\/v2\/media\/14112"}],"wp:attachment":[{"href":"https:\/\/www.tablaosflamencos.com\/de\/wp-json\/wp\/v2\/media?parent=14149"}],"wp:term":[{"taxonomy":"category","embeddable":true,"href":"https:\/\/www.tablaosflamencos.com\/de\/wp-json\/wp\/v2\/categories?post=14149"},{"taxonomy":"post_tag","embeddable":true,"href":"https:\/\/www.tablaosflamencos.com\/de\/wp-json\/wp\/v2\/tags?post=14149"}],"curies":[{"name":"wp","href":"https:\/\/api.w.org\/{rel}","templated":true}]}}