{"id":14147,"date":"2026-09-03T00:15:18","date_gmt":"2026-09-02T22:15:18","guid":{"rendered":"https:\/\/www.tablaosflamencos.com\/?p=14147"},"modified":"2026-09-03T01:30:51","modified_gmt":"2026-09-02T23:30:51","slug":"jose-merce-flamenco-biennale-2026-toquen-a-rebato","status":"publish","type":"post","link":"https:\/\/www.tablaosflamencos.com\/de\/jose-merce-flamenco-biennale-2026-toquen-a-rebato.html","title":{"rendered":"Jos\u00e9 Merc\u00e9 bei der Flamenco-Biennale 2026: Toquen a rebato"},"content":{"rendered":"<section class=\"l-section wpb_row height_huge\"><div class=\"l-section-h i-cf\"><div class=\"g-cols vc_row via_flex valign_top type_default stacking_default\"><div class=\"vc_col-sm-6 wpb_column vc_column_container\"><div class=\"vc_column-inner\"><div class=\"wpb_wrapper\"><div class=\"wpb_text_column\"><div class=\"wpb_wrapper\"><h2>Jos\u00e9 Merc\u00e9 kehrt mit einem Weckruf f\u00fcr den Cante zur Biennale zur\u00fcck<\/h2>\n<p>Am <strong>20. September 2026<\/strong>kehrt Jos\u00e9 Merc\u00e9 im Rahmen der XXIV. Flamenco-Biennale von Sevilla mit <strong><em>Toquen a rebato<\/em><\/strong>, einer der Einzigartigen N\u00e4chte dieser Ausgabe, ins Teatro de la Maestranza zur\u00fcck. Das Konzert ist weder als blo\u00dfer R\u00fcckblick auf seine Erfolge noch als konventionelle Pr\u00e4sentation eines Repertoires angelegt: Die Biennale selbst versteht es als Begegnung zwischen einer der unverwechselbarsten Stimmen des zeitgen\u00f6ssischen Flamenco und drei jungen Gitarristen, denen eine bedeutende Rolle im heutigen Gitarrenspiel zugetraut wird.<\/p>\n<p>Die Idee hat eine Vorgeschichte. Zehn Jahre zuvor, 2016, beschloss Merc\u00e9 jene Biennale im selben Theater, begleitet von Tomatito, Pepe Habichuela und Alfredo Lagos. Der Erfolg dieses Abends bildet den Ursprung des neuen Projekts. 2026 wird die Formel aus einer anderen Generationenperspektive aufgegriffen: <strong>David de Arahal, Jos\u00e9 del Tomate und Manuel Cerpa<\/strong> spielen Gitarre, w\u00e4hrend Merc\u00e9 die Cantes, die ihm besonders liegen, aus dem Blickwinkel \u201ederer, die nachkommen\u201c erkundet.<\/p>\n<p>Die Idee bringt eine der Spannungen des heutigen Flamenco treffend auf den Punkt: Wie l\u00e4sst sich k\u00fcnstlerische Erinnerung bewahren, ohne sie zum Museumsst\u00fcck zu machen? <em>Toquen a rebato<\/em> scheint genau um diese Frage herum aufgebaut zu sein.<\/p>\n<\/div><\/div><\/div><\/div><\/div><div class=\"vc_col-sm-6 wpb_column vc_column_container\"><div class=\"vc_column-inner\"><div class=\"wpb_wrapper\"><div class=\"wpb_text_column\"><div class=\"wpb_wrapper\"><h3>Jos\u00e9 Merc\u00e9 bei der Biennale 2026: die wichtigsten Daten<\/h3>\n<ul>\n<li><strong>Vorstellung:<\/strong> <em>Toquen a rebato<\/em>.<\/li>\n<li><strong>K\u00fcnstler:<\/strong> Jos\u00e9 Merc\u00e9.<\/li>\n<li><strong>Datum:<\/strong> Sonntag, 20. September 2026.<\/li>\n<li><strong>Uhrzeit:<\/strong> 20:00 Uhr.<\/li>\n<li><strong>Spielst\u00e4tte:<\/strong> Teatro de la Maestranza, Sevilla.<\/li>\n<li><strong>Format:<\/strong> Einzigartige Nacht der XXIV. Flamenco-Biennale.<\/li>\n<li><strong>Gitarren:<\/strong> David de Arahal, Jos\u00e9 del Tomate und Manuel Cerpa.<\/li>\n<li><strong>Perkussion:<\/strong> David del Gasolina.<\/li>\n<li><strong>Chor und Palmas:<\/strong> V\u00edctor Carrasco, Chicharito de Jerez, Jorge Bautista und Merce Garc\u00eda.<\/li>\n<\/ul>\n<\/div><\/div><\/div><\/div><\/div><\/div><\/div><\/section><section class=\"l-section wpb_row height_huge color_alternate with_shape\"><div class=\"l-section-shape type_zigzag pos_top hor_flip\" style=\"height:3vmin;\"><svg xmlns=\"http:\/\/www.w3.org\/2000\/svg\" viewBox=\"0 0 64 8\" preserveAspectRatio=\"none\" width=\"100%\" height=\"100%\">\r\n\t<path fill=\"currentColor\" d=\"M64 8 L0 8 L0 0 L20 7.9 L40 3 L48 5 L64 0 Z\"\/>\r\n<\/svg><\/div><div class=\"l-section-shape type_zigzag pos_bottom\" style=\"height:3vmin;\"><svg xmlns=\"http:\/\/www.w3.org\/2000\/svg\" viewBox=\"0 0 64 8\" preserveAspectRatio=\"none\" width=\"100%\" height=\"100%\">\r\n\t<path fill=\"currentColor\" d=\"M64 8 L0 8 L0 0 L20 7.9 L40 3 L48 5 L64 0 Z\"\/>\r\n<\/svg><\/div><div class=\"l-section-h i-cf\"><div class=\"g-cols vc_row via_flex valign_top type_default stacking_default\"><div class=\"vc_col-sm-12 wpb_column vc_column_container\"><div class=\"vc_column-inner\"><div class=\"wpb_wrapper\"><div class=\"wpb_text_column\"><div class=\"wpb_wrapper\"><h2>Was bedeutet \u201eToquen a rebato\u201c?<\/h2>\n<p>Der Titel ist kein Zufall. Die Biennale erkl\u00e4rt, dass <strong>\u201eToquen a rebato\u201c einerseits auf eine Sole\u00e1 von Juanito Mojama verweist<\/strong>, einem Cantaor, den Jos\u00e9 Merc\u00e9 zutiefst bewundert. Zugleich ist \u201etocar a rebato\u201c eine traditionelle spanische Redewendung f\u00fcr ein dringendes Alarmsignal, das fr\u00fcher durch schnelles Glockenl\u00e4uten oder Trommelschl\u00e4ge \u00fcbermittelt wurde.<\/p>\n<p>Die Vorstellung macht aus diesem Ausdruck eine k\u00fcnstlerische Aussage. Merc\u00e9s Alarm l\u00e4sst sich in einer Frage zusammenfassen: <strong>Was geschieht, wenn der Cante verloren geht?<\/strong> Angesichts dieser M\u00f6glichkeit besteht die Antwort nicht darin, ausschlie\u00dflich zur\u00fcckzublicken. Das Projekt stellt Merc\u00e9 an die Seite einer neuen Gitarristengeneration, sodass die Weitergabe auf der B\u00fchne und in Echtzeit stattfindet.<\/p>\n<p>Der Titel wirkt deshalb in mehrere Richtungen. Er erinnert an einen historischen Cantaor, greift die Alltagssprache auf und ist zugleich ein zeitgen\u00f6ssischer Aufruf, den Cante als lebendiges Kulturerbe zu verteidigen. Merc\u00e9s \u201eGlockenschlag\u201c will den Flamenco nicht einfrieren, sondern Repertoire, Erfahrung und eine bestimmte Sicht auf die Kunst an j\u00fcngere Musiker weitergeben.<\/p>\n<\/div><\/div><\/div><\/div><\/div><\/div><\/div><\/section><section class=\"l-section wpb_row height_huge\"><div class=\"l-section-h i-cf\"><div class=\"g-cols vc_row via_flex valign_top type_default stacking_default\"><div class=\"vc_col-sm-12 wpb_column vc_column_container\"><div class=\"vc_column-inner\"><div class=\"wpb_wrapper\"><div class=\"wpb_text_column\"><div class=\"wpb_wrapper\"><h2>Eine R\u00fcckkehr mit direktem Blick auf die Biennale 2016<\/h2>\n<p>Der Vergleich mit 2016 ist entscheidend f\u00fcr das Verst\u00e4ndnis der Vorstellung. Damals gestaltete Jos\u00e9 Merc\u00e9 im Teatro de la Maestranza einen viel beachteten Abschlussabend, begleitet von <strong>Tomatito, Pepe Habichuela und Alfredo Lagos<\/strong>\u2013 drei Namen, die unterschiedliche Generationen und Schulen der Flamencogitarre verk\u00f6rperten.<\/p>\n<p>Ein Jahrzehnt sp\u00e4ter greift die Biennale die Idee wieder auf, ver\u00e4ndert jedoch die Perspektive. Merc\u00e9 bleibt im Zentrum des Cante, w\u00e4hrend die Gitarren in die H\u00e4nde von drei zwischen 1998 und 2003 geborenen Interpreten \u00fcbergehen. Der Kontrast ist beabsichtigt: Eine Stimme mit jahrzehntelanger B\u00fchnenerfahrung und umfangreicher Diskografie tritt in den Dialog mit Gitarristen, die f\u00fcr die Zukunft des Genres stehen.<\/p>\n<p>Es handelt sich daher nicht um eine nostalgische Wiederholung des Abends von 2016. <strong>Das Konzept wird neu aufgelegt, um zu ergr\u00fcnden, was sich in zehn Jahren ver\u00e4ndert hat<\/strong>: wie eine junge Generation Merc\u00e9s Cantes h\u00f6rt, wie sie ihn begleitet und was sie von einem K\u00fcnstler \u00fcbernehmen kann, der sowohl den traditionellen Flamenco als auch dessen \u00d6ffnung f\u00fcr ein gro\u00dfes Publikum erlebt hat.<\/p>\n<\/div><\/div><\/div><\/div><\/div><\/div><\/div><\/section><section class=\"l-section wpb_row height_huge color_alternate with_shape\"><div class=\"l-section-shape type_zigzag pos_top hor_flip\" style=\"height:3vmin;\"><svg xmlns=\"http:\/\/www.w3.org\/2000\/svg\" viewBox=\"0 0 64 8\" preserveAspectRatio=\"none\" width=\"100%\" height=\"100%\">\r\n\t<path fill=\"currentColor\" d=\"M64 8 L0 8 L0 0 L20 7.9 L40 3 L48 5 L64 0 Z\"\/>\r\n<\/svg><\/div><div class=\"l-section-shape type_zigzag pos_bottom\" style=\"height:3vmin;\"><svg xmlns=\"http:\/\/www.w3.org\/2000\/svg\" viewBox=\"0 0 64 8\" preserveAspectRatio=\"none\" width=\"100%\" height=\"100%\">\r\n\t<path fill=\"currentColor\" d=\"M64 8 L0 8 L0 0 L20 7.9 L40 3 L48 5 L64 0 Z\"\/>\r\n<\/svg><\/div><div class=\"l-section-h i-cf\"><div class=\"g-cols vc_row via_flex valign_top type_default stacking_default\"><div class=\"vc_col-sm-12 wpb_column vc_column_container\"><div class=\"vc_column-inner\"><div class=\"wpb_wrapper\"><div class=\"wpb_text_column\"><div class=\"wpb_wrapper\"><h2>Die drei Gitarristen von Jos\u00e9 Merc\u00e9 bei der Biennale 2026<\/h2>\n<p>Die Gitarre ist eines der gro\u00dfen Argumente von <em>Toquen a rebato<\/em>. Jeder Begleiter bringt einen anderen Werdegang und eine besondere Beziehung zur Tradition mit.<\/p>\n<p><strong>David de Arahal<\/strong>, Jahrgang 2000, z\u00e4hlt zu den herausragenden jungen Stimmen der Sevillaner Gitarrenszene. Trotz seines Alters hat ihn sein Weg bereits an die Seite bedeutender K\u00fcnstler gef\u00fchrt, und die Biennale selbst beschreibt ihn als Musiker, der sich einen Platz unter den Gro\u00dfen erarbeitet hat.<\/p>\n<p><strong>Jos\u00e9 del Tomate<\/strong>, 1998 in Almer\u00eda geboren, geh\u00f6rt zu einer der gro\u00dfen Gitarrendynastien des Flamenco. Er ist der Sohn von Tomatito und sieht auch in seinem Onkel Ni\u00f1o Miguel ein Vorbild. Seine Teilnahme schl\u00e4gt zudem eine besonders reizvolle Br\u00fccke zur Vorstellung von 2016, bei der Tomatito Merc\u00e9 begleitete.<\/p>\n<p><strong>Manuel Cerpa<\/strong>, 2003 in Chipiona geboren, ist der J\u00fcngste der drei. Seine Mitwirkung hat eine andere Nuance, weil er bereits regelm\u00e4\u00dfig mit Jos\u00e9 Merc\u00e9 auf Tournee ist. Somit besteht eine gewachsene k\u00fcnstlerische Beziehung, die eine andere Vertrautheit erm\u00f6glichen kann als eine einmalige Begegnung.<\/p>\n<p>Die Verbindung der drei verhindert, dass die \u201eneue Generation\u201c ein abstrakter Begriff bleibt: Es sind drei Gitarristen mit unterschiedlichen Herkunftsorten, Schulen und Beziehungen zum Cante.<\/p>\n<\/div><\/div><\/div><\/div><\/div><\/div><\/div><\/section><section class=\"l-section wpb_row height_huge\"><div class=\"l-section-h i-cf\"><div class=\"g-cols vc_row via_flex valign_top type_default stacking_default\"><div class=\"vc_col-sm-12 wpb_column vc_column_container\"><div class=\"vc_column-inner\"><div class=\"wpb_wrapper\"><div class=\"wpb_text_column\"><div class=\"wpb_wrapper\"><h2>Was in \u201eToquen a rebato\u201c zu h\u00f6ren sein d\u00fcrfte<\/h2>\n<p>Die Biennale ver\u00f6ffentlicht keine feste Titelliste \u2013 was bei einem Flamencokonzert dieser Art nachvollziehbar ist \u2013, gibt aber klare Hinweise auf die musikalische Richtung. Das Programm k\u00fcndigt eine Reise durch <strong>die Palos an, die Jos\u00e9 Merc\u00e9 besonders \u00fcberzeugend interpretiert<\/strong>, neu betrachtet aus der Perspektive der jungen Gitarristen.<\/p>\n<p>Zwei Bezugspunkte scheinen unvermeidlich. Der erste sind die <strong>Buler\u00edas aus Jerez<\/strong>, nat\u00fcrliches Terrain f\u00fcr einen im Viertel Santiago geborenen und tief mit der Tradition von Jerez verbundenen Cantaor. Der zweite sind die <strong>Alegr\u00edas<\/strong>. Die Veranstalter deuten au\u00dferdem an, dass es Raum f\u00fcr einige Anspielungen auf die gro\u00dfen Erfolge seiner Karriere geben wird.<\/p>\n<p>Damit ist ein Konzert zu erwarten, das den eher orthodoxen Merc\u00e9 nicht starr von jenem K\u00fcnstler trennt, dem es gelang, den Flamenco einem Massenpublikum n\u00e4herzubringen. Gerade die F\u00e4higkeit, zwischen diesen Welten zu wechseln, ohne seine Identit\u00e4t als Cantaor aufzugeben, geh\u00f6rt zu den Besonderheiten seiner Laufbahn.<\/p>\n<p>Der Reiz des Abends liegt daher weniger in einer noch nie geh\u00f6rten Titelliste als in der Beobachtung, <strong>wie sich die Begleitung ver\u00e4ndert, wenn drei junge Gitarristen in Repertoires eintreten, die Merc\u00e9 seit Jahrzehnten singt<\/strong>.<\/p>\n<\/div><\/div><\/div><\/div><\/div><\/div><\/div><\/section><section class=\"l-section wpb_row height_huge color_alternate with_shape\"><div class=\"l-section-shape type_zigzag pos_top hor_flip\" style=\"height:3vmin;\"><svg xmlns=\"http:\/\/www.w3.org\/2000\/svg\" viewBox=\"0 0 64 8\" preserveAspectRatio=\"none\" width=\"100%\" height=\"100%\">\r\n\t<path fill=\"currentColor\" d=\"M64 8 L0 8 L0 0 L20 7.9 L40 3 L48 5 L64 0 Z\"\/>\r\n<\/svg><\/div><div class=\"l-section-shape type_zigzag pos_bottom\" style=\"height:3vmin;\"><svg xmlns=\"http:\/\/www.w3.org\/2000\/svg\" viewBox=\"0 0 64 8\" preserveAspectRatio=\"none\" width=\"100%\" height=\"100%\">\r\n\t<path fill=\"currentColor\" d=\"M64 8 L0 8 L0 0 L20 7.9 L40 3 L48 5 L64 0 Z\"\/>\r\n<\/svg><\/div><div class=\"l-section-h i-cf\"><div class=\"g-cols vc_row via_flex valign_top type_default stacking_default\"><div class=\"vc_col-sm-12 wpb_column vc_column_container\"><div class=\"vc_column-inner\"><div class=\"wpb_wrapper\"><div class=\"wpb_text_column\"><div class=\"wpb_wrapper\"><h2>Die vollst\u00e4ndige Besetzung des Abends<\/h2>\n<p>Obwohl die drei Gitarren viel Aufmerksamkeit auf sich ziehen, tritt bei <em>Toquen a rebato<\/em> ein gr\u00f6\u00dferes Ensemble auf. In der offiziellen Besetzung steht <strong>Jos\u00e9 Merc\u00e9 als S\u00e4nger<\/strong>, begleitet von David de Arahal, Jos\u00e9 del Tomate und Manuel Cerpa an der Gitarre.<\/p>\n<p>Den rhythmischen Teil \u00fcbernimmt au\u00dferdem <strong>David del Gasolina<\/strong> an Caj\u00f3n und Perkussion. F\u00fcr Chor und Palmas sind <strong>V\u00edctor Carrasco, Chicharito de Jerez, Jorge Bautista und Merce Garc\u00eda<\/strong>vorgesehen.<\/p>\n<p>Diese Besetzung deutet auf eine Vorstellung hin, die zwischen ganz reduzierten Momenten \u2013 Stimme und Gitarre \u2013 und Passagen mit gr\u00f6\u00dferem rhythmischem Schub wechseln kann. In einem Repertoire, in dem die Buler\u00edas voraussichtlich eine wichtige Rolle spielen, sind Palmas und Chor keineswegs nebens\u00e4chlich: Sie k\u00f6nnen zu einem wesentlichen Teil der musikalischen Architektur des Abends werden.<\/p>\n<\/div><\/div><\/div><\/div><\/div><\/div><\/div><\/section><section class=\"l-section wpb_row height_huge\"><div class=\"l-section-h i-cf\"><div class=\"g-cols vc_row via_flex valign_top type_default stacking_default\"><div class=\"vc_col-sm-12 wpb_column vc_column_container\"><div class=\"vc_column-inner\"><div class=\"wpb_wrapper\"><div class=\"wpb_text_column\"><div class=\"wpb_wrapper\"><h2>Jos\u00e9 Merc\u00e9 und die Weitergabe des Cante<\/h2>\n<p>Die Idee der Weitergabe erh\u00e4lt besonderes Gewicht, wenn Jos\u00e9 Merc\u00e9 im Mittelpunkt steht. Der 1955 in Jerez de la Frontera als Jos\u00e9 Soto Soto geborene S\u00e4nger entstammt einer langen Flamencofamilie: Er ist Urenkel von Paco de la Luz, Neffe von Manuel Soto \u201eSordera\u201c und Cousin von Vicente Soto \u201eSordera\u201c.<\/p>\n<p>Seine eigene Biografie beruht auf einer Kette von Lernorten und B\u00fchnen. Als Kind sang er in der Singschule der Bas\u00edlica de La Merced \u2013 daher sein K\u00fcnstlername \u2013, trat bei den Jueves Flamencos in Jerez auf und ging in sehr jungen Jahren nach Madrid, wo er im Torres Bermejas arbeitete. Im Laufe seiner Karriere wurde er von Gitarristen wie Manolo Sanl\u00facar und Paco de Luc\u00eda begleitet und entwickelte sich sp\u00e4ter zu einem der Cantaores, die den Flamenco einem sehr breiten Publikum erschlossen.<\/p>\n<p>Dieser Weg macht es besonders stimmig, dass die Biennale ihn nun in den Mittelpunkt eines Generationenprojekts stellt. <strong>Merc\u00e9 erscheint nicht nur als Interpret, sondern als Glied einer Kette<\/strong>: als jemand, der eine Tradition empfangen, sie im Laufe seiner Karriere verwandelt hat und sie nun mit Musikern konfrontiert, die gerade ihre eigene Laufbahn gestalten.<\/p>\n<\/div><\/div><\/div><\/div><\/div><\/div><\/div><\/section><section class=\"l-section wpb_row height_huge color_alternate with_shape\"><div class=\"l-section-shape type_zigzag pos_top hor_flip\" style=\"height:3vmin;\"><svg xmlns=\"http:\/\/www.w3.org\/2000\/svg\" viewBox=\"0 0 64 8\" preserveAspectRatio=\"none\" width=\"100%\" height=\"100%\">\r\n\t<path fill=\"currentColor\" d=\"M64 8 L0 8 L0 0 L20 7.9 L40 3 L48 5 L64 0 Z\"\/>\r\n<\/svg><\/div><div class=\"l-section-shape type_zigzag pos_bottom\" style=\"height:3vmin;\"><svg xmlns=\"http:\/\/www.w3.org\/2000\/svg\" viewBox=\"0 0 64 8\" preserveAspectRatio=\"none\" width=\"100%\" height=\"100%\">\r\n\t<path fill=\"currentColor\" d=\"M64 8 L0 8 L0 0 L20 7.9 L40 3 L48 5 L64 0 Z\"\/>\r\n<\/svg><\/div><div class=\"l-section-h i-cf\"><div class=\"g-cols vc_row via_flex valign_top type_default stacking_default\"><div class=\"vc_col-sm-12 wpb_column vc_column_container\"><div class=\"vc_column-inner\"><div class=\"wpb_wrapper\"><div class=\"wpb_text_column\"><div class=\"wpb_wrapper\"><h2>Eine Einzigartige Nacht im Teatro de la Maestranza<\/h2>\n<p>Die Biennale f\u00fchrt <em>Toquen a rebato<\/em> als <strong>Einzigartige Nacht<\/strong>. Der Begriff bezeichnet Vorstellungen, die eigens als einmalige Ereignisse dieser Ausgabe konzipiert wurden und nicht blo\u00df Stationen einer gew\u00f6hnlichen Tournee in Sevilla sind.<\/p>\n<p>F\u00fcr 2026 hat die Biennale 26 Projekte unter dieser Bezeichnung versammelt. Jos\u00e9 Merc\u00e9 wirkt au\u00dferdem bei einem weiteren mit: der Gala <em>El mundo por montera<\/em>, die am 10. September in der Plaza de Toros de la Real Maestranza stattfindet. <em>Toquen a rebato<\/em> ist jedoch sein eigener Termin als alleiniger Protagonist im Programm.<\/p>\n<p>Als Spielst\u00e4tte wurde das <strong>Teatro de la Maestranza<\/strong>gew\u00e4hlt, einer der gro\u00dfen Orte der Biennale 2026 und ein Haus mit besonderer Verbindung zur j\u00fcngeren Festivalgeschichte des S\u00e4ngers. Die R\u00fcckkehr genau in jenes Theater, in dem der Abend von 2016 stattfand, verst\u00e4rkt die Lesart dieser Vorstellung als Gespr\u00e4ch zwischen zwei Momenten, die ein Jahrzehnt trennt.<\/p>\n<\/div><\/div><\/div><\/div><\/div><\/div><\/div><\/section><section class=\"l-section wpb_row height_huge\"><div class=\"l-section-h i-cf\"><div class=\"g-cols vc_row via_flex valign_top type_default stacking_default\"><div class=\"vc_col-sm-12 wpb_column vc_column_container\"><div class=\"vc_column-inner\"><div class=\"wpb_wrapper\"><div class=\"wpb_text_column\"><div class=\"wpb_wrapper\"><h2>Wie Jos\u00e9 Merc\u00e9 in das Programm am 20. September passt<\/h2>\n<p>Sonntag, der 20. September, wird ein besonders intensiver Tag der Biennale. Vor Merc\u00e9s Konzert findet in San Luis de los Franceses eine Einzigartige Matinee mit <strong>Alejandro Hurtado und Enrique Solin\u00eds<\/strong> statt, w\u00e4hrend <strong>Manuel de la Luz und Manuel Im\u00e1n<\/strong> um 19:00 Uhr <em>Manos que hablan<\/em> im Espacio Turina pr\u00e4sentieren. Sp\u00e4ter ist im Teatro Alameda die Gala del Circuito Andaluz de J\u00f3venes Flamencos zu erleben.<\/p>\n<p>In diesem Umfeld besetzt <em>Toquen a rebato<\/em> um <strong>20:00 Uhr<\/strong>den gro\u00dfen Abendtermin im Teatro de la Maestranza. Wer mehrere Biennaletage plant, sollte die Uhrzeiten genau pr\u00fcfen, da sich einige Veranstaltungen teilweise oder vollst\u00e4ndig \u00fcberschneiden.<\/p>\n<p>Lesen Sie auch unseren <a href=\"https:\/\/www.tablaosflamencos.com\/de\/einzigartige-naechte-flamenco-biennale-sevilla-2026.html\">vollst\u00e4ndigen Guide zu den Einzigartigen N\u00e4chten der Biennale 2026<\/a> und den <a href=\"https:\/\/www.tablaosflamencos.com\/de\/flamenco-biennale-sevilla-2026.html\">allgemeinen Guide zur Flamenco-Biennale Sevilla 2026<\/a> , um dieses Konzert in den gesamten Kalender einzuordnen.<\/p>\n<\/div><\/div><\/div><\/div><\/div><\/div><\/div><\/section><section class=\"l-section wpb_row height_huge color_alternate with_shape\"><div class=\"l-section-shape type_zigzag pos_top hor_flip\" style=\"height:3vmin;\"><svg xmlns=\"http:\/\/www.w3.org\/2000\/svg\" viewBox=\"0 0 64 8\" preserveAspectRatio=\"none\" width=\"100%\" height=\"100%\">\r\n\t<path fill=\"currentColor\" d=\"M64 8 L0 8 L0 0 L20 7.9 L40 3 L48 5 L64 0 Z\"\/>\r\n<\/svg><\/div><div class=\"l-section-shape type_zigzag pos_bottom\" style=\"height:3vmin;\"><svg xmlns=\"http:\/\/www.w3.org\/2000\/svg\" viewBox=\"0 0 64 8\" preserveAspectRatio=\"none\" width=\"100%\" height=\"100%\">\r\n\t<path fill=\"currentColor\" d=\"M64 8 L0 8 L0 0 L20 7.9 L40 3 L48 5 L64 0 Z\"\/>\r\n<\/svg><\/div><div class=\"l-section-h i-cf\"><div class=\"g-cols vc_row via_flex valign_top type_default stacking_default\"><div class=\"vc_col-sm-12 wpb_column vc_column_container\"><div class=\"vc_column-inner\"><div class=\"wpb_wrapper\"><div class=\"wpb_text_column\"><div class=\"wpb_wrapper\"><h2>F\u00fcr wen ist diese Vorstellung besonders interessant?<\/h2>\n<p><em>Toquen a rebato<\/em> bietet mehrere Lesarten und kann unterschiedliche Publikumsgruppen ansprechen. Wer Jos\u00e9 Merc\u00e9s Laufbahn kennt, wird darauf achten, wie er seine vertrauten musikalischen Gebiete mit drei Gitarren einer anderen Generation neu besucht. Liebhabern der Flamencogitarre bietet der Abend die seltene Gelegenheit, drei junge Gitarristen im Dialog mit demselben Cantaor und innerhalb eines gemeinsamen Konzepts zu h\u00f6ren.<\/p>\n<p>Die Vorstellung kann auch eine gute Wahl f\u00fcr alle sein, die sich dem Cante \u00fcber eine sehr bekannte Pers\u00f6nlichkeit n\u00e4hern m\u00f6chten. Merc\u00e9 verbindet seit Jahrzehnten tief im Flamenco verwurzelte Repertoires mit einer Kommunikationskraft, dank der er auch Menschen au\u00dferhalb des traditionellen Kreises der Aficionados erreicht.<\/p>\n<p>Und f\u00fcr diejenigen, die die Biennale 2016 verfolgt haben, kommt ein weiterer Reiz hinzu: <strong>zwei Abende mit derselben Grundidee zu vergleichen, zwischen denen zehn Jahre und zwei unterschiedliche Gitarristengenerationen liegen<\/strong>.<\/p>\n<\/div><\/div><\/div><\/div><\/div><\/div><\/div><\/section><section class=\"l-section wpb_row height_huge\"><div class=\"l-section-h i-cf\"><div class=\"g-cols vc_row via_flex valign_top type_default stacking_default\"><div class=\"vc_col-sm-12 wpb_column vc_column_container\"><div class=\"vc_column-inner\"><div class=\"wpb_wrapper\"><div class=\"wpb_text_column\"><div class=\"wpb_wrapper\"><h2>Praktische Tipps f\u00fcr den Besuch<\/h2>\n<p><strong>Pr\u00fcfen Sie die Verf\u00fcgbarkeit fr\u00fchzeitig.<\/strong> Die Biennale bezeichnet das Konzert als Einzigartige Nacht; im offiziellen Programm gibt es daher nur diesen einen Termin.<\/p>\n<p><strong>Beachten Sie die \u00dcberschneidungen am 20. September.<\/strong> Wenn Sie mehrere Vorstellungen kombinieren m\u00f6chten, pr\u00fcfen Sie besonders den um 19:00 Uhr beginnenden Termin im Espacio Turina und die \u00fcbrigen Veranstaltungen des Tages.<\/p>\n<p><strong>Planen Sie gen\u00fcgend Zeit f\u00fcr die Ankunft am Teatro de la Maestranza ein.<\/strong> Es ist eine der gr\u00f6\u00dften und bedeutendsten Spielst\u00e4tten des Festivals, und an Tagen mit dichtem Programm kann sich im Umfeld viel Publikum sammeln.<\/p>\n<p><strong>Erwarten Sie nicht unbedingt ein \u201eBest-of\u201c-Konzert.<\/strong> Die offiziellen Informationen stellen die Palos, die Merc\u00e9 besonders \u00fcberzeugend interpretiert, und den musikalischen Dialog mit den drei Gitarristen in den Mittelpunkt. Anspielungen auf popul\u00e4re Titel seiner Laufbahn sind m\u00f6glich, doch das Konzept der Vorstellung ist im Kern Flamenco.<\/p>\n<\/div><\/div><\/div><\/div><\/div><\/div><\/div><\/section><section class=\"l-section wpb_row height_huge color_alternate with_shape\"><div class=\"l-section-shape type_zigzag pos_top hor_flip\" style=\"height:3vmin;\"><svg xmlns=\"http:\/\/www.w3.org\/2000\/svg\" viewBox=\"0 0 64 8\" preserveAspectRatio=\"none\" width=\"100%\" height=\"100%\">\r\n\t<path fill=\"currentColor\" d=\"M64 8 L0 8 L0 0 L20 7.9 L40 3 L48 5 L64 0 Z\"\/>\r\n<\/svg><\/div><div class=\"l-section-shape type_zigzag pos_bottom\" style=\"height:3vmin;\"><svg xmlns=\"http:\/\/www.w3.org\/2000\/svg\" viewBox=\"0 0 64 8\" preserveAspectRatio=\"none\" width=\"100%\" height=\"100%\">\r\n\t<path fill=\"currentColor\" d=\"M64 8 L0 8 L0 0 L20 7.9 L40 3 L48 5 L64 0 Z\"\/>\r\n<\/svg><\/div><div class=\"l-section-h i-cf\"><div class=\"g-cols vc_row via_flex valign_top type_default stacking_default\"><div class=\"vc_col-sm-1\/5 wpb_column vc_column_container\"><div class=\"vc_column-inner\"><div class=\"wpb_wrapper\"><\/div><\/div><\/div><div class=\"vc_col-sm-3\/5 wpb_column vc_column_container\"><div class=\"vc_column-inner\"><div class=\"wpb_wrapper\"><div class=\"wpb_text_column\"><div class=\"wpb_wrapper\"><h2>H\u00e4ufige Fragen zu Jos\u00e9 Merc\u00e9 bei der Biennale 2026<\/h2>\n<\/div><\/div><div class=\"w-separator size_medium\"><\/div><div class=\"w-tabs accordion toggle_style_1 has_scrolling\" style=\"--sections-title-size:inherit;--sections-gap:0.5rem;\"><div class=\"w-tabs-sections titles-align_none icon_plus cpos_left\"><div class=\"w-tabs-section\" id=\"i339\" itemscope itemprop=\"mainEntity\" itemtype=\"https:\/\/schema.org\/Question\"><button type=\"button\" class=\"w-tabs-section-header\" aria-controls=\"content-i339\" aria-expanded=\"false\"><h3 class=\"w-tabs-section-title\" itemprop=\"name\">Wann tritt Jos\u00e9 Merc\u00e9 bei der Flamenco-Biennale 2026 auf?<\/h3><div class=\"w-tabs-section-control\"><\/div><\/button><div  class=\"w-tabs-section-content\" id=\"content-i339\" itemscope itemprop=\"acceptedAnswer\" itemtype=\"https:\/\/schema.org\/Answer\"><div class=\"w-tabs-section-content-h i-cf\" itemprop=\"text\"><div class=\"wpb_text_column\"><div class=\"wpb_wrapper\"><p>Jos\u00e9 Merc\u00e9 pr\u00e4sentiert <em>Toquen a rebato<\/em> am Sonntag, dem 20. September 2026, um 20:00 Uhr.<\/p>\n<\/div><\/div><\/div><\/div><\/div><div class=\"w-tabs-section\" id=\"i436\" itemscope itemprop=\"mainEntity\" itemtype=\"https:\/\/schema.org\/Question\"><button type=\"button\" class=\"w-tabs-section-header\" aria-controls=\"content-i436\" aria-expanded=\"false\"><h3 class=\"w-tabs-section-title\" itemprop=\"name\">Wo findet die Vorstellung Toquen a rebato statt?<\/h3><div class=\"w-tabs-section-control\"><\/div><\/button><div  class=\"w-tabs-section-content\" id=\"content-i436\" itemscope itemprop=\"acceptedAnswer\" itemtype=\"https:\/\/schema.org\/Answer\"><div class=\"w-tabs-section-content-h i-cf\" itemprop=\"text\"><div class=\"wpb_text_column\"><div class=\"wpb_wrapper\"><p>Das Konzert findet im Teatro de la Maestranza in Sevilla statt, einer der wichtigsten Spielst\u00e4tten der XXIV. Flamenco-Biennale.<\/p>\n<\/div><\/div><\/div><\/div><\/div><div class=\"w-tabs-section\" id=\"m510\" itemscope itemprop=\"mainEntity\" itemtype=\"https:\/\/schema.org\/Question\"><button type=\"button\" class=\"w-tabs-section-header\" aria-controls=\"content-m510\" aria-expanded=\"false\"><h3 class=\"w-tabs-section-title\" itemprop=\"name\">Welche Gitarristen begleiten Jos\u00e9 Merc\u00e9?<\/h3><div class=\"w-tabs-section-control\"><\/div><\/button><div  class=\"w-tabs-section-content\" id=\"content-m510\" itemscope itemprop=\"acceptedAnswer\" itemtype=\"https:\/\/schema.org\/Answer\"><div class=\"w-tabs-section-content-h i-cf\" itemprop=\"text\"><div class=\"wpb_text_column\"><div class=\"wpb_wrapper\"><p>Begleitet wird er von David de Arahal, Jos\u00e9 del Tomate und Manuel Cerpa, drei jungen Gitarristen mit unterschiedlichen Herkunftsorten und Laufbahnen.<\/p>\n<\/div><\/div><\/div><\/div><\/div><div class=\"w-tabs-section\" id=\"a5ef\" itemscope itemprop=\"mainEntity\" itemtype=\"https:\/\/schema.org\/Question\"><button type=\"button\" class=\"w-tabs-section-header\" aria-controls=\"content-a5ef\" aria-expanded=\"false\"><h3 class=\"w-tabs-section-title\" itemprop=\"name\">Was bedeutet der Titel Toquen a rebato?<\/h3><div class=\"w-tabs-section-control\"><\/div><\/button><div  class=\"w-tabs-section-content\" id=\"content-a5ef\" itemscope itemprop=\"acceptedAnswer\" itemtype=\"https:\/\/schema.org\/Answer\"><div class=\"w-tabs-section-content-h i-cf\" itemprop=\"text\"><div class=\"wpb_text_column\"><div class=\"wpb_wrapper\"><p>Der Titel verweist auf eine Sole\u00e1 von Juanito Mojama und auf die traditionelle spanische Wendung \u201etocar a rebato\u201c, einen dringenden Alarmruf. Die Vorstellung nutzt diese Idee als symbolische Warnung vor dem Verlust des Cante und als Geste der Weitergabe an eine neue Generation.<\/p>\n<\/div><\/div><\/div><\/div><\/div><div class=\"w-tabs-section\" id=\"c6bc\" itemscope itemprop=\"mainEntity\" itemtype=\"https:\/\/schema.org\/Question\"><button type=\"button\" class=\"w-tabs-section-header\" aria-controls=\"content-c6bc\" aria-expanded=\"false\"><h3 class=\"w-tabs-section-title\" itemprop=\"name\">Welche Palos wird Jos\u00e9 Merc\u00e9 singen?<\/h3><div class=\"w-tabs-section-control\"><\/div><\/button><div  class=\"w-tabs-section-content\" id=\"content-c6bc\" itemscope itemprop=\"acceptedAnswer\" itemtype=\"https:\/\/schema.org\/Answer\"><div class=\"w-tabs-section-content-h i-cf\" itemprop=\"text\"><div class=\"wpb_text_column\"><div class=\"wpb_wrapper\"><p>Die Biennale ver\u00f6ffentlicht kein festes Repertoire, k\u00fcndigt aber eine Reise durch die Palos an, die Merc\u00e9 besonders \u00fcberzeugend interpretiert. Ausdr\u00fccklich genannt werden Buler\u00edas aus Jerez, Alegr\u00edas und m\u00f6gliche Anspielungen auf einige seiner Erfolge.<\/p>\n<\/div><\/div><\/div><\/div><\/div><div class=\"w-tabs-section\" id=\"r783\" itemscope itemprop=\"mainEntity\" itemtype=\"https:\/\/schema.org\/Question\"><button type=\"button\" class=\"w-tabs-section-header\" aria-controls=\"content-r783\" aria-expanded=\"false\"><h3 class=\"w-tabs-section-title\" itemprop=\"name\">Ist dies eine neue Produktion von Jos\u00e9 Merc\u00e9?<\/h3><div class=\"w-tabs-section-control\"><\/div><\/button><div  class=\"w-tabs-section-content\" id=\"content-r783\" itemscope itemprop=\"acceptedAnswer\" itemtype=\"https:\/\/schema.org\/Answer\"><div class=\"w-tabs-section-content-h i-cf\" itemprop=\"text\"><div class=\"wpb_text_column\"><div class=\"wpb_wrapper\"><p>Die Biennale pr\u00e4sentiert sie als Einzigartige Nacht. Das Konzept greift die Form von Merc\u00e9s Konzert 2016 im Maestranza mit drei gro\u00dfen Gitarristen auf, entwickelt sie nun jedoch gemeinsam mit einer neuen Generation von Flamencogitarristen weiter.<\/p>\n<\/div><\/div><\/div><\/div><\/div><div class=\"w-tabs-section\" id=\"i85f\" itemscope itemprop=\"mainEntity\" itemtype=\"https:\/\/schema.org\/Question\"><button type=\"button\" class=\"w-tabs-section-header\" aria-controls=\"content-i85f\" aria-expanded=\"false\"><h3 class=\"w-tabs-section-title\" itemprop=\"name\">Wirkt Jos\u00e9 Merc\u00e9 bei einer weiteren Vorstellung der Biennale 2026 mit?<\/h3><div class=\"w-tabs-section-control\"><\/div><\/button><div  class=\"w-tabs-section-content\" id=\"content-i85f\" itemscope itemprop=\"acceptedAnswer\" itemtype=\"https:\/\/schema.org\/Answer\"><div class=\"w-tabs-section-content-h i-cf\" itemprop=\"text\"><div class=\"wpb_text_column\"><div class=\"wpb_wrapper\"><p>Ja. Er ist au\u00dferdem Teil von <em>El mundo por montera<\/em>, der Gala der XXIV. Biennale am 10. September in der Plaza de Toros de la Real Maestranza.<\/p>\n<\/div><\/div><\/div><\/div><\/div><\/div><\/div><\/div><\/div><\/div><div class=\"vc_col-sm-1\/5 wpb_column vc_column_container\"><div class=\"vc_column-inner\"><div class=\"wpb_wrapper\"><\/div><\/div><\/div><\/div><\/div><\/section><section class=\"l-section wpb_row height_huge\"><div class=\"l-section-h i-cf\"><div class=\"g-cols vc_row via_flex valign_top type_default stacking_default\"><div class=\"vc_col-sm-12 wpb_column vc_column_container\"><div class=\"vc_column-inner\"><div class=\"wpb_wrapper\"><div class=\"wpb_text_column\"><div class=\"wpb_wrapper\"><h2>Ein Glockenschlag zwischen Erinnerung und Zukunft<\/h2>\n<p><em>Toquen a rebato<\/em> hat eine einfache, f\u00fcr eine Biennale jedoch besonders ergiebige Pr\u00e4misse: Jos\u00e9 Merc\u00e9s Erfahrung trifft auf drei junge Arten, die Gitarre zu verstehen. Das Konzert blickt auf Juanito Mojama, auf Jerez, auf Merc\u00e9s eigene Geschichte und auf jenen Abend von 2016 zur\u00fcck, ohne dass die Hommage in Nostalgie erstarrt.<\/p>\n<p>Der Schl\u00fcssel liegt in der Weitergabe. David de Arahal, Jos\u00e9 del Tomate und Manuel Cerpa sind nicht nur Begleiter, sondern Teil der k\u00fcnstlerischen Aussage. Sie sind \u201ediejenigen, die nachkommen\u201c, w\u00e4hrend Merc\u00e9 eine Stimme einbringt, die bereits zum kollektiven Ged\u00e4chtnis des Flamenco geh\u00f6rt.<\/p>\n<p>Am 20. September wird das Teatro de la Maestranza zum Ort, an dem diese beiden Zeitebenen aufeinandertreffen. Wenn der Alarmruf davor warnt, dass der Cante verloren gehen k\u00f6nnte, liefert die Vorstellung selbst eine Antwort: <strong>Der Cante lebt weiter, wenn er geh\u00f6rt, geteilt und erneut von einem Paar H\u00e4nde an das n\u00e4chste weitergegeben wird<\/strong>.<\/p>\n<\/div><\/div><\/div><\/div><\/div><\/div><\/div><\/section><section class=\"l-section wpb_row height_huge color_alternate with_shape\"><div class=\"l-section-shape type_zigzag pos_top hor_flip\" style=\"height:3vmin;\"><svg xmlns=\"http:\/\/www.w3.org\/2000\/svg\" viewBox=\"0 0 64 8\" preserveAspectRatio=\"none\" width=\"100%\" height=\"100%\">\r\n\t<path fill=\"currentColor\" d=\"M64 8 L0 8 L0 0 L20 7.9 L40 3 L48 5 L64 0 Z\"\/>\r\n<\/svg><\/div><div class=\"l-section-shape type_zigzag pos_bottom\" style=\"height:3vmin;\"><svg xmlns=\"http:\/\/www.w3.org\/2000\/svg\" viewBox=\"0 0 64 8\" preserveAspectRatio=\"none\" width=\"100%\" height=\"100%\">\r\n\t<path fill=\"currentColor\" d=\"M64 8 L0 8 L0 0 L20 7.9 L40 3 L48 5 L64 0 Z\"\/>\r\n<\/svg><\/div><div class=\"l-section-h i-cf\"><div class=\"g-cols vc_row via_flex valign_top type_default stacking_default\"><div class=\"vc_col-sm-12 wpb_column vc_column_container\"><div class=\"vc_column-inner\"><div class=\"wpb_wrapper\"><div class=\"wpb_text_column\"><div class=\"wpb_wrapper\"><h2>Verwendete Quellen<\/h2>\n<ul>\n<li><a href=\"https:\/\/www.labienal.com\/programa-general\/teatro-de-la-maestranza\/jose-merce\" target=\"_blank\" rel=\"noopener\">Flamenco-Biennale von Sevilla \u2013 Jos\u00e9 Merc\u00e9, <em>Toquen a rebato<\/em><\/a>.<\/li>\n<li><a href=\"https:\/\/www.labienal.com\/noticias\/la-bienal-viste-de-flamenco-al-teatro-de-la-maestranza\" target=\"_blank\" rel=\"noopener\">Flamenco-Biennale \u2013 Programm des Teatro de la Maestranza<\/a>.<\/li>\n<li><a href=\"https:\/\/www.labienal.com\/noticias\/la-bienal-presenta-26-noches-unicas-espectaculos-irrepetibles-que-solo-podran-vivirse-en-sevilla\" target=\"_blank\" rel=\"noopener\">Flamenco-Biennale \u2013 26 Einzigartige N\u00e4chte 2026<\/a>.<\/li>\n<li><a href=\"https:\/\/www.labienal.com\/noticias\/la-bienal-de-flamenco-situa-el-cante-en-el-corazon-de-su-xxiv-edicion-con-mas-de-un-centenar-de-voces\" target=\"_blank\" rel=\"noopener\">Flamenco-Biennale \u2013 der Cante in der XXIV. Ausgabe<\/a>.<\/li>\n<\/ul>\n<p><small>Informationen gepr\u00fcft am 2. September 2026. Uhrzeiten, Verf\u00fcgbarkeit und Zugangsbedingungen k\u00f6nnen sich \u00e4ndern; pr\u00fcfen Sie vor dem Besuch die offiziellen Angaben.<\/small><\/p>\n<\/div><\/div><\/div><\/div><\/div><\/div><\/div><\/section>\n","protected":false},"excerpt":{"rendered":"<p>Jos\u00e9 Merc\u00e9 kehrt am 20. September 2026 mit Toquen a rebato zur Flamenco-Biennale von Sevilla zur\u00fcck: eine Einzigartige Nacht im Teatro de la Maestranza mit David de Arahal, Jos\u00e9 del Tomate und Manuel Cerpa.<\/p>\n","protected":false},"author":1,"featured_media":14099,"comment_status":"closed","ping_status":"closed","sticky":false,"template":"","format":"standard","meta":{"_acf_changed":false,"wpai_generated_summary":"","_ayudawp_aiss_exclude":false,"_ayudawp_aiss_exclude_summary":false,"_ayudawp_aiss_summary":"","_ayudawp_aiss_summary_provider":"","_ayudawp_aiss_summary_hash":"","footnotes":""},"categories":[1431,374],"tags":[1245,1246,1887,405,1888],"class_list":["post-14147","post","type-post","status-publish","format-standard","has-post-thumbnail","hentry","category-flamenco-biennale","category-flamenco-aktuell","tag-bienal-2026","tag-bienal-de-flamenco","tag-jose-merce-de","tag-sevilla","tag-toquen-a-rebato-de"],"acf":[],"yoast_head":"<!-- This site is optimized with the Yoast SEO Premium plugin v28.4 (Yoast SEO v28.4) - https:\/\/yoast.com\/product\/yoast-seo-premium-wordpress\/ -->\n<title>Jos\u00e9 Merc\u00e9 bei der Biennale 2026: Toquen a rebato<\/title>\n<meta name=\"description\" content=\"Jos\u00e9 Merc\u00e9 pr\u00e4sentiert Toquen a rebato bei der Flamenco-Biennale 2026: Termin, Teatro de la Maestranza, Gitarristen, Repertoire und Hintergr\u00fcnde.\" \/>\n<meta name=\"robots\" content=\"index, follow, max-snippet:-1, max-image-preview:large, max-video-preview:-1\" \/>\n<link rel=\"canonical\" href=\"https:\/\/www.tablaosflamencos.com\/de\/jose-merce-flamenco-biennale-2026-toquen-a-rebato.html\" \/>\n<meta property=\"og:locale\" content=\"de_DE\" \/>\n<meta property=\"og:type\" content=\"article\" \/>\n<meta property=\"og:title\" content=\"Jos\u00e9 Merc\u00e9 bei der Flamenco-Biennale 2026: Toquen a rebato\" \/>\n<meta property=\"og:description\" content=\"Jos\u00e9 Merc\u00e9 pr\u00e4sentiert Toquen a rebato bei der Flamenco-Biennale 2026: Termin, Teatro de la Maestranza, Gitarristen, Repertoire und Hintergr\u00fcnde.\" \/>\n<meta property=\"og:url\" content=\"https:\/\/www.tablaosflamencos.com\/de\/jose-merce-flamenco-biennale-2026-toquen-a-rebato.html\" \/>\n<meta property=\"og:site_name\" content=\"Tablaos Flamencos\" \/>\n<meta property=\"article:publisher\" content=\"https:\/\/www.facebook.com\/tablaosflamencos\" \/>\n<meta property=\"article:published_time\" content=\"2026-09-02T22:15:18+00:00\" \/>\n<meta property=\"article:modified_time\" content=\"2026-09-02T23:30:51+00:00\" \/>\n<meta property=\"og:image\" content=\"https:\/\/www.tablaosflamencos.com\/wp-content\/uploads\/jose-merce-op-de-flamencobiennale-2026-toquen-a-rebato.webp\" \/>\n\t<meta property=\"og:image:width\" content=\"1672\" \/>\n\t<meta property=\"og:image:height\" content=\"941\" \/>\n\t<meta property=\"og:image:type\" content=\"image\/webp\" \/>\n<meta name=\"author\" content=\"Miguel Ortiz\" \/>\n<meta name=\"twitter:card\" content=\"summary_large_image\" \/>\n<meta name=\"twitter:creator\" content=\"@tablaosflamenco\" \/>\n<meta name=\"twitter:site\" content=\"@tablaosflamenco\" \/>\n<meta name=\"twitter:label1\" content=\"Verfasst von\" \/>\n\t<meta name=\"twitter:data1\" content=\"Miguel Ortiz\" \/>\n\t<meta name=\"twitter:label2\" content=\"Gesch\u00e4tzte Lesezeit\" \/>\n\t<meta name=\"twitter:data2\" content=\"15\u00a0Minuten\" \/>\n<script type=\"application\/ld+json\" class=\"yoast-schema-graph\">{\"@context\":\"https:\\\/\\\/schema.org\",\"@graph\":[{\"@type\":\"Article\",\"@id\":\"https:\\\/\\\/www.tablaosflamencos.com\\\/de\\\/jose-merce-flamenco-biennale-2026-toquen-a-rebato.html#article\",\"isPartOf\":{\"@id\":\"https:\\\/\\\/www.tablaosflamencos.com\\\/de\\\/jose-merce-flamenco-biennale-2026-toquen-a-rebato.html\"},\"author\":{\"name\":\"Miguel Ortiz\",\"@id\":\"https:\\\/\\\/www.tablaosflamencos.com\\\/de#\\\/schema\\\/person\\\/e7a9ebe14eb75a52ceabfbffb3c54f5d\"},\"headline\":\"Jos\u00e9 Merc\u00e9 bei der Flamenco-Biennale 2026: Toquen a rebato\",\"datePublished\":\"2026-09-02T22:15:18+00:00\",\"dateModified\":\"2026-09-02T23:30:51+00:00\",\"mainEntityOfPage\":{\"@id\":\"https:\\\/\\\/www.tablaosflamencos.com\\\/de\\\/jose-merce-flamenco-biennale-2026-toquen-a-rebato.html\"},\"wordCount\":3009,\"publisher\":{\"@id\":\"https:\\\/\\\/www.tablaosflamencos.com\\\/de#organization\"},\"image\":{\"@id\":\"https:\\\/\\\/www.tablaosflamencos.com\\\/de\\\/jose-merce-flamenco-biennale-2026-toquen-a-rebato.html#primaryimage\"},\"thumbnailUrl\":\"https:\\\/\\\/www.tablaosflamencos.com\\\/wp-content\\\/uploads\\\/jose-merce-op-de-flamencobiennale-2026-toquen-a-rebato.webp\",\"keywords\":[\"Bienal 2026\",\"Bienal de Flamenco\",\"Jos\u00e9 Merc\u00e9\",\"sevilla\",\"Toquen a rebato\"],\"articleSection\":[\"Flamenco-Biennale\",\"News \\\/ Aktuelles\"],\"inLanguage\":\"de\"},{\"@type\":\"WebPage\",\"@id\":\"https:\\\/\\\/www.tablaosflamencos.com\\\/de\\\/jose-merce-flamenco-biennale-2026-toquen-a-rebato.html\",\"url\":\"https:\\\/\\\/www.tablaosflamencos.com\\\/de\\\/jose-merce-flamenco-biennale-2026-toquen-a-rebato.html\",\"name\":\"Jos\u00e9 Merc\u00e9 bei der Biennale 2026: Toquen a rebato\",\"isPartOf\":{\"@id\":\"https:\\\/\\\/www.tablaosflamencos.com\\\/de#website\"},\"primaryImageOfPage\":{\"@id\":\"https:\\\/\\\/www.tablaosflamencos.com\\\/de\\\/jose-merce-flamenco-biennale-2026-toquen-a-rebato.html#primaryimage\"},\"image\":{\"@id\":\"https:\\\/\\\/www.tablaosflamencos.com\\\/de\\\/jose-merce-flamenco-biennale-2026-toquen-a-rebato.html#primaryimage\"},\"thumbnailUrl\":\"https:\\\/\\\/www.tablaosflamencos.com\\\/wp-content\\\/uploads\\\/jose-merce-op-de-flamencobiennale-2026-toquen-a-rebato.webp\",\"datePublished\":\"2026-09-02T22:15:18+00:00\",\"dateModified\":\"2026-09-02T23:30:51+00:00\",\"description\":\"Jos\u00e9 Merc\u00e9 pr\u00e4sentiert Toquen a rebato bei der Flamenco-Biennale 2026: Termin, Teatro de la Maestranza, Gitarristen, Repertoire und Hintergr\u00fcnde.\",\"breadcrumb\":{\"@id\":\"https:\\\/\\\/www.tablaosflamencos.com\\\/de\\\/jose-merce-flamenco-biennale-2026-toquen-a-rebato.html#breadcrumb\"},\"inLanguage\":\"de\",\"potentialAction\":[{\"@type\":\"ReadAction\",\"target\":[\"https:\\\/\\\/www.tablaosflamencos.com\\\/de\\\/jose-merce-flamenco-biennale-2026-toquen-a-rebato.html\"]}]},{\"@type\":\"ImageObject\",\"inLanguage\":\"de\",\"@id\":\"https:\\\/\\\/www.tablaosflamencos.com\\\/de\\\/jose-merce-flamenco-biennale-2026-toquen-a-rebato.html#primaryimage\",\"url\":\"https:\\\/\\\/www.tablaosflamencos.com\\\/wp-content\\\/uploads\\\/jose-merce-op-de-flamencobiennale-2026-toquen-a-rebato.webp\",\"contentUrl\":\"https:\\\/\\\/www.tablaosflamencos.com\\\/wp-content\\\/uploads\\\/jose-merce-op-de-flamencobiennale-2026-toquen-a-rebato.webp\",\"width\":1672,\"height\":941,\"caption\":\"Jos\u00e9 Merc\u00e9 en la Bienal de Flamenco 2026: Toquen a rebato\"},{\"@type\":\"BreadcrumbList\",\"@id\":\"https:\\\/\\\/www.tablaosflamencos.com\\\/de\\\/jose-merce-flamenco-biennale-2026-toquen-a-rebato.html#breadcrumb\",\"itemListElement\":[{\"@type\":\"ListItem\",\"position\":1,\"name\":\"Home\",\"item\":\"https:\\\/\\\/www.tablaosflamencos.com\\\/de\"},{\"@type\":\"ListItem\",\"position\":2,\"name\":\"Jos\u00e9 Merc\u00e9 bei der Flamenco-Biennale 2026: Toquen a rebato\"}]},{\"@type\":\"WebSite\",\"@id\":\"https:\\\/\\\/www.tablaosflamencos.com\\\/de#website\",\"url\":\"https:\\\/\\\/www.tablaosflamencos.com\\\/de\",\"name\":\"Tablaos Flamencos\",\"description\":\"Entradas para tablaos flamencos de Espa\u00f1a\",\"publisher\":{\"@id\":\"https:\\\/\\\/www.tablaosflamencos.com\\\/de#organization\"},\"alternateName\":\"Tablaos Flamencos\",\"potentialAction\":[{\"@type\":\"SearchAction\",\"target\":{\"@type\":\"EntryPoint\",\"urlTemplate\":\"https:\\\/\\\/www.tablaosflamencos.com\\\/de?s={search_term_string}\"},\"query-input\":{\"@type\":\"PropertyValueSpecification\",\"valueRequired\":true,\"valueName\":\"search_term_string\"}}],\"inLanguage\":\"de\"},{\"@type\":[\"Organization\",\"Place\",\"EntertainmentBusiness\"],\"@id\":\"https:\\\/\\\/www.tablaosflamencos.com\\\/de#organization\",\"name\":\"Tablaos Flamencos\",\"alternateName\":\"Tablaos Flamencos\",\"url\":\"https:\\\/\\\/www.tablaosflamencos.com\\\/de\",\"logo\":{\"@id\":\"https:\\\/\\\/www.tablaosflamencos.com\\\/de\\\/jose-merce-flamenco-biennale-2026-toquen-a-rebato.html#local-main-organization-logo\"},\"image\":{\"@id\":\"https:\\\/\\\/www.tablaosflamencos.com\\\/de\\\/jose-merce-flamenco-biennale-2026-toquen-a-rebato.html#local-main-organization-logo\"},\"sameAs\":[\"https:\\\/\\\/www.facebook.com\\\/tablaosflamencos\",\"https:\\\/\\\/x.com\\\/tablaosflamenco\",\"https:\\\/\\\/mastodon.social\\\/@tablaosflamencos\",\"https:\\\/\\\/www.instagram.com\\\/tablaosflamencos\",\"https:\\\/\\\/tiktok.com\\\/@tablaosflamencos\",\"https:\\\/\\\/www.linkedin.com\\\/company\\\/109408238\\\/\"],\"description\":\"Venta de entradas para espect\u00e1culos flamencos\",\"legalName\":\"Tablaos Flamencos\",\"foundingDate\":\"2015-01-01\",\"numberOfEmployees\":{\"@type\":\"QuantitativeValue\",\"minValue\":\"1\",\"maxValue\":\"10\"},\"address\":{\"@id\":\"https:\\\/\\\/www.tablaosflamencos.com\\\/de\\\/jose-merce-flamenco-biennale-2026-toquen-a-rebato.html#local-main-place-address\"},\"geo\":{\"@type\":\"GeoCoordinates\",\"latitude\":\"37.3868072\",\"longitude\":\"-5.993280299999999\"},\"telephone\":[\"+34623787787\"],\"contactPoint\":{\"@type\":\"ContactPoint\",\"telephone\":\"+34623787787\",\"email\":\"info@tablaosflamencos.com\"},\"openingHoursSpecification\":{\"@type\":\"OpeningHoursSpecification\",\"dayOfWeek\":[\"Monday\",\"Tuesday\",\"Wednesday\",\"Thursday\",\"Friday\",\"Saturday\",\"Sunday\"],\"opens\":\"00:00\",\"closes\":\"23:59\"},\"email\":\"info@tablaosflamencos.com\",\"priceRange\":\"$$$\",\"currenciesAccepted\":\"\u20ac\"},{\"@type\":\"Person\",\"@id\":\"https:\\\/\\\/www.tablaosflamencos.com\\\/de#\\\/schema\\\/person\\\/e7a9ebe14eb75a52ceabfbffb3c54f5d\",\"name\":\"Miguel Ortiz\",\"description\":\"Miguel Ortiz es un empresario flamenco, con una s\u00f3lida trayectoria dentro del sector. Ha presidido entidades culturales vinculadas al flamenco y, cuenta con un amplio recorrido profesional en la gesti\u00f3n y promoci\u00f3n de espect\u00e1culos y tablaos flamencos. Su pasi\u00f3n por la historia y el arte flamenco se refleja en cada art\u00edculo, donde combina experiencia, criterio y un profundo respeto por la tradici\u00f3n.\",\"sameAs\":[\"https:\\\/\\\/www.tablaosflamencos.com\",\"https:\\\/\\\/www.instagra.com\\\/miguelortizfe\",\"https:\\\/\\\/www.linkedin.com\\\/in\\\/miguelortizf\\\/\"],\"birthDate\":\"1984-11-22\",\"gender\":\"hombre\",\"knowsLanguage\":[\"espa\u00f1ol\",\"ingl\u00e9s\"],\"jobTitle\":\"Empresario flamenco\"},{\"@type\":\"PostalAddress\",\"@id\":\"https:\\\/\\\/www.tablaosflamencos.com\\\/de\\\/jose-merce-flamenco-biennale-2026-toquen-a-rebato.html#local-main-place-address\",\"streetAddress\":\"C\\\/ Alemanes, 19\",\"addressLocality\":\"Sevilla\",\"postalCode\":\"41004\",\"addressRegion\":\"Sevilla\",\"addressCountry\":\"ES\"},{\"@type\":\"ImageObject\",\"inLanguage\":\"de\",\"@id\":\"https:\\\/\\\/www.tablaosflamencos.com\\\/de\\\/jose-merce-flamenco-biennale-2026-toquen-a-rebato.html#local-main-organization-logo\",\"url\":\"https:\\\/\\\/www.tablaosflamencos.com\\\/wp-content\\\/uploads\\\/tablaos-flamencos-06-3.webp\",\"contentUrl\":\"https:\\\/\\\/www.tablaosflamencos.com\\\/wp-content\\\/uploads\\\/tablaos-flamencos-06-3.webp\",\"width\":600,\"height\":620,\"caption\":\"Tablaos Flamencos\"}]}<\/script>\n<meta name=\"geo.placename\" content=\"Sevilla\" \/>\n<meta name=\"geo.position\" content=\"37.3868072;-5.993280299999999\" \/>\n<meta name=\"geo.region\" content=\"Spanien\" \/>\n<!-- \/ Yoast SEO Premium plugin. -->","yoast_head_json":{"title":"Jos\u00e9 Merc\u00e9 bei der Biennale 2026: Toquen a rebato","description":"Jos\u00e9 Merc\u00e9 pr\u00e4sentiert Toquen a rebato bei der Flamenco-Biennale 2026: Termin, Teatro de la Maestranza, Gitarristen, Repertoire und Hintergr\u00fcnde.","robots":{"index":"index","follow":"follow","max-snippet":"max-snippet:-1","max-image-preview":"max-image-preview:large","max-video-preview":"max-video-preview:-1"},"canonical":"https:\/\/www.tablaosflamencos.com\/de\/jose-merce-flamenco-biennale-2026-toquen-a-rebato.html","og_locale":"de_DE","og_type":"article","og_title":"Jos\u00e9 Merc\u00e9 bei der Flamenco-Biennale 2026: Toquen a rebato","og_description":"Jos\u00e9 Merc\u00e9 pr\u00e4sentiert Toquen a rebato bei der Flamenco-Biennale 2026: Termin, Teatro de la Maestranza, Gitarristen, Repertoire und Hintergr\u00fcnde.","og_url":"https:\/\/www.tablaosflamencos.com\/de\/jose-merce-flamenco-biennale-2026-toquen-a-rebato.html","og_site_name":"Tablaos Flamencos","article_publisher":"https:\/\/www.facebook.com\/tablaosflamencos","article_published_time":"2026-09-02T22:15:18+00:00","article_modified_time":"2026-09-02T23:30:51+00:00","og_image":[{"width":1672,"height":941,"url":"https:\/\/www.tablaosflamencos.com\/wp-content\/uploads\/jose-merce-op-de-flamencobiennale-2026-toquen-a-rebato.webp","type":"image\/webp"}],"author":"Miguel Ortiz","twitter_card":"summary_large_image","twitter_creator":"@tablaosflamenco","twitter_site":"@tablaosflamenco","twitter_misc":{"Verfasst von":"Miguel Ortiz","Gesch\u00e4tzte Lesezeit":"15\u00a0Minuten"},"schema":{"@context":"https:\/\/schema.org","@graph":[{"@type":"Article","@id":"https:\/\/www.tablaosflamencos.com\/de\/jose-merce-flamenco-biennale-2026-toquen-a-rebato.html#article","isPartOf":{"@id":"https:\/\/www.tablaosflamencos.com\/de\/jose-merce-flamenco-biennale-2026-toquen-a-rebato.html"},"author":{"name":"Miguel Ortiz","@id":"https:\/\/www.tablaosflamencos.com\/de#\/schema\/person\/e7a9ebe14eb75a52ceabfbffb3c54f5d"},"headline":"Jos\u00e9 Merc\u00e9 bei der Flamenco-Biennale 2026: Toquen a rebato","datePublished":"2026-09-02T22:15:18+00:00","dateModified":"2026-09-02T23:30:51+00:00","mainEntityOfPage":{"@id":"https:\/\/www.tablaosflamencos.com\/de\/jose-merce-flamenco-biennale-2026-toquen-a-rebato.html"},"wordCount":3009,"publisher":{"@id":"https:\/\/www.tablaosflamencos.com\/de#organization"},"image":{"@id":"https:\/\/www.tablaosflamencos.com\/de\/jose-merce-flamenco-biennale-2026-toquen-a-rebato.html#primaryimage"},"thumbnailUrl":"https:\/\/www.tablaosflamencos.com\/wp-content\/uploads\/jose-merce-op-de-flamencobiennale-2026-toquen-a-rebato.webp","keywords":["Bienal 2026","Bienal de Flamenco","Jos\u00e9 Merc\u00e9","sevilla","Toquen a rebato"],"articleSection":["Flamenco-Biennale","News \/ Aktuelles"],"inLanguage":"de"},{"@type":"WebPage","@id":"https:\/\/www.tablaosflamencos.com\/de\/jose-merce-flamenco-biennale-2026-toquen-a-rebato.html","url":"https:\/\/www.tablaosflamencos.com\/de\/jose-merce-flamenco-biennale-2026-toquen-a-rebato.html","name":"Jos\u00e9 Merc\u00e9 bei der Biennale 2026: Toquen a rebato","isPartOf":{"@id":"https:\/\/www.tablaosflamencos.com\/de#website"},"primaryImageOfPage":{"@id":"https:\/\/www.tablaosflamencos.com\/de\/jose-merce-flamenco-biennale-2026-toquen-a-rebato.html#primaryimage"},"image":{"@id":"https:\/\/www.tablaosflamencos.com\/de\/jose-merce-flamenco-biennale-2026-toquen-a-rebato.html#primaryimage"},"thumbnailUrl":"https:\/\/www.tablaosflamencos.com\/wp-content\/uploads\/jose-merce-op-de-flamencobiennale-2026-toquen-a-rebato.webp","datePublished":"2026-09-02T22:15:18+00:00","dateModified":"2026-09-02T23:30:51+00:00","description":"Jos\u00e9 Merc\u00e9 pr\u00e4sentiert Toquen a rebato bei der Flamenco-Biennale 2026: Termin, Teatro de la Maestranza, Gitarristen, Repertoire und Hintergr\u00fcnde.","breadcrumb":{"@id":"https:\/\/www.tablaosflamencos.com\/de\/jose-merce-flamenco-biennale-2026-toquen-a-rebato.html#breadcrumb"},"inLanguage":"de","potentialAction":[{"@type":"ReadAction","target":["https:\/\/www.tablaosflamencos.com\/de\/jose-merce-flamenco-biennale-2026-toquen-a-rebato.html"]}]},{"@type":"ImageObject","inLanguage":"de","@id":"https:\/\/www.tablaosflamencos.com\/de\/jose-merce-flamenco-biennale-2026-toquen-a-rebato.html#primaryimage","url":"https:\/\/www.tablaosflamencos.com\/wp-content\/uploads\/jose-merce-op-de-flamencobiennale-2026-toquen-a-rebato.webp","contentUrl":"https:\/\/www.tablaosflamencos.com\/wp-content\/uploads\/jose-merce-op-de-flamencobiennale-2026-toquen-a-rebato.webp","width":1672,"height":941,"caption":"Jos\u00e9 Merc\u00e9 en la Bienal de Flamenco 2026: Toquen a rebato"},{"@type":"BreadcrumbList","@id":"https:\/\/www.tablaosflamencos.com\/de\/jose-merce-flamenco-biennale-2026-toquen-a-rebato.html#breadcrumb","itemListElement":[{"@type":"ListItem","position":1,"name":"Home","item":"https:\/\/www.tablaosflamencos.com\/de"},{"@type":"ListItem","position":2,"name":"Jos\u00e9 Merc\u00e9 bei der Flamenco-Biennale 2026: Toquen a rebato"}]},{"@type":"WebSite","@id":"https:\/\/www.tablaosflamencos.com\/de#website","url":"https:\/\/www.tablaosflamencos.com\/de","name":"Tablaos Flamencos","description":"Entradas para tablaos flamencos de Espa\u00f1a","publisher":{"@id":"https:\/\/www.tablaosflamencos.com\/de#organization"},"alternateName":"Tablaos Flamencos","potentialAction":[{"@type":"SearchAction","target":{"@type":"EntryPoint","urlTemplate":"https:\/\/www.tablaosflamencos.com\/de?s={search_term_string}"},"query-input":{"@type":"PropertyValueSpecification","valueRequired":true,"valueName":"search_term_string"}}],"inLanguage":"de"},{"@type":["Organization","Place","EntertainmentBusiness"],"@id":"https:\/\/www.tablaosflamencos.com\/de#organization","name":"Tablaos Flamencos","alternateName":"Tablaos Flamencos","url":"https:\/\/www.tablaosflamencos.com\/de","logo":{"@id":"https:\/\/www.tablaosflamencos.com\/de\/jose-merce-flamenco-biennale-2026-toquen-a-rebato.html#local-main-organization-logo"},"image":{"@id":"https:\/\/www.tablaosflamencos.com\/de\/jose-merce-flamenco-biennale-2026-toquen-a-rebato.html#local-main-organization-logo"},"sameAs":["https:\/\/www.facebook.com\/tablaosflamencos","https:\/\/x.com\/tablaosflamenco","https:\/\/mastodon.social\/@tablaosflamencos","https:\/\/www.instagram.com\/tablaosflamencos","https:\/\/tiktok.com\/@tablaosflamencos","https:\/\/www.linkedin.com\/company\/109408238\/"],"description":"Venta de entradas para espect\u00e1culos flamencos","legalName":"Tablaos Flamencos","foundingDate":"2015-01-01","numberOfEmployees":{"@type":"QuantitativeValue","minValue":"1","maxValue":"10"},"address":{"@id":"https:\/\/www.tablaosflamencos.com\/de\/jose-merce-flamenco-biennale-2026-toquen-a-rebato.html#local-main-place-address"},"geo":{"@type":"GeoCoordinates","latitude":"37.3868072","longitude":"-5.993280299999999"},"telephone":["+34623787787"],"contactPoint":{"@type":"ContactPoint","telephone":"+34623787787","email":"info@tablaosflamencos.com"},"openingHoursSpecification":{"@type":"OpeningHoursSpecification","dayOfWeek":["Monday","Tuesday","Wednesday","Thursday","Friday","Saturday","Sunday"],"opens":"00:00","closes":"23:59"},"email":"info@tablaosflamencos.com","priceRange":"$$$","currenciesAccepted":"\u20ac"},{"@type":"Person","@id":"https:\/\/www.tablaosflamencos.com\/de#\/schema\/person\/e7a9ebe14eb75a52ceabfbffb3c54f5d","name":"Miguel Ortiz","description":"Miguel Ortiz es un empresario flamenco, con una s\u00f3lida trayectoria dentro del sector. Ha presidido entidades culturales vinculadas al flamenco y, cuenta con un amplio recorrido profesional en la gesti\u00f3n y promoci\u00f3n de espect\u00e1culos y tablaos flamencos. Su pasi\u00f3n por la historia y el arte flamenco se refleja en cada art\u00edculo, donde combina experiencia, criterio y un profundo respeto por la tradici\u00f3n.","sameAs":["https:\/\/www.tablaosflamencos.com","https:\/\/www.instagra.com\/miguelortizfe","https:\/\/www.linkedin.com\/in\/miguelortizf\/"],"birthDate":"1984-11-22","gender":"hombre","knowsLanguage":["espa\u00f1ol","ingl\u00e9s"],"jobTitle":"Empresario flamenco"},{"@type":"PostalAddress","@id":"https:\/\/www.tablaosflamencos.com\/de\/jose-merce-flamenco-biennale-2026-toquen-a-rebato.html#local-main-place-address","streetAddress":"C\/ Alemanes, 19","addressLocality":"Sevilla","postalCode":"41004","addressRegion":"Sevilla","addressCountry":"ES"},{"@type":"ImageObject","inLanguage":"de","@id":"https:\/\/www.tablaosflamencos.com\/de\/jose-merce-flamenco-biennale-2026-toquen-a-rebato.html#local-main-organization-logo","url":"https:\/\/www.tablaosflamencos.com\/wp-content\/uploads\/tablaos-flamencos-06-3.webp","contentUrl":"https:\/\/www.tablaosflamencos.com\/wp-content\/uploads\/tablaos-flamencos-06-3.webp","width":600,"height":620,"caption":"Tablaos Flamencos"}]},"geo.placename":"Sevilla","geo.position":{"lat":"37.3868072","long":"-5.993280299999999"},"geo.region":"Spanien"},"_links":{"self":[{"href":"https:\/\/www.tablaosflamencos.com\/de\/wp-json\/wp\/v2\/posts\/14147","targetHints":{"allow":["GET"]}}],"collection":[{"href":"https:\/\/www.tablaosflamencos.com\/de\/wp-json\/wp\/v2\/posts"}],"about":[{"href":"https:\/\/www.tablaosflamencos.com\/de\/wp-json\/wp\/v2\/types\/post"}],"author":[{"embeddable":true,"href":"https:\/\/www.tablaosflamencos.com\/de\/wp-json\/wp\/v2\/users\/1"}],"replies":[{"embeddable":true,"href":"https:\/\/www.tablaosflamencos.com\/de\/wp-json\/wp\/v2\/comments?post=14147"}],"version-history":[{"count":2,"href":"https:\/\/www.tablaosflamencos.com\/de\/wp-json\/wp\/v2\/posts\/14147\/revisions"}],"predecessor-version":[{"id":14174,"href":"https:\/\/www.tablaosflamencos.com\/de\/wp-json\/wp\/v2\/posts\/14147\/revisions\/14174"}],"wp:featuredmedia":[{"embeddable":true,"href":"https:\/\/www.tablaosflamencos.com\/de\/wp-json\/wp\/v2\/media\/14099"}],"wp:attachment":[{"href":"https:\/\/www.tablaosflamencos.com\/de\/wp-json\/wp\/v2\/media?parent=14147"}],"wp:term":[{"taxonomy":"category","embeddable":true,"href":"https:\/\/www.tablaosflamencos.com\/de\/wp-json\/wp\/v2\/categories?post=14147"},{"taxonomy":"post_tag","embeddable":true,"href":"https:\/\/www.tablaosflamencos.com\/de\/wp-json\/wp\/v2\/tags?post=14147"}],"curies":[{"name":"wp","href":"https:\/\/api.w.org\/{rel}","templated":true}]}}