{"id":14128,"date":"2026-09-03T00:45:32","date_gmt":"2026-09-02T22:45:32","guid":{"rendered":"https:\/\/www.tablaosflamencos.com\/?p=14128"},"modified":"2026-09-03T01:49:20","modified_gmt":"2026-09-02T23:49:20","slug":"gitarre-flamenco-biennale-sevilla-2026-unverzichtbare-shows","status":"publish","type":"post","link":"https:\/\/www.tablaosflamencos.com\/de\/gitarre-flamenco-biennale-sevilla-2026-unverzichtbare-shows.html","title":{"rendered":"Die Gitarre bei der Flamenco-Biennale Sevilla 2026: unverzichtbare Shows"},"content":{"rendered":"<section class=\"l-section wpb_row height_huge\"><div class=\"l-section-h i-cf\"><div class=\"g-cols vc_row via_flex valign_top type_default stacking_default\"><div class=\"vc_col-sm-6 wpb_column vc_column_container\"><div class=\"vc_column-inner\"><div class=\"wpb_wrapper\"><div class=\"wpb_text_column\"><div class=\"wpb_wrapper\"><h2>Die Gitarre, eine der gro\u00dfen Hauptdarstellerinnen der Flamenco-Biennale 2026<\/h2>\n<p>Die <strong>Flamenco-Gitarre<\/strong> nimmt bei der <strong>XXIV. Flamenco-Biennale Sevilla 2026<\/strong> einen au\u00dfergew\u00f6hnlichen Stellenwert ein. Die Ausgabe vom <strong>9. September bis 3. Oktober<\/strong> bietet ein Programm, in dem das Gitarrenspiel nicht nur Begleitung ist, sondern zum absoluten Mittelpunkt von Konzerten, Premieren, generationen\u00fcbergreifenden Begegnungen und Dialogen mit anderen Musiken wird.<\/p>\n<p>Die Biennale selbst pr\u00e4sentiert diese Ausgabe als eines der gro\u00dfen internationalen Ereignisse f\u00fcr die <strong>Flamenco-Konzertgitarre<\/strong>, mit rund f\u00fcnfzehn unmittelbar mit dem Instrument verbundenen Programmpunkten. Das <strong>Espacio Turina<\/strong> ist der wichtigste Spielort mit neun Konzerten zwischen dem 11. und 27. September; einige der au\u00dfergew\u00f6hnlichsten Gitarrenereignisse finden au\u00dferdem in San Luis de los Franceses, im Teatro Lope de Vega und im Teatro de la Maestranza statt.<\/p>\n<\/div><\/div><\/div><\/div><\/div><div class=\"vc_col-sm-6 wpb_column vc_column_container\"><div class=\"vc_column-inner\"><div class=\"wpb_wrapper\"><div class=\"wpb_text_column\"><div class=\"wpb_wrapper\"><p style=\"text-align: center; font-size: 54px; line-height: 1; margin-bottom: 10px;\"><strong>15<\/strong><\/p>\n<h3 style=\"text-align: center;\">Programmpunkte mit der Gitarre im Mittelpunkt<\/h3>\n<p style=\"text-align: center; font-size: 46px; line-height: 1; margin: 25px 0 10px;\"><strong>9<\/strong><\/p>\n<h3 style=\"text-align: center;\">Konzerte im Espacio Turina<\/h3>\n<p style=\"text-align: center; font-size: 42px; line-height: 1; margin: 25px 0 10px;\"><strong>11.\u201327. SEP<\/strong><\/p>\n<h3 style=\"text-align: center;\">gro\u00dfe Gitarrenreihe<\/h3>\n<\/div><\/div><\/div><\/div><\/div><\/div><\/div><\/section><section class=\"l-section wpb_row height_huge color_alternate with_shape\"><div class=\"l-section-shape type_zigzag pos_top\" style=\"height:3vmin;\"><svg xmlns=\"http:\/\/www.w3.org\/2000\/svg\" viewBox=\"0 0 64 8\" preserveAspectRatio=\"none\" width=\"100%\" height=\"100%\">\r\n\t<path fill=\"currentColor\" d=\"M64 8 L0 8 L0 0 L20 7.9 L40 3 L48 5 L64 0 Z\"\/>\r\n<\/svg><\/div><div class=\"l-section-shape type_zigzag pos_bottom\" style=\"height:3vmin;\"><svg xmlns=\"http:\/\/www.w3.org\/2000\/svg\" viewBox=\"0 0 64 8\" preserveAspectRatio=\"none\" width=\"100%\" height=\"100%\">\r\n\t<path fill=\"currentColor\" d=\"M64 8 L0 8 L0 0 L20 7.9 L40 3 L48 5 L64 0 Z\"\/>\r\n<\/svg><\/div><div class=\"l-section-h i-cf\"><div class=\"g-cols vc_row via_flex valign_top type_default stacking_default\"><div class=\"vc_col-sm-12 wpb_column vc_column_container\"><div class=\"vc_column-inner\"><div class=\"wpb_wrapper\"><div class=\"wpb_text_column\"><div class=\"wpb_wrapper\"><blockquote>\n<p><strong>Kurzantwort:<\/strong> Wer bei der Biennale 2026 Flamenco-Gitarre h\u00f6ren m\u00f6chte, sollte besonders auf <strong>Antonio Rey, Jos\u00e9 Ferm\u00edn Fern\u00e1ndez, Juan Requena, Alejandro Hurtado, Juan Manuel Ca\u00f1izares, Rafael Riqueni, Diego del Morao und Dani de Mor\u00f3n<\/strong> achten. Im Espacio Turina finden die meisten Recitals statt, w\u00e4hrend San Luis, Lope de Vega und Maestranza einige der au\u00dfergew\u00f6hnlichsten Produktionen der gesamten Ausgabe beherbergen.<\/p>\n<\/blockquote>\n<p><strong>Letzte Aktualisierung: 2. September 2026.<\/strong> Die Ticketverf\u00fcgbarkeit kann sich schnell \u00e4ndern. Pr\u00fcfen Sie deshalb vor der Planung Ihres Besuchs immer die offizielle Seite der jeweiligen Vorstellung.<\/p>\n<\/div><\/div><div class=\"w-separator size_medium\"><\/div><div class=\"w-hwrapper valign_top wrap stack_on_mobiles align_center\" style=\"--hwrapper-gap:1.2rem\"><div class=\"w-btn-wrapper align_none\"><a class=\"w-btn us-btn-style_1\" href=\"https:\/\/www.tablaosflamencos.com\/de\/flamenco-biennale-sevilla-2026.html\"><span class=\"w-btn-label\">Kompletter Guide zur Biennale 2026<\/span><\/a><\/div><div class=\"w-btn-wrapper align_none\"><a class=\"w-btn us-btn-style_1\" href=\"https:\/\/www.tablaosflamencos.com\/de\/flamenco-biennale-sevilla-2026-tickets-preise-rabatte.html\"><span class=\"w-btn-label\">Tickets, Preise und Rabatte<\/span><\/a><\/div><\/div><\/div><\/div><\/div><\/div><\/div><\/section><section class=\"l-section wpb_row height_huge\"><div class=\"l-section-h i-cf\"><div class=\"g-cols vc_row via_flex valign_top type_default stacking_default\"><div class=\"vc_col-sm-3 wpb_column vc_column_container\"><div class=\"vc_column-inner\"><div class=\"wpb_wrapper\"><\/div><\/div><\/div><div class=\"vc_col-sm-6 wpb_column vc_column_container\"><div class=\"vc_column-inner\"><div class=\"wpb_wrapper\"><div class=\"wpb_text_column\"><div class=\"wpb_wrapper\"><h2>Inhalt dieses Guides<\/h2>\n<ul>\n<li><a href=\"#por-que-guitarra\">Warum die Gitarre bei der Biennale 2026 so wichtig ist<\/a><\/li>\n<li><a href=\"#turina\">Espacio Turina: der gro\u00dfe Tempel der Gitarre<\/a><\/li>\n<li><a href=\"#imprescindibles\">Die unverzichtbaren Gitarrenshows<\/a><\/li>\n<li><a href=\"#antonio-rey\">Antonio Rey: Historias de un flamenco<\/a><\/li>\n<li><a href=\"#jose-fermin\">Jos\u00e9 Ferm\u00edn Fern\u00e1ndez: Guitarra desnuda<\/a><\/li>\n<li><a href=\"#juan-requena\">Juan Requena: Requeneando<\/a><\/li>\n<li><a href=\"#alejandro-hurtado\">Alejandro Hurtado: Devenir de la guitarra<\/a><\/li>\n<li><a href=\"#canizares\">Ca\u00f1izares sinf\u00f3nico<\/a><\/li>\n<li><a href=\"#riqueni\">Rafael Riqueni &amp; Tim Ries: Tunisia<\/a><\/li>\n<li><a href=\"#diego-morao\">Diego del Morao: M\u00e1s Morao<\/a><\/li>\n<li><a href=\"#dani-moron\">Dani de Mor\u00f3n: Cuadro<\/a><\/li>\n<li><a href=\"#calendario\">Erweiterter Gitarrenkalender<\/a><\/li>\n<li><a href=\"#elegir\">Welches Konzert passt zu Ihren Vorlieben?<\/a><\/li>\n<li><a href=\"#faq-guitarra\">H\u00e4ufig gestellte Fragen<\/a><\/li>\n<\/ul>\n<\/div><\/div><\/div><\/div><\/div><div class=\"vc_col-sm-3 wpb_column vc_column_container\"><div class=\"vc_column-inner\"><div class=\"wpb_wrapper\"><\/div><\/div><\/div><\/div><\/div><\/section><section class=\"l-section wpb_row height_huge color_alternate with_shape\"><div class=\"l-section-shape type_tilt pos_top hor_flip\" style=\"height:3vmin;\"><svg xmlns=\"http:\/\/www.w3.org\/2000\/svg\" viewBox=\"0 0 64 8\" preserveAspectRatio=\"none\" width=\"100%\" height=\"100%\">\r\n\t<path fill=\"currentColor\" d=\"M64 7.9 L64 10 L0 10 L0 0 Z\"\/>\r\n<\/svg><\/div><div class=\"l-section-shape type_zigzag pos_bottom\" style=\"height:3vmin;\"><svg xmlns=\"http:\/\/www.w3.org\/2000\/svg\" viewBox=\"0 0 64 8\" preserveAspectRatio=\"none\" width=\"100%\" height=\"100%\">\r\n\t<path fill=\"currentColor\" d=\"M64 8 L0 8 L0 0 L20 7.9 L40 3 L48 5 L64 0 Z\"\/>\r\n<\/svg><\/div><div class=\"l-section-h i-cf\"><div class=\"g-cols vc_row via_flex valign_top type_default stacking_default\"><div class=\"vc_col-sm-6 wpb_column vc_column_container\"><div class=\"vc_column-inner\"><div class=\"wpb_wrapper\"><div class=\"wpb_text_column\"><div class=\"wpb_wrapper\"><h2 id=\"por-que-guitarra\">Warum die Gitarre bei der Biennale 2026 so wichtig ist<\/h2>\n<p>Nicht jede Ausgabe der Biennale r\u00e4umt der Sologitarre eine so gro\u00dfe Rolle ein. 2026 treffen mehrere Generationen von Interpreten, sehr unterschiedliche \u00c4sthetiken und eine gemeinsame Idee aufeinander: zu zeigen, dass die zeitgen\u00f6ssische Flamenco-Gitarre aus eigener Kraft einen vollst\u00e4ndigen k\u00fcnstlerischen Ausdruck tragen kann.<\/p>\n<p>Das Programm verbindet <strong>etablierte Meister<\/strong>, Gitarristen mit einer starken sch\u00f6pferischen Identit\u00e4t, K\u00fcnstler, die erstmals eine eigene Produktion pr\u00e4sentieren, und Musiker, die die traditionellen Grenzen des Instruments durch Jazz, symphonische Musik, Alte Musik und Roots-Musik erweitern.<\/p>\n<\/div><\/div><\/div><\/div><\/div><div class=\"vc_col-sm-6 wpb_column vc_column_container\"><div class=\"vc_column-inner\"><div class=\"wpb_wrapper\"><div class=\"wpb_text_column\"><div class=\"wpb_wrapper\"><h2 id=\"turina\">Espacio Turina: der gro\u00dfe Tempel der Flamenco-Gitarre<\/h2>\n<p>Das <strong>Espacio Turina<\/strong> in der Calle Lara\u00f1a b\u00fcndelt neun Konzerte zwischen dem 11. und 27. September. Seine Akustik und das relativ intime Format eignen sich besonders gut, um Nuancen von Anschlag, comp\u00e1s, Harmonie und Dynamik wahrzunehmen, die in gr\u00f6\u00dferen S\u00e4len anders wirken k\u00f6nnen.<\/p>\n<p>Im Turina treten Antonio Rey, Canito &amp; Ra\u00fal Rodr\u00edguez, Jos\u00e9 Ferm\u00edn Fern\u00e1ndez, Juan Requena, Mar\u00eda Mar\u00edn, Manuel de la Luz &amp; Manuel Im\u00e1n, Diego del Morao, Juan Medina und Dani de Mor\u00f3n auf. F\u00fcr alle, die die aktuelle Entwicklung des Flamenco-Gitarrenspiels verfolgen m\u00f6chten, ist dies wahrscheinlich der geschlossenste Programmblock der gesamten Biennale.<\/p>\n<\/div><\/div><\/div><\/div><\/div><\/div><\/div><\/section><section class=\"l-section wpb_row height_huge\"><div class=\"l-section-h i-cf\"><div class=\"g-cols vc_row via_flex valign_top type_default stacking_default\"><div class=\"vc_col-sm-12 wpb_column vc_column_container\"><div class=\"vc_column-inner\"><div class=\"wpb_wrapper\"><div class=\"wpb_text_column\"><div class=\"wpb_wrapper\"><h2 id=\"imprescindibles\" style=\"text-align: center;\">8 unverzichtbare Shows f\u00fcr Gitarrenliebhaber<\/h2>\n<p style=\"text-align: center;\">Die folgende Auswahl soll die Gitarre nicht zu einem Wettbewerb machen. Jede Produktion folgt einer anderen \u00c4sthetik \u2013 und genau darin liegt einer der gro\u00dfen Reize der Biennale 2026.<\/p>\n<\/div><\/div><\/div><\/div><\/div><\/div><\/div><\/section><section class=\"l-section wpb_row height_huge\"><div class=\"l-section-h i-cf\"><div class=\"g-cols vc_row via_flex valign_top type_default stacking_default\"><div class=\"vc_col-sm-6 wpb_column vc_column_container\"><div class=\"vc_column-inner\"><div class=\"wpb_wrapper\"><div class=\"wpb_text_column\"><div class=\"wpb_wrapper\"><h2 id=\"antonio-rey\">1. Antonio Rey \u2014 <em>Historias de un flamenco<\/em><\/h2>\n<p><strong>11. September \u00b7 19:00 \u00b7 Espacio Turina<\/strong><\/p>\n<p>Antonio Rey er\u00f6ffnet die gro\u00dfe Gitarrenreihe des Turina mit <em>Historias de un flamenco<\/em>. Sein Programm umfasst Taranta, Rumba, Alegr\u00edas, Buler\u00edas, Minera und weitere St\u00fccke aus seinem j\u00fcngeren Repertoire.<\/p>\n<p>Es ist eine der klarsten Empfehlungen f\u00fcr alle, die eine zeitgen\u00f6ssische, technisch brillante und zugleich tief mit der Tradition verbundene Gitarre suchen. Mit dabei sind Mara Rey im Cante, Manuel Heredia an der zweiten Gitarre, Juan Parrilla an der Fl\u00f6te und Bandolero an der Percussion.<\/p>\n<p><strong>Warum wir es f\u00fcr unverzichtbar halten:<\/strong> Er geh\u00f6rt zu den gro\u00dfen spanischen Konzertgitarristen der Gegenwart und kommt nach einer internationalen Karriere und mehreren Auszeichnungen mit einem reifen Repertoire nach Sevilla.<\/p>\n<\/div><\/div><\/div><\/div><\/div><div class=\"vc_col-sm-6 wpb_column vc_column_container\"><div class=\"vc_column-inner\"><div class=\"wpb_wrapper\"><div class=\"wpb_text_column\"><div class=\"wpb_wrapper\"><h2 id=\"jose-fermin\">2. Jos\u00e9 Ferm\u00edn Fern\u00e1ndez \u2014 <em>Guitarra desnuda<\/em><\/h2>\n<p><strong>13. September \u00b7 19:00 \u00b7 Espacio Turina \u00b7 Einmalige Vorstellung<\/strong><\/p>\n<p>Hier \u00e4ndert sich das Konzept radikal: <strong>Gitarre solo<\/strong>, ohne szenische Hilfsmittel oder Begleitung. Jos\u00e9 Ferm\u00edn Fern\u00e1ndez pr\u00e4sentiert ein Recital, das sich um verschiedene traditionelle Palos und die erz\u00e4hlerische Kraft des Instruments dreht.<\/p>\n<p>Sein Solodeb\u00fct bei der Biennale bietet zugleich die Gelegenheit, einen Gitarristen der j\u00fcngeren Generation in einem Format zu h\u00f6ren, in dem sich nichts verbergen l\u00e4sst: Klang, Stimmung, comp\u00e1s, Absicht und Musikalit\u00e4t liegen vollkommen offen.<\/p>\n<p><strong>Ideal f\u00fcr:<\/strong> Liebhaber, die Konzertgitarre in ihrer wesentlichsten Form h\u00f6ren m\u00f6chten.<\/p>\n<\/div><\/div><\/div><\/div><\/div><\/div><\/div><\/section><section class=\"l-section wpb_row height_huge color_alternate with_shape\"><div class=\"l-section-shape type_zigzag pos_top hor_flip\" style=\"height:3vmin;\"><svg xmlns=\"http:\/\/www.w3.org\/2000\/svg\" viewBox=\"0 0 64 8\" preserveAspectRatio=\"none\" width=\"100%\" height=\"100%\">\r\n\t<path fill=\"currentColor\" d=\"M64 8 L0 8 L0 0 L20 7.9 L40 3 L48 5 L64 0 Z\"\/>\r\n<\/svg><\/div><div class=\"l-section-shape type_zigzag pos_bottom\" style=\"height:3vmin;\"><svg xmlns=\"http:\/\/www.w3.org\/2000\/svg\" viewBox=\"0 0 64 8\" preserveAspectRatio=\"none\" width=\"100%\" height=\"100%\">\r\n\t<path fill=\"currentColor\" d=\"M64 8 L0 8 L0 0 L20 7.9 L40 3 L48 5 L64 0 Z\"\/>\r\n<\/svg><\/div><div class=\"l-section-h i-cf\"><div class=\"g-cols vc_row via_flex valign_top type_default stacking_default\"><div class=\"vc_col-sm-6 wpb_column vc_column_container\"><div class=\"vc_column-inner\"><div class=\"wpb_wrapper\"><div class=\"wpb_text_column\"><div class=\"wpb_wrapper\"><h2 id=\"juan-requena\">3. Juan Requena \u2014 <em>Requeneando<\/em><\/h2>\n<p><strong>18. September \u00b7 19:00 \u00b7 Espacio Turina \u00b7 Einmalige Vorstellung<\/strong><\/p>\n<p>Juan Requena \u00fcbernimmt bei der Biennale erstmals die Hauptrolle in einer eigenen Produktion. <em>Requeneando<\/em> ist als Reise durch verschiedene Palos angelegt, die seine Laufbahn, Sensibilit\u00e4t und musikalische Sprache widerspiegeln.<\/p>\n<p>Begleitet wird er von Los Makarines mit Chor und Palmas; als besonderer Gast wirkt der S\u00e4nger und Multiinstrumentalist Jos\u00e9 \u00c1ngel Carmona mit.<\/p>\n<p><strong>Was es besonders macht:<\/strong> Es ist nicht nur ein virtuoses Recital, sondern die Pr\u00e4sentation eines pers\u00f6nlichen kreativen Universums, das zugleich Material seines kommenden Aufnahmeprojekts vorwegnimmt.<\/p>\n<\/div><\/div><\/div><\/div><\/div><div class=\"vc_col-sm-6 wpb_column vc_column_container\"><div class=\"vc_column-inner\"><div class=\"wpb_wrapper\"><div class=\"wpb_text_column\"><div class=\"wpb_wrapper\"><h2 id=\"alejandro-hurtado\">4. Alejandro Hurtado &amp; Enrike Solin\u00eds \u2014 <em>Devenir de la guitarra<\/em><\/h2>\n<p><strong>19. und 20. September \u00b7 12:00 \u00b7 Kirche San Luis de los Franceses<\/strong><\/p>\n<p>Dies ist eine der konzeptionell interessantesten Produktionen der Ausgabe. Alejandro Hurtado bringt die Flamenco-Gitarre in einen Dialog mit <strong>historischer Gitarre und Alter Musik<\/strong>, gemeinsam mit Enrike Solin\u00eds und in Zusammenarbeit mit dem Festival f\u00fcr Alte Musik von Sevilla.<\/p>\n<p>Das Programm umfasst eigene Kompositionen Hurtados ebenso wie historische Bez\u00fcge und verbindet verschiedene Entwicklungsphasen der Gitarre.<\/p>\n<p>Der barocke Rahmen von <strong>San Luis de los Franceses<\/strong> verleiht dem Konzert zus\u00e4tzlich eine ganz besondere r\u00e4umliche und akustische Dimension.<\/p>\n<\/div><\/div><\/div><\/div><\/div><\/div><\/div><\/section><section class=\"l-section wpb_row height_huge\"><div class=\"l-section-h i-cf\"><div class=\"g-cols vc_row via_flex valign_top type_default stacking_default\"><div class=\"vc_col-sm-6 wpb_column vc_column_container\"><div class=\"vc_column-inner\"><div class=\"wpb_wrapper\"><div class=\"wpb_text_column\"><div class=\"wpb_wrapper\"><h2 id=\"canizares\">5. Ca\u00f1izares &amp; ROSS \u2014 <em>Ca\u00f1izares sinf\u00f3nico<\/em><\/h2>\n<p><strong>19. September \u00b7 20:00 \u00b7 Teatro de la Maestranza \u00b7 Einmalige Vorstellung<\/strong><\/p>\n<p>Juan Manuel Ca\u00f1izares tritt als Sologitarrist gemeinsam mit der <strong>Real Orquesta Sinf\u00f3nica de Sevilla<\/strong> unter der Leitung von Santiago Serrate auf.<\/p>\n<p>Das Programm umfasst das <em>Concierto Al-\u00c1ndalus para guitarra y orquesta<\/em>, das dem Andenken an Paco de Luc\u00eda gewidmet ist, sowie das <em>Concierto Mediterr\u00e1neo<\/em>, das Joaqu\u00edn Rodrigo gewidmet ist.<\/p>\n<p><strong>Warum es besonders ist:<\/strong> Dies ist die eindeutig symphonischste Produktion des gesamten Gitarrenprogramms. Wer h\u00f6ren m\u00f6chte, wie sich Flamenco-Gitarre vor einem gro\u00dfen Orchester entfaltet, findet hier einen der Schl\u00fcsselabende der Biennale.<\/p>\n<\/div><\/div><\/div><\/div><\/div><div class=\"vc_col-sm-6 wpb_column vc_column_container\"><div class=\"vc_column-inner\"><div class=\"wpb_wrapper\"><div class=\"wpb_text_column\"><div class=\"wpb_wrapper\"><h2 id=\"riqueni\">6. Rafael Riqueni &amp; Tim Ries \u2014 <em>Tunisia<\/em><\/h2>\n<p><strong>21. September \u00b7 20:00 \u00b7 Teatro Lope de Vega \u00b7 Urauff\u00fchrung<\/strong><\/p>\n<p>Eine der ungew\u00f6hnlichsten Begegnungen des Jahres 2026 bringt den Sevillaner Gitarristen <strong>Rafael Riqueni<\/strong> mit dem US-amerikanischen Saxofonisten und Fl\u00f6tisten <strong>Tim Ries<\/strong> zusammen.<\/p>\n<p>Das Repertoire verbindet Kompositionen aus Riquenis musikalischem Universum mit weiteren St\u00fccken und er\u00f6ffnet einen Dialog zwischen Flamenco-Gitarre, Jazz und kammermusikalischer Sensibilit\u00e4t.<\/p>\n<p><strong>Ideal f\u00fcr:<\/strong> alle, die eine weniger orthodoxe, genreoffene Produktion suchen, bei der zugleich einer der historischen gro\u00dfen Namen der Sevillaner Gitarre im Mittelpunkt steht.<\/p>\n<\/div><\/div><\/div><\/div><\/div><\/div><\/div><\/section><section class=\"l-section wpb_row height_huge color_alternate with_shape\"><div class=\"l-section-shape type_zigzag pos_top hor_flip\" style=\"height:3vmin;\"><svg xmlns=\"http:\/\/www.w3.org\/2000\/svg\" viewBox=\"0 0 64 8\" preserveAspectRatio=\"none\" width=\"100%\" height=\"100%\">\r\n\t<path fill=\"currentColor\" d=\"M64 8 L0 8 L0 0 L20 7.9 L40 3 L48 5 L64 0 Z\"\/>\r\n<\/svg><\/div><div class=\"l-section-shape type_zigzag pos_bottom\" style=\"height:3vmin;\"><svg xmlns=\"http:\/\/www.w3.org\/2000\/svg\" viewBox=\"0 0 64 8\" preserveAspectRatio=\"none\" width=\"100%\" height=\"100%\">\r\n\t<path fill=\"currentColor\" d=\"M64 8 L0 8 L0 0 L20 7.9 L40 3 L48 5 L64 0 Z\"\/>\r\n<\/svg><\/div><div class=\"l-section-h i-cf\"><div class=\"g-cols vc_row via_flex valign_top type_default stacking_default\"><div class=\"vc_col-sm-6 wpb_column vc_column_container\"><div class=\"vc_column-inner\"><div class=\"wpb_wrapper\"><div class=\"wpb_text_column\"><div class=\"wpb_wrapper\"><h2 id=\"diego-morao\">7. Diego del Morao \u2014 <em>M\u00e1s Morao<\/em><\/h2>\n<p><strong>25. September \u00b7 19:00 \u00b7 Espacio Turina \u00b7 Einmalige Vorstellung<\/strong><\/p>\n<p>Diego del Morao steht f\u00fcr einen der unverwechselbarsten Kl\u00e4nge der zeitgen\u00f6ssischen Gitarrenschule von Jerez. <em>M\u00e1s Morao<\/em> stellt sein Spiel in den Mittelpunkt, getragen vom Puls eines Ensembles, das eng mit der \u00c4sthetik von Jerez und dem Viertel Santiago verbunden ist.<\/p>\n<p>Mit ihm spielen An\u00e9 Carrasco an der Percussion und Maloko im Cante; weitere Mitwirkende werden noch best\u00e4tigt.<\/p>\n<p><strong>Warum wir es nicht verpassen w\u00fcrden:<\/strong> Nur wenige aktuelle Gitarristen besitzen eine so unverwechselbare rhythmische Pers\u00f6nlichkeit. Besonders empfehlenswert f\u00fcr alle, die comp\u00e1s, den Klang von Jerez und eine sehr pers\u00f6nliche Art des Begleitens und Falseta-Aufbaus sch\u00e4tzen.<\/p>\n<\/div><\/div><\/div><\/div><\/div><div class=\"vc_col-sm-6 wpb_column vc_column_container\"><div class=\"vc_column-inner\"><div class=\"wpb_wrapper\"><div class=\"wpb_text_column\"><div class=\"wpb_wrapper\"><h2 id=\"dani-moron\">8. Dani de Mor\u00f3n \u2014 <em>Cuadro<\/em><\/h2>\n<p><strong>27. September \u00b7 19:00 \u00b7 Espacio Turina \u00b7 Einmalige Vorstellung<\/strong><\/p>\n<p>Dani de Mor\u00f3n beendet die Turina-Reihe mit einer Produktion, die die Idee des <strong>Flamenco-Cuadro als lebendigen Organismus<\/strong> aufgreift. Seine Gitarre tritt in Dialog mit den Stimmen von Sergio El Colorao, Amparo Lagares und Ismael El Bola, dem Tanz von Claudia La Debla und den Palmas von Los Mellis.<\/p>\n<p>Das Programm f\u00fchrt durch Buler\u00edas, Sole\u00e1, Ton\u00e1s, Tientos, Canti\u00f1as, Romance, Farruca, Seguiriya, Tangos und weitere Stile.<\/p>\n<p><strong>Was es bietet:<\/strong> Die Gitarre wird nicht nur als Soloinstrument h\u00f6rbar, sondern als musikalische Architektur, die Cante, Tanz, comp\u00e1s und kollektive Kreation organisiert.<\/p>\n<\/div><\/div><\/div><\/div><\/div><\/div><\/div><\/section><section class=\"l-section wpb_row height_huge\"><div class=\"l-section-h i-cf\"><div class=\"g-cols vc_row via_flex valign_top type_default stacking_default\"><div class=\"vc_col-sm-12 wpb_column vc_column_container\"><div class=\"vc_column-inner\"><div class=\"wpb_wrapper\"><div class=\"wpb_text_column\"><div class=\"wpb_wrapper\"><h2 id=\"calendario\">Erweiterter Gitarrenkalender der Biennale 2026<\/h2>\n<div style=\"overflow-x: auto;\">\n<table>\n<thead>\n<tr>\n<th>Datum<\/th>\n<th>K\u00fcnstler \/ Show<\/th>\n<th>Spielort<\/th>\n<th>Schwerpunkt<\/th>\n<\/tr>\n<\/thead>\n<tbody>\n<tr>\n<td>11 sep<\/td>\n<td><strong>Antonio Rey \u2014 Historias de un flamenco<\/strong><\/td>\n<td>Espacio Turina<\/td>\n<td>Zeitgen\u00f6ssisches Recital<\/td>\n<\/tr>\n<tr>\n<td>12 sep<\/td>\n<td><strong>Canito &amp; Ra\u00fal Rodr\u00edguez \u2014 La cuerda al aire<\/strong><\/td>\n<td>Espacio Turina<\/td>\n<td>Gitarre und Tres Flamenco<\/td>\n<\/tr>\n<tr>\n<td>13 sep<\/td>\n<td><strong>Jos\u00e9 Ferm\u00edn Fern\u00e1ndez \u2014 Guitarra desnuda<\/strong><\/td>\n<td>Espacio Turina<\/td>\n<td>Gitarre solo<\/td>\n<\/tr>\n<tr>\n<td>18 sep<\/td>\n<td><strong>Juan Requena \u2014 Requeneando<\/strong><\/td>\n<td>Espacio Turina<\/td>\n<td>Eigene Kreation<\/td>\n<\/tr>\n<tr>\n<td>18 sep<\/td>\n<td><strong>Antonio Reyes \u2014 Seis cuerdas, seis<\/strong><\/td>\n<td>Teatro Lope de Vega<\/td>\n<td>Cante und Gitarre<\/td>\n<\/tr>\n<tr>\n<td>19 sep<\/td>\n<td><strong>Alejandro Hurtado &amp; Enrike Solin\u00eds \u2014 Devenir de la guitarra<\/strong><\/td>\n<td>San Luis<\/td>\n<td>Flamenco und historische Gitarre<\/td>\n<\/tr>\n<tr>\n<td>19 sep<\/td>\n<td><strong>Mar\u00eda Mar\u00edn \u2014 Las Tres Mar\u00edas<\/strong><\/td>\n<td>Espacio Turina<\/td>\n<td>Gitarre und Stimme \u00b7 Premiere<\/td>\n<\/tr>\n<tr>\n<td>19 sep<\/td>\n<td><strong>Ca\u00f1izares &amp; ROSS \u2014 Ca\u00f1izares sinf\u00f3nico<\/strong><\/td>\n<td>Maestranza<\/td>\n<td>Gitarre und Orchester<\/td>\n<\/tr>\n<tr>\n<td>20 sep<\/td>\n<td><strong>Alejandro Hurtado &amp; Enrike Solin\u00eds \u2014 Devenir de la guitarra<\/strong><\/td>\n<td>San Luis<\/td>\n<td>Zweite Vorstellung<\/td>\n<\/tr>\n<tr>\n<td>20 sep<\/td>\n<td><strong>Manuel de la Luz &amp; Manuel Im\u00e1n \u2014 Manos que hablan<\/strong><\/td>\n<td>Espacio Turina<\/td>\n<td>Dialog zwischen Gitarren<\/td>\n<\/tr>\n<tr>\n<td>21 sep<\/td>\n<td><strong>Rafael Riqueni &amp; Tim Ries \u2014 Tunisia<\/strong><\/td>\n<td>Lope de Vega<\/td>\n<td>Premiere \u00b7 Flamenco und Jazz<\/td>\n<\/tr>\n<tr>\n<td>25 sep<\/td>\n<td><strong>Diego del Morao \u2014 M\u00e1s Morao<\/strong><\/td>\n<td>Espacio Turina<\/td>\n<td>Gitarre aus Jerez<\/td>\n<\/tr>\n<tr>\n<td>26 sep<\/td>\n<td><strong>Juan Medina \u2014 Fugaz<\/strong><\/td>\n<td>Espacio Turina<\/td>\n<td>Neue Generation<\/td>\n<\/tr>\n<tr>\n<td>27 sep<\/td>\n<td><strong>Dani de Mor\u00f3n \u2014 Cuadro<\/strong><\/td>\n<td>Espacio Turina<\/td>\n<td>Gitarre, Cante und Tanz<\/td>\n<\/tr>\n<\/tbody>\n<\/table>\n<\/div>\n<\/div><\/div><\/div><\/div><\/div><\/div><\/div><\/section><section class=\"l-section wpb_row height_huge color_alternate with_shape\"><div class=\"l-section-shape type_zigzag pos_top hor_flip\" style=\"height:3vmin;\"><svg xmlns=\"http:\/\/www.w3.org\/2000\/svg\" viewBox=\"0 0 64 8\" preserveAspectRatio=\"none\" width=\"100%\" height=\"100%\">\r\n\t<path fill=\"currentColor\" d=\"M64 8 L0 8 L0 0 L20 7.9 L40 3 L48 5 L64 0 Z\"\/>\r\n<\/svg><\/div><div class=\"l-section-shape type_zigzag pos_bottom\" style=\"height:3vmin;\"><svg xmlns=\"http:\/\/www.w3.org\/2000\/svg\" viewBox=\"0 0 64 8\" preserveAspectRatio=\"none\" width=\"100%\" height=\"100%\">\r\n\t<path fill=\"currentColor\" d=\"M64 8 L0 8 L0 0 L20 7.9 L40 3 L48 5 L64 0 Z\"\/>\r\n<\/svg><\/div><div class=\"l-section-h i-cf\"><div class=\"g-cols vc_row via_flex valign_top type_default stacking_default\"><div class=\"vc_col-sm-6 wpb_column vc_column_container\"><div class=\"vc_column-inner\"><div class=\"wpb_wrapper\"><div class=\"wpb_text_column\"><div class=\"wpb_wrapper\"><h2 id=\"elegir\">Welches Konzert passt zu Ihren Vorlieben?<\/h2>\n<ul>\n<li><strong>Essenzielle Sologitarre:<\/strong> Jos\u00e9 Ferm\u00edn Fern\u00e1ndez.<\/li>\n<li><strong>Gro\u00dfes zeitgen\u00f6ssisches Konzertspiel:<\/strong> Antonio Rey.<\/li>\n<li><strong>Comp\u00e1s und die Schule von Jerez:<\/strong> Diego del Morao.<\/li>\n<li><strong>Flamenco und historische Tradition:<\/strong> Alejandro Hurtado &amp; Enrike Solin\u00eds.<\/li>\n<li><strong>Gitarre mit Orchester:<\/strong> Ca\u00f1izares &amp; ROSS.<\/li>\n<li><strong>Flamenco im Dialog mit Jazz:<\/strong> Rafael Riqueni &amp; Tim Ries.<\/li>\n<li><strong>Gitarre im Flamenco-Cuadro:<\/strong> Dani de Mor\u00f3n.<\/li>\n<li><strong>Neue Stimmen des Toque:<\/strong> Juan Requena, Jos\u00e9 Ferm\u00edn Fern\u00e1ndez, Mar\u00eda Mar\u00edn oder Juan Medina.<\/li>\n<\/ul>\n<\/div><\/div><\/div><\/div><\/div><div class=\"vc_col-sm-6 wpb_column vc_column_container\"><div class=\"vc_column-inner\"><div class=\"wpb_wrapper\"><div class=\"wpb_text_column\"><div class=\"wpb_wrapper\"><h2>Lohnt es sich, mehrere Nachmittage f\u00fcr das Turina einzuplanen?<\/h2>\n<p>Ja, besonders wenn die Gitarre einer Ihrer Hauptgr\u00fcnde f\u00fcr den Besuch der Biennale ist. Das Turina-Programm wiederholt nicht ein einziges Recital-Modell: Es gibt Sologitarre, Begleitung, Dialog zwischen Instrumenten, Gitarre und Stimme, die Schule von Jerez und kollektive Produktionen.<\/p>\n<p>Eine gute Strategie ist, <strong>zwei oder drei Konzerte mit unterschiedlichen Profilen<\/strong> auszuw\u00e4hlen. Zum Beispiel Jos\u00e9 Ferm\u00edn, um das Instrument v\u00f6llig unverh\u00fcllt zu h\u00f6ren, Diego del Morao f\u00fcr die Sprache von Jerez und Dani de Mor\u00f3n, um zu erleben, wie die Gitarre ein vollst\u00e4ndiges Cuadro strukturiert.<\/p>\n<\/div><\/div><\/div><\/div><\/div><\/div><\/div><\/section><section class=\"l-section wpb_row height_huge\"><div class=\"l-section-h i-cf\"><div class=\"g-cols vc_row via_flex valign_top type_default stacking_default\"><div class=\"vc_col-sm-12 wpb_column vc_column_container\"><div class=\"vc_column-inner\"><div class=\"wpb_wrapper\"><div class=\"wpb_text_column\"><div class=\"wpb_wrapper\"><h2>Tickets und Planung<\/h2>\n<p>Die Vorstellungen im Espacio Turina sind preislich g\u00fcnstiger als einige der gro\u00dfen Produktionen im Maestranza. Mehrere Termine sind jedoch als <strong>Einzigartige N\u00e4chte<\/strong> angek\u00fcndigt, sodass es innerhalb der Biennale nur eine Gelegenheit gibt, sie zu erleben.<\/p>\n<p>Aktuelle Preise, Rabatte, Hora Joven und offizielle Verkaufskan\u00e4le finden Sie in unserem Guide zu <a href=\"https:\/\/www.tablaosflamencos.com\/bienal-flamenco-2026-entradas-precios-descuentos.html\"><strong>Tickets, Preisen und Rabatten der Biennale 2026<\/strong><\/a>.<\/p>\n<p>Wir empfehlen au\u00dferdem, vor der Anreise das <a href=\"https:\/\/www.labienal.com\/programa-general\" target=\"_blank\" rel=\"noopener\"><strong>offizielle Programm der Biennale<\/strong><\/a> zu pr\u00fcfen, da sich die Verf\u00fcgbarkeit mit n\u00e4her r\u00fcckendem Termin ver\u00e4ndert.<\/p>\n<\/div><\/div><div class=\"w-separator size_medium\"><\/div><div class=\"w-hwrapper valign_top wrap stack_on_mobiles align_center\" style=\"--hwrapper-gap:1.2rem\"><div class=\"w-btn-wrapper align_none\"><a class=\"w-btn us-btn-style_1\" href=\"https:\/\/www.tablaosflamencos.com\/de\/einzigartige-matineen-flamenco-biennale-sevilla-2026.html\"><span class=\"w-btn-label\">Einzigartige Matineen ansehen<\/span><\/a><\/div><div class=\"w-btn-wrapper align_none\"><a class=\"w-btn us-btn-style_1\" href=\"https:\/\/www.tablaosflamencos.com\/de\/einzigartige-naechte-flamenco-biennale-sevilla-2026.html\"><span class=\"w-btn-label\">Einzigartige N\u00e4chte ansehen<\/span><\/a><\/div><\/div><\/div><\/div><\/div><\/div><\/div><\/section><section class=\"l-section wpb_row height_huge color_alternate with_shape\"><div class=\"l-section-shape type_zigzag pos_top\" style=\"height:3vmin;\"><svg xmlns=\"http:\/\/www.w3.org\/2000\/svg\" viewBox=\"0 0 64 8\" preserveAspectRatio=\"none\" width=\"100%\" height=\"100%\">\r\n\t<path fill=\"currentColor\" d=\"M64 8 L0 8 L0 0 L20 7.9 L40 3 L48 5 L64 0 Z\"\/>\r\n<\/svg><\/div><div class=\"l-section-shape type_zigzag pos_bottom\" style=\"height:3vmin;\"><svg xmlns=\"http:\/\/www.w3.org\/2000\/svg\" viewBox=\"0 0 64 8\" preserveAspectRatio=\"none\" width=\"100%\" height=\"100%\">\r\n\t<path fill=\"currentColor\" d=\"M64 8 L0 8 L0 0 L20 7.9 L40 3 L48 5 L64 0 Z\"\/>\r\n<\/svg><\/div><div class=\"l-section-h i-cf\"><div class=\"g-cols vc_row via_flex valign_top type_default stacking_default\"><div class=\"vc_col-sm-12 wpb_column vc_column_container\"><div class=\"vc_column-inner\"><div class=\"wpb_wrapper\"><div class=\"wpb_text_column\"><div class=\"wpb_wrapper\"><h2 style=\"text-align: center;\">Eine Biennale, um zu h\u00f6ren, wie die Flamenco-Gitarre von heute klingt<\/h2>\n<p style=\"text-align: center;\">Die Gitarre erscheint bei der Biennale 2026 nicht als homogener Block. Tradition, Experiment, Begleitung, Solorecital, Orchester, Jazz, Alte Musik und neue Generationen stehen nebeneinander.<\/p>\n<p style=\"text-align: center;\">Gerade dieser Kontrast macht das Programm zu einer besonders wertvollen Gelegenheit, zu verstehen, <strong>wohin sich die zeitgen\u00f6ssische Flamenco-Gitarre bewegt, ohne ihre Wurzeln aus den Augen zu verlieren<\/strong>.<\/p>\n<p style=\"text-align: center;\">Wenn die Gitarre bei Ihrer Reise nach Sevilla Priorit\u00e4t hat, l\u00e4sst sich mit dieser Ausgabe praktisch ein Festival innerhalb des Festivals zusammenstellen.<\/p>\n<\/div><\/div><\/div><\/div><\/div><\/div><\/div><\/section><section class=\"l-section wpb_row height_huge with_shape\"><div class=\"l-section-shape type_zigzag pos_bottom\" style=\"height:3vmin;\"><svg xmlns=\"http:\/\/www.w3.org\/2000\/svg\" viewBox=\"0 0 64 8\" preserveAspectRatio=\"none\" width=\"100%\" height=\"100%\">\r\n\t<path fill=\"currentColor\" d=\"M64 8 L0 8 L0 0 L20 7.9 L40 3 L48 5 L64 0 Z\"\/>\r\n<\/svg><\/div><div class=\"l-section-h i-cf\"><div class=\"g-cols vc_row via_flex valign_top type_default stacking_default\"><div class=\"vc_col-sm-1\/5 wpb_column vc_column_container\"><div class=\"vc_column-inner\"><div class=\"wpb_wrapper\"><\/div><\/div><\/div><div class=\"vc_col-sm-3\/5 wpb_column vc_column_container\"><div class=\"vc_column-inner\"><div class=\"wpb_wrapper\"><div class=\"wpb_text_column\"><div class=\"wpb_wrapper\"><h2 id=\"faq-guitarra\" style=\"text-align: center;\">H\u00e4ufige Fragen zur Gitarre bei der Biennale 2026<\/h2>\n<\/div><\/div><div class=\"w-separator size_medium\"><\/div><div class=\"w-tabs accordion toggle_style_1 has_scrolling\" style=\"--sections-title-size:inherit;--sections-gap:0.5rem;\"><div class=\"w-tabs-sections titles-align_none icon_chevron cpos_right\"><div class=\"w-tabs-section\" id=\"n93e\"><button type=\"button\" class=\"w-tabs-section-header\" aria-controls=\"content-n93e\" aria-expanded=\"false\"><div class=\"w-tabs-section-title\">Wie viele Gitarrenshows gibt es bei der Biennale 2026?<\/div><div class=\"w-tabs-section-control\"><\/div><\/button><div  class=\"w-tabs-section-content\" id=\"content-n93e\"><div class=\"w-tabs-section-content-h i-cf\"><div class=\"wpb_text_column\"><div class=\"wpb_wrapper\"><p>Die Biennale hebt rund <strong>f\u00fcnfzehn Produktionen<\/strong> hervor, in denen die Flamenco-Konzertgitarre eine zentrale Rolle spielt. Sie verteilen sich unter anderem auf Espacio Turina, San Luis de los Franceses, Teatro Lope de Vega und Teatro de la Maestranza.<\/p>\n<\/div><\/div><\/div><\/div><\/div><div class=\"w-tabs-section\" id=\"la7d\"><button type=\"button\" class=\"w-tabs-section-header\" aria-controls=\"content-la7d\" aria-expanded=\"false\"><div class=\"w-tabs-section-title\">Wo konzentriert sich das Gitarrenprogramm?<\/div><div class=\"w-tabs-section-control\"><\/div><\/button><div  class=\"w-tabs-section-content\" id=\"content-la7d\"><div class=\"w-tabs-section-content-h i-cf\"><div class=\"wpb_text_column\"><div class=\"wpb_wrapper\"><p>Der wichtigste Spielort ist das <strong>Espacio Turina<\/strong>, das zwischen dem 11. und 27. September 2026 neun Gitarrenkonzerte veranstaltet.<\/p>\n<\/div><\/div><\/div><\/div><\/div><div class=\"w-tabs-section\" id=\"dba9\"><button type=\"button\" class=\"w-tabs-section-header\" aria-controls=\"content-dba9\" aria-expanded=\"false\"><div class=\"w-tabs-section-title\">Welche wichtigen Gitarristen treten bei der Biennale 2026 auf?<\/div><div class=\"w-tabs-section-control\"><\/div><\/button><div  class=\"w-tabs-section-content\" id=\"content-dba9\"><div class=\"w-tabs-section-content-h i-cf\"><div class=\"wpb_text_column\"><div class=\"wpb_wrapper\"><p>Unter anderem stehen Antonio Rey, Rafael Riqueni, Juan Manuel Ca\u00f1izares, Diego del Morao, Dani de Mor\u00f3n, Alejandro Hurtado, Jos\u00e9 Ferm\u00edn Fern\u00e1ndez, Juan Requena, Mar\u00eda Mar\u00edn, Manuel de la Luz, Manuel Im\u00e1n und Juan Medina im Programm.<\/p>\n<\/div><\/div><\/div><\/div><\/div><div class=\"w-tabs-section\" id=\"scd4\"><button type=\"button\" class=\"w-tabs-section-header\" aria-controls=\"content-scd4\" aria-expanded=\"false\"><div class=\"w-tabs-section-title\">Gibt es Recitals f\u00fcr Gitarre solo?<\/div><div class=\"w-tabs-section-control\"><\/div><\/button><div  class=\"w-tabs-section-content\" id=\"content-scd4\"><div class=\"w-tabs-section-content-h i-cf\"><div class=\"wpb_text_column\"><div class=\"wpb_wrapper\"><p>Ja. Ein besonders klares Beispiel ist <em>Guitarra desnuda<\/em> von Jos\u00e9 Ferm\u00edn Fern\u00e1ndez am 13. September im Espacio Turina, konzipiert f\u00fcr die Gitarre in ihrer wesentlichsten Ausdrucksform.<\/p>\n<\/div><\/div><\/div><\/div><\/div><div class=\"w-tabs-section\" id=\"gdc2\"><button type=\"button\" class=\"w-tabs-section-header\" aria-controls=\"content-gdc2\" aria-expanded=\"false\"><div class=\"w-tabs-section-title\">Gibt es Flamenco-Gitarre mit Symphonieorchester?<\/div><div class=\"w-tabs-section-control\"><\/div><\/button><div  class=\"w-tabs-section-content\" id=\"content-gdc2\"><div class=\"w-tabs-section-content-h i-cf\"><div class=\"wpb_text_column\"><div class=\"wpb_wrapper\"><p>Ja. Juan Manuel Ca\u00f1izares tritt am 19. September im Teatro de la Maestranza mit der Real Orquesta Sinf\u00f3nica de Sevilla in <em>Ca\u00f1izares sinf\u00f3nico<\/em> auf.<\/p>\n<\/div><\/div><\/div><\/div><\/div><div class=\"w-tabs-section\" id=\"je9b\"><button type=\"button\" class=\"w-tabs-section-header\" aria-controls=\"content-je9b\" aria-expanded=\"false\"><div class=\"w-tabs-section-title\">Welches Konzert verbindet Flamenco-Gitarre und Jazz?<\/div><div class=\"w-tabs-section-control\"><\/div><\/button><div  class=\"w-tabs-section-content\" id=\"content-je9b\"><div class=\"w-tabs-section-content-h i-cf\"><div class=\"wpb_text_column\"><div class=\"wpb_wrapper\"><p><em>Tunisia<\/em> von Rafael Riqueni und Tim Ries bringt die Flamenco-Gitarre des Sevillaner Meisters mit Saxofonen und Fl\u00f6te des US-Musikers in Dialog. Die Urauff\u00fchrung findet am 21. September im Lope de Vega statt.<\/p>\n<\/div><\/div><\/div><\/div><\/div><div class=\"w-tabs-section\" id=\"zf6d\"><button type=\"button\" class=\"w-tabs-section-header\" aria-controls=\"content-zf6d\" aria-expanded=\"false\"><div class=\"w-tabs-section-title\">Wo kann ich Diego del Morao h\u00f6ren?<\/div><div class=\"w-tabs-section-control\"><\/div><\/button><div  class=\"w-tabs-section-content\" id=\"content-zf6d\"><div class=\"w-tabs-section-content-h i-cf\"><div class=\"wpb_text_column\"><div class=\"wpb_wrapper\"><p>Diego del Morao pr\u00e4sentiert <em>M\u00e1s Morao<\/em> am <strong>25. September um 19:00 Uhr<\/strong> im Espacio Turina. Die Vorstellung ist einmalig angesetzt.<\/p>\n<\/div><\/div><\/div><\/div><\/div><div class=\"w-tabs-section\" id=\"y053\"><button type=\"button\" class=\"w-tabs-section-header\" aria-controls=\"content-y053\" aria-expanded=\"false\"><div class=\"w-tabs-section-title\">Wann tritt Dani de Mor\u00f3n auf?<\/div><div class=\"w-tabs-section-control\"><\/div><\/button><div  class=\"w-tabs-section-content\" id=\"content-y053\"><div class=\"w-tabs-section-content-h i-cf\"><div class=\"wpb_text_column\"><div class=\"wpb_wrapper\"><p>Dani de Mor\u00f3n pr\u00e4sentiert <em>Cuadro<\/em> am <strong>27. September um 19:00 Uhr<\/strong> im Espacio Turina, ebenfalls als einmalige Vorstellung.<\/p>\n<\/div><\/div><\/div><\/div><\/div><div class=\"w-tabs-section\" id=\"x12b\"><button type=\"button\" class=\"w-tabs-section-header\" aria-controls=\"content-x12b\" aria-expanded=\"false\"><div class=\"w-tabs-section-title\">Gibt es Gitarre bei den Einzigartigen Matineen?<\/div><div class=\"w-tabs-section-control\"><\/div><\/button><div  class=\"w-tabs-section-content\" id=\"content-x12b\"><div class=\"w-tabs-section-content-h i-cf\"><div class=\"wpb_text_column\"><div class=\"wpb_wrapper\"><p>Ja. Alejandro Hurtado pr\u00e4sentiert <em>Devenir de la guitarra<\/em> mit Enrike Solin\u00eds am 19. und 20. September um 12:00 Uhr in der Kirche San Luis de los Franceses.<\/p>\n<\/div><\/div><\/div><\/div><\/div><div class=\"w-tabs-section\" id=\"a1f1\"><button type=\"button\" class=\"w-tabs-section-header\" aria-controls=\"content-a1f1\" aria-expanded=\"false\"><div class=\"w-tabs-section-title\">Wo kann man Tickets f\u00fcr die Gitarrenkonzerte kaufen?<\/div><div class=\"w-tabs-section-control\"><\/div><\/button><div  class=\"w-tabs-section-content\" id=\"content-a1f1\"><div class=\"w-tabs-section-content-h i-cf\"><div class=\"wpb_text_column\"><div class=\"wpb_wrapper\"><p>Am sichersten ist es, die Seite der jeweiligen Vorstellung \u00fcber das offizielle Biennale-Programm aufzurufen. Tablaos Flamencos f\u00fchrt au\u00dferdem einen eigenen Guide mit Preisen, Rabatten, Kasseninformationen und Kaufempfehlungen.<\/p>\n<\/div><\/div><\/div><\/div><\/div><\/div><\/div><\/div><\/div><\/div><div class=\"vc_col-sm-1\/5 wpb_column vc_column_container\"><div class=\"vc_column-inner\"><div class=\"wpb_wrapper\"><\/div><\/div><\/div><\/div><\/div><\/section>\n","protected":false},"excerpt":{"rendered":"<p>Guide zu den wichtigsten Flamenco-Gitarren-Shows der Flamenco-Biennale Sevilla 2026 mit Antonio Rey, Riqueni, Ca\u00f1izares, Diego del Morao, Dani de Mor\u00f3n und weiteren K\u00fcnstlern.<\/p>\n","protected":false},"author":1,"featured_media":14100,"comment_status":"closed","ping_status":"closed","sticky":false,"template":"","format":"standard","meta":{"_acf_changed":false,"wpai_generated_summary":"","_ayudawp_aiss_exclude":false,"_ayudawp_aiss_exclude_summary":false,"_ayudawp_aiss_summary":"","_ayudawp_aiss_summary_provider":"","_ayudawp_aiss_summary_hash":"","footnotes":""},"categories":[1431],"tags":[1244,1245,1246,1247,1166,1417,405],"class_list":["post-14128","post","type-post","status-publish","format-standard","has-post-thumbnail","hentry","category-flamenco-biennale","tag-agenda-flamenca","tag-bienal-2026","tag-bienal-de-flamenco","tag-festivales-flamencos","tag-flamenco-en-sevilla","tag-flamenco-gitarre","tag-sevilla"],"acf":[],"yoast_head":"<!-- This site is optimized with the Yoast SEO Premium plugin v28.4 (Yoast SEO v28.4) - https:\/\/yoast.com\/product\/yoast-seo-premium-wordpress\/ -->\n<title>Gitarre bei der Flamenco-Biennale Sevilla 2026: Highlights<\/title>\n<meta name=\"description\" content=\"Die wichtigsten Flamenco-Gitarren-Shows der Flamenco-Biennale Sevilla 2026: Antonio Rey, Riqueni, Ca\u00f1izares, Diego del Morao, Dani de Mor\u00f3n und mehr.\" \/>\n<meta name=\"robots\" content=\"index, follow, max-snippet:-1, max-image-preview:large, max-video-preview:-1\" \/>\n<link rel=\"canonical\" href=\"https:\/\/www.tablaosflamencos.com\/de\/gitarre-flamenco-biennale-sevilla-2026-unverzichtbare-shows.html\" \/>\n<meta property=\"og:locale\" content=\"de_DE\" \/>\n<meta property=\"og:type\" content=\"article\" \/>\n<meta property=\"og:title\" content=\"Die Gitarre bei der Flamenco-Biennale Sevilla 2026: unverzichtbare Shows\" \/>\n<meta property=\"og:description\" content=\"Die wichtigsten Flamenco-Gitarren-Shows der Flamenco-Biennale Sevilla 2026: Antonio Rey, Riqueni, Ca\u00f1izares, Diego del Morao, Dani de Mor\u00f3n und mehr.\" \/>\n<meta property=\"og:url\" content=\"https:\/\/www.tablaosflamencos.com\/de\/gitarre-flamenco-biennale-sevilla-2026-unverzichtbare-shows.html\" \/>\n<meta property=\"og:site_name\" content=\"Tablaos Flamencos\" \/>\n<meta property=\"article:publisher\" content=\"https:\/\/www.facebook.com\/tablaosflamencos\" \/>\n<meta property=\"article:published_time\" content=\"2026-09-02T22:45:32+00:00\" \/>\n<meta property=\"article:modified_time\" content=\"2026-09-02T23:49:20+00:00\" \/>\n<meta property=\"og:image\" content=\"https:\/\/www.tablaosflamencos.com\/wp-content\/uploads\/la-guitarra-en-la-bienal-de-flamenco-2026-espectaculos-imprescindibles-01.webp\" \/>\n\t<meta property=\"og:image:width\" content=\"1672\" \/>\n\t<meta property=\"og:image:height\" content=\"941\" \/>\n\t<meta property=\"og:image:type\" content=\"image\/webp\" \/>\n<meta name=\"author\" content=\"Miguel Ortiz\" \/>\n<meta name=\"twitter:card\" content=\"summary_large_image\" \/>\n<meta name=\"twitter:creator\" content=\"@tablaosflamenco\" \/>\n<meta name=\"twitter:site\" content=\"@tablaosflamenco\" \/>\n<meta name=\"twitter:label1\" content=\"Verfasst von\" \/>\n\t<meta name=\"twitter:data1\" content=\"Miguel Ortiz\" \/>\n\t<meta name=\"twitter:label2\" content=\"Gesch\u00e4tzte Lesezeit\" \/>\n\t<meta name=\"twitter:data2\" content=\"15\u00a0Minuten\" \/>\n<script type=\"application\/ld+json\" class=\"yoast-schema-graph\">{\"@context\":\"https:\\\/\\\/schema.org\",\"@graph\":[{\"@type\":\"Article\",\"@id\":\"https:\\\/\\\/www.tablaosflamencos.com\\\/de\\\/gitarre-flamenco-biennale-sevilla-2026-unverzichtbare-shows.html#article\",\"isPartOf\":{\"@id\":\"https:\\\/\\\/www.tablaosflamencos.com\\\/de\\\/gitarre-flamenco-biennale-sevilla-2026-unverzichtbare-shows.html\"},\"author\":{\"name\":\"Miguel Ortiz\",\"@id\":\"https:\\\/\\\/www.tablaosflamencos.com\\\/de#\\\/schema\\\/person\\\/e7a9ebe14eb75a52ceabfbffb3c54f5d\"},\"headline\":\"Die Gitarre bei der Flamenco-Biennale Sevilla 2026: unverzichtbare Shows\",\"datePublished\":\"2026-09-02T22:45:32+00:00\",\"dateModified\":\"2026-09-02T23:49:20+00:00\",\"mainEntityOfPage\":{\"@id\":\"https:\\\/\\\/www.tablaosflamencos.com\\\/de\\\/gitarre-flamenco-biennale-sevilla-2026-unverzichtbare-shows.html\"},\"wordCount\":3095,\"publisher\":{\"@id\":\"https:\\\/\\\/www.tablaosflamencos.com\\\/de#organization\"},\"image\":{\"@id\":\"https:\\\/\\\/www.tablaosflamencos.com\\\/de\\\/gitarre-flamenco-biennale-sevilla-2026-unverzichtbare-shows.html#primaryimage\"},\"thumbnailUrl\":\"https:\\\/\\\/www.tablaosflamencos.com\\\/wp-content\\\/uploads\\\/la-guitarra-en-la-bienal-de-flamenco-2026-espectaculos-imprescindibles-01.webp\",\"keywords\":[\"agenda flamenca\",\"Bienal 2026\",\"Bienal de Flamenco\",\"festivales flamencos\",\"flamenco en Sevilla\",\"Flamenco-Gitarre\",\"sevilla\"],\"articleSection\":[\"Flamenco-Biennale\"],\"inLanguage\":\"de\"},{\"@type\":\"WebPage\",\"@id\":\"https:\\\/\\\/www.tablaosflamencos.com\\\/de\\\/gitarre-flamenco-biennale-sevilla-2026-unverzichtbare-shows.html\",\"url\":\"https:\\\/\\\/www.tablaosflamencos.com\\\/de\\\/gitarre-flamenco-biennale-sevilla-2026-unverzichtbare-shows.html\",\"name\":\"Gitarre bei der Flamenco-Biennale Sevilla 2026: Highlights\",\"isPartOf\":{\"@id\":\"https:\\\/\\\/www.tablaosflamencos.com\\\/de#website\"},\"primaryImageOfPage\":{\"@id\":\"https:\\\/\\\/www.tablaosflamencos.com\\\/de\\\/gitarre-flamenco-biennale-sevilla-2026-unverzichtbare-shows.html#primaryimage\"},\"image\":{\"@id\":\"https:\\\/\\\/www.tablaosflamencos.com\\\/de\\\/gitarre-flamenco-biennale-sevilla-2026-unverzichtbare-shows.html#primaryimage\"},\"thumbnailUrl\":\"https:\\\/\\\/www.tablaosflamencos.com\\\/wp-content\\\/uploads\\\/la-guitarra-en-la-bienal-de-flamenco-2026-espectaculos-imprescindibles-01.webp\",\"datePublished\":\"2026-09-02T22:45:32+00:00\",\"dateModified\":\"2026-09-02T23:49:20+00:00\",\"description\":\"Die wichtigsten Flamenco-Gitarren-Shows der Flamenco-Biennale Sevilla 2026: Antonio Rey, Riqueni, Ca\u00f1izares, Diego del Morao, Dani de Mor\u00f3n und mehr.\",\"breadcrumb\":{\"@id\":\"https:\\\/\\\/www.tablaosflamencos.com\\\/de\\\/gitarre-flamenco-biennale-sevilla-2026-unverzichtbare-shows.html#breadcrumb\"},\"inLanguage\":\"de\",\"potentialAction\":[{\"@type\":\"ReadAction\",\"target\":[\"https:\\\/\\\/www.tablaosflamencos.com\\\/de\\\/gitarre-flamenco-biennale-sevilla-2026-unverzichtbare-shows.html\"]}]},{\"@type\":\"ImageObject\",\"inLanguage\":\"de\",\"@id\":\"https:\\\/\\\/www.tablaosflamencos.com\\\/de\\\/gitarre-flamenco-biennale-sevilla-2026-unverzichtbare-shows.html#primaryimage\",\"url\":\"https:\\\/\\\/www.tablaosflamencos.com\\\/wp-content\\\/uploads\\\/la-guitarra-en-la-bienal-de-flamenco-2026-espectaculos-imprescindibles-01.webp\",\"contentUrl\":\"https:\\\/\\\/www.tablaosflamencos.com\\\/wp-content\\\/uploads\\\/la-guitarra-en-la-bienal-de-flamenco-2026-espectaculos-imprescindibles-01.webp\",\"width\":1672,\"height\":941,\"caption\":\"La guitarra en la Bienal de Flamenco 2026: espect\u00e1culos imprescindibles\"},{\"@type\":\"BreadcrumbList\",\"@id\":\"https:\\\/\\\/www.tablaosflamencos.com\\\/de\\\/gitarre-flamenco-biennale-sevilla-2026-unverzichtbare-shows.html#breadcrumb\",\"itemListElement\":[{\"@type\":\"ListItem\",\"position\":1,\"name\":\"Home\",\"item\":\"https:\\\/\\\/www.tablaosflamencos.com\\\/de\"},{\"@type\":\"ListItem\",\"position\":2,\"name\":\"Die Gitarre bei der Flamenco-Biennale Sevilla 2026: unverzichtbare Shows\"}]},{\"@type\":\"WebSite\",\"@id\":\"https:\\\/\\\/www.tablaosflamencos.com\\\/de#website\",\"url\":\"https:\\\/\\\/www.tablaosflamencos.com\\\/de\",\"name\":\"Tablaos Flamencos\",\"description\":\"Entradas para tablaos flamencos de Espa\u00f1a\",\"publisher\":{\"@id\":\"https:\\\/\\\/www.tablaosflamencos.com\\\/de#organization\"},\"alternateName\":\"Tablaos Flamencos\",\"potentialAction\":[{\"@type\":\"SearchAction\",\"target\":{\"@type\":\"EntryPoint\",\"urlTemplate\":\"https:\\\/\\\/www.tablaosflamencos.com\\\/de?s={search_term_string}\"},\"query-input\":{\"@type\":\"PropertyValueSpecification\",\"valueRequired\":true,\"valueName\":\"search_term_string\"}}],\"inLanguage\":\"de\"},{\"@type\":[\"Organization\",\"Place\",\"EntertainmentBusiness\"],\"@id\":\"https:\\\/\\\/www.tablaosflamencos.com\\\/de#organization\",\"name\":\"Tablaos Flamencos\",\"alternateName\":\"Tablaos Flamencos\",\"url\":\"https:\\\/\\\/www.tablaosflamencos.com\\\/de\",\"logo\":{\"@id\":\"https:\\\/\\\/www.tablaosflamencos.com\\\/de\\\/gitarre-flamenco-biennale-sevilla-2026-unverzichtbare-shows.html#local-main-organization-logo\"},\"image\":{\"@id\":\"https:\\\/\\\/www.tablaosflamencos.com\\\/de\\\/gitarre-flamenco-biennale-sevilla-2026-unverzichtbare-shows.html#local-main-organization-logo\"},\"sameAs\":[\"https:\\\/\\\/www.facebook.com\\\/tablaosflamencos\",\"https:\\\/\\\/x.com\\\/tablaosflamenco\",\"https:\\\/\\\/mastodon.social\\\/@tablaosflamencos\",\"https:\\\/\\\/www.instagram.com\\\/tablaosflamencos\",\"https:\\\/\\\/tiktok.com\\\/@tablaosflamencos\",\"https:\\\/\\\/www.linkedin.com\\\/company\\\/109408238\\\/\"],\"description\":\"Venta de entradas para espect\u00e1culos flamencos\",\"legalName\":\"Tablaos Flamencos\",\"foundingDate\":\"2015-01-01\",\"numberOfEmployees\":{\"@type\":\"QuantitativeValue\",\"minValue\":\"1\",\"maxValue\":\"10\"},\"address\":{\"@id\":\"https:\\\/\\\/www.tablaosflamencos.com\\\/de\\\/gitarre-flamenco-biennale-sevilla-2026-unverzichtbare-shows.html#local-main-place-address\"},\"geo\":{\"@type\":\"GeoCoordinates\",\"latitude\":\"37.3868072\",\"longitude\":\"-5.993280299999999\"},\"telephone\":[\"+34623787787\"],\"contactPoint\":{\"@type\":\"ContactPoint\",\"telephone\":\"+34623787787\",\"email\":\"info@tablaosflamencos.com\"},\"openingHoursSpecification\":{\"@type\":\"OpeningHoursSpecification\",\"dayOfWeek\":[\"Monday\",\"Tuesday\",\"Wednesday\",\"Thursday\",\"Friday\",\"Saturday\",\"Sunday\"],\"opens\":\"00:00\",\"closes\":\"23:59\"},\"email\":\"info@tablaosflamencos.com\",\"priceRange\":\"$$$\",\"currenciesAccepted\":\"\u20ac\"},{\"@type\":\"Person\",\"@id\":\"https:\\\/\\\/www.tablaosflamencos.com\\\/de#\\\/schema\\\/person\\\/e7a9ebe14eb75a52ceabfbffb3c54f5d\",\"name\":\"Miguel Ortiz\",\"description\":\"Miguel Ortiz es un empresario flamenco, con una s\u00f3lida trayectoria dentro del sector. Ha presidido entidades culturales vinculadas al flamenco y, cuenta con un amplio recorrido profesional en la gesti\u00f3n y promoci\u00f3n de espect\u00e1culos y tablaos flamencos. Su pasi\u00f3n por la historia y el arte flamenco se refleja en cada art\u00edculo, donde combina experiencia, criterio y un profundo respeto por la tradici\u00f3n.\",\"sameAs\":[\"https:\\\/\\\/www.tablaosflamencos.com\",\"https:\\\/\\\/www.instagra.com\\\/miguelortizfe\",\"https:\\\/\\\/www.linkedin.com\\\/in\\\/miguelortizf\\\/\"],\"birthDate\":\"1984-11-22\",\"gender\":\"hombre\",\"knowsLanguage\":[\"espa\u00f1ol\",\"ingl\u00e9s\"],\"jobTitle\":\"Empresario flamenco\"},{\"@type\":\"PostalAddress\",\"@id\":\"https:\\\/\\\/www.tablaosflamencos.com\\\/de\\\/gitarre-flamenco-biennale-sevilla-2026-unverzichtbare-shows.html#local-main-place-address\",\"streetAddress\":\"C\\\/ Alemanes, 19\",\"addressLocality\":\"Sevilla\",\"postalCode\":\"41004\",\"addressRegion\":\"Sevilla\",\"addressCountry\":\"ES\"},{\"@type\":\"ImageObject\",\"inLanguage\":\"de\",\"@id\":\"https:\\\/\\\/www.tablaosflamencos.com\\\/de\\\/gitarre-flamenco-biennale-sevilla-2026-unverzichtbare-shows.html#local-main-organization-logo\",\"url\":\"https:\\\/\\\/www.tablaosflamencos.com\\\/wp-content\\\/uploads\\\/tablaos-flamencos-06-3.webp\",\"contentUrl\":\"https:\\\/\\\/www.tablaosflamencos.com\\\/wp-content\\\/uploads\\\/tablaos-flamencos-06-3.webp\",\"width\":600,\"height\":620,\"caption\":\"Tablaos Flamencos\"}]}<\/script>\n<meta name=\"geo.placename\" content=\"Sevilla\" \/>\n<meta name=\"geo.position\" content=\"37.3868072;-5.993280299999999\" \/>\n<meta name=\"geo.region\" content=\"Spanien\" \/>\n<!-- \/ Yoast SEO Premium plugin. -->","yoast_head_json":{"title":"Gitarre bei der Flamenco-Biennale Sevilla 2026: Highlights","description":"Die wichtigsten Flamenco-Gitarren-Shows der Flamenco-Biennale Sevilla 2026: Antonio Rey, Riqueni, Ca\u00f1izares, Diego del Morao, Dani de Mor\u00f3n und mehr.","robots":{"index":"index","follow":"follow","max-snippet":"max-snippet:-1","max-image-preview":"max-image-preview:large","max-video-preview":"max-video-preview:-1"},"canonical":"https:\/\/www.tablaosflamencos.com\/de\/gitarre-flamenco-biennale-sevilla-2026-unverzichtbare-shows.html","og_locale":"de_DE","og_type":"article","og_title":"Die Gitarre bei der Flamenco-Biennale Sevilla 2026: unverzichtbare Shows","og_description":"Die wichtigsten Flamenco-Gitarren-Shows der Flamenco-Biennale Sevilla 2026: Antonio Rey, Riqueni, Ca\u00f1izares, Diego del Morao, Dani de Mor\u00f3n und mehr.","og_url":"https:\/\/www.tablaosflamencos.com\/de\/gitarre-flamenco-biennale-sevilla-2026-unverzichtbare-shows.html","og_site_name":"Tablaos Flamencos","article_publisher":"https:\/\/www.facebook.com\/tablaosflamencos","article_published_time":"2026-09-02T22:45:32+00:00","article_modified_time":"2026-09-02T23:49:20+00:00","og_image":[{"width":1672,"height":941,"url":"https:\/\/www.tablaosflamencos.com\/wp-content\/uploads\/la-guitarra-en-la-bienal-de-flamenco-2026-espectaculos-imprescindibles-01.webp","type":"image\/webp"}],"author":"Miguel Ortiz","twitter_card":"summary_large_image","twitter_creator":"@tablaosflamenco","twitter_site":"@tablaosflamenco","twitter_misc":{"Verfasst von":"Miguel Ortiz","Gesch\u00e4tzte Lesezeit":"15\u00a0Minuten"},"schema":{"@context":"https:\/\/schema.org","@graph":[{"@type":"Article","@id":"https:\/\/www.tablaosflamencos.com\/de\/gitarre-flamenco-biennale-sevilla-2026-unverzichtbare-shows.html#article","isPartOf":{"@id":"https:\/\/www.tablaosflamencos.com\/de\/gitarre-flamenco-biennale-sevilla-2026-unverzichtbare-shows.html"},"author":{"name":"Miguel Ortiz","@id":"https:\/\/www.tablaosflamencos.com\/de#\/schema\/person\/e7a9ebe14eb75a52ceabfbffb3c54f5d"},"headline":"Die Gitarre bei der Flamenco-Biennale Sevilla 2026: unverzichtbare Shows","datePublished":"2026-09-02T22:45:32+00:00","dateModified":"2026-09-02T23:49:20+00:00","mainEntityOfPage":{"@id":"https:\/\/www.tablaosflamencos.com\/de\/gitarre-flamenco-biennale-sevilla-2026-unverzichtbare-shows.html"},"wordCount":3095,"publisher":{"@id":"https:\/\/www.tablaosflamencos.com\/de#organization"},"image":{"@id":"https:\/\/www.tablaosflamencos.com\/de\/gitarre-flamenco-biennale-sevilla-2026-unverzichtbare-shows.html#primaryimage"},"thumbnailUrl":"https:\/\/www.tablaosflamencos.com\/wp-content\/uploads\/la-guitarra-en-la-bienal-de-flamenco-2026-espectaculos-imprescindibles-01.webp","keywords":["agenda flamenca","Bienal 2026","Bienal de Flamenco","festivales flamencos","flamenco en Sevilla","Flamenco-Gitarre","sevilla"],"articleSection":["Flamenco-Biennale"],"inLanguage":"de"},{"@type":"WebPage","@id":"https:\/\/www.tablaosflamencos.com\/de\/gitarre-flamenco-biennale-sevilla-2026-unverzichtbare-shows.html","url":"https:\/\/www.tablaosflamencos.com\/de\/gitarre-flamenco-biennale-sevilla-2026-unverzichtbare-shows.html","name":"Gitarre bei der Flamenco-Biennale Sevilla 2026: Highlights","isPartOf":{"@id":"https:\/\/www.tablaosflamencos.com\/de#website"},"primaryImageOfPage":{"@id":"https:\/\/www.tablaosflamencos.com\/de\/gitarre-flamenco-biennale-sevilla-2026-unverzichtbare-shows.html#primaryimage"},"image":{"@id":"https:\/\/www.tablaosflamencos.com\/de\/gitarre-flamenco-biennale-sevilla-2026-unverzichtbare-shows.html#primaryimage"},"thumbnailUrl":"https:\/\/www.tablaosflamencos.com\/wp-content\/uploads\/la-guitarra-en-la-bienal-de-flamenco-2026-espectaculos-imprescindibles-01.webp","datePublished":"2026-09-02T22:45:32+00:00","dateModified":"2026-09-02T23:49:20+00:00","description":"Die wichtigsten Flamenco-Gitarren-Shows der Flamenco-Biennale Sevilla 2026: Antonio Rey, Riqueni, Ca\u00f1izares, Diego del Morao, Dani de Mor\u00f3n und mehr.","breadcrumb":{"@id":"https:\/\/www.tablaosflamencos.com\/de\/gitarre-flamenco-biennale-sevilla-2026-unverzichtbare-shows.html#breadcrumb"},"inLanguage":"de","potentialAction":[{"@type":"ReadAction","target":["https:\/\/www.tablaosflamencos.com\/de\/gitarre-flamenco-biennale-sevilla-2026-unverzichtbare-shows.html"]}]},{"@type":"ImageObject","inLanguage":"de","@id":"https:\/\/www.tablaosflamencos.com\/de\/gitarre-flamenco-biennale-sevilla-2026-unverzichtbare-shows.html#primaryimage","url":"https:\/\/www.tablaosflamencos.com\/wp-content\/uploads\/la-guitarra-en-la-bienal-de-flamenco-2026-espectaculos-imprescindibles-01.webp","contentUrl":"https:\/\/www.tablaosflamencos.com\/wp-content\/uploads\/la-guitarra-en-la-bienal-de-flamenco-2026-espectaculos-imprescindibles-01.webp","width":1672,"height":941,"caption":"La guitarra en la Bienal de Flamenco 2026: espect\u00e1culos imprescindibles"},{"@type":"BreadcrumbList","@id":"https:\/\/www.tablaosflamencos.com\/de\/gitarre-flamenco-biennale-sevilla-2026-unverzichtbare-shows.html#breadcrumb","itemListElement":[{"@type":"ListItem","position":1,"name":"Home","item":"https:\/\/www.tablaosflamencos.com\/de"},{"@type":"ListItem","position":2,"name":"Die Gitarre bei der Flamenco-Biennale Sevilla 2026: unverzichtbare Shows"}]},{"@type":"WebSite","@id":"https:\/\/www.tablaosflamencos.com\/de#website","url":"https:\/\/www.tablaosflamencos.com\/de","name":"Tablaos Flamencos","description":"Entradas para tablaos flamencos de Espa\u00f1a","publisher":{"@id":"https:\/\/www.tablaosflamencos.com\/de#organization"},"alternateName":"Tablaos Flamencos","potentialAction":[{"@type":"SearchAction","target":{"@type":"EntryPoint","urlTemplate":"https:\/\/www.tablaosflamencos.com\/de?s={search_term_string}"},"query-input":{"@type":"PropertyValueSpecification","valueRequired":true,"valueName":"search_term_string"}}],"inLanguage":"de"},{"@type":["Organization","Place","EntertainmentBusiness"],"@id":"https:\/\/www.tablaosflamencos.com\/de#organization","name":"Tablaos Flamencos","alternateName":"Tablaos Flamencos","url":"https:\/\/www.tablaosflamencos.com\/de","logo":{"@id":"https:\/\/www.tablaosflamencos.com\/de\/gitarre-flamenco-biennale-sevilla-2026-unverzichtbare-shows.html#local-main-organization-logo"},"image":{"@id":"https:\/\/www.tablaosflamencos.com\/de\/gitarre-flamenco-biennale-sevilla-2026-unverzichtbare-shows.html#local-main-organization-logo"},"sameAs":["https:\/\/www.facebook.com\/tablaosflamencos","https:\/\/x.com\/tablaosflamenco","https:\/\/mastodon.social\/@tablaosflamencos","https:\/\/www.instagram.com\/tablaosflamencos","https:\/\/tiktok.com\/@tablaosflamencos","https:\/\/www.linkedin.com\/company\/109408238\/"],"description":"Venta de entradas para espect\u00e1culos flamencos","legalName":"Tablaos Flamencos","foundingDate":"2015-01-01","numberOfEmployees":{"@type":"QuantitativeValue","minValue":"1","maxValue":"10"},"address":{"@id":"https:\/\/www.tablaosflamencos.com\/de\/gitarre-flamenco-biennale-sevilla-2026-unverzichtbare-shows.html#local-main-place-address"},"geo":{"@type":"GeoCoordinates","latitude":"37.3868072","longitude":"-5.993280299999999"},"telephone":["+34623787787"],"contactPoint":{"@type":"ContactPoint","telephone":"+34623787787","email":"info@tablaosflamencos.com"},"openingHoursSpecification":{"@type":"OpeningHoursSpecification","dayOfWeek":["Monday","Tuesday","Wednesday","Thursday","Friday","Saturday","Sunday"],"opens":"00:00","closes":"23:59"},"email":"info@tablaosflamencos.com","priceRange":"$$$","currenciesAccepted":"\u20ac"},{"@type":"Person","@id":"https:\/\/www.tablaosflamencos.com\/de#\/schema\/person\/e7a9ebe14eb75a52ceabfbffb3c54f5d","name":"Miguel Ortiz","description":"Miguel Ortiz es un empresario flamenco, con una s\u00f3lida trayectoria dentro del sector. Ha presidido entidades culturales vinculadas al flamenco y, cuenta con un amplio recorrido profesional en la gesti\u00f3n y promoci\u00f3n de espect\u00e1culos y tablaos flamencos. Su pasi\u00f3n por la historia y el arte flamenco se refleja en cada art\u00edculo, donde combina experiencia, criterio y un profundo respeto por la tradici\u00f3n.","sameAs":["https:\/\/www.tablaosflamencos.com","https:\/\/www.instagra.com\/miguelortizfe","https:\/\/www.linkedin.com\/in\/miguelortizf\/"],"birthDate":"1984-11-22","gender":"hombre","knowsLanguage":["espa\u00f1ol","ingl\u00e9s"],"jobTitle":"Empresario flamenco"},{"@type":"PostalAddress","@id":"https:\/\/www.tablaosflamencos.com\/de\/gitarre-flamenco-biennale-sevilla-2026-unverzichtbare-shows.html#local-main-place-address","streetAddress":"C\/ Alemanes, 19","addressLocality":"Sevilla","postalCode":"41004","addressRegion":"Sevilla","addressCountry":"ES"},{"@type":"ImageObject","inLanguage":"de","@id":"https:\/\/www.tablaosflamencos.com\/de\/gitarre-flamenco-biennale-sevilla-2026-unverzichtbare-shows.html#local-main-organization-logo","url":"https:\/\/www.tablaosflamencos.com\/wp-content\/uploads\/tablaos-flamencos-06-3.webp","contentUrl":"https:\/\/www.tablaosflamencos.com\/wp-content\/uploads\/tablaos-flamencos-06-3.webp","width":600,"height":620,"caption":"Tablaos Flamencos"}]},"geo.placename":"Sevilla","geo.position":{"lat":"37.3868072","long":"-5.993280299999999"},"geo.region":"Spanien"},"_links":{"self":[{"href":"https:\/\/www.tablaosflamencos.com\/de\/wp-json\/wp\/v2\/posts\/14128","targetHints":{"allow":["GET"]}}],"collection":[{"href":"https:\/\/www.tablaosflamencos.com\/de\/wp-json\/wp\/v2\/posts"}],"about":[{"href":"https:\/\/www.tablaosflamencos.com\/de\/wp-json\/wp\/v2\/types\/post"}],"author":[{"embeddable":true,"href":"https:\/\/www.tablaosflamencos.com\/de\/wp-json\/wp\/v2\/users\/1"}],"replies":[{"embeddable":true,"href":"https:\/\/www.tablaosflamencos.com\/de\/wp-json\/wp\/v2\/comments?post=14128"}],"version-history":[{"count":10,"href":"https:\/\/www.tablaosflamencos.com\/de\/wp-json\/wp\/v2\/posts\/14128\/revisions"}],"predecessor-version":[{"id":14226,"href":"https:\/\/www.tablaosflamencos.com\/de\/wp-json\/wp\/v2\/posts\/14128\/revisions\/14226"}],"wp:featuredmedia":[{"embeddable":true,"href":"https:\/\/www.tablaosflamencos.com\/de\/wp-json\/wp\/v2\/media\/14100"}],"wp:attachment":[{"href":"https:\/\/www.tablaosflamencos.com\/de\/wp-json\/wp\/v2\/media?parent=14128"}],"wp:term":[{"taxonomy":"category","embeddable":true,"href":"https:\/\/www.tablaosflamencos.com\/de\/wp-json\/wp\/v2\/categories?post=14128"},{"taxonomy":"post_tag","embeddable":true,"href":"https:\/\/www.tablaosflamencos.com\/de\/wp-json\/wp\/v2\/tags?post=14128"}],"curies":[{"name":"wp","href":"https:\/\/api.w.org\/{rel}","templated":true}]}}