{"id":14108,"date":"2026-09-03T01:13:43","date_gmt":"2026-09-02T23:13:43","guid":{"rendered":"https:\/\/www.tablaosflamencos.com\/?p=14108"},"modified":"2026-09-03T01:32:47","modified_gmt":"2026-09-02T23:32:47","slug":"carmen-linares-flamenco-biennale-sevilla-2026-perlas-a-millares","status":"publish","type":"post","link":"https:\/\/www.tablaosflamencos.com\/de\/carmen-linares-flamenco-biennale-sevilla-2026-perlas-a-millares.html","title":{"rendered":"Carmen Linares beschlie\u00dft die Biennale 2026: Perlas a millares"},"content":{"rendered":"<section class=\"l-section wpb_row height_huge\"><div class=\"l-section-h i-cf\"><div class=\"g-cols vc_row via_flex valign_top type_default stacking_default\"><div class=\"vc_col-sm-6 wpb_column vc_column_container\"><div class=\"vc_column-inner\"><div class=\"wpb_wrapper\"><div class=\"wpb_text_column\"><div class=\"wpb_wrapper\"><h2>Ein Abschlussabend rund um ein historisches Werk<\/h2>\n<p>Die <strong>XXIV. Flamenco-Biennale von Sevilla<\/strong> endet am <strong>3. Oktober 2026<\/strong> mit einem ihrer symboltr\u00e4chtigsten Termine. <strong>Carmen Linares<\/strong> kommt ins <strong>Teatro de la Maestranza<\/strong> mit <em>Perlas a millares<\/em>, einer Produktion zum <strong>30. Jubil\u00e4um von <em>Antolog\u00eda de la mujer en el cante<\/em><\/strong>, dem Album, das 1996 einen Wendepunkt in ihrer Laufbahn markierte.<\/p>\n<p>Es wird nicht einfach ein weiterer Termin im Kalender sein. Die Organisation pr\u00e4sentiert den Abend als <strong>Einzigartige Nacht<\/strong> und als offiziellen Abschluss einer Ausgabe, die am 9. September begann und fast einen Monat lang Gesang, Tanz und Gitarre in Theater, Monumente, Innenh\u00f6fe und historische Orte Sevillas gebracht haben wird.<\/p>\n<p>Carmen Linares wird nicht allein auftreten. Sie teilt die B\u00fchne mit <strong>Marina Heredia, Mar\u00eda Terremoto und Roc\u00edo Luna<\/strong> im Gesang sowie mit <strong>Rafaela Carrasco<\/strong> im Tanz \u2013 in einer Produktion, die zugleich auf die Erinnerung an Frauen im Flamenco und auf die Generationen blickt, die dieses Erbe heute weitertragen.<\/p>\n<\/div><\/div><\/div><\/div><\/div><div class=\"vc_col-sm-6 wpb_column vc_column_container\"><div class=\"vc_column-inner\"><div class=\"wpb_wrapper\"><div class=\"wpb_text_column\"><div class=\"wpb_wrapper\"><h3>Wichtige Daten<\/h3>\n<ul>\n<li><strong>Show:<\/strong> <em>Perlas a millares<\/em><\/li>\n<li><strong>Datum:<\/strong> 3. Oktober 2026<\/li>\n<li><strong>Uhrzeit:<\/strong> 20:00<\/li>\n<li><strong>Ort:<\/strong> Teatro de la Maestranza<\/li>\n<li><strong>Format:<\/strong> Einzigartige Nacht<\/li>\n<li><strong>Anlass:<\/strong> 30. Jubil\u00e4um von <em>Antolog\u00eda de la mujer en el cante<\/em><\/li>\n<\/ul>\n<\/div><\/div><\/div><\/div><\/div><\/div><\/div><\/section><section class=\"l-section wpb_row height_huge color_alternate with_shape\"><div class=\"l-section-shape type_zigzag pos_top\" style=\"height:3vmin;\"><svg xmlns=\"http:\/\/www.w3.org\/2000\/svg\" viewBox=\"0 0 64 8\" preserveAspectRatio=\"none\" width=\"100%\" height=\"100%\">\r\n\t<path fill=\"currentColor\" d=\"M64 8 L0 8 L0 0 L20 7.9 L40 3 L48 5 L64 0 Z\"\/>\r\n<\/svg><\/div><div class=\"l-section-shape type_zigzag pos_bottom\" style=\"height:3vmin;\"><svg xmlns=\"http:\/\/www.w3.org\/2000\/svg\" viewBox=\"0 0 64 8\" preserveAspectRatio=\"none\" width=\"100%\" height=\"100%\">\r\n\t<path fill=\"currentColor\" d=\"M64 8 L0 8 L0 0 L20 7.9 L40 3 L48 5 L64 0 Z\"\/>\r\n<\/svg><\/div><div class=\"l-section-h i-cf\"><div class=\"g-cols vc_row via_flex valign_top type_default stacking_default\"><div class=\"vc_col-sm-12 wpb_column vc_column_container\"><div class=\"vc_column-inner\"><div class=\"wpb_wrapper\"><div class=\"wpb_text_column\"><div class=\"wpb_wrapper\"><blockquote>\n<p><strong>Kurzantwort:<\/strong> Carmen Linares beschlie\u00dft die Flamenco-Biennale Sevilla 2026 am Samstag, 3. Oktober, um 20:00 Uhr im Teatro de la Maestranza mit <em>Perlas a millares<\/em>, gemeinsam mit Marina Heredia, Mar\u00eda Terremoto, Roc\u00edo Luna und Rafaela Carrasco. Die Show feiert 30 Jahre <em>Antolog\u00eda de la mujer en el cante<\/em>, eines der grundlegenden Werke ihrer Karriere.<\/p>\n<\/blockquote>\n<p><strong>Letzte Aktualisierung: 2. September 2026.<\/strong> Verf\u00fcgbarkeit und einzelne Produktionsdetails k\u00f6nnen sich \u00e4ndern. Pr\u00fcfen Sie stets die offiziellen Angaben.<\/p>\n<\/div><\/div><div class=\"w-separator size_medium\"><\/div><div class=\"w-hwrapper valign_top wrap stack_on_mobiles align_center\" style=\"--hwrapper-gap:1.2rem\"><div class=\"w-btn-wrapper align_none\"><a class=\"w-btn us-btn-style_1\" href=\"https:\/\/www.tablaosflamencos.com\/de\/flamenco-biennale-sevilla-2026.html\"><span class=\"w-btn-label\">Kompletter Guide zur Biennale 2026<\/span><\/a><\/div><div class=\"w-btn-wrapper align_none\"><a class=\"w-btn us-btn-style_1\" href=\"https:\/\/www.tablaosflamencos.com\/de\/einzigartige-naechte-flamenco-biennale-sevilla-2026.html\"><span class=\"w-btn-label\">Einzigartige N\u00e4chte der Biennale<\/span><\/a><\/div><\/div><\/div><\/div><\/div><\/div><\/div><\/section><section class=\"l-section wpb_row height_huge\"><div class=\"l-section-h i-cf\"><div class=\"g-cols vc_row via_flex valign_top type_default stacking_default\"><div class=\"vc_col-sm-3 wpb_column vc_column_container\"><div class=\"vc_column-inner\"><div class=\"wpb_wrapper\"><\/div><\/div><\/div><div class=\"vc_col-sm-6 wpb_column vc_column_container\"><div class=\"vc_column-inner\"><div class=\"wpb_wrapper\"><div class=\"wpb_text_column\"><div class=\"wpb_wrapper\"><h2>Inhalt dieses Guides<\/h2>\n<ul>\n<li><a href=\"#clausura\">Warum dieser Abschluss eine besondere Bedeutung hat<\/a><\/li>\n<li><a href=\"#antologia\">30 Jahre <em>Antolog\u00eda de la mujer en el cante<\/em><\/a><\/li>\n<li><a href=\"#artistas\">Die Gastk\u00fcnstlerinnen<\/a><\/li>\n<li><a href=\"#programa\">Was in <em>Perlas a millares<\/em><\/a><\/li>\n<li><a href=\"#equipo\">gesungen wird<\/a><\/li>\n<li><a href=\"#maestranza\">K\u00fcnstlerisches und musikalisches Team<\/a><\/li>\n<li><a href=\"#entradas\">Tickets und praktische Tipps<\/a><\/li>\n<li><a href=\"#faq\">H\u00e4ufig gestellte Fragen<\/a><\/li>\n<\/ul>\n<\/div><\/div><\/div><\/div><\/div><div class=\"vc_col-sm-3 wpb_column vc_column_container\"><div class=\"vc_column-inner\"><div class=\"wpb_wrapper\"><\/div><\/div><\/div><\/div><\/div><\/section><section class=\"l-section wpb_row height_huge color_alternate with_shape\"><div class=\"l-section-shape type_zigzag pos_top\" style=\"height:3vmin;\"><svg xmlns=\"http:\/\/www.w3.org\/2000\/svg\" viewBox=\"0 0 64 8\" preserveAspectRatio=\"none\" width=\"100%\" height=\"100%\">\r\n\t<path fill=\"currentColor\" d=\"M64 8 L0 8 L0 0 L20 7.9 L40 3 L48 5 L64 0 Z\"\/>\r\n<\/svg><\/div><div class=\"l-section-shape type_zigzag pos_bottom\" style=\"height:3vmin;\"><svg xmlns=\"http:\/\/www.w3.org\/2000\/svg\" viewBox=\"0 0 64 8\" preserveAspectRatio=\"none\" width=\"100%\" height=\"100%\">\r\n\t<path fill=\"currentColor\" d=\"M64 8 L0 8 L0 0 L20 7.9 L40 3 L48 5 L64 0 Z\"\/>\r\n<\/svg><\/div><div class=\"l-section-h i-cf\"><div class=\"g-cols vc_row via_flex valign_top type_default stacking_default\"><div class=\"vc_col-sm-6 wpb_column vc_column_container\"><div class=\"vc_column-inner\"><div class=\"wpb_wrapper\"><div class=\"wpb_text_column\"><div class=\"wpb_wrapper\"><h2 id=\"clausura\">Ein Abschlussabend im Zeichen der Erinnerung<\/h2>\n<p>Die Wahl von Carmen Linares f\u00fcr den Abschluss der Biennale 2026 bedeutet weit mehr als nur den Prestigegewinn ihres Namens. Die S\u00e4ngerin geh\u00f6rt zu einer Generation, die entscheidend zur Modernisierung und internationalen Ausstrahlung des Flamenco beigetragen hat, und ihre Laufbahn ist mit einigen der zentralen Kapitel des Genres in den vergangenen Jahrzehnten verbunden.<\/p>\n<p>Der Abschluss folgt zudem auf eine Ausgabe mit besonders starkem Fokus auf den Gesang. Die Biennale selbst hat auf mehr als hundert Stimmen im Programm hingewiesen \u2013 von gro\u00dfen Meistern bis zu jungen Interpretinnen und Interpreten. Dass die letzte Nacht Carmen Linares geh\u00f6rt, verst\u00e4rkt die Idee der Kontinuit\u00e4t: eine historische Figur, die Raum schafft und Repertoire mit K\u00fcnstlerinnen verschiedener Generationen teilt.<\/p>\n<p><em>Perlas a millares<\/em> funktioniert damit sowohl als Festivalfinale als auch als Geste der Weitergabe. Es geht nicht nur darum, ein altes Album erneut aufzugreifen: Die Produktion kehrt zu einem Repertoire zur\u00fcck, das aus den Stimmen und Stilen bedeutender Frauen des Flamenco entstanden ist, und bringt es auf eine gro\u00dfe zeitgen\u00f6ssische B\u00fchne.<\/p>\n<\/div><\/div><\/div><\/div><\/div><div class=\"vc_col-sm-6 wpb_column vc_column_container\"><div class=\"vc_column-inner\"><div class=\"wpb_wrapper\"><div class=\"wpb_text_column\"><div class=\"wpb_wrapper\"><h3>Der letzte gro\u00dfe Akt der XXIV. Biennale<\/h3>\n<p>Die Vorstellung am 3. Oktober ist der letzte Termin des Hauptprogramms. Am Vortag wird die Biennale ihre letzten Premieren an anderen Orten der Stadt pr\u00e4sentiert haben; am folgenden Abend b\u00fcndelt der Maestranza den institutionellen und k\u00fcnstlerischen Abschluss der Ausgabe.<\/p>\n<p>Deshalb wurde die Show in die Reihe der <strong>Einzigartigen N\u00e4chte<\/strong>aufgenommen, die Produktionen als einmalige Ereignisse zusammenf\u00fchrt. In diesem Fall beruht der besondere Charakter auf dem Jubil\u00e4um, der Zusammenkunft der K\u00fcnstlerinnen und dem historischen Gewicht des Repertoires.<\/p>\n<\/div><\/div><\/div><\/div><\/div><\/div><\/div><\/section><section class=\"l-section wpb_row height_huge\"><div class=\"l-section-h i-cf\"><div class=\"g-cols vc_row via_flex valign_top type_default stacking_default\"><div class=\"vc_col-sm-6 wpb_column vc_column_container\"><div class=\"vc_column-inner\"><div class=\"wpb_wrapper\"><div class=\"wpb_text_column\"><div class=\"wpb_wrapper\"><h2 id=\"antologia\">30 Jahre <em>Antolog\u00eda de la mujer en el cante<\/em><\/h2>\n<p>1996 ver\u00f6ffentlichte Carmen Linares <em>Antolog\u00eda de la mujer en el cante<\/em>, ein Projekt, das Repertoires gro\u00dfer S\u00e4ngerinnen der Geschichte wiederentdeckte und neu interpretierte. Die Aufnahme erschien in einer besonders fruchtbaren Phase des Flamenco, in der starke \u00e4sthetische Erneuerung mit einem zunehmend bewussten Blick auf Schallplattenerbe und Tradition zusammentraf.<\/p>\n<p>Die Biennale erinnert daran, dass an dem Album Gitarristen wie <strong>Vicente Amigo, Tomatito, Rafael Riqueni und Mora\u00edto<\/strong>beteiligt waren. Das Album wurde zu einem zentralen Bezugspunkt in der Diskografie von Carmen Linares und zu einem der meistgenannten Werke, wenn es um die Rolle von Frauen in der Geschichte des Flamenco-Gesangs geht.<\/p>\n<p>Drei\u00dfig Jahre sp\u00e4ter kehrt <em>Perlas a millares<\/em> zu diesem Material zur\u00fcck \u2013 nicht als w\u00f6rtliche Rekonstruktion, sondern als B\u00fchnenhommage. Carmen Linares w\u00e4hlt zentrale Stile des Albums aus und teilt sie mit heutigen Stimmen, die unterschiedliche Wege im Flamenco repr\u00e4sentieren.<\/p>\n<\/div><\/div><\/div><\/div><\/div><div class=\"vc_col-sm-6 wpb_column vc_column_container\"><div class=\"vc_column-inner\"><div class=\"wpb_wrapper\"><div class=\"wpb_text_column\"><div class=\"wpb_wrapper\"><h3>Warum war dieses Album wichtig?<\/h3>\n<p>Der Wert des Werks liegt sowohl im Repertoire als auch in seinem Konzept. Die Anthologie r\u00fcckte S\u00e4ngerinnen und Sch\u00f6pferinnen in den Mittelpunkt, die h\u00e4ufig nur verstreut in m\u00fcndlicher \u00dcberlieferung, historischen Aufnahmen oder Fachquellen pr\u00e4sent waren.<\/p>\n<p>Namen wie <strong>Ni\u00f1a de los Peines, La Mejorana, La Trini, La Serneta, La Repompa oder Perla de C\u00e1diz<\/strong> wurden in einem gemeinsamen k\u00fcnstlerischen Zusammenhang verbunden. Carmen Linares zitierte diese Repertoires nicht nur, sondern interpretierte sie durch ihre eigene Pers\u00f6nlichkeit neu und half damit neuen Generationen, sie wieder zu h\u00f6ren und zu studieren.<\/p>\n<p>Die Feier zum 30. Jubil\u00e4um bei der Biennale r\u00fcckt diese weibliche Genealogie erneut ins Zentrum.<\/p>\n<\/div><\/div><\/div><\/div><\/div><\/div><\/div><\/section><section class=\"l-section wpb_row height_huge color_alternate with_shape\"><div class=\"l-section-shape type_zigzag pos_top\" style=\"height:3vmin;\"><svg xmlns=\"http:\/\/www.w3.org\/2000\/svg\" viewBox=\"0 0 64 8\" preserveAspectRatio=\"none\" width=\"100%\" height=\"100%\">\r\n\t<path fill=\"currentColor\" d=\"M64 8 L0 8 L0 0 L20 7.9 L40 3 L48 5 L64 0 Z\"\/>\r\n<\/svg><\/div><div class=\"l-section-shape type_zigzag pos_bottom\" style=\"height:3vmin;\"><svg xmlns=\"http:\/\/www.w3.org\/2000\/svg\" viewBox=\"0 0 64 8\" preserveAspectRatio=\"none\" width=\"100%\" height=\"100%\">\r\n\t<path fill=\"currentColor\" d=\"M64 8 L0 8 L0 0 L20 7.9 L40 3 L48 5 L64 0 Z\"\/>\r\n<\/svg><\/div><div class=\"l-section-h i-cf\"><div class=\"g-cols vc_row via_flex valign_top type_default stacking_default\"><div class=\"vc_col-sm-12 wpb_column vc_column_container\"><div class=\"vc_column-inner\"><div class=\"wpb_wrapper\"><div class=\"wpb_text_column\"><div class=\"wpb_wrapper\"><h2 id=\"artistas\">Carmen Linares mit Marina Heredia, Mar\u00eda Terremoto, Roc\u00edo Luna und Rafaela Carrasco<\/h2>\n<p>Einer der gr\u00f6\u00dften Reize von <em>Perlas a millares<\/em> liegt in der Zusammenkunft der K\u00fcnstlerinnen. Carmen Linares steht im Mittelpunkt, doch die Show ist als Dialog zwischen Generationen gedacht.<\/p>\n<p><strong>Marina Heredia<\/strong> bringt eine der markantesten Stimmen des heutigen Flamenco mit und kommt zum Abschluss, nachdem sie am 1. Oktober ihr eigenes Konzert mit dem K\u00f6niglichen Symphonieorchester von Sevilla gegeben hat. <strong>Mar\u00eda Terremoto<\/strong> steht f\u00fcr eine Linie, die unmittelbar mit der Gesangstradition von Jerez verbunden ist. <strong>Roc\u00edo Luna<\/strong>, Gewinnerin der L\u00e1mpara Minera 2023, verk\u00f6rpert eine noch j\u00fcngere Generation und teilt in dieser Ausgabe die B\u00fchne mit einer der gro\u00dfen Meisterinnen des Flamenco-Gesangs.<\/p>\n<p>F\u00fcr den Tanz sorgt <strong>Rafaela Carrasco<\/strong>, eine erfahrene Choreografin und T\u00e4nzerin, deren Pr\u00e4senz die Show \u00fcber das reine Konzertformat hinaus erweitert. Das Zusammenspiel von Gesang, Gitarre und Tanz verst\u00e4rkt die Idee einer lebendigen Anthologie im B\u00fchnensprachstil von 2026.<\/p>\n<\/div><\/div><\/div><\/div><\/div><\/div><\/div><\/section><section class=\"l-section wpb_row height_huge\"><div class=\"l-section-h i-cf\"><div class=\"g-cols vc_row via_flex valign_top type_default stacking_default\"><div class=\"vc_col-sm-6 wpb_column vc_column_container\"><div class=\"vc_column-inner\"><div class=\"wpb_wrapper\"><div class=\"wpb_text_column\"><div class=\"wpb_wrapper\"><h2 id=\"programa\">Das Programm: eine Reise durch Stile und historische S\u00e4ngerinnen<\/h2>\n<p>Das offizielle Programm der Biennale beschreibt eine besonders breite musikalische Reise. Zum Repertoire geh\u00f6ren <strong>Fandangos aus Lucena und Ronde\u00f1a<\/strong>, verbunden mit Dolores de la Huerta und Concha la Pe\u00f1aranda; <strong>Alegr\u00edas und Cantinas<\/strong> in Verbindung mit Ni\u00f1a de los Peines, La Mejorana und Rosario la del Colorao; sowie <strong>Tientos<\/strong> aus dem Umfeld von Pastora Pav\u00f3n.<\/p>\n<p>Au\u00dferdem gibt es <strong>Bamberas und Fandangos aus Huelva<\/strong>, einen instrumentalen Abschnitt, <strong>Grana\u00edna, Malague\u00f1a und Taranta<\/strong>, au\u00dferdem <strong>Buler\u00eda por sole\u00e1<\/strong>, Tangos, Seguiriyas, Buler\u00edas und Ton\u00e1s.<\/p>\n<p>Das Programm will nicht s\u00e4mtliche Flamenco-Palos abbilden, sondern eine Auswahl von Stilen wiederaufnehmen, die mit Frauen verbunden sind, die den Gesang entscheidend gepr\u00e4gt haben. Die Vielfalt gibt den Gastk\u00fcnstlerinnen zugleich unterschiedliche R\u00e4ume innerhalb der Show.<\/p>\n<\/div><\/div><\/div><\/div><\/div><div class=\"vc_col-sm-6 wpb_column vc_column_container\"><div class=\"vc_column-inner\"><div class=\"wpb_wrapper\"><div class=\"wpb_text_column\"><div class=\"wpb_wrapper\"><h3>Einige der weiblichen Bezugspunkte des Repertoires<\/h3>\n<ul>\n<li>Ni\u00f1a de los Peines<\/li>\n<li>La Mejorana<\/li>\n<li>Rosario la del Colorao<\/li>\n<li>Mar\u00eda la Conejilla<\/li>\n<li>Juana Mar\u00eda<\/li>\n<li>T\u00eda Marina Habichuela<\/li>\n<li>La Trini<\/li>\n<li>La Serneta<\/li>\n<li>La Moreno<\/li>\n<li>La Jilica de Marchena<\/li>\n<li>La Repompa<\/li>\n<li>Perla de C\u00e1diz<\/li>\n<li>Antonia Pozo<\/li>\n<li>Juana Cruz<\/li>\n<\/ul>\n<p>Der Titel <em>Perlas a millares<\/em> passt besonders gut zu einer Produktion, die genau aus dieser Summe von Stimmen, Stilen und Erinnerungen entsteht.<\/p>\n<\/div><\/div><\/div><\/div><\/div><\/div><\/div><\/section><section class=\"l-section wpb_row height_huge color_alternate with_shape\"><div class=\"l-section-shape type_zigzag pos_top\" style=\"height:3vmin;\"><svg xmlns=\"http:\/\/www.w3.org\/2000\/svg\" viewBox=\"0 0 64 8\" preserveAspectRatio=\"none\" width=\"100%\" height=\"100%\">\r\n\t<path fill=\"currentColor\" d=\"M64 8 L0 8 L0 0 L20 7.9 L40 3 L48 5 L64 0 Z\"\/>\r\n<\/svg><\/div><div class=\"l-section-shape type_zigzag pos_bottom\" style=\"height:3vmin;\"><svg xmlns=\"http:\/\/www.w3.org\/2000\/svg\" viewBox=\"0 0 64 8\" preserveAspectRatio=\"none\" width=\"100%\" height=\"100%\">\r\n\t<path fill=\"currentColor\" d=\"M64 8 L0 8 L0 0 L20 7.9 L40 3 L48 5 L64 0 Z\"\/>\r\n<\/svg><\/div><div class=\"l-section-h i-cf\"><div class=\"g-cols vc_row via_flex valign_top type_default stacking_default\"><div class=\"vc_col-sm-6 wpb_column vc_column_container\"><div class=\"vc_column-inner\"><div class=\"wpb_wrapper\"><div class=\"wpb_text_column\"><div class=\"wpb_wrapper\"><h2 id=\"equipo\">Das musikalische Team von <em>Perlas a millares<\/em><\/h2>\n<p>Die musikalische Leitung \u00fcbernimmt <strong>Carmen Linares<\/strong>. An den Gitarren spielen <strong>Salvador Guti\u00e9rrez<\/strong> und <strong>Edu Esp\u00edn<\/strong>; <strong>Pablo Su\u00e1rez<\/strong> \u00fcbernimmt das Klavier und <strong>Dani Su\u00e1rez<\/strong> die Perkussion.<\/p>\n<p>F\u00fcr Ch\u00f6re und Palmas sind <strong>Ana Mar\u00eda Gonz\u00e1lez<\/strong> und <strong>Rosario Amador<\/strong>zust\u00e4ndig. Das Sounddesign \u00fcbernehmen \u00c1lvaro Barco und Miguel Torroja, das Licht Antonio Valiente. Lourdes Garc\u00eda zeichnet f\u00fcr die Produktion verantwortlich und <strong>Miguel Esp\u00edn Pacheco<\/strong> f\u00fcr die k\u00fcnstlerische Koordination.<\/p>\n<p>Das Team ist darauf ausgelegt, eine gro\u00dfe Produktion zu tragen, ohne das Zentrum des Projekts aus den Augen zu verlieren: den Gesang und die Erinnerung dieses Repertoires.<\/p>\n<\/div><\/div><\/div><\/div><\/div><div class=\"vc_col-sm-6 wpb_column vc_column_container\"><div class=\"vc_column-inner\"><div class=\"wpb_wrapper\"><div class=\"wpb_text_column\"><div class=\"wpb_wrapper\"><h2 id=\"maestranza\">Teatro de la Maestranza: B\u00fchne des Abschlusses<\/h2>\n<p>Das <strong>Teatro de la Maestranza<\/strong> ist einer der zentralen Orte der Biennale 2026. Sara Baras, Jos\u00e9 Merc\u00e9, Israel Galv\u00e1n, Farruquito, Marina Heredia und weitere K\u00fcnstler treten dort auf, bevor Carmen Linares die Ausgabe beschlie\u00dft.<\/p>\n<p>Seine technischen M\u00f6glichkeiten und seine Gr\u00f6\u00dfe erlauben Produktionen mit gro\u00dfer B\u00fchnenfl\u00e4che, komplexem Licht und starker Akustik. F\u00fcr einen Abschluss wie <em>Perlas a millares<\/em>verleiht der Ort zudem eine zeremonielle Dimension, die zum Charakter des Tributs und zum Ende der Ausgabe passt.<\/p>\n<p>Wenn Sie diesen Saal mit anderen Spielst\u00e4tten vergleichen m\u00f6chten, lesen Sie unseren Guide zu den <a href=\"https:\/\/www.tablaosflamencos.com\/espacios-espectaculares-bienal-flamenco-sevilla-2026.html\">spektakul\u00e4rsten Spielst\u00e4tten der Biennale 2026<\/a>.<\/p>\n<\/div><\/div><\/div><\/div><\/div><\/div><\/div><\/section><section class=\"l-section wpb_row height_huge\"><div class=\"l-section-h i-cf\"><div class=\"g-cols vc_row via_flex valign_top type_default stacking_default\"><div class=\"vc_col-sm-12 wpb_column vc_column_container\"><div class=\"vc_column-inner\"><div class=\"wpb_wrapper\"><div class=\"wpb_text_column\"><div class=\"wpb_wrapper\"><h2 id=\"entradas\">Tickets und Tipps f\u00fcr den Abschlussabend<\/h2>\n<p>Die Vorstellung ist angesetzt f\u00fcr <strong>Samstag, 3. Oktober, um 20:00 Uhr<\/strong>. Da es sich um den Abschluss und eine Einzigartige Nacht handelt, sollte man den Ticketkauf nicht bis zum letzten Moment aufschieben.<\/p>\n<p>Bei mehreren Hauptveranstaltungen der Biennale war die Nachfrage sehr hoch, und im Teatro de la Maestranza finden einige der publikumsst\u00e4rksten Termine statt. Pr\u00fcfen Sie vor dem Kauf stets die aktuelle Verf\u00fcgbarkeit und den konkreten Sitzbereich \u00fcber die offiziellen Kan\u00e4le.<\/p>\n<p>Zum Vergleich von Preisen, Rabatten und Verkaufsbedingungen lesen Sie unseren Guide zu <a href=\"https:\/\/www.tablaosflamencos.com\/bienal-flamenco-2026-entradas-precios-descuentos.html\">Tickets, Preisen und Rabatten der Biennale 2026<\/a>. Falls eine bestimmte Show ausverkauft ist, haben wir au\u00dferdem einen Guide dazu vorbereitet, <a href=\"https:\/\/www.tablaosflamencos.com\/bienal-flamenco-2026-entradas-agotadas-que-ver.html\">was Sie tun k\u00f6nnen, wenn Sie keine Tickets f\u00fcr die Biennale finden<\/a>.<\/p>\n<p>Wenn Sie den Abend in Sevilla verl\u00e4ngern m\u00f6chten, sehen Sie auch unsere Auswahl zum <a href=\"https:\/\/www.tablaosflamencos.com\/flamenco-en-sevilla\">Flamenco in Sevilla<\/a> au\u00dferhalb des offiziellen Festivalprogramms.<\/p>\n<\/div><\/div><div class=\"w-separator size_medium\"><\/div><div class=\"w-hwrapper valign_top wrap stack_on_mobiles align_center\" style=\"--hwrapper-gap:1.2rem\"><div class=\"w-btn-wrapper align_none\"><a class=\"w-btn us-btn-style_1\" href=\"https:\/\/www.tablaosflamencos.com\/de\/flamenco-biennale-sevilla-2026-tickets-preise-rabatte.html\"><span class=\"w-btn-label\">Tickets, Preise und Rabatte<\/span><\/a><\/div><div class=\"w-btn-wrapper align_none\"><a class=\"w-btn us-btn-style_1\" href=\"https:\/\/www.tablaosflamencos.com\/de\/flamenco-in-sevilla\"><span class=\"w-btn-label\">Flamenco in Sevilla sehen<\/span><\/a><\/div><\/div><\/div><\/div><\/div><\/div><\/div><\/section><section class=\"l-section wpb_row height_huge color_alternate with_shape\"><div class=\"l-section-shape type_zigzag pos_top\" style=\"height:3vmin;\"><svg xmlns=\"http:\/\/www.w3.org\/2000\/svg\" viewBox=\"0 0 64 8\" preserveAspectRatio=\"none\" width=\"100%\" height=\"100%\">\r\n\t<path fill=\"currentColor\" d=\"M64 8 L0 8 L0 0 L20 7.9 L40 3 L48 5 L64 0 Z\"\/>\r\n<\/svg><\/div><div class=\"l-section-shape type_zigzag pos_bottom\" style=\"height:3vmin;\"><svg xmlns=\"http:\/\/www.w3.org\/2000\/svg\" viewBox=\"0 0 64 8\" preserveAspectRatio=\"none\" width=\"100%\" height=\"100%\">\r\n\t<path fill=\"currentColor\" d=\"M64 8 L0 8 L0 0 L20 7.9 L40 3 L48 5 L64 0 Z\"\/>\r\n<\/svg><\/div><div class=\"l-section-h i-cf\"><div class=\"g-cols vc_row via_flex valign_top type_default stacking_default\"><div class=\"vc_col-sm-12 wpb_column vc_column_container\"><div class=\"vc_column-inner\"><div class=\"wpb_wrapper\"><div class=\"wpb_text_column\"><div class=\"wpb_wrapper\"><h2 style=\"text-align: center;\">Ein stimmiger Abschluss der Biennale<\/h2>\n<p style=\"text-align: center;\">Der Abschluss 2026 ist nicht als Zusammenfassung der Ausgabe gedacht, sondern als eigenst\u00e4ndige k\u00fcnstlerische Aussage. Carmen Linares kehrt zu dem Album zur\u00fcck, das ihre Karriere ver\u00e4nderte, und macht daraus eine gemeinsame Feier der Frauen, die einen wesentlichen Teil des Flamenco-Gesangs gepr\u00e4gt haben.<\/p>\n<p style=\"text-align: center;\">Die Anwesenheit von Marina Heredia, Mar\u00eda Terremoto, Roc\u00edo Luna und Rafaela Carrasco verhindert, dass der Tribut in Nostalgie stecken bleibt. Das Ergebnis zielt auf etwas anderes: zu zeigen, wie ein historisches Repertoire von einer Generation zur n\u00e4chsten weitergegeben werden kann, ohne Tiefe oder Identit\u00e4t zu verlieren.<\/p>\n<p style=\"text-align: center;\">Nach fast einem Monat Programm <em>Perlas a millares<\/em> setzt den letzten Comp\u00e1s der XXIV. Biennale. Und es blickt zur\u00fcck, um gerade dadurch zu erkl\u00e4ren, warum diese Vergangenheit im Flamenco von heute lebendig bleibt.<\/p>\n<\/div><\/div><\/div><\/div><\/div><\/div><\/div><\/section><section class=\"l-section wpb_row height_huge\"><div class=\"l-section-h i-cf\"><div class=\"g-cols vc_row via_flex valign_top type_default stacking_default\"><div class=\"vc_col-sm-1\/5 wpb_column vc_column_container\"><div class=\"vc_column-inner\"><div class=\"wpb_wrapper\"><\/div><\/div><\/div><div class=\"vc_col-sm-3\/5 wpb_column vc_column_container\"><div class=\"vc_column-inner\"><div class=\"wpb_wrapper\"><div class=\"wpb_text_column\"><div class=\"wpb_wrapper\"><h2 id=\"faq\" style=\"text-align: center;\">H\u00e4ufig gestellte Fragen zu Carmen Linares und <em>Perlas a millares<\/em><\/h2>\n<\/div><\/div><div class=\"w-separator size_medium\"><\/div><div class=\"w-tabs accordion toggle_style_1 has_scrolling\" style=\"--sections-title-size:inherit;--sections-gap:0.5rem;\"><div class=\"w-tabs-sections titles-align_none icon_chevron cpos_right\"><div class=\"w-tabs-section\" id=\"m99b\"><button type=\"button\" class=\"w-tabs-section-header\" aria-controls=\"content-m99b\" aria-expanded=\"false\"><div class=\"w-tabs-section-title\">Wann tritt Carmen Linares bei der Biennale 2026 auf?<\/div><div class=\"w-tabs-section-control\"><\/div><\/button><div  class=\"w-tabs-section-content\" id=\"content-m99b\"><div class=\"w-tabs-section-content-h i-cf\"><div class=\"wpb_text_column\"><div class=\"wpb_wrapper\"><p>Carmen Linares tritt am Samstag, 3. Oktober 2026, um 20:00 Uhr im Teatro de la Maestranza auf.<\/p>\n<\/div><\/div><\/div><\/div><\/div><div class=\"w-tabs-section\" id=\"taf8\"><button type=\"button\" class=\"w-tabs-section-header\" aria-controls=\"content-taf8\" aria-expanded=\"false\"><div class=\"w-tabs-section-title\">Ist Perlas a millares die Abschlussveranstaltung der Biennale?<\/div><div class=\"w-tabs-section-control\"><\/div><\/button><div  class=\"w-tabs-section-content\" id=\"content-taf8\"><div class=\"w-tabs-section-content-h i-cf\"><div class=\"wpb_text_column\"><div class=\"wpb_wrapper\"><p>Ja. Es ist der letzte Termin des Hauptprogramms und wird von der Biennale als Abschlussveranstaltung ihrer XXIV. Ausgabe pr\u00e4sentiert.<\/p>\n<\/div><\/div><\/div><\/div><\/div><div class=\"w-tabs-section\" id=\"uc36\"><button type=\"button\" class=\"w-tabs-section-header\" aria-controls=\"content-uc36\" aria-expanded=\"false\"><div class=\"w-tabs-section-title\">Was feiert Perlas a millares?<\/div><div class=\"w-tabs-section-control\"><\/div><\/button><div  class=\"w-tabs-section-content\" id=\"content-uc36\"><div class=\"w-tabs-section-content-h i-cf\"><div class=\"wpb_text_column\"><div class=\"wpb_wrapper\"><p>Die Show feiert das 30. Jubil\u00e4um von <em>Antolog\u00eda de la mujer en el cante<\/em>, dem 1996 von Carmen Linares ver\u00f6ffentlichten Album.<\/p>\n<\/div><\/div><\/div><\/div><\/div><div class=\"w-tabs-section\" id=\"jd2b\"><button type=\"button\" class=\"w-tabs-section-header\" aria-controls=\"content-jd2b\" aria-expanded=\"false\"><div class=\"w-tabs-section-title\">Welche K\u00fcnstlerinnen begleiten Carmen Linares?<\/div><div class=\"w-tabs-section-control\"><\/div><\/button><div  class=\"w-tabs-section-content\" id=\"content-jd2b\"><div class=\"w-tabs-section-content-h i-cf\"><div class=\"wpb_text_column\"><div class=\"wpb_wrapper\"><p>Als G\u00e4ste wirken Marina Heredia, Mar\u00eda Terremoto und Roc\u00edo Luna im Gesang sowie Rafaela Carrasco im Tanz mit.<\/p>\n<\/div><\/div><\/div><\/div><\/div><div class=\"w-tabs-section\" id=\"jdfd\"><button type=\"button\" class=\"w-tabs-section-header\" aria-controls=\"content-jdfd\" aria-expanded=\"false\"><div class=\"w-tabs-section-title\">Welche Flamenco-Palos stehen im Programm?<\/div><div class=\"w-tabs-section-control\"><\/div><\/button><div  class=\"w-tabs-section-content\" id=\"content-jdfd\"><div class=\"w-tabs-section-content-h i-cf\"><div class=\"wpb_text_column\"><div class=\"wpb_wrapper\"><p>Das Programm umfasst unter anderem Fandangos, Ronde\u00f1a, Alegr\u00edas, Cantinas, Tientos, Bamberas, Grana\u00edna, Malague\u00f1a, Taranta, Buler\u00eda por sole\u00e1, Tangos, Seguiriyas, Buler\u00edas und Ton\u00e1s.<\/p>\n<\/div><\/div><\/div><\/div><\/div><div class=\"w-tabs-section\" id=\"jed1\"><button type=\"button\" class=\"w-tabs-section-header\" aria-controls=\"content-jed1\" aria-expanded=\"false\"><div class=\"w-tabs-section-title\">Wo findet die Show statt?<\/div><div class=\"w-tabs-section-control\"><\/div><\/button><div  class=\"w-tabs-section-content\" id=\"content-jed1\"><div class=\"w-tabs-section-content-h i-cf\"><div class=\"wpb_text_column\"><div class=\"wpb_wrapper\"><p>Im Teatro de la Maestranza in Sevilla, einer der wichtigsten gro\u00dfen Spielst\u00e4tten der Biennale 2026.<\/p>\n<\/div><\/div><\/div><\/div><\/div><div class=\"w-tabs-section\" id=\"vfb1\"><button type=\"button\" class=\"w-tabs-section-header\" aria-controls=\"content-vfb1\" aria-expanded=\"false\"><div class=\"w-tabs-section-title\">Ist es eine Einzigartige Nacht?<\/div><div class=\"w-tabs-section-control\"><\/div><\/button><div  class=\"w-tabs-section-content\" id=\"content-vfb1\"><div class=\"w-tabs-section-content-h i-cf\"><div class=\"wpb_text_column\"><div class=\"wpb_wrapper\"><p>Ja. Die Biennale f\u00fchrt <em>Perlas a millares<\/em> im Programm ihrer Einzigartigen N\u00e4chte.<\/p>\n<\/div><\/div><\/div><\/div><\/div><div class=\"w-tabs-section\" id=\"w08e\"><button type=\"button\" class=\"w-tabs-section-header\" aria-controls=\"content-w08e\" aria-expanded=\"false\"><div class=\"w-tabs-section-title\">Wo kann man Tickets kaufen?<\/div><div class=\"w-tabs-section-control\"><\/div><\/button><div  class=\"w-tabs-section-content\" id=\"content-w08e\"><div class=\"w-tabs-section-content-h i-cf\"><div class=\"wpb_text_column\"><div class=\"wpb_wrapper\"><p>Tickets sollten \u00fcber die offiziellen Kan\u00e4le der Biennale und des Teatro de la Maestranza gekauft werden. Pr\u00fcfen Sie Verf\u00fcgbarkeit und Preise vor der Anreise.<\/p>\n<\/div><\/div><\/div><\/div><\/div><\/div><\/div><\/div><\/div><\/div><div class=\"vc_col-sm-1\/5 wpb_column vc_column_container\"><div class=\"vc_column-inner\"><div class=\"wpb_wrapper\"><\/div><\/div><\/div><\/div><\/div><\/section><section class=\"l-section wpb_row height_huge\"><div class=\"l-section-h i-cf\"><div class=\"g-cols vc_row via_flex valign_top type_default stacking_default\"><div class=\"vc_col-sm-12 wpb_column vc_column_container\"><div class=\"vc_column-inner\"><div class=\"wpb_wrapper\"><div class=\"wpb_text_column\"><div class=\"wpb_wrapper\"><h3>Quellen und Aktualisierung<\/h3>\n<p>Die Angaben wurden mit dem offiziellen Programm der XXIV. Flamenco-Biennale von Sevilla und dem Eintrag zu <em>Perlas a millares<\/em>abgeglichen. Stand: 2. September 2026. Die Organisation kann Uhrzeiten, Verf\u00fcgbarkeit oder Produktionsdetails \u00e4ndern.<\/p>\n<\/div><\/div><\/div><\/div><\/div><\/div><\/div><\/section>\n","protected":false},"excerpt":{"rendered":"<p>Carmen Linares beschlie\u00dft die Flamenco-Biennale Sevilla 2026 mit Perlas a millares, einer einmaligen Nacht zum 30. Jubil\u00e4um von Antolog\u00eda de la mujer en el cante.<\/p>\n","protected":false},"author":1,"featured_media":14103,"comment_status":"closed","ping_status":"closed","sticky":false,"template":"","format":"standard","meta":{"_acf_changed":false,"wpai_generated_summary":"","_ayudawp_aiss_exclude":false,"_ayudawp_aiss_exclude_summary":false,"_ayudawp_aiss_summary":"","_ayudawp_aiss_summary_provider":"","_ayudawp_aiss_summary_hash":"","footnotes":""},"categories":[1431],"tags":[1244,1245,1246,1895,1247,1166,1412,405],"class_list":["post-14108","post","type-post","status-publish","format-standard","has-post-thumbnail","hentry","category-flamenco-biennale","tag-agenda-flamenca","tag-bienal-2026","tag-bienal-de-flamenco","tag-carmen-linares-de","tag-festivales-flamencos","tag-flamenco-en-sevilla","tag-flamenco-gesang","tag-sevilla"],"acf":[],"yoast_head":"<!-- This site is optimized with the Yoast SEO Premium plugin v28.4 (Yoast SEO v28.4) - https:\/\/yoast.com\/product\/yoast-seo-premium-wordpress\/ -->\n<title>Carmen Linares bei der Biennale 2026: Perlas a millares<\/title>\n<meta name=\"description\" content=\"Carmen Linares beschlie\u00dft die Flamenco-Biennale Sevilla 2026 mit Perlas a millares: Datum, K\u00fcnstlerinnen, Programm, 30. Jubil\u00e4um und Tickets.\" \/>\n<meta name=\"robots\" content=\"index, follow, max-snippet:-1, max-image-preview:large, max-video-preview:-1\" \/>\n<link rel=\"canonical\" href=\"https:\/\/www.tablaosflamencos.com\/de\/carmen-linares-flamenco-biennale-sevilla-2026-perlas-a-millares.html\" \/>\n<meta property=\"og:locale\" content=\"de_DE\" \/>\n<meta property=\"og:type\" content=\"article\" \/>\n<meta property=\"og:title\" content=\"Carmen Linares beschlie\u00dft die Biennale 2026: Perlas a millares\" \/>\n<meta property=\"og:description\" content=\"Carmen Linares beschlie\u00dft die Flamenco-Biennale Sevilla 2026 mit Perlas a millares: Datum, K\u00fcnstlerinnen, Programm, 30. Jubil\u00e4um und Tickets.\" \/>\n<meta property=\"og:url\" content=\"https:\/\/www.tablaosflamencos.com\/de\/carmen-linares-flamenco-biennale-sevilla-2026-perlas-a-millares.html\" \/>\n<meta property=\"og:site_name\" content=\"Tablaos Flamencos\" \/>\n<meta property=\"article:publisher\" content=\"https:\/\/www.facebook.com\/tablaosflamencos\" \/>\n<meta property=\"article:published_time\" content=\"2026-09-02T23:13:43+00:00\" \/>\n<meta property=\"article:modified_time\" content=\"2026-09-02T23:32:47+00:00\" \/>\n<meta property=\"og:image\" content=\"https:\/\/www.tablaosflamencos.com\/wp-content\/uploads\/carmen-linares-cerrara-la-bienal-2026-perlas-a-millares-01.webp\" \/>\n\t<meta property=\"og:image:width\" content=\"1672\" \/>\n\t<meta property=\"og:image:height\" content=\"941\" \/>\n\t<meta property=\"og:image:type\" content=\"image\/webp\" \/>\n<meta name=\"author\" content=\"Miguel Ortiz\" \/>\n<meta name=\"twitter:card\" content=\"summary_large_image\" \/>\n<meta name=\"twitter:creator\" content=\"@tablaosflamenco\" \/>\n<meta name=\"twitter:site\" content=\"@tablaosflamenco\" \/>\n<meta name=\"twitter:label1\" content=\"Verfasst von\" \/>\n\t<meta name=\"twitter:data1\" content=\"Miguel Ortiz\" \/>\n\t<meta name=\"twitter:label2\" content=\"Gesch\u00e4tzte Lesezeit\" \/>\n\t<meta name=\"twitter:data2\" content=\"13\u00a0Minuten\" \/>\n<script type=\"application\/ld+json\" class=\"yoast-schema-graph\">{\"@context\":\"https:\\\/\\\/schema.org\",\"@graph\":[{\"@type\":\"Article\",\"@id\":\"https:\\\/\\\/www.tablaosflamencos.com\\\/de\\\/carmen-linares-flamenco-biennale-sevilla-2026-perlas-a-millares.html#article\",\"isPartOf\":{\"@id\":\"https:\\\/\\\/www.tablaosflamencos.com\\\/de\\\/carmen-linares-flamenco-biennale-sevilla-2026-perlas-a-millares.html\"},\"author\":{\"name\":\"Miguel Ortiz\",\"@id\":\"https:\\\/\\\/www.tablaosflamencos.com\\\/de#\\\/schema\\\/person\\\/e7a9ebe14eb75a52ceabfbffb3c54f5d\"},\"headline\":\"Carmen Linares beschlie\u00dft die Biennale 2026: Perlas a millares\",\"datePublished\":\"2026-09-02T23:13:43+00:00\",\"dateModified\":\"2026-09-02T23:32:47+00:00\",\"mainEntityOfPage\":{\"@id\":\"https:\\\/\\\/www.tablaosflamencos.com\\\/de\\\/carmen-linares-flamenco-biennale-sevilla-2026-perlas-a-millares.html\"},\"wordCount\":2650,\"publisher\":{\"@id\":\"https:\\\/\\\/www.tablaosflamencos.com\\\/de#organization\"},\"image\":{\"@id\":\"https:\\\/\\\/www.tablaosflamencos.com\\\/de\\\/carmen-linares-flamenco-biennale-sevilla-2026-perlas-a-millares.html#primaryimage\"},\"thumbnailUrl\":\"https:\\\/\\\/www.tablaosflamencos.com\\\/wp-content\\\/uploads\\\/carmen-linares-cerrara-la-bienal-2026-perlas-a-millares-01.webp\",\"keywords\":[\"agenda flamenca\",\"Bienal 2026\",\"Bienal de Flamenco\",\"Carmen Linares\",\"festivales flamencos\",\"flamenco en Sevilla\",\"Flamenco-Gesang\",\"sevilla\"],\"articleSection\":[\"Flamenco-Biennale\"],\"inLanguage\":\"de\"},{\"@type\":\"WebPage\",\"@id\":\"https:\\\/\\\/www.tablaosflamencos.com\\\/de\\\/carmen-linares-flamenco-biennale-sevilla-2026-perlas-a-millares.html\",\"url\":\"https:\\\/\\\/www.tablaosflamencos.com\\\/de\\\/carmen-linares-flamenco-biennale-sevilla-2026-perlas-a-millares.html\",\"name\":\"Carmen Linares bei der Biennale 2026: Perlas a millares\",\"isPartOf\":{\"@id\":\"https:\\\/\\\/www.tablaosflamencos.com\\\/de#website\"},\"primaryImageOfPage\":{\"@id\":\"https:\\\/\\\/www.tablaosflamencos.com\\\/de\\\/carmen-linares-flamenco-biennale-sevilla-2026-perlas-a-millares.html#primaryimage\"},\"image\":{\"@id\":\"https:\\\/\\\/www.tablaosflamencos.com\\\/de\\\/carmen-linares-flamenco-biennale-sevilla-2026-perlas-a-millares.html#primaryimage\"},\"thumbnailUrl\":\"https:\\\/\\\/www.tablaosflamencos.com\\\/wp-content\\\/uploads\\\/carmen-linares-cerrara-la-bienal-2026-perlas-a-millares-01.webp\",\"datePublished\":\"2026-09-02T23:13:43+00:00\",\"dateModified\":\"2026-09-02T23:32:47+00:00\",\"description\":\"Carmen Linares beschlie\u00dft die Flamenco-Biennale Sevilla 2026 mit Perlas a millares: Datum, K\u00fcnstlerinnen, Programm, 30. Jubil\u00e4um und Tickets.\",\"breadcrumb\":{\"@id\":\"https:\\\/\\\/www.tablaosflamencos.com\\\/de\\\/carmen-linares-flamenco-biennale-sevilla-2026-perlas-a-millares.html#breadcrumb\"},\"inLanguage\":\"de\",\"potentialAction\":[{\"@type\":\"ReadAction\",\"target\":[\"https:\\\/\\\/www.tablaosflamencos.com\\\/de\\\/carmen-linares-flamenco-biennale-sevilla-2026-perlas-a-millares.html\"]}]},{\"@type\":\"ImageObject\",\"inLanguage\":\"de\",\"@id\":\"https:\\\/\\\/www.tablaosflamencos.com\\\/de\\\/carmen-linares-flamenco-biennale-sevilla-2026-perlas-a-millares.html#primaryimage\",\"url\":\"https:\\\/\\\/www.tablaosflamencos.com\\\/wp-content\\\/uploads\\\/carmen-linares-cerrara-la-bienal-2026-perlas-a-millares-01.webp\",\"contentUrl\":\"https:\\\/\\\/www.tablaosflamencos.com\\\/wp-content\\\/uploads\\\/carmen-linares-cerrara-la-bienal-2026-perlas-a-millares-01.webp\",\"width\":1672,\"height\":941,\"caption\":\"Carmen Linares cerrar\u00e1 la Bienal 2026: Perlas a millares\"},{\"@type\":\"BreadcrumbList\",\"@id\":\"https:\\\/\\\/www.tablaosflamencos.com\\\/de\\\/carmen-linares-flamenco-biennale-sevilla-2026-perlas-a-millares.html#breadcrumb\",\"itemListElement\":[{\"@type\":\"ListItem\",\"position\":1,\"name\":\"Home\",\"item\":\"https:\\\/\\\/www.tablaosflamencos.com\\\/de\"},{\"@type\":\"ListItem\",\"position\":2,\"name\":\"Carmen Linares beschlie\u00dft die Biennale 2026: Perlas a millares\"}]},{\"@type\":\"WebSite\",\"@id\":\"https:\\\/\\\/www.tablaosflamencos.com\\\/de#website\",\"url\":\"https:\\\/\\\/www.tablaosflamencos.com\\\/de\",\"name\":\"Tablaos Flamencos\",\"description\":\"Entradas para tablaos flamencos de Espa\u00f1a\",\"publisher\":{\"@id\":\"https:\\\/\\\/www.tablaosflamencos.com\\\/de#organization\"},\"alternateName\":\"Tablaos Flamencos\",\"potentialAction\":[{\"@type\":\"SearchAction\",\"target\":{\"@type\":\"EntryPoint\",\"urlTemplate\":\"https:\\\/\\\/www.tablaosflamencos.com\\\/de?s={search_term_string}\"},\"query-input\":{\"@type\":\"PropertyValueSpecification\",\"valueRequired\":true,\"valueName\":\"search_term_string\"}}],\"inLanguage\":\"de\"},{\"@type\":[\"Organization\",\"Place\",\"EntertainmentBusiness\"],\"@id\":\"https:\\\/\\\/www.tablaosflamencos.com\\\/de#organization\",\"name\":\"Tablaos Flamencos\",\"alternateName\":\"Tablaos Flamencos\",\"url\":\"https:\\\/\\\/www.tablaosflamencos.com\\\/de\",\"logo\":{\"@id\":\"https:\\\/\\\/www.tablaosflamencos.com\\\/de\\\/carmen-linares-flamenco-biennale-sevilla-2026-perlas-a-millares.html#local-main-organization-logo\"},\"image\":{\"@id\":\"https:\\\/\\\/www.tablaosflamencos.com\\\/de\\\/carmen-linares-flamenco-biennale-sevilla-2026-perlas-a-millares.html#local-main-organization-logo\"},\"sameAs\":[\"https:\\\/\\\/www.facebook.com\\\/tablaosflamencos\",\"https:\\\/\\\/x.com\\\/tablaosflamenco\",\"https:\\\/\\\/mastodon.social\\\/@tablaosflamencos\",\"https:\\\/\\\/www.instagram.com\\\/tablaosflamencos\",\"https:\\\/\\\/tiktok.com\\\/@tablaosflamencos\",\"https:\\\/\\\/www.linkedin.com\\\/company\\\/109408238\\\/\"],\"description\":\"Venta de entradas para espect\u00e1culos flamencos\",\"legalName\":\"Tablaos Flamencos\",\"foundingDate\":\"2015-01-01\",\"numberOfEmployees\":{\"@type\":\"QuantitativeValue\",\"minValue\":\"1\",\"maxValue\":\"10\"},\"address\":{\"@id\":\"https:\\\/\\\/www.tablaosflamencos.com\\\/de\\\/carmen-linares-flamenco-biennale-sevilla-2026-perlas-a-millares.html#local-main-place-address\"},\"geo\":{\"@type\":\"GeoCoordinates\",\"latitude\":\"37.3868072\",\"longitude\":\"-5.993280299999999\"},\"telephone\":[\"+34623787787\"],\"contactPoint\":{\"@type\":\"ContactPoint\",\"telephone\":\"+34623787787\",\"email\":\"info@tablaosflamencos.com\"},\"openingHoursSpecification\":{\"@type\":\"OpeningHoursSpecification\",\"dayOfWeek\":[\"Monday\",\"Tuesday\",\"Wednesday\",\"Thursday\",\"Friday\",\"Saturday\",\"Sunday\"],\"opens\":\"00:00\",\"closes\":\"23:59\"},\"email\":\"info@tablaosflamencos.com\",\"priceRange\":\"$$$\",\"currenciesAccepted\":\"\u20ac\"},{\"@type\":\"Person\",\"@id\":\"https:\\\/\\\/www.tablaosflamencos.com\\\/de#\\\/schema\\\/person\\\/e7a9ebe14eb75a52ceabfbffb3c54f5d\",\"name\":\"Miguel Ortiz\",\"description\":\"Miguel Ortiz es un empresario flamenco, con una s\u00f3lida trayectoria dentro del sector. Ha presidido entidades culturales vinculadas al flamenco y, cuenta con un amplio recorrido profesional en la gesti\u00f3n y promoci\u00f3n de espect\u00e1culos y tablaos flamencos. Su pasi\u00f3n por la historia y el arte flamenco se refleja en cada art\u00edculo, donde combina experiencia, criterio y un profundo respeto por la tradici\u00f3n.\",\"sameAs\":[\"https:\\\/\\\/www.tablaosflamencos.com\",\"https:\\\/\\\/www.instagra.com\\\/miguelortizfe\",\"https:\\\/\\\/www.linkedin.com\\\/in\\\/miguelortizf\\\/\"],\"birthDate\":\"1984-11-22\",\"gender\":\"hombre\",\"knowsLanguage\":[\"espa\u00f1ol\",\"ingl\u00e9s\"],\"jobTitle\":\"Empresario flamenco\"},{\"@type\":\"PostalAddress\",\"@id\":\"https:\\\/\\\/www.tablaosflamencos.com\\\/de\\\/carmen-linares-flamenco-biennale-sevilla-2026-perlas-a-millares.html#local-main-place-address\",\"streetAddress\":\"C\\\/ Alemanes, 19\",\"addressLocality\":\"Sevilla\",\"postalCode\":\"41004\",\"addressRegion\":\"Sevilla\",\"addressCountry\":\"ES\"},{\"@type\":\"ImageObject\",\"inLanguage\":\"de\",\"@id\":\"https:\\\/\\\/www.tablaosflamencos.com\\\/de\\\/carmen-linares-flamenco-biennale-sevilla-2026-perlas-a-millares.html#local-main-organization-logo\",\"url\":\"https:\\\/\\\/www.tablaosflamencos.com\\\/wp-content\\\/uploads\\\/tablaos-flamencos-06-3.webp\",\"contentUrl\":\"https:\\\/\\\/www.tablaosflamencos.com\\\/wp-content\\\/uploads\\\/tablaos-flamencos-06-3.webp\",\"width\":600,\"height\":620,\"caption\":\"Tablaos Flamencos\"}]}<\/script>\n<meta name=\"geo.placename\" content=\"Sevilla\" \/>\n<meta name=\"geo.position\" content=\"37.3868072;-5.993280299999999\" \/>\n<meta name=\"geo.region\" content=\"Spanien\" \/>\n<!-- \/ Yoast SEO Premium plugin. -->","yoast_head_json":{"title":"Carmen Linares bei der Biennale 2026: Perlas a millares","description":"Carmen Linares beschlie\u00dft die Flamenco-Biennale Sevilla 2026 mit Perlas a millares: Datum, K\u00fcnstlerinnen, Programm, 30. Jubil\u00e4um und Tickets.","robots":{"index":"index","follow":"follow","max-snippet":"max-snippet:-1","max-image-preview":"max-image-preview:large","max-video-preview":"max-video-preview:-1"},"canonical":"https:\/\/www.tablaosflamencos.com\/de\/carmen-linares-flamenco-biennale-sevilla-2026-perlas-a-millares.html","og_locale":"de_DE","og_type":"article","og_title":"Carmen Linares beschlie\u00dft die Biennale 2026: Perlas a millares","og_description":"Carmen Linares beschlie\u00dft die Flamenco-Biennale Sevilla 2026 mit Perlas a millares: Datum, K\u00fcnstlerinnen, Programm, 30. Jubil\u00e4um und Tickets.","og_url":"https:\/\/www.tablaosflamencos.com\/de\/carmen-linares-flamenco-biennale-sevilla-2026-perlas-a-millares.html","og_site_name":"Tablaos Flamencos","article_publisher":"https:\/\/www.facebook.com\/tablaosflamencos","article_published_time":"2026-09-02T23:13:43+00:00","article_modified_time":"2026-09-02T23:32:47+00:00","og_image":[{"width":1672,"height":941,"url":"https:\/\/www.tablaosflamencos.com\/wp-content\/uploads\/carmen-linares-cerrara-la-bienal-2026-perlas-a-millares-01.webp","type":"image\/webp"}],"author":"Miguel Ortiz","twitter_card":"summary_large_image","twitter_creator":"@tablaosflamenco","twitter_site":"@tablaosflamenco","twitter_misc":{"Verfasst von":"Miguel Ortiz","Gesch\u00e4tzte Lesezeit":"13\u00a0Minuten"},"schema":{"@context":"https:\/\/schema.org","@graph":[{"@type":"Article","@id":"https:\/\/www.tablaosflamencos.com\/de\/carmen-linares-flamenco-biennale-sevilla-2026-perlas-a-millares.html#article","isPartOf":{"@id":"https:\/\/www.tablaosflamencos.com\/de\/carmen-linares-flamenco-biennale-sevilla-2026-perlas-a-millares.html"},"author":{"name":"Miguel Ortiz","@id":"https:\/\/www.tablaosflamencos.com\/de#\/schema\/person\/e7a9ebe14eb75a52ceabfbffb3c54f5d"},"headline":"Carmen Linares beschlie\u00dft die Biennale 2026: Perlas a millares","datePublished":"2026-09-02T23:13:43+00:00","dateModified":"2026-09-02T23:32:47+00:00","mainEntityOfPage":{"@id":"https:\/\/www.tablaosflamencos.com\/de\/carmen-linares-flamenco-biennale-sevilla-2026-perlas-a-millares.html"},"wordCount":2650,"publisher":{"@id":"https:\/\/www.tablaosflamencos.com\/de#organization"},"image":{"@id":"https:\/\/www.tablaosflamencos.com\/de\/carmen-linares-flamenco-biennale-sevilla-2026-perlas-a-millares.html#primaryimage"},"thumbnailUrl":"https:\/\/www.tablaosflamencos.com\/wp-content\/uploads\/carmen-linares-cerrara-la-bienal-2026-perlas-a-millares-01.webp","keywords":["agenda flamenca","Bienal 2026","Bienal de Flamenco","Carmen Linares","festivales flamencos","flamenco en Sevilla","Flamenco-Gesang","sevilla"],"articleSection":["Flamenco-Biennale"],"inLanguage":"de"},{"@type":"WebPage","@id":"https:\/\/www.tablaosflamencos.com\/de\/carmen-linares-flamenco-biennale-sevilla-2026-perlas-a-millares.html","url":"https:\/\/www.tablaosflamencos.com\/de\/carmen-linares-flamenco-biennale-sevilla-2026-perlas-a-millares.html","name":"Carmen Linares bei der Biennale 2026: Perlas a millares","isPartOf":{"@id":"https:\/\/www.tablaosflamencos.com\/de#website"},"primaryImageOfPage":{"@id":"https:\/\/www.tablaosflamencos.com\/de\/carmen-linares-flamenco-biennale-sevilla-2026-perlas-a-millares.html#primaryimage"},"image":{"@id":"https:\/\/www.tablaosflamencos.com\/de\/carmen-linares-flamenco-biennale-sevilla-2026-perlas-a-millares.html#primaryimage"},"thumbnailUrl":"https:\/\/www.tablaosflamencos.com\/wp-content\/uploads\/carmen-linares-cerrara-la-bienal-2026-perlas-a-millares-01.webp","datePublished":"2026-09-02T23:13:43+00:00","dateModified":"2026-09-02T23:32:47+00:00","description":"Carmen Linares beschlie\u00dft die Flamenco-Biennale Sevilla 2026 mit Perlas a millares: Datum, K\u00fcnstlerinnen, Programm, 30. Jubil\u00e4um und Tickets.","breadcrumb":{"@id":"https:\/\/www.tablaosflamencos.com\/de\/carmen-linares-flamenco-biennale-sevilla-2026-perlas-a-millares.html#breadcrumb"},"inLanguage":"de","potentialAction":[{"@type":"ReadAction","target":["https:\/\/www.tablaosflamencos.com\/de\/carmen-linares-flamenco-biennale-sevilla-2026-perlas-a-millares.html"]}]},{"@type":"ImageObject","inLanguage":"de","@id":"https:\/\/www.tablaosflamencos.com\/de\/carmen-linares-flamenco-biennale-sevilla-2026-perlas-a-millares.html#primaryimage","url":"https:\/\/www.tablaosflamencos.com\/wp-content\/uploads\/carmen-linares-cerrara-la-bienal-2026-perlas-a-millares-01.webp","contentUrl":"https:\/\/www.tablaosflamencos.com\/wp-content\/uploads\/carmen-linares-cerrara-la-bienal-2026-perlas-a-millares-01.webp","width":1672,"height":941,"caption":"Carmen Linares cerrar\u00e1 la Bienal 2026: Perlas a millares"},{"@type":"BreadcrumbList","@id":"https:\/\/www.tablaosflamencos.com\/de\/carmen-linares-flamenco-biennale-sevilla-2026-perlas-a-millares.html#breadcrumb","itemListElement":[{"@type":"ListItem","position":1,"name":"Home","item":"https:\/\/www.tablaosflamencos.com\/de"},{"@type":"ListItem","position":2,"name":"Carmen Linares beschlie\u00dft die Biennale 2026: Perlas a millares"}]},{"@type":"WebSite","@id":"https:\/\/www.tablaosflamencos.com\/de#website","url":"https:\/\/www.tablaosflamencos.com\/de","name":"Tablaos Flamencos","description":"Entradas para tablaos flamencos de Espa\u00f1a","publisher":{"@id":"https:\/\/www.tablaosflamencos.com\/de#organization"},"alternateName":"Tablaos Flamencos","potentialAction":[{"@type":"SearchAction","target":{"@type":"EntryPoint","urlTemplate":"https:\/\/www.tablaosflamencos.com\/de?s={search_term_string}"},"query-input":{"@type":"PropertyValueSpecification","valueRequired":true,"valueName":"search_term_string"}}],"inLanguage":"de"},{"@type":["Organization","Place","EntertainmentBusiness"],"@id":"https:\/\/www.tablaosflamencos.com\/de#organization","name":"Tablaos Flamencos","alternateName":"Tablaos Flamencos","url":"https:\/\/www.tablaosflamencos.com\/de","logo":{"@id":"https:\/\/www.tablaosflamencos.com\/de\/carmen-linares-flamenco-biennale-sevilla-2026-perlas-a-millares.html#local-main-organization-logo"},"image":{"@id":"https:\/\/www.tablaosflamencos.com\/de\/carmen-linares-flamenco-biennale-sevilla-2026-perlas-a-millares.html#local-main-organization-logo"},"sameAs":["https:\/\/www.facebook.com\/tablaosflamencos","https:\/\/x.com\/tablaosflamenco","https:\/\/mastodon.social\/@tablaosflamencos","https:\/\/www.instagram.com\/tablaosflamencos","https:\/\/tiktok.com\/@tablaosflamencos","https:\/\/www.linkedin.com\/company\/109408238\/"],"description":"Venta de entradas para espect\u00e1culos flamencos","legalName":"Tablaos Flamencos","foundingDate":"2015-01-01","numberOfEmployees":{"@type":"QuantitativeValue","minValue":"1","maxValue":"10"},"address":{"@id":"https:\/\/www.tablaosflamencos.com\/de\/carmen-linares-flamenco-biennale-sevilla-2026-perlas-a-millares.html#local-main-place-address"},"geo":{"@type":"GeoCoordinates","latitude":"37.3868072","longitude":"-5.993280299999999"},"telephone":["+34623787787"],"contactPoint":{"@type":"ContactPoint","telephone":"+34623787787","email":"info@tablaosflamencos.com"},"openingHoursSpecification":{"@type":"OpeningHoursSpecification","dayOfWeek":["Monday","Tuesday","Wednesday","Thursday","Friday","Saturday","Sunday"],"opens":"00:00","closes":"23:59"},"email":"info@tablaosflamencos.com","priceRange":"$$$","currenciesAccepted":"\u20ac"},{"@type":"Person","@id":"https:\/\/www.tablaosflamencos.com\/de#\/schema\/person\/e7a9ebe14eb75a52ceabfbffb3c54f5d","name":"Miguel Ortiz","description":"Miguel Ortiz es un empresario flamenco, con una s\u00f3lida trayectoria dentro del sector. Ha presidido entidades culturales vinculadas al flamenco y, cuenta con un amplio recorrido profesional en la gesti\u00f3n y promoci\u00f3n de espect\u00e1culos y tablaos flamencos. Su pasi\u00f3n por la historia y el arte flamenco se refleja en cada art\u00edculo, donde combina experiencia, criterio y un profundo respeto por la tradici\u00f3n.","sameAs":["https:\/\/www.tablaosflamencos.com","https:\/\/www.instagra.com\/miguelortizfe","https:\/\/www.linkedin.com\/in\/miguelortizf\/"],"birthDate":"1984-11-22","gender":"hombre","knowsLanguage":["espa\u00f1ol","ingl\u00e9s"],"jobTitle":"Empresario flamenco"},{"@type":"PostalAddress","@id":"https:\/\/www.tablaosflamencos.com\/de\/carmen-linares-flamenco-biennale-sevilla-2026-perlas-a-millares.html#local-main-place-address","streetAddress":"C\/ Alemanes, 19","addressLocality":"Sevilla","postalCode":"41004","addressRegion":"Sevilla","addressCountry":"ES"},{"@type":"ImageObject","inLanguage":"de","@id":"https:\/\/www.tablaosflamencos.com\/de\/carmen-linares-flamenco-biennale-sevilla-2026-perlas-a-millares.html#local-main-organization-logo","url":"https:\/\/www.tablaosflamencos.com\/wp-content\/uploads\/tablaos-flamencos-06-3.webp","contentUrl":"https:\/\/www.tablaosflamencos.com\/wp-content\/uploads\/tablaos-flamencos-06-3.webp","width":600,"height":620,"caption":"Tablaos Flamencos"}]},"geo.placename":"Sevilla","geo.position":{"lat":"37.3868072","long":"-5.993280299999999"},"geo.region":"Spanien"},"_links":{"self":[{"href":"https:\/\/www.tablaosflamencos.com\/de\/wp-json\/wp\/v2\/posts\/14108","targetHints":{"allow":["GET"]}}],"collection":[{"href":"https:\/\/www.tablaosflamencos.com\/de\/wp-json\/wp\/v2\/posts"}],"about":[{"href":"https:\/\/www.tablaosflamencos.com\/de\/wp-json\/wp\/v2\/types\/post"}],"author":[{"embeddable":true,"href":"https:\/\/www.tablaosflamencos.com\/de\/wp-json\/wp\/v2\/users\/1"}],"replies":[{"embeddable":true,"href":"https:\/\/www.tablaosflamencos.com\/de\/wp-json\/wp\/v2\/comments?post=14108"}],"version-history":[{"count":2,"href":"https:\/\/www.tablaosflamencos.com\/de\/wp-json\/wp\/v2\/posts\/14108\/revisions"}],"predecessor-version":[{"id":14134,"href":"https:\/\/www.tablaosflamencos.com\/de\/wp-json\/wp\/v2\/posts\/14108\/revisions\/14134"}],"wp:featuredmedia":[{"embeddable":true,"href":"https:\/\/www.tablaosflamencos.com\/de\/wp-json\/wp\/v2\/media\/14103"}],"wp:attachment":[{"href":"https:\/\/www.tablaosflamencos.com\/de\/wp-json\/wp\/v2\/media?parent=14108"}],"wp:term":[{"taxonomy":"category","embeddable":true,"href":"https:\/\/www.tablaosflamencos.com\/de\/wp-json\/wp\/v2\/categories?post=14108"},{"taxonomy":"post_tag","embeddable":true,"href":"https:\/\/www.tablaosflamencos.com\/de\/wp-json\/wp\/v2\/tags?post=14108"}],"curies":[{"name":"wp","href":"https:\/\/api.w.org\/{rel}","templated":true}]}}