{"id":14025,"date":"2026-09-01T12:18:55","date_gmt":"2026-09-01T10:18:55","guid":{"rendered":"https:\/\/www.tablaosflamencos.com\/?p=14025"},"modified":"2026-09-02T12:13:51","modified_gmt":"2026-09-02T10:13:51","slug":"grosse-premieren-flamenco-biennale-sevilla-2026","status":"publish","type":"post","link":"https:\/\/www.tablaosflamencos.com\/de\/grosse-premieren-flamenco-biennale-sevilla-2026.html","title":{"rendered":"Die gro\u00dfen Premieren der Flamenco-Biennale Sevilla 2026"},"content":{"rendered":"<section class=\"l-section wpb_row height_huge\"><div class=\"l-section-h i-cf\"><div class=\"g-cols vc_row via_flex valign_top type_default stacking_default\"><div class=\"vc_col-sm-12 wpb_column vc_column_container\"><div class=\"vc_column-inner\"><div class=\"wpb_wrapper\"><div class=\"wpb_text_column\"><div class=\"wpb_wrapper\"><h2>Die gro\u00dfen Premieren der Sevilla Flamenco Biennale 2026<\/h2>\n<p>Die <strong>XXIV. Flamenco-Biennale von Sevilla<\/strong>, die abgehalten wird <strong>9. September bis 3. Oktober 2026<\/strong>verwandelt die Stadt erneut in ein gro\u00dfes Labor der Sch\u00f6pfung. \u00dcber die Zusammenf\u00fchrung etablierter Pers\u00f6nlichkeiten hinaus besteht eines der Markenzeichen der Biennale darin, als Ausgangspunkt f\u00fcr Werke zu dienen, die in Sevilla entstehen und sp\u00e4ter auf Festivals und in Theatern auf der ganzen Welt touren k\u00f6nnen.<\/p>\n<p>Die Anzahl der Premieren hat sich mit dem Ende des Programms ge\u00e4ndert. Im Februar sprach die Organisation bei der ersten Pr\u00e4sentation davon <strong>22 absolute Premieren<\/strong>. Am 18. August wurde ein spezifisches Update ver\u00f6ffentlicht, das den Saldo auf festlegte <strong>20 absolute Premieren<\/strong>. Und das aktuelle Programm f\u00fchrt eine wichtige Nuance ein: <em>Babel. Wohnturm.<\/em>, von David Coria, erscheint jetzt als <strong>Bundespremiere<\/strong>, w\u00e4hrend der Familienworkshop <em>Tirititran<\/em>, innerhalb der parallelen Aktivit\u00e4ten von CaixaForum, erscheint als <strong>absolute Premiere<\/strong>.<\/p>\n<p>Daher nehmen wir f\u00fcr diesen Leitfaden als Referenz die <strong>Klassifizierung, die derzeit in den offiziellen Bl\u00e4ttern erscheint<\/strong>: 20 absolute Premieren, wenn die allgemeine B\u00fchnenprogrammierung und <em>Tirititran<\/em>, plus die nationale Premiere von David Coria.<\/p>\n<p><strong>Letzte Aktualisierung:<\/strong> 1. September 2026. Tickets, Fahrpl\u00e4ne und Verf\u00fcgbarkeit k\u00f6nnen sich weiterhin \u00e4ndern. Daher empfiehlt es sich, vor dem Ticketkauf den offiziellen Zeitplan zu \u00fcberpr\u00fcfen.<\/p>\n<\/div><\/div><\/div><\/div><\/div><\/div><\/div><\/section><section class=\"l-section wpb_row height_huge color_alternate with_shape\"><div class=\"l-section-shape type_zigzag pos_top hor_flip\" style=\"height:3vmin;\"><svg xmlns=\"http:\/\/www.w3.org\/2000\/svg\" viewBox=\"0 0 64 8\" preserveAspectRatio=\"none\" width=\"100%\" height=\"100%\">\r\n\t<path fill=\"currentColor\" d=\"M64 8 L0 8 L0 0 L20 7.9 L40 3 L48 5 L64 0 Z\"\/>\r\n<\/svg><\/div><div class=\"l-section-shape type_zigzag pos_bottom\" style=\"height:3vmin;\"><svg xmlns=\"http:\/\/www.w3.org\/2000\/svg\" viewBox=\"0 0 64 8\" preserveAspectRatio=\"none\" width=\"100%\" height=\"100%\">\r\n\t<path fill=\"currentColor\" d=\"M64 8 L0 8 L0 0 L20 7.9 L40 3 L48 5 L64 0 Z\"\/>\r\n<\/svg><\/div><div class=\"l-section-h i-cf\"><div class=\"g-cols vc_row via_flex valign_top type_default stacking_default\"><div class=\"vc_col-sm-12 wpb_column vc_column_container\"><div class=\"vc_column-inner\"><div class=\"wpb_wrapper\"><div class=\"wpb_text_column\"><div class=\"wpb_wrapper\"><blockquote>\n<p><strong>Kurze Antwort:<\/strong> Die gro\u00dfen Premieren der Flamenco-Biennale 2026 beginnen am ersten Wochenende mit <em>Unendlich<\/em> von Sara Baras, <em>weniger ist mehr<\/em> von La Tremendita, <em>Arkanes Fraktal<\/em> von Dorantes, <em>Das gleiche Blut des K\u00f6rpers<\/em> von \u00c1ngeles Toledano und <em>Rhapsodie. Underground-Fantasie<\/em> von Ana Morales. Dann werden unter anderem Rafael Riqueni und Tim Ries, Olga Pericet, Andr\u00e9s Mar\u00edn, Israel und Pastora Galv\u00e1n, Farruquito, Sara Jim\u00e9nez, Alfonso Losa und Sandra Carrasco zusammen mit David de Arahal eintreffen. Die aktuelle Programmierung f\u00fcgt auch hinzu <em>Tirititran<\/em> als absolute Familienpremiere und reiht sich ein <em>Babel. Wohnturm.<\/em>, von David Coria, als nationale Erstauff\u00fchrung.<\/p>\n<\/blockquote>\n<\/div><\/div><div class=\"w-separator size_medium\"><\/div><div class=\"w-hwrapper valign_top wrap stack_on_mobiles align_center\" style=\"--hwrapper-gap:1.2rem\"><div class=\"w-btn-wrapper align_none\"><a class=\"w-btn us-btn-style_1\" href=\"https:\/\/www.tablaosflamencos.com\/de\/flamenco-biennale-sevilla-2026.html\"><span class=\"w-btn-label\">Vollst\u00e4ndiger Leitfaden zur Biennale 2026<\/span><\/a><\/div><div class=\"w-btn-wrapper align_none\"><a class=\"w-btn us-btn-style_1\" href=\"https:\/\/www.tablaosflamencos.com\/de\/erstes-wochenende-flamenco-biennale-sevilla-2026-was-sehen.html\"><span class=\"w-btn-label\">Erstes Wochenende der Biennale<\/span><\/a><\/div><div class=\"w-btn-wrapper align_none\"><a class=\"w-btn us-btn-style_1\" target=\"_blank\" href=\"https:\/\/www.labienal.com\/programa-general\"><span class=\"w-btn-label\">Offizielle Programmierung<\/span><\/a><\/div><\/div><\/div><\/div><\/div><\/div><\/div><\/section><section class=\"l-section wpb_row height_huge\"><div class=\"l-section-h i-cf\"><div class=\"g-cols vc_row via_flex valign_top type_default stacking_default\"><div class=\"vc_col-sm-12 wpb_column vc_column_container\"><div class=\"vc_column-inner\"><div class=\"wpb_wrapper\"><div class=\"wpb_text_column\"><div class=\"wpb_wrapper\"><h2>Warum Premieren einer der Schl\u00fcssel zur Biennale sind<\/h2>\n<p>Eine Biennale beschr\u00e4nkt sich nicht darauf, gute bestehende Ausstellungen zusammenzubringen. Ein Teil seines Prestiges liegt darin <strong>Sch\u00f6pfung verursachen<\/strong>: Neue Projekte in Auftrag geben, koproduzieren, f\u00f6rdern oder veranstalten und ihnen einen Kontext bieten, in dem K\u00fcnstler, Kritiker, Programmierer und Fans sie gleichzeitig entdecken.<\/p>\n<p>Die absolute Premiere f\u00fcgt ein Element hinzu, das es bei einem bereits verfilmten Werk nicht gibt. Es gibt immer noch keine konsolidierte Kritik, keine allgemeine \u00f6ffentliche Reaktion und auch keine gro\u00dfe Sammlung von Videos, die es uns erm\u00f6glichen, genau vorherzusagen, was auf der B\u00fchne passieren wird. Der Betrachter wird Zeuge der Geburt des St\u00fcckes.<\/p>\n<p>Im Jahr 2026 verteilt sich diese Kreation auf ganz unterschiedliche R\u00e4ume. Das Teatro de la Maestranza konzentriert gro\u00dfe Formate; das Zentraltheater fungiert als Forschungsgebiet; die Lope de Vega nimmt innerhalb der Biennale ihre historische Rolle wieder ein; Die Royal Artillery Factory er\u00f6ffnet landschaftliche M\u00f6glichkeiten, die mit ihrer Architektur verbunden sind. das Alameda Theater bringt neue Stimmen und Tanzsprachen zusammen; der Turina Space st\u00e4rkt das Spielen und die instrumentale Sch\u00f6pfung; der Real Alc\u00e1zar stellt den Gesang in sein Erbe ein; und CaixaForum ber\u00fccksichtigt den famili\u00e4ren Aspekt.<\/p>\n<p>Wenn Sie eine Reise rund um die organisieren <a href=\"https:\/\/www.tablaosflamencos.com\/bienal-flamenco-sevilla-2026.html\"><strong>Sevilla Flamenco Biennale 2026<\/strong><\/a>, die Show ist nicht nur wegen des Namens des K\u00fcnstlers sehenswert, sondern auch wegen einer Frage: <strong>Welche Werke sind hier erstmals zu sehen?<\/strong><\/p>\n<\/div><\/div><\/div><\/div><\/div><\/div><\/div><\/section><section class=\"l-section wpb_row height_huge color_alternate with_shape\"><div class=\"l-section-shape type_zigzag pos_top hor_flip\" style=\"height:3vmin;\"><svg xmlns=\"http:\/\/www.w3.org\/2000\/svg\" viewBox=\"0 0 64 8\" preserveAspectRatio=\"none\" width=\"100%\" height=\"100%\">\r\n\t<path fill=\"currentColor\" d=\"M64 8 L0 8 L0 0 L20 7.9 L40 3 L48 5 L64 0 Z\"\/>\r\n<\/svg><\/div><div class=\"l-section-shape type_zigzag pos_bottom\" style=\"height:3vmin;\"><svg xmlns=\"http:\/\/www.w3.org\/2000\/svg\" viewBox=\"0 0 64 8\" preserveAspectRatio=\"none\" width=\"100%\" height=\"100%\">\r\n\t<path fill=\"currentColor\" d=\"M64 8 L0 8 L0 0 L20 7.9 L40 3 L48 5 L64 0 Z\"\/>\r\n<\/svg><\/div><div class=\"l-section-h i-cf\"><div class=\"g-cols vc_row via_flex valign_top type_default stacking_default\"><div class=\"vc_col-sm-12 wpb_column vc_column_container\"><div class=\"vc_column-inner\"><div class=\"wpb_wrapper\"><div class=\"wpb_text_column\"><div class=\"wpb_wrapper\"><h2>Die 20 absoluten Premieren der Biennale 2026, eine nach der anderen<\/h2>\n<div style=\"overflow-x: auto;\">\n<table>\n<thead>\n<tr>\n<th>Datum<\/th>\n<th>Zeit<\/th>\n<th>K\u00fcnstler\/Aktivit\u00e4t<\/th>\n<th>zeigen<\/th>\n<th>Raum<\/th>\n<th>Typ<\/th>\n<\/tr>\n<\/thead>\n<tbody>\n<tr>\n<td>11.-13. September<\/td>\n<td>Mehrere Sitzungen<\/td>\n<td>Familien-Flamenco-Workshop<\/td>\n<td><em>Tirititran<\/em><\/td>\n<td>CaixaForum<\/td>\n<td>Absolute Premiere \u00b7 kostenlose Aktivit\u00e4t<\/td>\n<\/tr>\n<tr>\n<td>11.-13. September<\/td>\n<td>20:00<\/td>\n<td>Sara Baras<\/td>\n<td><em>Unendlich<\/em><\/td>\n<td>Maestranza-Theater<\/td>\n<td>Absolute Premiere<\/td>\n<\/tr>\n<tr>\n<td>11. September<\/td>\n<td>22:30<\/td>\n<td>Rosario La Tremendita<\/td>\n<td><em>weniger ist mehr<\/em><\/td>\n<td>Zentrales Theater<\/td>\n<td>Absolute Premiere<\/td>\n<\/tr>\n<tr>\n<td>12. September<\/td>\n<td>20:00<\/td>\n<td>Dorantes<\/td>\n<td><em>Arkanes Fraktal<\/em><\/td>\n<td>Lope de Vega Theater<\/td>\n<td>Absolute Premiere<\/td>\n<\/tr>\n<tr>\n<td>12. September<\/td>\n<td>22:30<\/td>\n<td>Angeles Toledo<\/td>\n<td><em>Das gleiche Blut des K\u00f6rpers<\/em><\/td>\n<td>Alameda-Theater<\/td>\n<td>Absolute Premiere<\/td>\n<\/tr>\n<tr>\n<td>13.-14. September<\/td>\n<td>21:00<\/td>\n<td>Ana Morales<\/td>\n<td><em>Rhapsodie. Underground-Fantasie<\/em><\/td>\n<td>K\u00f6nigliche Artilleriefabrik<\/td>\n<td>Absolute Premiere<\/td>\n<\/tr>\n<tr>\n<td>14. September<\/td>\n<td>22:30<\/td>\n<td>Macarena Lopez<\/td>\n<td><em>\u00dcber alle Dinge<\/em><\/td>\n<td>Alameda-Theater<\/td>\n<td>Absolute Premiere<\/td>\n<\/tr>\n<tr>\n<td>15. September<\/td>\n<td>21:30<\/td>\n<td>Rancapino Chico<\/td>\n<td><em>Tafel<\/em><\/td>\n<td>K\u00f6niglicher Alcazar<\/td>\n<td>Absolute Premiere<\/td>\n<\/tr>\n<tr>\n<td>19. September<\/td>\n<td>19:00<\/td>\n<td>Maria Marin<\/td>\n<td><em>Die drei Marien<\/em><\/td>\n<td>Turina-Raum<\/td>\n<td>Absolute Premiere<\/td>\n<\/tr>\n<tr>\n<td>21. September<\/td>\n<td>20:00<\/td>\n<td>Rafael Riqueni &#038; Tim Ries<\/td>\n<td><em>Tunesien<\/em><\/td>\n<td>Lope de Vega Theater<\/td>\n<td>Absolute Premiere<\/td>\n<\/tr>\n<tr>\n<td>21. September<\/td>\n<td>22:30<\/td>\n<td>Olga Pericet<\/td>\n<td><em>Perspektive auf einen Klangtanz<\/em><\/td>\n<td>Zentrales Theater<\/td>\n<td>Absolute Premiere<\/td>\n<\/tr>\n<tr>\n<td>23. September<\/td>\n<td>21:00<\/td>\n<td>Pablo Mart\u00edn Caminero mit Mar\u00eda Moreno<\/td>\n<td><em>Trilogie. zum Tanz<\/em><\/td>\n<td>K\u00f6nigliche Artilleriefabrik<\/td>\n<td>Absolute Premiere<\/td>\n<\/tr>\n<tr>\n<td>23. September<\/td>\n<td>22:30<\/td>\n<td>Juan Tom\u00e1s de la Mol\u00eda &#038; \u00c1gueda Saavedra<\/td>\n<td><em>Ich wage dich<\/em><\/td>\n<td>Zentrales Theater<\/td>\n<td>Absolute Premiere<\/td>\n<\/tr>\n<tr>\n<td>25. September<\/td>\n<td>22:30<\/td>\n<td>Andres Marin<\/td>\n<td><em>W\u00fcste<\/em><\/td>\n<td>Zentrales Theater<\/td>\n<td>Absolute Premiere<\/td>\n<\/tr>\n<tr>\n<td>26. September<\/td>\n<td>20:00<\/td>\n<td>Israel Galvan<\/td>\n<td><em>Schwarz-wei\u00dfer Bolero<\/em><\/td>\n<td>Maestranza-Theater<\/td>\n<td>Absolute Premiere<\/td>\n<\/tr>\n<tr>\n<td>26. September<\/td>\n<td>22:30<\/td>\n<td>Pastora Galvan<\/td>\n<td><em>TRIBEsssh!<\/em><\/td>\n<td>Alameda-Theater<\/td>\n<td>Absolute Premiere<\/td>\n<\/tr>\n<tr>\n<td>28. September<\/td>\n<td>20:00<\/td>\n<td>Farruquito<\/td>\n<td><em>Sie werden Farruquito sein: das Musical<\/em><\/td>\n<td>Maestranza-Theater<\/td>\n<td>Absolute Premiere<\/td>\n<\/tr>\n<tr>\n<td>29. September<\/td>\n<td>22:30<\/td>\n<td>Sara Jim\u00e9nez in Gesellschaft<\/td>\n<td><em>Das Unternehmen<\/em><\/td>\n<td>Zentrales Theater<\/td>\n<td>Absolute Premiere<\/td>\n<\/tr>\n<tr>\n<td>2. Oktober<\/td>\n<td>20:00<\/td>\n<td>Alfonso Losa<\/td>\n<td><em>Minimale Geste<\/em><\/td>\n<td>Lope de Vega Theater<\/td>\n<td>Absolute Premiere<\/td>\n<\/tr>\n<tr>\n<td>2. Oktober<\/td>\n<td>22:30<\/td>\n<td>Sandra Carrasco und David de Arahal<\/td>\n<td><em>Freiheitsgedicht<\/em><\/td>\n<td>Zentrales Theater<\/td>\n<td>Absolute Premiere<\/td>\n<\/tr>\n<\/tbody>\n<\/table>\n<\/div>\n<p><small>Klassifizierung erstellt auf der Grundlage der am 1. September 2026 g\u00fcltigen offiziellen Bl\u00e4tter. Die drei Tage von <em>Tirititran<\/em> Sie entsprechen der gleichen absoluten Premiere mit mehreren Sitzungen.<\/small><\/p>\n<\/div><\/div><\/div><\/div><\/div><\/div><\/div><\/section><section class=\"l-section wpb_row height_huge\"><div class=\"l-section-h i-cf\"><div class=\"g-cols vc_row via_flex valign_top type_default stacking_default\"><div class=\"vc_col-sm-12 wpb_column vc_column_container\"><div class=\"vc_column-inner\"><div class=\"wpb_wrapper\"><div class=\"wpb_text_column\"><div class=\"wpb_wrapper\"><h2>Und eine nationale Premiere: Babel. Wohnturm. von David Coria<\/h2>\n<p>Die Situation von <strong>David Coria<\/strong> Es verdient eine Erkl\u00e4rung, da es die Hauptursache f\u00fcr Verwirrung zwischen den verschiedenen Mitteilungen der Biennale ist. In den am 18. August ver\u00f6ffentlichten Informationen <em>Babel. Wohnturm.<\/em> Es erschien im Block \u201eNeue Kreationen\u201c der Edition. Die aktuelle offizielle Aufzeichnung der Show weist sie jedoch als aus <strong>Bundespremiere<\/strong> und etabliert seine Vertretung f\u00fcr die <strong>29. September um 20:00 Uhr<\/strong> im Lope de Vega Theater.<\/p>\n<p>Eine Weltpremiere ist die erste \u00f6ffentliche Pr\u00e4sentation eines Werkes \u00fcberhaupt. Eine nationale Erstauff\u00fchrung weist darauf hin, dass die Produktion bereits au\u00dferhalb Spaniens aufgef\u00fchrt wurde, jedoch zum ersten Mal im Land aufgef\u00fchrt wird. Der Unterschied schm\u00e4lert nicht das Interesse des Projekts: Coria geht vom Mythos des Turmbaus zu Babel aus, um Br\u00fcche, Sprachen, Koexistenz und M\u00f6glichkeiten der Begegnung aus einer zeitgen\u00f6ssischen physischen und choreografischen Sprache zu thematisieren.<\/p>\n<p>Die aktuelle Klassifizierung ist besonders n\u00fctzlich, da einige \u00e4ltere Nachrichten und Materialien m\u00f6glicherweise noch vorhanden sind <em>Babel. Wohnturm.<\/em> als absolute Premiere. In diesem Ratgeber herrscht immer Vorrang <strong>j\u00fcngster offizieller Rekord<\/strong>.<\/p>\n<\/div><\/div><\/div><\/div><\/div><\/div><\/div><\/section><section class=\"l-section wpb_row height_huge color_alternate with_shape\"><div class=\"l-section-shape type_zigzag pos_top hor_flip\" style=\"height:3vmin;\"><svg xmlns=\"http:\/\/www.w3.org\/2000\/svg\" viewBox=\"0 0 64 8\" preserveAspectRatio=\"none\" width=\"100%\" height=\"100%\">\r\n\t<path fill=\"currentColor\" d=\"M64 8 L0 8 L0 0 L20 7.9 L40 3 L48 5 L64 0 Z\"\/>\r\n<\/svg><\/div><div class=\"l-section-shape type_zigzag pos_bottom\" style=\"height:3vmin;\"><svg xmlns=\"http:\/\/www.w3.org\/2000\/svg\" viewBox=\"0 0 64 8\" preserveAspectRatio=\"none\" width=\"100%\" height=\"100%\">\r\n\t<path fill=\"currentColor\" d=\"M64 8 L0 8 L0 0 L20 7.9 L40 3 L48 5 L64 0 Z\"\/>\r\n<\/svg><\/div><div class=\"l-section-h i-cf\"><div class=\"g-cols vc_row via_flex valign_top type_default stacking_default\"><div class=\"vc_col-sm-12 wpb_column vc_column_container\"><div class=\"vc_column-inner\"><div class=\"wpb_wrapper\"><div class=\"wpb_text_column\"><div class=\"wpb_wrapper\"><h2>Das erste Wochenende konzentriert sich auf f\u00fcnf gro\u00dfe B\u00fchnenpremieren<\/h2>\n<p>Die erste gro\u00dfe Welle kommt zwischen dem 11. und 14. September. Sara Baras kehrt nach vierzehn Jahren mit zur Biennale zur\u00fcck <strong><em>Unendlich<\/em><\/strong>, f\u00fcr die Ausgabe erstellt und um acht weibliche Perspektiven artikuliert, die symbolisch mit den acht andalusischen Provinzen verbunden sind. Ihre drei Auftritte in der Maestranza machen die R\u00fcckkehr der T\u00e4nzerin zu einem der gro\u00dfen Ereignisse des Auftakts.<\/p>\n<p>Am selben Freitag, dem 11., wird Rosario La Tremendita im Teatro Central uraufgef\u00fchrt <strong><em>weniger ist mehr<\/em><\/strong>. Gesang, Bass, Gitarre, Schlagzeug und Keyboards bilden einen Vorschlag, der offen f\u00fcr Forschung und Dialog mit anderen Musiksprachen ist. Am Samstag, den 12., pr\u00e4sentiert Dorantes <strong><em>Arkanes Fraktal<\/em><\/strong> bei den Premieren von Lope de Vega und \u00c1ngeles Toledano <strong><em>Das gleiche Blut des K\u00f6rpers<\/em><\/strong> in der Alameda.<\/p>\n<p>Am Sonntag, den 13. und Montag, den 14., besetzt Ana Morales die Royal Artillery Factory mit <strong><em>Rhapsodie. Underground-Fantasie<\/em><\/strong>, eine Kreation, die mit einem unterirdischen, historischen und imagin\u00e4ren Sevilla verbunden ist und unter der musikalischen Leitung von Ni\u00f1o de Elche steht. Ihre Auftritte waren bereits vor Festivalbeginn ausverkauft.<\/p>\n<p>Zu diesen B\u00fchnenpremieren kommt noch hinzu <strong><em>Tirititran<\/em><\/strong>, das kostenlose Familienangebot von CaixaForum, das auch im offiziellen Programm als absolute Premiere eingestuft wird und am 11., 12. und 13. mit unterschiedlichen Sitzungen stattfindet.<\/p>\n<p>Um alle Spiele dieser Tage zu bestellen, k\u00f6nnen Sie unseren Leitfaden konsultieren <a href=\"https:\/\/www.tablaosflamencos.com\/primer-fin-semana-bienal-flamenco-sevilla-2026.html\"><strong>Was gibt es am ersten Wochenende der Biennale 2026 zu sehen?<\/strong><\/a>.<\/p>\n<\/div><\/div><\/div><\/div><\/div><\/div><\/div><\/section><section class=\"l-section wpb_row height_huge\"><div class=\"l-section-h i-cf\"><div class=\"g-cols vc_row via_flex valign_top type_default stacking_default\"><div class=\"vc_col-sm-12 wpb_column vc_column_container\"><div class=\"vc_column-inner\"><div class=\"wpb_wrapper\"><div class=\"wpb_text_column\"><div class=\"wpb_wrapper\"><h2>Vom Archivgesang bis zu neuen Stimmen<\/h2>\n<p>Das Gesangskapitel zeigt, dass ein Deb\u00fct nicht unbedingt einen Bruch mit der Tradition bedeutet. <strong>Rancapino Chico<\/strong> wird am 15. September im Real Alc\u00e1zar pr\u00e4sentieren <strong><em>Tafel<\/em><\/strong>, ein Konzert, inspiriert von alten 78-U\/min-Schallplatten und dem Klangged\u00e4chtnis von Meistern wie Tom\u00e1s Pav\u00f3n oder Manuel Torre. Es ist eine Urauff\u00fchrung, die zur\u00fcckblickt und eine gegenw\u00e4rtige Lekt\u00fcre der Quellen des Gesangs aufbaut.<\/p>\n<p>Das andere Generationsextrem ist <strong>Angeles Toledo<\/strong> setzt das Universum seiner Aufnahmearbeit und seine Beziehung zum traditionellen Gesang in B\u00fchnenmaterial f\u00fcr um <em>Das gleiche Blut des K\u00f6rpers<\/em>. La Tremendita wiederum nutzt den Grundton als Ausgangspunkt f\u00fcr eine viel offenere musikalische Architektur.<\/p>\n<p>Am 2. Oktober <strong>Sandra Carrasco und David de Arahal<\/strong> Sie werden diese Tour mit abschlie\u00dfen <strong><em>Freiheitsgedicht<\/em><\/strong>. Das Projekt nimmt Pepe Marchena als Referenz zum 50. Jahrestag seines Todes und untersucht sein Verm\u00e4chtnis aus der Beziehung zwischen Gesang und Gitarre, um die kreative Freiheit zu rechtfertigen, die eine der Grundfiguren der sogenannten Flamenco-Oper begleitete.<\/p>\n<p>Dieser historische Kontext kann in unserem Leitfaden erweitert werden <a href=\"https:\/\/www.tablaosflamencos.com\/la-noche-azul-opera-flamenca-bienal-sevilla-2026.html\"><strong>Die blaue Nacht und die Zeit der Flamenco-Oper<\/strong><\/a>.<\/p>\n<\/div><\/div><\/div><\/div><\/div><\/div><\/div><\/section><section class=\"l-section wpb_row height_huge color_alternate with_shape\"><div class=\"l-section-shape type_zigzag pos_top hor_flip\" style=\"height:3vmin;\"><svg xmlns=\"http:\/\/www.w3.org\/2000\/svg\" viewBox=\"0 0 64 8\" preserveAspectRatio=\"none\" width=\"100%\" height=\"100%\">\r\n\t<path fill=\"currentColor\" d=\"M64 8 L0 8 L0 0 L20 7.9 L40 3 L48 5 L64 0 Z\"\/>\r\n<\/svg><\/div><div class=\"l-section-shape type_zigzag pos_bottom\" style=\"height:3vmin;\"><svg xmlns=\"http:\/\/www.w3.org\/2000\/svg\" viewBox=\"0 0 64 8\" preserveAspectRatio=\"none\" width=\"100%\" height=\"100%\">\r\n\t<path fill=\"currentColor\" d=\"M64 8 L0 8 L0 0 L20 7.9 L40 3 L48 5 L64 0 Z\"\/>\r\n<\/svg><\/div><div class=\"l-section-h i-cf\"><div class=\"g-cols vc_row via_flex valign_top type_default stacking_default\"><div class=\"vc_col-sm-12 wpb_column vc_column_container\"><div class=\"vc_column-inner\"><div class=\"wpb_wrapper\"><div class=\"wpb_text_column\"><div class=\"wpb_wrapper\"><h2>Ber\u00fchrung und instrumentales Schaffen erweitern die Karte<\/h2>\n<p>Die <strong>19. September<\/strong>, Mar\u00eda Mar\u00edn wird pr\u00e4sentieren <strong><em>Die drei Marien<\/em><\/strong> im Turina-Raum. Der Gitarrist, S\u00e4nger und Komponist Mar\u00edn bewegt sich zwischen Flamenco-Tradition, Popmusik und zeitgen\u00f6ssischem Experimentieren, mit musikalischer Produktion von Ra\u00fal Cantizano.<\/p>\n<p>Zwei Tage sp\u00e4ter wird Lope de Vega zusammenkommen <strong>Rafael Riqueni und Tim Ries<\/strong> in <strong><em>Tunesien<\/em><\/strong>. Die Gitarre des Triana-Maestro wird mit den Saxophonen und der Fl\u00f6te des amerikanischen Musikers in einem Projekt interagieren, das Flamenco, Jazz, Improvisation und musikalische Freiheit verbindet.<\/p>\n<p>Dorantes er\u00f6ffnet dieses Gebiet einige Tage zuvor mit <em>Arkanes Fraktal<\/em>, wobei das Klavier und das Klatschen in den Mittelpunkt eines speziell raffinierten Vorschlags gestellt werden. Und die Royal Artillery Factory wird vom 22. bis 24. September Gastgeber sein <strong><em>Trilogie<\/em> von Pablo Mart\u00edn Caminero<\/strong>. Die Kapitel <em>Bei Ber\u00fchrung<\/em> und <em>zum Gesang<\/em> Rahmen die absolute Premiere von <strong><em>Trilogie. zum Tanz<\/em><\/strong>, mit Mar\u00eda Moreno, am 23. September.<\/p>\n<p>Entscheidend ist, dass sich die Instrumentalpremiere 2026 nicht auf Sologitarre beschr\u00e4nkt: Klavier, Kontrabass, Saxophon, Fl\u00f6te und andere Kl\u00e4nge erweitern die musikalische Landschaft der Biennale.<\/p>\n<\/div><\/div><\/div><\/div><\/div><\/div><\/div><\/section><section class=\"l-section wpb_row height_huge\"><div class=\"l-section-h i-cf\"><div class=\"g-cols vc_row via_flex valign_top type_default stacking_default\"><div class=\"vc_col-sm-12 wpb_column vc_column_container\"><div class=\"vc_column-inner\"><div class=\"wpb_wrapper\"><div class=\"wpb_text_column\"><div class=\"wpb_wrapper\"><h2>Das Zentraltheater, Labor f\u00fcr neue Sprachen<\/h2>\n<p>Das Zentraltheater konzentriert einen Gro\u00dfteil der Projekte, die am st\u00e4rksten mit der szenischen Forschung verbunden sind. Die <strong>21. September<\/strong>, Olga Pericet wird pr\u00e4sentieren <strong><em>Perspektive auf einen Klangtanz<\/em><\/strong>, der Name, der derzeit von der offiziellen Datei verwendet wird. Der Vorschlag greift auf sein eigenes k\u00f6rperliches und k\u00fcnstlerisches Ged\u00e4chtnis zur\u00fcck und er\u00f6ffnet neue M\u00f6glichkeiten f\u00fcr das Flamenco-Rezital.<\/p>\n<p>Die <strong>23. September<\/strong>, <strong>Juan Tom\u00e1s de la Mol\u00eda und \u00c1gueda Saavedra<\/strong> wird freigeben <strong><em>Ich wage dich<\/em><\/strong> unter der Leitung von Manuel Li\u00f1\u00e1n. Die <strong>25<\/strong> wird ankommen <strong>Andres Marin<\/strong> mit <strong><em>W\u00fcste<\/em><\/strong>, ein Werk, das auf der poetischen Erinnerung der Alameda de H\u00e9rcules basiert und Jos\u00e9 de la Tomasa als Gastk\u00fcnstler hat.<\/p>\n<p>Die <strong>29. September<\/strong>, <strong>Sara Jim\u00e9nez in Gesellschaft<\/strong> wird Premiere haben <strong><em>Das Unternehmen<\/em><\/strong>, eine B\u00fchnenfabel, die Flamenco-, zeitgen\u00f6ssischen Tanz-, Theater- und Zirkusbilder mischt, um \u00fcber Identit\u00e4t, Differenz und den Platz des K\u00fcnstlers nachzudenken.<\/p>\n<p>und die <strong>2. Oktober<\/strong>, Sandra Carrasco und David de Arahal werden pr\u00e4sentieren <em>Freiheitsgedicht<\/em>. Das Central erm\u00f6glicht uns somit, fast wie ein Festival innerhalb des Festivals, einige der offensten Wege des zeitgen\u00f6ssischen Flamenco zu beschreiten.<\/p>\n<\/div><\/div><\/div><\/div><\/div><\/div><\/div><\/section><section class=\"l-section wpb_row height_huge color_alternate with_shape\"><div class=\"l-section-shape type_zigzag pos_top hor_flip\" style=\"height:3vmin;\"><svg xmlns=\"http:\/\/www.w3.org\/2000\/svg\" viewBox=\"0 0 64 8\" preserveAspectRatio=\"none\" width=\"100%\" height=\"100%\">\r\n\t<path fill=\"currentColor\" d=\"M64 8 L0 8 L0 0 L20 7.9 L40 3 L48 5 L64 0 Z\"\/>\r\n<\/svg><\/div><div class=\"l-section-shape type_zigzag pos_bottom\" style=\"height:3vmin;\"><svg xmlns=\"http:\/\/www.w3.org\/2000\/svg\" viewBox=\"0 0 64 8\" preserveAspectRatio=\"none\" width=\"100%\" height=\"100%\">\r\n\t<path fill=\"currentColor\" d=\"M64 8 L0 8 L0 0 L20 7.9 L40 3 L48 5 L64 0 Z\"\/>\r\n<\/svg><\/div><div class=\"l-section-h i-cf\"><div class=\"g-cols vc_row via_flex valign_top type_default stacking_default\"><div class=\"vc_col-sm-12 wpb_column vc_column_container\"><div class=\"vc_column-inner\"><div class=\"wpb_wrapper\"><div class=\"wpb_text_column\"><div class=\"wpb_wrapper\"><h2>Israel Galv\u00e1n, Pastora Galv\u00e1n und Farruquito: die gro\u00dfe Tanzsektion<\/h2>\n<p>Die <strong>26. September<\/strong> konzentriert sich auf zwei besonders attraktive Premieren f\u00fcr Liebhaber des sevillanischen Tanzes. Um 20:00 Uhr im Maestranza Theater, <strong>Israel Galvan<\/strong> wird pr\u00e4sentieren <strong><em>Schwarz-wei\u00dfer Bolero<\/em><\/strong>, seine Herangehensweise an das Universum von Maurice Ravel und das Bolero-Genre.<\/p>\n<p>Um 22:30 Uhr empf\u00e4ngt das Alameda Theater <strong>Pastora Galvan<\/strong> mit <strong><em>TRIBEsssh!<\/em><\/strong>, ein Werk, das ihre B\u00fchnenpers\u00f6nlichkeit und die Tradition des sevillanischen Frauentanzes mit einer breiteren musikalischen Vorstellungswelt in Dialog bringt.<\/p>\n<p>Zwei Tage sp\u00e4ter, die <strong>28. September<\/strong>, <strong>Farruquito<\/strong> wird im Teatro de la Maestranza uraufgef\u00fchrt <strong><em>Sie werden Farruquito sein: das Musical<\/em><\/strong>. Das Projekt entfernt sich vom herk\u00f6mmlichen Konzertformat und baut eine emotionale Biografie rund um seine pers\u00f6nliche, famili\u00e4re und k\u00fcnstlerische Geschichte auf, mit eigenen Archiven, einer Tanzgruppe und umfassender musikalischer Ausbildung.<\/p>\n<p>Die Tanztournee wird mit Macarena L\u00f3pez, Ana Morales, Olga Pericet, Andr\u00e9s Mar\u00edn, Sara Jim\u00e9nez, Alfonso Losa und der nationalen Premiere von David Coria abgerundet und zeigt, in welchem \u200b\u200bAusma\u00df die Ausgabe 2026 den K\u00f6rper als Territorium der Erinnerung, Forschung und Sch\u00f6pfung nutzt.<\/p>\n<\/div><\/div><\/div><\/div><\/div><\/div><\/div><\/section><section class=\"l-section wpb_row height_huge\"><div class=\"l-section-h i-cf\"><div class=\"g-cols vc_row via_flex valign_top type_default stacking_default\"><div class=\"vc_col-sm-12 wpb_column vc_column_container\"><div class=\"vc_column-inner\"><div class=\"wpb_wrapper\"><div class=\"wpb_text_column\"><div class=\"wpb_wrapper\"><h2>Der kreative Abschluss: Minimale Geste und Gedicht der Freiheit<\/h2>\n<p>Die <strong>2. Oktober<\/strong>Nur einen Tag vor der Schlie\u00dfung konzentriert die Biennale zwei sehr unterschiedliche absolute Premieren.<\/p>\n<p>Um 20:00 Uhr in Lope de Vega, <strong>Alfonso Losa<\/strong> wird pr\u00e4sentieren <strong><em>Minimale Geste<\/em><\/strong>, eine Untersuchung des K\u00f6rpers als Begegnungsraum und der Idee einer \u201eTanzgemeinschaft\u201c. Mit kleinen choreografischen Gesten reflektiert die Arbeit das Zusammenleben, die Fragilit\u00e4t und die Beziehung zwischen K\u00f6rpern.<\/p>\n<p>Um 22:30 Uhr im Zentraltheater, <strong>Sandra Carrasco und David de Arahal<\/strong> wird freigeben <strong><em>Freiheitsgedicht<\/em><\/strong>. Der R\u00fcckblick auf das Erbe von Pepe Marchena kn\u00fcpft an einen der gro\u00dfen historischen F\u00e4den dieser Ausgabe an: das Jahrhundert, das seit der Etablierung der Flamenco-Oper als szenisches und beliebtes Ph\u00e4nomen vergangen ist.<\/p>\n<p>Dieser doppelte Abschluss fasst die Breite des Programms gut zusammen: Eine zeitgen\u00f6ssische choreografische Untersuchung und eine Neuinterpretation der Erinnerung an den Gesang koexistieren in derselben Nacht.<\/p>\n<\/div><\/div><\/div><\/div><\/div><\/div><\/div><\/section><section class=\"l-section wpb_row height_huge color_alternate with_shape\"><div class=\"l-section-shape type_zigzag pos_top hor_flip\" style=\"height:3vmin;\"><svg xmlns=\"http:\/\/www.w3.org\/2000\/svg\" viewBox=\"0 0 64 8\" preserveAspectRatio=\"none\" width=\"100%\" height=\"100%\">\r\n\t<path fill=\"currentColor\" d=\"M64 8 L0 8 L0 0 L20 7.9 L40 3 L48 5 L64 0 Z\"\/>\r\n<\/svg><\/div><div class=\"l-section-shape type_zigzag pos_bottom\" style=\"height:3vmin;\"><svg xmlns=\"http:\/\/www.w3.org\/2000\/svg\" viewBox=\"0 0 64 8\" preserveAspectRatio=\"none\" width=\"100%\" height=\"100%\">\r\n\t<path fill=\"currentColor\" d=\"M64 8 L0 8 L0 0 L20 7.9 L40 3 L48 5 L64 0 Z\"\/>\r\n<\/svg><\/div><div class=\"l-section-h i-cf\"><div class=\"g-cols vc_row via_flex valign_top type_default stacking_default\"><div class=\"vc_col-sm-12 wpb_column vc_column_container\"><div class=\"vc_column-inner\"><div class=\"wpb_wrapper\"><div class=\"wpb_text_column\"><div class=\"wpb_wrapper\"><h2>Wie w\u00e4hlt man zwischen so vielen Premieren?<\/h2>\n<p>Wenn Sie nur ein oder zwei Tage in Sevilla bleiben, ist der Versuch, der \u201ebesten Premiere\u201c nachzujagen, m\u00f6glicherweise weniger sinnvoll als die Entscheidung, welche Art von Flamenco Sie sehen m\u00f6chten.<\/p>\n<p>Wenn Sie suchen <strong>Gro\u00dfformat und Tanz<\/strong>, Sara Baras, Israel Galv\u00e1n oder Farruquito sind offensichtliche Referenzen. Bei Interesse <strong>Choreografische Forschung<\/strong>Schauen Sie in Richtung Ana Morales, Olga Pericet, Andr\u00e9s Mar\u00edn, Sara Jim\u00e9nez, Alfonso Losa oder David Coria. F\u00fcr <strong>Gesang und neue Stimmen<\/strong>, La Tremendita, \u00c1ngeles Toledano, Rancapino Chico oder Sandra Carrasco bieten ganz unterschiedliche Wege. Und wenn Ihre Priorit\u00e4t ist <strong>Ber\u00fchrung und Instrumentalmusik<\/strong>, Dorantes, Mar\u00eda Mar\u00edn, Rafael Riqueni mit Tim Ries und Pablo Mart\u00edn Caminero bilden eine au\u00dfergew\u00f6hnliche Tour.<\/p>\n<p>Es ist auch eine gute Idee, die Verf\u00fcgbarkeit zu pr\u00fcfen, bevor Sie Ihre Reise und Unterkunft abschlie\u00dfen. Einige Funktionen sind schon seit einiger Zeit vergriffen. Unser Leitfaden zu <a href=\"https:\/\/www.tablaosflamencos.com\/bienal-flamenco-2026-entradas-agotadas-que-ver.html\"><strong>Ausverkaufte Tickets f\u00fcr die Biennale 2026<\/strong><\/a> erkl\u00e4rt, welche Alternativen es gibt, wenn eine erste Option nicht mehr verf\u00fcgbar ist.<\/p>\n<p>Nicht alle gro\u00dfen Ereignisse der Ausgabe sind Premieren. Auch die Biennale hat angek\u00fcndigt <a href=\"https:\/\/www.tablaosflamencos.com\/noches-unicas-bienal-flamenco-sevilla-2026.html\"><strong>26 einzigartige N\u00e4chte<\/strong><\/a>, zus\u00e4tzlich zu Ausstellungen, parallelen Aktivit\u00e4ten und kostenlosen Vorschl\u00e4gen. Sie k\u00f6nnen unsere Liste einsehen <a href=\"https:\/\/www.tablaosflamencos.com\/bienal-flamenco-sevilla-2026-gratis.html\"><strong>kostenlose Aktivit\u00e4ten der Biennale 2026<\/strong><\/a> die Reise zu absolvieren, ohne ausschlie\u00dflich auf Theaterkarten angewiesen zu sein.<\/p>\n<p>Um Fahrpl\u00e4ne, Last-Minute-\u00c4nderungen und Ticketverk\u00e4ufe zu best\u00e4tigen, konsultieren Sie immer die <a href=\"https:\/\/www.labienal.com\/programa-general\" target=\"_blank\" rel=\"noopener\"><strong>Offizielles Programm der Biennale<\/strong><\/a>.<\/p>\n<\/div><\/div><div class=\"w-separator size_medium\"><\/div><div class=\"w-hwrapper valign_top wrap stack_on_mobiles align_center\" style=\"--hwrapper-gap:1.2rem\"><div class=\"w-btn-wrapper align_none\"><a class=\"w-btn us-btn-style_1\" href=\"https:\/\/www.tablaosflamencos.com\/de\/flamenco-biennale-sevilla-2026.html\"><span class=\"w-btn-label\">Vollst\u00e4ndiger Leitfaden zur Biennale 2026<\/span><\/a><\/div><div class=\"w-btn-wrapper align_none\"><a class=\"w-btn us-btn-style_1\" href=\"https:\/\/www.tablaosflamencos.com\/de\/flamenco-biennale-sevilla-2026-ausverkauft-alternativen.html\"><span class=\"w-btn-label\">Was tun, wenn keine Tickets mehr vorhanden sind?<\/span><\/a><\/div><div class=\"w-btn-wrapper align_none\"><a class=\"w-btn us-btn-style_1\" href=\"https:\/\/www.tablaosflamencos.com\/de\/flamenco-in-sevilla\"><span class=\"w-btn-label\">Sehen Sie Flamenco in Sevilla<\/span><\/a><\/div><\/div><\/div><\/div><\/div><\/div><\/div><\/section><section class=\"l-section wpb_row height_huge\"><div class=\"l-section-h i-cf\"><div class=\"g-cols vc_row via_flex valign_top type_default stacking_default\"><div class=\"vc_col-sm-1\/5 wpb_column vc_column_container\"><div class=\"vc_column-inner\"><div class=\"wpb_wrapper\"><\/div><\/div><\/div><div class=\"vc_col-sm-3\/5 wpb_column vc_column_container\"><div class=\"vc_column-inner\"><div class=\"wpb_wrapper\"><div class=\"wpb_text_column\"><div class=\"wpb_wrapper\"><h2 style=\"text-align: center;\">H\u00e4ufig gestellte Fragen zu den Premieren der Biennale 2026<\/h2>\n<\/div><\/div><div class=\"w-separator size_medium\"><\/div><div class=\"w-tabs accordion toggle_style_1 has_scrolling\" style=\"--sections-title-size:inherit;--sections-gap:0.5rem;\"><div class=\"w-tabs-sections titles-align_none icon_plus cpos_left\"><div class=\"w-tabs-section\" id=\"ob4e\" itemscope itemprop=\"mainEntity\" itemtype=\"https:\/\/schema.org\/Question\"><button type=\"button\" class=\"w-tabs-section-header\" aria-controls=\"content-ob4e\" aria-expanded=\"false\"><h3 class=\"w-tabs-section-title\" itemprop=\"name\">Wie viele absolute Premieren wird die Flamenco-Biennale 2026 haben?<\/h3><div class=\"w-tabs-section-control\"><\/div><\/button><div  class=\"w-tabs-section-content\" id=\"content-ob4e\" itemscope itemprop=\"acceptedAnswer\" itemtype=\"https:\/\/schema.org\/Answer\"><div class=\"w-tabs-section-content-h i-cf\" itemprop=\"text\"><div class=\"wpb_text_column\"><div class=\"wpb_wrapper\"><p>Das offizielle Update vom 18. August wurde angek\u00fcndigt <strong>20 absolute Premieren<\/strong>. Bei Durchsicht der am 1. September g\u00fcltigen Listen gibt es 19 absolute Premieren im allgemeinen B\u00fchnenprogramm und <em>Tirititran<\/em> als absolute Premiere in den Parallelaktivit\u00e4ten des CaixaForums. David Coria ist derzeit als nationale Premiere aufgef\u00fchrt.<\/p>\n<\/div><\/div><\/div><\/div><\/div><div class=\"w-tabs-section\" id=\"vc5f\" itemscope itemprop=\"mainEntity\" itemtype=\"https:\/\/schema.org\/Question\"><button type=\"button\" class=\"w-tabs-section-header\" aria-controls=\"content-vc5f\" aria-expanded=\"false\"><h3 class=\"w-tabs-section-title\" itemprop=\"name\">Warum sprechen manche Nachrichten von 22 absoluten Premieren?<\/h3><div class=\"w-tabs-section-control\"><\/div><\/button><div  class=\"w-tabs-section-content\" id=\"content-vc5f\" itemscope itemprop=\"acceptedAnswer\" itemtype=\"https:\/\/schema.org\/Answer\"><div class=\"w-tabs-section-content-h i-cf\" itemprop=\"text\"><div class=\"wpb_text_column\"><div class=\"wpb_wrapper\"><p>Bei der Erstpr\u00e4sentation im Februar 2026 k\u00fcndigte die Biennale 22 absolute Premieren an. Die Programmierung wurde angepasst und am 18. August ver\u00f6ffentlichte die Organisation selbst ein spezifisches Update mit etwa 20. F\u00fcr diesen Leitfaden verwenden wir immer die aktuellste Klassifizierung der offiziellen Dateien.<\/p>\n<\/div><\/div><\/div><\/div><\/div><div class=\"w-tabs-section\" id=\"ld5e\" itemscope itemprop=\"mainEntity\" itemtype=\"https:\/\/schema.org\/Question\"><button type=\"button\" class=\"w-tabs-section-header\" aria-controls=\"content-ld5e\" aria-expanded=\"false\"><h3 class=\"w-tabs-section-title\" itemprop=\"name\">Was bedeutet absolute Premiere auf der Biennale?<\/h3><div class=\"w-tabs-section-control\"><\/div><\/button><div  class=\"w-tabs-section-content\" id=\"content-ld5e\" itemscope itemprop=\"acceptedAnswer\" itemtype=\"https:\/\/schema.org\/Answer\"><div class=\"w-tabs-section-content-h i-cf\" itemprop=\"text\"><div class=\"wpb_text_column\"><div class=\"wpb_wrapper\"><p>Eine absolute Premiere ist die <strong>erste \u00f6ffentliche Pr\u00e4sentation eines Werkes<\/strong>. Wenn auf dem Blatt eine nationale Premiere angegeben ist, bedeutet dies, dass die Auff\u00fchrung bereits au\u00dferhalb Spaniens aufgef\u00fchrt wurde und zum ersten Mal im Land aufgef\u00fchrt wird.<\/p>\n<\/div><\/div><\/div><\/div><\/div><div class=\"w-tabs-section\" id=\"le40\" itemscope itemprop=\"mainEntity\" itemtype=\"https:\/\/schema.org\/Question\"><button type=\"button\" class=\"w-tabs-section-header\" aria-controls=\"content-le40\" aria-expanded=\"false\"><h3 class=\"w-tabs-section-title\" itemprop=\"name\">Wann erscheint \u201eInfinita\u201c von Sara Baras?<\/h3><div class=\"w-tabs-section-control\"><\/div><\/button><div  class=\"w-tabs-section-content\" id=\"content-le40\" itemscope itemprop=\"acceptedAnswer\" itemtype=\"https:\/\/schema.org\/Answer\"><div class=\"w-tabs-section-content-h i-cf\" itemprop=\"text\"><div class=\"wpb_text_column\"><div class=\"wpb_wrapper\"><p><em>Unendlich<\/em> erscheint an Tagen <strong>11., 12. und 13. September 2026 um 20:00 Uhr<\/strong> im Maestranza Theater. Die Urauff\u00fchrung am 11. stellt die absolute Urauff\u00fchrung des Werkes dar.<\/p>\n<\/div><\/div><\/div><\/div><\/div><div class=\"w-tabs-section\" id=\"df14\" itemscope itemprop=\"mainEntity\" itemtype=\"https:\/\/schema.org\/Question\"><button type=\"button\" class=\"w-tabs-section-header\" aria-controls=\"content-df14\" aria-expanded=\"false\"><h3 class=\"w-tabs-section-title\" itemprop=\"name\">Z\u00e4hlt Tirititr\u00e1n als absolute Premiere?<\/h3><div class=\"w-tabs-section-control\"><\/div><\/button><div  class=\"w-tabs-section-content\" id=\"content-df14\" itemscope itemprop=\"acceptedAnswer\" itemtype=\"https:\/\/schema.org\/Answer\"><div class=\"w-tabs-section-content-h i-cf\" itemprop=\"text\"><div class=\"wpb_text_column\"><div class=\"wpb_wrapper\"><p>Ja. Die offizielle Familienaktivit\u00e4tsdatei <em>Tirititran<\/em> identifiziert sie als <strong>absolute Premiere<\/strong>. Sie findet vom 11. bis 13. September im CaixaForum mit mehreren Sitzungen statt und ist eine kostenlose Aktivit\u00e4t mit vorheriger Reservierung.<\/p>\n<\/div><\/div><\/div><\/div><\/div><div class=\"w-tabs-section\" id=\"uff7\" itemscope itemprop=\"mainEntity\" itemtype=\"https:\/\/schema.org\/Question\"><button type=\"button\" class=\"w-tabs-section-header\" aria-controls=\"content-uff7\" aria-expanded=\"false\"><h3 class=\"w-tabs-section-title\" itemprop=\"name\">Babel? Wohnturm. von David Coria ist eine absolute Premiere?<\/h3><div class=\"w-tabs-section-control\"><\/div><\/button><div  class=\"w-tabs-section-content\" id=\"content-uff7\" itemscope itemprop=\"acceptedAnswer\" itemtype=\"https:\/\/schema.org\/Answer\"><div class=\"w-tabs-section-content-h i-cf\" itemprop=\"text\"><div class=\"wpb_text_column\"><div class=\"wpb_wrapper\"><p>Die aktuelle amtliche Aufzeichnung identifiziert <em>Babel. Wohnturm.<\/em> wie <strong>Bundespremiere<\/strong>. Es ist f\u00fcr den 29. September 2026 um 20:00 Uhr geplant. im Lope de Vega Theater.<\/p>\n<\/div><\/div><\/div><\/div><\/div><div class=\"w-tabs-section\" id=\"a0f4\" itemscope itemprop=\"mainEntity\" itemtype=\"https:\/\/schema.org\/Question\"><button type=\"button\" class=\"w-tabs-section-header\" aria-controls=\"content-a0f4\" aria-expanded=\"false\"><h3 class=\"w-tabs-section-title\" itemprop=\"name\">Wann erscheint Israel Galv\u00e1ns schwarz-wei\u00dfer Bolero?<\/h3><div class=\"w-tabs-section-control\"><\/div><\/button><div  class=\"w-tabs-section-content\" id=\"content-a0f4\" itemscope itemprop=\"acceptedAnswer\" itemtype=\"https:\/\/schema.org\/Answer\"><div class=\"w-tabs-section-content-h i-cf\" itemprop=\"text\"><div class=\"wpb_text_column\"><div class=\"wpb_wrapper\"><p>Israel Galv\u00e1n wird Premiere haben <em>Schwarz-wei\u00dfer Bolero<\/em> die <strong>26. September 2026 um 20:00 Uhr<\/strong> im Maestranza Theater.<\/p>\n<\/div><\/div><\/div><\/div><\/div><div class=\"w-tabs-section\" id=\"v1c3\" itemscope itemprop=\"mainEntity\" itemtype=\"https:\/\/schema.org\/Question\"><button type=\"button\" class=\"w-tabs-section-header\" aria-controls=\"content-v1c3\" aria-expanded=\"false\"><h3 class=\"w-tabs-section-title\" itemprop=\"name\">Wann feiert die neue Show von Farruquito Premiere?<\/h3><div class=\"w-tabs-section-control\"><\/div><\/button><div  class=\"w-tabs-section-content\" id=\"content-v1c3\" itemscope itemprop=\"acceptedAnswer\" itemtype=\"https:\/\/schema.org\/Answer\"><div class=\"w-tabs-section-content-h i-cf\" itemprop=\"text\"><div class=\"wpb_text_column\"><div class=\"wpb_wrapper\"><p>Farruquito wird pr\u00e4sentieren <em>Sie werden Farruquito sein: das Musical<\/em> die <strong>28. September 2026 um 20:00 Uhr<\/strong> im Maestranza Theater.<\/p>\n<\/div><\/div><\/div><\/div><\/div><div class=\"w-tabs-section\" id=\"u2a8\" itemscope itemprop=\"mainEntity\" itemtype=\"https:\/\/schema.org\/Question\"><button type=\"button\" class=\"w-tabs-section-header\" aria-controls=\"content-u2a8\" aria-expanded=\"false\"><h3 class=\"w-tabs-section-title\" itemprop=\"name\">Welche Ber\u00fchrungs- und Instrumentalurauff\u00fchrungen stechen hervor?<\/h3><div class=\"w-tabs-section-control\"><\/div><\/button><div  class=\"w-tabs-section-content\" id=\"content-u2a8\" itemscope itemprop=\"acceptedAnswer\" itemtype=\"https:\/\/schema.org\/Answer\"><div class=\"w-tabs-section-content-h i-cf\" itemprop=\"text\"><div class=\"wpb_text_column\"><div class=\"wpb_wrapper\"><p>Unter den Instrumentalvorschl\u00e4gen stechen folgende hervor: <em>Arkanes Fraktal<\/em> von Dorantes, <em>Die drei Marien<\/em> von Mar\u00eda Mar\u00edn, <em>Tunesien<\/em> von Rafael Riqueni und Tim Ries und <em>Trilogie. zum Tanz<\/em> von Pablo Mart\u00edn Caminero mit Mar\u00eda Moreno.<\/p>\n<\/div><\/div><\/div><\/div><\/div><div class=\"w-tabs-section\" id=\"c37f\" itemscope itemprop=\"mainEntity\" itemtype=\"https:\/\/schema.org\/Question\"><button type=\"button\" class=\"w-tabs-section-header\" aria-controls=\"content-c37f\" aria-expanded=\"false\"><h3 class=\"w-tabs-section-title\" itemprop=\"name\">Wo kauft man Tickets und pr\u00fcft das Wechselgeld?<\/h3><div class=\"w-tabs-section-control\"><\/div><\/button><div  class=\"w-tabs-section-content\" id=\"content-c37f\" itemscope itemprop=\"acceptedAnswer\" itemtype=\"https:\/\/schema.org\/Answer\"><div class=\"w-tabs-section-content-h i-cf\" itemprop=\"text\"><div class=\"wpb_text_column\"><div class=\"wpb_wrapper\"><p>Die Hauptreferenz sollte sein <a href=\"https:\/\/www.labienal.com\/programa-general\" target=\"_blank\" rel=\"noopener\"><strong>Offizielles Programm der Biennale<\/strong><\/a>, wo die Details jeder Show, Zeitpl\u00e4ne, R\u00e4ume und offizielle Vertriebskan\u00e4le angezeigt werden. Bei Tablaos Flamencos f\u00fchren wir au\u00dferdem spezielle Leitf\u00e4den zu Verf\u00fcgbarkeit, kostenlosen Aktivit\u00e4ten und empfohlenen Programmen.<\/p>\n<\/div><\/div><\/div><\/div><\/div><\/div><\/div><\/div><\/div><\/div><div class=\"vc_col-sm-1\/5 wpb_column vc_column_container\"><div class=\"vc_column-inner\"><div class=\"wpb_wrapper\"><\/div><\/div><\/div><\/div><\/div><\/section><section class=\"l-section wpb_row height_huge color_alternate with_shape\"><div class=\"l-section-shape type_zigzag pos_top hor_flip\" style=\"height:3vmin;\"><svg xmlns=\"http:\/\/www.w3.org\/2000\/svg\" viewBox=\"0 0 64 8\" preserveAspectRatio=\"none\" width=\"100%\" height=\"100%\">\r\n\t<path fill=\"currentColor\" d=\"M64 8 L0 8 L0 0 L20 7.9 L40 3 L48 5 L64 0 Z\"\/>\r\n<\/svg><\/div><div class=\"l-section-shape type_zigzag pos_bottom\" style=\"height:3vmin;\"><svg xmlns=\"http:\/\/www.w3.org\/2000\/svg\" viewBox=\"0 0 64 8\" preserveAspectRatio=\"none\" width=\"100%\" height=\"100%\">\r\n\t<path fill=\"currentColor\" d=\"M64 8 L0 8 L0 0 L20 7.9 L40 3 L48 5 L64 0 Z\"\/>\r\n<\/svg><\/div><div class=\"l-section-h i-cf\"><div class=\"g-cols vc_row via_flex valign_top type_default stacking_default\"><div class=\"vc_col-sm-12 wpb_column vc_column_container\"><div class=\"vc_column-inner\"><div class=\"wpb_wrapper\"><div class=\"wpb_text_column\"><div class=\"wpb_wrapper\"><h2>Sevilla ist wieder einmal der Ort, an dem neue Flamenco-Shows entstehen<\/h2>\n<p>Die Dimension einer Biennale wird auch daran gemessen, was sie nach ihrem Ende hinterl\u00e4sst. Im Oktober werden viele dieser Werke ihre Reise beginnen oder fortsetzen und in Programmen in anderen St\u00e4dten und L\u00e4ndern erscheinen. Doch im September 2026 wird es einen Moment geben, in dem es noch keine konsolidierte \u00f6ffentliche Lesart dessen gibt, was gerade entstanden ist.<\/p>\n<p>Dieser Moment ist die Premiere.<\/p>\n<p>Die Flamenco-Biennale von Sevilla positioniert sich damit erneut nicht nur als Schaufenster f\u00fcr gro\u00dfe K\u00fcnstler, sondern als <strong>Geburtsort neuer Repertoires, Choreografien und Formate<\/strong>. F\u00fcr den Fan ist die M\u00f6glichkeit, zum ersten Mal dabei zu sein, einer der st\u00e4rksten Gr\u00fcnde, das Festival live zu erleben.<\/p>\n<p>Und wenn Ihr Termin nicht mit der von Ihnen gew\u00fcnschten Premiere \u00fcbereinstimmt oder die Tickets bereits ausverkauft sind, bietet Sevilla jeden Abend ein gro\u00dfes Angebot an Tablaos und Flamenco-Shows. Auf unserer Seite k\u00f6nnen Sie Optionen vergleichen <a href=\"https:\/\/www.tablaosflamencos.com\/flamenco-en-sevilla\"><strong>Flamenco in Sevilla<\/strong><\/a>.<\/p>\n<\/div><\/div><\/div><\/div><\/div><\/div><\/div><\/section>\n","protected":false},"excerpt":{"rendered":"<p>Guide zu den 20 Urauff\u00fchrungen der Flamenco-Biennale Sevilla 2026: Termine, K\u00fcnstler, Spielorte und David Corias Spanienpremiere.<\/p>\n","protected":false},"author":1,"featured_media":13846,"comment_status":"closed","ping_status":"closed","sticky":false,"template":"","format":"standard","meta":{"_acf_changed":false,"wpai_generated_summary":"","_ayudawp_aiss_exclude":false,"_ayudawp_aiss_exclude_summary":false,"_ayudawp_aiss_summary":"","_ayudawp_aiss_summary_provider":"","_ayudawp_aiss_summary_hash":"","footnotes":""},"categories":[1431],"tags":[1244,1245,1246,1247,1166,405],"class_list":["post-14025","post","type-post","status-publish","format-standard","has-post-thumbnail","hentry","category-flamenco-biennale","tag-agenda-flamenca","tag-bienal-2026","tag-bienal-de-flamenco","tag-festivales-flamencos","tag-flamenco-en-sevilla","tag-sevilla"],"acf":[],"yoast_head":"<!-- This site is optimized with the Yoast SEO Premium plugin v28.4 (Yoast SEO v28.4) - https:\/\/yoast.com\/product\/yoast-seo-premium-wordpress\/ -->\n<title>Premieren der Flamenco-Biennale 2026: 20 Schl\u00fcsselwerke<\/title>\n<meta name=\"description\" content=\"Guide zu den 20 Urauff\u00fchrungen der Flamenco-Biennale Sevilla 2026: Termine, K\u00fcnstler, Spielorte und David Corias Spanienpremiere.\" \/>\n<meta name=\"robots\" content=\"index, follow, max-snippet:-1, max-image-preview:large, max-video-preview:-1\" \/>\n<link rel=\"canonical\" href=\"https:\/\/www.tablaosflamencos.com\/de\/grosse-premieren-flamenco-biennale-sevilla-2026.html\" \/>\n<meta property=\"og:locale\" content=\"de_DE\" \/>\n<meta property=\"og:type\" content=\"article\" \/>\n<meta property=\"og:title\" content=\"Die gro\u00dfen Premieren der Flamenco-Biennale Sevilla 2026\" \/>\n<meta property=\"og:description\" content=\"Guide zu den 20 Urauff\u00fchrungen der Flamenco-Biennale Sevilla 2026: Termine, K\u00fcnstler, Spielorte und David Corias Spanienpremiere.\" \/>\n<meta property=\"og:url\" content=\"https:\/\/www.tablaosflamencos.com\/de\/grosse-premieren-flamenco-biennale-sevilla-2026.html\" \/>\n<meta property=\"og:site_name\" content=\"Tablaos Flamencos\" \/>\n<meta property=\"article:publisher\" content=\"https:\/\/www.facebook.com\/tablaosflamencos\" \/>\n<meta property=\"article:published_time\" content=\"2026-09-01T10:18:55+00:00\" \/>\n<meta property=\"article:modified_time\" content=\"2026-09-02T10:13:51+00:00\" \/>\n<meta property=\"og:image\" content=\"https:\/\/www.tablaosflamencos.com\/wp-content\/uploads\/los-grandes-estrenos-de-la-bienal-2026-01.webp\" \/>\n\t<meta property=\"og:image:width\" content=\"1920\" \/>\n\t<meta property=\"og:image:height\" content=\"1072\" \/>\n\t<meta property=\"og:image:type\" content=\"image\/webp\" \/>\n<meta name=\"author\" content=\"Miguel Ortiz\" \/>\n<meta name=\"twitter:card\" content=\"summary_large_image\" \/>\n<meta name=\"twitter:creator\" content=\"@tablaosflamenco\" \/>\n<meta name=\"twitter:site\" content=\"@tablaosflamenco\" \/>\n<meta name=\"twitter:label1\" content=\"Verfasst von\" \/>\n\t<meta name=\"twitter:data1\" content=\"Miguel Ortiz\" \/>\n\t<meta name=\"twitter:label2\" content=\"Gesch\u00e4tzte Lesezeit\" \/>\n\t<meta name=\"twitter:data2\" content=\"19\u00a0Minuten\" \/>\n<script type=\"application\/ld+json\" class=\"yoast-schema-graph\">{\"@context\":\"https:\\\/\\\/schema.org\",\"@graph\":[{\"@type\":\"Article\",\"@id\":\"https:\\\/\\\/www.tablaosflamencos.com\\\/de\\\/grosse-premieren-flamenco-biennale-sevilla-2026.html#article\",\"isPartOf\":{\"@id\":\"https:\\\/\\\/www.tablaosflamencos.com\\\/de\\\/grosse-premieren-flamenco-biennale-sevilla-2026.html\"},\"author\":{\"name\":\"Miguel Ortiz\",\"@id\":\"https:\\\/\\\/www.tablaosflamencos.com\\\/de#\\\/schema\\\/person\\\/e7a9ebe14eb75a52ceabfbffb3c54f5d\"},\"headline\":\"Die gro\u00dfen Premieren der Flamenco-Biennale Sevilla 2026\",\"datePublished\":\"2026-09-01T10:18:55+00:00\",\"dateModified\":\"2026-09-02T10:13:51+00:00\",\"mainEntityOfPage\":{\"@id\":\"https:\\\/\\\/www.tablaosflamencos.com\\\/de\\\/grosse-premieren-flamenco-biennale-sevilla-2026.html\"},\"wordCount\":3750,\"publisher\":{\"@id\":\"https:\\\/\\\/www.tablaosflamencos.com\\\/de#organization\"},\"image\":{\"@id\":\"https:\\\/\\\/www.tablaosflamencos.com\\\/de\\\/grosse-premieren-flamenco-biennale-sevilla-2026.html#primaryimage\"},\"thumbnailUrl\":\"https:\\\/\\\/www.tablaosflamencos.com\\\/wp-content\\\/uploads\\\/los-grandes-estrenos-de-la-bienal-2026-01.webp\",\"keywords\":[\"agenda flamenca\",\"Bienal 2026\",\"Bienal de Flamenco\",\"festivales flamencos\",\"flamenco en Sevilla\",\"sevilla\"],\"articleSection\":[\"Flamenco-Biennale\"],\"inLanguage\":\"de\"},{\"@type\":\"WebPage\",\"@id\":\"https:\\\/\\\/www.tablaosflamencos.com\\\/de\\\/grosse-premieren-flamenco-biennale-sevilla-2026.html\",\"url\":\"https:\\\/\\\/www.tablaosflamencos.com\\\/de\\\/grosse-premieren-flamenco-biennale-sevilla-2026.html\",\"name\":\"Premieren der Flamenco-Biennale 2026: 20 Schl\u00fcsselwerke\",\"isPartOf\":{\"@id\":\"https:\\\/\\\/www.tablaosflamencos.com\\\/de#website\"},\"primaryImageOfPage\":{\"@id\":\"https:\\\/\\\/www.tablaosflamencos.com\\\/de\\\/grosse-premieren-flamenco-biennale-sevilla-2026.html#primaryimage\"},\"image\":{\"@id\":\"https:\\\/\\\/www.tablaosflamencos.com\\\/de\\\/grosse-premieren-flamenco-biennale-sevilla-2026.html#primaryimage\"},\"thumbnailUrl\":\"https:\\\/\\\/www.tablaosflamencos.com\\\/wp-content\\\/uploads\\\/los-grandes-estrenos-de-la-bienal-2026-01.webp\",\"datePublished\":\"2026-09-01T10:18:55+00:00\",\"dateModified\":\"2026-09-02T10:13:51+00:00\",\"description\":\"Guide zu den 20 Urauff\u00fchrungen der Flamenco-Biennale Sevilla 2026: Termine, K\u00fcnstler, Spielorte und David Corias Spanienpremiere.\",\"breadcrumb\":{\"@id\":\"https:\\\/\\\/www.tablaosflamencos.com\\\/de\\\/grosse-premieren-flamenco-biennale-sevilla-2026.html#breadcrumb\"},\"inLanguage\":\"de\",\"potentialAction\":[{\"@type\":\"ReadAction\",\"target\":[\"https:\\\/\\\/www.tablaosflamencos.com\\\/de\\\/grosse-premieren-flamenco-biennale-sevilla-2026.html\"]}]},{\"@type\":\"ImageObject\",\"inLanguage\":\"de\",\"@id\":\"https:\\\/\\\/www.tablaosflamencos.com\\\/de\\\/grosse-premieren-flamenco-biennale-sevilla-2026.html#primaryimage\",\"url\":\"https:\\\/\\\/www.tablaosflamencos.com\\\/wp-content\\\/uploads\\\/los-grandes-estrenos-de-la-bienal-2026-01.webp\",\"contentUrl\":\"https:\\\/\\\/www.tablaosflamencos.com\\\/wp-content\\\/uploads\\\/los-grandes-estrenos-de-la-bienal-2026-01.webp\",\"width\":1920,\"height\":1072,\"caption\":\"Los grandes estrenos de la Bienal 2026\"},{\"@type\":\"BreadcrumbList\",\"@id\":\"https:\\\/\\\/www.tablaosflamencos.com\\\/de\\\/grosse-premieren-flamenco-biennale-sevilla-2026.html#breadcrumb\",\"itemListElement\":[{\"@type\":\"ListItem\",\"position\":1,\"name\":\"Home\",\"item\":\"https:\\\/\\\/www.tablaosflamencos.com\\\/de\"},{\"@type\":\"ListItem\",\"position\":2,\"name\":\"Die gro\u00dfen Premieren der Flamenco-Biennale Sevilla 2026\"}]},{\"@type\":\"WebSite\",\"@id\":\"https:\\\/\\\/www.tablaosflamencos.com\\\/de#website\",\"url\":\"https:\\\/\\\/www.tablaosflamencos.com\\\/de\",\"name\":\"Tablaos Flamencos\",\"description\":\"Entradas para tablaos flamencos de Espa\u00f1a\",\"publisher\":{\"@id\":\"https:\\\/\\\/www.tablaosflamencos.com\\\/de#organization\"},\"alternateName\":\"Tablaos Flamencos\",\"potentialAction\":[{\"@type\":\"SearchAction\",\"target\":{\"@type\":\"EntryPoint\",\"urlTemplate\":\"https:\\\/\\\/www.tablaosflamencos.com\\\/de?s={search_term_string}\"},\"query-input\":{\"@type\":\"PropertyValueSpecification\",\"valueRequired\":true,\"valueName\":\"search_term_string\"}}],\"inLanguage\":\"de\"},{\"@type\":[\"Organization\",\"Place\",\"EntertainmentBusiness\"],\"@id\":\"https:\\\/\\\/www.tablaosflamencos.com\\\/de#organization\",\"name\":\"Tablaos Flamencos\",\"alternateName\":\"Tablaos Flamencos\",\"url\":\"https:\\\/\\\/www.tablaosflamencos.com\\\/de\",\"logo\":{\"@id\":\"https:\\\/\\\/www.tablaosflamencos.com\\\/de\\\/grosse-premieren-flamenco-biennale-sevilla-2026.html#local-main-organization-logo\"},\"image\":{\"@id\":\"https:\\\/\\\/www.tablaosflamencos.com\\\/de\\\/grosse-premieren-flamenco-biennale-sevilla-2026.html#local-main-organization-logo\"},\"sameAs\":[\"https:\\\/\\\/www.facebook.com\\\/tablaosflamencos\",\"https:\\\/\\\/x.com\\\/tablaosflamenco\",\"https:\\\/\\\/mastodon.social\\\/@tablaosflamencos\",\"https:\\\/\\\/www.instagram.com\\\/tablaosflamencos\",\"https:\\\/\\\/tiktok.com\\\/@tablaosflamencos\",\"https:\\\/\\\/www.linkedin.com\\\/company\\\/109408238\\\/\"],\"description\":\"Venta de entradas para espect\u00e1culos flamencos\",\"legalName\":\"Tablaos Flamencos\",\"foundingDate\":\"2015-01-01\",\"numberOfEmployees\":{\"@type\":\"QuantitativeValue\",\"minValue\":\"1\",\"maxValue\":\"10\"},\"address\":{\"@id\":\"https:\\\/\\\/www.tablaosflamencos.com\\\/de\\\/grosse-premieren-flamenco-biennale-sevilla-2026.html#local-main-place-address\"},\"geo\":{\"@type\":\"GeoCoordinates\",\"latitude\":\"37.3868072\",\"longitude\":\"-5.993280299999999\"},\"telephone\":[\"+34623787787\"],\"contactPoint\":{\"@type\":\"ContactPoint\",\"telephone\":\"+34623787787\",\"email\":\"info@tablaosflamencos.com\"},\"openingHoursSpecification\":{\"@type\":\"OpeningHoursSpecification\",\"dayOfWeek\":[\"Monday\",\"Tuesday\",\"Wednesday\",\"Thursday\",\"Friday\",\"Saturday\",\"Sunday\"],\"opens\":\"00:00\",\"closes\":\"23:59\"},\"email\":\"info@tablaosflamencos.com\",\"priceRange\":\"$$$\",\"currenciesAccepted\":\"\u20ac\"},{\"@type\":\"Person\",\"@id\":\"https:\\\/\\\/www.tablaosflamencos.com\\\/de#\\\/schema\\\/person\\\/e7a9ebe14eb75a52ceabfbffb3c54f5d\",\"name\":\"Miguel Ortiz\",\"description\":\"Miguel Ortiz es un empresario flamenco, con una s\u00f3lida trayectoria dentro del sector. Ha presidido entidades culturales vinculadas al flamenco y, cuenta con un amplio recorrido profesional en la gesti\u00f3n y promoci\u00f3n de espect\u00e1culos y tablaos flamencos. Su pasi\u00f3n por la historia y el arte flamenco se refleja en cada art\u00edculo, donde combina experiencia, criterio y un profundo respeto por la tradici\u00f3n.\",\"sameAs\":[\"https:\\\/\\\/www.tablaosflamencos.com\",\"https:\\\/\\\/www.instagra.com\\\/miguelortizfe\",\"https:\\\/\\\/www.linkedin.com\\\/in\\\/miguelortizf\\\/\"],\"birthDate\":\"1984-11-22\",\"gender\":\"hombre\",\"knowsLanguage\":[\"espa\u00f1ol\",\"ingl\u00e9s\"],\"jobTitle\":\"Empresario flamenco\"},{\"@type\":\"PostalAddress\",\"@id\":\"https:\\\/\\\/www.tablaosflamencos.com\\\/de\\\/grosse-premieren-flamenco-biennale-sevilla-2026.html#local-main-place-address\",\"streetAddress\":\"C\\\/ Alemanes, 19\",\"addressLocality\":\"Sevilla\",\"postalCode\":\"41004\",\"addressRegion\":\"Sevilla\",\"addressCountry\":\"ES\"},{\"@type\":\"ImageObject\",\"inLanguage\":\"de\",\"@id\":\"https:\\\/\\\/www.tablaosflamencos.com\\\/de\\\/grosse-premieren-flamenco-biennale-sevilla-2026.html#local-main-organization-logo\",\"url\":\"https:\\\/\\\/www.tablaosflamencos.com\\\/wp-content\\\/uploads\\\/tablaos-flamencos-06-3.webp\",\"contentUrl\":\"https:\\\/\\\/www.tablaosflamencos.com\\\/wp-content\\\/uploads\\\/tablaos-flamencos-06-3.webp\",\"width\":600,\"height\":620,\"caption\":\"Tablaos Flamencos\"}]}<\/script>\n<meta name=\"geo.placename\" content=\"Sevilla\" \/>\n<meta name=\"geo.position\" content=\"37.3868072;-5.993280299999999\" \/>\n<meta name=\"geo.region\" content=\"Spanien\" \/>\n<!-- \/ Yoast SEO Premium plugin. -->","yoast_head_json":{"title":"Premieren der Flamenco-Biennale 2026: 20 Schl\u00fcsselwerke","description":"Guide zu den 20 Urauff\u00fchrungen der Flamenco-Biennale Sevilla 2026: Termine, K\u00fcnstler, Spielorte und David Corias Spanienpremiere.","robots":{"index":"index","follow":"follow","max-snippet":"max-snippet:-1","max-image-preview":"max-image-preview:large","max-video-preview":"max-video-preview:-1"},"canonical":"https:\/\/www.tablaosflamencos.com\/de\/grosse-premieren-flamenco-biennale-sevilla-2026.html","og_locale":"de_DE","og_type":"article","og_title":"Die gro\u00dfen Premieren der Flamenco-Biennale Sevilla 2026","og_description":"Guide zu den 20 Urauff\u00fchrungen der Flamenco-Biennale Sevilla 2026: Termine, K\u00fcnstler, Spielorte und David Corias Spanienpremiere.","og_url":"https:\/\/www.tablaosflamencos.com\/de\/grosse-premieren-flamenco-biennale-sevilla-2026.html","og_site_name":"Tablaos Flamencos","article_publisher":"https:\/\/www.facebook.com\/tablaosflamencos","article_published_time":"2026-09-01T10:18:55+00:00","article_modified_time":"2026-09-02T10:13:51+00:00","og_image":[{"width":1920,"height":1072,"url":"https:\/\/www.tablaosflamencos.com\/wp-content\/uploads\/los-grandes-estrenos-de-la-bienal-2026-01.webp","type":"image\/webp"}],"author":"Miguel Ortiz","twitter_card":"summary_large_image","twitter_creator":"@tablaosflamenco","twitter_site":"@tablaosflamenco","twitter_misc":{"Verfasst von":"Miguel Ortiz","Gesch\u00e4tzte Lesezeit":"19\u00a0Minuten"},"schema":{"@context":"https:\/\/schema.org","@graph":[{"@type":"Article","@id":"https:\/\/www.tablaosflamencos.com\/de\/grosse-premieren-flamenco-biennale-sevilla-2026.html#article","isPartOf":{"@id":"https:\/\/www.tablaosflamencos.com\/de\/grosse-premieren-flamenco-biennale-sevilla-2026.html"},"author":{"name":"Miguel Ortiz","@id":"https:\/\/www.tablaosflamencos.com\/de#\/schema\/person\/e7a9ebe14eb75a52ceabfbffb3c54f5d"},"headline":"Die gro\u00dfen Premieren der Flamenco-Biennale Sevilla 2026","datePublished":"2026-09-01T10:18:55+00:00","dateModified":"2026-09-02T10:13:51+00:00","mainEntityOfPage":{"@id":"https:\/\/www.tablaosflamencos.com\/de\/grosse-premieren-flamenco-biennale-sevilla-2026.html"},"wordCount":3750,"publisher":{"@id":"https:\/\/www.tablaosflamencos.com\/de#organization"},"image":{"@id":"https:\/\/www.tablaosflamencos.com\/de\/grosse-premieren-flamenco-biennale-sevilla-2026.html#primaryimage"},"thumbnailUrl":"https:\/\/www.tablaosflamencos.com\/wp-content\/uploads\/los-grandes-estrenos-de-la-bienal-2026-01.webp","keywords":["agenda flamenca","Bienal 2026","Bienal de Flamenco","festivales flamencos","flamenco en Sevilla","sevilla"],"articleSection":["Flamenco-Biennale"],"inLanguage":"de"},{"@type":"WebPage","@id":"https:\/\/www.tablaosflamencos.com\/de\/grosse-premieren-flamenco-biennale-sevilla-2026.html","url":"https:\/\/www.tablaosflamencos.com\/de\/grosse-premieren-flamenco-biennale-sevilla-2026.html","name":"Premieren der Flamenco-Biennale 2026: 20 Schl\u00fcsselwerke","isPartOf":{"@id":"https:\/\/www.tablaosflamencos.com\/de#website"},"primaryImageOfPage":{"@id":"https:\/\/www.tablaosflamencos.com\/de\/grosse-premieren-flamenco-biennale-sevilla-2026.html#primaryimage"},"image":{"@id":"https:\/\/www.tablaosflamencos.com\/de\/grosse-premieren-flamenco-biennale-sevilla-2026.html#primaryimage"},"thumbnailUrl":"https:\/\/www.tablaosflamencos.com\/wp-content\/uploads\/los-grandes-estrenos-de-la-bienal-2026-01.webp","datePublished":"2026-09-01T10:18:55+00:00","dateModified":"2026-09-02T10:13:51+00:00","description":"Guide zu den 20 Urauff\u00fchrungen der Flamenco-Biennale Sevilla 2026: Termine, K\u00fcnstler, Spielorte und David Corias Spanienpremiere.","breadcrumb":{"@id":"https:\/\/www.tablaosflamencos.com\/de\/grosse-premieren-flamenco-biennale-sevilla-2026.html#breadcrumb"},"inLanguage":"de","potentialAction":[{"@type":"ReadAction","target":["https:\/\/www.tablaosflamencos.com\/de\/grosse-premieren-flamenco-biennale-sevilla-2026.html"]}]},{"@type":"ImageObject","inLanguage":"de","@id":"https:\/\/www.tablaosflamencos.com\/de\/grosse-premieren-flamenco-biennale-sevilla-2026.html#primaryimage","url":"https:\/\/www.tablaosflamencos.com\/wp-content\/uploads\/los-grandes-estrenos-de-la-bienal-2026-01.webp","contentUrl":"https:\/\/www.tablaosflamencos.com\/wp-content\/uploads\/los-grandes-estrenos-de-la-bienal-2026-01.webp","width":1920,"height":1072,"caption":"Los grandes estrenos de la Bienal 2026"},{"@type":"BreadcrumbList","@id":"https:\/\/www.tablaosflamencos.com\/de\/grosse-premieren-flamenco-biennale-sevilla-2026.html#breadcrumb","itemListElement":[{"@type":"ListItem","position":1,"name":"Home","item":"https:\/\/www.tablaosflamencos.com\/de"},{"@type":"ListItem","position":2,"name":"Die gro\u00dfen Premieren der Flamenco-Biennale Sevilla 2026"}]},{"@type":"WebSite","@id":"https:\/\/www.tablaosflamencos.com\/de#website","url":"https:\/\/www.tablaosflamencos.com\/de","name":"Tablaos Flamencos","description":"Entradas para tablaos flamencos de Espa\u00f1a","publisher":{"@id":"https:\/\/www.tablaosflamencos.com\/de#organization"},"alternateName":"Tablaos Flamencos","potentialAction":[{"@type":"SearchAction","target":{"@type":"EntryPoint","urlTemplate":"https:\/\/www.tablaosflamencos.com\/de?s={search_term_string}"},"query-input":{"@type":"PropertyValueSpecification","valueRequired":true,"valueName":"search_term_string"}}],"inLanguage":"de"},{"@type":["Organization","Place","EntertainmentBusiness"],"@id":"https:\/\/www.tablaosflamencos.com\/de#organization","name":"Tablaos Flamencos","alternateName":"Tablaos Flamencos","url":"https:\/\/www.tablaosflamencos.com\/de","logo":{"@id":"https:\/\/www.tablaosflamencos.com\/de\/grosse-premieren-flamenco-biennale-sevilla-2026.html#local-main-organization-logo"},"image":{"@id":"https:\/\/www.tablaosflamencos.com\/de\/grosse-premieren-flamenco-biennale-sevilla-2026.html#local-main-organization-logo"},"sameAs":["https:\/\/www.facebook.com\/tablaosflamencos","https:\/\/x.com\/tablaosflamenco","https:\/\/mastodon.social\/@tablaosflamencos","https:\/\/www.instagram.com\/tablaosflamencos","https:\/\/tiktok.com\/@tablaosflamencos","https:\/\/www.linkedin.com\/company\/109408238\/"],"description":"Venta de entradas para espect\u00e1culos flamencos","legalName":"Tablaos Flamencos","foundingDate":"2015-01-01","numberOfEmployees":{"@type":"QuantitativeValue","minValue":"1","maxValue":"10"},"address":{"@id":"https:\/\/www.tablaosflamencos.com\/de\/grosse-premieren-flamenco-biennale-sevilla-2026.html#local-main-place-address"},"geo":{"@type":"GeoCoordinates","latitude":"37.3868072","longitude":"-5.993280299999999"},"telephone":["+34623787787"],"contactPoint":{"@type":"ContactPoint","telephone":"+34623787787","email":"info@tablaosflamencos.com"},"openingHoursSpecification":{"@type":"OpeningHoursSpecification","dayOfWeek":["Monday","Tuesday","Wednesday","Thursday","Friday","Saturday","Sunday"],"opens":"00:00","closes":"23:59"},"email":"info@tablaosflamencos.com","priceRange":"$$$","currenciesAccepted":"\u20ac"},{"@type":"Person","@id":"https:\/\/www.tablaosflamencos.com\/de#\/schema\/person\/e7a9ebe14eb75a52ceabfbffb3c54f5d","name":"Miguel Ortiz","description":"Miguel Ortiz es un empresario flamenco, con una s\u00f3lida trayectoria dentro del sector. Ha presidido entidades culturales vinculadas al flamenco y, cuenta con un amplio recorrido profesional en la gesti\u00f3n y promoci\u00f3n de espect\u00e1culos y tablaos flamencos. Su pasi\u00f3n por la historia y el arte flamenco se refleja en cada art\u00edculo, donde combina experiencia, criterio y un profundo respeto por la tradici\u00f3n.","sameAs":["https:\/\/www.tablaosflamencos.com","https:\/\/www.instagra.com\/miguelortizfe","https:\/\/www.linkedin.com\/in\/miguelortizf\/"],"birthDate":"1984-11-22","gender":"hombre","knowsLanguage":["espa\u00f1ol","ingl\u00e9s"],"jobTitle":"Empresario flamenco"},{"@type":"PostalAddress","@id":"https:\/\/www.tablaosflamencos.com\/de\/grosse-premieren-flamenco-biennale-sevilla-2026.html#local-main-place-address","streetAddress":"C\/ Alemanes, 19","addressLocality":"Sevilla","postalCode":"41004","addressRegion":"Sevilla","addressCountry":"ES"},{"@type":"ImageObject","inLanguage":"de","@id":"https:\/\/www.tablaosflamencos.com\/de\/grosse-premieren-flamenco-biennale-sevilla-2026.html#local-main-organization-logo","url":"https:\/\/www.tablaosflamencos.com\/wp-content\/uploads\/tablaos-flamencos-06-3.webp","contentUrl":"https:\/\/www.tablaosflamencos.com\/wp-content\/uploads\/tablaos-flamencos-06-3.webp","width":600,"height":620,"caption":"Tablaos Flamencos"}]},"geo.placename":"Sevilla","geo.position":{"lat":"37.3868072","long":"-5.993280299999999"},"geo.region":"Spanien"},"_links":{"self":[{"href":"https:\/\/www.tablaosflamencos.com\/de\/wp-json\/wp\/v2\/posts\/14025","targetHints":{"allow":["GET"]}}],"collection":[{"href":"https:\/\/www.tablaosflamencos.com\/de\/wp-json\/wp\/v2\/posts"}],"about":[{"href":"https:\/\/www.tablaosflamencos.com\/de\/wp-json\/wp\/v2\/types\/post"}],"author":[{"embeddable":true,"href":"https:\/\/www.tablaosflamencos.com\/de\/wp-json\/wp\/v2\/users\/1"}],"replies":[{"embeddable":true,"href":"https:\/\/www.tablaosflamencos.com\/de\/wp-json\/wp\/v2\/comments?post=14025"}],"version-history":[{"count":1,"href":"https:\/\/www.tablaosflamencos.com\/de\/wp-json\/wp\/v2\/posts\/14025\/revisions"}],"predecessor-version":[{"id":14035,"href":"https:\/\/www.tablaosflamencos.com\/de\/wp-json\/wp\/v2\/posts\/14025\/revisions\/14035"}],"wp:featuredmedia":[{"embeddable":true,"href":"https:\/\/www.tablaosflamencos.com\/de\/wp-json\/wp\/v2\/media\/13846"}],"wp:attachment":[{"href":"https:\/\/www.tablaosflamencos.com\/de\/wp-json\/wp\/v2\/media?parent=14025"}],"wp:term":[{"taxonomy":"category","embeddable":true,"href":"https:\/\/www.tablaosflamencos.com\/de\/wp-json\/wp\/v2\/categories?post=14025"},{"taxonomy":"post_tag","embeddable":true,"href":"https:\/\/www.tablaosflamencos.com\/de\/wp-json\/wp\/v2\/tags?post=14025"}],"curies":[{"name":"wp","href":"https:\/\/api.w.org\/{rel}","templated":true}]}}