{"id":14009,"date":"2026-09-02T00:28:39","date_gmt":"2026-09-01T22:28:39","guid":{"rendered":"https:\/\/www.tablaosflamencos.com\/?p=14009"},"modified":"2026-09-02T00:56:28","modified_gmt":"2026-09-01T22:56:28","slug":"spektakulaerste-spielstaetten-flamenco-biennale-sevilla-2026","status":"publish","type":"post","link":"https:\/\/www.tablaosflamencos.com\/de\/spektakulaerste-spielstaetten-flamenco-biennale-sevilla-2026.html","title":{"rendered":"Die spektakul\u00e4rsten Spielst\u00e4tten der Flamenco-Biennale Sevilla 2026"},"content":{"rendered":"<section class=\"l-section wpb_row height_huge\"><div class=\"l-section-h i-cf\"><div class=\"g-cols vc_row via_flex valign_top type_default stacking_default\"><div class=\"vc_col-sm-6 wpb_column vc_column_container\"><div class=\"vc_column-inner\"><div class=\"wpb_wrapper\"><div class=\"wpb_text_column\"><div class=\"wpb_wrapper\"><h2>Wenn auch die Stadt Teil der Auff\u00fchrung wird<\/h2>\n<p>Die <strong>Flamenco-Biennale Sevilla 2026<\/strong> l\u00e4sst sich nicht allein \u00fcber die K\u00fcnstler verstehen, die auf der B\u00fchne stehen. Ein wesentlicher Teil ihres Charakters liegt in den Spielst\u00e4tten, die f\u00fcr die einzelnen Produktionen ausgew\u00e4hlt wurden. W\u00e4hrend der XXIV. Ausgabe, die vom <strong>9. September bis 3. Oktober 2026<\/strong>, wird der Flamenco historische Theater, monumentale Innenh\u00f6fe, eine ehemalige Artilleriefabrik, einen traditionellen Wohnhof, eine Barockkirche und sogar die Arena eines der bekanntesten Bauwerke Sevillas bespielen.<\/p>\n<p>Das offizielle Programm verteilt sich auf <strong>11 Spielst\u00e4tten<\/strong>, doch einige machen die Architektur selbst zu einem untrennbaren Teil der Auff\u00fchrung. Ein Konzert im Patio de la Monter\u00eda des Real Alc\u00e1zar, Flamenco-Gesang zur Mittagszeit in San Luis de los Franceses oder ein n\u00e4chtlicher Abschluss unter freiem Himmel im Hotel Triana bieten ein v\u00f6llig anderes Erlebnis als eine Gro\u00dfproduktion im Teatro de la Maestranza.<\/p>\n<p>Dieser Guide stellt die <strong>spektakul\u00e4rsten Spielst\u00e4tten der Flamenco-Biennale Sevilla 2026<\/strong>vor, erkl\u00e4rt, was sie voneinander unterscheidet, und zeigt, welche Auff\u00fchrungen jeweils dort stattfinden.<\/p>\n<\/div><\/div><\/div><\/div><\/div><div class=\"vc_col-sm-6 wpb_column vc_column_container\"><div class=\"vc_column-inner\"><div class=\"wpb_wrapper\"><div class=\"wpb_text_column\"><div class=\"wpb_wrapper\"><p style=\"text-align: center; font-size: 58px; line-height: 1; margin-bottom: 10px;\"><strong>11<\/strong><\/p>\n<h3 style=\"text-align: center;\">offizielle Spielst\u00e4tten<\/h3>\n<p style=\"text-align: center;\"><strong>7 besonders au\u00dfergew\u00f6hnliche B\u00fchnenorte<\/strong><\/p>\n<p style=\"text-align: center;\">Kulturerbe, Architektur und Flamenco<\/p>\n<p style=\"text-align: center;\">Vom <strong>9. September bis 3. Oktober 2026<\/strong><\/p>\n<\/div><\/div><\/div><\/div><\/div><\/div><\/div><\/section><section class=\"l-section wpb_row height_huge color_alternate with_shape\"><div class=\"l-section-shape type_zigzag pos_top\" style=\"height:3vmin;\"><svg xmlns=\"http:\/\/www.w3.org\/2000\/svg\" viewBox=\"0 0 64 8\" preserveAspectRatio=\"none\" width=\"100%\" height=\"100%\">\r\n\t<path fill=\"currentColor\" d=\"M64 8 L0 8 L0 0 L20 7.9 L40 3 L48 5 L64 0 Z\"\/>\r\n<\/svg><\/div><div class=\"l-section-shape type_zigzag pos_bottom\" style=\"height:3vmin;\"><svg xmlns=\"http:\/\/www.w3.org\/2000\/svg\" viewBox=\"0 0 64 8\" preserveAspectRatio=\"none\" width=\"100%\" height=\"100%\">\r\n\t<path fill=\"currentColor\" d=\"M64 8 L0 8 L0 0 L20 7.9 L40 3 L48 5 L64 0 Z\"\/>\r\n<\/svg><\/div><div class=\"l-section-h i-cf\"><div class=\"g-cols vc_row via_flex valign_top type_default stacking_default\"><div class=\"vc_col-sm-12 wpb_column vc_column_container\"><div class=\"vc_column-inner\"><div class=\"wpb_wrapper\"><div class=\"wpb_text_column\"><div class=\"wpb_wrapper\"><blockquote>\n<p><strong>Kurzantwort:<\/strong> wenn du die au\u00dfergew\u00f6hnlichsten Spielst\u00e4tten der Biennale 2026 suchst, stechen besonders der <strong>Patio de la Monter\u00eda im Real Alc\u00e1zar<\/strong> durch seine Monumentalit\u00e4t, <strong>San Luis de los Franceses<\/strong> durch seine barocke Intimit\u00e4t, die <strong>Real F\u00e1brica de Artiller\u00eda<\/strong> durch ihre Industriearchitektur, das <strong>Hotel Triana<\/strong> durch seine Atmosph\u00e4re eines traditionellen Wohnhofs, die <strong>Plaza de Toros de la Real Maestranza<\/strong> wegen der gro\u00dfen Gala am 10. September, das renovierte <strong>Teatro Lope de Vega<\/strong> wegen seiner historischen R\u00fcckkehr und das <strong>Teatro de la Maestranza<\/strong> f\u00fcr die gr\u00f6\u00dften Produktionen hervor.<\/p>\n<\/blockquote>\n<p><strong>Letzte Aktualisierung: 1. September 2026.<\/strong> Programm, Zug\u00e4nge und Ticketverf\u00fcgbarkeit k\u00f6nnen sich \u00e4ndern. Pr\u00fcfe deshalb immer die offiziellen Informationen zur jeweiligen Veranstaltung.<\/p>\n<\/div><\/div><div class=\"w-separator size_medium\"><\/div><div class=\"w-hwrapper valign_top wrap stack_on_mobiles align_center\" style=\"--hwrapper-gap:1.2rem\"><div class=\"w-btn-wrapper align_none\"><a class=\"w-btn us-btn-style_1\" href=\"https:\/\/www.tablaosflamencos.com\/de\/flamenco-biennale-sevilla-2026.html\"><span class=\"w-btn-label\">Kompletter Guide zur Biennale 2026<\/span><\/a><\/div><div class=\"w-btn-wrapper align_none\"><a class=\"w-btn us-btn-style_1\" href=\"https:\/\/www.tablaosflamencos.com\/de\/flamenco-biennale-sevilla\"><span class=\"w-btn-label\">Alle Nachrichten zur Biennale<\/span><\/a><\/div><\/div><\/div><\/div><\/div><\/div><\/div><\/section><section class=\"l-section wpb_row height_huge\"><div class=\"l-section-h i-cf\"><div class=\"g-cols vc_row via_flex valign_top type_default stacking_default\"><div class=\"vc_col-sm-12 wpb_column vc_column_container\"><div class=\"vc_column-inner\"><div class=\"wpb_wrapper\"><div class=\"wpb_text_column\"><div class=\"wpb_wrapper\"><h2>Die spektakul\u00e4rsten Spielst\u00e4tten der Biennale 2026 auf einen Blick<\/h2>\n<div style=\"overflow-x: auto;\">\n<table>\n<thead>\n<tr>\n<th>Spielst\u00e4tte<\/th>\n<th>Was sie besonders macht<\/th>\n<th>Programm-Highlights<\/th>\n<\/tr>\n<\/thead>\n<tbody>\n<tr>\n<td><strong>Real Alc\u00e1zar \u00b7 Patio de la Monter\u00eda<\/strong><\/td>\n<td>Historischer Palast und gro\u00dfer monumentaler Innenhof unter freiem Himmel<\/td>\n<td>Israel Fern\u00e1ndez, Rancapino Chico und <em>Xerezan\u00edas<\/em><\/td>\n<\/tr>\n<tr>\n<td><strong>Real F\u00e1brica de Artiller\u00eda<\/strong><\/td>\n<td>Industriearchitektur des 18. Jahrhunderts und zeitgen\u00f6ssische Ausdrucksformen<\/td>\n<td>Ana Morales und die Trilogie von Pablo Mart\u00edn Caminero<\/td>\n<\/tr>\n<tr>\n<td><strong>San Luis de los Franceses<\/strong><\/td>\n<td>Barock, intime Akustik und Mittagsvorstellungen<\/td>\n<td>Sechs einzigartige Matineen<\/td>\n<\/tr>\n<tr>\n<td><strong>Hotel Triana<\/strong><\/td>\n<td>Historischer Wohnhof, offener Patio und Flamenco-Erinnerung<\/td>\n<td>Drei Sp\u00e4tabendvorstellungen vom 17. bis 19. September<\/td>\n<\/tr>\n<tr>\n<td><strong>Plaza de Toros de la Real Maestranza<\/strong><\/td>\n<td>Gro\u00dfer historischer Freiluftort<\/td>\n<td>Gala <em>El mundo por montera<\/em>, 10. September<\/td>\n<\/tr>\n<tr>\n<td><strong>Teatro Lope de Vega<\/strong><\/td>\n<td>Neobarockes Theater von 1929, nach der Restaurierung wiederer\u00f6ffnet<\/td>\n<td>Dorantes, Arc\u00e1ngel, Riqueni, Aurora Vargas, Mayte Mart\u00edn&#8230;<\/td>\n<\/tr>\n<tr>\n<td><strong>Teatro de la Maestranza<\/strong><\/td>\n<td>Gro\u00dfe B\u00fchne f\u00fcr aufwendige Produktionen<\/td>\n<td>Sara Baras, Israel Galv\u00e1n, Jos\u00e9 Merc\u00e9, Farruquito und Abschluss der Biennale<\/td>\n<\/tr>\n<\/tbody>\n<\/table>\n<\/div>\n<\/div><\/div><\/div><\/div><\/div><\/div><\/div><\/section><section class=\"l-section wpb_row height_huge color_alternate with_shape\"><div class=\"l-section-shape type_zigzag pos_top\" style=\"height:3vmin;\"><svg xmlns=\"http:\/\/www.w3.org\/2000\/svg\" viewBox=\"0 0 64 8\" preserveAspectRatio=\"none\" width=\"100%\" height=\"100%\">\r\n\t<path fill=\"currentColor\" d=\"M64 8 L0 8 L0 0 L20 7.9 L40 3 L48 5 L64 0 Z\"\/>\r\n<\/svg><\/div><div class=\"l-section-shape type_zigzag pos_bottom\" style=\"height:3vmin;\"><svg xmlns=\"http:\/\/www.w3.org\/2000\/svg\" viewBox=\"0 0 64 8\" preserveAspectRatio=\"none\" width=\"100%\" height=\"100%\">\r\n\t<path fill=\"currentColor\" d=\"M64 8 L0 8 L0 0 L20 7.9 L40 3 L48 5 L64 0 Z\"\/>\r\n<\/svg><\/div><div class=\"l-section-h i-cf\"><div class=\"g-cols vc_row via_flex valign_top type_default stacking_default\"><div class=\"vc_col-sm-6 wpb_column vc_column_container\"><div class=\"vc_column-inner\"><div class=\"wpb_wrapper\"><div class=\"wpb_text_column\"><div class=\"wpb_wrapper\"><h2 id=\"real-alcazar\">1. Patio de la Monter\u00eda im Real Alc\u00e1zar: Flamenco vor Jahrhunderten Geschichte<\/h2>\n<p>Der <strong>Real Alc\u00e1zar von Sevilla<\/strong> ist einer jener Orte, an denen das Publikum einige Sekunden braucht, um zu entscheiden, wohin es zuerst schauen soll. Die Urspr\u00fcnge des Palastkomplexes reichen bis ins 10. Jahrhundert zur\u00fcck; \u00fcber viele Jahrhunderte hinweg entstand eine vielschichtige Mischung aus islamischer, Mud\u00e9jar-, gotischer, Renaissance- und Barockarchitektur.<\/p>\n<p>Die Biennale nutzt den <strong>Patio de la Monter\u00eda<\/strong>, einen gro\u00dfen offenen Hof vor der au\u00dfergew\u00f6hnlichen Fassade des Mud\u00e9jar-Palastes von Pedro I. Nachts, wenn das Monument beleuchtet ist und die Giralda aus bestimmten Blickwinkeln sichtbar wird, erh\u00e4lt der Ort eine Wirkung, die sich in einem konventionellen Theater kaum reproduzieren l\u00e4sst.<\/p>\n<p>Hier ist das Kulturerbe kein neutraler Hintergrund. Die Gr\u00f6\u00dfe des Hofes, der Stein, der offene Himmel und schon der Zugang zum Areal machen die Auff\u00fchrung zu einem Erlebnis, das unmittelbar mit Sevilla verbunden ist.<\/p>\n<\/div><\/div><\/div><\/div><\/div><div class=\"vc_col-sm-6 wpb_column vc_column_container\"><div class=\"vc_column-inner\"><div class=\"wpb_wrapper\"><div class=\"wpb_text_column\"><div class=\"wpb_wrapper\"><h2>Was man w\u00e4hrend der Biennale 2026 im Real Alc\u00e1zar sehen kann<\/h2>\n<p>Das Programm konzentriert sich auf drei aufeinanderfolgende Abende:<\/p>\n<ul>\n<li><strong>14. September:<\/strong> Israel Fern\u00e1ndez pr\u00e4sentiert <em>De oro y marfil<\/em>.<\/li>\n<li><strong>15. September:<\/strong> Rancapino Chico feiert die Premiere von <em>Pizarra<\/em>.<\/li>\n<li><strong>16. September:<\/strong> <em>Xerezan\u00edas<\/em> vereint Luis El Zambo, Dolores Agujetas, Antonio de la Malena, Manuel Valencia und Las Tatas de Jerez.<\/li>\n<\/ul>\n<p>Die Auswahl passt zu einem Ort dieser Art: Recitals und Begegnungen, deren Kraft aus der Pr\u00e4senz der K\u00fcnstler, dem Gesang und der Gitarre entsteht, ohne dass der Hof mit B\u00fchnenbildern gef\u00fcllt werden muss.<\/p>\n<p><strong>Ideal f\u00fcr:<\/strong> alle, die eine Biennale-Nacht in einem unverkennbar sevillanischen Monumentalerlebnis verbringen m\u00f6chten.<\/p>\n<\/div><\/div><\/div><\/div><\/div><\/div><\/div><\/section><section class=\"l-section wpb_row height_huge\"><div class=\"l-section-h i-cf\"><div class=\"g-cols vc_row via_flex valign_top type_default stacking_default\"><div class=\"vc_col-sm-6 wpb_column vc_column_container\"><div class=\"vc_column-inner\"><div class=\"wpb_wrapper\"><div class=\"wpb_text_column\"><div class=\"wpb_wrapper\"><h2 id=\"artilleria\">2. Real F\u00e1brica de Artiller\u00eda: Industriekultur f\u00fcr zeitgen\u00f6ssischen Flamenco<\/h2>\n<p>Die <strong>Real F\u00e1brica de Artiller\u00eda<\/strong> bietet ein v\u00f6llig anderes Erlebnis. Ihre Urspr\u00fcnge reichen bis zur Bronzegie\u00dferei der Familie Morel im 16. Jahrhundert zur\u00fcck, w\u00e4hrend der heutige gro\u00dfe Geb\u00e4udekomplex vor allem im 18. Jahrhundert Gestalt annahm und unter Karl III. stark ausgebaut wurde.<\/p>\n<p>Hallen, Gew\u00f6lbe, H\u00f6fe, fr\u00fchere Gie\u00dfereibereiche und die industrielle Dimension machen die Artilleriefabrik zu einem der eindrucksvollsten historischen R\u00e4ume der Stadt. Nach Jahrzehnten milit\u00e4rischer Nutzung wird sie heute als bedeutender Kulturort zur\u00fcckgewonnen.<\/p>\n<p>Die raue Materialit\u00e4t des Geb\u00e4udes funktioniert besonders gut mit Projekten, die neue Ausdrucksformen erforschen. W\u00e4hrend San Luis zur Einkehr einl\u00e4dt, bietet die Artilleriefabrik Tiefe, Material, Schatten und beinahe filmische Atmosph\u00e4re.<\/p>\n<\/div><\/div><\/div><\/div><\/div><div class=\"vc_col-sm-6 wpb_column vc_column_container\"><div class=\"vc_column-inner\"><div class=\"wpb_wrapper\"><div class=\"wpb_text_column\"><div class=\"wpb_wrapper\"><h2>Was die Biennale 2026 in der Artilleriefabrik zeigt<\/h2>\n<p>Die Ausgabe 2026 nutzt den Ort f\u00fcr zwei gro\u00dfe kreative Linien:<\/p>\n<ul>\n<li><strong>13. und 14. September:<\/strong> Ana Morales pr\u00e4sentiert die Urauff\u00fchrung von <em>Rapsodia. Fantas\u00eda subterr\u00e1nea<\/em>.<\/li>\n<li><strong>22. September:<\/strong> <em>Trilog\u00eda. Al toque<\/em>, von Pablo Mart\u00edn Caminero.<\/li>\n<li><strong>23. September:<\/strong> <em>Trilog\u00eda. Al baile<\/em>, mit Mar\u00eda Moreno.<\/li>\n<li><strong>24. September:<\/strong> <em>Trilog\u00eda. Al cante<\/em>, mit David Carpio.<\/li>\n<\/ul>\n<p>Der Dialog zwischen einem historischen Industriekomplex und experimentellen B\u00fchnenprojekten macht diesen Ort zu einem besonders guten Beispiel f\u00fcr eine Biennale, die Tradition und Avantgarde nicht voneinander trennt.<\/p>\n<p><strong>Ideal f\u00fcr:<\/strong> alle, die ein visuell starkes Erlebnis und zeitgen\u00f6ssisch geschaffenen Flamenco suchen.<\/p>\n<\/div><\/div><\/div><\/div><\/div><\/div><\/div><\/section><section class=\"l-section wpb_row height_huge color_alternate with_shape\"><div class=\"l-section-shape type_zigzag pos_top\" style=\"height:3vmin;\"><svg xmlns=\"http:\/\/www.w3.org\/2000\/svg\" viewBox=\"0 0 64 8\" preserveAspectRatio=\"none\" width=\"100%\" height=\"100%\">\r\n\t<path fill=\"currentColor\" d=\"M64 8 L0 8 L0 0 L20 7.9 L40 3 L48 5 L64 0 Z\"\/>\r\n<\/svg><\/div><div class=\"l-section-shape type_zigzag pos_bottom\" style=\"height:3vmin;\"><svg xmlns=\"http:\/\/www.w3.org\/2000\/svg\" viewBox=\"0 0 64 8\" preserveAspectRatio=\"none\" width=\"100%\" height=\"100%\">\r\n\t<path fill=\"currentColor\" d=\"M64 8 L0 8 L0 0 L20 7.9 L40 3 L48 5 L64 0 Z\"\/>\r\n<\/svg><\/div><div class=\"l-section-h i-cf\"><div class=\"g-cols vc_row via_flex valign_top type_default stacking_default\"><div class=\"vc_col-sm-6 wpb_column vc_column_container\"><div class=\"vc_column-inner\"><div class=\"wpb_wrapper\"><div class=\"wpb_text_column\"><div class=\"wpb_wrapper\"><h2 id=\"san-luis\">3. San Luis de los Franceses: sechs Matineen in einem barocken Juwel<\/h2>\n<p>Die <strong>Kirche San Luis de los Franceses<\/strong> ist wahrscheinlich der intimste und ornamentalste Ort dieser Auswahl. Der Komplex wurde zwischen <strong>1699 und 1731<\/strong> nach Pl\u00e4nen von <strong>Leonardo de Figueroa<\/strong>errichtet und gilt als eines der gro\u00dfen Beispiele des sevillanischen Hochbarocks.<\/p>\n<p>Seine Architektur wurde so konzipiert, dass sie den Besucher umh\u00fcllt. Alt\u00e4re, Malerei, Skulptur, Licht und Proportionen wirken zusammen und lassen jede musikalische Darbietung anders erscheinen als ein gew\u00f6hnliches Konzert in einem Saal.<\/p>\n<p>Die Biennale nutzt au\u00dferdem eine besondere Situation: Die Vorstellungen beginnen um <strong>12:00 Uhr<\/strong>. Tageslicht und das kleinere Format ver\u00e4ndern den \u00fcblichen Rhythmus eines Festivals, das sonst stark mit der Nacht verbunden ist.<\/p>\n<\/div><\/div><\/div><\/div><\/div><div class=\"vc_col-sm-6 wpb_column vc_column_container\"><div class=\"vc_column-inner\"><div class=\"wpb_wrapper\"><div class=\"wpb_text_column\"><div class=\"wpb_wrapper\"><h2>Die einzigartigen Matineen in San Luis<\/h2>\n<p>San Luis beherbergt sechs Vorstellungen im Dialog mit der Welt der Alten Musik:<\/p>\n<ul>\n<li><strong>12. und 13. September:<\/strong> Pedro El Grana\u00edno, <em>Pan de oro<\/em>, mit Daniel Oyarz\u00e1bal.<\/li>\n<li><strong>19. und 20. September:<\/strong> Alejandro Hurtado, <em>Devenir de la guitarra<\/em>, mit Enrike Solin\u00eds.<\/li>\n<li><strong>26. und 27. September:<\/strong> Encarna Anillo, <em>Camino de flores<\/em>, mit Miguel Rinc\u00f3n.<\/li>\n<\/ul>\n<p>Wir haben einen eigenen Guide mit dem Programm und den wichtigsten Informationen zu diesem Zyklus der <a href=\"https:\/\/www.tablaosflamencos.com\/matines-unicas-bienal-flamenco-sevilla-2026.html\"><strong>einzigartigen Matineen der Biennale 2026<\/strong><\/a>.<\/p>\n<p><strong>Ideal f\u00fcr:<\/strong> alle, die N\u00e4he, nat\u00fcrliche Akustik, Kulturerbe und konzentriertes Zuh\u00f6ren bevorzugen.<\/p>\n<\/div><\/div><\/div><\/div><\/div><\/div><\/div><\/section><section class=\"l-section wpb_row height_huge\"><div class=\"l-section-h i-cf\"><div class=\"g-cols vc_row via_flex valign_top type_default stacking_default\"><div class=\"vc_col-sm-6 wpb_column vc_column_container\"><div class=\"vc_column-inner\"><div class=\"wpb_wrapper\"><div class=\"wpb_text_column\"><div class=\"wpb_wrapper\"><h2 id=\"hotel-triana\">4. Hotel Triana: ein traditioneller Wohnhof unter freiem Himmel<\/h2>\n<p>Der Name kann irref\u00fchren. Das <strong>Hotel Triana<\/strong> ist heute kein Touristenhotel. Es wurde anl\u00e4sslich der Iberoamerikanischen Ausstellung von 1929 gebaut, um Besucher unterzubringen, erf\u00fcllte diese Funktion jedoch nie und wurde schlie\u00dflich zu einem <strong>traditionellen gemeinschaftlichen Wohnhof<\/strong>.<\/p>\n<p>Seine U-f\u00f6rmige Struktur um einen gro\u00dfen Innenhof bewahrt die gemeinschaftliche Logik vieler traditioneller Wohnh\u00e4user in Triana. Das als Kulturgut gesch\u00fctzte Geb\u00e4ude ist besonders eng mit der Biennale und dem Flamenco-Ged\u00e4chtnis des Viertels verbunden.<\/p>\n<p>Hier verschwindet die feierliche Distanz eines Theaters. Der Hof, die Galerien, die Innenfassaden und der offene Himmel schaffen eine Atmosph\u00e4re, die daran erinnert, dass ein gro\u00dfer Teil der sozialen Geschichte des Flamenco in gemeinschaftlichen R\u00e4umen, H\u00f6fen, Zusammenk\u00fcnften und Festen stattfand.<\/p>\n<\/div><\/div><\/div><\/div><\/div><div class=\"vc_col-sm-6 wpb_column vc_column_container\"><div class=\"vc_column-inner\"><div class=\"wpb_wrapper\"><div class=\"wpb_text_column\"><div class=\"wpb_wrapper\"><h2>Die R\u00fcckkehr des Hotel Triana 2026<\/h2>\n<p>Nach vier Jahren au\u00dferhalb des Programms kehrt der Ort mit drei aufeinanderfolgenden N\u00e4chten zur\u00fcck, die als <strong>Sp\u00e4tabendvorstellungen<\/strong> der Biennale konzipiert sind:<\/p>\n<ul>\n<li><strong>17. September:<\/strong> <em>Mujeres gitanas<\/em>, mit Remedios Amaya, Montse Cort\u00e9s, La Fabi und weiteren K\u00fcnstlern.<\/li>\n<li><strong>18. September:<\/strong> <em>Uvitas negras<\/em>, anl\u00e4sslich des 75-j\u00e4hrigen Bestehens der Pe\u00f1a Pozo de las Penas.<\/li>\n<li><strong>19. September:<\/strong> <em>Andaluc\u00eda en el Tiempo<\/em>, mit K\u00fcnstlern aus verschiedenen andalusischen Provinzen.<\/li>\n<\/ul>\n<p>Alle drei sind als <a href=\"https:\/\/www.tablaosflamencos.com\/noches-unicas-bienal-flamenco-sevilla-2026.html\"><strong>Einzigartige N\u00e4chte<\/strong><\/a>gedacht, also als Begegnungen, die in dieser Form nicht wiederholbar sind.<\/p>\n<p><strong>Ideal f\u00fcr:<\/strong> alle, die eine der flamencoreichsten und unkonventionellsten Atmosph\u00e4ren der gesamten Biennale erleben m\u00f6chten.<\/p>\n<\/div><\/div><\/div><\/div><\/div><\/div><\/div><\/section><section class=\"l-section wpb_row height_huge color_alternate with_shape\"><div class=\"l-section-shape type_zigzag pos_top\" style=\"height:3vmin;\"><svg xmlns=\"http:\/\/www.w3.org\/2000\/svg\" viewBox=\"0 0 64 8\" preserveAspectRatio=\"none\" width=\"100%\" height=\"100%\">\r\n\t<path fill=\"currentColor\" d=\"M64 8 L0 8 L0 0 L20 7.9 L40 3 L48 5 L64 0 Z\"\/>\r\n<\/svg><\/div><div class=\"l-section-shape type_zigzag pos_bottom\" style=\"height:3vmin;\"><svg xmlns=\"http:\/\/www.w3.org\/2000\/svg\" viewBox=\"0 0 64 8\" preserveAspectRatio=\"none\" width=\"100%\" height=\"100%\">\r\n\t<path fill=\"currentColor\" d=\"M64 8 L0 8 L0 0 L20 7.9 L40 3 L48 5 L64 0 Z\"\/>\r\n<\/svg><\/div><div class=\"l-section-h i-cf\"><div class=\"g-cols vc_row via_flex valign_top type_default stacking_default\"><div class=\"vc_col-sm-6 wpb_column vc_column_container\"><div class=\"vc_column-inner\"><div class=\"wpb_wrapper\"><div class=\"wpb_text_column\"><div class=\"wpb_wrapper\"><h2 id=\"plaza-toros\">5. Plaza de Toros de la Real Maestranza: eine Gala, die die ganze Arena einnimmt<\/h2>\n<p>Die <strong>Plaza de Toros de la Real Maestranza de Caballer\u00eda<\/strong> ist eine der gro\u00dfen architektonischen Ikonen Sevillas. Mit dem massiven Bau wurde im 18. Jahrhundert begonnen; die endg\u00fcltige Fertigstellung des Komplexes erfolgte 1881 nach einem Prozess von mehr als einem Jahrhundert.<\/p>\n<p>Die Arena aus goldenem Sand, die wei\u00df-ockerfarbenen Arkaden und die kreisf\u00f6rmige Dimension erzeugen ein Bild, das sich radikal von jedem Theater unterscheidet. F\u00fcr eine Flamenco-Produktion bedeutet dies au\u00dferdem, einen riesigen Freiluftort zu bespielen, bei dem das Publikum die Szene umgibt.<\/p>\n<p>2026 nutzt die Biennale die Arena f\u00fcr einen einzigen gro\u00dfen Termin, was den Ereignischarakter zus\u00e4tzlich verst\u00e4rkt.<\/p>\n<\/div><\/div><\/div><\/div><\/div><div class=\"vc_col-sm-6 wpb_column vc_column_container\"><div class=\"vc_column-inner\"><div class=\"wpb_wrapper\"><div class=\"wpb_text_column\"><div class=\"wpb_wrapper\"><h2><em>El mundo por montera<\/em>: die gro\u00dfe Gala am 10. September<\/h2>\n<p>Am <strong>10. September um 21:30 Uhr<\/strong>findet in der Stierkampfarena die Gala der XXIV. Biennale statt: <em>El mundo por montera<\/em>, mit Jos\u00e9 Merc\u00e9, Jos\u00e9 de la Tomasa, Martirio, Arc\u00e1ngel, La Tremendita, \u00c1ngeles Toledano, El Perrete, Manuel de la Tomasa und dem Ballet Flamenco de Andaluc\u00eda unter der Leitung von Patricia Guerrero.<\/p>\n<p>Die Veranstaltung findet einen Tag nach dem Er\u00f6ffnungs-Preg\u00f3n am 9. September statt und geh\u00f6rt zu den gro\u00dfen \u00f6ffentlichen Auftaktveranstaltungen der Ausgabe. Weitere Informationen findest du in unserem Guide dar\u00fcber, <a href=\"https:\/\/www.tablaosflamencos.com\/inauguracion-bienal-flamenco-sevilla-2026.html\"><strong>wie die Biennale 2026 er\u00f6ffnet wird<\/strong><\/a>.<\/p>\n<p><strong>Ideal f\u00fcr:<\/strong> alle, die Gr\u00f6\u00dfe, die Atmosph\u00e4re eines Gro\u00dfereignisses und einen Abend mit gro\u00dfem Publikum in einem Symbol Sevillas suchen.<\/p>\n<\/div><\/div><\/div><\/div><\/div><\/div><\/div><\/section><section class=\"l-section wpb_row height_huge\"><div class=\"l-section-h i-cf\"><div class=\"g-cols vc_row via_flex valign_top type_default stacking_default\"><div class=\"vc_col-sm-6 wpb_column vc_column_container\"><div class=\"vc_column-inner\"><div class=\"wpb_wrapper\"><div class=\"wpb_text_column\"><div class=\"wpb_wrapper\"><h2 id=\"lope-vega\">6. Teatro Lope de Vega: die gro\u00dfe R\u00fcckkehr der Biennale 2026<\/h2>\n<p>Das <strong>Teatro Lope de Vega<\/strong> verleiht dieser Ausgabe zus\u00e4tzlich eine emotionale Dimension. Es wurde f\u00fcr die Iberoamerikanische Ausstellung von <strong>1929<\/strong>erbaut; das neobarocke Geb\u00e4ude geh\u00f6rte zusammen mit dem Casino de la Exposici\u00f3n zum ehemaligen Sevilla-Pavillon.<\/p>\n<p>Nach einer l\u00e4ngeren Schlie\u00dfung wegen Bauarbeiten \u00f6ffnet das Theater p\u00fcnktlich zur Biennale wieder f\u00fcr das Publikum. Die umfassende Sanierung kostete mehr als <strong>9,5 Millionen Euro<\/strong> und macht seine R\u00fcckkehr zu einem der kulturellen Ereignisse des Jahres in Sevilla.<\/p>\n<p>F\u00fcr das Festival ist dies keine beliebige Spielst\u00e4tte. Das Lope ist seit Jahrzehnten mit der Geschichte der Biennale verbunden, und seine Wiederer\u00f6ffnung bringt einen Saal zur\u00fcck, der die theatralische Dimension des Flamenco in der Stadt besonders gut verk\u00f6rpert.<\/p>\n<\/div><\/div><\/div><\/div><\/div><div class=\"vc_col-sm-6 wpb_column vc_column_container\"><div class=\"vc_column-inner\"><div class=\"wpb_wrapper\"><div class=\"wpb_text_column\"><div class=\"wpb_wrapper\"><h2>Ein Programm, das der Wiederer\u00f6ffnung gerecht wird<\/h2>\n<p>Der erste K\u00fcnstler auf der renovierten B\u00fchne wird <strong>Dorantes<\/strong>sein, am 12. September mit der Urauff\u00fchrung von <em>Fractal Arcano<\/em>. Danach folgen Arc\u00e1ngel, Antonio Reyes, Rafael Riqueni gemeinsam mit Tim Ries, Aurora Vargas und Juana Amaya, David Coria, Mayte Mart\u00edn, Alfonso Losa und weitere Namen.<\/p>\n<p>Die Mischung aus Urauff\u00fchrungen, einzigartigen N\u00e4chten und K\u00fcnstlern verschiedener Generationen macht das Lope zu einer der Spielst\u00e4tten mit dem umfassendsten Programm der gesamten Ausgabe.<\/p>\n<p>Auch die \u00c4sthetik des historischen Theaters bietet ein ganz anderes Erlebnis als die Modernit\u00e4t des Teatro Central oder die gro\u00dfe Dimension des Maestranza.<\/p>\n<p><strong>Ideal f\u00fcr:<\/strong> alle, die klassisches Theater, die Geschichte der Biennale und die Symbolik einer Wiederer\u00f6ffnung sch\u00e4tzen.<\/p>\n<\/div><\/div><\/div><\/div><\/div><\/div><\/div><\/section><section class=\"l-section wpb_row height_huge color_alternate with_shape\"><div class=\"l-section-shape type_zigzag pos_top\" style=\"height:3vmin;\"><svg xmlns=\"http:\/\/www.w3.org\/2000\/svg\" viewBox=\"0 0 64 8\" preserveAspectRatio=\"none\" width=\"100%\" height=\"100%\">\r\n\t<path fill=\"currentColor\" d=\"M64 8 L0 8 L0 0 L20 7.9 L40 3 L48 5 L64 0 Z\"\/>\r\n<\/svg><\/div><div class=\"l-section-shape type_zigzag pos_bottom\" style=\"height:3vmin;\"><svg xmlns=\"http:\/\/www.w3.org\/2000\/svg\" viewBox=\"0 0 64 8\" preserveAspectRatio=\"none\" width=\"100%\" height=\"100%\">\r\n\t<path fill=\"currentColor\" d=\"M64 8 L0 8 L0 0 L20 7.9 L40 3 L48 5 L64 0 Z\"\/>\r\n<\/svg><\/div><div class=\"l-section-h i-cf\"><div class=\"g-cols vc_row via_flex valign_top type_default stacking_default\"><div class=\"vc_col-sm-6 wpb_column vc_column_container\"><div class=\"vc_column-inner\"><div class=\"wpb_wrapper\"><div class=\"wpb_text_column\"><div class=\"wpb_wrapper\"><h2 id=\"teatro-maestranza\">7. Teatro de la Maestranza: die B\u00fchne f\u00fcr Gro\u00dfproduktionen<\/h2>\n<p>Das <strong>Teatro de la Maestranza<\/strong> steht f\u00fcr die modernste und technisch ambitionierteste Seite dieser Auswahl. Das 1991 er\u00f6ffnete und von Aurelio del Pozo und Luis Mar\u00edn entworfene Haus wurde als gro\u00dfes Mehrzweckauditorium konzipiert und sp\u00e4ter mit einer B\u00fchnenmaschinerie ausgestattet, die auch den Anforderungen von Oper und gro\u00dfen Produktionen gerecht wird.<\/p>\n<p>Bei der Biennale ist es der nat\u00fcrliche Ort f\u00fcr Produktionen, die viel Raum, B\u00fchnentechnik, gro\u00dfe Kapazit\u00e4t und anspruchsvolle technische M\u00f6glichkeiten ben\u00f6tigen. Im Gegensatz zum historischen Charakter des Alc\u00e1zar oder von San Luis liegt hier der Schwerpunkt darauf, was auf der B\u00fchne geschaffen werden kann.<\/p>\n<p>Das bedeutet nicht, dass dem Haus Identit\u00e4t fehlt: Seine Verbindung zu Musik und darstellender Kunst in Sevilla seit der Expo 92 hat es zu einem der bedeutenden Theater Spaniens gemacht.<\/p>\n<\/div><\/div><\/div><\/div><\/div><div class=\"vc_col-sm-6 wpb_column vc_column_container\"><div class=\"vc_column-inner\"><div class=\"wpb_wrapper\"><div class=\"wpb_text_column\"><div class=\"wpb_wrapper\"><h2>Sara Baras, Israel Galv\u00e1n, Farruquito und der Abschluss<\/h2>\n<p>Das Programm des Maestranza geh\u00f6rt zu den st\u00e4rksten der Ausgabe 2026. Sara Baras er\u00f6ffnet ihren Zyklus am <strong>11., 12. und 13. September<\/strong> mit der Urauff\u00fchrung von <em>Infinita<\/em>, ihrer R\u00fcckkehr zur Biennale nach vierzehn Jahren. Alle Details findest du in unserem Guide \u00fcber <a href=\"https:\/\/www.tablaosflamencos.com\/sara-baras-sevilla-2026-infinita-bienal.html\"><strong>Sara Baras in Sevilla 2026<\/strong><\/a>.<\/p>\n<p>Danach treten unter anderem Ca\u00f1izares mit der ROSS, Jos\u00e9 Merc\u00e9, Manuel Li\u00f1\u00e1n, Israel Galv\u00e1n, Farruquito und Marina Heredia auf. Am <strong>3. Oktober<\/strong> findet au\u00dferdem <em>Perlas a Millares<\/em>statt, die Produktion, mit der die XXIV. Ausgabe endet.<\/p>\n<p><strong>Ideal f\u00fcr:<\/strong> alle, die Gro\u00dfproduktionen und einige der wichtigsten Namen des Programms sehen m\u00f6chten.<\/p>\n<\/div><\/div><\/div><\/div><\/div><\/div><\/div><\/section><section class=\"l-section wpb_row height_huge\"><div class=\"l-section-h i-cf\"><div class=\"g-cols vc_row via_flex valign_top type_default stacking_default\"><div class=\"vc_col-sm-12 wpb_column vc_column_container\"><div class=\"vc_column-inner\"><div class=\"wpb_wrapper\"><div class=\"wpb_text_column\"><div class=\"wpb_wrapper\"><h2 id=\"como-elegir\">Welche Spielst\u00e4tte w\u00e4hlen? Das Erlebnis ver\u00e4ndert sich vollst\u00e4ndig<\/h2>\n<p>Es gibt keine allgemein \u201ebeste\u201c Spielst\u00e4tte. Die Wahl h\u00e4ngt st\u00e4rker von der gew\u00fcnschten Erfahrung ab als von einer architektonischen Rangordnung.<\/p>\n<div style=\"overflow-x: auto;\">\n<table>\n<thead>\n<tr>\n<th>Wenn du suchst&#8230;<\/th>\n<th>W\u00e4hle&#8230;<\/th>\n<\/tr>\n<\/thead>\n<tbody>\n<tr>\n<td>Die eindrucksvollste monumentale Kulisse<\/td>\n<td><strong>Real Alc\u00e1zar<\/strong><\/td>\n<\/tr>\n<tr>\n<td>Intimit\u00e4t, Akustik und barockes Kulturerbe<\/td>\n<td><strong>San Luis de los Franceses<\/strong><\/td>\n<\/tr>\n<tr>\n<td>Eine Flamenco-Atmosph\u00e4re aus Patio und Viertel<\/td>\n<td><strong>Hotel Triana<\/strong><\/td>\n<\/tr>\n<tr>\n<td>Industriearchitektur und zeitgen\u00f6ssische Kreation<\/td>\n<td><strong>Real F\u00e1brica de Artiller\u00eda<\/strong><\/td>\n<\/tr>\n<tr>\n<td>Ein gro\u00dfer Abend unter freiem Himmel<\/td>\n<td><strong>Plaza de Toros de la Real Maestranza<\/strong><\/td>\n<\/tr>\n<tr>\n<td>Ein frisch restauriertes historisches Theater<\/td>\n<td><strong>Teatro Lope de Vega<\/strong><\/td>\n<\/tr>\n<tr>\n<td>Gro\u00dfproduktionen und maximale B\u00fchnentechnik<\/td>\n<td><strong>Teatro de la Maestranza<\/strong><\/td>\n<\/tr>\n<\/tbody>\n<\/table>\n<\/div>\n<\/div><\/div><\/div><\/div><\/div><\/div><\/div><\/section><section class=\"l-section wpb_row height_huge color_alternate with_shape\"><div class=\"l-section-shape type_zigzag pos_top\" style=\"height:3vmin;\"><svg xmlns=\"http:\/\/www.w3.org\/2000\/svg\" viewBox=\"0 0 64 8\" preserveAspectRatio=\"none\" width=\"100%\" height=\"100%\">\r\n\t<path fill=\"currentColor\" d=\"M64 8 L0 8 L0 0 L20 7.9 L40 3 L48 5 L64 0 Z\"\/>\r\n<\/svg><\/div><div class=\"l-section-shape type_zigzag pos_bottom\" style=\"height:3vmin;\"><svg xmlns=\"http:\/\/www.w3.org\/2000\/svg\" viewBox=\"0 0 64 8\" preserveAspectRatio=\"none\" width=\"100%\" height=\"100%\">\r\n\t<path fill=\"currentColor\" d=\"M64 8 L0 8 L0 0 L20 7.9 L40 3 L48 5 L64 0 Z\"\/>\r\n<\/svg><\/div><div class=\"l-section-h i-cf\"><div class=\"g-cols vc_row via_flex valign_top type_default stacking_default\"><div class=\"vc_col-sm-6 wpb_column vc_column_container\"><div class=\"vc_column-inner\"><div class=\"wpb_wrapper\"><div class=\"wpb_text_column\"><div class=\"wpb_wrapper\"><h2 id=\"resto-espacios\">Die weiteren offiziellen Spielst\u00e4tten der Biennale 2026<\/h2>\n<p>Die vorherige Auswahl bedeutet nicht, dass die \u00fcbrigen Orte zweitrangig w\u00e4ren. Die Biennale nutzt au\u00dferdem Spielst\u00e4tten mit klar definierten k\u00fcnstlerischen Funktionen:<\/p>\n<ul>\n<li><strong>Teatro Central:<\/strong> wichtigster Ort f\u00fcr B\u00fchnenkreation und avantgardistischen Flamenco.<\/li>\n<li><strong>Espacio Turina:<\/strong> besonders geeignet f\u00fcr Gitarre, Musik und kleinere Recital-Formate.<\/li>\n<li><strong>Teatro Alameda:<\/strong> beherbergt Premieren, junge K\u00fcnstler sowie Projekte aus Gesang, Tanz und Gitarre.<\/li>\n<li><strong>CaixaForum Sevilla:<\/strong> erg\u00e4nzt das Familienprogramm mit <em>Tirititr\u00e1n<\/em>.<\/li>\n<\/ul>\n<p>Insgesamt pr\u00e4sentiert die Organisation die Stadt als gro\u00dfe offene B\u00fchne, auf der jede Spielst\u00e4tte innerhalb der Erz\u00e4hlung dieser Ausgabe eine eigene Funktion erf\u00fcllt.<\/p>\n<\/div><\/div><\/div><\/div><\/div><div class=\"vc_col-sm-6 wpb_column vc_column_container\"><div class=\"vc_column-inner\"><div class=\"wpb_wrapper\"><div class=\"wpb_text_column\"><div class=\"wpb_wrapper\"><h2>Real Maestranza und Teatro de la Maestranza: nicht derselbe Ort<\/h2>\n<p>Diese Verwechslung kommt h\u00e4ufig vor, und 2026 sollte man sie vermeiden, weil beide Orte ein wichtiges Programm haben.<\/p>\n<p>Die <strong>Plaza de Toros de la Real Maestranza de Caballer\u00eda<\/strong> ist die historische Arena im Arenal, in der die Gala <em>El mundo por montera<\/em> am 10. September stattfindet.<\/p>\n<p>Das <strong>Teatro de la Maestranza<\/strong>, ebenfalls am Fluss, aber in einem anderen Geb\u00e4ude, ist das gro\u00dfe 1991 er\u00f6ffnete Theater, in dem Sara Baras, Jos\u00e9 Merc\u00e9, Israel Galv\u00e1n, Farruquito und weitere K\u00fcnstler auftreten.<\/p>\n<p>Pr\u00fcfe vor einer Vorstellung immer den vollst\u00e4ndigen Namen der Spielst\u00e4tte auf deinem Ticket.<\/p>\n<\/div><\/div><\/div><\/div><\/div><\/div><\/div><\/section><section class=\"l-section wpb_row height_huge\"><div class=\"l-section-h i-cf\"><div class=\"g-cols vc_row via_flex valign_top type_default stacking_default\"><div class=\"vc_col-sm-12 wpb_column vc_column_container\"><div class=\"vc_column-inner\"><div class=\"wpb_wrapper\"><div class=\"wpb_text_column\"><div class=\"wpb_wrapper\"><h2 id=\"consejos\">Praktische Tipps, wenn du die Biennale \u00fcber ihre Spielst\u00e4tten entdecken m\u00f6chtest<\/h2>\n<ul>\n<li><strong>W\u00e4hle nicht nur nach dem K\u00fcnstler.<\/strong> In dieser Ausgabe gibt es Projekte, die ausdr\u00fccklich f\u00fcr den Dialog mit der jeweiligen Spielst\u00e4tte entwickelt wurden.<\/li>\n<li><strong>Pr\u00fcfe, ob die Vorstellung drinnen oder im Freien stattfindet.<\/strong> Real Alc\u00e1zar, Hotel Triana und die Stierkampfarena bieten ein ganz anderes Erlebnis als geschlossene Theater.<\/li>\n<li><strong>Plane die Wege ein.<\/strong> Obwohl viele Spielst\u00e4tten im Zentrum oder relativ nah beieinander liegen, verteilt sich die Biennale auf Arenal, Triana, San Bernardo, Cartuja, Macarena und weitere Teile der Stadt.<\/li>\n<li><strong>Pr\u00fcfe den genauen Eingang.<\/strong> Bei historischen Monumenten kann der Eingang zu einer Auff\u00fchrung von dem Zugang f\u00fcr den normalen touristischen Besuch abweichen.<\/li>\n<li><strong>Komm rechtzeitig.<\/strong> Besonders an Premierenabenden, bei gro\u00dfen Galas und in historischen Spielst\u00e4tten.<\/li>\n<li><strong>Kombiniere verschiedene Formate.<\/strong> Eine der besten M\u00f6glichkeiten, die Ausgabe zu verstehen, ist die Kombination aus einer Matinee, einem Recital in einem Monument und einer gro\u00dfen Theaterproduktion.<\/li>\n<\/ul>\n<p>Wenn du mehrere Tage in Sevilla bleibst, kann dir unser Guide zu <a href=\"https:\/\/www.tablaosflamencos.com\/primer-fin-semana-bienal-flamenco-sevilla-2026.html\"><strong>den Highlights des ersten Wochenendes der Biennale 2026<\/strong><\/a> helfen, ein vollst\u00e4ndiges Programm zusammenzustellen.<\/p>\n<\/div><\/div><div class=\"w-separator size_medium\"><\/div><div class=\"w-hwrapper valign_top wrap stack_on_mobiles align_center\" style=\"--hwrapper-gap:1.2rem\"><div class=\"w-btn-wrapper align_none\"><a class=\"w-btn us-btn-style_1\" href=\"https:\/\/www.tablaosflamencos.com\/de\/flamenco-biennale-sevilla-2026.html\"><span class=\"w-btn-label\">Programm und kompletter Guide<\/span><\/a><\/div><div class=\"w-btn-wrapper align_none\"><a class=\"w-btn us-btn-style_1\" href=\"https:\/\/www.tablaosflamencos.com\/de\/flamenco-in-sevilla\"><span class=\"w-btn-label\">Flamenco in Sevilla erleben<\/span><\/a><\/div><\/div><\/div><\/div><\/div><\/div><\/div><\/section><section class=\"l-section wpb_row height_huge color_alternate with_shape\"><div class=\"l-section-shape type_zigzag pos_top\" style=\"height:3vmin;\"><svg xmlns=\"http:\/\/www.w3.org\/2000\/svg\" viewBox=\"0 0 64 8\" preserveAspectRatio=\"none\" width=\"100%\" height=\"100%\">\r\n\t<path fill=\"currentColor\" d=\"M64 8 L0 8 L0 0 L20 7.9 L40 3 L48 5 L64 0 Z\"\/>\r\n<\/svg><\/div><div class=\"l-section-shape type_zigzag pos_bottom\" style=\"height:3vmin;\"><svg xmlns=\"http:\/\/www.w3.org\/2000\/svg\" viewBox=\"0 0 64 8\" preserveAspectRatio=\"none\" width=\"100%\" height=\"100%\">\r\n\t<path fill=\"currentColor\" d=\"M64 8 L0 8 L0 0 L20 7.9 L40 3 L48 5 L64 0 Z\"\/>\r\n<\/svg><\/div><div class=\"l-section-h i-cf\"><div class=\"g-cols vc_row via_flex valign_top type_default stacking_default\"><div class=\"vc_col-sm-12 wpb_column vc_column_container\"><div class=\"vc_column-inner\"><div class=\"wpb_wrapper\"><div class=\"wpb_text_column\"><div class=\"wpb_wrapper\"><h2 id=\"por-que-importan\" style=\"text-align: center;\">Die Biennale bleibt auch durch ihre Orte in Erinnerung<\/h2>\n<p style=\"text-align: center;\">Ein gro\u00dfes Festival k\u00f6nnte sich darauf beschr\u00e4nken, K\u00fcnstler zu engagieren und auf Theater zu verteilen. Die Biennale von Sevilla macht etwas Interessanteres: Sie nutzt die Stadt selbst als Teil der Sprache des Festivals.<\/p>\n<p style=\"text-align: center;\">2026 wird diese Idee besonders deutlich. Die R\u00fcckkehr des Lope de Vega nach seiner Restaurierung, die Wiedergewinnung des Hotel Triana, die kreative Nutzung der Real F\u00e1brica de Artiller\u00eda, die barocken Matineen in San Luis, die N\u00e4chte im Alc\u00e1zar und die gro\u00dfe Gala in der Stierkampfarena schaffen eine Flamenco-Geografie, die nur in Sevilla entstehen kann.<\/p>\n<p style=\"text-align: center;\">Wenn dich also zwei Auff\u00fchrungen gleicherma\u00dfen interessieren, achte auch auf die Spielst\u00e4tte. Bei der Biennale ist manchmal <strong>der Ort selbst der K\u00fcnstler, der nicht auf dem Plakat steht<\/strong>.<\/p>\n<\/div><\/div><\/div><\/div><\/div><\/div><\/div><\/section><section class=\"l-section wpb_row height_huge\"><div class=\"l-section-h i-cf\"><div class=\"g-cols vc_row via_flex valign_top type_default stacking_default\"><div class=\"vc_col-sm-12 wpb_column vc_column_container\"><div class=\"vc_column-inner\"><div class=\"wpb_wrapper\"><div class=\"wpb_text_column\"><div class=\"wpb_wrapper\"><h2 id=\"fuentes\">Quellen und Aktualisierung<\/h2>\n<p>F\u00fcr diesen Guide haben wir die <a href=\"https:\/\/www.labienal.com\/espacios\" target=\"_blank\" rel=\"noopener\"><strong>offizielle Liste der Spielst\u00e4tten der XXIV. Biennale<\/strong><\/a>, das <a href=\"https:\/\/www.labienal.com\/programa-general\/programacion-por-espacios\" target=\"_blank\" rel=\"noopener\"><strong>offizielle Programm nach Spielst\u00e4tten<\/strong><\/a> sowie die von der Stadt Sevilla, ICAS, Real Alc\u00e1zar, Real Maestranza und Teatro de la Maestranza ver\u00f6ffentlichten Informationen zum Kulturerbe abgeglichen.<\/p>\n<p><strong>Informationen gepr\u00fcft am 1. September 2026.<\/strong> Termine, Uhrzeiten, Zug\u00e4nge und Verf\u00fcgbarkeit k\u00f6nnen von den Veranstaltern ge\u00e4ndert werden.<\/p>\n<\/div><\/div><\/div><\/div><\/div><\/div><\/div><\/section><section class=\"l-section wpb_row height_huge\"><div class=\"l-section-h i-cf\"><div class=\"g-cols vc_row via_flex valign_top type_default stacking_default\"><div class=\"vc_col-sm-1\/5 wpb_column vc_column_container\"><div class=\"vc_column-inner\"><div class=\"wpb_wrapper\"><\/div><\/div><\/div><div class=\"vc_col-sm-3\/5 wpb_column vc_column_container\"><div class=\"vc_column-inner\"><div class=\"wpb_wrapper\"><div class=\"wpb_text_column\"><div class=\"wpb_wrapper\"><h2 id=\"faq\" style=\"text-align: center;\">H\u00e4ufige Fragen zu den Spielst\u00e4tten der Flamenco-Biennale Sevilla 2026<\/h2>\n<\/div><\/div><div class=\"w-separator size_medium\"><\/div><div class=\"w-tabs accordion toggle_style_1 has_scrolling\" style=\"--sections-title-size:inherit;--sections-gap:0.5rem;\"><div class=\"w-tabs-sections titles-align_none icon_chevron cpos_right\"><div class=\"w-tabs-section\" id=\"h97e\"><button type=\"button\" class=\"w-tabs-section-header\" aria-controls=\"content-h97e\" aria-expanded=\"false\"><div class=\"w-tabs-section-title\">Wie viele Spielst\u00e4tten hat die Flamenco-Biennale Sevilla 2026?<\/div><div class=\"w-tabs-section-control\"><\/div><\/button><div  class=\"w-tabs-section-content\" id=\"content-h97e\"><div class=\"w-tabs-section-content-h i-cf\"><div class=\"wpb_text_column\"><div class=\"wpb_wrapper\"><p>Das Programm der XXIV. Biennale verteilt sich auf <strong>11 Spielst\u00e4tten<\/strong> in Sevilla, darunter Theater, Monumente, historische Innenh\u00f6fe und Kulturzentren.<\/p>\n<\/div><\/div><\/div><\/div><\/div><div class=\"w-tabs-section\" id=\"iafc\"><button type=\"button\" class=\"w-tabs-section-header\" aria-controls=\"content-iafc\" aria-expanded=\"false\"><div class=\"w-tabs-section-title\">Welche ist die monumentalste Spielst\u00e4tte der Biennale 2026?<\/div><div class=\"w-tabs-section-control\"><\/div><\/button><div  class=\"w-tabs-section-content\" id=\"content-iafc\"><div class=\"w-tabs-section-content-h i-cf\"><div class=\"wpb_text_column\"><div class=\"wpb_wrapper\"><p>Der <strong>Patio de la Monter\u00eda im Real Alc\u00e1zar<\/strong> ist vermutlich die au\u00dfergew\u00f6hnlichste monumentale Kulisse \u2013 wegen seines historischen Umfelds und der Freiluftvorstellungen vor dem Mud\u00e9jar-Palast.<\/p>\n<\/div><\/div><\/div><\/div><\/div><div class=\"w-tabs-section\" id=\"gc7a\"><button type=\"button\" class=\"w-tabs-section-header\" aria-controls=\"content-gc7a\" aria-expanded=\"false\"><div class=\"w-tabs-section-title\">Wo finden die einzigartigen Matineen statt?<\/div><div class=\"w-tabs-section-control\"><\/div><\/button><div  class=\"w-tabs-section-content\" id=\"content-gc7a\"><div class=\"w-tabs-section-content-h i-cf\"><div class=\"wpb_text_column\"><div class=\"wpb_wrapper\"><p>Die sechs einzigartigen Matineen finden in der <strong>Kirche San Luis de los Franceses<\/strong> am 12., 13., 19., 20., 26. und 27. September statt, jeweils um 12:00 Uhr.<\/p>\n<\/div><\/div><\/div><\/div><\/div><div class=\"w-tabs-section\" id=\"ndfa\"><button type=\"button\" class=\"w-tabs-section-header\" aria-controls=\"content-ndfa\" aria-expanded=\"false\"><div class=\"w-tabs-section-title\">Was ist das Hotel Triana?<\/div><div class=\"w-tabs-section-control\"><\/div><\/button><div  class=\"w-tabs-section-content\" id=\"content-ndfa\"><div class=\"w-tabs-section-content-h i-cf\"><div class=\"wpb_text_column\"><div class=\"wpb_wrapper\"><p>Es handelt sich um ein Geb\u00e4ude, das f\u00fcr die Iberoamerikanische Ausstellung von 1929 errichtet wurde, jedoch nie als Hotel diente und sp\u00e4ter zu einem <strong>traditionellen gemeinschaftlichen Wohnhof<\/strong>wurde. Sein Innenhof geh\u00f6rt zu den charaktervollsten Orten der Biennale und ist besonders stark mit der Flamenco-Erinnerung verbunden.<\/p>\n<\/div><\/div><\/div><\/div><\/div><div class=\"w-tabs-section\" id=\"rf69\"><button type=\"button\" class=\"w-tabs-section-header\" aria-controls=\"content-rf69\" aria-expanded=\"false\"><div class=\"w-tabs-section-title\">Wann \u00f6ffnet das Teatro Lope de Vega wieder?<\/div><div class=\"w-tabs-section-control\"><\/div><\/button><div  class=\"w-tabs-section-content\" id=\"content-rf69\"><div class=\"w-tabs-section-content-h i-cf\"><div class=\"wpb_text_column\"><div class=\"wpb_wrapper\"><p>Das Lope de Vega \u00f6ffnet nach einer umfassenden Restaurierung anl\u00e4sslich der Biennale 2026 wieder f\u00fcr das Publikum. Die erste Biennale-Vorstellung auf seiner B\u00fchne ist <em>Fractal Arcano<\/em>, von Dorantes, am <strong>12. September<\/strong>.<\/p>\n<\/div><\/div><\/div><\/div><\/div><div class=\"w-tabs-section\" id=\"l102\"><button type=\"button\" class=\"w-tabs-section-header\" aria-controls=\"content-l102\" aria-expanded=\"false\"><div class=\"w-tabs-section-title\">Sind die Plaza de Toros und das Teatro de la Maestranza dieselbe Spielst\u00e4tte?<\/div><div class=\"w-tabs-section-control\"><\/div><\/button><div  class=\"w-tabs-section-content\" id=\"content-l102\"><div class=\"w-tabs-section-content-h i-cf\"><div class=\"wpb_text_column\"><div class=\"wpb_wrapper\"><p>Nein. Es handelt sich um zwei verschiedene Geb\u00e4ude. Die <strong>Plaza de Toros de la Real Maestranza<\/strong> beherbergt die gro\u00dfe Gala am 10. September; das <strong>Teatro de la Maestranza<\/strong> empf\u00e4ngt Sara Baras, Israel Galv\u00e1n, Jos\u00e9 Merc\u00e9, Farruquito und weitere Gro\u00dfproduktionen.<\/p>\n<\/div><\/div><\/div><\/div><\/div><div class=\"w-tabs-section\" id=\"c26e\"><button type=\"button\" class=\"w-tabs-section-header\" aria-controls=\"content-c26e\" aria-expanded=\"false\"><div class=\"w-tabs-section-title\">Welche Spielst\u00e4tte eignet sich am besten f\u00fcr avantgardistischen Flamenco?<\/div><div class=\"w-tabs-section-control\"><\/div><\/button><div  class=\"w-tabs-section-content\" id=\"content-c26e\"><div class=\"w-tabs-section-content-h i-cf\"><div class=\"wpb_text_column\"><div class=\"wpb_wrapper\"><p>Die <strong>Real F\u00e1brica de Artiller\u00eda<\/strong> und das <strong>Teatro Central<\/strong> geh\u00f6ren im Programm 2026 zu den Spielst\u00e4tten, die am st\u00e4rksten mit Forschung und zeitgen\u00f6ssischen Ausdrucksformen verbunden sind.<\/p>\n<\/div><\/div><\/div><\/div><\/div><div class=\"w-tabs-section\" id=\"c3b4\"><button type=\"button\" class=\"w-tabs-section-header\" aria-controls=\"content-c3b4\" aria-expanded=\"false\"><div class=\"w-tabs-section-title\">Wo finde ich das Programm nach Spielst\u00e4tten?<\/div><div class=\"w-tabs-section-control\"><\/div><\/button><div  class=\"w-tabs-section-content\" id=\"content-c3b4\"><div class=\"w-tabs-section-content-h i-cf\"><div class=\"wpb_text_column\"><div class=\"wpb_wrapper\"><p>Auf der offiziellen Website der Biennale gibt es einen eigenen Bereich f\u00fcr das <strong>Programm nach Spielst\u00e4tten<\/strong>. Au\u00dferdem kannst du unseren kompletten Guide zur Flamenco-Biennale Sevilla 2026 nutzen, um deinen Besuch zu planen.<\/p>\n<\/div><\/div><\/div><\/div><\/div><\/div><\/div><\/div><\/div><\/div><div class=\"vc_col-sm-1\/5 wpb_column vc_column_container\"><div class=\"vc_column-inner\"><div class=\"wpb_wrapper\"><\/div><\/div><\/div><\/div><\/div><\/section>\n","protected":false},"excerpt":{"rendered":"<p>Entdecke die spektakul\u00e4rsten Spielst\u00e4tten der Flamenco-Biennale Sevilla 2026: Real Alc\u00e1zar, Maestranza, San Luis, Hotel Triana, Artiller\u00eda und mehr.<\/p>\n","protected":false},"author":1,"featured_media":13957,"comment_status":"closed","ping_status":"closed","sticky":false,"template":"","format":"standard","meta":{"_acf_changed":false,"wpai_generated_summary":"","_ayudawp_aiss_exclude":false,"_ayudawp_aiss_exclude_summary":false,"_ayudawp_aiss_summary":"","_ayudawp_aiss_summary_provider":"","_ayudawp_aiss_summary_hash":"","footnotes":""},"categories":[1431],"tags":[1244,1863,1245,1246,1247,1166,1869,405],"class_list":["post-14009","post","type-post","status-publish","format-standard","has-post-thumbnail","hentry","category-flamenco-biennale","tag-agenda-flamenca","tag-aktivitaeten-in-sevilla","tag-bienal-2026","tag-bienal-de-flamenco","tag-festivales-flamencos","tag-flamenco-en-sevilla","tag-sehenswuerdigkeiten-in-sevilla","tag-sevilla"],"acf":[],"yoast_head":"<!-- This site is optimized with the Yoast SEO Premium plugin v28.4 (Yoast SEO v28.4) - https:\/\/yoast.com\/product\/yoast-seo-premium-wordpress\/ -->\n<title>Spielst\u00e4tten der Flamenco-Biennale Sevilla 2026<\/title>\n<meta name=\"description\" content=\"Entdecke die spektakul\u00e4rsten Spielst\u00e4tten der Flamenco-Biennale Sevilla 2026: Real Alc\u00e1zar, Maestranza, San Luis, Hotel Triana, Artiller\u00eda und mehr.\" \/>\n<meta name=\"robots\" content=\"index, follow, max-snippet:-1, max-image-preview:large, max-video-preview:-1\" \/>\n<link rel=\"canonical\" href=\"https:\/\/www.tablaosflamencos.com\/de\/spektakulaerste-spielstaetten-flamenco-biennale-sevilla-2026.html\" \/>\n<meta property=\"og:locale\" content=\"de_DE\" \/>\n<meta property=\"og:type\" content=\"article\" \/>\n<meta property=\"og:title\" content=\"Die spektakul\u00e4rsten Spielst\u00e4tten der Flamenco-Biennale Sevilla 2026\" \/>\n<meta property=\"og:description\" content=\"Entdecke die spektakul\u00e4rsten Spielst\u00e4tten der Flamenco-Biennale Sevilla 2026: Real Alc\u00e1zar, Maestranza, San Luis, Hotel Triana, Artiller\u00eda und mehr.\" \/>\n<meta property=\"og:url\" content=\"https:\/\/www.tablaosflamencos.com\/de\/spektakulaerste-spielstaetten-flamenco-biennale-sevilla-2026.html\" \/>\n<meta property=\"og:site_name\" content=\"Tablaos Flamencos\" \/>\n<meta property=\"article:publisher\" content=\"https:\/\/www.facebook.com\/tablaosflamencos\" \/>\n<meta property=\"article:published_time\" content=\"2026-09-01T22:28:39+00:00\" \/>\n<meta property=\"article:modified_time\" content=\"2026-09-01T22:56:28+00:00\" \/>\n<meta property=\"og:image\" content=\"https:\/\/www.tablaosflamencos.com\/wp-content\/uploads\/los-espacios-mas-espectaculares-de-la-bienal-de-flamenco-de-sevilla-2026-01.webp\" \/>\n\t<meta property=\"og:image:width\" content=\"1920\" \/>\n\t<meta property=\"og:image:height\" content=\"1072\" \/>\n\t<meta property=\"og:image:type\" content=\"image\/webp\" \/>\n<meta name=\"author\" content=\"Miguel Ortiz\" \/>\n<meta name=\"twitter:card\" content=\"summary_large_image\" \/>\n<meta name=\"twitter:creator\" content=\"@tablaosflamenco\" \/>\n<meta name=\"twitter:site\" content=\"@tablaosflamenco\" \/>\n<meta name=\"twitter:label1\" content=\"Verfasst von\" \/>\n\t<meta name=\"twitter:data1\" content=\"Miguel Ortiz\" \/>\n\t<meta name=\"twitter:label2\" content=\"Gesch\u00e4tzte Lesezeit\" \/>\n\t<meta name=\"twitter:data2\" content=\"20\u00a0Minuten\" \/>\n<script type=\"application\/ld+json\" class=\"yoast-schema-graph\">{\"@context\":\"https:\\\/\\\/schema.org\",\"@graph\":[{\"@type\":\"Article\",\"@id\":\"https:\\\/\\\/www.tablaosflamencos.com\\\/de\\\/spektakulaerste-spielstaetten-flamenco-biennale-sevilla-2026.html#article\",\"isPartOf\":{\"@id\":\"https:\\\/\\\/www.tablaosflamencos.com\\\/de\\\/spektakulaerste-spielstaetten-flamenco-biennale-sevilla-2026.html\"},\"author\":{\"name\":\"Miguel Ortiz\",\"@id\":\"https:\\\/\\\/www.tablaosflamencos.com\\\/de#\\\/schema\\\/person\\\/e7a9ebe14eb75a52ceabfbffb3c54f5d\"},\"headline\":\"Die spektakul\u00e4rsten Spielst\u00e4tten der Flamenco-Biennale Sevilla 2026\",\"datePublished\":\"2026-09-01T22:28:39+00:00\",\"dateModified\":\"2026-09-01T22:56:28+00:00\",\"mainEntityOfPage\":{\"@id\":\"https:\\\/\\\/www.tablaosflamencos.com\\\/de\\\/spektakulaerste-spielstaetten-flamenco-biennale-sevilla-2026.html\"},\"wordCount\":4051,\"publisher\":{\"@id\":\"https:\\\/\\\/www.tablaosflamencos.com\\\/de#organization\"},\"image\":{\"@id\":\"https:\\\/\\\/www.tablaosflamencos.com\\\/de\\\/spektakulaerste-spielstaetten-flamenco-biennale-sevilla-2026.html#primaryimage\"},\"thumbnailUrl\":\"https:\\\/\\\/www.tablaosflamencos.com\\\/wp-content\\\/uploads\\\/los-espacios-mas-espectaculares-de-la-bienal-de-flamenco-de-sevilla-2026-01.webp\",\"keywords\":[\"agenda flamenca\",\"Aktivit\u00e4ten in Sevilla\",\"Bienal 2026\",\"Bienal de Flamenco\",\"festivales flamencos\",\"flamenco en Sevilla\",\"Sehensw\u00fcrdigkeiten in Sevilla\",\"sevilla\"],\"articleSection\":[\"Flamenco-Biennale\"],\"inLanguage\":\"de\"},{\"@type\":\"WebPage\",\"@id\":\"https:\\\/\\\/www.tablaosflamencos.com\\\/de\\\/spektakulaerste-spielstaetten-flamenco-biennale-sevilla-2026.html\",\"url\":\"https:\\\/\\\/www.tablaosflamencos.com\\\/de\\\/spektakulaerste-spielstaetten-flamenco-biennale-sevilla-2026.html\",\"name\":\"Spielst\u00e4tten der Flamenco-Biennale Sevilla 2026\",\"isPartOf\":{\"@id\":\"https:\\\/\\\/www.tablaosflamencos.com\\\/de#website\"},\"primaryImageOfPage\":{\"@id\":\"https:\\\/\\\/www.tablaosflamencos.com\\\/de\\\/spektakulaerste-spielstaetten-flamenco-biennale-sevilla-2026.html#primaryimage\"},\"image\":{\"@id\":\"https:\\\/\\\/www.tablaosflamencos.com\\\/de\\\/spektakulaerste-spielstaetten-flamenco-biennale-sevilla-2026.html#primaryimage\"},\"thumbnailUrl\":\"https:\\\/\\\/www.tablaosflamencos.com\\\/wp-content\\\/uploads\\\/los-espacios-mas-espectaculares-de-la-bienal-de-flamenco-de-sevilla-2026-01.webp\",\"datePublished\":\"2026-09-01T22:28:39+00:00\",\"dateModified\":\"2026-09-01T22:56:28+00:00\",\"description\":\"Entdecke die spektakul\u00e4rsten Spielst\u00e4tten der Flamenco-Biennale Sevilla 2026: Real Alc\u00e1zar, Maestranza, San Luis, Hotel Triana, Artiller\u00eda und mehr.\",\"breadcrumb\":{\"@id\":\"https:\\\/\\\/www.tablaosflamencos.com\\\/de\\\/spektakulaerste-spielstaetten-flamenco-biennale-sevilla-2026.html#breadcrumb\"},\"inLanguage\":\"de\",\"potentialAction\":[{\"@type\":\"ReadAction\",\"target\":[\"https:\\\/\\\/www.tablaosflamencos.com\\\/de\\\/spektakulaerste-spielstaetten-flamenco-biennale-sevilla-2026.html\"]}]},{\"@type\":\"ImageObject\",\"inLanguage\":\"de\",\"@id\":\"https:\\\/\\\/www.tablaosflamencos.com\\\/de\\\/spektakulaerste-spielstaetten-flamenco-biennale-sevilla-2026.html#primaryimage\",\"url\":\"https:\\\/\\\/www.tablaosflamencos.com\\\/wp-content\\\/uploads\\\/los-espacios-mas-espectaculares-de-la-bienal-de-flamenco-de-sevilla-2026-01.webp\",\"contentUrl\":\"https:\\\/\\\/www.tablaosflamencos.com\\\/wp-content\\\/uploads\\\/los-espacios-mas-espectaculares-de-la-bienal-de-flamenco-de-sevilla-2026-01.webp\",\"width\":1920,\"height\":1072,\"caption\":\"Los espacios m\u00e1s espectaculares de la Bienal de Flamenco de Sevilla 2026\"},{\"@type\":\"BreadcrumbList\",\"@id\":\"https:\\\/\\\/www.tablaosflamencos.com\\\/de\\\/spektakulaerste-spielstaetten-flamenco-biennale-sevilla-2026.html#breadcrumb\",\"itemListElement\":[{\"@type\":\"ListItem\",\"position\":1,\"name\":\"Home\",\"item\":\"https:\\\/\\\/www.tablaosflamencos.com\\\/de\"},{\"@type\":\"ListItem\",\"position\":2,\"name\":\"Die spektakul\u00e4rsten Spielst\u00e4tten der Flamenco-Biennale Sevilla 2026\"}]},{\"@type\":\"WebSite\",\"@id\":\"https:\\\/\\\/www.tablaosflamencos.com\\\/de#website\",\"url\":\"https:\\\/\\\/www.tablaosflamencos.com\\\/de\",\"name\":\"Tablaos Flamencos\",\"description\":\"Entradas para tablaos flamencos de Espa\u00f1a\",\"publisher\":{\"@id\":\"https:\\\/\\\/www.tablaosflamencos.com\\\/de#organization\"},\"alternateName\":\"Tablaos Flamencos\",\"potentialAction\":[{\"@type\":\"SearchAction\",\"target\":{\"@type\":\"EntryPoint\",\"urlTemplate\":\"https:\\\/\\\/www.tablaosflamencos.com\\\/de?s={search_term_string}\"},\"query-input\":{\"@type\":\"PropertyValueSpecification\",\"valueRequired\":true,\"valueName\":\"search_term_string\"}}],\"inLanguage\":\"de\"},{\"@type\":[\"Organization\",\"Place\",\"EntertainmentBusiness\"],\"@id\":\"https:\\\/\\\/www.tablaosflamencos.com\\\/de#organization\",\"name\":\"Tablaos Flamencos\",\"alternateName\":\"Tablaos Flamencos\",\"url\":\"https:\\\/\\\/www.tablaosflamencos.com\\\/de\",\"logo\":{\"@id\":\"https:\\\/\\\/www.tablaosflamencos.com\\\/de\\\/spektakulaerste-spielstaetten-flamenco-biennale-sevilla-2026.html#local-main-organization-logo\"},\"image\":{\"@id\":\"https:\\\/\\\/www.tablaosflamencos.com\\\/de\\\/spektakulaerste-spielstaetten-flamenco-biennale-sevilla-2026.html#local-main-organization-logo\"},\"sameAs\":[\"https:\\\/\\\/www.facebook.com\\\/tablaosflamencos\",\"https:\\\/\\\/x.com\\\/tablaosflamenco\",\"https:\\\/\\\/mastodon.social\\\/@tablaosflamencos\",\"https:\\\/\\\/www.instagram.com\\\/tablaosflamencos\",\"https:\\\/\\\/tiktok.com\\\/@tablaosflamencos\",\"https:\\\/\\\/www.linkedin.com\\\/company\\\/109408238\\\/\"],\"description\":\"Venta de entradas para espect\u00e1culos flamencos\",\"legalName\":\"Tablaos Flamencos\",\"foundingDate\":\"2015-01-01\",\"numberOfEmployees\":{\"@type\":\"QuantitativeValue\",\"minValue\":\"1\",\"maxValue\":\"10\"},\"address\":{\"@id\":\"https:\\\/\\\/www.tablaosflamencos.com\\\/de\\\/spektakulaerste-spielstaetten-flamenco-biennale-sevilla-2026.html#local-main-place-address\"},\"geo\":{\"@type\":\"GeoCoordinates\",\"latitude\":\"37.3868072\",\"longitude\":\"-5.993280299999999\"},\"telephone\":[\"+34623787787\"],\"contactPoint\":{\"@type\":\"ContactPoint\",\"telephone\":\"+34623787787\",\"email\":\"info@tablaosflamencos.com\"},\"openingHoursSpecification\":{\"@type\":\"OpeningHoursSpecification\",\"dayOfWeek\":[\"Monday\",\"Tuesday\",\"Wednesday\",\"Thursday\",\"Friday\",\"Saturday\",\"Sunday\"],\"opens\":\"00:00\",\"closes\":\"23:59\"},\"email\":\"info@tablaosflamencos.com\",\"priceRange\":\"$$$\",\"currenciesAccepted\":\"\u20ac\"},{\"@type\":\"Person\",\"@id\":\"https:\\\/\\\/www.tablaosflamencos.com\\\/de#\\\/schema\\\/person\\\/e7a9ebe14eb75a52ceabfbffb3c54f5d\",\"name\":\"Miguel Ortiz\",\"description\":\"Miguel Ortiz es un empresario flamenco, con una s\u00f3lida trayectoria dentro del sector. Ha presidido entidades culturales vinculadas al flamenco y, cuenta con un amplio recorrido profesional en la gesti\u00f3n y promoci\u00f3n de espect\u00e1culos y tablaos flamencos. Su pasi\u00f3n por la historia y el arte flamenco se refleja en cada art\u00edculo, donde combina experiencia, criterio y un profundo respeto por la tradici\u00f3n.\",\"sameAs\":[\"https:\\\/\\\/www.tablaosflamencos.com\",\"https:\\\/\\\/www.instagra.com\\\/miguelortizfe\",\"https:\\\/\\\/www.linkedin.com\\\/in\\\/miguelortizf\\\/\"],\"birthDate\":\"1984-11-22\",\"gender\":\"hombre\",\"knowsLanguage\":[\"espa\u00f1ol\",\"ingl\u00e9s\"],\"jobTitle\":\"Empresario flamenco\"},{\"@type\":\"PostalAddress\",\"@id\":\"https:\\\/\\\/www.tablaosflamencos.com\\\/de\\\/spektakulaerste-spielstaetten-flamenco-biennale-sevilla-2026.html#local-main-place-address\",\"streetAddress\":\"C\\\/ Alemanes, 19\",\"addressLocality\":\"Sevilla\",\"postalCode\":\"41004\",\"addressRegion\":\"Sevilla\",\"addressCountry\":\"ES\"},{\"@type\":\"ImageObject\",\"inLanguage\":\"de\",\"@id\":\"https:\\\/\\\/www.tablaosflamencos.com\\\/de\\\/spektakulaerste-spielstaetten-flamenco-biennale-sevilla-2026.html#local-main-organization-logo\",\"url\":\"https:\\\/\\\/www.tablaosflamencos.com\\\/wp-content\\\/uploads\\\/tablaos-flamencos-06-3.webp\",\"contentUrl\":\"https:\\\/\\\/www.tablaosflamencos.com\\\/wp-content\\\/uploads\\\/tablaos-flamencos-06-3.webp\",\"width\":600,\"height\":620,\"caption\":\"Tablaos Flamencos\"}]}<\/script>\n<meta name=\"geo.placename\" content=\"Sevilla\" \/>\n<meta name=\"geo.position\" content=\"37.3868072;-5.993280299999999\" \/>\n<meta name=\"geo.region\" content=\"Spanien\" \/>\n<!-- \/ Yoast SEO Premium plugin. -->","yoast_head_json":{"title":"Spielst\u00e4tten der Flamenco-Biennale Sevilla 2026","description":"Entdecke die spektakul\u00e4rsten Spielst\u00e4tten der Flamenco-Biennale Sevilla 2026: Real Alc\u00e1zar, Maestranza, San Luis, Hotel Triana, Artiller\u00eda und mehr.","robots":{"index":"index","follow":"follow","max-snippet":"max-snippet:-1","max-image-preview":"max-image-preview:large","max-video-preview":"max-video-preview:-1"},"canonical":"https:\/\/www.tablaosflamencos.com\/de\/spektakulaerste-spielstaetten-flamenco-biennale-sevilla-2026.html","og_locale":"de_DE","og_type":"article","og_title":"Die spektakul\u00e4rsten Spielst\u00e4tten der Flamenco-Biennale Sevilla 2026","og_description":"Entdecke die spektakul\u00e4rsten Spielst\u00e4tten der Flamenco-Biennale Sevilla 2026: Real Alc\u00e1zar, Maestranza, San Luis, Hotel Triana, Artiller\u00eda und mehr.","og_url":"https:\/\/www.tablaosflamencos.com\/de\/spektakulaerste-spielstaetten-flamenco-biennale-sevilla-2026.html","og_site_name":"Tablaos Flamencos","article_publisher":"https:\/\/www.facebook.com\/tablaosflamencos","article_published_time":"2026-09-01T22:28:39+00:00","article_modified_time":"2026-09-01T22:56:28+00:00","og_image":[{"width":1920,"height":1072,"url":"https:\/\/www.tablaosflamencos.com\/wp-content\/uploads\/los-espacios-mas-espectaculares-de-la-bienal-de-flamenco-de-sevilla-2026-01.webp","type":"image\/webp"}],"author":"Miguel Ortiz","twitter_card":"summary_large_image","twitter_creator":"@tablaosflamenco","twitter_site":"@tablaosflamenco","twitter_misc":{"Verfasst von":"Miguel Ortiz","Gesch\u00e4tzte Lesezeit":"20\u00a0Minuten"},"schema":{"@context":"https:\/\/schema.org","@graph":[{"@type":"Article","@id":"https:\/\/www.tablaosflamencos.com\/de\/spektakulaerste-spielstaetten-flamenco-biennale-sevilla-2026.html#article","isPartOf":{"@id":"https:\/\/www.tablaosflamencos.com\/de\/spektakulaerste-spielstaetten-flamenco-biennale-sevilla-2026.html"},"author":{"name":"Miguel Ortiz","@id":"https:\/\/www.tablaosflamencos.com\/de#\/schema\/person\/e7a9ebe14eb75a52ceabfbffb3c54f5d"},"headline":"Die spektakul\u00e4rsten Spielst\u00e4tten der Flamenco-Biennale Sevilla 2026","datePublished":"2026-09-01T22:28:39+00:00","dateModified":"2026-09-01T22:56:28+00:00","mainEntityOfPage":{"@id":"https:\/\/www.tablaosflamencos.com\/de\/spektakulaerste-spielstaetten-flamenco-biennale-sevilla-2026.html"},"wordCount":4051,"publisher":{"@id":"https:\/\/www.tablaosflamencos.com\/de#organization"},"image":{"@id":"https:\/\/www.tablaosflamencos.com\/de\/spektakulaerste-spielstaetten-flamenco-biennale-sevilla-2026.html#primaryimage"},"thumbnailUrl":"https:\/\/www.tablaosflamencos.com\/wp-content\/uploads\/los-espacios-mas-espectaculares-de-la-bienal-de-flamenco-de-sevilla-2026-01.webp","keywords":["agenda flamenca","Aktivit\u00e4ten in Sevilla","Bienal 2026","Bienal de Flamenco","festivales flamencos","flamenco en Sevilla","Sehensw\u00fcrdigkeiten in Sevilla","sevilla"],"articleSection":["Flamenco-Biennale"],"inLanguage":"de"},{"@type":"WebPage","@id":"https:\/\/www.tablaosflamencos.com\/de\/spektakulaerste-spielstaetten-flamenco-biennale-sevilla-2026.html","url":"https:\/\/www.tablaosflamencos.com\/de\/spektakulaerste-spielstaetten-flamenco-biennale-sevilla-2026.html","name":"Spielst\u00e4tten der Flamenco-Biennale Sevilla 2026","isPartOf":{"@id":"https:\/\/www.tablaosflamencos.com\/de#website"},"primaryImageOfPage":{"@id":"https:\/\/www.tablaosflamencos.com\/de\/spektakulaerste-spielstaetten-flamenco-biennale-sevilla-2026.html#primaryimage"},"image":{"@id":"https:\/\/www.tablaosflamencos.com\/de\/spektakulaerste-spielstaetten-flamenco-biennale-sevilla-2026.html#primaryimage"},"thumbnailUrl":"https:\/\/www.tablaosflamencos.com\/wp-content\/uploads\/los-espacios-mas-espectaculares-de-la-bienal-de-flamenco-de-sevilla-2026-01.webp","datePublished":"2026-09-01T22:28:39+00:00","dateModified":"2026-09-01T22:56:28+00:00","description":"Entdecke die spektakul\u00e4rsten Spielst\u00e4tten der Flamenco-Biennale Sevilla 2026: Real Alc\u00e1zar, Maestranza, San Luis, Hotel Triana, Artiller\u00eda und mehr.","breadcrumb":{"@id":"https:\/\/www.tablaosflamencos.com\/de\/spektakulaerste-spielstaetten-flamenco-biennale-sevilla-2026.html#breadcrumb"},"inLanguage":"de","potentialAction":[{"@type":"ReadAction","target":["https:\/\/www.tablaosflamencos.com\/de\/spektakulaerste-spielstaetten-flamenco-biennale-sevilla-2026.html"]}]},{"@type":"ImageObject","inLanguage":"de","@id":"https:\/\/www.tablaosflamencos.com\/de\/spektakulaerste-spielstaetten-flamenco-biennale-sevilla-2026.html#primaryimage","url":"https:\/\/www.tablaosflamencos.com\/wp-content\/uploads\/los-espacios-mas-espectaculares-de-la-bienal-de-flamenco-de-sevilla-2026-01.webp","contentUrl":"https:\/\/www.tablaosflamencos.com\/wp-content\/uploads\/los-espacios-mas-espectaculares-de-la-bienal-de-flamenco-de-sevilla-2026-01.webp","width":1920,"height":1072,"caption":"Los espacios m\u00e1s espectaculares de la Bienal de Flamenco de Sevilla 2026"},{"@type":"BreadcrumbList","@id":"https:\/\/www.tablaosflamencos.com\/de\/spektakulaerste-spielstaetten-flamenco-biennale-sevilla-2026.html#breadcrumb","itemListElement":[{"@type":"ListItem","position":1,"name":"Home","item":"https:\/\/www.tablaosflamencos.com\/de"},{"@type":"ListItem","position":2,"name":"Die spektakul\u00e4rsten Spielst\u00e4tten der Flamenco-Biennale Sevilla 2026"}]},{"@type":"WebSite","@id":"https:\/\/www.tablaosflamencos.com\/de#website","url":"https:\/\/www.tablaosflamencos.com\/de","name":"Tablaos Flamencos","description":"Entradas para tablaos flamencos de Espa\u00f1a","publisher":{"@id":"https:\/\/www.tablaosflamencos.com\/de#organization"},"alternateName":"Tablaos Flamencos","potentialAction":[{"@type":"SearchAction","target":{"@type":"EntryPoint","urlTemplate":"https:\/\/www.tablaosflamencos.com\/de?s={search_term_string}"},"query-input":{"@type":"PropertyValueSpecification","valueRequired":true,"valueName":"search_term_string"}}],"inLanguage":"de"},{"@type":["Organization","Place","EntertainmentBusiness"],"@id":"https:\/\/www.tablaosflamencos.com\/de#organization","name":"Tablaos Flamencos","alternateName":"Tablaos Flamencos","url":"https:\/\/www.tablaosflamencos.com\/de","logo":{"@id":"https:\/\/www.tablaosflamencos.com\/de\/spektakulaerste-spielstaetten-flamenco-biennale-sevilla-2026.html#local-main-organization-logo"},"image":{"@id":"https:\/\/www.tablaosflamencos.com\/de\/spektakulaerste-spielstaetten-flamenco-biennale-sevilla-2026.html#local-main-organization-logo"},"sameAs":["https:\/\/www.facebook.com\/tablaosflamencos","https:\/\/x.com\/tablaosflamenco","https:\/\/mastodon.social\/@tablaosflamencos","https:\/\/www.instagram.com\/tablaosflamencos","https:\/\/tiktok.com\/@tablaosflamencos","https:\/\/www.linkedin.com\/company\/109408238\/"],"description":"Venta de entradas para espect\u00e1culos flamencos","legalName":"Tablaos Flamencos","foundingDate":"2015-01-01","numberOfEmployees":{"@type":"QuantitativeValue","minValue":"1","maxValue":"10"},"address":{"@id":"https:\/\/www.tablaosflamencos.com\/de\/spektakulaerste-spielstaetten-flamenco-biennale-sevilla-2026.html#local-main-place-address"},"geo":{"@type":"GeoCoordinates","latitude":"37.3868072","longitude":"-5.993280299999999"},"telephone":["+34623787787"],"contactPoint":{"@type":"ContactPoint","telephone":"+34623787787","email":"info@tablaosflamencos.com"},"openingHoursSpecification":{"@type":"OpeningHoursSpecification","dayOfWeek":["Monday","Tuesday","Wednesday","Thursday","Friday","Saturday","Sunday"],"opens":"00:00","closes":"23:59"},"email":"info@tablaosflamencos.com","priceRange":"$$$","currenciesAccepted":"\u20ac"},{"@type":"Person","@id":"https:\/\/www.tablaosflamencos.com\/de#\/schema\/person\/e7a9ebe14eb75a52ceabfbffb3c54f5d","name":"Miguel Ortiz","description":"Miguel Ortiz es un empresario flamenco, con una s\u00f3lida trayectoria dentro del sector. Ha presidido entidades culturales vinculadas al flamenco y, cuenta con un amplio recorrido profesional en la gesti\u00f3n y promoci\u00f3n de espect\u00e1culos y tablaos flamencos. Su pasi\u00f3n por la historia y el arte flamenco se refleja en cada art\u00edculo, donde combina experiencia, criterio y un profundo respeto por la tradici\u00f3n.","sameAs":["https:\/\/www.tablaosflamencos.com","https:\/\/www.instagra.com\/miguelortizfe","https:\/\/www.linkedin.com\/in\/miguelortizf\/"],"birthDate":"1984-11-22","gender":"hombre","knowsLanguage":["espa\u00f1ol","ingl\u00e9s"],"jobTitle":"Empresario flamenco"},{"@type":"PostalAddress","@id":"https:\/\/www.tablaosflamencos.com\/de\/spektakulaerste-spielstaetten-flamenco-biennale-sevilla-2026.html#local-main-place-address","streetAddress":"C\/ Alemanes, 19","addressLocality":"Sevilla","postalCode":"41004","addressRegion":"Sevilla","addressCountry":"ES"},{"@type":"ImageObject","inLanguage":"de","@id":"https:\/\/www.tablaosflamencos.com\/de\/spektakulaerste-spielstaetten-flamenco-biennale-sevilla-2026.html#local-main-organization-logo","url":"https:\/\/www.tablaosflamencos.com\/wp-content\/uploads\/tablaos-flamencos-06-3.webp","contentUrl":"https:\/\/www.tablaosflamencos.com\/wp-content\/uploads\/tablaos-flamencos-06-3.webp","width":600,"height":620,"caption":"Tablaos Flamencos"}]},"geo.placename":"Sevilla","geo.position":{"lat":"37.3868072","long":"-5.993280299999999"},"geo.region":"Spanien"},"_links":{"self":[{"href":"https:\/\/www.tablaosflamencos.com\/de\/wp-json\/wp\/v2\/posts\/14009","targetHints":{"allow":["GET"]}}],"collection":[{"href":"https:\/\/www.tablaosflamencos.com\/de\/wp-json\/wp\/v2\/posts"}],"about":[{"href":"https:\/\/www.tablaosflamencos.com\/de\/wp-json\/wp\/v2\/types\/post"}],"author":[{"embeddable":true,"href":"https:\/\/www.tablaosflamencos.com\/de\/wp-json\/wp\/v2\/users\/1"}],"replies":[{"embeddable":true,"href":"https:\/\/www.tablaosflamencos.com\/de\/wp-json\/wp\/v2\/comments?post=14009"}],"version-history":[{"count":1,"href":"https:\/\/www.tablaosflamencos.com\/de\/wp-json\/wp\/v2\/posts\/14009\/revisions"}],"predecessor-version":[{"id":14019,"href":"https:\/\/www.tablaosflamencos.com\/de\/wp-json\/wp\/v2\/posts\/14009\/revisions\/14019"}],"wp:featuredmedia":[{"embeddable":true,"href":"https:\/\/www.tablaosflamencos.com\/de\/wp-json\/wp\/v2\/media\/13957"}],"wp:attachment":[{"href":"https:\/\/www.tablaosflamencos.com\/de\/wp-json\/wp\/v2\/media?parent=14009"}],"wp:term":[{"taxonomy":"category","embeddable":true,"href":"https:\/\/www.tablaosflamencos.com\/de\/wp-json\/wp\/v2\/categories?post=14009"},{"taxonomy":"post_tag","embeddable":true,"href":"https:\/\/www.tablaosflamencos.com\/de\/wp-json\/wp\/v2\/tags?post=14009"}],"curies":[{"name":"wp","href":"https:\/\/api.w.org\/{rel}","templated":true}]}}