{"id":13879,"date":"2026-09-01T23:35:30","date_gmt":"2026-09-01T21:35:30","guid":{"rendered":"https:\/\/www.tablaosflamencos.com\/?p=13879"},"modified":"2026-09-02T00:38:20","modified_gmt":"2026-09-01T22:38:20","slug":"flamenco-biennale-sevilla-2026-tickets-preise-rabatte","status":"publish","type":"post","link":"https:\/\/www.tablaosflamencos.com\/de\/flamenco-biennale-sevilla-2026-tickets-preise-rabatte.html","title":{"rendered":"Flamenco-Biennale Sevilla 2026: Tickets, Preise und Rabatte"},"content":{"rendered":"<section class=\"l-section wpb_row height_huge\"><div class=\"l-section-h i-cf\"><div class=\"g-cols vc_row via_flex valign_top type_default stacking_default\"><div class=\"vc_col-sm-6 wpb_column vc_column_container\"><div class=\"vc_column-inner\"><div class=\"wpb_wrapper\"><div class=\"wpb_text_column\"><div class=\"wpb_wrapper\"><h2>Tickets f\u00fcr die Flamenco-Biennale 2026: Preise und Kaufm\u00f6glichkeiten<\/h2>\n<p>Die <strong>Flamenco-Biennale Sevilla 2026<\/strong> findet vom <strong>9. September bis 3. Oktober<\/strong> statt und vereint Dutzende Vorstellungen in Theatern, historischen Kulturst\u00e4tten und besonderen Spielorten der Stadt. Wenn Sie Ihren Besuch planen, ist eine der wichtigsten Fragen ganz konkret: <strong>Wie viel kosten die Tickets, wo kann man sie kaufen und welche Rabatte sind noch verf\u00fcgbar?<\/strong><\/p>\n<p>Die Antwort h\u00e4ngt vom Spielort und teilweise von der gew\u00e4hlten Platzkategorie ab. Die Veranstalter haben Preise ver\u00f6ffentlicht, die bei <strong>12 \u20ac<\/strong> f\u00fcr den seitlichen Oberrang im Teatro Lope de Vega beginnen und bis zu <strong>75 \u20ac<\/strong> f\u00fcr die besten Pl\u00e4tze bei <em>Infinita<\/em>, von Sara Baras, im Teatro de la Maestranza reichen. Au\u00dferdem gibt es Vorstellungen zum Einheitspreis von 30 \u20ac, Tickets ab 15 \u20ac im Espacio Turina und Pl\u00e4tze ab 25 \u20ac in der Stierkampfarena.<\/p>\n<\/div><\/div><\/div><\/div><\/div><div class=\"vc_col-sm-6 wpb_column vc_column_container\"><div class=\"vc_column-inner\"><div class=\"wpb_wrapper\"><div class=\"wpb_text_column\"><div class=\"wpb_wrapper\"><p style=\"text-align: center; font-size: 54px; line-height: 1; margin-bottom: 10px;\"><strong>12 \u20ac<\/strong><\/p>\n<h3 style=\"text-align: center;\">Niedrigster ver\u00f6ffentlichter Ticketpreis<\/h3>\n<p style=\"text-align: center; font-size: 40px; line-height: 1; margin: 25px 0 10px;\"><strong>75 \u20ac<\/strong><\/p>\n<h3 style=\"text-align: center;\">H\u00f6chster ver\u00f6ffentlichter Preis<\/h3>\n<p style=\"text-align: center; font-size: 40px; line-height: 1; margin: 25px 0 10px;\"><strong>50 %<\/strong><\/p>\n<h3 style=\"text-align: center;\">Hora Joven f\u00fcr unter 30-J\u00e4hrige<\/h3>\n<\/div><\/div><\/div><\/div><\/div><\/div><\/div><\/section><section class=\"l-section wpb_row height_huge color_alternate\"><div class=\"l-section-h i-cf\"><div class=\"g-cols vc_row via_flex valign_top type_default stacking_default\"><div class=\"vc_col-sm-12 wpb_column vc_column_container\"><div class=\"vc_column-inner\"><div class=\"wpb_wrapper\"><div class=\"wpb_text_column\"><div class=\"wpb_wrapper\"><blockquote>\n<p><strong>Kurzantwort:<\/strong> Die Tickets f\u00fcr die Flamenco-Biennale Sevilla 2026 kosten offiziell zwischen <strong>12 und 75 Euro<\/strong>, je nach Spielort und Platzkategorie. Die Fr\u00fchbucherrabatte von 10 % und 5 % sind bereits abgelaufen, aber weiterhin gibt es die <strong>Hora Joven<\/strong>: Unter 30-J\u00e4hrige k\u00f6nnen einen <strong>Rabatt von 50 %<\/strong> an der Abendkasse eine Stunde vor der Vorstellung erhalten, sofern noch Pl\u00e4tze verf\u00fcgbar sind. Tickets werden \u00fcber die offizielle Seite der jeweiligen Vorstellung im Biennale-Programm gekauft.<\/p>\n<\/blockquote>\n<p><strong>Letzte Aktualisierung: 1. September 2026.<\/strong> Die hier genannten Preise sind die von der Biennale offiziell ver\u00f6ffentlichten Tarife. Die Verf\u00fcgbarkeit kann sich jederzeit \u00e4ndern; einige Vorstellungen haben bereits volle H\u00e4user oder ausverkaufte Termine gemeldet.<\/p>\n<\/div><\/div><div class=\"w-separator size_medium\"><\/div><div class=\"w-hwrapper valign_top wrap stack_on_mobiles align_center\" style=\"--hwrapper-gap:1.2rem\"><div class=\"w-btn-wrapper align_none\"><a class=\"w-btn us-btn-style_1\" href=\"https:\/\/www.tablaosflamencos.com\/de\/flamenco-biennale-sevilla-2026.html\"><span class=\"w-btn-label\">Kompletter Guide zur Biennale 2026<\/span><\/a><\/div><div class=\"w-btn-wrapper align_none\"><a class=\"w-btn us-btn-style_1\" href=\"https:\/\/www.tablaosflamencos.com\/de\/flamenco-biennale-sevilla\"><span class=\"w-btn-label\">Alle unsere Biennale-News ansehen<\/span><\/a><\/div><\/div><\/div><\/div><\/div><\/div><\/div><\/section><section class=\"l-section wpb_row height_huge\"><div class=\"l-section-h i-cf\"><div class=\"g-cols vc_row via_flex valign_top type_default stacking_default\"><div class=\"vc_col-sm-3 wpb_column vc_column_container\"><div class=\"vc_column-inner\"><div class=\"wpb_wrapper\"><\/div><\/div><\/div><div class=\"vc_col-sm-6 wpb_column vc_column_container\"><div class=\"vc_column-inner\"><div class=\"wpb_wrapper\"><div class=\"wpb_text_column\"><div class=\"wpb_wrapper\"><h2>Inhalt dieses Guides<\/h2>\n<ul>\n<li><a href=\"#como-comprar\">So kaufen Sie Tickets f\u00fcr die Biennale 2026<\/a><\/li>\n<li><a href=\"#precios\">Offizielle Preise nach Spielort<\/a><\/li>\n<li><a href=\"#descuentos\">Rabatte der Biennale 2026<\/a><\/li>\n<li><a href=\"#hora-joven\">Hora Joven: 50 % f\u00fcr unter 30-J\u00e4hrige<\/a><\/li>\n<li><a href=\"#sara-baras\">Sonderpreise f\u00fcr Sara Baras<\/a><\/li>\n<li><a href=\"#taquillas\">Kassenverkauf und Tickets am Veranstaltungstag<\/a><\/li>\n<li><a href=\"#agotadas\">Was tun, wenn keine Tickets mehr verf\u00fcgbar sind?<\/a><\/li>\n<li><a href=\"#gratis\">Kostenlose Alternativen<\/a><\/li>\n<li><a href=\"#consejos\">Tipps f\u00fcr den Ticketkauf<\/a><\/li>\n<li><a href=\"#faq-entradas\">H\u00e4ufig gestellte Fragen<\/a><\/li>\n<\/ul>\n<\/div><\/div><\/div><\/div><\/div><div class=\"vc_col-sm-3 wpb_column vc_column_container\"><div class=\"vc_column-inner\"><div class=\"wpb_wrapper\"><\/div><\/div><\/div><\/div><\/div><\/section><section class=\"l-section wpb_row height_huge color_alternate\"><div class=\"l-section-h i-cf\"><div class=\"g-cols vc_row via_flex valign_top type_default stacking_default\"><div class=\"vc_col-sm-6 wpb_column vc_column_container\"><div class=\"vc_column-inner\"><div class=\"wpb_wrapper\"><div class=\"wpb_text_column\"><div class=\"wpb_wrapper\"><h2 id=\"como-comprar\">So kaufen Sie Tickets f\u00fcr die Flamenco-Biennale 2026<\/h2>\n<p>Der allgemeine Vorverkauf begann am <strong>11. Februar 2026 um 10:00 Uhr<\/strong>. Am direktesten kaufen Sie \u00fcber das <strong>Gesamtprogramm<\/strong> der Biennale und \u00f6ffnen dort die Seite der gew\u00fcnschten Vorstellung. Wenn noch Pl\u00e4tze verf\u00fcgbar sind, enth\u00e4lt die Seite die offizielle Option <strong>\u201eTickets kaufen\u201c<\/strong>.<\/p>\n<p>Sie k\u00f6nnen das <a href=\"https:\/\/www.labienal.com\/programa-general\" target=\"_blank\" rel=\"noopener\"><strong>offizielle Programm der Biennale<\/strong><\/a> aufrufen, um die aktuelle Verf\u00fcgbarkeit jeder Vorstellung zu pr\u00fcfen. Es ist besser, direkt \u00fcber die konkrete Veranstaltungsseite zu gehen als \u00fcber \u00e4ltere Suchergebnisse, da sich die Verf\u00fcgbarkeit schnell \u00e4ndern kann.<\/p>\n<p>Die Biennale nennt au\u00dferdem die E-Mail-Adresse der Kasse, <strong>taquillaseulen.icas@gmail.com<\/strong>, sowie die Telefonnummer <strong>955 472 822<\/strong> f\u00fcr Fragen zum Ticketkauf.<\/p>\n<\/div><\/div><\/div><\/div><\/div><div class=\"vc_col-sm-6 wpb_column vc_column_container\"><div class=\"vc_column-inner\"><div class=\"wpb_wrapper\"><div class=\"wpb_text_column\"><div class=\"wpb_wrapper\"><h2>Gibt es eine einzige Ticketplattform f\u00fcr alle Vorstellungen?<\/h2>\n<p>In der Praxis b\u00fcndelt die Biennale den Zugang zum Ticketkauf \u00fcber ihr eigenes Programm. Das ist hilfreich, weil sich die Ausgabe auf zahlreiche Spielorte verteilt: Teatro Lope de Vega, Teatro de la Maestranza, Teatro Central, Espacio Turina, Teatro Alameda, San Luis de los Franceses, Real F\u00e1brica de Artiller\u00eda, Real Alc\u00e1zar, Hotel Triana und die Stierkampfarena, um nur einige zu nennen.<\/p>\n<p>Unser Rat ist einfach: <strong>Beginnen Sie immer auf der offiziellen Website der Biennale<\/strong>. So verringern Sie das Risiko, auf einer veralteten Seite, einer Wiederverkaufsplattform oder einem Kanal zu landen, der die tats\u00e4chlich verf\u00fcgbaren Pl\u00e4tze nicht korrekt anzeigt.<\/p>\n<p>Wenn Sie mehrere Tage vergleichen, \u00f6ffnen Sie zuerst unseren <a href=\"https:\/\/www.tablaosflamencos.com\/bienal-flamenco-sevilla-2026.html\"><strong>kompletten Guide zur Flamenco-Biennale Sevilla 2026<\/strong><\/a> und pr\u00fcfen Sie anschlie\u00dfend die Ticketverf\u00fcgbarkeit f\u00fcr jede Vorstellung, die zu Ihrer Reiseplanung passt.<\/p>\n<\/div><\/div><\/div><\/div><\/div><\/div><\/div><\/section><section class=\"l-section wpb_row height_huge\"><div class=\"l-section-h i-cf\"><div class=\"g-cols vc_row via_flex valign_top type_default stacking_default\"><div class=\"vc_col-sm-12 wpb_column vc_column_container\"><div class=\"vc_column-inner\"><div class=\"wpb_wrapper\"><div class=\"wpb_text_column\"><div class=\"wpb_wrapper\"><h2 id=\"precios\">Ticketpreise der Flamenco-Biennale 2026 nach Spielort<\/h2>\n<p>Die offiziellen Preise sind nicht an allen Spielorten gleich. Einige H\u00e4user arbeiten mit einem <strong>Einheitspreis<\/strong> und andere teilen den Saal in verschiedene Kategorien ein. Dies ist die von den Veranstaltern ver\u00f6ffentlichte Preisliste f\u00fcr die XXIV. Biennale:<\/p>\n<div style=\"overflow-x: auto;\">\n<table>\n<thead>\n<tr>\n<th>Spielort<\/th>\n<th>Bereich \/ Platz<\/th>\n<th>Preis<\/th>\n<\/tr>\n<\/thead>\n<tbody>\n<tr>\n<td rowspan=\"6\"><strong>Stierkampfarena<\/strong><\/td>\n<td>Arena<\/td>\n<td>50 \u20ac<\/td>\n<\/tr>\n<tr>\n<td>Barrera<\/td>\n<td>45 \u20ac<\/td>\n<\/tr>\n<tr>\n<td>Tendido<\/td>\n<td>40 \u20ac<\/td>\n<\/tr>\n<tr>\n<td>Tendido-Sitz<\/td>\n<td>35 \u20ac<\/td>\n<\/tr>\n<tr>\n<td>Loge<\/td>\n<td>30 \u20ac<\/td>\n<\/tr>\n<tr>\n<td>Trib\u00fcne<\/td>\n<td>25 \u20ac<\/td>\n<\/tr>\n<tr>\n<td rowspan=\"2\"><strong>Espacio Turina<\/strong><\/td>\n<td>Allgemein<\/td>\n<td>25 \u20ac<\/td>\n<\/tr>\n<tr>\n<td>Oberrang<\/td>\n<td>15 \u20ac<\/td>\n<\/tr>\n<tr>\n<td rowspan=\"11\"><strong>Teatro de la Maestranza<\/strong><\/td>\n<td>Parkett A<\/td>\n<td>55 \u20ac<\/td>\n<\/tr>\n<tr>\n<td>Parkett B<\/td>\n<td>50 \u20ac<\/td>\n<\/tr>\n<tr>\n<td>Balkon A<\/td>\n<td>48 \u20ac<\/td>\n<\/tr>\n<tr>\n<td>Balkon B<\/td>\n<td>45 \u20ac<\/td>\n<\/tr>\n<tr>\n<td>Terrasse A<\/td>\n<td>42 \u20ac<\/td>\n<\/tr>\n<tr>\n<td>Terrasse B<\/td>\n<td>40 \u20ac<\/td>\n<\/tr>\n<tr>\n<td>Terrasse C<\/td>\n<td>37 \u20ac<\/td>\n<\/tr>\n<tr>\n<td>Oberrang A<\/td>\n<td>35 \u20ac<\/td>\n<\/tr>\n<tr>\n<td>Oberrang B<\/td>\n<td>32 \u20ac<\/td>\n<\/tr>\n<tr>\n<td>Oberrang C<\/td>\n<td>30 \u20ac<\/td>\n<\/tr>\n<tr>\n<td>Oberrang D<\/td>\n<td>28 \u20ac<\/td>\n<\/tr>\n<tr>\n<td rowspan=\"8\"><strong>Teatro Lope de Vega<\/strong><\/td>\n<td>Parkettsitz<\/td>\n<td>35 \u20ac<\/td>\n<\/tr>\n<tr>\n<td>Platea<\/td>\n<td>35 \u20ac<\/td>\n<\/tr>\n<tr>\n<td>Mittelloge<\/td>\n<td>35 \u20ac<\/td>\n<\/tr>\n<tr>\n<td>Seitenloge<\/td>\n<td>30 \u20ac<\/td>\n<\/tr>\n<tr>\n<td>Amphitheatersitz<\/td>\n<td>25 \u20ac<\/td>\n<\/tr>\n<tr>\n<td>Amphitheaterloge<\/td>\n<td>20 \u20ac<\/td>\n<\/tr>\n<tr>\n<td>Mittlerer Oberrang-Sitz<\/td>\n<td>15 \u20ac<\/td>\n<\/tr>\n<tr>\n<td>Seitlicher Oberrang-Sitz<\/td>\n<td>12 \u20ac<\/td>\n<\/tr>\n<tr>\n<td><strong>Teatro Central<\/strong><\/td>\n<td>Ver\u00f6ffentlichter Preis<\/td>\n<td>30 \u20ac<\/td>\n<\/tr>\n<tr>\n<td><strong>Kirche San Luis<\/strong><\/td>\n<td>Ver\u00f6ffentlichter Preis<\/td>\n<td>30 \u20ac<\/td>\n<\/tr>\n<tr>\n<td><strong>Teatro Alameda<\/strong><\/td>\n<td>Ver\u00f6ffentlichter Preis<\/td>\n<td>30 \u20ac<\/td>\n<\/tr>\n<tr>\n<td><strong>Real F\u00e1brica de Artiller\u00eda<\/strong><\/td>\n<td>Ver\u00f6ffentlichter Preis<\/td>\n<td>30 \u20ac<\/td>\n<\/tr>\n<tr>\n<td><strong>Real Alc\u00e1zar<\/strong><\/td>\n<td>Ver\u00f6ffentlichter Preis<\/td>\n<td>30 \u20ac<\/td>\n<\/tr>\n<tr>\n<td><strong>Hotel Triana<\/strong><\/td>\n<td>Ver\u00f6ffentlichter Preis<\/td>\n<td>30 \u20ac<\/td>\n<\/tr>\n<\/tbody>\n<\/table>\n<\/div>\n<p>&nbsp;<\/p>\n<p>F\u00fcr viele Vorstellungen ist daher ein Budget von <strong>25 bis 35 Euro pro Vorstellung<\/strong>realistisch, wobei Pl\u00e4tze im Maestranza und bestimmte Sonderveranstaltungen teurer sein k\u00f6nnen. Das Lope de Vega bietet den niedrigsten ver\u00f6ffentlichten Preis mit Tickets ab 12 Euro.<\/p>\n<\/div><\/div><\/div><\/div><\/div><\/div><\/div><\/section><section class=\"l-section wpb_row height_huge color_alternate\"><div class=\"l-section-h i-cf\"><div class=\"g-cols vc_row via_flex valign_top type_default stacking_default\"><div class=\"vc_col-sm-6 wpb_column vc_column_container\"><div class=\"vc_column-inner\"><div class=\"wpb_wrapper\"><div class=\"wpb_text_column\"><div class=\"wpb_wrapper\"><h2 id=\"descuentos\">Rabatte der Flamenco-Biennale 2026<\/h2>\n<p>Zu Beginn des Vorverkaufs bot die Biennale zwei Fr\u00fchbucherrabatt-Zeitr\u00e4ume an:<\/p>\n<ul>\n<li><strong>10 % Rabatt<\/strong> f\u00fcr Tickets, die zwischen dem 11. Februar und 10. M\u00e4rz 2026 gekauft wurden.<\/li>\n<li><strong>5 % Rabatt<\/strong> f\u00fcr K\u00e4ufe zwischen dem 11. M\u00e4rz und 11. April 2026.<\/li>\n<\/ul>\n<p>Zum Stand dieser Aktualisierung, <strong>1. September 2026, sind beide Rabatte bereits abgelaufen<\/strong>. Das ist wichtig zu erw\u00e4hnen, weil \u00e4ltere Seiten oder Suchergebnisse die Aktion m\u00f6glicherweise noch nennen, ohne deutlich zu machen, dass sie zeitlich begrenzt war.<\/p>\n<p>Die offiziellen Informationen nennen au\u00dferdem eine Ausnahme: Die Fr\u00fchbucherrabatte <strong>galten nicht f\u00fcr die zweite und dritte Vorstellung von <em>Infinita<\/em>, von Sara Baras<\/strong>.<\/p>\n<\/div><\/div><\/div><\/div><\/div><div class=\"vc_col-sm-6 wpb_column vc_column_container\"><div class=\"vc_column-inner\"><div class=\"wpb_wrapper\"><div class=\"wpb_text_column\"><div class=\"wpb_wrapper\"><h2 id=\"hora-joven\">Hora Joven: 50 % f\u00fcr unter 30-J\u00e4hrige<\/h2>\n<p>Der interessanteste Rabatt f\u00fcr alle, die noch nicht gekauft haben, ist die <strong>Hora Joven<\/strong>. Personen <strong>unter 30 Jahren<\/strong> k\u00f6nnen einen <strong>Rabatt von 50 %<\/strong> beim Kauf an der Kasse <strong>eine Stunde vor der Vorstellung<\/strong>erhalten.<\/p>\n<p>Dabei gibt es eine entscheidende Bedingung: <strong>Der Rabatt gilt nur, wenn noch Pl\u00e4tze im Verkauf sind<\/strong>. Daher ist dies keine empfehlenswerte Option, wenn Sie eigens f\u00fcr eine bestimmte Vorstellung nach Sevilla reisen oder es sich um eine stark nachgefragte Veranstaltung handelt.<\/p>\n<p>F\u00fcr Einwohner, flexible Besucher oder Fans, die sich erst kurzfristig entscheiden m\u00f6chten, kann es dagegen eine ausgezeichnete Gelegenheit sein. Bei einer besonders erwarteten Premiere, einer Noche \u00danica oder einem kleinen Spielort bedeutet das Warten auf die Hora Joven jedoch, das Risiko einzugehen, keinen Platz mehr zu bekommen.<\/p>\n<\/div><\/div><\/div><\/div><\/div><\/div><\/div><\/section><section class=\"l-section wpb_row height_huge\"><div class=\"l-section-h i-cf\"><div class=\"g-cols vc_row via_flex valign_top type_default stacking_default\"><div class=\"vc_col-sm-6 wpb_column vc_column_container\"><div class=\"vc_column-inner\"><div class=\"wpb_wrapper\"><div class=\"wpb_text_column\"><div class=\"wpb_wrapper\"><h2 id=\"sara-baras\">Wie viel kosten Tickets f\u00fcr Sara Baras bei der Biennale 2026?<\/h2>\n<p><em>Infinita<\/em>, die R\u00fcckkehr von <strong>Sara Baras<\/strong> zur Biennale, hat im Teatro de la Maestranza eine eigene Preisstaffel und umfasst die teuersten ver\u00f6ffentlichten Pl\u00e4tze dieser Ausgabe:<\/p>\n<ul>\n<li>Parkett A und Parkett B: <strong>75 \u20ac<\/strong><\/li>\n<li>Balkon A und B: <strong>70 \u20ac<\/strong><\/li>\n<li>Terrasse A und B: <strong>65 \u20ac<\/strong><\/li>\n<li>Terrasse C: <strong>58 \u20ac<\/strong><\/li>\n<li>Oberrang A: <strong>54 \u20ac<\/strong><\/li>\n<li>Oberrang B: <strong>48 \u20ac<\/strong><\/li>\n<li>Oberrang C: <strong>46 \u20ac<\/strong><\/li>\n<li>Oberrang D: <strong>42 \u20ac<\/strong><\/li>\n<\/ul>\n<\/div><\/div><\/div><\/div><\/div><div class=\"vc_col-sm-6 wpb_column vc_column_container\"><div class=\"vc_column-inner\"><div class=\"wpb_wrapper\"><div class=\"wpb_text_column\"><div class=\"wpb_wrapper\"><h2>Warum haben die Tickets f\u00fcr Sara Baras andere Preise?<\/h2>\n<p>Der ver\u00f6ffentlichte Tarif f\u00fcr <em>Infinita<\/em> liegt \u00fcber der allgemeinen Preistabelle des Maestranza. F\u00fcr die \u00fcbrigen Vorstellungen des Theaters reicht die offizielle Spanne von <strong>28 bis 55 Euro<\/strong>, w\u00e4hrend sie f\u00fcr Sara Baras zwischen <strong>42 und 75 Euro<\/strong>liegt.<\/p>\n<p>Damit ist <em>Infinita<\/em> eine klare Ausnahme in der Preisgestaltung der Biennale. Wenn das Budget entscheidend ist, sollten Sie Lage und Sicht der verschiedenen Kategorien vergleichen, bevor Sie w\u00e4hlen.<\/p>\n<p>Weitere Informationen finden Sie auch in unserem eigenen Artikel \u00fcber <a href=\"https:\/\/www.tablaosflamencos.com\/sara-baras-sevilla-2026-infinita-bienal.html\"><strong>Sara Baras in Sevilla 2026: <em>Infinita<\/em> und ihre R\u00fcckkehr zur Biennale<\/strong><\/a> mit weiteren Details zur Vorstellung.<\/p>\n<\/div><\/div><\/div><\/div><\/div><\/div><\/div><\/section><section class=\"l-section wpb_row height_huge color_alternate\"><div class=\"l-section-h i-cf\"><div class=\"g-cols vc_row via_flex valign_top type_default stacking_default\"><div class=\"vc_col-sm-6 wpb_column vc_column_container\"><div class=\"vc_column-inner\"><div class=\"wpb_wrapper\"><div class=\"wpb_text_column\"><div class=\"wpb_wrapper\"><h2 id=\"taquillas\">Kassenverkauf und Tickets am selben Tag<\/h2>\n<p>Die Veranstalter erm\u00f6glichen den Ticketkauf <strong>eine Stunde vor der Vorstellung direkt am jeweiligen Spielort<\/strong>, sofern noch Pl\u00e4tze verf\u00fcgbar sind. Dieser kurzfristige Verkauf kann bei Restkontingenten oder f\u00fcr Besucher, die bereits in Sevilla sind und flexibel planen k\u00f6nnen, n\u00fctzlich sein.<\/p>\n<p>Die zentrale Kasse in der <strong>Real F\u00e1brica de Artiller\u00eda<\/strong> hat laut den ver\u00f6ffentlichten Angaben allgemein montags bis freitags von <strong>10:00 bis 14:00 Uhr und 17:00 bis 20:00 Uhr<\/strong>ge\u00f6ffnet und ist an Wochenenden und Feiertagen geschlossen.<\/p>\n<p>W\u00e4hrend der Semana Santa, der Feria und im Sommer gelten laut Angabe montags bis freitags die Zeiten von <strong>9:00 bis 14:00 Uhr<\/strong>. Bevor Sie eigens dorthin fahren, empfiehlt es sich, die aktuellen \u00d6ffnungszeiten zu best\u00e4tigen.<\/p>\n<\/div><\/div><\/div><\/div><\/div><div class=\"vc_col-sm-6 wpb_column vc_column_container\"><div class=\"vc_column-inner\"><div class=\"wpb_wrapper\"><div class=\"wpb_text_column\"><div class=\"wpb_wrapper\"><h2>Lohnt es sich, bis zum letzten Moment zu warten?<\/h2>\n<p>Das h\u00e4ngt von der Vorstellung ab. Die Ausgabe 2026 startet in den September mit mehreren Terminen, die bereits als <strong>ausverkauft<\/strong>gemeldet wurden. Spielorte wie San Luis de los Franceses oder die Real F\u00e1brica de Artiller\u00eda haben eine geringere Kapazit\u00e4t als die gro\u00dfen Theater, weshalb bestimmte Produktionen deutlich fr\u00fcher ausverkauft sein k\u00f6nnen.<\/p>\n<p>Wenn Ihnen ein bestimmter K\u00fcnstler oder eine bestimmte Produktion besonders wichtig ist, ist es am sichersten, bei verf\u00fcgbarer Gelegenheit sofort zu kaufen. Wenn Sie die Biennale allgemein erleben m\u00f6chten und kein einzelnes Muss haben, bietet der kurzfristige Kauf mehr Flexibilit\u00e4t, um freigegebene Pl\u00e4tze oder die Hora Joven zu nutzen.<\/p>\n<\/div><\/div><\/div><\/div><\/div><\/div><\/div><\/section><section class=\"l-section wpb_row height_huge\"><div class=\"l-section-h i-cf\"><div class=\"g-cols vc_row via_flex valign_top type_default stacking_default\"><div class=\"vc_col-sm-12 wpb_column vc_column_container\"><div class=\"vc_column-inner\"><div class=\"wpb_wrapper\"><div class=\"wpb_text_column\"><div class=\"wpb_wrapper\"><h2 id=\"agotadas\">Was tun, wenn die gew\u00fcnschte Vorstellung ausverkauft ist?<\/h2>\n<p>Eine ausverkaufte Vorstellung bedeutet nicht, dass Ihre Biennale vorbei ist. Die Ausgabe 2026 erstreckt sich \u00fcber fast einen Monat und verteilt ihr Programm auf zahlreiche Spielorte, Uhrzeiten und Formate.<\/p>\n<p>Pr\u00fcfen Sie zun\u00e4chst die <strong>offizielle Seite des konkreten Termins<\/strong>. Gehen Sie nicht davon aus, dass eine Produktion vollst\u00e4ndig ausverkauft ist, nur weil ein fr\u00fcherer Termin voll war. Manche Projekte bieten zwei oder mehr Vorstellungen, deren Verf\u00fcgbarkeit unterschiedlich sein kann.<\/p>\n<p>Wenn tats\u00e4chlich keine Pl\u00e4tze mehr frei sind, empfehlen wir unseren Guide <a href=\"https:\/\/www.tablaosflamencos.com\/bienal-flamenco-2026-entradas-agotadas-que-ver.html\"><strong>Flamenco-Biennale 2026: ausverkaufte Tickets und Alternativen, wenn Sie keine Karten mehr finden<\/strong><\/a>. Au\u00dferdem haben wir einen eigenen Guide f\u00fcr alle vorbereitet, die sofort eine Alternative suchen: <a href=\"https:\/\/www.tablaosflamencos.com\/bienal-agotada-donde-ver-flamenco-hoy-sevilla.html\"><strong>Biennale ausverkauft: Wo Sie heute in Sevilla Flamenco sehen k\u00f6nnen<\/strong><\/a>.<\/p>\n<\/div><\/div><div class=\"w-separator size_medium\"><\/div><div class=\"w-hwrapper valign_top wrap stack_on_mobiles align_center\" style=\"--hwrapper-gap:1.2rem\"><div class=\"w-btn-wrapper align_none\"><a class=\"w-btn us-btn-style_1\" href=\"https:\/\/www.tablaosflamencos.com\/de\/flamenco-biennale-sevilla-2026-ausverkauft-alternativen.html\"><span class=\"w-btn-label\">Was tun, wenn keine Tickets mehr verf\u00fcgbar sind?<\/span><\/a><\/div><div class=\"w-btn-wrapper align_none\"><a class=\"w-btn us-btn-style_1\" href=\"https:\/\/www.tablaosflamencos.com\/de\/flamenco-in-sevilla\"><span class=\"w-btn-label\">Flamenco in Sevilla erleben<\/span><\/a><\/div><\/div><\/div><\/div><\/div><\/div><\/div><\/section><section class=\"l-section wpb_row height_huge color_alternate\"><div class=\"l-section-h i-cf\"><div class=\"g-cols vc_row via_flex valign_top type_default stacking_default\"><div class=\"vc_col-sm-6 wpb_column vc_column_container\"><div class=\"vc_column-inner\"><div class=\"wpb_wrapper\"><div class=\"wpb_text_column\"><div class=\"wpb_wrapper\"><h2 id=\"gratis\">Gibt es bei der Biennale 2026 kostenlose Vorstellungen und Aktivit\u00e4ten?<\/h2>\n<p>Ja. Die Biennale selbst best\u00e4tigt, dass die Ausgabe 2026 <strong>kostenlose Aktivit\u00e4ten<\/strong> im Rahmen ihres Begleitprogramms umfasst. So l\u00e4sst sich die Festivalatmosph\u00e4re erleben, ohne f\u00fcr jeden Tag ein Ticket kaufen zu m\u00fcssen.<\/p>\n<p>Ausstellungen, Kulturangebote, Begegnungen und weitere Aktivit\u00e4ten lassen sich sehr gut mit einer kostenpflichtigen Vorstellung kombinieren. Wer mehrere Tage in Sevilla verbringt, kann durch die Kombination von Vorstellungen f\u00fcr 25 oder 30 Euro mit kostenlosen Angeboten au\u00dferdem das Gesamtbudget der Reise besser steuern.<\/p>\n<p>Lesen Sie unseren Guide <a href=\"https:\/\/www.tablaosflamencos.com\/bienal-flamenco-sevilla-2026-gratis.html\"><strong>Flamenco-Biennale Sevilla 2026 kostenlos: kostenlose Vorstellungen und Aktivit\u00e4ten<\/strong><\/a> mit den von uns zusammengestellten M\u00f6glichkeiten.<\/p>\n<\/div><\/div><\/div><\/div><\/div><div class=\"vc_col-sm-6 wpb_column vc_column_container\"><div class=\"vc_column-inner\"><div class=\"wpb_wrapper\"><div class=\"wpb_text_column\"><div class=\"wpb_wrapper\"><h2>Wie viel kann ein Tag bei der Biennale kosten?<\/h2>\n<p>Ein Biennale-Tag kann je nach Planung sehr unterschiedlich ausfallen. Mit einem Platz f\u00fcr 15 oder 20 Euro im Lope de Vega oder Espacio Turina und einer kostenlosen Aktivit\u00e4t l\u00e4sst sich das Festival mit kleinem Budget erleben. Ein Einheitspreis-Ticket kostet an vielen Spielorten <strong>30 Euro<\/strong>.<\/p>\n<p>Wenn Sie zwei kostenpflichtige Vorstellungen am selben Tag kombinieren m\u00f6chten, liegt ein typisches Budget ungef\u00e4hr zwischen <strong>50 und 70 Euro<\/strong>, je nach Spielort. Am oberen Ende kostet ein Premiumplatz f\u00fcr Sara Baras 75 Euro, bevor eine weitere Vorstellung desselben Tages hinzukommt.<\/p>\n<p>Deshalb empfehlen wir, zuerst ein oder zwei wirklich wichtige Vorstellungen auszuw\u00e4hlen und den Tagesplan anschlie\u00dfend mit g\u00fcnstigeren, kostenlosen oder anderen Flamenco-Angeboten in Sevilla zu erg\u00e4nzen.<\/p>\n<\/div><\/div><\/div><\/div><\/div><\/div><\/div><\/section><section class=\"l-section wpb_row height_huge\"><div class=\"l-section-h i-cf\"><div class=\"g-cols vc_row via_flex valign_top type_default stacking_default\"><div class=\"vc_col-sm-12 wpb_column vc_column_container\"><div class=\"vc_column-inner\"><div class=\"wpb_wrapper\"><div class=\"wpb_text_column\"><div class=\"wpb_wrapper\"><h2 id=\"consejos\" style=\"text-align: center;\">Tipps f\u00fcr den Ticketkauf zur Biennale 2026<\/h2>\n<ul>\n<li><strong>Kaufen Sie zuerst die unverzichtbaren Vorstellungen.<\/strong> Wenn Sie wegen eines bestimmten K\u00fcnstlers reisen, warten Sie nicht bis kurz vor dem Termin.<\/li>\n<li><strong>Vergleichen Sie Platzbereiche, nicht nur Preise.<\/strong> Im Maestranza und Lope de Vega gibt es deutliche Unterschiede zwischen den Kategorien.<\/li>\n<li><strong>Pr\u00fcfen Sie jeden Termin einzeln.<\/strong> Eine Vorstellung kann an einem Tag ausverkauft sein und an einem anderen noch Pl\u00e4tze haben.<\/li>\n<li><strong>Wenn Sie unter 30 sind, pr\u00fcfen Sie die Hora Joven.<\/strong> Die Ersparnis von 50 % ist erheblich, setzt aber voraus, das Risiko fehlender Resttickets einzugehen.<\/li>\n<li><strong>Rechnen Sie nicht mehr mit den Fr\u00fchbucherrabatten.<\/strong> Die Aktionen mit 10 % und 5 % endeten im M\u00e4rz beziehungsweise April.<\/li>\n<li><strong>Nutzen Sie den offiziellen Verkaufskanal.<\/strong> \u00d6ffnen Sie die jeweilige Vorstellungsseite \u00fcber das Biennale-Programm.<\/li>\n<li><strong>Kombinieren Sie kostenpflichtige und kostenlose Angebote.<\/strong> Das Begleitprogramm erm\u00f6glicht Festivaltage mit sehr unterschiedlichen Budgets.<\/li>\n<li><strong>Halten Sie einen Plan B bereit.<\/strong> Sevilla bietet t\u00e4glich Flamenco auch au\u00dferhalb des offiziellen Biennale-Programms.<\/li>\n<\/ul>\n<\/div><\/div><\/div><\/div><\/div><\/div><\/div><\/section><section class=\"l-section wpb_row height_huge color_alternate\"><div class=\"l-section-h i-cf\"><div class=\"g-cols vc_row via_flex valign_top type_default stacking_default\"><div class=\"vc_col-sm-12 wpb_column vc_column_container\"><div class=\"vc_column-inner\"><div class=\"wpb_wrapper\"><div class=\"wpb_text_column\"><div class=\"wpb_wrapper\"><h2 style=\"text-align: center;\">Eine Biennale mit sehr unterschiedlichen Preisen je nach Erlebnis<\/h2>\n<p style=\"text-align: center;\">Die Biennale 2026 erm\u00f6glicht sehr unterschiedliche Erlebnisse. In einigen Bereichen gibt es Pl\u00e4tze f\u00fcr 12 oder 15 Euro, viele Vorstellungen kosten 30 Euro, und gro\u00dfe Produktionen im Maestranza liegen dar\u00fcber.<\/p>\n<p style=\"text-align: center;\">Zu diesem Zeitpunkt im Kalender geht es nicht mehr darum, auf eine neue Fr\u00fchbucheraktion zu warten, sondern darum, <strong>Vorstellungen zu vergleichen, die Verf\u00fcgbarkeit zu beobachten und die Hora Joven zu nutzen, wenn Sie die Voraussetzungen erf\u00fcllen<\/strong>.<\/p>\n<p style=\"text-align: center;\">Und wenn eine Vorstellung ausverkauft ist, sollten Sie Ihren gesamten Besuch nicht von einem einzigen Ticket abh\u00e4ngig machen: Die Biennale pr\u00e4gt die Stadt \u00fcber Wochen, und Sevilla bietet viele weitere M\u00f6glichkeiten, Flamenco zu erleben.<\/p>\n<\/div><\/div><div class=\"w-separator size_medium\"><\/div><div class=\"w-hwrapper valign_top wrap stack_on_mobiles align_center\" style=\"--hwrapper-gap:1.2rem\"><div class=\"w-btn-wrapper align_none\"><a class=\"w-btn us-btn-style_1\" href=\"https:\/\/www.tablaosflamencos.com\/de\/flamenco-biennale-sevilla\"><span class=\"w-btn-label\">Zur Biennale-Landingpage<\/span><\/a><\/div><div class=\"w-btn-wrapper align_none\"><a class=\"w-btn us-btn-style_1\" href=\"https:\/\/www.tablaosflamencos.com\/de\/flamenco-biennale-sevilla-2026-kostenlos.html\"><span class=\"w-btn-label\">Kostenlose Aktivit\u00e4ten der Biennale 2026<\/span><\/a><\/div><\/div><\/div><\/div><\/div><\/div><\/div><\/section><section class=\"l-section wpb_row height_huge with_shape\"><div class=\"l-section-shape type_zigzag pos_bottom\" style=\"height:3vmin;\"><svg xmlns=\"http:\/\/www.w3.org\/2000\/svg\" viewBox=\"0 0 64 8\" preserveAspectRatio=\"none\" width=\"100%\" height=\"100%\">\r\n\t<path fill=\"currentColor\" d=\"M64 8 L0 8 L0 0 L20 7.9 L40 3 L48 5 L64 0 Z\"\/>\r\n<\/svg><\/div><div class=\"l-section-h i-cf\"><div class=\"g-cols vc_row via_flex valign_top type_default stacking_default\"><div class=\"vc_col-sm-1\/5 wpb_column vc_column_container\"><div class=\"vc_column-inner\"><div class=\"wpb_wrapper\"><\/div><\/div><\/div><div class=\"vc_col-sm-3\/5 wpb_column vc_column_container\"><div class=\"vc_column-inner\"><div class=\"wpb_wrapper\"><div class=\"wpb_text_column\"><div class=\"wpb_wrapper\"><h2 id=\"faq-entradas\" style=\"text-align: center;\">H\u00e4ufige Fragen zu Tickets, Preisen und Rabatten der Biennale 2026<\/h2>\n<\/div><\/div><div class=\"w-separator size_medium\"><\/div><div class=\"w-tabs accordion toggle_style_1 has_scrolling\" style=\"--sections-title-size:inherit;--sections-gap:0.5rem;\"><div class=\"w-tabs-sections titles-align_none icon_chevron cpos_right\"><div class=\"w-tabs-section\" id=\"s262\"><button type=\"button\" class=\"w-tabs-section-header\" aria-controls=\"content-s262\" aria-expanded=\"false\"><div class=\"w-tabs-section-title\">Wie viel kosten Tickets f\u00fcr die Flamenco-Biennale Sevilla 2026?<\/div><div class=\"w-tabs-section-control\"><\/div><\/button><div  class=\"w-tabs-section-content\" id=\"content-s262\"><div class=\"w-tabs-section-content-h i-cf\"><div class=\"wpb_text_column\"><div class=\"wpb_wrapper\"><p>Die ver\u00f6ffentlichten Preise liegen zwischen <strong>12 und 75 Euro<\/strong>. Das 12-\u20ac-Ticket gilt f\u00fcr den seitlichen Oberrang im Teatro Lope de Vega, w\u00e4hrend 75 \u20ac f\u00fcr Parkettpl\u00e4tze bei <em>Infinita<\/em>, von Sara Baras, im Teatro de la Maestranza gelten.<\/p>\n<\/div><\/div><\/div><\/div><\/div><div class=\"w-tabs-section\" id=\"k3ef\"><button type=\"button\" class=\"w-tabs-section-header\" aria-controls=\"content-k3ef\" aria-expanded=\"false\"><div class=\"w-tabs-section-title\">Wo kann man Tickets f\u00fcr die Biennale 2026 kaufen?<\/div><div class=\"w-tabs-section-control\"><\/div><\/button><div  class=\"w-tabs-section-content\" id=\"content-k3ef\"><div class=\"w-tabs-section-content-h i-cf\"><div class=\"wpb_text_column\"><div class=\"wpb_wrapper\"><p>Der Kauf erfolgt \u00fcber die <strong>offizielle Seite der jeweiligen Vorstellung<\/strong> im Gesamtprogramm der Biennale. Wenn noch Pl\u00e4tze verf\u00fcgbar sind, zeigt die Seite den Zugang zum entsprechenden offiziellen Verkaufskanal.<\/p>\n<\/div><\/div><\/div><\/div><\/div><div class=\"w-tabs-section\" id=\"t537\"><button type=\"button\" class=\"w-tabs-section-header\" aria-controls=\"content-t537\" aria-expanded=\"false\"><div class=\"w-tabs-section-title\">Ist der 10-%-Fr\u00fchbucherrabatt noch verf\u00fcgbar?<\/div><div class=\"w-tabs-section-control\"><\/div><\/button><div  class=\"w-tabs-section-content\" id=\"content-t537\"><div class=\"w-tabs-section-content-h i-cf\"><div class=\"wpb_text_column\"><div class=\"wpb_wrapper\"><p>Nein. Der Rabatt von 10 % galt vom 11. Februar bis 10. M\u00e4rz 2026. Danach gab es 5 % vom 11. M\u00e4rz bis 11. April. Beide Aktionszeitr\u00e4ume sind inzwischen beendet.<\/p>\n<\/div><\/div><\/div><\/div><\/div><div class=\"w-tabs-section\" id=\"n682\"><button type=\"button\" class=\"w-tabs-section-header\" aria-controls=\"content-n682\" aria-expanded=\"false\"><div class=\"w-tabs-section-title\">Was ist die Hora Joven der Biennale?<\/div><div class=\"w-tabs-section-control\"><\/div><\/button><div  class=\"w-tabs-section-content\" id=\"content-n682\"><div class=\"w-tabs-section-content-h i-cf\"><div class=\"wpb_text_column\"><div class=\"wpb_wrapper\"><p>Sie ist ein <strong>Rabatt von 50 %<\/strong> f\u00fcr unter 30-J\u00e4hrige, die eine Stunde vor der Vorstellung an der Kasse kaufen, sofern noch Tickets verf\u00fcgbar sind.<\/p>\n<\/div><\/div><\/div><\/div><\/div><div class=\"w-tabs-section\" id=\"s7e0\"><button type=\"button\" class=\"w-tabs-section-header\" aria-controls=\"content-s7e0\" aria-expanded=\"false\"><div class=\"w-tabs-section-title\">Kann ich am Tag der Vorstellung noch ein Ticket kaufen?<\/div><div class=\"w-tabs-section-control\"><\/div><\/button><div  class=\"w-tabs-section-content\" id=\"content-s7e0\"><div class=\"w-tabs-section-content-h i-cf\"><div class=\"wpb_text_column\"><div class=\"wpb_wrapper\"><p>Ja. Laut Biennale k\u00f6nnen Tickets eine Stunde vorher am jeweiligen Spielort gekauft werden, <strong>sofern noch Tickets verf\u00fcgbar sind<\/strong>.<\/p>\n<\/div><\/div><\/div><\/div><\/div><div class=\"w-tabs-section\" id=\"v927\"><button type=\"button\" class=\"w-tabs-section-header\" aria-controls=\"content-v927\" aria-expanded=\"false\"><div class=\"w-tabs-section-title\">Wie viel kosten Tickets f\u00fcr Sara Baras?<\/div><div class=\"w-tabs-section-control\"><\/div><\/button><div  class=\"w-tabs-section-content\" id=\"content-v927\"><div class=\"w-tabs-section-content-h i-cf\"><div class=\"wpb_text_column\"><div class=\"wpb_wrapper\"><p>F\u00fcr <em>Infinita<\/em>, von Sara Baras, liegen die ver\u00f6ffentlichten Preise im Teatro de la Maestranza zwischen <strong>42 und 75 Euro<\/strong>, je nach Platzkategorie.<\/p>\n<\/div><\/div><\/div><\/div><\/div><div class=\"w-tabs-section\" id=\"ea69\"><button type=\"button\" class=\"w-tabs-section-header\" aria-controls=\"content-ea69\" aria-expanded=\"false\"><div class=\"w-tabs-section-title\">Gibt es Biennale-Tickets f\u00fcr 30 Euro?<\/div><div class=\"w-tabs-section-control\"><\/div><\/button><div  class=\"w-tabs-section-content\" id=\"content-ea69\"><div class=\"w-tabs-section-content-h i-cf\"><div class=\"wpb_text_column\"><div class=\"wpb_wrapper\"><p>Ja. Teatro Central, die Kirche San Luis, Teatro Alameda, Real F\u00e1brica de Artiller\u00eda, Real Alc\u00e1zar und Hotel Triana sind mit einem <strong>ver\u00f6ffentlichten Preis von 30 \u20ac<\/strong> f\u00fcr ihre Biennale-Vorstellungen aufgef\u00fchrt.<\/p>\n<\/div><\/div><\/div><\/div><\/div><div class=\"w-tabs-section\" id=\"abc5\"><button type=\"button\" class=\"w-tabs-section-header\" aria-controls=\"content-abc5\" aria-expanded=\"false\"><div class=\"w-tabs-section-title\">Gibt es bei der Biennale 2026 kostenlose Aktivit\u00e4ten?<\/div><div class=\"w-tabs-section-control\"><\/div><\/button><div  class=\"w-tabs-section-content\" id=\"content-abc5\"><div class=\"w-tabs-section-content-h i-cf\"><div class=\"wpb_text_column\"><div class=\"wpb_wrapper\"><p>Ja. Die Biennale umfasst kostenlose Aktivit\u00e4ten im Rahmen ihres Begleitprogramms. Verf\u00fcgbarkeit und Termine sollten im aktuellen Programm gepr\u00fcft werden.<\/p>\n<\/div><\/div><\/div><\/div><\/div><div class=\"w-tabs-section\" id=\"lcfa\"><button type=\"button\" class=\"w-tabs-section-header\" aria-controls=\"content-lcfa\" aria-expanded=\"false\"><div class=\"w-tabs-section-title\">Was mache ich, wenn meine gew\u00fcnschten Tickets ausverkauft sind?<\/div><div class=\"w-tabs-section-control\"><\/div><\/button><div  class=\"w-tabs-section-content\" id=\"content-lcfa\"><div class=\"w-tabs-section-content-h i-cf\"><div class=\"wpb_text_column\"><div class=\"wpb_wrapper\"><p>Pr\u00fcfen Sie zun\u00e4chst andere Termine derselben Vorstellung. Wenn dort nichts verf\u00fcgbar ist, suchen Sie nach anderen Biennale-Vorstellungen, kostenlosen Aktivit\u00e4ten oder Flamenco-Shows in Sevilla. Bei Tablaos Flamencos halten wir eigene Guides mit Alternativen zu ausverkauften Vorstellungen bereit.<\/p>\n<\/div><\/div><\/div><\/div><\/div><div class=\"w-tabs-section\" id=\"ye2c\"><button type=\"button\" class=\"w-tabs-section-header\" aria-controls=\"content-ye2c\" aria-expanded=\"false\"><div class=\"w-tabs-section-title\">Kann ich die \u00fcblichen Theatererm\u00e4\u00dfigungen auf Biennale-Tickets anwenden?<\/div><div class=\"w-tabs-section-control\"><\/div><\/button><div  class=\"w-tabs-section-content\" id=\"content-ye2c\"><div class=\"w-tabs-section-content-h i-cf\"><div class=\"wpb_text_column\"><div class=\"wpb_wrapper\"><p>Davon sollte man nicht automatisch ausgehen. Die speziellen Verkaufsinformationen der Biennale nennen eigene Bedingungen und Rabatte. Pr\u00fcfen Sie vor dem Kauf immer die Bedingungen der konkreten Vorstellung oder fragen Sie bei der Kasse nach.<\/p>\n<\/div><\/div><\/div><\/div><\/div><\/div><\/div><\/div><\/div><\/div><div class=\"vc_col-sm-1\/5 wpb_column vc_column_container\"><div class=\"vc_column-inner\"><div class=\"wpb_wrapper\"><\/div><\/div><\/div><\/div><\/div><\/section>\n","protected":false},"excerpt":{"rendered":"<p>Aktualisierter Guide zum Ticketkauf f\u00fcr die Flamenco-Biennale Sevilla 2026: Preise nach Spielst\u00e4tte, Rabatte, Hora Joven, Vorverkaufsstellen und Tipps bei ausverkauften Vorstellungen.<\/p>\n","protected":false},"author":1,"featured_media":13857,"comment_status":"closed","ping_status":"closed","sticky":false,"template":"","format":"standard","meta":{"_acf_changed":false,"wpai_generated_summary":"","_ayudawp_aiss_exclude":false,"_ayudawp_aiss_exclude_summary":false,"_ayudawp_aiss_summary":"","_ayudawp_aiss_summary_provider":"","_ayudawp_aiss_summary_hash":"","footnotes":""},"categories":[1431],"tags":[1244,1245,1246,1247,1166,1833,405],"class_list":["post-13879","post","type-post","status-publish","format-standard","has-post-thumbnail","hentry","category-flamenco-biennale","tag-agenda-flamenca","tag-bienal-2026","tag-bienal-de-flamenco","tag-festivales-flamencos","tag-flamenco-en-sevilla","tag-flamenco-tickets","tag-sevilla"],"acf":[],"yoast_head":"<!-- This site is optimized with the Yoast SEO Premium plugin v28.4 (Yoast SEO v28.4) - https:\/\/yoast.com\/product\/yoast-seo-premium-wordpress\/ -->\n<title>Tickets Flamenco-Biennale Sevilla 2026: Preise und Rabatte<\/title>\n<meta name=\"description\" content=\"Preise und Rabatte der Flamenco-Biennale Sevilla 2026: Tickets ab 12 \u20ac, Hora Joven mit 50 %, Vorverkaufsstellen, Online-Kauf und Preise nach Spielst\u00e4tte.\" \/>\n<meta name=\"robots\" content=\"index, follow, max-snippet:-1, max-image-preview:large, max-video-preview:-1\" \/>\n<link rel=\"canonical\" href=\"https:\/\/www.tablaosflamencos.com\/de\/flamenco-biennale-sevilla-2026-tickets-preise-rabatte.html\" \/>\n<meta property=\"og:locale\" content=\"de_DE\" \/>\n<meta property=\"og:type\" content=\"article\" \/>\n<meta property=\"og:title\" content=\"Flamenco-Biennale Sevilla 2026: Tickets, Preise und Rabatte\" \/>\n<meta property=\"og:description\" content=\"Preise und Rabatte der Flamenco-Biennale Sevilla 2026: Tickets ab 12 \u20ac, Hora Joven mit 50 %, Vorverkaufsstellen, Online-Kauf und Preise nach Spielst\u00e4tte.\" \/>\n<meta property=\"og:url\" content=\"https:\/\/www.tablaosflamencos.com\/de\/flamenco-biennale-sevilla-2026-tickets-preise-rabatte.html\" \/>\n<meta property=\"og:site_name\" content=\"Tablaos Flamencos\" \/>\n<meta property=\"article:publisher\" content=\"https:\/\/www.facebook.com\/tablaosflamencos\" \/>\n<meta property=\"article:published_time\" content=\"2026-09-01T21:35:30+00:00\" \/>\n<meta property=\"article:modified_time\" content=\"2026-09-01T22:38:20+00:00\" \/>\n<meta property=\"og:image\" content=\"https:\/\/www.tablaosflamencos.com\/wp-content\/uploads\/bienal-de-flamenco-2026-entradas-precios-y-descuentos-01.webp\" \/>\n\t<meta property=\"og:image:width\" content=\"1672\" \/>\n\t<meta property=\"og:image:height\" content=\"941\" \/>\n\t<meta property=\"og:image:type\" content=\"image\/webp\" \/>\n<meta name=\"author\" content=\"Miguel Ortiz\" \/>\n<meta name=\"twitter:card\" content=\"summary_large_image\" \/>\n<meta name=\"twitter:creator\" content=\"@tablaosflamenco\" \/>\n<meta name=\"twitter:site\" content=\"@tablaosflamenco\" \/>\n<meta name=\"twitter:label1\" content=\"Verfasst von\" \/>\n\t<meta name=\"twitter:data1\" content=\"Miguel Ortiz\" \/>\n\t<meta name=\"twitter:label2\" content=\"Gesch\u00e4tzte Lesezeit\" \/>\n\t<meta name=\"twitter:data2\" content=\"15\u00a0Minuten\" \/>\n<script type=\"application\/ld+json\" class=\"yoast-schema-graph\">{\"@context\":\"https:\\\/\\\/schema.org\",\"@graph\":[{\"@type\":\"Article\",\"@id\":\"https:\\\/\\\/www.tablaosflamencos.com\\\/de\\\/flamenco-biennale-sevilla-2026-tickets-preise-rabatte.html#article\",\"isPartOf\":{\"@id\":\"https:\\\/\\\/www.tablaosflamencos.com\\\/de\\\/flamenco-biennale-sevilla-2026-tickets-preise-rabatte.html\"},\"author\":{\"name\":\"Miguel Ortiz\",\"@id\":\"https:\\\/\\\/www.tablaosflamencos.com\\\/de#\\\/schema\\\/person\\\/e7a9ebe14eb75a52ceabfbffb3c54f5d\"},\"headline\":\"Flamenco-Biennale Sevilla 2026: Tickets, Preise und Rabatte\",\"datePublished\":\"2026-09-01T21:35:30+00:00\",\"dateModified\":\"2026-09-01T22:38:20+00:00\",\"mainEntityOfPage\":{\"@id\":\"https:\\\/\\\/www.tablaosflamencos.com\\\/de\\\/flamenco-biennale-sevilla-2026-tickets-preise-rabatte.html\"},\"wordCount\":3051,\"publisher\":{\"@id\":\"https:\\\/\\\/www.tablaosflamencos.com\\\/de#organization\"},\"image\":{\"@id\":\"https:\\\/\\\/www.tablaosflamencos.com\\\/de\\\/flamenco-biennale-sevilla-2026-tickets-preise-rabatte.html#primaryimage\"},\"thumbnailUrl\":\"https:\\\/\\\/www.tablaosflamencos.com\\\/wp-content\\\/uploads\\\/bienal-de-flamenco-2026-entradas-precios-y-descuentos-01.webp\",\"keywords\":[\"agenda flamenca\",\"Bienal 2026\",\"Bienal de Flamenco\",\"festivales flamencos\",\"flamenco en Sevilla\",\"Flamenco-Tickets\",\"sevilla\"],\"articleSection\":[\"Flamenco-Biennale\"],\"inLanguage\":\"de\"},{\"@type\":\"WebPage\",\"@id\":\"https:\\\/\\\/www.tablaosflamencos.com\\\/de\\\/flamenco-biennale-sevilla-2026-tickets-preise-rabatte.html\",\"url\":\"https:\\\/\\\/www.tablaosflamencos.com\\\/de\\\/flamenco-biennale-sevilla-2026-tickets-preise-rabatte.html\",\"name\":\"Tickets Flamenco-Biennale Sevilla 2026: Preise und Rabatte\",\"isPartOf\":{\"@id\":\"https:\\\/\\\/www.tablaosflamencos.com\\\/de#website\"},\"primaryImageOfPage\":{\"@id\":\"https:\\\/\\\/www.tablaosflamencos.com\\\/de\\\/flamenco-biennale-sevilla-2026-tickets-preise-rabatte.html#primaryimage\"},\"image\":{\"@id\":\"https:\\\/\\\/www.tablaosflamencos.com\\\/de\\\/flamenco-biennale-sevilla-2026-tickets-preise-rabatte.html#primaryimage\"},\"thumbnailUrl\":\"https:\\\/\\\/www.tablaosflamencos.com\\\/wp-content\\\/uploads\\\/bienal-de-flamenco-2026-entradas-precios-y-descuentos-01.webp\",\"datePublished\":\"2026-09-01T21:35:30+00:00\",\"dateModified\":\"2026-09-01T22:38:20+00:00\",\"description\":\"Preise und Rabatte der Flamenco-Biennale Sevilla 2026: Tickets ab 12 \u20ac, Hora Joven mit 50 %, Vorverkaufsstellen, Online-Kauf und Preise nach Spielst\u00e4tte.\",\"breadcrumb\":{\"@id\":\"https:\\\/\\\/www.tablaosflamencos.com\\\/de\\\/flamenco-biennale-sevilla-2026-tickets-preise-rabatte.html#breadcrumb\"},\"inLanguage\":\"de\",\"potentialAction\":[{\"@type\":\"ReadAction\",\"target\":[\"https:\\\/\\\/www.tablaosflamencos.com\\\/de\\\/flamenco-biennale-sevilla-2026-tickets-preise-rabatte.html\"]}]},{\"@type\":\"ImageObject\",\"inLanguage\":\"de\",\"@id\":\"https:\\\/\\\/www.tablaosflamencos.com\\\/de\\\/flamenco-biennale-sevilla-2026-tickets-preise-rabatte.html#primaryimage\",\"url\":\"https:\\\/\\\/www.tablaosflamencos.com\\\/wp-content\\\/uploads\\\/bienal-de-flamenco-2026-entradas-precios-y-descuentos-01.webp\",\"contentUrl\":\"https:\\\/\\\/www.tablaosflamencos.com\\\/wp-content\\\/uploads\\\/bienal-de-flamenco-2026-entradas-precios-y-descuentos-01.webp\",\"width\":1672,\"height\":941,\"caption\":\"Bienal de Flamenco 2026: entradas, precios y descuentos\"},{\"@type\":\"BreadcrumbList\",\"@id\":\"https:\\\/\\\/www.tablaosflamencos.com\\\/de\\\/flamenco-biennale-sevilla-2026-tickets-preise-rabatte.html#breadcrumb\",\"itemListElement\":[{\"@type\":\"ListItem\",\"position\":1,\"name\":\"Home\",\"item\":\"https:\\\/\\\/www.tablaosflamencos.com\\\/de\"},{\"@type\":\"ListItem\",\"position\":2,\"name\":\"Flamenco-Biennale Sevilla 2026: Tickets, Preise und Rabatte\"}]},{\"@type\":\"WebSite\",\"@id\":\"https:\\\/\\\/www.tablaosflamencos.com\\\/de#website\",\"url\":\"https:\\\/\\\/www.tablaosflamencos.com\\\/de\",\"name\":\"Tablaos Flamencos\",\"description\":\"Entradas para tablaos flamencos de Espa\u00f1a\",\"publisher\":{\"@id\":\"https:\\\/\\\/www.tablaosflamencos.com\\\/de#organization\"},\"alternateName\":\"Tablaos Flamencos\",\"potentialAction\":[{\"@type\":\"SearchAction\",\"target\":{\"@type\":\"EntryPoint\",\"urlTemplate\":\"https:\\\/\\\/www.tablaosflamencos.com\\\/de?s={search_term_string}\"},\"query-input\":{\"@type\":\"PropertyValueSpecification\",\"valueRequired\":true,\"valueName\":\"search_term_string\"}}],\"inLanguage\":\"de\"},{\"@type\":[\"Organization\",\"Place\",\"EntertainmentBusiness\"],\"@id\":\"https:\\\/\\\/www.tablaosflamencos.com\\\/de#organization\",\"name\":\"Tablaos Flamencos\",\"alternateName\":\"Tablaos Flamencos\",\"url\":\"https:\\\/\\\/www.tablaosflamencos.com\\\/de\",\"logo\":{\"@id\":\"https:\\\/\\\/www.tablaosflamencos.com\\\/de\\\/flamenco-biennale-sevilla-2026-tickets-preise-rabatte.html#local-main-organization-logo\"},\"image\":{\"@id\":\"https:\\\/\\\/www.tablaosflamencos.com\\\/de\\\/flamenco-biennale-sevilla-2026-tickets-preise-rabatte.html#local-main-organization-logo\"},\"sameAs\":[\"https:\\\/\\\/www.facebook.com\\\/tablaosflamencos\",\"https:\\\/\\\/x.com\\\/tablaosflamenco\",\"https:\\\/\\\/mastodon.social\\\/@tablaosflamencos\",\"https:\\\/\\\/www.instagram.com\\\/tablaosflamencos\",\"https:\\\/\\\/tiktok.com\\\/@tablaosflamencos\",\"https:\\\/\\\/www.linkedin.com\\\/company\\\/109408238\\\/\"],\"description\":\"Venta de entradas para espect\u00e1culos flamencos\",\"legalName\":\"Tablaos Flamencos\",\"foundingDate\":\"2015-01-01\",\"numberOfEmployees\":{\"@type\":\"QuantitativeValue\",\"minValue\":\"1\",\"maxValue\":\"10\"},\"address\":{\"@id\":\"https:\\\/\\\/www.tablaosflamencos.com\\\/de\\\/flamenco-biennale-sevilla-2026-tickets-preise-rabatte.html#local-main-place-address\"},\"geo\":{\"@type\":\"GeoCoordinates\",\"latitude\":\"37.3868072\",\"longitude\":\"-5.993280299999999\"},\"telephone\":[\"+34623787787\"],\"contactPoint\":{\"@type\":\"ContactPoint\",\"telephone\":\"+34623787787\",\"email\":\"info@tablaosflamencos.com\"},\"openingHoursSpecification\":{\"@type\":\"OpeningHoursSpecification\",\"dayOfWeek\":[\"Monday\",\"Tuesday\",\"Wednesday\",\"Thursday\",\"Friday\",\"Saturday\",\"Sunday\"],\"opens\":\"00:00\",\"closes\":\"23:59\"},\"email\":\"info@tablaosflamencos.com\",\"priceRange\":\"$$$\",\"currenciesAccepted\":\"\u20ac\"},{\"@type\":\"Person\",\"@id\":\"https:\\\/\\\/www.tablaosflamencos.com\\\/de#\\\/schema\\\/person\\\/e7a9ebe14eb75a52ceabfbffb3c54f5d\",\"name\":\"Miguel Ortiz\",\"description\":\"Miguel Ortiz es un empresario flamenco, con una s\u00f3lida trayectoria dentro del sector. Ha presidido entidades culturales vinculadas al flamenco y, cuenta con un amplio recorrido profesional en la gesti\u00f3n y promoci\u00f3n de espect\u00e1culos y tablaos flamencos. Su pasi\u00f3n por la historia y el arte flamenco se refleja en cada art\u00edculo, donde combina experiencia, criterio y un profundo respeto por la tradici\u00f3n.\",\"sameAs\":[\"https:\\\/\\\/www.tablaosflamencos.com\",\"https:\\\/\\\/www.instagra.com\\\/miguelortizfe\",\"https:\\\/\\\/www.linkedin.com\\\/in\\\/miguelortizf\\\/\"],\"birthDate\":\"1984-11-22\",\"gender\":\"hombre\",\"knowsLanguage\":[\"espa\u00f1ol\",\"ingl\u00e9s\"],\"jobTitle\":\"Empresario flamenco\"},{\"@type\":\"PostalAddress\",\"@id\":\"https:\\\/\\\/www.tablaosflamencos.com\\\/de\\\/flamenco-biennale-sevilla-2026-tickets-preise-rabatte.html#local-main-place-address\",\"streetAddress\":\"C\\\/ Alemanes, 19\",\"addressLocality\":\"Sevilla\",\"postalCode\":\"41004\",\"addressRegion\":\"Sevilla\",\"addressCountry\":\"ES\"},{\"@type\":\"ImageObject\",\"inLanguage\":\"de\",\"@id\":\"https:\\\/\\\/www.tablaosflamencos.com\\\/de\\\/flamenco-biennale-sevilla-2026-tickets-preise-rabatte.html#local-main-organization-logo\",\"url\":\"https:\\\/\\\/www.tablaosflamencos.com\\\/wp-content\\\/uploads\\\/tablaos-flamencos-06-3.webp\",\"contentUrl\":\"https:\\\/\\\/www.tablaosflamencos.com\\\/wp-content\\\/uploads\\\/tablaos-flamencos-06-3.webp\",\"width\":600,\"height\":620,\"caption\":\"Tablaos Flamencos\"}]}<\/script>\n<meta name=\"geo.placename\" content=\"Sevilla\" \/>\n<meta name=\"geo.position\" content=\"37.3868072;-5.993280299999999\" \/>\n<meta name=\"geo.region\" content=\"Spanien\" \/>\n<!-- \/ Yoast SEO Premium plugin. -->","yoast_head_json":{"title":"Tickets Flamenco-Biennale Sevilla 2026: Preise und Rabatte","description":"Preise und Rabatte der Flamenco-Biennale Sevilla 2026: Tickets ab 12 \u20ac, Hora Joven mit 50 %, Vorverkaufsstellen, Online-Kauf und Preise nach Spielst\u00e4tte.","robots":{"index":"index","follow":"follow","max-snippet":"max-snippet:-1","max-image-preview":"max-image-preview:large","max-video-preview":"max-video-preview:-1"},"canonical":"https:\/\/www.tablaosflamencos.com\/de\/flamenco-biennale-sevilla-2026-tickets-preise-rabatte.html","og_locale":"de_DE","og_type":"article","og_title":"Flamenco-Biennale Sevilla 2026: Tickets, Preise und Rabatte","og_description":"Preise und Rabatte der Flamenco-Biennale Sevilla 2026: Tickets ab 12 \u20ac, Hora Joven mit 50 %, Vorverkaufsstellen, Online-Kauf und Preise nach Spielst\u00e4tte.","og_url":"https:\/\/www.tablaosflamencos.com\/de\/flamenco-biennale-sevilla-2026-tickets-preise-rabatte.html","og_site_name":"Tablaos Flamencos","article_publisher":"https:\/\/www.facebook.com\/tablaosflamencos","article_published_time":"2026-09-01T21:35:30+00:00","article_modified_time":"2026-09-01T22:38:20+00:00","og_image":[{"width":1672,"height":941,"url":"https:\/\/www.tablaosflamencos.com\/wp-content\/uploads\/bienal-de-flamenco-2026-entradas-precios-y-descuentos-01.webp","type":"image\/webp"}],"author":"Miguel Ortiz","twitter_card":"summary_large_image","twitter_creator":"@tablaosflamenco","twitter_site":"@tablaosflamenco","twitter_misc":{"Verfasst von":"Miguel Ortiz","Gesch\u00e4tzte Lesezeit":"15\u00a0Minuten"},"schema":{"@context":"https:\/\/schema.org","@graph":[{"@type":"Article","@id":"https:\/\/www.tablaosflamencos.com\/de\/flamenco-biennale-sevilla-2026-tickets-preise-rabatte.html#article","isPartOf":{"@id":"https:\/\/www.tablaosflamencos.com\/de\/flamenco-biennale-sevilla-2026-tickets-preise-rabatte.html"},"author":{"name":"Miguel Ortiz","@id":"https:\/\/www.tablaosflamencos.com\/de#\/schema\/person\/e7a9ebe14eb75a52ceabfbffb3c54f5d"},"headline":"Flamenco-Biennale Sevilla 2026: Tickets, Preise und Rabatte","datePublished":"2026-09-01T21:35:30+00:00","dateModified":"2026-09-01T22:38:20+00:00","mainEntityOfPage":{"@id":"https:\/\/www.tablaosflamencos.com\/de\/flamenco-biennale-sevilla-2026-tickets-preise-rabatte.html"},"wordCount":3051,"publisher":{"@id":"https:\/\/www.tablaosflamencos.com\/de#organization"},"image":{"@id":"https:\/\/www.tablaosflamencos.com\/de\/flamenco-biennale-sevilla-2026-tickets-preise-rabatte.html#primaryimage"},"thumbnailUrl":"https:\/\/www.tablaosflamencos.com\/wp-content\/uploads\/bienal-de-flamenco-2026-entradas-precios-y-descuentos-01.webp","keywords":["agenda flamenca","Bienal 2026","Bienal de Flamenco","festivales flamencos","flamenco en Sevilla","Flamenco-Tickets","sevilla"],"articleSection":["Flamenco-Biennale"],"inLanguage":"de"},{"@type":"WebPage","@id":"https:\/\/www.tablaosflamencos.com\/de\/flamenco-biennale-sevilla-2026-tickets-preise-rabatte.html","url":"https:\/\/www.tablaosflamencos.com\/de\/flamenco-biennale-sevilla-2026-tickets-preise-rabatte.html","name":"Tickets Flamenco-Biennale Sevilla 2026: Preise und Rabatte","isPartOf":{"@id":"https:\/\/www.tablaosflamencos.com\/de#website"},"primaryImageOfPage":{"@id":"https:\/\/www.tablaosflamencos.com\/de\/flamenco-biennale-sevilla-2026-tickets-preise-rabatte.html#primaryimage"},"image":{"@id":"https:\/\/www.tablaosflamencos.com\/de\/flamenco-biennale-sevilla-2026-tickets-preise-rabatte.html#primaryimage"},"thumbnailUrl":"https:\/\/www.tablaosflamencos.com\/wp-content\/uploads\/bienal-de-flamenco-2026-entradas-precios-y-descuentos-01.webp","datePublished":"2026-09-01T21:35:30+00:00","dateModified":"2026-09-01T22:38:20+00:00","description":"Preise und Rabatte der Flamenco-Biennale Sevilla 2026: Tickets ab 12 \u20ac, Hora Joven mit 50 %, Vorverkaufsstellen, Online-Kauf und Preise nach Spielst\u00e4tte.","breadcrumb":{"@id":"https:\/\/www.tablaosflamencos.com\/de\/flamenco-biennale-sevilla-2026-tickets-preise-rabatte.html#breadcrumb"},"inLanguage":"de","potentialAction":[{"@type":"ReadAction","target":["https:\/\/www.tablaosflamencos.com\/de\/flamenco-biennale-sevilla-2026-tickets-preise-rabatte.html"]}]},{"@type":"ImageObject","inLanguage":"de","@id":"https:\/\/www.tablaosflamencos.com\/de\/flamenco-biennale-sevilla-2026-tickets-preise-rabatte.html#primaryimage","url":"https:\/\/www.tablaosflamencos.com\/wp-content\/uploads\/bienal-de-flamenco-2026-entradas-precios-y-descuentos-01.webp","contentUrl":"https:\/\/www.tablaosflamencos.com\/wp-content\/uploads\/bienal-de-flamenco-2026-entradas-precios-y-descuentos-01.webp","width":1672,"height":941,"caption":"Bienal de Flamenco 2026: entradas, precios y descuentos"},{"@type":"BreadcrumbList","@id":"https:\/\/www.tablaosflamencos.com\/de\/flamenco-biennale-sevilla-2026-tickets-preise-rabatte.html#breadcrumb","itemListElement":[{"@type":"ListItem","position":1,"name":"Home","item":"https:\/\/www.tablaosflamencos.com\/de"},{"@type":"ListItem","position":2,"name":"Flamenco-Biennale Sevilla 2026: Tickets, Preise und Rabatte"}]},{"@type":"WebSite","@id":"https:\/\/www.tablaosflamencos.com\/de#website","url":"https:\/\/www.tablaosflamencos.com\/de","name":"Tablaos Flamencos","description":"Entradas para tablaos flamencos de Espa\u00f1a","publisher":{"@id":"https:\/\/www.tablaosflamencos.com\/de#organization"},"alternateName":"Tablaos Flamencos","potentialAction":[{"@type":"SearchAction","target":{"@type":"EntryPoint","urlTemplate":"https:\/\/www.tablaosflamencos.com\/de?s={search_term_string}"},"query-input":{"@type":"PropertyValueSpecification","valueRequired":true,"valueName":"search_term_string"}}],"inLanguage":"de"},{"@type":["Organization","Place","EntertainmentBusiness"],"@id":"https:\/\/www.tablaosflamencos.com\/de#organization","name":"Tablaos Flamencos","alternateName":"Tablaos Flamencos","url":"https:\/\/www.tablaosflamencos.com\/de","logo":{"@id":"https:\/\/www.tablaosflamencos.com\/de\/flamenco-biennale-sevilla-2026-tickets-preise-rabatte.html#local-main-organization-logo"},"image":{"@id":"https:\/\/www.tablaosflamencos.com\/de\/flamenco-biennale-sevilla-2026-tickets-preise-rabatte.html#local-main-organization-logo"},"sameAs":["https:\/\/www.facebook.com\/tablaosflamencos","https:\/\/x.com\/tablaosflamenco","https:\/\/mastodon.social\/@tablaosflamencos","https:\/\/www.instagram.com\/tablaosflamencos","https:\/\/tiktok.com\/@tablaosflamencos","https:\/\/www.linkedin.com\/company\/109408238\/"],"description":"Venta de entradas para espect\u00e1culos flamencos","legalName":"Tablaos Flamencos","foundingDate":"2015-01-01","numberOfEmployees":{"@type":"QuantitativeValue","minValue":"1","maxValue":"10"},"address":{"@id":"https:\/\/www.tablaosflamencos.com\/de\/flamenco-biennale-sevilla-2026-tickets-preise-rabatte.html#local-main-place-address"},"geo":{"@type":"GeoCoordinates","latitude":"37.3868072","longitude":"-5.993280299999999"},"telephone":["+34623787787"],"contactPoint":{"@type":"ContactPoint","telephone":"+34623787787","email":"info@tablaosflamencos.com"},"openingHoursSpecification":{"@type":"OpeningHoursSpecification","dayOfWeek":["Monday","Tuesday","Wednesday","Thursday","Friday","Saturday","Sunday"],"opens":"00:00","closes":"23:59"},"email":"info@tablaosflamencos.com","priceRange":"$$$","currenciesAccepted":"\u20ac"},{"@type":"Person","@id":"https:\/\/www.tablaosflamencos.com\/de#\/schema\/person\/e7a9ebe14eb75a52ceabfbffb3c54f5d","name":"Miguel Ortiz","description":"Miguel Ortiz es un empresario flamenco, con una s\u00f3lida trayectoria dentro del sector. Ha presidido entidades culturales vinculadas al flamenco y, cuenta con un amplio recorrido profesional en la gesti\u00f3n y promoci\u00f3n de espect\u00e1culos y tablaos flamencos. Su pasi\u00f3n por la historia y el arte flamenco se refleja en cada art\u00edculo, donde combina experiencia, criterio y un profundo respeto por la tradici\u00f3n.","sameAs":["https:\/\/www.tablaosflamencos.com","https:\/\/www.instagra.com\/miguelortizfe","https:\/\/www.linkedin.com\/in\/miguelortizf\/"],"birthDate":"1984-11-22","gender":"hombre","knowsLanguage":["espa\u00f1ol","ingl\u00e9s"],"jobTitle":"Empresario flamenco"},{"@type":"PostalAddress","@id":"https:\/\/www.tablaosflamencos.com\/de\/flamenco-biennale-sevilla-2026-tickets-preise-rabatte.html#local-main-place-address","streetAddress":"C\/ Alemanes, 19","addressLocality":"Sevilla","postalCode":"41004","addressRegion":"Sevilla","addressCountry":"ES"},{"@type":"ImageObject","inLanguage":"de","@id":"https:\/\/www.tablaosflamencos.com\/de\/flamenco-biennale-sevilla-2026-tickets-preise-rabatte.html#local-main-organization-logo","url":"https:\/\/www.tablaosflamencos.com\/wp-content\/uploads\/tablaos-flamencos-06-3.webp","contentUrl":"https:\/\/www.tablaosflamencos.com\/wp-content\/uploads\/tablaos-flamencos-06-3.webp","width":600,"height":620,"caption":"Tablaos Flamencos"}]},"geo.placename":"Sevilla","geo.position":{"lat":"37.3868072","long":"-5.993280299999999"},"geo.region":"Spanien"},"_links":{"self":[{"href":"https:\/\/www.tablaosflamencos.com\/de\/wp-json\/wp\/v2\/posts\/13879","targetHints":{"allow":["GET"]}}],"collection":[{"href":"https:\/\/www.tablaosflamencos.com\/de\/wp-json\/wp\/v2\/posts"}],"about":[{"href":"https:\/\/www.tablaosflamencos.com\/de\/wp-json\/wp\/v2\/types\/post"}],"author":[{"embeddable":true,"href":"https:\/\/www.tablaosflamencos.com\/de\/wp-json\/wp\/v2\/users\/1"}],"replies":[{"embeddable":true,"href":"https:\/\/www.tablaosflamencos.com\/de\/wp-json\/wp\/v2\/comments?post=13879"}],"version-history":[{"count":8,"href":"https:\/\/www.tablaosflamencos.com\/de\/wp-json\/wp\/v2\/posts\/13879\/revisions"}],"predecessor-version":[{"id":13999,"href":"https:\/\/www.tablaosflamencos.com\/de\/wp-json\/wp\/v2\/posts\/13879\/revisions\/13999"}],"wp:featuredmedia":[{"embeddable":true,"href":"https:\/\/www.tablaosflamencos.com\/de\/wp-json\/wp\/v2\/media\/13857"}],"wp:attachment":[{"href":"https:\/\/www.tablaosflamencos.com\/de\/wp-json\/wp\/v2\/media?parent=13879"}],"wp:term":[{"taxonomy":"category","embeddable":true,"href":"https:\/\/www.tablaosflamencos.com\/de\/wp-json\/wp\/v2\/categories?post=13879"},{"taxonomy":"post_tag","embeddable":true,"href":"https:\/\/www.tablaosflamencos.com\/de\/wp-json\/wp\/v2\/tags?post=13879"}],"curies":[{"name":"wp","href":"https:\/\/api.w.org\/{rel}","templated":true}]}}