{"id":13874,"date":"2026-09-01T23:44:31","date_gmt":"2026-09-01T21:44:31","guid":{"rendered":"https:\/\/www.tablaosflamencos.com\/?p=13874"},"modified":"2026-09-02T00:37:36","modified_gmt":"2026-09-01T22:37:36","slug":"flamenco-real-alcazar-flamenco-biennale-sevilla-2026","status":"publish","type":"post","link":"https:\/\/www.tablaosflamencos.com\/de\/flamenco-real-alcazar-flamenco-biennale-sevilla-2026.html","title":{"rendered":"Flamenco im Real Alc\u00e1zar w\u00e4hrend der Biennale 2026"},"content":{"rendered":"<section class=\"l-section wpb_row height_huge\"><div class=\"l-section-h i-cf\"><div class=\"g-cols vc_row via_flex valign_top type_default stacking_default\"><div class=\"vc_col-sm-6 wpb_column vc_column_container\"><div class=\"vc_column-inner\"><div class=\"wpb_wrapper\"><div class=\"wpb_text_column\"><div class=\"wpb_wrapper\"><h2>Flamenco im Real Alc\u00e1zar w\u00e4hrend der Biennale 2026<\/h2>\n<p>Die <strong>XXIV. Flamenco-Biennale von Sevilla<\/strong> verwandelt den <strong>Real Alc\u00e1zar<\/strong> f\u00fcr drei aufeinanderfolgende N\u00e4chte in eine ihrer au\u00dfergew\u00f6hnlichsten B\u00fchnen. Vom <strong>14. bis 16. September 2026<\/strong>wird der <strong>Patio de la Monter\u00eda<\/strong> ein Programm beherbergen, das sich auf Cante, Erinnerung und die gro\u00dfen Flamenco-Genealogien konzentriert: Israel Fern\u00e1ndez, Rancapino Chico und das Treffen aus Jerez <em>Xerezan\u00edas<\/em>.<\/p>\n<p>Dies ist nicht einfach ein weiterer Ort auf der Karte der Biennale. Der Alc\u00e1zar bietet etwas, das nur wenige Spielst\u00e4tten bieten k\u00f6nnen: ein historisches Monument, das Teil der Identit\u00e4t Sevillas ist und f\u00fcr einige Stunden nicht nur Sehensw\u00fcrdigkeit, sondern n\u00e4chtliche Flamenco-B\u00fchne wird.<\/p>\n<p>Dieser Guide b\u00fcndelt <strong>Termine, Uhrzeiten, K\u00fcnstler, Tickets, die wichtigsten Aspekte jeder Vorstellung und praktische Tipps<\/strong> f\u00fcr die Wahl des Abends, an dem Sie Flamenco im Real Alc\u00e1zar w\u00e4hrend der Biennale 2026 erleben m\u00f6chten.<\/p>\n<\/div><\/div><\/div><\/div><\/div><div class=\"vc_col-sm-6 wpb_column vc_column_container\"><div class=\"vc_column-inner\"><div class=\"wpb_wrapper\"><div class=\"wpb_text_column\"><div class=\"wpb_wrapper\"><p style=\"text-align: center; font-size: 48px; line-height: 1; margin-bottom: 8px;\"><strong>14\u201316<\/strong><\/p>\n<h3 style=\"text-align: center;\">September 2026<\/h3>\n<p style=\"text-align: center;\"><strong>Patio de la Monter\u00eda \u00b7 Real Alc\u00e1zar<\/strong><\/p>\n<p style=\"text-align: center;\">Drei Abende \u00b7 21:30 Uhr<\/p>\n<p style=\"text-align: center;\">Israel Fern\u00e1ndez \u00b7 Rancapino Chico \u00b7 Xerezan\u00edas<\/p>\n<p style=\"text-align: center;\">Von der Biennale ver\u00f6ffentlichter regul\u00e4rer Preis: <strong>30 \u20ac<\/strong><\/p>\n<\/div><\/div><\/div><\/div><\/div><\/div><\/div><\/section><section class=\"l-section wpb_row height_huge color_alternate with_shape\"><div class=\"l-section-shape type_zigzag pos_top\" style=\"height:3vmin;\"><svg xmlns=\"http:\/\/www.w3.org\/2000\/svg\" viewBox=\"0 0 64 8\" preserveAspectRatio=\"none\" width=\"100%\" height=\"100%\">\r\n\t<path fill=\"currentColor\" d=\"M64 8 L0 8 L0 0 L20 7.9 L40 3 L48 5 L64 0 Z\"\/>\r\n<\/svg><\/div><div class=\"l-section-shape type_zigzag pos_bottom\" style=\"height:3vmin;\"><svg xmlns=\"http:\/\/www.w3.org\/2000\/svg\" viewBox=\"0 0 64 8\" preserveAspectRatio=\"none\" width=\"100%\" height=\"100%\">\r\n\t<path fill=\"currentColor\" d=\"M64 8 L0 8 L0 0 L20 7.9 L40 3 L48 5 L64 0 Z\"\/>\r\n<\/svg><\/div><div class=\"l-section-h i-cf\"><div class=\"g-cols vc_row via_flex valign_top type_default stacking_default\"><div class=\"vc_col-sm-12 wpb_column vc_column_container\"><div class=\"vc_column-inner\"><div class=\"wpb_wrapper\"><div class=\"wpb_text_column\"><div class=\"wpb_wrapper\"><blockquote>\n<p><strong>Kurzantwort:<\/strong> Der Real Alc\u00e1zar beherbergt drei Vorstellungen der Flamenco-Biennale 2026, alle um 21:30 Uhr im Patio de la Monter\u00eda. Am Montag, den 14., tritt <strong>Israel Fern\u00e1ndez<\/strong> mit <em>De oro y marfil<\/em>auf; am Dienstag, den 15., pr\u00e4sentiert <strong>Rancapino Chico<\/strong> die Urauff\u00fchrung von <em>Pizarra<\/em>; und am Mittwoch, den 16., folgt <strong><em>Xerezan\u00edas<\/em><\/strong>, eine Einmalige Nacht mit Luis El Zambo, Dolores Agujetas, Antonio de la Malena, Manuel Valencia und Las Tatas de Jerez. Der ver\u00f6ffentlichte regul\u00e4re Preis f\u00fcr den Real Alc\u00e1zar betr\u00e4gt 30 \u20ac pro Vorstellung.<\/p>\n<\/blockquote>\n<p><strong>Letzte Aktualisierung: 1. September 2026.<\/strong> Die Ticketverf\u00fcgbarkeit kann sich \u00e4ndern. Pr\u00fcfen Sie vor der Planung Ihres Besuchs immer die offizielle Seite der jeweiligen Vorstellung.<\/p>\n<\/div><\/div><div class=\"w-separator size_medium\"><\/div><div class=\"w-hwrapper valign_top wrap stack_on_mobiles align_center\" style=\"--hwrapper-gap:1.2rem\"><div class=\"w-btn-wrapper align_none\"><a class=\"w-btn us-btn-style_1\" href=\"https:\/\/www.tablaosflamencos.com\/de\/flamenco-biennale-sevilla-2026.html\"><span class=\"w-btn-label\">Kompletter Guide zur Biennale 2026<\/span><\/a><\/div><div class=\"w-btn-wrapper align_none\"><a class=\"w-btn us-btn-style_1\" target=\"_blank\" href=\"https:\/\/www.labienal.com\/programa-general\/real-alcazar\"><span class=\"w-btn-label\">Offizielles Programm im Real Alc\u00e1zar<\/span><\/a><\/div><div class=\"w-btn-wrapper align_none\"><a class=\"w-btn us-btn-style_1\" href=\"https:\/\/www.tablaosflamencos.com\/de\/flamenco-in-sevilla\"><span class=\"w-btn-label\">Flamenco in Sevilla sehen<\/span><\/a><\/div><\/div><\/div><\/div><\/div><\/div><\/div><\/section><section class=\"l-section wpb_row height_huge\"><div class=\"l-section-h i-cf\"><div class=\"g-cols vc_row via_flex valign_top type_default stacking_default\"><div class=\"vc_col-sm-3 wpb_column vc_column_container\"><div class=\"vc_column-inner\"><div class=\"wpb_wrapper\"><\/div><\/div><\/div><div class=\"vc_col-sm-6 wpb_column vc_column_container\"><div class=\"vc_column-inner\"><div class=\"wpb_wrapper\"><div class=\"wpb_text_column\"><div class=\"wpb_wrapper\"><h2>Inhalt dieses Guides<\/h2>\n<ul>\n<li><a href=\"#alcazar-bienal\">Warum der Real Alc\u00e1zar zu den besonderen Spielst\u00e4tten der Biennale geh\u00f6rt<\/a><\/li>\n<li><a href=\"#programa-alcazar\">Komplettes Programm vom 14. bis 16. September<\/a><\/li>\n<li><a href=\"#israel-fernandez\">14. September: Israel Fern\u00e1ndez<\/a><\/li>\n<li><a href=\"#rancapino\">15. September: Rancapino Chico<\/a><\/li>\n<li><a href=\"#xerezanias\">16. September: Xerezan\u00edas<\/a><\/li>\n<li><a href=\"#que-elegir\">Welchen Abend w\u00e4hlen?<\/a><\/li>\n<li><a href=\"#entradas-alcazar\">Tickets, Preis und Verf\u00fcgbarkeit<\/a><\/li>\n<li><a href=\"#como-llegar\">Anreise und Planung des Abends<\/a><\/li>\n<li><a href=\"#visita-alcazar\">L\u00e4sst sich die Vorstellung mit einem Besuch des Alc\u00e1zar verbinden?<\/a><\/li>\n<li><a href=\"#faq-alcazar\">H\u00e4ufig gestellte Fragen<\/a><\/li>\n<\/ul>\n<\/div><\/div><\/div><\/div><\/div><div class=\"vc_col-sm-3 wpb_column vc_column_container\"><div class=\"vc_column-inner\"><div class=\"wpb_wrapper\"><\/div><\/div><\/div><\/div><\/div><\/section><section class=\"l-section wpb_row height_huge color_alternate with_shape\"><div class=\"l-section-shape type_zigzag pos_top\" style=\"height:3vmin;\"><svg xmlns=\"http:\/\/www.w3.org\/2000\/svg\" viewBox=\"0 0 64 8\" preserveAspectRatio=\"none\" width=\"100%\" height=\"100%\">\r\n\t<path fill=\"currentColor\" d=\"M64 8 L0 8 L0 0 L20 7.9 L40 3 L48 5 L64 0 Z\"\/>\r\n<\/svg><\/div><div class=\"l-section-shape type_zigzag pos_bottom\" style=\"height:3vmin;\"><svg xmlns=\"http:\/\/www.w3.org\/2000\/svg\" viewBox=\"0 0 64 8\" preserveAspectRatio=\"none\" width=\"100%\" height=\"100%\">\r\n\t<path fill=\"currentColor\" d=\"M64 8 L0 8 L0 0 L20 7.9 L40 3 L48 5 L64 0 Z\"\/>\r\n<\/svg><\/div><div class=\"l-section-h i-cf\"><div class=\"g-cols vc_row via_flex valign_top type_default stacking_default\"><div class=\"vc_col-sm-6 wpb_column vc_column_container\"><div class=\"vc_column-inner\"><div class=\"wpb_wrapper\"><div class=\"wpb_text_column\"><div class=\"wpb_wrapper\"><h2 id=\"alcazar-bienal\">Der Real Alc\u00e1zar: Kulturerbe als Flamenco-B\u00fchne<\/h2>\n<p>Der Real Alc\u00e1zar ist einer der \u00e4ltesten noch genutzten K\u00f6nigspal\u00e4ste der Welt und eines der gro\u00dfen Wahrzeichen Sevillas. Seine Architektur ist das Ergebnis jahrhundertelanger Ver\u00e4nderungen und der \u00dcberlagerung unterschiedlicher Kulturen, Stile und Epochen. Dieser Charakter eines lebendigen Ortes passt besonders gut zu einer Biennale, die Tradition, Erinnerung und zeitgen\u00f6ssisches Schaffen miteinander verbindet.<\/p>\n<p>Die Organisation selbst nennt den <strong>Patio de la Monter\u00eda<\/strong> als Schauplatz der drei Vorstellungen von 2026. Der monumentale Innenhof liegt im Herzen der Palastanlage, ist historisch mit dem Palast Peters I. verbunden und wird zu besonderen Anl\u00e4ssen zum Rahmen f\u00fcr Konzerte und kulturelle Veranstaltungen.<\/p>\n<p>Das Erlebnis unterscheidet sich deutlich von einem konventionellen Theater. Hier wird die Architektur Teil der Wahrnehmung der Auff\u00fchrung: der Innenhof, die Palastfassaden, die Nacht von Sevilla und der au\u00dfergew\u00f6hnliche Zugang zur Anlage f\u00fcr eine Vorstellung der Biennale ver\u00e4ndern das Verh\u00e4ltnis zwischen Publikum, Cante und Raum.<\/p>\n<\/div><\/div><\/div><\/div><\/div><div class=\"vc_col-sm-6 wpb_column vc_column_container\"><div class=\"vc_column-inner\"><div class=\"wpb_wrapper\"><div class=\"wpb_text_column\"><div class=\"wpb_wrapper\"><h2>Ein Programm mit einer sehr klaren Identit\u00e4t<\/h2>\n<p>Im Gegensatz zu anderen Spielst\u00e4tten der Biennale, an denen Tanz, Gitarre, Experiment und gro\u00dfe Produktionen zusammentreffen, konzentriert der Real Alc\u00e1zar drei Abende, die besonders eng mit <strong>Cante und der Erinnerung des Flamenco<\/strong>verbunden sind.<\/p>\n<p>Israel Fern\u00e1ndez steht f\u00fcr eine Generation, die die Tradition tief kennt, sie aber mit einer zeitgen\u00f6ssischen musikalischen Pers\u00f6nlichkeit weitertr\u00e4gt. Rancapino Chico pr\u00e4sentiert eine Urauff\u00fchrung, die direkt auf alte Schellackplatten und die Meister des Cante blickt. Und <em>Xerezan\u00edas<\/em> vereint mehrere der gro\u00dfen S\u00e4ngerfamilien von Jerez in einer Einmaligen Nacht rund um klassische Formen und m\u00fcndliche \u00dcberlieferung.<\/p>\n<p>Wenn Ihre Priorit\u00e4t w\u00e4hrend der Biennale also der <strong>Cante<\/strong>ist, kann der Alc\u00e1zar-Zyklus einer der geschlossensten Programmbl\u00f6cke der gesamten Biennale sein.<\/p>\n<\/div><\/div><\/div><\/div><\/div><\/div><\/div><\/section><section class=\"l-section wpb_row height_huge\"><div class=\"l-section-h i-cf\"><div class=\"g-cols vc_row via_flex valign_top type_default stacking_default\"><div class=\"vc_col-sm-12 wpb_column vc_column_container\"><div class=\"vc_column-inner\"><div class=\"wpb_wrapper\"><div class=\"wpb_text_column\"><div class=\"wpb_wrapper\"><h2 id=\"programa-alcazar\">Flamenco-Programm im Real Alc\u00e1zar w\u00e4hrend der Biennale 2026<\/h2>\n<div style=\"overflow-x: auto;\">\n<table>\n<thead>\n<tr>\n<th>Datum<\/th>\n<th>Uhrzeit<\/th>\n<th>K\u00fcnstler<\/th>\n<th>Vorstellung<\/th>\n<th>Art<\/th>\n<th>Spielst\u00e4tte<\/th>\n<\/tr>\n<\/thead>\n<tbody>\n<tr>\n<td><strong>Montag, 14. September<\/strong><\/td>\n<td>21:30 Uhr<\/td>\n<td>Israel Fern\u00e1ndez<\/td>\n<td><em>De oro y marfil<\/em><\/td>\n<td>Cante \u00b7 Konzert<\/td>\n<td>Patio de la Monter\u00eda<\/td>\n<\/tr>\n<tr>\n<td><strong>Dienstag, 15. September<\/strong><\/td>\n<td>21:30 Uhr<\/td>\n<td>Rancapino Chico<\/td>\n<td><em>Pizarra<\/em><\/td>\n<td><strong>Urauff\u00fchrung<\/strong><\/td>\n<td>Patio de la Monter\u00eda<\/td>\n<\/tr>\n<tr>\n<td><strong>Mittwoch, 16. September<\/strong><\/td>\n<td>21:30 Uhr<\/td>\n<td>Luis El Zambo, Dolores Agujetas, Antonio de la Malena, Manuel Valencia und Las Tatas de Jerez<\/td>\n<td><em>Xerezan\u00edas<\/em><\/td>\n<td><strong>Einmalige Nacht<\/strong><\/td>\n<td>Patio de la Monter\u00eda<\/td>\n<\/tr>\n<\/tbody>\n<\/table>\n<\/div>\n<p><small>Programm gem\u00e4\u00df den am 1. September 2026 g\u00fcltigen offiziellen Angaben. Uhrzeiten und Verf\u00fcgbarkeit k\u00f6nnen sich \u00e4ndern.<\/small><\/p>\n<\/div><\/div><\/div><\/div><\/div><\/div><\/div><\/section><section class=\"l-section wpb_row height_huge color_alternate with_shape\"><div class=\"l-section-shape type_zigzag pos_top\" style=\"height:3vmin;\"><svg xmlns=\"http:\/\/www.w3.org\/2000\/svg\" viewBox=\"0 0 64 8\" preserveAspectRatio=\"none\" width=\"100%\" height=\"100%\">\r\n\t<path fill=\"currentColor\" d=\"M64 8 L0 8 L0 0 L20 7.9 L40 3 L48 5 L64 0 Z\"\/>\r\n<\/svg><\/div><div class=\"l-section-shape type_zigzag pos_bottom\" style=\"height:3vmin;\"><svg xmlns=\"http:\/\/www.w3.org\/2000\/svg\" viewBox=\"0 0 64 8\" preserveAspectRatio=\"none\" width=\"100%\" height=\"100%\">\r\n\t<path fill=\"currentColor\" d=\"M64 8 L0 8 L0 0 L20 7.9 L40 3 L48 5 L64 0 Z\"\/>\r\n<\/svg><\/div><div class=\"l-section-h i-cf\"><div class=\"g-cols vc_row via_flex valign_top type_default stacking_default\"><div class=\"vc_col-sm-6 wpb_column vc_column_container\"><div class=\"vc_column-inner\"><div class=\"wpb_wrapper\"><div class=\"wpb_text_column\"><div class=\"wpb_wrapper\"><h2 id=\"israel-fernandez\">14. September: Israel Fern\u00e1ndez und De oro y marfil<\/h2>\n<p>Der Zyklus beginnt am Montag, den 14., mit <strong>Israel Fern\u00e1ndez<\/strong>, einem der profiliertesten Cantaores seiner Generation. <em>De oro y marfil<\/em> f\u00fchrt durch seine pers\u00f6nliche Auffassung des Flamenco und verbindet eigene Kompositionen mit Neuinterpretationen klassischer St\u00fccke in einer musikalischen Inszenierung, die umfangreicher ist als ein traditionelles Cante-Recital.<\/p>\n<p>Laut offizieller Besetzung singt Israel selbst, <strong>Diego del Morao<\/strong> spielt Gitarre, An\u00e9 Carrasco Percussion, Pirulo und Marcos Carpio \u00fcbernehmen Palmas und Ch\u00f6re, erg\u00e4nzt durch eine Gruppe aus Streichern und Stimmen. Dieses Format erm\u00f6glicht es, den Cante in unterschiedlichen Intensit\u00e4ten zu erleben \u2013 von intimen Momenten bis zu einer umfassenderen musikalischen Architektur.<\/p>\n<p>Die Zusammenarbeit zwischen Israel Fern\u00e1ndez und Diego del Morao geh\u00f6rt zudem zu den markantesten kreativen Partnerschaften des j\u00fcngeren Flamenco. In einem Raum wie dem Patio de la Monter\u00eda kann diese Kombination besonders attraktiv sein, wenn Sie einen zug\u00e4nglichen, musikalischen ersten Abend auf sehr hohem k\u00fcnstlerischem Niveau suchen.<\/p>\n<\/div><\/div><\/div><\/div><\/div><div class=\"vc_col-sm-6 wpb_column vc_column_container\"><div class=\"vc_column-inner\"><div class=\"wpb_wrapper\"><div class=\"wpb_text_column\"><div class=\"wpb_wrapper\"><h2>F\u00fcr wen empfehlen wir diesen Abend?<\/h2>\n<p>Die Vorstellung von Israel Fern\u00e1ndez ist m\u00f6glicherweise die vielseitigste der drei, wenn Sie ein Erlebnis mit klaren Flamenco-Wurzeln und zugleich zeitgen\u00f6ssischer musikalischer Gestaltung suchen.<\/p>\n<p>Besonders empfehlenswert ist sie, wenn:<\/p>\n<ul>\n<li>Sie eine der gro\u00dfen aktuellen Stimmen des Flamenco h\u00f6ren m\u00f6chten;<\/li>\n<li>Sie sich f\u00fcr die Gitarre von Diego del Morao interessieren;<\/li>\n<li>Sie eine st\u00e4rker ausgearbeitete musikalische Produktion einem puristischen Cante-Recital vorziehen;<\/li>\n<li>es Ihre erste Biennale ist und Sie einen relativ direkten Einstieg suchen.<\/li>\n<\/ul>\n<p>Am selben 14. September finden in Sevilla weitere wichtige Vorstellungen statt. Deshalb sollten Sie keine Shows mit zu knapp aufeinanderfolgenden Uhrzeiten kombinieren. Unser <a href=\"https:\/\/www.tablaosflamencos.com\/bienal-flamenco-sevilla-2026.html\"><strong>allgemeiner Guide zur Biennale 2026<\/strong><\/a> hilft Ihnen, den restlichen Tag zu planen.<\/p>\n<\/div><\/div><\/div><\/div><\/div><\/div><\/div><\/section><section class=\"l-section wpb_row height_huge\"><div class=\"l-section-h i-cf\"><div class=\"g-cols vc_row via_flex valign_top type_default stacking_default\"><div class=\"vc_col-sm-6 wpb_column vc_column_container\"><div class=\"vc_column-inner\"><div class=\"wpb_wrapper\"><div class=\"wpb_text_column\"><div class=\"wpb_wrapper\"><h2 id=\"rancapino\">15. September: Rancapino Chico pr\u00e4sentiert die Urauff\u00fchrung von Pizarra<\/h2>\n<p>Der zweite Abend ist besonders interessant f\u00fcr alle, die die <strong>Urauff\u00fchrungen der Biennale 2026<\/strong>verfolgen. Rancapino Chico pr\u00e4sentiert <strong><em>Pizarra<\/em><\/strong>, ein Projekt, das auf alten 78-U\/min-Aufnahmen und dem klanglichen Ged\u00e4chtnis der gro\u00dfen Meister basiert.<\/p>\n<p>Dabei soll das Archiv nicht zu einer musealen Rekonstruktion werden. Rancapino Chico nimmt diese Aufnahmen als Ausgangspunkt, um zu den Urspr\u00fcngen der Cantes zur\u00fcckzukehren und sie mit seiner eigenen Stimme, seinem famili\u00e4ren Erbe und der Freiheit des Augenblicks neu anzugehen. Zur Besetzung geh\u00f6rt <strong>Antonio Higuero<\/strong> an der Gitarre sowie Edu G\u00f3mez und Naim Real mit Palmas und Jaleos.<\/p>\n<p>In einer Ausgabe mit zahlreichen Forschungs- und Avantgardeprojekten erinnert <em>Pizarra<\/em> daran, dass neues Schaffen auch aus einem tiefen Blick in die Vergangenheit entstehen kann.<\/p>\n<\/div><\/div><\/div><\/div><\/div><div class=\"vc_col-sm-6 wpb_column vc_column_container\"><div class=\"vc_column-inner\"><div class=\"wpb_wrapper\"><div class=\"wpb_text_column\"><div class=\"wpb_wrapper\"><h2>Ein Abend f\u00fcr alle, die klassischen Cante und Genealogie suchen<\/h2>\n<p>Rancapino Chico stammt aus einer Familie mit gro\u00dfer Flamenco-Tradition und hat einen wesentlichen Teil seiner k\u00fcnstlerischen Identit\u00e4t rund um die Cantes von C\u00e1diz, klassische Stile und eine Gesangsweise aufgebaut, die die Weitergabe zwischen Generationen in den Mittelpunkt stellt.<\/p>\n<p>Die Wahl des Real Alc\u00e1zar verst\u00e4rkt diesen Ansatz: eine Urauff\u00fchrung, die den Quellen des Cante gewidmet ist, in einem der bedeutendsten historischen R\u00e4ume Sevillas.<\/p>\n<p>Wenn Sie sich besonders f\u00fcr die neuen Produktionen interessieren, die auf der Biennale entstehen, k\u00f6nnen Sie diese Vorstellung mit unserem Guide zu <a href=\"https:\/\/www.tablaosflamencos.com\/grandes-estrenos-bienal-flamenco-sevilla-2026.html\"><strong>den gro\u00dfen Premieren der Biennale 2026<\/strong><\/a>.<\/p>\n<\/div><\/div><\/div><\/div><\/div><\/div><\/div><\/section><section class=\"l-section wpb_row height_huge color_alternate with_shape\"><div class=\"l-section-shape type_zigzag pos_top\" style=\"height:3vmin;\"><svg xmlns=\"http:\/\/www.w3.org\/2000\/svg\" viewBox=\"0 0 64 8\" preserveAspectRatio=\"none\" width=\"100%\" height=\"100%\">\r\n\t<path fill=\"currentColor\" d=\"M64 8 L0 8 L0 0 L20 7.9 L40 3 L48 5 L64 0 Z\"\/>\r\n<\/svg><\/div><div class=\"l-section-shape type_zigzag pos_bottom\" style=\"height:3vmin;\"><svg xmlns=\"http:\/\/www.w3.org\/2000\/svg\" viewBox=\"0 0 64 8\" preserveAspectRatio=\"none\" width=\"100%\" height=\"100%\">\r\n\t<path fill=\"currentColor\" d=\"M64 8 L0 8 L0 0 L20 7.9 L40 3 L48 5 L64 0 Z\"\/>\r\n<\/svg><\/div><div class=\"l-section-h i-cf\"><div class=\"g-cols vc_row via_flex valign_top type_default stacking_default\"><div class=\"vc_col-sm-6 wpb_column vc_column_container\"><div class=\"vc_column-inner\"><div class=\"wpb_wrapper\"><div class=\"wpb_text_column\"><div class=\"wpb_wrapper\"><h2 id=\"xerezanias\">16. September: Xerezan\u00edas, eine Einmalige Nacht aus Jerez<\/h2>\n<p>Am Mittwoch, den 16., verlagert der Real Alc\u00e1zar den Fokus von einem einzelnen K\u00fcnstler auf ein Treffen gro\u00dfer Flamenco-Linien. <strong><em>Xerezan\u00edas<\/em><\/strong> vereint Luis El Zambo, Dolores Agujetas, Antonio de la Malena, Manuel Valencia und Las Tatas de Jerez in einer Produktion, die die Biennale als <strong>Einmalige Nacht<\/strong>einstuft.<\/p>\n<p>Im Mittelpunkt stehen klassische Formen des Cante aus Jerez, interpretiert von K\u00fcnstlern, die eng mit Familien und Vierteln verbunden sind, die f\u00fcr die Flamenco-Geschichte der Stadt grundlegend sind. Die Zambo-Familie verweist auf das Viertel Santiago, die Agujetas auf La Plazuela und die Malena auf eine der historischen Verbindungen zwischen Jerez und Lebrija.<\/p>\n<p>Manuel Valencia leitet einen Abend, an dem Cante und Gitarre im Zentrum stehen, w\u00e4hrend Las Tatas de Jerez die festliche Dimension der Buler\u00edas einbringen.<\/p>\n<\/div><\/div><\/div><\/div><\/div><div class=\"vc_col-sm-6 wpb_column vc_column_container\"><div class=\"vc_column-inner\"><div class=\"wpb_wrapper\"><div class=\"wpb_text_column\"><div class=\"wpb_wrapper\"><h2>Die unwiederholbarste der drei Optionen<\/h2>\n<p>W\u00e4hrend Israel Fern\u00e1ndez eine gro\u00dfe Produktion des aktuellen Cante bietet und Rancapino Chico eine Urauff\u00fchrung pr\u00e4sentiert, setzt <em>Xerezan\u00edas<\/em> auf eine andere Karte: <strong>das Zusammentreffen<\/strong>.<\/p>\n<p>Schon die Bezeichnung Einmalige Nacht zeigt, dass die Biennale diese Kombination speziell f\u00fcr diese Ausgabe und dieses Datum konzipiert hat. F\u00fcr Flamenco-Fans, die sich f\u00fcr Jerez, S\u00e4ngerfamilien und Cante interessieren, der im Zusammenleben weitergegeben wird, kann dies einer der au\u00dfergew\u00f6hnlichsten Termine des Zyklus sein.<\/p>\n<p>Es ist auch eine gute Wahl f\u00fcr alle, die einige dieser K\u00fcnstler bereits einzeln erlebt haben und sie nun in einer kollektiven Struktur und an einem au\u00dfergew\u00f6hnlichen Ort sehen m\u00f6chten.<\/p>\n<\/div><\/div><\/div><\/div><\/div><\/div><\/div><\/section><section class=\"l-section wpb_row height_huge\"><div class=\"l-section-h i-cf\"><div class=\"g-cols vc_row via_flex valign_top type_default stacking_default\"><div class=\"vc_col-sm-12 wpb_column vc_column_container\"><div class=\"vc_column-inner\"><div class=\"wpb_wrapper\"><div class=\"wpb_text_column\"><div class=\"wpb_wrapper\"><h2 id=\"que-elegir\" style=\"text-align: center;\">Welchen Abend im Real Alc\u00e1zar w\u00e4hlen?<\/h2>\n<p style=\"text-align: center;\">Die drei Vorstellungen finden zur gleichen Uhrzeit am gleichen Ort statt, bieten jedoch deutlich unterschiedliche Erlebnisse.<\/p>\n<\/div><\/div><div class=\"w-separator size_medium\"><\/div><div class=\"g-cols wpb_row via_flex valign_top type_default stacking_default\"><div class=\"vc_col-sm-4 wpb_column vc_column_container\"><div class=\"vc_column-inner\"><div class=\"wpb_wrapper\"><div class=\"wpb_text_column\"><div class=\"wpb_wrapper\"><h3>Israel Fern\u00e1ndez<\/h3>\n<p><strong>W\u00e4hlen Sie den 14., wenn Sie suchen:<\/strong><\/p>\n<ul>\n<li>eine gro\u00dfe aktuelle Stimme;<\/li>\n<li>Diego del Morao an der Gitarre;<\/li>\n<li>eine umfangreiche musikalische Produktion;<\/li>\n<li>Tradition in zeitgen\u00f6ssischer Sprache.<\/li>\n<\/ul>\n<\/div><\/div><\/div><\/div><\/div><div class=\"vc_col-sm-4 wpb_column vc_column_container\"><div class=\"vc_column-inner\"><div class=\"wpb_wrapper\"><div class=\"wpb_text_column\"><div class=\"wpb_wrapper\"><h3>Rancapino Chico<\/h3>\n<p><strong>W\u00e4hlen Sie den 15., wenn Sie suchen:<\/strong><\/p>\n<ul>\n<li>eine Urauff\u00fchrung;<\/li>\n<li>klassischen Cante;<\/li>\n<li>die Erinnerung an alte Schellackplatten;<\/li>\n<li>eine Produktion, die sich auf die Wurzeln konzentriert.<\/li>\n<\/ul>\n<\/div><\/div><\/div><\/div><\/div><div class=\"vc_col-sm-4 wpb_column vc_column_container\"><div class=\"vc_column-inner\"><div class=\"wpb_wrapper\"><div class=\"wpb_text_column\"><div class=\"wpb_wrapper\"><h3>Xerezan\u00edas<\/h3>\n<p><strong>W\u00e4hlen Sie den 16., wenn Sie suchen:<\/strong><\/p>\n<ul>\n<li>eine Einmalige Nacht;<\/li>\n<li>Cante aus Jerez;<\/li>\n<li>gro\u00dfe Flamenco-Familien;<\/li>\n<li>ein kollektives Erlebnis, das schwer zu wiederholen ist.<\/li>\n<\/ul>\n<\/div><\/div><\/div><\/div><\/div><\/div><\/div><\/div><\/div><\/div><\/div><\/section><section class=\"l-section wpb_row height_huge color_alternate with_shape\"><div class=\"l-section-shape type_zigzag pos_top\" style=\"height:3vmin;\"><svg xmlns=\"http:\/\/www.w3.org\/2000\/svg\" viewBox=\"0 0 64 8\" preserveAspectRatio=\"none\" width=\"100%\" height=\"100%\">\r\n\t<path fill=\"currentColor\" d=\"M64 8 L0 8 L0 0 L20 7.9 L40 3 L48 5 L64 0 Z\"\/>\r\n<\/svg><\/div><div class=\"l-section-shape type_zigzag pos_bottom\" style=\"height:3vmin;\"><svg xmlns=\"http:\/\/www.w3.org\/2000\/svg\" viewBox=\"0 0 64 8\" preserveAspectRatio=\"none\" width=\"100%\" height=\"100%\">\r\n\t<path fill=\"currentColor\" d=\"M64 8 L0 8 L0 0 L20 7.9 L40 3 L48 5 L64 0 Z\"\/>\r\n<\/svg><\/div><div class=\"l-section-h i-cf\"><div class=\"g-cols vc_row via_flex valign_top type_default stacking_default\"><div class=\"vc_col-sm-6 wpb_column vc_column_container\"><div class=\"vc_column-inner\"><div class=\"wpb_wrapper\"><div class=\"wpb_text_column\"><div class=\"wpb_wrapper\"><h2 id=\"entradas-alcazar\">Tickets f\u00fcr Flamenco im Real Alc\u00e1zar<\/h2>\n<p>Die offiziellen Verkaufsinformationen der XXIV. Biennale nennen f\u00fcr den <strong>Real Alc\u00e1zar einen regul\u00e4ren Preis von 30 \u20ac<\/strong> pro Ticket. Der Kauf erfolgt \u00fcber die offiziellen Verkaufskan\u00e4le, die auf der Seite jeder Vorstellung verlinkt sind.<\/p>\n<p>Die Verf\u00fcgbarkeit ist dynamisch. Eine Vorstellung, die heute noch erh\u00e4ltlich ist, kann sp\u00e4ter ausverkauft sein, insbesondere wenn die Festivaltermine n\u00e4her r\u00fccken. Deshalb empfehlen wir, die jeweilige Seite zu pr\u00fcfen, bevor Sie weitere Pl\u00e4ne f\u00fcr den Abend festlegen.<\/p>\n<p>Von nicht verifiziertem Weiterverkauf raten wir ab. Wenn einer der drei Abende ausverkauft ist, pr\u00fcfen Sie zuerst die offiziellen Kan\u00e4le und ziehen Sie anschlie\u00dfend Alternativen innerhalb des Biennale-Programms oder des regul\u00e4ren Flamenco-Angebots der Stadt in Betracht.<\/p>\n<\/div><\/div><div class=\"w-separator size_medium\"><\/div><div class=\"w-btn-wrapper align_none\"><a class=\"w-btn us-btn-style_1\" target=\"_blank\" href=\"https:\/\/www.labienal.com\/venta-de-entradas-xxiv-bienal-de-flamenco-sevilla-2026\"><span class=\"w-btn-label\">Offizielle Ticketinformationen<\/span><\/a><\/div><\/div><\/div><\/div><div class=\"vc_col-sm-6 wpb_column vc_column_container\"><div class=\"vc_column-inner\"><div class=\"wpb_wrapper\"><div class=\"wpb_text_column\"><div class=\"wpb_wrapper\"><h2>Was tun, wenn keine Tickets mehr verf\u00fcgbar sind?<\/h2>\n<p>Der Alc\u00e1zar bietet w\u00e4hrend der gesamten Biennale nur drei Vorstellungen, daher sind zus\u00e4tzliche Termine nur begrenzt m\u00f6glich. Wenn Ihre erste Wahl ausverkauft ist, gibt es an diesen Tagen weiterhin andere Vorstellungen in Spielst\u00e4tten wie der Real F\u00e1brica de Artiller\u00eda, dem Teatro Central, dem Teatro Alameda oder dem Espacio Turina.<\/p>\n<p>Nutzen Sie auch unseren Guide dazu, <a href=\"https:\/\/www.tablaosflamencos.com\/bienal-flamenco-2026-entradas-agotadas-que-ver.html\"><strong>was Sie sehen k\u00f6nnen, wenn die Tickets der Biennale ausverkauft sind<\/strong><\/a>.<\/p>\n<p>Und wenn Sie ein Erlebnis au\u00dferhalb der Biennale suchen, das dennoch ganz dem Live-Flamenco gewidmet ist, bieten die <a href=\"https:\/\/www.tablaosflamencos.com\/flamenco-en-sevilla\"><strong>Flamenco-Tablaos in Sevilla<\/strong><\/a> w\u00e4hrend des Festivals weiterhin ihr regul\u00e4res Programm an.<\/p>\n<\/div><\/div><\/div><\/div><\/div><\/div><\/div><\/section><section class=\"l-section wpb_row height_huge\"><div class=\"l-section-h i-cf\"><div class=\"g-cols vc_row via_flex valign_top type_default stacking_default\"><div class=\"vc_col-sm-6 wpb_column vc_column_container\"><div class=\"vc_column-inner\"><div class=\"wpb_wrapper\"><div class=\"wpb_text_column\"><div class=\"wpb_wrapper\"><h2 id=\"como-llegar\">Anreise zum Real Alc\u00e1zar f\u00fcr die Biennale<\/h2>\n<p>Die Spielst\u00e4tten-Seite der Biennale nennt als Referenz den <strong>Patio de Banderas<\/strong>, mitten im monumentalen Zentrum Sevillas. Die Gegend ist von der Kathedrale, dem Archivo de Indias, Puerta Jerez, Santa Cruz und gro\u00dfen Teilen der Altstadt besonders gut zu Fu\u00df erreichbar.<\/p>\n<p>Zu den von der Organisation genannten \u00f6ffentlichen Verkehrsmitteln geh\u00f6ren:<\/p>\n<ul>\n<li><strong>Metro:<\/strong> Linie 1, Station Puerta Jerez.<\/li>\n<li><strong>Metrocentro:<\/strong> Haltestelle Archivo de Indias.<\/li>\n<li><strong>TUSSAM-Bus:<\/strong> C5, C4, C3, 21, 40, 41 und EA mit verschiedenen Haltestellen in der Umgebung.<\/li>\n<li><strong>Taxi:<\/strong> Taxist\u00e4nde befinden sich in der N\u00e4he von Puerta Jerez und der Avenida de la Constituci\u00f3n.<\/li>\n<\/ul>\n<p>Da sich der Ort im historischen Zentrum befindet, empfehlen wir, mit ausreichend Zeit anzukommen und die f\u00fcr jede Vorstellung ver\u00f6ffentlichten Zugangshinweise der Organisation zu beachten.<\/p>\n<\/div><\/div><\/div><\/div><\/div><div class=\"vc_col-sm-6 wpb_column vc_column_container\"><div class=\"vc_column-inner\"><div class=\"wpb_wrapper\"><div class=\"wpb_text_column\"><div class=\"wpb_wrapper\"><h2>Den Abend gut planen<\/h2>\n<p>Alle drei Vorstellungen beginnen um <strong>21:30 Uhr<\/strong>. So k\u00f6nnen Sie fr\u00fch im Zentrum essen oder das Abendessen auf sp\u00e4ter verschieben, sollten aber keine zu knappen Kombinationen mit einer vorherigen Vorstellung planen.<\/p>\n<p>Am 14. September tritt Ana Morales beispielsweise um 21:00 Uhr in der Real F\u00e1brica de Artiller\u00eda auf und Macarena L\u00f3pez um 22:30 Uhr im Teatro Alameda. Beides l\u00e4sst sich nicht sinnvoll mit Israel Fern\u00e1ndez im Alc\u00e1zar kombinieren. Gleiches gilt am 15. f\u00fcr andere Abendvorstellungen.<\/p>\n<p>Der Vorteil des Alc\u00e1zar ist, dass Sie sich nach der Vorstellung mitten im monumentalen Herzen der Stadt befinden und die Altstadt nur wenige Gehminuten entfernt ist. Wenn Sie vor allem den Ort genie\u00dfen m\u00f6chten, machen Sie aus diesem Abend keinen Wettlauf zwischen verschiedenen Spielst\u00e4tten.<\/p>\n<\/div><\/div><\/div><\/div><\/div><\/div><\/div><\/section><section class=\"l-section wpb_row height_huge color_alternate with_shape\"><div class=\"l-section-shape type_zigzag pos_top\" style=\"height:3vmin;\"><svg xmlns=\"http:\/\/www.w3.org\/2000\/svg\" viewBox=\"0 0 64 8\" preserveAspectRatio=\"none\" width=\"100%\" height=\"100%\">\r\n\t<path fill=\"currentColor\" d=\"M64 8 L0 8 L0 0 L20 7.9 L40 3 L48 5 L64 0 Z\"\/>\r\n<\/svg><\/div><div class=\"l-section-shape type_zigzag pos_bottom\" style=\"height:3vmin;\"><svg xmlns=\"http:\/\/www.w3.org\/2000\/svg\" viewBox=\"0 0 64 8\" preserveAspectRatio=\"none\" width=\"100%\" height=\"100%\">\r\n\t<path fill=\"currentColor\" d=\"M64 8 L0 8 L0 0 L20 7.9 L40 3 L48 5 L64 0 Z\"\/>\r\n<\/svg><\/div><div class=\"l-section-h i-cf\"><div class=\"g-cols vc_row via_flex valign_top type_default stacking_default\"><div class=\"vc_col-sm-6 wpb_column vc_column_container\"><div class=\"vc_column-inner\"><div class=\"wpb_wrapper\"><div class=\"wpb_text_column\"><div class=\"wpb_wrapper\"><h2 id=\"visita-alcazar\">L\u00e4sst sich die Vorstellung mit einem touristischen Besuch des Alc\u00e1zar verbinden?<\/h2>\n<p>Ja, beide Erlebnisse lassen sich am selben Tag organisieren, sollten aber als <strong>getrennte Aktivit\u00e4ten<\/strong>betrachtet werden. Der regul\u00e4re touristische Besuch des Real Alc\u00e1zar hat eigene \u00d6ffnungszeiten, Preise und ein eigenes Ticketsystem. Im September gelten die ver\u00f6ffentlichten Sommer\u00f6ffnungszeiten, w\u00e4hrend die Vorstellungen der Biennale um 21:30 Uhr beginnen.<\/p>\n<p>Gehen Sie daher nicht davon aus, dass ein Biennale-Ticket einer vollst\u00e4ndigen Besichtigung des Monuments entspricht. Wenn Sie tags\u00fcber die Pal\u00e4ste und G\u00e4rten besuchen und abends f\u00fcr die Vorstellung zur\u00fcckkehren m\u00f6chten, pr\u00fcfen Sie die offiziellen Besucherinformationen des Alc\u00e1zar und das Ticket der Biennale getrennt.<\/p>\n<p>Die Kombination kann jedoch zu den umfassendsten Kulturpl\u00e4nen dieser Ausgabe geh\u00f6ren: das Monument bei Tageslicht kennenlernen und wenige Stunden sp\u00e4ter zur\u00fcckkehren, wenn es zur Flamenco-B\u00fchne geworden ist.<\/p>\n<\/div><\/div><div class=\"w-separator size_medium\"><\/div><div class=\"w-btn-wrapper align_none\"><a class=\"w-btn us-btn-style_1\" target=\"_blank\" href=\"https:\/\/alcazarsevilla.org\/prepara-la-visita\/\"><span class=\"w-btn-label\">Offizielle Informationen zum Real Alc\u00e1zar<\/span><\/a><\/div><\/div><\/div><\/div><div class=\"vc_col-sm-6 wpb_column vc_column_container\"><div class=\"vc_column-inner\"><div class=\"wpb_wrapper\"><div class=\"wpb_text_column\"><div class=\"wpb_wrapper\"><h2>Warum dieser Ort besonders gut zum Cante passt<\/h2>\n<p>Die k\u00fcnstlerische Auswahl 2026 scheint so konzipiert zu sein, dass der Ort selbst eine echte Rolle im Programm spielt. Alle drei Abende werden von den Themen Erinnerung, Genealogie und Weitergabe gepr\u00e4gt.<\/p>\n<p>Israel Fern\u00e1ndez interpretiert klassisches Repertoire mit einer heutigen Stimme neu. Rancapino Chico macht die fr\u00fchesten Flamenco-Aufnahmen zum Ausgangspunkt f\u00fcr eine neue Urauff\u00fchrung. <em>Xerezan\u00edas<\/em> bringt Familien auf die B\u00fchne, die Formen der Weitergabe verk\u00f6rpern, bei denen Flamenco ebenso im Zusammenleben wie auf der B\u00fchne erlernt wird.<\/p>\n<p>Der Alc\u00e1zar, ein Geb\u00e4ude, das Jahrhunderte Geschichte vereint, ohne nur einer Epoche anzugeh\u00f6ren, ist damit mehr als eine monumentale Kulisse. Er wird zu einer sehr passenden Metapher f\u00fcr diese drei Abende: <strong>ein Erbe, das lebendig bleibt, weil es sich weiterentwickelt<\/strong>.<\/p>\n<\/div><\/div><\/div><\/div><\/div><\/div><\/div><\/section><section class=\"l-section wpb_row height_huge\"><div class=\"l-section-h i-cf\"><div class=\"g-cols vc_row via_flex valign_top type_default stacking_default\"><div class=\"vc_col-sm-1\/5 wpb_column vc_column_container\"><div class=\"vc_column-inner\"><div class=\"wpb_wrapper\"><\/div><\/div><\/div><div class=\"vc_col-sm-3\/5 wpb_column vc_column_container\"><div class=\"vc_column-inner\"><div class=\"wpb_wrapper\"><div class=\"wpb_text_column\"><div class=\"wpb_wrapper\"><h2 id=\"faq-alcazar\" style=\"text-align: center;\">H\u00e4ufig gestellte Fragen zu Flamenco im Real Alc\u00e1zar w\u00e4hrend der Biennale 2026<\/h2>\n<\/div><\/div><div class=\"w-separator size_medium\"><\/div><div class=\"w-tabs accordion toggle_style_1 has_scrolling\" style=\"--sections-title-size:inherit;--sections-gap:0.5rem;\"><div class=\"w-tabs-sections titles-align_none icon_plus cpos_left\"><div class=\"w-tabs-section\" id=\"q1db\" itemscope itemprop=\"mainEntity\" itemtype=\"https:\/\/schema.org\/Question\"><button type=\"button\" class=\"w-tabs-section-header\" aria-controls=\"content-q1db\" aria-expanded=\"false\"><h3 class=\"w-tabs-section-title\" itemprop=\"name\">An welchen Tagen gibt es w\u00e4hrend der Biennale 2026 Flamenco im Real Alc\u00e1zar?<\/h3><div class=\"w-tabs-section-control\"><\/div><\/button><div  class=\"w-tabs-section-content\" id=\"content-q1db\" itemscope itemprop=\"acceptedAnswer\" itemtype=\"https:\/\/schema.org\/Answer\"><div class=\"w-tabs-section-content-h i-cf\" itemprop=\"text\"><div class=\"wpb_text_column\"><div class=\"wpb_wrapper\"><p>Der Real Alc\u00e1zar beherbergt Vorstellungen am <strong>14., 15. und 16. September 2026<\/strong>, jeweils um 21:30 Uhr im Patio de la Monter\u00eda.<\/p>\n<\/div><\/div><\/div><\/div><\/div><div class=\"w-tabs-section\" id=\"u2da\" itemscope itemprop=\"mainEntity\" itemtype=\"https:\/\/schema.org\/Question\"><button type=\"button\" class=\"w-tabs-section-header\" aria-controls=\"content-u2da\" aria-expanded=\"false\"><h3 class=\"w-tabs-section-title\" itemprop=\"name\">Wer tritt w\u00e4hrend der Biennale 2026 im Real Alc\u00e1zar auf?<\/h3><div class=\"w-tabs-section-control\"><\/div><\/button><div  class=\"w-tabs-section-content\" id=\"content-u2da\" itemscope itemprop=\"acceptedAnswer\" itemtype=\"https:\/\/schema.org\/Answer\"><div class=\"w-tabs-section-content-h i-cf\" itemprop=\"text\"><div class=\"wpb_text_column\"><div class=\"wpb_wrapper\"><p>Am 14. September tritt Israel Fern\u00e1ndez mit <em>De oro y marfil<\/em>auf; am 15. pr\u00e4sentiert Rancapino Chico die Urauff\u00fchrung von <em>Pizarra<\/em>; und am 16. findet <em>Xerezan\u00edas<\/em> mit Luis El Zambo, Dolores Agujetas, Antonio de la Malena, Manuel Valencia und Las Tatas de Jerez statt.<\/p>\n<\/div><\/div><\/div><\/div><\/div><div class=\"w-tabs-section\" id=\"a3b3\" itemscope itemprop=\"mainEntity\" itemtype=\"https:\/\/schema.org\/Question\"><button type=\"button\" class=\"w-tabs-section-header\" aria-controls=\"content-a3b3\" aria-expanded=\"false\"><h3 class=\"w-tabs-section-title\" itemprop=\"name\">Um wie viel Uhr beginnen die Vorstellungen?<\/h3><div class=\"w-tabs-section-control\"><\/div><\/button><div  class=\"w-tabs-section-content\" id=\"content-a3b3\" itemscope itemprop=\"acceptedAnswer\" itemtype=\"https:\/\/schema.org\/Answer\"><div class=\"w-tabs-section-content-h i-cf\" itemprop=\"text\"><div class=\"wpb_text_column\"><div class=\"wpb_wrapper\"><p>Alle drei Vorstellungen sind f\u00fcr <strong>21:30 Uhr<\/strong>.<\/p>\n<\/div><\/div><\/div><\/div><\/div><div class=\"w-tabs-section\" id=\"n4c7\" itemscope itemprop=\"mainEntity\" itemtype=\"https:\/\/schema.org\/Question\"><button type=\"button\" class=\"w-tabs-section-header\" aria-controls=\"content-n4c7\" aria-expanded=\"false\"><h3 class=\"w-tabs-section-title\" itemprop=\"name\">Wo genau finden die Vorstellungen statt?<\/h3><div class=\"w-tabs-section-control\"><\/div><\/button><div  class=\"w-tabs-section-content\" id=\"content-n4c7\" itemscope itemprop=\"acceptedAnswer\" itemtype=\"https:\/\/schema.org\/Answer\"><div class=\"w-tabs-section-content-h i-cf\" itemprop=\"text\"><div class=\"wpb_text_column\"><div class=\"wpb_wrapper\"><p>Die Biennale veranstaltet alle drei Vorstellungen im <strong>Patio de la Monter\u00eda des Real Alc\u00e1zar von Sevilla<\/strong>.<\/p>\n<\/div><\/div><\/div><\/div><\/div><div class=\"w-tabs-section\" id=\"v5b4\" itemscope itemprop=\"mainEntity\" itemtype=\"https:\/\/schema.org\/Question\"><button type=\"button\" class=\"w-tabs-section-header\" aria-controls=\"content-v5b4\" aria-expanded=\"false\"><h3 class=\"w-tabs-section-title\" itemprop=\"name\">Wie viel kosten die Tickets?<\/h3><div class=\"w-tabs-section-control\"><\/div><\/button><div  class=\"w-tabs-section-content\" id=\"content-v5b4\" itemscope itemprop=\"acceptedAnswer\" itemtype=\"https:\/\/schema.org\/Answer\"><div class=\"w-tabs-section-content-h i-cf\" itemprop=\"text\"><div class=\"wpb_text_column\"><div class=\"wpb_wrapper\"><p>Die offiziellen Verkaufsinformationen der XXIV. Biennale nennen einen regul\u00e4ren Preis von <strong>30 \u20ac<\/strong> f\u00fcr die Vorstellungen im Real Alc\u00e1zar. Pr\u00fcfen Sie die jeweilige Veranstaltungsseite auf m\u00f6gliche \u00c4nderungen oder begrenzte Verf\u00fcgbarkeit.<\/p>\n<\/div><\/div><\/div><\/div><\/div><div class=\"w-tabs-section\" id=\"k69a\" itemscope itemprop=\"mainEntity\" itemtype=\"https:\/\/schema.org\/Question\"><button type=\"button\" class=\"w-tabs-section-header\" aria-controls=\"content-k69a\" aria-expanded=\"false\"><h3 class=\"w-tabs-section-title\" itemprop=\"name\">Ist Pizarra von Rancapino Chico eine Urauff\u00fchrung?<\/h3><div class=\"w-tabs-section-control\"><\/div><\/button><div  class=\"w-tabs-section-content\" id=\"content-k69a\" itemscope itemprop=\"acceptedAnswer\" itemtype=\"https:\/\/schema.org\/Answer\"><div class=\"w-tabs-section-content-h i-cf\" itemprop=\"text\"><div class=\"wpb_text_column\"><div class=\"wpb_wrapper\"><p>Ja. <em>Pizarra<\/em> wird von der Biennale als <strong>Urauff\u00fchrung<\/strong> eingestuft und am 15. September um 21:30 Uhr pr\u00e4sentiert.<\/p>\n<\/div><\/div><\/div><\/div><\/div><div class=\"w-tabs-section\" id=\"z7b6\" itemscope itemprop=\"mainEntity\" itemtype=\"https:\/\/schema.org\/Question\"><button type=\"button\" class=\"w-tabs-section-header\" aria-controls=\"content-z7b6\" aria-expanded=\"false\"><h3 class=\"w-tabs-section-title\" itemprop=\"name\">Wird Xerezan\u00edas mehr als einmal aufgef\u00fchrt?<\/h3><div class=\"w-tabs-section-control\"><\/div><\/button><div  class=\"w-tabs-section-content\" id=\"content-z7b6\" itemscope itemprop=\"acceptedAnswer\" itemtype=\"https:\/\/schema.org\/Answer\"><div class=\"w-tabs-section-content-h i-cf\" itemprop=\"text\"><div class=\"wpb_text_column\"><div class=\"wpb_wrapper\"><p>Die Biennale pr\u00e4sentiert <em>Xerezan\u00edas<\/em> als <strong>Einmalige Nacht<\/strong> am 16. September. Eine der Hauptattraktionen ist daher gerade dieses au\u00dfergew\u00f6hnliche Zusammentreffen der Besetzung an einem einzigen Termin.<\/p>\n<\/div><\/div><\/div><\/div><\/div><div class=\"w-tabs-section\" id=\"r8c6\" itemscope itemprop=\"mainEntity\" itemtype=\"https:\/\/schema.org\/Question\"><button type=\"button\" class=\"w-tabs-section-header\" aria-controls=\"content-r8c6\" aria-expanded=\"false\"><h3 class=\"w-tabs-section-title\" itemprop=\"name\">Beinhaltet das Ticket f\u00fcr die Vorstellung einen Besuch des Real Alc\u00e1zar?<\/h3><div class=\"w-tabs-section-control\"><\/div><\/button><div  class=\"w-tabs-section-content\" id=\"content-r8c6\" itemscope itemprop=\"acceptedAnswer\" itemtype=\"https:\/\/schema.org\/Answer\"><div class=\"w-tabs-section-content-h i-cf\" itemprop=\"text\"><div class=\"wpb_text_column\"><div class=\"wpb_wrapper\"><p>Der regul\u00e4re touristische Besuch des Real Alc\u00e1zar und die Vorstellungen der Biennale haben unterschiedliche \u00d6ffnungszeiten und Tickets. Wenn Sie das Monument tags\u00fcber besichtigen m\u00f6chten, empfehlen wir, diesen Besuch separat zu buchen und zu pr\u00fcfen.<\/p>\n<\/div><\/div><\/div><\/div><\/div><div class=\"w-tabs-section\" id=\"n9c7\" itemscope itemprop=\"mainEntity\" itemtype=\"https:\/\/schema.org\/Question\"><button type=\"button\" class=\"w-tabs-section-header\" aria-controls=\"content-n9c7\" aria-expanded=\"false\"><h3 class=\"w-tabs-section-title\" itemprop=\"name\">Wie komme ich zum Real Alc\u00e1zar?<\/h3><div class=\"w-tabs-section-control\"><\/div><\/button><div  class=\"w-tabs-section-content\" id=\"content-n9c7\" itemscope itemprop=\"acceptedAnswer\" itemtype=\"https:\/\/schema.org\/Answer\"><div class=\"w-tabs-section-content-h i-cf\" itemprop=\"text\"><div class=\"wpb_text_column\"><div class=\"wpb_wrapper\"><p>Die Anlage liegt im monumentalen Zentrum von Sevilla. Die Biennale verwendet den Patio de Banderas als Referenzpunkt. Die bequemsten \u00f6ffentlichen Verkehrsmittel sind die Metro bis Puerta Jerez und die Metrocentro bis Archivo de Indias sowie mehrere TUSSAM-Buslinien.<\/p>\n<\/div><\/div><\/div><\/div><\/div><div class=\"w-tabs-section\" id=\"oa99\" itemscope itemprop=\"mainEntity\" itemtype=\"https:\/\/schema.org\/Question\"><button type=\"button\" class=\"w-tabs-section-header\" aria-controls=\"content-oa99\" aria-expanded=\"false\"><h3 class=\"w-tabs-section-title\" itemprop=\"name\">Wo kann ich die offiziellen Tickets kaufen?<\/h3><div class=\"w-tabs-section-control\"><\/div><\/button><div  class=\"w-tabs-section-content\" id=\"content-oa99\" itemscope itemprop=\"acceptedAnswer\" itemtype=\"https:\/\/schema.org\/Answer\"><div class=\"w-tabs-section-content-h i-cf\" itemprop=\"text\"><div class=\"wpb_text_column\"><div class=\"wpb_wrapper\"><p>Am sichersten ist es, das <a href=\"https:\/\/www.labienal.com\/programa-general\/real-alcazar\" target=\"_blank\" rel=\"noopener\"><strong>offizielle Programm des Real Alc\u00e1zar bei der Biennale<\/strong><\/a> aufzurufen und von der Seite der jeweiligen Vorstellung zum entsprechenden offiziellen Verkaufskanal zu wechseln.<\/p>\n<\/div><\/div><\/div><\/div><\/div><\/div><\/div><\/div><\/div><\/div><div class=\"vc_col-sm-1\/5 wpb_column vc_column_container\"><div class=\"vc_column-inner\"><div class=\"wpb_wrapper\"><\/div><\/div><\/div><\/div><\/div><\/section><section class=\"l-section wpb_row height_huge color_alternate with_shape\"><div class=\"l-section-shape type_zigzag pos_top\" style=\"height:3vmin;\"><svg xmlns=\"http:\/\/www.w3.org\/2000\/svg\" viewBox=\"0 0 64 8\" preserveAspectRatio=\"none\" width=\"100%\" height=\"100%\">\r\n\t<path fill=\"currentColor\" d=\"M64 8 L0 8 L0 0 L20 7.9 L40 3 L48 5 L64 0 Z\"\/>\r\n<\/svg><\/div><div class=\"l-section-shape type_zigzag pos_bottom\" style=\"height:3vmin;\"><svg xmlns=\"http:\/\/www.w3.org\/2000\/svg\" viewBox=\"0 0 64 8\" preserveAspectRatio=\"none\" width=\"100%\" height=\"100%\">\r\n\t<path fill=\"currentColor\" d=\"M64 8 L0 8 L0 0 L20 7.9 L40 3 L48 5 L64 0 Z\"\/>\r\n<\/svg><\/div><div class=\"l-section-h i-cf\"><div class=\"g-cols vc_row via_flex valign_top type_default stacking_default\"><div class=\"vc_col-sm-12 wpb_column vc_column_container\"><div class=\"vc_column-inner\"><div class=\"wpb_wrapper\"><div class=\"wpb_text_column\"><div class=\"wpb_wrapper\"><h2 style=\"text-align: center;\">Drei Abende, um die Erinnerung des Flamenco in einem der gro\u00dfen Monumente Sevillas zu h\u00f6ren<\/h2>\n<p style=\"text-align: center;\">Der Zyklus im Real Alc\u00e1zar umfasst nur wenige Vorstellungen, besitzt aber eine sehr klare Identit\u00e4t. In nur drei Abenden f\u00fchrt er von einer der wichtigsten Stimmen des heutigen Flamenco \u00fcber eine Urauff\u00fchrung auf Grundlage historischer Cante-Aufnahmen bis zu einem einzigartigen Treffen mehrerer Jerez-Linien.<\/p>\n<p style=\"text-align: center;\">Wenn Sie ein Biennale-Erlebnis suchen, bei dem der Ort ebenso viel Gewicht hat wie das Programm, geh\u00f6rt der Patio de la Monter\u00eda zu den Spielst\u00e4tten, die auf Ihrer Liste stehen sollten.<\/p>\n<\/div><\/div><div class=\"w-separator size_medium\"><\/div><div class=\"w-hwrapper valign_top wrap stack_on_mobiles align_center\" style=\"--hwrapper-gap:1.2rem\"><div class=\"w-btn-wrapper align_none\"><a class=\"w-btn us-btn-style_1\" href=\"https:\/\/www.tablaosflamencos.com\/de\/flamenco-biennale-sevilla\"><span class=\"w-btn-label\">Flamenco-Biennale Sevilla 2026<\/span><\/a><\/div><div class=\"w-btn-wrapper align_none\"><a class=\"w-btn us-btn-style_1\" href=\"https:\/\/www.tablaosflamencos.com\/grandes-estrenos-bienal-flamenco-sevilla-2026.html\"><span class=\"w-btn-label\">Gro\u00dfe Premieren der Biennale<\/span><\/a><\/div><div class=\"w-btn-wrapper align_none\"><a class=\"w-btn us-btn-style_1\" href=\"https:\/\/www.tablaosflamencos.com\/de\/flamenco-in-sevilla\"><span class=\"w-btn-label\">Flamenco in Sevilla sehen<\/span><\/a><\/div><\/div><\/div><\/div><\/div><\/div><\/div><\/section>\n","protected":false},"excerpt":{"rendered":"<p>Kompletter Guide zum Flamenco im Real Alc\u00e1zar w\u00e4hrend der Flamenco-Biennale Sevilla 2026: Programm vom 14. bis 16. September, K\u00fcnstler, Uhrzeiten, Tickets, Preis und praktische Tipps.<\/p>\n","protected":false},"author":1,"featured_media":13859,"comment_status":"closed","ping_status":"closed","sticky":false,"template":"","format":"standard","meta":{"_acf_changed":false,"wpai_generated_summary":"","_ayudawp_aiss_exclude":false,"_ayudawp_aiss_exclude_summary":false,"_ayudawp_aiss_summary":"","_ayudawp_aiss_summary_provider":"","_ayudawp_aiss_summary_hash":"","footnotes":""},"categories":[1431],"tags":[1244,1245,1246,1247,1166,405],"class_list":["post-13874","post","type-post","status-publish","format-standard","has-post-thumbnail","hentry","category-flamenco-biennale","tag-agenda-flamenca","tag-bienal-2026","tag-bienal-de-flamenco","tag-festivales-flamencos","tag-flamenco-en-sevilla","tag-sevilla"],"acf":[],"yoast_head":"<!-- This site is optimized with the Yoast SEO Premium plugin v28.4 (Yoast SEO v28.4) - https:\/\/yoast.com\/product\/yoast-seo-premium-wordpress\/ -->\n<title>Flamenco im Real Alc\u00e1zar: Biennale 2026<\/title>\n<meta name=\"description\" content=\"Guide zum Flamenco im Real Alc\u00e1zar w\u00e4hrend der Biennale 2026: Israel Fern\u00e1ndez, Rancapino Chico und Xerezan\u00edas, Termine, Uhrzeiten, Tickets und Preis.\" \/>\n<meta name=\"robots\" content=\"index, follow, max-snippet:-1, max-image-preview:large, max-video-preview:-1\" \/>\n<link rel=\"canonical\" href=\"https:\/\/www.tablaosflamencos.com\/de\/flamenco-real-alcazar-flamenco-biennale-sevilla-2026.html\" \/>\n<meta property=\"og:locale\" content=\"de_DE\" \/>\n<meta property=\"og:type\" content=\"article\" \/>\n<meta property=\"og:title\" content=\"Flamenco im Real Alc\u00e1zar w\u00e4hrend der Biennale 2026\" \/>\n<meta property=\"og:description\" content=\"Guide zum Flamenco im Real Alc\u00e1zar w\u00e4hrend der Biennale 2026: Israel Fern\u00e1ndez, Rancapino Chico und Xerezan\u00edas, Termine, Uhrzeiten, Tickets und Preis.\" \/>\n<meta property=\"og:url\" content=\"https:\/\/www.tablaosflamencos.com\/de\/flamenco-real-alcazar-flamenco-biennale-sevilla-2026.html\" \/>\n<meta property=\"og:site_name\" content=\"Tablaos Flamencos\" \/>\n<meta property=\"article:publisher\" content=\"https:\/\/www.facebook.com\/tablaosflamencos\" \/>\n<meta property=\"article:published_time\" content=\"2026-09-01T21:44:31+00:00\" \/>\n<meta property=\"article:modified_time\" content=\"2026-09-01T22:37:36+00:00\" \/>\n<meta property=\"og:image\" content=\"https:\/\/www.tablaosflamencos.com\/wp-content\/uploads\/flamenco-en-el-real-alcazar-durante-la-bienal-2026-01.webp\" \/>\n\t<meta property=\"og:image:width\" content=\"1672\" \/>\n\t<meta property=\"og:image:height\" content=\"941\" \/>\n\t<meta property=\"og:image:type\" content=\"image\/webp\" \/>\n<meta name=\"author\" content=\"Miguel Ortiz\" \/>\n<meta name=\"twitter:card\" content=\"summary_large_image\" \/>\n<meta name=\"twitter:creator\" content=\"@tablaosflamenco\" \/>\n<meta name=\"twitter:site\" content=\"@tablaosflamenco\" \/>\n<meta name=\"twitter:label1\" content=\"Verfasst von\" \/>\n\t<meta name=\"twitter:data1\" content=\"Miguel Ortiz\" \/>\n\t<meta name=\"twitter:label2\" content=\"Gesch\u00e4tzte Lesezeit\" \/>\n\t<meta name=\"twitter:data2\" content=\"19\u00a0Minuten\" \/>\n<script type=\"application\/ld+json\" class=\"yoast-schema-graph\">{\"@context\":\"https:\\\/\\\/schema.org\",\"@graph\":[{\"@type\":\"Article\",\"@id\":\"https:\\\/\\\/www.tablaosflamencos.com\\\/de\\\/flamenco-real-alcazar-flamenco-biennale-sevilla-2026.html#article\",\"isPartOf\":{\"@id\":\"https:\\\/\\\/www.tablaosflamencos.com\\\/de\\\/flamenco-real-alcazar-flamenco-biennale-sevilla-2026.html\"},\"author\":{\"name\":\"Miguel Ortiz\",\"@id\":\"https:\\\/\\\/www.tablaosflamencos.com\\\/de#\\\/schema\\\/person\\\/e7a9ebe14eb75a52ceabfbffb3c54f5d\"},\"headline\":\"Flamenco im Real Alc\u00e1zar w\u00e4hrend der Biennale 2026\",\"datePublished\":\"2026-09-01T21:44:31+00:00\",\"dateModified\":\"2026-09-01T22:37:36+00:00\",\"mainEntityOfPage\":{\"@id\":\"https:\\\/\\\/www.tablaosflamencos.com\\\/de\\\/flamenco-real-alcazar-flamenco-biennale-sevilla-2026.html\"},\"wordCount\":3866,\"publisher\":{\"@id\":\"https:\\\/\\\/www.tablaosflamencos.com\\\/de#organization\"},\"image\":{\"@id\":\"https:\\\/\\\/www.tablaosflamencos.com\\\/de\\\/flamenco-real-alcazar-flamenco-biennale-sevilla-2026.html#primaryimage\"},\"thumbnailUrl\":\"https:\\\/\\\/www.tablaosflamencos.com\\\/wp-content\\\/uploads\\\/flamenco-en-el-real-alcazar-durante-la-bienal-2026-01.webp\",\"keywords\":[\"agenda flamenca\",\"Bienal 2026\",\"Bienal de Flamenco\",\"festivales flamencos\",\"flamenco en Sevilla\",\"sevilla\"],\"articleSection\":[\"Flamenco-Biennale\"],\"inLanguage\":\"de\"},{\"@type\":\"WebPage\",\"@id\":\"https:\\\/\\\/www.tablaosflamencos.com\\\/de\\\/flamenco-real-alcazar-flamenco-biennale-sevilla-2026.html\",\"url\":\"https:\\\/\\\/www.tablaosflamencos.com\\\/de\\\/flamenco-real-alcazar-flamenco-biennale-sevilla-2026.html\",\"name\":\"Flamenco im Real Alc\u00e1zar: Biennale 2026\",\"isPartOf\":{\"@id\":\"https:\\\/\\\/www.tablaosflamencos.com\\\/de#website\"},\"primaryImageOfPage\":{\"@id\":\"https:\\\/\\\/www.tablaosflamencos.com\\\/de\\\/flamenco-real-alcazar-flamenco-biennale-sevilla-2026.html#primaryimage\"},\"image\":{\"@id\":\"https:\\\/\\\/www.tablaosflamencos.com\\\/de\\\/flamenco-real-alcazar-flamenco-biennale-sevilla-2026.html#primaryimage\"},\"thumbnailUrl\":\"https:\\\/\\\/www.tablaosflamencos.com\\\/wp-content\\\/uploads\\\/flamenco-en-el-real-alcazar-durante-la-bienal-2026-01.webp\",\"datePublished\":\"2026-09-01T21:44:31+00:00\",\"dateModified\":\"2026-09-01T22:37:36+00:00\",\"description\":\"Guide zum Flamenco im Real Alc\u00e1zar w\u00e4hrend der Biennale 2026: Israel Fern\u00e1ndez, Rancapino Chico und Xerezan\u00edas, Termine, Uhrzeiten, Tickets und Preis.\",\"breadcrumb\":{\"@id\":\"https:\\\/\\\/www.tablaosflamencos.com\\\/de\\\/flamenco-real-alcazar-flamenco-biennale-sevilla-2026.html#breadcrumb\"},\"inLanguage\":\"de\",\"potentialAction\":[{\"@type\":\"ReadAction\",\"target\":[\"https:\\\/\\\/www.tablaosflamencos.com\\\/de\\\/flamenco-real-alcazar-flamenco-biennale-sevilla-2026.html\"]}]},{\"@type\":\"ImageObject\",\"inLanguage\":\"de\",\"@id\":\"https:\\\/\\\/www.tablaosflamencos.com\\\/de\\\/flamenco-real-alcazar-flamenco-biennale-sevilla-2026.html#primaryimage\",\"url\":\"https:\\\/\\\/www.tablaosflamencos.com\\\/wp-content\\\/uploads\\\/flamenco-en-el-real-alcazar-durante-la-bienal-2026-01.webp\",\"contentUrl\":\"https:\\\/\\\/www.tablaosflamencos.com\\\/wp-content\\\/uploads\\\/flamenco-en-el-real-alcazar-durante-la-bienal-2026-01.webp\",\"width\":1672,\"height\":941,\"caption\":\"Flamenco en el Real Alc\u00e1zar durante la Bienal 2026\"},{\"@type\":\"BreadcrumbList\",\"@id\":\"https:\\\/\\\/www.tablaosflamencos.com\\\/de\\\/flamenco-real-alcazar-flamenco-biennale-sevilla-2026.html#breadcrumb\",\"itemListElement\":[{\"@type\":\"ListItem\",\"position\":1,\"name\":\"Home\",\"item\":\"https:\\\/\\\/www.tablaosflamencos.com\\\/de\"},{\"@type\":\"ListItem\",\"position\":2,\"name\":\"Flamenco im Real Alc\u00e1zar w\u00e4hrend der Biennale 2026\"}]},{\"@type\":\"WebSite\",\"@id\":\"https:\\\/\\\/www.tablaosflamencos.com\\\/de#website\",\"url\":\"https:\\\/\\\/www.tablaosflamencos.com\\\/de\",\"name\":\"Tablaos Flamencos\",\"description\":\"Entradas para tablaos flamencos de Espa\u00f1a\",\"publisher\":{\"@id\":\"https:\\\/\\\/www.tablaosflamencos.com\\\/de#organization\"},\"alternateName\":\"Tablaos Flamencos\",\"potentialAction\":[{\"@type\":\"SearchAction\",\"target\":{\"@type\":\"EntryPoint\",\"urlTemplate\":\"https:\\\/\\\/www.tablaosflamencos.com\\\/de?s={search_term_string}\"},\"query-input\":{\"@type\":\"PropertyValueSpecification\",\"valueRequired\":true,\"valueName\":\"search_term_string\"}}],\"inLanguage\":\"de\"},{\"@type\":[\"Organization\",\"Place\",\"EntertainmentBusiness\"],\"@id\":\"https:\\\/\\\/www.tablaosflamencos.com\\\/de#organization\",\"name\":\"Tablaos Flamencos\",\"alternateName\":\"Tablaos Flamencos\",\"url\":\"https:\\\/\\\/www.tablaosflamencos.com\\\/de\",\"logo\":{\"@id\":\"https:\\\/\\\/www.tablaosflamencos.com\\\/de\\\/flamenco-real-alcazar-flamenco-biennale-sevilla-2026.html#local-main-organization-logo\"},\"image\":{\"@id\":\"https:\\\/\\\/www.tablaosflamencos.com\\\/de\\\/flamenco-real-alcazar-flamenco-biennale-sevilla-2026.html#local-main-organization-logo\"},\"sameAs\":[\"https:\\\/\\\/www.facebook.com\\\/tablaosflamencos\",\"https:\\\/\\\/x.com\\\/tablaosflamenco\",\"https:\\\/\\\/mastodon.social\\\/@tablaosflamencos\",\"https:\\\/\\\/www.instagram.com\\\/tablaosflamencos\",\"https:\\\/\\\/tiktok.com\\\/@tablaosflamencos\",\"https:\\\/\\\/www.linkedin.com\\\/company\\\/109408238\\\/\"],\"description\":\"Venta de entradas para espect\u00e1culos flamencos\",\"legalName\":\"Tablaos Flamencos\",\"foundingDate\":\"2015-01-01\",\"numberOfEmployees\":{\"@type\":\"QuantitativeValue\",\"minValue\":\"1\",\"maxValue\":\"10\"},\"address\":{\"@id\":\"https:\\\/\\\/www.tablaosflamencos.com\\\/de\\\/flamenco-real-alcazar-flamenco-biennale-sevilla-2026.html#local-main-place-address\"},\"geo\":{\"@type\":\"GeoCoordinates\",\"latitude\":\"37.3868072\",\"longitude\":\"-5.993280299999999\"},\"telephone\":[\"+34623787787\"],\"contactPoint\":{\"@type\":\"ContactPoint\",\"telephone\":\"+34623787787\",\"email\":\"info@tablaosflamencos.com\"},\"openingHoursSpecification\":{\"@type\":\"OpeningHoursSpecification\",\"dayOfWeek\":[\"Monday\",\"Tuesday\",\"Wednesday\",\"Thursday\",\"Friday\",\"Saturday\",\"Sunday\"],\"opens\":\"00:00\",\"closes\":\"23:59\"},\"email\":\"info@tablaosflamencos.com\",\"priceRange\":\"$$$\",\"currenciesAccepted\":\"\u20ac\"},{\"@type\":\"Person\",\"@id\":\"https:\\\/\\\/www.tablaosflamencos.com\\\/de#\\\/schema\\\/person\\\/e7a9ebe14eb75a52ceabfbffb3c54f5d\",\"name\":\"Miguel Ortiz\",\"description\":\"Miguel Ortiz es un empresario flamenco, con una s\u00f3lida trayectoria dentro del sector. Ha presidido entidades culturales vinculadas al flamenco y, cuenta con un amplio recorrido profesional en la gesti\u00f3n y promoci\u00f3n de espect\u00e1culos y tablaos flamencos. Su pasi\u00f3n por la historia y el arte flamenco se refleja en cada art\u00edculo, donde combina experiencia, criterio y un profundo respeto por la tradici\u00f3n.\",\"sameAs\":[\"https:\\\/\\\/www.tablaosflamencos.com\",\"https:\\\/\\\/www.instagra.com\\\/miguelortizfe\",\"https:\\\/\\\/www.linkedin.com\\\/in\\\/miguelortizf\\\/\"],\"birthDate\":\"1984-11-22\",\"gender\":\"hombre\",\"knowsLanguage\":[\"espa\u00f1ol\",\"ingl\u00e9s\"],\"jobTitle\":\"Empresario flamenco\"},{\"@type\":\"PostalAddress\",\"@id\":\"https:\\\/\\\/www.tablaosflamencos.com\\\/de\\\/flamenco-real-alcazar-flamenco-biennale-sevilla-2026.html#local-main-place-address\",\"streetAddress\":\"C\\\/ Alemanes, 19\",\"addressLocality\":\"Sevilla\",\"postalCode\":\"41004\",\"addressRegion\":\"Sevilla\",\"addressCountry\":\"ES\"},{\"@type\":\"ImageObject\",\"inLanguage\":\"de\",\"@id\":\"https:\\\/\\\/www.tablaosflamencos.com\\\/de\\\/flamenco-real-alcazar-flamenco-biennale-sevilla-2026.html#local-main-organization-logo\",\"url\":\"https:\\\/\\\/www.tablaosflamencos.com\\\/wp-content\\\/uploads\\\/tablaos-flamencos-06-3.webp\",\"contentUrl\":\"https:\\\/\\\/www.tablaosflamencos.com\\\/wp-content\\\/uploads\\\/tablaos-flamencos-06-3.webp\",\"width\":600,\"height\":620,\"caption\":\"Tablaos Flamencos\"}]}<\/script>\n<meta name=\"geo.placename\" content=\"Sevilla\" \/>\n<meta name=\"geo.position\" content=\"37.3868072;-5.993280299999999\" \/>\n<meta name=\"geo.region\" content=\"Spanien\" \/>\n<!-- \/ Yoast SEO Premium plugin. -->","yoast_head_json":{"title":"Flamenco im Real Alc\u00e1zar: Biennale 2026","description":"Guide zum Flamenco im Real Alc\u00e1zar w\u00e4hrend der Biennale 2026: Israel Fern\u00e1ndez, Rancapino Chico und Xerezan\u00edas, Termine, Uhrzeiten, Tickets und Preis.","robots":{"index":"index","follow":"follow","max-snippet":"max-snippet:-1","max-image-preview":"max-image-preview:large","max-video-preview":"max-video-preview:-1"},"canonical":"https:\/\/www.tablaosflamencos.com\/de\/flamenco-real-alcazar-flamenco-biennale-sevilla-2026.html","og_locale":"de_DE","og_type":"article","og_title":"Flamenco im Real Alc\u00e1zar w\u00e4hrend der Biennale 2026","og_description":"Guide zum Flamenco im Real Alc\u00e1zar w\u00e4hrend der Biennale 2026: Israel Fern\u00e1ndez, Rancapino Chico und Xerezan\u00edas, Termine, Uhrzeiten, Tickets und Preis.","og_url":"https:\/\/www.tablaosflamencos.com\/de\/flamenco-real-alcazar-flamenco-biennale-sevilla-2026.html","og_site_name":"Tablaos Flamencos","article_publisher":"https:\/\/www.facebook.com\/tablaosflamencos","article_published_time":"2026-09-01T21:44:31+00:00","article_modified_time":"2026-09-01T22:37:36+00:00","og_image":[{"width":1672,"height":941,"url":"https:\/\/www.tablaosflamencos.com\/wp-content\/uploads\/flamenco-en-el-real-alcazar-durante-la-bienal-2026-01.webp","type":"image\/webp"}],"author":"Miguel Ortiz","twitter_card":"summary_large_image","twitter_creator":"@tablaosflamenco","twitter_site":"@tablaosflamenco","twitter_misc":{"Verfasst von":"Miguel Ortiz","Gesch\u00e4tzte Lesezeit":"19\u00a0Minuten"},"schema":{"@context":"https:\/\/schema.org","@graph":[{"@type":"Article","@id":"https:\/\/www.tablaosflamencos.com\/de\/flamenco-real-alcazar-flamenco-biennale-sevilla-2026.html#article","isPartOf":{"@id":"https:\/\/www.tablaosflamencos.com\/de\/flamenco-real-alcazar-flamenco-biennale-sevilla-2026.html"},"author":{"name":"Miguel Ortiz","@id":"https:\/\/www.tablaosflamencos.com\/de#\/schema\/person\/e7a9ebe14eb75a52ceabfbffb3c54f5d"},"headline":"Flamenco im Real Alc\u00e1zar w\u00e4hrend der Biennale 2026","datePublished":"2026-09-01T21:44:31+00:00","dateModified":"2026-09-01T22:37:36+00:00","mainEntityOfPage":{"@id":"https:\/\/www.tablaosflamencos.com\/de\/flamenco-real-alcazar-flamenco-biennale-sevilla-2026.html"},"wordCount":3866,"publisher":{"@id":"https:\/\/www.tablaosflamencos.com\/de#organization"},"image":{"@id":"https:\/\/www.tablaosflamencos.com\/de\/flamenco-real-alcazar-flamenco-biennale-sevilla-2026.html#primaryimage"},"thumbnailUrl":"https:\/\/www.tablaosflamencos.com\/wp-content\/uploads\/flamenco-en-el-real-alcazar-durante-la-bienal-2026-01.webp","keywords":["agenda flamenca","Bienal 2026","Bienal de Flamenco","festivales flamencos","flamenco en Sevilla","sevilla"],"articleSection":["Flamenco-Biennale"],"inLanguage":"de"},{"@type":"WebPage","@id":"https:\/\/www.tablaosflamencos.com\/de\/flamenco-real-alcazar-flamenco-biennale-sevilla-2026.html","url":"https:\/\/www.tablaosflamencos.com\/de\/flamenco-real-alcazar-flamenco-biennale-sevilla-2026.html","name":"Flamenco im Real Alc\u00e1zar: Biennale 2026","isPartOf":{"@id":"https:\/\/www.tablaosflamencos.com\/de#website"},"primaryImageOfPage":{"@id":"https:\/\/www.tablaosflamencos.com\/de\/flamenco-real-alcazar-flamenco-biennale-sevilla-2026.html#primaryimage"},"image":{"@id":"https:\/\/www.tablaosflamencos.com\/de\/flamenco-real-alcazar-flamenco-biennale-sevilla-2026.html#primaryimage"},"thumbnailUrl":"https:\/\/www.tablaosflamencos.com\/wp-content\/uploads\/flamenco-en-el-real-alcazar-durante-la-bienal-2026-01.webp","datePublished":"2026-09-01T21:44:31+00:00","dateModified":"2026-09-01T22:37:36+00:00","description":"Guide zum Flamenco im Real Alc\u00e1zar w\u00e4hrend der Biennale 2026: Israel Fern\u00e1ndez, Rancapino Chico und Xerezan\u00edas, Termine, Uhrzeiten, Tickets und Preis.","breadcrumb":{"@id":"https:\/\/www.tablaosflamencos.com\/de\/flamenco-real-alcazar-flamenco-biennale-sevilla-2026.html#breadcrumb"},"inLanguage":"de","potentialAction":[{"@type":"ReadAction","target":["https:\/\/www.tablaosflamencos.com\/de\/flamenco-real-alcazar-flamenco-biennale-sevilla-2026.html"]}]},{"@type":"ImageObject","inLanguage":"de","@id":"https:\/\/www.tablaosflamencos.com\/de\/flamenco-real-alcazar-flamenco-biennale-sevilla-2026.html#primaryimage","url":"https:\/\/www.tablaosflamencos.com\/wp-content\/uploads\/flamenco-en-el-real-alcazar-durante-la-bienal-2026-01.webp","contentUrl":"https:\/\/www.tablaosflamencos.com\/wp-content\/uploads\/flamenco-en-el-real-alcazar-durante-la-bienal-2026-01.webp","width":1672,"height":941,"caption":"Flamenco en el Real Alc\u00e1zar durante la Bienal 2026"},{"@type":"BreadcrumbList","@id":"https:\/\/www.tablaosflamencos.com\/de\/flamenco-real-alcazar-flamenco-biennale-sevilla-2026.html#breadcrumb","itemListElement":[{"@type":"ListItem","position":1,"name":"Home","item":"https:\/\/www.tablaosflamencos.com\/de"},{"@type":"ListItem","position":2,"name":"Flamenco im Real Alc\u00e1zar w\u00e4hrend der Biennale 2026"}]},{"@type":"WebSite","@id":"https:\/\/www.tablaosflamencos.com\/de#website","url":"https:\/\/www.tablaosflamencos.com\/de","name":"Tablaos Flamencos","description":"Entradas para tablaos flamencos de Espa\u00f1a","publisher":{"@id":"https:\/\/www.tablaosflamencos.com\/de#organization"},"alternateName":"Tablaos Flamencos","potentialAction":[{"@type":"SearchAction","target":{"@type":"EntryPoint","urlTemplate":"https:\/\/www.tablaosflamencos.com\/de?s={search_term_string}"},"query-input":{"@type":"PropertyValueSpecification","valueRequired":true,"valueName":"search_term_string"}}],"inLanguage":"de"},{"@type":["Organization","Place","EntertainmentBusiness"],"@id":"https:\/\/www.tablaosflamencos.com\/de#organization","name":"Tablaos Flamencos","alternateName":"Tablaos Flamencos","url":"https:\/\/www.tablaosflamencos.com\/de","logo":{"@id":"https:\/\/www.tablaosflamencos.com\/de\/flamenco-real-alcazar-flamenco-biennale-sevilla-2026.html#local-main-organization-logo"},"image":{"@id":"https:\/\/www.tablaosflamencos.com\/de\/flamenco-real-alcazar-flamenco-biennale-sevilla-2026.html#local-main-organization-logo"},"sameAs":["https:\/\/www.facebook.com\/tablaosflamencos","https:\/\/x.com\/tablaosflamenco","https:\/\/mastodon.social\/@tablaosflamencos","https:\/\/www.instagram.com\/tablaosflamencos","https:\/\/tiktok.com\/@tablaosflamencos","https:\/\/www.linkedin.com\/company\/109408238\/"],"description":"Venta de entradas para espect\u00e1culos flamencos","legalName":"Tablaos Flamencos","foundingDate":"2015-01-01","numberOfEmployees":{"@type":"QuantitativeValue","minValue":"1","maxValue":"10"},"address":{"@id":"https:\/\/www.tablaosflamencos.com\/de\/flamenco-real-alcazar-flamenco-biennale-sevilla-2026.html#local-main-place-address"},"geo":{"@type":"GeoCoordinates","latitude":"37.3868072","longitude":"-5.993280299999999"},"telephone":["+34623787787"],"contactPoint":{"@type":"ContactPoint","telephone":"+34623787787","email":"info@tablaosflamencos.com"},"openingHoursSpecification":{"@type":"OpeningHoursSpecification","dayOfWeek":["Monday","Tuesday","Wednesday","Thursday","Friday","Saturday","Sunday"],"opens":"00:00","closes":"23:59"},"email":"info@tablaosflamencos.com","priceRange":"$$$","currenciesAccepted":"\u20ac"},{"@type":"Person","@id":"https:\/\/www.tablaosflamencos.com\/de#\/schema\/person\/e7a9ebe14eb75a52ceabfbffb3c54f5d","name":"Miguel Ortiz","description":"Miguel Ortiz es un empresario flamenco, con una s\u00f3lida trayectoria dentro del sector. Ha presidido entidades culturales vinculadas al flamenco y, cuenta con un amplio recorrido profesional en la gesti\u00f3n y promoci\u00f3n de espect\u00e1culos y tablaos flamencos. Su pasi\u00f3n por la historia y el arte flamenco se refleja en cada art\u00edculo, donde combina experiencia, criterio y un profundo respeto por la tradici\u00f3n.","sameAs":["https:\/\/www.tablaosflamencos.com","https:\/\/www.instagra.com\/miguelortizfe","https:\/\/www.linkedin.com\/in\/miguelortizf\/"],"birthDate":"1984-11-22","gender":"hombre","knowsLanguage":["espa\u00f1ol","ingl\u00e9s"],"jobTitle":"Empresario flamenco"},{"@type":"PostalAddress","@id":"https:\/\/www.tablaosflamencos.com\/de\/flamenco-real-alcazar-flamenco-biennale-sevilla-2026.html#local-main-place-address","streetAddress":"C\/ Alemanes, 19","addressLocality":"Sevilla","postalCode":"41004","addressRegion":"Sevilla","addressCountry":"ES"},{"@type":"ImageObject","inLanguage":"de","@id":"https:\/\/www.tablaosflamencos.com\/de\/flamenco-real-alcazar-flamenco-biennale-sevilla-2026.html#local-main-organization-logo","url":"https:\/\/www.tablaosflamencos.com\/wp-content\/uploads\/tablaos-flamencos-06-3.webp","contentUrl":"https:\/\/www.tablaosflamencos.com\/wp-content\/uploads\/tablaos-flamencos-06-3.webp","width":600,"height":620,"caption":"Tablaos Flamencos"}]},"geo.placename":"Sevilla","geo.position":{"lat":"37.3868072","long":"-5.993280299999999"},"geo.region":"Spanien"},"_links":{"self":[{"href":"https:\/\/www.tablaosflamencos.com\/de\/wp-json\/wp\/v2\/posts\/13874","targetHints":{"allow":["GET"]}}],"collection":[{"href":"https:\/\/www.tablaosflamencos.com\/de\/wp-json\/wp\/v2\/posts"}],"about":[{"href":"https:\/\/www.tablaosflamencos.com\/de\/wp-json\/wp\/v2\/types\/post"}],"author":[{"embeddable":true,"href":"https:\/\/www.tablaosflamencos.com\/de\/wp-json\/wp\/v2\/users\/1"}],"replies":[{"embeddable":true,"href":"https:\/\/www.tablaosflamencos.com\/de\/wp-json\/wp\/v2\/comments?post=13874"}],"version-history":[{"count":8,"href":"https:\/\/www.tablaosflamencos.com\/de\/wp-json\/wp\/v2\/posts\/13874\/revisions"}],"predecessor-version":[{"id":13987,"href":"https:\/\/www.tablaosflamencos.com\/de\/wp-json\/wp\/v2\/posts\/13874\/revisions\/13987"}],"wp:featuredmedia":[{"embeddable":true,"href":"https:\/\/www.tablaosflamencos.com\/de\/wp-json\/wp\/v2\/media\/13859"}],"wp:attachment":[{"href":"https:\/\/www.tablaosflamencos.com\/de\/wp-json\/wp\/v2\/media?parent=13874"}],"wp:term":[{"taxonomy":"category","embeddable":true,"href":"https:\/\/www.tablaosflamencos.com\/de\/wp-json\/wp\/v2\/categories?post=13874"},{"taxonomy":"post_tag","embeddable":true,"href":"https:\/\/www.tablaosflamencos.com\/de\/wp-json\/wp\/v2\/tags?post=13874"}],"curies":[{"name":"wp","href":"https:\/\/api.w.org\/{rel}","templated":true}]}}