{"id":13839,"date":"2026-09-01T11:41:25","date_gmt":"2026-09-01T09:41:25","guid":{"rendered":"https:\/\/www.tablaosflamencos.com\/?p=13839"},"modified":"2026-09-01T12:04:28","modified_gmt":"2026-09-01T10:04:28","slug":"eroeffnung-flamenco-biennale-sevilla-2026","status":"publish","type":"post","link":"https:\/\/www.tablaosflamencos.com\/de\/eroeffnung-flamenco-biennale-sevilla-2026.html","title":{"rendered":"So wird die Er\u00f6ffnung der Flamenco-Biennale Sevilla 2026"},"content":{"rendered":"<section class=\"l-section wpb_row height_huge\"><div class=\"l-section-h i-cf\"><div class=\"g-cols vc_row via_flex valign_top type_default stacking_default\"><div class=\"vc_col-sm-6 wpb_column vc_column_container\"><div class=\"vc_column-inner\"><div class=\"wpb_wrapper\"><div class=\"wpb_text_column\"><div class=\"wpb_wrapper\"><h2>Die Flamenco-Biennale Sevilla 2026 beginnt mit einem gesungenen Preg\u00f3n mitten in der Stadt<\/h2>\n<p>Die <strong>24. Flamenco-Biennale von Sevilla<\/strong> beginnt offiziell am <strong>Mittwoch, 9. September 2026<\/strong> mit einer Er\u00f6ffnung, die sich deutlich von einer herk\u00f6mmlichen Gala unterscheidet. Es wird keine frontale B\u00fchne in einem Theater geben: Die <strong>Plaza de San Francisco<\/strong> wird zu einem immersiven B\u00fchnenraum, in dem die Stimmen von den Balkonen erklingen und der Tanz das Zentrum des Platzes einnimmt.<\/p>\n<p>Die Produktion tr\u00e4gt den Titel <em>Ecos primitivos. Cante en altura, danza en tierra<\/em> und ist als <strong>gesungener Preg\u00f3n<\/strong> unter der k\u00fcnstlerischen Leitung von Segundo Falc\u00f3n konzipiert. Beginn ist um <strong>20:30 Uhr<\/strong> und beim Cante wirken Segundo Falc\u00f3n, Esperanza Fern\u00e1ndez, Pedro El Grana\u00edno, Rafael de Utrera und Mar\u00eda Terremoto mit; den Tanz \u00fcbernimmt <strong>Ana Morales<\/strong> als zentrale Protagonistin.<\/p>\n<p>Die Idee besteht darin, dass das Publikum die Er\u00f6ffnung nicht aus nur einer Richtung betrachtet, sondern sich innerhalb einer Klangarchitektur von <strong>360 Grad<\/strong>befindet. Die Stadt selbst wird zur B\u00fchne: Balkone, Steinpflaster, Stimmen und der K\u00f6rper der T\u00e4nzerin werden Teil der Dramaturgie.<\/p>\n<\/div><\/div><\/div><\/div><\/div><div class=\"vc_col-sm-6 wpb_column vc_column_container\"><div class=\"vc_column-inner\"><div class=\"wpb_wrapper\"><div class=\"wpb_text_column\"><div class=\"wpb_wrapper\"><h3>Er\u00f6ffnung der Biennale 2026: die wichtigsten Daten<\/h3>\n<ul>\n<li><strong>Datum:<\/strong> Mittwoch, 9. September 2026.<\/li>\n<li><strong>Uhrzeit:<\/strong> 20:30 Uhr.<\/li>\n<li><strong>Ort:<\/strong> Plaza de San Francisco, Sevilla.<\/li>\n<li><strong>Inszenierung:<\/strong> <em>Ecos primitivos. Cante en altura, danza en tierra<\/em>.<\/li>\n<li><strong>Format:<\/strong> gesungener Preg\u00f3n und immersive 360\u00ba-B\u00fchnenerfahrung.<\/li>\n<li><strong>K\u00fcnstlerische Leitung:<\/strong> Segundo Falc\u00f3n.<\/li>\n<li><strong>Cante:<\/strong> Segundo Falc\u00f3n, Esperanza Fern\u00e1ndez, Pedro El Grana\u00edno, Rafael de Utrera und Mar\u00eda Terremoto.<\/li>\n<li><strong>Tanz:<\/strong> Ana Morales.<\/li>\n<li><strong>Organisation:<\/strong> Flamenco-Biennale von Sevilla, gemeinsam organisiert mit der Fundaci\u00f3n Cajasol.<\/li>\n<\/ul>\n<p><small>Zum Zeitpunkt der Ver\u00f6ffentlichung nennt die offizielle Seite des Preg\u00f3n weder einen Preis noch ein Ticketkaufsystem. Es empfiehlt sich, die aktuellen Zugangsbedingungen vor dem Besuch zu pr\u00fcfen.<\/small><\/p>\n<\/div><\/div><\/div><\/div><\/div><\/div><\/div><\/section><section class=\"l-section wpb_row height_huge color_alternate with_shape\"><div class=\"l-section-shape type_zigzag pos_top hor_flip\" style=\"height:3vmin;\"><svg xmlns=\"http:\/\/www.w3.org\/2000\/svg\" viewBox=\"0 0 64 8\" preserveAspectRatio=\"none\" width=\"100%\" height=\"100%\">\r\n\t<path fill=\"currentColor\" d=\"M64 8 L0 8 L0 0 L20 7.9 L40 3 L48 5 L64 0 Z\"\/>\r\n<\/svg><\/div><div class=\"l-section-shape type_zigzag pos_bottom\" style=\"height:3vmin;\"><svg xmlns=\"http:\/\/www.w3.org\/2000\/svg\" viewBox=\"0 0 64 8\" preserveAspectRatio=\"none\" width=\"100%\" height=\"100%\">\r\n\t<path fill=\"currentColor\" d=\"M64 8 L0 8 L0 0 L20 7.9 L40 3 L48 5 L64 0 Z\"\/>\r\n<\/svg><\/div><div class=\"l-section-h i-cf\"><div class=\"g-cols vc_row via_flex valign_top type_default stacking_default\"><div class=\"vc_col-sm-12 wpb_column vc_column_container\"><div class=\"vc_column-inner\"><div class=\"wpb_wrapper\"><div class=\"wpb_text_column\"><div class=\"wpb_wrapper\"><h2>Ecos primitivos: eine Er\u00f6ffnung, die speziell f\u00fcr die Plaza de San Francisco konzipiert wurde<\/h2>\n<p>Die Er\u00f6ffnung \u00fcbertr\u00e4gt kein bereits bestehendes Theaterwerk in den Au\u00dfenraum. <em>Ecos primitivos<\/em> wurde eigens f\u00fcr die Biennale und f\u00fcr die <strong>Plaza de San Francisco<\/strong>entwickelt. Das ist entscheidend, denn die Architektur dient nicht nur als Kulisse, sondern wird aktiver Bestandteil der Auff\u00fchrung.<\/p>\n<p>Die Inszenierung geht von einer vertikalen Idee aus. <strong>F\u00fcnf Flamenco-S\u00e4nger werden verschiedene Balkone rund um den Platz besetzen<\/strong>und so eine Klangkarte schaffen, die das Publikum umgibt. Den Stimmen aus der H\u00f6he antwortet Ana Morales mit ihrer Choreografie auf Stra\u00dfenniveau im Zentrum des Raums.<\/p>\n<p>Die Biennale beschreibt das Konzept als Dialog zwischen <strong>Cante in der H\u00f6he und Tanz auf der Erde<\/strong>. Der Gegensatz zwischen Stimme und K\u00f6rper, Balkonen und Boden, Erinnerung und zeitgen\u00f6ssischer Kreation bildet die visuelle und klangliche Achse der gesamten Er\u00f6ffnung.<\/p>\n<p>Die Inszenierung will das \u00fcbliche Verh\u00e4ltnis zwischen B\u00fchne und Publikum aufbrechen. Es gibt keinen einzigen frontalen Blickpunkt: Das Publikum wird in das Ereignis einbezogen und nimmt Stimmen aus unterschiedlichen Richtungen wahr, w\u00e4hrend sich der Tanz im Zentrum entfaltet.<\/p>\n<\/div><\/div><\/div><\/div><\/div><\/div><\/div><\/section><section class=\"l-section wpb_row height_huge\"><div class=\"l-section-h i-cf\"><div class=\"g-cols vc_row via_flex valign_top type_default stacking_default\"><div class=\"vc_col-sm-12 wpb_column vc_column_container\"><div class=\"vc_column-inner\"><div class=\"wpb_wrapper\"><div class=\"wpb_text_column\"><div class=\"wpb_wrapper\"><h2>F\u00fcnf Stimmen auf den Balkonen: Was die einzelnen K\u00fcnstler singen<\/h2>\n<p>Zu den interessantesten bereits ver\u00f6ffentlichten Details geh\u00f6rt die Verteilung der Cantes. Jede Stimme erh\u00e4lt innerhalb dieser Klangarchitektur eine konkrete Funktion und ist einem traditionsverwurzelten Repertoire zugeordnet.<\/p>\n<table>\n<thead>\n<tr>\n<th>K\u00fcnstler<\/th>\n<th>Vorgesehener Cante<\/th>\n<th>Rolle in der Inszenierung<\/th>\n<\/tr>\n<\/thead>\n<tbody>\n<tr>\n<td><strong>Segundo Falc\u00f3n<\/strong><\/td>\n<td>Trilla und ton\u00e1 liviana<\/td>\n<td>Erinnerung an die Feldarbeit und ein wesentlicher, von Verzierungen befreiter Cante.<\/td>\n<\/tr>\n<tr>\n<td><strong>Rafael de Utrera<\/strong><\/td>\n<td>Romance<\/td>\n<td>Verwurzelte Erz\u00e4hlung und stimmliche N\u00fcchternheit.<\/td>\n<\/tr>\n<tr>\n<td><strong>Mar\u00eda Terremoto<\/strong><\/td>\n<td>Martinete<\/td>\n<td>Ein Cante, der mit Schmiede, Klage und Widerstand verbunden ist.<\/td>\n<\/tr>\n<tr>\n<td><strong>Esperanza Fern\u00e1ndez<\/strong><\/td>\n<td>Romance \/ corrido gitano<\/td>\n<td>Erinnerung, die durch das gesungene Wort weitergegeben wird.<\/td>\n<\/tr>\n<tr>\n<td><strong>Pedro El Grana\u00edno<\/strong><\/td>\n<td>Saeta<\/td>\n<td>Eine Stimme, die als vertikale Anrufung aus der H\u00f6he gedacht ist.<\/td>\n<\/tr>\n<\/tbody>\n<\/table>\n<p>Diese Auswahl hilft, den Titel <em>Ecos primitivos<\/em>zu verstehen. Es geht nicht um eine Reise durch die festlichsten oder popul\u00e4rsten Palos, sondern um Formen, die mit m\u00fcndlicher Erz\u00e4hlung, Arbeit, Schmiede, \u00dcberlieferung und Anrufung verbunden sind.<\/p>\n<\/div><\/div><\/div><\/div><\/div><\/div><\/div><\/section><section class=\"l-section wpb_row height_huge color_alternate with_shape\"><div class=\"l-section-shape type_zigzag pos_top hor_flip\" style=\"height:3vmin;\"><svg xmlns=\"http:\/\/www.w3.org\/2000\/svg\" viewBox=\"0 0 64 8\" preserveAspectRatio=\"none\" width=\"100%\" height=\"100%\">\r\n\t<path fill=\"currentColor\" d=\"M64 8 L0 8 L0 0 L20 7.9 L40 3 L48 5 L64 0 Z\"\/>\r\n<\/svg><\/div><div class=\"l-section-shape type_zigzag pos_bottom\" style=\"height:3vmin;\"><svg xmlns=\"http:\/\/www.w3.org\/2000\/svg\" viewBox=\"0 0 64 8\" preserveAspectRatio=\"none\" width=\"100%\" height=\"100%\">\r\n\t<path fill=\"currentColor\" d=\"M64 8 L0 8 L0 0 L20 7.9 L40 3 L48 5 L64 0 Z\"\/>\r\n<\/svg><\/div><div class=\"l-section-h i-cf\"><div class=\"g-cols vc_row via_flex valign_top type_default stacking_default\"><div class=\"vc_col-sm-12 wpb_column vc_column_container\"><div class=\"vc_column-inner\"><div class=\"wpb_wrapper\"><div class=\"wpb_text_column\"><div class=\"wpb_wrapper\"><h2>Ana Morales wird im Zentrum des Platzes tanzen<\/h2>\n<p>W\u00e4hrend die Stimmen die Balkone besetzen, <strong>Ana Morales<\/strong> konzentriert die k\u00f6rperliche Dimension der Er\u00f6ffnung auf dem Boden der Plaza de San Francisco. Ihr Tanz ist kein dekoratives Begleitelement des Cante: Die Choreografie ist als k\u00f6rperliche Antwort auf die Stimmen aus der H\u00f6he konzipiert.<\/p>\n<p>Die Organisatoren beschreiben ihren Ansatz anhand von drei Prinzipien: <strong>organische und k\u00f6rperliche Bewegung<\/strong>, <strong>Fragmentierung und Rekonstruktion der Geste<\/strong> und eine <strong>direkte Beziehung zur Erde als symbolischem Raum<\/strong>.<\/p>\n<p>Dieser Ansatz passt zu Morales\u2019 k\u00fcnstlerischem Weg, auf dem sie kontinuierlich die Beziehung zwischen Flamenco-Tradition, zeitgen\u00f6ssischer Sprache, Raum und K\u00f6rper untersucht. Hier wird der Kontrast besonders sichtbar sein: Der Cante bleibt erh\u00f6ht rund um das Publikum, w\u00e4hrend sich der Tanz auf dem Pflaster des Platzes einschreibt.<\/p>\n<\/div><\/div><\/div><\/div><\/div><\/div><\/div><\/section><section class=\"l-section wpb_row height_huge\"><div class=\"l-section-h i-cf\"><div class=\"g-cols vc_row via_flex valign_top type_default stacking_default\"><div class=\"vc_col-sm-6 wpb_column vc_column_container\"><div class=\"vc_column-inner\"><div class=\"wpb_wrapper\"><div class=\"wpb_text_column\"><div class=\"wpb_wrapper\"><h2>So wird der Raum angeordnet<\/h2>\n<p>Die offizielle Beschreibung k\u00fcndigt eine sehr pr\u00e4zise B\u00fchnenanordnung an:<\/p>\n<ul>\n<li><strong>Umlaufende Balkone<\/strong> f\u00fcr die f\u00fcnf Stimmen.<\/li>\n<li><strong>Zentrale B\u00fchne auf Stra\u00dfenniveau<\/strong>.<\/li>\n<li><strong>Choreografischer Bereich<\/strong> f\u00fcr Ana Morales.<\/li>\n<li><strong>Rundum angeordnetes Publikum in 360\u00ba<\/strong>.<\/li>\n<\/ul>\n<p>Es wird daher keinen einzigen privilegierten Blickwinkel geben, der einem mittigen Theatersitz entspricht. Das Erlebnis h\u00e4ngt teilweise davon ab, wo sich die einzelnen Zuschauer auf dem Platz befinden und wie sich die Stimmen akustisch zwischen den Fassaden bewegen.<\/p>\n<\/div><\/div><\/div><\/div><\/div><div class=\"vc_col-sm-6 wpb_column vc_column_container\"><div class=\"vc_column-inner\"><div class=\"wpb_wrapper\"><div class=\"wpb_text_column\"><div class=\"wpb_wrapper\"><h2>Die Plaza de San Francisco als Teil der Dramaturgie<\/h2>\n<p>Die Wahl der Plaza de San Francisco unterstreicht den Wunsch, Sevilla selbst zur B\u00fchne der Biennale zu machen. Sie geh\u00f6rt zu den bedeutenden historischen Orten im Stadtzentrum, liegt direkt am Rathaus und ist mit der Plaza Nueva sowie der Avenida de la Constituci\u00f3n verbunden.<\/p>\n<p>In <em>Ecos primitivos<\/em>werden Fassaden und Balkone nicht nur als Kulisse dienen. Die Architektur erm\u00f6glicht die vertikale Anlage der Inszenierung und die Verteilung der Stimmen rund um das Publikum. So verwandelt sich ein allt\u00e4glicher Ort im historischen Zentrum vor\u00fcbergehend in eine Art urbanes Freilufttheater.<\/p>\n<\/div><\/div><\/div><\/div><\/div><\/div><\/div><\/section><section class=\"l-section wpb_row height_huge color_alternate with_shape\"><div class=\"l-section-shape type_zigzag pos_top hor_flip\" style=\"height:3vmin;\"><svg xmlns=\"http:\/\/www.w3.org\/2000\/svg\" viewBox=\"0 0 64 8\" preserveAspectRatio=\"none\" width=\"100%\" height=\"100%\">\r\n\t<path fill=\"currentColor\" d=\"M64 8 L0 8 L0 0 L20 7.9 L40 3 L48 5 L64 0 Z\"\/>\r\n<\/svg><\/div><div class=\"l-section-shape type_zigzag pos_bottom\" style=\"height:3vmin;\"><svg xmlns=\"http:\/\/www.w3.org\/2000\/svg\" viewBox=\"0 0 64 8\" preserveAspectRatio=\"none\" width=\"100%\" height=\"100%\">\r\n\t<path fill=\"currentColor\" d=\"M64 8 L0 8 L0 0 L20 7.9 L40 3 L48 5 L64 0 Z\"\/>\r\n<\/svg><\/div><div class=\"l-section-h i-cf\"><div class=\"g-cols vc_row via_flex valign_top type_default stacking_default\"><div class=\"vc_col-sm-12 wpb_column vc_column_container\"><div class=\"vc_column-inner\"><div class=\"wpb_wrapper\"><div class=\"wpb_text_column\"><div class=\"wpb_wrapper\"><h2>Warum ein gesungener Preg\u00f3n statt einer konventionellen Er\u00f6ffnung?<\/h2>\n<p>Die Biennale er\u00f6ffnet diese Ausgabe bewusst mit einer kollektiven Dimension des Flamenco. Statt K\u00fcnstler, B\u00fchne und Zuschauer strikt voneinander zu trennen, n\u00e4hert sich die Er\u00f6ffnung einer rituelleren Idee: Stimmen erscheinen an verschiedenen Punkten, ein K\u00f6rper antwortet aus dem Zentrum und das Publikum wird in den Klangraum integriert.<\/p>\n<p>Diese Entscheidung steht zudem im Dialog mit einem zentralen Thema der 24. Ausgabe: auf die Erinnerung des Flamenco zur\u00fcckzublicken, ohne daraus eine arch\u00e4ologische Rekonstruktion zu machen. Das Programm 2026 erinnert an das Jahrhundert seit dem Aufstieg der sogenannten \u00d3pera Flamenca und verbindet diese historische Reflexion mit zahlreichen Premieren und zeitgen\u00f6ssischen Ausdrucksformen.<\/p>\n<p><em>Ecos primitivos<\/em> wird damit zu einer Absichtserkl\u00e4rung: Die Biennale er\u00f6ffnet mit alten Formen der \u00dcberlieferung \u2014Romance, Martinete, Trilla, Ton\u00e1 und Saeta\u2014, die durch eine zeitgen\u00f6ssische, f\u00fcr die heutige Stadt entworfene Inszenierung neu geordnet werden.<\/p>\n<\/div><\/div><\/div><\/div><\/div><\/div><\/div><\/section><section class=\"l-section wpb_row height_huge\"><div class=\"l-section-h i-cf\"><div class=\"g-cols vc_row via_flex valign_top type_default stacking_default\"><div class=\"vc_col-sm-12 wpb_column vc_column_container\"><div class=\"vc_column-inner\"><div class=\"wpb_wrapper\"><div class=\"wpb_text_column\"><div class=\"wpb_wrapper\"><h2>Der 9. ist die offizielle Er\u00f6ffnung, die gro\u00dfe Gala folgt am 10.<\/h2>\n<p>Mehrere Daten sollten unterschieden werden, da die Er\u00f6ffnung der Biennale 2026 leicht zu Verwechslungen f\u00fchren kann. <strong>Der 9. September ist der offizielle Beginn<\/strong> mit dem gesungenen Preg\u00f3n auf der Plaza de San Francisco. Die erste gro\u00dfe Gala des Hauptprogramms findet jedoch erst am folgenden Tag statt.<\/p>\n<p>Am <strong>Donnerstag, 10. September, um 21:30 Uhr<\/strong>wird die Stierkampfarena Real Maestranza <em>El mundo por montera<\/em>pr\u00e4sentieren, eine Noche \u00danica mit Jos\u00e9 Merc\u00e9, Jos\u00e9 el de la Tomasa, Martirio, Arc\u00e1ngel, La Tremendita, \u00c1ngeles Toledano, El Perrete und Manuel de la Tomasa sowie dem Ballet Flamenco de Andaluc\u00eda mit Patricia Guerrero. Die k\u00fcnstlerische Leitung \u00fcbernehmen Andr\u00e9s Mar\u00edn und Luis Ybarra.<\/p>\n<p>Und am <strong>11. September<\/strong> beginnt das Programm in mehreren gro\u00dfen Spielst\u00e4tten: Antonio Rey tritt im Espacio Turina auf, Sara Baras bringt <em>Infinita<\/em> im Teatro de la Maestranza zur Premiere und Rosario La Tremendita pr\u00e4sentiert <em>Menos es m\u00e1s<\/em> im Teatro Central.<\/p>\n<p>Die Er\u00f6ffnung 2026 l\u00e4sst sich daher als mehrt\u00e4gige Abfolge verstehen: <strong>urbaner Preg\u00f3n am 9., gro\u00dfe Gala am 10. und volles Theaterprogramm ab dem 11.<\/strong>.<\/p>\n<\/div><\/div><\/div><\/div><\/div><\/div><\/div><\/section><section class=\"l-section wpb_row height_huge color_alternate with_shape\"><div class=\"l-section-shape type_zigzag pos_top hor_flip\" style=\"height:3vmin;\"><svg xmlns=\"http:\/\/www.w3.org\/2000\/svg\" viewBox=\"0 0 64 8\" preserveAspectRatio=\"none\" width=\"100%\" height=\"100%\">\r\n\t<path fill=\"currentColor\" d=\"M64 8 L0 8 L0 0 L20 7.9 L40 3 L48 5 L64 0 Z\"\/>\r\n<\/svg><\/div><div class=\"l-section-shape type_zigzag pos_bottom\" style=\"height:3vmin;\"><svg xmlns=\"http:\/\/www.w3.org\/2000\/svg\" viewBox=\"0 0 64 8\" preserveAspectRatio=\"none\" width=\"100%\" height=\"100%\">\r\n\t<path fill=\"currentColor\" d=\"M64 8 L0 8 L0 0 L20 7.9 L40 3 L48 5 L64 0 Z\"\/>\r\n<\/svg><\/div><div class=\"l-section-h i-cf\"><div class=\"g-cols vc_row via_flex valign_top type_default stacking_default\"><div class=\"vc_col-sm-12 wpb_column vc_column_container\"><div class=\"vc_column-inner\"><div class=\"wpb_wrapper\"><div class=\"wpb_text_column\"><div class=\"wpb_wrapper\"><h2>Tats\u00e4chlich beginnt die Biennale-Aktivit\u00e4t schon mehrere Tage fr\u00fcher<\/h2>\n<p>Obwohl der 9. September das offizielle Er\u00f6ffnungsdatum ist, l\u00e4sst sich die Atmosph\u00e4re der Biennale bereits ab dem <strong>2. September<\/strong>erleben. Die Ausstellung <em>La noche azul<\/em> \u00f6ffnet an diesem Tag in der Real F\u00e1brica de Artiller\u00eda, und vom 3. bis 6. September folgen mehrere Vorveranstaltungen in Stadtvierteln und historischen Orten Sevillas.<\/p>\n<p>Auf Tablaos Flamencos haben wir einen eigenen Guide zu allem zusammengestellt, was in diesen Tagen f\u00fcr Besucher geschieht, die vor der offiziellen Er\u00f6ffnung nach Sevilla kommen.<\/p>\n<p><a href=\"https:\/\/www.tablaosflamencos.com\/bienal-flamenco-2026-antes-9-septiembre.html\"><strong>Veranstaltungen und Aktivit\u00e4ten der Biennale vor dem 9. September ansehen<\/strong><\/a>.<\/p>\n<p>Au\u00dferdem k\u00f6nnen Sie unseren <a href=\"https:\/\/www.tablaosflamencos.com\/bienal-flamenco-sevilla-2026.html\"><strong>vollst\u00e4ndigen Guide zur Flamenco-Biennale Sevilla 2026<\/strong><\/a>mit Daten, Spielst\u00e4tten, Programm und weiterf\u00fchrenden Inhalten konsultieren.<\/p>\n<\/div><\/div><\/div><\/div><\/div><\/div><\/div><\/section><section class=\"l-section wpb_row height_huge\"><div class=\"l-section-h i-cf\"><div class=\"g-cols vc_row via_flex valign_top type_default stacking_default\"><div class=\"vc_col-sm-12 wpb_column vc_column_container\"><div class=\"vc_column-inner\"><div class=\"wpb_wrapper\"><div class=\"wpb_text_column\"><div class=\"wpb_wrapper\"><h2>Tipps f\u00fcr den Besuch der Er\u00f6ffnung<\/h2>\n<p>Die Organisatoren k\u00f6nnen noch zus\u00e4tzliche Hinweise zu Zug\u00e4ngen und zur Verteilung des Publikums ver\u00f6ffentlichen. Nach aktuellem Informationsstand sollten einige Punkte beachtet werden.<\/p>\n<p><strong>Kommen Sie fr\u00fchzeitig.<\/strong> Die Plaza de San Francisco liegt mitten im historischen Zentrum und die Inszenierung setzt auf eine rundum angeordnete Publikumsfl\u00e4che. Sollten Zugangskontrollen oder Kapazit\u00e4tsgrenzen eingef\u00fchrt werden, ist fr\u00fches Erscheinen besonders sinnvoll.<\/p>\n<p><strong>Suchen Sie nicht unbedingt nach einem einzigen \u201ebesten Platz\u201c.<\/strong> Da es sich um eine 360-Grad-Inszenierung handelt, sind die Stimmen auf verschiedene Balkone verteilt und der Tanz findet im Zentrum statt. Das Konzept vermeidet bewusst eine einzige frontale Perspektive.<\/p>\n<p><strong>Pr\u00fcfen Sie am Veranstaltungstag die offizielle Seite.<\/strong> Zum Zeitpunkt der Ver\u00f6ffentlichung zeigt die Seite des Preg\u00f3n weder Preis noch Kaufbutton noch detaillierte Zugangshinweise. Ein bestimmtes Eintrittssystem sollte nicht vorausgesetzt werden, solange die Organisatoren es nicht best\u00e4tigt haben.<\/p>\n<p><strong>Bedenken Sie, dass es sich um eine Freiluftveranstaltung handelt.<\/strong> Wetterbedingungen oder technische Anforderungen k\u00f6nnen kurzfristige besondere Hinweise erforderlich machen.<\/p>\n<\/div><\/div><\/div><\/div><\/div><\/div><\/div><\/section><section class=\"l-section wpb_row height_huge color_alternate with_shape\"><div class=\"l-section-shape type_zigzag pos_top hor_flip\" style=\"height:3vmin;\"><svg xmlns=\"http:\/\/www.w3.org\/2000\/svg\" viewBox=\"0 0 64 8\" preserveAspectRatio=\"none\" width=\"100%\" height=\"100%\">\r\n\t<path fill=\"currentColor\" d=\"M64 8 L0 8 L0 0 L20 7.9 L40 3 L48 5 L64 0 Z\"\/>\r\n<\/svg><\/div><div class=\"l-section-shape type_zigzag pos_bottom\" style=\"height:3vmin;\"><svg xmlns=\"http:\/\/www.w3.org\/2000\/svg\" viewBox=\"0 0 64 8\" preserveAspectRatio=\"none\" width=\"100%\" height=\"100%\">\r\n\t<path fill=\"currentColor\" d=\"M64 8 L0 8 L0 0 L20 7.9 L40 3 L48 5 L64 0 Z\"\/>\r\n<\/svg><\/div><div class=\"l-section-h i-cf\"><div class=\"g-cols vc_row via_flex valign_top type_default stacking_default\"><div class=\"vc_col-sm-1\/5 wpb_column vc_column_container\"><div class=\"vc_column-inner\"><div class=\"wpb_wrapper\"><\/div><\/div><\/div><div class=\"vc_col-sm-3\/5 wpb_column vc_column_container\"><div class=\"vc_column-inner\"><div class=\"wpb_wrapper\"><div class=\"wpb_text_column\"><div class=\"wpb_wrapper\"><h2>H\u00e4ufig gestellte Fragen zur Er\u00f6ffnung der Biennale 2026<\/h2>\n<\/div><\/div><div class=\"w-separator size_medium\"><\/div><div class=\"w-tabs accordion toggle_style_1 has_scrolling\" style=\"--sections-title-size:inherit;--sections-gap:0.5rem;\"><div class=\"w-tabs-sections titles-align_none icon_plus cpos_left\"><div class=\"w-tabs-section\" id=\"ze3a\" itemscope itemprop=\"mainEntity\" itemtype=\"https:\/\/schema.org\/Question\"><button type=\"button\" class=\"w-tabs-section-header\" aria-controls=\"content-ze3a\" aria-expanded=\"false\"><h3 class=\"w-tabs-section-title\" itemprop=\"name\">Wann wird die Flamenco-Biennale Sevilla 2026 offiziell er\u00f6ffnet?<\/h3><div class=\"w-tabs-section-control\"><\/div><\/button><div  class=\"w-tabs-section-content\" id=\"content-ze3a\" itemscope itemprop=\"acceptedAnswer\" itemtype=\"https:\/\/schema.org\/Answer\"><div class=\"w-tabs-section-content-h i-cf\" itemprop=\"text\"><div class=\"wpb_text_column\"><div class=\"wpb_wrapper\"><p>Die offizielle Er\u00f6ffnung findet am Mittwoch, 9. September 2026, um 20:30 Uhr auf der Plaza de San Francisco in Sevilla statt.<\/p>\n<\/div><\/div><\/div><\/div><\/div><div class=\"w-tabs-section\" id=\"vf49\" itemscope itemprop=\"mainEntity\" itemtype=\"https:\/\/schema.org\/Question\"><button type=\"button\" class=\"w-tabs-section-header\" aria-controls=\"content-vf49\" aria-expanded=\"false\"><h3 class=\"w-tabs-section-title\" itemprop=\"name\">Wie hei\u00dft die Er\u00f6ffnungsauff\u00fchrung?<\/h3><div class=\"w-tabs-section-control\"><\/div><\/button><div  class=\"w-tabs-section-content\" id=\"content-vf49\" itemscope itemprop=\"acceptedAnswer\" itemtype=\"https:\/\/schema.org\/Answer\"><div class=\"w-tabs-section-content-h i-cf\" itemprop=\"text\"><div class=\"wpb_text_column\"><div class=\"wpb_wrapper\"><p>Die Er\u00f6ffnung tr\u00e4gt den Titel <em>Ecos primitivos. Cante en altura, danza en tierra<\/em>. Sie wird als gesungener Preg\u00f3n und als immersive B\u00fchnenerfahrung pr\u00e4sentiert, die speziell f\u00fcr die Plaza de San Francisco konzipiert wurde.<\/p>\n<\/div><\/div><\/div><\/div><\/div><div class=\"w-tabs-section\" id=\"n028\" itemscope itemprop=\"mainEntity\" itemtype=\"https:\/\/schema.org\/Question\"><button type=\"button\" class=\"w-tabs-section-header\" aria-controls=\"content-n028\" aria-expanded=\"false\"><h3 class=\"w-tabs-section-title\" itemprop=\"name\">Wer leitet die Er\u00f6ffnung der Biennale 2026?<\/h3><div class=\"w-tabs-section-control\"><\/div><\/button><div  class=\"w-tabs-section-content\" id=\"content-n028\" itemscope itemprop=\"acceptedAnswer\" itemtype=\"https:\/\/schema.org\/Answer\"><div class=\"w-tabs-section-content-h i-cf\" itemprop=\"text\"><div class=\"wpb_text_column\"><div class=\"wpb_wrapper\"><p>Die k\u00fcnstlerische Leitung und die zentrale Gesangsinterpretation \u00fcbernimmt der Cantaor Segundo Falc\u00f3n.<\/p>\n<\/div><\/div><\/div><\/div><\/div><div class=\"w-tabs-section\" id=\"f0f7\" itemscope itemprop=\"mainEntity\" itemtype=\"https:\/\/schema.org\/Question\"><button type=\"button\" class=\"w-tabs-section-header\" aria-controls=\"content-f0f7\" aria-expanded=\"false\"><h3 class=\"w-tabs-section-title\" itemprop=\"name\">Welche K\u00fcnstler wirken bei Ecos primitivos mit?<\/h3><div class=\"w-tabs-section-control\"><\/div><\/button><div  class=\"w-tabs-section-content\" id=\"content-f0f7\" itemscope itemprop=\"acceptedAnswer\" itemtype=\"https:\/\/schema.org\/Answer\"><div class=\"w-tabs-section-content-h i-cf\" itemprop=\"text\"><div class=\"wpb_text_column\"><div class=\"wpb_wrapper\"><p>Beim Cante wirken Segundo Falc\u00f3n, Esperanza Fern\u00e1ndez, Pedro El Grana\u00edno, Rafael de Utrera und Mar\u00eda Terremoto mit. Ana Morales \u00fcbernimmt den Tanz.<\/p>\n<\/div><\/div><\/div><\/div><\/div><div class=\"w-tabs-section\" id=\"o1ee\" itemscope itemprop=\"mainEntity\" itemtype=\"https:\/\/schema.org\/Question\"><button type=\"button\" class=\"w-tabs-section-header\" aria-controls=\"content-o1ee\" aria-expanded=\"false\"><h3 class=\"w-tabs-section-title\" itemprop=\"name\">Was singt jeder K\u00fcnstler w\u00e4hrend der Er\u00f6ffnung?<\/h3><div class=\"w-tabs-section-control\"><\/div><\/button><div  class=\"w-tabs-section-content\" id=\"content-o1ee\" itemscope itemprop=\"acceptedAnswer\" itemtype=\"https:\/\/schema.org\/Answer\"><div class=\"w-tabs-section-content-h i-cf\" itemprop=\"text\"><div class=\"wpb_text_column\"><div class=\"wpb_wrapper\"><p>Segundo Falc\u00f3n singt Trilla und ton\u00e1 liviana; Rafael de Utrera Romance; Mar\u00eda Terremoto Martinete; Esperanza Fern\u00e1ndez Romance oder corrido gitano; und Pedro El Grana\u00edno Saeta.<\/p>\n<\/div><\/div><\/div><\/div><\/div><div class=\"w-tabs-section\" id=\"c2c0\" itemscope itemprop=\"mainEntity\" itemtype=\"https:\/\/schema.org\/Question\"><button type=\"button\" class=\"w-tabs-section-header\" aria-controls=\"content-c2c0\" aria-expanded=\"false\"><h3 class=\"w-tabs-section-title\" itemprop=\"name\">Ist die Er\u00f6ffnung der Biennale 2026 kostenlos?<\/h3><div class=\"w-tabs-section-control\"><\/div><\/button><div  class=\"w-tabs-section-content\" id=\"content-c2c0\" itemscope itemprop=\"acceptedAnswer\" itemtype=\"https:\/\/schema.org\/Answer\"><div class=\"w-tabs-section-content-h i-cf\" itemprop=\"text\"><div class=\"wpb_text_column\"><div class=\"wpb_wrapper\"><p>Zum Zeitpunkt der Ver\u00f6ffentlichung nennt die offizielle Seite des Preg\u00f3n weder einen Preis noch einen Ticketkauf-Button oder konkrete Zugangshinweise. Wir empfehlen, die offiziellen Informationen vor dem Besuch zu pr\u00fcfen und kein Eintrittssystem vorauszusetzen, bevor es von den Organisatoren best\u00e4tigt wurde.<\/p>\n<\/div><\/div><\/div><\/div><\/div><div class=\"w-tabs-section\" id=\"g38e\" itemscope itemprop=\"mainEntity\" itemtype=\"https:\/\/schema.org\/Question\"><button type=\"button\" class=\"w-tabs-section-header\" aria-controls=\"content-g38e\" aria-expanded=\"false\"><h3 class=\"w-tabs-section-title\" itemprop=\"name\">Ist die Gala in der Maestranza die Er\u00f6ffnung der Biennale?<\/h3><div class=\"w-tabs-section-control\"><\/div><\/button><div  class=\"w-tabs-section-content\" id=\"content-g38e\" itemscope itemprop=\"acceptedAnswer\" itemtype=\"https:\/\/schema.org\/Answer\"><div class=\"w-tabs-section-content-h i-cf\" itemprop=\"text\"><div class=\"wpb_text_column\"><div class=\"wpb_wrapper\"><p>Die offizielle Er\u00f6ffnung findet am 9. September mit <em>Ecos primitivos<\/em>statt. Die gro\u00dfe Gala <em>El mundo por montera<\/em> findet am folgenden Tag, dem 10. September, um 21:30 Uhr in der Stierkampfarena Real Maestranza statt.<\/p>\n<\/div><\/div><\/div><\/div><\/div><div class=\"w-tabs-section\" id=\"e451\" itemscope itemprop=\"mainEntity\" itemtype=\"https:\/\/schema.org\/Question\"><button type=\"button\" class=\"w-tabs-section-header\" aria-controls=\"content-e451\" aria-expanded=\"false\"><h3 class=\"w-tabs-section-title\" itemprop=\"name\">Wo kann ich Aktualisierungen zur Er\u00f6ffnung nachlesen?<\/h3><div class=\"w-tabs-section-control\"><\/div><\/button><div  class=\"w-tabs-section-content\" id=\"content-e451\" itemscope itemprop=\"acceptedAnswer\" itemtype=\"https:\/\/schema.org\/Answer\"><div class=\"w-tabs-section-content-h i-cf\" itemprop=\"text\"><div class=\"wpb_text_column\"><div class=\"wpb_wrapper\"><p>Die wichtigste Referenz ist die offizielle Website der Flamenco-Biennale von Sevilla. Tablaos Flamencos aktualisiert diesen Guide ebenfalls, sobald neue Zugangsbedingungen, Zeit\u00e4nderungen oder wichtige praktische Informationen ver\u00f6ffentlicht werden.<\/p>\n<\/div><\/div><\/div><\/div><\/div><\/div><\/div><\/div><\/div><\/div><div class=\"vc_col-sm-1\/5 wpb_column vc_column_container\"><div class=\"vc_column-inner\"><div class=\"wpb_wrapper\"><\/div><\/div><\/div><\/div><\/div><\/section><section class=\"l-section wpb_row height_huge\"><div class=\"l-section-h i-cf\"><div class=\"g-cols vc_row via_flex valign_top type_default stacking_default\"><div class=\"vc_col-sm-12 wpb_column vc_column_container\"><div class=\"vc_column-inner\"><div class=\"wpb_wrapper\"><div class=\"wpb_text_column\"><div class=\"wpb_wrapper\"><h2>Eine Er\u00f6ffnung, die das Zentrum Sevillas zur B\u00fchne macht<\/h2>\n<p>Die Er\u00f6ffnung der 24. Biennale ist nicht als institutioneller Prolog getrennt vom k\u00fcnstlerischen Programm gedacht. Sie ist bereits selbst eine Flamenco-Kreation: f\u00fcnf Stimmen von den Balkonen, eine T\u00e4nzerin im Zentrum, das Publikum rundherum und die Architektur der Plaza de San Francisco als Teil des Werks.<\/p>\n<p>Dieser Ansatz fasst die Ambition von <em>Ecos primitivos<\/em>gut zusammen: Elemente der \u00e4ltesten Formen der Cante-\u00dcberlieferung aufzugreifen und ihnen eine zeitgen\u00f6ssische Dramaturgie gegen\u00fcberzustellen. <strong>Am 9. September um 20:30 Uhr beginnt die Biennale, indem sie Sevilla zu ihrer ersten gro\u00dfen B\u00fchne macht.<\/strong><\/p>\n<\/div><\/div><\/div><\/div><\/div><\/div><\/div><\/section><section class=\"l-section wpb_row height_huge color_alternate with_shape\"><div class=\"l-section-shape type_zigzag pos_top hor_flip\" style=\"height:3vmin;\"><svg xmlns=\"http:\/\/www.w3.org\/2000\/svg\" viewBox=\"0 0 64 8\" preserveAspectRatio=\"none\" width=\"100%\" height=\"100%\">\r\n\t<path fill=\"currentColor\" d=\"M64 8 L0 8 L0 0 L20 7.9 L40 3 L48 5 L64 0 Z\"\/>\r\n<\/svg><\/div><div class=\"l-section-shape type_zigzag pos_bottom\" style=\"height:3vmin;\"><svg xmlns=\"http:\/\/www.w3.org\/2000\/svg\" viewBox=\"0 0 64 8\" preserveAspectRatio=\"none\" width=\"100%\" height=\"100%\">\r\n\t<path fill=\"currentColor\" d=\"M64 8 L0 8 L0 0 L20 7.9 L40 3 L48 5 L64 0 Z\"\/>\r\n<\/svg><\/div><div class=\"l-section-h i-cf\"><div class=\"g-cols vc_row via_flex valign_top type_default stacking_default\"><div class=\"vc_col-sm-12 wpb_column vc_column_container\"><div class=\"vc_column-inner\"><div class=\"wpb_wrapper\"><div class=\"wpb_text_column\"><div class=\"wpb_wrapper\"><h2>Offizielle Quellen<\/h2>\n<ul>\n<li><a href=\"https:\/\/www.labienal.com\/otras-perlas-actividades-paralelas\/pregon-inaugural\" target=\"_blank\" rel=\"noopener\">Flamenco-Biennale von Sevilla \u2014 Gesungener Preg\u00f3n: Ecos primitivos<\/a>.<\/li>\n<li><a href=\"https:\/\/www.labienal.com\/noticias\/las-otras-perlas-de-la-bienal\" target=\"_blank\" rel=\"noopener\">Flamenco-Biennale von Sevilla \u2014 Die anderen Perlen der Biennale<\/a>.<\/li>\n<li><a href=\"https:\/\/www.labienal.com\/programa-general\/plaza-de-la-real-maestranza\/gala-inaugural\" target=\"_blank\" rel=\"noopener\">Flamenco-Biennale von Sevilla \u2014 El mundo por montera<\/a>.<\/li>\n<li><a href=\"https:\/\/www.labienal.com\/programa-general\" target=\"_blank\" rel=\"noopener\">Gesamtprogramm der 24. Flamenco-Biennale<\/a>.<\/li>\n<\/ul>\n<p><small>Informationen gepr\u00fcft am 31. August 2026. Uhrzeiten, Zug\u00e4nge und Teilnahmebedingungen k\u00f6nnen von den Organisatoren aktualisiert werden.<\/small><\/p>\n<\/div><\/div><\/div><\/div><\/div><\/div><\/div><\/section>\n","protected":false},"excerpt":{"rendered":"<p>Die Flamenco-Biennale Sevilla 2026 wird am 9. September mit Ecos primitivos er\u00f6ffnet, einem immersiven gesungenen Preg\u00f3n auf der Plaza de San Francisco mit f\u00fcnf Stimmen auf den Balkonen und Ana Morales im Zentrum.<\/p>\n","protected":false},"author":1,"featured_media":13829,"comment_status":"closed","ping_status":"closed","sticky":false,"template":"","format":"standard","meta":{"_acf_changed":false,"wpai_generated_summary":"","_ayudawp_aiss_exclude":false,"_ayudawp_aiss_exclude_summary":false,"_ayudawp_aiss_summary":"","_ayudawp_aiss_summary_provider":"","_ayudawp_aiss_summary_hash":"","footnotes":""},"categories":[1431,374],"tags":[1812,1810,1813,1808,1809,1811,405],"class_list":["post-13839","post","type-post","status-publish","format-standard","has-post-thumbnail","hentry","category-flamenco-biennale","category-flamenco-aktuell","tag-ana-morales-de","tag-biennale-2026-de","tag-ecos-primitivos-de","tag-flamenco-in-sevilla-de","tag-flamenco-biennale-tag-de","tag-segundo-falcon-de","tag-sevilla"],"acf":[],"yoast_head":"<!-- This site is optimized with the Yoast SEO Premium plugin v28.3 (Yoast SEO v28.3) - https:\/\/yoast.com\/product\/yoast-seo-premium-wordpress\/ -->\n<title>Er\u00f6ffnung Flamenco-Biennale Sevilla 2026 | Guide<\/title>\n<meta name=\"description\" content=\"So wird die Er\u00f6ffnung der Flamenco-Biennale Sevilla 2026: Ecos primitivos, K\u00fcnstler, Cantes, Uhrzeit, Plaza de San Francisco und die immersive Inszenierung.\" \/>\n<meta name=\"robots\" content=\"index, follow, max-snippet:-1, max-image-preview:large, max-video-preview:-1\" \/>\n<link rel=\"canonical\" href=\"https:\/\/www.tablaosflamencos.com\/de\/eroeffnung-flamenco-biennale-sevilla-2026.html\" \/>\n<meta property=\"og:locale\" content=\"de_DE\" \/>\n<meta property=\"og:type\" content=\"article\" \/>\n<meta property=\"og:title\" content=\"So wird die Er\u00f6ffnung der Flamenco-Biennale Sevilla 2026\" \/>\n<meta property=\"og:description\" content=\"So wird die Er\u00f6ffnung der Flamenco-Biennale Sevilla 2026: Ecos primitivos, K\u00fcnstler, Cantes, Uhrzeit, Plaza de San Francisco und die immersive Inszenierung.\" \/>\n<meta property=\"og:url\" content=\"https:\/\/www.tablaosflamencos.com\/de\/eroeffnung-flamenco-biennale-sevilla-2026.html\" \/>\n<meta property=\"og:site_name\" content=\"Tablaos Flamencos\" \/>\n<meta property=\"article:publisher\" content=\"https:\/\/www.facebook.com\/tablaosflamencos\" \/>\n<meta property=\"article:published_time\" content=\"2026-09-01T09:41:25+00:00\" \/>\n<meta property=\"article:modified_time\" content=\"2026-09-01T10:04:28+00:00\" \/>\n<meta property=\"og:image\" content=\"https:\/\/www.tablaosflamencos.com\/wp-content\/uploads\/como-sera-la-inauguracion-de-la-bienal-de-flamenco-de-sevilla-2026-01.webp\" \/>\n\t<meta property=\"og:image:width\" content=\"1920\" \/>\n\t<meta property=\"og:image:height\" content=\"1072\" \/>\n\t<meta property=\"og:image:type\" content=\"image\/webp\" \/>\n<meta name=\"author\" content=\"Miguel Ortiz\" \/>\n<meta name=\"twitter:card\" content=\"summary_large_image\" \/>\n<meta name=\"twitter:creator\" content=\"@tablaosflamenco\" \/>\n<meta name=\"twitter:site\" content=\"@tablaosflamenco\" \/>\n<meta name=\"twitter:label1\" content=\"Verfasst von\" \/>\n\t<meta name=\"twitter:data1\" content=\"Miguel Ortiz\" \/>\n\t<meta name=\"twitter:label2\" content=\"Gesch\u00e4tzte Lesezeit\" \/>\n\t<meta name=\"twitter:data2\" content=\"13\u00a0Minuten\" \/>\n<script type=\"application\/ld+json\" class=\"yoast-schema-graph\">{\"@context\":\"https:\\\/\\\/schema.org\",\"@graph\":[{\"@type\":\"Article\",\"@id\":\"https:\\\/\\\/www.tablaosflamencos.com\\\/de\\\/eroeffnung-flamenco-biennale-sevilla-2026.html#article\",\"isPartOf\":{\"@id\":\"https:\\\/\\\/www.tablaosflamencos.com\\\/de\\\/eroeffnung-flamenco-biennale-sevilla-2026.html\"},\"author\":{\"name\":\"Miguel Ortiz\",\"@id\":\"https:\\\/\\\/www.tablaosflamencos.com\\\/de#\\\/schema\\\/person\\\/e7a9ebe14eb75a52ceabfbffb3c54f5d\"},\"headline\":\"So wird die Er\u00f6ffnung der Flamenco-Biennale Sevilla 2026\",\"datePublished\":\"2026-09-01T09:41:25+00:00\",\"dateModified\":\"2026-09-01T10:04:28+00:00\",\"mainEntityOfPage\":{\"@id\":\"https:\\\/\\\/www.tablaosflamencos.com\\\/de\\\/eroeffnung-flamenco-biennale-sevilla-2026.html\"},\"wordCount\":2590,\"publisher\":{\"@id\":\"https:\\\/\\\/www.tablaosflamencos.com\\\/de#organization\"},\"image\":{\"@id\":\"https:\\\/\\\/www.tablaosflamencos.com\\\/de\\\/eroeffnung-flamenco-biennale-sevilla-2026.html#primaryimage\"},\"thumbnailUrl\":\"https:\\\/\\\/www.tablaosflamencos.com\\\/wp-content\\\/uploads\\\/como-sera-la-inauguracion-de-la-bienal-de-flamenco-de-sevilla-2026-01.webp\",\"keywords\":[\"Ana Morales\",\"Biennale 2026\",\"Ecos primitivos\",\"Flamenco in Sevilla\",\"Flamenco-Biennale\",\"Segundo Falc\u00f3n\",\"sevilla\"],\"articleSection\":[\"Flamenco-Biennale\",\"News \\\/ Aktuelles\"],\"inLanguage\":\"de\"},{\"@type\":\"WebPage\",\"@id\":\"https:\\\/\\\/www.tablaosflamencos.com\\\/de\\\/eroeffnung-flamenco-biennale-sevilla-2026.html\",\"url\":\"https:\\\/\\\/www.tablaosflamencos.com\\\/de\\\/eroeffnung-flamenco-biennale-sevilla-2026.html\",\"name\":\"Er\u00f6ffnung Flamenco-Biennale Sevilla 2026 | Guide\",\"isPartOf\":{\"@id\":\"https:\\\/\\\/www.tablaosflamencos.com\\\/de#website\"},\"primaryImageOfPage\":{\"@id\":\"https:\\\/\\\/www.tablaosflamencos.com\\\/de\\\/eroeffnung-flamenco-biennale-sevilla-2026.html#primaryimage\"},\"image\":{\"@id\":\"https:\\\/\\\/www.tablaosflamencos.com\\\/de\\\/eroeffnung-flamenco-biennale-sevilla-2026.html#primaryimage\"},\"thumbnailUrl\":\"https:\\\/\\\/www.tablaosflamencos.com\\\/wp-content\\\/uploads\\\/como-sera-la-inauguracion-de-la-bienal-de-flamenco-de-sevilla-2026-01.webp\",\"datePublished\":\"2026-09-01T09:41:25+00:00\",\"dateModified\":\"2026-09-01T10:04:28+00:00\",\"description\":\"So wird die Er\u00f6ffnung der Flamenco-Biennale Sevilla 2026: Ecos primitivos, K\u00fcnstler, Cantes, Uhrzeit, Plaza de San Francisco und die immersive Inszenierung.\",\"breadcrumb\":{\"@id\":\"https:\\\/\\\/www.tablaosflamencos.com\\\/de\\\/eroeffnung-flamenco-biennale-sevilla-2026.html#breadcrumb\"},\"inLanguage\":\"de\",\"potentialAction\":[{\"@type\":\"ReadAction\",\"target\":[\"https:\\\/\\\/www.tablaosflamencos.com\\\/de\\\/eroeffnung-flamenco-biennale-sevilla-2026.html\"]}]},{\"@type\":\"ImageObject\",\"inLanguage\":\"de\",\"@id\":\"https:\\\/\\\/www.tablaosflamencos.com\\\/de\\\/eroeffnung-flamenco-biennale-sevilla-2026.html#primaryimage\",\"url\":\"https:\\\/\\\/www.tablaosflamencos.com\\\/wp-content\\\/uploads\\\/como-sera-la-inauguracion-de-la-bienal-de-flamenco-de-sevilla-2026-01.webp\",\"contentUrl\":\"https:\\\/\\\/www.tablaosflamencos.com\\\/wp-content\\\/uploads\\\/como-sera-la-inauguracion-de-la-bienal-de-flamenco-de-sevilla-2026-01.webp\",\"width\":1920,\"height\":1072,\"caption\":\"C\u00f3mo ser\u00e1 la inauguraci\u00f3n de la Bienal de Flamenco de Sevilla 2026\"},{\"@type\":\"BreadcrumbList\",\"@id\":\"https:\\\/\\\/www.tablaosflamencos.com\\\/de\\\/eroeffnung-flamenco-biennale-sevilla-2026.html#breadcrumb\",\"itemListElement\":[{\"@type\":\"ListItem\",\"position\":1,\"name\":\"Home\",\"item\":\"https:\\\/\\\/www.tablaosflamencos.com\\\/de\"},{\"@type\":\"ListItem\",\"position\":2,\"name\":\"So wird die Er\u00f6ffnung der Flamenco-Biennale Sevilla 2026\"}]},{\"@type\":\"WebSite\",\"@id\":\"https:\\\/\\\/www.tablaosflamencos.com\\\/de#website\",\"url\":\"https:\\\/\\\/www.tablaosflamencos.com\\\/de\",\"name\":\"Tablaos Flamencos\",\"description\":\"Entradas para tablaos flamencos de Espa\u00f1a\",\"publisher\":{\"@id\":\"https:\\\/\\\/www.tablaosflamencos.com\\\/de#organization\"},\"alternateName\":\"Tablaos Flamencos\",\"potentialAction\":[{\"@type\":\"SearchAction\",\"target\":{\"@type\":\"EntryPoint\",\"urlTemplate\":\"https:\\\/\\\/www.tablaosflamencos.com\\\/de?s={search_term_string}\"},\"query-input\":{\"@type\":\"PropertyValueSpecification\",\"valueRequired\":true,\"valueName\":\"search_term_string\"}}],\"inLanguage\":\"de\"},{\"@type\":[\"Organization\",\"Place\",\"EntertainmentBusiness\"],\"@id\":\"https:\\\/\\\/www.tablaosflamencos.com\\\/de#organization\",\"name\":\"Tablaos Flamencos\",\"alternateName\":\"Tablaos Flamencos\",\"url\":\"https:\\\/\\\/www.tablaosflamencos.com\\\/de\",\"logo\":{\"@id\":\"https:\\\/\\\/www.tablaosflamencos.com\\\/de\\\/eroeffnung-flamenco-biennale-sevilla-2026.html#local-main-organization-logo\"},\"image\":{\"@id\":\"https:\\\/\\\/www.tablaosflamencos.com\\\/de\\\/eroeffnung-flamenco-biennale-sevilla-2026.html#local-main-organization-logo\"},\"sameAs\":[\"https:\\\/\\\/www.facebook.com\\\/tablaosflamencos\",\"https:\\\/\\\/x.com\\\/tablaosflamenco\",\"https:\\\/\\\/mastodon.social\\\/@tablaosflamencos\",\"https:\\\/\\\/www.instagram.com\\\/tablaosflamencos\",\"https:\\\/\\\/tiktok.com\\\/@tablaosflamencos\",\"https:\\\/\\\/www.linkedin.com\\\/company\\\/109408238\\\/\"],\"description\":\"Venta de entradas para espect\u00e1culos flamencos\",\"legalName\":\"Tablaos Flamencos\",\"foundingDate\":\"2015-01-01\",\"numberOfEmployees\":{\"@type\":\"QuantitativeValue\",\"minValue\":\"1\",\"maxValue\":\"10\"},\"address\":{\"@id\":\"https:\\\/\\\/www.tablaosflamencos.com\\\/de\\\/eroeffnung-flamenco-biennale-sevilla-2026.html#local-main-place-address\"},\"geo\":{\"@type\":\"GeoCoordinates\",\"latitude\":\"37.3868072\",\"longitude\":\"-5.993280299999999\"},\"telephone\":[\"+34623787787\"],\"contactPoint\":{\"@type\":\"ContactPoint\",\"telephone\":\"+34623787787\",\"email\":\"info@tablaosflamencos.com\"},\"openingHoursSpecification\":{\"@type\":\"OpeningHoursSpecification\",\"dayOfWeek\":[\"Monday\",\"Tuesday\",\"Wednesday\",\"Thursday\",\"Friday\",\"Saturday\",\"Sunday\"],\"opens\":\"00:00\",\"closes\":\"23:59\"},\"email\":\"info@tablaosflamencos.com\",\"priceRange\":\"$$$\",\"currenciesAccepted\":\"\u20ac\"},{\"@type\":\"Person\",\"@id\":\"https:\\\/\\\/www.tablaosflamencos.com\\\/de#\\\/schema\\\/person\\\/e7a9ebe14eb75a52ceabfbffb3c54f5d\",\"name\":\"Miguel Ortiz\",\"description\":\"Miguel Ortiz es un empresario flamenco, con una s\u00f3lida trayectoria dentro del sector. Ha presidido entidades culturales vinculadas al flamenco y, cuenta con un amplio recorrido profesional en la gesti\u00f3n y promoci\u00f3n de espect\u00e1culos y tablaos flamencos. Su pasi\u00f3n por la historia y el arte flamenco se refleja en cada art\u00edculo, donde combina experiencia, criterio y un profundo respeto por la tradici\u00f3n.\",\"sameAs\":[\"https:\\\/\\\/www.tablaosflamencos.com\",\"https:\\\/\\\/www.instagra.com\\\/miguelortizfe\",\"https:\\\/\\\/www.linkedin.com\\\/in\\\/miguelortizf\\\/\"],\"birthDate\":\"1984-11-22\",\"gender\":\"hombre\",\"knowsLanguage\":[\"espa\u00f1ol\",\"ingl\u00e9s\"],\"jobTitle\":\"Empresario flamenco\"},{\"@type\":\"PostalAddress\",\"@id\":\"https:\\\/\\\/www.tablaosflamencos.com\\\/de\\\/eroeffnung-flamenco-biennale-sevilla-2026.html#local-main-place-address\",\"streetAddress\":\"C\\\/ Alemanes, 19\",\"addressLocality\":\"Sevilla\",\"postalCode\":\"41004\",\"addressRegion\":\"Sevilla\",\"addressCountry\":\"ES\"},{\"@type\":\"ImageObject\",\"inLanguage\":\"de\",\"@id\":\"https:\\\/\\\/www.tablaosflamencos.com\\\/de\\\/eroeffnung-flamenco-biennale-sevilla-2026.html#local-main-organization-logo\",\"url\":\"https:\\\/\\\/www.tablaosflamencos.com\\\/wp-content\\\/uploads\\\/tablaos-flamencos-06-3.webp\",\"contentUrl\":\"https:\\\/\\\/www.tablaosflamencos.com\\\/wp-content\\\/uploads\\\/tablaos-flamencos-06-3.webp\",\"width\":600,\"height\":620,\"caption\":\"Tablaos Flamencos\"}]}<\/script>\n<meta name=\"geo.placename\" content=\"Sevilla\" \/>\n<meta name=\"geo.position\" content=\"37.3868072;-5.993280299999999\" \/>\n<meta name=\"geo.region\" content=\"Spanien\" \/>\n<!-- \/ Yoast SEO Premium plugin. -->","yoast_head_json":{"title":"Er\u00f6ffnung Flamenco-Biennale Sevilla 2026 | Guide","description":"So wird die Er\u00f6ffnung der Flamenco-Biennale Sevilla 2026: Ecos primitivos, K\u00fcnstler, Cantes, Uhrzeit, Plaza de San Francisco und die immersive Inszenierung.","robots":{"index":"index","follow":"follow","max-snippet":"max-snippet:-1","max-image-preview":"max-image-preview:large","max-video-preview":"max-video-preview:-1"},"canonical":"https:\/\/www.tablaosflamencos.com\/de\/eroeffnung-flamenco-biennale-sevilla-2026.html","og_locale":"de_DE","og_type":"article","og_title":"So wird die Er\u00f6ffnung der Flamenco-Biennale Sevilla 2026","og_description":"So wird die Er\u00f6ffnung der Flamenco-Biennale Sevilla 2026: Ecos primitivos, K\u00fcnstler, Cantes, Uhrzeit, Plaza de San Francisco und die immersive Inszenierung.","og_url":"https:\/\/www.tablaosflamencos.com\/de\/eroeffnung-flamenco-biennale-sevilla-2026.html","og_site_name":"Tablaos Flamencos","article_publisher":"https:\/\/www.facebook.com\/tablaosflamencos","article_published_time":"2026-09-01T09:41:25+00:00","article_modified_time":"2026-09-01T10:04:28+00:00","og_image":[{"width":1920,"height":1072,"url":"https:\/\/www.tablaosflamencos.com\/wp-content\/uploads\/como-sera-la-inauguracion-de-la-bienal-de-flamenco-de-sevilla-2026-01.webp","type":"image\/webp"}],"author":"Miguel Ortiz","twitter_card":"summary_large_image","twitter_creator":"@tablaosflamenco","twitter_site":"@tablaosflamenco","twitter_misc":{"Verfasst von":"Miguel Ortiz","Gesch\u00e4tzte Lesezeit":"13\u00a0Minuten"},"schema":{"@context":"https:\/\/schema.org","@graph":[{"@type":"Article","@id":"https:\/\/www.tablaosflamencos.com\/de\/eroeffnung-flamenco-biennale-sevilla-2026.html#article","isPartOf":{"@id":"https:\/\/www.tablaosflamencos.com\/de\/eroeffnung-flamenco-biennale-sevilla-2026.html"},"author":{"name":"Miguel Ortiz","@id":"https:\/\/www.tablaosflamencos.com\/de#\/schema\/person\/e7a9ebe14eb75a52ceabfbffb3c54f5d"},"headline":"So wird die Er\u00f6ffnung der Flamenco-Biennale Sevilla 2026","datePublished":"2026-09-01T09:41:25+00:00","dateModified":"2026-09-01T10:04:28+00:00","mainEntityOfPage":{"@id":"https:\/\/www.tablaosflamencos.com\/de\/eroeffnung-flamenco-biennale-sevilla-2026.html"},"wordCount":2590,"publisher":{"@id":"https:\/\/www.tablaosflamencos.com\/de#organization"},"image":{"@id":"https:\/\/www.tablaosflamencos.com\/de\/eroeffnung-flamenco-biennale-sevilla-2026.html#primaryimage"},"thumbnailUrl":"https:\/\/www.tablaosflamencos.com\/wp-content\/uploads\/como-sera-la-inauguracion-de-la-bienal-de-flamenco-de-sevilla-2026-01.webp","keywords":["Ana Morales","Biennale 2026","Ecos primitivos","Flamenco in Sevilla","Flamenco-Biennale","Segundo Falc\u00f3n","sevilla"],"articleSection":["Flamenco-Biennale","News \/ Aktuelles"],"inLanguage":"de"},{"@type":"WebPage","@id":"https:\/\/www.tablaosflamencos.com\/de\/eroeffnung-flamenco-biennale-sevilla-2026.html","url":"https:\/\/www.tablaosflamencos.com\/de\/eroeffnung-flamenco-biennale-sevilla-2026.html","name":"Er\u00f6ffnung Flamenco-Biennale Sevilla 2026 | Guide","isPartOf":{"@id":"https:\/\/www.tablaosflamencos.com\/de#website"},"primaryImageOfPage":{"@id":"https:\/\/www.tablaosflamencos.com\/de\/eroeffnung-flamenco-biennale-sevilla-2026.html#primaryimage"},"image":{"@id":"https:\/\/www.tablaosflamencos.com\/de\/eroeffnung-flamenco-biennale-sevilla-2026.html#primaryimage"},"thumbnailUrl":"https:\/\/www.tablaosflamencos.com\/wp-content\/uploads\/como-sera-la-inauguracion-de-la-bienal-de-flamenco-de-sevilla-2026-01.webp","datePublished":"2026-09-01T09:41:25+00:00","dateModified":"2026-09-01T10:04:28+00:00","description":"So wird die Er\u00f6ffnung der Flamenco-Biennale Sevilla 2026: Ecos primitivos, K\u00fcnstler, Cantes, Uhrzeit, Plaza de San Francisco und die immersive Inszenierung.","breadcrumb":{"@id":"https:\/\/www.tablaosflamencos.com\/de\/eroeffnung-flamenco-biennale-sevilla-2026.html#breadcrumb"},"inLanguage":"de","potentialAction":[{"@type":"ReadAction","target":["https:\/\/www.tablaosflamencos.com\/de\/eroeffnung-flamenco-biennale-sevilla-2026.html"]}]},{"@type":"ImageObject","inLanguage":"de","@id":"https:\/\/www.tablaosflamencos.com\/de\/eroeffnung-flamenco-biennale-sevilla-2026.html#primaryimage","url":"https:\/\/www.tablaosflamencos.com\/wp-content\/uploads\/como-sera-la-inauguracion-de-la-bienal-de-flamenco-de-sevilla-2026-01.webp","contentUrl":"https:\/\/www.tablaosflamencos.com\/wp-content\/uploads\/como-sera-la-inauguracion-de-la-bienal-de-flamenco-de-sevilla-2026-01.webp","width":1920,"height":1072,"caption":"C\u00f3mo ser\u00e1 la inauguraci\u00f3n de la Bienal de Flamenco de Sevilla 2026"},{"@type":"BreadcrumbList","@id":"https:\/\/www.tablaosflamencos.com\/de\/eroeffnung-flamenco-biennale-sevilla-2026.html#breadcrumb","itemListElement":[{"@type":"ListItem","position":1,"name":"Home","item":"https:\/\/www.tablaosflamencos.com\/de"},{"@type":"ListItem","position":2,"name":"So wird die Er\u00f6ffnung der Flamenco-Biennale Sevilla 2026"}]},{"@type":"WebSite","@id":"https:\/\/www.tablaosflamencos.com\/de#website","url":"https:\/\/www.tablaosflamencos.com\/de","name":"Tablaos Flamencos","description":"Entradas para tablaos flamencos de Espa\u00f1a","publisher":{"@id":"https:\/\/www.tablaosflamencos.com\/de#organization"},"alternateName":"Tablaos Flamencos","potentialAction":[{"@type":"SearchAction","target":{"@type":"EntryPoint","urlTemplate":"https:\/\/www.tablaosflamencos.com\/de?s={search_term_string}"},"query-input":{"@type":"PropertyValueSpecification","valueRequired":true,"valueName":"search_term_string"}}],"inLanguage":"de"},{"@type":["Organization","Place","EntertainmentBusiness"],"@id":"https:\/\/www.tablaosflamencos.com\/de#organization","name":"Tablaos Flamencos","alternateName":"Tablaos Flamencos","url":"https:\/\/www.tablaosflamencos.com\/de","logo":{"@id":"https:\/\/www.tablaosflamencos.com\/de\/eroeffnung-flamenco-biennale-sevilla-2026.html#local-main-organization-logo"},"image":{"@id":"https:\/\/www.tablaosflamencos.com\/de\/eroeffnung-flamenco-biennale-sevilla-2026.html#local-main-organization-logo"},"sameAs":["https:\/\/www.facebook.com\/tablaosflamencos","https:\/\/x.com\/tablaosflamenco","https:\/\/mastodon.social\/@tablaosflamencos","https:\/\/www.instagram.com\/tablaosflamencos","https:\/\/tiktok.com\/@tablaosflamencos","https:\/\/www.linkedin.com\/company\/109408238\/"],"description":"Venta de entradas para espect\u00e1culos flamencos","legalName":"Tablaos Flamencos","foundingDate":"2015-01-01","numberOfEmployees":{"@type":"QuantitativeValue","minValue":"1","maxValue":"10"},"address":{"@id":"https:\/\/www.tablaosflamencos.com\/de\/eroeffnung-flamenco-biennale-sevilla-2026.html#local-main-place-address"},"geo":{"@type":"GeoCoordinates","latitude":"37.3868072","longitude":"-5.993280299999999"},"telephone":["+34623787787"],"contactPoint":{"@type":"ContactPoint","telephone":"+34623787787","email":"info@tablaosflamencos.com"},"openingHoursSpecification":{"@type":"OpeningHoursSpecification","dayOfWeek":["Monday","Tuesday","Wednesday","Thursday","Friday","Saturday","Sunday"],"opens":"00:00","closes":"23:59"},"email":"info@tablaosflamencos.com","priceRange":"$$$","currenciesAccepted":"\u20ac"},{"@type":"Person","@id":"https:\/\/www.tablaosflamencos.com\/de#\/schema\/person\/e7a9ebe14eb75a52ceabfbffb3c54f5d","name":"Miguel Ortiz","description":"Miguel Ortiz es un empresario flamenco, con una s\u00f3lida trayectoria dentro del sector. Ha presidido entidades culturales vinculadas al flamenco y, cuenta con un amplio recorrido profesional en la gesti\u00f3n y promoci\u00f3n de espect\u00e1culos y tablaos flamencos. Su pasi\u00f3n por la historia y el arte flamenco se refleja en cada art\u00edculo, donde combina experiencia, criterio y un profundo respeto por la tradici\u00f3n.","sameAs":["https:\/\/www.tablaosflamencos.com","https:\/\/www.instagra.com\/miguelortizfe","https:\/\/www.linkedin.com\/in\/miguelortizf\/"],"birthDate":"1984-11-22","gender":"hombre","knowsLanguage":["espa\u00f1ol","ingl\u00e9s"],"jobTitle":"Empresario flamenco"},{"@type":"PostalAddress","@id":"https:\/\/www.tablaosflamencos.com\/de\/eroeffnung-flamenco-biennale-sevilla-2026.html#local-main-place-address","streetAddress":"C\/ Alemanes, 19","addressLocality":"Sevilla","postalCode":"41004","addressRegion":"Sevilla","addressCountry":"ES"},{"@type":"ImageObject","inLanguage":"de","@id":"https:\/\/www.tablaosflamencos.com\/de\/eroeffnung-flamenco-biennale-sevilla-2026.html#local-main-organization-logo","url":"https:\/\/www.tablaosflamencos.com\/wp-content\/uploads\/tablaos-flamencos-06-3.webp","contentUrl":"https:\/\/www.tablaosflamencos.com\/wp-content\/uploads\/tablaos-flamencos-06-3.webp","width":600,"height":620,"caption":"Tablaos Flamencos"}]},"geo.placename":"Sevilla","geo.position":{"lat":"37.3868072","long":"-5.993280299999999"},"geo.region":"Spanien"},"_links":{"self":[{"href":"https:\/\/www.tablaosflamencos.com\/de\/wp-json\/wp\/v2\/posts\/13839","targetHints":{"allow":["GET"]}}],"collection":[{"href":"https:\/\/www.tablaosflamencos.com\/de\/wp-json\/wp\/v2\/posts"}],"about":[{"href":"https:\/\/www.tablaosflamencos.com\/de\/wp-json\/wp\/v2\/types\/post"}],"author":[{"embeddable":true,"href":"https:\/\/www.tablaosflamencos.com\/de\/wp-json\/wp\/v2\/users\/1"}],"replies":[{"embeddable":true,"href":"https:\/\/www.tablaosflamencos.com\/de\/wp-json\/wp\/v2\/comments?post=13839"}],"version-history":[{"count":1,"href":"https:\/\/www.tablaosflamencos.com\/de\/wp-json\/wp\/v2\/posts\/13839\/revisions"}],"predecessor-version":[{"id":13841,"href":"https:\/\/www.tablaosflamencos.com\/de\/wp-json\/wp\/v2\/posts\/13839\/revisions\/13841"}],"wp:featuredmedia":[{"embeddable":true,"href":"https:\/\/www.tablaosflamencos.com\/de\/wp-json\/wp\/v2\/media\/13829"}],"wp:attachment":[{"href":"https:\/\/www.tablaosflamencos.com\/de\/wp-json\/wp\/v2\/media?parent=13839"}],"wp:term":[{"taxonomy":"category","embeddable":true,"href":"https:\/\/www.tablaosflamencos.com\/de\/wp-json\/wp\/v2\/categories?post=13839"},{"taxonomy":"post_tag","embeddable":true,"href":"https:\/\/www.tablaosflamencos.com\/de\/wp-json\/wp\/v2\/tags?post=13839"}],"curies":[{"name":"wp","href":"https:\/\/api.w.org\/{rel}","templated":true}]}}