{"id":13773,"date":"2026-08-31T20:03:41","date_gmt":"2026-08-31T18:03:41","guid":{"rendered":"https:\/\/www.tablaosflamencos.com\/?p=13773"},"modified":"2026-08-31T20:29:00","modified_gmt":"2026-08-31T18:29:00","slug":"erstes-wochenende-flamenco-biennale-sevilla-2026-was-sehen","status":"publish","type":"post","link":"https:\/\/www.tablaosflamencos.com\/de\/erstes-wochenende-flamenco-biennale-sevilla-2026-was-sehen.html","title":{"rendered":"Was man am ersten Wochenende der Flamenco-Biennale Sevilla 2026 sehen sollte"},"content":{"rendered":"<section class=\"l-section wpb_row height_huge\"><div class=\"l-section-h i-cf\"><div class=\"g-cols vc_row via_flex valign_top type_default stacking_default\"><div class=\"vc_col-sm-6 wpb_column vc_column_container\"><div class=\"vc_column-inner\"><div class=\"wpb_wrapper\"><div class=\"wpb_text_column\"><div class=\"wpb_wrapper\"><h2>Qu\u00e9 ver el primer fin de semana de la Bienal de Flamenco 2026<\/h2>\n<p>El <strong>primer fin de semana completo de la Bienal de Flamenco de Sevilla 2026<\/strong>, del viernes 11 al domingo 13 de septiembre, concentra en solo tres d\u00edas una muestra extraordinariamente amplia de lo que propone esta XXIV edici\u00f3n: grandes figuras, estrenos absolutos, guitarra de concierto, nuevas voces, baile contempor\u00e1neo, una Matin\u00e9 \u00danica y actividades familiares gratuitas.<\/p>\n<p>El problema no ser\u00e1 encontrar algo que ver, sino <strong>elegir bien<\/strong>. Hay funciones que coinciden, otras que ya agotaron sus localidades con meses de antelaci\u00f3n y varios espect\u00e1culos que permiten construir combinaciones muy diferentes seg\u00fan busques cante, baile, guitarra, vanguardia o un plan en familia.<\/p>\n<p>Esta gu\u00eda ordena todo el fin de semana y propone itinerarios realistas para aprovechar la Bienal sin convertir tres d\u00edas de flamenco en una carrera entre teatros.<\/p>\n<\/div><\/div><\/div><\/div><\/div><div class=\"vc_col-sm-6 wpb_column vc_column_container\"><div class=\"vc_column-inner\"><div class=\"wpb_wrapper\"><div class=\"wpb_text_column\"><div class=\"wpb_wrapper\"><p style=\"text-align: center; font-size: 52px; line-height: 1; margin-bottom: 10px;\"><strong>11\u201313<\/strong><\/p>\n<h3 style=\"text-align: center;\">septiembre de 2026<\/h3>\n<p style=\"text-align: center;\"><strong>Viernes, s\u00e1bado y domingo<\/strong><\/p>\n<p style=\"text-align: center;\">Cante \u00b7 baile \u00b7 guitarra \u00b7 creaci\u00f3n \u00b7 familia<\/p>\n<p style=\"text-align: center;\">De San Luis al Maestranza, Turina, Central, Lope de Vega, Alameda, Artiller\u00eda y CaixaForum<\/p>\n<\/div><\/div><\/div><\/div><\/div><\/div><\/div><\/section><section class=\"l-section wpb_row height_huge color_alternate with_shape\"><div class=\"l-section-shape type_zigzag pos_top\" style=\"height:3vmin;\"><svg xmlns=\"http:\/\/www.w3.org\/2000\/svg\" viewBox=\"0 0 64 8\" preserveAspectRatio=\"none\" width=\"100%\" height=\"100%\">\r\n\t<path fill=\"currentColor\" d=\"M64 8 L0 8 L0 0 L20 7.9 L40 3 L48 5 L64 0 Z\"\/>\r\n<\/svg><\/div><div class=\"l-section-shape type_zigzag pos_bottom\" style=\"height:3vmin;\"><svg xmlns=\"http:\/\/www.w3.org\/2000\/svg\" viewBox=\"0 0 64 8\" preserveAspectRatio=\"none\" width=\"100%\" height=\"100%\">\r\n\t<path fill=\"currentColor\" d=\"M64 8 L0 8 L0 0 L20 7.9 L40 3 L48 5 L64 0 Z\"\/>\r\n<\/svg><\/div><div class=\"l-section-h i-cf\"><div class=\"g-cols vc_row via_flex valign_top type_default stacking_default\"><div class=\"vc_col-sm-12 wpb_column vc_column_container\"><div class=\"vc_column-inner\"><div class=\"wpb_wrapper\"><div class=\"wpb_text_column\"><div class=\"wpb_wrapper\"><blockquote>\n<p><strong>Respuesta r\u00e1pida:<\/strong> si solo puedes escoger unas pocas citas del primer fin de semana, el viernes enfrenta la guitarra de <strong>Antonio Rey<\/strong> con el gran estreno de <strong>Sara Baras<\/strong> y termina con la propuesta de <strong>La Tremendita<\/strong>; el s\u00e1bado re\u00fane la Matin\u00e9 de <strong>Pedro El Grana\u00edno<\/strong>, la Noche \u00danica de <strong>Canito &amp; Ra\u00fal Rodr\u00edguez<\/strong>, la reapertura flamenca del Lope de Vega con <strong>Dorantes<\/strong>, otra funci\u00f3n de Sara Baras y el estreno de <strong>\u00c1ngeles Toledano<\/strong>; y el domingo permite pasar de <strong>Jos\u00e9 Ferm\u00edn Fern\u00e1ndez<\/strong> a <strong>Ana Morales<\/strong>, Sara Baras o <strong>Jos\u00e9 Maya<\/strong>. Varias de estas funciones est\u00e1n agotadas, por lo que conviene construir el plan a partir de la disponibilidad real.<\/p>\n<\/blockquote>\n<p><strong>\u00daltima actualizaci\u00f3n: 31 de agosto de 2026.<\/strong> La disponibilidad de localidades puede cambiar incluso de un d\u00eda para otro. Comprueba siempre cada funci\u00f3n en los canales oficiales de la Bienal antes de organizar desplazamientos o compras.<\/p>\n<\/div><\/div><div class=\"w-separator size_medium\"><\/div><div class=\"w-hwrapper valign_top wrap stack_on_mobiles align_center\" style=\"--hwrapper-gap:1.2rem\"><div class=\"w-btn-wrapper align_none\"><a class=\"w-btn us-btn-style_1\" href=\"https:\/\/www.tablaosflamencos.com\/de\/flamenco-biennale-sevilla-2026.html\"><span class=\"w-btn-label\">Gu\u00eda completa de la Bienal 2026<\/span><\/a><\/div><div class=\"w-btn-wrapper align_none\"><a class=\"w-btn us-btn-style_1\" href=\"https:\/\/www.tablaosflamencos.com\/de\/flamenco-biennale-sevilla-2026-ausverkauft-alternativen.html\"><span class=\"w-btn-label\">Qu\u00e9 hacer si no quedan entradas<\/span><\/a><\/div><div class=\"w-btn-wrapper align_none\"><a class=\"w-btn us-btn-style_1\" target=\"_blank\" href=\"https:\/\/www.labienal.com\/programa-general\"><span class=\"w-btn-label\">Agenda oficial de la Bienal<\/span><\/a><\/div><\/div><\/div><\/div><\/div><\/div><\/div><\/section><section class=\"l-section wpb_row height_huge\"><div class=\"l-section-h i-cf\"><div class=\"g-cols vc_row via_flex valign_top type_default stacking_default\"><div class=\"vc_col-sm-3 wpb_column vc_column_container\"><div class=\"vc_column-inner\"><div class=\"wpb_wrapper\"><\/div><\/div><\/div><div class=\"vc_col-sm-6 wpb_column vc_column_container\"><div class=\"vc_column-inner\"><div class=\"wpb_wrapper\"><div class=\"wpb_text_column\"><div class=\"wpb_wrapper\"><h2>Contenido de esta gu\u00eda<\/h2>\n<ul>\n<li><a href=\"#primer-fin-semana\">Por qu\u00e9 este fin de semana es especial<\/a><\/li>\n<li><a href=\"#programa-completo\">Programa completo del 11 al 13 de septiembre<\/a><\/li>\n<li><a href=\"#viernes-11\">Viernes 11: guitarra, Sara Baras y La Tremendita<\/a><\/li>\n<li><a href=\"#sabado-12\">S\u00e1bado 12: la jornada m\u00e1s dif\u00edcil de elegir<\/a><\/li>\n<li><a href=\"#domingo-13\">Domingo 13: guitarra, creaci\u00f3n y baile<\/a><\/li>\n<li><a href=\"#itinerarios\">Tres itinerarios recomendados<\/a><\/li>\n<li><a href=\"#por-perfiles\">Qu\u00e9 elegir seg\u00fan el tipo de flamenco que buscas<\/a><\/li>\n<li><a href=\"#agotadas\">Funciones agotadas y alternativas<\/a><\/li>\n<li><a href=\"#familias\">Plan familiar y flamenco gratis<\/a><\/li>\n<li><a href=\"#logistica\">C\u00f3mo combinar espacios sin llegar tarde<\/a><\/li>\n<li><a href=\"#faq-fin-semana\">Preguntas frecuentes<\/a><\/li>\n<\/ul>\n<\/div><\/div><\/div><\/div><\/div><div class=\"vc_col-sm-3 wpb_column vc_column_container\"><div class=\"vc_column-inner\"><div class=\"wpb_wrapper\"><\/div><\/div><\/div><\/div><\/div><\/section><section class=\"l-section wpb_row height_huge color_alternate with_shape\"><div class=\"l-section-shape type_zigzag pos_top\" style=\"height:3vmin;\"><svg xmlns=\"http:\/\/www.w3.org\/2000\/svg\" viewBox=\"0 0 64 8\" preserveAspectRatio=\"none\" width=\"100%\" height=\"100%\">\r\n\t<path fill=\"currentColor\" d=\"M64 8 L0 8 L0 0 L20 7.9 L40 3 L48 5 L64 0 Z\"\/>\r\n<\/svg><\/div><div class=\"l-section-shape type_zigzag pos_bottom\" style=\"height:3vmin;\"><svg xmlns=\"http:\/\/www.w3.org\/2000\/svg\" viewBox=\"0 0 64 8\" preserveAspectRatio=\"none\" width=\"100%\" height=\"100%\">\r\n\t<path fill=\"currentColor\" d=\"M64 8 L0 8 L0 0 L20 7.9 L40 3 L48 5 L64 0 Z\"\/>\r\n<\/svg><\/div><div class=\"l-section-h i-cf\"><div class=\"g-cols vc_row via_flex valign_top type_default stacking_default\"><div class=\"vc_col-sm-6 wpb_column vc_column_container\"><div class=\"vc_column-inner\"><div class=\"wpb_wrapper\"><div class=\"wpb_text_column\"><div class=\"wpb_wrapper\"><h2 id=\"primer-fin-semana\">El primer fin de semana: la Bienal entra de lleno en los teatros<\/h2>\n<p>La XXIV Bienal comienza oficialmente el mi\u00e9rcoles 9 de septiembre con el preg\u00f3n cantado y celebra el jueves 10 su gran gala <em>El mundo por montera<\/em>. Pero es entre el viernes 11 y el domingo 13 cuando el festival entra por primera vez en <strong>ritmo de fin de semana completo<\/strong> y despliega simult\u00e1neamente buena parte de sus formatos.<\/p>\n<p>En esos tres d\u00edas aparecen el Teatro de la Maestranza, el Lope de Vega, el Teatro Central, el Alameda, el Espacio Turina, San Luis de los Franceses, la Real F\u00e1brica de Artiller\u00eda y CaixaForum. Es decir: grandes escenarios, salas de escala media, un espacio patrimonial barroco, arquitectura industrial y programaci\u00f3n familiar.<\/p>\n<p>El resultado permite probar varias Bienales dentro de una misma Bienal.<\/p>\n<\/div><\/div><\/div><\/div><\/div><div class=\"vc_col-sm-6 wpb_column vc_column_container\"><div class=\"vc_column-inner\"><div class=\"wpb_wrapper\"><div class=\"wpb_text_column\"><div class=\"wpb_wrapper\"><h2>Una concentraci\u00f3n excepcional de estrenos y formatos<\/h2>\n<p>El fin de semana re\u00fane <strong>estrenos absolutos<\/strong> como <em>Infinita<\/em>, <em>Menos es m\u00e1s<\/em>, <em>Fractal Arcano<\/em>, <em>La misma sangre del cuerpo<\/em> y <em>Rapsodia. Fantas\u00eda subterr\u00e1nea<\/em>; una <strong>Matin\u00e9 \u00danica<\/strong> con Pedro El Grana\u00edno; dos de las primeras <strong>Noches \u00danicas<\/strong> del ciclo de guitarra en Turina; y una actividad participativa gratuita para familias.<\/p>\n<p>No hay una selecci\u00f3n universalmente correcta. De hecho, las coincidencias obligan a tomar partido: el s\u00e1bado a las 20:00 hay que elegir entre Sara Baras y Dorantes, y el domingo la franja entre las 19:00 y las 22:30 concentra cuatro propuestas de enorme inter\u00e9s.<\/p>\n<p>Por eso esta gu\u00eda prioriza el criterio, no solo el listado.<\/p>\n<\/div><\/div><\/div><\/div><\/div><\/div><\/div><\/section><section class=\"l-section wpb_row height_huge\"><div class=\"l-section-h i-cf\"><div class=\"g-cols vc_row via_flex valign_top type_default stacking_default\"><div class=\"vc_col-sm-12 wpb_column vc_column_container\"><div class=\"vc_column-inner\"><div class=\"wpb_wrapper\"><div class=\"wpb_text_column\"><div class=\"wpb_wrapper\"><h2 id=\"programa-completo\">Programa del primer fin de semana de la Bienal de Flamenco 2026<\/h2>\n<div style=\"overflow-x: auto;\">\n<table>\n<thead>\n<tr>\n<th>Fecha<\/th>\n<th>Hora<\/th>\n<th>Espacio<\/th>\n<th>Artista \/ actividad<\/th>\n<th>Tipo<\/th>\n<th>Situaci\u00f3n<\/th>\n<\/tr>\n<\/thead>\n<tbody>\n<tr>\n<td><strong>Vie. 11<\/strong><\/td>\n<td>17:30 y 19:00<\/td>\n<td>CaixaForum<\/td>\n<td><em>Tirititr\u00e1n<\/em><\/td>\n<td>Taller familiar<\/td>\n<td>Gratis con reserva<\/td>\n<\/tr>\n<tr>\n<td><strong>Vie. 11<\/strong><\/td>\n<td>19:00<\/td>\n<td>Espacio Turina<\/td>\n<td>Antonio Rey \u2014 <em>Historias de un flamenco<\/em><\/td>\n<td>Guitarra<\/td>\n<td>Consultar disponibilidad<\/td>\n<\/tr>\n<tr>\n<td><strong>Vie. 11<\/strong><\/td>\n<td>20:00<\/td>\n<td>Teatro de la Maestranza<\/td>\n<td>Sara Baras \u2014 <em>Infinita<\/em><\/td>\n<td>Estreno absoluto<\/td>\n<td>Muy alta demanda<\/td>\n<\/tr>\n<tr>\n<td><strong>Vie. 11<\/strong><\/td>\n<td>22:30<\/td>\n<td>Teatro Central<\/td>\n<td>La Tremendita \u2014 <em>Menos es m\u00e1s<\/em><\/td>\n<td>Estreno absoluto<\/td>\n<td>Consultar disponibilidad<\/td>\n<\/tr>\n<tr>\n<td><strong>S\u00e1b. 12<\/strong><\/td>\n<td>11:30, 13:00, 17:00 y 18:30<\/td>\n<td>CaixaForum<\/td>\n<td><em>Tirititr\u00e1n<\/em><\/td>\n<td>Taller familiar<\/td>\n<td>Gratis con reserva<\/td>\n<\/tr>\n<tr>\n<td><strong>S\u00e1b. 12<\/strong><\/td>\n<td>12:00<\/td>\n<td>San Luis de los Franceses<\/td>\n<td>Pedro El Grana\u00edno + Daniel Oyarz\u00e1bal \u2014 <em>Pan de oro<\/em><\/td>\n<td>Matin\u00e9 \u00danica<\/td>\n<td><strong>Agotado confirmado<\/strong><\/td>\n<\/tr>\n<tr>\n<td><strong>S\u00e1b. 12<\/strong><\/td>\n<td>18:00 y 19:00<\/td>\n<td>CaixaForum<\/td>\n<td>Gabriel D&#8217;Ario<\/td>\n<td>Microconcierto de guitarra<\/td>\n<td>Gratis hasta completar aforo<\/td>\n<\/tr>\n<tr>\n<td><strong>S\u00e1b. 12<\/strong><\/td>\n<td>19:00<\/td>\n<td>Espacio Turina<\/td>\n<td>Canito &amp; Ra\u00fal Rodr\u00edguez \u2014 <em>La cuerda al aire<\/em><\/td>\n<td>Noche \u00danica<\/td>\n<td>Consultar disponibilidad<\/td>\n<\/tr>\n<tr>\n<td><strong>S\u00e1b. 12<\/strong><\/td>\n<td>20:00<\/td>\n<td>Teatro Lope de Vega<\/td>\n<td>Dorantes \u2014 <em>Fractal Arcano<\/em><\/td>\n<td>Estreno absoluto<\/td>\n<td><strong>Agotado confirmado<\/strong><\/td>\n<\/tr>\n<tr>\n<td><strong>S\u00e1b. 12<\/strong><\/td>\n<td>20:00<\/td>\n<td>Teatro de la Maestranza<\/td>\n<td>Sara Baras \u2014 <em>Infinita<\/em><\/td>\n<td>Estreno absoluto<\/td>\n<td>Muy alta demanda<\/td>\n<\/tr>\n<tr>\n<td><strong>S\u00e1b. 12<\/strong><\/td>\n<td>22:30<\/td>\n<td>Teatro Alameda<\/td>\n<td>\u00c1ngeles Toledano \u2014 <em>La misma sangre del cuerpo<\/em><\/td>\n<td>Estreno absoluto<\/td>\n<td><strong>Agotado confirmado<\/strong><\/td>\n<\/tr>\n<tr>\n<td><strong>Dom. 13<\/strong><\/td>\n<td>11:30, 13:00 y 17:00<\/td>\n<td>CaixaForum<\/td>\n<td><em>Tirititr\u00e1n<\/em><\/td>\n<td>Taller familiar<\/td>\n<td>Gratis con reserva<\/td>\n<\/tr>\n<tr>\n<td><strong>Dom. 13<\/strong><\/td>\n<td>12:00<\/td>\n<td>San Luis de los Franceses<\/td>\n<td>Pedro El Grana\u00edno + Daniel Oyarz\u00e1bal \u2014 <em>Pan de oro<\/em><\/td>\n<td>Matin\u00e9 \u00danica<\/td>\n<td><strong>Agotado confirmado<\/strong><\/td>\n<\/tr>\n<tr>\n<td><strong>Dom. 13<\/strong><\/td>\n<td>19:00<\/td>\n<td>Espacio Turina<\/td>\n<td>Jos\u00e9 Ferm\u00edn Fern\u00e1ndez \u2014 <em>Guitarra desnuda<\/em><\/td>\n<td>Noche \u00danica<\/td>\n<td>Consultar disponibilidad<\/td>\n<\/tr>\n<tr>\n<td><strong>Dom. 13<\/strong><\/td>\n<td>20:00<\/td>\n<td>Teatro de la Maestranza<\/td>\n<td>Sara Baras \u2014 <em>Infinita<\/em><\/td>\n<td>Estreno absoluto<\/td>\n<td>Muy alta demanda<\/td>\n<\/tr>\n<tr>\n<td><strong>Dom. 13<\/strong><\/td>\n<td>21:00<\/td>\n<td>Real F\u00e1brica de Artiller\u00eda<\/td>\n<td>Ana Morales \u2014 <em>Rapsodia. Fantas\u00eda subterr\u00e1nea<\/em><\/td>\n<td>Estreno absoluto<\/td>\n<td><strong>Agotado confirmado<\/strong><\/td>\n<\/tr>\n<tr>\n<td><strong>Dom. 13<\/strong><\/td>\n<td>22:30<\/td>\n<td>Teatro Central<\/td>\n<td>Jos\u00e9 Maya \u2014 <em>Lejano<\/em><\/td>\n<td>Baile<\/td>\n<td>Consultar disponibilidad<\/td>\n<\/tr>\n<\/tbody>\n<\/table>\n<\/div>\n<p>&nbsp;<\/p>\n<p><strong>Importante:<\/strong> la tabla refleja los sold out que han sido comunicados p\u00fablicamente por la organizaci\u00f3n y la situaci\u00f3n conocida al cierre de esta gu\u00eda. Una funci\u00f3n que aparece como \u201cconsultar disponibilidad\u201d tambi\u00e9n puede agotarse. En el caso de <em>Infinita<\/em>, la demanda ha sido extraordinaria y a finales de agosto se citaba ya entre los t\u00edtulos agotados de la edici\u00f3n; comprueba la funci\u00f3n concreta antes de hacer planes.<\/p>\n<\/div><\/div><\/div><\/div><\/div><\/div><\/div><\/section><section class=\"l-section wpb_row height_huge color_alternate with_shape\"><div class=\"l-section-shape type_zigzag pos_top\" style=\"height:3vmin;\"><svg xmlns=\"http:\/\/www.w3.org\/2000\/svg\" viewBox=\"0 0 64 8\" preserveAspectRatio=\"none\" width=\"100%\" height=\"100%\">\r\n\t<path fill=\"currentColor\" d=\"M64 8 L0 8 L0 0 L20 7.9 L40 3 L48 5 L64 0 Z\"\/>\r\n<\/svg><\/div><div class=\"l-section-shape type_zigzag pos_bottom\" style=\"height:3vmin;\"><svg xmlns=\"http:\/\/www.w3.org\/2000\/svg\" viewBox=\"0 0 64 8\" preserveAspectRatio=\"none\" width=\"100%\" height=\"100%\">\r\n\t<path fill=\"currentColor\" d=\"M64 8 L0 8 L0 0 L20 7.9 L40 3 L48 5 L64 0 Z\"\/>\r\n<\/svg><\/div><div class=\"l-section-h i-cf\"><div class=\"g-cols vc_row via_flex valign_top type_default stacking_default\"><div class=\"vc_col-sm-6 wpb_column vc_column_container\"><div class=\"vc_column-inner\"><div class=\"wpb_wrapper\"><div class=\"wpb_text_column\"><div class=\"wpb_wrapper\"><h2 id=\"viernes-11\">Viernes 11: Antonio Rey o Sara Baras, y La Tremendita para cerrar<\/h2>\n<p>El viernes plantea desde el principio una decisi\u00f3n importante. A las <strong>19:00 en el Espacio Turina<\/strong>, Antonio Rey presenta <em>Historias de un flamenco<\/em>, un recital apoyado en el disco que le dio su segundo Grammy Latino al Mejor \u00c1lbum de M\u00fasica Flamenca. Guitarra, cante, segunda guitarra, flauta y percusi\u00f3n construyen un formato de concierto que puede ser una magn\u00edfica puerta de entrada al fin de semana.<\/p>\n<p>Una hora despu\u00e9s, a las <strong>20:00 en el Teatro de la Maestranza<\/strong>, Sara Baras estrena <em>Infinita<\/em>, uno de los grandes acontecimientos de la edici\u00f3n. El proyecto articula ocho miradas de mujer asociadas a las ocho provincias andaluzas y supone el regreso de la bailaora a la Bienal con una nueva gran producci\u00f3n.<\/p>\n<p>Los horarios hacen que intentar asistir a ambos no tenga sentido. Hay que escoger.<\/p>\n<\/div><\/div><\/div><\/div><\/div><div class=\"vc_col-sm-6 wpb_column vc_column_container\"><div class=\"vc_column-inner\"><div class=\"wpb_wrapper\"><div class=\"wpb_text_column\"><div class=\"wpb_wrapper\"><h2>22:30: La Tremendita lleva el cante hacia otros territorios<\/h2>\n<p>El gran cierre del viernes est\u00e1 en el <strong>Teatro Central<\/strong>. Rosario La Tremendita presenta <em>Menos es m\u00e1s<\/em>, estreno absoluto en el que vuelve a trabajar desde un lenguaje propio: cante, bajo, guitarra, bater\u00eda, teclados y una concepci\u00f3n musical abierta a la experimentaci\u00f3n.<\/p>\n<p>La direcci\u00f3n musical compartida con Dani de Mor\u00f3n y una formaci\u00f3n que incluye a Juanfe P\u00e9rez, Manuel Reina y David Sancho adelantan una propuesta muy distinta del concierto de guitarra de Turina y de la gran compa\u00f1\u00eda de baile del Maestranza.<\/p>\n<p><strong>Nuestra elecci\u00f3n si buscas contraste:<\/strong> Antonio Rey a primera hora y La Tremendita a las 22:30 forman un viernes especialmente interesante por la distancia est\u00e9tica entre ambas propuestas. Si tu prioridad es el gran acontecimiento esc\u00e9nico, Sara Baras debe ocupar el centro de la noche.<\/p>\n<\/div><\/div><\/div><\/div><\/div><\/div><\/div><\/section><section class=\"l-section wpb_row height_huge\"><div class=\"l-section-h i-cf\"><div class=\"g-cols vc_row via_flex valign_top type_default stacking_default\"><div class=\"vc_col-sm-6 wpb_column vc_column_container\"><div class=\"vc_column-inner\"><div class=\"wpb_wrapper\"><div class=\"wpb_text_column\"><div class=\"wpb_wrapper\"><h2 id=\"sabado-12\">S\u00e1bado 12: el d\u00eda con m\u00e1s decisiones dif\u00edciles<\/h2>\n<p>El s\u00e1bado puede empezar a mediod\u00eda con <em>Pan de oro<\/em>, de Pedro El Grana\u00edno y Daniel Oyarz\u00e1bal, en San Luis de los Franceses. Las dos funciones del 12 y 13 se agotaron con mucha antelaci\u00f3n, pero conviene mantenerlas en la gu\u00eda porque explican uno de los formatos m\u00e1s singulares de la Bienal: cante, guitarra, clave y viola dentro de una de las grandes joyas barrocas de Sevilla.<\/p>\n<p>Si no tienes entrada, <strong>CaixaForum ofrece una alternativa gratuita<\/strong>. <em>Tirititr\u00e1n<\/em> permite a familias y ni\u00f1os acercarse al comp\u00e1s a trav\u00e9s de palmas, cuerpo, voz y caj\u00f3n, y el s\u00e1bado se suma adem\u00e1s el microconcierto de guitarra de Gabriel D&#8217;Ario.<\/p>\n<p>Por la tarde comienza el verdadero rompecabezas.<\/p>\n<\/div><\/div><\/div><\/div><\/div><div class=\"vc_col-sm-6 wpb_column vc_column_container\"><div class=\"vc_column-inner\"><div class=\"wpb_wrapper\"><div class=\"wpb_text_column\"><div class=\"wpb_wrapper\"><h2>19:00, 20:00 y 22:30: tres franjas que obligan a priorizar<\/h2>\n<p>A las <strong>19:00<\/strong>, Canito y Ra\u00fal Rodr\u00edguez presentan en Turina <em>La cuerda al aire<\/em>, una Noche \u00danica que pone en di\u00e1logo guitarra y tres flamenco desde las m\u00fasicas de ra\u00edz.<\/p>\n<p>A las <strong>20:00<\/strong> coinciden dos grandes citas. Dorantes estrena <em>Fractal Arcano<\/em> en el Teatro Lope de Vega, en una funci\u00f3n especialmente simb\u00f3lica porque devuelve el flamenco al hist\u00f3rico teatro de la Bienal. Esa funci\u00f3n est\u00e1 agotada. A la misma hora, Sara Baras ofrece la segunda funci\u00f3n de <em>Infinita<\/em> en el Maestranza.<\/p>\n<p>A las <strong>22:30<\/strong>, \u00c1ngeles Toledano presenta en el Teatro Alameda <em>La misma sangre del cuerpo<\/em>, su primer espect\u00e1culo propio en la Bienal. Tambi\u00e9n agot\u00f3 localidades con meses de antelaci\u00f3n.<\/p>\n<\/div><\/div><\/div><\/div><\/div><\/div><\/div><\/section><section class=\"l-section wpb_row height_huge color_alternate with_shape\"><div class=\"l-section-shape type_zigzag pos_top\" style=\"height:3vmin;\"><svg xmlns=\"http:\/\/www.w3.org\/2000\/svg\" viewBox=\"0 0 64 8\" preserveAspectRatio=\"none\" width=\"100%\" height=\"100%\">\r\n\t<path fill=\"currentColor\" d=\"M64 8 L0 8 L0 0 L20 7.9 L40 3 L48 5 L64 0 Z\"\/>\r\n<\/svg><\/div><div class=\"l-section-shape type_zigzag pos_bottom\" style=\"height:3vmin;\"><svg xmlns=\"http:\/\/www.w3.org\/2000\/svg\" viewBox=\"0 0 64 8\" preserveAspectRatio=\"none\" width=\"100%\" height=\"100%\">\r\n\t<path fill=\"currentColor\" d=\"M64 8 L0 8 L0 0 L20 7.9 L40 3 L48 5 L64 0 Z\"\/>\r\n<\/svg><\/div><div class=\"l-section-h i-cf\"><div class=\"g-cols vc_row via_flex valign_top type_default stacking_default\"><div class=\"vc_col-sm-6 wpb_column vc_column_container\"><div class=\"vc_column-inner\"><div class=\"wpb_wrapper\"><div class=\"wpb_text_column\"><div class=\"wpb_wrapper\"><h2 id=\"domingo-13\">Domingo 13: de la guitarra desnuda al baile de Jos\u00e9 Maya<\/h2>\n<p>El domingo vuelve a ofrecer <em>Pan de oro<\/em> a las 12:00 \u2014tambi\u00e9n agotado\u2014 y varias sesiones gratuitas de <em>Tirititr\u00e1n<\/em> en CaixaForum. La tarde-noche, sin embargo, es una de las secuencias m\u00e1s atractivas del primer fin de semana.<\/p>\n<p>A las <strong>19:00 en Turina<\/strong>, Jos\u00e9 Ferm\u00edn Fern\u00e1ndez debuta en solitario en la Bienal con <em>Guitarra desnuda<\/em>, una Noche \u00danica concebida como recorrido narrativo por distintos palos y como reconocimiento a la tradici\u00f3n de la guitarra flamenca de concierto.<\/p>\n<p>Para quien quiera descubrir un nombre menos evidente dentro de la programaci\u00f3n, puede ser una de las elecciones con mejor relaci\u00f3n entre singularidad y posibilidad de sorpresa.<\/p>\n<\/div><\/div><\/div><\/div><\/div><div class=\"vc_col-sm-6 wpb_column vc_column_container\"><div class=\"vc_column-inner\"><div class=\"wpb_wrapper\"><div class=\"wpb_text_column\"><div class=\"wpb_wrapper\"><h2>20:00, 21:00 o 22:30: tres formas de terminar el fin de semana<\/h2>\n<p>A las <strong>20:00<\/strong>, Sara Baras ofrece la tercera funci\u00f3n de <em>Infinita<\/em>. A las <strong>21:00<\/strong>, Ana Morales estrena <em>Rapsodia. Fantas\u00eda subterr\u00e1nea<\/em> en la Real F\u00e1brica de Artiller\u00eda, una creaci\u00f3n conectada con el subsuelo y los pasadizos hist\u00f3ricos de Sevilla, con direcci\u00f3n musical de Ni\u00f1o de Elche. Esta funci\u00f3n est\u00e1 agotada.<\/p>\n<p>A las <strong>22:30 en el Teatro Central<\/strong>, Jos\u00e9 Maya presenta <em>Lejano<\/em>, una obra de 75 minutos en la que el baile se enfrenta a memoria, ra\u00edz y tiempo desde una escena deliberadamente despojada.<\/p>\n<p>Si no tienes entrada para Sara Baras o Ana Morales, <strong>Jos\u00e9 Maya puede convertirse en uno de los mejores cierres disponibles del fin de semana<\/strong>.<\/p>\n<\/div><\/div><\/div><\/div><\/div><\/div><\/div><\/section><section class=\"l-section wpb_row height_huge\"><div class=\"l-section-h i-cf\"><div class=\"g-cols vc_row via_flex valign_top type_default stacking_default\"><div class=\"vc_col-sm-12 wpb_column vc_column_container\"><div class=\"vc_column-inner\"><div class=\"wpb_wrapper\"><div class=\"g-cols wpb_row via_flex valign_top type_default stacking_default\"><div class=\"vc_col-sm-1\/5 wpb_column vc_column_container\"><div class=\"vc_column-inner\"><div class=\"wpb_wrapper\"><\/div><\/div><\/div><div class=\"vc_col-sm-3\/5 wpb_column vc_column_container\"><div class=\"vc_column-inner\"><div class=\"wpb_wrapper\"><div class=\"wpb_text_column\"><div class=\"wpb_wrapper\"><h2 id=\"itinerarios\" style=\"text-align: center;\">Tres itinerarios recomendados para el primer fin de semana<\/h2>\n<p style=\"text-align: center;\">No recomendamos intentar verlo todo. La Bienal se disfruta mejor construyendo un recorrido con contraste, dejando tiempo para cenar, desplazarse y asimilar lo visto.<\/p>\n<\/div><\/div><\/div><\/div><\/div><div class=\"vc_col-sm-1\/5 wpb_column vc_column_container\"><div class=\"vc_column-inner\"><div class=\"wpb_wrapper\"><\/div><\/div><\/div><\/div><div class=\"w-separator size_medium\"><\/div><div class=\"g-cols wpb_row via_flex valign_top type_default stacking_default\"><div class=\"vc_col-sm-4 wpb_column vc_column_container\"><div class=\"vc_column-inner\"><div class=\"wpb_wrapper\"><div class=\"wpb_text_column\"><div class=\"wpb_wrapper\"><h3>1. Ruta de guitarra y m\u00fasica<\/h3>\n<p><strong>Viernes:<\/strong> Antonio Rey \u00b7 19:00<\/p>\n<p><strong>S\u00e1bado:<\/strong> Canito &amp; Ra\u00fal Rodr\u00edguez \u00b7 19:00<\/p>\n<p><strong>Domingo:<\/strong> Jos\u00e9 Ferm\u00edn Fern\u00e1ndez \u00b7 19:00<\/p>\n<p>Es el recorrido m\u00e1s coherente para quien quiere escuchar el toque como protagonista. Tres generaciones, tres lenguajes y tres formas de entender la guitarra y las m\u00fasicas de ra\u00edz.<\/p>\n<\/div><\/div><\/div><\/div><\/div><div class=\"vc_col-sm-4 wpb_column vc_column_container\"><div class=\"vc_column-inner\"><div class=\"wpb_wrapper\"><div class=\"wpb_text_column\"><div class=\"wpb_wrapper\"><h3>2. Ruta de creaci\u00f3n contempor\u00e1nea<\/h3>\n<p><strong>Viernes:<\/strong> La Tremendita \u00b7 22:30<\/p>\n<p><strong>S\u00e1bado:<\/strong> Dorantes \u00b7 20:00, si ya tienes entrada<\/p>\n<p><strong>Domingo:<\/strong> Ana Morales \u00b7 21:00, si ya tienes entrada; o Jos\u00e9 Maya \u00b7 22:30<\/p>\n<p>Es la opci\u00f3n m\u00e1s adecuada para quien busca una Bienal de investigaci\u00f3n, lenguaje esc\u00e9nico y expansi\u00f3n del flamenco m\u00e1s all\u00e1 de formatos convencionales.<\/p>\n<\/div><\/div><\/div><\/div><\/div><div class=\"vc_col-sm-4 wpb_column vc_column_container\"><div class=\"vc_column-inner\"><div class=\"wpb_wrapper\"><div class=\"wpb_text_column\"><div class=\"wpb_wrapper\"><h3>3. Ruta para una primera Bienal<\/h3>\n<p><strong>Viernes:<\/strong> Sara Baras \u00b7 20:00, si hay disponibilidad<\/p>\n<p><strong>S\u00e1bado:<\/strong> Canito &amp; Ra\u00fal Rodr\u00edguez \u00b7 19:00<\/p>\n<p><strong>Domingo:<\/strong> Jos\u00e9 Maya \u00b7 22:30<\/p>\n<p>Combina una gran producci\u00f3n, un formato de concierto m\u00e1s cercano y un espect\u00e1culo de baile en el Central. Si Sara Baras est\u00e1 agotada, Antonio Rey funciona perfectamente como alternativa de apertura.<\/p>\n<\/div><\/div><\/div><\/div><\/div><\/div><\/div><\/div><\/div><\/div><\/div><\/section><section class=\"l-section wpb_row height_huge color_alternate with_shape\"><div class=\"l-section-shape type_zigzag pos_top\" style=\"height:3vmin;\"><svg xmlns=\"http:\/\/www.w3.org\/2000\/svg\" viewBox=\"0 0 64 8\" preserveAspectRatio=\"none\" width=\"100%\" height=\"100%\">\r\n\t<path fill=\"currentColor\" d=\"M64 8 L0 8 L0 0 L20 7.9 L40 3 L48 5 L64 0 Z\"\/>\r\n<\/svg><\/div><div class=\"l-section-shape type_zigzag pos_bottom\" style=\"height:3vmin;\"><svg xmlns=\"http:\/\/www.w3.org\/2000\/svg\" viewBox=\"0 0 64 8\" preserveAspectRatio=\"none\" width=\"100%\" height=\"100%\">\r\n\t<path fill=\"currentColor\" d=\"M64 8 L0 8 L0 0 L20 7.9 L40 3 L48 5 L64 0 Z\"\/>\r\n<\/svg><\/div><div class=\"l-section-h i-cf\"><div class=\"g-cols vc_row via_flex valign_top type_default stacking_default\"><div class=\"vc_col-sm-6 wpb_column vc_column_container\"><div class=\"vc_column-inner\"><div class=\"wpb_wrapper\"><div class=\"wpb_text_column\"><div class=\"wpb_wrapper\"><h2 id=\"por-perfiles\">Si buscas cante y ra\u00edz<\/h2>\n<p>El primer fin de semana no es el m\u00e1s abundante en recitales de cante cl\u00e1sico, pero s\u00ed ofrece varios puntos de entrada. Pedro El Grana\u00edno representa la opci\u00f3n m\u00e1s concentrada y solemne, aunque sus dos funciones est\u00e1n agotadas. La Tremendita parte del cante para llevarlo a una construcci\u00f3n musical contempor\u00e1nea, mientras \u00c1ngeles Toledano utiliza su propio imaginario discogr\u00e1fico como punto de partida para una nueva pieza esc\u00e9nica.<\/p>\n<p>Si no tienes entrada para las funciones agotadas, no descartes la programaci\u00f3n estable de la ciudad. Durante la Bienal los <strong>tablaos flamencos de Sevilla<\/strong> siguen funcionando cada noche y ofrecen un formato distinto, m\u00e1s cercano y centrado en la relaci\u00f3n directa entre cante, baile y guitarra.<\/p>\n<\/div><\/div><div class=\"w-separator size_medium\"><\/div><div class=\"w-btn-wrapper align_none\"><a class=\"w-btn us-btn-style_1\" href=\"https:\/\/www.tablaosflamencos.com\/de\/flamenco-in-sevilla\"><span class=\"w-btn-label\">Ver flamenco en Sevilla<\/span><\/a><\/div><\/div><\/div><\/div><div class=\"vc_col-sm-6 wpb_column vc_column_container\"><div class=\"vc_column-inner\"><div class=\"wpb_wrapper\"><div class=\"wpb_text_column\"><div class=\"wpb_wrapper\"><h2>Si buscas baile<\/h2>\n<p>El nombre m\u00e1s evidente es Sara Baras, con tres funciones consecutivas de <em>Infinita<\/em>. Pero el domingo ofrece dos alternativas muy distintas: Ana Morales construye una creaci\u00f3n ligada a la Real F\u00e1brica de Artiller\u00eda y a una investigaci\u00f3n esc\u00e9nica sobre el subsuelo de Sevilla; Jos\u00e9 Maya, en cambio, apuesta por una escena desnuda y un baile apoyado en memoria, cante y ra\u00edz.<\/p>\n<p>La funci\u00f3n de Ana Morales est\u00e1 agotada. Precisamente por eso conviene mirar m\u00e1s all\u00e1 del gran titular: <em>Lejano<\/em> puede ser una elecci\u00f3n especialmente interesante para cerrar el domingo.<\/p>\n<\/div><\/div><\/div><\/div><\/div><\/div><\/div><\/section><section class=\"l-section wpb_row height_huge\"><div class=\"l-section-h i-cf\"><div class=\"g-cols vc_row via_flex valign_top type_default stacking_default\"><div class=\"vc_col-sm-6 wpb_column vc_column_container\"><div class=\"vc_column-inner\"><div class=\"wpb_wrapper\"><div class=\"wpb_text_column\"><div class=\"wpb_wrapper\"><h2>Si buscas guitarra<\/h2>\n<p>Aqu\u00ed el fin de semana es excepcional. Antonio Rey llega con un repertorio consolidado y una trayectoria internacional enorme. Canito y Ra\u00fal Rodr\u00edguez plantean un encuentro irrepetible entre instrumentos y m\u00fasicas de ra\u00edz. Dorantes convierte el piano en el centro de una arquitectura musical que la Bienal presenta como estreno absoluto. Jos\u00e9 Ferm\u00edn Fern\u00e1ndez propone el formato m\u00e1s desnudo y directamente vinculado a la tradici\u00f3n de la guitarra solista.<\/p>\n<p>Para un aficionado al toque, es perfectamente posible dedicar <strong>los tres d\u00edas a la guitarra sin repetir experiencia<\/strong>.<\/p>\n<\/div><\/div><\/div><\/div><\/div><div class=\"vc_col-sm-6 wpb_column vc_column_container\"><div class=\"vc_column-inner\"><div class=\"wpb_wrapper\"><div class=\"wpb_text_column\"><div class=\"wpb_wrapper\"><h2>Si buscas descubrir artistas<\/h2>\n<p>Una Bienal no deber\u00eda vivirse \u00fanicamente persiguiendo los nombres m\u00e1s conocidos. El primer fin de semana ofrece oportunidades especialmente buenas para descubrir.<\/p>\n<p><strong>Jos\u00e9 Ferm\u00edn Fern\u00e1ndez<\/strong> debuta en solitario dentro del festival. <strong>Canito &amp; Ra\u00fal Rodr\u00edguez<\/strong> presentan una combinaci\u00f3n concebida como Noche \u00danica. <strong>\u00c1ngeles Toledano<\/strong>, aunque ya llega con una enorme atenci\u00f3n cr\u00edtica, presenta por primera vez un espect\u00e1culo propio en la Bienal.<\/p>\n<p>Elegir una de estas propuestas puede ofrecer una experiencia m\u00e1s reveladora que intentar entrar \u00fanicamente en las funciones de mayor repercusi\u00f3n medi\u00e1tica.<\/p>\n<\/div><\/div><\/div><\/div><\/div><\/div><\/div><\/section><section class=\"l-section wpb_row height_huge color_alternate with_shape\"><div class=\"l-section-shape type_zigzag pos_top\" style=\"height:3vmin;\"><svg xmlns=\"http:\/\/www.w3.org\/2000\/svg\" viewBox=\"0 0 64 8\" preserveAspectRatio=\"none\" width=\"100%\" height=\"100%\">\r\n\t<path fill=\"currentColor\" d=\"M64 8 L0 8 L0 0 L20 7.9 L40 3 L48 5 L64 0 Z\"\/>\r\n<\/svg><\/div><div class=\"l-section-shape type_zigzag pos_bottom\" style=\"height:3vmin;\"><svg xmlns=\"http:\/\/www.w3.org\/2000\/svg\" viewBox=\"0 0 64 8\" preserveAspectRatio=\"none\" width=\"100%\" height=\"100%\">\r\n\t<path fill=\"currentColor\" d=\"M64 8 L0 8 L0 0 L20 7.9 L40 3 L48 5 L64 0 Z\"\/>\r\n<\/svg><\/div><div class=\"l-section-h i-cf\"><div class=\"g-cols vc_row via_flex valign_top type_default stacking_default\"><div class=\"vc_col-sm-12 wpb_column vc_column_container\"><div class=\"vc_column-inner\"><div class=\"wpb_wrapper\"><div class=\"g-cols wpb_row via_flex valign_top type_default stacking_default\"><div class=\"vc_col-sm-6 wpb_column vc_column_container\"><div class=\"vc_column-inner\"><div class=\"wpb_wrapper\"><div class=\"wpb_text_column\"><div class=\"wpb_wrapper\"><h2 id=\"agotadas\">Qu\u00e9 est\u00e1 agotado y c\u00f3mo reorganizar el fin de semana<\/h2>\n<p>La XXIV Bienal ha registrado una venta anticipada excepcional. La organizaci\u00f3n confirm\u00f3 ya meses antes del festival que estaban agotadas, entre otras, <strong>las dos funciones de Pedro El Grana\u00edno, Dorantes y \u00c1ngeles Toledano<\/strong>. En agosto confirm\u00f3 adem\u00e1s las funciones de <strong>Ana Morales<\/strong> en la Real F\u00e1brica de Artiller\u00eda.<\/p>\n<p>A finales de agosto la direcci\u00f3n hablaba de <strong>m\u00e1s de treinta espect\u00e1culos agotados<\/strong> en el conjunto de la Bienal, e <em>Infinita<\/em> aparec\u00eda entre los t\u00edtulos de m\u00e1xima demanda.<\/p>\n<p>La lecci\u00f3n pr\u00e1ctica es sencilla: si una funci\u00f3n de este fin de semana todav\u00eda aparece disponible y realmente quieres verla, no conviene retrasar demasiado la compra.<\/p>\n<\/div><\/div><\/div><\/div><\/div><div class=\"vc_col-sm-6 wpb_column vc_column_container\"><div class=\"vc_column-inner\"><div class=\"wpb_wrapper\"><div class=\"wpb_text_column\"><div class=\"wpb_wrapper\"><h2>Una entrada agotada no arruina el d\u00eda<\/h2>\n<p>Si no tienes <em>Pan de oro<\/em>, puedes utilizar la ma\u00f1ana para <em>Tirititr\u00e1n<\/em>, visitar <a href=\"https:\/\/www.tablaosflamencos.com\/la-noche-azul-opera-flamenca-bienal-sevilla-2026.html\"><strong>La noche azul<\/strong><\/a> o recorrer Sevilla antes de la programaci\u00f3n de tarde.<\/p>\n<p>Si no tienes Dorantes o \u00c1ngeles Toledano, el s\u00e1bado todav\u00eda ofrece Canito &amp; Ra\u00fal Rodr\u00edguez y la programaci\u00f3n estable de flamenco en la ciudad. Si no tienes Ana Morales, el domingo conserva a Jos\u00e9 Ferm\u00edn Fern\u00e1ndez y Jos\u00e9 Maya como dos opciones de enorme inter\u00e9s.<\/p>\n<p>No recomendamos organizar el fin de semana alrededor de una reventa no verificada. Consulta primero las v\u00edas oficiales y despu\u00e9s construye un plan alternativo real.<\/p>\n<\/div><\/div><\/div><\/div><\/div><\/div><div class=\"w-separator size_medium\"><\/div><div class=\"w-hwrapper valign_top wrap stack_on_mobiles align_center\" style=\"--hwrapper-gap:1.2rem\"><div class=\"w-btn-wrapper align_none\"><a class=\"w-btn us-btn-style_1\" href=\"https:\/\/www.tablaosflamencos.com\/de\/flamenco-biennale-sevilla-2026-ausverkauft-alternativen.html\"><span class=\"w-btn-label\">Gu\u00eda de entradas agotadas<\/span><\/a><\/div><div class=\"w-btn-wrapper align_none\"><a class=\"w-btn us-btn-style_1\" href=\"https:\/\/www.tablaosflamencos.com\/de\/einzigartige-matineen-flamenco-biennale-sevilla-2026.html\"><span class=\"w-btn-label\">Ver Matin\u00e9s \u00danicas<\/span><\/a><\/div><\/div><\/div><\/div><\/div><\/div><\/div><\/section><section class=\"l-section wpb_row height_huge\"><div class=\"l-section-h i-cf\"><div class=\"g-cols vc_row via_flex valign_top type_default stacking_default\"><div class=\"vc_col-sm-6 wpb_column vc_column_container\"><div class=\"vc_column-inner\"><div class=\"wpb_wrapper\"><div class=\"wpb_text_column\"><div class=\"wpb_wrapper\"><h2 id=\"familias\">Un primer fin de semana tambi\u00e9n para familias<\/h2>\n<p><em>Tirititr\u00e1n<\/em> es una de las mejores novedades del programa paralelo para quienes viajan con ni\u00f1os. El taller propone descubrir el comp\u00e1s de las alegr\u00edas mediante percusi\u00f3n corporal, palmas, voz, palabras y caj\u00f3n flamenco.<\/p>\n<p>CaixaForum lo programa del 11 al 13 de septiembre con varias sesiones cada d\u00eda y lo recomienda para <strong>familias con ni\u00f1os a partir de 7 a\u00f1os<\/strong>. La actividad es gratuita, pero requiere reserva, que se habilita el d\u00eda anterior a cada sesi\u00f3n.<\/p>\n<p>Esto permite incorporar la Bienal a un viaje familiar sin obligar a que toda la experiencia dependa de una funci\u00f3n nocturna de teatro.<\/p>\n<\/div><\/div><\/div><\/div><\/div><div class=\"vc_col-sm-6 wpb_column vc_column_container\"><div class=\"vc_column-inner\"><div class=\"wpb_wrapper\"><div class=\"wpb_text_column\"><div class=\"wpb_wrapper\"><h2>Flamenco gratis durante el fin de semana<\/h2>\n<p>Adem\u00e1s de <em>Tirititr\u00e1n<\/em>, el s\u00e1bado CaixaForum anuncia microconciertos de <strong>Gabriel D&#8217;Ario<\/strong> a las 18:00 y 19:00 con acceso gratuito hasta completar aforo.<\/p>\n<p>La programaci\u00f3n paralela de 2026 ampl\u00eda adem\u00e1s la Bienal a exposiciones, cine, espacios p\u00fablicos y otras instituciones. Si quieres organizar una jornada con presupuesto reducido, consulta nuestra gu\u00eda espec\u00edfica de <strong>actividades gratuitas de la Bienal<\/strong>.<\/p>\n<\/div><\/div><div class=\"w-separator size_medium\"><\/div><div class=\"w-btn-wrapper align_none\"><a class=\"w-btn us-btn-style_1\" href=\"https:\/\/www.tablaosflamencos.com\/de\/flamenco-biennale-sevilla-2026-kostenlos.html\"><span class=\"w-btn-label\">Bienal 2026 gratis<\/span><\/a><\/div><\/div><\/div><\/div><\/div><\/div><\/section><section class=\"l-section wpb_row height_huge color_alternate with_shape\"><div class=\"l-section-shape type_zigzag pos_top\" style=\"height:3vmin;\"><svg xmlns=\"http:\/\/www.w3.org\/2000\/svg\" viewBox=\"0 0 64 8\" preserveAspectRatio=\"none\" width=\"100%\" height=\"100%\">\r\n\t<path fill=\"currentColor\" d=\"M64 8 L0 8 L0 0 L20 7.9 L40 3 L48 5 L64 0 Z\"\/>\r\n<\/svg><\/div><div class=\"l-section-shape type_zigzag pos_bottom\" style=\"height:3vmin;\"><svg xmlns=\"http:\/\/www.w3.org\/2000\/svg\" viewBox=\"0 0 64 8\" preserveAspectRatio=\"none\" width=\"100%\" height=\"100%\">\r\n\t<path fill=\"currentColor\" d=\"M64 8 L0 8 L0 0 L20 7.9 L40 3 L48 5 L64 0 Z\"\/>\r\n<\/svg><\/div><div class=\"l-section-h i-cf\"><div class=\"g-cols vc_row via_flex valign_top type_default stacking_default\"><div class=\"vc_col-sm-6 wpb_column vc_column_container\"><div class=\"vc_column-inner\"><div class=\"wpb_wrapper\"><div class=\"wpb_text_column\"><div class=\"wpb_wrapper\"><h2 id=\"logistica\">No conviertas la Bienal en una carrera entre teatros<\/h2>\n<p>Sobre el papel, algunos horarios parecen compatibles. En la pr\u00e1ctica hay que sumar duraci\u00f3n real, aplausos, salida del recinto, tr\u00e1fico, espera de taxi y acceso al siguiente espacio.<\/p>\n<p>El Espacio Turina est\u00e1 en pleno centro. Maestranza y Lope de Vega se encuentran en la zona monumental. El Teatro Alameda queda al norte del casco hist\u00f3rico. El Teatro Central y CaixaForum est\u00e1n en la Isla de la Cartuja, y la Real F\u00e1brica de Artiller\u00eda se sit\u00faa en San Bernardo.<\/p>\n<p>Eso significa que <strong>dos espect\u00e1culos separados por solo una hora no deben considerarse combinables<\/strong> si empiezan en espacios distintos.<\/p>\n<\/div><\/div><\/div><\/div><\/div><div class=\"vc_col-sm-6 wpb_column vc_column_container\"><div class=\"vc_column-inner\"><div class=\"wpb_wrapper\"><div class=\"wpb_text_column\"><div class=\"wpb_wrapper\"><h2>Combinaciones razonables y combinaciones que evitar\u00edamos<\/h2>\n<ul>\n<li><strong>Antonio Rey 19:00 + La Tremendita 22:30:<\/strong> combinaci\u00f3n razonable dejando margen para salir de Turina y desplazarse al Central.<\/li>\n<li><strong>Sara Baras 20:00 + La Tremendita 22:30:<\/strong> posible solo si la duraci\u00f3n y la salida de la funci\u00f3n permiten un desplazamiento tranquilo; no la plantear\u00edamos como segura sin comprobar horarios.<\/li>\n<li><strong>Canito &amp; Ra\u00fal Rodr\u00edguez 19:00 + Dorantes\/Sara Baras 20:00:<\/strong> no recomendable. Los horarios se solapan de hecho.<\/li>\n<li><strong>Jos\u00e9 Ferm\u00edn Fern\u00e1ndez 19:00 + Jos\u00e9 Maya 22:30:<\/strong> es una de las combinaciones m\u00e1s realistas del domingo.<\/li>\n<li><strong>Sara Baras 20:00 + Ana Morales 21:00:<\/strong> incompatible.<\/li>\n<\/ul>\n<\/div><\/div><\/div><\/div><\/div><\/div><\/div><\/section><section class=\"l-section wpb_row height_huge\"><div class=\"l-section-h i-cf\"><div class=\"g-cols vc_row via_flex valign_top type_default stacking_default\"><div class=\"vc_col-sm-1\/5 wpb_column vc_column_container\"><div class=\"vc_column-inner\"><div class=\"wpb_wrapper\"><\/div><\/div><\/div><div class=\"vc_col-sm-3\/5 wpb_column vc_column_container\"><div class=\"vc_column-inner\"><div class=\"wpb_wrapper\"><div class=\"wpb_text_column\"><div class=\"wpb_wrapper\"><h2 style=\"text-align: center;\">Nuestra selecci\u00f3n para quien todav\u00eda no ha comprado nada<\/h2>\n<p style=\"text-align: center;\">A 31 de agosto, parte de las funciones m\u00e1s medi\u00e1ticas ya est\u00e1n agotadas. Por eso nuestra recomendaci\u00f3n no es perseguir el programa ideal de febrero, sino construir el mejor programa posible con la disponibilidad actual.<\/p>\n<p style=\"text-align: center;\"><strong>Viernes:<\/strong> Antonio Rey o Sara Baras, y valorar La Tremendita para cerrar. <strong>S\u00e1bado:<\/strong> Canito &amp; Ra\u00fal Rodr\u00edguez como una de las opciones m\u00e1s singulares todav\u00eda a considerar, completando el d\u00eda con CaixaForum si buscas actividad diurna. <strong>Domingo:<\/strong> Jos\u00e9 Ferm\u00edn Fern\u00e1ndez y Jos\u00e9 Maya forman una combinaci\u00f3n especialmente atractiva si las grandes funciones intermedias ya est\u00e1n completas.<\/p>\n<p style=\"text-align: center;\">Y si una de las noches se queda sin entrada oficial, un tablao no es un sustituto id\u00e9ntico a la Bienal: es otra forma de flamenco. Precisamente por eso puede completar muy bien el viaje.<\/p>\n<\/div><\/div><div class=\"w-separator size_medium\"><\/div><div class=\"w-hwrapper valign_top wrap stack_on_mobiles align_center\" style=\"--hwrapper-gap:1.2rem\"><div class=\"w-btn-wrapper align_none\"><a class=\"w-btn us-btn-style_1\" href=\"https:\/\/www.tablaosflamencos.com\/de\/flamenco-biennale-sevilla\"><span class=\"w-btn-label\">Ver la landing de la Bienal<\/span><\/a><\/div><div class=\"w-btn-wrapper align_none\"><a class=\"w-btn us-btn-style_1\" href=\"https:\/\/www.tablaosflamencos.com\/de\/einzigartige-naechte-flamenco-biennale-sevilla-2026.html\"><span class=\"w-btn-label\">Noches \u00danicas 2026<\/span><\/a><\/div><div class=\"w-btn-wrapper align_none\"><a class=\"w-btn us-btn-style_1\" href=\"https:\/\/www.tablaosflamencos.com\/de\/flamenco-in-sevilla\"><span class=\"w-btn-label\">Ver flamenco en Sevilla<\/span><\/a><\/div><\/div><\/div><\/div><\/div><div class=\"vc_col-sm-1\/5 wpb_column vc_column_container\"><div class=\"vc_column-inner\"><div class=\"wpb_wrapper\"><\/div><\/div><\/div><\/div><\/div><\/section><section class=\"l-section wpb_row height_huge color_alternate with_shape\"><div class=\"l-section-shape type_zigzag pos_top\" style=\"height:3vmin;\"><svg xmlns=\"http:\/\/www.w3.org\/2000\/svg\" viewBox=\"0 0 64 8\" preserveAspectRatio=\"none\" width=\"100%\" height=\"100%\">\r\n\t<path fill=\"currentColor\" d=\"M64 8 L0 8 L0 0 L20 7.9 L40 3 L48 5 L64 0 Z\"\/>\r\n<\/svg><\/div><div class=\"l-section-shape type_zigzag pos_bottom\" style=\"height:3vmin;\"><svg xmlns=\"http:\/\/www.w3.org\/2000\/svg\" viewBox=\"0 0 64 8\" preserveAspectRatio=\"none\" width=\"100%\" height=\"100%\">\r\n\t<path fill=\"currentColor\" d=\"M64 8 L0 8 L0 0 L20 7.9 L40 3 L48 5 L64 0 Z\"\/>\r\n<\/svg><\/div><div class=\"l-section-h i-cf\"><div class=\"g-cols vc_row via_flex valign_top type_default stacking_default\"><div class=\"vc_col-sm-1\/5 wpb_column vc_column_container\"><div class=\"vc_column-inner\"><div class=\"wpb_wrapper\"><\/div><\/div><\/div><div class=\"vc_col-sm-3\/5 wpb_column vc_column_container\"><div class=\"vc_column-inner\"><div class=\"wpb_wrapper\"><div class=\"wpb_text_column\"><div class=\"wpb_wrapper\"><h2 id=\"faq-fin-semana\" style=\"text-align: center;\">Preguntas frecuentes sobre el primer fin de semana de la Bienal 2026<\/h2>\n<\/div><\/div><div class=\"w-separator size_medium\"><\/div><div class=\"w-tabs accordion toggle_style_1 has_scrolling\" style=\"--sections-title-size:inherit;--sections-gap:0.5rem;\"><div class=\"w-tabs-sections titles-align_none icon_chevron cpos_right\"><div class=\"w-tabs-section\" id=\"b0be\"><button type=\"button\" class=\"w-tabs-section-header\" aria-controls=\"content-b0be\" aria-expanded=\"false\"><div class=\"w-tabs-section-title\">\u00bfCu\u00e1ndo es el primer fin de semana de la Bienal de Flamenco 2026?<\/div><div class=\"w-tabs-section-control\"><\/div><\/button><div  class=\"w-tabs-section-content\" id=\"content-b0be\"><div class=\"w-tabs-section-content-h i-cf\"><div class=\"wpb_text_column\"><div class=\"wpb_wrapper\"><p>El primer fin de semana completo va del <strong>viernes 11 al domingo 13 de septiembre de 2026<\/strong>. La Bienal comienza oficialmente el mi\u00e9rcoles 9 de septiembre.<\/p>\n<\/div><\/div><\/div><\/div><\/div><div class=\"w-tabs-section\" id=\"x1b1\"><button type=\"button\" class=\"w-tabs-section-header\" aria-controls=\"content-x1b1\" aria-expanded=\"false\"><div class=\"w-tabs-section-title\">\u00bfQu\u00e9 espect\u00e1culos hay el viernes 11 de septiembre?<\/div><div class=\"w-tabs-section-control\"><\/div><\/button><div  class=\"w-tabs-section-content\" id=\"content-x1b1\"><div class=\"w-tabs-section-content-h i-cf\"><div class=\"wpb_text_column\"><div class=\"wpb_wrapper\"><p>El viernes est\u00e1n programados <em>Tirititr\u00e1n<\/em> en CaixaForum, Antonio Rey en el Espacio Turina, Sara Baras en el Teatro de la Maestranza y La Tremendita en el Teatro Central.<\/p>\n<\/div><\/div><\/div><\/div><\/div><div class=\"w-tabs-section\" id=\"x28d\"><button type=\"button\" class=\"w-tabs-section-header\" aria-controls=\"content-x28d\" aria-expanded=\"false\"><div class=\"w-tabs-section-title\">\u00bfQu\u00e9 espect\u00e1culos hay el s\u00e1bado 12?<\/div><div class=\"w-tabs-section-control\"><\/div><\/button><div  class=\"w-tabs-section-content\" id=\"content-x28d\"><div class=\"w-tabs-section-content-h i-cf\"><div class=\"wpb_text_column\"><div class=\"wpb_wrapper\"><p>El s\u00e1bado incluye <em>Tirititr\u00e1n<\/em> y un microconcierto de guitarra en CaixaForum, Pedro El Grana\u00edno en San Luis, Canito &amp; Ra\u00fal Rodr\u00edguez en Turina, Dorantes en el Lope de Vega, Sara Baras en el Maestranza y \u00c1ngeles Toledano en el Teatro Alameda.<\/p>\n<\/div><\/div><\/div><\/div><\/div><div class=\"w-tabs-section\" id=\"z35d\"><button type=\"button\" class=\"w-tabs-section-header\" aria-controls=\"content-z35d\" aria-expanded=\"false\"><div class=\"w-tabs-section-title\">\u00bfQu\u00e9 espect\u00e1culos hay el domingo 13?<\/div><div class=\"w-tabs-section-control\"><\/div><\/button><div  class=\"w-tabs-section-content\" id=\"content-z35d\"><div class=\"w-tabs-section-content-h i-cf\"><div class=\"wpb_text_column\"><div class=\"wpb_wrapper\"><p>El domingo hay <em>Tirititr\u00e1n<\/em>, Pedro El Grana\u00edno, Jos\u00e9 Ferm\u00edn Fern\u00e1ndez, Sara Baras, Ana Morales y Jos\u00e9 Maya, repartidos entre CaixaForum, San Luis de los Franceses, Espacio Turina, Maestranza, Real F\u00e1brica de Artiller\u00eda y Teatro Central.<\/p>\n<\/div><\/div><\/div><\/div><\/div><div class=\"w-tabs-section\" id=\"m45c\"><button type=\"button\" class=\"w-tabs-section-header\" aria-controls=\"content-m45c\" aria-expanded=\"false\"><div class=\"w-tabs-section-title\">\u00bfQu\u00e9 funciones del primer fin de semana est\u00e1n agotadas?<\/div><div class=\"w-tabs-section-control\"><\/div><\/button><div  class=\"w-tabs-section-content\" id=\"content-m45c\"><div class=\"w-tabs-section-content-h i-cf\"><div class=\"wpb_text_column\"><div class=\"wpb_wrapper\"><p>La organizaci\u00f3n confirm\u00f3 con antelaci\u00f3n las dos funciones de <em>Pan de oro<\/em> de Pedro El Grana\u00edno, <em>Fractal Arcano<\/em> de Dorantes y <em>La misma sangre del cuerpo<\/em> de \u00c1ngeles Toledano. Tambi\u00e9n est\u00e1n agotadas las funciones de <em>Rapsodia. Fantas\u00eda subterr\u00e1nea<\/em> de Ana Morales. La situaci\u00f3n de otras funciones puede cambiar, por lo que hay que revisar siempre la venta oficial.<\/p>\n<\/div><\/div><\/div><\/div><\/div><div class=\"w-tabs-section\" id=\"q529\"><button type=\"button\" class=\"w-tabs-section-header\" aria-controls=\"content-q529\" aria-expanded=\"false\"><div class=\"w-tabs-section-title\">\u00bfHay actividades gratuitas ese fin de semana?<\/div><div class=\"w-tabs-section-control\"><\/div><\/button><div  class=\"w-tabs-section-content\" id=\"content-q529\"><div class=\"w-tabs-section-content-h i-cf\"><div class=\"wpb_text_column\"><div class=\"wpb_wrapper\"><p>S\u00ed. <em>Tirititr\u00e1n<\/em> se celebra gratuitamente en CaixaForum con reserva previa y el s\u00e1bado hay adem\u00e1s microconciertos gratuitos de guitarra de Gabriel D&#8217;Ario hasta completar aforo.<\/p>\n<\/div><\/div><\/div><\/div><\/div><div class=\"w-tabs-section\" id=\"i5ea\"><button type=\"button\" class=\"w-tabs-section-header\" aria-controls=\"content-i5ea\" aria-expanded=\"false\"><div class=\"w-tabs-section-title\">\u00bfCu\u00e1l es la mejor opci\u00f3n si me interesa especialmente la guitarra?<\/div><div class=\"w-tabs-section-control\"><\/div><\/button><div  class=\"w-tabs-section-content\" id=\"content-i5ea\"><div class=\"w-tabs-section-content-h i-cf\"><div class=\"wpb_text_column\"><div class=\"wpb_wrapper\"><p>Antonio Rey el viernes, Canito &amp; Ra\u00fal Rodr\u00edguez el s\u00e1bado y Jos\u00e9 Ferm\u00edn Fern\u00e1ndez el domingo permiten construir un recorrido de tres d\u00edas centrado en la guitarra y las m\u00fasicas de ra\u00edz. Dorantes a\u00f1ade una visi\u00f3n desde el piano, aunque su funci\u00f3n est\u00e1 agotada.<\/p>\n<\/div><\/div><\/div><\/div><\/div><div class=\"w-tabs-section\" id=\"r6af\"><button type=\"button\" class=\"w-tabs-section-header\" aria-controls=\"content-r6af\" aria-expanded=\"false\"><div class=\"w-tabs-section-title\">\u00bfPuedo ver dos espect\u00e1culos el mismo d\u00eda?<\/div><div class=\"w-tabs-section-control\"><\/div><\/button><div  class=\"w-tabs-section-content\" id=\"content-r6af\"><div class=\"w-tabs-section-content-h i-cf\"><div class=\"wpb_text_column\"><div class=\"wpb_wrapper\"><p>En algunos casos s\u00ed, pero hay que contar con la duraci\u00f3n de las funciones y los desplazamientos. Por ejemplo, Antonio Rey a las 19:00 y La Tremendita a las 22:30 forman una combinaci\u00f3n razonable; Canito &amp; Ra\u00fal Rodr\u00edguez a las 19:00 y una funci\u00f3n de las 20:00 no son compatibles.<\/p>\n<\/div><\/div><\/div><\/div><\/div><div class=\"w-tabs-section\" id=\"b7a6\"><button type=\"button\" class=\"w-tabs-section-header\" aria-controls=\"content-b7a6\" aria-expanded=\"false\"><div class=\"w-tabs-section-title\">\u00bfD\u00f3nde se compran las entradas?<\/div><div class=\"w-tabs-section-control\"><\/div><\/button><div  class=\"w-tabs-section-content\" id=\"content-b7a6\"><div class=\"w-tabs-section-content-h i-cf\"><div class=\"wpb_text_column\"><div class=\"wpb_wrapper\"><p>La forma m\u00e1s segura es acceder a la ficha de cada espect\u00e1culo desde la <a href=\"https:\/\/www.labienal.com\/programa-general\" target=\"_blank\" rel=\"noopener\"><strong>programaci\u00f3n oficial de la Bienal<\/strong><\/a> y utilizar desde all\u00ed el canal oficial de venta correspondiente.<\/p>\n<\/div><\/div><\/div><\/div><\/div><\/div><\/div><\/div><\/div><\/div><div class=\"vc_col-sm-1\/5 wpb_column vc_column_container\"><div class=\"vc_column-inner\"><div class=\"wpb_wrapper\"><\/div><\/div><\/div><\/div><\/div><\/section>\n","protected":false},"excerpt":{"rendered":"<p>Was Sie vom 11. bis 13. September bei der Flamenco-Biennale Sevilla 2026 sehen k\u00f6nnen: vollst\u00e4ndiges Programm, Empfehlungen, ausverkaufte Vorstellungen, Routen und kostenlose Aktivit\u00e4ten.<\/p>\n","protected":false},"author":1,"featured_media":13733,"comment_status":"closed","ping_status":"closed","sticky":false,"template":"","format":"standard","meta":{"_acf_changed":false,"wpai_generated_summary":"","_ayudawp_aiss_exclude":false,"_ayudawp_aiss_exclude_summary":false,"_ayudawp_aiss_summary":"","_ayudawp_aiss_summary_provider":"","_ayudawp_aiss_summary_hash":"","footnotes":""},"categories":[1431],"tags":[1244,1245,1246,1247,1166,405],"class_list":["post-13773","post","type-post","status-publish","format-standard","has-post-thumbnail","hentry","category-flamenco-biennale","tag-agenda-flamenca","tag-bienal-2026","tag-bienal-de-flamenco","tag-festivales-flamencos","tag-flamenco-en-sevilla","tag-sevilla"],"acf":[],"yoast_head":"<!-- This site is optimized with the Yoast SEO Premium plugin v28.3 (Yoast SEO v28.3) - https:\/\/yoast.com\/product\/yoast-seo-premium-wordpress\/ -->\n<title>Erstes Wochenende Biennale 2026: Was sehen in Sevilla<\/title>\n<meta name=\"description\" content=\"Was Sie vom 11. bis 13. September bei der Flamenco-Biennale Sevilla 2026 sehen k\u00f6nnen: Programm, Empfehlungen, ausverkaufte Vorstellungen, Routen und kostenlose Aktivit\u00e4ten.\" \/>\n<meta name=\"robots\" content=\"index, follow, max-snippet:-1, max-image-preview:large, max-video-preview:-1\" \/>\n<link rel=\"canonical\" href=\"https:\/\/www.tablaosflamencos.com\/de\/erstes-wochenende-flamenco-biennale-sevilla-2026-was-sehen.html\" \/>\n<meta property=\"og:locale\" content=\"de_DE\" \/>\n<meta property=\"og:type\" content=\"article\" \/>\n<meta property=\"og:title\" content=\"Was man am ersten Wochenende der Flamenco-Biennale Sevilla 2026 sehen sollte\" \/>\n<meta property=\"og:description\" content=\"Was Sie vom 11. bis 13. September bei der Flamenco-Biennale Sevilla 2026 sehen k\u00f6nnen: Programm, Empfehlungen, ausverkaufte Vorstellungen, Routen und kostenlose Aktivit\u00e4ten.\" \/>\n<meta property=\"og:url\" content=\"https:\/\/www.tablaosflamencos.com\/de\/erstes-wochenende-flamenco-biennale-sevilla-2026-was-sehen.html\" \/>\n<meta property=\"og:site_name\" content=\"Tablaos Flamencos\" \/>\n<meta property=\"article:publisher\" content=\"https:\/\/www.facebook.com\/tablaosflamencos\" \/>\n<meta property=\"article:published_time\" content=\"2026-08-31T18:03:41+00:00\" \/>\n<meta property=\"article:modified_time\" content=\"2026-08-31T18:29:00+00:00\" \/>\n<meta property=\"og:image\" content=\"https:\/\/www.tablaosflamencos.com\/wp-content\/uploads\/que-ver-el-primer-fin-de-semana-de-la-bienal-de-flamenco-2026-01.webp\" \/>\n\t<meta property=\"og:image:width\" content=\"1920\" \/>\n\t<meta property=\"og:image:height\" content=\"1072\" \/>\n\t<meta property=\"og:image:type\" content=\"image\/webp\" \/>\n<meta name=\"author\" content=\"Miguel Ortiz\" \/>\n<meta name=\"twitter:card\" content=\"summary_large_image\" \/>\n<meta name=\"twitter:creator\" content=\"@tablaosflamenco\" \/>\n<meta name=\"twitter:site\" content=\"@tablaosflamenco\" \/>\n<meta name=\"twitter:label1\" content=\"Verfasst von\" \/>\n\t<meta name=\"twitter:data1\" content=\"Miguel Ortiz\" \/>\n\t<meta name=\"twitter:label2\" content=\"Gesch\u00e4tzte Lesezeit\" \/>\n\t<meta name=\"twitter:data2\" content=\"24\u00a0Minuten\" \/>\n<script type=\"application\/ld+json\" class=\"yoast-schema-graph\">{\"@context\":\"https:\\\/\\\/schema.org\",\"@graph\":[{\"@type\":\"Article\",\"@id\":\"https:\\\/\\\/www.tablaosflamencos.com\\\/de\\\/erstes-wochenende-flamenco-biennale-sevilla-2026-was-sehen.html#article\",\"isPartOf\":{\"@id\":\"https:\\\/\\\/www.tablaosflamencos.com\\\/de\\\/erstes-wochenende-flamenco-biennale-sevilla-2026-was-sehen.html\"},\"author\":{\"name\":\"Miguel Ortiz\",\"@id\":\"https:\\\/\\\/www.tablaosflamencos.com\\\/de#\\\/schema\\\/person\\\/e7a9ebe14eb75a52ceabfbffb3c54f5d\"},\"headline\":\"Was man am ersten Wochenende der Flamenco-Biennale Sevilla 2026 sehen sollte\",\"datePublished\":\"2026-08-31T18:03:41+00:00\",\"dateModified\":\"2026-08-31T18:29:00+00:00\",\"mainEntityOfPage\":{\"@id\":\"https:\\\/\\\/www.tablaosflamencos.com\\\/de\\\/erstes-wochenende-flamenco-biennale-sevilla-2026-was-sehen.html\"},\"wordCount\":4854,\"publisher\":{\"@id\":\"https:\\\/\\\/www.tablaosflamencos.com\\\/de#organization\"},\"image\":{\"@id\":\"https:\\\/\\\/www.tablaosflamencos.com\\\/de\\\/erstes-wochenende-flamenco-biennale-sevilla-2026-was-sehen.html#primaryimage\"},\"thumbnailUrl\":\"https:\\\/\\\/www.tablaosflamencos.com\\\/wp-content\\\/uploads\\\/que-ver-el-primer-fin-de-semana-de-la-bienal-de-flamenco-2026-01.webp\",\"keywords\":[\"agenda flamenca\",\"Bienal 2026\",\"Bienal de Flamenco\",\"festivales flamencos\",\"flamenco en Sevilla\",\"sevilla\"],\"articleSection\":[\"Flamenco-Biennale\"],\"inLanguage\":\"de\"},{\"@type\":\"WebPage\",\"@id\":\"https:\\\/\\\/www.tablaosflamencos.com\\\/de\\\/erstes-wochenende-flamenco-biennale-sevilla-2026-was-sehen.html\",\"url\":\"https:\\\/\\\/www.tablaosflamencos.com\\\/de\\\/erstes-wochenende-flamenco-biennale-sevilla-2026-was-sehen.html\",\"name\":\"Erstes Wochenende Biennale 2026: Was sehen in Sevilla\",\"isPartOf\":{\"@id\":\"https:\\\/\\\/www.tablaosflamencos.com\\\/de#website\"},\"primaryImageOfPage\":{\"@id\":\"https:\\\/\\\/www.tablaosflamencos.com\\\/de\\\/erstes-wochenende-flamenco-biennale-sevilla-2026-was-sehen.html#primaryimage\"},\"image\":{\"@id\":\"https:\\\/\\\/www.tablaosflamencos.com\\\/de\\\/erstes-wochenende-flamenco-biennale-sevilla-2026-was-sehen.html#primaryimage\"},\"thumbnailUrl\":\"https:\\\/\\\/www.tablaosflamencos.com\\\/wp-content\\\/uploads\\\/que-ver-el-primer-fin-de-semana-de-la-bienal-de-flamenco-2026-01.webp\",\"datePublished\":\"2026-08-31T18:03:41+00:00\",\"dateModified\":\"2026-08-31T18:29:00+00:00\",\"description\":\"Was Sie vom 11. bis 13. September bei der Flamenco-Biennale Sevilla 2026 sehen k\u00f6nnen: Programm, Empfehlungen, ausverkaufte Vorstellungen, Routen und kostenlose Aktivit\u00e4ten.\",\"breadcrumb\":{\"@id\":\"https:\\\/\\\/www.tablaosflamencos.com\\\/de\\\/erstes-wochenende-flamenco-biennale-sevilla-2026-was-sehen.html#breadcrumb\"},\"inLanguage\":\"de\",\"potentialAction\":[{\"@type\":\"ReadAction\",\"target\":[\"https:\\\/\\\/www.tablaosflamencos.com\\\/de\\\/erstes-wochenende-flamenco-biennale-sevilla-2026-was-sehen.html\"]}]},{\"@type\":\"ImageObject\",\"inLanguage\":\"de\",\"@id\":\"https:\\\/\\\/www.tablaosflamencos.com\\\/de\\\/erstes-wochenende-flamenco-biennale-sevilla-2026-was-sehen.html#primaryimage\",\"url\":\"https:\\\/\\\/www.tablaosflamencos.com\\\/wp-content\\\/uploads\\\/que-ver-el-primer-fin-de-semana-de-la-bienal-de-flamenco-2026-01.webp\",\"contentUrl\":\"https:\\\/\\\/www.tablaosflamencos.com\\\/wp-content\\\/uploads\\\/que-ver-el-primer-fin-de-semana-de-la-bienal-de-flamenco-2026-01.webp\",\"width\":1920,\"height\":1072,\"caption\":\"Qu\u00e9 ver el primer fin de semana de la Bienal de Flamenco 2026\"},{\"@type\":\"BreadcrumbList\",\"@id\":\"https:\\\/\\\/www.tablaosflamencos.com\\\/de\\\/erstes-wochenende-flamenco-biennale-sevilla-2026-was-sehen.html#breadcrumb\",\"itemListElement\":[{\"@type\":\"ListItem\",\"position\":1,\"name\":\"Home\",\"item\":\"https:\\\/\\\/www.tablaosflamencos.com\\\/de\"},{\"@type\":\"ListItem\",\"position\":2,\"name\":\"Was man am ersten Wochenende der Flamenco-Biennale Sevilla 2026 sehen sollte\"}]},{\"@type\":\"WebSite\",\"@id\":\"https:\\\/\\\/www.tablaosflamencos.com\\\/de#website\",\"url\":\"https:\\\/\\\/www.tablaosflamencos.com\\\/de\",\"name\":\"Tablaos Flamencos\",\"description\":\"Entradas para tablaos flamencos de Espa\u00f1a\",\"publisher\":{\"@id\":\"https:\\\/\\\/www.tablaosflamencos.com\\\/de#organization\"},\"alternateName\":\"Tablaos Flamencos\",\"potentialAction\":[{\"@type\":\"SearchAction\",\"target\":{\"@type\":\"EntryPoint\",\"urlTemplate\":\"https:\\\/\\\/www.tablaosflamencos.com\\\/de?s={search_term_string}\"},\"query-input\":{\"@type\":\"PropertyValueSpecification\",\"valueRequired\":true,\"valueName\":\"search_term_string\"}}],\"inLanguage\":\"de\"},{\"@type\":[\"Organization\",\"Place\",\"EntertainmentBusiness\"],\"@id\":\"https:\\\/\\\/www.tablaosflamencos.com\\\/de#organization\",\"name\":\"Tablaos Flamencos\",\"alternateName\":\"Tablaos Flamencos\",\"url\":\"https:\\\/\\\/www.tablaosflamencos.com\\\/de\",\"logo\":{\"@id\":\"https:\\\/\\\/www.tablaosflamencos.com\\\/de\\\/erstes-wochenende-flamenco-biennale-sevilla-2026-was-sehen.html#local-main-organization-logo\"},\"image\":{\"@id\":\"https:\\\/\\\/www.tablaosflamencos.com\\\/de\\\/erstes-wochenende-flamenco-biennale-sevilla-2026-was-sehen.html#local-main-organization-logo\"},\"sameAs\":[\"https:\\\/\\\/www.facebook.com\\\/tablaosflamencos\",\"https:\\\/\\\/x.com\\\/tablaosflamenco\",\"https:\\\/\\\/mastodon.social\\\/@tablaosflamencos\",\"https:\\\/\\\/www.instagram.com\\\/tablaosflamencos\",\"https:\\\/\\\/tiktok.com\\\/@tablaosflamencos\",\"https:\\\/\\\/www.linkedin.com\\\/company\\\/109408238\\\/\"],\"description\":\"Venta de entradas para espect\u00e1culos flamencos\",\"legalName\":\"Tablaos Flamencos\",\"foundingDate\":\"2015-01-01\",\"numberOfEmployees\":{\"@type\":\"QuantitativeValue\",\"minValue\":\"1\",\"maxValue\":\"10\"},\"address\":{\"@id\":\"https:\\\/\\\/www.tablaosflamencos.com\\\/de\\\/erstes-wochenende-flamenco-biennale-sevilla-2026-was-sehen.html#local-main-place-address\"},\"geo\":{\"@type\":\"GeoCoordinates\",\"latitude\":\"37.3868072\",\"longitude\":\"-5.993280299999999\"},\"telephone\":[\"+34623787787\"],\"contactPoint\":{\"@type\":\"ContactPoint\",\"telephone\":\"+34623787787\",\"email\":\"info@tablaosflamencos.com\"},\"openingHoursSpecification\":{\"@type\":\"OpeningHoursSpecification\",\"dayOfWeek\":[\"Monday\",\"Tuesday\",\"Wednesday\",\"Thursday\",\"Friday\",\"Saturday\",\"Sunday\"],\"opens\":\"00:00\",\"closes\":\"23:59\"},\"email\":\"info@tablaosflamencos.com\",\"priceRange\":\"$$$\",\"currenciesAccepted\":\"\u20ac\"},{\"@type\":\"Person\",\"@id\":\"https:\\\/\\\/www.tablaosflamencos.com\\\/de#\\\/schema\\\/person\\\/e7a9ebe14eb75a52ceabfbffb3c54f5d\",\"name\":\"Miguel Ortiz\",\"description\":\"Miguel Ortiz es un empresario flamenco, con una s\u00f3lida trayectoria dentro del sector. Ha presidido entidades culturales vinculadas al flamenco y, cuenta con un amplio recorrido profesional en la gesti\u00f3n y promoci\u00f3n de espect\u00e1culos y tablaos flamencos. Su pasi\u00f3n por la historia y el arte flamenco se refleja en cada art\u00edculo, donde combina experiencia, criterio y un profundo respeto por la tradici\u00f3n.\",\"sameAs\":[\"https:\\\/\\\/www.tablaosflamencos.com\",\"https:\\\/\\\/www.instagra.com\\\/miguelortizfe\",\"https:\\\/\\\/www.linkedin.com\\\/in\\\/miguelortizf\\\/\"],\"birthDate\":\"1984-11-22\",\"gender\":\"hombre\",\"knowsLanguage\":[\"espa\u00f1ol\",\"ingl\u00e9s\"],\"jobTitle\":\"Empresario flamenco\"},{\"@type\":\"PostalAddress\",\"@id\":\"https:\\\/\\\/www.tablaosflamencos.com\\\/de\\\/erstes-wochenende-flamenco-biennale-sevilla-2026-was-sehen.html#local-main-place-address\",\"streetAddress\":\"C\\\/ Alemanes, 19\",\"addressLocality\":\"Sevilla\",\"postalCode\":\"41004\",\"addressRegion\":\"Sevilla\",\"addressCountry\":\"ES\"},{\"@type\":\"ImageObject\",\"inLanguage\":\"de\",\"@id\":\"https:\\\/\\\/www.tablaosflamencos.com\\\/de\\\/erstes-wochenende-flamenco-biennale-sevilla-2026-was-sehen.html#local-main-organization-logo\",\"url\":\"https:\\\/\\\/www.tablaosflamencos.com\\\/wp-content\\\/uploads\\\/tablaos-flamencos-06-3.webp\",\"contentUrl\":\"https:\\\/\\\/www.tablaosflamencos.com\\\/wp-content\\\/uploads\\\/tablaos-flamencos-06-3.webp\",\"width\":600,\"height\":620,\"caption\":\"Tablaos Flamencos\"}]}<\/script>\n<meta name=\"geo.placename\" content=\"Sevilla\" \/>\n<meta name=\"geo.position\" content=\"37.3868072;-5.993280299999999\" \/>\n<meta name=\"geo.region\" content=\"Spanien\" \/>\n<!-- \/ Yoast SEO Premium plugin. -->","yoast_head_json":{"title":"Erstes Wochenende Biennale 2026: Was sehen in Sevilla","description":"Was Sie vom 11. bis 13. September bei der Flamenco-Biennale Sevilla 2026 sehen k\u00f6nnen: Programm, Empfehlungen, ausverkaufte Vorstellungen, Routen und kostenlose Aktivit\u00e4ten.","robots":{"index":"index","follow":"follow","max-snippet":"max-snippet:-1","max-image-preview":"max-image-preview:large","max-video-preview":"max-video-preview:-1"},"canonical":"https:\/\/www.tablaosflamencos.com\/de\/erstes-wochenende-flamenco-biennale-sevilla-2026-was-sehen.html","og_locale":"de_DE","og_type":"article","og_title":"Was man am ersten Wochenende der Flamenco-Biennale Sevilla 2026 sehen sollte","og_description":"Was Sie vom 11. bis 13. September bei der Flamenco-Biennale Sevilla 2026 sehen k\u00f6nnen: Programm, Empfehlungen, ausverkaufte Vorstellungen, Routen und kostenlose Aktivit\u00e4ten.","og_url":"https:\/\/www.tablaosflamencos.com\/de\/erstes-wochenende-flamenco-biennale-sevilla-2026-was-sehen.html","og_site_name":"Tablaos Flamencos","article_publisher":"https:\/\/www.facebook.com\/tablaosflamencos","article_published_time":"2026-08-31T18:03:41+00:00","article_modified_time":"2026-08-31T18:29:00+00:00","og_image":[{"width":1920,"height":1072,"url":"https:\/\/www.tablaosflamencos.com\/wp-content\/uploads\/que-ver-el-primer-fin-de-semana-de-la-bienal-de-flamenco-2026-01.webp","type":"image\/webp"}],"author":"Miguel Ortiz","twitter_card":"summary_large_image","twitter_creator":"@tablaosflamenco","twitter_site":"@tablaosflamenco","twitter_misc":{"Verfasst von":"Miguel Ortiz","Gesch\u00e4tzte Lesezeit":"24\u00a0Minuten"},"schema":{"@context":"https:\/\/schema.org","@graph":[{"@type":"Article","@id":"https:\/\/www.tablaosflamencos.com\/de\/erstes-wochenende-flamenco-biennale-sevilla-2026-was-sehen.html#article","isPartOf":{"@id":"https:\/\/www.tablaosflamencos.com\/de\/erstes-wochenende-flamenco-biennale-sevilla-2026-was-sehen.html"},"author":{"name":"Miguel Ortiz","@id":"https:\/\/www.tablaosflamencos.com\/de#\/schema\/person\/e7a9ebe14eb75a52ceabfbffb3c54f5d"},"headline":"Was man am ersten Wochenende der Flamenco-Biennale Sevilla 2026 sehen sollte","datePublished":"2026-08-31T18:03:41+00:00","dateModified":"2026-08-31T18:29:00+00:00","mainEntityOfPage":{"@id":"https:\/\/www.tablaosflamencos.com\/de\/erstes-wochenende-flamenco-biennale-sevilla-2026-was-sehen.html"},"wordCount":4854,"publisher":{"@id":"https:\/\/www.tablaosflamencos.com\/de#organization"},"image":{"@id":"https:\/\/www.tablaosflamencos.com\/de\/erstes-wochenende-flamenco-biennale-sevilla-2026-was-sehen.html#primaryimage"},"thumbnailUrl":"https:\/\/www.tablaosflamencos.com\/wp-content\/uploads\/que-ver-el-primer-fin-de-semana-de-la-bienal-de-flamenco-2026-01.webp","keywords":["agenda flamenca","Bienal 2026","Bienal de Flamenco","festivales flamencos","flamenco en Sevilla","sevilla"],"articleSection":["Flamenco-Biennale"],"inLanguage":"de"},{"@type":"WebPage","@id":"https:\/\/www.tablaosflamencos.com\/de\/erstes-wochenende-flamenco-biennale-sevilla-2026-was-sehen.html","url":"https:\/\/www.tablaosflamencos.com\/de\/erstes-wochenende-flamenco-biennale-sevilla-2026-was-sehen.html","name":"Erstes Wochenende Biennale 2026: Was sehen in Sevilla","isPartOf":{"@id":"https:\/\/www.tablaosflamencos.com\/de#website"},"primaryImageOfPage":{"@id":"https:\/\/www.tablaosflamencos.com\/de\/erstes-wochenende-flamenco-biennale-sevilla-2026-was-sehen.html#primaryimage"},"image":{"@id":"https:\/\/www.tablaosflamencos.com\/de\/erstes-wochenende-flamenco-biennale-sevilla-2026-was-sehen.html#primaryimage"},"thumbnailUrl":"https:\/\/www.tablaosflamencos.com\/wp-content\/uploads\/que-ver-el-primer-fin-de-semana-de-la-bienal-de-flamenco-2026-01.webp","datePublished":"2026-08-31T18:03:41+00:00","dateModified":"2026-08-31T18:29:00+00:00","description":"Was Sie vom 11. bis 13. September bei der Flamenco-Biennale Sevilla 2026 sehen k\u00f6nnen: Programm, Empfehlungen, ausverkaufte Vorstellungen, Routen und kostenlose Aktivit\u00e4ten.","breadcrumb":{"@id":"https:\/\/www.tablaosflamencos.com\/de\/erstes-wochenende-flamenco-biennale-sevilla-2026-was-sehen.html#breadcrumb"},"inLanguage":"de","potentialAction":[{"@type":"ReadAction","target":["https:\/\/www.tablaosflamencos.com\/de\/erstes-wochenende-flamenco-biennale-sevilla-2026-was-sehen.html"]}]},{"@type":"ImageObject","inLanguage":"de","@id":"https:\/\/www.tablaosflamencos.com\/de\/erstes-wochenende-flamenco-biennale-sevilla-2026-was-sehen.html#primaryimage","url":"https:\/\/www.tablaosflamencos.com\/wp-content\/uploads\/que-ver-el-primer-fin-de-semana-de-la-bienal-de-flamenco-2026-01.webp","contentUrl":"https:\/\/www.tablaosflamencos.com\/wp-content\/uploads\/que-ver-el-primer-fin-de-semana-de-la-bienal-de-flamenco-2026-01.webp","width":1920,"height":1072,"caption":"Qu\u00e9 ver el primer fin de semana de la Bienal de Flamenco 2026"},{"@type":"BreadcrumbList","@id":"https:\/\/www.tablaosflamencos.com\/de\/erstes-wochenende-flamenco-biennale-sevilla-2026-was-sehen.html#breadcrumb","itemListElement":[{"@type":"ListItem","position":1,"name":"Home","item":"https:\/\/www.tablaosflamencos.com\/de"},{"@type":"ListItem","position":2,"name":"Was man am ersten Wochenende der Flamenco-Biennale Sevilla 2026 sehen sollte"}]},{"@type":"WebSite","@id":"https:\/\/www.tablaosflamencos.com\/de#website","url":"https:\/\/www.tablaosflamencos.com\/de","name":"Tablaos Flamencos","description":"Entradas para tablaos flamencos de Espa\u00f1a","publisher":{"@id":"https:\/\/www.tablaosflamencos.com\/de#organization"},"alternateName":"Tablaos Flamencos","potentialAction":[{"@type":"SearchAction","target":{"@type":"EntryPoint","urlTemplate":"https:\/\/www.tablaosflamencos.com\/de?s={search_term_string}"},"query-input":{"@type":"PropertyValueSpecification","valueRequired":true,"valueName":"search_term_string"}}],"inLanguage":"de"},{"@type":["Organization","Place","EntertainmentBusiness"],"@id":"https:\/\/www.tablaosflamencos.com\/de#organization","name":"Tablaos Flamencos","alternateName":"Tablaos Flamencos","url":"https:\/\/www.tablaosflamencos.com\/de","logo":{"@id":"https:\/\/www.tablaosflamencos.com\/de\/erstes-wochenende-flamenco-biennale-sevilla-2026-was-sehen.html#local-main-organization-logo"},"image":{"@id":"https:\/\/www.tablaosflamencos.com\/de\/erstes-wochenende-flamenco-biennale-sevilla-2026-was-sehen.html#local-main-organization-logo"},"sameAs":["https:\/\/www.facebook.com\/tablaosflamencos","https:\/\/x.com\/tablaosflamenco","https:\/\/mastodon.social\/@tablaosflamencos","https:\/\/www.instagram.com\/tablaosflamencos","https:\/\/tiktok.com\/@tablaosflamencos","https:\/\/www.linkedin.com\/company\/109408238\/"],"description":"Venta de entradas para espect\u00e1culos flamencos","legalName":"Tablaos Flamencos","foundingDate":"2015-01-01","numberOfEmployees":{"@type":"QuantitativeValue","minValue":"1","maxValue":"10"},"address":{"@id":"https:\/\/www.tablaosflamencos.com\/de\/erstes-wochenende-flamenco-biennale-sevilla-2026-was-sehen.html#local-main-place-address"},"geo":{"@type":"GeoCoordinates","latitude":"37.3868072","longitude":"-5.993280299999999"},"telephone":["+34623787787"],"contactPoint":{"@type":"ContactPoint","telephone":"+34623787787","email":"info@tablaosflamencos.com"},"openingHoursSpecification":{"@type":"OpeningHoursSpecification","dayOfWeek":["Monday","Tuesday","Wednesday","Thursday","Friday","Saturday","Sunday"],"opens":"00:00","closes":"23:59"},"email":"info@tablaosflamencos.com","priceRange":"$$$","currenciesAccepted":"\u20ac"},{"@type":"Person","@id":"https:\/\/www.tablaosflamencos.com\/de#\/schema\/person\/e7a9ebe14eb75a52ceabfbffb3c54f5d","name":"Miguel Ortiz","description":"Miguel Ortiz es un empresario flamenco, con una s\u00f3lida trayectoria dentro del sector. Ha presidido entidades culturales vinculadas al flamenco y, cuenta con un amplio recorrido profesional en la gesti\u00f3n y promoci\u00f3n de espect\u00e1culos y tablaos flamencos. Su pasi\u00f3n por la historia y el arte flamenco se refleja en cada art\u00edculo, donde combina experiencia, criterio y un profundo respeto por la tradici\u00f3n.","sameAs":["https:\/\/www.tablaosflamencos.com","https:\/\/www.instagra.com\/miguelortizfe","https:\/\/www.linkedin.com\/in\/miguelortizf\/"],"birthDate":"1984-11-22","gender":"hombre","knowsLanguage":["espa\u00f1ol","ingl\u00e9s"],"jobTitle":"Empresario flamenco"},{"@type":"PostalAddress","@id":"https:\/\/www.tablaosflamencos.com\/de\/erstes-wochenende-flamenco-biennale-sevilla-2026-was-sehen.html#local-main-place-address","streetAddress":"C\/ Alemanes, 19","addressLocality":"Sevilla","postalCode":"41004","addressRegion":"Sevilla","addressCountry":"ES"},{"@type":"ImageObject","inLanguage":"de","@id":"https:\/\/www.tablaosflamencos.com\/de\/erstes-wochenende-flamenco-biennale-sevilla-2026-was-sehen.html#local-main-organization-logo","url":"https:\/\/www.tablaosflamencos.com\/wp-content\/uploads\/tablaos-flamencos-06-3.webp","contentUrl":"https:\/\/www.tablaosflamencos.com\/wp-content\/uploads\/tablaos-flamencos-06-3.webp","width":600,"height":620,"caption":"Tablaos Flamencos"}]},"geo.placename":"Sevilla","geo.position":{"lat":"37.3868072","long":"-5.993280299999999"},"geo.region":"Spanien"},"_links":{"self":[{"href":"https:\/\/www.tablaosflamencos.com\/de\/wp-json\/wp\/v2\/posts\/13773","targetHints":{"allow":["GET"]}}],"collection":[{"href":"https:\/\/www.tablaosflamencos.com\/de\/wp-json\/wp\/v2\/posts"}],"about":[{"href":"https:\/\/www.tablaosflamencos.com\/de\/wp-json\/wp\/v2\/types\/post"}],"author":[{"embeddable":true,"href":"https:\/\/www.tablaosflamencos.com\/de\/wp-json\/wp\/v2\/users\/1"}],"replies":[{"embeddable":true,"href":"https:\/\/www.tablaosflamencos.com\/de\/wp-json\/wp\/v2\/comments?post=13773"}],"version-history":[{"count":7,"href":"https:\/\/www.tablaosflamencos.com\/de\/wp-json\/wp\/v2\/posts\/13773\/revisions"}],"predecessor-version":[{"id":13809,"href":"https:\/\/www.tablaosflamencos.com\/de\/wp-json\/wp\/v2\/posts\/13773\/revisions\/13809"}],"wp:featuredmedia":[{"embeddable":true,"href":"https:\/\/www.tablaosflamencos.com\/de\/wp-json\/wp\/v2\/media\/13733"}],"wp:attachment":[{"href":"https:\/\/www.tablaosflamencos.com\/de\/wp-json\/wp\/v2\/media?parent=13773"}],"wp:term":[{"taxonomy":"category","embeddable":true,"href":"https:\/\/www.tablaosflamencos.com\/de\/wp-json\/wp\/v2\/categories?post=13773"},{"taxonomy":"post_tag","embeddable":true,"href":"https:\/\/www.tablaosflamencos.com\/de\/wp-json\/wp\/v2\/tags?post=13773"}],"curies":[{"name":"wp","href":"https:\/\/api.w.org\/{rel}","templated":true}]}}