{"id":13738,"date":"2026-08-31T19:52:12","date_gmt":"2026-08-31T17:52:12","guid":{"rendered":"https:\/\/www.tablaosflamencos.com\/?p=13738"},"modified":"2026-08-31T20:17:18","modified_gmt":"2026-08-31T18:17:18","slug":"sara-baras-sevilla-2026-infinita-biennale","status":"publish","type":"post","link":"https:\/\/www.tablaosflamencos.com\/de\/sara-baras-sevilla-2026-infinita-biennale.html","title":{"rendered":"Sara Baras in Sevilla 2026: Infinita und ihre R\u00fcckkehr zur Biennale"},"content":{"rendered":"<section class=\"l-section wpb_row height_huge\"><div class=\"l-section-h i-cf\"><div class=\"g-cols vc_row via_flex valign_top type_default stacking_default\"><div class=\"vc_col-sm-6 wpb_column vc_column_container\"><div class=\"vc_column-inner\"><div class=\"wpb_wrapper\"><div class=\"wpb_text_column\"><div class=\"wpb_wrapper\"><h2>Sara Baras kehrt vierzehn Jahre sp\u00e4ter zur Biennale von Sevilla zur\u00fcck<\/h2>\n<p><strong>Sara Baras kehrt 2026 zur Flamenco-Biennale von Sevilla zur\u00fcck<\/strong> mit einem der am meisten erwarteten Ereignisse der 24. Ausgabe: der <strong>Urauff\u00fchrung von <em>Infinita<\/em><\/strong>, ihrer zwanzigsten Produktion und einer Liebeserkl\u00e4rung an Andalusien, aufgebaut aus Tanz, Erinnerung, Folklore und der Identit\u00e4t seiner acht Provinzen.<\/p>\n<p>Die aus C\u00e1diz stammende T\u00e4nzerin wird das <strong>Teatro de la Maestranza am 11., 12. und 13. September 2026 jeweils um 20:00 Uhr<\/strong>bespielen. Es ist kein gew\u00f6hnlicher Gastauftritt. Die Biennale hat diese R\u00fcckkehr als eine der gro\u00dfen Nachrichten der Ausgabe und als Auftakt des Maestranza-Programms innerhalb des Festivals sowie der B\u00fchnensaison des Theaters angek\u00fcndigt.<\/p>\n<p>Die Zahl, die dem Wiedersehen seine wahre Dimension verleiht, ist die vergangene Zeit: <strong>vierzehn Jahre seit ihrer letzten Biennale<\/strong>. 2012 brachte sie auf dieselbe B\u00fchne <em>La Pepa<\/em>, ebenfalls an drei Abenden, und damals waren alle 5.100 angebotenen Pl\u00e4tze ausverkauft.<\/p>\n<\/div><\/div><\/div><\/div><\/div><div class=\"vc_col-sm-6 wpb_column vc_column_container\"><div class=\"vc_column-inner\"><div class=\"wpb_wrapper\"><div class=\"wpb_text_column\"><div class=\"wpb_wrapper\"><p style=\"text-align: center; font-size: 58px; line-height: 1; margin-bottom: 10px;\"><strong>14<\/strong><\/p>\n<h3 style=\"text-align: center;\">Jahre sp\u00e4ter<\/h3>\n<p style=\"text-align: center;\"><strong>11., 12. und 13. September 2026<\/strong><\/p>\n<p style=\"text-align: center;\">20:00 Uhr \u00b7 Teatro de la Maestranza<\/p>\n<p style=\"text-align: center;\"><strong>Urauff\u00fchrung von <em>Infinita<\/em><\/strong><\/p>\n<p style=\"text-align: center;\">Regie, Buch und Choreografie: Sara Baras<\/p>\n<p style=\"text-align: center;\">Originalmusik: Keko Baldomero<\/p>\n<\/div><\/div><\/div><\/div><\/div><\/div><\/div><\/section><section class=\"l-section wpb_row height_huge color_alternate with_shape\"><div class=\"l-section-shape type_zigzag pos_top\" style=\"height:3vmin;\"><svg xmlns=\"http:\/\/www.w3.org\/2000\/svg\" viewBox=\"0 0 64 8\" preserveAspectRatio=\"none\" width=\"100%\" height=\"100%\">\r\n\t<path fill=\"currentColor\" d=\"M64 8 L0 8 L0 0 L20 7.9 L40 3 L48 5 L64 0 Z\"\/>\r\n<\/svg><\/div><div class=\"l-section-shape type_zigzag pos_bottom\" style=\"height:3vmin;\"><svg xmlns=\"http:\/\/www.w3.org\/2000\/svg\" viewBox=\"0 0 64 8\" preserveAspectRatio=\"none\" width=\"100%\" height=\"100%\">\r\n\t<path fill=\"currentColor\" d=\"M64 8 L0 8 L0 0 L20 7.9 L40 3 L48 5 L64 0 Z\"\/>\r\n<\/svg><\/div><div class=\"l-section-h i-cf\"><div class=\"g-cols vc_row via_flex valign_top type_default stacking_default\"><div class=\"vc_col-sm-12 wpb_column vc_column_container\"><div class=\"vc_column-inner\"><div class=\"wpb_wrapper\"><div class=\"wpb_text_column\"><div class=\"wpb_wrapper\"><blockquote>\n<p><strong>Kurzantwort:<\/strong> Sara Baras pr\u00e4sentiert <em>Infinita<\/em> bei der Flamenco-Biennale von Sevilla am <strong>11., 12. und 13. September 2026 um 20:00 Uhr<\/strong> im Teatro de la Maestranza. Es ist eine f\u00fcr die Biennale geschaffene Urauff\u00fchrung, eine Hommage an Andalusien durch acht Frauen, die seine acht Provinzen verk\u00f6rpern, und markiert die R\u00fcckkehr der K\u00fcnstlerin zum Festival vierzehn Jahre nach <em>La Pepa<\/em> (2012).<\/p>\n<\/blockquote>\n<p><strong>Letzte Aktualisierung: 31. August 2026.<\/strong> Alle drei Vorstellungen von <em>Infinita<\/em> geh\u00f6ren zu den ausverkauften Veranstaltungen dieser Ausgabe. Die Verf\u00fcgbarkeit kann sich \u00e4ndern, wenn Pl\u00e4tze freigegeben werden; deshalb sollten stets die offiziellen Kan\u00e4le gepr\u00fcft werden.<\/p>\n<\/div><\/div><div class=\"w-separator size_medium\"><\/div><div class=\"w-hwrapper valign_top wrap stack_on_mobiles align_center\" style=\"--hwrapper-gap:1.2rem\"><div class=\"w-btn-wrapper align_none\"><a class=\"w-btn us-btn-style_1\" href=\"https:\/\/www.tablaosflamencos.com\/de\/flamenco-biennale-sevilla-2026.html\"><span class=\"w-btn-label\">Vollst\u00e4ndiger Guide zur Biennale 2026<\/span><\/a><\/div><div class=\"w-btn-wrapper align_none\"><a class=\"w-btn us-btn-style_1\" href=\"https:\/\/www.labienal.com\/programa-general\/teatro-de-la-maestranza\/sara-baras\"><span class=\"w-btn-label\">Offizielle Infinita-Seite ansehen<\/span><\/a><\/div><\/div><\/div><\/div><\/div><\/div><\/div><\/section><section class=\"l-section wpb_row height_huge\"><div class=\"l-section-h i-cf\"><div class=\"g-cols vc_row via_flex valign_top type_default stacking_default\"><div class=\"vc_col-sm-1\/5 wpb_column vc_column_container\"><div class=\"vc_column-inner\"><div class=\"wpb_wrapper\"><\/div><\/div><\/div><div class=\"vc_col-sm-3\/5 wpb_column vc_column_container\"><div class=\"vc_column-inner\"><div class=\"wpb_wrapper\"><div class=\"wpb_text_column\"><div class=\"wpb_wrapper\"><h2>Inhalt dieses Guides<\/h2>\n<ul>\n<li><a href=\"#regreso-bienal\">Sara Baras\u2019 R\u00fcckkehr zur Biennale<\/a><\/li>\n<li><a href=\"#fechas-infinita\">Termine, Uhrzeit und Spielort von Infinita<\/a><\/li>\n<li><a href=\"#que-es-infinita\">Was ist Infinita?<\/a><\/li>\n<li><a href=\"#ocho-provincias\">Acht Frauen f\u00fcr die acht andalusischen Provinzen<\/a><\/li>\n<li><a href=\"#flamenco-folclore\">Von Folklore zu Flamenco: die musikalischen Landschaften<\/a><\/li>\n<li><a href=\"#equipo-artistico\">Regie, Choreografie und Originalmusik<\/a><\/li>\n<li><a href=\"#sara-baras-bienal\">Sara Baras und die Biennale: von 1994 bis 2026<\/a><\/li>\n<li><a href=\"#entradas-infinita\">Tickets, Preise und ausverkaufte Vorstellungen<\/a><\/li>\n<li><a href=\"#maestranza-infinita\">Warum das Maestranza die B\u00fchne der R\u00fcckkehr ist<\/a><\/li>\n<li><a href=\"#despues-sevilla\">Wo Infinita nach Sevilla zu sehen ist<\/a><\/li>\n<li><a href=\"#faq-infinita\">H\u00e4ufig gestellte Fragen<\/a><\/li>\n<\/ul>\n<\/div><\/div><\/div><\/div><\/div><div class=\"vc_col-sm-1\/5 wpb_column vc_column_container\"><div class=\"vc_column-inner\"><div class=\"wpb_wrapper\"><\/div><\/div><\/div><\/div><\/div><\/section><section class=\"l-section wpb_row height_huge color_alternate with_shape\"><div class=\"l-section-shape type_zigzag pos_top\" style=\"height:3vmin;\"><svg xmlns=\"http:\/\/www.w3.org\/2000\/svg\" viewBox=\"0 0 64 8\" preserveAspectRatio=\"none\" width=\"100%\" height=\"100%\">\r\n\t<path fill=\"currentColor\" d=\"M64 8 L0 8 L0 0 L20 7.9 L40 3 L48 5 L64 0 Z\"\/>\r\n<\/svg><\/div><div class=\"l-section-shape type_zigzag pos_bottom\" style=\"height:3vmin;\"><svg xmlns=\"http:\/\/www.w3.org\/2000\/svg\" viewBox=\"0 0 64 8\" preserveAspectRatio=\"none\" width=\"100%\" height=\"100%\">\r\n\t<path fill=\"currentColor\" d=\"M64 8 L0 8 L0 0 L20 7.9 L40 3 L48 5 L64 0 Z\"\/>\r\n<\/svg><\/div><div class=\"l-section-h i-cf\"><div class=\"g-cols vc_row via_flex valign_top type_default stacking_default\"><div class=\"vc_col-sm-6 wpb_column vc_column_container\"><div class=\"vc_column-inner\"><div class=\"wpb_wrapper\"><div class=\"wpb_text_column\"><div class=\"wpb_wrapper\"><h2 id=\"regreso-bienal\">Sara Baras\u2019 R\u00fcckkehr zur Biennale: warum sie eine der gro\u00dfen Nachrichten 2026 ist<\/h2>\n<p>Als im Februar das Programm der 24. Biennale vorgestellt wurde, stand Sara Baras\u2019 Name f\u00fcr eine Idee, die weit \u00fcber die Buchung einer Gro\u00dfproduktion hinausging: <strong>die R\u00fcckkehr einer der internationalen Gr\u00f6\u00dfen des Flamenco-Tanzes nach vierzehn Jahren Abwesenheit<\/strong>.<\/p>\n<p>Die Veranstalter haben dieses Wiedersehen zu einem der symbolischen Schwerpunkte der Ausgabe gemacht. <em>Infinita<\/em> kommt nicht nach Sevilla, nachdem es bereits an einem anderen Theater uraufgef\u00fchrt wurde, und auch nicht als eine weitere Station einer Tournee. <strong>Das St\u00fcck entsteht f\u00fcr die Biennale und wird hier uraufgef\u00fchrt.<\/strong><\/p>\n<p>Dieser Charakter einer exklusiven Neusch\u00f6pfung ist wichtig. Die Biennale 2026 m\u00f6chte einen gro\u00dfen Teil ihres Programms als Ereignis verstanden wissen und nicht nur als Abfolge von Vorstellungen. Bei Sara Baras wird dieser Anspruch durch drei aufeinanderfolgende Vorstellungen im Hauptsaal des Teatro de la Maestranza unterstrichen.<\/p>\n<\/div><\/div><\/div><\/div><\/div><div class=\"vc_col-sm-6 wpb_column vc_column_container\"><div class=\"vc_column-inner\"><div class=\"wpb_wrapper\"><div class=\"wpb_text_column\"><div class=\"wpb_wrapper\"><h2>Eine R\u00fcckkehr mit Erinnerung: von <em>La Pepa<\/em> zu <em>Infinita<\/em><\/h2>\n<p>Das letzte Mal nahm Sara Baras an der Biennale teil im <strong>September 2012<\/strong>. Sie pr\u00e4sentierte <em>La Pepa<\/em>, eine Produktion, die von der Verfassung von C\u00e1diz von 1812 inspiriert war, deren zweihundertj\u00e4hriges Jubil\u00e4um gerade gefeiert worden war.<\/p>\n<p>Auch damals reservierte das Maestranza drei Abende f\u00fcr die Kompanie: <strong>14., 15. und 16. September 2012<\/strong>. Die 5.100 verf\u00fcgbaren Pl\u00e4tze f\u00fcr diese Vorstellungen waren ausverkauft.<\/p>\n<p>Der Vergleich mit 2026 liegt nahe. Vierzehn Jahre sp\u00e4ter kehrt sie in dasselbe Theater zur\u00fcck, erneut f\u00fcr drei Tage und erneut mit einer Nachfrage, die schon vor Beginn der Biennale zum Ausverkauf gef\u00fchrt hat. Der k\u00fcnstlerische Ausgangspunkt ist jedoch ein ganz anderer: W\u00e4hrend <em>La Pepa<\/em> auf eine konkrete historische Episode blickte, richtet <em>Infinita<\/em> den Blick auf <strong>ganz Andalusien, die Reife der K\u00fcnstlerin und das Erbe, das durch den Flamenco weitergetragen wird<\/strong>.<\/p>\n<\/div><\/div><\/div><\/div><\/div><\/div><\/div><\/section><section class=\"l-section wpb_row height_huge\"><div class=\"l-section-h i-cf\"><div class=\"g-cols vc_row via_flex valign_top type_default stacking_default\"><div class=\"vc_col-sm-12 wpb_column vc_column_container\"><div class=\"vc_column-inner\"><div class=\"wpb_wrapper\"><div class=\"wpb_text_column\"><div class=\"wpb_wrapper\"><h2 id=\"fechas-infinita\">Sara Baras in Sevilla 2026: Termine, Uhrzeit und Teatro de la Maestranza<\/h2>\n<div style=\"overflow-x: auto;\">\n<table>\n<thead>\n<tr>\n<th>Datum<\/th>\n<th>Uhrzeit<\/th>\n<th>Vorstellung<\/th>\n<th>Spielort<\/th>\n<th>Status<\/th>\n<\/tr>\n<\/thead>\n<tbody>\n<tr>\n<td><strong>Freitag, 11. September<\/strong><\/td>\n<td>20:00 Uhr<\/td>\n<td><em>Infinita<\/em> \u00b7 Urauff\u00fchrung<\/td>\n<td>Teatro de la Maestranza<\/td>\n<td>Ausverkauft<\/td>\n<\/tr>\n<tr>\n<td><strong>Samstag, 12. September<\/strong><\/td>\n<td>20:00 Uhr<\/td>\n<td><em>Infinita<\/em><\/td>\n<td>Teatro de la Maestranza<\/td>\n<td>Ausverkauft<\/td>\n<\/tr>\n<tr>\n<td><strong>Sonntag, 13. September<\/strong><\/td>\n<td>20:00 Uhr<\/td>\n<td><em>Infinita<\/em><\/td>\n<td>Teatro de la Maestranza<\/td>\n<td>Ausverkauft<\/td>\n<\/tr>\n<\/tbody>\n<\/table>\n<\/div>\n<p>&nbsp;<\/p>\n<p>Alle drei Vorstellungen sind Teil der <strong>24. Flamenco-Biennale von Sevilla<\/strong>, die vom 9. September bis 3. Oktober stattfindet. Die Vorstellung am 11. ist die Urauff\u00fchrung des Werks und er\u00f6ffnet das Programm des Teatro de la Maestranza innerhalb des Festivals.<\/p>\n<p>Zuvor, am <strong>10. September<\/strong>, veranstaltet die Biennale die gro\u00dfe Gala <em>El mundo por montera<\/em> in der Stierkampfarena der Real Maestranza. Daher ist es pr\u00e4ziser, <em>Infinita<\/em> als gro\u00dfen B\u00fchnenauftakt des Maestranza und als eine der Er\u00f6ffnungsveranstaltungen der Ausgabe zu verstehen, nicht als chronologisch erste Aktivit\u00e4t des gesamten Festivals.<\/p>\n<\/div><\/div><\/div><\/div><\/div><\/div><\/div><\/section><section class=\"l-section wpb_row height_huge color_alternate with_shape\"><div class=\"l-section-shape type_zigzag pos_top\" style=\"height:3vmin;\"><svg xmlns=\"http:\/\/www.w3.org\/2000\/svg\" viewBox=\"0 0 64 8\" preserveAspectRatio=\"none\" width=\"100%\" height=\"100%\">\r\n\t<path fill=\"currentColor\" d=\"M64 8 L0 8 L0 0 L20 7.9 L40 3 L48 5 L64 0 Z\"\/>\r\n<\/svg><\/div><div class=\"l-section-shape type_zigzag pos_bottom\" style=\"height:3vmin;\"><svg xmlns=\"http:\/\/www.w3.org\/2000\/svg\" viewBox=\"0 0 64 8\" preserveAspectRatio=\"none\" width=\"100%\" height=\"100%\">\r\n\t<path fill=\"currentColor\" d=\"M64 8 L0 8 L0 0 L20 7.9 L40 3 L48 5 L64 0 Z\"\/>\r\n<\/svg><\/div><div class=\"l-section-h i-cf\"><div class=\"g-cols vc_row via_flex valign_top type_default stacking_default\"><div class=\"vc_col-sm-6 wpb_column vc_column_container\"><div class=\"vc_column-inner\"><div class=\"wpb_wrapper\"><div class=\"wpb_text_column\"><div class=\"wpb_wrapper\"><h2 id=\"que-es-infinita\">Was ist <em>Infinita<\/em>?<\/h2>\n<p><em>Infinita<\/em> geht von einer Frage aus, die Sara Baras selbst bei der Vorstellung des Projekts formuliert: <strong>Wie kann man dem Land all das zur\u00fcckgeben, was dieses Land einer K\u00fcnstlerin gegeben hat?<\/strong><\/p>\n<p>Die Antwort ist eine Andalusien gewidmete Produktion. Sie will weder einen w\u00f6rtlichen F\u00fchrer durch seine Provinzen schaffen noch eine Sammlung regionaler Postkarten. Der Ansatz ist theatralischer und emotionaler: ein Land durch seine Unterschiede zu betrachten und den gemeinsamen Herzschlag zu suchen, der sie verbindet.<\/p>\n<p>Das Werk ist au\u00dferdem die <strong>zwanzigste Produktion in der Laufbahn der Kompanie<\/strong>. Diese Zahl verortet die Urauff\u00fchrung in einem Moment der Bilanz und Reife. Nach Jahrzehnten, in denen Baras den Flamenco auf internationale B\u00fchnen gebracht hat, macht sie nun ihre eigene Heimat zum Stoff der Kreation.<\/p>\n<p>Die Produktion arbeitet mit Tanz, Musik, B\u00fchnenbild, Licht und Kost\u00fcmen, um andalusische Identit\u00e4ten, Landschaften, Bewegungen und Erinnerungen zu durchqueren.<\/p>\n<\/div><\/div><\/div><\/div><\/div><div class=\"vc_col-sm-6 wpb_column vc_column_container\"><div class=\"vc_column-inner\"><div class=\"wpb_wrapper\"><div class=\"wpb_text_column\"><div class=\"wpb_wrapper\"><h2>Eine Produktion \u00fcber Andalusien, aber auch \u00fcber Reife<\/h2>\n<p>In Interviews vor der Premiere hat Sara Baras <em>Infinita<\/em> mit einer Lebensphase verbunden, in der sie Tanz anders empfindet. Reife erscheint nicht als Verzicht auf k\u00f6rperliche Kraft, sondern als eine Art, <strong>Energie einzuteilen, auf den K\u00f6rper zu h\u00f6ren und bewusster zu entscheiden, wo jede Geste gesetzt wird<\/strong>.<\/p>\n<p>Dieser Ansatz passt zu der Philosophie, die die K\u00fcnstlerin f\u00fcr das St\u00fcck beschrieben hat: Nach einem Leben f\u00fcr den Flamenco wird Kunst immer weniger nur als Zurschaustellung und immer mehr als Hingabe verstanden.<\/p>\n<p>Deshalb kann <em>Infinita<\/em> auf zwei Ebenen gelesen werden. Die erste ist kollektiv: Andalusien als Gebiet von acht Identit\u00e4ten. Die zweite ist pers\u00f6nlich: eine T\u00e4nzerin, die nach vierzehn Jahren zur Biennale zur\u00fcckkehrt und diese R\u00fcckkehr nutzt, um sich zu fragen, was sie erhalten hat und was sie zur\u00fcckgeben m\u00f6chte.<\/p>\n<\/div><\/div><\/div><\/div><\/div><\/div><\/div><\/section><section class=\"l-section wpb_row height_huge\"><div class=\"l-section-h i-cf\"><div class=\"g-cols vc_row via_flex valign_top type_default stacking_default\"><div class=\"vc_col-sm-6 wpb_column vc_column_container\"><div class=\"vc_column-inner\"><div class=\"wpb_wrapper\"><div class=\"wpb_text_column\"><div class=\"wpb_wrapper\"><h2 id=\"ocho-provincias\">Acht Frauen f\u00fcr die acht andalusischen Provinzen<\/h2>\n<p>Im konzeptionellen Kern von <em>Infinita<\/em> stehen <strong>acht Frauen, die die acht Provinzen Andalusiens verk\u00f6rpern<\/strong>. Jede besitzt ihre eigene Pers\u00f6nlichkeit, ihren eigenen Rhythmus, ihre Landschaft und ihre Sichtweise.<\/p>\n<p>Die Idee vermeidet es, Andalusien als einheitliche Identit\u00e4t darzustellen. C\u00e1diz ist nicht Granada; Huelva ist nicht Ja\u00e9n; Almer\u00eda ist nicht Sevilla. Es gibt Meer, Gebirge, Land, Grenze, Stadt, l\u00e4ndliche Erinnerung und zahlreiche Akzente. Die Produktion m\u00f6chte diese Unterschiede auf die B\u00fchne bringen, ohne das Gef\u00fchl der Zugeh\u00f6rigkeit zu einem gemeinsamen Kulturraum zu verlieren.<\/p>\n<p>Die Frau dient als Tr\u00e4gerin dieser Darstellung. Das ist in Baras\u2019 Laufbahn nicht ungew\u00f6hnlich, denn sie hat Produktionen um weibliche Figuren und Welten wie <em>Juana la Loca<\/em>, <em>Mariana Pineda<\/em> oder <em>Carmen<\/em>.<\/p>\n<\/div><\/div><\/div><\/div><\/div><div class=\"vc_col-sm-6 wpb_column vc_column_container\"><div class=\"vc_column-inner\"><div class=\"wpb_wrapper\"><div class=\"wpb_text_column\"><div class=\"wpb_wrapper\"><h2>Ein Andalusien, das nicht an seinen Grenzen endet<\/h2>\n<p>Einer der interessantesten Aspekte des Projekts ist, dass andalusische Identit\u00e4t nicht als etwas Abgeschlossenes gedacht wird. Die internationale Erfahrung der Kompanie durchzieht das Konzept des Werks: <strong>Wurzeln reisen<\/strong> und k\u00f6nnen auch fern vom Herkunftsort Teil eines Menschen bleiben.<\/p>\n<p>Sara Baras tritt seit Jahrzehnten in Europa, Amerika und Asien auf. Ihre Art, Andalusien zu repr\u00e4sentieren, ist daher sowohl von innen als auch aus der Distanz entstanden.<\/p>\n<p><em>Infinita<\/em> versucht, diese Erfahrung in B\u00fchnensprache zu verwandeln. Das Land erscheint als Ursprung, aber auch als tragbare Erinnerung. Deshalb sucht die Produktion einen offenen Blick auf die Welt statt einer folkloristischen Darstellung, die sich in sich selbst verschlie\u00dft.<\/p>\n<\/div><\/div><\/div><\/div><\/div><\/div><\/div><\/section><section class=\"l-section wpb_row height_huge color_alternate with_shape\"><div class=\"l-section-shape type_zigzag pos_top\" style=\"height:3vmin;\"><svg xmlns=\"http:\/\/www.w3.org\/2000\/svg\" viewBox=\"0 0 64 8\" preserveAspectRatio=\"none\" width=\"100%\" height=\"100%\">\r\n\t<path fill=\"currentColor\" d=\"M64 8 L0 8 L0 0 L20 7.9 L40 3 L48 5 L64 0 Z\"\/>\r\n<\/svg><\/div><div class=\"l-section-shape type_zigzag pos_bottom\" style=\"height:3vmin;\"><svg xmlns=\"http:\/\/www.w3.org\/2000\/svg\" viewBox=\"0 0 64 8\" preserveAspectRatio=\"none\" width=\"100%\" height=\"100%\">\r\n\t<path fill=\"currentColor\" d=\"M64 8 L0 8 L0 0 L20 7.9 L40 3 L48 5 L64 0 Z\"\/>\r\n<\/svg><\/div><div class=\"l-section-h i-cf\"><div class=\"g-cols vc_row via_flex valign_top type_default stacking_default\"><div class=\"vc_col-sm-6 wpb_column vc_column_container\"><div class=\"vc_column-inner\"><div class=\"wpb_wrapper\"><div class=\"wpb_text_column\"><div class=\"wpb_wrapper\"><h2 id=\"flamenco-folclore\">Von Folklore zu Flamenco: die musikalischen Landschaften von <em>Infinita<\/em><\/h2>\n<p>Schon die Pr\u00e4sentation des St\u00fccks spricht von <strong>Br\u00fccken zwischen Flamenco und Folklore<\/strong>. Musik, Choreografie, B\u00fchnenbild, Licht und Kost\u00fcme erkunden diese Bereiche, ohne das Popul\u00e4re, Traditionelle und Flamenco starre voneinander zu trennen.<\/p>\n<p>Der angek\u00fcndigte Weg f\u00fchrt durch sehr unterschiedliche Formen und Bez\u00fcge:<\/p>\n<ul>\n<li>Romance und Fandango,<\/li>\n<li>Taranto und Malague\u00f1a,<\/li>\n<li>Verdial und Serrana,<\/li>\n<li>Trilla und Aceitunera,<\/li>\n<li>Grana\u00edna und Sole\u00e1,<\/li>\n<li>Sevillanas und Tanguillo,<\/li>\n<li>Alegr\u00edas und Buler\u00edas.<\/li>\n<\/ul>\n<p>Nicht alle diese Formen geh\u00f6ren demselben Bereich an oder haben dieselbe Geschichte. Genau darin liegt ein Teil des Konzepts: <strong>die Verbindungen zwischen den popul\u00e4ren Repertoires Andalusiens und den Sprachen zu h\u00f6ren, die der Flamenco entwickelt hat<\/strong>.<\/p>\n<\/div><\/div><\/div><\/div><\/div><div class=\"vc_col-sm-6 wpb_column vc_column_container\"><div class=\"vc_column-inner\"><div class=\"wpb_wrapper\"><div class=\"wpb_text_column\"><div class=\"wpb_wrapper\"><h2>Ist es eine Fusion aus Flamenco und Folklore?<\/h2>\n<p>Das Wort \u201eFusion\u201c greift m\u00f6glicherweise zu kurz. <em>Infinita<\/em> scheint weniger daran interessiert, Genres von au\u00dfen zu mischen, als Kontaktzonen zu erforschen, die in der andalusischen Kultur bereits vorhanden sind.<\/p>\n<p>Verdiales, Trillas, Fandangos, Sevillanas oder Tanguillos leben historisch in einem Gebiet zusammen, in dem die Grenzen zwischen Volksfest, Lied, Tanz und Flamenco nie vollst\u00e4ndig undurchl\u00e4ssig waren.<\/p>\n<p>Das St\u00fcck nutzt dieses Material als choreografischen und musikalischen Ausgangspunkt. Das Ergebnis will weder eine Geschichtsstunde geben noch geschlossene Genealogien aufstellen, sondern eine <strong>emotionale Karte Andalusiens durch Bewegung und Comp\u00e1s<\/strong>.<\/p>\n<\/div><\/div><\/div><\/div><\/div><\/div><\/div><\/section><section class=\"l-section wpb_row height_huge\"><div class=\"l-section-h i-cf\"><div class=\"g-cols vc_row via_flex valign_top type_default stacking_default\"><div class=\"vc_col-sm-12 wpb_column vc_column_container\"><div class=\"vc_column-inner\"><div class=\"wpb_wrapper\"><div class=\"wpb_text_column\"><div class=\"wpb_wrapper\"><h2 id=\"equipo-artistico\">Regie, Buch, Choreografie und Musik von <em>Infinita<\/em><\/h2>\n<p>Die Kreation tr\u00e4gt direkt die Handschrift von <strong>Sara Baras in Regie, Buch und Choreografie<\/strong>. Die Originalmusik wurde komponiert von <strong>Keko Baldomero<\/strong>, dem musikalischen Leiter der Kompanie und langj\u00e4hrigen Mitarbeiter bei der klanglichen Gestaltung ihrer Produktionen.<\/p>\n<p>Diese kreative Kontrolle erkl\u00e4rt, warum <em>Infinita<\/em> als besonders pers\u00f6nliches Werk pr\u00e4sentiert wird. Es ist nicht nur eine Choreografie mit Baras in der Hauptrolle, sondern ein Projekt, dessen Idee, dramatische Struktur und Bewegungssprache aus ihrer eigenen Vision entstehen.<\/p>\n<p>Die offizielle Website der K\u00fcnstlerin betont, dass alle Ausdrucksmittel der Produktion \u2013 Musik, Choreografie, B\u00fchnenbild, Licht und Kost\u00fcme \u2013 an dieser Reise durch die acht andalusischen Identit\u00e4ten beteiligt sind. Ziel ist, jeder Provinz Farbe und Pers\u00f6nlichkeit zu geben, ohne die Einheit des St\u00fccks zu brechen.<\/p>\n<p>Die Produktion folgt au\u00dferdem auf <em>Vuela<\/em> (2024), Sara Baras\u2019 Hommage an Paco de Luc\u00eda, und wird als zwanzigster Titel einer privaten Kompanie pr\u00e4sentiert, die seit fast drei Jahrzehnten international tourt.<\/p>\n<\/div><\/div><\/div><\/div><\/div><\/div><\/div><\/section><section class=\"l-section wpb_row height_huge color_alternate with_shape\"><div class=\"l-section-shape type_zigzag pos_top\" style=\"height:3vmin;\"><svg xmlns=\"http:\/\/www.w3.org\/2000\/svg\" viewBox=\"0 0 64 8\" preserveAspectRatio=\"none\" width=\"100%\" height=\"100%\">\r\n\t<path fill=\"currentColor\" d=\"M64 8 L0 8 L0 0 L20 7.9 L40 3 L48 5 L64 0 Z\"\/>\r\n<\/svg><\/div><div class=\"l-section-shape type_zigzag pos_bottom\" style=\"height:3vmin;\"><svg xmlns=\"http:\/\/www.w3.org\/2000\/svg\" viewBox=\"0 0 64 8\" preserveAspectRatio=\"none\" width=\"100%\" height=\"100%\">\r\n\t<path fill=\"currentColor\" d=\"M64 8 L0 8 L0 0 L20 7.9 L40 3 L48 5 L64 0 Z\"\/>\r\n<\/svg><\/div><div class=\"l-section-h i-cf\"><div class=\"g-cols vc_row via_flex valign_top type_default stacking_default\"><div class=\"vc_col-sm-6 wpb_column vc_column_container\"><div class=\"vc_column-inner\"><div class=\"wpb_wrapper\"><div class=\"wpb_text_column\"><div class=\"wpb_wrapper\"><h2 id=\"sara-baras-bienal\">Sara Baras und die Biennale: eine Beziehung, die 1994 begann<\/h2>\n<p>Sara Baras\u2019 Geschichte mit der Biennale begann lange bevor sie zu einer der bekanntesten Figuren des internationalen Flamenco wurde. Die von den Veranstaltern ver\u00f6ffentlichte Biografie datiert ihren <strong>ersten Auftritt beim Festival auf 1994<\/strong>, in einer Phase, in der sich ihre Solokarriere zu festigen begann.<\/p>\n<p>In jenen Jahren hatte sie bereits in Kompanien und Projekten von K\u00fcnstlern wie Merche Esmeralda oder Antonio Canales gearbeitet und Tourneen nach Japan, Frankreich, New York und in verschiedene europ\u00e4ische L\u00e4nder absolviert.<\/p>\n<p>1998 gr\u00fcndete sie das Ballet Flamenco Sara Baras und brachte <em>Sensaciones<\/em>heraus, den Beginn einer langen Reihe eigener Produktionen, auf die folgten <em>Sue\u00f1os<\/em>, <em>Juana la Loca<\/em>, <em>Mariana Pineda<\/em>, <em>Sabores<\/em>, <em>Carmen<\/em>, <em>Esencia<\/em>, <em>La Pepa<\/em>, <em>Medusa<\/em>, <em>Sombras<\/em>, <em>Alma<\/em>, <em>Vuela<\/em> und weitere Titel.<\/p>\n<\/div><\/div><\/div><\/div><\/div><div class=\"vc_col-sm-6 wpb_column vc_column_container\"><div class=\"vc_column-inner\"><div class=\"wpb_wrapper\"><div class=\"wpb_text_column\"><div class=\"wpb_wrapper\"><h2>Von einer jungen Bailaora zur internationalen Pers\u00f6nlichkeit<\/h2>\n<p>Die R\u00fcckkehr 2026 macht auch sichtbar, wie sich Sara Baras\u2019 Stellung im Flamenco ver\u00e4ndert hat. Die K\u00fcnstlerin, die in den 1990er-Jahren zur Biennale kam, ist heute <strong>Tr\u00e4gerin des Nationalen Tanzpreises, der Goldmedaille Andalusiens, der Goldmedaille f\u00fcr Verdienste um die Sch\u00f6nen K\u00fcnste und Gewinnerin eines Olivier Award<\/strong>, neben weiteren Auszeichnungen.<\/p>\n<p>Ihre Kompanie hat gro\u00dfformatigen Flamenco zu einer Sprache gemacht, die sich auf internationale Theater \u00fcbertragen l\u00e4sst, ohne die Zentralit\u00e4t von Tanz und Comp\u00e1s aufzugeben.<\/p>\n<p>Deshalb hat die Biennale <em>Infinita<\/em> als R\u00fcckkehr mit institutionellem und k\u00fcnstlerischem Gewicht angelegt. Es geht nicht nur darum, eine seit 2012 abwesende K\u00fcnstlerin zur\u00fcckzuholen: Sie kehrt in einem Moment der Reife zur\u00fcck, mit einem neuen Werk und mit Sevilla als Ausgangspunkt ihrer n\u00e4chsten kreativen Phase.<\/p>\n<\/div><\/div><\/div><\/div><\/div><\/div><\/div><\/section><section class=\"l-section wpb_row height_huge\"><div class=\"l-section-h i-cf\"><div class=\"g-cols vc_row via_flex valign_top type_default stacking_default\"><div class=\"vc_col-sm-12 wpb_column vc_column_container\"><div class=\"vc_column-inner\"><div class=\"wpb_wrapper\"><div class=\"wpb_text_column\"><div class=\"wpb_wrapper\"><h2 id=\"entradas-infinita\">Tickets f\u00fcr Sara Baras in Sevilla 2026: Preise und ausverkaufte Vorstellungen<\/h2>\n<p>Der Ticketverkauf f\u00fcr die Biennale 2026 begann am <strong>11. Februar<\/strong>. Die allgemeine Preisspanne des Festivals reicht von g\u00fcnstigen Pl\u00e4tzen in einigen Spielst\u00e4tten bis zu den <strong>75 Euro<\/strong> , die die Veranstalter selbst als H\u00f6chstpreis f\u00fcr Sara Baras im Patio A des Teatro de la Maestranza nennen.<\/p>\n<p>Ende August best\u00e4tigte die Biennale-Leitung, dass mehr als drei\u00dfig Veranstaltungen der Ausgabe bereits ausverkauft waren, und nannte <strong><em>Infinita<\/em> unter den Vorstellungen ohne Verf\u00fcgbarkeit<\/strong>. Die drei Termine z\u00e4hlen damit zu den gro\u00dfen Ausverk\u00e4ufen noch vor Festivalbeginn.<\/p>\n<p>Das bedeutet nicht, dass unm\u00f6glich noch kurzfristig ein Platz auftaucht. Bei gro\u00dfen Produktionen kann es R\u00fcckgaben, Kontingentanpassungen oder einzelne Freigaben geben. Wer es versuchen m\u00f6chte, sollte sich ausschlie\u00dflich an den offiziellen Verkauf halten, der \u00fcber die Biennale und das Teatro de la Maestranza verlinkt ist.<\/p>\n<p>Vermeiden Sie \u00fcberh\u00f6hte Preise \u00fcber inoffizielle Kan\u00e4le. Wenn keine Tickets mehr verf\u00fcgbar sind, bietet die Biennale Dutzende weitere Vorstellungen, und Sevilla hat in diesen Tagen t\u00e4glich Tablaos und Flamenco-Spielst\u00e4tten im Programm.<\/p>\n<\/div><\/div><div class=\"w-separator size_medium\"><\/div><div class=\"w-hwrapper valign_top wrap stack_on_mobiles align_center\" style=\"--hwrapper-gap:1.2rem\"><div class=\"w-btn-wrapper align_none\"><a class=\"w-btn us-btn-style_1\" href=\"https:\/\/www.tablaosflamencos.com\/de\/flamenco-biennale-sevilla-2026-ausverkauft-alternativen.html\"><span class=\"w-btn-label\">Was tun, wenn es keine Tickets mehr gibt<\/span><\/a><\/div><div class=\"w-btn-wrapper align_none\"><a class=\"w-btn us-btn-style_1\" href=\"https:\/\/www.tablaosflamencos.com\/de\/flamenco-in-sevilla\"><span class=\"w-btn-label\">Flamenco in Sevilla ansehen<\/span><\/a><\/div><\/div><\/div><\/div><\/div><\/div><\/div><\/section><section class=\"l-section wpb_row height_huge color_alternate with_shape\"><div class=\"l-section-shape type_zigzag pos_top\" style=\"height:3vmin;\"><svg xmlns=\"http:\/\/www.w3.org\/2000\/svg\" viewBox=\"0 0 64 8\" preserveAspectRatio=\"none\" width=\"100%\" height=\"100%\">\r\n\t<path fill=\"currentColor\" d=\"M64 8 L0 8 L0 0 L20 7.9 L40 3 L48 5 L64 0 Z\"\/>\r\n<\/svg><\/div><div class=\"l-section-shape type_zigzag pos_bottom\" style=\"height:3vmin;\"><svg xmlns=\"http:\/\/www.w3.org\/2000\/svg\" viewBox=\"0 0 64 8\" preserveAspectRatio=\"none\" width=\"100%\" height=\"100%\">\r\n\t<path fill=\"currentColor\" d=\"M64 8 L0 8 L0 0 L20 7.9 L40 3 L48 5 L64 0 Z\"\/>\r\n<\/svg><\/div><div class=\"l-section-h i-cf\"><div class=\"g-cols vc_row via_flex valign_top type_default stacking_default\"><div class=\"vc_col-sm-6 wpb_column vc_column_container\"><div class=\"vc_column-inner\"><div class=\"wpb_wrapper\"><div class=\"wpb_text_column\"><div class=\"wpb_wrapper\"><h2 id=\"maestranza-infinita\">Das Teatro de la Maestranza, B\u00fchne der R\u00fcckkehr<\/h2>\n<p>Das <strong>Teatro de la Maestranza<\/strong> ist eine der gr\u00f6\u00dften und profiliertesten Spielst\u00e4tten der Biennale und b\u00fcndelt 2026 einen gro\u00dfen Teil der gro\u00dfformatigen Produktionen.<\/p>\n<p>Dass <em>Infinita<\/em> dort uraufgef\u00fchrt wird, hat zudem eine biografische Bedeutung. Es war die B\u00fchne von <em>La Pepa<\/em> bei der Biennale 2012 und ist vierzehn Jahre sp\u00e4ter erneut der Ort des Wiedersehens.<\/p>\n<p>Das weitere Programm des Theaters w\u00e4hrend der Biennale umfasst Ca\u00f1izares mit dem K\u00f6niglichen Symphonieorchester Sevilla, Jos\u00e9 Merc\u00e9, Manuel Li\u00f1\u00e1n, Israel Galv\u00e1n, Farruquito, Marina Heredia sowie die Abschlussproduktion <em>Perlas a Millares<\/em>. <em>Infinita<\/em> er\u00f6ffnet damit eine Reihe gro\u00dfer Namen, die das Maestranza zu einem der wichtigsten Zentren dieser Ausgabe macht.<\/p>\n<\/div><\/div><\/div><\/div><\/div><div class=\"vc_col-sm-6 wpb_column vc_column_container\"><div class=\"vc_column-inner\"><div class=\"wpb_wrapper\"><div class=\"wpb_text_column\"><div class=\"wpb_wrapper\"><h2>Praktische Tipps f\u00fcr die Vorstellungen am 11., 12. und 13. September<\/h2>\n<ul>\n<li><strong>Pr\u00fcfen Sie Ihr Datum.<\/strong> Alle drei Vorstellungen beginnen um 20:00 Uhr.<\/li>\n<li><strong>Kommen Sie rechtzeitig.<\/strong> Eine so erwartete Premiere wird viel Publikum an den Eing\u00e4ngen b\u00fcndeln.<\/li>\n<li><strong>Pr\u00fcfen Sie die Einlassbedingungen.<\/strong> Wenn Sie kurzfristig einen freigegebenen Platz bekommen, best\u00e4tigen Sie immer, dass er \u00fcber den offiziellen Kanal angeboten wird.<\/li>\n<li><strong>Verwechseln Sie die Real Maestranza nicht mit dem Teatro de la Maestranza.<\/strong> Die Gala am 10. findet in der Stierkampfarena statt; Sara Baras tritt im Theater auf.<\/li>\n<li><strong>Sehen Sie nach, was danach stattfindet.<\/strong> Am 11., 12. und 13. gibt es weitere Biennale-Vorstellungen an verschiedenen Orten in Sevilla.<\/li>\n<\/ul>\n<\/div><\/div><\/div><\/div><\/div><\/div><\/div><\/section><section class=\"l-section wpb_row height_huge\"><div class=\"l-section-h i-cf\"><div class=\"g-cols vc_row via_flex valign_top type_default stacking_default\"><div class=\"vc_col-sm-12 wpb_column vc_column_container\"><div class=\"vc_column-inner\"><div class=\"wpb_wrapper\"><div class=\"wpb_text_column\"><div class=\"wpb_wrapper\"><h2 id=\"despues-sevilla\">Wo kann <em>Infinita<\/em> nach Sevilla gesehen werden?<\/h2>\n<p>Die Urauff\u00fchrung findet bei der Biennale statt, doch <em>Infinita<\/em> setzt seine Reise anschlie\u00dfend an anderen Theatern fort. Zu den bereits angek\u00fcndigten Terminen geh\u00f6ren <strong>M\u00e1laga, Pamplona und Jerez de la Frontera<\/strong>.<\/p>\n<p>Das Teatro Cervantes in M\u00e1laga hat vier Vorstellungen vom 24. bis 27. Oktober angesetzt; Baluarte in Pamplona empf\u00e4ngt das St\u00fcck am 20. Dezember; und das Teatro Villamarta in Jerez zeigt es am 29. und 30. Dezember.<\/p>\n<p>F\u00fcr das Publikum in Sevilla haben die September-Vorstellungen jedoch einen einzigartigen Wert: Es sind die ersten \u00f6ffentlichen Auff\u00fchrungen des Werks und der Ort, an dem erstmals zu erleben sein wird, wie Sara Baras\u2019 Reise durch die acht Andalusien auf der B\u00fchne Gestalt annimmt.<\/p>\n<\/div><\/div><\/div><\/div><\/div><\/div><\/div><\/section><section class=\"l-section wpb_row height_huge color_alternate with_shape\"><div class=\"l-section-shape type_zigzag pos_top\" style=\"height:3vmin;\"><svg xmlns=\"http:\/\/www.w3.org\/2000\/svg\" viewBox=\"0 0 64 8\" preserveAspectRatio=\"none\" width=\"100%\" height=\"100%\">\r\n\t<path fill=\"currentColor\" d=\"M64 8 L0 8 L0 0 L20 7.9 L40 3 L48 5 L64 0 Z\"\/>\r\n<\/svg><\/div><div class=\"l-section-shape type_zigzag pos_bottom\" style=\"height:3vmin;\"><svg xmlns=\"http:\/\/www.w3.org\/2000\/svg\" viewBox=\"0 0 64 8\" preserveAspectRatio=\"none\" width=\"100%\" height=\"100%\">\r\n\t<path fill=\"currentColor\" d=\"M64 8 L0 8 L0 0 L20 7.9 L40 3 L48 5 L64 0 Z\"\/>\r\n<\/svg><\/div><div class=\"l-section-h i-cf\"><div class=\"g-cols vc_row via_flex valign_top type_default stacking_default\"><div class=\"vc_col-sm-1\/5 wpb_column vc_column_container\"><div class=\"vc_column-inner\"><div class=\"wpb_wrapper\"><\/div><\/div><\/div><div class=\"vc_col-sm-3\/5 wpb_column vc_column_container\"><div class=\"vc_column-inner\"><div class=\"wpb_wrapper\"><div class=\"wpb_text_column\"><div class=\"wpb_wrapper\"><h2 style=\"text-align: center;\">Eine Urauff\u00fchrung, die R\u00fcckkehr, Erinnerung und Neusch\u00f6pfung verbindet<\/h2>\n<p style=\"text-align: center;\"><em>Infinita<\/em> vereint fast alle Zutaten, die eine Biennale-Vorstellung zum Ereignis machen: eine Urauff\u00fchrung, eine K\u00fcnstlerin mit enormer internationaler Ausstrahlung, drei Abende im Maestranza, eine lange Abwesenheit und ein Werk, das ausdr\u00fccklich mit Blick auf Andalusien konzipiert wurde.<\/p>\n<p style=\"text-align: center;\">Interessant ist nicht nur die Frage, ob Sara Baras noch immer ein gro\u00dfes Theater f\u00fcllen kann \u2013 die Kasse hat diese Frage bereits beantwortet \u2013, sondern was eine K\u00fcnstlerin mit jahrzehntelanger B\u00fchnenerfahrung tut, wenn sie ihre eigene Heimat zum choreografischen Material macht.<\/p>\n<p style=\"text-align: center;\">Vierzehn Jahre trennen <em>La Pepa<\/em> von <em>Infinita<\/em>. Sevilla hat drei Abende, um zu erleben, was sich zwischen beiden Produktionen ver\u00e4ndert hat und was im Tanz von Sara Baras weiterhin mit demselben Puls schl\u00e4gt.<\/p>\n<\/div><\/div><div class=\"w-separator size_medium\"><\/div><div class=\"w-hwrapper valign_top wrap stack_on_mobiles align_center\" style=\"--hwrapper-gap:1.2rem\"><div class=\"w-btn-wrapper align_none\"><a class=\"w-btn us-btn-style_1\" href=\"https:\/\/www.tablaosflamencos.com\/de\/flamenco-biennale-sevilla\"><span class=\"w-btn-label\">Alle Biennale-Nachrichten ansehen<\/span><\/a><\/div><div class=\"w-btn-wrapper align_none\"><a class=\"w-btn us-btn-style_1\" href=\"https:\/\/www.tablaosflamencos.com\/de\/flamenco-biennale-sevilla-2026.html\"><span class=\"w-btn-label\">Vollst\u00e4ndiges Programm ansehen<\/span><\/a><\/div><\/div><\/div><\/div><\/div><div class=\"vc_col-sm-1\/5 wpb_column vc_column_container\"><div class=\"vc_column-inner\"><div class=\"wpb_wrapper\"><\/div><\/div><\/div><\/div><\/div><\/section><section class=\"l-section wpb_row height_huge\"><div class=\"l-section-h i-cf\"><div class=\"g-cols vc_row via_flex valign_top type_default stacking_default\"><div class=\"vc_col-sm-1\/5 wpb_column vc_column_container\"><div class=\"vc_column-inner\"><div class=\"wpb_wrapper\"><\/div><\/div><\/div><div class=\"vc_col-sm-3\/5 wpb_column vc_column_container\"><div class=\"vc_column-inner\"><div class=\"wpb_wrapper\"><div class=\"wpb_text_column\"><div class=\"wpb_wrapper\"><h2 id=\"faq-infinita\" style=\"text-align: center;\">H\u00e4ufige Fragen zu Sara Baras und <em>Infinita<\/em> in Sevilla<\/h2>\n<\/div><\/div><div class=\"w-separator size_medium\"><\/div><div class=\"w-tabs accordion toggle_style_1 has_scrolling\" style=\"--sections-title-size:inherit;--sections-gap:0.5rem;\"><div class=\"w-tabs-sections titles-align_none icon_chevron cpos_right\"><div class=\"w-tabs-section\" id=\"i0b5\"><button type=\"button\" class=\"w-tabs-section-header\" aria-controls=\"content-i0b5\" aria-expanded=\"false\"><div class=\"w-tabs-section-title\">Wann tritt Sara Baras 2026 in Sevilla auf?<\/div><div class=\"w-tabs-section-control\"><\/div><\/button><div  class=\"w-tabs-section-content\" id=\"content-i0b5\"><div class=\"w-tabs-section-content-h i-cf\"><div class=\"wpb_text_column\"><div class=\"wpb_wrapper\"><p>Sara Baras pr\u00e4sentiert <em>Infinita<\/em> am <strong>11., 12. und 13. September 2026 um 20:00 Uhr<\/strong> im Teatro de la Maestranza im Rahmen der 24. Flamenco-Biennale von Sevilla.<\/p>\n<\/div><\/div><\/div><\/div><\/div><div class=\"w-tabs-section\" id=\"m23e\"><button type=\"button\" class=\"w-tabs-section-header\" aria-controls=\"content-m23e\" aria-expanded=\"false\"><div class=\"w-tabs-section-title\">Ist Infinita eine Urauff\u00fchrung?<\/div><div class=\"w-tabs-section-control\"><\/div><\/button><div  class=\"w-tabs-section-content\" id=\"content-m23e\"><div class=\"w-tabs-section-content-h i-cf\"><div class=\"wpb_text_column\"><div class=\"wpb_wrapper\"><p>Ja. Die Vorstellung am 11. September ist die <strong>Urauff\u00fchrung<\/strong> von <em>Infinita<\/em>. Das St\u00fcck wurde f\u00fcr die Biennale geschaffen und setzt anschlie\u00dfend seine Tournee an anderen Theatern fort.<\/p>\n<\/div><\/div><\/div><\/div><\/div><div class=\"w-tabs-section\" id=\"n39b\"><button type=\"button\" class=\"w-tabs-section-header\" aria-controls=\"content-n39b\" aria-expanded=\"false\"><div class=\"w-tabs-section-title\">Worum geht es in Infinita?<\/div><div class=\"w-tabs-section-control\"><\/div><\/button><div  class=\"w-tabs-section-content\" id=\"content-n39b\"><div class=\"w-tabs-section-content-h i-cf\"><div class=\"wpb_text_column\"><div class=\"wpb_wrapper\"><p><em>Infinita<\/em> ist eine Hommage an Andalusien, gestaltet durch <strong>acht Frauen, die seine acht Provinzen repr\u00e4sentieren<\/strong>. Die Produktion arbeitet mit Flamenco, Folklore, Musik, Choreografie, B\u00fchnenbild, Licht und Kost\u00fcmen, um die Unterschiede und den gemeinsamen Puls der andalusischen Identit\u00e4t zu erkunden.<\/p>\n<\/div><\/div><\/div><\/div><\/div><div class=\"w-tabs-section\" id=\"v4e1\"><button type=\"button\" class=\"w-tabs-section-header\" aria-controls=\"content-v4e1\" aria-expanded=\"false\"><div class=\"w-tabs-section-title\">Wer f\u00fchrt Regie und choreografiert Infinita?<\/div><div class=\"w-tabs-section-control\"><\/div><\/button><div  class=\"w-tabs-section-content\" id=\"content-v4e1\"><div class=\"w-tabs-section-content-h i-cf\"><div class=\"wpb_text_column\"><div class=\"wpb_wrapper\"><p><strong>Sara Baras zeichnet f\u00fcr Regie, Buch und Choreografie verantwortlich.<\/strong> Die Originalmusik stammt von Keko Baldomero, dem musikalischen Leiter der Kompanie.<\/p>\n<\/div><\/div><\/div><\/div><\/div><div class=\"w-tabs-section\" id=\"s65a\"><button type=\"button\" class=\"w-tabs-section-header\" aria-controls=\"content-s65a\" aria-expanded=\"false\"><div class=\"w-tabs-section-title\">Wie viele Jahre war Sara Baras nicht bei der Biennale aufgetreten?<\/div><div class=\"w-tabs-section-control\"><\/div><\/button><div  class=\"w-tabs-section-content\" id=\"content-s65a\"><div class=\"w-tabs-section-content-h i-cf\"><div class=\"wpb_text_column\"><div class=\"wpb_wrapper\"><p>Ihr letzter Auftritt war 2012 mit <em>La Pepa<\/em>. Damit markiert <em>Infinita<\/em> ihre R\u00fcckkehr zur Biennale <strong>vierzehn Jahre sp\u00e4ter<\/strong>.<\/p>\n<\/div><\/div><\/div><\/div><\/div><div class=\"w-tabs-section\" id=\"b7c8\"><button type=\"button\" class=\"w-tabs-section-header\" aria-controls=\"content-b7c8\" aria-expanded=\"false\"><div class=\"w-tabs-section-title\">Wo fand Sara Baras\u2019 letzter Biennale-Auftritt vor 2026 statt?<\/div><div class=\"w-tabs-section-control\"><\/div><\/button><div  class=\"w-tabs-section-content\" id=\"content-b7c8\"><div class=\"w-tabs-section-content-h i-cf\"><div class=\"wpb_text_column\"><div class=\"wpb_wrapper\"><p>2012 pr\u00e4sentierte sie <em>La Pepa<\/em> im <strong>Teatro de la Maestranza<\/strong>, auf derselben B\u00fchne, auf die sie 2026 zur\u00fcckkehrt. Die drei Vorstellungen jener Ausgabe verkauften alle 5.100 angebotenen Pl\u00e4tze.<\/p>\n<\/div><\/div><\/div><\/div><\/div><div class=\"w-tabs-section\" id=\"c91f\"><button type=\"button\" class=\"w-tabs-section-header\" aria-controls=\"content-c91f\" aria-expanded=\"false\"><div class=\"w-tabs-section-title\">Gibt es Tickets f\u00fcr Sara Baras bei der Biennale 2026?<\/div><div class=\"w-tabs-section-control\"><\/div><\/button><div  class=\"w-tabs-section-content\" id=\"content-c91f\"><div class=\"w-tabs-section-content-h i-cf\"><div class=\"wpb_text_column\"><div class=\"wpb_wrapper\"><p>Mit Stand vom 31. August 2026 ist <em>Infinita<\/em> unter den Vorstellungen der Biennale als <strong>ausverkauft<\/strong> aufgef\u00fchrt. Es lohnt sich, die offiziellen Kan\u00e4le zu pr\u00fcfen, falls kurzfristig Pl\u00e4tze freigegeben werden, und nicht autorisierten Weiterverkauf zu vermeiden.<\/p>\n<\/div><\/div><\/div><\/div><\/div><div class=\"w-tabs-section\" id=\"oa5c\"><button type=\"button\" class=\"w-tabs-section-header\" aria-controls=\"content-oa5c\" aria-expanded=\"false\"><div class=\"w-tabs-section-title\">Wie viel kosteten die Tickets?<\/div><div class=\"w-tabs-section-control\"><\/div><\/button><div  class=\"w-tabs-section-content\" id=\"content-oa5c\"><div class=\"w-tabs-section-content-h i-cf\"><div class=\"wpb_text_column\"><div class=\"wpb_wrapper\"><p>Die Biennale gibt an, dass der maximale Ticketpreis 2026 bei <strong>75 Euro<\/strong> liegt, und zwar f\u00fcr Sara Baras\u2019 Vorstellung auf Pl\u00e4tzen im Patio A des Teatro de la Maestranza.<\/p>\n<\/div><\/div><\/div><\/div><\/div><div class=\"w-tabs-section\" id=\"jb7b\"><button type=\"button\" class=\"w-tabs-section-header\" aria-controls=\"content-jb7b\" aria-expanded=\"false\"><div class=\"w-tabs-section-title\">Wird Infinita auch in anderen St\u00e4dten zu sehen sein?<\/div><div class=\"w-tabs-section-control\"><\/div><\/button><div  class=\"w-tabs-section-content\" id=\"content-jb7b\"><div class=\"w-tabs-section-content-h i-cf\"><div class=\"wpb_text_column\"><div class=\"wpb_wrapper\"><p>Ja. Nach der Premiere in Sevilla sind unter anderem Vorstellungen angek\u00fcndigt in <strong>M\u00e1laga, Pamplona und Jerez de la Frontera<\/strong> im letzten Quartal 2026.<\/p>\n<\/div><\/div><\/div><\/div><\/div><\/div><\/div><\/div><\/div><\/div><div class=\"vc_col-sm-1\/5 wpb_column vc_column_container\"><div class=\"vc_column-inner\"><div class=\"wpb_wrapper\"><\/div><\/div><\/div><\/div><\/div><\/section><section class=\"l-section wpb_row height_huge color_alternate with_shape\"><div class=\"l-section-shape type_zigzag pos_top\" style=\"height:3vmin;\"><svg xmlns=\"http:\/\/www.w3.org\/2000\/svg\" viewBox=\"0 0 64 8\" preserveAspectRatio=\"none\" width=\"100%\" height=\"100%\">\r\n\t<path fill=\"currentColor\" d=\"M64 8 L0 8 L0 0 L20 7.9 L40 3 L48 5 L64 0 Z\"\/>\r\n<\/svg><\/div><div class=\"l-section-h i-cf\"><div class=\"g-cols vc_row via_flex valign_top type_default stacking_default\"><div class=\"vc_col-sm-12 wpb_column vc_column_container\"><div class=\"vc_column-inner\"><div class=\"wpb_wrapper\"><div class=\"wpb_text_column\"><div class=\"wpb_wrapper\"><h2>Quellen und Aktualisierung<\/h2>\n<p>F\u00fcr diesen Guide haben wir Informationen abgeglichen von der <a href=\"https:\/\/www.labienal.com\/noticias\/sara-baras-regresa-a-la-bienal-con-el-estreno-absoluto-de-201cinfinita201d\" target=\"_blank\" rel=\"noopener\"><strong>Flamenco-Biennale von Sevilla<\/strong><\/a>, der <a href=\"https:\/\/www.labienal.com\/programa-general\/teatro-de-la-maestranza\/sara-baras\" target=\"_blank\" rel=\"noopener\"><strong>offiziellen Seite zu <em>Infinita<\/em><\/strong><\/a>, dem <a href=\"https:\/\/www.teatrodelamaestranza.es\/es\/detalle\/508\/sara-baras\/\" target=\"_blank\" rel=\"noopener\"><strong>Teatro de la Maestranza<\/strong><\/a> und der <a href=\"https:\/\/sarabarasvuela.com\/infinita\/\" target=\"_blank\" rel=\"noopener\"><strong>offiziellen Website von Sara Baras<\/strong><\/a>.<\/p>\n<p><strong>Informationen gepr\u00fcft am 31. August 2026.<\/strong> Uhrzeiten, Ticketverf\u00fcgbarkeit und Zugangsbedingungen k\u00f6nnen von den Veranstaltern ge\u00e4ndert werden.<\/p>\n<\/div><\/div><\/div><\/div><\/div><\/div><\/div><\/section>\n","protected":false},"excerpt":{"rendered":"<p>Sara Baras kehrt nach 14 Jahren mit Infinita zur Flamenco-Biennale von Sevilla zur\u00fcck: Urauff\u00fchrung, Termine, Konzept, Tickets und die wichtigsten Details der Show.<\/p>\n","protected":false},"author":1,"featured_media":13720,"comment_status":"closed","ping_status":"closed","sticky":false,"template":"","format":"standard","meta":{"_acf_changed":false,"wpai_generated_summary":"","_ayudawp_aiss_exclude":false,"_ayudawp_aiss_exclude_summary":false,"_ayudawp_aiss_summary":"","_ayudawp_aiss_summary_provider":"","_ayudawp_aiss_summary_hash":"","footnotes":""},"categories":[1431],"tags":[1244,1245,1246,1247,1166,1416,1762,405],"class_list":["post-13738","post","type-post","status-publish","format-standard","has-post-thumbnail","hentry","category-flamenco-biennale","tag-agenda-flamenca","tag-bienal-2026","tag-bienal-de-flamenco","tag-festivales-flamencos","tag-flamenco-en-sevilla","tag-flamenco-tanz","tag-sara-baras-de","tag-sevilla"],"acf":[],"yoast_head":"<!-- This site is optimized with the Yoast SEO Premium plugin v28.3 (Yoast SEO v28.3) - https:\/\/yoast.com\/product\/yoast-seo-premium-wordpress\/ -->\n<title>Sara Baras in Sevilla 2026: Infinita bei der Biennale<\/title>\n<meta name=\"description\" content=\"Sara Baras kehrt nach 14 Jahren mit Infinita zur Flamenco-Biennale von Sevilla zur\u00fcck: Urauff\u00fchrung, Termine, Konzept, Tickets und wichtige Details.\" \/>\n<meta name=\"robots\" content=\"index, follow, max-snippet:-1, max-image-preview:large, max-video-preview:-1\" \/>\n<link rel=\"canonical\" href=\"https:\/\/www.tablaosflamencos.com\/de\/sara-baras-sevilla-2026-infinita-biennale.html\" \/>\n<meta property=\"og:locale\" content=\"de_DE\" \/>\n<meta property=\"og:type\" content=\"article\" \/>\n<meta property=\"og:title\" content=\"Sara Baras in Sevilla 2026: Infinita und ihre R\u00fcckkehr zur Biennale\" \/>\n<meta property=\"og:description\" content=\"Sara Baras kehrt nach 14 Jahren mit Infinita zur Flamenco-Biennale von Sevilla zur\u00fcck: Urauff\u00fchrung, Termine, Konzept, Tickets und wichtige Details.\" \/>\n<meta property=\"og:url\" content=\"https:\/\/www.tablaosflamencos.com\/de\/sara-baras-sevilla-2026-infinita-biennale.html\" \/>\n<meta property=\"og:site_name\" content=\"Tablaos Flamencos\" \/>\n<meta property=\"article:publisher\" content=\"https:\/\/www.facebook.com\/tablaosflamencos\" \/>\n<meta property=\"article:published_time\" content=\"2026-08-31T17:52:12+00:00\" \/>\n<meta property=\"article:modified_time\" content=\"2026-08-31T18:17:18+00:00\" \/>\n<meta property=\"og:image\" content=\"https:\/\/www.tablaosflamencos.com\/wp-content\/uploads\/que-es-un-tablao-flamenco-y-como-elegir-el-adecuado-guia-practica-01.webp\" \/>\n\t<meta property=\"og:image:width\" content=\"1920\" \/>\n\t<meta property=\"og:image:height\" content=\"1072\" \/>\n\t<meta property=\"og:image:type\" content=\"image\/webp\" \/>\n<meta name=\"author\" content=\"Miguel Ortiz\" \/>\n<meta name=\"twitter:card\" content=\"summary_large_image\" \/>\n<meta name=\"twitter:creator\" content=\"@tablaosflamenco\" \/>\n<meta name=\"twitter:site\" content=\"@tablaosflamenco\" \/>\n<meta name=\"twitter:label1\" content=\"Verfasst von\" \/>\n\t<meta name=\"twitter:data1\" content=\"Miguel Ortiz\" \/>\n\t<meta name=\"twitter:label2\" content=\"Gesch\u00e4tzte Lesezeit\" \/>\n\t<meta name=\"twitter:data2\" content=\"20\u00a0Minuten\" \/>\n<script type=\"application\/ld+json\" class=\"yoast-schema-graph\">{\"@context\":\"https:\\\/\\\/schema.org\",\"@graph\":[{\"@type\":\"Article\",\"@id\":\"https:\\\/\\\/www.tablaosflamencos.com\\\/de\\\/sara-baras-sevilla-2026-infinita-biennale.html#article\",\"isPartOf\":{\"@id\":\"https:\\\/\\\/www.tablaosflamencos.com\\\/de\\\/sara-baras-sevilla-2026-infinita-biennale.html\"},\"author\":{\"name\":\"Miguel Ortiz\",\"@id\":\"https:\\\/\\\/www.tablaosflamencos.com\\\/de#\\\/schema\\\/person\\\/e7a9ebe14eb75a52ceabfbffb3c54f5d\"},\"headline\":\"Sara Baras in Sevilla 2026: Infinita und ihre R\u00fcckkehr zur Biennale\",\"datePublished\":\"2026-08-31T17:52:12+00:00\",\"dateModified\":\"2026-08-31T18:17:18+00:00\",\"mainEntityOfPage\":{\"@id\":\"https:\\\/\\\/www.tablaosflamencos.com\\\/de\\\/sara-baras-sevilla-2026-infinita-biennale.html\"},\"wordCount\":3933,\"publisher\":{\"@id\":\"https:\\\/\\\/www.tablaosflamencos.com\\\/de#organization\"},\"image\":{\"@id\":\"https:\\\/\\\/www.tablaosflamencos.com\\\/de\\\/sara-baras-sevilla-2026-infinita-biennale.html#primaryimage\"},\"thumbnailUrl\":\"https:\\\/\\\/www.tablaosflamencos.com\\\/wp-content\\\/uploads\\\/sara-baras-en-sevilla-2026-infinita-y-su-regreso-a-la-bienal-01.avif\",\"keywords\":[\"agenda flamenca\",\"Bienal 2026\",\"Bienal de Flamenco\",\"festivales flamencos\",\"flamenco en Sevilla\",\"Flamenco-Tanz\",\"Sara Baras\",\"sevilla\"],\"articleSection\":[\"Flamenco-Biennale\"],\"inLanguage\":\"de\"},{\"@type\":\"WebPage\",\"@id\":\"https:\\\/\\\/www.tablaosflamencos.com\\\/de\\\/sara-baras-sevilla-2026-infinita-biennale.html\",\"url\":\"https:\\\/\\\/www.tablaosflamencos.com\\\/de\\\/sara-baras-sevilla-2026-infinita-biennale.html\",\"name\":\"Sara Baras in Sevilla 2026: Infinita bei der Biennale\",\"isPartOf\":{\"@id\":\"https:\\\/\\\/www.tablaosflamencos.com\\\/de#website\"},\"primaryImageOfPage\":{\"@id\":\"https:\\\/\\\/www.tablaosflamencos.com\\\/de\\\/sara-baras-sevilla-2026-infinita-biennale.html#primaryimage\"},\"image\":{\"@id\":\"https:\\\/\\\/www.tablaosflamencos.com\\\/de\\\/sara-baras-sevilla-2026-infinita-biennale.html#primaryimage\"},\"thumbnailUrl\":\"https:\\\/\\\/www.tablaosflamencos.com\\\/wp-content\\\/uploads\\\/sara-baras-en-sevilla-2026-infinita-y-su-regreso-a-la-bienal-01.avif\",\"datePublished\":\"2026-08-31T17:52:12+00:00\",\"dateModified\":\"2026-08-31T18:17:18+00:00\",\"description\":\"Sara Baras kehrt nach 14 Jahren mit Infinita zur Flamenco-Biennale von Sevilla zur\u00fcck: Urauff\u00fchrung, Termine, Konzept, Tickets und wichtige Details.\",\"breadcrumb\":{\"@id\":\"https:\\\/\\\/www.tablaosflamencos.com\\\/de\\\/sara-baras-sevilla-2026-infinita-biennale.html#breadcrumb\"},\"inLanguage\":\"de\",\"potentialAction\":[{\"@type\":\"ReadAction\",\"target\":[\"https:\\\/\\\/www.tablaosflamencos.com\\\/de\\\/sara-baras-sevilla-2026-infinita-biennale.html\"]}]},{\"@type\":\"ImageObject\",\"inLanguage\":\"de\",\"@id\":\"https:\\\/\\\/www.tablaosflamencos.com\\\/de\\\/sara-baras-sevilla-2026-infinita-biennale.html#primaryimage\",\"url\":\"https:\\\/\\\/www.tablaosflamencos.com\\\/wp-content\\\/uploads\\\/sara-baras-en-sevilla-2026-infinita-y-su-regreso-a-la-bienal-01.avif\",\"contentUrl\":\"https:\\\/\\\/www.tablaosflamencos.com\\\/wp-content\\\/uploads\\\/sara-baras-en-sevilla-2026-infinita-y-su-regreso-a-la-bienal-01.avif\",\"width\":1920,\"height\":1279,\"caption\":\"Sara Baras en Sevilla 2026: Infinita y su regreso a la Bienal\"},{\"@type\":\"BreadcrumbList\",\"@id\":\"https:\\\/\\\/www.tablaosflamencos.com\\\/de\\\/sara-baras-sevilla-2026-infinita-biennale.html#breadcrumb\",\"itemListElement\":[{\"@type\":\"ListItem\",\"position\":1,\"name\":\"Home\",\"item\":\"https:\\\/\\\/www.tablaosflamencos.com\\\/de\"},{\"@type\":\"ListItem\",\"position\":2,\"name\":\"Sara Baras in Sevilla 2026: Infinita und ihre R\u00fcckkehr zur Biennale\"}]},{\"@type\":\"WebSite\",\"@id\":\"https:\\\/\\\/www.tablaosflamencos.com\\\/de#website\",\"url\":\"https:\\\/\\\/www.tablaosflamencos.com\\\/de\",\"name\":\"Tablaos Flamencos\",\"description\":\"Entradas para tablaos flamencos de Espa\u00f1a\",\"publisher\":{\"@id\":\"https:\\\/\\\/www.tablaosflamencos.com\\\/de#organization\"},\"alternateName\":\"Tablaos Flamencos\",\"potentialAction\":[{\"@type\":\"SearchAction\",\"target\":{\"@type\":\"EntryPoint\",\"urlTemplate\":\"https:\\\/\\\/www.tablaosflamencos.com\\\/de?s={search_term_string}\"},\"query-input\":{\"@type\":\"PropertyValueSpecification\",\"valueRequired\":true,\"valueName\":\"search_term_string\"}}],\"inLanguage\":\"de\"},{\"@type\":[\"Organization\",\"Place\",\"EntertainmentBusiness\"],\"@id\":\"https:\\\/\\\/www.tablaosflamencos.com\\\/de#organization\",\"name\":\"Tablaos Flamencos\",\"alternateName\":\"Tablaos Flamencos\",\"url\":\"https:\\\/\\\/www.tablaosflamencos.com\\\/de\",\"logo\":{\"@id\":\"https:\\\/\\\/www.tablaosflamencos.com\\\/de\\\/sara-baras-sevilla-2026-infinita-biennale.html#local-main-organization-logo\"},\"image\":{\"@id\":\"https:\\\/\\\/www.tablaosflamencos.com\\\/de\\\/sara-baras-sevilla-2026-infinita-biennale.html#local-main-organization-logo\"},\"sameAs\":[\"https:\\\/\\\/www.facebook.com\\\/tablaosflamencos\",\"https:\\\/\\\/x.com\\\/tablaosflamenco\",\"https:\\\/\\\/mastodon.social\\\/@tablaosflamencos\",\"https:\\\/\\\/www.instagram.com\\\/tablaosflamencos\",\"https:\\\/\\\/tiktok.com\\\/@tablaosflamencos\",\"https:\\\/\\\/www.linkedin.com\\\/company\\\/109408238\\\/\"],\"description\":\"Venta de entradas para espect\u00e1culos flamencos\",\"legalName\":\"Tablaos Flamencos\",\"foundingDate\":\"2015-01-01\",\"numberOfEmployees\":{\"@type\":\"QuantitativeValue\",\"minValue\":\"1\",\"maxValue\":\"10\"},\"address\":{\"@id\":\"https:\\\/\\\/www.tablaosflamencos.com\\\/de\\\/sara-baras-sevilla-2026-infinita-biennale.html#local-main-place-address\"},\"geo\":{\"@type\":\"GeoCoordinates\",\"latitude\":\"37.3868072\",\"longitude\":\"-5.993280299999999\"},\"telephone\":[\"+34623787787\"],\"contactPoint\":{\"@type\":\"ContactPoint\",\"telephone\":\"+34623787787\",\"email\":\"info@tablaosflamencos.com\"},\"openingHoursSpecification\":{\"@type\":\"OpeningHoursSpecification\",\"dayOfWeek\":[\"Monday\",\"Tuesday\",\"Wednesday\",\"Thursday\",\"Friday\",\"Saturday\",\"Sunday\"],\"opens\":\"00:00\",\"closes\":\"23:59\"},\"email\":\"info@tablaosflamencos.com\",\"priceRange\":\"$$$\",\"currenciesAccepted\":\"\u20ac\"},{\"@type\":\"Person\",\"@id\":\"https:\\\/\\\/www.tablaosflamencos.com\\\/de#\\\/schema\\\/person\\\/e7a9ebe14eb75a52ceabfbffb3c54f5d\",\"name\":\"Miguel Ortiz\",\"description\":\"Miguel Ortiz es un empresario flamenco, con una s\u00f3lida trayectoria dentro del sector. Ha presidido entidades culturales vinculadas al flamenco y, cuenta con un amplio recorrido profesional en la gesti\u00f3n y promoci\u00f3n de espect\u00e1culos y tablaos flamencos. Su pasi\u00f3n por la historia y el arte flamenco se refleja en cada art\u00edculo, donde combina experiencia, criterio y un profundo respeto por la tradici\u00f3n.\",\"sameAs\":[\"https:\\\/\\\/www.tablaosflamencos.com\",\"https:\\\/\\\/www.instagra.com\\\/miguelortizfe\",\"https:\\\/\\\/www.linkedin.com\\\/in\\\/miguelortizf\\\/\"],\"birthDate\":\"1984-11-22\",\"gender\":\"hombre\",\"knowsLanguage\":[\"espa\u00f1ol\",\"ingl\u00e9s\"],\"jobTitle\":\"Empresario flamenco\"},{\"@type\":\"PostalAddress\",\"@id\":\"https:\\\/\\\/www.tablaosflamencos.com\\\/de\\\/sara-baras-sevilla-2026-infinita-biennale.html#local-main-place-address\",\"streetAddress\":\"C\\\/ Alemanes, 19\",\"addressLocality\":\"Sevilla\",\"postalCode\":\"41004\",\"addressRegion\":\"Sevilla\",\"addressCountry\":\"ES\"},{\"@type\":\"ImageObject\",\"inLanguage\":\"de\",\"@id\":\"https:\\\/\\\/www.tablaosflamencos.com\\\/de\\\/sara-baras-sevilla-2026-infinita-biennale.html#local-main-organization-logo\",\"url\":\"https:\\\/\\\/www.tablaosflamencos.com\\\/wp-content\\\/uploads\\\/tablaos-flamencos-06-3.webp\",\"contentUrl\":\"https:\\\/\\\/www.tablaosflamencos.com\\\/wp-content\\\/uploads\\\/tablaos-flamencos-06-3.webp\",\"width\":600,\"height\":620,\"caption\":\"Tablaos Flamencos\"}]}<\/script>\n<meta name=\"geo.placename\" content=\"Sevilla\" \/>\n<meta name=\"geo.position\" content=\"37.3868072;-5.993280299999999\" \/>\n<meta name=\"geo.region\" content=\"Spanien\" \/>\n<!-- \/ Yoast SEO Premium plugin. -->","yoast_head_json":{"title":"Sara Baras in Sevilla 2026: Infinita bei der Biennale","description":"Sara Baras kehrt nach 14 Jahren mit Infinita zur Flamenco-Biennale von Sevilla zur\u00fcck: Urauff\u00fchrung, Termine, Konzept, Tickets und wichtige Details.","robots":{"index":"index","follow":"follow","max-snippet":"max-snippet:-1","max-image-preview":"max-image-preview:large","max-video-preview":"max-video-preview:-1"},"canonical":"https:\/\/www.tablaosflamencos.com\/de\/sara-baras-sevilla-2026-infinita-biennale.html","og_locale":"de_DE","og_type":"article","og_title":"Sara Baras in Sevilla 2026: Infinita und ihre R\u00fcckkehr zur Biennale","og_description":"Sara Baras kehrt nach 14 Jahren mit Infinita zur Flamenco-Biennale von Sevilla zur\u00fcck: Urauff\u00fchrung, Termine, Konzept, Tickets und wichtige Details.","og_url":"https:\/\/www.tablaosflamencos.com\/de\/sara-baras-sevilla-2026-infinita-biennale.html","og_site_name":"Tablaos Flamencos","article_publisher":"https:\/\/www.facebook.com\/tablaosflamencos","article_published_time":"2026-08-31T17:52:12+00:00","article_modified_time":"2026-08-31T18:17:18+00:00","og_image":[{"width":1920,"height":1072,"url":"https:\/\/www.tablaosflamencos.com\/wp-content\/uploads\/que-es-un-tablao-flamenco-y-como-elegir-el-adecuado-guia-practica-01.webp","type":"image\/webp"}],"author":"Miguel Ortiz","twitter_card":"summary_large_image","twitter_creator":"@tablaosflamenco","twitter_site":"@tablaosflamenco","twitter_misc":{"Verfasst von":"Miguel Ortiz","Gesch\u00e4tzte Lesezeit":"20\u00a0Minuten"},"schema":{"@context":"https:\/\/schema.org","@graph":[{"@type":"Article","@id":"https:\/\/www.tablaosflamencos.com\/de\/sara-baras-sevilla-2026-infinita-biennale.html#article","isPartOf":{"@id":"https:\/\/www.tablaosflamencos.com\/de\/sara-baras-sevilla-2026-infinita-biennale.html"},"author":{"name":"Miguel Ortiz","@id":"https:\/\/www.tablaosflamencos.com\/de#\/schema\/person\/e7a9ebe14eb75a52ceabfbffb3c54f5d"},"headline":"Sara Baras in Sevilla 2026: Infinita und ihre R\u00fcckkehr zur Biennale","datePublished":"2026-08-31T17:52:12+00:00","dateModified":"2026-08-31T18:17:18+00:00","mainEntityOfPage":{"@id":"https:\/\/www.tablaosflamencos.com\/de\/sara-baras-sevilla-2026-infinita-biennale.html"},"wordCount":3933,"publisher":{"@id":"https:\/\/www.tablaosflamencos.com\/de#organization"},"image":{"@id":"https:\/\/www.tablaosflamencos.com\/de\/sara-baras-sevilla-2026-infinita-biennale.html#primaryimage"},"thumbnailUrl":"https:\/\/www.tablaosflamencos.com\/wp-content\/uploads\/sara-baras-en-sevilla-2026-infinita-y-su-regreso-a-la-bienal-01.avif","keywords":["agenda flamenca","Bienal 2026","Bienal de Flamenco","festivales flamencos","flamenco en Sevilla","Flamenco-Tanz","Sara Baras","sevilla"],"articleSection":["Flamenco-Biennale"],"inLanguage":"de"},{"@type":"WebPage","@id":"https:\/\/www.tablaosflamencos.com\/de\/sara-baras-sevilla-2026-infinita-biennale.html","url":"https:\/\/www.tablaosflamencos.com\/de\/sara-baras-sevilla-2026-infinita-biennale.html","name":"Sara Baras in Sevilla 2026: Infinita bei der Biennale","isPartOf":{"@id":"https:\/\/www.tablaosflamencos.com\/de#website"},"primaryImageOfPage":{"@id":"https:\/\/www.tablaosflamencos.com\/de\/sara-baras-sevilla-2026-infinita-biennale.html#primaryimage"},"image":{"@id":"https:\/\/www.tablaosflamencos.com\/de\/sara-baras-sevilla-2026-infinita-biennale.html#primaryimage"},"thumbnailUrl":"https:\/\/www.tablaosflamencos.com\/wp-content\/uploads\/sara-baras-en-sevilla-2026-infinita-y-su-regreso-a-la-bienal-01.avif","datePublished":"2026-08-31T17:52:12+00:00","dateModified":"2026-08-31T18:17:18+00:00","description":"Sara Baras kehrt nach 14 Jahren mit Infinita zur Flamenco-Biennale von Sevilla zur\u00fcck: Urauff\u00fchrung, Termine, Konzept, Tickets und wichtige Details.","breadcrumb":{"@id":"https:\/\/www.tablaosflamencos.com\/de\/sara-baras-sevilla-2026-infinita-biennale.html#breadcrumb"},"inLanguage":"de","potentialAction":[{"@type":"ReadAction","target":["https:\/\/www.tablaosflamencos.com\/de\/sara-baras-sevilla-2026-infinita-biennale.html"]}]},{"@type":"ImageObject","inLanguage":"de","@id":"https:\/\/www.tablaosflamencos.com\/de\/sara-baras-sevilla-2026-infinita-biennale.html#primaryimage","url":"https:\/\/www.tablaosflamencos.com\/wp-content\/uploads\/sara-baras-en-sevilla-2026-infinita-y-su-regreso-a-la-bienal-01.avif","contentUrl":"https:\/\/www.tablaosflamencos.com\/wp-content\/uploads\/sara-baras-en-sevilla-2026-infinita-y-su-regreso-a-la-bienal-01.avif","width":1920,"height":1279,"caption":"Sara Baras en Sevilla 2026: Infinita y su regreso a la Bienal"},{"@type":"BreadcrumbList","@id":"https:\/\/www.tablaosflamencos.com\/de\/sara-baras-sevilla-2026-infinita-biennale.html#breadcrumb","itemListElement":[{"@type":"ListItem","position":1,"name":"Home","item":"https:\/\/www.tablaosflamencos.com\/de"},{"@type":"ListItem","position":2,"name":"Sara Baras in Sevilla 2026: Infinita und ihre R\u00fcckkehr zur Biennale"}]},{"@type":"WebSite","@id":"https:\/\/www.tablaosflamencos.com\/de#website","url":"https:\/\/www.tablaosflamencos.com\/de","name":"Tablaos Flamencos","description":"Entradas para tablaos flamencos de Espa\u00f1a","publisher":{"@id":"https:\/\/www.tablaosflamencos.com\/de#organization"},"alternateName":"Tablaos Flamencos","potentialAction":[{"@type":"SearchAction","target":{"@type":"EntryPoint","urlTemplate":"https:\/\/www.tablaosflamencos.com\/de?s={search_term_string}"},"query-input":{"@type":"PropertyValueSpecification","valueRequired":true,"valueName":"search_term_string"}}],"inLanguage":"de"},{"@type":["Organization","Place","EntertainmentBusiness"],"@id":"https:\/\/www.tablaosflamencos.com\/de#organization","name":"Tablaos Flamencos","alternateName":"Tablaos Flamencos","url":"https:\/\/www.tablaosflamencos.com\/de","logo":{"@id":"https:\/\/www.tablaosflamencos.com\/de\/sara-baras-sevilla-2026-infinita-biennale.html#local-main-organization-logo"},"image":{"@id":"https:\/\/www.tablaosflamencos.com\/de\/sara-baras-sevilla-2026-infinita-biennale.html#local-main-organization-logo"},"sameAs":["https:\/\/www.facebook.com\/tablaosflamencos","https:\/\/x.com\/tablaosflamenco","https:\/\/mastodon.social\/@tablaosflamencos","https:\/\/www.instagram.com\/tablaosflamencos","https:\/\/tiktok.com\/@tablaosflamencos","https:\/\/www.linkedin.com\/company\/109408238\/"],"description":"Venta de entradas para espect\u00e1culos flamencos","legalName":"Tablaos Flamencos","foundingDate":"2015-01-01","numberOfEmployees":{"@type":"QuantitativeValue","minValue":"1","maxValue":"10"},"address":{"@id":"https:\/\/www.tablaosflamencos.com\/de\/sara-baras-sevilla-2026-infinita-biennale.html#local-main-place-address"},"geo":{"@type":"GeoCoordinates","latitude":"37.3868072","longitude":"-5.993280299999999"},"telephone":["+34623787787"],"contactPoint":{"@type":"ContactPoint","telephone":"+34623787787","email":"info@tablaosflamencos.com"},"openingHoursSpecification":{"@type":"OpeningHoursSpecification","dayOfWeek":["Monday","Tuesday","Wednesday","Thursday","Friday","Saturday","Sunday"],"opens":"00:00","closes":"23:59"},"email":"info@tablaosflamencos.com","priceRange":"$$$","currenciesAccepted":"\u20ac"},{"@type":"Person","@id":"https:\/\/www.tablaosflamencos.com\/de#\/schema\/person\/e7a9ebe14eb75a52ceabfbffb3c54f5d","name":"Miguel Ortiz","description":"Miguel Ortiz es un empresario flamenco, con una s\u00f3lida trayectoria dentro del sector. Ha presidido entidades culturales vinculadas al flamenco y, cuenta con un amplio recorrido profesional en la gesti\u00f3n y promoci\u00f3n de espect\u00e1culos y tablaos flamencos. Su pasi\u00f3n por la historia y el arte flamenco se refleja en cada art\u00edculo, donde combina experiencia, criterio y un profundo respeto por la tradici\u00f3n.","sameAs":["https:\/\/www.tablaosflamencos.com","https:\/\/www.instagra.com\/miguelortizfe","https:\/\/www.linkedin.com\/in\/miguelortizf\/"],"birthDate":"1984-11-22","gender":"hombre","knowsLanguage":["espa\u00f1ol","ingl\u00e9s"],"jobTitle":"Empresario flamenco"},{"@type":"PostalAddress","@id":"https:\/\/www.tablaosflamencos.com\/de\/sara-baras-sevilla-2026-infinita-biennale.html#local-main-place-address","streetAddress":"C\/ Alemanes, 19","addressLocality":"Sevilla","postalCode":"41004","addressRegion":"Sevilla","addressCountry":"ES"},{"@type":"ImageObject","inLanguage":"de","@id":"https:\/\/www.tablaosflamencos.com\/de\/sara-baras-sevilla-2026-infinita-biennale.html#local-main-organization-logo","url":"https:\/\/www.tablaosflamencos.com\/wp-content\/uploads\/tablaos-flamencos-06-3.webp","contentUrl":"https:\/\/www.tablaosflamencos.com\/wp-content\/uploads\/tablaos-flamencos-06-3.webp","width":600,"height":620,"caption":"Tablaos Flamencos"}]},"geo.placename":"Sevilla","geo.position":{"lat":"37.3868072","long":"-5.993280299999999"},"geo.region":"Spanien"},"_links":{"self":[{"href":"https:\/\/www.tablaosflamencos.com\/de\/wp-json\/wp\/v2\/posts\/13738","targetHints":{"allow":["GET"]}}],"collection":[{"href":"https:\/\/www.tablaosflamencos.com\/de\/wp-json\/wp\/v2\/posts"}],"about":[{"href":"https:\/\/www.tablaosflamencos.com\/de\/wp-json\/wp\/v2\/types\/post"}],"author":[{"embeddable":true,"href":"https:\/\/www.tablaosflamencos.com\/de\/wp-json\/wp\/v2\/users\/1"}],"replies":[{"embeddable":true,"href":"https:\/\/www.tablaosflamencos.com\/de\/wp-json\/wp\/v2\/comments?post=13738"}],"version-history":[{"count":1,"href":"https:\/\/www.tablaosflamencos.com\/de\/wp-json\/wp\/v2\/posts\/13738\/revisions"}],"predecessor-version":[{"id":13778,"href":"https:\/\/www.tablaosflamencos.com\/de\/wp-json\/wp\/v2\/posts\/13738\/revisions\/13778"}],"wp:featuredmedia":[{"embeddable":true,"href":"https:\/\/www.tablaosflamencos.com\/de\/wp-json\/wp\/v2\/media\/13720"}],"wp:attachment":[{"href":"https:\/\/www.tablaosflamencos.com\/de\/wp-json\/wp\/v2\/media?parent=13738"}],"wp:term":[{"taxonomy":"category","embeddable":true,"href":"https:\/\/www.tablaosflamencos.com\/de\/wp-json\/wp\/v2\/categories?post=13738"},{"taxonomy":"post_tag","embeddable":true,"href":"https:\/\/www.tablaosflamencos.com\/de\/wp-json\/wp\/v2\/tags?post=13738"}],"curies":[{"name":"wp","href":"https:\/\/api.w.org\/{rel}","templated":true}]}}