{"id":13688,"date":"2026-08-31T19:04:44","date_gmt":"2026-08-31T17:04:44","guid":{"rendered":"https:\/\/www.tablaosflamencos.com\/?p=13688"},"modified":"2026-08-31T19:24:48","modified_gmt":"2026-08-31T17:24:48","slug":"einzigartige-matineen-flamenco-biennale-sevilla-2026","status":"publish","type":"post","link":"https:\/\/www.tablaosflamencos.com\/de\/einzigartige-matineen-flamenco-biennale-sevilla-2026.html","title":{"rendered":"Einzigartige Matineen der Flamenco-Biennale Sevilla 2026: Programm, Termine und San Luis de los Franceses"},"content":{"rendered":"<section class=\"l-section wpb_row height_huge\"><div class=\"l-section-h i-cf\"><div class=\"g-cols vc_row via_flex valign_top type_default stacking_default\"><div class=\"vc_col-sm-6 wpb_column vc_column_container\"><div class=\"vc_column-inner\"><div class=\"wpb_wrapper\"><div class=\"wpb_text_column\"><div class=\"wpb_wrapper\"><h2>Einzigartige Matineen der Biennale 2026: Flamenco am Mittag in einem barocken Juwel<\/h2>\n<p>Die <strong>Einzigartigen Matineen der Flamenco-Biennale Sevilla 2026<\/strong> bilden eine der au\u00dfergew\u00f6hnlichsten Reihen der 24. Ausgabe. Sechs Vorstellungen, immer um <strong>12:00 Uhr<\/strong>, machen die Kirche <strong>San Luis de los Franceses<\/strong> an drei Wochenenden zu einem Begegnungsort zwischen Flamenco und Alter Musik.<\/p>\n<p>Das Programm vereint <strong>Pedro El Grana\u00edno, Alejandro Hurtado und Encarna Anillo<\/strong>, jeweils mit zwei Vorstellungen und Gastmusikern aus dem Bereich historischer Instrumente und Repertoires. Daniel Oyarz\u00e1bals Cembalo, Enrike Solin\u00eds\u2019 Gitarre und Miguel Rinc\u00f3ns Laute treten dabei in Dialog mit Flamenco-Gesang und -Gitarre.<\/p>\n<p>Es handelt sich nicht nur um einen anderen Zeitpunkt im Programm. Die Biennale versteht die Matineen als eine Erfahrung des <strong>intimen und entschleunigten Zuh\u00f6rens<\/strong>, bei der Architektur, Morgenlicht, Stille und Akustik von San Luis selbst Teil der Auff\u00fchrung werden.<\/p>\n<\/div><\/div><\/div><\/div><\/div><div class=\"vc_col-sm-6 wpb_column vc_column_container\"><div class=\"vc_column-inner\"><div class=\"wpb_wrapper\"><div class=\"wpb_text_column\"><div class=\"wpb_wrapper\"><p style=\"text-align: center; font-size: 64px; line-height: 1; margin-bottom: 10px;\"><strong>6<\/strong><\/p>\n<h3 style=\"text-align: center;\">Einzigartige Matineen<\/h3>\n<p style=\"text-align: center;\"><strong>12., 13., 19., 20., 26. und 27. September<\/strong><\/p>\n<p style=\"text-align: center;\">Alle um <strong>12:00 Uhr<\/strong><\/p>\n<p style=\"text-align: center;\">Kirche San Luis de los Franceses<\/p>\n<\/div><\/div><\/div><\/div><\/div><\/div><\/div><\/section><section class=\"l-section wpb_row height_huge color_alternate with_shape\"><div class=\"l-section-shape type_zigzag pos_top\" style=\"height:3vmin;\"><svg xmlns=\"http:\/\/www.w3.org\/2000\/svg\" viewBox=\"0 0 64 8\" preserveAspectRatio=\"none\" width=\"100%\" height=\"100%\">\r\n\t<path fill=\"currentColor\" d=\"M64 8 L0 8 L0 0 L20 7.9 L40 3 L48 5 L64 0 Z\"\/>\r\n<\/svg><\/div><div class=\"l-section-shape type_zigzag pos_bottom\" style=\"height:3vmin;\"><svg xmlns=\"http:\/\/www.w3.org\/2000\/svg\" viewBox=\"0 0 64 8\" preserveAspectRatio=\"none\" width=\"100%\" height=\"100%\">\r\n\t<path fill=\"currentColor\" d=\"M64 8 L0 8 L0 0 L20 7.9 L40 3 L48 5 L64 0 Z\"\/>\r\n<\/svg><\/div><div class=\"l-section-h i-cf\"><div class=\"g-cols vc_row via_flex valign_top type_default stacking_default\"><div class=\"vc_col-sm-12 wpb_column vc_column_container\"><div class=\"vc_column-inner\"><div class=\"wpb_wrapper\"><div class=\"wpb_text_column\"><div class=\"wpb_wrapper\"><blockquote>\n<p><strong>Kurzantwort:<\/strong> Die Einzigartigen Matineen der Biennale 2026 sind sechs Vormittagsvorstellungen in San Luis de los Franceses. Pedro El Grana\u00edno pr\u00e4sentiert <em>Pan de oro<\/em> am 12. und 13. September; Alejandro Hurtado <em>Devenir de la guitarra<\/em> am 19. und 20.; und Encarna Anillo <em>Camino de flores<\/em> am 26. und 27. September. Alle beginnen um 12:00 Uhr und untersuchen aus unterschiedlichen Perspektiven den Dialog zwischen Flamenco, Alter Musik und Kulturerbe.<\/p>\n<\/blockquote>\n<p><strong>Letzte Aktualisierung: 31. August 2026.<\/strong> Die Ticketverf\u00fcgbarkeit kann sich \u00e4ndern. Pr\u00fcfen Sie den aktuellen Stand jeder Vorstellung stets auf der offiziellen Website der Biennale.<\/p>\n<\/div><\/div><div class=\"w-separator size_medium\"><\/div><div class=\"w-hwrapper valign_top wrap stack_on_mobiles align_center\" style=\"--hwrapper-gap:1.2rem\"><div class=\"w-btn-wrapper align_none\"><a class=\"w-btn us-btn-style_1\" href=\"https:\/\/www.tablaosflamencos.com\/de\/flamenco-biennale-sevilla-2026.html\"><span class=\"w-btn-label\">Kompletter Guide zur Biennale 2026<\/span><\/a><\/div><div class=\"w-btn-wrapper align_none\"><a class=\"w-btn us-btn-style_1\" href=\"https:\/\/www.tablaosflamencos.com\/de\/flamenco-biennale-sevilla\"><span class=\"w-btn-label\">Alle unsere Biennale-News ansehen<\/span><\/a><\/div><\/div><\/div><\/div><\/div><\/div><\/div><\/section><section class=\"l-section wpb_row height_huge\"><div class=\"l-section-h i-cf\"><div class=\"g-cols vc_row via_flex valign_top type_default stacking_default\"><div class=\"vc_col-sm-1\/5 wpb_column vc_column_container\"><div class=\"vc_column-inner\"><div class=\"wpb_wrapper\"><\/div><\/div><\/div><div class=\"vc_col-sm-3\/5 wpb_column vc_column_container\"><div class=\"vc_column-inner\"><div class=\"wpb_wrapper\"><div class=\"wpb_text_column\"><div class=\"wpb_wrapper\"><h2>Inhalt dieses Guides<\/h2>\n<ul>\n<li><a href=\"#que-son-matines\">Was sind die Einzigartigen Matineen?<\/a><\/li>\n<li><a href=\"#calendario-matines\">Vollst\u00e4ndiger Kalender<\/a><\/li>\n<li><a href=\"#pan-de-oro\">Pedro El Grana\u00edno: Pan de oro<\/a><\/li>\n<li><a href=\"#devenir-guitarra\">Alejandro Hurtado: Devenir de la guitarra<\/a><\/li>\n<li><a href=\"#camino-flores\">Encarna Anillo: Camino de flores<\/a><\/li>\n<li><a href=\"#san-luis\">Warum San Luis de los Franceses Teil der Auff\u00fchrung ist<\/a><\/li>\n<li><a href=\"#flamenco-musica-antigua\">Flamenco und Alte Musik<\/a><\/li>\n<li><a href=\"#entradas-matines\">Tickets und Verf\u00fcgbarkeit<\/a><\/li>\n<li><a href=\"#como-llegar\">Anreise und praktische Tipps<\/a><\/li>\n<li><a href=\"#faq-matines\">H\u00e4ufig gestellte Fragen<\/a><\/li>\n<\/ul>\n<\/div><\/div><\/div><\/div><\/div><div class=\"vc_col-sm-1\/5 wpb_column vc_column_container\"><div class=\"vc_column-inner\"><div class=\"wpb_wrapper\"><\/div><\/div><\/div><\/div><\/div><\/section><section class=\"l-section wpb_row height_huge color_alternate with_shape\"><div class=\"l-section-shape type_zigzag pos_top\" style=\"height:3vmin;\"><svg xmlns=\"http:\/\/www.w3.org\/2000\/svg\" viewBox=\"0 0 64 8\" preserveAspectRatio=\"none\" width=\"100%\" height=\"100%\">\r\n\t<path fill=\"currentColor\" d=\"M64 8 L0 8 L0 0 L20 7.9 L40 3 L48 5 L64 0 Z\"\/>\r\n<\/svg><\/div><div class=\"l-section-shape type_zigzag pos_bottom\" style=\"height:3vmin;\"><svg xmlns=\"http:\/\/www.w3.org\/2000\/svg\" viewBox=\"0 0 64 8\" preserveAspectRatio=\"none\" width=\"100%\" height=\"100%\">\r\n\t<path fill=\"currentColor\" d=\"M64 8 L0 8 L0 0 L20 7.9 L40 3 L48 5 L64 0 Z\"\/>\r\n<\/svg><\/div><div class=\"l-section-h i-cf\"><div class=\"g-cols vc_row via_flex valign_top type_default stacking_default\"><div class=\"vc_col-sm-6 wpb_column vc_column_container\"><div class=\"vc_column-inner\"><div class=\"wpb_wrapper\"><div class=\"wpb_text_column\"><div class=\"wpb_wrapper\"><h2 id=\"que-son-matines\">Was sind die Einzigartigen Matineen der Biennale?<\/h2>\n<p>Die Einzigartigen Matineen \u00fcbertragen das Konzept des einmaligen Biennale-Ereignisses auf ein anderes Format als die <a href=\"https:\/\/www.tablaosflamencos.com\/noches-unicas-bienal-flamenco-sevilla-2026.html\"><strong>Einzigartigen N\u00e4chte<\/strong><\/a>. Statt gro\u00dfer Theater, sp\u00e4ter Nachtveranstaltungen oder gr\u00f6\u00dferer Produktionen stehen hier <strong>N\u00e4he, Sammlung und bewusstes Zuh\u00f6ren<\/strong>im Mittelpunkt.<\/p>\n<p>Die 24. Biennale programmiert sechs Termine zwischen dem 12. und 27. September. Tats\u00e4chlich handelt es sich um <strong>drei k\u00fcnstlerische Projekte, die jeweils an zwei aufeinanderfolgenden Vormittagen gezeigt werden<\/strong>. Alle finden um 12:00 Uhr in der Kirche San Luis de los Franceses statt.<\/p>\n<p>Die Reihe schl\u00e4gt zudem eine Br\u00fccke zum <strong>Festival f\u00fcr Alte Musik Sevilla (FeM\u00c0S)<\/strong>. Die Idee besteht darin, Flamenco als Musik zu verstehen, die mit einer historisch informierten Perspektive in Dialog treten kann, indem Musiker und Instrumente aus alten Repertoires eingebunden werden, ohne das Ergebnis zu einer oberfl\u00e4chlichen Fusion zu machen.<\/p>\n<\/div><\/div><\/div><\/div><\/div><div class=\"vc_col-sm-6 wpb_column vc_column_container\"><div class=\"vc_column-inner\"><div class=\"wpb_wrapper\"><div class=\"wpb_text_column\"><div class=\"wpb_wrapper\"><h2>Ein Format f\u00fcr eine andere Art des Zuh\u00f6rens<\/h2>\n<p>Die Veranstalter selbst beschreiben diese Auff\u00fchrungen als Einladung zum Innehalten. Die Gr\u00f6\u00dfe des Raums und die Tageszeit erm\u00f6glichen es, sich von der Logik der gro\u00dfen Abendshow zu entfernen und sich den Details von Gesang und Gitarrenspiel zu n\u00e4hern.<\/p>\n<p>San Luis de los Franceses ist hier keine blo\u00dfe Kulisse. Grundriss, barocke Ornamentik, Morgenlicht und der zeremonielle Charakter des Ensembles pr\u00e4gen die Wahrnehmung.<\/p>\n<p>Das passt besonders gut zu den drei ausgew\u00e4hlten Projekten: Pedro El Gra\u00f1a\u00ednos tiefem und feierlichem Gesang, Alejandro Hurtados historischem Blick auf die Gitarre und Encarna Anillos emotionaler Reise.<\/p>\n<\/div><\/div><\/div><\/div><\/div><\/div><\/div><\/section><section class=\"l-section wpb_row height_huge\"><div class=\"l-section-h i-cf\"><div class=\"g-cols vc_row via_flex valign_top type_default stacking_default\"><div class=\"vc_col-sm-12 wpb_column vc_column_container\"><div class=\"vc_column-inner\"><div class=\"wpb_wrapper\"><div class=\"wpb_text_column\"><div class=\"wpb_wrapper\"><h2 id=\"calendario-matines\">Kalender der Einzigartigen Matineen der Biennale 2026<\/h2>\n<div style=\"overflow-x: auto;\">\n<table>\n<thead>\n<tr>\n<th>Datum<\/th>\n<th>Uhrzeit<\/th>\n<th>K\u00fcnstler<\/th>\n<th>Auff\u00fchrung<\/th>\n<th>Besondere Mitwirkung<\/th>\n<\/tr>\n<\/thead>\n<tbody>\n<tr>\n<td><strong>12. September<\/strong><\/td>\n<td>12:00<\/td>\n<td>Pedro El Grana\u00edno<\/td>\n<td><em>Pan de oro<\/em><\/td>\n<td>Daniel Oyarz\u00e1bal, Cembalo<\/td>\n<\/tr>\n<tr>\n<td><strong>13. September<\/strong><\/td>\n<td>12:00<\/td>\n<td>Pedro El Grana\u00edno<\/td>\n<td><em>Pan de oro<\/em><\/td>\n<td>Daniel Oyarz\u00e1bal, Cembalo<\/td>\n<\/tr>\n<tr>\n<td><strong>19. September<\/strong><\/td>\n<td>12:00<\/td>\n<td>Alejandro Hurtado<\/td>\n<td><em>Devenir de la guitarra<\/em><\/td>\n<td>Enrike Solin\u00eds<\/td>\n<\/tr>\n<tr>\n<td><strong>20. September<\/strong><\/td>\n<td>12:00<\/td>\n<td>Alejandro Hurtado<\/td>\n<td><em>Devenir de la guitarra<\/em><\/td>\n<td>Enrike Solin\u00eds<\/td>\n<\/tr>\n<tr>\n<td><strong>26. September<\/strong><\/td>\n<td>12:00<\/td>\n<td>Encarna Anillo<\/td>\n<td><em>Camino de flores<\/em><\/td>\n<td>Miguel Rinc\u00f3n, Laute<\/td>\n<\/tr>\n<tr>\n<td><strong>27. September<\/strong><\/td>\n<td>12:00<\/td>\n<td>Encarna Anillo<\/td>\n<td><em>Camino de flores<\/em><\/td>\n<td>Miguel Rinc\u00f3n, Laute<\/td>\n<\/tr>\n<\/tbody>\n<\/table>\n<\/div>\n<p>&nbsp;<\/p>\n<p>Alle sechs Vorstellungen finden in der <strong>Kirche San Luis de los Franceses<\/strong>statt. Das offizielle Programm und die Kauflinks finden Sie auf <a href=\"https:\/\/www.labienal.com\/programa-general\/iglesia-san-luis-de-los-franceses\" target=\"_blank\" rel=\"noopener\"><strong>der Biennale-Seite zu diesem Veranstaltungsort<\/strong><\/a>.<\/p>\n<\/div><\/div><\/div><\/div><\/div><\/div><\/div><\/section><section class=\"l-section wpb_row height_huge color_alternate with_shape\"><div class=\"l-section-shape type_zigzag pos_top\" style=\"height:3vmin;\"><svg xmlns=\"http:\/\/www.w3.org\/2000\/svg\" viewBox=\"0 0 64 8\" preserveAspectRatio=\"none\" width=\"100%\" height=\"100%\">\r\n\t<path fill=\"currentColor\" d=\"M64 8 L0 8 L0 0 L20 7.9 L40 3 L48 5 L64 0 Z\"\/>\r\n<\/svg><\/div><div class=\"l-section-shape type_zigzag pos_bottom\" style=\"height:3vmin;\"><svg xmlns=\"http:\/\/www.w3.org\/2000\/svg\" viewBox=\"0 0 64 8\" preserveAspectRatio=\"none\" width=\"100%\" height=\"100%\">\r\n\t<path fill=\"currentColor\" d=\"M64 8 L0 8 L0 0 L20 7.9 L40 3 L48 5 L64 0 Z\"\/>\r\n<\/svg><\/div><div class=\"l-section-h i-cf\"><div class=\"g-cols vc_row via_flex valign_top type_default stacking_default\"><div class=\"vc_col-sm-6 wpb_column vc_column_container\"><div class=\"vc_column-inner\"><div class=\"wpb_wrapper\"><div class=\"wpb_text_column\"><div class=\"wpb_wrapper\"><h2 id=\"pan-de-oro\">Pedro El Grana\u00edno und Daniel Oyarz\u00e1bal: <em>Pan de oro<\/em><\/h2>\n<p><strong>12. und 13. September \u00b7 12:00 Uhr<\/strong><\/p>\n<p>Pedro El Grana\u00edno er\u00f6ffnet die Reihe mit einem eigens f\u00fcr die Biennale konzipierten Projekt. <em>Pan de oro<\/em> sucht eine feierliche und intime Atmosph\u00e4re, in der Flamenco-Gesang auf den Klang des Cembalos trifft.<\/p>\n<p>Die k\u00fcnstlerische Besetzung umfasst <strong>Pedro El Grana\u00edno als S\u00e4nger, Daniel Oyarz\u00e1bal am Cembalo, Rosa Escobar an der Viola und Patrocinio Hijo an der Gitarre<\/strong>. Streicher, Cembalo und Gitarre schaffen eine ungew\u00f6hnliche Klanglandschaft um eine Stimme, die besonders mit den tiefsten Registern des Flamenco verbunden ist.<\/p>\n<p>Das angek\u00fcndigte Repertoire f\u00fchrt durch <strong>Grana\u00edna, Malague\u00f1a, Sole\u00e1, Fandangos und Saeta<\/strong>, neben weiteren Formen. Diese Stile finden in der konzentrierten Atmosph\u00e4re von San Luis einen besonders passenden Rahmen.<\/p>\n<\/div><\/div><\/div><\/div><\/div><div class=\"vc_col-sm-6 wpb_column vc_column_container\"><div class=\"vc_column-inner\"><div class=\"wpb_wrapper\"><div class=\"wpb_text_column\"><div class=\"wpb_wrapper\"><h2>Warum <em>Pan de oro<\/em> zu San Luis passt<\/h2>\n<p>Das Konzept versucht nicht, Flamenco-Gesang in Barockmusik zu verwandeln. Interessant ist gerade, die jeweiligen Identit\u00e4ten zu bewahren und zu beobachten, was geschieht, wenn Stimme, Gitarre und ein Instrument wie das Cembalo einen historisch aufgeladenen Raum teilen.<\/p>\n<p>Der Titel <em>Pan de oro<\/em> weckt zudem unvermeidlich Assoziationen mit der visuellen Pracht der Kirche selbst. In einem Raum, in dem Alt\u00e4re, Gem\u00e4lde und Architektur gemeinsam eine sinnliche Erfahrung erzeugen, \u00fcbertr\u00e4gt das Projekt diese Idee von Feierlichkeit auf den Klang.<\/p>\n<p>Wer Flamenco-Gesang in einem anderen Ma\u00dfstab als auf den gro\u00dfen B\u00fchnen der Biennale erleben m\u00f6chte, findet hier wahrscheinlich eines der au\u00dfergew\u00f6hnlichsten Angebote der Ausgabe.<\/p>\n<\/div><\/div><\/div><\/div><\/div><\/div><\/div><\/section><section class=\"l-section wpb_row height_huge\"><div class=\"l-section-h i-cf\"><div class=\"g-cols vc_row via_flex valign_top type_default stacking_default\"><div class=\"vc_col-sm-6 wpb_column vc_column_container\"><div class=\"vc_column-inner\"><div class=\"wpb_wrapper\"><div class=\"wpb_text_column\"><div class=\"wpb_wrapper\"><h2 id=\"devenir-guitarra\">Alejandro Hurtado und Enrike Solin\u00eds: <em>Devenir de la guitarra<\/em><\/h2>\n<p><strong>19. und 20. September \u00b7 12:00 Uhr<\/strong><\/p>\n<p>Eine Woche sp\u00e4ter r\u00fcckt die Gitarre ins Zentrum. <strong>Alejandro Hurtado<\/strong> entwirft eine Reise durch verschiedene Epochen und Sprachen der spanischen und Flamenco-Gitarre, mit der besonderen Mitwirkung von <strong>Enrike Solin\u00eds<\/strong> und in Zusammenarbeit mit FeM\u00c0S.<\/p>\n<p>Das Programm verbindet Hurtados eigene Kompositionen mit Werken, die mit zentralen Pers\u00f6nlichkeiten der Gitarrengeschichte verbunden sind. Es gibt Bez\u00fcge zu <strong>Francisco T\u00e1rrega, Ram\u00f3n Montoya und Ni\u00f1o Ricardo<\/strong>, au\u00dferdem Grana\u00edna, Alegr\u00edas, Farruca, Seguiriya, Zapateado, Taranta, Habanera, Panaderos, Wiegenlied und Buler\u00edas.<\/p>\n<p>Solin\u00eds bringt zus\u00e4tzlich historische Gitarrenrepertoires ins Gespr\u00e4ch und \u00f6ffnet damit ein weiteres Fenster auf die Entwicklung des Instruments.<\/p>\n<\/div><\/div><\/div><\/div><\/div><div class=\"vc_col-sm-6 wpb_column vc_column_container\"><div class=\"vc_column-inner\"><div class=\"wpb_wrapper\"><div class=\"wpb_text_column\"><div class=\"wpb_wrapper\"><h2>Eine kleine Geschichte der Gitarre innerhalb der Biennale<\/h2>\n<p><em>Devenir de la guitarra<\/em> passt besonders gut zu einem der gro\u00dfen Schwerpunkte der Ausgabe 2026: der Konzertgitarre. In San Luis wird der Ansatz jedoch beinahe arch\u00e4ologisch.<\/p>\n<p>Alejandro Hurtado bietet nicht nur ein Recital eigener Kompositionen. Das Programm l\u00e4sst h\u00f6ren, wie Techniken, Formen und Empfindungen verschiedener Epochen jene Gitarre gepr\u00e4gt haben, die wir heute mit Flamenco verbinden.<\/p>\n<p>Enrike Solin\u00eds\u2019 Mitwirkung verst\u00e4rkt diese historische Lesart. Statt eines einfachen Gegensatzes zwischen \u201ealter Gitarre\u201c und \u201eFlamenco-Gitarre\u201c l\u00e4dt die Matinee dazu ein, das Instrument als Kontinuum voller Kreuzungen, Ver\u00e4nderungen und \u00dcbernahmen zu verstehen.<\/p>\n<\/div><\/div><\/div><\/div><\/div><\/div><\/div><\/section><section class=\"l-section wpb_row height_huge color_alternate with_shape\"><div class=\"l-section-shape type_zigzag pos_top\" style=\"height:3vmin;\"><svg xmlns=\"http:\/\/www.w3.org\/2000\/svg\" viewBox=\"0 0 64 8\" preserveAspectRatio=\"none\" width=\"100%\" height=\"100%\">\r\n\t<path fill=\"currentColor\" d=\"M64 8 L0 8 L0 0 L20 7.9 L40 3 L48 5 L64 0 Z\"\/>\r\n<\/svg><\/div><div class=\"l-section-shape type_zigzag pos_bottom\" style=\"height:3vmin;\"><svg xmlns=\"http:\/\/www.w3.org\/2000\/svg\" viewBox=\"0 0 64 8\" preserveAspectRatio=\"none\" width=\"100%\" height=\"100%\">\r\n\t<path fill=\"currentColor\" d=\"M64 8 L0 8 L0 0 L20 7.9 L40 3 L48 5 L64 0 Z\"\/>\r\n<\/svg><\/div><div class=\"l-section-h i-cf\"><div class=\"g-cols vc_row via_flex valign_top type_default stacking_default\"><div class=\"vc_col-sm-6 wpb_column vc_column_container\"><div class=\"vc_column-inner\"><div class=\"wpb_wrapper\"><div class=\"wpb_text_column\"><div class=\"wpb_wrapper\"><h2 id=\"camino-flores\">Encarna Anillo und Miguel Rinc\u00f3n: <em>Camino de flores<\/em><\/h2>\n<p><strong>26. und 27. September \u00b7 12:00 Uhr<\/strong><\/p>\n<p>Encarna Anillo beschlie\u00dft die Einzigartigen Matineen mit einem deutlich erz\u00e4hlerischeren und autobiografischen Projekt. <em>Camino de flores<\/em> f\u00fchrt durch verschiedene emotionale Stationen ihres Lebens und verbindet sie mit unterschiedlichen Flamenco-Palos und <strong>Bach-Bl\u00fctenessenzen<\/strong>.<\/p>\n<p>Das Programm reicht von Alegr\u00edas de C\u00f3rdoba, Marianas und Tientos \u00fcber Petenera, Seguiriya, Fandango und Milonga bis zu Sole\u00e1 de C\u00e1diz und Buler\u00eda. Jeder Gesang steht f\u00fcr einen Zustand: Kindheit und Unschuld, Entt\u00e4uschung, Hoffnungslosigkeit, Angst, Liebe, Ver\u00e4nderung oder Feier.<\/p>\n<p>Die S\u00e4ngerin wird begleitet von <strong>Andr\u00e9s Hern\u00e1ndez \u201ePituquete\u201c an der Gitarre<\/strong>, Roberto Ja\u00e9n und Diego Montoya mit Palmas sowie mit der Mitwirkung des <strong>Lautenisten Miguel Rinc\u00f3n<\/strong> im Dialog mit der Alten Musik.<\/p>\n<\/div><\/div><\/div><\/div><\/div><div class=\"vc_col-sm-6 wpb_column vc_column_container\"><div class=\"vc_column-inner\"><div class=\"wpb_wrapper\"><div class=\"wpb_text_column\"><div class=\"wpb_wrapper\"><h2>Ein Recital als Lebensweg<\/h2>\n<p>Die Veranstalter pr\u00e4sentieren <em>Camino de flores<\/em> als Reise, in der Flamenco zugleich Erinnerung, Wurzel und Werkzeug der Ver\u00e4nderung ist. Die Abfolge der Palos folgt nicht nur musikalischen Kriterien, sondern strukturiert die pers\u00f6nliche Geschichte der K\u00fcnstlerin.<\/p>\n<p>Die Wahl von San Luis verst\u00e4rkt diese introspektive Dimension. Wenn <em>Pan de oro<\/em> mit Feierlichkeit spielt und <em>Devenir de la guitarra<\/em> mit der Geschichte des Instruments, ist die Beziehung zum Raum hier emotional und beinahe rituell.<\/p>\n<p>Ende August best\u00e4tigte die Biennale, dass <strong>die Vorstellungen von Encarna Anillo ausverkauft waren<\/strong>. Die Verf\u00fcgbarkeit der \u00fcbrigen Termine sollte direkt \u00fcber die offiziellen Kan\u00e4le gepr\u00fcft werden, da sie sich mit Ann\u00e4herung der Daten \u00e4ndern kann.<\/p>\n<\/div><\/div><\/div><\/div><\/div><\/div><\/div><\/section><section class=\"l-section wpb_row height_huge\"><div class=\"l-section-h i-cf\"><div class=\"g-cols vc_row via_flex valign_top type_default stacking_default\"><div class=\"vc_col-sm-1\/5 wpb_column vc_column_container\"><div class=\"vc_column-inner\"><div class=\"wpb_wrapper\"><\/div><\/div><\/div><div class=\"vc_col-sm-3\/5 wpb_column vc_column_container\"><div class=\"vc_column-inner\"><div class=\"wpb_wrapper\"><div class=\"wpb_text_column\"><div class=\"wpb_wrapper\"><h2 id=\"san-luis\" style=\"text-align: center;\">San Luis de los Franceses: wenn der Raum Teil der Musik wird<\/h2>\n<p style=\"text-align: center;\">Der Monumentalkomplex San Luis de los Franceses wurde zwischen <strong>1699 und 1731<\/strong> erbaut und gilt als eines der am besten erhaltenen Beispiele des reifen Barock in Sevilla. Der Entwurf stammt von <strong>Leonardo de Figueroa<\/strong> und geh\u00f6rte zum ehemaligen Noviziat der Gesellschaft Jesu.<\/p>\n<p style=\"text-align: center;\">Das k\u00fcnstlerische Programm verbindet Architektur, Skulptur und Malerei mit einer starken symbolischen und szenografischen Absicht. Gerade f\u00fcr die Matineen ist dieser barocke Charakter wichtig: Der Raum wurde geschaffen, um Besucher zu umfangen und eine sinnliche Erfahrung hervorzurufen.<\/p>\n<p style=\"text-align: center;\">Die Biennale nutzt genau diese Eigenschaften. Das Mittagslicht, die intime Gr\u00f6\u00dfe und die Stille der Kirche ver\u00e4ndern die Art, wie eine Stimme oder eine Gitarre geh\u00f6rt wird. Deshalb k\u00f6nnten die Einzigartigen Matineen nicht einfach an jeden anderen Ort verlegt werden, ohne einen wesentlichen Teil ihrer Bedeutung zu verlieren.<\/p>\n<\/div><\/div><\/div><\/div><\/div><div class=\"vc_col-sm-1\/5 wpb_column vc_column_container\"><div class=\"vc_column-inner\"><div class=\"wpb_wrapper\"><\/div><\/div><\/div><\/div><\/div><\/section><section class=\"l-section wpb_row height_huge color_alternate with_shape\"><div class=\"l-section-shape type_zigzag pos_top\" style=\"height:3vmin;\"><svg xmlns=\"http:\/\/www.w3.org\/2000\/svg\" viewBox=\"0 0 64 8\" preserveAspectRatio=\"none\" width=\"100%\" height=\"100%\">\r\n\t<path fill=\"currentColor\" d=\"M64 8 L0 8 L0 0 L20 7.9 L40 3 L48 5 L64 0 Z\"\/>\r\n<\/svg><\/div><div class=\"l-section-shape type_zigzag pos_bottom\" style=\"height:3vmin;\"><svg xmlns=\"http:\/\/www.w3.org\/2000\/svg\" viewBox=\"0 0 64 8\" preserveAspectRatio=\"none\" width=\"100%\" height=\"100%\">\r\n\t<path fill=\"currentColor\" d=\"M64 8 L0 8 L0 0 L20 7.9 L40 3 L48 5 L64 0 Z\"\/>\r\n<\/svg><\/div><div class=\"l-section-h i-cf\"><div class=\"g-cols vc_row via_flex valign_top type_default stacking_default\"><div class=\"vc_col-sm-6 wpb_column vc_column_container\"><div class=\"vc_column-inner\"><div class=\"wpb_wrapper\"><div class=\"wpb_text_column\"><div class=\"wpb_wrapper\"><h2 id=\"flamenco-musica-antigua\">Flamenco und Alte Musik: Was will diese Reihe erreichen?<\/h2>\n<p>Einer der interessantesten Aspekte der Matineen ist, dass die Biennale den Barock nicht nur als visuelle Atmosph\u00e4re verwendet. Es gibt eine echte Zusammenarbeit mit der Welt der <strong>Alten Musik<\/strong>.<\/p>\n<p>Der Cembalist Daniel Oyarz\u00e1bal, Enrike Solin\u00eds und der Lautenist Miguel Rinc\u00f3n bringen Klangfarben ein, die normalerweise nicht zu einem klassischen Flamenco-Recital geh\u00f6ren. Doch jedes Projekt nutzt diese Begegnung anders.<\/p>\n<ul>\n<li><strong><em>Pan de oro<\/em><\/strong> sucht Feierlichkeit und Sammlung rund um den Gesang.<\/li>\n<li><strong><em>Devenir de la guitarra<\/em><\/strong> blickt auf Geschichte und Wandel des Instruments.<\/li>\n<li><strong><em>Camino de flores<\/em><\/strong> nutzt den Dialog der Klangfarben innerhalb einer emotionalen Erz\u00e4hlung.<\/li>\n<\/ul>\n<\/div><\/div><\/div><\/div><\/div><div class=\"vc_col-sm-6 wpb_column vc_column_container\"><div class=\"vc_column-inner\"><div class=\"wpb_wrapper\"><div class=\"wpb_text_column\"><div class=\"wpb_wrapper\"><h2>Sind das Barockkonzerte mit Flamenco?<\/h2>\n<p>Nicht ganz. Flamenco bleibt in allen drei Projekten das Zentrum. Alte Musik fungiert als Gespr\u00e4chspartnerin und l\u00e4sst Elemente anders h\u00f6ren, die bereits im Gesang und Gitarrenspiel vorhanden sind: Ornamentik, Spannung, Wiederholung, Improvisation, Resonanz oder zeremonieller Charakter.<\/p>\n<p>Dieser Ansatz vermeidet eine vereinfachende Vorstellung von \u201eFusion\u201c. Die Reihe ist vielmehr ein Gespr\u00e4ch zwischen Traditionen, Epochen und unterschiedlichen Auffassungen von Musik.<\/p>\n<p>F\u00fcr ein Publikum, das sich sowohl f\u00fcr die <strong>Geschichte des Flamenco<\/strong> als auch f\u00fcr die Entwicklung seiner Ausdrucksformen interessiert, bieten diese sechs Vorstellungen eine andere Perspektive als der Rest des Programms.<\/p>\n<\/div><\/div><\/div><\/div><\/div><\/div><\/div><\/section><section class=\"l-section wpb_row height_huge\"><div class=\"l-section-h i-cf\"><div class=\"g-cols vc_row via_flex valign_top type_default stacking_default\"><div class=\"vc_col-sm-12 wpb_column vc_column_container\"><div class=\"vc_column-inner\"><div class=\"wpb_wrapper\"><div class=\"wpb_text_column\"><div class=\"wpb_wrapper\"><h2 id=\"entradas-matines\">Tickets f\u00fcr die Einzigartigen Matineen der Biennale 2026<\/h2>\n<p>Tickets werden \u00fcber die offiziellen Seiten der einzelnen Vorstellungen auf der Biennale-Website verkauft. Wegen der begrenzten Kapazit\u00e4t und der intimen Gr\u00f6\u00dfe des Ortes kann sich die Verf\u00fcgbarkeit schnell \u00e4ndern.<\/p>\n<p>Die Nachfrage ist bereits Monate vor Festivalbeginn besonders hoch. Schon im Fr\u00fchjahr best\u00e4tigte die Biennale mehrere Vorstellungen in San Luis als ausverkauft und gab am 26. August ausdr\u00fccklich bekannt, dass <strong><em>Camino de flores<\/em>von Encarna Anillo ausverkauft war<\/strong>.<\/p>\n<p>Pr\u00fcfen Sie daher die Seite des konkreten Datums und verlassen Sie sich nicht auf \u00e4ltere Listen. Wenn eine offizielle Kaufoption angezeigt wird, pr\u00fcfen Sie dort die aktuelle Verf\u00fcgbarkeit.<\/p>\n<p>Wenn Ihre gew\u00fcnschte Matinee voll ist, lesen Sie unseren Guide dazu, <a href=\"https:\/\/www.tablaosflamencos.com\/bienal-flamenco-2026-entradas-agotadas-que-ver.html\"><strong>was Sie tun k\u00f6nnen, wenn es keine Tickets mehr f\u00fcr die Biennale gibt<\/strong><\/a>. Das Programm ist sehr umfangreich und bietet weitere Vorstellungen, kostenlose Aktivit\u00e4ten und zahlreiche Flamenco-M\u00f6glichkeiten in der Stadt.<\/p>\n<\/div><\/div><div class=\"w-separator size_medium\"><\/div><div class=\"w-hwrapper valign_top wrap stack_on_mobiles align_center\" style=\"--hwrapper-gap:1.2rem\"><div class=\"w-btn-wrapper align_none\"><a class=\"w-btn us-btn-style_1\" href=\"https:\/\/www.tablaosflamencos.com\/de\/flamenco-biennale-sevilla-2026-ausverkauft-alternativen.html\"><span class=\"w-btn-label\">Was tun, wenn Tickets ausverkauft sind?<\/span><\/a><\/div><div class=\"w-btn-wrapper align_none\"><a class=\"w-btn us-btn-style_1\" href=\"https:\/\/www.tablaosflamencos.com\/de\/flamenco-in-sevilla\"><span class=\"w-btn-label\">Flamenco in Sevilla ansehen<\/span><\/a><\/div><\/div><\/div><\/div><\/div><\/div><\/div><\/section><section class=\"l-section wpb_row height_huge color_alternate with_shape\"><div class=\"l-section-shape type_zigzag pos_top\" style=\"height:3vmin;\"><svg xmlns=\"http:\/\/www.w3.org\/2000\/svg\" viewBox=\"0 0 64 8\" preserveAspectRatio=\"none\" width=\"100%\" height=\"100%\">\r\n\t<path fill=\"currentColor\" d=\"M64 8 L0 8 L0 0 L20 7.9 L40 3 L48 5 L64 0 Z\"\/>\r\n<\/svg><\/div><div class=\"l-section-shape type_zigzag pos_bottom\" style=\"height:3vmin;\"><svg xmlns=\"http:\/\/www.w3.org\/2000\/svg\" viewBox=\"0 0 64 8\" preserveAspectRatio=\"none\" width=\"100%\" height=\"100%\">\r\n\t<path fill=\"currentColor\" d=\"M64 8 L0 8 L0 0 L20 7.9 L40 3 L48 5 L64 0 Z\"\/>\r\n<\/svg><\/div><div class=\"l-section-h i-cf\"><div class=\"g-cols vc_row via_flex valign_top type_default stacking_default\"><div class=\"vc_col-sm-6 wpb_column vc_column_container\"><div class=\"vc_column-inner\"><div class=\"wpb_wrapper\"><div class=\"wpb_text_column\"><div class=\"wpb_wrapper\"><h2 id=\"como-llegar\">So kommen Sie nach San Luis de los Franceses<\/h2>\n<p>Der Monumentalkomplex befindet sich in der <strong>Calle San Luis 37<\/strong>, im historischen Zentrum Sevillas, n\u00f6rdlich der Calle Feria und relativ nahe an der Basilika La Macarena.<\/p>\n<p>Nach Angaben des Ortes selbst bringen mehrere TUSSAM-Buslinien Sie in die N\u00e4he, darunter <strong>02, 14, 27, 32 und C1<\/strong>.<\/p>\n<p>Wenn Sie vom monumentalen Zentrum zu Fu\u00df kommen, planen Sie ausreichend Zeit ein. Die Matineen beginnen um 12:00 Uhr, und der Zugang zu einer Biennale-Vorstellung ist nicht mit dem gew\u00f6hnlichen touristischen Besuch des Monumentalkomplexes gleichzusetzen.<\/p>\n<\/div><\/div><\/div><\/div><\/div><div class=\"vc_col-sm-6 wpb_column vc_column_container\"><div class=\"vc_column-inner\"><div class=\"wpb_wrapper\"><div class=\"wpb_text_column\"><div class=\"wpb_wrapper\"><h2>Tipps f\u00fcr den Besuch einer Matinee<\/h2>\n<ul>\n<li><strong>Kommen Sie fr\u00fchzeitig.<\/strong> Das Format l\u00e4dt dazu ein, ohne Eile anzukommen und sich vor Beginn in Ruhe einzurichten.<\/li>\n<li><strong>Pr\u00fcfen Sie das genaue Datum.<\/strong> Jede Auff\u00fchrung wird am Samstag und Sonntag wiederholt, die Verf\u00fcgbarkeit kann jedoch unterschiedlich sein.<\/li>\n<li><strong>Planen Sie den n\u00e4chsten Termin nicht zu knapp.<\/strong> Lassen Sie Zeit, den Ort zu verlassen und die Umgebung zu erkunden.<\/li>\n<li><strong>Nutzen Sie die Umgebung.<\/strong> San Luis, Feria, die Alameda und La Macarena erm\u00f6glichen einen kulturellen und gastronomischen Rundgang rund um die Vorstellung.<\/li>\n<li><strong>Pr\u00fcfen Sie das Programm desselben Tages.<\/strong> Eine Matinee l\u00e4sst sich sp\u00e4ter mit weiteren Biennale-Vorstellungen am Nachmittag oder Abend verbinden.<\/li>\n<\/ul>\n<\/div><\/div><\/div><\/div><\/div><\/div><\/div><\/section><section class=\"l-section wpb_row height_huge\"><div class=\"l-section-h i-cf\"><div class=\"g-cols vc_row via_flex valign_top type_default stacking_default\"><div class=\"vc_col-sm-12 wpb_column vc_column_container\"><div class=\"vc_column-inner\"><div class=\"wpb_wrapper\"><div class=\"wpb_text_column\"><div class=\"wpb_wrapper\"><h2>So kombinieren Sie die Einzigartigen Matineen mit dem restlichen Biennale-Programm<\/h2>\n<p>Der Beginn um 12:00 Uhr macht diese Reihe zu einer der einfachsten M\u00f6glichkeiten, einen ganzen Biennale-Tag zu gestalten. Nach einer Matinee bleibt genug Zeit f\u00fcr Mittagessen, Erholung und eine weitere Vorstellung am Nachmittag oder Abend.<\/p>\n<p>Am <strong>12. September<\/strong>geht der Tag zum Beispiel mit Veranstaltungen im Espacio Turina, Teatro Lope de Vega, Teatro de la Maestranza und Teatro Alameda weiter. Am <strong>20. September<\/strong>stehen nach Alejandro Hurtado unter anderem Manuel de la Luz und Manuel Im\u00e1n, Jos\u00e9 Merc\u00e9 sowie die Gala des Andalusischen Nachwuchs-Flamenco-Zirkels auf dem Programm. Am <strong>27. September<\/strong>geht es nach Encarna Anillo weiter mit Dani de Mor\u00f3n, <em>Fue tu querer<\/em> und Est\u00e9vez \/ Pa\u00f1os y Compa\u00f1\u00eda.<\/p>\n<p>Der Vorteil einer Matinee besteht allerdings gerade darin, sie in einem anderen Tempo zu erleben. Es lohnt sich nicht, San Luis zu verlassen und sofort an den n\u00e4chsten Lauf zwischen den Theatern zu denken.<\/p>\n<\/div><\/div><\/div><\/div><\/div><\/div><\/div><\/section><section class=\"l-section wpb_row height_huge color_alternate with_shape\"><div class=\"l-section-shape type_zigzag pos_top\" style=\"height:3vmin;\"><svg xmlns=\"http:\/\/www.w3.org\/2000\/svg\" viewBox=\"0 0 64 8\" preserveAspectRatio=\"none\" width=\"100%\" height=\"100%\">\r\n\t<path fill=\"currentColor\" d=\"M64 8 L0 8 L0 0 L20 7.9 L40 3 L48 5 L64 0 Z\"\/>\r\n<\/svg><\/div><div class=\"l-section-shape type_zigzag pos_bottom\" style=\"height:3vmin;\"><svg xmlns=\"http:\/\/www.w3.org\/2000\/svg\" viewBox=\"0 0 64 8\" preserveAspectRatio=\"none\" width=\"100%\" height=\"100%\">\r\n\t<path fill=\"currentColor\" d=\"M64 8 L0 8 L0 0 L20 7.9 L40 3 L48 5 L64 0 Z\"\/>\r\n<\/svg><\/div><div class=\"l-section-h i-cf\"><div class=\"g-cols vc_row via_flex valign_top type_default stacking_default\"><div class=\"vc_col-sm-1\/5 wpb_column vc_column_container\"><div class=\"vc_column-inner\"><div class=\"wpb_wrapper\"><\/div><\/div><\/div><div class=\"vc_col-sm-3\/5 wpb_column vc_column_container\"><div class=\"vc_column-inner\"><div class=\"wpb_wrapper\"><div class=\"wpb_text_column\"><div class=\"wpb_wrapper\"><h2 style=\"text-align: center;\">Drei Wochenenden, um eine andere Biennale zu entdecken<\/h2>\n<p style=\"text-align: center;\">Die Einzigartigen Matineen sind zahlenm\u00e4\u00dfig nur ein kleiner Teil eines riesigen Programms, fassen aber eine der interessantesten Ideen der 24. Biennale sehr gut zusammen: Flamenco muss nicht immer lauter oder gr\u00f6\u00dfer werden, um ein Ereignis zu schaffen.<\/p>\n<p style=\"text-align: center;\">Hier liegt der Luxus in der N\u00e4he. Eine Stimme vor einem Cembalo. Eine Flamenco-Gitarre, die ihrer eigenen Geschichte zuh\u00f6rt. Eine Laute neben autobiografischem Gesang. Und all das in einem der au\u00dfergew\u00f6hnlichsten Barockr\u00e4ume Sevillas bei hellem Tageslicht.<\/p>\n<p style=\"text-align: center;\">Wenn f\u00fcr einen Termin w\u00e4hrend Ihrer Reise noch Tickets verf\u00fcgbar sind, sollten Sie diese Reihe unbedingt in Betracht ziehen. Und wenn bereits alles ausverkauft ist, bietet die Biennale selbst viele andere M\u00f6glichkeiten, einen vollst\u00e4ndigen Flamenco-Tag zu gestalten.<\/p>\n<\/div><\/div><div class=\"w-separator size_medium\"><\/div><div class=\"w-hwrapper valign_top wrap stack_on_mobiles align_center\" style=\"--hwrapper-gap:1.2rem\"><div class=\"w-btn-wrapper align_none\"><a class=\"w-btn us-btn-style_1\" href=\"https:\/\/www.tablaosflamencos.com\/de\/flamenco-biennale-sevilla\"><span class=\"w-btn-label\">Zur Biennale-Landingpage<\/span><\/a><\/div><div class=\"w-btn-wrapper align_none\"><a class=\"w-btn us-btn-style_1\" href=\"https:\/\/www.tablaosflamencos.com\/de\/einzigartige-naechte-flamenco-biennale-sevilla-2026.html\"><span class=\"w-btn-label\">Einzigartige N\u00e4chte 2026 ansehen<\/span><\/a><\/div><\/div><\/div><\/div><\/div><div class=\"vc_col-sm-1\/5 wpb_column vc_column_container\"><div class=\"vc_column-inner\"><div class=\"wpb_wrapper\"><\/div><\/div><\/div><\/div><\/div><\/section><section class=\"l-section wpb_row height_huge\"><div class=\"l-section-h i-cf\"><div class=\"g-cols vc_row via_flex valign_top type_default stacking_default\"><div class=\"vc_col-sm-1\/5 wpb_column vc_column_container\"><div class=\"vc_column-inner\"><div class=\"wpb_wrapper\"><\/div><\/div><\/div><div class=\"vc_col-sm-3\/5 wpb_column vc_column_container\"><div class=\"vc_column-inner\"><div class=\"wpb_wrapper\"><div class=\"wpb_text_column\"><div class=\"wpb_wrapper\"><h2 id=\"faq-matines\" style=\"text-align: center;\">H\u00e4ufig gestellte Fragen zu den Einzigartigen Matineen der Biennale 2026<\/h2>\n<\/div><\/div><div class=\"w-separator size_medium\"><\/div><div class=\"w-tabs accordion toggle_style_1 has_scrolling\" style=\"--sections-title-size:inherit;--sections-gap:0.5rem;\"><div class=\"w-tabs-sections titles-align_none icon_chevron cpos_right\"><div class=\"w-tabs-section\" id=\"x0c4\"><button type=\"button\" class=\"w-tabs-section-header\" aria-controls=\"content-x0c4\" aria-expanded=\"false\"><div class=\"w-tabs-section-title\">Wie viele Einzigartige Matineen gibt es bei der Flamenco-Biennale Sevilla 2026?<\/div><div class=\"w-tabs-section-control\"><\/div><\/button><div  class=\"w-tabs-section-content\" id=\"content-x0c4\"><div class=\"w-tabs-section-content-h i-cf\"><div class=\"wpb_text_column\"><div class=\"wpb_wrapper\"><p>Es gibt <strong>sechs Vorstellungen<\/strong>, verteilt auf drei Shows, die jeweils an zwei aufeinanderfolgenden Tagen stattfinden.<\/p>\n<\/div><\/div><\/div><\/div><\/div><div class=\"w-tabs-section\" id=\"f216\"><button type=\"button\" class=\"w-tabs-section-header\" aria-controls=\"content-f216\" aria-expanded=\"false\"><div class=\"w-tabs-section-title\">Wann finden die Einzigartigen Matineen statt?<\/div><div class=\"w-tabs-section-control\"><\/div><\/button><div  class=\"w-tabs-section-content\" id=\"content-f216\"><div class=\"w-tabs-section-content-h i-cf\"><div class=\"wpb_text_column\"><div class=\"wpb_wrapper\"><p>Sie finden statt am <strong>12., 13., 19., 20., 26. und 27. September 2026<\/strong>. Alle Vorstellungen beginnen um 12:00 Uhr.<\/p>\n<\/div><\/div><\/div><\/div><\/div><div class=\"w-tabs-section\" id=\"m349\"><button type=\"button\" class=\"w-tabs-section-header\" aria-controls=\"content-m349\" aria-expanded=\"false\"><div class=\"w-tabs-section-title\">Wo finden sie statt?<\/div><div class=\"w-tabs-section-control\"><\/div><\/button><div  class=\"w-tabs-section-content\" id=\"content-m349\"><div class=\"w-tabs-section-content-h i-cf\"><div class=\"wpb_text_column\"><div class=\"wpb_wrapper\"><p>Alle Einzigartigen Matineen finden in der <strong>Kirche San Luis de los Franceses<\/strong>in der Calle San Luis in Sevilla statt.<\/p>\n<\/div><\/div><\/div><\/div><\/div><div class=\"w-tabs-section\" id=\"e477\"><button type=\"button\" class=\"w-tabs-section-header\" aria-controls=\"content-e477\" aria-expanded=\"false\"><div class=\"w-tabs-section-title\">Welche K\u00fcnstler nehmen teil?<\/div><div class=\"w-tabs-section-control\"><\/div><\/button><div  class=\"w-tabs-section-content\" id=\"content-e477\"><div class=\"w-tabs-section-content-h i-cf\"><div class=\"wpb_text_column\"><div class=\"wpb_wrapper\"><p>Pedro El Grana\u00edno pr\u00e4sentiert <em>Pan de oro<\/em> mit Daniel Oyarz\u00e1bal; Alejandro Hurtado pr\u00e4sentiert <em>Devenir de la guitarra<\/em> mit Enrike Solin\u00eds; und Encarna Anillo pr\u00e4sentiert <em>Camino de flores<\/em> mit der Mitwirkung des Lautenisten Miguel Rinc\u00f3n.<\/p>\n<\/div><\/div><\/div><\/div><\/div><div class=\"w-tabs-section\" id=\"x5c4\"><button type=\"button\" class=\"w-tabs-section-header\" aria-controls=\"content-x5c4\" aria-expanded=\"false\"><div class=\"w-tabs-section-title\">Welche Verbindung haben die Matineen zur Alten Musik?<\/div><div class=\"w-tabs-section-control\"><\/div><\/button><div  class=\"w-tabs-section-content\" id=\"content-x5c4\"><div class=\"w-tabs-section-content-h i-cf\"><div class=\"wpb_text_column\"><div class=\"wpb_wrapper\"><p>Die Reihe schafft einen Dialog zwischen Flamenco und historischer Musik durch Musiker und Instrumente wie Cembalo und Laute sowie durch die Zusammenarbeit mit dem Festival f\u00fcr Alte Musik Sevilla.<\/p>\n<\/div><\/div><\/div><\/div><\/div><div class=\"w-tabs-section\" id=\"h74d\"><button type=\"button\" class=\"w-tabs-section-header\" aria-controls=\"content-h74d\" aria-expanded=\"false\"><div class=\"w-tabs-section-title\">Geh\u00f6ren die Einzigartigen Matineen zu den Einzigartigen N\u00e4chten?<\/div><div class=\"w-tabs-section-control\"><\/div><\/button><div  class=\"w-tabs-section-content\" id=\"content-h74d\"><div class=\"w-tabs-section-content-h i-cf\"><div class=\"wpb_text_column\"><div class=\"wpb_wrapper\"><p>Nein. Sie sind eine eigene zus\u00e4tzliche Reihe. Die Einzigartigen N\u00e4chte haben ihren eigenen Kalender innerhalb des Biennale-Programms.<\/p>\n<\/div><\/div><\/div><\/div><\/div><div class=\"w-tabs-section\" id=\"b88e\"><button type=\"button\" class=\"w-tabs-section-header\" aria-controls=\"content-b88e\" aria-expanded=\"false\"><div class=\"w-tabs-section-title\">Sind Vorstellungen ausverkauft?<\/div><div class=\"w-tabs-section-control\"><\/div><\/button><div  class=\"w-tabs-section-content\" id=\"content-b88e\"><div class=\"w-tabs-section-content-h i-cf\"><div class=\"wpb_text_column\"><div class=\"wpb_wrapper\"><p>Ja. Die Nachfrage nach der Reihe war sehr hoch. Ende August best\u00e4tigte die Biennale ausdr\u00fccklich, dass beide Vorstellungen von <em>Camino de flores<\/em>mit Encarna Anillo ausverkauft waren. Pr\u00fcfen Sie die aktuelle Verf\u00fcgbarkeit jedes Termins stets auf der offiziellen Website.<\/p>\n<\/div><\/div><\/div><\/div><\/div><div class=\"w-tabs-section\" id=\"n9e5\"><button type=\"button\" class=\"w-tabs-section-header\" aria-controls=\"content-n9e5\" aria-expanded=\"false\"><div class=\"w-tabs-section-title\">Wann beginnen die Matineen?<\/div><div class=\"w-tabs-section-control\"><\/div><\/button><div  class=\"w-tabs-section-content\" id=\"content-n9e5\"><div class=\"w-tabs-section-content-h i-cf\"><div class=\"wpb_text_column\"><div class=\"wpb_wrapper\"><p>Alle beginnen um <strong>12:00 Uhr<\/strong>.<\/p>\n<\/div><\/div><\/div><\/div><\/div><\/div><\/div><\/div><\/div><\/div><div class=\"vc_col-sm-1\/5 wpb_column vc_column_container\"><div class=\"vc_column-inner\"><div class=\"wpb_wrapper\"><\/div><\/div><\/div><\/div><\/div><\/section>\n","protected":false},"excerpt":{"rendered":"<p>Kompletter Guide zu den Einzigartigen Matineen der Flamenco-Biennale Sevilla 2026: Termine, Programm, K\u00fcnstler, San Luis de los Franceses, Tickets und praktische Hinweise.<\/p>\n","protected":false},"author":1,"featured_media":13683,"comment_status":"closed","ping_status":"closed","sticky":false,"template":"","format":"standard","meta":{"_acf_changed":false,"wpai_generated_summary":"","_ayudawp_aiss_exclude":false,"_ayudawp_aiss_exclude_summary":false,"_ayudawp_aiss_summary":"","_ayudawp_aiss_summary_provider":"","_ayudawp_aiss_summary_hash":"","footnotes":""},"categories":[1431],"tags":[1244,1245,1246,1731,1247,1166,405],"class_list":["post-13688","post","type-post","status-publish","format-standard","has-post-thumbnail","hentry","category-flamenco-biennale","tag-agenda-flamenca","tag-bienal-2026","tag-bienal-de-flamenco","tag-einzigartige-matineen","tag-festivales-flamencos","tag-flamenco-en-sevilla","tag-sevilla"],"acf":[],"yoast_head":"<!-- This site is optimized with the Yoast SEO Premium plugin v28.3 (Yoast SEO v28.3) - https:\/\/yoast.com\/product\/yoast-seo-premium-wordpress\/ -->\n<title>Einzigartige Matineen Biennale 2026: Programm &amp; San Luis<\/title>\n<meta name=\"description\" content=\"Entdecken Sie die Einzigartigen Matineen der Flamenco-Biennale Sevilla 2026: Termine, Programm, K\u00fcnstler, San Luis de los Franceses, Tickets und wichtige Infos.\" \/>\n<meta name=\"robots\" content=\"index, follow, max-snippet:-1, max-image-preview:large, max-video-preview:-1\" \/>\n<link rel=\"canonical\" href=\"https:\/\/www.tablaosflamencos.com\/de\/einzigartige-matineen-flamenco-biennale-sevilla-2026.html\" \/>\n<meta property=\"og:locale\" content=\"de_DE\" \/>\n<meta property=\"og:type\" content=\"article\" \/>\n<meta property=\"og:title\" content=\"Einzigartige Matineen der Flamenco-Biennale Sevilla 2026: Programm, Termine und San Luis de los Franceses\" \/>\n<meta property=\"og:description\" content=\"Entdecken Sie die Einzigartigen Matineen der Flamenco-Biennale Sevilla 2026: Termine, Programm, K\u00fcnstler, San Luis de los Franceses, Tickets und wichtige Infos.\" \/>\n<meta property=\"og:url\" content=\"https:\/\/www.tablaosflamencos.com\/de\/einzigartige-matineen-flamenco-biennale-sevilla-2026.html\" \/>\n<meta property=\"og:site_name\" content=\"Tablaos Flamencos\" \/>\n<meta property=\"article:publisher\" content=\"https:\/\/www.facebook.com\/tablaosflamencos\" \/>\n<meta property=\"article:published_time\" content=\"2026-08-31T17:04:44+00:00\" \/>\n<meta property=\"article:modified_time\" content=\"2026-08-31T17:24:48+00:00\" \/>\n<meta property=\"og:image\" content=\"https:\/\/www.tablaosflamencos.com\/wp-content\/uploads\/matines-unicas-de-la-bienal-de-flamenco-2026-programa-fechas-y-san-luis-de-los-franceses-01.webp\" \/>\n\t<meta property=\"og:image:width\" content=\"1920\" \/>\n\t<meta property=\"og:image:height\" content=\"1072\" \/>\n\t<meta property=\"og:image:type\" content=\"image\/webp\" \/>\n<meta name=\"author\" content=\"Miguel Ortiz\" \/>\n<meta name=\"twitter:card\" content=\"summary_large_image\" \/>\n<meta name=\"twitter:creator\" content=\"@tablaosflamenco\" \/>\n<meta name=\"twitter:site\" content=\"@tablaosflamenco\" \/>\n<meta name=\"twitter:label1\" content=\"Verfasst von\" \/>\n\t<meta name=\"twitter:data1\" content=\"Miguel Ortiz\" \/>\n\t<meta name=\"twitter:label2\" content=\"Gesch\u00e4tzte Lesezeit\" \/>\n\t<meta name=\"twitter:data2\" content=\"17\u00a0Minuten\" \/>\n<script type=\"application\/ld+json\" class=\"yoast-schema-graph\">{\"@context\":\"https:\\\/\\\/schema.org\",\"@graph\":[{\"@type\":\"Article\",\"@id\":\"https:\\\/\\\/www.tablaosflamencos.com\\\/de\\\/einzigartige-matineen-flamenco-biennale-sevilla-2026.html#article\",\"isPartOf\":{\"@id\":\"https:\\\/\\\/www.tablaosflamencos.com\\\/de\\\/einzigartige-matineen-flamenco-biennale-sevilla-2026.html\"},\"author\":{\"name\":\"Miguel Ortiz\",\"@id\":\"https:\\\/\\\/www.tablaosflamencos.com\\\/de#\\\/schema\\\/person\\\/e7a9ebe14eb75a52ceabfbffb3c54f5d\"},\"headline\":\"Einzigartige Matineen der Flamenco-Biennale Sevilla 2026: Programm, Termine und San Luis de los Franceses\",\"datePublished\":\"2026-08-31T17:04:44+00:00\",\"dateModified\":\"2026-08-31T17:24:48+00:00\",\"mainEntityOfPage\":{\"@id\":\"https:\\\/\\\/www.tablaosflamencos.com\\\/de\\\/einzigartige-matineen-flamenco-biennale-sevilla-2026.html\"},\"wordCount\":3472,\"publisher\":{\"@id\":\"https:\\\/\\\/www.tablaosflamencos.com\\\/de#organization\"},\"image\":{\"@id\":\"https:\\\/\\\/www.tablaosflamencos.com\\\/de\\\/einzigartige-matineen-flamenco-biennale-sevilla-2026.html#primaryimage\"},\"thumbnailUrl\":\"https:\\\/\\\/www.tablaosflamencos.com\\\/wp-content\\\/uploads\\\/matines-unicas-de-la-bienal-de-flamenco-2026-programa-fechas-y-san-luis-de-los-franceses-01.webp\",\"keywords\":[\"agenda flamenca\",\"Bienal 2026\",\"Bienal de Flamenco\",\"Einzigartige Matineen\",\"festivales flamencos\",\"flamenco en Sevilla\",\"sevilla\"],\"articleSection\":[\"Flamenco-Biennale\"],\"inLanguage\":\"de\"},{\"@type\":\"WebPage\",\"@id\":\"https:\\\/\\\/www.tablaosflamencos.com\\\/de\\\/einzigartige-matineen-flamenco-biennale-sevilla-2026.html\",\"url\":\"https:\\\/\\\/www.tablaosflamencos.com\\\/de\\\/einzigartige-matineen-flamenco-biennale-sevilla-2026.html\",\"name\":\"Einzigartige Matineen Biennale 2026: Programm & San Luis\",\"isPartOf\":{\"@id\":\"https:\\\/\\\/www.tablaosflamencos.com\\\/de#website\"},\"primaryImageOfPage\":{\"@id\":\"https:\\\/\\\/www.tablaosflamencos.com\\\/de\\\/einzigartige-matineen-flamenco-biennale-sevilla-2026.html#primaryimage\"},\"image\":{\"@id\":\"https:\\\/\\\/www.tablaosflamencos.com\\\/de\\\/einzigartige-matineen-flamenco-biennale-sevilla-2026.html#primaryimage\"},\"thumbnailUrl\":\"https:\\\/\\\/www.tablaosflamencos.com\\\/wp-content\\\/uploads\\\/matines-unicas-de-la-bienal-de-flamenco-2026-programa-fechas-y-san-luis-de-los-franceses-01.webp\",\"datePublished\":\"2026-08-31T17:04:44+00:00\",\"dateModified\":\"2026-08-31T17:24:48+00:00\",\"description\":\"Entdecken Sie die Einzigartigen Matineen der Flamenco-Biennale Sevilla 2026: Termine, Programm, K\u00fcnstler, San Luis de los Franceses, Tickets und wichtige Infos.\",\"breadcrumb\":{\"@id\":\"https:\\\/\\\/www.tablaosflamencos.com\\\/de\\\/einzigartige-matineen-flamenco-biennale-sevilla-2026.html#breadcrumb\"},\"inLanguage\":\"de\",\"potentialAction\":[{\"@type\":\"ReadAction\",\"target\":[\"https:\\\/\\\/www.tablaosflamencos.com\\\/de\\\/einzigartige-matineen-flamenco-biennale-sevilla-2026.html\"]}]},{\"@type\":\"ImageObject\",\"inLanguage\":\"de\",\"@id\":\"https:\\\/\\\/www.tablaosflamencos.com\\\/de\\\/einzigartige-matineen-flamenco-biennale-sevilla-2026.html#primaryimage\",\"url\":\"https:\\\/\\\/www.tablaosflamencos.com\\\/wp-content\\\/uploads\\\/matines-unicas-de-la-bienal-de-flamenco-2026-programa-fechas-y-san-luis-de-los-franceses-01.webp\",\"contentUrl\":\"https:\\\/\\\/www.tablaosflamencos.com\\\/wp-content\\\/uploads\\\/matines-unicas-de-la-bienal-de-flamenco-2026-programa-fechas-y-san-luis-de-los-franceses-01.webp\",\"width\":1920,\"height\":1072,\"caption\":\"Matin\u00e9s \u00danicas de la Bienal de Flamenco 2026: programa, fechas y San Luis de los Franceses\"},{\"@type\":\"BreadcrumbList\",\"@id\":\"https:\\\/\\\/www.tablaosflamencos.com\\\/de\\\/einzigartige-matineen-flamenco-biennale-sevilla-2026.html#breadcrumb\",\"itemListElement\":[{\"@type\":\"ListItem\",\"position\":1,\"name\":\"Home\",\"item\":\"https:\\\/\\\/www.tablaosflamencos.com\\\/de\"},{\"@type\":\"ListItem\",\"position\":2,\"name\":\"Einzigartige Matineen der Flamenco-Biennale Sevilla 2026: Programm, Termine und San Luis de los Franceses\"}]},{\"@type\":\"WebSite\",\"@id\":\"https:\\\/\\\/www.tablaosflamencos.com\\\/de#website\",\"url\":\"https:\\\/\\\/www.tablaosflamencos.com\\\/de\",\"name\":\"Tablaos Flamencos\",\"description\":\"Entradas para tablaos flamencos de Espa\u00f1a\",\"publisher\":{\"@id\":\"https:\\\/\\\/www.tablaosflamencos.com\\\/de#organization\"},\"alternateName\":\"Tablaos Flamencos\",\"potentialAction\":[{\"@type\":\"SearchAction\",\"target\":{\"@type\":\"EntryPoint\",\"urlTemplate\":\"https:\\\/\\\/www.tablaosflamencos.com\\\/de?s={search_term_string}\"},\"query-input\":{\"@type\":\"PropertyValueSpecification\",\"valueRequired\":true,\"valueName\":\"search_term_string\"}}],\"inLanguage\":\"de\"},{\"@type\":[\"Organization\",\"Place\",\"EntertainmentBusiness\"],\"@id\":\"https:\\\/\\\/www.tablaosflamencos.com\\\/de#organization\",\"name\":\"Tablaos Flamencos\",\"alternateName\":\"Tablaos Flamencos\",\"url\":\"https:\\\/\\\/www.tablaosflamencos.com\\\/de\",\"logo\":{\"@id\":\"https:\\\/\\\/www.tablaosflamencos.com\\\/de\\\/einzigartige-matineen-flamenco-biennale-sevilla-2026.html#local-main-organization-logo\"},\"image\":{\"@id\":\"https:\\\/\\\/www.tablaosflamencos.com\\\/de\\\/einzigartige-matineen-flamenco-biennale-sevilla-2026.html#local-main-organization-logo\"},\"sameAs\":[\"https:\\\/\\\/www.facebook.com\\\/tablaosflamencos\",\"https:\\\/\\\/x.com\\\/tablaosflamenco\",\"https:\\\/\\\/mastodon.social\\\/@tablaosflamencos\",\"https:\\\/\\\/www.instagram.com\\\/tablaosflamencos\",\"https:\\\/\\\/tiktok.com\\\/@tablaosflamencos\",\"https:\\\/\\\/www.linkedin.com\\\/company\\\/109408238\\\/\"],\"description\":\"Venta de entradas para espect\u00e1culos flamencos\",\"legalName\":\"Tablaos Flamencos\",\"foundingDate\":\"2015-01-01\",\"numberOfEmployees\":{\"@type\":\"QuantitativeValue\",\"minValue\":\"1\",\"maxValue\":\"10\"},\"address\":{\"@id\":\"https:\\\/\\\/www.tablaosflamencos.com\\\/de\\\/einzigartige-matineen-flamenco-biennale-sevilla-2026.html#local-main-place-address\"},\"geo\":{\"@type\":\"GeoCoordinates\",\"latitude\":\"37.3868072\",\"longitude\":\"-5.993280299999999\"},\"telephone\":[\"+34623787787\"],\"contactPoint\":{\"@type\":\"ContactPoint\",\"telephone\":\"+34623787787\",\"email\":\"info@tablaosflamencos.com\"},\"openingHoursSpecification\":{\"@type\":\"OpeningHoursSpecification\",\"dayOfWeek\":[\"Monday\",\"Tuesday\",\"Wednesday\",\"Thursday\",\"Friday\",\"Saturday\",\"Sunday\"],\"opens\":\"00:00\",\"closes\":\"23:59\"},\"email\":\"info@tablaosflamencos.com\",\"priceRange\":\"$$$\",\"currenciesAccepted\":\"\u20ac\"},{\"@type\":\"Person\",\"@id\":\"https:\\\/\\\/www.tablaosflamencos.com\\\/de#\\\/schema\\\/person\\\/e7a9ebe14eb75a52ceabfbffb3c54f5d\",\"name\":\"Miguel Ortiz\",\"description\":\"Miguel Ortiz es un empresario flamenco, con una s\u00f3lida trayectoria dentro del sector. Ha presidido entidades culturales vinculadas al flamenco y, cuenta con un amplio recorrido profesional en la gesti\u00f3n y promoci\u00f3n de espect\u00e1culos y tablaos flamencos. Su pasi\u00f3n por la historia y el arte flamenco se refleja en cada art\u00edculo, donde combina experiencia, criterio y un profundo respeto por la tradici\u00f3n.\",\"sameAs\":[\"https:\\\/\\\/www.tablaosflamencos.com\",\"https:\\\/\\\/www.instagra.com\\\/miguelortizfe\",\"https:\\\/\\\/www.linkedin.com\\\/in\\\/miguelortizf\\\/\"],\"birthDate\":\"1984-11-22\",\"gender\":\"hombre\",\"knowsLanguage\":[\"espa\u00f1ol\",\"ingl\u00e9s\"],\"jobTitle\":\"Empresario flamenco\"},{\"@type\":\"PostalAddress\",\"@id\":\"https:\\\/\\\/www.tablaosflamencos.com\\\/de\\\/einzigartige-matineen-flamenco-biennale-sevilla-2026.html#local-main-place-address\",\"streetAddress\":\"C\\\/ Alemanes, 19\",\"addressLocality\":\"Sevilla\",\"postalCode\":\"41004\",\"addressRegion\":\"Sevilla\",\"addressCountry\":\"ES\"},{\"@type\":\"ImageObject\",\"inLanguage\":\"de\",\"@id\":\"https:\\\/\\\/www.tablaosflamencos.com\\\/de\\\/einzigartige-matineen-flamenco-biennale-sevilla-2026.html#local-main-organization-logo\",\"url\":\"https:\\\/\\\/www.tablaosflamencos.com\\\/wp-content\\\/uploads\\\/tablaos-flamencos-06-3.webp\",\"contentUrl\":\"https:\\\/\\\/www.tablaosflamencos.com\\\/wp-content\\\/uploads\\\/tablaos-flamencos-06-3.webp\",\"width\":600,\"height\":620,\"caption\":\"Tablaos Flamencos\"}]}<\/script>\n<meta name=\"geo.placename\" content=\"Sevilla\" \/>\n<meta name=\"geo.position\" content=\"37.3868072;-5.993280299999999\" \/>\n<meta name=\"geo.region\" content=\"Spanien\" \/>\n<!-- \/ Yoast SEO Premium plugin. -->","yoast_head_json":{"title":"Einzigartige Matineen Biennale 2026: Programm & San Luis","description":"Entdecken Sie die Einzigartigen Matineen der Flamenco-Biennale Sevilla 2026: Termine, Programm, K\u00fcnstler, San Luis de los Franceses, Tickets und wichtige Infos.","robots":{"index":"index","follow":"follow","max-snippet":"max-snippet:-1","max-image-preview":"max-image-preview:large","max-video-preview":"max-video-preview:-1"},"canonical":"https:\/\/www.tablaosflamencos.com\/de\/einzigartige-matineen-flamenco-biennale-sevilla-2026.html","og_locale":"de_DE","og_type":"article","og_title":"Einzigartige Matineen der Flamenco-Biennale Sevilla 2026: Programm, Termine und San Luis de los Franceses","og_description":"Entdecken Sie die Einzigartigen Matineen der Flamenco-Biennale Sevilla 2026: Termine, Programm, K\u00fcnstler, San Luis de los Franceses, Tickets und wichtige Infos.","og_url":"https:\/\/www.tablaosflamencos.com\/de\/einzigartige-matineen-flamenco-biennale-sevilla-2026.html","og_site_name":"Tablaos Flamencos","article_publisher":"https:\/\/www.facebook.com\/tablaosflamencos","article_published_time":"2026-08-31T17:04:44+00:00","article_modified_time":"2026-08-31T17:24:48+00:00","og_image":[{"width":1920,"height":1072,"url":"https:\/\/www.tablaosflamencos.com\/wp-content\/uploads\/matines-unicas-de-la-bienal-de-flamenco-2026-programa-fechas-y-san-luis-de-los-franceses-01.webp","type":"image\/webp"}],"author":"Miguel Ortiz","twitter_card":"summary_large_image","twitter_creator":"@tablaosflamenco","twitter_site":"@tablaosflamenco","twitter_misc":{"Verfasst von":"Miguel Ortiz","Gesch\u00e4tzte Lesezeit":"17\u00a0Minuten"},"schema":{"@context":"https:\/\/schema.org","@graph":[{"@type":"Article","@id":"https:\/\/www.tablaosflamencos.com\/de\/einzigartige-matineen-flamenco-biennale-sevilla-2026.html#article","isPartOf":{"@id":"https:\/\/www.tablaosflamencos.com\/de\/einzigartige-matineen-flamenco-biennale-sevilla-2026.html"},"author":{"name":"Miguel Ortiz","@id":"https:\/\/www.tablaosflamencos.com\/de#\/schema\/person\/e7a9ebe14eb75a52ceabfbffb3c54f5d"},"headline":"Einzigartige Matineen der Flamenco-Biennale Sevilla 2026: Programm, Termine und San Luis de los Franceses","datePublished":"2026-08-31T17:04:44+00:00","dateModified":"2026-08-31T17:24:48+00:00","mainEntityOfPage":{"@id":"https:\/\/www.tablaosflamencos.com\/de\/einzigartige-matineen-flamenco-biennale-sevilla-2026.html"},"wordCount":3472,"publisher":{"@id":"https:\/\/www.tablaosflamencos.com\/de#organization"},"image":{"@id":"https:\/\/www.tablaosflamencos.com\/de\/einzigartige-matineen-flamenco-biennale-sevilla-2026.html#primaryimage"},"thumbnailUrl":"https:\/\/www.tablaosflamencos.com\/wp-content\/uploads\/matines-unicas-de-la-bienal-de-flamenco-2026-programa-fechas-y-san-luis-de-los-franceses-01.webp","keywords":["agenda flamenca","Bienal 2026","Bienal de Flamenco","Einzigartige Matineen","festivales flamencos","flamenco en Sevilla","sevilla"],"articleSection":["Flamenco-Biennale"],"inLanguage":"de"},{"@type":"WebPage","@id":"https:\/\/www.tablaosflamencos.com\/de\/einzigartige-matineen-flamenco-biennale-sevilla-2026.html","url":"https:\/\/www.tablaosflamencos.com\/de\/einzigartige-matineen-flamenco-biennale-sevilla-2026.html","name":"Einzigartige Matineen Biennale 2026: Programm & San Luis","isPartOf":{"@id":"https:\/\/www.tablaosflamencos.com\/de#website"},"primaryImageOfPage":{"@id":"https:\/\/www.tablaosflamencos.com\/de\/einzigartige-matineen-flamenco-biennale-sevilla-2026.html#primaryimage"},"image":{"@id":"https:\/\/www.tablaosflamencos.com\/de\/einzigartige-matineen-flamenco-biennale-sevilla-2026.html#primaryimage"},"thumbnailUrl":"https:\/\/www.tablaosflamencos.com\/wp-content\/uploads\/matines-unicas-de-la-bienal-de-flamenco-2026-programa-fechas-y-san-luis-de-los-franceses-01.webp","datePublished":"2026-08-31T17:04:44+00:00","dateModified":"2026-08-31T17:24:48+00:00","description":"Entdecken Sie die Einzigartigen Matineen der Flamenco-Biennale Sevilla 2026: Termine, Programm, K\u00fcnstler, San Luis de los Franceses, Tickets und wichtige Infos.","breadcrumb":{"@id":"https:\/\/www.tablaosflamencos.com\/de\/einzigartige-matineen-flamenco-biennale-sevilla-2026.html#breadcrumb"},"inLanguage":"de","potentialAction":[{"@type":"ReadAction","target":["https:\/\/www.tablaosflamencos.com\/de\/einzigartige-matineen-flamenco-biennale-sevilla-2026.html"]}]},{"@type":"ImageObject","inLanguage":"de","@id":"https:\/\/www.tablaosflamencos.com\/de\/einzigartige-matineen-flamenco-biennale-sevilla-2026.html#primaryimage","url":"https:\/\/www.tablaosflamencos.com\/wp-content\/uploads\/matines-unicas-de-la-bienal-de-flamenco-2026-programa-fechas-y-san-luis-de-los-franceses-01.webp","contentUrl":"https:\/\/www.tablaosflamencos.com\/wp-content\/uploads\/matines-unicas-de-la-bienal-de-flamenco-2026-programa-fechas-y-san-luis-de-los-franceses-01.webp","width":1920,"height":1072,"caption":"Matin\u00e9s \u00danicas de la Bienal de Flamenco 2026: programa, fechas y San Luis de los Franceses"},{"@type":"BreadcrumbList","@id":"https:\/\/www.tablaosflamencos.com\/de\/einzigartige-matineen-flamenco-biennale-sevilla-2026.html#breadcrumb","itemListElement":[{"@type":"ListItem","position":1,"name":"Home","item":"https:\/\/www.tablaosflamencos.com\/de"},{"@type":"ListItem","position":2,"name":"Einzigartige Matineen der Flamenco-Biennale Sevilla 2026: Programm, Termine und San Luis de los Franceses"}]},{"@type":"WebSite","@id":"https:\/\/www.tablaosflamencos.com\/de#website","url":"https:\/\/www.tablaosflamencos.com\/de","name":"Tablaos Flamencos","description":"Entradas para tablaos flamencos de Espa\u00f1a","publisher":{"@id":"https:\/\/www.tablaosflamencos.com\/de#organization"},"alternateName":"Tablaos Flamencos","potentialAction":[{"@type":"SearchAction","target":{"@type":"EntryPoint","urlTemplate":"https:\/\/www.tablaosflamencos.com\/de?s={search_term_string}"},"query-input":{"@type":"PropertyValueSpecification","valueRequired":true,"valueName":"search_term_string"}}],"inLanguage":"de"},{"@type":["Organization","Place","EntertainmentBusiness"],"@id":"https:\/\/www.tablaosflamencos.com\/de#organization","name":"Tablaos Flamencos","alternateName":"Tablaos Flamencos","url":"https:\/\/www.tablaosflamencos.com\/de","logo":{"@id":"https:\/\/www.tablaosflamencos.com\/de\/einzigartige-matineen-flamenco-biennale-sevilla-2026.html#local-main-organization-logo"},"image":{"@id":"https:\/\/www.tablaosflamencos.com\/de\/einzigartige-matineen-flamenco-biennale-sevilla-2026.html#local-main-organization-logo"},"sameAs":["https:\/\/www.facebook.com\/tablaosflamencos","https:\/\/x.com\/tablaosflamenco","https:\/\/mastodon.social\/@tablaosflamencos","https:\/\/www.instagram.com\/tablaosflamencos","https:\/\/tiktok.com\/@tablaosflamencos","https:\/\/www.linkedin.com\/company\/109408238\/"],"description":"Venta de entradas para espect\u00e1culos flamencos","legalName":"Tablaos Flamencos","foundingDate":"2015-01-01","numberOfEmployees":{"@type":"QuantitativeValue","minValue":"1","maxValue":"10"},"address":{"@id":"https:\/\/www.tablaosflamencos.com\/de\/einzigartige-matineen-flamenco-biennale-sevilla-2026.html#local-main-place-address"},"geo":{"@type":"GeoCoordinates","latitude":"37.3868072","longitude":"-5.993280299999999"},"telephone":["+34623787787"],"contactPoint":{"@type":"ContactPoint","telephone":"+34623787787","email":"info@tablaosflamencos.com"},"openingHoursSpecification":{"@type":"OpeningHoursSpecification","dayOfWeek":["Monday","Tuesday","Wednesday","Thursday","Friday","Saturday","Sunday"],"opens":"00:00","closes":"23:59"},"email":"info@tablaosflamencos.com","priceRange":"$$$","currenciesAccepted":"\u20ac"},{"@type":"Person","@id":"https:\/\/www.tablaosflamencos.com\/de#\/schema\/person\/e7a9ebe14eb75a52ceabfbffb3c54f5d","name":"Miguel Ortiz","description":"Miguel Ortiz es un empresario flamenco, con una s\u00f3lida trayectoria dentro del sector. Ha presidido entidades culturales vinculadas al flamenco y, cuenta con un amplio recorrido profesional en la gesti\u00f3n y promoci\u00f3n de espect\u00e1culos y tablaos flamencos. Su pasi\u00f3n por la historia y el arte flamenco se refleja en cada art\u00edculo, donde combina experiencia, criterio y un profundo respeto por la tradici\u00f3n.","sameAs":["https:\/\/www.tablaosflamencos.com","https:\/\/www.instagra.com\/miguelortizfe","https:\/\/www.linkedin.com\/in\/miguelortizf\/"],"birthDate":"1984-11-22","gender":"hombre","knowsLanguage":["espa\u00f1ol","ingl\u00e9s"],"jobTitle":"Empresario flamenco"},{"@type":"PostalAddress","@id":"https:\/\/www.tablaosflamencos.com\/de\/einzigartige-matineen-flamenco-biennale-sevilla-2026.html#local-main-place-address","streetAddress":"C\/ Alemanes, 19","addressLocality":"Sevilla","postalCode":"41004","addressRegion":"Sevilla","addressCountry":"ES"},{"@type":"ImageObject","inLanguage":"de","@id":"https:\/\/www.tablaosflamencos.com\/de\/einzigartige-matineen-flamenco-biennale-sevilla-2026.html#local-main-organization-logo","url":"https:\/\/www.tablaosflamencos.com\/wp-content\/uploads\/tablaos-flamencos-06-3.webp","contentUrl":"https:\/\/www.tablaosflamencos.com\/wp-content\/uploads\/tablaos-flamencos-06-3.webp","width":600,"height":620,"caption":"Tablaos Flamencos"}]},"geo.placename":"Sevilla","geo.position":{"lat":"37.3868072","long":"-5.993280299999999"},"geo.region":"Spanien"},"_links":{"self":[{"href":"https:\/\/www.tablaosflamencos.com\/de\/wp-json\/wp\/v2\/posts\/13688","targetHints":{"allow":["GET"]}}],"collection":[{"href":"https:\/\/www.tablaosflamencos.com\/de\/wp-json\/wp\/v2\/posts"}],"about":[{"href":"https:\/\/www.tablaosflamencos.com\/de\/wp-json\/wp\/v2\/types\/post"}],"author":[{"embeddable":true,"href":"https:\/\/www.tablaosflamencos.com\/de\/wp-json\/wp\/v2\/users\/1"}],"replies":[{"embeddable":true,"href":"https:\/\/www.tablaosflamencos.com\/de\/wp-json\/wp\/v2\/comments?post=13688"}],"version-history":[{"count":1,"href":"https:\/\/www.tablaosflamencos.com\/de\/wp-json\/wp\/v2\/posts\/13688\/revisions"}],"predecessor-version":[{"id":13698,"href":"https:\/\/www.tablaosflamencos.com\/de\/wp-json\/wp\/v2\/posts\/13688\/revisions\/13698"}],"wp:featuredmedia":[{"embeddable":true,"href":"https:\/\/www.tablaosflamencos.com\/de\/wp-json\/wp\/v2\/media\/13683"}],"wp:attachment":[{"href":"https:\/\/www.tablaosflamencos.com\/de\/wp-json\/wp\/v2\/media?parent=13688"}],"wp:term":[{"taxonomy":"category","embeddable":true,"href":"https:\/\/www.tablaosflamencos.com\/de\/wp-json\/wp\/v2\/categories?post=13688"},{"taxonomy":"post_tag","embeddable":true,"href":"https:\/\/www.tablaosflamencos.com\/de\/wp-json\/wp\/v2\/tags?post=13688"}],"curies":[{"name":"wp","href":"https:\/\/api.w.org\/{rel}","templated":true}]}}