{"id":13666,"date":"2026-08-31T18:07:57","date_gmt":"2026-08-31T16:07:57","guid":{"rendered":"https:\/\/www.tablaosflamencos.com\/?p=13666"},"modified":"2026-08-31T18:26:39","modified_gmt":"2026-08-31T16:26:39","slug":"festival-cante-jondo-antonio-mairena-2026","status":"publish","type":"post","link":"https:\/\/www.tablaosflamencos.com\/de\/festival-cante-jondo-antonio-mairena-2026.html","title":{"rendered":"Festival de Cante Jondo Antonio Mairena 2026: Programm, K\u00fcnstler, Termine und Tickets"},"content":{"rendered":"<section class=\"l-section wpb_row height_huge\"><div class=\"l-section-h i-cf\"><div class=\"g-cols vc_row via_flex valign_top type_default stacking_default\"><div class=\"vc_col-sm-6 wpb_column vc_column_container\"><div class=\"vc_column-inner\"><div class=\"wpb_wrapper\"><div class=\"wpb_text_column\"><div class=\"wpb_wrapper\"><h2>Festival de Cante Jondo Antonio Mairena 2026: f\u00fcnf Tage Flamenco in einem seiner gro\u00dfen Tempel<\/h2>\n<p>Mairena del Alcor wird mit der Feier des <strong>65. Festival de Cante Jondo Antonio Mairena<\/strong>, das <strong>vom 1. bis 5. September 2026<\/strong>stattfindet, erneut zu einem der Zentren des andalusischen Flamenco. Die Ausgabe vereint Gesang, Gitarre, Tanz, Vortr\u00e4ge, eine Masterclass, den historischen Nationalen Cante-Jondo-Wettbewerb und eine gro\u00dfe Abschlussgala mit Gr\u00f6\u00dfen wie <strong>Jos\u00e9 Merc\u00e9, La Macanita und Farruquito<\/strong>.<\/p>\n<p>Das Festival 2026 ist <strong>Diego Clavel gewidmet<\/strong> und bewahrt die Ausrichtung, die diese Veranstaltung seit ihren Anf\u00e4ngen pr\u00e4gt: den Cante zu w\u00fcrdigen, das Flamenco-Ged\u00e4chtnis weiterzugeben und verschiedene K\u00fcnstlergenerationen in Mairena del Alcor zusammenzubringen, einem Ort, der eng mit Antonio Mairena verbunden ist.<\/p>\n<p>Das Programm verteilt sich auf den <strong>Casa Palacio de los Duques de Arcos<\/strong>, das <strong>Teatro Municipal Calixto S\u00e1nchez<\/strong> und das <strong>Auditorio Municipal Manuel Mairena<\/strong>. Au\u00dferdem findet am 28. August als Auftakt die <strong>Flamenkedada<\/strong>statt, ein Flamenco-Fusion-Format, das sich besonders an ein j\u00fcngeres Publikum richtet.<\/p>\n<\/div><\/div><\/div><\/div><\/div><div class=\"vc_col-sm-6 wpb_column vc_column_container\"><div class=\"vc_column-inner\"><div class=\"wpb_wrapper\"><div class=\"wpb_text_column\"><div class=\"wpb_wrapper\"><h3>Festival Antonio Mairena 2026: die wichtigsten Daten<\/h3>\n<ul>\n<li><strong>Ausgabe:<\/strong> 65. Festival de Cante Jondo Antonio Mairena.<\/li>\n<li><strong>Termine:<\/strong> 1. bis 5. September 2026.<\/li>\n<li><strong>Ort:<\/strong> Mairena del Alcor, Sevilla.<\/li>\n<li><strong>Widmung:<\/strong> Diego Clavel.<\/li>\n<li><strong>Abschlussgala:<\/strong> 5. September, 22:00 Uhr.<\/li>\n<li><strong>K\u00fcnstler der Gala:<\/strong> Jos\u00e9 Merc\u00e9, La Macanita, Juan de Mairena, Roc\u00edo Luna und Farruquito, unter anderem.<\/li>\n<li><strong>Tickets:<\/strong> ab 10 \u20ac f\u00fcr kostenpflichtige Veranstaltungen, je nach Kategorie.<\/li>\n<li><strong>Verkauf:<\/strong> offizielle Website, Giglon-Plattform und vom Rathaus angegebene Verkaufsstellen.<\/li>\n<\/ul>\n<p><small>Programm und Verkaufsbedingungen k\u00f6nnen ge\u00e4ndert werden. Wir empfehlen, vor der Anreise die offiziellen Informationen zu pr\u00fcfen.<\/small><\/p>\n<\/div><\/div><div class=\"w-separator size_medium\"><\/div><div class=\"w-hwrapper valign_top wrap stack_on_mobiles align_center\" style=\"--hwrapper-gap:1.2rem\"><div class=\"w-btn-wrapper align_none\"><a class=\"w-btn us-btn-style_1\" href=\"https:\/\/festivalmairena.com\/\"><span class=\"w-btn-label\">Offizielle Festival-Website<\/span><\/a><\/div><\/div><\/div><\/div><\/div><\/div><\/div><\/section><section class=\"l-section wpb_row height_huge color_alternate with_shape\"><div class=\"l-section-shape type_zigzag pos_top hor_flip\" style=\"height:3vmin;\"><svg xmlns=\"http:\/\/www.w3.org\/2000\/svg\" viewBox=\"0 0 64 8\" preserveAspectRatio=\"none\" width=\"100%\" height=\"100%\">\r\n\t<path fill=\"currentColor\" d=\"M64 8 L0 8 L0 0 L20 7.9 L40 3 L48 5 L64 0 Z\"\/>\r\n<\/svg><\/div><div class=\"l-section-shape type_zigzag pos_bottom\" style=\"height:3vmin;\"><svg xmlns=\"http:\/\/www.w3.org\/2000\/svg\" viewBox=\"0 0 64 8\" preserveAspectRatio=\"none\" width=\"100%\" height=\"100%\">\r\n\t<path fill=\"currentColor\" d=\"M64 8 L0 8 L0 0 L20 7.9 L40 3 L48 5 L64 0 Z\"\/>\r\n<\/svg><\/div><div class=\"l-section-h i-cf\"><div class=\"g-cols vc_row via_flex valign_top type_default stacking_default\"><div class=\"vc_col-sm-12 wpb_column vc_column_container\"><div class=\"vc_column-inner\"><div class=\"wpb_wrapper\"><div class=\"wpb_text_column\"><div class=\"wpb_wrapper\"><h2>Vollst\u00e4ndiges Programm des Festival de Cante Jondo Antonio Mairena 2026<\/h2>\n<p>Die Ausgabe 2026 verbindet Recitals, Reflexion, Weiterbildung, Tanz und Wettbewerb. Das Hauptprogramm l\u00e4uft von Dienstag, 1., bis Samstag, 5. September; die Flamenkedada am 28. August dient als Prolog.<\/p>\n<h3>Dienstag, 1. September: Er\u00f6ffnung, Diego Clavel und Rubito de Par\u00e1<\/h3>\n<p>Der <strong>Casa Palacio de los Duques de Arcos<\/strong> steht im Mittelpunkt des ersten Tages. Um <strong>21:00 Uhr<\/strong> ist die institutionelle Er\u00f6ffnung vorgesehen. Anschlie\u00dfend, um <strong>21:15 Uhr<\/strong>, h\u00e4lt Pedro L\u00f3phe den Vortrag <em>Diego Clavel: Ethik und \u00c4sthetik<\/em>, passend zur Widmung dieser Ausgabe.<\/p>\n<p>Der Abend endet um <strong>22:30 Uhr<\/strong> mit einem Flamenco-Recital von <strong>Rubito de Par\u00e1<\/strong>, begleitet an der Gitarre von <strong>Antonio Carri\u00f3n<\/strong>. Die f\u00fcr diesen ersten Abend angek\u00fcndigten Veranstaltungen sind bei freiem Eintritt zug\u00e4nglich, solange Pl\u00e4tze verf\u00fcgbar sind.<\/p>\n<h3>Mittwoch, 2. September: Ballet Flamenco de Andaluc\u00eda<\/h3>\n<p>Das <strong>Teatro Municipal Calixto S\u00e1nchez<\/strong> zeigt um <strong>21:30 Uhr<\/strong> die Vorstellung <em>Flamenco Patrimonio<\/em>des <strong>Ballet Flamenco de Andaluc\u00eda<\/strong>. Sie geh\u00f6rt zu den wichtigsten B\u00fchnenveranstaltungen der Woche und ist kostenpflichtig.<\/p>\n<h3>Donnerstag, 3. September: Ausbildung, Erinnerung und Gitarre<\/h3>\n<p>Der Tag beginnt um <strong>11:00 Uhr<\/strong> im Teatro Municipal Calixto S\u00e1nchez mit einer <strong>Flamenco-Tanz-Masterclass von Alejandro Rodr\u00edguez<\/strong>. Die Organisation k\u00fcndigte kostenlose Anmeldung und begrenzte Pl\u00e4tze an.<\/p>\n<p>Am Abend kehrt das Programm in die Casa Palacio de los Duques de Arcos zur\u00fcck. Um <strong>21:00 Uhr<\/strong> findet die Begegnung <em>Romerito de Jerez, fast ein Jahrhundert Flamenco-Zeitzeugnis<\/em>statt, mit <strong>Romerito de Jerez und Juan Garrido<\/strong>. Um <strong>22:30 Uhr<\/strong>, <strong>Diego del Morao<\/strong> gibt ein Flamenco-Gitarrenrecital.<\/p>\n<\/div><\/div><\/div><\/div><\/div><\/div><\/div><\/section><section class=\"l-section wpb_row height_huge\"><div class=\"l-section-h i-cf\"><div class=\"g-cols vc_row via_flex valign_top type_default stacking_default\"><div class=\"vc_col-sm-6 wpb_column vc_column_container\"><div class=\"vc_column-inner\"><div class=\"wpb_wrapper\"><div class=\"wpb_text_column\"><div class=\"wpb_wrapper\"><h2>4. September: Der Nationale Wettbewerb wird zum Festival<\/h2>\n<p>Am Freitag, dem 4., steht einer der charaktervollsten Abende dieser Ausgabe an: der <strong>64. Nationale Cante-Jondo-Wettbewerb Antonio Mairena<\/strong>, angesetzt f\u00fcr <strong>22:00 Uhr<\/strong> im Auditorio Municipal Manuel Mairena.<\/p>\n<p>Die Ausgabe ist <strong>Aurora Vargas gewidmet<\/strong> und steht unter dem Leitgedanken <em>Der Wettbewerb als Festival<\/em>. Das angek\u00fcndigte Line-up umfasst <strong>Remedios Reyes<\/strong>, mit Julio Romero an der Gitarre; <strong>Ana La Yiya<\/strong>, mit Antonio Garc\u00eda; <strong>Caracolillo de C\u00e1diz<\/strong>, mit Nono Reyes; <strong>Manuel C\u00e1stulo<\/strong>, mit Manolo Herrera; und <strong>Rubio de Pruna<\/strong>, begleitet von Marcos de Silva.<\/p>\n<p>Der Abend umfasst au\u00dferdem Tanz von <strong>Mar\u00eda T\u00e1vora und ihrer Gruppe<\/strong>, Palmas von Cepa N\u00fa\u00f1ez und Manuel Vinaza sowie die Moderation von <strong>Juan Garrido<\/strong>.<\/p>\n<p>Der Nationale Wettbewerb ist ein grundlegender Bestandteil der Flamenco-Identit\u00e4t von Mairena del Alcor und erg\u00e4nzt das Festivalprogramm um einen Abend, der speziell dem Cante gewidmet ist.<\/p>\n<\/div><\/div><\/div><\/div><\/div><div class=\"vc_col-sm-6 wpb_column vc_column_container\"><div class=\"vc_column-inner\"><div class=\"wpb_wrapper\"><div class=\"wpb_text_column\"><div class=\"wpb_wrapper\"><h2>5. September: gro\u00dfe Gala mit Jos\u00e9 Merc\u00e9, La Macanita und Farruquito<\/h2>\n<p>Am Samstag, dem 5. September, um <strong>22:00 Uhr<\/strong>findet im <strong>Auditorio Municipal Manuel Mairena<\/strong> die gro\u00dfe Gala des 65. Festivals statt. Es ist der zentrale Abend mit dem umfangreichsten Line-up der Ausgabe.<\/p>\n<p><strong>Gesanglich<\/strong> treten auf <strong>Jos\u00e9 Merc\u00e9, La Macanita, Juan de Mairena und Roc\u00edo Luna<\/strong>. An den Gitarren sind <strong>Antonio Higuero, Manuel Valencia und Francisco G\u00f3mez<\/strong>zu h\u00f6ren.<\/p>\n<p>Im Mittelpunkt des Tanzes steht <strong>Juan Manuel Fern\u00e1ndez Montoya \u201eFarruquito\u201c<\/strong>, begleitet von den S\u00e4ngern Ismael de la Rosa \u201eEl Bola\u201c, Manuel de la Nina und Mari Viz\u00e1rraga; Manuel Valencia an der Gitarre und Paco Vega an der Perkussion.<\/p>\n<p>Moderiert wird die Gala von <strong>Manuel Mart\u00edn Mart\u00edn<\/strong>. Wegen der Bedeutung der K\u00fcnstler und des Abschlusscharakters des Abends ist es besonders ratsam, die Ticketverf\u00fcgbarkeit fr\u00fchzeitig zu pr\u00fcfen.<\/p>\n<\/div><\/div><\/div><\/div><\/div><\/div><\/div><\/section><section class=\"l-section wpb_row height_huge color_alternate with_shape\"><div class=\"l-section-shape type_zigzag pos_top hor_flip\" style=\"height:3vmin;\"><svg xmlns=\"http:\/\/www.w3.org\/2000\/svg\" viewBox=\"0 0 64 8\" preserveAspectRatio=\"none\" width=\"100%\" height=\"100%\">\r\n\t<path fill=\"currentColor\" d=\"M64 8 L0 8 L0 0 L20 7.9 L40 3 L48 5 L64 0 Z\"\/>\r\n<\/svg><\/div><div class=\"l-section-shape type_zigzag pos_bottom\" style=\"height:3vmin;\"><svg xmlns=\"http:\/\/www.w3.org\/2000\/svg\" viewBox=\"0 0 64 8\" preserveAspectRatio=\"none\" width=\"100%\" height=\"100%\">\r\n\t<path fill=\"currentColor\" d=\"M64 8 L0 8 L0 0 L20 7.9 L40 3 L48 5 L64 0 Z\"\/>\r\n<\/svg><\/div><div class=\"l-section-h i-cf\"><div class=\"g-cols vc_row via_flex valign_top type_default stacking_default\"><div class=\"vc_col-sm-12 wpb_column vc_column_container\"><div class=\"vc_column-inner\"><div class=\"wpb_wrapper\"><div class=\"wpb_text_column\"><div class=\"wpb_wrapper\"><h2>Tickets und Preise f\u00fcr das Festival Antonio Mairena 2026<\/h2>\n<p>Nach den ver\u00f6ffentlichten offiziellen Angaben beginnen die Preise bei <strong>10 Euro<\/strong>. F\u00fcr die Festivalgala wurden sowohl nicht nummerierte als auch nummerierte Tickets angek\u00fcndigt, w\u00e4hrend einige Veranstaltungen der ersten Tage kostenlos sind, solange Pl\u00e4tze verf\u00fcgbar sind.<\/p>\n<p>Zu den ver\u00f6ffentlichten Preisen f\u00fcr 2026 geh\u00f6ren:<\/p>\n<ul>\n<li><strong>Flamenkedada:<\/strong> 10 \u20ac.<\/li>\n<li><strong>Flamenco Patrimonio:<\/strong> 10 \u20ac.<\/li>\n<li><strong>Festivalgala:<\/strong> 15 \u20ac ohne Nummerierung und 20 \u20ac nummeriert, laut ver\u00f6ffentlichten Angaben.<\/li>\n<li><strong>Kombitickets:<\/strong> Es gibt Optionen, die mehrere kostenpflichtige Aktivit\u00e4ten b\u00fcndeln.<\/li>\n<\/ul>\n<p>Der Verkauf l\u00e4uft \u00fcber die <strong>offizielle Festival-Website<\/strong>, die Plattform <strong>Giglon<\/strong> und die vom Rathaus von Mairena del Alcor mitgeteilten Vorverkaufsstellen. Zum Zeitpunkt der Pr\u00fcfung des Programms wird die Vorstellung <em>Flamenco Patrimonio<\/em> auf der offiziellen Website nur mit Verkauf an der Abendkasse ausgewiesen.<\/p>\n<p>Da sich die Verf\u00fcgbarkeit in den letzten Tagen schnell \u00e4ndern kann, sollte vor dem Besuch der offizielle Verkaufskanal gepr\u00fcft und nicht davon ausgegangen werden, dass Tickets an der T\u00fcr erh\u00e4ltlich sind.<\/p>\n<\/div><\/div><div class=\"w-separator size_medium\"><\/div><div class=\"w-hwrapper valign_top wrap stack_on_mobiles align_center\" style=\"--hwrapper-gap:1.2rem\"><div class=\"w-btn-wrapper align_none\"><a class=\"w-btn us-btn-style_1\" href=\"https:\/\/festivalmairena.com\/\"><span class=\"w-btn-label\">Festival-Tickets pr\u00fcfen<\/span><\/a><\/div><\/div><\/div><\/div><\/div><\/div><\/div><\/section><section class=\"l-section wpb_row height_huge\"><div class=\"l-section-h i-cf\"><div class=\"g-cols vc_row via_flex valign_top type_default stacking_default\"><div class=\"vc_col-sm-6 wpb_column vc_column_container\"><div class=\"vc_column-inner\"><div class=\"wpb_wrapper\"><div class=\"wpb_text_column\"><div class=\"wpb_wrapper\"><h2>Flamenkedada: der Prolog am 28. August<\/h2>\n<p>Obwohl die offiziellen Termine des 65. Festivals vom 1. bis 5. September sind, geh\u00f6rt einige Tage zuvor die <strong>Flamenkedada<\/strong>zum Programm, geplant f\u00fcr den <strong>28. August<\/strong> im Auditorio Municipal Manuel Mairena.<\/p>\n<p>Die Initiative erweitert den traditionellen Rahmen des Festivals um <strong>Flamenco-Fusion<\/strong> und richtet sich besonders an j\u00fcngere Zielgruppen. F\u00fcr 2026 sind angek\u00fcndigt <strong>Gonzalo Alhambra und Cristian de Moret<\/strong> ; Tickets gibt es ab 10 Euro.<\/p>\n<p>Wer die Flamenco-Atmosph\u00e4re von Mairena schon vor dem Hauptprogramm erleben m\u00f6chte, findet hier eine echte informelle Er\u00f6ffnung der Woche.<\/p>\n<\/div><\/div><\/div><\/div><\/div><div class=\"vc_col-sm-6 wpb_column vc_column_container\"><div class=\"vc_column-inner\"><div class=\"wpb_wrapper\"><div class=\"wpb_text_column\"><div class=\"wpb_wrapper\"><h2>Drei Spielorte f\u00fcr eine Flamenco-Woche<\/h2>\n<p>Das Festival konzentriert sich nicht auf einen einzigen Veranstaltungsort. Diese Verteilung verbindet historisches Ambiente, Theater und gr\u00f6\u00dfere Open-Air- oder Auditorium-Formate.<\/p>\n<p><strong>Casa Palacio de los Duques de Arcos.<\/strong> Einer der wichtigsten historischen Orte von Mairena del Alcor; hier finden Er\u00f6ffnung, Vortr\u00e4ge, Begegnungen und intimere Recitals statt.<\/p>\n<p><strong>Teatro Municipal Calixto S\u00e1nchez.<\/strong> Hier finden die Vorstellung des Ballet Flamenco de Andaluc\u00eda und die Tanz-Masterclass statt.<\/p>\n<p><strong>Auditorio Municipal Manuel Mairena.<\/strong> Hier finden die Abende mit der gr\u00f6\u00dften Kapazit\u00e4t statt, darunter der Nationale Wettbewerb und die Abschlussgala.<\/p>\n<p>Wer mehrere Veranstaltungen w\u00e4hrend der Woche besuchen m\u00f6chte, sollte den jeweiligen Spielort fr\u00fchzeitig pr\u00fcfen, da sich Uhrzeiten und Orte von Tag zu Tag \u00e4ndern.<\/p>\n<\/div><\/div><\/div><\/div><\/div><\/div><\/div><\/section><section class=\"l-section wpb_row height_huge color_alternate with_shape\"><div class=\"l-section-shape type_zigzag pos_top hor_flip\" style=\"height:3vmin;\"><svg xmlns=\"http:\/\/www.w3.org\/2000\/svg\" viewBox=\"0 0 64 8\" preserveAspectRatio=\"none\" width=\"100%\" height=\"100%\">\r\n\t<path fill=\"currentColor\" d=\"M64 8 L0 8 L0 0 L20 7.9 L40 3 L48 5 L64 0 Z\"\/>\r\n<\/svg><\/div><div class=\"l-section-shape type_zigzag pos_bottom\" style=\"height:3vmin;\"><svg xmlns=\"http:\/\/www.w3.org\/2000\/svg\" viewBox=\"0 0 64 8\" preserveAspectRatio=\"none\" width=\"100%\" height=\"100%\">\r\n\t<path fill=\"currentColor\" d=\"M64 8 L0 8 L0 0 L20 7.9 L40 3 L48 5 L64 0 Z\"\/>\r\n<\/svg><\/div><div class=\"l-section-h i-cf\"><div class=\"g-cols vc_row via_flex valign_top type_default stacking_default\"><div class=\"vc_col-sm-12 wpb_column vc_column_container\"><div class=\"vc_column-inner\"><div class=\"wpb_wrapper\"><div class=\"wpb_text_column\"><div class=\"wpb_wrapper\"><h2>Warum das Festival de Cante Jondo Antonio Mairena ein historisches Ereignis ist<\/h2>\n<p>Die Urspr\u00fcnge des Festivals reichen zur\u00fcck bis <strong>1962<\/strong>. Nach der von den Organisatoren ver\u00f6ffentlichten Geschichte begann es als Benefizveranstaltung auf Initiative von <strong>Antonio Mairena<\/strong> in Zusammenarbeit mit dem \u00f6rtlichen Pfarrer und erhielt bald auch Unterst\u00fctzung vom Rathaus.<\/p>\n<p>Seitdem ist Mairena del Alcor mit einem der traditionsreichsten Flamenco-Termine verbunden. Das Festival beschr\u00e4nkt sich nicht auf Auff\u00fchrungen: Es verbindet Cante, Forschung und Vermittlung, die W\u00fcrdigung erfahrener K\u00fcnstler, neue Generationen, Gitarre, Tanz und den Nationalen Wettbewerb.<\/p>\n<p>Antonio Mairena ist von dieser Identit\u00e4t nicht zu trennen. Der S\u00e4nger aus Mairena war eine der gro\u00dfen Referenzen des Cante im 20. Jahrhundert und erhielt 1962 den <strong>III. Llave de Oro del Cante<\/strong>. Sein k\u00fcnstlerischer Einfluss und seine Arbeit an der Wiedergewinnung und Ordnung von Repertoires pr\u00e4gten einen gro\u00dfen Teil der Flamenco-Debatten seiner Zeit.<\/p>\n<p>Das Festival bewahrt diese Verbindung zur Erinnerung, integriert aber in jeder Ausgabe zeitgen\u00f6ssische K\u00fcnstler und Formate. Die Teilnahme von Jos\u00e9 Merc\u00e9, La Macanita, Roc\u00edo Luna, Diego del Morao, Farruquito und dem Ballet Flamenco de Andaluc\u00eda im Jahr 2026 zeigt genau diesen Dialog zwischen Tradition, etablierten K\u00fcnstlern und j\u00fcngeren Generationen.<\/p>\n<\/div><\/div><\/div><\/div><\/div><\/div><\/div><\/section><section class=\"l-section wpb_row height_huge\"><div class=\"l-section-h i-cf\"><div class=\"g-cols vc_row via_flex valign_top type_default stacking_default\"><div class=\"vc_col-sm-12 wpb_column vc_column_container\"><div class=\"vc_column-inner\"><div class=\"wpb_wrapper\"><div class=\"wpb_text_column\"><div class=\"wpb_wrapper\"><h2>So l\u00e4sst sich das Mairena-Festival mit einem Flamenco-Besuch in Sevilla verbinden<\/h2>\n<p>Mairena del Alcor liegt in der Provinz Sevilla, und das Festival f\u00e4llt in eine besonders intensive Flamenco-Zeit der Region. F\u00fcr Besucher, die mehrere Tage in Sevilla verbringen, kann das Programm in Mairena zu einem abendlichen Ausflug werden und mit anderen Flamenco-Shows und -Erlebnissen in der Hauptstadt kombiniert werden.<\/p>\n<p>Wichtig ist, die einzelnen Tage nicht gleich zu behandeln. Die Recitals in der Casa Palacio bieten eine andere Atmosph\u00e4re als der Nationale Wettbewerb oder die Abschlussgala, w\u00e4hrend Sevilla t\u00e4glich Tablao-Vorstellungen bietet, mit denen sich die Reise an den Abenden erg\u00e4nzen l\u00e4sst, an denen man das Festival nicht besucht oder eine bestimmte Vorstellung ausverkauft ist.<\/p>\n<p>Bei Tablaos Flamencos k\u00f6nnen Sie verf\u00fcgbare Shows in Sevilla ansehen und vergleichen, um den restlichen Aufenthalt zu planen.<\/p>\n<\/div><\/div><div class=\"w-separator size_medium\"><\/div><div class=\"w-hwrapper valign_top wrap stack_on_mobiles align_center\" style=\"--hwrapper-gap:1.2rem\"><div class=\"w-btn-wrapper align_none\"><a class=\"w-btn us-btn-style_1\" href=\"https:\/\/www.tablaosflamencos.com\/de\/flamenco-in-sevilla\"><span class=\"w-btn-label\">Flamenco in Sevilla ansehen<\/span><\/a><\/div><\/div><\/div><\/div><\/div><\/div><\/div><\/section><section class=\"l-section wpb_row height_huge color_alternate with_shape\"><div class=\"l-section-shape type_zigzag pos_top hor_flip\" style=\"height:3vmin;\"><svg xmlns=\"http:\/\/www.w3.org\/2000\/svg\" viewBox=\"0 0 64 8\" preserveAspectRatio=\"none\" width=\"100%\" height=\"100%\">\r\n\t<path fill=\"currentColor\" d=\"M64 8 L0 8 L0 0 L20 7.9 L40 3 L48 5 L64 0 Z\"\/>\r\n<\/svg><\/div><div class=\"l-section-shape type_zigzag pos_bottom\" style=\"height:3vmin;\"><svg xmlns=\"http:\/\/www.w3.org\/2000\/svg\" viewBox=\"0 0 64 8\" preserveAspectRatio=\"none\" width=\"100%\" height=\"100%\">\r\n\t<path fill=\"currentColor\" d=\"M64 8 L0 8 L0 0 L20 7.9 L40 3 L48 5 L64 0 Z\"\/>\r\n<\/svg><\/div><div class=\"l-section-h i-cf\"><div class=\"g-cols vc_row via_flex valign_top type_default stacking_default\"><div class=\"vc_col-sm-1\/5 wpb_column vc_column_container\"><div class=\"vc_column-inner\"><div class=\"wpb_wrapper\"><\/div><\/div><\/div><div class=\"vc_col-sm-3\/5 wpb_column vc_column_container\"><div class=\"vc_column-inner\"><div class=\"wpb_wrapper\"><div class=\"wpb_text_column\"><div class=\"wpb_wrapper\"><h2>H\u00e4ufige Fragen zum Festival Antonio Mairena 2026<\/h2>\n<\/div><\/div><div class=\"w-separator size_medium\"><\/div><div class=\"w-tabs accordion toggle_style_1 has_scrolling\" style=\"--sections-title-size:inherit;--sections-gap:0.5rem;\"><div class=\"w-tabs-sections titles-align_none icon_plus cpos_left\"><div class=\"w-tabs-section\" id=\"qb9a\" itemscope itemprop=\"mainEntity\" itemtype=\"https:\/\/schema.org\/Question\"><button type=\"button\" class=\"w-tabs-section-header\" aria-controls=\"content-qb9a\" aria-expanded=\"false\"><h3 class=\"w-tabs-section-title\" itemprop=\"name\">Wann findet das Festival de Cante Jondo Antonio Mairena 2026 statt?<\/h3><div class=\"w-tabs-section-control\"><\/div><\/button><div  class=\"w-tabs-section-content\" id=\"content-qb9a\" itemscope itemprop=\"acceptedAnswer\" itemtype=\"https:\/\/schema.org\/Answer\"><div class=\"w-tabs-section-content-h i-cf\" itemprop=\"text\"><div class=\"wpb_text_column\"><div class=\"wpb_wrapper\"><p>Das 65. Festival de Cante Jondo Antonio Mairena findet vom 1. bis 5. September 2026 in Mairena del Alcor, Sevilla, statt. Die Flamenkedada ist zuvor am 28. August als Auftakt des Festivals geplant.<\/p>\n<\/div><\/div><\/div><\/div><\/div><div class=\"w-tabs-section\" id=\"lc98\" itemscope itemprop=\"mainEntity\" itemtype=\"https:\/\/schema.org\/Question\"><button type=\"button\" class=\"w-tabs-section-header\" aria-controls=\"content-lc98\" aria-expanded=\"false\"><h3 class=\"w-tabs-section-title\" itemprop=\"name\">Wer tritt bei der Gala des Festival Antonio Mairena 2026 auf?<\/h3><div class=\"w-tabs-section-control\"><\/div><\/button><div  class=\"w-tabs-section-content\" id=\"content-lc98\" itemscope itemprop=\"acceptedAnswer\" itemtype=\"https:\/\/schema.org\/Answer\"><div class=\"w-tabs-section-content-h i-cf\" itemprop=\"text\"><div class=\"wpb_text_column\"><div class=\"wpb_wrapper\"><p>Bei der Gala am 5. September singen Jos\u00e9 Merc\u00e9, La Macanita, Juan de Mairena und Roc\u00edo Luna. Im Tanz steht Farruquito mit seiner Gruppe im Mittelpunkt; an den Gitarren wirken au\u00dferdem Antonio Higuero, Manuel Valencia und Francisco G\u00f3mez mit.<\/p>\n<\/div><\/div><\/div><\/div><\/div><div class=\"w-tabs-section\" id=\"gd6f\" itemscope itemprop=\"mainEntity\" itemtype=\"https:\/\/schema.org\/Question\"><button type=\"button\" class=\"w-tabs-section-header\" aria-controls=\"content-gd6f\" aria-expanded=\"false\"><h3 class=\"w-tabs-section-title\" itemprop=\"name\">Wie viel kosten die Tickets?<\/h3><div class=\"w-tabs-section-control\"><\/div><\/button><div  class=\"w-tabs-section-content\" id=\"content-gd6f\" itemscope itemprop=\"acceptedAnswer\" itemtype=\"https:\/\/schema.org\/Answer\"><div class=\"w-tabs-section-content-h i-cf\" itemprop=\"text\"><div class=\"wpb_text_column\"><div class=\"wpb_wrapper\"><p>Es gibt kostenlose Aktivit\u00e4ten und kostenpflichtige Vorstellungen. Die ver\u00f6ffentlichten Preise beginnen bei 10 Euro. F\u00fcr die Gala wurden Tickets f\u00fcr 15 Euro ohne Nummerierung und 20 Euro nummeriert sowie Kombitickets angek\u00fcndigt. Vor dem Kauf sollten der aktuelle Preis und m\u00f6gliche Geb\u00fchren im offiziellen Verkaufskanal gepr\u00fcft werden.<\/p>\n<\/div><\/div><\/div><\/div><\/div><div class=\"w-tabs-section\" id=\"oe63\" itemscope itemprop=\"mainEntity\" itemtype=\"https:\/\/schema.org\/Question\"><button type=\"button\" class=\"w-tabs-section-header\" aria-controls=\"content-oe63\" aria-expanded=\"false\"><h3 class=\"w-tabs-section-title\" itemprop=\"name\">Wo kann man Tickets f\u00fcr das Mairena-Festival kaufen?<\/h3><div class=\"w-tabs-section-control\"><\/div><\/button><div  class=\"w-tabs-section-content\" id=\"content-oe63\" itemscope itemprop=\"acceptedAnswer\" itemtype=\"https:\/\/schema.org\/Answer\"><div class=\"w-tabs-section-content-h i-cf\" itemprop=\"text\"><div class=\"wpb_text_column\"><div class=\"wpb_wrapper\"><p>Die Organisation verweist auf die offizielle Website, die Giglon-Plattform und die vom Rathaus von Mairena del Alcor angek\u00fcndigten Vorverkaufsstellen. Einige Aktivit\u00e4ten k\u00f6nnen besondere Verkaufsbedingungen haben oder bei freiem Eintritt bis zur Kapazit\u00e4tsgrenze zug\u00e4nglich sein.<\/p>\n<\/div><\/div><\/div><\/div><\/div><div class=\"w-tabs-section\" id=\"kf2e\" itemscope itemprop=\"mainEntity\" itemtype=\"https:\/\/schema.org\/Question\"><button type=\"button\" class=\"w-tabs-section-header\" aria-controls=\"content-kf2e\" aria-expanded=\"false\"><h3 class=\"w-tabs-section-title\" itemprop=\"name\">Wo findet das Festival statt?<\/h3><div class=\"w-tabs-section-control\"><\/div><\/button><div  class=\"w-tabs-section-content\" id=\"content-kf2e\" itemscope itemprop=\"acceptedAnswer\" itemtype=\"https:\/\/schema.org\/Answer\"><div class=\"w-tabs-section-content-h i-cf\" itemprop=\"text\"><div class=\"wpb_text_column\"><div class=\"wpb_wrapper\"><p>Das Programm nutzt mehrere Orte in Mairena del Alcor: Casa Palacio de los Duques de Arcos, Teatro Municipal Calixto S\u00e1nchez und Auditorio Municipal Manuel Mairena. F\u00fcr jede Veranstaltung sollte der genaue Spielort gepr\u00fcft werden.<\/p>\n<\/div><\/div><\/div><\/div><\/div><div class=\"w-tabs-section\" id=\"n005\" itemscope itemprop=\"mainEntity\" itemtype=\"https:\/\/schema.org\/Question\"><button type=\"button\" class=\"w-tabs-section-header\" aria-controls=\"content-n005\" aria-expanded=\"false\"><h3 class=\"w-tabs-section-title\" itemprop=\"name\">Wem ist das Festival 2026 gewidmet?<\/h3><div class=\"w-tabs-section-control\"><\/div><\/button><div  class=\"w-tabs-section-content\" id=\"content-n005\" itemscope itemprop=\"acceptedAnswer\" itemtype=\"https:\/\/schema.org\/Answer\"><div class=\"w-tabs-section-content-h i-cf\" itemprop=\"text\"><div class=\"wpb_text_column\"><div class=\"wpb_wrapper\"><p>Die 65. Ausgabe ist dem S\u00e4nger Diego Clavel gewidmet. Au\u00dferdem ehrt der Nationale Wettbewerb am 4. September Aurora Vargas.<\/p>\n<\/div><\/div><\/div><\/div><\/div><\/div><\/div><\/div><\/div><\/div><div class=\"vc_col-sm-1\/5 wpb_column vc_column_container\"><div class=\"vc_column-inner\"><div class=\"wpb_wrapper\"><\/div><\/div><\/div><\/div><\/div><\/section><section class=\"l-section wpb_row height_huge\"><div class=\"l-section-h i-cf\"><div class=\"g-cols vc_row via_flex valign_top type_default stacking_default\"><div class=\"vc_col-sm-12 wpb_column vc_column_container\"><div class=\"vc_column-inner\"><div class=\"wpb_wrapper\"><div class=\"wpb_text_column\"><div class=\"wpb_wrapper\"><h2>Eine Woche, um Mairena aus verschiedenen Perspektiven zu erleben<\/h2>\n<p>Das Festival de Cante Jondo Antonio Mairena erreicht seine 65. Ausgabe mit einem Programm, das Flamenco nicht auf eine einzige Formel reduziert. Es gibt Konzert-Cante, Sologitarre, Tanz, institutionelle Produktionen, Weiterbildung, m\u00fcndliche Erinnerung, Wettbewerb und eine Gala mit gro\u00dfen Namen.<\/p>\n<p>F\u00fcr alle, die im September einen der gro\u00dfen Flamenco-Termine Andalusiens suchen, <strong>bietet Mairena del Alcor f\u00fcnf besonders intensive Tage vom 1. bis 5. September 2026<\/strong>. Die Verbindung aus historischen Spielorten, etablierten K\u00fcnstlern und der Kontinuit\u00e4t einer 1962 begonnenen Tradition erkl\u00e4rt, warum das Festival weiterhin ein Referenzpunkt im spanischen Flamenco-Kalender ist.<\/p>\n<\/div><\/div><\/div><\/div><\/div><\/div><\/div><\/section><section class=\"l-section wpb_row height_huge color_alternate with_shape\"><div class=\"l-section-shape type_zigzag pos_top hor_flip\" style=\"height:3vmin;\"><svg xmlns=\"http:\/\/www.w3.org\/2000\/svg\" viewBox=\"0 0 64 8\" preserveAspectRatio=\"none\" width=\"100%\" height=\"100%\">\r\n\t<path fill=\"currentColor\" d=\"M64 8 L0 8 L0 0 L20 7.9 L40 3 L48 5 L64 0 Z\"\/>\r\n<\/svg><\/div><div class=\"l-section-shape type_zigzag pos_bottom\" style=\"height:3vmin;\"><svg xmlns=\"http:\/\/www.w3.org\/2000\/svg\" viewBox=\"0 0 64 8\" preserveAspectRatio=\"none\" width=\"100%\" height=\"100%\">\r\n\t<path fill=\"currentColor\" d=\"M64 8 L0 8 L0 0 L20 7.9 L40 3 L48 5 L64 0 Z\"\/>\r\n<\/svg><\/div><div class=\"l-section-h i-cf\"><div class=\"g-cols vc_row via_flex valign_top type_default stacking_default\"><div class=\"vc_col-sm-12 wpb_column vc_column_container\"><div class=\"vc_column-inner\"><div class=\"wpb_wrapper\"><div class=\"wpb_text_column\"><div class=\"wpb_wrapper\"><h2>Quellen und Aktualisierung<\/h2>\n<p>F\u00fcr diesen Guide haben wir die Angaben der Festivalorganisation, des Rathauses von Mairena del Alcor, der Kulturagenda Andalusiens und des Tourismusverbands der Provinz Sevilla abgeglichen.<\/p>\n<ul>\n<li><a href=\"https:\/\/festivalmairena.com\/\" target=\"_blank\" rel=\"noopener\">Festival de Cante Jondo Antonio Mairena \u2014 offizielle Website<\/a>.<\/li>\n<li><a href=\"https:\/\/www.mairenadelalcor.es\/es\/ayuntamiento\/taquillaonline\/\" target=\"_blank\" rel=\"noopener\">Rathaus von Mairena del Alcor \u2014 Online-Ticketverkauf<\/a>.<\/li>\n<li><a href=\"https:\/\/www.juntadeandalucia.es\/cultura\/agendaculturaldeandalucia\/evento\/lxv-festival-de-cante-jondo-antonio-mairena-en-mairena-del-alcor\" target=\"_blank\" rel=\"noopener\">Kulturagenda Andalusiens \u2014 65. Festival<\/a>.<\/li>\n<li><a href=\"https:\/\/turismosevilla.org\/es\/eventos-y-fiestas\/lxv-festival-de-cante-jondo-antonio-mairena\" target=\"_blank\" rel=\"noopener\">Tourismus der Provinz Sevilla \u2014 Festival Antonio Mairena 2026<\/a>.<\/li>\n<\/ul>\n<p><small>Informationen gepr\u00fcft am 31. August 2026. Programm, Preise, Uhrzeiten und Zugangsbedingungen k\u00f6nnen von der Organisation ge\u00e4ndert werden.<\/small><\/p>\n<\/div><\/div><\/div><\/div><\/div><\/div><\/div><\/section>\n","protected":false},"excerpt":{"rendered":"<p>Guide zum Festival de Cante Jondo Antonio Mairena 2026: vollst\u00e4ndiges Programm, K\u00fcnstler, Uhrzeiten, Nationalwettbewerb, Abschlussgala, Preise und Tickets vom 1. bis 5. September.<\/p>\n","protected":false},"author":1,"featured_media":13661,"comment_status":"closed","ping_status":"closed","sticky":false,"template":"","format":"standard","meta":{"_acf_changed":false,"wpai_generated_summary":"","_ayudawp_aiss_exclude":false,"_ayudawp_aiss_exclude_summary":false,"_ayudawp_aiss_summary":"","_ayudawp_aiss_summary_provider":"","_ayudawp_aiss_summary_hash":"","footnotes":""},"categories":[1669],"tags":[1247,1166,1412,1725],"class_list":["post-13666","post","type-post","status-publish","format-standard","has-post-thumbnail","hentry","category-flamenco-festivals","tag-festivales-flamencos","tag-flamenco-en-sevilla","tag-flamenco-gesang","tag-flamenco-kuenstler"],"acf":[],"yoast_head":"<!-- This site is optimized with the Yoast SEO Premium plugin v28.3 (Yoast SEO v28.3) - https:\/\/yoast.com\/product\/yoast-seo-premium-wordpress\/ -->\n<title>Festival Antonio Mairena 2026: Programm und Tickets<\/title>\n<meta name=\"description\" content=\"Programm des Festival de Cante Jondo Antonio Mairena 2026: Termine, K\u00fcnstler, Uhrzeiten, Nationalwettbewerb, Gala, Preise und Tickets vom 1. bis 5. September.\" \/>\n<meta name=\"robots\" content=\"index, follow, max-snippet:-1, max-image-preview:large, max-video-preview:-1\" \/>\n<link rel=\"canonical\" href=\"https:\/\/www.tablaosflamencos.com\/de\/festival-cante-jondo-antonio-mairena-2026.html\" \/>\n<meta property=\"og:locale\" content=\"de_DE\" \/>\n<meta property=\"og:type\" content=\"article\" \/>\n<meta property=\"og:title\" content=\"Festival de Cante Jondo Antonio Mairena 2026: Programm, K\u00fcnstler, Termine und Tickets\" \/>\n<meta property=\"og:description\" content=\"Programm des Festival de Cante Jondo Antonio Mairena 2026: Termine, K\u00fcnstler, Uhrzeiten, Nationalwettbewerb, Gala, Preise und Tickets vom 1. bis 5. September.\" \/>\n<meta property=\"og:url\" content=\"https:\/\/www.tablaosflamencos.com\/de\/festival-cante-jondo-antonio-mairena-2026.html\" \/>\n<meta property=\"og:site_name\" content=\"Tablaos Flamencos\" \/>\n<meta property=\"article:publisher\" content=\"https:\/\/www.facebook.com\/tablaosflamencos\" \/>\n<meta property=\"article:published_time\" content=\"2026-08-31T16:07:57+00:00\" \/>\n<meta property=\"article:modified_time\" content=\"2026-08-31T16:26:39+00:00\" \/>\n<meta property=\"og:image\" content=\"https:\/\/www.tablaosflamencos.com\/wp-content\/uploads\/festival-de-cante-jondo-antonio-mairena-2026-programa-artistas-fechas-y-entradas-01.webp\" \/>\n\t<meta property=\"og:image:width\" content=\"1477\" \/>\n\t<meta property=\"og:image:height\" content=\"1920\" \/>\n\t<meta property=\"og:image:type\" content=\"image\/webp\" \/>\n<meta name=\"author\" content=\"Miguel Ortiz\" \/>\n<meta name=\"twitter:card\" content=\"summary_large_image\" \/>\n<meta name=\"twitter:creator\" content=\"@tablaosflamenco\" \/>\n<meta name=\"twitter:site\" content=\"@tablaosflamenco\" \/>\n<meta name=\"twitter:label1\" content=\"Verfasst von\" \/>\n\t<meta name=\"twitter:data1\" content=\"Miguel Ortiz\" \/>\n\t<meta name=\"twitter:label2\" content=\"Gesch\u00e4tzte Lesezeit\" \/>\n\t<meta name=\"twitter:data2\" content=\"12\u00a0Minuten\" \/>\n<script type=\"application\/ld+json\" class=\"yoast-schema-graph\">{\"@context\":\"https:\\\/\\\/schema.org\",\"@graph\":[{\"@type\":\"Article\",\"@id\":\"https:\\\/\\\/www.tablaosflamencos.com\\\/de\\\/festival-cante-jondo-antonio-mairena-2026.html#article\",\"isPartOf\":{\"@id\":\"https:\\\/\\\/www.tablaosflamencos.com\\\/de\\\/festival-cante-jondo-antonio-mairena-2026.html\"},\"author\":{\"name\":\"Miguel Ortiz\",\"@id\":\"https:\\\/\\\/www.tablaosflamencos.com\\\/de#\\\/schema\\\/person\\\/e7a9ebe14eb75a52ceabfbffb3c54f5d\"},\"headline\":\"Festival de Cante Jondo Antonio Mairena 2026: Programm, K\u00fcnstler, Termine und Tickets\",\"datePublished\":\"2026-08-31T16:07:57+00:00\",\"dateModified\":\"2026-08-31T16:26:39+00:00\",\"mainEntityOfPage\":{\"@id\":\"https:\\\/\\\/www.tablaosflamencos.com\\\/de\\\/festival-cante-jondo-antonio-mairena-2026.html\"},\"wordCount\":2506,\"publisher\":{\"@id\":\"https:\\\/\\\/www.tablaosflamencos.com\\\/de#organization\"},\"image\":{\"@id\":\"https:\\\/\\\/www.tablaosflamencos.com\\\/de\\\/festival-cante-jondo-antonio-mairena-2026.html#primaryimage\"},\"thumbnailUrl\":\"https:\\\/\\\/www.tablaosflamencos.com\\\/wp-content\\\/uploads\\\/festival-de-cante-jondo-antonio-mairena-2026-programa-artistas-fechas-y-entradas-01.webp\",\"keywords\":[\"festivales flamencos\",\"flamenco en Sevilla\",\"Flamenco-Gesang\",\"Flamenco-K\u00fcnstler\"],\"articleSection\":[\"Flamenco-Festivals\"],\"inLanguage\":\"de\"},{\"@type\":\"WebPage\",\"@id\":\"https:\\\/\\\/www.tablaosflamencos.com\\\/de\\\/festival-cante-jondo-antonio-mairena-2026.html\",\"url\":\"https:\\\/\\\/www.tablaosflamencos.com\\\/de\\\/festival-cante-jondo-antonio-mairena-2026.html\",\"name\":\"Festival Antonio Mairena 2026: Programm und Tickets\",\"isPartOf\":{\"@id\":\"https:\\\/\\\/www.tablaosflamencos.com\\\/de#website\"},\"primaryImageOfPage\":{\"@id\":\"https:\\\/\\\/www.tablaosflamencos.com\\\/de\\\/festival-cante-jondo-antonio-mairena-2026.html#primaryimage\"},\"image\":{\"@id\":\"https:\\\/\\\/www.tablaosflamencos.com\\\/de\\\/festival-cante-jondo-antonio-mairena-2026.html#primaryimage\"},\"thumbnailUrl\":\"https:\\\/\\\/www.tablaosflamencos.com\\\/wp-content\\\/uploads\\\/festival-de-cante-jondo-antonio-mairena-2026-programa-artistas-fechas-y-entradas-01.webp\",\"datePublished\":\"2026-08-31T16:07:57+00:00\",\"dateModified\":\"2026-08-31T16:26:39+00:00\",\"description\":\"Programm des Festival de Cante Jondo Antonio Mairena 2026: Termine, K\u00fcnstler, Uhrzeiten, Nationalwettbewerb, Gala, Preise und Tickets vom 1. bis 5. September.\",\"breadcrumb\":{\"@id\":\"https:\\\/\\\/www.tablaosflamencos.com\\\/de\\\/festival-cante-jondo-antonio-mairena-2026.html#breadcrumb\"},\"inLanguage\":\"de\",\"potentialAction\":[{\"@type\":\"ReadAction\",\"target\":[\"https:\\\/\\\/www.tablaosflamencos.com\\\/de\\\/festival-cante-jondo-antonio-mairena-2026.html\"]}]},{\"@type\":\"ImageObject\",\"inLanguage\":\"de\",\"@id\":\"https:\\\/\\\/www.tablaosflamencos.com\\\/de\\\/festival-cante-jondo-antonio-mairena-2026.html#primaryimage\",\"url\":\"https:\\\/\\\/www.tablaosflamencos.com\\\/wp-content\\\/uploads\\\/festival-de-cante-jondo-antonio-mairena-2026-programa-artistas-fechas-y-entradas-01.webp\",\"contentUrl\":\"https:\\\/\\\/www.tablaosflamencos.com\\\/wp-content\\\/uploads\\\/festival-de-cante-jondo-antonio-mairena-2026-programa-artistas-fechas-y-entradas-01.webp\",\"width\":1477,\"height\":1920,\"caption\":\"Festival de Cante Jondo Antonio Mairena 2026: programa, artistas, fechas y entradas\"},{\"@type\":\"BreadcrumbList\",\"@id\":\"https:\\\/\\\/www.tablaosflamencos.com\\\/de\\\/festival-cante-jondo-antonio-mairena-2026.html#breadcrumb\",\"itemListElement\":[{\"@type\":\"ListItem\",\"position\":1,\"name\":\"Home\",\"item\":\"https:\\\/\\\/www.tablaosflamencos.com\\\/de\"},{\"@type\":\"ListItem\",\"position\":2,\"name\":\"Festival de Cante Jondo Antonio Mairena 2026: Programm, K\u00fcnstler, Termine und Tickets\"}]},{\"@type\":\"WebSite\",\"@id\":\"https:\\\/\\\/www.tablaosflamencos.com\\\/de#website\",\"url\":\"https:\\\/\\\/www.tablaosflamencos.com\\\/de\",\"name\":\"Tablaos Flamencos\",\"description\":\"Entradas para tablaos flamencos de Espa\u00f1a\",\"publisher\":{\"@id\":\"https:\\\/\\\/www.tablaosflamencos.com\\\/de#organization\"},\"alternateName\":\"Tablaos Flamencos\",\"potentialAction\":[{\"@type\":\"SearchAction\",\"target\":{\"@type\":\"EntryPoint\",\"urlTemplate\":\"https:\\\/\\\/www.tablaosflamencos.com\\\/de?s={search_term_string}\"},\"query-input\":{\"@type\":\"PropertyValueSpecification\",\"valueRequired\":true,\"valueName\":\"search_term_string\"}}],\"inLanguage\":\"de\"},{\"@type\":[\"Organization\",\"Place\",\"EntertainmentBusiness\"],\"@id\":\"https:\\\/\\\/www.tablaosflamencos.com\\\/de#organization\",\"name\":\"Tablaos Flamencos\",\"alternateName\":\"Tablaos Flamencos\",\"url\":\"https:\\\/\\\/www.tablaosflamencos.com\\\/de\",\"logo\":{\"@id\":\"https:\\\/\\\/www.tablaosflamencos.com\\\/de\\\/festival-cante-jondo-antonio-mairena-2026.html#local-main-organization-logo\"},\"image\":{\"@id\":\"https:\\\/\\\/www.tablaosflamencos.com\\\/de\\\/festival-cante-jondo-antonio-mairena-2026.html#local-main-organization-logo\"},\"sameAs\":[\"https:\\\/\\\/www.facebook.com\\\/tablaosflamencos\",\"https:\\\/\\\/x.com\\\/tablaosflamenco\",\"https:\\\/\\\/mastodon.social\\\/@tablaosflamencos\",\"https:\\\/\\\/www.instagram.com\\\/tablaosflamencos\",\"https:\\\/\\\/tiktok.com\\\/@tablaosflamencos\",\"https:\\\/\\\/www.linkedin.com\\\/company\\\/109408238\\\/\"],\"description\":\"Venta de entradas para espect\u00e1culos flamencos\",\"legalName\":\"Tablaos Flamencos\",\"foundingDate\":\"2015-01-01\",\"numberOfEmployees\":{\"@type\":\"QuantitativeValue\",\"minValue\":\"1\",\"maxValue\":\"10\"},\"address\":{\"@id\":\"https:\\\/\\\/www.tablaosflamencos.com\\\/de\\\/festival-cante-jondo-antonio-mairena-2026.html#local-main-place-address\"},\"geo\":{\"@type\":\"GeoCoordinates\",\"latitude\":\"37.3868072\",\"longitude\":\"-5.993280299999999\"},\"telephone\":[\"+34623787787\"],\"contactPoint\":{\"@type\":\"ContactPoint\",\"telephone\":\"+34623787787\",\"email\":\"info@tablaosflamencos.com\"},\"openingHoursSpecification\":{\"@type\":\"OpeningHoursSpecification\",\"dayOfWeek\":[\"Monday\",\"Tuesday\",\"Wednesday\",\"Thursday\",\"Friday\",\"Saturday\",\"Sunday\"],\"opens\":\"00:00\",\"closes\":\"23:59\"},\"email\":\"info@tablaosflamencos.com\",\"priceRange\":\"$$$\",\"currenciesAccepted\":\"\u20ac\"},{\"@type\":\"Person\",\"@id\":\"https:\\\/\\\/www.tablaosflamencos.com\\\/de#\\\/schema\\\/person\\\/e7a9ebe14eb75a52ceabfbffb3c54f5d\",\"name\":\"Miguel Ortiz\",\"description\":\"Miguel Ortiz es un empresario flamenco, con una s\u00f3lida trayectoria dentro del sector. Ha presidido entidades culturales vinculadas al flamenco y, cuenta con un amplio recorrido profesional en la gesti\u00f3n y promoci\u00f3n de espect\u00e1culos y tablaos flamencos. Su pasi\u00f3n por la historia y el arte flamenco se refleja en cada art\u00edculo, donde combina experiencia, criterio y un profundo respeto por la tradici\u00f3n.\",\"sameAs\":[\"https:\\\/\\\/www.tablaosflamencos.com\",\"https:\\\/\\\/www.instagra.com\\\/miguelortizfe\",\"https:\\\/\\\/www.linkedin.com\\\/in\\\/miguelortizf\\\/\"],\"birthDate\":\"1984-11-22\",\"gender\":\"hombre\",\"knowsLanguage\":[\"espa\u00f1ol\",\"ingl\u00e9s\"],\"jobTitle\":\"Empresario flamenco\"},{\"@type\":\"PostalAddress\",\"@id\":\"https:\\\/\\\/www.tablaosflamencos.com\\\/de\\\/festival-cante-jondo-antonio-mairena-2026.html#local-main-place-address\",\"streetAddress\":\"C\\\/ Alemanes, 19\",\"addressLocality\":\"Sevilla\",\"postalCode\":\"41004\",\"addressRegion\":\"Sevilla\",\"addressCountry\":\"ES\"},{\"@type\":\"ImageObject\",\"inLanguage\":\"de\",\"@id\":\"https:\\\/\\\/www.tablaosflamencos.com\\\/de\\\/festival-cante-jondo-antonio-mairena-2026.html#local-main-organization-logo\",\"url\":\"https:\\\/\\\/www.tablaosflamencos.com\\\/wp-content\\\/uploads\\\/tablaos-flamencos-06-3.webp\",\"contentUrl\":\"https:\\\/\\\/www.tablaosflamencos.com\\\/wp-content\\\/uploads\\\/tablaos-flamencos-06-3.webp\",\"width\":600,\"height\":620,\"caption\":\"Tablaos Flamencos\"}]}<\/script>\n<meta name=\"geo.placename\" content=\"Sevilla\" \/>\n<meta name=\"geo.position\" content=\"37.3868072;-5.993280299999999\" \/>\n<meta name=\"geo.region\" content=\"Spanien\" \/>\n<!-- \/ Yoast SEO Premium plugin. -->","yoast_head_json":{"title":"Festival Antonio Mairena 2026: Programm und Tickets","description":"Programm des Festival de Cante Jondo Antonio Mairena 2026: Termine, K\u00fcnstler, Uhrzeiten, Nationalwettbewerb, Gala, Preise und Tickets vom 1. bis 5. September.","robots":{"index":"index","follow":"follow","max-snippet":"max-snippet:-1","max-image-preview":"max-image-preview:large","max-video-preview":"max-video-preview:-1"},"canonical":"https:\/\/www.tablaosflamencos.com\/de\/festival-cante-jondo-antonio-mairena-2026.html","og_locale":"de_DE","og_type":"article","og_title":"Festival de Cante Jondo Antonio Mairena 2026: Programm, K\u00fcnstler, Termine und Tickets","og_description":"Programm des Festival de Cante Jondo Antonio Mairena 2026: Termine, K\u00fcnstler, Uhrzeiten, Nationalwettbewerb, Gala, Preise und Tickets vom 1. bis 5. September.","og_url":"https:\/\/www.tablaosflamencos.com\/de\/festival-cante-jondo-antonio-mairena-2026.html","og_site_name":"Tablaos Flamencos","article_publisher":"https:\/\/www.facebook.com\/tablaosflamencos","article_published_time":"2026-08-31T16:07:57+00:00","article_modified_time":"2026-08-31T16:26:39+00:00","og_image":[{"width":1477,"height":1920,"url":"https:\/\/www.tablaosflamencos.com\/wp-content\/uploads\/festival-de-cante-jondo-antonio-mairena-2026-programa-artistas-fechas-y-entradas-01.webp","type":"image\/webp"}],"author":"Miguel Ortiz","twitter_card":"summary_large_image","twitter_creator":"@tablaosflamenco","twitter_site":"@tablaosflamenco","twitter_misc":{"Verfasst von":"Miguel Ortiz","Gesch\u00e4tzte Lesezeit":"12\u00a0Minuten"},"schema":{"@context":"https:\/\/schema.org","@graph":[{"@type":"Article","@id":"https:\/\/www.tablaosflamencos.com\/de\/festival-cante-jondo-antonio-mairena-2026.html#article","isPartOf":{"@id":"https:\/\/www.tablaosflamencos.com\/de\/festival-cante-jondo-antonio-mairena-2026.html"},"author":{"name":"Miguel Ortiz","@id":"https:\/\/www.tablaosflamencos.com\/de#\/schema\/person\/e7a9ebe14eb75a52ceabfbffb3c54f5d"},"headline":"Festival de Cante Jondo Antonio Mairena 2026: Programm, K\u00fcnstler, Termine und Tickets","datePublished":"2026-08-31T16:07:57+00:00","dateModified":"2026-08-31T16:26:39+00:00","mainEntityOfPage":{"@id":"https:\/\/www.tablaosflamencos.com\/de\/festival-cante-jondo-antonio-mairena-2026.html"},"wordCount":2506,"publisher":{"@id":"https:\/\/www.tablaosflamencos.com\/de#organization"},"image":{"@id":"https:\/\/www.tablaosflamencos.com\/de\/festival-cante-jondo-antonio-mairena-2026.html#primaryimage"},"thumbnailUrl":"https:\/\/www.tablaosflamencos.com\/wp-content\/uploads\/festival-de-cante-jondo-antonio-mairena-2026-programa-artistas-fechas-y-entradas-01.webp","keywords":["festivales flamencos","flamenco en Sevilla","Flamenco-Gesang","Flamenco-K\u00fcnstler"],"articleSection":["Flamenco-Festivals"],"inLanguage":"de"},{"@type":"WebPage","@id":"https:\/\/www.tablaosflamencos.com\/de\/festival-cante-jondo-antonio-mairena-2026.html","url":"https:\/\/www.tablaosflamencos.com\/de\/festival-cante-jondo-antonio-mairena-2026.html","name":"Festival Antonio Mairena 2026: Programm und Tickets","isPartOf":{"@id":"https:\/\/www.tablaosflamencos.com\/de#website"},"primaryImageOfPage":{"@id":"https:\/\/www.tablaosflamencos.com\/de\/festival-cante-jondo-antonio-mairena-2026.html#primaryimage"},"image":{"@id":"https:\/\/www.tablaosflamencos.com\/de\/festival-cante-jondo-antonio-mairena-2026.html#primaryimage"},"thumbnailUrl":"https:\/\/www.tablaosflamencos.com\/wp-content\/uploads\/festival-de-cante-jondo-antonio-mairena-2026-programa-artistas-fechas-y-entradas-01.webp","datePublished":"2026-08-31T16:07:57+00:00","dateModified":"2026-08-31T16:26:39+00:00","description":"Programm des Festival de Cante Jondo Antonio Mairena 2026: Termine, K\u00fcnstler, Uhrzeiten, Nationalwettbewerb, Gala, Preise und Tickets vom 1. bis 5. September.","breadcrumb":{"@id":"https:\/\/www.tablaosflamencos.com\/de\/festival-cante-jondo-antonio-mairena-2026.html#breadcrumb"},"inLanguage":"de","potentialAction":[{"@type":"ReadAction","target":["https:\/\/www.tablaosflamencos.com\/de\/festival-cante-jondo-antonio-mairena-2026.html"]}]},{"@type":"ImageObject","inLanguage":"de","@id":"https:\/\/www.tablaosflamencos.com\/de\/festival-cante-jondo-antonio-mairena-2026.html#primaryimage","url":"https:\/\/www.tablaosflamencos.com\/wp-content\/uploads\/festival-de-cante-jondo-antonio-mairena-2026-programa-artistas-fechas-y-entradas-01.webp","contentUrl":"https:\/\/www.tablaosflamencos.com\/wp-content\/uploads\/festival-de-cante-jondo-antonio-mairena-2026-programa-artistas-fechas-y-entradas-01.webp","width":1477,"height":1920,"caption":"Festival de Cante Jondo Antonio Mairena 2026: programa, artistas, fechas y entradas"},{"@type":"BreadcrumbList","@id":"https:\/\/www.tablaosflamencos.com\/de\/festival-cante-jondo-antonio-mairena-2026.html#breadcrumb","itemListElement":[{"@type":"ListItem","position":1,"name":"Home","item":"https:\/\/www.tablaosflamencos.com\/de"},{"@type":"ListItem","position":2,"name":"Festival de Cante Jondo Antonio Mairena 2026: Programm, K\u00fcnstler, Termine und Tickets"}]},{"@type":"WebSite","@id":"https:\/\/www.tablaosflamencos.com\/de#website","url":"https:\/\/www.tablaosflamencos.com\/de","name":"Tablaos Flamencos","description":"Entradas para tablaos flamencos de Espa\u00f1a","publisher":{"@id":"https:\/\/www.tablaosflamencos.com\/de#organization"},"alternateName":"Tablaos Flamencos","potentialAction":[{"@type":"SearchAction","target":{"@type":"EntryPoint","urlTemplate":"https:\/\/www.tablaosflamencos.com\/de?s={search_term_string}"},"query-input":{"@type":"PropertyValueSpecification","valueRequired":true,"valueName":"search_term_string"}}],"inLanguage":"de"},{"@type":["Organization","Place","EntertainmentBusiness"],"@id":"https:\/\/www.tablaosflamencos.com\/de#organization","name":"Tablaos Flamencos","alternateName":"Tablaos Flamencos","url":"https:\/\/www.tablaosflamencos.com\/de","logo":{"@id":"https:\/\/www.tablaosflamencos.com\/de\/festival-cante-jondo-antonio-mairena-2026.html#local-main-organization-logo"},"image":{"@id":"https:\/\/www.tablaosflamencos.com\/de\/festival-cante-jondo-antonio-mairena-2026.html#local-main-organization-logo"},"sameAs":["https:\/\/www.facebook.com\/tablaosflamencos","https:\/\/x.com\/tablaosflamenco","https:\/\/mastodon.social\/@tablaosflamencos","https:\/\/www.instagram.com\/tablaosflamencos","https:\/\/tiktok.com\/@tablaosflamencos","https:\/\/www.linkedin.com\/company\/109408238\/"],"description":"Venta de entradas para espect\u00e1culos flamencos","legalName":"Tablaos Flamencos","foundingDate":"2015-01-01","numberOfEmployees":{"@type":"QuantitativeValue","minValue":"1","maxValue":"10"},"address":{"@id":"https:\/\/www.tablaosflamencos.com\/de\/festival-cante-jondo-antonio-mairena-2026.html#local-main-place-address"},"geo":{"@type":"GeoCoordinates","latitude":"37.3868072","longitude":"-5.993280299999999"},"telephone":["+34623787787"],"contactPoint":{"@type":"ContactPoint","telephone":"+34623787787","email":"info@tablaosflamencos.com"},"openingHoursSpecification":{"@type":"OpeningHoursSpecification","dayOfWeek":["Monday","Tuesday","Wednesday","Thursday","Friday","Saturday","Sunday"],"opens":"00:00","closes":"23:59"},"email":"info@tablaosflamencos.com","priceRange":"$$$","currenciesAccepted":"\u20ac"},{"@type":"Person","@id":"https:\/\/www.tablaosflamencos.com\/de#\/schema\/person\/e7a9ebe14eb75a52ceabfbffb3c54f5d","name":"Miguel Ortiz","description":"Miguel Ortiz es un empresario flamenco, con una s\u00f3lida trayectoria dentro del sector. Ha presidido entidades culturales vinculadas al flamenco y, cuenta con un amplio recorrido profesional en la gesti\u00f3n y promoci\u00f3n de espect\u00e1culos y tablaos flamencos. Su pasi\u00f3n por la historia y el arte flamenco se refleja en cada art\u00edculo, donde combina experiencia, criterio y un profundo respeto por la tradici\u00f3n.","sameAs":["https:\/\/www.tablaosflamencos.com","https:\/\/www.instagra.com\/miguelortizfe","https:\/\/www.linkedin.com\/in\/miguelortizf\/"],"birthDate":"1984-11-22","gender":"hombre","knowsLanguage":["espa\u00f1ol","ingl\u00e9s"],"jobTitle":"Empresario flamenco"},{"@type":"PostalAddress","@id":"https:\/\/www.tablaosflamencos.com\/de\/festival-cante-jondo-antonio-mairena-2026.html#local-main-place-address","streetAddress":"C\/ Alemanes, 19","addressLocality":"Sevilla","postalCode":"41004","addressRegion":"Sevilla","addressCountry":"ES"},{"@type":"ImageObject","inLanguage":"de","@id":"https:\/\/www.tablaosflamencos.com\/de\/festival-cante-jondo-antonio-mairena-2026.html#local-main-organization-logo","url":"https:\/\/www.tablaosflamencos.com\/wp-content\/uploads\/tablaos-flamencos-06-3.webp","contentUrl":"https:\/\/www.tablaosflamencos.com\/wp-content\/uploads\/tablaos-flamencos-06-3.webp","width":600,"height":620,"caption":"Tablaos Flamencos"}]},"geo.placename":"Sevilla","geo.position":{"lat":"37.3868072","long":"-5.993280299999999"},"geo.region":"Spanien"},"_links":{"self":[{"href":"https:\/\/www.tablaosflamencos.com\/de\/wp-json\/wp\/v2\/posts\/13666","targetHints":{"allow":["GET"]}}],"collection":[{"href":"https:\/\/www.tablaosflamencos.com\/de\/wp-json\/wp\/v2\/posts"}],"about":[{"href":"https:\/\/www.tablaosflamencos.com\/de\/wp-json\/wp\/v2\/types\/post"}],"author":[{"embeddable":true,"href":"https:\/\/www.tablaosflamencos.com\/de\/wp-json\/wp\/v2\/users\/1"}],"replies":[{"embeddable":true,"href":"https:\/\/www.tablaosflamencos.com\/de\/wp-json\/wp\/v2\/comments?post=13666"}],"version-history":[{"count":1,"href":"https:\/\/www.tablaosflamencos.com\/de\/wp-json\/wp\/v2\/posts\/13666\/revisions"}],"predecessor-version":[{"id":13677,"href":"https:\/\/www.tablaosflamencos.com\/de\/wp-json\/wp\/v2\/posts\/13666\/revisions\/13677"}],"wp:featuredmedia":[{"embeddable":true,"href":"https:\/\/www.tablaosflamencos.com\/de\/wp-json\/wp\/v2\/media\/13661"}],"wp:attachment":[{"href":"https:\/\/www.tablaosflamencos.com\/de\/wp-json\/wp\/v2\/media?parent=13666"}],"wp:term":[{"taxonomy":"category","embeddable":true,"href":"https:\/\/www.tablaosflamencos.com\/de\/wp-json\/wp\/v2\/categories?post=13666"},{"taxonomy":"post_tag","embeddable":true,"href":"https:\/\/www.tablaosflamencos.com\/de\/wp-json\/wp\/v2\/tags?post=13666"}],"curies":[{"name":"wp","href":"https:\/\/api.w.org\/{rel}","templated":true}]}}