{"id":13629,"date":"2026-08-31T15:23:02","date_gmt":"2026-08-31T13:23:02","guid":{"rendered":"https:\/\/www.tablaosflamencos.com\/?p=13629"},"modified":"2026-08-31T18:21:42","modified_gmt":"2026-08-31T16:21:42","slug":"flamenco-biennale-sevilla-2026-vor-9-september","status":"publish","type":"post","link":"https:\/\/www.tablaosflamencos.com\/de\/flamenco-biennale-sevilla-2026-vor-9-september.html","title":{"rendered":"Die Biennale beginnt vor dem 9. September: erste Veranstaltungen und Aktivit\u00e4ten"},"content":{"rendered":"<section class=\"l-section wpb_row height_huge\"><div class=\"l-section-h i-cf\"><div class=\"g-cols vc_row via_flex valign_top type_default stacking_default\"><div class=\"vc_col-sm-6 wpb_column vc_column_container\"><div class=\"vc_column-inner\"><div class=\"wpb_wrapper\"><div class=\"wpb_text_column\"><div class=\"wpb_wrapper\"><h2>Die Flamenco-Biennale 2026 beginnt noch vor ihrer offiziellen Er\u00f6ffnung<\/h2>\n<p>Die 24. Flamenco-Biennale von Sevilla gibt offiziell ihre wichtigsten Termine bekannt <strong>vom 9. September bis 3. Oktober 2026<\/strong>. Wer jedoch bis zum 9. wartet, um die Biennale zu verfolgen, kommt bereits mehrere Tage zu sp\u00e4t: Das Programm rund um diese Ausgabe beginnt tats\u00e4chlich schon <strong>am Mittwoch, dem 2. September<\/strong> und bietet von da an fast t\u00e4glich Ausstellungen, kostenlose Auff\u00fchrungen in verschiedenen Stadtvierteln Sevillas und eine erste Filmveranstaltung.<\/p>\n<p>Es ist der Auftakt zur Biennale: eine Woche, in der der Flamenco die gro\u00dfen Theater verl\u00e4sst und eine historische Fabrik, den Pol\u00edgono Sur, San Jer\u00f3nimo, La Barzola, den Mar\u00eda-Luisa-Park und die Cartuja erobert. Das Programm erm\u00f6glicht au\u00dferdem den Besuch mehrerer Veranstaltungen, ohne Tickets f\u00fcr die Hauptvorstellungen kaufen zu m\u00fcssen.<\/p>\n<p>Zwischen dem 2. und 8. September folgen aufeinander <em>La noche azul<\/em>, <em>La noche de las gitanas<\/em>, <em>Cuesti\u00f3n de tiempo<\/em>, das 2. Festival Macarena Flamenca, die B\u00fchnenhommage an Fosforito <em>Nazareno y Olivares<\/em> und die erste Vorf\u00fchrung der Filmreihe <em>Flamencas<\/em>. Am 9. September markiert der gesungene Er\u00f6ffnungs-Preg\u00f3n <em>Ecos primitivos<\/em> die offizielle Er\u00f6ffnung.<\/p>\n<\/div><\/div><\/div><\/div><\/div><div class=\"vc_col-sm-6 wpb_column vc_column_container\"><div class=\"vc_column-inner\"><div class=\"wpb_wrapper\"><div class=\"wpb_text_column\"><div class=\"wpb_wrapper\"><h3>Programm vor der Biennale 2026<\/h3>\n<ul>\n<li><strong>2. September:<\/strong> Er\u00f6ffnung von <em>La noche azul<\/em>, Real F\u00e1brica de Artiller\u00eda.<\/li>\n<li><strong>3. September, 21:30 Uhr:<\/strong> <em>La noche de las gitanas<\/em>, Pol\u00edgono Sur.<\/li>\n<li><strong>4. September, 21:30 Uhr:<\/strong> <em>Cuesti\u00f3n de tiempo<\/em>, Br\u00fcder Aguilar, Kloster San Jer\u00f3nimo.<\/li>\n<li><strong>5. September, 21:30 Uhr:<\/strong> 2. Festival Macarena Flamenca, Plaza Virgen del Pilar.<\/li>\n<li><strong>6. September, 21:30 Uhr:<\/strong> <em>Nazareno y Olivares<\/em>, Hommage an Fosforito, Museum f\u00fcr Volkskunst und Brauchtum.<\/li>\n<li><strong>8. September, 20:30 Uhr:<\/strong> Filmreihe <em>Flamencas<\/em>, Stiftung Drei Kulturen.<\/li>\n<li><strong>9. September, 20:30 Uhr:<\/strong> gesungener Er\u00f6ffnungs-Preg\u00f3n <em>Ecos primitivos<\/em>, Plaza de San Francisco.<\/li>\n<\/ul>\n<p><small>Das Programm kann ge\u00e4ndert werden. Pr\u00fcfen Sie vor der Anreise die aktuellen Uhrzeiten, Zugangsbedingungen und m\u00f6gliche Reservierungspflichten auf den offiziellen Websites.<\/small><\/p>\n<\/div><\/div><\/div><\/div><\/div><\/div><\/div><\/section><section class=\"l-section wpb_row height_huge color_alternate with_shape\"><div class=\"l-section-shape type_zigzag pos_top hor_flip\" style=\"height:3vmin;\"><svg xmlns=\"http:\/\/www.w3.org\/2000\/svg\" viewBox=\"0 0 64 8\" preserveAspectRatio=\"none\" width=\"100%\" height=\"100%\">\r\n\t<path fill=\"currentColor\" d=\"M64 8 L0 8 L0 0 L20 7.9 L40 3 L48 5 L64 0 Z\"\/>\r\n<\/svg><\/div><div class=\"l-section-shape type_zigzag pos_bottom\" style=\"height:3vmin;\"><svg xmlns=\"http:\/\/www.w3.org\/2000\/svg\" viewBox=\"0 0 64 8\" preserveAspectRatio=\"none\" width=\"100%\" height=\"100%\">\r\n\t<path fill=\"currentColor\" d=\"M64 8 L0 8 L0 0 L20 7.9 L40 3 L48 5 L64 0 Z\"\/>\r\n<\/svg><\/div><div class=\"l-section-h i-cf\"><div class=\"g-cols vc_row via_flex valign_top type_default stacking_default\"><div class=\"vc_col-sm-12 wpb_column vc_column_container\"><div class=\"vc_column-inner\"><div class=\"wpb_wrapper\"><div class=\"wpb_text_column\"><div class=\"wpb_wrapper\"><h2>2. September: La noche azul er\u00f6ffnet die Biennale eine Woche fr\u00fcher<\/h2>\n<p>Das erste un\u00fcbersehbare Zeichen daf\u00fcr, dass die Biennale 2026 schon vor dem 9. beginnt, kommt am <strong>Mittwoch, dem 2. September<\/strong>. An diesem Tag er\u00f6ffnet in der Nave de Grabados der Real F\u00e1brica de Artiller\u00eda die Ausstellung <em>La noche azul. \u00d3pera flamenca in der Sammlung von Carlos Mart\u00edn Ballester<\/em>.<\/p>\n<p>Die Ausstellung vereint rund <strong>150 historische Exponate<\/strong> \u2014Plakate, Fotografien, Grammophonplatten, Manuskripte, Werbung und Dokumente\u2014 und erg\u00e4nzt sie um eine eigens f\u00fcr diesen Anlass digitalisierte Auswahl von Aufnahmen. Der rote Faden ist die sogenannte \u00d3pera Flamenca, jene Epoche, die in den ersten Jahrzehnten des 20. Jahrhunderts die \u00f6ffentliche Dimension des Flamenco ver\u00e4nderte und einen der gro\u00dfen historischen Schwerpunkte dieser 24. Ausgabe bildet.<\/p>\n<p>Die Ausstellung erinnert an Pers\u00f6nlichkeiten wie La Ni\u00f1a de los Peines, Manuel Vallejo, Pepe Pinto, Ram\u00f3n Montoya, Ni\u00f1o Ricardo oder Manolo Caracol. Sie endet zudem nicht mit der Biennale, sondern bleibt ge\u00f6ffnet <strong>bis zum 22. November 2026<\/strong>.<\/p>\n<p>In unserem eigenen Ausstellungsf\u00fchrer stellen wir sie ausf\u00fchrlich vor.<\/p>\n<\/div><\/div><div class=\"w-separator size_medium\"><\/div><div class=\"w-hwrapper valign_top wrap stack_on_mobiles align_center\" style=\"--hwrapper-gap:1.2rem\"><div class=\"w-btn-wrapper align_none\"><a class=\"w-btn us-btn-style_1\" href=\"https:\/\/www.tablaosflamencos.com\/de\/die-blaue-nacht-flamenco-oper-biennale-sevilla-2026.html\"><span class=\"w-btn-label\">Vollst\u00e4ndiger Guide zu La noche azul<\/span><\/a><\/div><\/div><\/div><\/div><\/div><\/div><\/div><\/section><section class=\"l-section wpb_row height_huge\"><div class=\"l-section-h i-cf\"><div class=\"g-cols vc_row via_flex valign_top type_default stacking_default\"><div class=\"vc_col-sm-6 wpb_column vc_column_container\"><div class=\"vc_column-inner\"><div class=\"wpb_wrapper\"><div class=\"wpb_text_column\"><div class=\"wpb_wrapper\"><h2>3. September: La noche de las gitanas im Pol\u00edgono Sur<\/h2>\n<p>Am Donnerstag, dem 3., beginnt der Programmbereich <strong>Flamenco auf der Stra\u00dfe<\/strong>, eine der Initiativen von <em>Weitere Perlen<\/em>, dem Begleitprogramm der Biennale, das einen Teil der Flamenco-Aktivit\u00e4ten aus den traditionellen B\u00fchnenr\u00e4umen hinaus in die Stadt bringen m\u00f6chte.<\/p>\n<p>Die erste Veranstaltung ist <em>La noche de las gitanas<\/em>, um <strong>21:30 Uhr<\/strong> im Parque Pepa La Calzona im Pol\u00edgono Sur. Die Auff\u00fchrung ist als vielstimmiges Portr\u00e4t der weiblichen und Roma-gepr\u00e4gten Weitergabe des Flamenco konzipiert und verbindet Familienerinnerung, Stadtviertel, Identit\u00e4t und kulturellen Widerstand.<\/p>\n<p>F\u00fcr den Cante stehen <strong>Herminia Borja, Mara Rey und Zamara Carrasco<\/strong>; den Baile \u00fcbernimmt <strong>Manuela Vargas<\/strong>, begleitet von Luis Amador an der Gitarre, Pepe de Pura mit Cante f\u00fcr den Tanz, Fali El El\u00e9ctrico an der Perkussion und Emilio Casta\u00f1eda mit Palmas. Die k\u00fcnstlerische Leitung hat Antonio Amaya <em>El Petete<\/em>.<\/p>\n<p>Die offizielle Beschreibung nennt eine ungef\u00e4hre Dauer von einer Stunde und zwanzig Minuten. Die Veranstaltung geh\u00f6rt zum kostenlosen Programm; der Eintritt ist frei, solange Pl\u00e4tze verf\u00fcgbar sind.<\/p>\n<\/div><\/div><\/div><\/div><\/div><div class=\"vc_col-sm-6 wpb_column vc_column_container\"><div class=\"vc_column-inner\"><div class=\"wpb_wrapper\"><div class=\"wpb_text_column\"><div class=\"wpb_wrapper\"><h2>4. September: Die Br\u00fcder Aguilar kommen nach San Jer\u00f3nimo<\/h2>\n<p>Am Freitag, dem 4., ebenfalls um <strong>21:30 Uhr<\/strong>, beherbergt das Kloster San Jer\u00f3nimo <em>Cuesti\u00f3n de tiempo<\/em>, ein von den Br\u00fcdern geschaffenes und aufgef\u00fchrtes St\u00fcck <strong>Diego und Hugo Aguilar<\/strong>.<\/p>\n<p>Das Werk untersucht Erinnerung, Identit\u00e4t, Familienerbe und Reife durch K\u00f6rper und Baile. Es erz\u00e4hlt keine konventionelle Geschichte, sondern entwickelt einen Weg in f\u00fcnf Bewegungen \u2014<em>Lembranza, Albor, Confluencia, Soler<\/em> und <em>Umbral<\/em>\u2014, der bei den famili\u00e4ren Wurzeln beginnt und sich auf eine gemeinsame Zukunft zubewegt.<\/p>\n<p>Eines der bedeutendsten Elemente ist die Anwesenheit des Vaters der K\u00fcnstler zu Beginn des St\u00fccks, die als Symbol f\u00fcr Weitergabe und \u00dcberlieferung dient. Auch das Kloster San Jer\u00f3nimo selbst verleiht dem Werk, in dem Vergangenheit und Gegenwart ausdr\u00fccklich miteinander in Dialog treten, eine zus\u00e4tzliche historische Dimension.<\/p>\n<p>Auch diese Veranstaltung bietet <strong>freien Eintritt, solange Pl\u00e4tze verf\u00fcgbar sind<\/strong>.<\/p>\n<\/div><\/div><\/div><\/div><\/div><\/div><\/div><\/section><section class=\"l-section wpb_row height_huge color_alternate with_shape\"><div class=\"l-section-shape type_zigzag pos_top hor_flip\" style=\"height:3vmin;\"><svg xmlns=\"http:\/\/www.w3.org\/2000\/svg\" viewBox=\"0 0 64 8\" preserveAspectRatio=\"none\" width=\"100%\" height=\"100%\">\r\n\t<path fill=\"currentColor\" d=\"M64 8 L0 8 L0 0 L20 7.9 L40 3 L48 5 L64 0 Z\"\/>\r\n<\/svg><\/div><div class=\"l-section-shape type_zigzag pos_bottom\" style=\"height:3vmin;\"><svg xmlns=\"http:\/\/www.w3.org\/2000\/svg\" viewBox=\"0 0 64 8\" preserveAspectRatio=\"none\" width=\"100%\" height=\"100%\">\r\n\t<path fill=\"currentColor\" d=\"M64 8 L0 8 L0 0 L20 7.9 L40 3 L48 5 L64 0 Z\"\/>\r\n<\/svg><\/div><div class=\"l-section-h i-cf\"><div class=\"g-cols vc_row via_flex valign_top type_default stacking_default\"><div class=\"vc_col-sm-12 wpb_column vc_column_container\"><div class=\"vc_column-inner\"><div class=\"wpb_wrapper\"><div class=\"wpb_text_column\"><div class=\"wpb_wrapper\"><h2>5. September: Macarena Flamenca ehrt Jos\u00e9 de la Tomasa<\/h2>\n<p>Am Samstag, dem 5., verlagert sich das Programm auf die <strong>Plaza Virgen del Pilar im Viertel La Barzola<\/strong>, wo die zweite Ausgabe des Festivals Macarena Flamenca stattfindet. Die spezielle Biennale-Seite nennt als Beginn <strong>21:30 Uhr<\/strong>.<\/p>\n<p>Das Festival wurde 2025 auf Initiative des Stadtbezirks Macarena gegr\u00fcndet und soll sich als dauerhaftes Flamenco-Treffen in einem der Viertel Sevillas mit besonders starker volkst\u00fcmlicher und jonda-Tradition etablieren. Die zweite Ausgabe ist gewidmet <strong>Jos\u00e9 de la Tomasa<\/strong>, einer Schl\u00fcsselfigur des sevillanischen Cante und Erben einer der historischen Flamenco-Dynastien.<\/p>\n<p>Zum Programm geh\u00f6ren <strong>Potito<\/strong>, begleitet von Manuel Herrera; <strong>Antonio Reyes<\/strong>, mit Nono Reyes; <strong>Remedios Reyes<\/strong>, mit Julio Romero; und <strong>Manuel de la Tomasa<\/strong>, ebenfalls mit Nono Reyes. Den Baile vertritt <strong>Manuela Amador Carrasco<\/strong>, mit Luis Amador an der Gitarre sowie Emilio Molina und Manuel Ta\u00f1\u00e9 beim Cante.<\/p>\n<p>\u00dcber die Hommage hinaus hat Macarena Flamenca eine klare Ausrichtung auf das Viertel: Cante, Toque und Baile sollen in einen offenen, allt\u00e4glichen und zug\u00e4nglichen Raum gebracht werden. Der Eintritt ist frei, solange Pl\u00e4tze verf\u00fcgbar sind.<\/p>\n<\/div><\/div><\/div><\/div><\/div><\/div><\/div><\/section><section class=\"l-section wpb_row height_huge\"><div class=\"l-section-h i-cf\"><div class=\"g-cols vc_row via_flex valign_top type_default stacking_default\"><div class=\"vc_col-sm-12 wpb_column vc_column_container\"><div class=\"vc_column-inner\"><div class=\"wpb_wrapper\"><div class=\"wpb_text_column\"><div class=\"wpb_wrapper\"><h2>6. September: Fosforito, lebendige Erinnerung im Mar\u00eda-Luisa-Park<\/h2>\n<p>Am Sonntag, dem 6., um <strong>21:30 Uhr<\/strong>, pr\u00e4sentiert das Museum f\u00fcr Volkskunst und Brauchtum von Sevilla <em>Nazareno y Olivares<\/em>, eine B\u00fchnenproduktion \u00fcber das Leben und Werk von <strong>Antonio Fern\u00e1ndez D\u00edaz, Fosforito<\/strong>.<\/p>\n<p>Die Wahl des Protagonisten hat besonderes Gewicht. Fosforito ist unverzichtbar f\u00fcr das Verst\u00e4ndnis des Flamenco in der zweiten H\u00e4lfte des 20. Jahrhunderts: ein Cantaor mit au\u00dferordentlich breitem Repertoire, Hauptfigur des Concurso Nacional de Arte Flamenco de C\u00f3rdoba von 1956 und seit 2005 Tr\u00e4ger der Llave de Oro del Cante.<\/p>\n<p>Die Biennale pr\u00e4sentiert <em>Nazareno y Olivares<\/em> als Ann\u00e4herung an seinen k\u00fcnstlerischen Weg durch <strong>Wort, Musik und Tanz<\/strong>. Mit dabei sind unter anderem Enrique Garc\u00e9s, Bernardo Miranda, Alejandro Hurtado und Yolanda Osuna.<\/p>\n<p>Spielort ist das Museum f\u00fcr Volkskunst und Brauchtum an der Plaza de Am\u00e9rica im Mar\u00eda-Luisa-Park, ein weiteres Beispiel daf\u00fcr, wie dieses Vorprogramm historische Orte der Stadt nutzt, anstatt sich auf Theater zu beschr\u00e4nken. Die Veranstaltung ist kostenlos, solange Pl\u00e4tze verf\u00fcgbar sind.<\/p>\n<\/div><\/div><\/div><\/div><\/div><\/div><\/div><\/section><section class=\"l-section wpb_row height_huge color_alternate with_shape\"><div class=\"l-section-shape type_zigzag pos_top hor_flip\" style=\"height:3vmin;\"><svg xmlns=\"http:\/\/www.w3.org\/2000\/svg\" viewBox=\"0 0 64 8\" preserveAspectRatio=\"none\" width=\"100%\" height=\"100%\">\r\n\t<path fill=\"currentColor\" d=\"M64 8 L0 8 L0 0 L20 7.9 L40 3 L48 5 L64 0 Z\"\/>\r\n<\/svg><\/div><div class=\"l-section-shape type_zigzag pos_bottom\" style=\"height:3vmin;\"><svg xmlns=\"http:\/\/www.w3.org\/2000\/svg\" viewBox=\"0 0 64 8\" preserveAspectRatio=\"none\" width=\"100%\" height=\"100%\">\r\n\t<path fill=\"currentColor\" d=\"M64 8 L0 8 L0 0 L20 7.9 L40 3 L48 5 L64 0 Z\"\/>\r\n<\/svg><\/div><div class=\"l-section-h i-cf\"><div class=\"g-cols vc_row via_flex valign_top type_default stacking_default\"><div class=\"vc_col-sm-12 wpb_column vc_column_container\"><div class=\"vc_column-inner\"><div class=\"wpb_wrapper\"><div class=\"wpb_text_column\"><div class=\"wpb_wrapper\"><h2>7. September: eine Pause vor dem Kino<\/h2>\n<p>Zum Zeitpunkt der Ver\u00f6ffentlichung nennt das gepr\u00fcfte offizielle Programm keine spezielle \u00f6ffentliche Biennale-Veranstaltung f\u00fcr Montag, den 7. September. Nach vier aufeinanderfolgenden Abenden mit <em>Flamenco auf der Stra\u00dfe<\/em>, wird das Programm am Dienstag, dem 8., fortgesetzt.<\/p>\n<p>Der Tag eignet sich zum Beispiel f\u00fcr einen Besuch von <em>La noche azul<\/em>, das weiterhin in der Real F\u00e1brica de Artiller\u00eda zu sehen ist, oder zur Planung der zentralen Festivaltage. Ab dem 9. steigt die Zahl der Veranstaltungen schnell an und Vorstellungen an verschiedenen Orten in Sevilla \u00fcberschneiden sich.<\/p>\n<\/div><\/div><\/div><\/div><\/div><\/div><\/div><\/section><section class=\"l-section wpb_row height_huge\"><div class=\"l-section-h i-cf\"><div class=\"g-cols vc_row via_flex valign_top type_default stacking_default\"><div class=\"vc_col-sm-6 wpb_column vc_column_container\"><div class=\"vc_column-inner\"><div class=\"wpb_wrapper\"><div class=\"wpb_text_column\"><div class=\"wpb_wrapper\"><h2>8. September: Flamenco kommt ins Kino<\/h2>\n<p>Einen Tag vor der offiziellen Er\u00f6ffnung erreicht die Biennale auch die <strong>Stiftung Drei Kulturen des Mittelmeerraums<\/strong>, auf der Isla de la Cartuja, mit der Filmreihe <em>Flamencas<\/em>.<\/p>\n<p>Das Programm dieser Reihe wurde gegen\u00fcber den ersten Ank\u00fcndigungen ge\u00e4ndert. <strong>Zum Zeitpunkt der Ver\u00f6ffentlichung nennt der offizielle Kalender der Stiftung Drei Kulturen f\u00fcr den 8. September um 20:30 Uhr die Vorf\u00fchrung von <em>Flamencas, mujeres, fuerza y duende<\/em><\/strong>, einem Dokumentarfilm von Marcos Medina und Jonathan Gonz\u00e1lez.<\/p>\n<p>Der 98-min\u00fctige Film zeichnet Pr\u00e4senz, Entwicklung und Kampf von Frauen im Flamenco anhand der Biografien von <strong>60 S\u00e4ngerinnen, Gitarristinnen und T\u00e4nzerinnen<\/strong> aus verschiedenen Generationen nach \u2013 von tief verwurzelten traditionellen Ans\u00e4tzen bis hin zu Fusionssprachen.<\/p>\n<p>Die Vorf\u00fchrung ist als kostenlos ausgewiesen. Da sich das Zugangs- und Reservierungssystem \u00e4ndern kann, empfiehlt es sich, die Verf\u00fcgbarkeit direkt bei der Stiftung Drei Kulturen zu pr\u00fcfen.<\/p>\n<\/div><\/div><\/div><\/div><\/div><div class=\"vc_col-sm-6 wpb_column vc_column_container\"><div class=\"vc_column-inner\"><div class=\"wpb_wrapper\"><div class=\"wpb_text_column\"><div class=\"wpb_wrapper\"><h2>9. September: Jetzt beginnt die 24. Biennale offiziell<\/h2>\n<p>Nach dieser Vorwoche folgt am Mittwoch, dem 9., das Datum, das als offizieller Festivalbeginn angegeben ist. Um <strong>20:30 Uhr<\/strong>, findet auf der Plaza de San Francisco der gesungene Er\u00f6ffnungs-Preg\u00f3n statt <em>Ecos primitivos. Cante en altura, danza en tierra<\/em>, unter der Leitung von <strong>Segundo Falc\u00f3n<\/strong>.<\/p>\n<p>Die Produktion verwandelt den Platz in eine immersive B\u00fchne: Die Stimmen von Segundo Falc\u00f3n, Mar\u00eda Terremoto, Rafael de Utrera, Esperanza Fern\u00e1ndez und Pedro El Grana\u00edno werden auf verschiedene Balkone verteilt, w\u00e4hrend <strong>Ana Morales<\/strong> den choreografischen Teil im zentralen Bereich gestaltet.<\/p>\n<p>Dieser Preg\u00f3n bildet die eigentliche Br\u00fccke zwischen den Veranstaltungen im Vorfeld und dem Hauptprogramm. Am folgenden Tag, dem 10. September, folgt <em>El mundo por montera<\/em>, die gro\u00dfe Gala der 24. Biennale in der Stierkampfarena der Real Maestranza, und ab dem 11. entfaltet sich das parallele Programm in Theatern, historischen Spielst\u00e4tten und bei den Noches \u00danicas in vollem Umfang.<\/p>\n<\/div><\/div><\/div><\/div><\/div><\/div><\/div><\/section><section class=\"l-section wpb_row height_huge color_alternate with_shape\"><div class=\"l-section-shape type_zigzag pos_top hor_flip\" style=\"height:3vmin;\"><svg xmlns=\"http:\/\/www.w3.org\/2000\/svg\" viewBox=\"0 0 64 8\" preserveAspectRatio=\"none\" width=\"100%\" height=\"100%\">\r\n\t<path fill=\"currentColor\" d=\"M64 8 L0 8 L0 0 L20 7.9 L40 3 L48 5 L64 0 Z\"\/>\r\n<\/svg><\/div><div class=\"l-section-shape type_zigzag pos_bottom\" style=\"height:3vmin;\"><svg xmlns=\"http:\/\/www.w3.org\/2000\/svg\" viewBox=\"0 0 64 8\" preserveAspectRatio=\"none\" width=\"100%\" height=\"100%\">\r\n\t<path fill=\"currentColor\" d=\"M64 8 L0 8 L0 0 L20 7.9 L40 3 L48 5 L64 0 Z\"\/>\r\n<\/svg><\/div><div class=\"l-section-h i-cf\"><div class=\"g-cols vc_row via_flex valign_top type_default stacking_default\"><div class=\"vc_col-sm-12 wpb_column vc_column_container\"><div class=\"vc_column-inner\"><div class=\"wpb_wrapper\"><div class=\"wpb_text_column\"><div class=\"wpb_wrapper\"><h2>Eine Vorwoche, die fast vollst\u00e4ndig kostenlos ist<\/h2>\n<p>Der Reiz dieser ersten Woche liegt nicht nur darin, dass sie vor dem offiziellen Beginn stattfindet. Sie zeigt auch eine Seite der Biennale, die sich besonders stark zur Stadt hin \u00f6ffnet.<\/p>\n<p>Die Auff\u00fchrungen von <em>Flamenco auf der Stra\u00dfe<\/em> am 3., 4., 5. und 6. September sind angek\u00fcndigt als <strong>kostenlos, solange Pl\u00e4tze verf\u00fcgbar sind<\/strong>. Auch die Filmvorf\u00fchrung am 8. ist als kostenlos ausgewiesen, obwohl eine Reservierung oder die vorherige Abholung einer Einladung erforderlich sein kann. Die Ausstellung <em>La noche azul<\/em> hat ein eigenes Programm; es empfiehlt sich, die aktuellen Besuchsbedingungen zu pr\u00fcfen.<\/p>\n<p>Damit werden die Tage vor dem 9. September besonders interessant f\u00fcr Einwohner und Besucher, die die Biennale erleben m\u00f6chten, ohne ausschlie\u00dflich auf Tickets f\u00fcr die gro\u00dfen Auff\u00fchrungen angewiesen zu sein, von denen viele bereits stark nachgefragt sind.<\/p>\n<p>Unser eigener Guide fasst au\u00dferdem die wichtigsten kostenlosen Angebote der gesamten Ausgabe zusammen.<\/p>\n<\/div><\/div><div class=\"w-separator size_medium\"><\/div><div class=\"w-hwrapper valign_top wrap stack_on_mobiles align_center\" style=\"--hwrapper-gap:1.2rem\"><div class=\"w-btn-wrapper align_none\"><a class=\"w-btn us-btn-style_1\" href=\"https:\/\/www.tablaosflamencos.com\/de\/flamenco-biennale-sevilla-2026-kostenlos.html\"><span class=\"w-btn-label\">Kostenlose Aktivit\u00e4ten der Biennale ansehen<\/span><\/a><\/div><div class=\"w-btn-wrapper align_none\"><a class=\"w-btn us-btn-style_1\" href=\"https:\/\/www.tablaosflamencos.com\/de\/flamenco-biennale-sevilla-2026.html\"><span class=\"w-btn-label\">Vollst\u00e4ndiger Guide zur Biennale 2026<\/span><\/a><\/div><\/div><\/div><\/div><\/div><\/div><\/div><\/section><section class=\"l-section wpb_row height_huge\"><div class=\"l-section-h i-cf\"><div class=\"g-cols vc_row via_flex valign_top type_default stacking_default\"><div class=\"vc_col-sm-12 wpb_column vc_column_container\"><div class=\"vc_column-inner\"><div class=\"wpb_wrapper\"><div class=\"wpb_text_column\"><div class=\"wpb_wrapper\"><h2>Was Sie beachten sollten, wenn Sie teilnehmen m\u00f6chten<\/h2>\n<p>Die Veranstaltungen im Vorfeld verteilen sich auf sehr unterschiedliche Teile Sevillas. Deshalb sollte man sie nicht so planen, als geh\u00f6rten sie zu einem einzigen Festivalgel\u00e4nde. Pol\u00edgono Sur, San Jer\u00f3nimo, Macarena, der Mar\u00eda-Luisa-Park, die Real F\u00e1brica de Artiller\u00eda und die Cartuja erfordern jeweils unterschiedliche Wege.<\/p>\n<p>Bei kostenlosen Open-Air-Veranstaltungen oder Angeboten mit Einlass bis zum Erreichen der Kapazit\u00e4tsgrenze empfiehlt es sich besonders, fr\u00fchzeitig zu kommen. Kostenlos bedeutet nicht, dass der Zugang garantiert ist, wenn alle verf\u00fcgbaren Pl\u00e4tze belegt sind.<\/p>\n<p>Au\u00dferdem lohnt es sich, die offiziellen Informationen am jeweiligen Veranstaltungstag erneut zu pr\u00fcfen. Das Begleitprogramm ist anf\u00e4lliger f\u00fcr \u00c4nderungen bei Uhrzeiten, Orten oder Reservierungssystemen als Vorstellungen mit nummerierten Tickets. Die Filmreihe ist ein gutes Beispiel: Die Stiftung Drei Kulturen hat die Reihenfolge der Filme gegen\u00fcber den zuerst ver\u00f6ffentlichten Kalendern ge\u00e4ndert.<\/p>\n<p>Wenn Sie mehrere Tage in Sevilla verbringen, l\u00e4sst sich diese Vorwoche nutzen, um Kulturerbe, \u00f6ffentliche Veranstaltungen und Live-Flamenco zu verbinden, bevor das Festival ab dem 9. und vor allem am 10. und 11. September seine h\u00f6chste Intensit\u00e4t erreicht.<\/p>\n<\/div><\/div><\/div><\/div><\/div><\/div><\/div><\/section><section class=\"l-section wpb_row height_huge color_alternate with_shape\"><div class=\"l-section-shape type_zigzag pos_top hor_flip\" style=\"height:3vmin;\"><svg xmlns=\"http:\/\/www.w3.org\/2000\/svg\" viewBox=\"0 0 64 8\" preserveAspectRatio=\"none\" width=\"100%\" height=\"100%\">\r\n\t<path fill=\"currentColor\" d=\"M64 8 L0 8 L0 0 L20 7.9 L40 3 L48 5 L64 0 Z\"\/>\r\n<\/svg><\/div><div class=\"l-section-shape type_zigzag pos_bottom\" style=\"height:3vmin;\"><svg xmlns=\"http:\/\/www.w3.org\/2000\/svg\" viewBox=\"0 0 64 8\" preserveAspectRatio=\"none\" width=\"100%\" height=\"100%\">\r\n\t<path fill=\"currentColor\" d=\"M64 8 L0 8 L0 0 L20 7.9 L40 3 L48 5 L64 0 Z\"\/>\r\n<\/svg><\/div><div class=\"l-section-h i-cf\"><div class=\"g-cols vc_row via_flex valign_top type_default stacking_default\"><div class=\"vc_col-sm-1\/5 wpb_column vc_column_container\"><div class=\"vc_column-inner\"><div class=\"wpb_wrapper\"><\/div><\/div><\/div><div class=\"vc_col-sm-3\/5 wpb_column vc_column_container\"><div class=\"vc_column-inner\"><div class=\"wpb_wrapper\"><div class=\"wpb_text_column\"><div class=\"wpb_wrapper\"><h2>H\u00e4ufig gestellte Fragen zu den Tagen vor der Biennale 2026<\/h2>\n<\/div><\/div><div class=\"w-separator size_medium\"><\/div><div class=\"w-tabs accordion toggle_style_1 has_scrolling\" style=\"--sections-title-size:inherit;--sections-gap:0.5rem;\"><div class=\"w-tabs-sections titles-align_none icon_plus cpos_left\"><div class=\"w-tabs-section\" id=\"z790\" itemscope itemprop=\"mainEntity\" itemtype=\"https:\/\/schema.org\/Question\"><button type=\"button\" class=\"w-tabs-section-header\" aria-controls=\"content-z790\" aria-expanded=\"false\"><h3 class=\"w-tabs-section-title\" itemprop=\"name\">Wann beginnt die Flamenco-Biennale von Sevilla 2026 wirklich?<\/h3><div class=\"w-tabs-section-control\"><\/div><\/button><div  class=\"w-tabs-section-content\" id=\"content-z790\" itemscope itemprop=\"acceptedAnswer\" itemtype=\"https:\/\/schema.org\/Answer\"><div class=\"w-tabs-section-content-h i-cf\" itemprop=\"text\"><div class=\"wpb_text_column\"><div class=\"wpb_wrapper\"><p>Die offiziellen Termine der 24. Flamenco-Biennale sind vom 9. September bis 3. Oktober 2026, doch die mit dieser Ausgabe verbundenen Aktivit\u00e4ten beginnen fr\u00fcher. Die Ausstellung <em>La noche azul<\/em> \u00f6ffnet am 2. September, und zwischen dem 3. und 8. finden kostenlose Auff\u00fchrungen sowie die erste Vorf\u00fchrung der Filmreihe der Biennale statt.<\/p>\n<\/div><\/div><\/div><\/div><\/div><div class=\"w-tabs-section\" id=\"b90c\" itemscope itemprop=\"mainEntity\" itemtype=\"https:\/\/schema.org\/Question\"><button type=\"button\" class=\"w-tabs-section-header\" aria-controls=\"content-b90c\" aria-expanded=\"false\"><h3 class=\"w-tabs-section-title\" itemprop=\"name\">Welche Biennale-Aktivit\u00e4ten gibt es vor dem 9. September?<\/h3><div class=\"w-tabs-section-control\"><\/div><\/button><div  class=\"w-tabs-section-content\" id=\"content-b90c\" itemscope itemprop=\"acceptedAnswer\" itemtype=\"https:\/\/schema.org\/Answer\"><div class=\"w-tabs-section-content-h i-cf\" itemprop=\"text\"><div class=\"wpb_text_column\"><div class=\"wpb_wrapper\"><p>Vor der offiziellen Er\u00f6ffnung stehen auf dem Programm <em>La noche azul<\/em> am 2.; <em>La noche de las gitanas<\/em> am 3.; <em>Cuesti\u00f3n de tiempo<\/em> der Br\u00fcder Aguilar am 4.; das 2. Festival Macarena Flamenca am 5.; <em>Nazareno y Olivares<\/em>, die Hommage an Fosforito, am 6.; und die erste Vorf\u00fchrung der Filmreihe <em>Flamencas<\/em> am 8.<\/p>\n<\/div><\/div><\/div><\/div><\/div><div class=\"w-tabs-section\" id=\"ga72\" itemscope itemprop=\"mainEntity\" itemtype=\"https:\/\/schema.org\/Question\"><button type=\"button\" class=\"w-tabs-section-header\" aria-controls=\"content-ga72\" aria-expanded=\"false\"><h3 class=\"w-tabs-section-title\" itemprop=\"name\">Sind die Vorstellungen am 3., 4., 5. und 6. September kostenlos?<\/h3><div class=\"w-tabs-section-control\"><\/div><\/button><div  class=\"w-tabs-section-content\" id=\"content-ga72\" itemscope itemprop=\"acceptedAnswer\" itemtype=\"https:\/\/schema.org\/Answer\"><div class=\"w-tabs-section-content-h i-cf\" itemprop=\"text\"><div class=\"wpb_text_column\"><div class=\"wpb_wrapper\"><p>Ja. Die vier Veranstaltungen von <em>Flamenco auf der Stra\u00dfe<\/em> sind als kostenlose Aktivit\u00e4ten mit freiem Eintritt angek\u00fcndigt, solange Pl\u00e4tze verf\u00fcgbar sind. Daher empfiehlt es sich, fr\u00fchzeitig zu kommen, insbesondere an Orten mit begrenzter Kapazit\u00e4t.<\/p>\n<\/div><\/div><\/div><\/div><\/div><div class=\"w-tabs-section\" id=\"kbc8\" itemscope itemprop=\"mainEntity\" itemtype=\"https:\/\/schema.org\/Question\"><button type=\"button\" class=\"w-tabs-section-header\" aria-controls=\"content-kbc8\" aria-expanded=\"false\"><h3 class=\"w-tabs-section-title\" itemprop=\"name\">Welcher Film wird am 8. September bei der Stiftung Drei Kulturen gezeigt?<\/h3><div class=\"w-tabs-section-control\"><\/div><\/button><div  class=\"w-tabs-section-content\" id=\"content-kbc8\" itemscope itemprop=\"acceptedAnswer\" itemtype=\"https:\/\/schema.org\/Answer\"><div class=\"w-tabs-section-content-h i-cf\" itemprop=\"text\"><div class=\"wpb_text_column\"><div class=\"wpb_wrapper\"><p>Zum Zeitpunkt der Ver\u00f6ffentlichung k\u00fcndigt das aktualisierte Programm der Stiftung Drei Kulturen f\u00fcr den 8. September um 20:30 Uhr an <em>Flamencas, mujeres, fuerza y duende<\/em>, von Marcos Medina und Jonathan Gonz\u00e1lez. Einige \u00e4ltere Kalender zeigen eine andere Reihenfolge der Filme; deshalb empfehlen wir, vor dem Besuch die offizielle Veranstaltungsseite zu pr\u00fcfen.<\/p>\n<\/div><\/div><\/div><\/div><\/div><div class=\"w-tabs-section\" id=\"bd13\" itemscope itemprop=\"mainEntity\" itemtype=\"https:\/\/schema.org\/Question\"><button type=\"button\" class=\"w-tabs-section-header\" aria-controls=\"content-bd13\" aria-expanded=\"false\"><h3 class=\"w-tabs-section-title\" itemprop=\"name\">Was geschieht am 9. September bei der Biennale?<\/h3><div class=\"w-tabs-section-control\"><\/div><\/button><div  class=\"w-tabs-section-content\" id=\"content-bd13\" itemscope itemprop=\"acceptedAnswer\" itemtype=\"https:\/\/schema.org\/Answer\"><div class=\"w-tabs-section-content-h i-cf\" itemprop=\"text\"><div class=\"wpb_text_column\"><div class=\"wpb_wrapper\"><p>Am 9. September findet die offizielle Er\u00f6ffnung mit dem gesungenen Preg\u00f3n statt <em>Ecos primitivos. Cante en altura, danza en tierra<\/em>, unter der Leitung von Segundo Falc\u00f3n auf der Plaza de San Francisco um 20:30 Uhr. Mit dabei sind unter anderem Mar\u00eda Terremoto, Rafael de Utrera, Esperanza Fern\u00e1ndez, Pedro El Grana\u00edno und die T\u00e4nzerin Ana Morales.<\/p>\n<\/div><\/div><\/div><\/div><\/div><div class=\"w-tabs-section\" id=\"me65\" itemscope itemprop=\"mainEntity\" itemtype=\"https:\/\/schema.org\/Question\"><button type=\"button\" class=\"w-tabs-section-header\" aria-controls=\"content-me65\" aria-expanded=\"false\"><h3 class=\"w-tabs-section-title\" itemprop=\"name\">Wo kann ich das vollst\u00e4ndige Programm der Biennale 2026 einsehen?<\/h3><div class=\"w-tabs-section-control\"><\/div><\/button><div  class=\"w-tabs-section-content\" id=\"content-me65\" itemscope itemprop=\"acceptedAnswer\" itemtype=\"https:\/\/schema.org\/Answer\"><div class=\"w-tabs-section-content-h i-cf\" itemprop=\"text\"><div class=\"wpb_text_column\"><div class=\"wpb_wrapper\"><p>Das vollst\u00e4ndige Programm und m\u00f6gliche Aktualisierungen sollten auf der offiziellen Website der Flamenco-Biennale von Sevilla gepr\u00fcft werden. Bei Tablaos Flamencos halten wir au\u00dferdem einen allgemeinen Guide zur Ausgabe 2026 sowie eigene Artikel zu kostenlosen Aktivit\u00e4ten, Noches \u00danicas, ausverkauften Tickets und Ausstellungen bereit.<\/p>\n<\/div><\/div><\/div><\/div><\/div><\/div><\/div><\/div><\/div><\/div><div class=\"vc_col-sm-1\/5 wpb_column vc_column_container\"><div class=\"vc_column-inner\"><div class=\"wpb_wrapper\"><\/div><\/div><\/div><\/div><\/div><\/section><section class=\"l-section wpb_row height_huge\"><div class=\"l-section-h i-cf\"><div class=\"g-cols vc_row via_flex valign_top type_default stacking_default\"><div class=\"vc_col-sm-12 wpb_column vc_column_container\"><div class=\"vc_column-inner\"><div class=\"wpb_wrapper\"><div class=\"wpb_text_column\"><div class=\"wpb_wrapper\"><h2>Die Biennale breitet sich \u00fcber Sevilla aus, noch bevor sich der Vorhang hebt<\/h2>\n<p>Der fr\u00fche Start der 24. Biennale verdeutlicht eine der Ideen, die diese Ausgabe pr\u00e4gen: Das Festival m\u00f6chte sich nicht auf eine Abfolge von Vorstellungen in Theatern beschr\u00e4nken. Noch vor dem Er\u00f6ffnungs-Preg\u00f3n wird der Flamenco bereits in einer historischen Ausstellung, in Stadtvierteln mit eigener Identit\u00e4t, an Kulturerbe-Orten und in einem Kinosaal pr\u00e4sent gewesen sein.<\/p>\n<p>Wer in der ersten Septemberwoche in Sevilla ist und bis zum 9. wartet, verpasst einen wichtigen Teil des Erlebnisses. <strong>Die Biennale ist bereits ab dem 2. September in der Stadt zu sp\u00fcren<\/strong> und entwickelt \u00fcber sechs Tage einen Auftakt, der Erinnerung, Baile, Cante, Hommage, B\u00fcrgerbeteiligung und audiovisuelle Kultur verbindet.<\/p>\n<p>Danach beginnt das Hauptprogramm. Doch bis dahin hat Sevilla bereits eine Woche im Rhythmus der Biennale gelebt.<\/p>\n<\/div><\/div><\/div><\/div><\/div><\/div><\/div><\/section><section class=\"l-section wpb_row height_huge color_alternate with_shape\"><div class=\"l-section-shape type_zigzag pos_top hor_flip\" style=\"height:3vmin;\"><svg xmlns=\"http:\/\/www.w3.org\/2000\/svg\" viewBox=\"0 0 64 8\" preserveAspectRatio=\"none\" width=\"100%\" height=\"100%\">\r\n\t<path fill=\"currentColor\" d=\"M64 8 L0 8 L0 0 L20 7.9 L40 3 L48 5 L64 0 Z\"\/>\r\n<\/svg><\/div><div class=\"l-section-h i-cf\"><div class=\"g-cols vc_row via_flex valign_top type_default stacking_default\"><div class=\"vc_col-sm-12 wpb_column vc_column_container\"><div class=\"vc_column-inner\"><div class=\"wpb_wrapper\"><div class=\"wpb_text_column\"><div class=\"wpb_wrapper\"><h2>Quellen und Programmaktualisierungen<\/h2>\n<p>F\u00fcr diesen Guide haben wir das allgemeine Programm und die Begleitveranstaltungen der 24. Biennale mit den einzelnen Informationen zu den ersten Events sowie dem aktualisierten Kalender der Stiftung Drei Kulturen des Mittelmeerraums abgeglichen.<\/p>\n<ul>\n<li><a href=\"https:\/\/www.labienal.com\/\" target=\"_blank\" rel=\"noopener\">Flamenco-Biennale von Sevilla \u2014 offizielle Website<\/a>.<\/li>\n<li><a href=\"https:\/\/www.labienal.com\/noticias\/las-otras-perlas-de-la-bienal\" target=\"_blank\" rel=\"noopener\">Weitere Perlen \u2014 Begleitprogramm der Biennale<\/a>.<\/li>\n<li><a href=\"https:\/\/www.labienal.com\/otras-perlas-actividades-paralelas\/flamenco-a-pie-de-calle\/la-noche-de-las-gitanas\" target=\"_blank\" rel=\"noopener\">La noche de las gitanas \u2014 offizielle Veranstaltungsseite<\/a>.<\/li>\n<li><a href=\"https:\/\/www.labienal.com\/otras-perlas-actividades-paralelas\/flamenco-a-pie-de-calle\/cuestion-de-tiempo-hermanos-aguilar\" target=\"_blank\" rel=\"noopener\">Cuesti\u00f3n de tiempo \u2014 Br\u00fcder Aguilar<\/a>.<\/li>\n<li><a href=\"https:\/\/www.labienal.com\/otras-perlas-actividades-paralelas\/flamenco-a-pie-de-calle\/festival-macarena-flamenca\" target=\"_blank\" rel=\"noopener\">Festival Macarena Flamenca \u2014 offizielle Veranstaltungsseite<\/a>.<\/li>\n<li><a href=\"https:\/\/tresculturas.org\/actividad\/bienal-de-flamenco-de-sevilla-2026-ciclo-de-cine-flamencas-flamencas-mujeres-fuerza-y-duende\/\" target=\"_blank\" rel=\"noopener\">Stiftung Drei Kulturen \u2014 Filmreihe Flamencas, 8. September<\/a>.<\/li>\n<\/ul>\n<p><small>Informationen gepr\u00fcft am 30. August 2026. Die Veranstalter k\u00f6nnen Uhrzeiten, Zugangsbedingungen oder das Programm \u00e4ndern.<\/small><\/p>\n<\/div><\/div><\/div><\/div><\/div><\/div><\/div><\/section>\n","protected":false},"excerpt":{"rendered":"<p>Die Flamenco-Biennale von Sevilla 2026 ist bereits ab 2. September sp\u00fcrbar \u2013 mit Ausstellung, kostenlosem Flamenco in den Stadtvierteln, Kino und Aktivit\u00e4ten vor der offiziellen Er\u00f6ffnung.<\/p>\n","protected":false},"author":1,"featured_media":13615,"comment_status":"closed","ping_status":"closed","sticky":false,"template":"","format":"standard","meta":{"_acf_changed":false,"wpai_generated_summary":"","_ayudawp_aiss_exclude":false,"_ayudawp_aiss_exclude_summary":false,"_ayudawp_aiss_summary":"","_ayudawp_aiss_summary_provider":"","_ayudawp_aiss_summary_hash":"","footnotes":""},"categories":[1431,374],"tags":[1705,1699,1700,1701,1702,1703,405,1704],"class_list":["post-13629","post","type-post","status-publish","format-standard","has-post-thumbnail","hentry","category-flamenco-biennale","category-flamenco-aktuell","tag-flamenco-auf-der-strasse","tag-flamenco-in-sevilla-de","tag-flamenco-biennale-tag-de","tag-flamenco-biennale-2026-de","tag-flamenco-festivals-biennale-de","tag-flamenco-veranstaltungen","tag-sevilla","tag-weitere-perlen"],"acf":[],"yoast_head":"<!-- This site is optimized with the Yoast SEO Premium plugin v28.3 (Yoast SEO v28.3) - https:\/\/yoast.com\/product\/yoast-seo-premium-wordpress\/ -->\n<title>Flamenco-Biennale Sevilla 2026 vor dem 9. September | Tablaos Flamencos<\/title>\n<meta name=\"description\" content=\"Die Flamenco-Biennale Sevilla 2026 beginnt vor dem 9. September: Ausstellung, kostenloser Flamenco, Kino und Aktivit\u00e4ten vom 2. bis 8. September.\" \/>\n<meta name=\"robots\" content=\"index, follow, max-snippet:-1, max-image-preview:large, max-video-preview:-1\" \/>\n<link rel=\"canonical\" href=\"https:\/\/www.tablaosflamencos.com\/de\/flamenco-biennale-sevilla-2026-vor-9-september.html\" \/>\n<meta property=\"og:locale\" content=\"de_DE\" \/>\n<meta property=\"og:type\" content=\"article\" \/>\n<meta property=\"og:title\" content=\"Die Biennale beginnt vor dem 9. September: erste Veranstaltungen und Aktivit\u00e4ten\" \/>\n<meta property=\"og:description\" content=\"Die Flamenco-Biennale Sevilla 2026 beginnt vor dem 9. September: Ausstellung, kostenloser Flamenco, Kino und Aktivit\u00e4ten vom 2. bis 8. September.\" \/>\n<meta property=\"og:url\" content=\"https:\/\/www.tablaosflamencos.com\/de\/flamenco-biennale-sevilla-2026-vor-9-september.html\" \/>\n<meta property=\"og:site_name\" content=\"Tablaos Flamencos\" \/>\n<meta property=\"article:publisher\" content=\"https:\/\/www.facebook.com\/tablaosflamencos\" \/>\n<meta property=\"article:published_time\" content=\"2026-08-31T13:23:02+00:00\" \/>\n<meta property=\"article:modified_time\" content=\"2026-08-31T16:21:42+00:00\" \/>\n<meta property=\"og:image\" content=\"https:\/\/www.tablaosflamencos.com\/wp-content\/uploads\/la-bienal-empieza-antes-del-9-de-septiembre-primeros-eventos-y-actividades-01.webp\" \/>\n\t<meta property=\"og:image:width\" content=\"1920\" \/>\n\t<meta property=\"og:image:height\" content=\"1072\" \/>\n\t<meta property=\"og:image:type\" content=\"image\/webp\" \/>\n<meta name=\"author\" content=\"Miguel Ortiz\" \/>\n<meta name=\"twitter:card\" content=\"summary_large_image\" \/>\n<meta name=\"twitter:creator\" content=\"@tablaosflamenco\" \/>\n<meta name=\"twitter:site\" content=\"@tablaosflamenco\" \/>\n<meta name=\"twitter:label1\" content=\"Verfasst von\" \/>\n\t<meta name=\"twitter:data1\" content=\"Miguel Ortiz\" \/>\n\t<meta name=\"twitter:label2\" content=\"Gesch\u00e4tzte Lesezeit\" \/>\n\t<meta name=\"twitter:data2\" content=\"16\u00a0Minuten\" \/>\n<script type=\"application\/ld+json\" class=\"yoast-schema-graph\">{\"@context\":\"https:\\\/\\\/schema.org\",\"@graph\":[{\"@type\":\"Article\",\"@id\":\"https:\\\/\\\/www.tablaosflamencos.com\\\/de\\\/flamenco-biennale-sevilla-2026-vor-9-september.html#article\",\"isPartOf\":{\"@id\":\"https:\\\/\\\/www.tablaosflamencos.com\\\/de\\\/flamenco-biennale-sevilla-2026-vor-9-september.html\"},\"author\":{\"name\":\"Miguel Ortiz\",\"@id\":\"https:\\\/\\\/www.tablaosflamencos.com\\\/de#\\\/schema\\\/person\\\/e7a9ebe14eb75a52ceabfbffb3c54f5d\"},\"headline\":\"Die Biennale beginnt vor dem 9. September: erste Veranstaltungen und Aktivit\u00e4ten\",\"datePublished\":\"2026-08-31T13:23:02+00:00\",\"dateModified\":\"2026-08-31T16:21:42+00:00\",\"mainEntityOfPage\":{\"@id\":\"https:\\\/\\\/www.tablaosflamencos.com\\\/de\\\/flamenco-biennale-sevilla-2026-vor-9-september.html\"},\"wordCount\":3113,\"publisher\":{\"@id\":\"https:\\\/\\\/www.tablaosflamencos.com\\\/de#organization\"},\"image\":{\"@id\":\"https:\\\/\\\/www.tablaosflamencos.com\\\/de\\\/flamenco-biennale-sevilla-2026-vor-9-september.html#primaryimage\"},\"thumbnailUrl\":\"https:\\\/\\\/www.tablaosflamencos.com\\\/wp-content\\\/uploads\\\/la-bienal-empieza-antes-del-9-de-septiembre-primeros-eventos-y-actividades-01.webp\",\"keywords\":[\"Flamenco auf der Stra\u00dfe\",\"Flamenco in Sevilla\",\"Flamenco-Biennale\",\"Flamenco-Biennale 2026\",\"Flamenco-Festivals\",\"Flamenco-Veranstaltungen\",\"sevilla\",\"Weitere Perlen\"],\"articleSection\":[\"Flamenco-Biennale\",\"News \\\/ Aktuelles\"],\"inLanguage\":\"de\"},{\"@type\":\"WebPage\",\"@id\":\"https:\\\/\\\/www.tablaosflamencos.com\\\/de\\\/flamenco-biennale-sevilla-2026-vor-9-september.html\",\"url\":\"https:\\\/\\\/www.tablaosflamencos.com\\\/de\\\/flamenco-biennale-sevilla-2026-vor-9-september.html\",\"name\":\"Flamenco-Biennale Sevilla 2026 vor dem 9. September | Tablaos Flamencos\",\"isPartOf\":{\"@id\":\"https:\\\/\\\/www.tablaosflamencos.com\\\/de#website\"},\"primaryImageOfPage\":{\"@id\":\"https:\\\/\\\/www.tablaosflamencos.com\\\/de\\\/flamenco-biennale-sevilla-2026-vor-9-september.html#primaryimage\"},\"image\":{\"@id\":\"https:\\\/\\\/www.tablaosflamencos.com\\\/de\\\/flamenco-biennale-sevilla-2026-vor-9-september.html#primaryimage\"},\"thumbnailUrl\":\"https:\\\/\\\/www.tablaosflamencos.com\\\/wp-content\\\/uploads\\\/la-bienal-empieza-antes-del-9-de-septiembre-primeros-eventos-y-actividades-01.webp\",\"datePublished\":\"2026-08-31T13:23:02+00:00\",\"dateModified\":\"2026-08-31T16:21:42+00:00\",\"description\":\"Die Flamenco-Biennale Sevilla 2026 beginnt vor dem 9. September: Ausstellung, kostenloser Flamenco, Kino und Aktivit\u00e4ten vom 2. bis 8. September.\",\"breadcrumb\":{\"@id\":\"https:\\\/\\\/www.tablaosflamencos.com\\\/de\\\/flamenco-biennale-sevilla-2026-vor-9-september.html#breadcrumb\"},\"inLanguage\":\"de\",\"potentialAction\":[{\"@type\":\"ReadAction\",\"target\":[\"https:\\\/\\\/www.tablaosflamencos.com\\\/de\\\/flamenco-biennale-sevilla-2026-vor-9-september.html\"]}]},{\"@type\":\"ImageObject\",\"inLanguage\":\"de\",\"@id\":\"https:\\\/\\\/www.tablaosflamencos.com\\\/de\\\/flamenco-biennale-sevilla-2026-vor-9-september.html#primaryimage\",\"url\":\"https:\\\/\\\/www.tablaosflamencos.com\\\/wp-content\\\/uploads\\\/la-bienal-empieza-antes-del-9-de-septiembre-primeros-eventos-y-actividades-01.webp\",\"contentUrl\":\"https:\\\/\\\/www.tablaosflamencos.com\\\/wp-content\\\/uploads\\\/la-bienal-empieza-antes-del-9-de-septiembre-primeros-eventos-y-actividades-01.webp\",\"width\":1920,\"height\":1072,\"caption\":\"La Bienal empieza antes del 9 de septiembre: primeros eventos y actividades\"},{\"@type\":\"BreadcrumbList\",\"@id\":\"https:\\\/\\\/www.tablaosflamencos.com\\\/de\\\/flamenco-biennale-sevilla-2026-vor-9-september.html#breadcrumb\",\"itemListElement\":[{\"@type\":\"ListItem\",\"position\":1,\"name\":\"Home\",\"item\":\"https:\\\/\\\/www.tablaosflamencos.com\\\/de\"},{\"@type\":\"ListItem\",\"position\":2,\"name\":\"Die Biennale beginnt vor dem 9. September: erste Veranstaltungen und Aktivit\u00e4ten\"}]},{\"@type\":\"WebSite\",\"@id\":\"https:\\\/\\\/www.tablaosflamencos.com\\\/de#website\",\"url\":\"https:\\\/\\\/www.tablaosflamencos.com\\\/de\",\"name\":\"Tablaos Flamencos\",\"description\":\"Entradas para tablaos flamencos de Espa\u00f1a\",\"publisher\":{\"@id\":\"https:\\\/\\\/www.tablaosflamencos.com\\\/de#organization\"},\"alternateName\":\"Tablaos Flamencos\",\"potentialAction\":[{\"@type\":\"SearchAction\",\"target\":{\"@type\":\"EntryPoint\",\"urlTemplate\":\"https:\\\/\\\/www.tablaosflamencos.com\\\/de?s={search_term_string}\"},\"query-input\":{\"@type\":\"PropertyValueSpecification\",\"valueRequired\":true,\"valueName\":\"search_term_string\"}}],\"inLanguage\":\"de\"},{\"@type\":[\"Organization\",\"Place\",\"EntertainmentBusiness\"],\"@id\":\"https:\\\/\\\/www.tablaosflamencos.com\\\/de#organization\",\"name\":\"Tablaos Flamencos\",\"alternateName\":\"Tablaos Flamencos\",\"url\":\"https:\\\/\\\/www.tablaosflamencos.com\\\/de\",\"logo\":{\"@id\":\"https:\\\/\\\/www.tablaosflamencos.com\\\/de\\\/flamenco-biennale-sevilla-2026-vor-9-september.html#local-main-organization-logo\"},\"image\":{\"@id\":\"https:\\\/\\\/www.tablaosflamencos.com\\\/de\\\/flamenco-biennale-sevilla-2026-vor-9-september.html#local-main-organization-logo\"},\"sameAs\":[\"https:\\\/\\\/www.facebook.com\\\/tablaosflamencos\",\"https:\\\/\\\/x.com\\\/tablaosflamenco\",\"https:\\\/\\\/mastodon.social\\\/@tablaosflamencos\",\"https:\\\/\\\/www.instagram.com\\\/tablaosflamencos\",\"https:\\\/\\\/tiktok.com\\\/@tablaosflamencos\",\"https:\\\/\\\/www.linkedin.com\\\/company\\\/109408238\\\/\"],\"description\":\"Venta de entradas para espect\u00e1culos flamencos\",\"legalName\":\"Tablaos Flamencos\",\"foundingDate\":\"2015-01-01\",\"numberOfEmployees\":{\"@type\":\"QuantitativeValue\",\"minValue\":\"1\",\"maxValue\":\"10\"},\"address\":{\"@id\":\"https:\\\/\\\/www.tablaosflamencos.com\\\/de\\\/flamenco-biennale-sevilla-2026-vor-9-september.html#local-main-place-address\"},\"geo\":{\"@type\":\"GeoCoordinates\",\"latitude\":\"37.3868072\",\"longitude\":\"-5.993280299999999\"},\"telephone\":[\"+34623787787\"],\"contactPoint\":{\"@type\":\"ContactPoint\",\"telephone\":\"+34623787787\",\"email\":\"info@tablaosflamencos.com\"},\"openingHoursSpecification\":{\"@type\":\"OpeningHoursSpecification\",\"dayOfWeek\":[\"Monday\",\"Tuesday\",\"Wednesday\",\"Thursday\",\"Friday\",\"Saturday\",\"Sunday\"],\"opens\":\"00:00\",\"closes\":\"23:59\"},\"email\":\"info@tablaosflamencos.com\",\"priceRange\":\"$$$\",\"currenciesAccepted\":\"\u20ac\"},{\"@type\":\"Person\",\"@id\":\"https:\\\/\\\/www.tablaosflamencos.com\\\/de#\\\/schema\\\/person\\\/e7a9ebe14eb75a52ceabfbffb3c54f5d\",\"name\":\"Miguel Ortiz\",\"description\":\"Miguel Ortiz es un empresario flamenco, con una s\u00f3lida trayectoria dentro del sector. Ha presidido entidades culturales vinculadas al flamenco y, cuenta con un amplio recorrido profesional en la gesti\u00f3n y promoci\u00f3n de espect\u00e1culos y tablaos flamencos. Su pasi\u00f3n por la historia y el arte flamenco se refleja en cada art\u00edculo, donde combina experiencia, criterio y un profundo respeto por la tradici\u00f3n.\",\"sameAs\":[\"https:\\\/\\\/www.tablaosflamencos.com\",\"https:\\\/\\\/www.instagra.com\\\/miguelortizfe\",\"https:\\\/\\\/www.linkedin.com\\\/in\\\/miguelortizf\\\/\"],\"birthDate\":\"1984-11-22\",\"gender\":\"hombre\",\"knowsLanguage\":[\"espa\u00f1ol\",\"ingl\u00e9s\"],\"jobTitle\":\"Empresario flamenco\"},{\"@type\":\"PostalAddress\",\"@id\":\"https:\\\/\\\/www.tablaosflamencos.com\\\/de\\\/flamenco-biennale-sevilla-2026-vor-9-september.html#local-main-place-address\",\"streetAddress\":\"C\\\/ Alemanes, 19\",\"addressLocality\":\"Sevilla\",\"postalCode\":\"41004\",\"addressRegion\":\"Sevilla\",\"addressCountry\":\"ES\"},{\"@type\":\"ImageObject\",\"inLanguage\":\"de\",\"@id\":\"https:\\\/\\\/www.tablaosflamencos.com\\\/de\\\/flamenco-biennale-sevilla-2026-vor-9-september.html#local-main-organization-logo\",\"url\":\"https:\\\/\\\/www.tablaosflamencos.com\\\/wp-content\\\/uploads\\\/tablaos-flamencos-06-3.webp\",\"contentUrl\":\"https:\\\/\\\/www.tablaosflamencos.com\\\/wp-content\\\/uploads\\\/tablaos-flamencos-06-3.webp\",\"width\":600,\"height\":620,\"caption\":\"Tablaos Flamencos\"}]}<\/script>\n<meta name=\"geo.placename\" content=\"Sevilla\" \/>\n<meta name=\"geo.position\" content=\"37.3868072;-5.993280299999999\" \/>\n<meta name=\"geo.region\" content=\"Spanien\" \/>\n<!-- \/ Yoast SEO Premium plugin. -->","yoast_head_json":{"title":"Flamenco-Biennale Sevilla 2026 vor dem 9. September | Tablaos Flamencos","description":"Die Flamenco-Biennale Sevilla 2026 beginnt vor dem 9. September: Ausstellung, kostenloser Flamenco, Kino und Aktivit\u00e4ten vom 2. bis 8. September.","robots":{"index":"index","follow":"follow","max-snippet":"max-snippet:-1","max-image-preview":"max-image-preview:large","max-video-preview":"max-video-preview:-1"},"canonical":"https:\/\/www.tablaosflamencos.com\/de\/flamenco-biennale-sevilla-2026-vor-9-september.html","og_locale":"de_DE","og_type":"article","og_title":"Die Biennale beginnt vor dem 9. September: erste Veranstaltungen und Aktivit\u00e4ten","og_description":"Die Flamenco-Biennale Sevilla 2026 beginnt vor dem 9. September: Ausstellung, kostenloser Flamenco, Kino und Aktivit\u00e4ten vom 2. bis 8. September.","og_url":"https:\/\/www.tablaosflamencos.com\/de\/flamenco-biennale-sevilla-2026-vor-9-september.html","og_site_name":"Tablaos Flamencos","article_publisher":"https:\/\/www.facebook.com\/tablaosflamencos","article_published_time":"2026-08-31T13:23:02+00:00","article_modified_time":"2026-08-31T16:21:42+00:00","og_image":[{"width":1920,"height":1072,"url":"https:\/\/www.tablaosflamencos.com\/wp-content\/uploads\/la-bienal-empieza-antes-del-9-de-septiembre-primeros-eventos-y-actividades-01.webp","type":"image\/webp"}],"author":"Miguel Ortiz","twitter_card":"summary_large_image","twitter_creator":"@tablaosflamenco","twitter_site":"@tablaosflamenco","twitter_misc":{"Verfasst von":"Miguel Ortiz","Gesch\u00e4tzte Lesezeit":"16\u00a0Minuten"},"schema":{"@context":"https:\/\/schema.org","@graph":[{"@type":"Article","@id":"https:\/\/www.tablaosflamencos.com\/de\/flamenco-biennale-sevilla-2026-vor-9-september.html#article","isPartOf":{"@id":"https:\/\/www.tablaosflamencos.com\/de\/flamenco-biennale-sevilla-2026-vor-9-september.html"},"author":{"name":"Miguel Ortiz","@id":"https:\/\/www.tablaosflamencos.com\/de#\/schema\/person\/e7a9ebe14eb75a52ceabfbffb3c54f5d"},"headline":"Die Biennale beginnt vor dem 9. September: erste Veranstaltungen und Aktivit\u00e4ten","datePublished":"2026-08-31T13:23:02+00:00","dateModified":"2026-08-31T16:21:42+00:00","mainEntityOfPage":{"@id":"https:\/\/www.tablaosflamencos.com\/de\/flamenco-biennale-sevilla-2026-vor-9-september.html"},"wordCount":3113,"publisher":{"@id":"https:\/\/www.tablaosflamencos.com\/de#organization"},"image":{"@id":"https:\/\/www.tablaosflamencos.com\/de\/flamenco-biennale-sevilla-2026-vor-9-september.html#primaryimage"},"thumbnailUrl":"https:\/\/www.tablaosflamencos.com\/wp-content\/uploads\/la-bienal-empieza-antes-del-9-de-septiembre-primeros-eventos-y-actividades-01.webp","keywords":["Flamenco auf der Stra\u00dfe","Flamenco in Sevilla","Flamenco-Biennale","Flamenco-Biennale 2026","Flamenco-Festivals","Flamenco-Veranstaltungen","sevilla","Weitere Perlen"],"articleSection":["Flamenco-Biennale","News \/ Aktuelles"],"inLanguage":"de"},{"@type":"WebPage","@id":"https:\/\/www.tablaosflamencos.com\/de\/flamenco-biennale-sevilla-2026-vor-9-september.html","url":"https:\/\/www.tablaosflamencos.com\/de\/flamenco-biennale-sevilla-2026-vor-9-september.html","name":"Flamenco-Biennale Sevilla 2026 vor dem 9. September | Tablaos Flamencos","isPartOf":{"@id":"https:\/\/www.tablaosflamencos.com\/de#website"},"primaryImageOfPage":{"@id":"https:\/\/www.tablaosflamencos.com\/de\/flamenco-biennale-sevilla-2026-vor-9-september.html#primaryimage"},"image":{"@id":"https:\/\/www.tablaosflamencos.com\/de\/flamenco-biennale-sevilla-2026-vor-9-september.html#primaryimage"},"thumbnailUrl":"https:\/\/www.tablaosflamencos.com\/wp-content\/uploads\/la-bienal-empieza-antes-del-9-de-septiembre-primeros-eventos-y-actividades-01.webp","datePublished":"2026-08-31T13:23:02+00:00","dateModified":"2026-08-31T16:21:42+00:00","description":"Die Flamenco-Biennale Sevilla 2026 beginnt vor dem 9. September: Ausstellung, kostenloser Flamenco, Kino und Aktivit\u00e4ten vom 2. bis 8. September.","breadcrumb":{"@id":"https:\/\/www.tablaosflamencos.com\/de\/flamenco-biennale-sevilla-2026-vor-9-september.html#breadcrumb"},"inLanguage":"de","potentialAction":[{"@type":"ReadAction","target":["https:\/\/www.tablaosflamencos.com\/de\/flamenco-biennale-sevilla-2026-vor-9-september.html"]}]},{"@type":"ImageObject","inLanguage":"de","@id":"https:\/\/www.tablaosflamencos.com\/de\/flamenco-biennale-sevilla-2026-vor-9-september.html#primaryimage","url":"https:\/\/www.tablaosflamencos.com\/wp-content\/uploads\/la-bienal-empieza-antes-del-9-de-septiembre-primeros-eventos-y-actividades-01.webp","contentUrl":"https:\/\/www.tablaosflamencos.com\/wp-content\/uploads\/la-bienal-empieza-antes-del-9-de-septiembre-primeros-eventos-y-actividades-01.webp","width":1920,"height":1072,"caption":"La Bienal empieza antes del 9 de septiembre: primeros eventos y actividades"},{"@type":"BreadcrumbList","@id":"https:\/\/www.tablaosflamencos.com\/de\/flamenco-biennale-sevilla-2026-vor-9-september.html#breadcrumb","itemListElement":[{"@type":"ListItem","position":1,"name":"Home","item":"https:\/\/www.tablaosflamencos.com\/de"},{"@type":"ListItem","position":2,"name":"Die Biennale beginnt vor dem 9. September: erste Veranstaltungen und Aktivit\u00e4ten"}]},{"@type":"WebSite","@id":"https:\/\/www.tablaosflamencos.com\/de#website","url":"https:\/\/www.tablaosflamencos.com\/de","name":"Tablaos Flamencos","description":"Entradas para tablaos flamencos de Espa\u00f1a","publisher":{"@id":"https:\/\/www.tablaosflamencos.com\/de#organization"},"alternateName":"Tablaos Flamencos","potentialAction":[{"@type":"SearchAction","target":{"@type":"EntryPoint","urlTemplate":"https:\/\/www.tablaosflamencos.com\/de?s={search_term_string}"},"query-input":{"@type":"PropertyValueSpecification","valueRequired":true,"valueName":"search_term_string"}}],"inLanguage":"de"},{"@type":["Organization","Place","EntertainmentBusiness"],"@id":"https:\/\/www.tablaosflamencos.com\/de#organization","name":"Tablaos Flamencos","alternateName":"Tablaos Flamencos","url":"https:\/\/www.tablaosflamencos.com\/de","logo":{"@id":"https:\/\/www.tablaosflamencos.com\/de\/flamenco-biennale-sevilla-2026-vor-9-september.html#local-main-organization-logo"},"image":{"@id":"https:\/\/www.tablaosflamencos.com\/de\/flamenco-biennale-sevilla-2026-vor-9-september.html#local-main-organization-logo"},"sameAs":["https:\/\/www.facebook.com\/tablaosflamencos","https:\/\/x.com\/tablaosflamenco","https:\/\/mastodon.social\/@tablaosflamencos","https:\/\/www.instagram.com\/tablaosflamencos","https:\/\/tiktok.com\/@tablaosflamencos","https:\/\/www.linkedin.com\/company\/109408238\/"],"description":"Venta de entradas para espect\u00e1culos flamencos","legalName":"Tablaos Flamencos","foundingDate":"2015-01-01","numberOfEmployees":{"@type":"QuantitativeValue","minValue":"1","maxValue":"10"},"address":{"@id":"https:\/\/www.tablaosflamencos.com\/de\/flamenco-biennale-sevilla-2026-vor-9-september.html#local-main-place-address"},"geo":{"@type":"GeoCoordinates","latitude":"37.3868072","longitude":"-5.993280299999999"},"telephone":["+34623787787"],"contactPoint":{"@type":"ContactPoint","telephone":"+34623787787","email":"info@tablaosflamencos.com"},"openingHoursSpecification":{"@type":"OpeningHoursSpecification","dayOfWeek":["Monday","Tuesday","Wednesday","Thursday","Friday","Saturday","Sunday"],"opens":"00:00","closes":"23:59"},"email":"info@tablaosflamencos.com","priceRange":"$$$","currenciesAccepted":"\u20ac"},{"@type":"Person","@id":"https:\/\/www.tablaosflamencos.com\/de#\/schema\/person\/e7a9ebe14eb75a52ceabfbffb3c54f5d","name":"Miguel Ortiz","description":"Miguel Ortiz es un empresario flamenco, con una s\u00f3lida trayectoria dentro del sector. Ha presidido entidades culturales vinculadas al flamenco y, cuenta con un amplio recorrido profesional en la gesti\u00f3n y promoci\u00f3n de espect\u00e1culos y tablaos flamencos. Su pasi\u00f3n por la historia y el arte flamenco se refleja en cada art\u00edculo, donde combina experiencia, criterio y un profundo respeto por la tradici\u00f3n.","sameAs":["https:\/\/www.tablaosflamencos.com","https:\/\/www.instagra.com\/miguelortizfe","https:\/\/www.linkedin.com\/in\/miguelortizf\/"],"birthDate":"1984-11-22","gender":"hombre","knowsLanguage":["espa\u00f1ol","ingl\u00e9s"],"jobTitle":"Empresario flamenco"},{"@type":"PostalAddress","@id":"https:\/\/www.tablaosflamencos.com\/de\/flamenco-biennale-sevilla-2026-vor-9-september.html#local-main-place-address","streetAddress":"C\/ Alemanes, 19","addressLocality":"Sevilla","postalCode":"41004","addressRegion":"Sevilla","addressCountry":"ES"},{"@type":"ImageObject","inLanguage":"de","@id":"https:\/\/www.tablaosflamencos.com\/de\/flamenco-biennale-sevilla-2026-vor-9-september.html#local-main-organization-logo","url":"https:\/\/www.tablaosflamencos.com\/wp-content\/uploads\/tablaos-flamencos-06-3.webp","contentUrl":"https:\/\/www.tablaosflamencos.com\/wp-content\/uploads\/tablaos-flamencos-06-3.webp","width":600,"height":620,"caption":"Tablaos Flamencos"}]},"geo.placename":"Sevilla","geo.position":{"lat":"37.3868072","long":"-5.993280299999999"},"geo.region":"Spanien"},"_links":{"self":[{"href":"https:\/\/www.tablaosflamencos.com\/de\/wp-json\/wp\/v2\/posts\/13629","targetHints":{"allow":["GET"]}}],"collection":[{"href":"https:\/\/www.tablaosflamencos.com\/de\/wp-json\/wp\/v2\/posts"}],"about":[{"href":"https:\/\/www.tablaosflamencos.com\/de\/wp-json\/wp\/v2\/types\/post"}],"author":[{"embeddable":true,"href":"https:\/\/www.tablaosflamencos.com\/de\/wp-json\/wp\/v2\/users\/1"}],"replies":[{"embeddable":true,"href":"https:\/\/www.tablaosflamencos.com\/de\/wp-json\/wp\/v2\/comments?post=13629"}],"version-history":[{"count":6,"href":"https:\/\/www.tablaosflamencos.com\/de\/wp-json\/wp\/v2\/posts\/13629\/revisions"}],"predecessor-version":[{"id":13671,"href":"https:\/\/www.tablaosflamencos.com\/de\/wp-json\/wp\/v2\/posts\/13629\/revisions\/13671"}],"wp:featuredmedia":[{"embeddable":true,"href":"https:\/\/www.tablaosflamencos.com\/de\/wp-json\/wp\/v2\/media\/13615"}],"wp:attachment":[{"href":"https:\/\/www.tablaosflamencos.com\/de\/wp-json\/wp\/v2\/media?parent=13629"}],"wp:term":[{"taxonomy":"category","embeddable":true,"href":"https:\/\/www.tablaosflamencos.com\/de\/wp-json\/wp\/v2\/categories?post=13629"},{"taxonomy":"post_tag","embeddable":true,"href":"https:\/\/www.tablaosflamencos.com\/de\/wp-json\/wp\/v2\/tags?post=13629"}],"curies":[{"name":"wp","href":"https:\/\/api.w.org\/{rel}","templated":true}]}}